{"id":18526,"date":"2021-05-27T10:19:07","date_gmt":"2021-05-27T08:19:07","guid":{"rendered":"http:\/\/www.jojoenherbe.com\/?p=18526"},"modified":"2022-05-04T10:50:10","modified_gmt":"2022-05-04T08:50:10","slug":"au-fil-des-pages-avec-une-maison-dans-les-buissons","status":"publish","type":"post","link":"http:\/\/www.jojoenherbe.com\/index.php\/2021\/05\/27\/au-fil-des-pages-avec-une-maison-dans-les-buissons\/","title":{"rendered":"Au fil des pages avec Une maison dans les buissons"},"content":{"rendered":"<p style=\"text-align: justify;\"><em><a href=\"https:\/\/i0.wp.com\/www.jojoenherbe.com\/wp-content\/uploads\/2021\/05\/Une-maison-dans-les-buissons-3-scaled.jpg\"><img data-recalc-dims=\"1\" loading=\"lazy\" decoding=\"async\" data-attachment-id=\"18528\" data-permalink=\"http:\/\/www.jojoenherbe.com\/index.php\/2021\/05\/27\/au-fil-des-pages-avec-une-maison-dans-les-buissons\/une-maison-dans-les-buissons-3\/\" data-orig-file=\"https:\/\/i0.wp.com\/www.jojoenherbe.com\/wp-content\/uploads\/2021\/05\/Une-maison-dans-les-buissons-3-scaled.jpg?fit=2560%2C1920\" data-orig-size=\"2560,1920\" data-comments-opened=\"1\" data-image-meta=\"{&quot;aperture&quot;:&quot;1.8&quot;,&quot;credit&quot;:&quot;&quot;,&quot;camera&quot;:&quot;iPhone 7&quot;,&quot;caption&quot;:&quot;&quot;,&quot;created_timestamp&quot;:&quot;1622108268&quot;,&quot;copyright&quot;:&quot;&quot;,&quot;focal_length&quot;:&quot;3.99&quot;,&quot;iso&quot;:&quot;80&quot;,&quot;shutter_speed&quot;:&quot;0.058823529411765&quot;,&quot;title&quot;:&quot;&quot;,&quot;orientation&quot;:&quot;1&quot;}\" data-image-title=\"Une maison dans les buissons 3\" data-image-description=\"\" data-image-caption=\"\" data-large-file=\"https:\/\/i0.wp.com\/www.jojoenherbe.com\/wp-content\/uploads\/2021\/05\/Une-maison-dans-les-buissons-3-scaled.jpg?fit=676%2C507\" class=\"alignleft size-thumbnail wp-image-18528\" src=\"https:\/\/i0.wp.com\/www.jojoenherbe.com\/wp-content\/uploads\/2021\/05\/Une-maison-dans-les-buissons-3.jpg?resize=150%2C150\" alt=\"\" width=\"150\" height=\"150\" srcset=\"https:\/\/i0.wp.com\/www.jojoenherbe.com\/wp-content\/uploads\/2021\/05\/Une-maison-dans-les-buissons-3-scaled.jpg?resize=150%2C150 150w, https:\/\/i0.wp.com\/www.jojoenherbe.com\/wp-content\/uploads\/2021\/05\/Une-maison-dans-les-buissons-3-scaled.jpg?zoom=2&amp;resize=150%2C150 300w, https:\/\/i0.wp.com\/www.jojoenherbe.com\/wp-content\/uploads\/2021\/05\/Une-maison-dans-les-buissons-3-scaled.jpg?zoom=3&amp;resize=150%2C150 450w\" sizes=\"auto, (max-width: 150px) 100vw, 150px\" \/><\/a> <a href=\"https:\/\/i0.wp.com\/www.jojoenherbe.com\/wp-content\/uploads\/2021\/05\/Une-maison-dans-les-buissons-4-scaled.jpg\"><img data-recalc-dims=\"1\" loading=\"lazy\" decoding=\"async\" data-attachment-id=\"18529\" data-permalink=\"http:\/\/www.jojoenherbe.com\/index.php\/2021\/05\/27\/au-fil-des-pages-avec-une-maison-dans-les-buissons\/une-maison-dans-les-buissons-4\/\" data-orig-file=\"https:\/\/i0.wp.com\/www.jojoenherbe.com\/wp-content\/uploads\/2021\/05\/Une-maison-dans-les-buissons-4-scaled.jpg?fit=2560%2C1920\" data-orig-size=\"2560,1920\" data-comments-opened=\"1\" data-image-meta=\"{&quot;aperture&quot;:&quot;1.8&quot;,&quot;credit&quot;:&quot;&quot;,&quot;camera&quot;:&quot;iPhone 7&quot;,&quot;caption&quot;:&quot;&quot;,&quot;created_timestamp&quot;:&quot;1622108282&quot;,&quot;copyright&quot;:&quot;&quot;,&quot;focal_length&quot;:&quot;3.99&quot;,&quot;iso&quot;:&quot;100&quot;,&quot;shutter_speed&quot;:&quot;0.071428571428571&quot;,&quot;title&quot;:&quot;&quot;,&quot;orientation&quot;:&quot;1&quot;}\" data-image-title=\"Une maison dans les buissons 4\" data-image-description=\"\" data-image-caption=\"\" data-large-file=\"https:\/\/i0.wp.com\/www.jojoenherbe.com\/wp-content\/uploads\/2021\/05\/Une-maison-dans-les-buissons-4-scaled.jpg?fit=676%2C507\" class=\"alignleft size-thumbnail wp-image-18529\" src=\"https:\/\/i0.wp.com\/www.jojoenherbe.com\/wp-content\/uploads\/2021\/05\/Une-maison-dans-les-buissons-4.jpg?resize=150%2C150\" alt=\"\" width=\"150\" height=\"150\" srcset=\"https:\/\/i0.wp.com\/www.jojoenherbe.com\/wp-content\/uploads\/2021\/05\/Une-maison-dans-les-buissons-4-scaled.jpg?resize=150%2C150 150w, https:\/\/i0.wp.com\/www.jojoenherbe.com\/wp-content\/uploads\/2021\/05\/Une-maison-dans-les-buissons-4-scaled.jpg?zoom=2&amp;resize=150%2C150 300w, https:\/\/i0.wp.com\/www.jojoenherbe.com\/wp-content\/uploads\/2021\/05\/Une-maison-dans-les-buissons-4-scaled.jpg?zoom=3&amp;resize=150%2C150 450w\" sizes=\"auto, (max-width: 150px) 100vw, 150px\" \/><\/a>Nous lisons <span style=\"text-decoration: underline;\">Une maison dans les buissons<\/span> d&rsquo;Akiko Miyakoshi (\u00e9d. Syros, 2017), un album jeunesse \u00e0 partir de 4 ans. Sakko, une petite fille vient d&#8217;emm\u00e9nager dans une nouvelle maison voisine de celle occup\u00e9e par une petite fille du m\u00eame \u00e2ge. Elle a h\u00e2te de faire sa connaissance. Mais ses parents sont trop occup\u00e9s \u00e0 tout installer pour la visite de courtoisie et la maison d&rsquo;\u00e0 c\u00f4t\u00e9 est vide pour le moment. Elle part alors explorer le champ de pissenlits qui s\u00e9parent les deux maisons et d\u00e9couvre<\/em><em> une petite \u00ab\u00a0maison\u00a0\u00bb secr\u00e8te dans les buissons avec un panier contenant une d\u00eenette. Appartiendrait-il \u00e0 sa nouvelle voisine? Elle y laisse des fleurs. Serait-ce le d\u00e9but d&rsquo;une amiti\u00e9 naissante entre les deux fillettes?<\/em><\/p>\n<p style=\"text-align: justify;\"><em><a href=\"https:\/\/i0.wp.com\/www.jojoenherbe.com\/wp-content\/uploads\/2021\/05\/Une-maison-dans-les-buissons-6-scaled.jpg\"><img data-recalc-dims=\"1\" loading=\"lazy\" decoding=\"async\" data-attachment-id=\"18531\" data-permalink=\"http:\/\/www.jojoenherbe.com\/index.php\/2021\/05\/27\/au-fil-des-pages-avec-une-maison-dans-les-buissons\/une-maison-dans-les-buissons-6\/\" data-orig-file=\"https:\/\/i0.wp.com\/www.jojoenherbe.com\/wp-content\/uploads\/2021\/05\/Une-maison-dans-les-buissons-6-scaled.jpg?fit=2560%2C1920\" data-orig-size=\"2560,1920\" data-comments-opened=\"1\" data-image-meta=\"{&quot;aperture&quot;:&quot;1.8&quot;,&quot;credit&quot;:&quot;&quot;,&quot;camera&quot;:&quot;iPhone 7&quot;,&quot;caption&quot;:&quot;&quot;,&quot;created_timestamp&quot;:&quot;1622108366&quot;,&quot;copyright&quot;:&quot;&quot;,&quot;focal_length&quot;:&quot;3.99&quot;,&quot;iso&quot;:&quot;100&quot;,&quot;shutter_speed&quot;:&quot;0.071428571428571&quot;,&quot;title&quot;:&quot;&quot;,&quot;orientation&quot;:&quot;1&quot;}\" data-image-title=\"Une maison dans les buissons 6\" data-image-description=\"\" data-image-caption=\"\" data-large-file=\"https:\/\/i0.wp.com\/www.jojoenherbe.com\/wp-content\/uploads\/2021\/05\/Une-maison-dans-les-buissons-6-scaled.jpg?fit=676%2C507\" class=\"size-thumbnail wp-image-18531 alignright\" src=\"https:\/\/i0.wp.com\/www.jojoenherbe.com\/wp-content\/uploads\/2021\/05\/Une-maison-dans-les-buissons-6.jpg?resize=150%2C150\" alt=\"\" width=\"150\" height=\"150\" srcset=\"https:\/\/i0.wp.com\/www.jojoenherbe.com\/wp-content\/uploads\/2021\/05\/Une-maison-dans-les-buissons-6-scaled.jpg?resize=150%2C150 150w, https:\/\/i0.wp.com\/www.jojoenherbe.com\/wp-content\/uploads\/2021\/05\/Une-maison-dans-les-buissons-6-scaled.jpg?zoom=2&amp;resize=150%2C150 300w, https:\/\/i0.wp.com\/www.jojoenherbe.com\/wp-content\/uploads\/2021\/05\/Une-maison-dans-les-buissons-6-scaled.jpg?zoom=3&amp;resize=150%2C150 450w\" sizes=\"auto, (max-width: 150px) 100vw, 150px\" \/><\/a> <a href=\"https:\/\/i0.wp.com\/www.jojoenherbe.com\/wp-content\/uploads\/2021\/05\/Une-maison-dans-les-buissons-5-scaled.jpg\"><img data-recalc-dims=\"1\" loading=\"lazy\" decoding=\"async\" data-attachment-id=\"18530\" data-permalink=\"http:\/\/www.jojoenherbe.com\/index.php\/2021\/05\/27\/au-fil-des-pages-avec-une-maison-dans-les-buissons\/une-maison-dans-les-buissons-5\/\" data-orig-file=\"https:\/\/i0.wp.com\/www.jojoenherbe.com\/wp-content\/uploads\/2021\/05\/Une-maison-dans-les-buissons-5-scaled.jpg?fit=1920%2C2560\" data-orig-size=\"1920,2560\" data-comments-opened=\"1\" data-image-meta=\"{&quot;aperture&quot;:&quot;1.8&quot;,&quot;credit&quot;:&quot;&quot;,&quot;camera&quot;:&quot;iPhone 7&quot;,&quot;caption&quot;:&quot;&quot;,&quot;created_timestamp&quot;:&quot;1622108318&quot;,&quot;copyright&quot;:&quot;&quot;,&quot;focal_length&quot;:&quot;3.99&quot;,&quot;iso&quot;:&quot;100&quot;,&quot;shutter_speed&quot;:&quot;0.071428571428571&quot;,&quot;title&quot;:&quot;&quot;,&quot;orientation&quot;:&quot;1&quot;}\" data-image-title=\"Une maison dans les buissons 5\" data-image-description=\"\" data-image-caption=\"\" data-large-file=\"https:\/\/i0.wp.com\/www.jojoenherbe.com\/wp-content\/uploads\/2021\/05\/Une-maison-dans-les-buissons-5-scaled.jpg?fit=676%2C901\" class=\"size-thumbnail wp-image-18530 alignright\" src=\"https:\/\/i0.wp.com\/www.jojoenherbe.com\/wp-content\/uploads\/2021\/05\/Une-maison-dans-les-buissons-5.jpg?resize=150%2C150\" alt=\"\" width=\"150\" height=\"150\" srcset=\"https:\/\/i0.wp.com\/www.jojoenherbe.com\/wp-content\/uploads\/2021\/05\/Une-maison-dans-les-buissons-5-scaled.jpg?resize=150%2C150 150w, https:\/\/i0.wp.com\/www.jojoenherbe.com\/wp-content\/uploads\/2021\/05\/Une-maison-dans-les-buissons-5-scaled.jpg?zoom=2&amp;resize=150%2C150 300w, https:\/\/i0.wp.com\/www.jojoenherbe.com\/wp-content\/uploads\/2021\/05\/Une-maison-dans-les-buissons-5-scaled.jpg?zoom=3&amp;resize=150%2C150 450w\" sizes=\"auto, (max-width: 150px) 100vw, 150px\" \/><\/a>Comme dans les pr\u00e9c\u00e9dents albums de cette autrice, l&rsquo;histoire nous plongent dans le monde de l&rsquo;enfance avec beaucoup de tendresse et de douceur. Les illustrations sont magnifiques et po\u00e9tiques. Jouant avec le noir et blanc et des touches de couleurs jaune, rouge et vertes, elles d\u00e9crivent une petite fille qui attend de rencontrer sa nouvelle voisine du m\u00eame \u00e2ge et qui part dans l&rsquo;exploration d&rsquo;un champ. Il y est aussi question des \u00e9motions qui entourent un d\u00e9m\u00e9nagement et les changements que cela engendre: excitation, appr\u00e9hension, patience et nouvelles amiti\u00e9s. D&rsquo;autre part, la Nature est omnipr\u00e9sente dans les jeux d&rsquo;enfants de la petite fille: cueillette de fleurs et d\u00eenette. Coup de c\u0153ur pour cet album jeunesse, sans doute mon pr\u00e9f\u00e9r\u00e9 de ceux que j&rsquo;ai pu lire de cette autrice!<\/em><\/p>\n<div style=\"width: 113px\" class=\"wp-caption alignleft\"><img loading=\"lazy\" decoding=\"async\" class=\"attachment-post-image  wp-post-image\" src=\"https:\/\/i2.wp.com\/www.jojoenherbe.com\/wp-content\/uploads\/2021\/03\/logo-Un-mois-au-Japon-2021.jpeg?fit=676%2C676\" sizes=\"auto, (max-width: 676px) 100vw, 676px\" srcset=\"https:\/\/i2.wp.com\/www.jojoenherbe.com\/wp-content\/uploads\/2021\/03\/logo-Un-mois-au-Japon-2021.jpeg?w=1108 1108w, https:\/\/i2.wp.com\/www.jojoenherbe.com\/wp-content\/uploads\/2021\/03\/logo-Un-mois-au-Japon-2021.jpeg?resize=300%2C300 300w, https:\/\/i2.wp.com\/www.jojoenherbe.com\/wp-content\/uploads\/2021\/03\/logo-Un-mois-au-Japon-2021.jpeg?resize=1024%2C1024 1024w, https:\/\/i2.wp.com\/www.jojoenherbe.com\/wp-content\/uploads\/2021\/03\/logo-Un-mois-au-Japon-2021.jpeg?resize=150%2C150 150w, https:\/\/i2.wp.com\/www.jojoenherbe.com\/wp-content\/uploads\/2021\/03\/logo-Un-mois-au-Japon-2021.jpeg?resize=768%2C768 768w, https:\/\/i2.wp.com\/www.jojoenherbe.com\/wp-content\/uploads\/2021\/03\/logo-Un-mois-au-Japon-2021.jpeg?resize=676%2C676 676w\" alt=\"\" width=\"103\" height=\"103\" data-attachment-id=\"16886\" data-permalink=\"http:\/\/www.jojoenherbe.com\/?attachment_id=16886\" data-orig-file=\"https:\/\/i2.wp.com\/www.jojoenherbe.com\/wp-content\/uploads\/2021\/03\/logo-Un-mois-au-Japon-2021.jpeg?fit=1108%2C1108\" data-orig-size=\"1108,1108\" data-comments-opened=\"1\" data-image-meta=\"{&quot;aperture&quot;:&quot;0&quot;,&quot;credit&quot;:&quot;&quot;,&quot;camera&quot;:&quot;&quot;,&quot;caption&quot;:&quot;&quot;,&quot;created_timestamp&quot;:&quot;0&quot;,&quot;copyright&quot;:&quot;&quot;,&quot;focal_length&quot;:&quot;0&quot;,&quot;iso&quot;:&quot;0&quot;,&quot;shutter_speed&quot;:&quot;0&quot;,&quot;title&quot;:&quot;&quot;,&quot;orientation&quot;:&quot;0&quot;}\" data-image-title=\"logo Un mois au Japon 2021\" data-image-description=\"\" data-medium-file=\"https:\/\/i2.wp.com\/www.jojoenherbe.com\/wp-content\/uploads\/2021\/03\/logo-Un-mois-au-Japon-2021.jpeg?fit=300%2C300\" data-large-file=\"https:\/\/i2.wp.com\/www.jojoenherbe.com\/wp-content\/uploads\/2021\/03\/logo-Un-mois-au-Japon-2021.jpeg?fit=676%2C676\" \/><p class=\"wp-caption-text\">Participation #24 Un mois au Japon 2021 de <a href=\"https:\/\/lelivroblog.wordpress.com\/2021\/03\/30\/challenge-un-mois-au-japon-2021\/\">Hilde<\/a> et <a href=\"http:\/\/www.myloubook.com\/2021\/03\/30\/un-mois-au-japon-2021-4e-edition\/\">Lou<\/a> #Album jeunesse<\/p><\/div>\n<div style=\"width: 103px\" class=\"wp-caption alignleft\"><img loading=\"lazy\" decoding=\"async\" class=\"attachment-post-image  wp-post-image\" src=\"https:\/\/i1.wp.com\/www.jojoenherbe.com\/wp-content\/uploads\/2021\/05\/challenge-cotagecore-2021-2-1.png?fit=228%2C283\" alt=\"\" width=\"93\" height=\"116\" data-attachment-id=\"18034\" data-permalink=\"http:\/\/www.jojoenherbe.com\/index.php\/2021\/05\/02\/billet-de-suivi-challenge-cottagecore-2021\/challenge-cotagecore-2021-2-1\/\" data-orig-file=\"https:\/\/i1.wp.com\/www.jojoenherbe.com\/wp-content\/uploads\/2021\/05\/challenge-cotagecore-2021-2-1.png?fit=228%2C283\" data-orig-size=\"228,283\" data-comments-opened=\"1\" data-image-meta=\"{&quot;aperture&quot;:&quot;0&quot;,&quot;credit&quot;:&quot;&quot;,&quot;camera&quot;:&quot;&quot;,&quot;caption&quot;:&quot;&quot;,&quot;created_timestamp&quot;:&quot;0&quot;,&quot;copyright&quot;:&quot;&quot;,&quot;focal_length&quot;:&quot;0&quot;,&quot;iso&quot;:&quot;0&quot;,&quot;shutter_speed&quot;:&quot;0&quot;,&quot;title&quot;:&quot;&quot;,&quot;orientation&quot;:&quot;0&quot;}\" data-image-title=\"\" data-image-description=\"\" data-medium-file=\"https:\/\/i1.wp.com\/www.jojoenherbe.com\/wp-content\/uploads\/2021\/05\/challenge-cotagecore-2021-2-1.png?fit=228%2C283\" data-large-file=\"https:\/\/i1.wp.com\/www.jojoenherbe.com\/wp-content\/uploads\/2021\/05\/challenge-cotagecore-2021-2-1.png?fit=228%2C283\" \/><p class=\"wp-caption-text\">Participation #2 au Challenge Cottagecore 2021 de <a href=\"https:\/\/artdelire.org\/challenge-cottagecore-billets-recapitulatifs\/\">MissyCornish<\/a> #Album jeunesse<\/p><\/div>\n<div style=\"width: 145px\" class=\"wp-caption alignleft\"><img data-recalc-dims=\"1\" loading=\"lazy\" decoding=\"async\" class=\"attachment-boston-list-medium  wp-post-image\" src=\"https:\/\/i0.wp.com\/avenuereinemathilde.com\/wp-content\/uploads\/2020\/12\/Challenge-femmes-auteures_paysage-720x380.jpg?resize=135%2C71&#038;ssl=1\" alt=\"challenge 2021 lire au f\u00e9minin\" width=\"135\" height=\"71\" \/><p class=\"wp-caption-text\">Participation #34 au Challenge Lire au f\u00e9minin de <a href=\"https:\/\/avenuereinemathilde.com\/challenge-lire-au-feminin-2021\/\">Tiphanya<\/a> #Autrice japonaise<\/p><\/div>\n<div style=\"width: 129px\" class=\"wp-caption alignleft\"><img data-recalc-dims=\"1\" loading=\"lazy\" decoding=\"async\" class=\"nonealign widthoriginal\" src=\"https:\/\/i0.wp.com\/p4.storage.canalblog.com\/40\/68\/1394281\/128273873.png?resize=119%2C86&#038;ssl=1\" alt=\"\" width=\"119\" height=\"86\" border=\"0\" \/><p class=\"wp-caption-text\">Participation #54 Challenge Des livres (et des \u00e9crans) en cuisine de <a href=\"https:\/\/mapetitemediatheque.fr\/2020\/12\/des-livres-et-des-ecrans-en-cuisine-2021\/\">Bidib<\/a> et <a href=\"http:\/\/croquerlespages.canalblog.com\/archives\/2020\/12\/20\/38715076.html\">Fondant<\/a><\/p><\/div>\n","protected":false},"excerpt":{"rendered":"<p>Nous lisons Une maison dans les buissons d&rsquo;Akiko Miyakoshi (\u00e9d. Syros, 2017), un album jeunesse \u00e0 partir de 4 ans. Sakko, une petite fille vient d&#8217;emm\u00e9nager dans une nouvelle maison voisine de celle occup\u00e9e par une petite fille du m\u00eame \u00e2ge. Elle a h\u00e2te de faire sa connaissance. Mais ses parents sont trop occup\u00e9s \u00e0 [&hellip;]<\/p>\n","protected":false},"author":1,"featured_media":18532,"comment_status":"open","ping_status":"open","sticky":false,"template":"","format":"standard","meta":{"jetpack_post_was_ever_published":false,"_jetpack_newsletter_access":"","_jetpack_dont_email_post_to_subs":false,"_jetpack_newsletter_tier_id":0,"_jetpack_memberships_contains_paywalled_content":false,"_jetpack_memberships_contains_paid_content":false,"footnotes":""},"categories":[363],"tags":[1031,2101,409,386,2483,2530,705,2014,2019,2529,868,990,367,2111,764,2382,2531,2035],"class_list":["post-18526","post","type-post","status-publish","format-standard","has-post-thumbnail","hentry","category-mini-lecteur","tag-4-7-ans","tag-akiko-miyakoshi","tag-albums-jeunesse","tag-amitie","tag-challenge-cottagecore-2021","tag-champ","tag-chat","tag-demenagement","tag-des-livres-et-des-ecrans-en-cuisine-2021","tag-dinette","tag-enfance","tag-gouter","tag-lecture-jeunesse","tag-lire-au-feminin-2021","tag-patience","tag-pissenlit","tag-trefle","tag-un-mois-au-japon-2021","post-preview"],"jetpack_featured_media_url":"https:\/\/i0.wp.com\/www.jojoenherbe.com\/wp-content\/uploads\/2021\/05\/Une-maison-dans-les-buissons-scaled.jpg?fit=2560%2C1920","jetpack_sharing_enabled":true,"jetpack_shortlink":"https:\/\/wp.me\/p9zhGx-4OO","jetpack_likes_enabled":true,"jetpack-related-posts":[{"id":15151,"url":"http:\/\/www.jojoenherbe.com\/index.php\/2021\/01\/18\/au-fil-des-pages-avec-un-gouter-en-foret\/","url_meta":{"origin":18526,"position":0},"title":"Au fil des pages avec Un go\u00fbter en for\u00eat","author":"Jojo","date":"18 janvier 2021","format":false,"excerpt":"Nous empruntons \u00e0 la m\u00e9diath\u00e8que Un go\u00fbter en for\u00eat d'Akiko Miyakoshi (\u00e9d. Syros, 2011), un album jeunesse \u00e0 partir 4 ans et qui a fait partie de la s\u00e9lection CP du 25\u00e8me Prix des Incos en 2014. Son p\u00e8re ayant oubli\u00e9 le g\u00e2teau pr\u00e9vu pour sa grand-m\u00e8re, Akiko d\u00e9cide de\u2026","rel":"","context":"Dans &quot;Mini lecteur&quot;","block_context":{"text":"Mini lecteur","link":"http:\/\/www.jojoenherbe.com\/index.php\/category\/mini-lecteur\/"},"img":{"alt_text":"","src":"https:\/\/i0.wp.com\/www.jojoenherbe.com\/wp-content\/uploads\/2021\/01\/Un-gouter-en-foret-2-scaled.jpg?fit=1200%2C900&resize=350%2C200","width":350,"height":200,"srcset":"https:\/\/i0.wp.com\/www.jojoenherbe.com\/wp-content\/uploads\/2021\/01\/Un-gouter-en-foret-2-scaled.jpg?fit=1200%2C900&resize=350%2C200 1x, https:\/\/i0.wp.com\/www.jojoenherbe.com\/wp-content\/uploads\/2021\/01\/Un-gouter-en-foret-2-scaled.jpg?fit=1200%2C900&resize=525%2C300 1.5x, https:\/\/i0.wp.com\/www.jojoenherbe.com\/wp-content\/uploads\/2021\/01\/Un-gouter-en-foret-2-scaled.jpg?fit=1200%2C900&resize=700%2C400 2x, https:\/\/i0.wp.com\/www.jojoenherbe.com\/wp-content\/uploads\/2021\/01\/Un-gouter-en-foret-2-scaled.jpg?fit=1200%2C900&resize=1050%2C600 3x"},"classes":[]},{"id":21784,"url":"http:\/\/www.jojoenherbe.com\/index.php\/2021\/10\/24\/au-fil-des-pages-avec-nina-et-le-petit-chat-perdu\/","url_meta":{"origin":18526,"position":1},"title":"Au fil des pages avec Nina et le petit chat perdu","author":"Jojo","date":"24 octobre 2021","format":false,"excerpt":"Nous lisons et relisons Nina et le petit chat perdu de Nicola Killen\u00a0 (\u00e9d. Quatre Fleuves, 2020), un album jeunesse \u00e0 partir de 3 ans et avec des d\u00e9coupes et des dorures orang\u00e9es \u00e0 chaud. Un matin d'automne, Nina part se promener avec son chat Citrouille et d\u00e9couvre dans les\u2026","rel":"","context":"Dans &quot;Mini lecteur&quot;","block_context":{"text":"Mini lecteur","link":"http:\/\/www.jojoenherbe.com\/index.php\/category\/mini-lecteur\/"},"img":{"alt_text":"","src":"https:\/\/i0.wp.com\/www.jojoenherbe.com\/wp-content\/uploads\/2021\/10\/Nina-et-le-petit-chat-perdu-2-scaled.jpg?fit=1200%2C818&resize=350%2C200","width":350,"height":200,"srcset":"https:\/\/i0.wp.com\/www.jojoenherbe.com\/wp-content\/uploads\/2021\/10\/Nina-et-le-petit-chat-perdu-2-scaled.jpg?fit=1200%2C818&resize=350%2C200 1x, https:\/\/i0.wp.com\/www.jojoenherbe.com\/wp-content\/uploads\/2021\/10\/Nina-et-le-petit-chat-perdu-2-scaled.jpg?fit=1200%2C818&resize=525%2C300 1.5x, https:\/\/i0.wp.com\/www.jojoenherbe.com\/wp-content\/uploads\/2021\/10\/Nina-et-le-petit-chat-perdu-2-scaled.jpg?fit=1200%2C818&resize=700%2C400 2x, https:\/\/i0.wp.com\/www.jojoenherbe.com\/wp-content\/uploads\/2021\/10\/Nina-et-le-petit-chat-perdu-2-scaled.jpg?fit=1200%2C818&resize=1050%2C600 3x"},"classes":[]},{"id":16990,"url":"http:\/\/www.jojoenherbe.com\/index.php\/2021\/04\/03\/au-fil-des-pages-avec-reveilles-les-premiers\/","url_meta":{"origin":18526,"position":2},"title":"Au fil des pages avec R\u00e9veill\u00e9s les premiers!","author":"Jojo","date":"3 avril 2021","format":false,"excerpt":"Nous avons lu il y a quelques semaines R\u00e9veill\u00e9s les premiers! de Komako Saka\u00ef (\u00e9d. L'\u00e9cole des loisirs, 2013), un album jeunesse \u00e0 partir de 3 ans. Anna, une petite fille se r\u00e9veille tr\u00e8s t\u00f4t, avant tout le reste de la maisonn\u00e9e. Commence alors une exploration de la maison, \u00e0\u2026","rel":"","context":"Dans &quot;Mini lecteur&quot;","block_context":{"text":"Mini lecteur","link":"http:\/\/www.jojoenherbe.com\/index.php\/category\/mini-lecteur\/"},"img":{"alt_text":"","src":"https:\/\/i0.wp.com\/www.jojoenherbe.com\/wp-content\/uploads\/2021\/04\/Reveilles-les-premiers-scaled.jpg?fit=1200%2C848&resize=350%2C200","width":350,"height":200,"srcset":"https:\/\/i0.wp.com\/www.jojoenherbe.com\/wp-content\/uploads\/2021\/04\/Reveilles-les-premiers-scaled.jpg?fit=1200%2C848&resize=350%2C200 1x, https:\/\/i0.wp.com\/www.jojoenherbe.com\/wp-content\/uploads\/2021\/04\/Reveilles-les-premiers-scaled.jpg?fit=1200%2C848&resize=525%2C300 1.5x, https:\/\/i0.wp.com\/www.jojoenherbe.com\/wp-content\/uploads\/2021\/04\/Reveilles-les-premiers-scaled.jpg?fit=1200%2C848&resize=700%2C400 2x, https:\/\/i0.wp.com\/www.jojoenherbe.com\/wp-content\/uploads\/2021\/04\/Reveilles-les-premiers-scaled.jpg?fit=1200%2C848&resize=1050%2C600 3x"},"classes":[]},{"id":20845,"url":"http:\/\/www.jojoenherbe.com\/index.php\/2021\/09\/22\/nos-lectures-automnales-2021\/","url_meta":{"origin":18526,"position":3},"title":"Nos lectures automnales 2021","author":"Jojo","date":"22 septembre 2021","format":false,"excerpt":"En ce premier jour d'automne 2021, je fais comme l'ann\u00e9e derni\u00e8re un billet th\u00e9matique sur nos lectures automnales pass\u00e9es, pr\u00e9sentes et \u00e0 venir. Voici donc notre s\u00e9lection qui \u00e9voluera au-fur-et-\u00e0-mesure de nos lectures, sans mentionner lorsqu'il s'agit de relectures des ann\u00e9es pr\u00e9c\u00e9dentes sauf lorsque je ne l'avais pas encore chroniqu\u00e9es\u2026","rel":"","context":"Dans &quot;Mini lecteur&quot;","block_context":{"text":"Mini lecteur","link":"http:\/\/www.jojoenherbe.com\/index.php\/category\/mini-lecteur\/"},"img":{"alt_text":"","src":"https:\/\/i0.wp.com\/www.jojoenherbe.com\/wp-content\/uploads\/2021\/09\/Nos-lectures-automnales-2021-scaled.jpg?fit=1200%2C862&resize=350%2C200","width":350,"height":200,"srcset":"https:\/\/i0.wp.com\/www.jojoenherbe.com\/wp-content\/uploads\/2021\/09\/Nos-lectures-automnales-2021-scaled.jpg?fit=1200%2C862&resize=350%2C200 1x, https:\/\/i0.wp.com\/www.jojoenherbe.com\/wp-content\/uploads\/2021\/09\/Nos-lectures-automnales-2021-scaled.jpg?fit=1200%2C862&resize=525%2C300 1.5x, https:\/\/i0.wp.com\/www.jojoenherbe.com\/wp-content\/uploads\/2021\/09\/Nos-lectures-automnales-2021-scaled.jpg?fit=1200%2C862&resize=700%2C400 2x, https:\/\/i0.wp.com\/www.jojoenherbe.com\/wp-content\/uploads\/2021\/09\/Nos-lectures-automnales-2021-scaled.jpg?fit=1200%2C862&resize=1050%2C600 3x"},"classes":[]},{"id":18032,"url":"http:\/\/www.jojoenherbe.com\/index.php\/2021\/05\/02\/billet-de-suivi-challenge-cottagecore-2021\/","url_meta":{"origin":18526,"position":4},"title":"Billet de suivi: Challenge Cottagecore 2021","author":"Jojo","date":"2 mai 2021","format":false,"excerpt":"Du 1er mai au 30 septembre 2021, Missycornish propose un nouveau challenge sur une tendance actuelle depuis la pand\u00e9mie de Covid-19, le \u00ab cottagecore \u00bb, \u00e0 savoir un mode de vie slowlife dans une campagne id\u00e9alis\u00e9e et s\u2019inspirant de la campagne anglaise du XIXe si\u00e8cle. Pour ce challenge Cottagecore, Missycornish\u2026","rel":"","context":"Dans &quot;Mini challenger&quot;","block_context":{"text":"Mini challenger","link":"http:\/\/www.jojoenherbe.com\/index.php\/category\/mini-challenger\/"},"img":{"alt_text":"","src":"https:\/\/i0.wp.com\/www.jojoenherbe.com\/wp-content\/uploads\/2021\/05\/Nord-et-Sud-150x150.jpg?resize=350%2C200","width":350,"height":200},"classes":[]},{"id":16749,"url":"http:\/\/www.jojoenherbe.com\/index.php\/2021\/03\/23\/au-fil-des-pages-avec-les-trois-ours-chez-boucle-dor\/","url_meta":{"origin":18526,"position":5},"title":"Au fil des pages avec Les Trois Ours chez Boucle d&rsquo;Or","author":"Jojo","date":"23 mars 2021","format":false,"excerpt":"Nous lisons Les Trois Ours chez Boucle d\u2019Or de Sibylle Delacroix (\u00e9d. Bayard Jeunesse, 2020), un album jeunesse grand format \u00e0 partir de 4 ans et d\u00e9tournant le conte traditionnel. Dans cette version, ce sont les trois ours qui s'invitent chez Boucle d'Or. Rest\u00e9e seule dans la maison pendant que\u2026","rel":"","context":"Dans &quot;Mini lecteur&quot;","block_context":{"text":"Mini lecteur","link":"http:\/\/www.jojoenherbe.com\/index.php\/category\/mini-lecteur\/"},"img":{"alt_text":"","src":"https:\/\/i0.wp.com\/www.jojoenherbe.com\/wp-content\/uploads\/2021\/03\/Les-Trois-Ours-chez-Boucle-dOr-scaled.jpg?fit=1200%2C900&resize=350%2C200","width":350,"height":200,"srcset":"https:\/\/i0.wp.com\/www.jojoenherbe.com\/wp-content\/uploads\/2021\/03\/Les-Trois-Ours-chez-Boucle-dOr-scaled.jpg?fit=1200%2C900&resize=350%2C200 1x, https:\/\/i0.wp.com\/www.jojoenherbe.com\/wp-content\/uploads\/2021\/03\/Les-Trois-Ours-chez-Boucle-dOr-scaled.jpg?fit=1200%2C900&resize=525%2C300 1.5x, https:\/\/i0.wp.com\/www.jojoenherbe.com\/wp-content\/uploads\/2021\/03\/Les-Trois-Ours-chez-Boucle-dOr-scaled.jpg?fit=1200%2C900&resize=700%2C400 2x, https:\/\/i0.wp.com\/www.jojoenherbe.com\/wp-content\/uploads\/2021\/03\/Les-Trois-Ours-chez-Boucle-dOr-scaled.jpg?fit=1200%2C900&resize=1050%2C600 3x"},"classes":[]}],"_links":{"self":[{"href":"http:\/\/www.jojoenherbe.com\/index.php\/wp-json\/wp\/v2\/posts\/18526","targetHints":{"allow":["GET"]}}],"collection":[{"href":"http:\/\/www.jojoenherbe.com\/index.php\/wp-json\/wp\/v2\/posts"}],"about":[{"href":"http:\/\/www.jojoenherbe.com\/index.php\/wp-json\/wp\/v2\/types\/post"}],"author":[{"embeddable":true,"href":"http:\/\/www.jojoenherbe.com\/index.php\/wp-json\/wp\/v2\/users\/1"}],"replies":[{"embeddable":true,"href":"http:\/\/www.jojoenherbe.com\/index.php\/wp-json\/wp\/v2\/comments?post=18526"}],"version-history":[{"count":1,"href":"http:\/\/www.jojoenherbe.com\/index.php\/wp-json\/wp\/v2\/posts\/18526\/revisions"}],"predecessor-version":[{"id":25471,"href":"http:\/\/www.jojoenherbe.com\/index.php\/wp-json\/wp\/v2\/posts\/18526\/revisions\/25471"}],"wp:featuredmedia":[{"embeddable":true,"href":"http:\/\/www.jojoenherbe.com\/index.php\/wp-json\/wp\/v2\/media\/18532"}],"wp:attachment":[{"href":"http:\/\/www.jojoenherbe.com\/index.php\/wp-json\/wp\/v2\/media?parent=18526"}],"wp:term":[{"taxonomy":"category","embeddable":true,"href":"http:\/\/www.jojoenherbe.com\/index.php\/wp-json\/wp\/v2\/categories?post=18526"},{"taxonomy":"post_tag","embeddable":true,"href":"http:\/\/www.jojoenherbe.com\/index.php\/wp-json\/wp\/v2\/tags?post=18526"}],"curies":[{"name":"wp","href":"https:\/\/api.w.org\/{rel}","templated":true}]}}