{"id":18314,"date":"2021-05-17T15:02:50","date_gmt":"2021-05-17T13:02:50","guid":{"rendered":"http:\/\/www.jojoenherbe.com\/?p=18314"},"modified":"2023-05-11T09:23:04","modified_gmt":"2023-05-11T07:23:04","slug":"au-fil-des-pages-avec-a-table","status":"publish","type":"post","link":"http:\/\/www.jojoenherbe.com\/index.php\/2021\/05\/17\/au-fil-des-pages-avec-a-table\/","title":{"rendered":"Au fil des pages avec A table!"},"content":{"rendered":"<p style=\"text-align: justify;\"><em><a href=\"https:\/\/i0.wp.com\/www.jojoenherbe.com\/wp-content\/uploads\/2021\/05\/A-table-2-scaled.jpg\"><img data-recalc-dims=\"1\" loading=\"lazy\" decoding=\"async\" data-attachment-id=\"18321\" data-permalink=\"http:\/\/www.jojoenherbe.com\/index.php\/2021\/05\/17\/au-fil-des-pages-avec-a-table\/a-table-2-2\/\" data-orig-file=\"https:\/\/i0.wp.com\/www.jojoenherbe.com\/wp-content\/uploads\/2021\/05\/A-table-2-scaled.jpg?fit=2560%2C1855\" data-orig-size=\"2560,1855\" data-comments-opened=\"1\" data-image-meta=\"{&quot;aperture&quot;:&quot;1.8&quot;,&quot;credit&quot;:&quot;&quot;,&quot;camera&quot;:&quot;iPhone 7&quot;,&quot;caption&quot;:&quot;&quot;,&quot;created_timestamp&quot;:&quot;1621262107&quot;,&quot;copyright&quot;:&quot;&quot;,&quot;focal_length&quot;:&quot;3.99&quot;,&quot;iso&quot;:&quot;40&quot;,&quot;shutter_speed&quot;:&quot;0.058823529411765&quot;,&quot;title&quot;:&quot;&quot;,&quot;orientation&quot;:&quot;1&quot;}\" data-image-title=\"A table! 2\" data-image-description=\"\" data-image-caption=\"\" data-large-file=\"https:\/\/i0.wp.com\/www.jojoenherbe.com\/wp-content\/uploads\/2021\/05\/A-table-2-scaled.jpg?fit=676%2C490\" class=\"alignleft size-thumbnail wp-image-18321\" src=\"https:\/\/i0.wp.com\/www.jojoenherbe.com\/wp-content\/uploads\/2021\/05\/A-table-2.jpg?resize=150%2C150\" alt=\"\" width=\"150\" height=\"150\" srcset=\"https:\/\/i0.wp.com\/www.jojoenherbe.com\/wp-content\/uploads\/2021\/05\/A-table-2-scaled.jpg?resize=150%2C150 150w, https:\/\/i0.wp.com\/www.jojoenherbe.com\/wp-content\/uploads\/2021\/05\/A-table-2-scaled.jpg?zoom=2&amp;resize=150%2C150 300w, https:\/\/i0.wp.com\/www.jojoenherbe.com\/wp-content\/uploads\/2021\/05\/A-table-2-scaled.jpg?zoom=3&amp;resize=150%2C150 450w\" sizes=\"auto, (max-width: 150px) 100vw, 150px\" \/><\/a> <a href=\"https:\/\/i0.wp.com\/www.jojoenherbe.com\/wp-content\/uploads\/2021\/05\/A-table-3-scaled.jpg\"><img data-recalc-dims=\"1\" loading=\"lazy\" decoding=\"async\" data-attachment-id=\"18322\" data-permalink=\"http:\/\/www.jojoenherbe.com\/index.php\/2021\/05\/17\/au-fil-des-pages-avec-a-table\/a-table-3\/\" data-orig-file=\"https:\/\/i0.wp.com\/www.jojoenherbe.com\/wp-content\/uploads\/2021\/05\/A-table-3-scaled.jpg?fit=2560%2C1920\" data-orig-size=\"2560,1920\" data-comments-opened=\"1\" data-image-meta=\"{&quot;aperture&quot;:&quot;1.8&quot;,&quot;credit&quot;:&quot;&quot;,&quot;camera&quot;:&quot;iPhone 7&quot;,&quot;caption&quot;:&quot;&quot;,&quot;created_timestamp&quot;:&quot;1621262131&quot;,&quot;copyright&quot;:&quot;&quot;,&quot;focal_length&quot;:&quot;3.99&quot;,&quot;iso&quot;:&quot;40&quot;,&quot;shutter_speed&quot;:&quot;0.058823529411765&quot;,&quot;title&quot;:&quot;&quot;,&quot;orientation&quot;:&quot;1&quot;}\" data-image-title=\"A table! 3\" data-image-description=\"\" data-image-caption=\"\" data-large-file=\"https:\/\/i0.wp.com\/www.jojoenherbe.com\/wp-content\/uploads\/2021\/05\/A-table-3-scaled.jpg?fit=676%2C507\" class=\"alignleft size-thumbnail wp-image-18322\" src=\"https:\/\/i0.wp.com\/www.jojoenherbe.com\/wp-content\/uploads\/2021\/05\/A-table-3.jpg?resize=150%2C150\" alt=\"\" width=\"150\" height=\"150\" srcset=\"https:\/\/i0.wp.com\/www.jojoenherbe.com\/wp-content\/uploads\/2021\/05\/A-table-3-scaled.jpg?resize=150%2C150 150w, https:\/\/i0.wp.com\/www.jojoenherbe.com\/wp-content\/uploads\/2021\/05\/A-table-3-scaled.jpg?zoom=2&amp;resize=150%2C150 300w, https:\/\/i0.wp.com\/www.jojoenherbe.com\/wp-content\/uploads\/2021\/05\/A-table-3-scaled.jpg?zoom=3&amp;resize=150%2C150 450w\" sizes=\"auto, (max-width: 150px) 100vw, 150px\" \/><\/a>Nous lisons <span style=\"text-decoration: underline;\">\u00c0 table!<\/span> de Rebecca Cobb (\u00e9d. Kal\u00e9idoscope, diff. L&rsquo;\u00e9cole des loisirs, 2012), un album jeunesse \u00e0 partir de 3 ans. Alors qu&rsquo;elle est en train de dessiner, une petite fille est appel\u00e9e par sa m\u00e8re pour d\u00e9jeuner. La petite fille ne touche pas \u00e0 son assiette pour la plus grande joie de trois surprenants gourmands &#8211; un crocodile, un ours et un loup. Seront-ils encore l\u00e0 pour le repas du soir?<\/em><\/p>\n<p style=\"text-align: justify;\"><em><a href=\"https:\/\/i0.wp.com\/www.jojoenherbe.com\/wp-content\/uploads\/2021\/05\/A-table-4-scaled.jpg\"><img data-recalc-dims=\"1\" loading=\"lazy\" decoding=\"async\" data-attachment-id=\"18323\" data-permalink=\"http:\/\/www.jojoenherbe.com\/index.php\/2021\/05\/17\/au-fil-des-pages-avec-a-table\/a-table-4\/\" data-orig-file=\"https:\/\/i0.wp.com\/www.jojoenherbe.com\/wp-content\/uploads\/2021\/05\/A-table-4-scaled.jpg?fit=1920%2C2560\" data-orig-size=\"1920,2560\" data-comments-opened=\"1\" data-image-meta=\"{&quot;aperture&quot;:&quot;1.8&quot;,&quot;credit&quot;:&quot;&quot;,&quot;camera&quot;:&quot;iPhone 7&quot;,&quot;caption&quot;:&quot;&quot;,&quot;created_timestamp&quot;:&quot;1621262157&quot;,&quot;copyright&quot;:&quot;&quot;,&quot;focal_length&quot;:&quot;3.99&quot;,&quot;iso&quot;:&quot;40&quot;,&quot;shutter_speed&quot;:&quot;0.058823529411765&quot;,&quot;title&quot;:&quot;&quot;,&quot;orientation&quot;:&quot;1&quot;}\" data-image-title=\"A table! 4\" data-image-description=\"\" data-image-caption=\"\" data-large-file=\"https:\/\/i0.wp.com\/www.jojoenherbe.com\/wp-content\/uploads\/2021\/05\/A-table-4-scaled.jpg?fit=676%2C901\" class=\"size-thumbnail wp-image-18323 alignright\" src=\"https:\/\/i0.wp.com\/www.jojoenherbe.com\/wp-content\/uploads\/2021\/05\/A-table-4.jpg?resize=150%2C150\" alt=\"\" width=\"150\" height=\"150\" srcset=\"https:\/\/i0.wp.com\/www.jojoenherbe.com\/wp-content\/uploads\/2021\/05\/A-table-4-scaled.jpg?resize=150%2C150 150w, https:\/\/i0.wp.com\/www.jojoenherbe.com\/wp-content\/uploads\/2021\/05\/A-table-4-scaled.jpg?zoom=2&amp;resize=150%2C150 300w, https:\/\/i0.wp.com\/www.jojoenherbe.com\/wp-content\/uploads\/2021\/05\/A-table-4-scaled.jpg?zoom=3&amp;resize=150%2C150 450w\" sizes=\"auto, (max-width: 150px) 100vw, 150px\" \/><\/a> <a href=\"https:\/\/i0.wp.com\/www.jojoenherbe.com\/wp-content\/uploads\/2021\/05\/A-table-5-scaled.jpg\"><img data-recalc-dims=\"1\" loading=\"lazy\" decoding=\"async\" data-attachment-id=\"18324\" data-permalink=\"http:\/\/www.jojoenherbe.com\/index.php\/2021\/05\/17\/au-fil-des-pages-avec-a-table\/a-table-5\/\" data-orig-file=\"https:\/\/i0.wp.com\/www.jojoenherbe.com\/wp-content\/uploads\/2021\/05\/A-table-5-scaled.jpg?fit=2560%2C1920\" data-orig-size=\"2560,1920\" data-comments-opened=\"1\" data-image-meta=\"{&quot;aperture&quot;:&quot;1.8&quot;,&quot;credit&quot;:&quot;&quot;,&quot;camera&quot;:&quot;iPhone 7&quot;,&quot;caption&quot;:&quot;&quot;,&quot;created_timestamp&quot;:&quot;1621262193&quot;,&quot;copyright&quot;:&quot;&quot;,&quot;focal_length&quot;:&quot;3.99&quot;,&quot;iso&quot;:&quot;50&quot;,&quot;shutter_speed&quot;:&quot;0.058823529411765&quot;,&quot;title&quot;:&quot;&quot;,&quot;orientation&quot;:&quot;1&quot;}\" data-image-title=\"A table! 5\" data-image-description=\"\" data-image-caption=\"\" data-large-file=\"https:\/\/i0.wp.com\/www.jojoenherbe.com\/wp-content\/uploads\/2021\/05\/A-table-5-scaled.jpg?fit=676%2C507\" class=\"size-thumbnail wp-image-18324 alignright\" src=\"https:\/\/i0.wp.com\/www.jojoenherbe.com\/wp-content\/uploads\/2021\/05\/A-table-5.jpg?resize=150%2C150\" alt=\"\" width=\"150\" height=\"150\" srcset=\"https:\/\/i0.wp.com\/www.jojoenherbe.com\/wp-content\/uploads\/2021\/05\/A-table-5-scaled.jpg?resize=150%2C150 150w, https:\/\/i0.wp.com\/www.jojoenherbe.com\/wp-content\/uploads\/2021\/05\/A-table-5-scaled.jpg?zoom=2&amp;resize=150%2C150 300w, https:\/\/i0.wp.com\/www.jojoenherbe.com\/wp-content\/uploads\/2021\/05\/A-table-5-scaled.jpg?zoom=3&amp;resize=150%2C150 450w\" sizes=\"auto, (max-width: 150px) 100vw, 150px\" \/><\/a>L&rsquo;histoire aborde avec humour et imagination le moment parfois d\u00e9licat de passer \u00e0 table alors que le tout-petit est occup\u00e9 \u00e0 faire autre chose et n&rsquo;a pas vraiment faim. La petite fille est toute craquante et expressive. Une histoire tendre et rigolote pour d\u00e9dramatiser la situation et accompagner l&rsquo;enfant dans son autonomie!<\/em><\/p>\n<div id=\"attachment_27626\" style=\"width: 111px\" class=\"wp-caption alignleft\"><img data-recalc-dims=\"1\" loading=\"lazy\" decoding=\"async\" aria-describedby=\"caption-attachment-27626\" data-attachment-id=\"27626\" data-permalink=\"http:\/\/www.jojoenherbe.com\/index.php\/2022\/09\/15\/au-fil-des-pages-avec-graines-de-sable\/graines-de-sable-4\/\" data-orig-file=\"https:\/\/i0.wp.com\/www.jojoenherbe.com\/wp-content\/uploads\/2022\/09\/Graines-de-sable-4-scaled.jpg?fit=2560%2C1792\" data-orig-size=\"2560,1792\" data-comments-opened=\"1\" data-image-meta=\"{&quot;aperture&quot;:&quot;1.8&quot;,&quot;credit&quot;:&quot;&quot;,&quot;camera&quot;:&quot;iPhone 7&quot;,&quot;caption&quot;:&quot;&quot;,&quot;created_timestamp&quot;:&quot;1663171585&quot;,&quot;copyright&quot;:&quot;&quot;,&quot;focal_length&quot;:&quot;3.99&quot;,&quot;iso&quot;:&quot;100&quot;,&quot;shutter_speed&quot;:&quot;0.071428571428571&quot;,&quot;title&quot;:&quot;&quot;,&quot;orientation&quot;:&quot;1&quot;}\" data-image-title=\"Graines de sable 4\" data-image-description=\"\" data-image-caption=\"\" data-large-file=\"https:\/\/i0.wp.com\/www.jojoenherbe.com\/wp-content\/uploads\/2022\/09\/Graines-de-sable-4-scaled.jpg?fit=676%2C473\" class=\"wp-image-27626\" src=\"https:\/\/i0.wp.com\/www.myloubook.com\/wp-content\/uploads\/2021\/01\/Logo-A-year-in-England-02.png?resize=101%2C101\" sizes=\"auto, (max-width: 2160px) 100vw, 2160px\" srcset=\"http:\/\/www.myloubook.com\/wp-content\/uploads\/2021\/01\/Logo-A-year-in-England-02.png 2160w, http:\/\/www.myloubook.com\/wp-content\/uploads\/2021\/01\/Logo-A-year-in-England-02-150x150.png 150w, http:\/\/www.myloubook.com\/wp-content\/uploads\/2021\/01\/Logo-A-year-in-England-02-300x300.png 300w, http:\/\/www.myloubook.com\/wp-content\/uploads\/2021\/01\/Logo-A-year-in-England-02-768x768.png 768w, http:\/\/www.myloubook.com\/wp-content\/uploads\/2021\/01\/Logo-A-year-in-England-02-1024x1024.png 1024w, http:\/\/www.myloubook.com\/wp-content\/uploads\/2021\/01\/Logo-A-year-in-England-02-640x640.png 640w\" alt=\"\" width=\"101\" height=\"101\" \/><p id=\"caption-attachment-27626\" class=\"wp-caption-text\">Participation #15 Challenge A year in England pour les 10 ans du Mois Anglais de <a href=\"http:\/\/www.myloubook.com\/2021\/01\/30\/challenge-a-year-in-england-pour-les-10-ans-du-mois-anglais\/\">Lou<\/a>, <a href=\"https:\/\/plaisirsacultiver.com\/2021\/01\/30\/challenge-a-year-in-england-pour-les-10-ans-du-mois-anglais\/\">Titine<\/a> et <a href=\"http:\/\/cryssilda.canalblog.com\/archives\/2021\/01\/30\/38788358.html\">Cryssilda<\/a> #Album jeunesse<\/p><\/div>\n<div style=\"width: 132px\" class=\"wp-caption alignleft\"><img data-recalc-dims=\"1\" loading=\"lazy\" decoding=\"async\" class=\"attachment-boston-list-medium  wp-post-image\" src=\"https:\/\/i0.wp.com\/avenuereinemathilde.com\/wp-content\/uploads\/2020\/12\/Challenge-femmes-auteures_paysage-720x380.jpg?resize=122%2C64&#038;ssl=1\" alt=\"challenge 2021 lire au f\u00e9minin\" width=\"122\" height=\"64\" \/><p class=\"wp-caption-text\">Participation #31 au Challenge Lire au f\u00e9minin de <a href=\"https:\/\/avenuereinemathilde.com\/challenge-lire-au-feminin-2021\/\">Tiphanya<\/a> #Autrice britannique<\/p><\/div>\n<div style=\"width: 114px\" class=\"wp-caption alignleft\"><img data-recalc-dims=\"1\" loading=\"lazy\" decoding=\"async\" class=\"nonealign widthoriginal\" src=\"https:\/\/i0.wp.com\/p4.storage.canalblog.com\/40\/68\/1394281\/128273873.png?resize=104%2C75&#038;ssl=1\" alt=\"\" width=\"104\" height=\"75\" border=\"0\" \/><p class=\"wp-caption-text\">Participation #53 Challenge Des livres (et des \u00e9crans) en cuisine de <a href=\"https:\/\/mapetitemediatheque.fr\/2020\/12\/des-livres-et-des-ecrans-en-cuisine-2021\/\">Bidib<\/a> et <a href=\"http:\/\/croquerlespages.canalblog.com\/archives\/2020\/12\/20\/38715076.html\">Fondant<\/a><\/p><\/div>\n<div style=\"width: 112px\" class=\"wp-caption alignleft\"><img loading=\"lazy\" decoding=\"async\" class=\"\" src=\"https:\/\/lh3.googleusercontent.com\/pw\/ACtC-3eIuIHfDCWnQjrbP_Gttnq9qrZJ0sCLWnTR3GjIOIiC54aYp8f1rKz8fy3EJIYJcUrzUv3KnF-YnYTE-vhMmRU8myeq_V_5OYKPelcJ6I4-bD-P1SjmJYevXt0TGhPCpROfcXeg5SJ_4KvwWeBQfvsOWw=w285-h217-no?authuser=1\" alt=\"\" width=\"102\" height=\"78\" \/><p class=\"wp-caption-text\">Challenge Petit Bac d&rsquo;<a href=\"https:\/\/ennalit.wordpress.com\/2020\/12\/01\/challenge-petit-bac-2021-qui-veut-jouer\/\">Enna<\/a> #9 Cat\u00e9gorie Objet: \u00ab\u00a0Table\u00a0\u00bb<\/p><\/div>\n","protected":false},"excerpt":{"rendered":"<p>Nous lisons \u00c0 table! de Rebecca Cobb (\u00e9d. Kal\u00e9idoscope, diff. L&rsquo;\u00e9cole des loisirs, 2012), un album jeunesse \u00e0 partir de 3 ans. Alors qu&rsquo;elle est en train de dessiner, une petite fille est appel\u00e9e par sa m\u00e8re pour d\u00e9jeuner. La petite fille ne touche pas \u00e0 son assiette pour la plus grande joie de trois [&hellip;]<\/p>\n","protected":false},"author":1,"featured_media":18325,"comment_status":"open","ping_status":"open","sticky":false,"template":"","format":"standard","meta":{"jetpack_post_was_ever_published":false,"_jetpack_newsletter_access":"","_jetpack_dont_email_post_to_subs":false,"_jetpack_newsletter_tier_id":0,"_jetpack_memberships_contains_paywalled_content":false,"_jetpack_memberships_contains_paid_content":false,"footnotes":""},"categories":[363],"tags":[785,2226,409,474,742,2018,2019,453,367,2111,1162,1258,2510,1163,2509],"class_list":["post-18314","post","type-post","status-publish","format-standard","has-post-thumbnail","hentry","category-mini-lecteur","tag-3-6-ans","tag-a-year-in-england-2021","tag-albums-jeunesse","tag-alimentation","tag-autonomie","tag-challenge-petit-bac-2021","tag-des-livres-et-des-ecrans-en-cuisine-2021","tag-imagination","tag-lecture-jeunesse","tag-lire-au-feminin-2021","tag-nourriture","tag-petite-enfance","tag-rebecca-cobb","tag-repas","tag-vie-quotidienne","post-preview"],"jetpack_featured_media_url":"https:\/\/i0.wp.com\/www.jojoenherbe.com\/wp-content\/uploads\/2021\/05\/A-table-scaled.jpg?fit=2560%2C1920","jetpack_sharing_enabled":true,"jetpack_shortlink":"https:\/\/wp.me\/p9zhGx-4Lo","jetpack_likes_enabled":true,"jetpack-related-posts":[{"id":22808,"url":"http:\/\/www.jojoenherbe.com\/index.php\/2021\/12\/09\/nos-lectures-la-petite-fille-aux-allumettes\/","url_meta":{"origin":18314,"position":0},"title":"Nos lectures \u00ab\u00a0La petite fille aux allumettes\u00a0\u00bb","author":"Jojo","date":"9 d\u00e9cembre 2021","format":false,"excerpt":"Pour la semaine 2 du challenge Il \u00e9tait 9 fois No\u00ebl, \"Si No\u00ebl m'\u00e9tait cont\u00e9\", j'ai eu envie de relire diff\u00e9rentes versions de La petite fille aux allumettes de Hans Christian Andersen, un conte po\u00e9tique et terriblement triste paru pour la premi\u00e8re fois en 1845. (Recueil de contes) La petite\u2026","rel":"","context":"Dans &quot;Mini lecteur&quot;","block_context":{"text":"Mini lecteur","link":"http:\/\/www.jojoenherbe.com\/index.php\/category\/mini-lecteur\/"},"img":{"alt_text":"","src":"https:\/\/i0.wp.com\/www.jojoenherbe.com\/wp-content\/uploads\/2021\/12\/Nos-lectures-La-petite-fille-aux-allumettes-scaled.jpg?fit=1200%2C900&resize=350%2C200","width":350,"height":200,"srcset":"https:\/\/i0.wp.com\/www.jojoenherbe.com\/wp-content\/uploads\/2021\/12\/Nos-lectures-La-petite-fille-aux-allumettes-scaled.jpg?fit=1200%2C900&resize=350%2C200 1x, https:\/\/i0.wp.com\/www.jojoenherbe.com\/wp-content\/uploads\/2021\/12\/Nos-lectures-La-petite-fille-aux-allumettes-scaled.jpg?fit=1200%2C900&resize=525%2C300 1.5x, https:\/\/i0.wp.com\/www.jojoenherbe.com\/wp-content\/uploads\/2021\/12\/Nos-lectures-La-petite-fille-aux-allumettes-scaled.jpg?fit=1200%2C900&resize=700%2C400 2x, https:\/\/i0.wp.com\/www.jojoenherbe.com\/wp-content\/uploads\/2021\/12\/Nos-lectures-La-petite-fille-aux-allumettes-scaled.jpg?fit=1200%2C900&resize=1050%2C600 3x"},"classes":[]},{"id":9858,"url":"http:\/\/www.jojoenherbe.com\/index.php\/2021\/09\/18\/nos-lectures-alice-au-pays-des-merveilles\/","url_meta":{"origin":18314,"position":1},"title":"Nos lectures\u00a0\u00bb Alice au Pays des Merveilles\u00a0\u00bb","author":"Jojo","date":"18 septembre 2021","format":false,"excerpt":"Pendant le Mois Anglais 2021, j'ai voulu cette ann\u00e9e me replonger dans l'univers carrollien avec Alice au Pays des Merveilles de Lewis Carroll (paru pour la premi\u00e8re fois en 1865) et sa suite, De l'autre c\u00f4t\u00e9 du miroir (paru pour la premi\u00e8re fois en 1930). Et pour cette immersion dans\u2026","rel":"","context":"Dans &quot;Mini lecteur&quot;","block_context":{"text":"Mini lecteur","link":"http:\/\/www.jojoenherbe.com\/index.php\/category\/mini-lecteur\/"},"img":{"alt_text":"","src":"https:\/\/i0.wp.com\/www.jojoenherbe.com\/wp-content\/uploads\/2021\/06\/Nos-lectures-Alice-au-Pays-des-Merveilles-scaled.jpg?fit=1200%2C556&resize=350%2C200","width":350,"height":200,"srcset":"https:\/\/i0.wp.com\/www.jojoenherbe.com\/wp-content\/uploads\/2021\/06\/Nos-lectures-Alice-au-Pays-des-Merveilles-scaled.jpg?fit=1200%2C556&resize=350%2C200 1x, https:\/\/i0.wp.com\/www.jojoenherbe.com\/wp-content\/uploads\/2021\/06\/Nos-lectures-Alice-au-Pays-des-Merveilles-scaled.jpg?fit=1200%2C556&resize=525%2C300 1.5x, https:\/\/i0.wp.com\/www.jojoenherbe.com\/wp-content\/uploads\/2021\/06\/Nos-lectures-Alice-au-Pays-des-Merveilles-scaled.jpg?fit=1200%2C556&resize=700%2C400 2x, https:\/\/i0.wp.com\/www.jojoenherbe.com\/wp-content\/uploads\/2021\/06\/Nos-lectures-Alice-au-Pays-des-Merveilles-scaled.jpg?fit=1200%2C556&resize=1050%2C600 3x"},"classes":[]},{"id":16983,"url":"http:\/\/www.jojoenherbe.com\/index.php\/2021\/04\/04\/au-fil-des-pages-avec-tu-rentres-quand\/","url_meta":{"origin":18314,"position":2},"title":"Au fil des pages avec Tu rentres quand?","author":"Jojo","date":"4 avril 2021","format":false,"excerpt":"En ce 4 avril 2021, journ\u00e9e \"Gourmandises\/livre gourmand\" d'Un Mois au Japon, j'ai choisi une de nos derni\u00e8res lectures: Tu rentres quand? de Nagako Suzuki(\u00e9d. Nobi Nobi!, 2018), un album jeunesse \u00e0 partir de 3 ans. Apr\u00e8s avoir pr\u00e9par\u00e9 un g\u00e2teau d\u2019anniversaire pour son p\u00e8re, No\u00e9mie, une petite fille attend\u2026","rel":"","context":"Dans &quot;Mini lecteur&quot;","block_context":{"text":"Mini lecteur","link":"http:\/\/www.jojoenherbe.com\/index.php\/category\/mini-lecteur\/"},"img":{"alt_text":"","src":"https:\/\/i0.wp.com\/www.jojoenherbe.com\/wp-content\/uploads\/2021\/04\/Tu-rentres-quand-scaled.jpg?fit=1200%2C900&resize=350%2C200","width":350,"height":200,"srcset":"https:\/\/i0.wp.com\/www.jojoenherbe.com\/wp-content\/uploads\/2021\/04\/Tu-rentres-quand-scaled.jpg?fit=1200%2C900&resize=350%2C200 1x, https:\/\/i0.wp.com\/www.jojoenherbe.com\/wp-content\/uploads\/2021\/04\/Tu-rentres-quand-scaled.jpg?fit=1200%2C900&resize=525%2C300 1.5x, https:\/\/i0.wp.com\/www.jojoenherbe.com\/wp-content\/uploads\/2021\/04\/Tu-rentres-quand-scaled.jpg?fit=1200%2C900&resize=700%2C400 2x, https:\/\/i0.wp.com\/www.jojoenherbe.com\/wp-content\/uploads\/2021\/04\/Tu-rentres-quand-scaled.jpg?fit=1200%2C900&resize=1050%2C600 3x"},"classes":[]},{"id":18526,"url":"http:\/\/www.jojoenherbe.com\/index.php\/2021\/05\/27\/au-fil-des-pages-avec-une-maison-dans-les-buissons\/","url_meta":{"origin":18314,"position":3},"title":"Au fil des pages avec Une maison dans les buissons","author":"Jojo","date":"27 mai 2021","format":false,"excerpt":"Nous lisons Une maison dans les buissons d'Akiko Miyakoshi (\u00e9d. Syros, 2017), un album jeunesse \u00e0 partir de 4 ans. Sakko, une petite fille vient d'emm\u00e9nager dans une nouvelle maison voisine de celle occup\u00e9e par une petite fille du m\u00eame \u00e2ge. Elle a h\u00e2te de faire sa connaissance. Mais ses\u2026","rel":"","context":"Dans &quot;Mini lecteur&quot;","block_context":{"text":"Mini lecteur","link":"http:\/\/www.jojoenherbe.com\/index.php\/category\/mini-lecteur\/"},"img":{"alt_text":"","src":"https:\/\/i0.wp.com\/www.jojoenherbe.com\/wp-content\/uploads\/2021\/05\/Une-maison-dans-les-buissons-scaled.jpg?fit=1200%2C900&resize=350%2C200","width":350,"height":200,"srcset":"https:\/\/i0.wp.com\/www.jojoenherbe.com\/wp-content\/uploads\/2021\/05\/Une-maison-dans-les-buissons-scaled.jpg?fit=1200%2C900&resize=350%2C200 1x, https:\/\/i0.wp.com\/www.jojoenherbe.com\/wp-content\/uploads\/2021\/05\/Une-maison-dans-les-buissons-scaled.jpg?fit=1200%2C900&resize=525%2C300 1.5x, https:\/\/i0.wp.com\/www.jojoenherbe.com\/wp-content\/uploads\/2021\/05\/Une-maison-dans-les-buissons-scaled.jpg?fit=1200%2C900&resize=700%2C400 2x, https:\/\/i0.wp.com\/www.jojoenherbe.com\/wp-content\/uploads\/2021\/05\/Une-maison-dans-les-buissons-scaled.jpg?fit=1200%2C900&resize=1050%2C600 3x"},"classes":[]},{"id":20710,"url":"http:\/\/www.jojoenherbe.com\/index.php\/2021\/09\/15\/au-fil-des-pages-avec-deux-droles-de-betes-dans-la-foret\/","url_meta":{"origin":18314,"position":4},"title":"Au fil des pages avec Deux dr\u00f4les de b\u00eates dans la for\u00eat","author":"Jojo","date":"15 septembre 2021","format":false,"excerpt":"Nous lisons Deux dr\u00f4les de b\u00eates dans la for\u00eat, Mais qui dit vrai dans cette histoire? de Fiona Roberton (\u00e9d. Circonflexe, 2015), un album jeunesse \u00e0 partir de 4 ans et qui a \u00e9t\u00e9 laur\u00e9at du 28\u00e8me Prix des Incos en 2017 dans la s\u00e9lection CE1. Une petite fille recueille\u2026","rel":"","context":"Dans &quot;Mini lecteur&quot;","block_context":{"text":"Mini lecteur","link":"http:\/\/www.jojoenherbe.com\/index.php\/category\/mini-lecteur\/"},"img":{"alt_text":"","src":"https:\/\/i0.wp.com\/www.jojoenherbe.com\/wp-content\/uploads\/2021\/09\/Deux-droles-de-betes-dans-la-foret-scaled.jpg?fit=1200%2C936&resize=350%2C200","width":350,"height":200,"srcset":"https:\/\/i0.wp.com\/www.jojoenherbe.com\/wp-content\/uploads\/2021\/09\/Deux-droles-de-betes-dans-la-foret-scaled.jpg?fit=1200%2C936&resize=350%2C200 1x, https:\/\/i0.wp.com\/www.jojoenherbe.com\/wp-content\/uploads\/2021\/09\/Deux-droles-de-betes-dans-la-foret-scaled.jpg?fit=1200%2C936&resize=525%2C300 1.5x, https:\/\/i0.wp.com\/www.jojoenherbe.com\/wp-content\/uploads\/2021\/09\/Deux-droles-de-betes-dans-la-foret-scaled.jpg?fit=1200%2C936&resize=700%2C400 2x, https:\/\/i0.wp.com\/www.jojoenherbe.com\/wp-content\/uploads\/2021\/09\/Deux-droles-de-betes-dans-la-foret-scaled.jpg?fit=1200%2C936&resize=1050%2C600 3x"},"classes":[]},{"id":15940,"url":"http:\/\/www.jojoenherbe.com\/index.php\/2021\/02\/21\/au-fil-des-pages-avec-elma-une-vie-dours\/","url_meta":{"origin":18314,"position":5},"title":"Au fil des pages avec Elma, une vie d&rsquo;ours","author":"Jojo","date":"21 f\u00e9vrier 2021","format":false,"excerpt":"J'ai emprunt\u00e9 \u00e0 la m\u00e9diath\u00e8que le diptyque Elma, une vie d'ours d'Ingrid Chabbert et L\u00e9a Maz\u00e9, une BD jeunesse \u00e0 partir de 7 ans. Dans le premier tome, Le grand voyage (\u00e9d. Dargaud, 2018), Elma, une petite fille de 7 ans a \u00e9t\u00e9 \u00e9lev\u00e9e par un ours, v\u00e9ritable p\u00e8re pour\u2026","rel":"","context":"Dans &quot;Mini lecteur&quot;","block_context":{"text":"Mini lecteur","link":"http:\/\/www.jojoenherbe.com\/index.php\/category\/mini-lecteur\/"},"img":{"alt_text":"","src":"https:\/\/i0.wp.com\/www.jojoenherbe.com\/wp-content\/uploads\/2021\/02\/Elma-Une-vie-dours-scaled.jpg?fit=1200%2C854&resize=350%2C200","width":350,"height":200,"srcset":"https:\/\/i0.wp.com\/www.jojoenherbe.com\/wp-content\/uploads\/2021\/02\/Elma-Une-vie-dours-scaled.jpg?fit=1200%2C854&resize=350%2C200 1x, https:\/\/i0.wp.com\/www.jojoenherbe.com\/wp-content\/uploads\/2021\/02\/Elma-Une-vie-dours-scaled.jpg?fit=1200%2C854&resize=525%2C300 1.5x, https:\/\/i0.wp.com\/www.jojoenherbe.com\/wp-content\/uploads\/2021\/02\/Elma-Une-vie-dours-scaled.jpg?fit=1200%2C854&resize=700%2C400 2x, https:\/\/i0.wp.com\/www.jojoenherbe.com\/wp-content\/uploads\/2021\/02\/Elma-Une-vie-dours-scaled.jpg?fit=1200%2C854&resize=1050%2C600 3x"},"classes":[]}],"_links":{"self":[{"href":"http:\/\/www.jojoenherbe.com\/index.php\/wp-json\/wp\/v2\/posts\/18314","targetHints":{"allow":["GET"]}}],"collection":[{"href":"http:\/\/www.jojoenherbe.com\/index.php\/wp-json\/wp\/v2\/posts"}],"about":[{"href":"http:\/\/www.jojoenherbe.com\/index.php\/wp-json\/wp\/v2\/types\/post"}],"author":[{"embeddable":true,"href":"http:\/\/www.jojoenherbe.com\/index.php\/wp-json\/wp\/v2\/users\/1"}],"replies":[{"embeddable":true,"href":"http:\/\/www.jojoenherbe.com\/index.php\/wp-json\/wp\/v2\/comments?post=18314"}],"version-history":[{"count":1,"href":"http:\/\/www.jojoenherbe.com\/index.php\/wp-json\/wp\/v2\/posts\/18314\/revisions"}],"predecessor-version":[{"id":30880,"href":"http:\/\/www.jojoenherbe.com\/index.php\/wp-json\/wp\/v2\/posts\/18314\/revisions\/30880"}],"wp:featuredmedia":[{"embeddable":true,"href":"http:\/\/www.jojoenherbe.com\/index.php\/wp-json\/wp\/v2\/media\/18325"}],"wp:attachment":[{"href":"http:\/\/www.jojoenherbe.com\/index.php\/wp-json\/wp\/v2\/media?parent=18314"}],"wp:term":[{"taxonomy":"category","embeddable":true,"href":"http:\/\/www.jojoenherbe.com\/index.php\/wp-json\/wp\/v2\/categories?post=18314"},{"taxonomy":"post_tag","embeddable":true,"href":"http:\/\/www.jojoenherbe.com\/index.php\/wp-json\/wp\/v2\/tags?post=18314"}],"curies":[{"name":"wp","href":"https:\/\/api.w.org\/{rel}","templated":true}]}}