{"id":18104,"date":"2021-05-06T10:26:06","date_gmt":"2021-05-06T08:26:06","guid":{"rendered":"http:\/\/www.jojoenherbe.com\/?p=18104"},"modified":"2021-05-17T14:51:40","modified_gmt":"2021-05-17T12:51:40","slug":"au-fil-des-pages-avec-on-seme-un-peu-beaucoup","status":"publish","type":"post","link":"http:\/\/www.jojoenherbe.com\/index.php\/2021\/05\/06\/au-fil-des-pages-avec-on-seme-un-peu-beaucoup\/","title":{"rendered":"Au fil des pages avec On s\u00e8me un peu, beaucoup&#8230;"},"content":{"rendered":"<p style=\"text-align: justify;\"><em><span class=\"\"><a href=\"https:\/\/i0.wp.com\/www.jojoenherbe.com\/wp-content\/uploads\/2021\/05\/On-seme-un-peu-beaucoup...-3-scaled.jpg\"><img data-recalc-dims=\"1\" loading=\"lazy\" decoding=\"async\" data-attachment-id=\"18110\" data-permalink=\"http:\/\/www.jojoenherbe.com\/index.php\/2021\/05\/06\/au-fil-des-pages-avec-on-seme-un-peu-beaucoup\/on-seme-un-peu-beaucoup-3\/\" data-orig-file=\"https:\/\/i0.wp.com\/www.jojoenherbe.com\/wp-content\/uploads\/2021\/05\/On-seme-un-peu-beaucoup...-3-scaled.jpg?fit=2560%2C1920\" data-orig-size=\"2560,1920\" data-comments-opened=\"1\" data-image-meta=\"{&quot;aperture&quot;:&quot;1.8&quot;,&quot;credit&quot;:&quot;&quot;,&quot;camera&quot;:&quot;iPhone 7&quot;,&quot;caption&quot;:&quot;&quot;,&quot;created_timestamp&quot;:&quot;1620295605&quot;,&quot;copyright&quot;:&quot;&quot;,&quot;focal_length&quot;:&quot;3.99&quot;,&quot;iso&quot;:&quot;100&quot;,&quot;shutter_speed&quot;:&quot;0.076923076923077&quot;,&quot;title&quot;:&quot;&quot;,&quot;orientation&quot;:&quot;1&quot;}\" data-image-title=\"On s\u00e8me un peu, beaucoup&amp;#8230; 3\" data-image-description=\"\" data-image-caption=\"\" data-large-file=\"https:\/\/i0.wp.com\/www.jojoenherbe.com\/wp-content\/uploads\/2021\/05\/On-seme-un-peu-beaucoup...-3-scaled.jpg?fit=676%2C507\" class=\"alignleft size-thumbnail wp-image-18110\" src=\"https:\/\/i0.wp.com\/www.jojoenherbe.com\/wp-content\/uploads\/2021\/05\/On-seme-un-peu-beaucoup...-3.jpg?resize=150%2C150\" alt=\"\" width=\"150\" height=\"150\" srcset=\"https:\/\/i0.wp.com\/www.jojoenherbe.com\/wp-content\/uploads\/2021\/05\/On-seme-un-peu-beaucoup...-3-scaled.jpg?resize=150%2C150 150w, https:\/\/i0.wp.com\/www.jojoenherbe.com\/wp-content\/uploads\/2021\/05\/On-seme-un-peu-beaucoup...-3-scaled.jpg?zoom=2&amp;resize=150%2C150 300w, https:\/\/i0.wp.com\/www.jojoenherbe.com\/wp-content\/uploads\/2021\/05\/On-seme-un-peu-beaucoup...-3-scaled.jpg?zoom=3&amp;resize=150%2C150 450w\" sizes=\"auto, (max-width: 150px) 100vw, 150px\" \/><\/a> <a href=\"https:\/\/i0.wp.com\/www.jojoenherbe.com\/wp-content\/uploads\/2021\/05\/On-seme-un-peu-beaucoup...-6-scaled.jpg\"><img data-recalc-dims=\"1\" loading=\"lazy\" decoding=\"async\" data-attachment-id=\"18113\" data-permalink=\"http:\/\/www.jojoenherbe.com\/index.php\/2021\/05\/06\/au-fil-des-pages-avec-on-seme-un-peu-beaucoup\/on-seme-un-peu-beaucoup-6\/\" data-orig-file=\"https:\/\/i0.wp.com\/www.jojoenherbe.com\/wp-content\/uploads\/2021\/05\/On-seme-un-peu-beaucoup...-6-scaled.jpg?fit=2560%2C1735\" data-orig-size=\"2560,1735\" data-comments-opened=\"1\" data-image-meta=\"{&quot;aperture&quot;:&quot;1.8&quot;,&quot;credit&quot;:&quot;&quot;,&quot;camera&quot;:&quot;iPhone 7&quot;,&quot;caption&quot;:&quot;&quot;,&quot;created_timestamp&quot;:&quot;1620295648&quot;,&quot;copyright&quot;:&quot;&quot;,&quot;focal_length&quot;:&quot;3.99&quot;,&quot;iso&quot;:&quot;100&quot;,&quot;shutter_speed&quot;:&quot;0.076923076923077&quot;,&quot;title&quot;:&quot;&quot;,&quot;orientation&quot;:&quot;1&quot;}\" data-image-title=\"On s\u00e8me un peu, beaucoup&amp;#8230; 6\" data-image-description=\"\" data-image-caption=\"\" data-large-file=\"https:\/\/i0.wp.com\/www.jojoenherbe.com\/wp-content\/uploads\/2021\/05\/On-seme-un-peu-beaucoup...-6-scaled.jpg?fit=676%2C458\" class=\"alignleft size-thumbnail wp-image-18113\" src=\"https:\/\/i0.wp.com\/www.jojoenherbe.com\/wp-content\/uploads\/2021\/05\/On-seme-un-peu-beaucoup...-6.jpg?resize=150%2C150\" alt=\"\" width=\"150\" height=\"150\" srcset=\"https:\/\/i0.wp.com\/www.jojoenherbe.com\/wp-content\/uploads\/2021\/05\/On-seme-un-peu-beaucoup...-6-scaled.jpg?resize=150%2C150 150w, https:\/\/i0.wp.com\/www.jojoenherbe.com\/wp-content\/uploads\/2021\/05\/On-seme-un-peu-beaucoup...-6-scaled.jpg?zoom=2&amp;resize=150%2C150 300w, https:\/\/i0.wp.com\/www.jojoenherbe.com\/wp-content\/uploads\/2021\/05\/On-seme-un-peu-beaucoup...-6-scaled.jpg?zoom=3&amp;resize=150%2C150 450w\" sizes=\"auto, (max-width: 150px) 100vw, 150px\" \/><\/a>Nous lisons <span style=\"text-decoration: underline;\">On s\u00e8me un peu, beaucoup&#8230;<\/span> de Laura Hedon (\u00e9d. A2MIMO, 2021), une autrice que nous avions d\u00e9couverte avec son pr\u00e9c\u00e9dent album printanier tout aussi joli, adorable et po\u00e9tique que celui-ci, <a href=\"http:\/\/www.jojoenherbe.com\/index.php\/2020\/04\/25\/au-fil-des-pages-avec-allons-chercher-le-printemps\/\"><span style=\"text-decoration: underline;\">Allons chercher le printemps<\/span><\/a>. Dans cet album sans texte, nous suivons une minuscule petite fille qui voyage accroch\u00e9e \u00e0 une graine de pissenlit jusqu\u2019\u00e0 arriver dans une ville. Et si la nature avait aussi sa place en ville, \u00e0 l\u2019image des mauvaises herbes pas si mauvaises qui y poussent? <\/span><\/em><\/p>\n<p style=\"text-align: justify;\"><em><span class=\"\"><a href=\"https:\/\/i0.wp.com\/www.jojoenherbe.com\/wp-content\/uploads\/2021\/05\/On-seme-un-peu-beaucoup...-5-scaled.jpg\"><img data-recalc-dims=\"1\" loading=\"lazy\" decoding=\"async\" data-attachment-id=\"18112\" data-permalink=\"http:\/\/www.jojoenherbe.com\/index.php\/2021\/05\/06\/au-fil-des-pages-avec-on-seme-un-peu-beaucoup\/on-seme-un-peu-beaucoup-5\/\" data-orig-file=\"https:\/\/i0.wp.com\/www.jojoenherbe.com\/wp-content\/uploads\/2021\/05\/On-seme-un-peu-beaucoup...-5-scaled.jpg?fit=2560%2C1920\" data-orig-size=\"2560,1920\" data-comments-opened=\"1\" data-image-meta=\"{&quot;aperture&quot;:&quot;1.8&quot;,&quot;credit&quot;:&quot;&quot;,&quot;camera&quot;:&quot;iPhone 7&quot;,&quot;caption&quot;:&quot;&quot;,&quot;created_timestamp&quot;:&quot;1620295633&quot;,&quot;copyright&quot;:&quot;&quot;,&quot;focal_length&quot;:&quot;3.99&quot;,&quot;iso&quot;:&quot;100&quot;,&quot;shutter_speed&quot;:&quot;0.071428571428571&quot;,&quot;title&quot;:&quot;&quot;,&quot;orientation&quot;:&quot;1&quot;}\" data-image-title=\"On s\u00e8me un peu, beaucoup&amp;#8230; 5\" data-image-description=\"\" data-image-caption=\"\" data-large-file=\"https:\/\/i0.wp.com\/www.jojoenherbe.com\/wp-content\/uploads\/2021\/05\/On-seme-un-peu-beaucoup...-5-scaled.jpg?fit=676%2C507\" class=\"size-thumbnail wp-image-18112 alignright\" src=\"https:\/\/i0.wp.com\/www.jojoenherbe.com\/wp-content\/uploads\/2021\/05\/On-seme-un-peu-beaucoup...-5.jpg?resize=150%2C150\" alt=\"\" width=\"150\" height=\"150\" srcset=\"https:\/\/i0.wp.com\/www.jojoenherbe.com\/wp-content\/uploads\/2021\/05\/On-seme-un-peu-beaucoup...-5-scaled.jpg?resize=150%2C150 150w, https:\/\/i0.wp.com\/www.jojoenherbe.com\/wp-content\/uploads\/2021\/05\/On-seme-un-peu-beaucoup...-5-scaled.jpg?zoom=2&amp;resize=150%2C150 300w, https:\/\/i0.wp.com\/www.jojoenherbe.com\/wp-content\/uploads\/2021\/05\/On-seme-un-peu-beaucoup...-5-scaled.jpg?zoom=3&amp;resize=150%2C150 450w\" sizes=\"auto, (max-width: 150px) 100vw, 150px\" \/><\/a> <a href=\"https:\/\/i0.wp.com\/www.jojoenherbe.com\/wp-content\/uploads\/2021\/05\/On-seme-un-peu-beaucoup...-4-scaled.jpg\"><img data-recalc-dims=\"1\" loading=\"lazy\" decoding=\"async\" data-attachment-id=\"18111\" data-permalink=\"http:\/\/www.jojoenherbe.com\/index.php\/2021\/05\/06\/au-fil-des-pages-avec-on-seme-un-peu-beaucoup\/on-seme-un-peu-beaucoup-4\/\" data-orig-file=\"https:\/\/i0.wp.com\/www.jojoenherbe.com\/wp-content\/uploads\/2021\/05\/On-seme-un-peu-beaucoup...-4-scaled.jpg?fit=2560%2C1920\" data-orig-size=\"2560,1920\" data-comments-opened=\"1\" data-image-meta=\"{&quot;aperture&quot;:&quot;1.8&quot;,&quot;credit&quot;:&quot;&quot;,&quot;camera&quot;:&quot;iPhone 7&quot;,&quot;caption&quot;:&quot;&quot;,&quot;created_timestamp&quot;:&quot;1620295620&quot;,&quot;copyright&quot;:&quot;&quot;,&quot;focal_length&quot;:&quot;3.99&quot;,&quot;iso&quot;:&quot;100&quot;,&quot;shutter_speed&quot;:&quot;0.058823529411765&quot;,&quot;title&quot;:&quot;&quot;,&quot;orientation&quot;:&quot;1&quot;}\" data-image-title=\"On s\u00e8me un peu, beaucoup&amp;#8230; 4\" data-image-description=\"\" data-image-caption=\"\" data-large-file=\"https:\/\/i0.wp.com\/www.jojoenherbe.com\/wp-content\/uploads\/2021\/05\/On-seme-un-peu-beaucoup...-4-scaled.jpg?fit=676%2C507\" class=\"size-thumbnail wp-image-18111 alignright\" src=\"https:\/\/i0.wp.com\/www.jojoenherbe.com\/wp-content\/uploads\/2021\/05\/On-seme-un-peu-beaucoup...-4.jpg?resize=150%2C150\" alt=\"\" width=\"150\" height=\"150\" srcset=\"https:\/\/i0.wp.com\/www.jojoenherbe.com\/wp-content\/uploads\/2021\/05\/On-seme-un-peu-beaucoup...-4-scaled.jpg?resize=150%2C150 150w, https:\/\/i0.wp.com\/www.jojoenherbe.com\/wp-content\/uploads\/2021\/05\/On-seme-un-peu-beaucoup...-4-scaled.jpg?zoom=2&amp;resize=150%2C150 300w, https:\/\/i0.wp.com\/www.jojoenherbe.com\/wp-content\/uploads\/2021\/05\/On-seme-un-peu-beaucoup...-4-scaled.jpg?zoom=3&amp;resize=150%2C150 450w\" sizes=\"auto, (max-width: 150px) 100vw, 150px\" \/><\/a>Les illustrations aux couleurs pastels sont douces, arrondies et dynamiques \u00e0 la fa\u00e7on d&rsquo;une BD et suivent le cycle des plantes. La toute petite fille qui fait penser \u00e0 une Poucette des villes vit en osmose avec sa graine de pissenlit jusqu&rsquo;\u00e0 poursuivre cette harmonie avec la v\u00e9g\u00e9tation urbaine. Un tr\u00e8s joli message \u00e9cologique en compagnie des petits \u00eatres de la Nature avec cet album jeunesse \u00e0 partir de 5 ans et qui se termine par un petit volet documentaire de Sophie Bordet-Petillon! D&rsquo;ailleurs, de plus en plus de jardins ou potagers coop\u00e9ratifs se d\u00e9veloppent dans les villes et qui permettent des \u00e9changes conviviaux comme d\u00e9crits dans cet album jeunesse.<br \/>\n<\/span><\/em><\/p>\n<p style=\"text-align: justify;\"><em><a href=\"https:\/\/i0.wp.com\/www.jojoenherbe.com\/wp-content\/uploads\/2021\/05\/On-seme-un-peu-beaucoup...-scaled.jpg\"><img data-recalc-dims=\"1\" loading=\"lazy\" decoding=\"async\" data-attachment-id=\"18106\" data-permalink=\"http:\/\/www.jojoenherbe.com\/index.php\/2021\/05\/06\/au-fil-des-pages-avec-on-seme-un-peu-beaucoup\/on-seme-un-peu-beaucoup\/\" data-orig-file=\"https:\/\/i0.wp.com\/www.jojoenherbe.com\/wp-content\/uploads\/2021\/05\/On-seme-un-peu-beaucoup...-scaled.jpg?fit=2560%2C2043\" data-orig-size=\"2560,2043\" data-comments-opened=\"1\" data-image-meta=\"{&quot;aperture&quot;:&quot;1.8&quot;,&quot;credit&quot;:&quot;&quot;,&quot;camera&quot;:&quot;iPhone 7&quot;,&quot;caption&quot;:&quot;&quot;,&quot;created_timestamp&quot;:&quot;1619204361&quot;,&quot;copyright&quot;:&quot;&quot;,&quot;focal_length&quot;:&quot;3.99&quot;,&quot;iso&quot;:&quot;20&quot;,&quot;shutter_speed&quot;:&quot;0.0058139534883721&quot;,&quot;title&quot;:&quot;&quot;,&quot;orientation&quot;:&quot;1&quot;}\" data-image-title=\"On s\u00e8me un peu, beaucoup&amp;#8230;\" data-image-description=\"\" data-image-caption=\"\" data-large-file=\"https:\/\/i0.wp.com\/www.jojoenherbe.com\/wp-content\/uploads\/2021\/05\/On-seme-un-peu-beaucoup...-scaled.jpg?fit=676%2C539\" class=\"alignleft size-thumbnail wp-image-18106\" src=\"https:\/\/i0.wp.com\/www.jojoenherbe.com\/wp-content\/uploads\/2021\/05\/On-seme-un-peu-beaucoup....jpg?resize=150%2C150\" alt=\"\" width=\"150\" height=\"150\" srcset=\"https:\/\/i0.wp.com\/www.jojoenherbe.com\/wp-content\/uploads\/2021\/05\/On-seme-un-peu-beaucoup...-scaled.jpg?resize=150%2C150 150w, https:\/\/i0.wp.com\/www.jojoenherbe.com\/wp-content\/uploads\/2021\/05\/On-seme-un-peu-beaucoup...-scaled.jpg?zoom=2&amp;resize=150%2C150 300w, https:\/\/i0.wp.com\/www.jojoenherbe.com\/wp-content\/uploads\/2021\/05\/On-seme-un-peu-beaucoup...-scaled.jpg?zoom=3&amp;resize=150%2C150 450w\" sizes=\"auto, (max-width: 150px) 100vw, 150px\" \/><\/a>Cette lecture accompagne parfaitement nos petites plantations de ces derni\u00e8res semaines puisque certains de nos haricots ont germ\u00e9 et sont devenus des petits plants qui depuis que j&rsquo;ai pris la photo ont \u00e9t\u00e9 plant\u00e9s dans notre jardini\u00e8re.<\/em><\/p>\n<div style=\"width: 175px\" class=\"wp-caption aligncenter\"><img data-recalc-dims=\"1\" loading=\"lazy\" decoding=\"async\" class=\"attachment-boston-list-medium  wp-post-image\" src=\"https:\/\/i0.wp.com\/avenuereinemathilde.com\/wp-content\/uploads\/2020\/12\/Challenge-femmes-auteures_paysage-720x380.jpg?resize=165%2C87&#038;ssl=1\" alt=\"challenge 2021 lire au f\u00e9minin\" width=\"165\" height=\"87\" \/><p class=\"wp-caption-text\">Participation #30 au Challenge Lire au f\u00e9minin de <a href=\"https:\/\/avenuereinemathilde.com\/challenge-lire-au-feminin-2021\/\">Tiphanya<\/a> #Autrice fran\u00e7aise<\/p><\/div>\n","protected":false},"excerpt":{"rendered":"<p>Nous lisons On s\u00e8me un peu, beaucoup&#8230; de Laura Hedon (\u00e9d. A2MIMO, 2021), une autrice que nous avions d\u00e9couverte avec son pr\u00e9c\u00e9dent album printanier tout aussi joli, adorable et po\u00e9tique que celui-ci, Allons chercher le printemps. Dans cet album sans texte, nous suivons une minuscule petite fille qui voyage accroch\u00e9e \u00e0 une graine de pissenlit [&hellip;]<\/p>\n","protected":false},"author":1,"featured_media":18108,"comment_status":"open","ping_status":"open","sticky":false,"template":"","format":"standard","meta":{"jetpack_post_was_ever_published":false,"_jetpack_newsletter_access":"","_jetpack_dont_email_post_to_subs":false,"_jetpack_newsletter_tier_id":0,"_jetpack_memberships_contains_paywalled_content":false,"_jetpack_memberships_contains_paid_content":false,"footnotes":""},"categories":[363],"tags":[995,409,674,1178,765,590,673,1483,367,2111,489,543,2382,532,373,2492,1648],"class_list":["post-18104","post","type-post","status-publish","format-standard","has-post-thumbnail","hentry","category-mini-lecteur","tag-5-8-ans","tag-albums-jeunesse","tag-cycle-de-la-plante","tag-ecologie","tag-environnement","tag-jardin","tag-jardinage","tag-laura-hedon","tag-lecture-jeunesse","tag-lire-au-feminin-2021","tag-livres-sans-texte","tag-nature","tag-pissenlit","tag-potager","tag-saisons","tag-sophie-bordet-petillon","tag-ville","post-preview"],"jetpack_featured_media_url":"https:\/\/i0.wp.com\/www.jojoenherbe.com\/wp-content\/uploads\/2021\/05\/On-seme-un-peu-beaucoup...-2-scaled.jpg?fit=2560%2C1920","jetpack_sharing_enabled":true,"jetpack_shortlink":"https:\/\/wp.me\/p9zhGx-4I0","jetpack_likes_enabled":true,"jetpack-related-posts":[{"id":10850,"url":"http:\/\/www.jojoenherbe.com\/index.php\/2020\/04\/25\/au-fil-des-pages-avec-allons-chercher-le-printemps\/","url_meta":{"origin":18104,"position":0},"title":"Au fil des pages avec Allons chercher le printemps","author":"Jojo","date":"25 avril 2020","format":false,"excerpt":"Nous lisons et relisons Allons chercher le printemps de Laura Hedon (\u00e9d. \u00a0Circonflexe, 2020), un album jeunesse \u00e0 partir de 3 ans. En ce premier jour du printemps, les animaux de la for\u00eat sont impatients de le voir. Mais la journ\u00e9e passe et aucune trace du printemps. Ils d\u00e9cident de\u2026","rel":"","context":"Dans &quot;Mini lecteur&quot;","block_context":{"text":"Mini lecteur","link":"http:\/\/www.jojoenherbe.com\/index.php\/category\/mini-lecteur\/"},"img":{"alt_text":"","src":"https:\/\/i0.wp.com\/www.jojoenherbe.com\/wp-content\/uploads\/2020\/04\/Allons-chercher-le-printemps-scaled.jpg?fit=1200%2C768&resize=350%2C200","width":350,"height":200,"srcset":"https:\/\/i0.wp.com\/www.jojoenherbe.com\/wp-content\/uploads\/2020\/04\/Allons-chercher-le-printemps-scaled.jpg?fit=1200%2C768&resize=350%2C200 1x, https:\/\/i0.wp.com\/www.jojoenherbe.com\/wp-content\/uploads\/2020\/04\/Allons-chercher-le-printemps-scaled.jpg?fit=1200%2C768&resize=525%2C300 1.5x, https:\/\/i0.wp.com\/www.jojoenherbe.com\/wp-content\/uploads\/2020\/04\/Allons-chercher-le-printemps-scaled.jpg?fit=1200%2C768&resize=700%2C400 2x, https:\/\/i0.wp.com\/www.jojoenherbe.com\/wp-content\/uploads\/2020\/04\/Allons-chercher-le-printemps-scaled.jpg?fit=1200%2C768&resize=1050%2C600 3x"},"classes":[]},{"id":16691,"url":"http:\/\/www.jojoenherbe.com\/index.php\/2021\/03\/22\/nos-lectures-printanieres-2021\/","url_meta":{"origin":18104,"position":1},"title":"Nos lectures printani\u00e8res 2021","author":"Jojo","date":"22 mars 2021","format":false,"excerpt":"Avec l'arriv\u00e9e du printemps ce 20 mars 2021, nous changeons \u00e9galement nos lectures pour nous plonger dans un th\u00e8me printanier, l\u00e9ger et color\u00e9. Ce billet sera ainsi actualis\u00e9 tout au long de ce printemps au gr\u00e9 de nos lectures sur ce th\u00e8me. Des albums jeunesse: l'arriv\u00e9e du printemps avec les\u2026","rel":"","context":"Dans &quot;Mini lecteur&quot;","block_context":{"text":"Mini lecteur","link":"http:\/\/www.jojoenherbe.com\/index.php\/category\/mini-lecteur\/"},"img":{"alt_text":"","src":"https:\/\/i0.wp.com\/www.jojoenherbe.com\/wp-content\/uploads\/2021\/03\/Nos-lectures-Printemps-scaled.jpg?fit=1200%2C900&resize=350%2C200","width":350,"height":200,"srcset":"https:\/\/i0.wp.com\/www.jojoenherbe.com\/wp-content\/uploads\/2021\/03\/Nos-lectures-Printemps-scaled.jpg?fit=1200%2C900&resize=350%2C200 1x, https:\/\/i0.wp.com\/www.jojoenherbe.com\/wp-content\/uploads\/2021\/03\/Nos-lectures-Printemps-scaled.jpg?fit=1200%2C900&resize=525%2C300 1.5x, https:\/\/i0.wp.com\/www.jojoenherbe.com\/wp-content\/uploads\/2021\/03\/Nos-lectures-Printemps-scaled.jpg?fit=1200%2C900&resize=700%2C400 2x, https:\/\/i0.wp.com\/www.jojoenherbe.com\/wp-content\/uploads\/2021\/03\/Nos-lectures-Printemps-scaled.jpg?fit=1200%2C900&resize=1050%2C600 3x"},"classes":[]},{"id":31069,"url":"http:\/\/www.jojoenherbe.com\/index.php\/2023\/06\/21\/au-fil-des-pages-avec-allons-aider-lete\/","url_meta":{"origin":18104,"position":2},"title":"Au fil des pages avec Allons aider l&rsquo;\u00e9t\u00e9","author":"Jojo","date":"21 juin 2023","format":false,"excerpt":"En ce premier jour d\u2019\u00e9t\u00e9 2023, nous avons lu Allons aider l\u2019\u00e9t\u00e9 de Laura Hedon (\u00e9d. Circonflexe, 2023, 48 pages), un album jeunesse \u00e0 partir de 5 ans. Petit-Louis le rouge-gorge et ses amis sont impatients de pouvoir partir en vacances avec l\u2019\u00c9t\u00e9. Comme chaque ann\u00e9e, ce dernier les prend\u2026","rel":"","context":"Dans &quot;Mini lecteur&quot;","block_context":{"text":"Mini lecteur","link":"http:\/\/www.jojoenherbe.com\/index.php\/category\/mini-lecteur\/"},"img":{"alt_text":"","src":"https:\/\/i0.wp.com\/www.jojoenherbe.com\/wp-content\/uploads\/2023\/06\/Allons-aider-lete-scaled.jpg?fit=1200%2C880&resize=350%2C200","width":350,"height":200,"srcset":"https:\/\/i0.wp.com\/www.jojoenherbe.com\/wp-content\/uploads\/2023\/06\/Allons-aider-lete-scaled.jpg?fit=1200%2C880&resize=350%2C200 1x, https:\/\/i0.wp.com\/www.jojoenherbe.com\/wp-content\/uploads\/2023\/06\/Allons-aider-lete-scaled.jpg?fit=1200%2C880&resize=525%2C300 1.5x, https:\/\/i0.wp.com\/www.jojoenherbe.com\/wp-content\/uploads\/2023\/06\/Allons-aider-lete-scaled.jpg?fit=1200%2C880&resize=700%2C400 2x, https:\/\/i0.wp.com\/www.jojoenherbe.com\/wp-content\/uploads\/2023\/06\/Allons-aider-lete-scaled.jpg?fit=1200%2C880&resize=1050%2C600 3x"},"classes":[]},{"id":31146,"url":"http:\/\/www.jojoenherbe.com\/index.php\/2023\/06\/26\/point-lecture-hebdomadaire-2023-25\/","url_meta":{"origin":18104,"position":3},"title":"Point lecture hebdomadaire 2023 #25","author":"Jojo","date":"26 juin 2023","format":false,"excerpt":"En ce d\u00e9but de semaine, voici notre point lecture hebdomadaire avec un retour sur nos lectures de la semaine derni\u00e8re (mais pas nos relectures). Nos lectures du 19 au 25 juin 2023: Des lectures jeunesse: (Album jeunesse) Allons aider l'\u00e9t\u00e9 de Laura Hedon Nous avons lu Allons aider l\u2019\u00e9t\u00e9 de\u2026","rel":"","context":"Dans &quot;Mini blogueur&quot;","block_context":{"text":"Mini blogueur","link":"http:\/\/www.jojoenherbe.com\/index.php\/category\/mini-blogueur\/"},"img":{"alt_text":"","src":"https:\/\/i0.wp.com\/www.jojoenherbe.com\/wp-content\/uploads\/2023\/06\/Point-lecture-hebdomadaire-2023-25-scaled.jpg?fit=1200%2C900&resize=350%2C200","width":350,"height":200,"srcset":"https:\/\/i0.wp.com\/www.jojoenherbe.com\/wp-content\/uploads\/2023\/06\/Point-lecture-hebdomadaire-2023-25-scaled.jpg?fit=1200%2C900&resize=350%2C200 1x, https:\/\/i0.wp.com\/www.jojoenherbe.com\/wp-content\/uploads\/2023\/06\/Point-lecture-hebdomadaire-2023-25-scaled.jpg?fit=1200%2C900&resize=525%2C300 1.5x, https:\/\/i0.wp.com\/www.jojoenherbe.com\/wp-content\/uploads\/2023\/06\/Point-lecture-hebdomadaire-2023-25-scaled.jpg?fit=1200%2C900&resize=700%2C400 2x, https:\/\/i0.wp.com\/www.jojoenherbe.com\/wp-content\/uploads\/2023\/06\/Point-lecture-hebdomadaire-2023-25-scaled.jpg?fit=1200%2C900&resize=1050%2C600 3x"},"classes":[]},{"id":14771,"url":"http:\/\/www.jojoenherbe.com\/index.php\/2021\/01\/03\/deuxieme-alphabet-des-animaux-o-comme-oie\/","url_meta":{"origin":18104,"position":4},"title":"Deuxi\u00e8me alphabet des animaux: O comme Oie","author":"Jojo","date":"3 janvier 2021","format":false,"excerpt":"Pour la semaine 38 de mon challenge de l'alphabet des animaux illustr\u00e9s sur Instagram #jojoenherbeetcieillustre qui associe la premi\u00e8re lettre d'un animal avec une illustration tir\u00e9e de la litt\u00e9rature jeunesse en suivant l'ordre de l'alphabet, il s'agit du O comme Oie. Alors voici notre s\u00e9lection d'oies qui sera mise \u00e0\u2026","rel":"","context":"Dans &quot;Mini challenger&quot;","block_context":{"text":"Mini challenger","link":"http:\/\/www.jojoenherbe.com\/index.php\/category\/mini-challenger\/"},"img":{"alt_text":"","src":"https:\/\/i0.wp.com\/www.jojoenherbe.com\/wp-content\/uploads\/2021\/01\/Selection-doies-1-scaled.jpg?fit=1200%2C840&resize=350%2C200","width":350,"height":200,"srcset":"https:\/\/i0.wp.com\/www.jojoenherbe.com\/wp-content\/uploads\/2021\/01\/Selection-doies-1-scaled.jpg?fit=1200%2C840&resize=350%2C200 1x, https:\/\/i0.wp.com\/www.jojoenherbe.com\/wp-content\/uploads\/2021\/01\/Selection-doies-1-scaled.jpg?fit=1200%2C840&resize=525%2C300 1.5x, https:\/\/i0.wp.com\/www.jojoenherbe.com\/wp-content\/uploads\/2021\/01\/Selection-doies-1-scaled.jpg?fit=1200%2C840&resize=700%2C400 2x, https:\/\/i0.wp.com\/www.jojoenherbe.com\/wp-content\/uploads\/2021\/01\/Selection-doies-1-scaled.jpg?fit=1200%2C840&resize=1050%2C600 3x"},"classes":[]},{"id":18210,"url":"http:\/\/www.jojoenherbe.com\/index.php\/2021\/05\/13\/au-fil-des-pages-avec-un-peu-beaucoup\/","url_meta":{"origin":18104,"position":5},"title":"Au fil des pages avec Un peu beaucoup","author":"Jojo","date":"13 mai 2021","format":false,"excerpt":"Apr\u00e8s avoir lu C'est mon arbre, nous lisons Un peu beaucoup d'Olivier Tallec (\u00e9d. L'\u00e9cole des loisirs, 2020), un album jeunesse \u00e0 partir de 3 ans. J'ai d'ailleurs pr\u00e9f\u00e9r\u00e9 cette suite. Nous retrouvons le petit \u00e9cureuil roux possessif qui se d\u00e9lecte de ses pommes de pin. Il ne cesse de\u2026","rel":"","context":"Dans &quot;Mini lecteur&quot;","block_context":{"text":"Mini lecteur","link":"http:\/\/www.jojoenherbe.com\/index.php\/category\/mini-lecteur\/"},"img":{"alt_text":"","src":"https:\/\/i0.wp.com\/www.jojoenherbe.com\/wp-content\/uploads\/2021\/05\/Un-peu-beaucoup-scaled.jpg?fit=1200%2C900&resize=350%2C200","width":350,"height":200,"srcset":"https:\/\/i0.wp.com\/www.jojoenherbe.com\/wp-content\/uploads\/2021\/05\/Un-peu-beaucoup-scaled.jpg?fit=1200%2C900&resize=350%2C200 1x, https:\/\/i0.wp.com\/www.jojoenherbe.com\/wp-content\/uploads\/2021\/05\/Un-peu-beaucoup-scaled.jpg?fit=1200%2C900&resize=525%2C300 1.5x, https:\/\/i0.wp.com\/www.jojoenherbe.com\/wp-content\/uploads\/2021\/05\/Un-peu-beaucoup-scaled.jpg?fit=1200%2C900&resize=700%2C400 2x, https:\/\/i0.wp.com\/www.jojoenherbe.com\/wp-content\/uploads\/2021\/05\/Un-peu-beaucoup-scaled.jpg?fit=1200%2C900&resize=1050%2C600 3x"},"classes":[]}],"_links":{"self":[{"href":"http:\/\/www.jojoenherbe.com\/index.php\/wp-json\/wp\/v2\/posts\/18104","targetHints":{"allow":["GET"]}}],"collection":[{"href":"http:\/\/www.jojoenherbe.com\/index.php\/wp-json\/wp\/v2\/posts"}],"about":[{"href":"http:\/\/www.jojoenherbe.com\/index.php\/wp-json\/wp\/v2\/types\/post"}],"author":[{"embeddable":true,"href":"http:\/\/www.jojoenherbe.com\/index.php\/wp-json\/wp\/v2\/users\/1"}],"replies":[{"embeddable":true,"href":"http:\/\/www.jojoenherbe.com\/index.php\/wp-json\/wp\/v2\/comments?post=18104"}],"version-history":[{"count":0,"href":"http:\/\/www.jojoenherbe.com\/index.php\/wp-json\/wp\/v2\/posts\/18104\/revisions"}],"wp:featuredmedia":[{"embeddable":true,"href":"http:\/\/www.jojoenherbe.com\/index.php\/wp-json\/wp\/v2\/media\/18108"}],"wp:attachment":[{"href":"http:\/\/www.jojoenherbe.com\/index.php\/wp-json\/wp\/v2\/media?parent=18104"}],"wp:term":[{"taxonomy":"category","embeddable":true,"href":"http:\/\/www.jojoenherbe.com\/index.php\/wp-json\/wp\/v2\/categories?post=18104"},{"taxonomy":"post_tag","embeddable":true,"href":"http:\/\/www.jojoenherbe.com\/index.php\/wp-json\/wp\/v2\/tags?post=18104"}],"curies":[{"name":"wp","href":"https:\/\/api.w.org\/{rel}","templated":true}]}}