{"id":17933,"date":"2021-04-29T10:31:25","date_gmt":"2021-04-29T08:31:25","guid":{"rendered":"http:\/\/www.jojoenherbe.com\/?p=17933"},"modified":"2022-08-08T16:55:21","modified_gmt":"2022-08-08T14:55:21","slug":"au-fil-des-pages-avec-mukashi-mukashi-contes-du-japon","status":"publish","type":"post","link":"http:\/\/www.jojoenherbe.com\/index.php\/2021\/04\/29\/au-fil-des-pages-avec-mukashi-mukashi-contes-du-japon\/","title":{"rendered":"Au fil des pages avec Mukashi Mukashi, Contes du Japon"},"content":{"rendered":"<p style=\"text-align: justify;\"><em><span lang=\"FR\">Pour la journ\u00e9e du 27 avril 2021 consacr\u00e9 \u00e0 un titre publi\u00e9 par les \u00e9ditions Issekinicho, j&rsquo;ai choisi les deux premiers recueils de <strong><span style=\"text-decoration: underline;\">Mukashi Mukashi, Contes du Japon<\/span><\/strong><\/span><\/em><em><span lang=\"FR\">\u00a0reprenant des contes du folklore japonais \u00e0 partir de 5 ans.<\/span><\/em><\/p>\n<p style=\"text-align: justify;\"><em><a href=\"https:\/\/i0.wp.com\/www.jojoenherbe.com\/wp-content\/uploads\/2021\/04\/Mukashi-Mukashi-Contes-du-Japon-T1-scaled.jpg\"><img data-recalc-dims=\"1\" loading=\"lazy\" decoding=\"async\" data-attachment-id=\"17982\" data-permalink=\"http:\/\/www.jojoenherbe.com\/index.php\/2021\/04\/29\/au-fil-des-pages-avec-mukashi-mukashi-contes-du-japon\/mukashi-mukashi-contes-du-japon-t1\/\" data-orig-file=\"https:\/\/i0.wp.com\/www.jojoenherbe.com\/wp-content\/uploads\/2021\/04\/Mukashi-Mukashi-Contes-du-Japon-T1-scaled.jpg?fit=2560%2C1879\" data-orig-size=\"2560,1879\" data-comments-opened=\"1\" data-image-meta=\"{&quot;aperture&quot;:&quot;1.8&quot;,&quot;credit&quot;:&quot;&quot;,&quot;camera&quot;:&quot;iPhone 7&quot;,&quot;caption&quot;:&quot;&quot;,&quot;created_timestamp&quot;:&quot;1619540092&quot;,&quot;copyright&quot;:&quot;&quot;,&quot;focal_length&quot;:&quot;3.99&quot;,&quot;iso&quot;:&quot;100&quot;,&quot;shutter_speed&quot;:&quot;0.058823529411765&quot;,&quot;title&quot;:&quot;&quot;,&quot;orientation&quot;:&quot;1&quot;}\" data-image-title=\"Mukashi Mukashi, Contes du Japon T1\" data-image-description=\"\" data-image-caption=\"\" data-large-file=\"https:\/\/i0.wp.com\/www.jojoenherbe.com\/wp-content\/uploads\/2021\/04\/Mukashi-Mukashi-Contes-du-Japon-T1-scaled.jpg?fit=676%2C496\" class=\"alignleft size-thumbnail wp-image-17982\" src=\"https:\/\/i0.wp.com\/www.jojoenherbe.com\/wp-content\/uploads\/2021\/04\/Mukashi-Mukashi-Contes-du-Japon-T1.jpg?resize=150%2C150\" alt=\"\" width=\"150\" height=\"150\" srcset=\"https:\/\/i0.wp.com\/www.jojoenherbe.com\/wp-content\/uploads\/2021\/04\/Mukashi-Mukashi-Contes-du-Japon-T1-scaled.jpg?resize=150%2C150 150w, https:\/\/i0.wp.com\/www.jojoenherbe.com\/wp-content\/uploads\/2021\/04\/Mukashi-Mukashi-Contes-du-Japon-T1-scaled.jpg?zoom=2&amp;resize=150%2C150 300w, https:\/\/i0.wp.com\/www.jojoenherbe.com\/wp-content\/uploads\/2021\/04\/Mukashi-Mukashi-Contes-du-Japon-T1-scaled.jpg?zoom=3&amp;resize=150%2C150 450w\" sizes=\"auto, (max-width: 150px) 100vw, 150px\" \/><\/a>Dans le <strong>premier recueil<\/strong> d&rsquo;<span lang=\"FR\">Alexandre Bonnefoy<\/span> <span lang=\"FR\">(\u00e9d. Issekinicho, 2019), nous lisons trois histoires, la plus longue \u00e9tant la premi\u00e8re. Les illustrations sont rondes, color\u00e9es et enfantines.<\/span><\/em><\/p>\n<ul>\n<li style=\"text-align: justify;\"><em><span style=\"text-decoration: underline;\"><a href=\"https:\/\/i0.wp.com\/www.jojoenherbe.com\/wp-content\/uploads\/2021\/04\/Mukashi-Mukashi-Contes-du-Japon-T1-2-scaled.jpg\"><img data-recalc-dims=\"1\" loading=\"lazy\" decoding=\"async\" data-attachment-id=\"17979\" data-permalink=\"http:\/\/www.jojoenherbe.com\/index.php\/2021\/04\/29\/au-fil-des-pages-avec-mukashi-mukashi-contes-du-japon\/mukashi-mukashi-contes-du-japon-t1-2\/\" data-orig-file=\"https:\/\/i0.wp.com\/www.jojoenherbe.com\/wp-content\/uploads\/2021\/04\/Mukashi-Mukashi-Contes-du-Japon-T1-2-scaled.jpg?fit=2560%2C1663\" data-orig-size=\"2560,1663\" data-comments-opened=\"1\" data-image-meta=\"{&quot;aperture&quot;:&quot;1.8&quot;,&quot;credit&quot;:&quot;&quot;,&quot;camera&quot;:&quot;iPhone 7&quot;,&quot;caption&quot;:&quot;&quot;,&quot;created_timestamp&quot;:&quot;1619540143&quot;,&quot;copyright&quot;:&quot;&quot;,&quot;focal_length&quot;:&quot;3.99&quot;,&quot;iso&quot;:&quot;100&quot;,&quot;shutter_speed&quot;:&quot;0.071428571428571&quot;,&quot;title&quot;:&quot;&quot;,&quot;orientation&quot;:&quot;1&quot;}\" data-image-title=\"Mukashi Mukashi, Contes du Japon T1 2\" data-image-description=\"\" data-image-caption=\"\" data-large-file=\"https:\/\/i0.wp.com\/www.jojoenherbe.com\/wp-content\/uploads\/2021\/04\/Mukashi-Mukashi-Contes-du-Japon-T1-2-scaled.jpg?fit=676%2C439\" class=\"size-thumbnail wp-image-17979 alignright\" src=\"https:\/\/i0.wp.com\/www.jojoenherbe.com\/wp-content\/uploads\/2021\/04\/Mukashi-Mukashi-Contes-du-Japon-T1-2.jpg?resize=150%2C150\" alt=\"\" width=\"150\" height=\"150\" srcset=\"https:\/\/i0.wp.com\/www.jojoenherbe.com\/wp-content\/uploads\/2021\/04\/Mukashi-Mukashi-Contes-du-Japon-T1-2-scaled.jpg?resize=150%2C150 150w, https:\/\/i0.wp.com\/www.jojoenherbe.com\/wp-content\/uploads\/2021\/04\/Mukashi-Mukashi-Contes-du-Japon-T1-2-scaled.jpg?zoom=2&amp;resize=150%2C150 300w, https:\/\/i0.wp.com\/www.jojoenherbe.com\/wp-content\/uploads\/2021\/04\/Mukashi-Mukashi-Contes-du-Japon-T1-2-scaled.jpg?zoom=3&amp;resize=150%2C150 450w\" sizes=\"auto, (max-width: 150px) 100vw, 150px\" \/><\/a><strong>Issun B\u00f4shi<\/strong><\/span>: le conte est semblable \u00e0 celui que nous avions d\u00e9j\u00e0 lu <span lang=\"FR\">il y a quelques jours: <a href=\"http:\/\/www.jojoenherbe.com\/index.php\/2021\/04\/19\/au-fil-des-pages-avec-issunboshi-le-petit-samourai\/\"><span style=\"text-decoration: underline;\">Issunb\u00f4shi, le petit samoura\u00ef<\/span><\/a> d\u2019Alice Bri\u00e8re-Haquet et Sanoe (\u00e9d. Nobi Nobi!, 2016). Le jeune gar\u00e7on pas plus grand qu&rsquo;un pouce se montre courageux, pr\u00eat \u00e0 affronter de redoutables onis. Nous retrouvons les m\u00eames th\u00e8mes abord\u00e9s: qu\u00eate initiatique, aventures, romance et pers\u00e9v\u00e9rance&#8230;<\/span><\/em><\/li>\n<li style=\"text-align: justify;\"><em><span style=\"text-decoration: underline;\"><a href=\"https:\/\/i0.wp.com\/www.jojoenherbe.com\/wp-content\/uploads\/2021\/04\/Mukashi-Mukashi-Contes-du-Japon-T1-5-scaled.jpg\"><img data-recalc-dims=\"1\" loading=\"lazy\" decoding=\"async\" data-attachment-id=\"17987\" data-permalink=\"http:\/\/www.jojoenherbe.com\/index.php\/2021\/04\/29\/au-fil-des-pages-avec-mukashi-mukashi-contes-du-japon\/mukashi-mukashi-contes-du-japon-t1-5\/\" data-orig-file=\"https:\/\/i0.wp.com\/www.jojoenherbe.com\/wp-content\/uploads\/2021\/04\/Mukashi-Mukashi-Contes-du-Japon-T1-5-scaled.jpg?fit=1920%2C2560\" data-orig-size=\"1920,2560\" data-comments-opened=\"1\" data-image-meta=\"{&quot;aperture&quot;:&quot;1.8&quot;,&quot;credit&quot;:&quot;&quot;,&quot;camera&quot;:&quot;iPhone 7&quot;,&quot;caption&quot;:&quot;&quot;,&quot;created_timestamp&quot;:&quot;1619691902&quot;,&quot;copyright&quot;:&quot;&quot;,&quot;focal_length&quot;:&quot;3.99&quot;,&quot;iso&quot;:&quot;100&quot;,&quot;shutter_speed&quot;:&quot;0.071428571428571&quot;,&quot;title&quot;:&quot;&quot;,&quot;orientation&quot;:&quot;1&quot;}\" data-image-title=\"Mukashi Mukashi, Contes du Japon T1 5\" data-image-description=\"\" data-image-caption=\"\" data-large-file=\"https:\/\/i0.wp.com\/www.jojoenherbe.com\/wp-content\/uploads\/2021\/04\/Mukashi-Mukashi-Contes-du-Japon-T1-5-scaled.jpg?fit=676%2C901\" class=\"alignleft size-thumbnail wp-image-17987\" src=\"https:\/\/i0.wp.com\/www.jojoenherbe.com\/wp-content\/uploads\/2021\/04\/Mukashi-Mukashi-Contes-du-Japon-T1-5.jpg?resize=150%2C150\" alt=\"\" width=\"150\" height=\"150\" srcset=\"https:\/\/i0.wp.com\/www.jojoenherbe.com\/wp-content\/uploads\/2021\/04\/Mukashi-Mukashi-Contes-du-Japon-T1-5-scaled.jpg?resize=150%2C150 150w, https:\/\/i0.wp.com\/www.jojoenherbe.com\/wp-content\/uploads\/2021\/04\/Mukashi-Mukashi-Contes-du-Japon-T1-5-scaled.jpg?zoom=2&amp;resize=150%2C150 300w, https:\/\/i0.wp.com\/www.jojoenherbe.com\/wp-content\/uploads\/2021\/04\/Mukashi-Mukashi-Contes-du-Japon-T1-5-scaled.jpg?zoom=3&amp;resize=150%2C150 450w\" sizes=\"auto, (max-width: 150px) 100vw, 150px\" \/><\/a><strong>Un mariage venteux<\/strong><\/span>: une jeune femme venant de se marier se retient de p\u00e9ter. Et si pourtant ses pets \u00e9taient magiques? Derri\u00e8re cette histoire de pets et de prouts, on peut se dire qu&rsquo;un d\u00e9faut peut devenir une qualit\u00e9.<\/em><\/li>\n<li style=\"text-align: justify;\"><em><span style=\"text-decoration: underline;\"><a href=\"https:\/\/i0.wp.com\/www.jojoenherbe.com\/wp-content\/uploads\/2021\/04\/Mukashi-Mukashi-Contes-du-Japon-T1-4-scaled.jpg\"><img data-recalc-dims=\"1\" loading=\"lazy\" decoding=\"async\" data-attachment-id=\"17981\" data-permalink=\"http:\/\/www.jojoenherbe.com\/index.php\/2021\/04\/29\/au-fil-des-pages-avec-mukashi-mukashi-contes-du-japon\/mukashi-mukashi-contes-du-japon-t1-4\/\" data-orig-file=\"https:\/\/i0.wp.com\/www.jojoenherbe.com\/wp-content\/uploads\/2021\/04\/Mukashi-Mukashi-Contes-du-Japon-T1-4-scaled.jpg?fit=2560%2C1920\" data-orig-size=\"2560,1920\" data-comments-opened=\"1\" data-image-meta=\"{&quot;aperture&quot;:&quot;1.8&quot;,&quot;credit&quot;:&quot;&quot;,&quot;camera&quot;:&quot;iPhone 7&quot;,&quot;caption&quot;:&quot;&quot;,&quot;created_timestamp&quot;:&quot;1619540198&quot;,&quot;copyright&quot;:&quot;&quot;,&quot;focal_length&quot;:&quot;3.99&quot;,&quot;iso&quot;:&quot;100&quot;,&quot;shutter_speed&quot;:&quot;0.058823529411765&quot;,&quot;title&quot;:&quot;&quot;,&quot;orientation&quot;:&quot;1&quot;}\" data-image-title=\"Mukashi Mukashi, Contes du Japon T1 4\" data-image-description=\"\" data-image-caption=\"\" data-large-file=\"https:\/\/i0.wp.com\/www.jojoenherbe.com\/wp-content\/uploads\/2021\/04\/Mukashi-Mukashi-Contes-du-Japon-T1-4-scaled.jpg?fit=676%2C507\" class=\"size-thumbnail wp-image-17981 alignright\" src=\"https:\/\/i0.wp.com\/www.jojoenherbe.com\/wp-content\/uploads\/2021\/04\/Mukashi-Mukashi-Contes-du-Japon-T1-4.jpg?resize=150%2C150\" alt=\"\" width=\"150\" height=\"150\" srcset=\"https:\/\/i0.wp.com\/www.jojoenherbe.com\/wp-content\/uploads\/2021\/04\/Mukashi-Mukashi-Contes-du-Japon-T1-4-scaled.jpg?resize=150%2C150 150w, https:\/\/i0.wp.com\/www.jojoenherbe.com\/wp-content\/uploads\/2021\/04\/Mukashi-Mukashi-Contes-du-Japon-T1-4-scaled.jpg?zoom=2&amp;resize=150%2C150 300w, https:\/\/i0.wp.com\/www.jojoenherbe.com\/wp-content\/uploads\/2021\/04\/Mukashi-Mukashi-Contes-du-Japon-T1-4-scaled.jpg?zoom=3&amp;resize=150%2C150 450w\" sizes=\"auto, (max-width: 150px) 100vw, 150px\" \/><\/a><strong>Le voyage du mille-pattes<\/strong><\/span>: un mille-pattes part chercher un docteur pour soigner un ami malade mais il tarde. Cette histoire courte est rigolote dans sa chute.<\/em><\/li>\n<\/ul>\n<p style=\"text-align: justify;\"><em><a href=\"https:\/\/i0.wp.com\/www.jojoenherbe.com\/wp-content\/uploads\/2021\/04\/Mukashi-Mukashi-Contes-du-Japon-T2-scaled.jpg\"><img data-recalc-dims=\"1\" loading=\"lazy\" decoding=\"async\" data-attachment-id=\"17986\" data-permalink=\"http:\/\/www.jojoenherbe.com\/index.php\/2021\/04\/29\/au-fil-des-pages-avec-mukashi-mukashi-contes-du-japon\/mukashi-mukashi-contes-du-japon-t2\/\" data-orig-file=\"https:\/\/i0.wp.com\/www.jojoenherbe.com\/wp-content\/uploads\/2021\/04\/Mukashi-Mukashi-Contes-du-Japon-T2-scaled.jpg?fit=2560%2C1920\" data-orig-size=\"2560,1920\" data-comments-opened=\"1\" data-image-meta=\"{&quot;aperture&quot;:&quot;1.8&quot;,&quot;credit&quot;:&quot;&quot;,&quot;camera&quot;:&quot;iPhone 7&quot;,&quot;caption&quot;:&quot;&quot;,&quot;created_timestamp&quot;:&quot;1619540215&quot;,&quot;copyright&quot;:&quot;&quot;,&quot;focal_length&quot;:&quot;3.99&quot;,&quot;iso&quot;:&quot;100&quot;,&quot;shutter_speed&quot;:&quot;0.076923076923077&quot;,&quot;title&quot;:&quot;&quot;,&quot;orientation&quot;:&quot;1&quot;}\" data-image-title=\"Mukashi Mukashi, Contes du Japon T2\" data-image-description=\"\" data-image-caption=\"\" data-large-file=\"https:\/\/i0.wp.com\/www.jojoenherbe.com\/wp-content\/uploads\/2021\/04\/Mukashi-Mukashi-Contes-du-Japon-T2-scaled.jpg?fit=676%2C507\" class=\"alignleft size-thumbnail wp-image-17986\" src=\"https:\/\/i0.wp.com\/www.jojoenherbe.com\/wp-content\/uploads\/2021\/04\/Mukashi-Mukashi-Contes-du-Japon-T2.jpg?resize=150%2C150\" alt=\"\" width=\"150\" height=\"150\" srcset=\"https:\/\/i0.wp.com\/www.jojoenherbe.com\/wp-content\/uploads\/2021\/04\/Mukashi-Mukashi-Contes-du-Japon-T2-scaled.jpg?resize=150%2C150 150w, https:\/\/i0.wp.com\/www.jojoenherbe.com\/wp-content\/uploads\/2021\/04\/Mukashi-Mukashi-Contes-du-Japon-T2-scaled.jpg?zoom=2&amp;resize=150%2C150 300w, https:\/\/i0.wp.com\/www.jojoenherbe.com\/wp-content\/uploads\/2021\/04\/Mukashi-Mukashi-Contes-du-Japon-T2-scaled.jpg?zoom=3&amp;resize=150%2C150 450w\" sizes=\"auto, (max-width: 150px) 100vw, 150px\" \/><\/a>Puis nous lisons le <strong>deuxi\u00e8me recueil<\/strong> de <span lang=\"FR\"><strong><span style=\"text-decoration: underline;\">Mukashi Mukashi, Contes du Japon<\/span> <\/strong>de Delphine Vaufrey (\u00e9d. Issekinicho, 2019) qui comprend \u00e9galement trois histoires: <\/span><\/em><\/p>\n<ul>\n<li style=\"text-align: justify;\"><em><span style=\"text-decoration: underline;\"><a href=\"https:\/\/i0.wp.com\/www.jojoenherbe.com\/wp-content\/uploads\/2021\/04\/Mukashi-Mukashi-Contes-du-Japon-T2-2-scaled.jpg\"><img data-recalc-dims=\"1\" loading=\"lazy\" decoding=\"async\" data-attachment-id=\"17983\" data-permalink=\"http:\/\/www.jojoenherbe.com\/index.php\/2021\/04\/29\/au-fil-des-pages-avec-mukashi-mukashi-contes-du-japon\/mukashi-mukashi-contes-du-japon-t2-2\/\" data-orig-file=\"https:\/\/i0.wp.com\/www.jojoenherbe.com\/wp-content\/uploads\/2021\/04\/Mukashi-Mukashi-Contes-du-Japon-T2-2-scaled.jpg?fit=1920%2C2560\" data-orig-size=\"1920,2560\" data-comments-opened=\"1\" data-image-meta=\"{&quot;aperture&quot;:&quot;1.8&quot;,&quot;credit&quot;:&quot;&quot;,&quot;camera&quot;:&quot;iPhone 7&quot;,&quot;caption&quot;:&quot;&quot;,&quot;created_timestamp&quot;:&quot;1619540254&quot;,&quot;copyright&quot;:&quot;&quot;,&quot;focal_length&quot;:&quot;3.99&quot;,&quot;iso&quot;:&quot;100&quot;,&quot;shutter_speed&quot;:&quot;0.058823529411765&quot;,&quot;title&quot;:&quot;&quot;,&quot;orientation&quot;:&quot;1&quot;}\" data-image-title=\"Mukashi Mukashi, Contes du Japon T2 2\" data-image-description=\"\" data-image-caption=\"\" data-large-file=\"https:\/\/i0.wp.com\/www.jojoenherbe.com\/wp-content\/uploads\/2021\/04\/Mukashi-Mukashi-Contes-du-Japon-T2-2-scaled.jpg?fit=676%2C901\" class=\"size-thumbnail wp-image-17983 alignright\" src=\"https:\/\/i0.wp.com\/www.jojoenherbe.com\/wp-content\/uploads\/2021\/04\/Mukashi-Mukashi-Contes-du-Japon-T2-2.jpg?resize=150%2C150\" alt=\"\" width=\"150\" height=\"150\" srcset=\"https:\/\/i0.wp.com\/www.jojoenherbe.com\/wp-content\/uploads\/2021\/04\/Mukashi-Mukashi-Contes-du-Japon-T2-2-scaled.jpg?resize=150%2C150 150w, https:\/\/i0.wp.com\/www.jojoenherbe.com\/wp-content\/uploads\/2021\/04\/Mukashi-Mukashi-Contes-du-Japon-T2-2-scaled.jpg?zoom=2&amp;resize=150%2C150 300w, https:\/\/i0.wp.com\/www.jojoenherbe.com\/wp-content\/uploads\/2021\/04\/Mukashi-Mukashi-Contes-du-Japon-T2-2-scaled.jpg?zoom=3&amp;resize=150%2C150 450w\" sizes=\"auto, (max-width: 150px) 100vw, 150px\" \/><\/a><strong>Le moineau \u00e0 la langue coup\u00e9e<\/strong><\/span>: Emiko est <\/em><em>une jeune fille orpheline et qui est \u00e9lev\u00e9e par sa m\u00e9chante tante. Elle se lie d&rsquo;amiti\u00e9 avec un moineau au joli chant. Et si ce moineau lui apportait le bonheur et la richesse? Cette histoire reprend la structure narrative d&rsquo;autres contes que nous avons d\u00e9j\u00e0 pu lire avec un objet magique ou un \u00eatre surnaturel qui peut selon la fa\u00e7on dont on se comporte apporter le bonheur ou le malheur. Cela me fait penser par exemple \u00e0 <a href=\"http:\/\/www.jojoenherbe.com\/index.php\/2020\/01\/28\/au-fil-des-pages-avec-dame-hiver\/\"><span style=\"text-decoration: underline;\">Dame Hiver<\/span><\/a> ou \u00e0\u00a0 <\/em><em><a href=\"http:\/\/www.jojoenherbe.com\/index.php\/2020\/09\/29\/au-fil-des-pages-avec-la-riviere-aux-crocodiles-baama-ba\/\"><span style=\"text-decoration: underline;\">La rivi\u00e8re aux crocodiles Baama-Ba<\/span><\/a>.<\/em><\/li>\n<li style=\"text-align: justify;\"><em><span style=\"text-decoration: underline;\"><a href=\"https:\/\/i0.wp.com\/www.jojoenherbe.com\/wp-content\/uploads\/2021\/04\/Mukashi-Mukashi-Contes-du-Japon-T2-3-scaled.jpg\"><img data-recalc-dims=\"1\" loading=\"lazy\" decoding=\"async\" data-attachment-id=\"17984\" data-permalink=\"http:\/\/www.jojoenherbe.com\/index.php\/2021\/04\/29\/au-fil-des-pages-avec-mukashi-mukashi-contes-du-japon\/mukashi-mukashi-contes-du-japon-t2-3\/\" data-orig-file=\"https:\/\/i0.wp.com\/www.jojoenherbe.com\/wp-content\/uploads\/2021\/04\/Mukashi-Mukashi-Contes-du-Japon-T2-3-scaled.jpg?fit=1920%2C2560\" data-orig-size=\"1920,2560\" data-comments-opened=\"1\" data-image-meta=\"{&quot;aperture&quot;:&quot;1.8&quot;,&quot;credit&quot;:&quot;&quot;,&quot;camera&quot;:&quot;iPhone 7&quot;,&quot;caption&quot;:&quot;&quot;,&quot;created_timestamp&quot;:&quot;1619540278&quot;,&quot;copyright&quot;:&quot;&quot;,&quot;focal_length&quot;:&quot;3.99&quot;,&quot;iso&quot;:&quot;100&quot;,&quot;shutter_speed&quot;:&quot;0.058823529411765&quot;,&quot;title&quot;:&quot;&quot;,&quot;orientation&quot;:&quot;1&quot;}\" data-image-title=\"Mukashi Mukashi, Contes du Japon T2 3\" data-image-description=\"\" data-image-caption=\"\" data-large-file=\"https:\/\/i0.wp.com\/www.jojoenherbe.com\/wp-content\/uploads\/2021\/04\/Mukashi-Mukashi-Contes-du-Japon-T2-3-scaled.jpg?fit=676%2C901\" class=\"alignleft size-thumbnail wp-image-17984\" src=\"https:\/\/i0.wp.com\/www.jojoenherbe.com\/wp-content\/uploads\/2021\/04\/Mukashi-Mukashi-Contes-du-Japon-T2-3.jpg?resize=150%2C150\" alt=\"\" width=\"150\" height=\"150\" srcset=\"https:\/\/i0.wp.com\/www.jojoenherbe.com\/wp-content\/uploads\/2021\/04\/Mukashi-Mukashi-Contes-du-Japon-T2-3-scaled.jpg?resize=150%2C150 150w, https:\/\/i0.wp.com\/www.jojoenherbe.com\/wp-content\/uploads\/2021\/04\/Mukashi-Mukashi-Contes-du-Japon-T2-3-scaled.jpg?zoom=2&amp;resize=150%2C150 300w, https:\/\/i0.wp.com\/www.jojoenherbe.com\/wp-content\/uploads\/2021\/04\/Mukashi-Mukashi-Contes-du-Japon-T2-3-scaled.jpg?zoom=3&amp;resize=150%2C150 450w\" sizes=\"auto, (max-width: 150px) 100vw, 150px\" \/><\/a><strong>Le singe et la tortue<\/strong><\/span>: au fond des oc\u00e9ans, la princesse Otohime entend manger un nouveau plat: le foie d&rsquo;un singe. Elle ordonne \u00e0 une tortue de lui ramener un singe. Le singe finira-t-il dans l&rsquo;assiette de la princesse? Mais comme dit l&rsquo;expression, malin comme un singe&#8230;<\/em><\/li>\n<li style=\"text-align: justify;\"><em><span style=\"text-decoration: underline;\"><a href=\"https:\/\/i0.wp.com\/www.jojoenherbe.com\/wp-content\/uploads\/2021\/04\/Mukashi-Mukashi-Contes-du-Japon-T2-4-scaled.jpg\"><img data-recalc-dims=\"1\" loading=\"lazy\" decoding=\"async\" data-attachment-id=\"17985\" data-permalink=\"http:\/\/www.jojoenherbe.com\/index.php\/2021\/04\/29\/au-fil-des-pages-avec-mukashi-mukashi-contes-du-japon\/mukashi-mukashi-contes-du-japon-t2-4\/\" data-orig-file=\"https:\/\/i0.wp.com\/www.jojoenherbe.com\/wp-content\/uploads\/2021\/04\/Mukashi-Mukashi-Contes-du-Japon-T2-4-scaled.jpg?fit=1920%2C2560\" data-orig-size=\"1920,2560\" data-comments-opened=\"1\" data-image-meta=\"{&quot;aperture&quot;:&quot;1.8&quot;,&quot;credit&quot;:&quot;&quot;,&quot;camera&quot;:&quot;iPhone 7&quot;,&quot;caption&quot;:&quot;&quot;,&quot;created_timestamp&quot;:&quot;1619540322&quot;,&quot;copyright&quot;:&quot;&quot;,&quot;focal_length&quot;:&quot;3.99&quot;,&quot;iso&quot;:&quot;100&quot;,&quot;shutter_speed&quot;:&quot;0.071428571428571&quot;,&quot;title&quot;:&quot;&quot;,&quot;orientation&quot;:&quot;1&quot;}\" data-image-title=\"Mukashi Mukashi, Contes du Japon T2 4\" data-image-description=\"\" data-image-caption=\"\" data-large-file=\"https:\/\/i0.wp.com\/www.jojoenherbe.com\/wp-content\/uploads\/2021\/04\/Mukashi-Mukashi-Contes-du-Japon-T2-4-scaled.jpg?fit=676%2C901\" class=\"size-thumbnail wp-image-17985 alignright\" src=\"https:\/\/i0.wp.com\/www.jojoenherbe.com\/wp-content\/uploads\/2021\/04\/Mukashi-Mukashi-Contes-du-Japon-T2-4.jpg?resize=150%2C150\" alt=\"\" width=\"150\" height=\"150\" srcset=\"https:\/\/i0.wp.com\/www.jojoenherbe.com\/wp-content\/uploads\/2021\/04\/Mukashi-Mukashi-Contes-du-Japon-T2-4-scaled.jpg?resize=150%2C150 150w, https:\/\/i0.wp.com\/www.jojoenherbe.com\/wp-content\/uploads\/2021\/04\/Mukashi-Mukashi-Contes-du-Japon-T2-4-scaled.jpg?zoom=2&amp;resize=150%2C150 300w, https:\/\/i0.wp.com\/www.jojoenherbe.com\/wp-content\/uploads\/2021\/04\/Mukashi-Mukashi-Contes-du-Japon-T2-4-scaled.jpg?zoom=3&amp;resize=150%2C150 450w\" sizes=\"auto, (max-width: 150px) 100vw, 150px\" \/><\/a><strong>Une peur \u00e9trange<\/strong><\/span>: la derni\u00e8re histoire de ce recueil est rigolote, un jeune gar\u00e7on gourmand se jouant de ses amis en r\u00e9v\u00e9lant une phobie \u00e9trange: il aurait peur des brioches. Une histoire parfaite pour le Challenge Des livres (et des \u00e9crans) en cuisine!<\/em><\/li>\n<\/ul>\n<div style=\"width: 118px\" class=\"wp-caption alignleft\"><img loading=\"lazy\" decoding=\"async\" class=\"attachment-post-image  wp-post-image\" src=\"https:\/\/i2.wp.com\/www.jojoenherbe.com\/wp-content\/uploads\/2021\/03\/logo-Un-mois-au-Japon-2021.jpeg?fit=676%2C676\" sizes=\"auto, (max-width: 676px) 100vw, 676px\" srcset=\"https:\/\/i2.wp.com\/www.jojoenherbe.com\/wp-content\/uploads\/2021\/03\/logo-Un-mois-au-Japon-2021.jpeg?w=1108 1108w, https:\/\/i2.wp.com\/www.jojoenherbe.com\/wp-content\/uploads\/2021\/03\/logo-Un-mois-au-Japon-2021.jpeg?resize=300%2C300 300w, https:\/\/i2.wp.com\/www.jojoenherbe.com\/wp-content\/uploads\/2021\/03\/logo-Un-mois-au-Japon-2021.jpeg?resize=1024%2C1024 1024w, https:\/\/i2.wp.com\/www.jojoenherbe.com\/wp-content\/uploads\/2021\/03\/logo-Un-mois-au-Japon-2021.jpeg?resize=150%2C150 150w, https:\/\/i2.wp.com\/www.jojoenherbe.com\/wp-content\/uploads\/2021\/03\/logo-Un-mois-au-Japon-2021.jpeg?resize=768%2C768 768w, https:\/\/i2.wp.com\/www.jojoenherbe.com\/wp-content\/uploads\/2021\/03\/logo-Un-mois-au-Japon-2021.jpeg?resize=676%2C676 676w\" alt=\"\" width=\"108\" height=\"108\" data-attachment-id=\"16886\" data-permalink=\"http:\/\/www.jojoenherbe.com\/?attachment_id=16886\" data-orig-file=\"https:\/\/i2.wp.com\/www.jojoenherbe.com\/wp-content\/uploads\/2021\/03\/logo-Un-mois-au-Japon-2021.jpeg?fit=1108%2C1108\" data-orig-size=\"1108,1108\" data-comments-opened=\"1\" data-image-meta=\"{&quot;aperture&quot;:&quot;0&quot;,&quot;credit&quot;:&quot;&quot;,&quot;camera&quot;:&quot;&quot;,&quot;caption&quot;:&quot;&quot;,&quot;created_timestamp&quot;:&quot;0&quot;,&quot;copyright&quot;:&quot;&quot;,&quot;focal_length&quot;:&quot;0&quot;,&quot;iso&quot;:&quot;0&quot;,&quot;shutter_speed&quot;:&quot;0&quot;,&quot;title&quot;:&quot;&quot;,&quot;orientation&quot;:&quot;0&quot;}\" data-image-title=\"logo Un mois au Japon 2021\" data-image-description=\"\" data-medium-file=\"https:\/\/i2.wp.com\/www.jojoenherbe.com\/wp-content\/uploads\/2021\/03\/logo-Un-mois-au-Japon-2021.jpeg?fit=300%2C300\" data-large-file=\"https:\/\/i2.wp.com\/www.jojoenherbe.com\/wp-content\/uploads\/2021\/03\/logo-Un-mois-au-Japon-2021.jpeg?fit=676%2C676\" \/><p class=\"wp-caption-text\">Participation #23 Un mois au Japon 2021 de <a href=\"https:\/\/lelivroblog.wordpress.com\/2021\/03\/30\/challenge-un-mois-au-japon-2021\/\">Hilde<\/a> et <a href=\"http:\/\/www.myloubook.com\/2021\/03\/30\/un-mois-au-japon-2021-4e-edition\/\">Lou<\/a> #Contes japonais<\/p><\/div>\n<div id=\"attachment_10219\" style=\"width: 107px\" class=\"wp-caption alignleft\"><img loading=\"lazy\" decoding=\"async\" aria-describedby=\"caption-attachment-10219\" data-attachment-id=\"10219\" data-permalink=\"http:\/\/www.jojoenherbe.com\/index.php\/2020\/03\/02\/au-fil-des-pages-avec-lievre-et-ours-sous-la-neige\/lievre-et-ours-sous-la-neige\/\" data-orig-file=\"https:\/\/i0.wp.com\/www.jojoenherbe.com\/wp-content\/uploads\/2020\/03\/Li%C3%A8vre-et-Ours-sous-la-neige-scaled.jpg?fit=2560%2C1892\" data-orig-size=\"2560,1892\" data-comments-opened=\"1\" data-image-meta=\"{&quot;aperture&quot;:&quot;2.4&quot;,&quot;credit&quot;:&quot;&quot;,&quot;camera&quot;:&quot;iPhone 4S&quot;,&quot;caption&quot;:&quot;&quot;,&quot;created_timestamp&quot;:&quot;1583147305&quot;,&quot;copyright&quot;:&quot;&quot;,&quot;focal_length&quot;:&quot;4.28&quot;,&quot;iso&quot;:&quot;640&quot;,&quot;shutter_speed&quot;:&quot;0.066666666666667&quot;,&quot;title&quot;:&quot;&quot;,&quot;orientation&quot;:&quot;1&quot;}\" data-image-title=\"Li\u00e8vre et Ours, sous la neige\" data-image-description=\"\" data-image-caption=\"\" data-large-file=\"https:\/\/i0.wp.com\/www.jojoenherbe.com\/wp-content\/uploads\/2020\/03\/Li%C3%A8vre-et-Ours-sous-la-neige-scaled.jpg?fit=676%2C500\" class=\"wp-image-10219\" src=\"https:\/\/i2.wp.com\/mapetitemediatheque.fr\/wp-content\/uploads\/2018\/11\/challenge-contes-et-l\u00e9gendes.jpg?resize=131%2C164\" sizes=\"auto, (max-width: 343px) 100vw, 343px\" srcset=\"https:\/\/i2.wp.com\/mapetitemediatheque.fr\/wp-content\/uploads\/2018\/11\/challenge-contes-et-l\u00e9gendes.jpg?resize=131%2C164 343w, http:\/\/mapetitemediatheque.fr\/wp-content\/uploads\/2018\/11\/challenge-contes-et-l\u00e9gendes-239x300.jpg 239w\" alt=\"\" width=\"97\" height=\"122\" aria-describedby=\"caption-attachment-10219\" data-attachment-id=\"10219\" data-permalink=\"http:\/\/www.jojoenherbe.com\/index.php\/2020\/03\/02\/au-fil-des-pages-avec-lievre-et-ours-sous-la-neige\/lievre-et-ours-sous-la-neige\/\" data-orig-file=\"https:\/\/i1.wp.com\/www.jojoenherbe.com\/wp-content\/uploads\/2020\/03\/Li\u00e8vre-et-Ours-sous-la-neige-scaled.jpg?fit=2560%2C1892\" data-orig-size=\"2560,1892\" data-comments-opened=\"1\" data-image-meta=\"{&quot;aperture&quot;:&quot;2.4&quot;,&quot;credit&quot;:&quot;&quot;,&quot;camera&quot;:&quot;iPhone 4S&quot;,&quot;caption&quot;:&quot;&quot;,&quot;created_timestamp&quot;:&quot;1583147305&quot;,&quot;copyright&quot;:&quot;&quot;,&quot;focal_length&quot;:&quot;4.28&quot;,&quot;iso&quot;:&quot;640&quot;,&quot;shutter_speed&quot;:&quot;0.066666666666667&quot;,&quot;title&quot;:&quot;&quot;,&quot;orientation&quot;:&quot;1&quot;}\" data-image-title=\"Li\u00e8vre et Ours, sous la neige\" data-image-description=\"\" data-medium-file=\"https:\/\/i1.wp.com\/www.jojoenherbe.com\/wp-content\/uploads\/2020\/03\/Li\u00e8vre-et-Ours-sous-la-neige-scaled.jpg?fit=300%2C222\" data-large-file=\"https:\/\/i1.wp.com\/www.jojoenherbe.com\/wp-content\/uploads\/2020\/03\/Li\u00e8vre-et-Ours-sous-la-neige-scaled.jpg?fit=676%2C500\" data-recalc-dims=\"1\" \/><p id=\"caption-attachment-10219\" class=\"wp-caption-text\">Participation #42 au Challenge Contes &amp; L\u00e9gendes 2021 de <a href=\"https:\/\/mapetitemediatheque.fr\/2020\/12\/challenge-contes-legendes-2021\/\">Bidib<\/a> #Contes japonais<\/p><\/div>\n<div style=\"width: 156px\" class=\"wp-caption alignleft\"><img data-recalc-dims=\"1\" loading=\"lazy\" decoding=\"async\" class=\"attachment-boston-list-medium  wp-post-image\" src=\"https:\/\/i0.wp.com\/avenuereinemathilde.com\/wp-content\/uploads\/2020\/12\/Challenge-femmes-auteures_paysage-720x380.jpg?resize=146%2C77&#038;ssl=1\" alt=\"challenge 2021 lire au f\u00e9minin\" width=\"146\" height=\"77\" \/><p class=\"wp-caption-text\">Participation #29 au Challenge Lire au f\u00e9minin de <a href=\"https:\/\/avenuereinemathilde.com\/challenge-lire-au-feminin-2021\/\">Tiphanya<\/a> #Autrice fran\u00e7aise<\/p><\/div>\n<div style=\"width: 137px\" class=\"wp-caption alignleft\"><img data-recalc-dims=\"1\" loading=\"lazy\" decoding=\"async\" class=\"nonealign widthoriginal\" src=\"https:\/\/i0.wp.com\/p4.storage.canalblog.com\/40\/68\/1394281\/128273873.png?resize=127%2C92&#038;ssl=1\" alt=\"\" width=\"127\" height=\"92\" border=\"0\" \/><p class=\"wp-caption-text\">Participation #51 Challenge Des livres (et des \u00e9crans) en cuisine de <a href=\"https:\/\/mapetitemediatheque.fr\/2020\/12\/des-livres-et-des-ecrans-en-cuisine-2021\/\">Bidib<\/a> et <a href=\"http:\/\/croquerlespages.canalblog.com\/archives\/2020\/12\/20\/38715076.html\">Fondant<\/a><\/p><\/div>\n\n\n<p><\/p>\n","protected":false},"excerpt":{"rendered":"<p>Pour la journ\u00e9e du 27 avril 2021 consacr\u00e9 \u00e0 un titre publi\u00e9 par les \u00e9ditions Issekinicho, j&rsquo;ai choisi les deux premiers recueils de Mukashi Mukashi, Contes du Japon\u00a0reprenant des contes du folklore japonais \u00e0 partir de 5 ans. Dans le premier recueil d&rsquo;Alexandre Bonnefoy (\u00e9d. Issekinicho, 2019), nous lisons trois histoires, la plus longue \u00e9tant [&hellip;]<\/p>\n","protected":false},"author":1,"featured_media":17978,"comment_status":"open","ping_status":"open","sticky":false,"template":"","format":"standard","meta":{"jetpack_post_was_ever_published":false,"_jetpack_newsletter_access":"","_jetpack_dont_email_post_to_subs":false,"_jetpack_newsletter_tier_id":0,"_jetpack_memberships_contains_paywalled_content":false,"_jetpack_memberships_contains_paid_content":false,"footnotes":""},"categories":[363],"tags":[995,2467,2481,2020,2377,245,9,2466,2019,868,538,2480,2325,2111,555,736,759,2035],"class_list":["post-17933","post","type-post","status-publish","format-standard","has-post-thumbnail","hentry","category-mini-lecteur","tag-5-8-ans","tag-alexandre-bonnefoy","tag-brioche","tag-challenge-contes-et-legendes-2021","tag-conte-japonais","tag-contes","tag-cuisine","tag-delphine-vaufrey","tag-des-livres-et-des-ecrans-en-cuisine-2021","tag-enfance","tag-humour","tag-issunboshi","tag-japon","tag-lire-au-feminin-2021","tag-peur","tag-singe","tag-tortue","tag-un-mois-au-japon-2021","post-preview"],"jetpack_featured_media_url":"https:\/\/i0.wp.com\/www.jojoenherbe.com\/wp-content\/uploads\/2021\/04\/Mukashi-Mukashi-Contes-du-Japon-scaled.jpg?fit=2560%2C1920","jetpack_sharing_enabled":true,"jetpack_shortlink":"https:\/\/wp.me\/p9zhGx-4Ff","jetpack_likes_enabled":true,"jetpack-related-posts":[{"id":16893,"url":"http:\/\/www.jojoenherbe.com\/index.php\/2021\/04\/01\/notre-pal-pour-un-mois-au-japon-2021\/","url_meta":{"origin":17933,"position":0},"title":"Notre PAL pour Un Mois au Japon 2021","author":"Jojo","date":"1 avril 2021","format":false,"excerpt":"Pour ce premier jour d'Un Mois au Japon 2021, Hilde et Lou nous proposent de pr\u00e9senter notre PAL (pile \u00e0 lire) pour le mois d'avril.\u00a0 C'est le moment id\u00e9al de pouvoir lire quelques mangas que je n'ai pas encore pu aller emprunter \u00e0 la m\u00e9diath\u00e8que. Heureusement, contrairement \u00e0 l'ann\u00e9e derni\u00e8re,\u2026","rel":"","context":"Dans &quot;Mini challenger&quot;","block_context":{"text":"Mini challenger","link":"http:\/\/www.jojoenherbe.com\/index.php\/category\/mini-challenger\/"},"img":{"alt_text":"","src":"https:\/\/i0.wp.com\/www.jojoenherbe.com\/wp-content\/uploads\/2021\/04\/PAL-Un-mois-au-Japon-2021-scaled.jpg?fit=1200%2C905&resize=350%2C200","width":350,"height":200,"srcset":"https:\/\/i0.wp.com\/www.jojoenherbe.com\/wp-content\/uploads\/2021\/04\/PAL-Un-mois-au-Japon-2021-scaled.jpg?fit=1200%2C905&resize=350%2C200 1x, https:\/\/i0.wp.com\/www.jojoenherbe.com\/wp-content\/uploads\/2021\/04\/PAL-Un-mois-au-Japon-2021-scaled.jpg?fit=1200%2C905&resize=525%2C300 1.5x, https:\/\/i0.wp.com\/www.jojoenherbe.com\/wp-content\/uploads\/2021\/04\/PAL-Un-mois-au-Japon-2021-scaled.jpg?fit=1200%2C905&resize=700%2C400 2x, https:\/\/i0.wp.com\/www.jojoenherbe.com\/wp-content\/uploads\/2021\/04\/PAL-Un-mois-au-Japon-2021-scaled.jpg?fit=1200%2C905&resize=1050%2C600 3x"},"classes":[]},{"id":16885,"url":"http:\/\/www.jojoenherbe.com\/index.php\/2021\/04\/01\/billet-de-suivi-un-mois-au-japon-2021\/","url_meta":{"origin":17933,"position":1},"title":"Billet de suivi: Un mois au Japon 2021","author":"Jojo","date":"1 avril 2021","format":false,"excerpt":"Apr\u00e8s un British Mysteries Month le mois dernier, Hilde et Lou organisent au mois d'avril 2021 Un mois au Japon. Nos deux coorganisatrices ont pr\u00e9vu un programme facultatif que je vais essayer de suivre le plus possible. Pour plus d\u2019infos, n\u2019h\u00e9sitez pas \u00e0 aller sur leurs blogs. Ce billet sera\u2026","rel":"","context":"Dans &quot;Mini challenger&quot;","block_context":{"text":"Mini challenger","link":"http:\/\/www.jojoenherbe.com\/index.php\/category\/mini-challenger\/"},"img":{"alt_text":"","src":"https:\/\/i0.wp.com\/www.jojoenherbe.com\/wp-content\/uploads\/2021\/03\/logo-Un-mois-au-Japon-2021.jpeg?fit=1108%2C1108&resize=350%2C200","width":350,"height":200,"srcset":"https:\/\/i0.wp.com\/www.jojoenherbe.com\/wp-content\/uploads\/2021\/03\/logo-Un-mois-au-Japon-2021.jpeg?fit=1108%2C1108&resize=350%2C200 1x, https:\/\/i0.wp.com\/www.jojoenherbe.com\/wp-content\/uploads\/2021\/03\/logo-Un-mois-au-Japon-2021.jpeg?fit=1108%2C1108&resize=525%2C300 1.5x, https:\/\/i0.wp.com\/www.jojoenherbe.com\/wp-content\/uploads\/2021\/03\/logo-Un-mois-au-Japon-2021.jpeg?fit=1108%2C1108&resize=700%2C400 2x, https:\/\/i0.wp.com\/www.jojoenherbe.com\/wp-content\/uploads\/2021\/03\/logo-Un-mois-au-Japon-2021.jpeg?fit=1108%2C1108&resize=1050%2C600 3x"},"classes":[]},{"id":17344,"url":"http:\/\/www.jojoenherbe.com\/index.php\/2021\/04\/19\/au-fil-des-pages-avec-issunboshi-le-petit-samourai\/","url_meta":{"origin":17933,"position":2},"title":"Au fil des pages avec Issunb\u00f4shi, le petit samoura\u00ef","author":"Jojo","date":"19 avril 2021","format":false,"excerpt":"J'emprunte \u00e0 la m\u00e9diath\u00e8que Issunb\u00f4shi, le petit samoura\u00ef d'Alice Bri\u00e8re-Haquet et Sanoe (\u00e9d. Nobi Nobi!, coll. Soleil Flottant, 2016), un album jeunesse \u00e0 partir de 6 ans et d\u00e9crit par l'\u00e9diteur comme une version japonaise de Tom Pouce ou du Petit Poucet, le d\u00e9but me faisant \u00e9galement penser \u00e0 Poucette.\u2026","rel":"","context":"Dans &quot;Mini lecteur&quot;","block_context":{"text":"Mini lecteur","link":"http:\/\/www.jojoenherbe.com\/index.php\/category\/mini-lecteur\/"},"img":{"alt_text":"","src":"https:\/\/i0.wp.com\/www.jojoenherbe.com\/wp-content\/uploads\/2021\/04\/Issunboshi-scaled.jpg?fit=1200%2C900&resize=350%2C200","width":350,"height":200,"srcset":"https:\/\/i0.wp.com\/www.jojoenherbe.com\/wp-content\/uploads\/2021\/04\/Issunboshi-scaled.jpg?fit=1200%2C900&resize=350%2C200 1x, https:\/\/i0.wp.com\/www.jojoenherbe.com\/wp-content\/uploads\/2021\/04\/Issunboshi-scaled.jpg?fit=1200%2C900&resize=525%2C300 1.5x, https:\/\/i0.wp.com\/www.jojoenherbe.com\/wp-content\/uploads\/2021\/04\/Issunboshi-scaled.jpg?fit=1200%2C900&resize=700%2C400 2x, https:\/\/i0.wp.com\/www.jojoenherbe.com\/wp-content\/uploads\/2021\/04\/Issunboshi-scaled.jpg?fit=1200%2C900&resize=1050%2C600 3x"},"classes":[]},{"id":18019,"url":"http:\/\/www.jojoenherbe.com\/index.php\/2021\/05\/03\/notre-mois-bloguesque-davril-2021\/","url_meta":{"origin":17933,"position":3},"title":"Notre mois bloguesque d&rsquo;avril 2021","author":"Jojo","date":"3 mai 2021","format":false,"excerpt":"C'est le premier du mois alors voici un petit retour bloguesque sur avril 2021 avec encore une fois beaucoup de lectures, surtout d\u00e9di\u00e9es \u00e0 la litt\u00e9rature japonaise. Le d\u00e9but du mois, avec le week-end de P\u00e2ques, nous avons fait et repris des lectures\/activit\u00e9s sur le th\u00e8me de P\u00e2ques. Nous continuons\u2026","rel":"","context":"Dans &quot;Mini blogueur&quot;","block_context":{"text":"Mini blogueur","link":"http:\/\/www.jojoenherbe.com\/index.php\/category\/mini-blogueur\/"},"img":{"alt_text":"","src":"https:\/\/i0.wp.com\/www.jojoenherbe.com\/wp-content\/uploads\/2021\/05\/Avril-2021-scaled.jpg?fit=1200%2C803&resize=350%2C200","width":350,"height":200,"srcset":"https:\/\/i0.wp.com\/www.jojoenherbe.com\/wp-content\/uploads\/2021\/05\/Avril-2021-scaled.jpg?fit=1200%2C803&resize=350%2C200 1x, https:\/\/i0.wp.com\/www.jojoenherbe.com\/wp-content\/uploads\/2021\/05\/Avril-2021-scaled.jpg?fit=1200%2C803&resize=525%2C300 1.5x, https:\/\/i0.wp.com\/www.jojoenherbe.com\/wp-content\/uploads\/2021\/05\/Avril-2021-scaled.jpg?fit=1200%2C803&resize=700%2C400 2x, https:\/\/i0.wp.com\/www.jojoenherbe.com\/wp-content\/uploads\/2021\/05\/Avril-2021-scaled.jpg?fit=1200%2C803&resize=1050%2C600 3x"},"classes":[]},{"id":17091,"url":"http:\/\/www.jojoenherbe.com\/index.php\/2021\/04\/06\/au-fil-des-pages-avec-les-amants-papillons\/","url_meta":{"origin":17933,"position":4},"title":"Au fil des pages avec Les amants papillons","author":"Jojo","date":"6 avril 2021","format":false,"excerpt":"Pour Un mois au Japon 2021, je lis un livre que j'avais rep\u00e9r\u00e9 depuis longtemps, Les amants papillons de Benjamin Lacombe (\u00e9d. Seuil Jeunesse, 2007), un album jeunesse grand format pour les 6\/9 ans selon l\u2019\u00e9diteur mais class\u00e9 dans la section Ados de notre m\u00e9diath\u00e8que et avec un petit lexique\u2026","rel":"","context":"Dans &quot;Mini lecteur&quot;","block_context":{"text":"Mini lecteur","link":"http:\/\/www.jojoenherbe.com\/index.php\/category\/mini-lecteur\/"},"img":{"alt_text":"","src":"https:\/\/i0.wp.com\/www.jojoenherbe.com\/wp-content\/uploads\/2021\/04\/Les-amants-papillons-1-scaled.jpg?fit=1200%2C900&resize=350%2C200","width":350,"height":200,"srcset":"https:\/\/i0.wp.com\/www.jojoenherbe.com\/wp-content\/uploads\/2021\/04\/Les-amants-papillons-1-scaled.jpg?fit=1200%2C900&resize=350%2C200 1x, https:\/\/i0.wp.com\/www.jojoenherbe.com\/wp-content\/uploads\/2021\/04\/Les-amants-papillons-1-scaled.jpg?fit=1200%2C900&resize=525%2C300 1.5x, https:\/\/i0.wp.com\/www.jojoenherbe.com\/wp-content\/uploads\/2021\/04\/Les-amants-papillons-1-scaled.jpg?fit=1200%2C900&resize=700%2C400 2x, https:\/\/i0.wp.com\/www.jojoenherbe.com\/wp-content\/uploads\/2021\/04\/Les-amants-papillons-1-scaled.jpg?fit=1200%2C900&resize=1050%2C600 3x"},"classes":[]},{"id":30468,"url":"http:\/\/www.jojoenherbe.com\/index.php\/2023\/04\/03\/au-fil-des-pages-avec-le-neige-express\/","url_meta":{"origin":17933,"position":5},"title":"Au fil des pages avec Le Neige Express","author":"Jojo","date":"3 avril 2023","format":false,"excerpt":"Parmi nos derni\u00e8res relectures hivernales, nous avons encore relu cette ann\u00e9e Le Neige Express de Naokata Mase (\u00e9d. Seuil Jeunesse, 2013), un album jeunesse \u00e0 partir de 3 ans et avec un double rabat. Dans la Prairie des neiges vit un renard qui adore les trains et les voir passer,\u2026","rel":"","context":"Dans &quot;Mini lecteur&quot;","block_context":{"text":"Mini lecteur","link":"http:\/\/www.jojoenherbe.com\/index.php\/category\/mini-lecteur\/"},"img":{"alt_text":"","src":"https:\/\/i0.wp.com\/www.jojoenherbe.com\/wp-content\/uploads\/2023\/04\/Le-Neige-Express-2-scaled.jpg?fit=1200%2C918&resize=350%2C200","width":350,"height":200,"srcset":"https:\/\/i0.wp.com\/www.jojoenherbe.com\/wp-content\/uploads\/2023\/04\/Le-Neige-Express-2-scaled.jpg?fit=1200%2C918&resize=350%2C200 1x, https:\/\/i0.wp.com\/www.jojoenherbe.com\/wp-content\/uploads\/2023\/04\/Le-Neige-Express-2-scaled.jpg?fit=1200%2C918&resize=525%2C300 1.5x, https:\/\/i0.wp.com\/www.jojoenherbe.com\/wp-content\/uploads\/2023\/04\/Le-Neige-Express-2-scaled.jpg?fit=1200%2C918&resize=700%2C400 2x, https:\/\/i0.wp.com\/www.jojoenherbe.com\/wp-content\/uploads\/2023\/04\/Le-Neige-Express-2-scaled.jpg?fit=1200%2C918&resize=1050%2C600 3x"},"classes":[]}],"_links":{"self":[{"href":"http:\/\/www.jojoenherbe.com\/index.php\/wp-json\/wp\/v2\/posts\/17933","targetHints":{"allow":["GET"]}}],"collection":[{"href":"http:\/\/www.jojoenherbe.com\/index.php\/wp-json\/wp\/v2\/posts"}],"about":[{"href":"http:\/\/www.jojoenherbe.com\/index.php\/wp-json\/wp\/v2\/types\/post"}],"author":[{"embeddable":true,"href":"http:\/\/www.jojoenherbe.com\/index.php\/wp-json\/wp\/v2\/users\/1"}],"replies":[{"embeddable":true,"href":"http:\/\/www.jojoenherbe.com\/index.php\/wp-json\/wp\/v2\/comments?post=17933"}],"version-history":[{"count":2,"href":"http:\/\/www.jojoenherbe.com\/index.php\/wp-json\/wp\/v2\/posts\/17933\/revisions"}],"predecessor-version":[{"id":26917,"href":"http:\/\/www.jojoenherbe.com\/index.php\/wp-json\/wp\/v2\/posts\/17933\/revisions\/26917"}],"wp:featuredmedia":[{"embeddable":true,"href":"http:\/\/www.jojoenherbe.com\/index.php\/wp-json\/wp\/v2\/media\/17978"}],"wp:attachment":[{"href":"http:\/\/www.jojoenherbe.com\/index.php\/wp-json\/wp\/v2\/media?parent=17933"}],"wp:term":[{"taxonomy":"category","embeddable":true,"href":"http:\/\/www.jojoenherbe.com\/index.php\/wp-json\/wp\/v2\/categories?post=17933"},{"taxonomy":"post_tag","embeddable":true,"href":"http:\/\/www.jojoenherbe.com\/index.php\/wp-json\/wp\/v2\/tags?post=17933"}],"curies":[{"name":"wp","href":"https:\/\/api.w.org\/{rel}","templated":true}]}}