{"id":17883,"date":"2021-04-27T09:35:58","date_gmt":"2021-04-27T07:35:58","guid":{"rendered":"http:\/\/www.jojoenherbe.com\/?p=17883"},"modified":"2021-04-29T10:11:18","modified_gmt":"2021-04-29T08:11:18","slug":"au-fil-des-pages-avec-capitaine-jules-et-les-pirates","status":"publish","type":"post","link":"http:\/\/www.jojoenherbe.com\/index.php\/2021\/04\/27\/au-fil-des-pages-avec-capitaine-jules-et-les-pirates\/","title":{"rendered":"Au fil des pages avec Capitaine Jules et les pirates"},"content":{"rendered":"<p style=\"text-align: justify;\"><em><a href=\"https:\/\/i0.wp.com\/www.jojoenherbe.com\/wp-content\/uploads\/2021\/04\/Capitaine-Jules-et-les-Pirates-3-scaled.jpg\"><img data-recalc-dims=\"1\" loading=\"lazy\" decoding=\"async\" data-attachment-id=\"17890\" data-permalink=\"http:\/\/www.jojoenherbe.com\/index.php\/2021\/04\/27\/au-fil-des-pages-avec-capitaine-jules-et-les-pirates\/capitaine-jules-et-les-pirates-3\/\" data-orig-file=\"https:\/\/i0.wp.com\/www.jojoenherbe.com\/wp-content\/uploads\/2021\/04\/Capitaine-Jules-et-les-Pirates-3-scaled.jpg?fit=2560%2C1665\" data-orig-size=\"2560,1665\" data-comments-opened=\"1\" data-image-meta=\"{&quot;aperture&quot;:&quot;1.8&quot;,&quot;credit&quot;:&quot;&quot;,&quot;camera&quot;:&quot;iPhone 7&quot;,&quot;caption&quot;:&quot;&quot;,&quot;created_timestamp&quot;:&quot;1619431638&quot;,&quot;copyright&quot;:&quot;&quot;,&quot;focal_length&quot;:&quot;3.99&quot;,&quot;iso&quot;:&quot;64&quot;,&quot;shutter_speed&quot;:&quot;0.058823529411765&quot;,&quot;title&quot;:&quot;&quot;,&quot;orientation&quot;:&quot;1&quot;}\" data-image-title=\"Capitaine Jules et les Pirates 3\" data-image-description=\"\" data-image-caption=\"\" data-large-file=\"https:\/\/i0.wp.com\/www.jojoenherbe.com\/wp-content\/uploads\/2021\/04\/Capitaine-Jules-et-les-Pirates-3-scaled.jpg?fit=676%2C440\" class=\"alignleft size-thumbnail wp-image-17890\" src=\"https:\/\/i0.wp.com\/www.jojoenherbe.com\/wp-content\/uploads\/2021\/04\/Capitaine-Jules-et-les-Pirates-3.jpg?resize=150%2C150\" alt=\"\" width=\"150\" height=\"150\" srcset=\"https:\/\/i0.wp.com\/www.jojoenherbe.com\/wp-content\/uploads\/2021\/04\/Capitaine-Jules-et-les-Pirates-3-scaled.jpg?resize=150%2C150 150w, https:\/\/i0.wp.com\/www.jojoenherbe.com\/wp-content\/uploads\/2021\/04\/Capitaine-Jules-et-les-Pirates-3-scaled.jpg?zoom=2&amp;resize=150%2C150 300w, https:\/\/i0.wp.com\/www.jojoenherbe.com\/wp-content\/uploads\/2021\/04\/Capitaine-Jules-et-les-Pirates-3-scaled.jpg?zoom=3&amp;resize=150%2C150 450w\" sizes=\"auto, (max-width: 150px) 100vw, 150px\" \/><\/a> <a href=\"https:\/\/i0.wp.com\/www.jojoenherbe.com\/wp-content\/uploads\/2021\/04\/Capitaine-Jules-et-les-Pirates-4-scaled.jpg\"><img data-recalc-dims=\"1\" loading=\"lazy\" decoding=\"async\" data-attachment-id=\"17891\" data-permalink=\"http:\/\/www.jojoenherbe.com\/index.php\/2021\/04\/27\/au-fil-des-pages-avec-capitaine-jules-et-les-pirates\/capitaine-jules-et-les-pirates-4\/\" data-orig-file=\"https:\/\/i0.wp.com\/www.jojoenherbe.com\/wp-content\/uploads\/2021\/04\/Capitaine-Jules-et-les-Pirates-4-scaled.jpg?fit=2560%2C1920\" data-orig-size=\"2560,1920\" data-comments-opened=\"1\" data-image-meta=\"{&quot;aperture&quot;:&quot;1.8&quot;,&quot;credit&quot;:&quot;&quot;,&quot;camera&quot;:&quot;iPhone 7&quot;,&quot;caption&quot;:&quot;&quot;,&quot;created_timestamp&quot;:&quot;1619431586&quot;,&quot;copyright&quot;:&quot;&quot;,&quot;focal_length&quot;:&quot;3.99&quot;,&quot;iso&quot;:&quot;100&quot;,&quot;shutter_speed&quot;:&quot;0.058823529411765&quot;,&quot;title&quot;:&quot;&quot;,&quot;orientation&quot;:&quot;1&quot;}\" data-image-title=\"Capitaine Jules et les Pirates 4\" data-image-description=\"\" data-image-caption=\"\" data-large-file=\"https:\/\/i0.wp.com\/www.jojoenherbe.com\/wp-content\/uploads\/2021\/04\/Capitaine-Jules-et-les-Pirates-4-scaled.jpg?fit=676%2C507\" class=\"alignleft size-thumbnail wp-image-17891\" src=\"https:\/\/i0.wp.com\/www.jojoenherbe.com\/wp-content\/uploads\/2021\/04\/Capitaine-Jules-et-les-Pirates-4.jpg?resize=150%2C150\" alt=\"\" width=\"150\" height=\"150\" srcset=\"https:\/\/i0.wp.com\/www.jojoenherbe.com\/wp-content\/uploads\/2021\/04\/Capitaine-Jules-et-les-Pirates-4-scaled.jpg?resize=150%2C150 150w, https:\/\/i0.wp.com\/www.jojoenherbe.com\/wp-content\/uploads\/2021\/04\/Capitaine-Jules-et-les-Pirates-4-scaled.jpg?zoom=2&amp;resize=150%2C150 300w, https:\/\/i0.wp.com\/www.jojoenherbe.com\/wp-content\/uploads\/2021\/04\/Capitaine-Jules-et-les-Pirates-4-scaled.jpg?zoom=3&amp;resize=150%2C150 450w\" sizes=\"auto, (max-width: 150px) 100vw, 150px\" \/><\/a>Nous empruntons \u00e0 la m\u00e9diath\u00e8que une nouvelle histoire de pirates ou plus exactement d&rsquo;enfants jouant sur la plage aux pirates. Il s&rsquo;agit de <span style=\"text-decoration: underline;\">Capitaine Jules et les pirates<\/span> de Peter Bentley et Helen Oxenbury (\u00e9d. L&rsquo;\u00e9cole des loisirs, 2016), un album jeunesse \u00e0 partir de 3 ans. Trois enfants, Jules, L\u00e9o et Gaspard, passent une journ\u00e9e \u00e0 la plage avec leurs parents. Ils construisent un bateau en sable qui se transforme, sous l&rsquo;effet de leur imagination, en un beau galion. Et les voil\u00e0 tous les trois partis \u00e0 l&rsquo;aventure. Mais gare aux pirates et \u00e0 la temp\u00eate!<\/em><\/p>\n<p style=\"text-align: justify;\"><em><a href=\"https:\/\/i0.wp.com\/www.jojoenherbe.com\/wp-content\/uploads\/2021\/04\/Capitaine-Jules-et-les-Pirates-5-scaled.jpg\"><img data-recalc-dims=\"1\" loading=\"lazy\" decoding=\"async\" data-attachment-id=\"17892\" data-permalink=\"http:\/\/www.jojoenherbe.com\/index.php\/2021\/04\/27\/au-fil-des-pages-avec-capitaine-jules-et-les-pirates\/capitaine-jules-et-les-pirates-5\/\" data-orig-file=\"https:\/\/i0.wp.com\/www.jojoenherbe.com\/wp-content\/uploads\/2021\/04\/Capitaine-Jules-et-les-Pirates-5-scaled.jpg?fit=1920%2C2560\" data-orig-size=\"1920,2560\" data-comments-opened=\"1\" data-image-meta=\"{&quot;aperture&quot;:&quot;1.8&quot;,&quot;credit&quot;:&quot;&quot;,&quot;camera&quot;:&quot;iPhone 7&quot;,&quot;caption&quot;:&quot;&quot;,&quot;created_timestamp&quot;:&quot;1619431608&quot;,&quot;copyright&quot;:&quot;&quot;,&quot;focal_length&quot;:&quot;3.99&quot;,&quot;iso&quot;:&quot;80&quot;,&quot;shutter_speed&quot;:&quot;0.058823529411765&quot;,&quot;title&quot;:&quot;&quot;,&quot;orientation&quot;:&quot;1&quot;}\" data-image-title=\"Capitaine Jules et les Pirates 5\" data-image-description=\"\" data-image-caption=\"\" data-large-file=\"https:\/\/i0.wp.com\/www.jojoenherbe.com\/wp-content\/uploads\/2021\/04\/Capitaine-Jules-et-les-Pirates-5-scaled.jpg?fit=676%2C901\" class=\"size-thumbnail wp-image-17892 alignright\" src=\"https:\/\/i0.wp.com\/www.jojoenherbe.com\/wp-content\/uploads\/2021\/04\/Capitaine-Jules-et-les-Pirates-5.jpg?resize=150%2C150\" alt=\"\" width=\"150\" height=\"150\" srcset=\"https:\/\/i0.wp.com\/www.jojoenherbe.com\/wp-content\/uploads\/2021\/04\/Capitaine-Jules-et-les-Pirates-5-scaled.jpg?resize=150%2C150 150w, https:\/\/i0.wp.com\/www.jojoenherbe.com\/wp-content\/uploads\/2021\/04\/Capitaine-Jules-et-les-Pirates-5-scaled.jpg?zoom=2&amp;resize=150%2C150 300w, https:\/\/i0.wp.com\/www.jojoenherbe.com\/wp-content\/uploads\/2021\/04\/Capitaine-Jules-et-les-Pirates-5-scaled.jpg?zoom=3&amp;resize=150%2C150 450w\" sizes=\"auto, (max-width: 150px) 100vw, 150px\" \/><\/a> <a href=\"https:\/\/i0.wp.com\/www.jojoenherbe.com\/wp-content\/uploads\/2021\/04\/Capitaine-Jules-et-les-Pirates-2-scaled.jpg\"><img data-recalc-dims=\"1\" loading=\"lazy\" decoding=\"async\" data-attachment-id=\"17889\" data-permalink=\"http:\/\/www.jojoenherbe.com\/index.php\/2021\/04\/27\/au-fil-des-pages-avec-capitaine-jules-et-les-pirates\/capitaine-jules-et-les-pirates-2\/\" data-orig-file=\"https:\/\/i0.wp.com\/www.jojoenherbe.com\/wp-content\/uploads\/2021\/04\/Capitaine-Jules-et-les-Pirates-2-scaled.jpg?fit=2560%2C1920\" data-orig-size=\"2560,1920\" data-comments-opened=\"1\" data-image-meta=\"{&quot;aperture&quot;:&quot;1.8&quot;,&quot;credit&quot;:&quot;&quot;,&quot;camera&quot;:&quot;iPhone 7&quot;,&quot;caption&quot;:&quot;&quot;,&quot;created_timestamp&quot;:&quot;1619431518&quot;,&quot;copyright&quot;:&quot;&quot;,&quot;focal_length&quot;:&quot;3.99&quot;,&quot;iso&quot;:&quot;100&quot;,&quot;shutter_speed&quot;:&quot;0.071428571428571&quot;,&quot;title&quot;:&quot;&quot;,&quot;orientation&quot;:&quot;1&quot;}\" data-image-title=\"Capitaine Jules et les Pirates 2\" data-image-description=\"\" data-image-caption=\"\" data-large-file=\"https:\/\/i0.wp.com\/www.jojoenherbe.com\/wp-content\/uploads\/2021\/04\/Capitaine-Jules-et-les-Pirates-2-scaled.jpg?fit=676%2C507\" class=\"size-thumbnail wp-image-17889 alignright\" src=\"https:\/\/i0.wp.com\/www.jojoenherbe.com\/wp-content\/uploads\/2021\/04\/Capitaine-Jules-et-les-Pirates-2.jpg?resize=150%2C150\" alt=\"\" width=\"150\" height=\"150\" srcset=\"https:\/\/i0.wp.com\/www.jojoenherbe.com\/wp-content\/uploads\/2021\/04\/Capitaine-Jules-et-les-Pirates-2-scaled.jpg?resize=150%2C150 150w, https:\/\/i0.wp.com\/www.jojoenherbe.com\/wp-content\/uploads\/2021\/04\/Capitaine-Jules-et-les-Pirates-2-scaled.jpg?zoom=2&amp;resize=150%2C150 300w, https:\/\/i0.wp.com\/www.jojoenherbe.com\/wp-content\/uploads\/2021\/04\/Capitaine-Jules-et-les-Pirates-2-scaled.jpg?zoom=3&amp;resize=150%2C150 450w\" sizes=\"auto, (max-width: 150px) 100vw, 150px\" \/><\/a>Les jolies illustrations d&rsquo;Helen Oxenbury sont tendres, alternant entre des illustrations aux douces couleurs pastel et d&rsquo;autres en noir et blanc plus dynamiques. Il y est question de l&rsquo;immense imagination des enfants \u00e0 s&rsquo;inventer des histoires avec leur quotidien, des relations parents-enfants (les enfants associant les pirates aux parents) et de gourmandises avec la d\u00e9couverte du butin. Un bon moment de lecture avec cet album jeunesse qui rejoint <a href=\"http:\/\/www.jojoenherbe.com\/index.php\/2021\/02\/26\/nos-lectures-pirates-2021\/\">nos lectures \u00ab\u00a0Pirates\u00a0\u00bb 2021<\/a>! Il existe d&rsquo;ailleurs dans la m\u00eame s\u00e9rie <span style=\"text-decoration: underline;\">Le Roi Jules et les dragons<\/span> des m\u00eames auteurs (\u00e9d. L&rsquo;\u00e9cole des loisirs, 2011).<\/em><\/p>\n<div id=\"attachment_27626\" style=\"width: 144px\" class=\"wp-caption alignleft\"><img data-recalc-dims=\"1\" loading=\"lazy\" decoding=\"async\" aria-describedby=\"caption-attachment-27626\" data-attachment-id=\"27626\" data-permalink=\"http:\/\/www.jojoenherbe.com\/index.php\/2022\/09\/15\/au-fil-des-pages-avec-graines-de-sable\/graines-de-sable-4\/\" data-orig-file=\"https:\/\/i0.wp.com\/www.jojoenherbe.com\/wp-content\/uploads\/2022\/09\/Graines-de-sable-4-scaled.jpg?fit=2560%2C1792\" data-orig-size=\"2560,1792\" data-comments-opened=\"1\" data-image-meta=\"{&quot;aperture&quot;:&quot;1.8&quot;,&quot;credit&quot;:&quot;&quot;,&quot;camera&quot;:&quot;iPhone 7&quot;,&quot;caption&quot;:&quot;&quot;,&quot;created_timestamp&quot;:&quot;1663171585&quot;,&quot;copyright&quot;:&quot;&quot;,&quot;focal_length&quot;:&quot;3.99&quot;,&quot;iso&quot;:&quot;100&quot;,&quot;shutter_speed&quot;:&quot;0.071428571428571&quot;,&quot;title&quot;:&quot;&quot;,&quot;orientation&quot;:&quot;1&quot;}\" data-image-title=\"Graines de sable 4\" data-image-description=\"\" data-image-caption=\"\" data-large-file=\"https:\/\/i0.wp.com\/www.jojoenherbe.com\/wp-content\/uploads\/2022\/09\/Graines-de-sable-4-scaled.jpg?fit=676%2C473\" class=\"wp-image-27626\" src=\"https:\/\/i0.wp.com\/www.myloubook.com\/wp-content\/uploads\/2021\/01\/Logo-A-year-in-England-02.png?resize=134%2C134\" sizes=\"auto, (max-width: 2160px) 100vw, 2160px\" srcset=\"http:\/\/www.myloubook.com\/wp-content\/uploads\/2021\/01\/Logo-A-year-in-England-02.png 2160w, http:\/\/www.myloubook.com\/wp-content\/uploads\/2021\/01\/Logo-A-year-in-England-02-150x150.png 150w, http:\/\/www.myloubook.com\/wp-content\/uploads\/2021\/01\/Logo-A-year-in-England-02-300x300.png 300w, http:\/\/www.myloubook.com\/wp-content\/uploads\/2021\/01\/Logo-A-year-in-England-02-768x768.png 768w, http:\/\/www.myloubook.com\/wp-content\/uploads\/2021\/01\/Logo-A-year-in-England-02-1024x1024.png 1024w, http:\/\/www.myloubook.com\/wp-content\/uploads\/2021\/01\/Logo-A-year-in-England-02-640x640.png 640w\" alt=\"\" width=\"134\" height=\"134\" \/><p id=\"caption-attachment-27626\" class=\"wp-caption-text\">Participation #14 Challenge A year in England pour les 10 ans du Mois Anglais de <a href=\"http:\/\/www.myloubook.com\/2021\/01\/30\/challenge-a-year-in-england-pour-les-10-ans-du-mois-anglais\/\">Lou<\/a>, <a href=\"https:\/\/plaisirsacultiver.com\/2021\/01\/30\/challenge-a-year-in-england-pour-les-10-ans-du-mois-anglais\/\">Titine<\/a> et <a href=\"http:\/\/cryssilda.canalblog.com\/archives\/2021\/01\/30\/38788358.html\">Cryssilda<\/a> #Album jeunesse<\/p><\/div>\n<div style=\"width: 149px\" class=\"wp-caption alignleft\"><img loading=\"lazy\" decoding=\"async\" class=\"\" src=\"https:\/\/lh3.googleusercontent.com\/pw\/ACtC-3eIuIHfDCWnQjrbP_Gttnq9qrZJ0sCLWnTR3GjIOIiC54aYp8f1rKz8fy3EJIYJcUrzUv3KnF-YnYTE-vhMmRU8myeq_V_5OYKPelcJ6I4-bD-P1SjmJYevXt0TGhPCpROfcXeg5SJ_4KvwWeBQfvsOWw=w285-h217-no?authuser=1\" alt=\"\" width=\"139\" height=\"105\" \/><p class=\"wp-caption-text\">Challenge Petit Bac d&rsquo;<a href=\"https:\/\/ennalit.wordpress.com\/2020\/12\/01\/challenge-petit-bac-2021-qui-veut-jouer\/\">Enna<\/a> #8 Cat\u00e9gorie Pr\u00e9nom: \u00ab\u00a0Jules\u00a0\u00bb<\/p><\/div>\n<div style=\"width: 147px\" class=\"wp-caption alignleft\"><img data-recalc-dims=\"1\" loading=\"lazy\" decoding=\"async\" class=\"nonealign widthoriginal\" src=\"https:\/\/i0.wp.com\/p4.storage.canalblog.com\/40\/68\/1394281\/128273873.png?resize=137%2C99&#038;ssl=1\" alt=\"\" width=\"137\" height=\"99\" border=\"0\" \/><p class=\"wp-caption-text\">Participation #50 Challenge Des livres (et des \u00e9crans) en cuisine de <a href=\"https:\/\/mapetitemediatheque.fr\/2020\/12\/des-livres-et-des-ecrans-en-cuisine-2021\/\">Bidib<\/a> et <a href=\"http:\/\/croquerlespages.canalblog.com\/archives\/2020\/12\/20\/38715076.html\">Fondant<\/a><\/p><\/div>\n\n\n<p><\/p>\n","protected":false},"excerpt":{"rendered":"<p>Nous empruntons \u00e0 la m\u00e9diath\u00e8que une nouvelle histoire de pirates ou plus exactement d&rsquo;enfants jouant sur la plage aux pirates. Il s&rsquo;agit de Capitaine Jules et les pirates de Peter Bentley et Helen Oxenbury (\u00e9d. L&rsquo;\u00e9cole des loisirs, 2016), un album jeunesse \u00e0 partir de 3 ans. Trois enfants, Jules, L\u00e9o et Gaspard, passent une [&hellip;]<\/p>\n","protected":false},"author":1,"featured_media":17893,"comment_status":"open","ping_status":"open","sticky":false,"template":"","format":"standard","meta":{"jetpack_post_was_ever_published":false,"_jetpack_newsletter_access":"","_jetpack_dont_email_post_to_subs":false,"_jetpack_newsletter_tier_id":0,"_jetpack_memberships_contains_paywalled_content":false,"_jetpack_memberships_contains_paid_content":false,"footnotes":""},"categories":[363],"tags":[785,2226,409,2018,2019,868,815,2182,990,2455,453,452,599,367,658,2456,594,74,1409,697],"class_list":["post-17883","post","type-post","status-publish","format-standard","has-post-thumbnail","hentry","category-mini-lecteur","tag-3-6-ans","tag-a-year-in-england-2021","tag-albums-jeunesse","tag-challenge-petit-bac-2021","tag-des-livres-et-des-ecrans-en-cuisine-2021","tag-enfance","tag-frere","tag-glace","tag-gouter","tag-helen-oxenbury","tag-imagination","tag-jeux-denfants","tag-jeux-dexterieur","tag-lecture-jeunesse","tag-mer","tag-peter-bentley","tag-pirates","tag-plages","tag-relation-parent-enfant","tag-vacances","post-preview"],"jetpack_featured_media_url":"https:\/\/i0.wp.com\/www.jojoenherbe.com\/wp-content\/uploads\/2021\/04\/Capitaine-Jules-et-les-Pirates-scaled.jpg?fit=2560%2C1920","jetpack_sharing_enabled":true,"jetpack_shortlink":"https:\/\/wp.me\/p9zhGx-4Er","jetpack_likes_enabled":true,"jetpack-related-posts":[{"id":16087,"url":"http:\/\/www.jojoenherbe.com\/index.php\/2021\/02\/26\/nos-lectures-pirates-2021\/","url_meta":{"origin":17883,"position":0},"title":"Nos lectures \u00ab\u00a0Pirates\u00a0\u00bb 2021","author":"Jojo","date":"26 f\u00e9vrier 2021","format":false,"excerpt":"Depuis un certain temps, nous lisons et relisons beaucoup d'histoires de pirates. Alors j'ai eu envie de compiler nos lectures dans un m\u00eame billet qui sera actualis\u00e9 au fur-et-\u00e0-mesure de nos lectures. Des albums jeunesse: Z\u00e9phir de Quentin Gr\u00e9ban (\u00e9d. Mijade, 2008, r\u00e9\u00e9d. 2017), un album jeunesse \u00e0 partir de\u2026","rel":"","context":"Dans &quot;Mini lecteur&quot;","block_context":{"text":"Mini lecteur","link":"http:\/\/www.jojoenherbe.com\/index.php\/category\/mini-lecteur\/"},"img":{"alt_text":"","src":"https:\/\/i0.wp.com\/www.jojoenherbe.com\/wp-content\/uploads\/2021\/02\/Nos-lectures-Pirates-2-scaled.jpg?fit=1200%2C900&resize=350%2C200","width":350,"height":200,"srcset":"https:\/\/i0.wp.com\/www.jojoenherbe.com\/wp-content\/uploads\/2021\/02\/Nos-lectures-Pirates-2-scaled.jpg?fit=1200%2C900&resize=350%2C200 1x, https:\/\/i0.wp.com\/www.jojoenherbe.com\/wp-content\/uploads\/2021\/02\/Nos-lectures-Pirates-2-scaled.jpg?fit=1200%2C900&resize=525%2C300 1.5x, https:\/\/i0.wp.com\/www.jojoenherbe.com\/wp-content\/uploads\/2021\/02\/Nos-lectures-Pirates-2-scaled.jpg?fit=1200%2C900&resize=700%2C400 2x, https:\/\/i0.wp.com\/www.jojoenherbe.com\/wp-content\/uploads\/2021\/02\/Nos-lectures-Pirates-2-scaled.jpg?fit=1200%2C900&resize=1050%2C600 3x"},"classes":[]},{"id":17668,"url":"http:\/\/www.jojoenherbe.com\/index.php\/2021\/04\/21\/au-fil-des-pages-avec-le-tome-1-de-jeu-de-gamins-les-pirates\/","url_meta":{"origin":17883,"position":1},"title":"Au fil des pages avec le tome 1 de Jeu de gamins, Les pirates","author":"Jojo","date":"21 avril 2021","format":false,"excerpt":"Nous lisons le tome 1 de Jeu de gamins, Les pirates de Micka\u00ebl Roux (\u00e9d. Bamboo, 2012), une BD \u00e0 partir de 7 ans. Trois amis passent leur temps libre \u00e0 jouer aux pirates. Il y Max le Capitaine et ses deux moussaillons, Th\u00e9o et L\u00e9on. Pirates un jour, pirates\u2026","rel":"","context":"Dans &quot;Mini lecteur&quot;","block_context":{"text":"Mini lecteur","link":"http:\/\/www.jojoenherbe.com\/index.php\/category\/mini-lecteur\/"},"img":{"alt_text":"","src":"https:\/\/i0.wp.com\/www.jojoenherbe.com\/wp-content\/uploads\/2021\/04\/Jeu-de-gamins-T1-Les-pirates-scaled.jpg?fit=1200%2C1199&resize=350%2C200","width":350,"height":200,"srcset":"https:\/\/i0.wp.com\/www.jojoenherbe.com\/wp-content\/uploads\/2021\/04\/Jeu-de-gamins-T1-Les-pirates-scaled.jpg?fit=1200%2C1199&resize=350%2C200 1x, https:\/\/i0.wp.com\/www.jojoenherbe.com\/wp-content\/uploads\/2021\/04\/Jeu-de-gamins-T1-Les-pirates-scaled.jpg?fit=1200%2C1199&resize=525%2C300 1.5x, https:\/\/i0.wp.com\/www.jojoenherbe.com\/wp-content\/uploads\/2021\/04\/Jeu-de-gamins-T1-Les-pirates-scaled.jpg?fit=1200%2C1199&resize=700%2C400 2x, https:\/\/i0.wp.com\/www.jojoenherbe.com\/wp-content\/uploads\/2021\/04\/Jeu-de-gamins-T1-Les-pirates-scaled.jpg?fit=1200%2C1199&resize=1050%2C600 3x"},"classes":[]},{"id":16043,"url":"http:\/\/www.jojoenherbe.com\/index.php\/2021\/02\/24\/au-fil-des-pages-avec-les-copains-de-la-colline\/","url_meta":{"origin":17883,"position":2},"title":"Au fil des pages avec Les copains de la colline","author":"Jojo","date":"24 f\u00e9vrier 2021","format":false,"excerpt":"Nous empruntons \u00e0 la m\u00e9diath\u00e8que Les copains de la colline de Linda Sarah et Benji Davies (\u00e9d. Milan Jeunesse, 2014, r\u00e9\u00e9d. 2019), un album jeunesse \u00e0 partir de 4 ans. Ben et Th\u00e9o sont ins\u00e9parables. Ce sont les meilleurs amis du monde. Mais l'arriv\u00e9e d'un troisi\u00e8me gar\u00e7on, Sam perturbe Ben,\u2026","rel":"","context":"Dans &quot;Mini lecteur&quot;","block_context":{"text":"Mini lecteur","link":"http:\/\/www.jojoenherbe.com\/index.php\/category\/mini-lecteur\/"},"img":{"alt_text":"","src":"https:\/\/i0.wp.com\/www.jojoenherbe.com\/wp-content\/uploads\/2021\/02\/Les-copains-de-la-colline-scaled.jpg?fit=1196%2C1200&resize=350%2C200","width":350,"height":200,"srcset":"https:\/\/i0.wp.com\/www.jojoenherbe.com\/wp-content\/uploads\/2021\/02\/Les-copains-de-la-colline-scaled.jpg?fit=1196%2C1200&resize=350%2C200 1x, https:\/\/i0.wp.com\/www.jojoenherbe.com\/wp-content\/uploads\/2021\/02\/Les-copains-de-la-colline-scaled.jpg?fit=1196%2C1200&resize=525%2C300 1.5x, https:\/\/i0.wp.com\/www.jojoenherbe.com\/wp-content\/uploads\/2021\/02\/Les-copains-de-la-colline-scaled.jpg?fit=1196%2C1200&resize=700%2C400 2x, https:\/\/i0.wp.com\/www.jojoenherbe.com\/wp-content\/uploads\/2021\/02\/Les-copains-de-la-colline-scaled.jpg?fit=1196%2C1200&resize=1050%2C600 3x"},"classes":[]},{"id":18506,"url":"http:\/\/www.jojoenherbe.com\/index.php\/2021\/05\/26\/au-fil-des-pages-avec-pirates\/","url_meta":{"origin":17883,"position":3},"title":"Au fil des pages avec Pirates!","author":"Jojo","date":"26 mai 2021","format":false,"excerpt":"Voici une de nos derni\u00e8res lectures \"Pirates\" de la semaine et qui sans le savoir tombe \u00e0 pic avec la f\u00eate des m\u00e8res de ce week-end. Il s'agit de Pirates! de John Condon et Matt Hunt (\u00e9d. Gautier-Languereau, 2020), un album jeunesse \u00e0 partir de 3 ans. Chaque jour, un\u2026","rel":"","context":"Dans &quot;Mini lecteur&quot;","block_context":{"text":"Mini lecteur","link":"http:\/\/www.jojoenherbe.com\/index.php\/category\/mini-lecteur\/"},"img":{"alt_text":"","src":"https:\/\/i0.wp.com\/www.jojoenherbe.com\/wp-content\/uploads\/2021\/05\/Pirates-scaled.jpg?fit=1200%2C900&resize=350%2C200","width":350,"height":200,"srcset":"https:\/\/i0.wp.com\/www.jojoenherbe.com\/wp-content\/uploads\/2021\/05\/Pirates-scaled.jpg?fit=1200%2C900&resize=350%2C200 1x, https:\/\/i0.wp.com\/www.jojoenherbe.com\/wp-content\/uploads\/2021\/05\/Pirates-scaled.jpg?fit=1200%2C900&resize=525%2C300 1.5x, https:\/\/i0.wp.com\/www.jojoenherbe.com\/wp-content\/uploads\/2021\/05\/Pirates-scaled.jpg?fit=1200%2C900&resize=700%2C400 2x, https:\/\/i0.wp.com\/www.jojoenherbe.com\/wp-content\/uploads\/2021\/05\/Pirates-scaled.jpg?fit=1200%2C900&resize=1050%2C600 3x"},"classes":[]},{"id":24432,"url":"http:\/\/www.jojoenherbe.com\/index.php\/2022\/03\/16\/au-fil-des-pages-avec-le-croque-pirate\/","url_meta":{"origin":17883,"position":4},"title":"Au fil des pages avec Le croque-pirate","author":"Jojo","date":"16 mars 2022","format":false,"excerpt":"Nous lisons et relisons Le croque-pirate de Jonny Duddle (\u00e9d. Piccolia, 2012), un album jeunesse \u00e0 partir de 3\/4 ans. Un violoniste attise la curiosit\u00e9 du capitaine Barbemauve et son \u00e9quipage de pirates en les invitant \u00e0 le suivre en chanson et avec une carte \u00e0 la chasse aux tr\u00e9sors.\u2026","rel":"","context":"Dans &quot;Mini lecteur&quot;","block_context":{"text":"Mini lecteur","link":"http:\/\/www.jojoenherbe.com\/index.php\/category\/mini-lecteur\/"},"img":{"alt_text":"","src":"https:\/\/i0.wp.com\/www.jojoenherbe.com\/wp-content\/uploads\/2022\/03\/Le-croque-pirate-scaled.jpg?fit=1200%2C780&resize=350%2C200","width":350,"height":200,"srcset":"https:\/\/i0.wp.com\/www.jojoenherbe.com\/wp-content\/uploads\/2022\/03\/Le-croque-pirate-scaled.jpg?fit=1200%2C780&resize=350%2C200 1x, https:\/\/i0.wp.com\/www.jojoenherbe.com\/wp-content\/uploads\/2022\/03\/Le-croque-pirate-scaled.jpg?fit=1200%2C780&resize=525%2C300 1.5x, https:\/\/i0.wp.com\/www.jojoenherbe.com\/wp-content\/uploads\/2022\/03\/Le-croque-pirate-scaled.jpg?fit=1200%2C780&resize=700%2C400 2x, https:\/\/i0.wp.com\/www.jojoenherbe.com\/wp-content\/uploads\/2022\/03\/Le-croque-pirate-scaled.jpg?fit=1200%2C780&resize=1050%2C600 3x"},"classes":[]},{"id":24931,"url":"http:\/\/www.jojoenherbe.com\/index.php\/2022\/05\/04\/au-fil-des-pages-avec-cap-sur-le-tresor-de-z-la-terreur\/","url_meta":{"origin":17883,"position":5},"title":"Au fil des pages avec Cap sur le tr\u00e9sor de Z la terreur!","author":"Jojo","date":"4 mai 2022","format":false,"excerpt":"Nous lisons et relisons Cap sur le tr\u00e9sor de Z la terreur! de Sylvie Misslin et Amandine Piu (\u00e9d. Amaterra, 2020), un album jeunesse grand format \u00e0 partir de 4 ans. Sur la plage, Mary et Jack d\u00e9couvrent une bouteille \u00e0 la mer contenant une carte aux tr\u00e9sors. Quel est\u2026","rel":"","context":"Dans &quot;Mini lecteur&quot;","block_context":{"text":"Mini lecteur","link":"http:\/\/www.jojoenherbe.com\/index.php\/category\/mini-lecteur\/"},"img":{"alt_text":"","src":"https:\/\/i0.wp.com\/www.jojoenherbe.com\/wp-content\/uploads\/2021\/10\/Cap-sur-le-tresor-de-Z-la-terreur-2-scaled.jpg?fit=1200%2C900&resize=350%2C200","width":350,"height":200,"srcset":"https:\/\/i0.wp.com\/www.jojoenherbe.com\/wp-content\/uploads\/2021\/10\/Cap-sur-le-tresor-de-Z-la-terreur-2-scaled.jpg?fit=1200%2C900&resize=350%2C200 1x, https:\/\/i0.wp.com\/www.jojoenherbe.com\/wp-content\/uploads\/2021\/10\/Cap-sur-le-tresor-de-Z-la-terreur-2-scaled.jpg?fit=1200%2C900&resize=525%2C300 1.5x, https:\/\/i0.wp.com\/www.jojoenherbe.com\/wp-content\/uploads\/2021\/10\/Cap-sur-le-tresor-de-Z-la-terreur-2-scaled.jpg?fit=1200%2C900&resize=700%2C400 2x, https:\/\/i0.wp.com\/www.jojoenherbe.com\/wp-content\/uploads\/2021\/10\/Cap-sur-le-tresor-de-Z-la-terreur-2-scaled.jpg?fit=1200%2C900&resize=1050%2C600 3x"},"classes":[]}],"_links":{"self":[{"href":"http:\/\/www.jojoenherbe.com\/index.php\/wp-json\/wp\/v2\/posts\/17883","targetHints":{"allow":["GET"]}}],"collection":[{"href":"http:\/\/www.jojoenherbe.com\/index.php\/wp-json\/wp\/v2\/posts"}],"about":[{"href":"http:\/\/www.jojoenherbe.com\/index.php\/wp-json\/wp\/v2\/types\/post"}],"author":[{"embeddable":true,"href":"http:\/\/www.jojoenherbe.com\/index.php\/wp-json\/wp\/v2\/users\/1"}],"replies":[{"embeddable":true,"href":"http:\/\/www.jojoenherbe.com\/index.php\/wp-json\/wp\/v2\/comments?post=17883"}],"version-history":[{"count":0,"href":"http:\/\/www.jojoenherbe.com\/index.php\/wp-json\/wp\/v2\/posts\/17883\/revisions"}],"wp:featuredmedia":[{"embeddable":true,"href":"http:\/\/www.jojoenherbe.com\/index.php\/wp-json\/wp\/v2\/media\/17893"}],"wp:attachment":[{"href":"http:\/\/www.jojoenherbe.com\/index.php\/wp-json\/wp\/v2\/media?parent=17883"}],"wp:term":[{"taxonomy":"category","embeddable":true,"href":"http:\/\/www.jojoenherbe.com\/index.php\/wp-json\/wp\/v2\/categories?post=17883"},{"taxonomy":"post_tag","embeddable":true,"href":"http:\/\/www.jojoenherbe.com\/index.php\/wp-json\/wp\/v2\/tags?post=17883"}],"curies":[{"name":"wp","href":"https:\/\/api.w.org\/{rel}","templated":true}]}}