{"id":17811,"date":"2021-04-24T21:36:08","date_gmt":"2021-04-24T19:36:08","guid":{"rendered":"http:\/\/www.jojoenherbe.com\/?p=17811"},"modified":"2021-04-24T23:58:26","modified_gmt":"2021-04-24T21:58:26","slug":"semaine-16-du-projet-52-2021-petales","status":"publish","type":"post","link":"http:\/\/www.jojoenherbe.com\/index.php\/2021\/04\/24\/semaine-16-du-projet-52-2021-petales\/","title":{"rendered":"Semaine 16 du Projet 52-2021: P\u00e9tales"},"content":{"rendered":"<p style=\"text-align: justify;\"><em>Pour la semaine 16 du Projet 52-2021 de Du c\u00f4t\u00e9 de chez Ma&rsquo;, le th\u00e8me est \u00ab\u00a0<a href=\"https:\/\/ducotedechezma.wordpress.com\/2021\/04\/24\/projet-52-2021-semaine-16-petales\/\">P\u00e9tales<\/a>\u00ab\u00a0. Je profite de notre balade de cet apr\u00e8s-midi sous le soleil et dans les moins de 10 km au Plateau de la Justice, \u00e0 \u00c8ze dans le parc d\u00e9partemental de la Grande Corniche pour prendre la photo pour illustrer le th\u00e8me de ce samedi. J&rsquo;avais le choix entre de nombreuses fleurs. J&rsquo;ai finalement choisi les grands p\u00e9tales de ce ciste cotonneux.<br \/>\n<\/em><\/p>\n<p><img data-recalc-dims=\"1\" loading=\"lazy\" decoding=\"async\" class=\"wp-image-5951 below-entry-meta aligncenter\" src=\"https:\/\/ducotedechezma.files.wordpress.com\/2020\/12\/52-2021_liste_themes.jpg?w=982&#038;resize=408%2C339\" sizes=\"auto, (max-width: 709px) 85vw, (max-width: 909px) 67vw, (max-width: 1362px) 62vw, 840px\" srcset=\"https:\/\/ducotedechezma.files.wordpress.com\/2020\/12\/52-2021_liste_themes.jpg 982w, https:\/\/ducotedechezma.files.wordpress.com\/2020\/12\/52-2021_liste_themes.jpg?w=150 150w, https:\/\/ducotedechezma.files.wordpress.com\/2020\/12\/52-2021_liste_themes.jpg?w=300 300w, https:\/\/ducotedechezma.files.wordpress.com\/2020\/12\/52-2021_liste_themes.jpg?w=768 768w\" alt=\"\" width=\"408\" height=\"339\" data-attachment-id=\"5951\" data-permalink=\"https:\/\/ducotedechezma.wordpress.com\/52-2021_liste_themes\/\" data-orig-file=\"https:\/\/ducotedechezma.files.wordpress.com\/2020\/12\/52-2021_liste_themes.jpg\" data-orig-size=\"982,817\" data-comments-opened=\"1\" data-image-meta=\"{&quot;aperture&quot;:&quot;0&quot;,&quot;credit&quot;:&quot;&quot;,&quot;camera&quot;:&quot;&quot;,&quot;caption&quot;:&quot;&quot;,&quot;created_timestamp&quot;:&quot;0&quot;,&quot;copyright&quot;:&quot;&quot;,&quot;focal_length&quot;:&quot;0&quot;,&quot;iso&quot;:&quot;0&quot;,&quot;shutter_speed&quot;:&quot;0&quot;,&quot;title&quot;:&quot;&quot;,&quot;orientation&quot;:&quot;0&quot;}\" data-image-title=\"52-2021_liste_themes\" data-image-description=\"\" data-medium-file=\"https:\/\/ducotedechezma.files.wordpress.com\/2020\/12\/52-2021_liste_themes.jpg?w=300\" data-large-file=\"https:\/\/ducotedechezma.files.wordpress.com\/2020\/12\/52-2021_liste_themes.jpg?w=840\" \/><\/p>\n","protected":false},"excerpt":{"rendered":"<p>Pour la semaine 16 du Projet 52-2021 de Du c\u00f4t\u00e9 de chez Ma&rsquo;, le th\u00e8me est \u00ab\u00a0P\u00e9tales\u00ab\u00a0. Je profite de notre balade de cet apr\u00e8s-midi sous le soleil et dans les moins de 10 km au Plateau de la Justice, \u00e0 \u00c8ze dans le parc d\u00e9partemental de la Grande Corniche pour prendre la photo pour [&hellip;]<\/p>\n","protected":false},"author":1,"featured_media":17814,"comment_status":"open","ping_status":"open","sticky":false,"template":"","format":"standard","meta":{"jetpack_post_was_ever_published":false,"_jetpack_newsletter_access":"","_jetpack_dont_email_post_to_subs":false,"_jetpack_newsletter_tier_id":0,"_jetpack_memberships_contains_paywalled_content":false,"_jetpack_memberships_contains_paid_content":false,"footnotes":""},"categories":[437],"tags":[22,2441,249,131,2442,254,2039],"class_list":["post-17811","post","type-post","status-publish","format-standard","has-post-thumbnail","hentry","category-mini-photographe","tag-balades","tag-ciste-cotonneux","tag-eze","tag-parc-de-la-grande-corniche","tag-petales","tag-plateau-de-la-justice","tag-projet-52-2021","post-preview"],"jetpack_featured_media_url":"https:\/\/i0.wp.com\/www.jojoenherbe.com\/wp-content\/uploads\/2021\/04\/Ciste-cotonneux-Plateau-de-la-Justice-dEze-scaled.jpg?fit=1920%2C2560","jetpack_sharing_enabled":true,"jetpack_shortlink":"https:\/\/wp.me\/p9zhGx-4Dh","jetpack_likes_enabled":true,"jetpack-related-posts":[{"id":8029,"url":"http:\/\/www.jojoenherbe.com\/index.php\/2019\/10\/13\/une-plante-face-a-la-mer\/","url_meta":{"origin":17811,"position":0},"title":"Une plante face \u00e0 la Mer","author":"Jojo","date":"13 octobre 2019","format":false,"excerpt":"Pour cette semaine 41 du Projet 52-2019 de Du c\u00f4t\u00e9 de chez Ma', le th\u00e8me est \"Plante\". Pour illustrer ce th\u00e8me, une petite photo prise lors d'une de nos sorties dans le Parc de la Grande Corniche, au-dessus d'\u00c8ze, du c\u00f4t\u00e9 du Fort de la Rev\u00e8re. J'aurai \u00e9galement pu choisir\u2026","rel":"","context":"Dans &quot;mini photographe&quot;","block_context":{"text":"mini photographe","link":"http:\/\/www.jojoenherbe.com\/index.php\/category\/mini-photographe\/"},"img":{"alt_text":"","src":"https:\/\/i0.wp.com\/www.jojoenherbe.com\/wp-content\/uploads\/2018\/10\/Fort-de-la-Rev%C3%A8re-1.jpg?fit=1200%2C900&resize=350%2C200","width":350,"height":200,"srcset":"https:\/\/i0.wp.com\/www.jojoenherbe.com\/wp-content\/uploads\/2018\/10\/Fort-de-la-Rev%C3%A8re-1.jpg?fit=1200%2C900&resize=350%2C200 1x, https:\/\/i0.wp.com\/www.jojoenherbe.com\/wp-content\/uploads\/2018\/10\/Fort-de-la-Rev%C3%A8re-1.jpg?fit=1200%2C900&resize=525%2C300 1.5x, https:\/\/i0.wp.com\/www.jojoenherbe.com\/wp-content\/uploads\/2018\/10\/Fort-de-la-Rev%C3%A8re-1.jpg?fit=1200%2C900&resize=700%2C400 2x, https:\/\/i0.wp.com\/www.jojoenherbe.com\/wp-content\/uploads\/2018\/10\/Fort-de-la-Rev%C3%A8re-1.jpg?fit=1200%2C900&resize=1050%2C600 3x"},"classes":[]},{"id":6173,"url":"http:\/\/www.jojoenherbe.com\/index.php\/2019\/06\/02\/le-sentier-botanique-du-parc-de-la-grande-corniche\/","url_meta":{"origin":17811,"position":1},"title":"Le sentier botanique du Parc de la Grande Corniche","author":"Jojo","date":"2 juin 2019","format":false,"excerpt":"Ce 1er juin 2019, nous allons au Fort de la Rev\u00e8re, point de d\u00e9part de notre balade dans le parc de la Grande Corniche. Tout a encore bien fleuri depuis le mois de mars. Apr\u00e8s une courte pause pique-nique, nous faisons le sentier botanique dont le d\u00e9part se situe quelques\u2026","rel":"","context":"Dans &quot;Mini randonneur&quot;","block_context":{"text":"Mini randonneur","link":"http:\/\/www.jojoenherbe.com\/index.php\/category\/mini-crapahuteur\/mini-randonneur\/"},"img":{"alt_text":"","src":"https:\/\/i0.wp.com\/www.jojoenherbe.com\/wp-content\/uploads\/2019\/06\/Sentier-botanique-Fort-de-la-Rev%C3%A8re.jpg?fit=1200%2C900&resize=350%2C200","width":350,"height":200,"srcset":"https:\/\/i0.wp.com\/www.jojoenherbe.com\/wp-content\/uploads\/2019\/06\/Sentier-botanique-Fort-de-la-Rev%C3%A8re.jpg?fit=1200%2C900&resize=350%2C200 1x, https:\/\/i0.wp.com\/www.jojoenherbe.com\/wp-content\/uploads\/2019\/06\/Sentier-botanique-Fort-de-la-Rev%C3%A8re.jpg?fit=1200%2C900&resize=525%2C300 1.5x, https:\/\/i0.wp.com\/www.jojoenherbe.com\/wp-content\/uploads\/2019\/06\/Sentier-botanique-Fort-de-la-Rev%C3%A8re.jpg?fit=1200%2C900&resize=700%2C400 2x, https:\/\/i0.wp.com\/www.jojoenherbe.com\/wp-content\/uploads\/2019\/06\/Sentier-botanique-Fort-de-la-Rev%C3%A8re.jpg?fit=1200%2C900&resize=1050%2C600 3x"},"classes":[]},{"id":27000,"url":"http:\/\/www.jojoenherbe.com\/index.php\/2022\/08\/13\/semaine-32-du-projet-52-2022-ete\/","url_meta":{"origin":17811,"position":2},"title":"Semaine 32 du Projet 52-2022: \u00c9t\u00e9","author":"Jojo","date":"13 ao\u00fbt 2022","format":false,"excerpt":"Pour la semaine 32 du Projet 52-2022 de Du c\u00f4t\u00e9 de chez Ma\u2019, le th\u00e8me est \"\u00c9t\u00e9\". L'\u00e9t\u00e9 dans le Sud, il y a bien s\u00fbr la mer (et la montagne), les glaces, les soir\u00e9es sous les \u00e9toiles et aussi les cigales. J'ai donc choisi pour illustrer ce th\u00e8me des\u2026","rel":"","context":"Dans &quot;mini photographe&quot;","block_context":{"text":"mini photographe","link":"http:\/\/www.jojoenherbe.com\/index.php\/category\/mini-photographe\/"},"img":{"alt_text":"","src":"https:\/\/i0.wp.com\/www.jojoenherbe.com\/wp-content\/uploads\/2022\/08\/Cigale-Vaugrenier-scaled.jpg?fit=1200%2C900&resize=350%2C200","width":350,"height":200,"srcset":"https:\/\/i0.wp.com\/www.jojoenherbe.com\/wp-content\/uploads\/2022\/08\/Cigale-Vaugrenier-scaled.jpg?fit=1200%2C900&resize=350%2C200 1x, https:\/\/i0.wp.com\/www.jojoenherbe.com\/wp-content\/uploads\/2022\/08\/Cigale-Vaugrenier-scaled.jpg?fit=1200%2C900&resize=525%2C300 1.5x, https:\/\/i0.wp.com\/www.jojoenherbe.com\/wp-content\/uploads\/2022\/08\/Cigale-Vaugrenier-scaled.jpg?fit=1200%2C900&resize=700%2C400 2x, https:\/\/i0.wp.com\/www.jojoenherbe.com\/wp-content\/uploads\/2022\/08\/Cigale-Vaugrenier-scaled.jpg?fit=1200%2C900&resize=1050%2C600 3x"},"classes":[]},{"id":18440,"url":"http:\/\/www.jojoenherbe.com\/index.php\/2021\/05\/23\/semaine-20-du-projet-52-2021-architecture\/","url_meta":{"origin":17811,"position":3},"title":"Semaine 20 du Projet 52-2021: Architecture","author":"Jojo","date":"23 mai 2021","format":false,"excerpt":"Pour la semaine 20 du Projet 52-2021 de Du c\u00f4t\u00e9 de chez Ma', le th\u00e8me est \"Architecture\". Je pense tout naturellement \u00e0 l'architecture ni\u00e7oise avec ses b\u00e2timents datant de la Belle \u00c9poque. Profitant d'une sortie dans le parc municipal Chambrun situ\u00e9 au Nord de Nice, dans le quartier r\u00e9sidentiel de\u2026","rel":"","context":"Dans &quot;mini photographe&quot;","block_context":{"text":"mini photographe","link":"http:\/\/www.jojoenherbe.com\/index.php\/category\/mini-photographe\/"},"img":{"alt_text":"","src":"https:\/\/i0.wp.com\/www.jojoenherbe.com\/wp-content\/uploads\/2021\/05\/Temple-de-lAmour-Parc-Chambrun-scaled.jpg?fit=1200%2C900&resize=350%2C200","width":350,"height":200,"srcset":"https:\/\/i0.wp.com\/www.jojoenherbe.com\/wp-content\/uploads\/2021\/05\/Temple-de-lAmour-Parc-Chambrun-scaled.jpg?fit=1200%2C900&resize=350%2C200 1x, https:\/\/i0.wp.com\/www.jojoenherbe.com\/wp-content\/uploads\/2021\/05\/Temple-de-lAmour-Parc-Chambrun-scaled.jpg?fit=1200%2C900&resize=525%2C300 1.5x, https:\/\/i0.wp.com\/www.jojoenherbe.com\/wp-content\/uploads\/2021\/05\/Temple-de-lAmour-Parc-Chambrun-scaled.jpg?fit=1200%2C900&resize=700%2C400 2x, https:\/\/i0.wp.com\/www.jojoenherbe.com\/wp-content\/uploads\/2021\/05\/Temple-de-lAmour-Parc-Chambrun-scaled.jpg?fit=1200%2C900&resize=1050%2C600 3x"},"classes":[]},{"id":5524,"url":"http:\/\/www.jojoenherbe.com\/index.php\/2019\/04\/14\/lobservatoire-de-caussols\/","url_meta":{"origin":17811,"position":4},"title":"L&rsquo;observatoire de Caussols","author":"Jojo","date":"14 avril 2019","format":false,"excerpt":"Ce 13 avril 2019, direction le plateau de Calern pour photographier un des b\u00e2timents de l'observatoire de Caussols, celui du GI2T (Grand interf\u00e9rom\u00e8tre \u00e0 deux t\u00e9lescopes) dans le cadre de la semaine 15 du Projet 52-2019 de Du C\u00f4t\u00e9 de Chez Ma\u2019, le th\u00e8me \u00e9tant \"architecture\". Nous y \u00e9tions d\u00e9j\u00e0\u2026","rel":"","context":"Dans &quot;Mini astronome&quot;","block_context":{"text":"Mini astronome","link":"http:\/\/www.jojoenherbe.com\/index.php\/category\/mini-decouvreur\/mini-astronome\/"},"img":{"alt_text":"","src":"https:\/\/i0.wp.com\/www.jojoenherbe.com\/wp-content\/uploads\/2019\/04\/Observatoire-de-Caussols.jpg?fit=1200%2C900&resize=350%2C200","width":350,"height":200,"srcset":"https:\/\/i0.wp.com\/www.jojoenherbe.com\/wp-content\/uploads\/2019\/04\/Observatoire-de-Caussols.jpg?fit=1200%2C900&resize=350%2C200 1x, https:\/\/i0.wp.com\/www.jojoenherbe.com\/wp-content\/uploads\/2019\/04\/Observatoire-de-Caussols.jpg?fit=1200%2C900&resize=525%2C300 1.5x, https:\/\/i0.wp.com\/www.jojoenherbe.com\/wp-content\/uploads\/2019\/04\/Observatoire-de-Caussols.jpg?fit=1200%2C900&resize=700%2C400 2x, https:\/\/i0.wp.com\/www.jojoenherbe.com\/wp-content\/uploads\/2019\/04\/Observatoire-de-Caussols.jpg?fit=1200%2C900&resize=1050%2C600 3x"},"classes":[]},{"id":19842,"url":"http:\/\/www.jojoenherbe.com\/index.php\/2021\/07\/25\/semaine-29-du-projet-52-2021-dehors\/","url_meta":{"origin":17811,"position":5},"title":"Semaine 29 du Projet 52-2021: Dehors","author":"Jojo","date":"25 juillet 2021","format":false,"excerpt":"Pour la semaine 29 du Projet 52-2021 de Du c\u00f4t\u00e9 de chez Ma', le th\u00e8me est \"Dehors\". Voici une photo prise lors d'une petite pause d\u00e9tente et fra\u00eecheur dans le parc de la Villa Marie o\u00f9 se trouve la biblioth\u00e8que municipale de Fr\u00e9jus, un parc \u00e0 la fran\u00e7aise avec de\u2026","rel":"","context":"Dans &quot;mini photographe&quot;","block_context":{"text":"mini photographe","link":"http:\/\/www.jojoenherbe.com\/index.php\/category\/mini-photographe\/"},"img":{"alt_text":"","src":"https:\/\/i0.wp.com\/www.jojoenherbe.com\/wp-content\/uploads\/2021\/07\/Villa-Marie-Frejus-scaled.jpg?fit=900%2C1200&resize=350%2C200","width":350,"height":200,"srcset":"https:\/\/i0.wp.com\/www.jojoenherbe.com\/wp-content\/uploads\/2021\/07\/Villa-Marie-Frejus-scaled.jpg?fit=900%2C1200&resize=350%2C200 1x, https:\/\/i0.wp.com\/www.jojoenherbe.com\/wp-content\/uploads\/2021\/07\/Villa-Marie-Frejus-scaled.jpg?fit=900%2C1200&resize=525%2C300 1.5x, https:\/\/i0.wp.com\/www.jojoenherbe.com\/wp-content\/uploads\/2021\/07\/Villa-Marie-Frejus-scaled.jpg?fit=900%2C1200&resize=700%2C400 2x"},"classes":[]}],"_links":{"self":[{"href":"http:\/\/www.jojoenherbe.com\/index.php\/wp-json\/wp\/v2\/posts\/17811","targetHints":{"allow":["GET"]}}],"collection":[{"href":"http:\/\/www.jojoenherbe.com\/index.php\/wp-json\/wp\/v2\/posts"}],"about":[{"href":"http:\/\/www.jojoenherbe.com\/index.php\/wp-json\/wp\/v2\/types\/post"}],"author":[{"embeddable":true,"href":"http:\/\/www.jojoenherbe.com\/index.php\/wp-json\/wp\/v2\/users\/1"}],"replies":[{"embeddable":true,"href":"http:\/\/www.jojoenherbe.com\/index.php\/wp-json\/wp\/v2\/comments?post=17811"}],"version-history":[{"count":0,"href":"http:\/\/www.jojoenherbe.com\/index.php\/wp-json\/wp\/v2\/posts\/17811\/revisions"}],"wp:featuredmedia":[{"embeddable":true,"href":"http:\/\/www.jojoenherbe.com\/index.php\/wp-json\/wp\/v2\/media\/17814"}],"wp:attachment":[{"href":"http:\/\/www.jojoenherbe.com\/index.php\/wp-json\/wp\/v2\/media?parent=17811"}],"wp:term":[{"taxonomy":"category","embeddable":true,"href":"http:\/\/www.jojoenherbe.com\/index.php\/wp-json\/wp\/v2\/categories?post=17811"},{"taxonomy":"post_tag","embeddable":true,"href":"http:\/\/www.jojoenherbe.com\/index.php\/wp-json\/wp\/v2\/tags?post=17811"}],"curies":[{"name":"wp","href":"https:\/\/api.w.org\/{rel}","templated":true}]}}