{"id":17731,"date":"2021-04-23T10:28:37","date_gmt":"2021-04-23T08:28:37","guid":{"rendered":"http:\/\/www.jojoenherbe.com\/?p=17731"},"modified":"2021-04-26T09:04:54","modified_gmt":"2021-04-26T07:04:54","slug":"nos-lectures-en-haikus","status":"publish","type":"post","link":"http:\/\/www.jojoenherbe.com\/index.php\/2021\/04\/23\/nos-lectures-en-haikus\/","title":{"rendered":"Nos lectures en ha\u00efkus"},"content":{"rendered":"<p style=\"text-align: justify;\"><em><a href=\"https:\/\/i0.wp.com\/www.jojoenherbe.com\/wp-content\/uploads\/2021\/04\/Nos-lectures-en-haikus-3-scaled.jpg\"><img data-recalc-dims=\"1\" loading=\"lazy\" decoding=\"async\" data-attachment-id=\"17778\" data-permalink=\"http:\/\/www.jojoenherbe.com\/index.php\/2021\/04\/23\/nos-lectures-en-haikus\/nos-lectures-en-haikus-3\/\" data-orig-file=\"https:\/\/i0.wp.com\/www.jojoenherbe.com\/wp-content\/uploads\/2021\/04\/Nos-lectures-en-haikus-3-scaled.jpg?fit=2560%2C2088\" data-orig-size=\"2560,2088\" data-comments-opened=\"1\" data-image-meta=\"{&quot;aperture&quot;:&quot;1.8&quot;,&quot;credit&quot;:&quot;&quot;,&quot;camera&quot;:&quot;iPhone 7&quot;,&quot;caption&quot;:&quot;&quot;,&quot;created_timestamp&quot;:&quot;1619097206&quot;,&quot;copyright&quot;:&quot;&quot;,&quot;focal_length&quot;:&quot;3.99&quot;,&quot;iso&quot;:&quot;100&quot;,&quot;shutter_speed&quot;:&quot;0.058823529411765&quot;,&quot;title&quot;:&quot;&quot;,&quot;orientation&quot;:&quot;1&quot;}\" data-image-title=\"Nos lectures en ha\u00efkus 3\" data-image-description=\"\" data-image-caption=\"\" data-large-file=\"https:\/\/i0.wp.com\/www.jojoenherbe.com\/wp-content\/uploads\/2021\/04\/Nos-lectures-en-haikus-3-scaled.jpg?fit=676%2C551\" class=\"alignleft size-thumbnail wp-image-17778\" src=\"https:\/\/i0.wp.com\/www.jojoenherbe.com\/wp-content\/uploads\/2021\/04\/Nos-lectures-en-haikus-3.jpg?resize=150%2C150\" alt=\"\" width=\"150\" height=\"150\" srcset=\"https:\/\/i0.wp.com\/www.jojoenherbe.com\/wp-content\/uploads\/2021\/04\/Nos-lectures-en-haikus-3-scaled.jpg?resize=150%2C150 150w, https:\/\/i0.wp.com\/www.jojoenherbe.com\/wp-content\/uploads\/2021\/04\/Nos-lectures-en-haikus-3-scaled.jpg?zoom=2&amp;resize=150%2C150 300w, https:\/\/i0.wp.com\/www.jojoenherbe.com\/wp-content\/uploads\/2021\/04\/Nos-lectures-en-haikus-3-scaled.jpg?zoom=3&amp;resize=150%2C150 450w\" sizes=\"auto, (max-width: 150px) 100vw, 150px\" \/><\/a>Pour cette nouvelle journ\u00e9e du Mois au Japon 2021, j&rsquo;avais envie de m&rsquo;arr\u00eater sur la po\u00e9sie japonaise et les ha\u00efkus. <\/em><span class=\"ILfuVd NA6bn\"><span class=\"hgKElc\"><em>En premi\u00e8re photo d&rsquo;illustrations, j&rsquo;en ai choisi sur le th\u00e8me printanier, avec bien s\u00fbr, les cerisiers en fleurs puisque nous sommes au printemps.<\/em> <\/span><\/span><\/p>\n<ul>\n<li><strong><span style=\"text-decoration: underline;\"><em>J\u2019\u00e9cris des ha\u00efkus<\/em><\/span><\/strong><\/li>\n<\/ul>\n<p style=\"text-align: justify;\"><em><a href=\"https:\/\/i0.wp.com\/www.jojoenherbe.com\/wp-content\/uploads\/2021\/04\/Jecris-des-haikus-scaled.jpg\"><img data-recalc-dims=\"1\" loading=\"lazy\" decoding=\"async\" data-attachment-id=\"16925\" data-permalink=\"http:\/\/www.jojoenherbe.com\/index.php\/2021\/04\/01\/notre-pal-pour-un-mois-au-japon-2021\/jecris-des-haikus\/\" data-orig-file=\"https:\/\/i0.wp.com\/www.jojoenherbe.com\/wp-content\/uploads\/2021\/04\/Jecris-des-haikus-scaled.jpg?fit=2560%2C1920\" data-orig-size=\"2560,1920\" data-comments-opened=\"1\" data-image-meta=\"{&quot;aperture&quot;:&quot;1.8&quot;,&quot;credit&quot;:&quot;&quot;,&quot;camera&quot;:&quot;iPhone 7&quot;,&quot;caption&quot;:&quot;&quot;,&quot;created_timestamp&quot;:&quot;1617276143&quot;,&quot;copyright&quot;:&quot;&quot;,&quot;focal_length&quot;:&quot;3.99&quot;,&quot;iso&quot;:&quot;100&quot;,&quot;shutter_speed&quot;:&quot;0.071428571428571&quot;,&quot;title&quot;:&quot;&quot;,&quot;orientation&quot;:&quot;1&quot;}\" data-image-title=\"J&amp;rsquo;\u00e9cris des ha\u00efkus\" data-image-description=\"\" data-image-caption=\"\" data-large-file=\"https:\/\/i0.wp.com\/www.jojoenherbe.com\/wp-content\/uploads\/2021\/04\/Jecris-des-haikus-scaled.jpg?fit=676%2C507\" class=\"size-thumbnail wp-image-16925 alignright\" src=\"https:\/\/i0.wp.com\/www.jojoenherbe.com\/wp-content\/uploads\/2021\/04\/Jecris-des-haikus.jpg?resize=150%2C150\" alt=\"\" width=\"150\" height=\"150\" srcset=\"https:\/\/i0.wp.com\/www.jojoenherbe.com\/wp-content\/uploads\/2021\/04\/Jecris-des-haikus-scaled.jpg?resize=150%2C150 150w, https:\/\/i0.wp.com\/www.jojoenherbe.com\/wp-content\/uploads\/2021\/04\/Jecris-des-haikus-scaled.jpg?zoom=2&amp;resize=150%2C150 300w, https:\/\/i0.wp.com\/www.jojoenherbe.com\/wp-content\/uploads\/2021\/04\/Jecris-des-haikus-scaled.jpg?zoom=3&amp;resize=150%2C150 450w\" sizes=\"auto, (max-width: 150px) 100vw, 150px\" \/><\/a>Pour en savoir plus sur les ha\u00efkus, j&rsquo;ai emprunt\u00e9 \u00e0 la m\u00e9diath\u00e8que <span style=\"text-decoration: underline;\">J\u2019\u00e9cris des ha\u00efkus<\/span> de V\u00e9ronique Brindeau et Sandrine Thommen (\u00e9d. Picquier Jeunesse, 2016), un livre documentaire jeunesse \u00e0 partir de 9 ans pour apprendre \u00e0 \u00e9crire des ha\u00efkus et que j&rsquo;ai trouv\u00e9 tr\u00e8s bien fait et p\u00e9dagogue. L&rsquo;autrice reprend les diff\u00e9rentes r\u00e8gles pour les \u00e9crire en \u00e9voquant les grandes f\u00eates japonaises comme par exemple la f\u00eate du 3 f\u00e9vrier (premier jour de la nouvelle ann\u00e9e autrefois) appel\u00e9e la f\u00eate des f\u00e8ves&nbsp; pour chasser les d\u00e9mons \u00e0 la nouvelle ann\u00e9e &#8211; et les po\u00e8tes c\u00e9l\u00e8bres de ha\u00efkus comme Matsuo Bash\u00f4 (XVIIe si\u00e8cle), Yosa Buson (XVIIIe si\u00e8cle) ou encore la po\u00e9tesse Chiyo-ni (XVIIIe si\u00e8cle). <\/em><em>J&rsquo;ai not\u00e9 ce ha\u00efku de Matsuo Bash\u00f4 repris d&rsquo;ailleurs en \u00e9pigraphe dans <span style=\"text-decoration: underline;\">Entre Neige et Loup<\/span>: \u00ab\u00a0Dans le vieil \u00e9tang\/\/une grenouille qui plonge\/\/\u00f4 le bruit de l&rsquo;eau!\u00a0\u00bb. Les illustrations de Sandrine Thommen ponctuent toutes ces informations de fa\u00e7on douce.<\/em><\/p>\n<p style=\"text-align: justify;\"><em><a href=\"https:\/\/i0.wp.com\/www.jojoenherbe.com\/wp-content\/uploads\/2021\/04\/Jecris-des-haikus-3-scaled.jpg\"><img data-recalc-dims=\"1\" loading=\"lazy\" decoding=\"async\" data-attachment-id=\"17751\" data-permalink=\"http:\/\/www.jojoenherbe.com\/index.php\/2021\/04\/23\/nos-lectures-en-haikus\/jecris-des-haikus-3\/\" data-orig-file=\"https:\/\/i0.wp.com\/www.jojoenherbe.com\/wp-content\/uploads\/2021\/04\/Jecris-des-haikus-3-scaled.jpg?fit=2560%2C1754\" data-orig-size=\"2560,1754\" data-comments-opened=\"1\" data-image-meta=\"{&quot;aperture&quot;:&quot;1.8&quot;,&quot;credit&quot;:&quot;&quot;,&quot;camera&quot;:&quot;iPhone 7&quot;,&quot;caption&quot;:&quot;&quot;,&quot;created_timestamp&quot;:&quot;1619106113&quot;,&quot;copyright&quot;:&quot;&quot;,&quot;focal_length&quot;:&quot;3.99&quot;,&quot;iso&quot;:&quot;80&quot;,&quot;shutter_speed&quot;:&quot;0.058823529411765&quot;,&quot;title&quot;:&quot;&quot;,&quot;orientation&quot;:&quot;1&quot;}\" data-image-title=\"J&amp;rsquo;\u00e9cris des ha\u00efkus 3\" data-image-description=\"\" data-image-caption=\"\" data-large-file=\"https:\/\/i0.wp.com\/www.jojoenherbe.com\/wp-content\/uploads\/2021\/04\/Jecris-des-haikus-3-scaled.jpg?fit=676%2C463\" class=\"alignleft size-thumbnail wp-image-17751\" src=\"https:\/\/i0.wp.com\/www.jojoenherbe.com\/wp-content\/uploads\/2021\/04\/Jecris-des-haikus-3.jpg?resize=150%2C150\" alt=\"\" width=\"150\" height=\"150\" srcset=\"https:\/\/i0.wp.com\/www.jojoenherbe.com\/wp-content\/uploads\/2021\/04\/Jecris-des-haikus-3-scaled.jpg?resize=150%2C150 150w, https:\/\/i0.wp.com\/www.jojoenherbe.com\/wp-content\/uploads\/2021\/04\/Jecris-des-haikus-3-scaled.jpg?zoom=2&amp;resize=150%2C150 300w, https:\/\/i0.wp.com\/www.jojoenherbe.com\/wp-content\/uploads\/2021\/04\/Jecris-des-haikus-3-scaled.jpg?zoom=3&amp;resize=150%2C150 450w\" sizes=\"auto, (max-width: 150px) 100vw, 150px\" \/><\/a> <a href=\"https:\/\/i0.wp.com\/www.jojoenherbe.com\/wp-content\/uploads\/2021\/04\/Jecris-des-haikus-2-scaled.jpg\"><img data-recalc-dims=\"1\" loading=\"lazy\" decoding=\"async\" data-attachment-id=\"17750\" data-permalink=\"http:\/\/www.jojoenherbe.com\/index.php\/2021\/04\/23\/nos-lectures-en-haikus\/jecris-des-haikus-2\/\" data-orig-file=\"https:\/\/i0.wp.com\/www.jojoenherbe.com\/wp-content\/uploads\/2021\/04\/Jecris-des-haikus-2-scaled.jpg?fit=2123%2C2560\" data-orig-size=\"2123,2560\" data-comments-opened=\"1\" data-image-meta=\"{&quot;aperture&quot;:&quot;1.8&quot;,&quot;credit&quot;:&quot;&quot;,&quot;camera&quot;:&quot;iPhone 7&quot;,&quot;caption&quot;:&quot;&quot;,&quot;created_timestamp&quot;:&quot;1619106091&quot;,&quot;copyright&quot;:&quot;&quot;,&quot;focal_length&quot;:&quot;3.99&quot;,&quot;iso&quot;:&quot;64&quot;,&quot;shutter_speed&quot;:&quot;0.058823529411765&quot;,&quot;title&quot;:&quot;&quot;,&quot;orientation&quot;:&quot;1&quot;}\" data-image-title=\"J&amp;rsquo;\u00e9cris des ha\u00efkus 2\" data-image-description=\"\" data-image-caption=\"\" data-large-file=\"https:\/\/i0.wp.com\/www.jojoenherbe.com\/wp-content\/uploads\/2021\/04\/Jecris-des-haikus-2-scaled.jpg?fit=676%2C815\" class=\"alignleft size-thumbnail wp-image-17750\" src=\"https:\/\/i0.wp.com\/www.jojoenherbe.com\/wp-content\/uploads\/2021\/04\/Jecris-des-haikus-2.jpg?resize=150%2C150\" alt=\"\" width=\"150\" height=\"150\" srcset=\"https:\/\/i0.wp.com\/www.jojoenherbe.com\/wp-content\/uploads\/2021\/04\/Jecris-des-haikus-2-scaled.jpg?resize=150%2C150 150w, https:\/\/i0.wp.com\/www.jojoenherbe.com\/wp-content\/uploads\/2021\/04\/Jecris-des-haikus-2-scaled.jpg?zoom=2&amp;resize=150%2C150 300w, https:\/\/i0.wp.com\/www.jojoenherbe.com\/wp-content\/uploads\/2021\/04\/Jecris-des-haikus-2-scaled.jpg?zoom=3&amp;resize=150%2C150 450w\" sizes=\"auto, (max-width: 150px) 100vw, 150px\" \/><\/a>Mais avant de pouvoir en \u00e9crire, il faut comprendre l&rsquo;essence des ha\u00efkus. Alors qu&rsquo;est-ce qu&rsquo;un ha\u00efku? Ce sont des po\u00e8mes extr\u00eamement brefs. Leur simplicit\u00e9 n&rsquo;est qu&rsquo;apparente car ils sont en r\u00e9alit\u00e9 tr\u00e8s codifi\u00e9s, les trois r\u00e8gles \u00e0 suivre ayant \u00e9t\u00e9 fix\u00e9es au XVIIe si\u00e8cle par Matsuo Bash\u00f4, un po\u00e8te japonais. Ils <\/em><span class=\"ILfuVd NA6bn\"><span class=\"hgKElc\"><em>se composent de peu de mots (pas plus de 12 dont un \u00ab\u00a0mot de saison\u00a0\u00bb) formant 17 syllabes suivant une alternance 5-7-5 et respectant la r\u00e8gle de la \u00ab\u00a0coupure\u00a0\u00bb. Ils doivent pouvoir se lire \u00e0 voix haute en une seule respiration. Ils se pr\u00e9sentent en une seule colonne verticale au Japon et sur trois lignes horizontales en France. S&rsquo;ancrant dans les saisons, la nature, des instants\/instantan\u00e9s de la vie quotidienne ou encore du temps qui passe, ils refl\u00e8tent des observations ou des souvenirs et&nbsp; <\/em><\/span><\/span><span class=\"ILfuVd NA6bn\"><span class=\"hgKElc\"><em>suscitent l&rsquo;\u00e9motion. Comme l&rsquo;a \u00e9crit Jack Kerouac (XXe si\u00e8cle), \u00ab\u00a0Le ha\u00efku est une phrase douce et courte, avec un sursaut de pens\u00e9e\u00a0\u00bb. <\/em><\/span><\/span><\/p>\n<p style=\"text-align: justify;\"><em>La fin du livre se termine sur le grand jeu du kukai. Et si maintenant nous nous lancions \u00e9galement dans des \u00e9crits de ha\u00efkus? C&rsquo;est ma participation pour la journ\u00e9e consacr\u00e9e aux \u00e9ditions Picquier du 22 avril 2021 du Mois au Japon.<\/em><\/p>\n<ul>\n<li><strong><span style=\"text-decoration: underline;\"><em>Mon livre de ha\u00efkus, \u00e0 dire, \u00e0 lire et \u00e0 inventer<\/em><\/span><\/strong><\/li>\n<\/ul>\n<p style=\"text-align: justify;\"><a href=\"https:\/\/i0.wp.com\/www.jojoenherbe.com\/wp-content\/uploads\/2021\/04\/Mon-livre-de-haikus-scaled.jpg\"><img data-recalc-dims=\"1\" loading=\"lazy\" decoding=\"async\" data-attachment-id=\"16931\" data-permalink=\"http:\/\/www.jojoenherbe.com\/index.php\/2021\/04\/01\/notre-pal-pour-un-mois-au-japon-2021\/mon-livre-de-haikus\/\" data-orig-file=\"https:\/\/i0.wp.com\/www.jojoenherbe.com\/wp-content\/uploads\/2021\/04\/Mon-livre-de-haikus-scaled.jpg?fit=2560%2C1920\" data-orig-size=\"2560,1920\" data-comments-opened=\"1\" data-image-meta=\"{&quot;aperture&quot;:&quot;1.8&quot;,&quot;credit&quot;:&quot;&quot;,&quot;camera&quot;:&quot;iPhone 7&quot;,&quot;caption&quot;:&quot;&quot;,&quot;created_timestamp&quot;:&quot;1617276168&quot;,&quot;copyright&quot;:&quot;&quot;,&quot;focal_length&quot;:&quot;3.99&quot;,&quot;iso&quot;:&quot;100&quot;,&quot;shutter_speed&quot;:&quot;0.076923076923077&quot;,&quot;title&quot;:&quot;&quot;,&quot;orientation&quot;:&quot;1&quot;}\" data-image-title=\"Mon livre de ha\u00efkus\" data-image-description=\"\" data-image-caption=\"\" data-large-file=\"https:\/\/i0.wp.com\/www.jojoenherbe.com\/wp-content\/uploads\/2021\/04\/Mon-livre-de-haikus-scaled.jpg?fit=676%2C507\" class=\"size-thumbnail wp-image-16931 alignright\" src=\"https:\/\/i0.wp.com\/www.jojoenherbe.com\/wp-content\/uploads\/2021\/04\/Mon-livre-de-haikus.jpg?resize=150%2C150\" alt=\"\" width=\"150\" height=\"150\" srcset=\"https:\/\/i0.wp.com\/www.jojoenherbe.com\/wp-content\/uploads\/2021\/04\/Mon-livre-de-haikus-scaled.jpg?resize=150%2C150 150w, https:\/\/i0.wp.com\/www.jojoenherbe.com\/wp-content\/uploads\/2021\/04\/Mon-livre-de-haikus-scaled.jpg?zoom=2&amp;resize=150%2C150 300w, https:\/\/i0.wp.com\/www.jojoenherbe.com\/wp-content\/uploads\/2021\/04\/Mon-livre-de-haikus-scaled.jpg?zoom=3&amp;resize=150%2C150 450w\" sizes=\"auto, (max-width: 150px) 100vw, 150px\" \/><\/a><em>J&rsquo;ai aussi emprunt\u00e9 <span style=\"text-decoration: underline;\">Mon livre de ha\u00efkus, \u00e0 dire, \u00e0 lire et \u00e0 inventer<\/span> de Janik Coat et Jean-Hugues Malineau (\u00e9d. Albin Michel Jeunesse, 2012), un recueil de 100 ha\u00efkus \u00e0 partir de 6 ans. Je trouve qu&rsquo;il compl\u00e8te bien le livre pr\u00e9c\u00e9dent en en \u00e9tant une application puisque nous y retrouvons des ha\u00efkus traditionnels japonais ou d&rsquo;auteurs fran\u00e7ais contemporains mais aussi des cr\u00e9ations d&rsquo;\u00e9l\u00e8ves d&rsquo;\u00e9cole primaire ou de coll\u00e9giens. <\/em><\/p>\n<p style=\"text-align: justify;\"><em><a href=\"https:\/\/i0.wp.com\/www.jojoenherbe.com\/wp-content\/uploads\/2021\/04\/Mon-livre-de-haikus-2-scaled.jpg\"><img data-recalc-dims=\"1\" loading=\"lazy\" decoding=\"async\" data-attachment-id=\"17770\" data-permalink=\"http:\/\/www.jojoenherbe.com\/index.php\/2021\/04\/23\/nos-lectures-en-haikus\/mon-livre-de-haikus-2\/\" data-orig-file=\"https:\/\/i0.wp.com\/www.jojoenherbe.com\/wp-content\/uploads\/2021\/04\/Mon-livre-de-haikus-2-scaled.jpg?fit=2560%2C1920\" data-orig-size=\"2560,1920\" data-comments-opened=\"1\" data-image-meta=\"{&quot;aperture&quot;:&quot;1.8&quot;,&quot;credit&quot;:&quot;&quot;,&quot;camera&quot;:&quot;iPhone 7&quot;,&quot;caption&quot;:&quot;&quot;,&quot;created_timestamp&quot;:&quot;1619171462&quot;,&quot;copyright&quot;:&quot;&quot;,&quot;focal_length&quot;:&quot;3.99&quot;,&quot;iso&quot;:&quot;100&quot;,&quot;shutter_speed&quot;:&quot;0.058823529411765&quot;,&quot;title&quot;:&quot;&quot;,&quot;orientation&quot;:&quot;1&quot;}\" data-image-title=\"Mon livre de ha\u00efkus 2\" data-image-description=\"\" data-image-caption=\"\" data-large-file=\"https:\/\/i0.wp.com\/www.jojoenherbe.com\/wp-content\/uploads\/2021\/04\/Mon-livre-de-haikus-2-scaled.jpg?fit=676%2C507\" class=\"alignleft size-thumbnail wp-image-17770\" src=\"https:\/\/i0.wp.com\/www.jojoenherbe.com\/wp-content\/uploads\/2021\/04\/Mon-livre-de-haikus-2.jpg?resize=150%2C150\" alt=\"\" width=\"150\" height=\"150\" srcset=\"https:\/\/i0.wp.com\/www.jojoenherbe.com\/wp-content\/uploads\/2021\/04\/Mon-livre-de-haikus-2-scaled.jpg?resize=150%2C150 150w, https:\/\/i0.wp.com\/www.jojoenherbe.com\/wp-content\/uploads\/2021\/04\/Mon-livre-de-haikus-2-scaled.jpg?zoom=2&amp;resize=150%2C150 300w, https:\/\/i0.wp.com\/www.jojoenherbe.com\/wp-content\/uploads\/2021\/04\/Mon-livre-de-haikus-2-scaled.jpg?zoom=3&amp;resize=150%2C150 450w\" sizes=\"auto, (max-width: 150px) 100vw, 150px\" \/><\/a> <a href=\"https:\/\/i0.wp.com\/www.jojoenherbe.com\/wp-content\/uploads\/2021\/04\/Mon-livre-de-haikus-3-scaled.jpg\"><img data-recalc-dims=\"1\" loading=\"lazy\" decoding=\"async\" data-attachment-id=\"17771\" data-permalink=\"http:\/\/www.jojoenherbe.com\/index.php\/2021\/04\/23\/nos-lectures-en-haikus\/mon-livre-de-haikus-3\/\" data-orig-file=\"https:\/\/i0.wp.com\/www.jojoenherbe.com\/wp-content\/uploads\/2021\/04\/Mon-livre-de-haikus-3-scaled.jpg?fit=2560%2C1920\" data-orig-size=\"2560,1920\" data-comments-opened=\"1\" data-image-meta=\"{&quot;aperture&quot;:&quot;1.8&quot;,&quot;credit&quot;:&quot;&quot;,&quot;camera&quot;:&quot;iPhone 7&quot;,&quot;caption&quot;:&quot;&quot;,&quot;created_timestamp&quot;:&quot;1619171558&quot;,&quot;copyright&quot;:&quot;&quot;,&quot;focal_length&quot;:&quot;3.99&quot;,&quot;iso&quot;:&quot;100&quot;,&quot;shutter_speed&quot;:&quot;0.058823529411765&quot;,&quot;title&quot;:&quot;&quot;,&quot;orientation&quot;:&quot;1&quot;}\" data-image-title=\"Mon livre de ha\u00efkus 3\" data-image-description=\"\" data-image-caption=\"\" data-large-file=\"https:\/\/i0.wp.com\/www.jojoenherbe.com\/wp-content\/uploads\/2021\/04\/Mon-livre-de-haikus-3-scaled.jpg?fit=676%2C507\" class=\"alignleft size-thumbnail wp-image-17771\" src=\"https:\/\/i0.wp.com\/www.jojoenherbe.com\/wp-content\/uploads\/2021\/04\/Mon-livre-de-haikus-3.jpg?resize=150%2C150\" alt=\"\" width=\"150\" height=\"150\" srcset=\"https:\/\/i0.wp.com\/www.jojoenherbe.com\/wp-content\/uploads\/2021\/04\/Mon-livre-de-haikus-3-scaled.jpg?resize=150%2C150 150w, https:\/\/i0.wp.com\/www.jojoenherbe.com\/wp-content\/uploads\/2021\/04\/Mon-livre-de-haikus-3-scaled.jpg?zoom=2&amp;resize=150%2C150 300w, https:\/\/i0.wp.com\/www.jojoenherbe.com\/wp-content\/uploads\/2021\/04\/Mon-livre-de-haikus-3-scaled.jpg?zoom=3&amp;resize=150%2C150 450w\" sizes=\"auto, (max-width: 150px) 100vw, 150px\" \/><\/a>Des conseils sont aussi donn\u00e9s pour tenter \u00e0 notre tour d&rsquo;\u00e9crire des ha\u00efkus. Le livre est illustr\u00e9 de fa\u00e7on \u00e9pur\u00e9e par Janik Coat dont nous avions d\u00e9j\u00e0 lu un ab\u00e9c\u00e9daire animalier, <span style=\"text-decoration: underline;\">A B C bestiaire<\/span> (\u00e9d. Autrement Jeunesse, 2012). Je me suis d&rsquo;ailleurs not\u00e9e quelques-uns des ha\u00efkus comme celui-ci de Ry\u00f4kan: \u00ab\u00a0Le voleur a tout emport\u00e9\/\/Mais il a oubli\u00e9 la lune\/\/\u00c0 ma fen\u00eatre\u00a0\u00bb et qui me rappelle le deuxi\u00e8me conte d&rsquo;un album jeunesse, <span style=\"text-decoration: underline;\">Petits contes zen<\/span> de Jon J. Muth (\u00e9d. Circonflexe, 2005), \u00ab\u00a0Oncle Tsukimi et la lune\u00a0\u00bb.<\/em><\/p>\n<ul>\n<li style=\"text-align: justify;\"><strong><em><span style=\"text-decoration: underline;\">La balade de Ko\u00efshi<\/span><\/em><\/strong><\/li>\n<\/ul>\n<p style=\"text-align: justify;\"><em><a href=\"https:\/\/i0.wp.com\/www.jojoenherbe.com\/wp-content\/uploads\/2021\/04\/La-balade-de-Koishi-3-scaled.jpg\"><img data-recalc-dims=\"1\" loading=\"lazy\" decoding=\"async\" data-attachment-id=\"17752\" data-permalink=\"http:\/\/www.jojoenherbe.com\/index.php\/2021\/04\/23\/nos-lectures-en-haikus\/la-balade-de-koishi-3\/\" data-orig-file=\"https:\/\/i0.wp.com\/www.jojoenherbe.com\/wp-content\/uploads\/2021\/04\/La-balade-de-Koishi-3-scaled.jpg?fit=2560%2C1920\" data-orig-size=\"2560,1920\" data-comments-opened=\"1\" data-image-meta=\"{&quot;aperture&quot;:&quot;1.8&quot;,&quot;credit&quot;:&quot;&quot;,&quot;camera&quot;:&quot;iPhone 7&quot;,&quot;caption&quot;:&quot;&quot;,&quot;created_timestamp&quot;:&quot;1619102068&quot;,&quot;copyright&quot;:&quot;&quot;,&quot;focal_length&quot;:&quot;3.99&quot;,&quot;iso&quot;:&quot;100&quot;,&quot;shutter_speed&quot;:&quot;0.1&quot;,&quot;title&quot;:&quot;&quot;,&quot;orientation&quot;:&quot;1&quot;}\" data-image-title=\"La balade de Ko\u00efshi 3\" data-image-description=\"\" data-image-caption=\"\" data-large-file=\"https:\/\/i0.wp.com\/www.jojoenherbe.com\/wp-content\/uploads\/2021\/04\/La-balade-de-Koishi-3-scaled.jpg?fit=676%2C507\" class=\"size-thumbnail wp-image-17752 alignright\" src=\"https:\/\/i0.wp.com\/www.jojoenherbe.com\/wp-content\/uploads\/2021\/04\/La-balade-de-Koishi-3.jpg?resize=150%2C150\" alt=\"\" width=\"150\" height=\"150\" srcset=\"https:\/\/i0.wp.com\/www.jojoenherbe.com\/wp-content\/uploads\/2021\/04\/La-balade-de-Koishi-3-scaled.jpg?resize=150%2C150 150w, https:\/\/i0.wp.com\/www.jojoenherbe.com\/wp-content\/uploads\/2021\/04\/La-balade-de-Koishi-3-scaled.jpg?zoom=2&amp;resize=150%2C150 300w, https:\/\/i0.wp.com\/www.jojoenherbe.com\/wp-content\/uploads\/2021\/04\/La-balade-de-Koishi-3-scaled.jpg?zoom=3&amp;resize=150%2C150 450w\" sizes=\"auto, (max-width: 150px) 100vw, 150px\" \/><\/a> <a href=\"https:\/\/i0.wp.com\/www.jojoenherbe.com\/wp-content\/uploads\/2021\/04\/La-balade-de-Koishi-scaled.jpg\"><img data-recalc-dims=\"1\" loading=\"lazy\" decoding=\"async\" data-attachment-id=\"16926\" data-permalink=\"http:\/\/www.jojoenherbe.com\/index.php\/2021\/04\/01\/notre-pal-pour-un-mois-au-japon-2021\/la-balade-de-koishi\/\" data-orig-file=\"https:\/\/i0.wp.com\/www.jojoenherbe.com\/wp-content\/uploads\/2021\/04\/La-balade-de-Koishi-scaled.jpg?fit=2560%2C1920\" data-orig-size=\"2560,1920\" data-comments-opened=\"1\" data-image-meta=\"{&quot;aperture&quot;:&quot;1.8&quot;,&quot;credit&quot;:&quot;&quot;,&quot;camera&quot;:&quot;iPhone 7&quot;,&quot;caption&quot;:&quot;&quot;,&quot;created_timestamp&quot;:&quot;1617276072&quot;,&quot;copyright&quot;:&quot;&quot;,&quot;focal_length&quot;:&quot;3.99&quot;,&quot;iso&quot;:&quot;100&quot;,&quot;shutter_speed&quot;:&quot;0.058823529411765&quot;,&quot;title&quot;:&quot;&quot;,&quot;orientation&quot;:&quot;1&quot;}\" data-image-title=\"La balade de Ko\u00efshi\" data-image-description=\"\" data-image-caption=\"\" data-large-file=\"https:\/\/i0.wp.com\/www.jojoenherbe.com\/wp-content\/uploads\/2021\/04\/La-balade-de-Koishi-scaled.jpg?fit=676%2C507\" class=\"size-thumbnail wp-image-16926 alignright\" src=\"https:\/\/i0.wp.com\/www.jojoenherbe.com\/wp-content\/uploads\/2021\/04\/La-balade-de-Koishi.jpg?resize=150%2C150\" alt=\"\" width=\"150\" height=\"150\" srcset=\"https:\/\/i0.wp.com\/www.jojoenherbe.com\/wp-content\/uploads\/2021\/04\/La-balade-de-Koishi-scaled.jpg?resize=150%2C150 150w, https:\/\/i0.wp.com\/www.jojoenherbe.com\/wp-content\/uploads\/2021\/04\/La-balade-de-Koishi-scaled.jpg?zoom=2&amp;resize=150%2C150 300w, https:\/\/i0.wp.com\/www.jojoenherbe.com\/wp-content\/uploads\/2021\/04\/La-balade-de-Koishi-scaled.jpg?zoom=3&amp;resize=150%2C150 450w\" sizes=\"auto, (max-width: 150px) 100vw, 150px\" \/><\/a>Nous lisons aussi <a href=\"http:\/\/www.jojoenherbe.com\/index.php\/2021\/04\/23\/au-fil-des-pages-avec-la-balade-de-koishi\/\"><span style=\"text-decoration: underline;\">La balade de Ko\u00efshi<\/span><\/a> d\u2019Agn\u00e8s Domergue et C\u00e9cile Hudrisier (\u00e9d. Grasset Jeunesse, 2019), un album jeunesse \u00e0 partir de 3 ans en forme de livre-accord\u00e9on dont les deux extr\u00e9mit\u00e9s peuvent se rejoindre. <\/em><em>Nous suivons de sa naissance \u00e0 sa mort, Ko\u00efshi, un petit \u00eatre \u00ab\u00a0n\u00e9 d&rsquo;une rizi\u00e8re et du soleil levant\u00a0\u00bb, conservant pr\u00e9cieusement dans sa poche un grain de riz. Coup de c\u0153ur pour cet album jeunesse aux magnifiques illustrations et contant de fa\u00e7on po\u00e9tique le cycle de la Vie!<br><\/em><\/p>\n<ul>\n<li><strong><em><span style=\"text-decoration: underline;\">Entre Neige et Loup<\/span><\/em><\/strong><\/li>\n<\/ul>\n<p style=\"text-align: justify;\"><em><a href=\"https:\/\/i0.wp.com\/www.jojoenherbe.com\/wp-content\/uploads\/2021\/01\/Entre-neige-et-loup-scaled.jpg\"><img data-recalc-dims=\"1\" loading=\"lazy\" decoding=\"async\" data-attachment-id=\"14763\" data-permalink=\"http:\/\/www.jojoenherbe.com\/index.php\/2021\/01\/02\/un-second-rat-post-noel-2020\/entre-neige-et-loup\/\" data-orig-file=\"https:\/\/i0.wp.com\/www.jojoenherbe.com\/wp-content\/uploads\/2021\/01\/Entre-neige-et-loup-scaled.jpg?fit=2560%2C1879\" data-orig-size=\"2560,1879\" data-comments-opened=\"1\" data-image-meta=\"{&quot;aperture&quot;:&quot;1.8&quot;,&quot;credit&quot;:&quot;&quot;,&quot;camera&quot;:&quot;iPhone 7&quot;,&quot;caption&quot;:&quot;&quot;,&quot;created_timestamp&quot;:&quot;1609751578&quot;,&quot;copyright&quot;:&quot;&quot;,&quot;focal_length&quot;:&quot;3.99&quot;,&quot;iso&quot;:&quot;80&quot;,&quot;shutter_speed&quot;:&quot;0.2&quot;,&quot;title&quot;:&quot;&quot;,&quot;orientation&quot;:&quot;1&quot;}\" data-image-title=\"Entre neige et loup\" data-image-description=\"\" data-image-caption=\"\" data-large-file=\"https:\/\/i0.wp.com\/www.jojoenherbe.com\/wp-content\/uploads\/2021\/01\/Entre-neige-et-loup-scaled.jpg?fit=676%2C496\" class=\"alignleft size-thumbnail wp-image-14763\" src=\"https:\/\/i0.wp.com\/www.jojoenherbe.com\/wp-content\/uploads\/2021\/01\/Entre-neige-et-loup.jpg?resize=150%2C150\" alt=\"\" width=\"150\" height=\"150\" srcset=\"https:\/\/i0.wp.com\/www.jojoenherbe.com\/wp-content\/uploads\/2021\/01\/Entre-neige-et-loup-scaled.jpg?resize=150%2C150 150w, https:\/\/i0.wp.com\/www.jojoenherbe.com\/wp-content\/uploads\/2021\/01\/Entre-neige-et-loup-scaled.jpg?zoom=2&amp;resize=150%2C150 300w, https:\/\/i0.wp.com\/www.jojoenherbe.com\/wp-content\/uploads\/2021\/01\/Entre-neige-et-loup-scaled.jpg?zoom=3&amp;resize=150%2C150 450w\" sizes=\"auto, (max-width: 150px) 100vw, 150px\" \/><\/a><a href=\"https:\/\/i0.wp.com\/www.jojoenherbe.com\/wp-content\/uploads\/2021\/04\/Entre-Neige-et-Loup-4-scaled.jpg\"><img data-recalc-dims=\"1\" loading=\"lazy\" decoding=\"async\" data-attachment-id=\"17783\" data-permalink=\"http:\/\/www.jojoenherbe.com\/index.php\/2021\/04\/23\/nos-lectures-en-haikus\/entre-neige-et-loup-4\/\" data-orig-file=\"https:\/\/i0.wp.com\/www.jojoenherbe.com\/wp-content\/uploads\/2021\/04\/Entre-Neige-et-Loup-4-scaled.jpg?fit=2560%2C1920\" data-orig-size=\"2560,1920\" data-comments-opened=\"1\" data-image-meta=\"{&quot;aperture&quot;:&quot;1.8&quot;,&quot;credit&quot;:&quot;&quot;,&quot;camera&quot;:&quot;iPhone 7&quot;,&quot;caption&quot;:&quot;&quot;,&quot;created_timestamp&quot;:&quot;1619172614&quot;,&quot;copyright&quot;:&quot;&quot;,&quot;focal_length&quot;:&quot;3.99&quot;,&quot;iso&quot;:&quot;100&quot;,&quot;shutter_speed&quot;:&quot;0.071428571428571&quot;,&quot;title&quot;:&quot;&quot;,&quot;orientation&quot;:&quot;1&quot;}\" data-image-title=\"Entre Neige et Loup 4\" data-image-description=\"\" data-image-caption=\"\" data-large-file=\"https:\/\/i0.wp.com\/www.jojoenherbe.com\/wp-content\/uploads\/2021\/04\/Entre-Neige-et-Loup-4-scaled.jpg?fit=676%2C507\" class=\"alignleft size-thumbnail wp-image-17783\" src=\"https:\/\/i0.wp.com\/www.jojoenherbe.com\/wp-content\/uploads\/2021\/04\/Entre-Neige-et-Loup-4.jpg?resize=150%2C150\" alt=\"\" width=\"150\" height=\"150\" srcset=\"https:\/\/i0.wp.com\/www.jojoenherbe.com\/wp-content\/uploads\/2021\/04\/Entre-Neige-et-Loup-4-scaled.jpg?resize=150%2C150 150w, https:\/\/i0.wp.com\/www.jojoenherbe.com\/wp-content\/uploads\/2021\/04\/Entre-Neige-et-Loup-4-scaled.jpg?zoom=2&amp;resize=150%2C150 300w, https:\/\/i0.wp.com\/www.jojoenherbe.com\/wp-content\/uploads\/2021\/04\/Entre-Neige-et-Loup-4-scaled.jpg?zoom=3&amp;resize=150%2C150 450w\" sizes=\"auto, (max-width: 150px) 100vw, 150px\" \/><\/a>Puis je relis une nouvelle fois <a href=\"http:\/\/www.jojoenherbe.com\/index.php\/2021\/04\/22\/__trashed-2\/\"><span style=\"text-decoration: underline;\">Entre Neige et Loup<\/span><\/a> d&rsquo;Agn\u00e8s Domergue et H\u00e9l\u00e8ne Canac (\u00e9d. Jungle, 2019), une BD jeunesse \u00e0 partir de 7 ans. <\/em><em>\u00c9lev\u00e9e par son p\u00e8re, Lila vit cloitr\u00e9e dans sa maison, sur une \u00eele enneig\u00e9e. Depuis son plus jeune \u00e2ge, son p\u00e8re la prot\u00e8ge d\u2019une mal\u00e9diction et d\u2019un d\u00e9mon. Un jour qu\u2019il s\u2019absente plus longuement, Lila l\u2019imagine d\u00e9j\u00e0 prisonnier du d\u00e9mon et d\u00e9cide de partir \u00e0 sa recherche. Accompagn\u00e9e de son chat Bambou et de ses deux grenouilles, Mochi et Moshi, la jeune fille d\u00e9couvre alors une for\u00eat endormie sous la neige, peupl\u00e9e de jizos \u00e9nigmatiques parlant en ha\u00efkus et d\u2019un loup blanc. Il y est question de qu\u00eate initiatique, d&rsquo;amiti\u00e9, de relations parent\/enfant et d&rsquo;aventures. Un tr\u00e8s bon moment de lecture avec cette BD jeunesse fantastique aux magnifiques illustrations et empreinte de folklore japonais!<br><\/em><\/p>\n<p><div style=\"width: 139px\" class=\"wp-caption alignleft\"><img loading=\"lazy\" decoding=\"async\" class=\"attachment-post-image  wp-post-image\" src=\"https:\/\/i2.wp.com\/www.jojoenherbe.com\/wp-content\/uploads\/2021\/03\/logo-Un-mois-au-Japon-2021.jpeg?fit=676%2C676\" sizes=\"auto, (max-width: 676px) 100vw, 676px\" srcset=\"https:\/\/i2.wp.com\/www.jojoenherbe.com\/wp-content\/uploads\/2021\/03\/logo-Un-mois-au-Japon-2021.jpeg?w=1108 1108w, https:\/\/i2.wp.com\/www.jojoenherbe.com\/wp-content\/uploads\/2021\/03\/logo-Un-mois-au-Japon-2021.jpeg?resize=300%2C300 300w, https:\/\/i2.wp.com\/www.jojoenherbe.com\/wp-content\/uploads\/2021\/03\/logo-Un-mois-au-Japon-2021.jpeg?resize=1024%2C1024 1024w, https:\/\/i2.wp.com\/www.jojoenherbe.com\/wp-content\/uploads\/2021\/03\/logo-Un-mois-au-Japon-2021.jpeg?resize=150%2C150 150w, https:\/\/i2.wp.com\/www.jojoenherbe.com\/wp-content\/uploads\/2021\/03\/logo-Un-mois-au-Japon-2021.jpeg?resize=768%2C768 768w, https:\/\/i2.wp.com\/www.jojoenherbe.com\/wp-content\/uploads\/2021\/03\/logo-Un-mois-au-Japon-2021.jpeg?resize=676%2C676 676w\" alt=\"\" data-attachment-id=\"16886\" data-permalink=\"http:\/\/www.jojoenherbe.com\/?attachment_id=16886\" data-orig-file=\"https:\/\/i2.wp.com\/www.jojoenherbe.com\/wp-content\/uploads\/2021\/03\/logo-Un-mois-au-Japon-2021.jpeg?fit=1108%2C1108\" data-orig-size=\"1108,1108\" data-comments-opened=\"1\" data-image-meta=\"{&quot;aperture&quot;:&quot;0&quot;,&quot;credit&quot;:&quot;&quot;,&quot;camera&quot;:&quot;&quot;,&quot;caption&quot;:&quot;&quot;,&quot;created_timestamp&quot;:&quot;0&quot;,&quot;copyright&quot;:&quot;&quot;,&quot;focal_length&quot;:&quot;0&quot;,&quot;iso&quot;:&quot;0&quot;,&quot;shutter_speed&quot;:&quot;0&quot;,&quot;title&quot;:&quot;&quot;,&quot;orientation&quot;:&quot;0&quot;}\" data-image-title=\"logo Un mois au Japon 2021\" data-image-description=\"\" data-medium-file=\"https:\/\/i2.wp.com\/www.jojoenherbe.com\/wp-content\/uploads\/2021\/03\/logo-Un-mois-au-Japon-2021.jpeg?fit=300%2C300\" data-large-file=\"https:\/\/i2.wp.com\/www.jojoenherbe.com\/wp-content\/uploads\/2021\/03\/logo-Un-mois-au-Japon-2021.jpeg?fit=676%2C676\" width=\"129\" height=\"129\"><p class=\"wp-caption-text\">Participation #19 Un mois au Japon 2021 de <a href=\"https:\/\/lelivroblog.wordpress.com\/2021\/03\/30\/challenge-un-mois-au-japon-2021\/\">Hilde<\/a> et <a href=\"http:\/\/www.myloubook.com\/2021\/03\/30\/un-mois-au-japon-2021-4e-edition\/\">Lou<\/a> #Lecture jeunesse<\/p><\/div><br>\n<div style=\"width: 170px\" class=\"wp-caption alignleft\"><img data-recalc-dims=\"1\" loading=\"lazy\" decoding=\"async\" class=\"attachment-boston-list-medium  wp-post-image\" src=\"https:\/\/i0.wp.com\/avenuereinemathilde.com\/wp-content\/uploads\/2020\/12\/Challenge-femmes-auteures_paysage-720x380.jpg?resize=160%2C85&#038;ssl=1\" alt=\"challenge 2021 lire au f\u00e9minin\" width=\"160\" height=\"85\"><p class=\"wp-caption-text\">Participation #25 au Challenge Lire au f\u00e9minin de <a href=\"https:\/\/avenuereinemathilde.com\/challenge-lire-au-feminin-2021\/\">Tiphanya<\/a><\/p><\/div><\/p>\n\n\n<p><\/p>\n","protected":false},"excerpt":{"rendered":"<p>Pour cette nouvelle journ\u00e9e du Mois au Japon 2021, j&rsquo;avais envie de m&rsquo;arr\u00eater sur la po\u00e9sie japonaise et les ha\u00efkus. En premi\u00e8re photo d&rsquo;illustrations, j&rsquo;en ai choisi sur le th\u00e8me printanier, avec bien s\u00fbr, les cerisiers en fleurs puisque nous sommes au printemps. J\u2019\u00e9cris des ha\u00efkus Pour en savoir plus sur les ha\u00efkus, j&rsquo;ai emprunt\u00e9 [&hellip;]<\/p>\n","protected":false},"author":1,"featured_media":17738,"comment_status":"open","ping_status":"open","sticky":false,"template":"","format":"standard","meta":{"jetpack_post_was_ever_published":false,"_jetpack_newsletter_access":"","_jetpack_dont_email_post_to_subs":false,"_jetpack_newsletter_tier_id":0,"_jetpack_memberships_contains_paywalled_content":false,"_jetpack_memberships_contains_paid_content":false,"footnotes":""},"categories":[363],"tags":[785,788,790,852,1222,409,1226,1385,2432,1599,2211,576,2236,2238,2165,2325,2436,2111,543,641,2431,373,2435,2035,2434],"class_list":["post-17731","post","type-post","status-publish","format-standard","has-post-thumbnail","hentry","category-mini-lecteur","tag-3-6-ans","tag-6-9-ans","tag-7-13-ans","tag-9-12-ans","tag-agnes-domergue","tag-albums-jeunesse","tag-bd-jeunesse","tag-cecile-hudrisier","tag-cycle-de-la-vie","tag-cycle-des-saisons","tag-documentaires-jeunesse","tag-emotions","tag-haiku","tag-helene-canac","tag-janik-coat","tag-japon","tag-jean-hugues-malineau","tag-lire-au-feminin-2021","tag-nature","tag-poesie","tag-poesie-japonaise","tag-saisons","tag-sandrine-thommen","tag-un-mois-au-japon-2021","tag-veronique-brindeau","post-preview"],"jetpack_featured_media_url":"https:\/\/i0.wp.com\/www.jojoenherbe.com\/wp-content\/uploads\/2021\/04\/Nos-lectures-en-haikus-scaled.jpg?fit=2560%2C1920","jetpack_sharing_enabled":true,"jetpack_shortlink":"https:\/\/wp.me\/p9zhGx-4BZ","jetpack_likes_enabled":true,"jetpack-related-posts":[{"id":16893,"url":"http:\/\/www.jojoenherbe.com\/index.php\/2021\/04\/01\/notre-pal-pour-un-mois-au-japon-2021\/","url_meta":{"origin":17731,"position":0},"title":"Notre PAL pour Un Mois au Japon 2021","author":"Jojo","date":"1 avril 2021","format":false,"excerpt":"Pour ce premier jour d'Un Mois au Japon 2021, Hilde et Lou nous proposent de pr\u00e9senter notre PAL (pile \u00e0 lire) pour le mois d'avril.\u00a0 C'est le moment id\u00e9al de pouvoir lire quelques mangas que je n'ai pas encore pu aller emprunter \u00e0 la m\u00e9diath\u00e8que. Heureusement, contrairement \u00e0 l'ann\u00e9e derni\u00e8re,\u2026","rel":"","context":"Dans &quot;Mini challenger&quot;","block_context":{"text":"Mini challenger","link":"http:\/\/www.jojoenherbe.com\/index.php\/category\/mini-challenger\/"},"img":{"alt_text":"","src":"https:\/\/i0.wp.com\/www.jojoenherbe.com\/wp-content\/uploads\/2021\/04\/PAL-Un-mois-au-Japon-2021-scaled.jpg?fit=1200%2C905&resize=350%2C200","width":350,"height":200,"srcset":"https:\/\/i0.wp.com\/www.jojoenherbe.com\/wp-content\/uploads\/2021\/04\/PAL-Un-mois-au-Japon-2021-scaled.jpg?fit=1200%2C905&resize=350%2C200 1x, https:\/\/i0.wp.com\/www.jojoenherbe.com\/wp-content\/uploads\/2021\/04\/PAL-Un-mois-au-Japon-2021-scaled.jpg?fit=1200%2C905&resize=525%2C300 1.5x, https:\/\/i0.wp.com\/www.jojoenherbe.com\/wp-content\/uploads\/2021\/04\/PAL-Un-mois-au-Japon-2021-scaled.jpg?fit=1200%2C905&resize=700%2C400 2x, https:\/\/i0.wp.com\/www.jojoenherbe.com\/wp-content\/uploads\/2021\/04\/PAL-Un-mois-au-Japon-2021-scaled.jpg?fit=1200%2C905&resize=1050%2C600 3x"},"classes":[]},{"id":16885,"url":"http:\/\/www.jojoenherbe.com\/index.php\/2021\/04\/01\/billet-de-suivi-un-mois-au-japon-2021\/","url_meta":{"origin":17731,"position":1},"title":"Billet de suivi: Un mois au Japon 2021","author":"Jojo","date":"1 avril 2021","format":false,"excerpt":"Apr\u00e8s un British Mysteries Month le mois dernier, Hilde et Lou organisent au mois d'avril 2021 Un mois au Japon. Nos deux coorganisatrices ont pr\u00e9vu un programme facultatif que je vais essayer de suivre le plus possible. Pour plus d\u2019infos, n\u2019h\u00e9sitez pas \u00e0 aller sur leurs blogs. Ce billet sera\u2026","rel":"","context":"Dans &quot;Mini challenger&quot;","block_context":{"text":"Mini challenger","link":"http:\/\/www.jojoenherbe.com\/index.php\/category\/mini-challenger\/"},"img":{"alt_text":"","src":"https:\/\/i0.wp.com\/www.jojoenherbe.com\/wp-content\/uploads\/2021\/03\/logo-Un-mois-au-Japon-2021.jpeg?fit=1108%2C1108&resize=350%2C200","width":350,"height":200,"srcset":"https:\/\/i0.wp.com\/www.jojoenherbe.com\/wp-content\/uploads\/2021\/03\/logo-Un-mois-au-Japon-2021.jpeg?fit=1108%2C1108&resize=350%2C200 1x, https:\/\/i0.wp.com\/www.jojoenherbe.com\/wp-content\/uploads\/2021\/03\/logo-Un-mois-au-Japon-2021.jpeg?fit=1108%2C1108&resize=525%2C300 1.5x, https:\/\/i0.wp.com\/www.jojoenherbe.com\/wp-content\/uploads\/2021\/03\/logo-Un-mois-au-Japon-2021.jpeg?fit=1108%2C1108&resize=700%2C400 2x, https:\/\/i0.wp.com\/www.jojoenherbe.com\/wp-content\/uploads\/2021\/03\/logo-Un-mois-au-Japon-2021.jpeg?fit=1108%2C1108&resize=1050%2C600 3x"},"classes":[]},{"id":16016,"url":"http:\/\/www.jojoenherbe.com\/index.php\/2021\/04\/23\/au-fil-des-pages-avec-entre-neige-et-loup\/","url_meta":{"origin":17731,"position":2},"title":"Au fil des pages avec Entre neige et loup","author":"Jojo","date":"23 avril 2021","format":false,"excerpt":"D\u00e9j\u00e0 en janvier 2020 puis encore cette ann\u00e9e, en f\u00e9vrier, j'ai lu Entre Neige et Loup d'Agn\u00e8s Domergue et H\u00e9l\u00e8ne Canac (\u00e9d. Jungle, 2019), une BD jeunesse \u00e0 partir de 7 ans. Je ne prends qu'aujourd'hui le temps d'en parler dans un billet, tout en ayant pris plaisir \u00e0 le\u2026","rel":"","context":"Dans &quot;Mini lecteur&quot;","block_context":{"text":"Mini lecteur","link":"http:\/\/www.jojoenherbe.com\/index.php\/category\/mini-lecteur\/"},"img":{"alt_text":"","src":"https:\/\/i0.wp.com\/www.jojoenherbe.com\/wp-content\/uploads\/2021\/01\/Entre-neige-et-loup-scaled.jpg?fit=1200%2C881&resize=350%2C200","width":350,"height":200,"srcset":"https:\/\/i0.wp.com\/www.jojoenherbe.com\/wp-content\/uploads\/2021\/01\/Entre-neige-et-loup-scaled.jpg?fit=1200%2C881&resize=350%2C200 1x, https:\/\/i0.wp.com\/www.jojoenherbe.com\/wp-content\/uploads\/2021\/01\/Entre-neige-et-loup-scaled.jpg?fit=1200%2C881&resize=525%2C300 1.5x, https:\/\/i0.wp.com\/www.jojoenherbe.com\/wp-content\/uploads\/2021\/01\/Entre-neige-et-loup-scaled.jpg?fit=1200%2C881&resize=700%2C400 2x, https:\/\/i0.wp.com\/www.jojoenherbe.com\/wp-content\/uploads\/2021\/01\/Entre-neige-et-loup-scaled.jpg?fit=1200%2C881&resize=1050%2C600 3x"},"classes":[]},{"id":17091,"url":"http:\/\/www.jojoenherbe.com\/index.php\/2021\/04\/06\/au-fil-des-pages-avec-les-amants-papillons\/","url_meta":{"origin":17731,"position":3},"title":"Au fil des pages avec Les amants papillons","author":"Jojo","date":"6 avril 2021","format":false,"excerpt":"Pour Un mois au Japon 2021, je lis un livre que j'avais rep\u00e9r\u00e9 depuis longtemps, Les amants papillons de Benjamin Lacombe (\u00e9d. Seuil Jeunesse, 2007), un album jeunesse grand format pour les 6\/9 ans selon l\u2019\u00e9diteur mais class\u00e9 dans la section Ados de notre m\u00e9diath\u00e8que et avec un petit lexique\u2026","rel":"","context":"Dans &quot;Mini lecteur&quot;","block_context":{"text":"Mini lecteur","link":"http:\/\/www.jojoenherbe.com\/index.php\/category\/mini-lecteur\/"},"img":{"alt_text":"","src":"https:\/\/i0.wp.com\/www.jojoenherbe.com\/wp-content\/uploads\/2021\/04\/Les-amants-papillons-1-scaled.jpg?fit=1200%2C900&resize=350%2C200","width":350,"height":200,"srcset":"https:\/\/i0.wp.com\/www.jojoenherbe.com\/wp-content\/uploads\/2021\/04\/Les-amants-papillons-1-scaled.jpg?fit=1200%2C900&resize=350%2C200 1x, https:\/\/i0.wp.com\/www.jojoenherbe.com\/wp-content\/uploads\/2021\/04\/Les-amants-papillons-1-scaled.jpg?fit=1200%2C900&resize=525%2C300 1.5x, https:\/\/i0.wp.com\/www.jojoenherbe.com\/wp-content\/uploads\/2021\/04\/Les-amants-papillons-1-scaled.jpg?fit=1200%2C900&resize=700%2C400 2x, https:\/\/i0.wp.com\/www.jojoenherbe.com\/wp-content\/uploads\/2021\/04\/Les-amants-papillons-1-scaled.jpg?fit=1200%2C900&resize=1050%2C600 3x"},"classes":[]},{"id":16544,"url":"http:\/\/www.jojoenherbe.com\/index.php\/2021\/04\/20\/au-fil-des-pages-avec-le-voyage-de-pippo\/","url_meta":{"origin":17731,"position":4},"title":"Au fil des pages avec Le voyage de Pippo","author":"Jojo","date":"20 avril 2021","format":false,"excerpt":"Nous empruntons \u00e0 la m\u00e9diath\u00e8que Le voyage de Pippo de Satoe Tone (\u00e9d. Nobi Nobi, 2014), un album jeunesse \u00e0 partir de 3 ans. Pippo, une petite grenouille ne sait plus r\u00eaver. Il part au pays des songes en compagnie d'une petite brebis. Ses r\u00eaves et d\u00e9sirs enfouis suivent les\u2026","rel":"","context":"Dans &quot;Mini lecteur&quot;","block_context":{"text":"Mini lecteur","link":"http:\/\/www.jojoenherbe.com\/index.php\/category\/mini-lecteur\/"},"img":{"alt_text":"","src":"https:\/\/i0.wp.com\/www.jojoenherbe.com\/wp-content\/uploads\/2021\/04\/Le-voyage-de-Pippo-2-scaled.jpg?fit=1200%2C843&resize=350%2C200","width":350,"height":200,"srcset":"https:\/\/i0.wp.com\/www.jojoenherbe.com\/wp-content\/uploads\/2021\/04\/Le-voyage-de-Pippo-2-scaled.jpg?fit=1200%2C843&resize=350%2C200 1x, https:\/\/i0.wp.com\/www.jojoenherbe.com\/wp-content\/uploads\/2021\/04\/Le-voyage-de-Pippo-2-scaled.jpg?fit=1200%2C843&resize=525%2C300 1.5x, https:\/\/i0.wp.com\/www.jojoenherbe.com\/wp-content\/uploads\/2021\/04\/Le-voyage-de-Pippo-2-scaled.jpg?fit=1200%2C843&resize=700%2C400 2x, https:\/\/i0.wp.com\/www.jojoenherbe.com\/wp-content\/uploads\/2021\/04\/Le-voyage-de-Pippo-2-scaled.jpg?fit=1200%2C843&resize=1050%2C600 3x"},"classes":[]},{"id":18019,"url":"http:\/\/www.jojoenherbe.com\/index.php\/2021\/05\/03\/notre-mois-bloguesque-davril-2021\/","url_meta":{"origin":17731,"position":5},"title":"Notre mois bloguesque d&rsquo;avril 2021","author":"Jojo","date":"3 mai 2021","format":false,"excerpt":"C'est le premier du mois alors voici un petit retour bloguesque sur avril 2021 avec encore une fois beaucoup de lectures, surtout d\u00e9di\u00e9es \u00e0 la litt\u00e9rature japonaise. Le d\u00e9but du mois, avec le week-end de P\u00e2ques, nous avons fait et repris des lectures\/activit\u00e9s sur le th\u00e8me de P\u00e2ques. Nous continuons\u2026","rel":"","context":"Dans &quot;Mini blogueur&quot;","block_context":{"text":"Mini blogueur","link":"http:\/\/www.jojoenherbe.com\/index.php\/category\/mini-blogueur\/"},"img":{"alt_text":"","src":"https:\/\/i0.wp.com\/www.jojoenherbe.com\/wp-content\/uploads\/2021\/05\/Avril-2021-scaled.jpg?fit=1200%2C803&resize=350%2C200","width":350,"height":200,"srcset":"https:\/\/i0.wp.com\/www.jojoenherbe.com\/wp-content\/uploads\/2021\/05\/Avril-2021-scaled.jpg?fit=1200%2C803&resize=350%2C200 1x, https:\/\/i0.wp.com\/www.jojoenherbe.com\/wp-content\/uploads\/2021\/05\/Avril-2021-scaled.jpg?fit=1200%2C803&resize=525%2C300 1.5x, https:\/\/i0.wp.com\/www.jojoenherbe.com\/wp-content\/uploads\/2021\/05\/Avril-2021-scaled.jpg?fit=1200%2C803&resize=700%2C400 2x, https:\/\/i0.wp.com\/www.jojoenherbe.com\/wp-content\/uploads\/2021\/05\/Avril-2021-scaled.jpg?fit=1200%2C803&resize=1050%2C600 3x"},"classes":[]}],"_links":{"self":[{"href":"http:\/\/www.jojoenherbe.com\/index.php\/wp-json\/wp\/v2\/posts\/17731","targetHints":{"allow":["GET"]}}],"collection":[{"href":"http:\/\/www.jojoenherbe.com\/index.php\/wp-json\/wp\/v2\/posts"}],"about":[{"href":"http:\/\/www.jojoenherbe.com\/index.php\/wp-json\/wp\/v2\/types\/post"}],"author":[{"embeddable":true,"href":"http:\/\/www.jojoenherbe.com\/index.php\/wp-json\/wp\/v2\/users\/1"}],"replies":[{"embeddable":true,"href":"http:\/\/www.jojoenherbe.com\/index.php\/wp-json\/wp\/v2\/comments?post=17731"}],"version-history":[{"count":0,"href":"http:\/\/www.jojoenherbe.com\/index.php\/wp-json\/wp\/v2\/posts\/17731\/revisions"}],"wp:featuredmedia":[{"embeddable":true,"href":"http:\/\/www.jojoenherbe.com\/index.php\/wp-json\/wp\/v2\/media\/17738"}],"wp:attachment":[{"href":"http:\/\/www.jojoenherbe.com\/index.php\/wp-json\/wp\/v2\/media?parent=17731"}],"wp:term":[{"taxonomy":"category","embeddable":true,"href":"http:\/\/www.jojoenherbe.com\/index.php\/wp-json\/wp\/v2\/categories?post=17731"},{"taxonomy":"post_tag","embeddable":true,"href":"http:\/\/www.jojoenherbe.com\/index.php\/wp-json\/wp\/v2\/tags?post=17731"}],"curies":[{"name":"wp","href":"https:\/\/api.w.org\/{rel}","templated":true}]}}