{"id":17701,"date":"2021-04-21T23:45:00","date_gmt":"2021-04-21T21:45:00","guid":{"rendered":"http:\/\/www.jojoenherbe.com\/?p=17701"},"modified":"2021-04-22T00:00:44","modified_gmt":"2021-04-21T22:00:44","slug":"au-fil-des-pages-avec-quand-il-fait-nuit","status":"publish","type":"post","link":"http:\/\/www.jojoenherbe.com\/index.php\/2021\/04\/21\/au-fil-des-pages-avec-quand-il-fait-nuit\/","title":{"rendered":"Au fil des pages avec Quand il fait nuit"},"content":{"rendered":"<p style=\"text-align: justify;\"><em><a href=\"https:\/\/i0.wp.com\/www.jojoenherbe.com\/wp-content\/uploads\/2021\/04\/Quand-il-fait-nuit-5-scaled.jpg\"><img data-recalc-dims=\"1\" loading=\"lazy\" decoding=\"async\" data-attachment-id=\"17706\" data-permalink=\"http:\/\/www.jojoenherbe.com\/index.php\/2021\/04\/21\/au-fil-des-pages-avec-quand-il-fait-nuit\/quand-il-fait-nuit-5\/\" data-orig-file=\"https:\/\/i0.wp.com\/www.jojoenherbe.com\/wp-content\/uploads\/2021\/04\/Quand-il-fait-nuit-5-scaled.jpg?fit=2560%2C1920\" data-orig-size=\"2560,1920\" data-comments-opened=\"1\" data-image-meta=\"{&quot;aperture&quot;:&quot;1.8&quot;,&quot;credit&quot;:&quot;&quot;,&quot;camera&quot;:&quot;iPhone 7&quot;,&quot;caption&quot;:&quot;&quot;,&quot;created_timestamp&quot;:&quot;1619009511&quot;,&quot;copyright&quot;:&quot;&quot;,&quot;focal_length&quot;:&quot;3.99&quot;,&quot;iso&quot;:&quot;50&quot;,&quot;shutter_speed&quot;:&quot;0.058823529411765&quot;,&quot;title&quot;:&quot;&quot;,&quot;orientation&quot;:&quot;1&quot;}\" data-image-title=\"Quand il fait nuit 5\" data-image-description=\"\" data-image-caption=\"\" data-large-file=\"https:\/\/i0.wp.com\/www.jojoenherbe.com\/wp-content\/uploads\/2021\/04\/Quand-il-fait-nuit-5-scaled.jpg?fit=676%2C507\" class=\"alignleft size-thumbnail wp-image-17706\" src=\"https:\/\/i0.wp.com\/www.jojoenherbe.com\/wp-content\/uploads\/2021\/04\/Quand-il-fait-nuit-5.jpg?resize=150%2C150\" alt=\"\" width=\"150\" height=\"150\" srcset=\"https:\/\/i0.wp.com\/www.jojoenherbe.com\/wp-content\/uploads\/2021\/04\/Quand-il-fait-nuit-5-scaled.jpg?resize=150%2C150 150w, https:\/\/i0.wp.com\/www.jojoenherbe.com\/wp-content\/uploads\/2021\/04\/Quand-il-fait-nuit-5-scaled.jpg?zoom=2&amp;resize=150%2C150 300w, https:\/\/i0.wp.com\/www.jojoenherbe.com\/wp-content\/uploads\/2021\/04\/Quand-il-fait-nuit-5-scaled.jpg?zoom=3&amp;resize=150%2C150 450w\" sizes=\"auto, (max-width: 150px) 100vw, 150px\" \/><\/a> <a href=\"https:\/\/i0.wp.com\/www.jojoenherbe.com\/wp-content\/uploads\/2021\/04\/Quand-il-fait-nuit-6-scaled.jpg\"><img data-recalc-dims=\"1\" loading=\"lazy\" decoding=\"async\" data-attachment-id=\"17707\" data-permalink=\"http:\/\/www.jojoenherbe.com\/index.php\/2021\/04\/21\/au-fil-des-pages-avec-quand-il-fait-nuit\/quand-il-fait-nuit-6\/\" data-orig-file=\"https:\/\/i0.wp.com\/www.jojoenherbe.com\/wp-content\/uploads\/2021\/04\/Quand-il-fait-nuit-6-scaled.jpg?fit=2560%2C1920\" data-orig-size=\"2560,1920\" data-comments-opened=\"1\" data-image-meta=\"{&quot;aperture&quot;:&quot;1.8&quot;,&quot;credit&quot;:&quot;&quot;,&quot;camera&quot;:&quot;iPhone 7&quot;,&quot;caption&quot;:&quot;&quot;,&quot;created_timestamp&quot;:&quot;1619009531&quot;,&quot;copyright&quot;:&quot;&quot;,&quot;focal_length&quot;:&quot;3.99&quot;,&quot;iso&quot;:&quot;50&quot;,&quot;shutter_speed&quot;:&quot;0.058823529411765&quot;,&quot;title&quot;:&quot;&quot;,&quot;orientation&quot;:&quot;1&quot;}\" data-image-title=\"Quand il fait nuit 6\" data-image-description=\"\" data-image-caption=\"\" data-large-file=\"https:\/\/i0.wp.com\/www.jojoenherbe.com\/wp-content\/uploads\/2021\/04\/Quand-il-fait-nuit-6-scaled.jpg?fit=676%2C507\" class=\"alignleft size-thumbnail wp-image-17707\" src=\"https:\/\/i0.wp.com\/www.jojoenherbe.com\/wp-content\/uploads\/2021\/04\/Quand-il-fait-nuit-6.jpg?resize=150%2C150\" alt=\"\" width=\"150\" height=\"150\" srcset=\"https:\/\/i0.wp.com\/www.jojoenherbe.com\/wp-content\/uploads\/2021\/04\/Quand-il-fait-nuit-6-scaled.jpg?resize=150%2C150 150w, https:\/\/i0.wp.com\/www.jojoenherbe.com\/wp-content\/uploads\/2021\/04\/Quand-il-fait-nuit-6-scaled.jpg?zoom=2&amp;resize=150%2C150 300w, https:\/\/i0.wp.com\/www.jojoenherbe.com\/wp-content\/uploads\/2021\/04\/Quand-il-fait-nuit-6-scaled.jpg?zoom=3&amp;resize=150%2C150 450w\" sizes=\"auto, (max-width: 150px) 100vw, 150px\" \/><\/a>Nous lisons <span style=\"text-decoration: underline;\">Quand il fait nuit<\/span> d\u2019Akiko Miyakoshi (\u00e9d. Syros, 2016), un album jeunesse \u00e0 partir de 3 ans. A la nuit tomb\u00e9e, en rentrant chez lui blotti dans les bras de ses parents, un petit lapin observe les gens qu&rsquo;il croise derri\u00e8re les fen\u00eatres ou aux portes des immeubles de la ville, sous la lumi\u00e8re des r\u00e9verb\u00e8res. Une fois dans son lit, il imagine s&rsquo;ils sont eux aussi sur le point de dormir ou bien en train de faire tout autre chose.<br \/>\n<\/em><\/p>\n<p style=\"text-align: justify;\"><em><a href=\"https:\/\/i0.wp.com\/www.jojoenherbe.com\/wp-content\/uploads\/2021\/04\/Quand-il-fait-nuit-3-scaled.jpg\"><img data-recalc-dims=\"1\" loading=\"lazy\" decoding=\"async\" data-attachment-id=\"17704\" data-permalink=\"http:\/\/www.jojoenherbe.com\/index.php\/2021\/04\/21\/au-fil-des-pages-avec-quand-il-fait-nuit\/quand-il-fait-nuit-3\/\" data-orig-file=\"https:\/\/i0.wp.com\/www.jojoenherbe.com\/wp-content\/uploads\/2021\/04\/Quand-il-fait-nuit-3-scaled.jpg?fit=2560%2C1920\" data-orig-size=\"2560,1920\" data-comments-opened=\"1\" data-image-meta=\"{&quot;aperture&quot;:&quot;1.8&quot;,&quot;credit&quot;:&quot;&quot;,&quot;camera&quot;:&quot;iPhone 7&quot;,&quot;caption&quot;:&quot;&quot;,&quot;created_timestamp&quot;:&quot;1619009472&quot;,&quot;copyright&quot;:&quot;&quot;,&quot;focal_length&quot;:&quot;3.99&quot;,&quot;iso&quot;:&quot;100&quot;,&quot;shutter_speed&quot;:&quot;0.058823529411765&quot;,&quot;title&quot;:&quot;&quot;,&quot;orientation&quot;:&quot;1&quot;}\" data-image-title=\"Quand il fait nuit 3\" data-image-description=\"\" data-image-caption=\"\" data-large-file=\"https:\/\/i0.wp.com\/www.jojoenherbe.com\/wp-content\/uploads\/2021\/04\/Quand-il-fait-nuit-3-scaled.jpg?fit=676%2C507\" class=\"size-thumbnail wp-image-17704 alignright\" src=\"https:\/\/i0.wp.com\/www.jojoenherbe.com\/wp-content\/uploads\/2021\/04\/Quand-il-fait-nuit-3.jpg?resize=150%2C150\" alt=\"\" width=\"150\" height=\"150\" srcset=\"https:\/\/i0.wp.com\/www.jojoenherbe.com\/wp-content\/uploads\/2021\/04\/Quand-il-fait-nuit-3-scaled.jpg?resize=150%2C150 150w, https:\/\/i0.wp.com\/www.jojoenherbe.com\/wp-content\/uploads\/2021\/04\/Quand-il-fait-nuit-3-scaled.jpg?zoom=2&amp;resize=150%2C150 300w, https:\/\/i0.wp.com\/www.jojoenherbe.com\/wp-content\/uploads\/2021\/04\/Quand-il-fait-nuit-3-scaled.jpg?zoom=3&amp;resize=150%2C150 450w\" sizes=\"auto, (max-width: 150px) 100vw, 150px\" \/><\/a>Nous avions d\u00e9couvert, en janvier dernier, cette autrice avec son premier album jeunesse, <a href=\"http:\/\/www.jojoenherbe.com\/index.php\/2021\/01\/18\/au-fil-des-pages-avec-un-gouter-en-foret\/\"><span style=\"text-decoration: underline;\">Un go\u00fbter en for\u00eat<\/span><\/a> et sa balade onirique, gourmande et po\u00e9tique. Cette fois, nous partons dans une balade nocturne po\u00e9tique et myst\u00e9rieuse en ville. <\/em><em>Nous retrouvons le m\u00eame style d&rsquo;illustrations, au fusain en noir et blanc avec quelques touches color\u00e9es, avec un jeu sur les ombres et les couleurs. Dans une ambiance feutr\u00e9e, nous voyons s&rsquo;installer la vie nocturne urbaine: les gens rentrant du travail, pr\u00e9parant leur repas, se d\u00e9tendant avec un livre&#8230; C&rsquo;est une histoire \u00e0 r\u00e9server (ou non) au moment du coucher, les illustrations \u00e9tant douces et sereines, permettant au jeune lecteur de se rassurer avant d&rsquo;aller \u00e0 son tour dormir. Un tr\u00e8s bon moment de lecture po\u00e9tique et r\u00e9confortante!<\/em><\/p>\n<p><em>Pour un autre avis sur cet album jeunesse: <a href=\"http:\/\/www.myloubook.com\/2020\/04\/06\/akiko-miyakoshi-quand-il-fait-nuit\/\">Lou<\/a>.<\/em><\/p>\n<div style=\"width: 153px\" class=\"wp-caption alignleft\"><img loading=\"lazy\" decoding=\"async\" class=\"attachment-post-image  wp-post-image\" src=\"https:\/\/i2.wp.com\/www.jojoenherbe.com\/wp-content\/uploads\/2021\/03\/logo-Un-mois-au-Japon-2021.jpeg?fit=676%2C676\" sizes=\"auto, (max-width: 676px) 100vw, 676px\" srcset=\"https:\/\/i2.wp.com\/www.jojoenherbe.com\/wp-content\/uploads\/2021\/03\/logo-Un-mois-au-Japon-2021.jpeg?w=1108 1108w, https:\/\/i2.wp.com\/www.jojoenherbe.com\/wp-content\/uploads\/2021\/03\/logo-Un-mois-au-Japon-2021.jpeg?resize=300%2C300 300w, https:\/\/i2.wp.com\/www.jojoenherbe.com\/wp-content\/uploads\/2021\/03\/logo-Un-mois-au-Japon-2021.jpeg?resize=1024%2C1024 1024w, https:\/\/i2.wp.com\/www.jojoenherbe.com\/wp-content\/uploads\/2021\/03\/logo-Un-mois-au-Japon-2021.jpeg?resize=150%2C150 150w, https:\/\/i2.wp.com\/www.jojoenherbe.com\/wp-content\/uploads\/2021\/03\/logo-Un-mois-au-Japon-2021.jpeg?resize=768%2C768 768w, https:\/\/i2.wp.com\/www.jojoenherbe.com\/wp-content\/uploads\/2021\/03\/logo-Un-mois-au-Japon-2021.jpeg?resize=676%2C676 676w\" alt=\"\" width=\"143\" height=\"143\" data-attachment-id=\"16886\" data-permalink=\"http:\/\/www.jojoenherbe.com\/?attachment_id=16886\" data-orig-file=\"https:\/\/i2.wp.com\/www.jojoenherbe.com\/wp-content\/uploads\/2021\/03\/logo-Un-mois-au-Japon-2021.jpeg?fit=1108%2C1108\" data-orig-size=\"1108,1108\" data-comments-opened=\"1\" data-image-meta=\"{&quot;aperture&quot;:&quot;0&quot;,&quot;credit&quot;:&quot;&quot;,&quot;camera&quot;:&quot;&quot;,&quot;caption&quot;:&quot;&quot;,&quot;created_timestamp&quot;:&quot;0&quot;,&quot;copyright&quot;:&quot;&quot;,&quot;focal_length&quot;:&quot;0&quot;,&quot;iso&quot;:&quot;0&quot;,&quot;shutter_speed&quot;:&quot;0&quot;,&quot;title&quot;:&quot;&quot;,&quot;orientation&quot;:&quot;0&quot;}\" data-image-title=\"logo Un mois au Japon 2021\" data-image-description=\"\" data-medium-file=\"https:\/\/i2.wp.com\/www.jojoenherbe.com\/wp-content\/uploads\/2021\/03\/logo-Un-mois-au-Japon-2021.jpeg?fit=300%2C300\" data-large-file=\"https:\/\/i2.wp.com\/www.jojoenherbe.com\/wp-content\/uploads\/2021\/03\/logo-Un-mois-au-Japon-2021.jpeg?fit=676%2C676\" \/><p class=\"wp-caption-text\">Participation #18 Un mois au Japon 2021 de <a href=\"https:\/\/lelivroblog.wordpress.com\/2021\/03\/30\/challenge-un-mois-au-japon-2021\/\">Hilde<\/a> et <a href=\"http:\/\/www.myloubook.com\/2021\/03\/30\/un-mois-au-japon-2021-4e-edition\/\">Lou<\/a> #Album jeunesse<\/p><\/div>\n<div style=\"width: 168px\" class=\"wp-caption alignleft\"><img data-recalc-dims=\"1\" loading=\"lazy\" decoding=\"async\" class=\"nonealign widthoriginal\" src=\"https:\/\/i0.wp.com\/p4.storage.canalblog.com\/40\/68\/1394281\/128273873.png?resize=158%2C114&#038;ssl=1\" alt=\"\" width=\"158\" height=\"114\" border=\"0\" \/><p class=\"wp-caption-text\">Participation #47 Challenge Des livres (et des \u00e9crans) en cuisine de <a href=\"https:\/\/mapetitemediatheque.fr\/2020\/12\/des-livres-et-des-ecrans-en-cuisine-2021\/\">Bidib<\/a> et <a href=\"http:\/\/croquerlespages.canalblog.com\/archives\/2020\/12\/20\/38715076.html\">Fondant<\/a><\/p><\/div>\n<div style=\"width: 196px\" class=\"wp-caption alignleft\"><img loading=\"lazy\" decoding=\"async\" class=\"attachment-boston-list-medium  wp-post-image\" src=\"https:\/\/i0.wp.com\/avenuereinemathilde.com\/wp-content\/uploads\/2020\/12\/Challenge-femmes-auteures_paysage-720x380.jpg?resize=203%2C107&amp;ssl=1\" alt=\"challenge 2021 lire au f\u00e9minin\" width=\"186\" height=\"98\" data-recalc-dims=\"1\" \/><p class=\"wp-caption-text\">Participation #24 au Challenge Lire au f\u00e9minin de <a href=\"https:\/\/avenuereinemathilde.com\/challenge-lire-au-feminin-2021\/\">Tiphanya<\/a> #Auteure japonaise<\/p><\/div>\n","protected":false},"excerpt":{"rendered":"<p>Nous lisons Quand il fait nuit d\u2019Akiko Miyakoshi (\u00e9d. Syros, 2016), un album jeunesse \u00e0 partir de 3 ans. A la nuit tomb\u00e9e, en rentrant chez lui blotti dans les bras de ses parents, un petit lapin observe les gens qu&rsquo;il croise derri\u00e8re les fen\u00eatres ou aux portes des immeubles de la ville, sous la [&hellip;]<\/p>\n","protected":false},"author":1,"featured_media":17703,"comment_status":"open","ping_status":"open","sticky":false,"template":"","format":"standard","meta":{"jetpack_post_was_ever_published":false,"_jetpack_newsletter_access":"","_jetpack_dont_email_post_to_subs":false,"_jetpack_newsletter_tier_id":0,"_jetpack_memberships_contains_paywalled_content":false,"_jetpack_memberships_contains_paid_content":false,"footnotes":""},"categories":[363],"tags":[785,2101,409,2019,868,459,602,222,367,2111,429,798,797,2035,1648],"class_list":["post-17701","post","type-post","status-publish","format-standard","has-post-thumbnail","hentry","category-mini-lecteur","tag-3-6-ans","tag-akiko-miyakoshi","tag-albums-jeunesse","tag-des-livres-et-des-ecrans-en-cuisine-2021","tag-enfance","tag-famille","tag-imaginaire","tag-lapin","tag-lecture-jeunesse","tag-lire-au-feminin-2021","tag-nuit","tag-reve","tag-sommeil","tag-un-mois-au-japon-2021","tag-ville","post-preview"],"jetpack_featured_media_url":"https:\/\/i0.wp.com\/www.jojoenherbe.com\/wp-content\/uploads\/2021\/04\/Quand-il-fait-nuit-2-scaled.jpg?fit=2560%2C1816","jetpack_sharing_enabled":true,"jetpack_shortlink":"https:\/\/wp.me\/p9zhGx-4Bv","jetpack_likes_enabled":true,"jetpack-related-posts":[{"id":35640,"url":"http:\/\/www.jojoenherbe.com\/index.php\/2024\/04\/10\/au-fil-des-pages-avec-mon-voyage-a-moi\/","url_meta":{"origin":17701,"position":0},"title":"Au fil des pages avec Mon voyage \u00e0 moi","author":"Jojo","date":"10 avril 2024","format":false,"excerpt":"Nous lisons et relisons Mon voyage \u00e0 moi d\u2019Akiko Miyakoshi (\u00e9d. Syros,\u00a0 septembre 2022, 40 pages) un album jeunesse \u00e0 partir de 5\/6 ans et que j\u2019avais rep\u00e9r\u00e9 dans les nouveaut\u00e9s d\u2019une des annexes de notre m\u00e9diath\u00e8que, appr\u00e9ciant cette autrice. Un h\u00f4telier accueille chaque jour des voyageurs, certains devenant des\u2026","rel":"","context":"Dans &quot;Mini lecteur&quot;","block_context":{"text":"Mini lecteur","link":"http:\/\/www.jojoenherbe.com\/index.php\/category\/mini-lecteur\/"},"img":{"alt_text":"","src":"https:\/\/i0.wp.com\/www.jojoenherbe.com\/wp-content\/uploads\/2024\/03\/Mon-voyage-a-moi-2-scaled.jpg?fit=1200%2C943&resize=350%2C200","width":350,"height":200,"srcset":"https:\/\/i0.wp.com\/www.jojoenherbe.com\/wp-content\/uploads\/2024\/03\/Mon-voyage-a-moi-2-scaled.jpg?fit=1200%2C943&resize=350%2C200 1x, https:\/\/i0.wp.com\/www.jojoenherbe.com\/wp-content\/uploads\/2024\/03\/Mon-voyage-a-moi-2-scaled.jpg?fit=1200%2C943&resize=525%2C300 1.5x, https:\/\/i0.wp.com\/www.jojoenherbe.com\/wp-content\/uploads\/2024\/03\/Mon-voyage-a-moi-2-scaled.jpg?fit=1200%2C943&resize=700%2C400 2x, https:\/\/i0.wp.com\/www.jojoenherbe.com\/wp-content\/uploads\/2024\/03\/Mon-voyage-a-moi-2-scaled.jpg?fit=1200%2C943&resize=1050%2C600 3x"},"classes":[]},{"id":31282,"url":"http:\/\/www.jojoenherbe.com\/index.php\/2023\/07\/22\/au-fil-des-pages-avec-une-nuit-dans-les-bois\/","url_meta":{"origin":17701,"position":1},"title":"Au fil des pages avec Une nuit dans les bois","author":"Jojo","date":"22 juillet 2023","format":false,"excerpt":"Nous avons lu Une nuit dans les bois de Rapha\u00ebl Kolly (\u00e9d. L\u2019\u00c9lan Vert, 2023, 40 pages), un album jeunesse joliment illustr\u00e9 \u00e0 partir de 3\/4 ans. Ars\u00e8ne Lapin s'est perdu dans la for\u00eat et se fait surprendre par la nuit. Gr\u00e2ce \u00e0 une flaque de lumi\u00e8re, il peut reprendre\u2026","rel":"","context":"Dans &quot;Mini lecteur&quot;","block_context":{"text":"Mini lecteur","link":"http:\/\/www.jojoenherbe.com\/index.php\/category\/mini-lecteur\/"},"img":{"alt_text":"","src":"https:\/\/i0.wp.com\/www.jojoenherbe.com\/wp-content\/uploads\/2023\/07\/Une-nuit-dans-les-bois-scaled.jpg?fit=1200%2C1067&resize=350%2C200","width":350,"height":200,"srcset":"https:\/\/i0.wp.com\/www.jojoenherbe.com\/wp-content\/uploads\/2023\/07\/Une-nuit-dans-les-bois-scaled.jpg?fit=1200%2C1067&resize=350%2C200 1x, https:\/\/i0.wp.com\/www.jojoenherbe.com\/wp-content\/uploads\/2023\/07\/Une-nuit-dans-les-bois-scaled.jpg?fit=1200%2C1067&resize=525%2C300 1.5x, https:\/\/i0.wp.com\/www.jojoenherbe.com\/wp-content\/uploads\/2023\/07\/Une-nuit-dans-les-bois-scaled.jpg?fit=1200%2C1067&resize=700%2C400 2x, https:\/\/i0.wp.com\/www.jojoenherbe.com\/wp-content\/uploads\/2023\/07\/Une-nuit-dans-les-bois-scaled.jpg?fit=1200%2C1067&resize=1050%2C600 3x"},"classes":[]},{"id":30504,"url":"http:\/\/www.jojoenherbe.com\/index.php\/2023\/04\/05\/au-fil-des-pages-avec-gaspard-dans-la-nuit\/","url_meta":{"origin":17701,"position":2},"title":"Au fil des pages avec Gaspard dans la nuit","author":"Jojo","date":"5 avril 2023","format":false,"excerpt":"Apr\u00e8s l'avoir lu et relu en octobre 2021, nous avons relu cette semaine Gaspard dans la nuit de Seng Soun Ratanavanh (\u00e9d. de la Martini\u00e8re Jeunesse, 2020), un album jeunesse \u00e0 partir de 5 ans. Un jeune gar\u00e7on Gaspard a bien du mal \u00e0 s\u2019endormir le soir.\u00a0 Il se sent\u2026","rel":"","context":"Dans &quot;Mini lecteur&quot;","block_context":{"text":"Mini lecteur","link":"http:\/\/www.jojoenherbe.com\/index.php\/category\/mini-lecteur\/"},"img":{"alt_text":"","src":"https:\/\/i0.wp.com\/www.jojoenherbe.com\/wp-content\/uploads\/2021\/10\/Gaspard-dans-la-nuit-2-scaled.jpg?fit=1200%2C965&resize=350%2C200","width":350,"height":200,"srcset":"https:\/\/i0.wp.com\/www.jojoenherbe.com\/wp-content\/uploads\/2021\/10\/Gaspard-dans-la-nuit-2-scaled.jpg?fit=1200%2C965&resize=350%2C200 1x, https:\/\/i0.wp.com\/www.jojoenherbe.com\/wp-content\/uploads\/2021\/10\/Gaspard-dans-la-nuit-2-scaled.jpg?fit=1200%2C965&resize=525%2C300 1.5x, https:\/\/i0.wp.com\/www.jojoenherbe.com\/wp-content\/uploads\/2021\/10\/Gaspard-dans-la-nuit-2-scaled.jpg?fit=1200%2C965&resize=700%2C400 2x, https:\/\/i0.wp.com\/www.jojoenherbe.com\/wp-content\/uploads\/2021\/10\/Gaspard-dans-la-nuit-2-scaled.jpg?fit=1200%2C965&resize=1050%2C600 3x"},"classes":[]},{"id":10134,"url":"http:\/\/www.jojoenherbe.com\/index.php\/2020\/02\/19\/au-fil-des-pages-avec-le-lapin-la-nuit-et-la-boite-a-biscuits\/","url_meta":{"origin":17701,"position":3},"title":"Au fil des pages avec Le lapin, la nuit et la bo\u00eete \u00e0 biscuits","author":"Jojo","date":"19 f\u00e9vrier 2020","format":false,"excerpt":"Nous lisons Le lapin, la nuit et la bo\u00eete \u00e0 biscuits de Nicola O'Byrne (\u00e9d. Flammarion Jeunesse, coll. Les albums du P\u00e8re Castor, 2019), un album jeunesse \u00e0 partir de 3 ans. Il \u00e9tait une fois un lapin qui ne voulait absolument pas dormir au point d'enfermer la nuit, tenez-vous\u2026","rel":"","context":"Dans &quot;Mini lecteur&quot;","block_context":{"text":"Mini lecteur","link":"http:\/\/www.jojoenherbe.com\/index.php\/category\/mini-lecteur\/"},"img":{"alt_text":"","src":"https:\/\/i0.wp.com\/www.jojoenherbe.com\/wp-content\/uploads\/2020\/02\/Le-lapin-la-nuit-et-la-bo%C3%AEte-%C3%A0-biscuits-scaled.jpg?fit=1200%2C920&resize=350%2C200","width":350,"height":200,"srcset":"https:\/\/i0.wp.com\/www.jojoenherbe.com\/wp-content\/uploads\/2020\/02\/Le-lapin-la-nuit-et-la-bo%C3%AEte-%C3%A0-biscuits-scaled.jpg?fit=1200%2C920&resize=350%2C200 1x, https:\/\/i0.wp.com\/www.jojoenherbe.com\/wp-content\/uploads\/2020\/02\/Le-lapin-la-nuit-et-la-bo%C3%AEte-%C3%A0-biscuits-scaled.jpg?fit=1200%2C920&resize=525%2C300 1.5x, https:\/\/i0.wp.com\/www.jojoenherbe.com\/wp-content\/uploads\/2020\/02\/Le-lapin-la-nuit-et-la-bo%C3%AEte-%C3%A0-biscuits-scaled.jpg?fit=1200%2C920&resize=700%2C400 2x, https:\/\/i0.wp.com\/www.jojoenherbe.com\/wp-content\/uploads\/2020\/02\/Le-lapin-la-nuit-et-la-bo%C3%AEte-%C3%A0-biscuits-scaled.jpg?fit=1200%2C920&resize=1050%2C600 3x"},"classes":[]},{"id":11797,"url":"http:\/\/www.jojoenherbe.com\/index.php\/2020\/08\/19\/au-fil-des-pages-avec-qui-a-peur-du-renard-dans-la-nuit-noire\/","url_meta":{"origin":17701,"position":4},"title":"Au fil des pages avec Qui a peur du Renard dans la nuit noire?","author":"Jojo","date":"19 ao\u00fbt 2020","format":false,"excerpt":"Nous empruntons \u00e0 la m\u00e9diath\u00e8que Qui a peur du Renard dans la nuit noire? d'Alison Green et Deborah Allwright (\u00e9d. Larousse, 2010), un album jeunesse \u00e0 partir de 3 ans. Dans la nuit noire, Petit Lapin se d\u00e9p\u00eache de rentrer chez lui de peur d'\u00eatre mang\u00e9 par un renard. Il\u2026","rel":"","context":"Dans &quot;Mini lecteur&quot;","block_context":{"text":"Mini lecteur","link":"http:\/\/www.jojoenherbe.com\/index.php\/category\/mini-lecteur\/"},"img":{"alt_text":"","src":"https:\/\/i0.wp.com\/www.jojoenherbe.com\/wp-content\/uploads\/2020\/08\/Qui-a-peur-du-renard-dans-la-nuit-noire-scaled.jpg?fit=1200%2C908&resize=350%2C200","width":350,"height":200,"srcset":"https:\/\/i0.wp.com\/www.jojoenherbe.com\/wp-content\/uploads\/2020\/08\/Qui-a-peur-du-renard-dans-la-nuit-noire-scaled.jpg?fit=1200%2C908&resize=350%2C200 1x, https:\/\/i0.wp.com\/www.jojoenherbe.com\/wp-content\/uploads\/2020\/08\/Qui-a-peur-du-renard-dans-la-nuit-noire-scaled.jpg?fit=1200%2C908&resize=525%2C300 1.5x, https:\/\/i0.wp.com\/www.jojoenherbe.com\/wp-content\/uploads\/2020\/08\/Qui-a-peur-du-renard-dans-la-nuit-noire-scaled.jpg?fit=1200%2C908&resize=700%2C400 2x, https:\/\/i0.wp.com\/www.jojoenherbe.com\/wp-content\/uploads\/2020\/08\/Qui-a-peur-du-renard-dans-la-nuit-noire-scaled.jpg?fit=1200%2C908&resize=1050%2C600 3x"},"classes":[]},{"id":15236,"url":"http:\/\/www.jojoenherbe.com\/index.php\/2021\/01\/20\/au-fil-des-pages-avec-foxs-garden\/","url_meta":{"origin":17701,"position":5},"title":"Au fil des pages avec Fox&rsquo;s garden","author":"Jojo","date":"20 janvier 2021","format":false,"excerpt":"Pour continuer nos lectures hivernales, nous empruntons \u00e0 la m\u00e9diath\u00e8que Fox's garden de Camille Garoche (\u00e9d. Soleil, coll. M\u00e9tamorphose, 2015), un album sans texte au format \u00e0 l'italienne \u00e0 partir de 3 ans. Une nuit d'hiver, une renarde cherche un lieu s\u00fbr pour mettre bas. Apr\u00e8s avoir \u00e9t\u00e9 chass\u00e9 par\u2026","rel":"","context":"Dans &quot;Mini lecteur&quot;","block_context":{"text":"Mini lecteur","link":"http:\/\/www.jojoenherbe.com\/index.php\/category\/mini-lecteur\/"},"img":{"alt_text":"","src":"https:\/\/i0.wp.com\/www.jojoenherbe.com\/wp-content\/uploads\/2021\/01\/Foxs-Garden-scaled.jpg?fit=1200%2C861&resize=350%2C200","width":350,"height":200,"srcset":"https:\/\/i0.wp.com\/www.jojoenherbe.com\/wp-content\/uploads\/2021\/01\/Foxs-Garden-scaled.jpg?fit=1200%2C861&resize=350%2C200 1x, https:\/\/i0.wp.com\/www.jojoenherbe.com\/wp-content\/uploads\/2021\/01\/Foxs-Garden-scaled.jpg?fit=1200%2C861&resize=525%2C300 1.5x, https:\/\/i0.wp.com\/www.jojoenherbe.com\/wp-content\/uploads\/2021\/01\/Foxs-Garden-scaled.jpg?fit=1200%2C861&resize=700%2C400 2x, https:\/\/i0.wp.com\/www.jojoenherbe.com\/wp-content\/uploads\/2021\/01\/Foxs-Garden-scaled.jpg?fit=1200%2C861&resize=1050%2C600 3x"},"classes":[]}],"_links":{"self":[{"href":"http:\/\/www.jojoenherbe.com\/index.php\/wp-json\/wp\/v2\/posts\/17701","targetHints":{"allow":["GET"]}}],"collection":[{"href":"http:\/\/www.jojoenherbe.com\/index.php\/wp-json\/wp\/v2\/posts"}],"about":[{"href":"http:\/\/www.jojoenherbe.com\/index.php\/wp-json\/wp\/v2\/types\/post"}],"author":[{"embeddable":true,"href":"http:\/\/www.jojoenherbe.com\/index.php\/wp-json\/wp\/v2\/users\/1"}],"replies":[{"embeddable":true,"href":"http:\/\/www.jojoenherbe.com\/index.php\/wp-json\/wp\/v2\/comments?post=17701"}],"version-history":[{"count":0,"href":"http:\/\/www.jojoenherbe.com\/index.php\/wp-json\/wp\/v2\/posts\/17701\/revisions"}],"wp:featuredmedia":[{"embeddable":true,"href":"http:\/\/www.jojoenherbe.com\/index.php\/wp-json\/wp\/v2\/media\/17703"}],"wp:attachment":[{"href":"http:\/\/www.jojoenherbe.com\/index.php\/wp-json\/wp\/v2\/media?parent=17701"}],"wp:term":[{"taxonomy":"category","embeddable":true,"href":"http:\/\/www.jojoenherbe.com\/index.php\/wp-json\/wp\/v2\/categories?post=17701"},{"taxonomy":"post_tag","embeddable":true,"href":"http:\/\/www.jojoenherbe.com\/index.php\/wp-json\/wp\/v2\/tags?post=17701"}],"curies":[{"name":"wp","href":"https:\/\/api.w.org\/{rel}","templated":true}]}}