{"id":17685,"date":"2021-04-25T18:37:56","date_gmt":"2021-04-25T16:37:56","guid":{"rendered":"http:\/\/www.jojoenherbe.com\/?p=17685"},"modified":"2025-04-27T09:42:02","modified_gmt":"2025-04-27T07:42:02","slug":"au-fil-des-pages-avec-toujours-rien","status":"publish","type":"post","link":"http:\/\/www.jojoenherbe.com\/index.php\/2021\/04\/25\/au-fil-des-pages-avec-toujours-rien\/","title":{"rendered":"Au fil des pages avec Toujours rien?"},"content":{"rendered":"<p style=\"text-align: justify;\"><em><a href=\"https:\/\/i0.wp.com\/www.jojoenherbe.com\/wp-content\/uploads\/2021\/04\/Toujours-rien-2-scaled.jpg\"><img data-recalc-dims=\"1\" loading=\"lazy\" decoding=\"async\" data-attachment-id=\"17805\" data-permalink=\"http:\/\/www.jojoenherbe.com\/index.php\/2021\/04\/25\/au-fil-des-pages-avec-toujours-rien\/toujours-rien-2\/\" data-orig-file=\"https:\/\/i0.wp.com\/www.jojoenherbe.com\/wp-content\/uploads\/2021\/04\/Toujours-rien-2-scaled.jpg?fit=2560%2C1920\" data-orig-size=\"2560,1920\" data-comments-opened=\"1\" data-image-meta=\"{&quot;aperture&quot;:&quot;1.8&quot;,&quot;credit&quot;:&quot;&quot;,&quot;camera&quot;:&quot;iPhone 7&quot;,&quot;caption&quot;:&quot;&quot;,&quot;created_timestamp&quot;:&quot;1619029557&quot;,&quot;copyright&quot;:&quot;&quot;,&quot;focal_length&quot;:&quot;3.99&quot;,&quot;iso&quot;:&quot;100&quot;,&quot;shutter_speed&quot;:&quot;0.058823529411765&quot;,&quot;title&quot;:&quot;&quot;,&quot;orientation&quot;:&quot;1&quot;}\" data-image-title=\"Toujours rien 2\" data-image-description=\"\" data-image-caption=\"\" data-large-file=\"https:\/\/i0.wp.com\/www.jojoenherbe.com\/wp-content\/uploads\/2021\/04\/Toujours-rien-2-scaled.jpg?fit=676%2C507\" class=\"alignleft size-thumbnail wp-image-17805\" src=\"https:\/\/i0.wp.com\/www.jojoenherbe.com\/wp-content\/uploads\/2021\/04\/Toujours-rien-2.jpg?resize=150%2C150\" alt=\"\" width=\"150\" height=\"150\" srcset=\"https:\/\/i0.wp.com\/www.jojoenherbe.com\/wp-content\/uploads\/2021\/04\/Toujours-rien-2-scaled.jpg?resize=150%2C150 150w, https:\/\/i0.wp.com\/www.jojoenherbe.com\/wp-content\/uploads\/2021\/04\/Toujours-rien-2-scaled.jpg?zoom=2&amp;resize=150%2C150 300w, https:\/\/i0.wp.com\/www.jojoenherbe.com\/wp-content\/uploads\/2021\/04\/Toujours-rien-2-scaled.jpg?zoom=3&amp;resize=150%2C150 450w\" sizes=\"auto, (max-width: 150px) 100vw, 150px\" \/><\/a> <a href=\"https:\/\/i0.wp.com\/www.jojoenherbe.com\/wp-content\/uploads\/2021\/04\/Toujours-rien-3-scaled.jpg\"><img data-recalc-dims=\"1\" loading=\"lazy\" decoding=\"async\" data-attachment-id=\"17806\" data-permalink=\"http:\/\/www.jojoenherbe.com\/index.php\/2021\/04\/25\/au-fil-des-pages-avec-toujours-rien\/toujours-rien-3\/\" data-orig-file=\"https:\/\/i0.wp.com\/www.jojoenherbe.com\/wp-content\/uploads\/2021\/04\/Toujours-rien-3-scaled.jpg?fit=2560%2C1920\" data-orig-size=\"2560,1920\" data-comments-opened=\"1\" data-image-meta=\"{&quot;aperture&quot;:&quot;1.8&quot;,&quot;credit&quot;:&quot;&quot;,&quot;camera&quot;:&quot;iPhone 7&quot;,&quot;caption&quot;:&quot;&quot;,&quot;created_timestamp&quot;:&quot;1619029579&quot;,&quot;copyright&quot;:&quot;&quot;,&quot;focal_length&quot;:&quot;3.99&quot;,&quot;iso&quot;:&quot;100&quot;,&quot;shutter_speed&quot;:&quot;0.058823529411765&quot;,&quot;title&quot;:&quot;&quot;,&quot;orientation&quot;:&quot;1&quot;}\" data-image-title=\"Toujours rien 3\" data-image-description=\"\" data-image-caption=\"\" data-large-file=\"https:\/\/i0.wp.com\/www.jojoenherbe.com\/wp-content\/uploads\/2021\/04\/Toujours-rien-3-scaled.jpg?fit=676%2C507\" class=\"alignleft size-thumbnail wp-image-17806\" src=\"https:\/\/i0.wp.com\/www.jojoenherbe.com\/wp-content\/uploads\/2021\/04\/Toujours-rien-3.jpg?resize=150%2C150\" alt=\"\" width=\"150\" height=\"150\" srcset=\"https:\/\/i0.wp.com\/www.jojoenherbe.com\/wp-content\/uploads\/2021\/04\/Toujours-rien-3-scaled.jpg?resize=150%2C150 150w, https:\/\/i0.wp.com\/www.jojoenherbe.com\/wp-content\/uploads\/2021\/04\/Toujours-rien-3-scaled.jpg?zoom=2&amp;resize=150%2C150 300w, https:\/\/i0.wp.com\/www.jojoenherbe.com\/wp-content\/uploads\/2021\/04\/Toujours-rien-3-scaled.jpg?zoom=3&amp;resize=150%2C150 450w\" sizes=\"auto, (max-width: 150px) 100vw, 150px\" \/><\/a>Nous relisons <span style=\"text-decoration: underline;\">Toujours rien?<\/span> de Christian Voltz (\u00e9d. du Rouerge, 1997, r\u00e9\u00e9d. 2020), un album jeunesse \u00e0 partir de 2 ans. Monsieur Louis plante une graine et attend, plus ou moins avec patience, qu&rsquo;elle pousse. Tous les jours, il vient voir ce qu&rsquo;il en est, tout comme un oiseau. Qu&rsquo;adviendra-t-il de cette graine plant\u00e9e? <\/em><em>L&rsquo;histoire est rigolote. Nous retrouvons le style tr\u00e8s particulier des illustrations de Christian Voltz faites de bric et de broc recycl\u00e9: bouts de ferrailles, morceaux de tissus&#8230; Un bon moment de lecture qui permet une riche exploitation p\u00e9dagogique!<\/em><\/p>\n<p style=\"text-align: justify;\"><em><a href=\"https:\/\/i0.wp.com\/www.jojoenherbe.com\/wp-content\/uploads\/2021\/04\/Toujours-rien-4-scaled.jpg\"><img data-recalc-dims=\"1\" loading=\"lazy\" decoding=\"async\" data-attachment-id=\"25007\" data-permalink=\"http:\/\/www.jojoenherbe.com\/index.php\/2021\/04\/25\/au-fil-des-pages-avec-toujours-rien\/toujours-rien-4\/\" data-orig-file=\"https:\/\/i0.wp.com\/www.jojoenherbe.com\/wp-content\/uploads\/2021\/04\/Toujours-rien-4-scaled.jpg?fit=2560%2C1920\" data-orig-size=\"2560,1920\" data-comments-opened=\"1\" data-image-meta=\"{&quot;aperture&quot;:&quot;1.8&quot;,&quot;credit&quot;:&quot;&quot;,&quot;camera&quot;:&quot;iPhone 7&quot;,&quot;caption&quot;:&quot;&quot;,&quot;created_timestamp&quot;:&quot;1596294703&quot;,&quot;copyright&quot;:&quot;&quot;,&quot;focal_length&quot;:&quot;3.99&quot;,&quot;iso&quot;:&quot;25&quot;,&quot;shutter_speed&quot;:&quot;0.03030303030303&quot;,&quot;title&quot;:&quot;&quot;,&quot;orientation&quot;:&quot;1&quot;}\" data-image-title=\"Toujours rien 4\" data-image-description=\"\" data-image-caption=\"\" data-large-file=\"https:\/\/i0.wp.com\/www.jojoenherbe.com\/wp-content\/uploads\/2021\/04\/Toujours-rien-4-scaled.jpg?fit=676%2C507\" class=\"size-thumbnail wp-image-25007 alignright\" src=\"https:\/\/i0.wp.com\/www.jojoenherbe.com\/wp-content\/uploads\/2021\/04\/Toujours-rien-4.jpg?resize=150%2C150\" alt=\"\" width=\"150\" height=\"150\" srcset=\"https:\/\/i0.wp.com\/www.jojoenherbe.com\/wp-content\/uploads\/2021\/04\/Toujours-rien-4-scaled.jpg?resize=150%2C150 150w, https:\/\/i0.wp.com\/www.jojoenherbe.com\/wp-content\/uploads\/2021\/04\/Toujours-rien-4-scaled.jpg?zoom=2&amp;resize=150%2C150 300w, https:\/\/i0.wp.com\/www.jojoenherbe.com\/wp-content\/uploads\/2021\/04\/Toujours-rien-4-scaled.jpg?zoom=3&amp;resize=150%2C150 450w\" sizes=\"auto, (max-width: 150px) 100vw, 150px\" \/><\/a>Pour prolonger la lecture, nous avions d\u00e9j\u00e0 fait des activit\u00e9s l&rsquo;ann\u00e9e derni\u00e8re et aussi cette ann\u00e9e, avec le retour du printemps que j&rsquo;avais trouv\u00e9es par exemple sur le blog de <a href=\"http:\/\/materalbum.free.fr\/toujours-rien\/fichiers.htm\">Materalbum<\/a> ou de <a href=\"https:\/\/dessinemoiunehistoire.net\/albums-printemps-jardin-plantation\/\">Dessine-moi une histoire<\/a>: remettre dans l&rsquo;ordre les \u00e9tapes de croissance d&rsquo;une plante, nommer et \u00e9crire les diff\u00e9rents personnages de l&rsquo;histoire, dessiner des fleurs&#8230; Et comme Monsieur Louis, nous attendons \u00e9galement que nos semis de fraises et de radis poussent.\u00a0<\/em><\/p>\n","protected":false},"excerpt":{"rendered":"<p>Nous relisons Toujours rien? de Christian Voltz (\u00e9d. du Rouerge, 1997, r\u00e9\u00e9d. 2020), un album jeunesse \u00e0 partir de 2 ans. Monsieur Louis plante une graine et attend, plus ou moins avec patience, qu&rsquo;elle pousse. Tous les jours, il vient voir ce qu&rsquo;il en est, tout comme un oiseau. Qu&rsquo;adviendra-t-il de cette graine plant\u00e9e? L&rsquo;histoire [&hellip;]<\/p>\n","protected":false},"author":1,"featured_media":17807,"comment_status":"open","ping_status":"open","sticky":false,"template":"","format":"standard","meta":{"jetpack_post_was_ever_published":false,"_jetpack_newsletter_access":"","_jetpack_dont_email_post_to_subs":false,"_jetpack_newsletter_tier_id":0,"_jetpack_memberships_contains_paywalled_content":false,"_jetpack_memberships_contains_paid_content":false,"footnotes":""},"categories":[363],"tags":[787,409,1262,1702,749,2172,2430,2428,538,590,673,367,1022,543,393,764,2427],"class_list":["post-17685","post","type-post","status-publish","format-standard","has-post-thumbnail","hentry","category-mini-lecteur","tag-2-5-ans","tag-albums-jeunesse","tag-attente","tag-christian-voltz","tag-exploitation-pedagogique","tag-fleur","tag-germination","tag-graine","tag-humour","tag-jardin","tag-jardinage","tag-lecture-jeunesse","tag-lectures-de-printemps","tag-nature","tag-oiseau","tag-patience","tag-plantation","post-preview"],"jetpack_featured_media_url":"https:\/\/i0.wp.com\/www.jojoenherbe.com\/wp-content\/uploads\/2021\/04\/Toujours-rien-scaled.jpg?fit=2560%2C1758","jetpack_sharing_enabled":true,"jetpack_shortlink":"https:\/\/wp.me\/p9zhGx-4Bf","jetpack_likes_enabled":true,"jetpack-related-posts":[{"id":12027,"url":"http:\/\/www.jojoenherbe.com\/index.php\/2020\/08\/31\/au-fil-des-pages-avec-un-gateau-au-gouter\/","url_meta":{"origin":17685,"position":0},"title":"Au fil des pages avec Un g\u00e2teau au go\u00fbter","author":"Jojo","date":"31 ao\u00fbt 2020","format":false,"excerpt":"Lors du RAT gourmand du week-end dernier, nous lisons Un g\u00e2teau au go\u00fbter de Christian Voltz (\u00e9d. L\u2019\u00e9cole des loisirs, 2019), un album jeunesse \u00e0 partir de 3 ans. Monsieur Anatole a invit\u00e9 Mademoiselle Blanche pour le go\u00fbter. Mais catastrophe! L\u2019heure approche et il n\u2019a toujours pas r\u00e9ussi \u00e0 pr\u00e9parer\u2026","rel":"","context":"Dans &quot;Mini lecteur&quot;","block_context":{"text":"Mini lecteur","link":"http:\/\/www.jojoenherbe.com\/index.php\/category\/mini-lecteur\/"},"img":{"alt_text":"","src":"https:\/\/i0.wp.com\/www.jojoenherbe.com\/wp-content\/uploads\/2020\/08\/Un-gateau-au-gouter-scaled.jpg?fit=1200%2C900&resize=350%2C200","width":350,"height":200,"srcset":"https:\/\/i0.wp.com\/www.jojoenherbe.com\/wp-content\/uploads\/2020\/08\/Un-gateau-au-gouter-scaled.jpg?fit=1200%2C900&resize=350%2C200 1x, https:\/\/i0.wp.com\/www.jojoenherbe.com\/wp-content\/uploads\/2020\/08\/Un-gateau-au-gouter-scaled.jpg?fit=1200%2C900&resize=525%2C300 1.5x, https:\/\/i0.wp.com\/www.jojoenherbe.com\/wp-content\/uploads\/2020\/08\/Un-gateau-au-gouter-scaled.jpg?fit=1200%2C900&resize=700%2C400 2x, https:\/\/i0.wp.com\/www.jojoenherbe.com\/wp-content\/uploads\/2020\/08\/Un-gateau-au-gouter-scaled.jpg?fit=1200%2C900&resize=1050%2C600 3x"},"classes":[]},{"id":25041,"url":"http:\/\/www.jojoenherbe.com\/index.php\/2022\/04\/27\/au-fil-des-pages-avec-graine-de-carotte\/","url_meta":{"origin":17685,"position":1},"title":"Au fil des pages avec Graine de carotte","author":"Jojo","date":"27 avril 2022","format":false,"excerpt":"Nous relisons en ce moment Graine de carotte de Claire Garralon et C\u00e9cile Hudrisier (\u00e9d. Didier Jeunesse, 2019), un \u00a0album jeunesse \u00e0 partir de 3 ans et que nous avions \u00e9galement beaucoup lu au printemps, l'ann\u00e9e derni\u00e8re. Un lundi matin de printemps, Petit Lapin est impatient de planter une graine\u2026","rel":"","context":"Dans &quot;Mini lecteur&quot;","block_context":{"text":"Mini lecteur","link":"http:\/\/www.jojoenherbe.com\/index.php\/category\/mini-lecteur\/"},"img":{"alt_text":"","src":"https:\/\/i0.wp.com\/www.jojoenherbe.com\/wp-content\/uploads\/2022\/04\/Graine-de-carotte-scaled.jpg?fit=1200%2C900&resize=350%2C200","width":350,"height":200,"srcset":"https:\/\/i0.wp.com\/www.jojoenherbe.com\/wp-content\/uploads\/2022\/04\/Graine-de-carotte-scaled.jpg?fit=1200%2C900&resize=350%2C200 1x, https:\/\/i0.wp.com\/www.jojoenherbe.com\/wp-content\/uploads\/2022\/04\/Graine-de-carotte-scaled.jpg?fit=1200%2C900&resize=525%2C300 1.5x, https:\/\/i0.wp.com\/www.jojoenherbe.com\/wp-content\/uploads\/2022\/04\/Graine-de-carotte-scaled.jpg?fit=1200%2C900&resize=700%2C400 2x, https:\/\/i0.wp.com\/www.jojoenherbe.com\/wp-content\/uploads\/2022\/04\/Graine-de-carotte-scaled.jpg?fit=1200%2C900&resize=1050%2C600 3x"},"classes":[]},{"id":25173,"url":"http:\/\/www.jojoenherbe.com\/index.php\/2022\/04\/21\/nos-lectures-printanieres-2022\/","url_meta":{"origin":17685,"position":2},"title":"Nos lectures printani\u00e8res 2022","author":"Jojo","date":"21 avril 2022","format":false,"excerpt":"Le mois dernier, avec l'arriv\u00e9e du printemps, nous avons recommenc\u00e9 \u00e0 lire des histoires sur cette saison. Ce billet sera ainsi actualis\u00e9 tout au long de ce printemps au gr\u00e9 de nos lectures sur ce th\u00e8me. Je parlerai \u00e9galement de relectures de livres que je n'avais pas encore chroniqu\u00e9s sur\u2026","rel":"","context":"Dans &quot;Mini lecteur&quot;","block_context":{"text":"Mini lecteur","link":"http:\/\/www.jojoenherbe.com\/index.php\/category\/mini-lecteur\/"},"img":{"alt_text":"","src":"https:\/\/i0.wp.com\/www.jojoenherbe.com\/wp-content\/uploads\/2022\/04\/Nos-lectures-de-printemps-2022-scaled.jpg?fit=1200%2C689&resize=350%2C200","width":350,"height":200,"srcset":"https:\/\/i0.wp.com\/www.jojoenherbe.com\/wp-content\/uploads\/2022\/04\/Nos-lectures-de-printemps-2022-scaled.jpg?fit=1200%2C689&resize=350%2C200 1x, https:\/\/i0.wp.com\/www.jojoenherbe.com\/wp-content\/uploads\/2022\/04\/Nos-lectures-de-printemps-2022-scaled.jpg?fit=1200%2C689&resize=525%2C300 1.5x, https:\/\/i0.wp.com\/www.jojoenherbe.com\/wp-content\/uploads\/2022\/04\/Nos-lectures-de-printemps-2022-scaled.jpg?fit=1200%2C689&resize=700%2C400 2x, https:\/\/i0.wp.com\/www.jojoenherbe.com\/wp-content\/uploads\/2022\/04\/Nos-lectures-de-printemps-2022-scaled.jpg?fit=1200%2C689&resize=1050%2C600 3x"},"classes":[]},{"id":10674,"url":"http:\/\/www.jojoenherbe.com\/index.php\/2020\/04\/10\/au-fil-des-pages-avec-splat-adore-jardiner\/","url_meta":{"origin":17685,"position":3},"title":"Au fil des pages avec Splat adore jardiner!","author":"Jojo","date":"10 avril 2020","format":false,"excerpt":"Nous lisons Splat adore jardiner! de Rob Scotton (\u00e9d. Nathan, 2015), un album jeunesse \u00e0 partir de 3 ans. Un jour de pluie proche du printemps, Harry Souris redonne le sourire \u00e0 Splat lorsqu'il trouve une graine. Ni l'un ni l'autre ne sachant jardiner, ils se rendent \u00e0 la biblioth\u00e8que\u2026","rel":"","context":"Dans &quot;Mini lecteur&quot;","block_context":{"text":"Mini lecteur","link":"http:\/\/www.jojoenherbe.com\/index.php\/category\/mini-lecteur\/"},"img":{"alt_text":"","src":"https:\/\/i0.wp.com\/www.jojoenherbe.com\/wp-content\/uploads\/2020\/04\/Splat-adore-jardiner-scaled.jpg?fit=1200%2C860&resize=350%2C200","width":350,"height":200,"srcset":"https:\/\/i0.wp.com\/www.jojoenherbe.com\/wp-content\/uploads\/2020\/04\/Splat-adore-jardiner-scaled.jpg?fit=1200%2C860&resize=350%2C200 1x, https:\/\/i0.wp.com\/www.jojoenherbe.com\/wp-content\/uploads\/2020\/04\/Splat-adore-jardiner-scaled.jpg?fit=1200%2C860&resize=525%2C300 1.5x, https:\/\/i0.wp.com\/www.jojoenherbe.com\/wp-content\/uploads\/2020\/04\/Splat-adore-jardiner-scaled.jpg?fit=1200%2C860&resize=700%2C400 2x, https:\/\/i0.wp.com\/www.jojoenherbe.com\/wp-content\/uploads\/2020\/04\/Splat-adore-jardiner-scaled.jpg?fit=1200%2C860&resize=1050%2C600 3x"},"classes":[]},{"id":10955,"url":"http:\/\/www.jojoenherbe.com\/index.php\/2020\/05\/13\/au-fil-des-pages-avec-le-secret-du-potager\/","url_meta":{"origin":17685,"position":4},"title":"Au fil des pages avec Le secret du potager","author":"Jojo","date":"13 mai 2020","format":false,"excerpt":"Nous lisons Le secret du potager de Luc Foccroulle et Annick Masson (\u00e9d. Mijade, r\u00e9\u00e9d. 2018), un album jeunesse \u00e0 partir de 3 ans. Lili n'est pas ravie \u00e0 l'id\u00e9e de passer ses vacances chez son grand-p\u00e8re \u00e0 la campagne. Elle r\u00eave de plage et \u00e0 la place, il n'est\u2026","rel":"","context":"Dans &quot;Mini lecteur&quot;","block_context":{"text":"Mini lecteur","link":"http:\/\/www.jojoenherbe.com\/index.php\/category\/mini-lecteur\/"},"img":{"alt_text":"","src":"https:\/\/i0.wp.com\/www.jojoenherbe.com\/wp-content\/uploads\/2020\/05\/Le-secret-du-potager-scaled.jpg?fit=1200%2C655&resize=350%2C200","width":350,"height":200,"srcset":"https:\/\/i0.wp.com\/www.jojoenherbe.com\/wp-content\/uploads\/2020\/05\/Le-secret-du-potager-scaled.jpg?fit=1200%2C655&resize=350%2C200 1x, https:\/\/i0.wp.com\/www.jojoenherbe.com\/wp-content\/uploads\/2020\/05\/Le-secret-du-potager-scaled.jpg?fit=1200%2C655&resize=525%2C300 1.5x, https:\/\/i0.wp.com\/www.jojoenherbe.com\/wp-content\/uploads\/2020\/05\/Le-secret-du-potager-scaled.jpg?fit=1200%2C655&resize=700%2C400 2x, https:\/\/i0.wp.com\/www.jojoenherbe.com\/wp-content\/uploads\/2020\/05\/Le-secret-du-potager-scaled.jpg?fit=1200%2C655&resize=1050%2C600 3x"},"classes":[]},{"id":17367,"url":"http:\/\/www.jojoenherbe.com\/index.php\/2021\/04\/15\/rat-du-mois-au-japon-2021\/","url_meta":{"origin":17685,"position":5},"title":"RAT du Mois au Japon 2021","author":"Jojo","date":"15 avril 2021","format":false,"excerpt":"Pour cette troisi\u00e8me semaine du Mois au Japon 2021, Lou et Hilde, les deux coorganisatrices proposent d'\u00e9changer autour d'un journal de bord et de finir la semaine avec un read-a-thon (marathon de lectures) tout au long du week-end des 17 et 18 avril. De mon c\u00f4t\u00e9, je continue avec mon\u2026","rel":"","context":"Dans &quot;Mini challenger&quot;","block_context":{"text":"Mini challenger","link":"http:\/\/www.jojoenherbe.com\/index.php\/category\/mini-challenger\/"},"img":{"alt_text":"","src":"https:\/\/i0.wp.com\/www.jojoenherbe.com\/wp-content\/uploads\/2021\/04\/RAT-Un-mois-au-Japon-2021-scaled.jpg?fit=1200%2C1038&resize=350%2C200","width":350,"height":200,"srcset":"https:\/\/i0.wp.com\/www.jojoenherbe.com\/wp-content\/uploads\/2021\/04\/RAT-Un-mois-au-Japon-2021-scaled.jpg?fit=1200%2C1038&resize=350%2C200 1x, https:\/\/i0.wp.com\/www.jojoenherbe.com\/wp-content\/uploads\/2021\/04\/RAT-Un-mois-au-Japon-2021-scaled.jpg?fit=1200%2C1038&resize=525%2C300 1.5x, https:\/\/i0.wp.com\/www.jojoenherbe.com\/wp-content\/uploads\/2021\/04\/RAT-Un-mois-au-Japon-2021-scaled.jpg?fit=1200%2C1038&resize=700%2C400 2x, https:\/\/i0.wp.com\/www.jojoenherbe.com\/wp-content\/uploads\/2021\/04\/RAT-Un-mois-au-Japon-2021-scaled.jpg?fit=1200%2C1038&resize=1050%2C600 3x"},"classes":[]}],"_links":{"self":[{"href":"http:\/\/www.jojoenherbe.com\/index.php\/wp-json\/wp\/v2\/posts\/17685","targetHints":{"allow":["GET"]}}],"collection":[{"href":"http:\/\/www.jojoenherbe.com\/index.php\/wp-json\/wp\/v2\/posts"}],"about":[{"href":"http:\/\/www.jojoenherbe.com\/index.php\/wp-json\/wp\/v2\/types\/post"}],"author":[{"embeddable":true,"href":"http:\/\/www.jojoenherbe.com\/index.php\/wp-json\/wp\/v2\/users\/1"}],"replies":[{"embeddable":true,"href":"http:\/\/www.jojoenherbe.com\/index.php\/wp-json\/wp\/v2\/comments?post=17685"}],"version-history":[{"count":1,"href":"http:\/\/www.jojoenherbe.com\/index.php\/wp-json\/wp\/v2\/posts\/17685\/revisions"}],"predecessor-version":[{"id":25008,"href":"http:\/\/www.jojoenherbe.com\/index.php\/wp-json\/wp\/v2\/posts\/17685\/revisions\/25008"}],"wp:featuredmedia":[{"embeddable":true,"href":"http:\/\/www.jojoenherbe.com\/index.php\/wp-json\/wp\/v2\/media\/17807"}],"wp:attachment":[{"href":"http:\/\/www.jojoenherbe.com\/index.php\/wp-json\/wp\/v2\/media?parent=17685"}],"wp:term":[{"taxonomy":"category","embeddable":true,"href":"http:\/\/www.jojoenherbe.com\/index.php\/wp-json\/wp\/v2\/categories?post=17685"},{"taxonomy":"post_tag","embeddable":true,"href":"http:\/\/www.jojoenherbe.com\/index.php\/wp-json\/wp\/v2\/tags?post=17685"}],"curies":[{"name":"wp","href":"https:\/\/api.w.org\/{rel}","templated":true}]}}