{"id":17471,"date":"2021-04-19T12:01:25","date_gmt":"2021-04-19T10:01:25","guid":{"rendered":"http:\/\/www.jojoenherbe.com\/?p=17471"},"modified":"2021-04-19T17:17:06","modified_gmt":"2021-04-19T15:17:06","slug":"au-fil-des-pages-avec-lhistoire-en-vert-de-mon-grand-pere","status":"publish","type":"post","link":"http:\/\/www.jojoenherbe.com\/index.php\/2021\/04\/19\/au-fil-des-pages-avec-lhistoire-en-vert-de-mon-grand-pere\/","title":{"rendered":"Au fil des pages avec L&rsquo;histoire en vert de mon Grand-p\u00e8re"},"content":{"rendered":"<p style=\"text-align: justify;\"><em><img data-recalc-dims=\"1\" loading=\"lazy\" decoding=\"async\" data-attachment-id=\"17564\" data-permalink=\"http:\/\/www.jojoenherbe.com\/index.php\/2021\/04\/19\/au-fil-des-pages-avec-lhistoire-en-vert-de-mon-grand-pere\/lhistoire-en-vert-de-mon-grand-pere-2-2\/\" data-orig-file=\"https:\/\/i0.wp.com\/www.jojoenherbe.com\/wp-content\/uploads\/2021\/04\/Lhistoire-en-vert-de-mon-Grand-pere-2-scaled.jpg?fit=2560%2C1773\" data-orig-size=\"2560,1773\" data-comments-opened=\"1\" data-image-meta=\"{&quot;aperture&quot;:&quot;1.8&quot;,&quot;credit&quot;:&quot;&quot;,&quot;camera&quot;:&quot;iPhone 7&quot;,&quot;caption&quot;:&quot;&quot;,&quot;created_timestamp&quot;:&quot;1618597672&quot;,&quot;copyright&quot;:&quot;&quot;,&quot;focal_length&quot;:&quot;3.99&quot;,&quot;iso&quot;:&quot;100&quot;,&quot;shutter_speed&quot;:&quot;0.076923076923077&quot;,&quot;title&quot;:&quot;&quot;,&quot;orientation&quot;:&quot;1&quot;}\" data-image-title=\"L&amp;rsquo;histoire en vert de mon Grand-p\u00e8re 2\" data-image-description=\"\" data-image-caption=\"\" data-large-file=\"https:\/\/i0.wp.com\/www.jojoenherbe.com\/wp-content\/uploads\/2021\/04\/Lhistoire-en-vert-de-mon-Grand-pere-2-scaled.jpg?fit=676%2C468\" class=\"alignleft size-thumbnail wp-image-17564\" src=\"https:\/\/i0.wp.com\/www.jojoenherbe.com\/wp-content\/uploads\/2021\/04\/Lhistoire-en-vert-de-mon-Grand-pere-2.jpg?resize=150%2C150\" alt=\"\" width=\"150\" height=\"150\" srcset=\"https:\/\/i0.wp.com\/www.jojoenherbe.com\/wp-content\/uploads\/2021\/04\/Lhistoire-en-vert-de-mon-Grand-pere-2-scaled.jpg?resize=150%2C150 150w, https:\/\/i0.wp.com\/www.jojoenherbe.com\/wp-content\/uploads\/2021\/04\/Lhistoire-en-vert-de-mon-Grand-pere-2-scaled.jpg?zoom=2&amp;resize=150%2C150 300w, https:\/\/i0.wp.com\/www.jojoenherbe.com\/wp-content\/uploads\/2021\/04\/Lhistoire-en-vert-de-mon-Grand-pere-2-scaled.jpg?zoom=3&amp;resize=150%2C150 450w\" sizes=\"auto, (max-width: 150px) 100vw, 150px\" \/> <img data-recalc-dims=\"1\" loading=\"lazy\" decoding=\"async\" data-attachment-id=\"17565\" data-permalink=\"http:\/\/www.jojoenherbe.com\/index.php\/2021\/04\/19\/au-fil-des-pages-avec-lhistoire-en-vert-de-mon-grand-pere\/lhistoire-en-vert-de-mon-grand-pere-3\/\" data-orig-file=\"https:\/\/i0.wp.com\/www.jojoenherbe.com\/wp-content\/uploads\/2021\/04\/Lhistoire-en-vert-de-mon-Grand-pere-3-scaled.jpg?fit=2560%2C1920\" data-orig-size=\"2560,1920\" data-comments-opened=\"1\" data-image-meta=\"{&quot;aperture&quot;:&quot;1.8&quot;,&quot;credit&quot;:&quot;&quot;,&quot;camera&quot;:&quot;iPhone 7&quot;,&quot;caption&quot;:&quot;&quot;,&quot;created_timestamp&quot;:&quot;1618597737&quot;,&quot;copyright&quot;:&quot;&quot;,&quot;focal_length&quot;:&quot;3.99&quot;,&quot;iso&quot;:&quot;100&quot;,&quot;shutter_speed&quot;:&quot;0.076923076923077&quot;,&quot;title&quot;:&quot;&quot;,&quot;orientation&quot;:&quot;1&quot;}\" data-image-title=\"L&amp;rsquo;histoire en vert de mon Grand-p\u00e8re 3\" data-image-description=\"\" data-image-caption=\"\" data-large-file=\"https:\/\/i0.wp.com\/www.jojoenherbe.com\/wp-content\/uploads\/2021\/04\/Lhistoire-en-vert-de-mon-Grand-pere-3-scaled.jpg?fit=676%2C507\" class=\"alignleft size-thumbnail wp-image-17565\" src=\"https:\/\/i0.wp.com\/www.jojoenherbe.com\/wp-content\/uploads\/2021\/04\/Lhistoire-en-vert-de-mon-Grand-pere-3.jpg?resize=150%2C150\" alt=\"\" width=\"150\" height=\"150\" srcset=\"https:\/\/i0.wp.com\/www.jojoenherbe.com\/wp-content\/uploads\/2021\/04\/Lhistoire-en-vert-de-mon-Grand-pere-3-scaled.jpg?resize=150%2C150 150w, https:\/\/i0.wp.com\/www.jojoenherbe.com\/wp-content\/uploads\/2021\/04\/Lhistoire-en-vert-de-mon-Grand-pere-3-scaled.jpg?zoom=2&amp;resize=150%2C150 300w, https:\/\/i0.wp.com\/www.jojoenherbe.com\/wp-content\/uploads\/2021\/04\/Lhistoire-en-vert-de-mon-Grand-pere-3-scaled.jpg?zoom=3&amp;resize=150%2C150 450w\" sizes=\"auto, (max-width: 150px) 100vw, 150px\" \/>Nous lisons <span style=\"text-decoration: underline;\">L&rsquo;histoire en vert de mon Grand-p\u00e8re<\/span> de Lane Smith (\u00e9d. Gallimard Jeunesse, 2012), un album jeunesse \u00e0 partir de 3 ans et qui retrace de fa\u00e7on po\u00e9tique et originale la vie d&rsquo;un \u00ab\u00a0grand-p\u00e8re\u00a0\u00bb d\u00e9peint par son arri\u00e8re-petit-fils au travers d&rsquo;un jardin, \u00ab\u00a0le jardin merveilleux de la m\u00e9moire\u00a0\u00bb. <\/em><em>A chaque page d\u00e9file un \u00e9v\u00e9nement de la vie pass\u00e9e du Grand-p\u00e8re, qu&rsquo;il soit heureux ou douloureux (enfance, Seconde Guerre mondiale, mariage&#8230;) et m\u00eame ses lectures d&rsquo;enfance pr\u00e9f\u00e9r\u00e9es comme <span style=\"text-decoration: underline;\">Le Magicien d&rsquo;Oz<\/span>. Le texte et les illustrations se font \u00e9cho, le petit gar\u00e7on se baladant dans le pass\u00e9 de son grand-p\u00e8re qui est en train de jardiner. <\/em><\/p>\n<p style=\"text-align: justify;\"><em><img data-recalc-dims=\"1\" loading=\"lazy\" decoding=\"async\" data-attachment-id=\"17567\" data-permalink=\"http:\/\/www.jojoenherbe.com\/index.php\/2021\/04\/19\/au-fil-des-pages-avec-lhistoire-en-vert-de-mon-grand-pere\/lhistoire-en-vert-de-mon-grand-pere-5\/\" data-orig-file=\"https:\/\/i0.wp.com\/www.jojoenherbe.com\/wp-content\/uploads\/2021\/04\/Lhistoire-en-vert-de-mon-Grand-pere-5-scaled.jpg?fit=2560%2C1920\" data-orig-size=\"2560,1920\" data-comments-opened=\"1\" data-image-meta=\"{&quot;aperture&quot;:&quot;1.8&quot;,&quot;credit&quot;:&quot;&quot;,&quot;camera&quot;:&quot;iPhone 7&quot;,&quot;caption&quot;:&quot;&quot;,&quot;created_timestamp&quot;:&quot;1618597816&quot;,&quot;copyright&quot;:&quot;&quot;,&quot;focal_length&quot;:&quot;3.99&quot;,&quot;iso&quot;:&quot;100&quot;,&quot;shutter_speed&quot;:&quot;0.058823529411765&quot;,&quot;title&quot;:&quot;&quot;,&quot;orientation&quot;:&quot;1&quot;}\" data-image-title=\"L&amp;rsquo;histoire en vert de mon Grand-p\u00e8re 5\" data-image-description=\"\" data-image-caption=\"\" data-large-file=\"https:\/\/i0.wp.com\/www.jojoenherbe.com\/wp-content\/uploads\/2021\/04\/Lhistoire-en-vert-de-mon-Grand-pere-5-scaled.jpg?fit=676%2C507\" class=\"size-thumbnail wp-image-17567 alignright\" src=\"https:\/\/i0.wp.com\/www.jojoenherbe.com\/wp-content\/uploads\/2021\/04\/Lhistoire-en-vert-de-mon-Grand-pere-5.jpg?resize=150%2C150\" alt=\"\" width=\"150\" height=\"150\" srcset=\"https:\/\/i0.wp.com\/www.jojoenherbe.com\/wp-content\/uploads\/2021\/04\/Lhistoire-en-vert-de-mon-Grand-pere-5-scaled.jpg?resize=150%2C150 150w, https:\/\/i0.wp.com\/www.jojoenherbe.com\/wp-content\/uploads\/2021\/04\/Lhistoire-en-vert-de-mon-Grand-pere-5-scaled.jpg?zoom=2&amp;resize=150%2C150 300w, https:\/\/i0.wp.com\/www.jojoenherbe.com\/wp-content\/uploads\/2021\/04\/Lhistoire-en-vert-de-mon-Grand-pere-5-scaled.jpg?zoom=3&amp;resize=150%2C150 450w\" sizes=\"auto, (max-width: 150px) 100vw, 150px\" \/> <img data-recalc-dims=\"1\" loading=\"lazy\" decoding=\"async\" data-attachment-id=\"17566\" data-permalink=\"http:\/\/www.jojoenherbe.com\/index.php\/2021\/04\/19\/au-fil-des-pages-avec-lhistoire-en-vert-de-mon-grand-pere\/lhistoire-en-vert-de-mon-grand-pere-4\/\" data-orig-file=\"https:\/\/i0.wp.com\/www.jojoenherbe.com\/wp-content\/uploads\/2021\/04\/Lhistoire-en-vert-de-mon-Grand-pere-4-scaled.jpg?fit=2560%2C1920\" data-orig-size=\"2560,1920\" data-comments-opened=\"1\" data-image-meta=\"{&quot;aperture&quot;:&quot;1.8&quot;,&quot;credit&quot;:&quot;&quot;,&quot;camera&quot;:&quot;iPhone 7&quot;,&quot;caption&quot;:&quot;&quot;,&quot;created_timestamp&quot;:&quot;1618597797&quot;,&quot;copyright&quot;:&quot;&quot;,&quot;focal_length&quot;:&quot;3.99&quot;,&quot;iso&quot;:&quot;80&quot;,&quot;shutter_speed&quot;:&quot;0.058823529411765&quot;,&quot;title&quot;:&quot;&quot;,&quot;orientation&quot;:&quot;1&quot;}\" data-image-title=\"L&amp;rsquo;histoire en vert de mon Grand-p\u00e8re 4\" data-image-description=\"\" data-image-caption=\"\" data-large-file=\"https:\/\/i0.wp.com\/www.jojoenherbe.com\/wp-content\/uploads\/2021\/04\/Lhistoire-en-vert-de-mon-Grand-pere-4-scaled.jpg?fit=676%2C507\" class=\"size-thumbnail wp-image-17566 alignright\" src=\"https:\/\/i0.wp.com\/www.jojoenherbe.com\/wp-content\/uploads\/2021\/04\/Lhistoire-en-vert-de-mon-Grand-pere-4.jpg?resize=150%2C150\" alt=\"\" width=\"150\" height=\"150\" srcset=\"https:\/\/i0.wp.com\/www.jojoenherbe.com\/wp-content\/uploads\/2021\/04\/Lhistoire-en-vert-de-mon-Grand-pere-4-scaled.jpg?resize=150%2C150 150w, https:\/\/i0.wp.com\/www.jojoenherbe.com\/wp-content\/uploads\/2021\/04\/Lhistoire-en-vert-de-mon-Grand-pere-4-scaled.jpg?zoom=2&amp;resize=150%2C150 300w, https:\/\/i0.wp.com\/www.jojoenherbe.com\/wp-content\/uploads\/2021\/04\/Lhistoire-en-vert-de-mon-Grand-pere-4-scaled.jpg?zoom=3&amp;resize=150%2C150 450w\" sizes=\"auto, (max-width: 150px) 100vw, 150px\" \/> <\/em><em>Il y est ainsi question de la relation aimante et interg\u00e9n\u00e9rationnelle, l&#8217;empreinte du temps qui passe, de la vieillesse et de la m\u00e9moire. Tandis que le grand-p\u00e8re perd de plus en plus la m\u00e9moire, celle-ci est pr\u00e9serv\u00e9e par le jardin et les souvenirs pr\u00e9sents chez l&rsquo;enfant. Si on regarde de plus pr\u00e8s les illustrations, on se rend d&rsquo;ailleurs compte que le petit gar\u00e7on ramasse les objets oubli\u00e9s par son grand-p\u00e8re.<\/em><em> Un tr\u00e8s bon moment de lecture avec cet album jeunesse touchant!<\/em><\/p>\n<div style=\"width: 148px\" class=\"wp-caption aligncenter\"><img loading=\"lazy\" decoding=\"async\" src=\"https:\/\/lh3.googleusercontent.com\/pw\/ACtC-3eIuIHfDCWnQjrbP_Gttnq9qrZJ0sCLWnTR3GjIOIiC54aYp8f1rKz8fy3EJIYJcUrzUv3KnF-YnYTE-vhMmRU8myeq_V_5OYKPelcJ6I4-bD-P1SjmJYevXt0TGhPCpROfcXeg5SJ_4KvwWeBQfvsOWw=w285-h217-no?authuser=1\" alt=\"\" width=\"138\" height=\"105\" \/><p class=\"wp-caption-text\">Challenge Petit Bac d&rsquo;<a href=\"https:\/\/ennalit.wordpress.com\/2020\/12\/01\/challenge-petit-bac-2021-qui-veut-jouer\/\">Enna<\/a> #7 Cat\u00e9gorie Couleur: \u00ab\u00a0Vert\u00a0\u00bb<\/p><\/div>\n","protected":false},"excerpt":{"rendered":"<p>Nous lisons L&rsquo;histoire en vert de mon Grand-p\u00e8re de Lane Smith (\u00e9d. Gallimard Jeunesse, 2012), un album jeunesse \u00e0 partir de 3 ans et qui retrace de fa\u00e7on po\u00e9tique et originale la vie d&rsquo;un \u00ab\u00a0grand-p\u00e8re\u00a0\u00bb d\u00e9peint par son arri\u00e8re-petit-fils au travers d&rsquo;un jardin, \u00ab\u00a0le jardin merveilleux de la m\u00e9moire\u00a0\u00bb. A chaque page d\u00e9file un \u00e9v\u00e9nement [&hellip;]<\/p>\n","protected":false},"author":1,"featured_media":16874,"comment_status":"open","ping_status":"open","sticky":false,"template":"","format":"standard","meta":{"jetpack_post_was_ever_published":false,"_jetpack_newsletter_access":"","_jetpack_dont_email_post_to_subs":false,"_jetpack_newsletter_tier_id":0,"_jetpack_memberships_contains_paywalled_content":false,"_jetpack_memberships_contains_paid_content":false,"footnotes":""},"categories":[363],"tags":[785,2018,459,703,1283,590,1447,2405,1075,737,2406],"class_list":["post-17471","post","type-post","status-publish","format-standard","has-post-thumbnail","hentry","category-mini-lecteur","tag-3-6-ans","tag-challenge-petit-bac-2021","tag-famille","tag-garcon","tag-grand-pere","tag-jardin","tag-lane-smith","tag-memoire","tag-souvenirs","tag-transmission","tag-vieillesse","post-preview"],"jetpack_featured_media_url":"https:\/\/i0.wp.com\/www.jojoenherbe.com\/wp-content\/uploads\/2021\/03\/Lhistoire-en-vert-de-mon-Grand-pere-scaled.jpg?fit=2560%2C1920","jetpack_sharing_enabled":true,"jetpack_shortlink":"https:\/\/wp.me\/p9zhGx-4xN","jetpack_likes_enabled":true,"jetpack-related-posts":[{"id":16863,"url":"http:\/\/www.jojoenherbe.com\/index.php\/2021\/03\/28\/troisieme-alphabet-des-animaux-e-comme-elephant\/","url_meta":{"origin":17471,"position":0},"title":"Troisi\u00e8me alphabet des animaux: E comme \u00c9l\u00e9phant","author":"Jojo","date":"28 mars 2021","format":false,"excerpt":"Pour la semaine 50 de mon challenge de l'alphabet des animaux illustr\u00e9s sur Instagram #jojoenherbeetcieillustre qui associe la premi\u00e8re lettre d'un animal avec une illustration tir\u00e9e de la litt\u00e9rature jeunesse en suivant l'ordre de l'alphabet, il s'agit du E comme \u00c9l\u00e9phant. Alors voici notre s\u00e9lection d'\u00e9l\u00e9phants qui sera mise \u00e0\u2026","rel":"","context":"Dans &quot;Mini challenger&quot;","block_context":{"text":"Mini challenger","link":"http:\/\/www.jojoenherbe.com\/index.php\/category\/mini-challenger\/"},"img":{"alt_text":"","src":"https:\/\/i0.wp.com\/www.jojoenherbe.com\/wp-content\/uploads\/2021\/03\/Selection-Elephant-1-scaled.jpg?fit=1200%2C838&resize=350%2C200","width":350,"height":200,"srcset":"https:\/\/i0.wp.com\/www.jojoenherbe.com\/wp-content\/uploads\/2021\/03\/Selection-Elephant-1-scaled.jpg?fit=1200%2C838&resize=350%2C200 1x, https:\/\/i0.wp.com\/www.jojoenherbe.com\/wp-content\/uploads\/2021\/03\/Selection-Elephant-1-scaled.jpg?fit=1200%2C838&resize=525%2C300 1.5x, https:\/\/i0.wp.com\/www.jojoenherbe.com\/wp-content\/uploads\/2021\/03\/Selection-Elephant-1-scaled.jpg?fit=1200%2C838&resize=700%2C400 2x, https:\/\/i0.wp.com\/www.jojoenherbe.com\/wp-content\/uploads\/2021\/03\/Selection-Elephant-1-scaled.jpg?fit=1200%2C838&resize=1050%2C600 3x"},"classes":[]},{"id":19959,"url":"http:\/\/www.jojoenherbe.com\/index.php\/2021\/08\/02\/au-fil-des-pages-avec-le-grand-papa-et-sa-toute-petite-fille\/","url_meta":{"origin":17471,"position":1},"title":"Au fil des pages avec Le grand papa et sa toute petite fille","author":"Jojo","date":"2 ao\u00fbt 2021","format":false,"excerpt":"Apr\u00e8s l'avoir d\u00e9couvert lors du week-end de la F\u00eate des P\u00e8res, nous relisons Le grand papa et sa toute petite fille de Cathy Hors et Samuel Ribeyron (\u00e9d. Milan, 2011), un album jeunesse grand format \u00e0 partir de 5 ans et qui a fait partie de la s\u00e9lection Maternelle du\u2026","rel":"","context":"Dans &quot;Mini lecteur&quot;","block_context":{"text":"Mini lecteur","link":"http:\/\/www.jojoenherbe.com\/index.php\/category\/mini-lecteur\/"},"img":{"alt_text":"","src":"https:\/\/i0.wp.com\/www.jojoenherbe.com\/wp-content\/uploads\/2021\/08\/Le-grand-papa-et-sa-toute-petite-fille-scaled.jpg?fit=1200%2C900&resize=350%2C200","width":350,"height":200,"srcset":"https:\/\/i0.wp.com\/www.jojoenherbe.com\/wp-content\/uploads\/2021\/08\/Le-grand-papa-et-sa-toute-petite-fille-scaled.jpg?fit=1200%2C900&resize=350%2C200 1x, https:\/\/i0.wp.com\/www.jojoenherbe.com\/wp-content\/uploads\/2021\/08\/Le-grand-papa-et-sa-toute-petite-fille-scaled.jpg?fit=1200%2C900&resize=525%2C300 1.5x, https:\/\/i0.wp.com\/www.jojoenherbe.com\/wp-content\/uploads\/2021\/08\/Le-grand-papa-et-sa-toute-petite-fille-scaled.jpg?fit=1200%2C900&resize=700%2C400 2x, https:\/\/i0.wp.com\/www.jojoenherbe.com\/wp-content\/uploads\/2021\/08\/Le-grand-papa-et-sa-toute-petite-fille-scaled.jpg?fit=1200%2C900&resize=1050%2C600 3x"},"classes":[]},{"id":37522,"url":"http:\/\/www.jojoenherbe.com\/index.php\/2024\/12\/18\/au-fil-des-pages-avec-miss-peregrine-et-les-enfants-particuliers\/","url_meta":{"origin":17471,"position":2},"title":"Au fil des pages avec Miss Peregrine et les enfants particuliers","author":"Jojo","date":"18 d\u00e9cembre 2024","format":false,"excerpt":"J'ai lu, en e-book, Miss Peregrine et les enfants particuliers de Ransom Riggs (\u00e9d. Bayard Jeunesse, f\u00e9vrier 2012, r\u00e9\u00e9d. septembre 2016, 443 pages), le premier tome de 6 romans jeunesse \u00e0 partir de 12 ans. Jacob \"Jake\" Portman, \u00e2g\u00e9 de 16 ans, a bien d\u00fb mal \u00e0 se remettre du\u2026","rel":"","context":"Dans &quot;Mini lecteur&quot;","block_context":{"text":"Mini lecteur","link":"http:\/\/www.jojoenherbe.com\/index.php\/category\/mini-lecteur\/"},"img":{"alt_text":"","src":"https:\/\/i0.wp.com\/www.jojoenherbe.com\/wp-content\/uploads\/2024\/12\/Miss-Peregrine-et-les-enfants-particuliers-T1.jpg?fit=733%2C1200&resize=350%2C200","width":350,"height":200,"srcset":"https:\/\/i0.wp.com\/www.jojoenherbe.com\/wp-content\/uploads\/2024\/12\/Miss-Peregrine-et-les-enfants-particuliers-T1.jpg?fit=733%2C1200&resize=350%2C200 1x, https:\/\/i0.wp.com\/www.jojoenherbe.com\/wp-content\/uploads\/2024\/12\/Miss-Peregrine-et-les-enfants-particuliers-T1.jpg?fit=733%2C1200&resize=525%2C300 1.5x, https:\/\/i0.wp.com\/www.jojoenherbe.com\/wp-content\/uploads\/2024\/12\/Miss-Peregrine-et-les-enfants-particuliers-T1.jpg?fit=733%2C1200&resize=700%2C400 2x"},"classes":[]},{"id":6222,"url":"http:\/\/www.jojoenherbe.com\/index.php\/2019\/06\/05\/au-fil-des-pages-avec-le-grand-livre-de-petit-ours\/","url_meta":{"origin":17471,"position":3},"title":"Au fil des pages avec Le Grand Livre de Petit Ours","author":"Jojo","date":"5 juin 2019","format":false,"excerpt":"Nous lisons Le Grand Livre de Petit Ours de John Prater (\u00e9d. Les Livres du Dragon d'Or, 2002), un album jeunesse emprunt\u00e9 \u00e0 la biblioth\u00e8que qui regroupe plusieurs histoires ou plut\u00f4t des comptines, po\u00e8mes et petites sc\u00e9nettes de la petite enfance. Nous suivons Petit Ours avec son p\u00e8re, Grand Ours\u2026","rel":"","context":"Dans &quot;Mini lecteur&quot;","block_context":{"text":"Mini lecteur","link":"http:\/\/www.jojoenherbe.com\/index.php\/category\/mini-lecteur\/"},"img":{"alt_text":"","src":"https:\/\/i0.wp.com\/www.jojoenherbe.com\/wp-content\/uploads\/2019\/06\/Le-grand-livre-de-petit-ours.jpg?fit=1200%2C1176&resize=350%2C200","width":350,"height":200,"srcset":"https:\/\/i0.wp.com\/www.jojoenherbe.com\/wp-content\/uploads\/2019\/06\/Le-grand-livre-de-petit-ours.jpg?fit=1200%2C1176&resize=350%2C200 1x, https:\/\/i0.wp.com\/www.jojoenherbe.com\/wp-content\/uploads\/2019\/06\/Le-grand-livre-de-petit-ours.jpg?fit=1200%2C1176&resize=525%2C300 1.5x, https:\/\/i0.wp.com\/www.jojoenherbe.com\/wp-content\/uploads\/2019\/06\/Le-grand-livre-de-petit-ours.jpg?fit=1200%2C1176&resize=700%2C400 2x, https:\/\/i0.wp.com\/www.jojoenherbe.com\/wp-content\/uploads\/2019\/06\/Le-grand-livre-de-petit-ours.jpg?fit=1200%2C1176&resize=1050%2C600 3x"},"classes":[]},{"id":23993,"url":"http:\/\/www.jojoenherbe.com\/index.php\/2022\/02\/24\/au-fil-des-pages-avec-larbre-lit\/","url_meta":{"origin":17471,"position":4},"title":"Au fil des pages avec L&rsquo;arbre-lit","author":"Jojo","date":"24 f\u00e9vrier 2022","format":false,"excerpt":"Nous lisons L'arbre-lit de Sil\u00e8ne Edgar et Gilles Freluche (\u00e9d. La Cabane bleue, 2020), un album jeunesse \u00e0 partir de 3 ans. Ayant grandi, il est temps pour Valentine de changer de lit. Son p\u00e8re lui en fabrique un nouveau avec les branches d'un vieux poirier de leur jardin. L'arbre\u2026","rel":"","context":"Dans &quot;Mini lecteur&quot;","block_context":{"text":"Mini lecteur","link":"http:\/\/www.jojoenherbe.com\/index.php\/category\/mini-lecteur\/"},"img":{"alt_text":"","src":"https:\/\/i0.wp.com\/www.jojoenherbe.com\/wp-content\/uploads\/2022\/02\/Larbre-lit-scaled.jpg?fit=1200%2C1039&resize=350%2C200","width":350,"height":200,"srcset":"https:\/\/i0.wp.com\/www.jojoenherbe.com\/wp-content\/uploads\/2022\/02\/Larbre-lit-scaled.jpg?fit=1200%2C1039&resize=350%2C200 1x, https:\/\/i0.wp.com\/www.jojoenherbe.com\/wp-content\/uploads\/2022\/02\/Larbre-lit-scaled.jpg?fit=1200%2C1039&resize=525%2C300 1.5x, https:\/\/i0.wp.com\/www.jojoenherbe.com\/wp-content\/uploads\/2022\/02\/Larbre-lit-scaled.jpg?fit=1200%2C1039&resize=700%2C400 2x, https:\/\/i0.wp.com\/www.jojoenherbe.com\/wp-content\/uploads\/2022\/02\/Larbre-lit-scaled.jpg?fit=1200%2C1039&resize=1050%2C600 3x"},"classes":[]},{"id":11512,"url":"http:\/\/www.jojoenherbe.com\/index.php\/2020\/07\/10\/au-fil-des-pages-avec-lhomme-montagne\/","url_meta":{"origin":17471,"position":5},"title":"Au fil des pages avec L&rsquo;homme montagne","author":"Jojo","date":"10 juillet 2020","format":false,"excerpt":"J'emprunte \u00e0 la m\u00e9diath\u00e8que L'homme montagne\u00a0 de S\u00e9verine Gauthier et Am\u00e9lie Fl\u00e9chais (\u00e9d. Delcourt Jeunesse, 2015), une BD jeunesse \u00e0 partir de 6 ans. Grand-p\u00e8re se pr\u00e9pare pour son dernier voyage, ne pouvant plus avancer sous le poids des montagnes qui ont pouss\u00e9 sur son dos sa vie durant. Son\u2026","rel":"","context":"Dans &quot;Mini lecteur&quot;","block_context":{"text":"Mini lecteur","link":"http:\/\/www.jojoenherbe.com\/index.php\/category\/mini-lecteur\/"},"img":{"alt_text":"","src":"https:\/\/i0.wp.com\/www.jojoenherbe.com\/wp-content\/uploads\/2020\/07\/Lhomme-montagne-scaled.jpg?fit=1200%2C900&resize=350%2C200","width":350,"height":200,"srcset":"https:\/\/i0.wp.com\/www.jojoenherbe.com\/wp-content\/uploads\/2020\/07\/Lhomme-montagne-scaled.jpg?fit=1200%2C900&resize=350%2C200 1x, https:\/\/i0.wp.com\/www.jojoenherbe.com\/wp-content\/uploads\/2020\/07\/Lhomme-montagne-scaled.jpg?fit=1200%2C900&resize=525%2C300 1.5x, https:\/\/i0.wp.com\/www.jojoenherbe.com\/wp-content\/uploads\/2020\/07\/Lhomme-montagne-scaled.jpg?fit=1200%2C900&resize=700%2C400 2x, https:\/\/i0.wp.com\/www.jojoenherbe.com\/wp-content\/uploads\/2020\/07\/Lhomme-montagne-scaled.jpg?fit=1200%2C900&resize=1050%2C600 3x"},"classes":[]}],"_links":{"self":[{"href":"http:\/\/www.jojoenherbe.com\/index.php\/wp-json\/wp\/v2\/posts\/17471","targetHints":{"allow":["GET"]}}],"collection":[{"href":"http:\/\/www.jojoenherbe.com\/index.php\/wp-json\/wp\/v2\/posts"}],"about":[{"href":"http:\/\/www.jojoenherbe.com\/index.php\/wp-json\/wp\/v2\/types\/post"}],"author":[{"embeddable":true,"href":"http:\/\/www.jojoenherbe.com\/index.php\/wp-json\/wp\/v2\/users\/1"}],"replies":[{"embeddable":true,"href":"http:\/\/www.jojoenherbe.com\/index.php\/wp-json\/wp\/v2\/comments?post=17471"}],"version-history":[{"count":0,"href":"http:\/\/www.jojoenherbe.com\/index.php\/wp-json\/wp\/v2\/posts\/17471\/revisions"}],"wp:featuredmedia":[{"embeddable":true,"href":"http:\/\/www.jojoenherbe.com\/index.php\/wp-json\/wp\/v2\/media\/16874"}],"wp:attachment":[{"href":"http:\/\/www.jojoenherbe.com\/index.php\/wp-json\/wp\/v2\/media?parent=17471"}],"wp:term":[{"taxonomy":"category","embeddable":true,"href":"http:\/\/www.jojoenherbe.com\/index.php\/wp-json\/wp\/v2\/categories?post=17471"},{"taxonomy":"post_tag","embeddable":true,"href":"http:\/\/www.jojoenherbe.com\/index.php\/wp-json\/wp\/v2\/tags?post=17471"}],"curies":[{"name":"wp","href":"https:\/\/api.w.org\/{rel}","templated":true}]}}