{"id":17337,"date":"2021-04-14T14:50:28","date_gmt":"2021-04-14T12:50:28","guid":{"rendered":"http:\/\/www.jojoenherbe.com\/?p=17337"},"modified":"2021-06-21T12:30:37","modified_gmt":"2021-06-21T10:30:37","slug":"au-fil-des-pages-avec-le-meilleur-livre-pour-apprendre-a-dessiner-une-vache","status":"publish","type":"post","link":"http:\/\/www.jojoenherbe.com\/index.php\/2021\/04\/14\/au-fil-des-pages-avec-le-meilleur-livre-pour-apprendre-a-dessiner-une-vache\/","title":{"rendered":"Au fil des pages avec Le meilleur livre pour apprendre \u00e0 dessiner une vache"},"content":{"rendered":"<p style=\"text-align: justify;\"><em><a href=\"https:\/\/i0.wp.com\/www.jojoenherbe.com\/wp-content\/uploads\/2021\/04\/Le-meilleur-livre-pour-apprendre-a-dessiner-une-vache-2-scaled.jpg\"><img data-recalc-dims=\"1\" loading=\"lazy\" decoding=\"async\" data-attachment-id=\"17338\" data-permalink=\"http:\/\/www.jojoenherbe.com\/index.php\/2021\/04\/14\/au-fil-des-pages-avec-le-meilleur-livre-pour-apprendre-a-dessiner-une-vache\/le-meilleur-livre-pour-apprendre-a-dessiner-une-vache-2\/\" data-orig-file=\"https:\/\/i0.wp.com\/www.jojoenherbe.com\/wp-content\/uploads\/2021\/04\/Le-meilleur-livre-pour-apprendre-a-dessiner-une-vache-2-scaled.jpg?fit=2560%2C1920\" data-orig-size=\"2560,1920\" data-comments-opened=\"1\" data-image-meta=\"{&quot;aperture&quot;:&quot;1.8&quot;,&quot;credit&quot;:&quot;&quot;,&quot;camera&quot;:&quot;iPhone 7&quot;,&quot;caption&quot;:&quot;&quot;,&quot;created_timestamp&quot;:&quot;1618411316&quot;,&quot;copyright&quot;:&quot;&quot;,&quot;focal_length&quot;:&quot;3.99&quot;,&quot;iso&quot;:&quot;100&quot;,&quot;shutter_speed&quot;:&quot;0.090909090909091&quot;,&quot;title&quot;:&quot;&quot;,&quot;orientation&quot;:&quot;1&quot;}\" data-image-title=\"Le meilleur livre pour apprendre \u00e0 dessiner une vache 2\" data-image-description=\"\" data-image-caption=\"\" data-large-file=\"https:\/\/i0.wp.com\/www.jojoenherbe.com\/wp-content\/uploads\/2021\/04\/Le-meilleur-livre-pour-apprendre-a-dessiner-une-vache-2-scaled.jpg?fit=676%2C507\" class=\"alignleft size-thumbnail wp-image-17338\" src=\"https:\/\/i0.wp.com\/www.jojoenherbe.com\/wp-content\/uploads\/2021\/04\/Le-meilleur-livre-pour-apprendre-a-dessiner-une-vache-2.jpg?resize=150%2C150\" alt=\"\" width=\"150\" height=\"150\" srcset=\"https:\/\/i0.wp.com\/www.jojoenherbe.com\/wp-content\/uploads\/2021\/04\/Le-meilleur-livre-pour-apprendre-a-dessiner-une-vache-2-scaled.jpg?resize=150%2C150 150w, https:\/\/i0.wp.com\/www.jojoenherbe.com\/wp-content\/uploads\/2021\/04\/Le-meilleur-livre-pour-apprendre-a-dessiner-une-vache-2-scaled.jpg?zoom=2&amp;resize=150%2C150 300w, https:\/\/i0.wp.com\/www.jojoenherbe.com\/wp-content\/uploads\/2021\/04\/Le-meilleur-livre-pour-apprendre-a-dessiner-une-vache-2-scaled.jpg?zoom=3&amp;resize=150%2C150 450w\" sizes=\"auto, (max-width: 150px) 100vw, 150px\" \/><\/a> <a href=\"https:\/\/i0.wp.com\/www.jojoenherbe.com\/wp-content\/uploads\/2021\/04\/Le-meilleur-livre-pour-apprendre-a-dessiner-une-vache-3-scaled.jpg\"><img data-recalc-dims=\"1\" loading=\"lazy\" decoding=\"async\" data-attachment-id=\"17339\" data-permalink=\"http:\/\/www.jojoenherbe.com\/index.php\/2021\/04\/14\/au-fil-des-pages-avec-le-meilleur-livre-pour-apprendre-a-dessiner-une-vache\/le-meilleur-livre-pour-apprendre-a-dessiner-une-vache-3\/\" data-orig-file=\"https:\/\/i0.wp.com\/www.jojoenherbe.com\/wp-content\/uploads\/2021\/04\/Le-meilleur-livre-pour-apprendre-a-dessiner-une-vache-3-scaled.jpg?fit=2560%2C1920\" data-orig-size=\"2560,1920\" data-comments-opened=\"1\" data-image-meta=\"{&quot;aperture&quot;:&quot;1.8&quot;,&quot;credit&quot;:&quot;&quot;,&quot;camera&quot;:&quot;iPhone 7&quot;,&quot;caption&quot;:&quot;&quot;,&quot;created_timestamp&quot;:&quot;1618411339&quot;,&quot;copyright&quot;:&quot;&quot;,&quot;focal_length&quot;:&quot;3.99&quot;,&quot;iso&quot;:&quot;100&quot;,&quot;shutter_speed&quot;:&quot;0.071428571428571&quot;,&quot;title&quot;:&quot;&quot;,&quot;orientation&quot;:&quot;1&quot;}\" data-image-title=\"Le meilleur livre pour apprendre \u00e0 dessiner une vache 3\" data-image-description=\"\" data-image-caption=\"\" data-large-file=\"https:\/\/i0.wp.com\/www.jojoenherbe.com\/wp-content\/uploads\/2021\/04\/Le-meilleur-livre-pour-apprendre-a-dessiner-une-vache-3-scaled.jpg?fit=676%2C507\" class=\"alignleft size-thumbnail wp-image-17339\" src=\"https:\/\/i0.wp.com\/www.jojoenherbe.com\/wp-content\/uploads\/2021\/04\/Le-meilleur-livre-pour-apprendre-a-dessiner-une-vache-3.jpg?resize=150%2C150\" alt=\"\" width=\"150\" height=\"150\" srcset=\"https:\/\/i0.wp.com\/www.jojoenherbe.com\/wp-content\/uploads\/2021\/04\/Le-meilleur-livre-pour-apprendre-a-dessiner-une-vache-3-scaled.jpg?resize=150%2C150 150w, https:\/\/i0.wp.com\/www.jojoenherbe.com\/wp-content\/uploads\/2021\/04\/Le-meilleur-livre-pour-apprendre-a-dessiner-une-vache-3-scaled.jpg?zoom=2&amp;resize=150%2C150 300w, https:\/\/i0.wp.com\/www.jojoenherbe.com\/wp-content\/uploads\/2021\/04\/Le-meilleur-livre-pour-apprendre-a-dessiner-une-vache-3-scaled.jpg?zoom=3&amp;resize=150%2C150 450w\" sizes=\"auto, (max-width: 150px) 100vw, 150px\" \/><\/a>Au hasard d&rsquo;un bac de rangement de la m\u00e9diath\u00e8que, mon mini lecteur est tomb\u00e9 sur un livre au petit format allong\u00e9 \u00e0 la dr\u00f4le de couleur verte fluo, au titre \u00e0 rallonge surprenant et s&rsquo;ouvrant par le haut: <span style=\"text-decoration: underline;\">Le meilleur livre pour apprendre \u00e0 dessiner une vache<\/span> d&rsquo;H\u00e9l\u00e8ne Rice et Ronan Badel (\u00e9d. Thierry Magnier, 2014), un album jeunesse \u00e0 partir de 3 ans et qui a fait partie de la s\u00e9lection CP du 27\u00e8me Prix des Incos en 2016. Ni une ni deux, nous l&rsquo;avons emprunt\u00e9 et depuis nous le lisons r\u00e9guli\u00e8rement.<\/em><\/p>\n<p style=\"text-align: justify;\"><em>Est-ce comme le nom du livre l&rsquo;indique un album didactique pour dessiner une vache? Que nenni! Le duo autrice\/illustrateur nous donne deux techniques compl\u00e8tement loufoques pour obtenir un dessin de vache. Au fil de notre lecture, entre crocodile et pissenlit, nous nous demandons m\u00eame s&rsquo;il y aura vraiment une vache dans cette histoire. Certes le texte d\u00e9crit bien les diff\u00e9rentes \u00e9tapes mais les illustrations, simples et expressives, un peu \u00e0 la fa\u00e7on de Quentin Blake, disent bien autre chose. Ce d\u00e9calage est vraiment hilarant jusqu&rsquo;\u00e0 la chute finale. Coup de c\u0153ur pour cet album jeunesse qui \u00e0 d\u00e9faut d&rsquo;\u00eatre un cours de dessin nous rappelle l&rsquo;utilit\u00e9 de la gomme pour dessiner! Fous-rires garantis! <\/em><\/p>\n<div style=\"width: 148px\" class=\"wp-caption aligncenter\"><img loading=\"lazy\" decoding=\"async\" src=\"https:\/\/lh3.googleusercontent.com\/pw\/ACtC-3eIuIHfDCWnQjrbP_Gttnq9qrZJ0sCLWnTR3GjIOIiC54aYp8f1rKz8fy3EJIYJcUrzUv3KnF-YnYTE-vhMmRU8myeq_V_5OYKPelcJ6I4-bD-P1SjmJYevXt0TGhPCpROfcXeg5SJ_4KvwWeBQfvsOWw=w285-h217-no?authuser=1\" alt=\"\" width=\"138\" height=\"105\" \/><p class=\"wp-caption-text\">Challenge Petit Bac d&rsquo;<a href=\"https:\/\/ennalit.wordpress.com\/2020\/12\/01\/challenge-petit-bac-2021-qui-veut-jouer\/\">Enna<\/a> #7 Cat\u00e9gorie Objet: \u00ab\u00a0Livre\u00a0\u00bb<\/p><\/div>\n","protected":false},"excerpt":{"rendered":"<p>Au hasard d&rsquo;un bac de rangement de la m\u00e9diath\u00e8que, mon mini lecteur est tomb\u00e9 sur un livre au petit format allong\u00e9 \u00e0 la dr\u00f4le de couleur verte fluo, au titre \u00e0 rallonge surprenant et s&rsquo;ouvrant par le haut: Le meilleur livre pour apprendre \u00e0 dessiner une vache d&rsquo;H\u00e9l\u00e8ne Rice et Ronan Badel (\u00e9d. Thierry Magnier, [&hellip;]<\/p>\n","protected":false},"author":1,"featured_media":17340,"comment_status":"open","ping_status":"open","sticky":false,"template":"","format":"standard","meta":{"jetpack_post_was_ever_published":false,"_jetpack_newsletter_access":"","_jetpack_dont_email_post_to_subs":false,"_jetpack_newsletter_tier_id":0,"_jetpack_memberships_contains_paywalled_content":false,"_jetpack_memberships_contains_paid_content":false,"footnotes":""},"categories":[363],"tags":[785,409,2018,650,2364,703,2383,538,367,2382,1673,2624,1739,1187],"class_list":["post-17337","post","type-post","status-publish","format-standard","has-post-thumbnail","hentry","category-mini-lecteur","tag-3-6-ans","tag-albums-jeunesse","tag-challenge-petit-bac-2021","tag-crocodile","tag-dessin","tag-garcon","tag-helene-rice","tag-humour","tag-lecture-jeunesse","tag-pissenlit","tag-prix-des-incos","tag-prix-des-incos-2016","tag-ronan-badel","tag-vache","post-preview"],"jetpack_featured_media_url":"https:\/\/i0.wp.com\/www.jojoenherbe.com\/wp-content\/uploads\/2021\/04\/Le-meilleur-livre-pour-apprendre-a-dessiner-une-vache-scaled.jpg?fit=2560%2C1920","jetpack_sharing_enabled":true,"jetpack_shortlink":"https:\/\/wp.me\/p9zhGx-4vD","jetpack_likes_enabled":true,"jetpack-related-posts":[{"id":15866,"url":"http:\/\/www.jojoenherbe.com\/index.php\/2021\/02\/19\/au-fil-des-pages-avec-loup-gris-se-deguise\/","url_meta":{"origin":17337,"position":0},"title":"Au fil des pages avec Loup gris se d\u00e9guise","author":"Jojo","date":"19 f\u00e9vrier 2021","format":false,"excerpt":"Nous empruntons \u00e0 nouveau \u00e0 la m\u00e9diath\u00e8que pour le carnaval Loup gris se d\u00e9guise de Gilles Bizouerne et Ronan Badel (\u00e9d. Didier Jeunesse, 2019), un album jeunesse \u00e0 partir de 5 ans. Loup gris a terriblement faim mais il n'arrive pas \u00e0 chasser la moindre proie. En voyant la technique\u2026","rel":"","context":"Dans &quot;Mini lecteur&quot;","block_context":{"text":"Mini lecteur","link":"http:\/\/www.jojoenherbe.com\/index.php\/category\/mini-lecteur\/"},"img":{"alt_text":"","src":"https:\/\/i0.wp.com\/www.jojoenherbe.com\/wp-content\/uploads\/2021\/02\/Loup-gris-se-deguise-scaled.jpg?fit=1200%2C900&resize=350%2C200","width":350,"height":200,"srcset":"https:\/\/i0.wp.com\/www.jojoenherbe.com\/wp-content\/uploads\/2021\/02\/Loup-gris-se-deguise-scaled.jpg?fit=1200%2C900&resize=350%2C200 1x, https:\/\/i0.wp.com\/www.jojoenherbe.com\/wp-content\/uploads\/2021\/02\/Loup-gris-se-deguise-scaled.jpg?fit=1200%2C900&resize=525%2C300 1.5x, https:\/\/i0.wp.com\/www.jojoenherbe.com\/wp-content\/uploads\/2021\/02\/Loup-gris-se-deguise-scaled.jpg?fit=1200%2C900&resize=700%2C400 2x, https:\/\/i0.wp.com\/www.jojoenherbe.com\/wp-content\/uploads\/2021\/02\/Loup-gris-se-deguise-scaled.jpg?fit=1200%2C900&resize=1050%2C600 3x"},"classes":[]},{"id":12803,"url":"http:\/\/www.jojoenherbe.com\/index.php\/2020\/10\/07\/au-fil-des-pages-avec-plus-gros-que-le-ventre\/","url_meta":{"origin":17337,"position":1},"title":"Au fil des pages avec Plus gros que le ventre","author":"Jojo","date":"7 octobre 2020","format":false,"excerpt":"Nous empruntons \u00e0 la m\u00e9diath\u00e8que Plus gros que le ventre de Micha\u00ebl Escoffier et Amandine Piu (\u00e9d. Frimousse, 2017), un album jeunesse \u00e0 partir de 3 ans et qui a \u00e9t\u00e9 Laur\u00e9at du 30\u00e8me Prix des Incos dans la s\u00e9lection Maternelle en 2019. D\u00e8s l'illustration de la couverture avec un\u2026","rel":"","context":"Dans &quot;Mini lecteur&quot;","block_context":{"text":"Mini lecteur","link":"http:\/\/www.jojoenherbe.com\/index.php\/category\/mini-lecteur\/"},"img":{"alt_text":"","src":"https:\/\/i0.wp.com\/www.jojoenherbe.com\/wp-content\/uploads\/2020\/10\/Plus-gros-que-le-ventre-scaled.jpg?fit=1200%2C900&resize=350%2C200","width":350,"height":200,"srcset":"https:\/\/i0.wp.com\/www.jojoenherbe.com\/wp-content\/uploads\/2020\/10\/Plus-gros-que-le-ventre-scaled.jpg?fit=1200%2C900&resize=350%2C200 1x, https:\/\/i0.wp.com\/www.jojoenherbe.com\/wp-content\/uploads\/2020\/10\/Plus-gros-que-le-ventre-scaled.jpg?fit=1200%2C900&resize=525%2C300 1.5x, https:\/\/i0.wp.com\/www.jojoenherbe.com\/wp-content\/uploads\/2020\/10\/Plus-gros-que-le-ventre-scaled.jpg?fit=1200%2C900&resize=700%2C400 2x, https:\/\/i0.wp.com\/www.jojoenherbe.com\/wp-content\/uploads\/2020\/10\/Plus-gros-que-le-ventre-scaled.jpg?fit=1200%2C900&resize=1050%2C600 3x"},"classes":[]},{"id":12174,"url":"http:\/\/www.jojoenherbe.com\/index.php\/2020\/09\/08\/au-fil-des-pages-les-soeurs-ramdam\/","url_meta":{"origin":17337,"position":2},"title":"Au fil des pages Les S\u0153urs Ramdam","author":"Jojo","date":"8 septembre 2020","format":false,"excerpt":"Nous empruntons \u00e0 la m\u00e9diath\u00e8que Les S\u0153urs Ramdam de Fran\u00e7oise de Guibert et Ronan Badel (\u00e9d. Thierry Magnier, 2015), un album jeunesse \u00e0 partir de 3 ans. \u00c0 Quietcity, deux soeurs, Thelma et Louise, violon et fl\u00fbte \u00e0 la main, sont pleines d\u2019entrain pour jouer. Mais leurs m\u00e9lodies tr\u00e8s discordantes\u2026","rel":"","context":"Dans &quot;Mini lecteur&quot;","block_context":{"text":"Mini lecteur","link":"http:\/\/www.jojoenherbe.com\/index.php\/category\/mini-lecteur\/"},"img":{"alt_text":"","src":"https:\/\/i0.wp.com\/www.jojoenherbe.com\/wp-content\/uploads\/2020\/09\/Les-Soeurs-Ramdam-scaled.jpg?fit=1200%2C835&resize=350%2C200","width":350,"height":200,"srcset":"https:\/\/i0.wp.com\/www.jojoenherbe.com\/wp-content\/uploads\/2020\/09\/Les-Soeurs-Ramdam-scaled.jpg?fit=1200%2C835&resize=350%2C200 1x, https:\/\/i0.wp.com\/www.jojoenherbe.com\/wp-content\/uploads\/2020\/09\/Les-Soeurs-Ramdam-scaled.jpg?fit=1200%2C835&resize=525%2C300 1.5x, https:\/\/i0.wp.com\/www.jojoenherbe.com\/wp-content\/uploads\/2020\/09\/Les-Soeurs-Ramdam-scaled.jpg?fit=1200%2C835&resize=700%2C400 2x, https:\/\/i0.wp.com\/www.jojoenherbe.com\/wp-content\/uploads\/2020\/09\/Les-Soeurs-Ramdam-scaled.jpg?fit=1200%2C835&resize=1050%2C600 3x"},"classes":[]},{"id":17941,"url":"http:\/\/www.jojoenherbe.com\/index.php\/2021\/05\/12\/au-fil-des-pages-avec-le-bon-cote-du-mur\/","url_meta":{"origin":17337,"position":3},"title":"Au fil des pages avec Le bon c\u00f4t\u00e9 du mur","author":"Jojo","date":"12 mai 2021","format":false,"excerpt":"Nous lisons Le bon c\u00f4t\u00e9 du mur de Jon Agee (\u00e9d. Gallimard Jeunesse, 2019), un album jeunesse \u00e0 partir de 3 ans et qui est laur\u00e9at de la s\u00e9lection Maternelle du 32\u00e8me Prix des Incos 2021. Au milieu du livre, il y a un mur. Un petit chevalier est content\u2026","rel":"","context":"Dans &quot;Mini lecteur&quot;","block_context":{"text":"Mini lecteur","link":"http:\/\/www.jojoenherbe.com\/index.php\/category\/mini-lecteur\/"},"img":{"alt_text":"","src":"https:\/\/i0.wp.com\/www.jojoenherbe.com\/wp-content\/uploads\/2021\/05\/Le-bon-cote-du-mur-2-scaled.jpg?fit=1200%2C789&resize=350%2C200","width":350,"height":200,"srcset":"https:\/\/i0.wp.com\/www.jojoenherbe.com\/wp-content\/uploads\/2021\/05\/Le-bon-cote-du-mur-2-scaled.jpg?fit=1200%2C789&resize=350%2C200 1x, https:\/\/i0.wp.com\/www.jojoenherbe.com\/wp-content\/uploads\/2021\/05\/Le-bon-cote-du-mur-2-scaled.jpg?fit=1200%2C789&resize=525%2C300 1.5x, https:\/\/i0.wp.com\/www.jojoenherbe.com\/wp-content\/uploads\/2021\/05\/Le-bon-cote-du-mur-2-scaled.jpg?fit=1200%2C789&resize=700%2C400 2x, https:\/\/i0.wp.com\/www.jojoenherbe.com\/wp-content\/uploads\/2021\/05\/Le-bon-cote-du-mur-2-scaled.jpg?fit=1200%2C789&resize=1050%2C600 3x"},"classes":[]},{"id":9753,"url":"http:\/\/www.jojoenherbe.com\/index.php\/2020\/01\/22\/au-fil-des-pages-avec-pecheur-de-couleurs\/","url_meta":{"origin":17337,"position":4},"title":"Au fil des pages avec P\u00eacheur de couleurs","author":"Jojo","date":"22 janvier 2020","format":false,"excerpt":"Nous lisons, depuis lundi, un album jeunesse emprunt\u00e9 \u00e0 l'\u00e9cole parmi une s\u00e9lection propos\u00e9e par la ma\u00eetresse: P\u00eacheur de couleurs d'\u00c9ric Battut et Michel Piquemal (\u00e9d. Didier Jeunesse, 2003), un album jeunesse \u00e0 partir de 3 ans. Dandine, une vache blanche r\u00eave d'ailleurs et quitte ses verts p\u00e2turages. En compagnie\u2026","rel":"","context":"Dans &quot;Mini lecteur&quot;","block_context":{"text":"Mini lecteur","link":"http:\/\/www.jojoenherbe.com\/index.php\/category\/mini-lecteur\/"},"img":{"alt_text":"","src":"https:\/\/i0.wp.com\/www.jojoenherbe.com\/wp-content\/uploads\/2020\/01\/P%C3%AAcheur-de-couleurs-scaled.jpg?fit=1200%2C936&resize=350%2C200","width":350,"height":200,"srcset":"https:\/\/i0.wp.com\/www.jojoenherbe.com\/wp-content\/uploads\/2020\/01\/P%C3%AAcheur-de-couleurs-scaled.jpg?fit=1200%2C936&resize=350%2C200 1x, https:\/\/i0.wp.com\/www.jojoenherbe.com\/wp-content\/uploads\/2020\/01\/P%C3%AAcheur-de-couleurs-scaled.jpg?fit=1200%2C936&resize=525%2C300 1.5x, https:\/\/i0.wp.com\/www.jojoenherbe.com\/wp-content\/uploads\/2020\/01\/P%C3%AAcheur-de-couleurs-scaled.jpg?fit=1200%2C936&resize=700%2C400 2x, https:\/\/i0.wp.com\/www.jojoenherbe.com\/wp-content\/uploads\/2020\/01\/P%C3%AAcheur-de-couleurs-scaled.jpg?fit=1200%2C936&resize=1050%2C600 3x"},"classes":[]},{"id":17948,"url":"http:\/\/www.jojoenherbe.com\/index.php\/2021\/04\/28\/au-fil-des-pages-avec-laissez-moi-tranquille\/","url_meta":{"origin":17337,"position":5},"title":"Au fil des pages avec Laissez-moi tranquille&#8230;","author":"Jojo","date":"28 avril 2021","format":false,"excerpt":"Nous lisons Laissez-moi tranquille\u2026 de Galia Bernstein (\u00e9d. Nathan Jeunesse, 2019), un album jeunesse \u00e0 partir de 3 ans. Leyla est une jeune femelle babouin faisant partie d\u2019une tr\u00e8s grande famille qui prend soin d\u2019elle mais qui parfois est envahissante. Qu\u2019il lui est difficile de trouver sa place! Il est\u2026","rel":"","context":"Dans &quot;Mini lecteur&quot;","block_context":{"text":"Mini lecteur","link":"http:\/\/www.jojoenherbe.com\/index.php\/category\/mini-lecteur\/"},"img":{"alt_text":"","src":"https:\/\/i0.wp.com\/www.jojoenherbe.com\/wp-content\/uploads\/2021\/04\/Laissez-moi-tranquille...-2-scaled.jpg?fit=1200%2C900&resize=350%2C200","width":350,"height":200,"srcset":"https:\/\/i0.wp.com\/www.jojoenherbe.com\/wp-content\/uploads\/2021\/04\/Laissez-moi-tranquille...-2-scaled.jpg?fit=1200%2C900&resize=350%2C200 1x, https:\/\/i0.wp.com\/www.jojoenherbe.com\/wp-content\/uploads\/2021\/04\/Laissez-moi-tranquille...-2-scaled.jpg?fit=1200%2C900&resize=525%2C300 1.5x, https:\/\/i0.wp.com\/www.jojoenherbe.com\/wp-content\/uploads\/2021\/04\/Laissez-moi-tranquille...-2-scaled.jpg?fit=1200%2C900&resize=700%2C400 2x, https:\/\/i0.wp.com\/www.jojoenherbe.com\/wp-content\/uploads\/2021\/04\/Laissez-moi-tranquille...-2-scaled.jpg?fit=1200%2C900&resize=1050%2C600 3x"},"classes":[]}],"_links":{"self":[{"href":"http:\/\/www.jojoenherbe.com\/index.php\/wp-json\/wp\/v2\/posts\/17337","targetHints":{"allow":["GET"]}}],"collection":[{"href":"http:\/\/www.jojoenherbe.com\/index.php\/wp-json\/wp\/v2\/posts"}],"about":[{"href":"http:\/\/www.jojoenherbe.com\/index.php\/wp-json\/wp\/v2\/types\/post"}],"author":[{"embeddable":true,"href":"http:\/\/www.jojoenherbe.com\/index.php\/wp-json\/wp\/v2\/users\/1"}],"replies":[{"embeddable":true,"href":"http:\/\/www.jojoenherbe.com\/index.php\/wp-json\/wp\/v2\/comments?post=17337"}],"version-history":[{"count":0,"href":"http:\/\/www.jojoenherbe.com\/index.php\/wp-json\/wp\/v2\/posts\/17337\/revisions"}],"wp:featuredmedia":[{"embeddable":true,"href":"http:\/\/www.jojoenherbe.com\/index.php\/wp-json\/wp\/v2\/media\/17340"}],"wp:attachment":[{"href":"http:\/\/www.jojoenherbe.com\/index.php\/wp-json\/wp\/v2\/media?parent=17337"}],"wp:term":[{"taxonomy":"category","embeddable":true,"href":"http:\/\/www.jojoenherbe.com\/index.php\/wp-json\/wp\/v2\/categories?post=17337"},{"taxonomy":"post_tag","embeddable":true,"href":"http:\/\/www.jojoenherbe.com\/index.php\/wp-json\/wp\/v2\/tags?post=17337"}],"curies":[{"name":"wp","href":"https:\/\/api.w.org\/{rel}","templated":true}]}}