{"id":1732,"date":"2009-05-16T22:21:41","date_gmt":"2009-05-16T20:21:41","guid":{"rendered":"http:\/\/www.jojoenherbe.com\/?p=1732"},"modified":"2018-03-08T15:27:23","modified_gmt":"2018-03-08T14:27:23","slug":"sete-et-son-port-de-peche","status":"publish","type":"post","link":"http:\/\/www.jojoenherbe.com\/index.php\/2009\/05\/16\/sete-et-son-port-de-peche\/","title":{"rendered":"S\u00e8te et son port de p\u00eache"},"content":{"rendered":"<p style=\"text-align: justify;\"><em><a href=\"https:\/\/i0.wp.com\/www.jojoenherbe.com\/wp-content\/uploads\/2018\/03\/S%C3%A8te.jpg\"><img data-recalc-dims=\"1\" loading=\"lazy\" decoding=\"async\" data-attachment-id=\"1754\" data-permalink=\"http:\/\/www.jojoenherbe.com\/index.php\/2009\/05\/16\/sete-et-son-port-de-peche\/sete\/\" data-orig-file=\"https:\/\/i0.wp.com\/www.jojoenherbe.com\/wp-content\/uploads\/2018\/03\/S%C3%A8te.jpg?fit=1252%2C2046\" data-orig-size=\"1252,2046\" data-comments-opened=\"1\" data-image-meta=\"{&quot;aperture&quot;:&quot;2.8&quot;,&quot;credit&quot;:&quot;&quot;,&quot;camera&quot;:&quot;DSC-P100&quot;,&quot;caption&quot;:&quot;&quot;,&quot;created_timestamp&quot;:&quot;1241955932&quot;,&quot;copyright&quot;:&quot;&quot;,&quot;focal_length&quot;:&quot;7.9&quot;,&quot;iso&quot;:&quot;100&quot;,&quot;shutter_speed&quot;:&quot;0.0125&quot;,&quot;title&quot;:&quot;&quot;,&quot;orientation&quot;:&quot;0&quot;}\" data-image-title=\"S\u00e8te\" data-image-description=\"\" data-image-caption=\"\" data-large-file=\"https:\/\/i0.wp.com\/www.jojoenherbe.com\/wp-content\/uploads\/2018\/03\/S%C3%A8te.jpg?fit=627%2C1024\" class=\"alignleft size-thumbnail wp-image-1754\" src=\"https:\/\/i0.wp.com\/www.jojoenherbe.com\/wp-content\/uploads\/2018\/03\/S%C3%A8te.jpg?resize=150%2C150\" alt=\"\" width=\"150\" height=\"150\" srcset=\"https:\/\/i0.wp.com\/www.jojoenherbe.com\/wp-content\/uploads\/2018\/03\/S%C3%A8te.jpg?resize=150%2C150 150w, https:\/\/i0.wp.com\/www.jojoenherbe.com\/wp-content\/uploads\/2018\/03\/S%C3%A8te.jpg?zoom=2&amp;resize=150%2C150 300w, https:\/\/i0.wp.com\/www.jojoenherbe.com\/wp-content\/uploads\/2018\/03\/S%C3%A8te.jpg?zoom=3&amp;resize=150%2C150 450w\" sizes=\"auto, (max-width: 150px) 100vw, 150px\" \/><\/a><\/em><\/p>\n<div id=\"attachment_1745\" style=\"width: 160px\" class=\"wp-caption alignleft\"><a href=\"https:\/\/i0.wp.com\/www.jojoenherbe.com\/wp-content\/uploads\/2018\/03\/Eglise-Saint-Joseph.jpg\"><img data-recalc-dims=\"1\" loading=\"lazy\" decoding=\"async\" aria-describedby=\"caption-attachment-1745\" data-attachment-id=\"1745\" data-permalink=\"http:\/\/www.jojoenherbe.com\/index.php\/2009\/05\/16\/sete-et-son-port-de-peche\/eglise-saint-joseph\/\" data-orig-file=\"https:\/\/i0.wp.com\/www.jojoenherbe.com\/wp-content\/uploads\/2018\/03\/Eglise-Saint-Joseph.jpg?fit=1065%2C1161\" data-orig-size=\"1065,1161\" data-comments-opened=\"1\" data-image-meta=\"{&quot;aperture&quot;:&quot;5.6&quot;,&quot;credit&quot;:&quot;&quot;,&quot;camera&quot;:&quot;DSC-P100&quot;,&quot;caption&quot;:&quot;&quot;,&quot;created_timestamp&quot;:&quot;1241956012&quot;,&quot;copyright&quot;:&quot;&quot;,&quot;focal_length&quot;:&quot;7.9&quot;,&quot;iso&quot;:&quot;100&quot;,&quot;shutter_speed&quot;:&quot;0.00625&quot;,&quot;title&quot;:&quot;&quot;,&quot;orientation&quot;:&quot;0&quot;}\" data-image-title=\"Eglise Saint-Joseph\" data-image-description=\"\" data-image-caption=\"&lt;p&gt;Eglise Saint-Joseph&lt;\/p&gt;\n\" data-large-file=\"https:\/\/i0.wp.com\/www.jojoenherbe.com\/wp-content\/uploads\/2018\/03\/Eglise-Saint-Joseph.jpg?fit=676%2C737\" class=\"size-thumbnail wp-image-1745\" src=\"https:\/\/i0.wp.com\/www.jojoenherbe.com\/wp-content\/uploads\/2018\/03\/Eglise-Saint-Joseph.jpg?resize=150%2C150\" alt=\"\" width=\"150\" height=\"150\" srcset=\"https:\/\/i0.wp.com\/www.jojoenherbe.com\/wp-content\/uploads\/2018\/03\/Eglise-Saint-Joseph.jpg?resize=150%2C150 150w, https:\/\/i0.wp.com\/www.jojoenherbe.com\/wp-content\/uploads\/2018\/03\/Eglise-Saint-Joseph.jpg?zoom=2&amp;resize=150%2C150 300w, https:\/\/i0.wp.com\/www.jojoenherbe.com\/wp-content\/uploads\/2018\/03\/Eglise-Saint-Joseph.jpg?zoom=3&amp;resize=150%2C150 450w\" sizes=\"auto, (max-width: 150px) 100vw, 150px\" \/><\/a><p id=\"caption-attachment-1745\" class=\"wp-caption-text\">Eglise Saint-Joseph<\/p><\/div>\n<div id=\"attachment_1747\" style=\"width: 160px\" class=\"wp-caption alignleft\"><a href=\"https:\/\/i0.wp.com\/www.jojoenherbe.com\/wp-content\/uploads\/2018\/03\/La-D%C3%A9canale-de-Saint-Louis.jpg\"><img data-recalc-dims=\"1\" loading=\"lazy\" decoding=\"async\" aria-describedby=\"caption-attachment-1747\" data-attachment-id=\"1747\" data-permalink=\"http:\/\/www.jojoenherbe.com\/index.php\/2009\/05\/16\/sete-et-son-port-de-peche\/la-decanale-de-saint-louis\/\" data-orig-file=\"https:\/\/i0.wp.com\/www.jojoenherbe.com\/wp-content\/uploads\/2018\/03\/La-D%C3%A9canale-de-Saint-Louis.jpg?fit=1536%2C1831\" data-orig-size=\"1536,1831\" data-comments-opened=\"1\" data-image-meta=\"{&quot;aperture&quot;:&quot;5.6&quot;,&quot;credit&quot;:&quot;&quot;,&quot;camera&quot;:&quot;DSC-P100&quot;,&quot;caption&quot;:&quot;&quot;,&quot;created_timestamp&quot;:&quot;1241959160&quot;,&quot;copyright&quot;:&quot;&quot;,&quot;focal_length&quot;:&quot;7.9&quot;,&quot;iso&quot;:&quot;100&quot;,&quot;shutter_speed&quot;:&quot;0.003125&quot;,&quot;title&quot;:&quot;&quot;,&quot;orientation&quot;:&quot;0&quot;}\" data-image-title=\"La D\u00e9canale de Saint-Louis\" data-image-description=\"\" data-image-caption=\"&lt;p&gt;La D\u00e9canale de Saint-Louis&lt;\/p&gt;\n\" data-large-file=\"https:\/\/i0.wp.com\/www.jojoenherbe.com\/wp-content\/uploads\/2018\/03\/La-D%C3%A9canale-de-Saint-Louis.jpg?fit=676%2C806\" class=\"size-thumbnail wp-image-1747\" src=\"https:\/\/i0.wp.com\/www.jojoenherbe.com\/wp-content\/uploads\/2018\/03\/La-D%C3%A9canale-de-Saint-Louis.jpg?resize=150%2C150\" alt=\"\" width=\"150\" height=\"150\" srcset=\"https:\/\/i0.wp.com\/www.jojoenherbe.com\/wp-content\/uploads\/2018\/03\/La-D%C3%A9canale-de-Saint-Louis.jpg?resize=150%2C150 150w, https:\/\/i0.wp.com\/www.jojoenherbe.com\/wp-content\/uploads\/2018\/03\/La-D%C3%A9canale-de-Saint-Louis.jpg?zoom=2&amp;resize=150%2C150 300w, https:\/\/i0.wp.com\/www.jojoenherbe.com\/wp-content\/uploads\/2018\/03\/La-D%C3%A9canale-de-Saint-Louis.jpg?zoom=3&amp;resize=150%2C150 450w\" sizes=\"auto, (max-width: 150px) 100vw, 150px\" \/><\/a><p id=\"caption-attachment-1747\" class=\"wp-caption-text\">La D\u00e9canale de Saint-Louis<\/p><\/div>\n<p style=\"text-align: justify;\"><em>Ce 10 mai 2009, nous nous rendons \u00e0 S\u00e8te et y arrivons en fin de matin\u00e9e. Mais le temps se g\u00e2te soudainement. Malgr\u00e9 la pluie fine et le vent, nous montons au sommet du Mont Saint-Clair, \u00e0 183 m\u00e8tres d&rsquo;altitude. Au d\u00e9tour d&rsquo;une rue, au niveau de l\u2019\u00c9glise Saint-Joseph, nous voyons une pratique existant \u00e9galement dans le Vieux-Nice: des paires de chaussures sont suspendues sur les c\u00e2bles \u00e9lectriques.<br \/>\n<\/em><\/p>\n<div id=\"attachment_1752\" style=\"width: 160px\" class=\"wp-caption alignright\"><a href=\"https:\/\/i0.wp.com\/www.jojoenherbe.com\/wp-content\/uploads\/2018\/03\/Panorama-Mont-Saint-Clair.jpg\"><img data-recalc-dims=\"1\" loading=\"lazy\" decoding=\"async\" aria-describedby=\"caption-attachment-1752\" data-attachment-id=\"1752\" data-permalink=\"http:\/\/www.jojoenherbe.com\/index.php\/2009\/05\/16\/sete-et-son-port-de-peche\/panorama-mont-saint-clair\/\" data-orig-file=\"https:\/\/i0.wp.com\/www.jojoenherbe.com\/wp-content\/uploads\/2018\/03\/Panorama-Mont-Saint-Clair.jpg?fit=2048%2C1243\" data-orig-size=\"2048,1243\" data-comments-opened=\"1\" data-image-meta=\"{&quot;aperture&quot;:&quot;5.6&quot;,&quot;credit&quot;:&quot;&quot;,&quot;camera&quot;:&quot;DSC-P100&quot;,&quot;caption&quot;:&quot;&quot;,&quot;created_timestamp&quot;:&quot;1241957288&quot;,&quot;copyright&quot;:&quot;&quot;,&quot;focal_length&quot;:&quot;7.9&quot;,&quot;iso&quot;:&quot;100&quot;,&quot;shutter_speed&quot;:&quot;0.0125&quot;,&quot;title&quot;:&quot;&quot;,&quot;orientation&quot;:&quot;1&quot;}\" data-image-title=\"Panorama Mont Saint-Clair\" data-image-description=\"\" data-image-caption=\"&lt;p&gt;Panorama Mont Saint-Clair&lt;\/p&gt;\n\" data-large-file=\"https:\/\/i0.wp.com\/www.jojoenherbe.com\/wp-content\/uploads\/2018\/03\/Panorama-Mont-Saint-Clair.jpg?fit=676%2C411\" class=\"wp-image-1752 size-thumbnail\" src=\"https:\/\/i0.wp.com\/www.jojoenherbe.com\/wp-content\/uploads\/2018\/03\/Panorama-Mont-Saint-Clair.jpg?resize=150%2C150\" alt=\"\" width=\"150\" height=\"150\" srcset=\"https:\/\/i0.wp.com\/www.jojoenherbe.com\/wp-content\/uploads\/2018\/03\/Panorama-Mont-Saint-Clair.jpg?resize=150%2C150 150w, https:\/\/i0.wp.com\/www.jojoenherbe.com\/wp-content\/uploads\/2018\/03\/Panorama-Mont-Saint-Clair.jpg?zoom=2&amp;resize=150%2C150 300w, https:\/\/i0.wp.com\/www.jojoenherbe.com\/wp-content\/uploads\/2018\/03\/Panorama-Mont-Saint-Clair.jpg?zoom=3&amp;resize=150%2C150 450w\" sizes=\"auto, (max-width: 150px) 100vw, 150px\" \/><\/a><p id=\"caption-attachment-1752\" class=\"wp-caption-text\">Panorama du Mont Saint-Clair<\/p><\/div>\n<p style=\"text-align: justify;\"><em><a href=\"https:\/\/i0.wp.com\/www.jojoenherbe.com\/wp-content\/uploads\/2018\/03\/Panorama-Mont-Saint-Clair-3.jpg\"><img data-recalc-dims=\"1\" loading=\"lazy\" decoding=\"async\" data-attachment-id=\"1751\" data-permalink=\"http:\/\/www.jojoenherbe.com\/index.php\/2009\/05\/16\/sete-et-son-port-de-peche\/panorama-mont-saint-clair-3\/\" data-orig-file=\"https:\/\/i0.wp.com\/www.jojoenherbe.com\/wp-content\/uploads\/2018\/03\/Panorama-Mont-Saint-Clair-3.jpg?fit=2048%2C954\" data-orig-size=\"2048,954\" data-comments-opened=\"1\" data-image-meta=\"{&quot;aperture&quot;:&quot;5.6&quot;,&quot;credit&quot;:&quot;&quot;,&quot;camera&quot;:&quot;DSC-P100&quot;,&quot;caption&quot;:&quot;&quot;,&quot;created_timestamp&quot;:&quot;1241957308&quot;,&quot;copyright&quot;:&quot;&quot;,&quot;focal_length&quot;:&quot;7.9&quot;,&quot;iso&quot;:&quot;100&quot;,&quot;shutter_speed&quot;:&quot;0.01&quot;,&quot;title&quot;:&quot;&quot;,&quot;orientation&quot;:&quot;1&quot;}\" data-image-title=\"Panorama Mont Saint-Clair\" data-image-description=\"\" data-image-caption=\"\" data-large-file=\"https:\/\/i0.wp.com\/www.jojoenherbe.com\/wp-content\/uploads\/2018\/03\/Panorama-Mont-Saint-Clair-3.jpg?fit=676%2C315\" class=\"size-thumbnail wp-image-1751 alignright\" src=\"https:\/\/i0.wp.com\/www.jojoenherbe.com\/wp-content\/uploads\/2018\/03\/Panorama-Mont-Saint-Clair-3.jpg?resize=150%2C150\" alt=\"\" width=\"150\" height=\"150\" srcset=\"https:\/\/i0.wp.com\/www.jojoenherbe.com\/wp-content\/uploads\/2018\/03\/Panorama-Mont-Saint-Clair-3.jpg?resize=150%2C150 150w, https:\/\/i0.wp.com\/www.jojoenherbe.com\/wp-content\/uploads\/2018\/03\/Panorama-Mont-Saint-Clair-3.jpg?zoom=2&amp;resize=150%2C150 300w, https:\/\/i0.wp.com\/www.jojoenherbe.com\/wp-content\/uploads\/2018\/03\/Panorama-Mont-Saint-Clair-3.jpg?zoom=3&amp;resize=150%2C150 450w\" sizes=\"auto, (max-width: 150px) 100vw, 150px\" \/><\/a> <a href=\"https:\/\/i0.wp.com\/www.jojoenherbe.com\/wp-content\/uploads\/2018\/03\/Panorama-Mont-Saint-Clair-2.jpg\"><img data-recalc-dims=\"1\" loading=\"lazy\" decoding=\"async\" data-attachment-id=\"1750\" data-permalink=\"http:\/\/www.jojoenherbe.com\/index.php\/2009\/05\/16\/sete-et-son-port-de-peche\/panorama-mont-saint-clair-2\/\" data-orig-file=\"https:\/\/i0.wp.com\/www.jojoenherbe.com\/wp-content\/uploads\/2018\/03\/Panorama-Mont-Saint-Clair-2.jpg?fit=2048%2C1103\" data-orig-size=\"2048,1103\" data-comments-opened=\"1\" data-image-meta=\"{&quot;aperture&quot;:&quot;5.6&quot;,&quot;credit&quot;:&quot;&quot;,&quot;camera&quot;:&quot;DSC-P100&quot;,&quot;caption&quot;:&quot;&quot;,&quot;created_timestamp&quot;:&quot;1241957293&quot;,&quot;copyright&quot;:&quot;&quot;,&quot;focal_length&quot;:&quot;7.9&quot;,&quot;iso&quot;:&quot;100&quot;,&quot;shutter_speed&quot;:&quot;0.01&quot;,&quot;title&quot;:&quot;&quot;,&quot;orientation&quot;:&quot;1&quot;}\" data-image-title=\"Panorama Mont Saint-Clair\" data-image-description=\"\" data-image-caption=\"\" data-large-file=\"https:\/\/i0.wp.com\/www.jojoenherbe.com\/wp-content\/uploads\/2018\/03\/Panorama-Mont-Saint-Clair-2.jpg?fit=676%2C364\" class=\"size-thumbnail wp-image-1750 alignright\" src=\"https:\/\/i0.wp.com\/www.jojoenherbe.com\/wp-content\/uploads\/2018\/03\/Panorama-Mont-Saint-Clair-2.jpg?resize=150%2C150\" alt=\"\" width=\"150\" height=\"150\" srcset=\"https:\/\/i0.wp.com\/www.jojoenherbe.com\/wp-content\/uploads\/2018\/03\/Panorama-Mont-Saint-Clair-2.jpg?resize=150%2C150 150w, https:\/\/i0.wp.com\/www.jojoenherbe.com\/wp-content\/uploads\/2018\/03\/Panorama-Mont-Saint-Clair-2.jpg?zoom=2&amp;resize=150%2C150 300w, https:\/\/i0.wp.com\/www.jojoenherbe.com\/wp-content\/uploads\/2018\/03\/Panorama-Mont-Saint-Clair-2.jpg?zoom=3&amp;resize=150%2C150 450w\" sizes=\"auto, (max-width: 150px) 100vw, 150px\" \/><\/a>Malgr\u00e9 la grisaille, nous avons une jolie vue au niveau du Panoramique des Pierres Blanches. En effet, nous avons une vue plongeante sur S\u00e8te, la Mer m\u00e9diterran\u00e9e, les canaux et l&rsquo;\u00e9tang de Thau. La commune porte bien son nom de \u00ab\u00a0Venise du Languedoc\u00a0\u00bb.<br \/>\n<\/em><\/p>\n<div id=\"attachment_1744\" style=\"width: 160px\" class=\"wp-caption alignleft\"><a href=\"https:\/\/i0.wp.com\/www.jojoenherbe.com\/wp-content\/uploads\/2018\/03\/Chapelle-Notre-Dame-de-la-Salette.jpg\"><img data-recalc-dims=\"1\" loading=\"lazy\" decoding=\"async\" aria-describedby=\"caption-attachment-1744\" data-attachment-id=\"1744\" data-permalink=\"http:\/\/www.jojoenherbe.com\/index.php\/2009\/05\/16\/sete-et-son-port-de-peche\/chapelle-notre-dame-de-la-salette\/\" data-orig-file=\"https:\/\/i0.wp.com\/www.jojoenherbe.com\/wp-content\/uploads\/2018\/03\/Chapelle-Notre-Dame-de-la-Salette.jpg?fit=1238%2C1741\" data-orig-size=\"1238,1741\" data-comments-opened=\"1\" data-image-meta=\"{&quot;aperture&quot;:&quot;5.6&quot;,&quot;credit&quot;:&quot;&quot;,&quot;camera&quot;:&quot;DSC-P100&quot;,&quot;caption&quot;:&quot;&quot;,&quot;created_timestamp&quot;:&quot;1241957234&quot;,&quot;copyright&quot;:&quot;&quot;,&quot;focal_length&quot;:&quot;7.9&quot;,&quot;iso&quot;:&quot;100&quot;,&quot;shutter_speed&quot;:&quot;0.0125&quot;,&quot;title&quot;:&quot;&quot;,&quot;orientation&quot;:&quot;0&quot;}\" data-image-title=\"Chapelle Notre Dame de la Salette\" data-image-description=\"\" data-image-caption=\"&lt;p&gt;Chapelle Notre Dame de la Salette&lt;\/p&gt;\n\" data-large-file=\"https:\/\/i0.wp.com\/www.jojoenherbe.com\/wp-content\/uploads\/2018\/03\/Chapelle-Notre-Dame-de-la-Salette.jpg?fit=676%2C951\" class=\"size-thumbnail wp-image-1744\" src=\"https:\/\/i0.wp.com\/www.jojoenherbe.com\/wp-content\/uploads\/2018\/03\/Chapelle-Notre-Dame-de-la-Salette.jpg?resize=150%2C150\" alt=\"\" width=\"150\" height=\"150\" srcset=\"https:\/\/i0.wp.com\/www.jojoenherbe.com\/wp-content\/uploads\/2018\/03\/Chapelle-Notre-Dame-de-la-Salette.jpg?resize=150%2C150 150w, https:\/\/i0.wp.com\/www.jojoenherbe.com\/wp-content\/uploads\/2018\/03\/Chapelle-Notre-Dame-de-la-Salette.jpg?zoom=2&amp;resize=150%2C150 300w, https:\/\/i0.wp.com\/www.jojoenherbe.com\/wp-content\/uploads\/2018\/03\/Chapelle-Notre-Dame-de-la-Salette.jpg?zoom=3&amp;resize=150%2C150 450w\" sizes=\"auto, (max-width: 150px) 100vw, 150px\" \/><\/a><p id=\"caption-attachment-1744\" class=\"wp-caption-text\">Chapelle Notre Dame de la Salette<\/p><\/div>\n<p style=\"text-align: justify;\"><em><a href=\"https:\/\/i0.wp.com\/www.jojoenherbe.com\/wp-content\/uploads\/2018\/03\/Chapelle-Notre-Dame-de-la-Salette-4.jpg\"><img data-recalc-dims=\"1\" loading=\"lazy\" decoding=\"async\" data-attachment-id=\"1743\" data-permalink=\"http:\/\/www.jojoenherbe.com\/index.php\/2009\/05\/16\/sete-et-son-port-de-peche\/chapelle-notre-dame-de-la-salette-4\/\" data-orig-file=\"https:\/\/i0.wp.com\/www.jojoenherbe.com\/wp-content\/uploads\/2018\/03\/Chapelle-Notre-Dame-de-la-Salette-4.jpg?fit=2048%2C1536\" data-orig-size=\"2048,1536\" data-comments-opened=\"1\" data-image-meta=\"{&quot;aperture&quot;:&quot;2.8&quot;,&quot;credit&quot;:&quot;&quot;,&quot;camera&quot;:&quot;DSC-P100&quot;,&quot;caption&quot;:&quot;&quot;,&quot;created_timestamp&quot;:&quot;1241957796&quot;,&quot;copyright&quot;:&quot;&quot;,&quot;focal_length&quot;:&quot;7.9&quot;,&quot;iso&quot;:&quot;320&quot;,&quot;shutter_speed&quot;:&quot;0.125&quot;,&quot;title&quot;:&quot;&quot;,&quot;orientation&quot;:&quot;1&quot;}\" data-image-title=\"Chapelle Notre Dame de la Salette\" data-image-description=\"\" data-image-caption=\"\" data-large-file=\"https:\/\/i0.wp.com\/www.jojoenherbe.com\/wp-content\/uploads\/2018\/03\/Chapelle-Notre-Dame-de-la-Salette-4.jpg?fit=676%2C507\" class=\"alignleft size-thumbnail wp-image-1743\" src=\"https:\/\/i0.wp.com\/www.jojoenherbe.com\/wp-content\/uploads\/2018\/03\/Chapelle-Notre-Dame-de-la-Salette-4.jpg?resize=150%2C150\" alt=\"\" width=\"150\" height=\"150\" srcset=\"https:\/\/i0.wp.com\/www.jojoenherbe.com\/wp-content\/uploads\/2018\/03\/Chapelle-Notre-Dame-de-la-Salette-4.jpg?resize=150%2C150 150w, https:\/\/i0.wp.com\/www.jojoenherbe.com\/wp-content\/uploads\/2018\/03\/Chapelle-Notre-Dame-de-la-Salette-4.jpg?zoom=2&amp;resize=150%2C150 300w, https:\/\/i0.wp.com\/www.jojoenherbe.com\/wp-content\/uploads\/2018\/03\/Chapelle-Notre-Dame-de-la-Salette-4.jpg?zoom=3&amp;resize=150%2C150 450w\" sizes=\"auto, (max-width: 150px) 100vw, 150px\" \/><\/a>Nous visitons ensuite la Chapelle Notre Dame de la Salette datant de la fin du XIXe si\u00e8cle et ses jolies fresques.<br \/>\n<\/em><\/p>\n<div id=\"attachment_1755\" style=\"width: 160px\" class=\"wp-caption alignright\"><a href=\"https:\/\/i0.wp.com\/www.jojoenherbe.com\/wp-content\/uploads\/2018\/03\/Th%C3%A9%C3%A2tre-de-la-Mer.jpg\"><img data-recalc-dims=\"1\" loading=\"lazy\" decoding=\"async\" aria-describedby=\"caption-attachment-1755\" data-attachment-id=\"1755\" data-permalink=\"http:\/\/www.jojoenherbe.com\/index.php\/2009\/05\/16\/sete-et-son-port-de-peche\/theatre-de-la-mer\/\" data-orig-file=\"https:\/\/i0.wp.com\/www.jojoenherbe.com\/wp-content\/uploads\/2018\/03\/Th%C3%A9%C3%A2tre-de-la-Mer.jpg?fit=1536%2C1814\" data-orig-size=\"1536,1814\" data-comments-opened=\"1\" data-image-meta=\"{&quot;aperture&quot;:&quot;5.6&quot;,&quot;credit&quot;:&quot;&quot;,&quot;camera&quot;:&quot;DSC-P100&quot;,&quot;caption&quot;:&quot;&quot;,&quot;created_timestamp&quot;:&quot;1241964338&quot;,&quot;copyright&quot;:&quot;&quot;,&quot;focal_length&quot;:&quot;7.9&quot;,&quot;iso&quot;:&quot;100&quot;,&quot;shutter_speed&quot;:&quot;0.00125&quot;,&quot;title&quot;:&quot;&quot;,&quot;orientation&quot;:&quot;0&quot;}\" data-image-title=\"Th\u00e9\u00e2tre de la Mer\" data-image-description=\"\" data-image-caption=\"&lt;p&gt;Th\u00e9\u00e2tre de la Mer&lt;\/p&gt;\n\" data-large-file=\"https:\/\/i0.wp.com\/www.jojoenherbe.com\/wp-content\/uploads\/2018\/03\/Th%C3%A9%C3%A2tre-de-la-Mer.jpg?fit=676%2C798\" class=\"size-thumbnail wp-image-1755\" src=\"https:\/\/i0.wp.com\/www.jojoenherbe.com\/wp-content\/uploads\/2018\/03\/Th%C3%A9%C3%A2tre-de-la-Mer.jpg?resize=150%2C150\" alt=\"\" width=\"150\" height=\"150\" srcset=\"https:\/\/i0.wp.com\/www.jojoenherbe.com\/wp-content\/uploads\/2018\/03\/Th%C3%A9%C3%A2tre-de-la-Mer.jpg?resize=150%2C150 150w, https:\/\/i0.wp.com\/www.jojoenherbe.com\/wp-content\/uploads\/2018\/03\/Th%C3%A9%C3%A2tre-de-la-Mer.jpg?zoom=2&amp;resize=150%2C150 300w, https:\/\/i0.wp.com\/www.jojoenherbe.com\/wp-content\/uploads\/2018\/03\/Th%C3%A9%C3%A2tre-de-la-Mer.jpg?zoom=3&amp;resize=150%2C150 450w\" sizes=\"auto, (max-width: 150px) 100vw, 150px\" \/><\/a><p id=\"caption-attachment-1755\" class=\"wp-caption-text\">Th\u00e9\u00e2tre de la Mer<\/p><\/div>\n<div id=\"attachment_1746\" style=\"width: 160px\" class=\"wp-caption alignright\"><a href=\"https:\/\/i0.wp.com\/www.jojoenherbe.com\/wp-content\/uploads\/2018\/03\/Fort-Richelieu.jpg\"><img data-recalc-dims=\"1\" loading=\"lazy\" decoding=\"async\" aria-describedby=\"caption-attachment-1746\" data-attachment-id=\"1746\" data-permalink=\"http:\/\/www.jojoenherbe.com\/index.php\/2009\/05\/16\/sete-et-son-port-de-peche\/fort-richelieu\/\" data-orig-file=\"https:\/\/i0.wp.com\/www.jojoenherbe.com\/wp-content\/uploads\/2018\/03\/Fort-Richelieu.jpg?fit=2044%2C1342\" data-orig-size=\"2044,1342\" data-comments-opened=\"1\" data-image-meta=\"{&quot;aperture&quot;:&quot;6.3&quot;,&quot;credit&quot;:&quot;&quot;,&quot;camera&quot;:&quot;DSC-P100&quot;,&quot;caption&quot;:&quot;&quot;,&quot;created_timestamp&quot;:&quot;1241965143&quot;,&quot;copyright&quot;:&quot;&quot;,&quot;focal_length&quot;:&quot;10.7&quot;,&quot;iso&quot;:&quot;100&quot;,&quot;shutter_speed&quot;:&quot;0.002&quot;,&quot;title&quot;:&quot;&quot;,&quot;orientation&quot;:&quot;1&quot;}\" data-image-title=\"Fort Richelieu\" data-image-description=\"\" data-image-caption=\"&lt;p&gt;Fort Richelieu&lt;\/p&gt;\n\" data-large-file=\"https:\/\/i0.wp.com\/www.jojoenherbe.com\/wp-content\/uploads\/2018\/03\/Fort-Richelieu.jpg?fit=676%2C444\" class=\"size-thumbnail wp-image-1746\" src=\"https:\/\/i0.wp.com\/www.jojoenherbe.com\/wp-content\/uploads\/2018\/03\/Fort-Richelieu.jpg?resize=150%2C150\" alt=\"\" width=\"150\" height=\"150\" srcset=\"https:\/\/i0.wp.com\/www.jojoenherbe.com\/wp-content\/uploads\/2018\/03\/Fort-Richelieu.jpg?resize=150%2C150 150w, https:\/\/i0.wp.com\/www.jojoenherbe.com\/wp-content\/uploads\/2018\/03\/Fort-Richelieu.jpg?zoom=2&amp;resize=150%2C150 300w, https:\/\/i0.wp.com\/www.jojoenherbe.com\/wp-content\/uploads\/2018\/03\/Fort-Richelieu.jpg?zoom=3&amp;resize=150%2C150 450w\" sizes=\"auto, (max-width: 150px) 100vw, 150px\" \/><\/a><p id=\"caption-attachment-1746\" class=\"wp-caption-text\">Fort Richelieu<\/p><\/div>\n<p style=\"text-align: justify;\"><em>Puis nous redescendons vers le port de p\u00eache et faisons une pause d\u00e9jeuner dans un des restaurants du port avec au menu une paella de la mer. <\/em><em>Nous repartons en longeant le bord de mer. Nous passons devant le Th\u00e9\u00e2tre de la Mer, ancien fort, le cimeti\u00e8re marin dans lequel est enterr\u00e9 Paul Val\u00e9ry, le Fort Richelieu&#8230; Dans le cimeti\u00e8re Le Py, se trouve la tombe de Georges Brassens.<br \/>\n<\/em><\/p>\n<div id=\"attachment_1749\" style=\"width: 160px\" class=\"wp-caption alignleft\"><a href=\"https:\/\/i0.wp.com\/www.jojoenherbe.com\/wp-content\/uploads\/2018\/03\/MIAM-S%C3%A8te.jpg\"><img data-recalc-dims=\"1\" loading=\"lazy\" decoding=\"async\" aria-describedby=\"caption-attachment-1749\" data-attachment-id=\"1749\" data-permalink=\"http:\/\/www.jojoenherbe.com\/index.php\/2009\/05\/16\/sete-et-son-port-de-peche\/miam-sete\/\" data-orig-file=\"https:\/\/i0.wp.com\/www.jojoenherbe.com\/wp-content\/uploads\/2018\/03\/MIAM-S%C3%A8te.jpg?fit=2048%2C1536\" data-orig-size=\"2048,1536\" data-comments-opened=\"1\" data-image-meta=\"{&quot;aperture&quot;:&quot;2.8&quot;,&quot;credit&quot;:&quot;&quot;,&quot;camera&quot;:&quot;DSC-P100&quot;,&quot;caption&quot;:&quot;&quot;,&quot;created_timestamp&quot;:&quot;1241966677&quot;,&quot;copyright&quot;:&quot;&quot;,&quot;focal_length&quot;:&quot;7.9&quot;,&quot;iso&quot;:&quot;100&quot;,&quot;shutter_speed&quot;:&quot;0.066666666666667&quot;,&quot;title&quot;:&quot;&quot;,&quot;orientation&quot;:&quot;1&quot;}\" data-image-title=\"MIAM &amp;#8211; S\u00e8te\" data-image-description=\"\" data-image-caption=\"&lt;p&gt;MIAM &amp;#8211; S\u00e8te&lt;\/p&gt;\n\" data-large-file=\"https:\/\/i0.wp.com\/www.jojoenherbe.com\/wp-content\/uploads\/2018\/03\/MIAM-S%C3%A8te.jpg?fit=676%2C507\" class=\"size-thumbnail wp-image-1749\" src=\"https:\/\/i0.wp.com\/www.jojoenherbe.com\/wp-content\/uploads\/2018\/03\/MIAM-S%C3%A8te.jpg?resize=150%2C150\" alt=\"\" width=\"150\" height=\"150\" srcset=\"https:\/\/i0.wp.com\/www.jojoenherbe.com\/wp-content\/uploads\/2018\/03\/MIAM-S%C3%A8te.jpg?resize=150%2C150 150w, https:\/\/i0.wp.com\/www.jojoenherbe.com\/wp-content\/uploads\/2018\/03\/MIAM-S%C3%A8te.jpg?zoom=2&amp;resize=150%2C150 300w, https:\/\/i0.wp.com\/www.jojoenherbe.com\/wp-content\/uploads\/2018\/03\/MIAM-S%C3%A8te.jpg?zoom=3&amp;resize=150%2C150 450w\" sizes=\"auto, (max-width: 150px) 100vw, 150px\" \/><\/a><p id=\"caption-attachment-1749\" class=\"wp-caption-text\">MIAM &#8211; S\u00e8te<\/p><\/div>\n<p style=\"text-align: justify;\"><em>Nous finissons cette journ\u00e9e par le Mus\u00e9e International des Arts Modestes (MIAM). Dans le mus\u00e9e, nous pouvons regarder de nombreuses \u0153uvres d&rsquo;art pour le moins color\u00e9es et parfois tr\u00e8s enfantines : peintures, sculptures, planches de bandes dessin\u00e9es, anciens jouets&#8230;<br \/>\n<\/em><\/p>\n<p><iframe loading=\"lazy\" style=\"border: 0;\" src=\"https:\/\/www.google.com\/maps\/embed?pb=!1m18!1m12!1m3!1d185596.80609173252!2d3.502147864852184!3d43.3780675137554!2m3!1f0!2f0!3f0!3m2!1i1024!2i768!4f13.1!3m3!1m2!1s0x12b13596502ec76b%3A0x9a6fe1f736276602!2s34200+S%C3%A8te!5e0!3m2!1sfr!2sfr!4v1520519213655\" width=\"400\" height=\"300\" frameborder=\"0\" allowfullscreen=\"allowfullscreen\"><\/iframe><\/p>\n","protected":false},"excerpt":{"rendered":"<p>Ce 10 mai 2009, nous nous rendons \u00e0 S\u00e8te et y arrivons en fin de matin\u00e9e. Mais le temps se g\u00e2te soudainement. Malgr\u00e9 la pluie fine et le vent, nous montons au sommet du Mont Saint-Clair, \u00e0 183 m\u00e8tres d&rsquo;altitude. Au d\u00e9tour d&rsquo;une rue, au niveau de l\u2019\u00c9glise Saint-Joseph, nous voyons une pratique existant \u00e9galement [&hellip;]<\/p>\n","protected":false},"author":1,"featured_media":1753,"comment_status":"open","ping_status":"open","sticky":false,"template":"","format":"standard","meta":{"jetpack_post_was_ever_published":false,"_jetpack_newsletter_access":"","_jetpack_dont_email_post_to_subs":false,"_jetpack_newsletter_tier_id":0,"_jetpack_memberships_contains_paywalled_content":false,"_jetpack_memberships_contains_paid_content":false,"footnotes":""},"categories":[128],"tags":[68,132,142,165,141,164,163],"class_list":["post-1732","post","type-post","status-publish","format-standard","has-post-thumbnail","hentry","category-mini-baladeur","tag-eglises","tag-forts","tag-herault","tag-miam","tag-occitanie","tag-ports","tag-sete","post-preview"],"jetpack_featured_media_url":"https:\/\/i0.wp.com\/www.jojoenherbe.com\/wp-content\/uploads\/2018\/03\/Port-de-S%C3%A8te.jpg?fit=2048%2C1338","jetpack_sharing_enabled":true,"jetpack_shortlink":"https:\/\/wp.me\/p9zhGx-rW","jetpack_likes_enabled":true,"jetpack-related-posts":[{"id":1448,"url":"http:\/\/www.jojoenherbe.com\/index.php\/2009\/05\/15\/gignac\/","url_meta":{"origin":1732,"position":0},"title":"Gignac","author":"Jojo","date":"15 mai 2009","format":false,"excerpt":"Ce 9 mai 2009, en fin d'apr\u00e8s-midi, nous partons de Saint-Guilhem-le-D\u00e9sert pour nous rendre \u00e0 Gignac, \u00e0 un peu plus de 10 kilom\u00e8tres de l\u00e0. Avant d'arriver dans la commune, nous faisons une pause pour regarder de plus pr\u00e8s le Pont de Gignac. Comme indiqu\u00e9 sur la plaque appos\u00e9e sur\u2026","rel":"","context":"Dans &quot;Mini baladeur&quot;","block_context":{"text":"Mini baladeur","link":"http:\/\/www.jojoenherbe.com\/index.php\/category\/mini-crapahuteur\/mini-baladeur\/"},"img":{"alt_text":"","src":"https:\/\/i0.wp.com\/www.jojoenherbe.com\/wp-content\/uploads\/2018\/02\/Pont-de-Gignac-2.jpg?fit=1200%2C900&resize=350%2C200","width":350,"height":200,"srcset":"https:\/\/i0.wp.com\/www.jojoenherbe.com\/wp-content\/uploads\/2018\/02\/Pont-de-Gignac-2.jpg?fit=1200%2C900&resize=350%2C200 1x, https:\/\/i0.wp.com\/www.jojoenherbe.com\/wp-content\/uploads\/2018\/02\/Pont-de-Gignac-2.jpg?fit=1200%2C900&resize=525%2C300 1.5x, https:\/\/i0.wp.com\/www.jojoenherbe.com\/wp-content\/uploads\/2018\/02\/Pont-de-Gignac-2.jpg?fit=1200%2C900&resize=700%2C400 2x, https:\/\/i0.wp.com\/www.jojoenherbe.com\/wp-content\/uploads\/2018\/02\/Pont-de-Gignac-2.jpg?fit=1200%2C900&resize=1050%2C600 3x"},"classes":[]},{"id":1671,"url":"http:\/\/www.jojoenherbe.com\/index.php\/2009\/05\/15\/balade-a-saint-guilhem-le-desert\/","url_meta":{"origin":1732,"position":1},"title":"Balade \u00e0 Saint-Guilhem-le-D\u00e9sert","author":"Jojo","date":"15 mai 2009","format":false,"excerpt":"Ce 9 mai 2009, nous allons \u00e0 Saint-Guilhem-le-D\u00e9sert, situ\u00e9\u00a0 \u00e0 une trentaine de kilom\u00e8tres de Montpellier. Nous nous garons sur le parking en contrebas de la commune et suivons le ruisseau Verdus qui nous offre une jolie petite cascade. La for\u00eat avoisinante est remplie de pins noirs, les pins de\u2026","rel":"","context":"Dans &quot;Mini baladeur&quot;","block_context":{"text":"Mini baladeur","link":"http:\/\/www.jojoenherbe.com\/index.php\/category\/mini-crapahuteur\/mini-baladeur\/"},"img":{"alt_text":"","src":"https:\/\/i0.wp.com\/www.jojoenherbe.com\/wp-content\/uploads\/2009\/05\/Saint-Guilhem-le-D%C3%A9sert-5.jpg?fit=1200%2C900&resize=350%2C200","width":350,"height":200,"srcset":"https:\/\/i0.wp.com\/www.jojoenherbe.com\/wp-content\/uploads\/2009\/05\/Saint-Guilhem-le-D%C3%A9sert-5.jpg?fit=1200%2C900&resize=350%2C200 1x, https:\/\/i0.wp.com\/www.jojoenherbe.com\/wp-content\/uploads\/2009\/05\/Saint-Guilhem-le-D%C3%A9sert-5.jpg?fit=1200%2C900&resize=525%2C300 1.5x, https:\/\/i0.wp.com\/www.jojoenherbe.com\/wp-content\/uploads\/2009\/05\/Saint-Guilhem-le-D%C3%A9sert-5.jpg?fit=1200%2C900&resize=700%2C400 2x, https:\/\/i0.wp.com\/www.jojoenherbe.com\/wp-content\/uploads\/2009\/05\/Saint-Guilhem-le-D%C3%A9sert-5.jpg?fit=1200%2C900&resize=1050%2C600 3x"},"classes":[]},{"id":839,"url":"http:\/\/www.jojoenherbe.com\/index.php\/2006\/12\/28\/la-pierre-druidique-de-saint-vallier-de-thiey\/","url_meta":{"origin":1732,"position":2},"title":"La pierre druidique de Saint-Vallier-de-Thiey","author":"Jojo","date":"28 d\u00e9cembre 2006","format":false,"excerpt":"Ce 26 d\u00e9cembre 2006, nous nous rendons \u00e0 Saint-Vallier-de-Thiey pour voir la pierre druidique. Nous nous garons dans la commune et marchons en direction de la chapelle Saint-Pons. Un peu plus loin sur la droite, l'avenue S\u00e9verine : un panneau indique \"Pierre druidique\" (balise n\u00b046). Nous suivons le balisage jaune.\u2026","rel":"","context":"Dans &quot;Mini randonneur&quot;","block_context":{"text":"Mini randonneur","link":"http:\/\/www.jojoenherbe.com\/index.php\/category\/mini-crapahuteur\/mini-randonneur\/"},"img":{"alt_text":"","src":"https:\/\/i0.wp.com\/www.jojoenherbe.com\/wp-content\/uploads\/2006\/12\/Saint-Vallier-de-Thiey-pierre-druidique-3.jpg?fit=900%2C1200&resize=350%2C200","width":350,"height":200,"srcset":"https:\/\/i0.wp.com\/www.jojoenherbe.com\/wp-content\/uploads\/2006\/12\/Saint-Vallier-de-Thiey-pierre-druidique-3.jpg?fit=900%2C1200&resize=350%2C200 1x, https:\/\/i0.wp.com\/www.jojoenherbe.com\/wp-content\/uploads\/2006\/12\/Saint-Vallier-de-Thiey-pierre-druidique-3.jpg?fit=900%2C1200&resize=525%2C300 1.5x, https:\/\/i0.wp.com\/www.jojoenherbe.com\/wp-content\/uploads\/2006\/12\/Saint-Vallier-de-Thiey-pierre-druidique-3.jpg?fit=900%2C1200&resize=700%2C400 2x"},"classes":[]},{"id":849,"url":"http:\/\/www.jojoenherbe.com\/index.php\/2006\/12\/28\/randonnee-au-col-du-pilon-saint-vallier-de-thiey\/","url_meta":{"origin":1732,"position":3},"title":"Randonn\u00e9e au Col du Pilon &#8211; Saint-Vallier-de-Thiey","author":"Jojo","date":"28 d\u00e9cembre 2006","format":false,"excerpt":"Nous quittons Saint-Vallier-de-Thiey en direction de Grasse et garons la voiture, quelques kilom\u00e8tres plus loin au Col du Pilon, au niveau de la balise n\u00b056 pour d\u00e9buter notre randonn\u00e9e en direction du Castellaras de la Malle. Le sentier forestier est assez raide et tr\u00e8s caillouteux. Nous faisons attention \u00e0 ne\u2026","rel":"","context":"Dans &quot;Mini randonneur&quot;","block_context":{"text":"Mini randonneur","link":"http:\/\/www.jojoenherbe.com\/index.php\/category\/mini-crapahuteur\/mini-randonneur\/"},"img":{"alt_text":"","src":"https:\/\/i0.wp.com\/www.jojoenherbe.com\/wp-content\/uploads\/2006\/12\/Sentier-forestier-2.jpg?fit=1200%2C900&resize=350%2C200","width":350,"height":200,"srcset":"https:\/\/i0.wp.com\/www.jojoenherbe.com\/wp-content\/uploads\/2006\/12\/Sentier-forestier-2.jpg?fit=1200%2C900&resize=350%2C200 1x, https:\/\/i0.wp.com\/www.jojoenherbe.com\/wp-content\/uploads\/2006\/12\/Sentier-forestier-2.jpg?fit=1200%2C900&resize=525%2C300 1.5x, https:\/\/i0.wp.com\/www.jojoenherbe.com\/wp-content\/uploads\/2006\/12\/Sentier-forestier-2.jpg?fit=1200%2C900&resize=700%2C400 2x, https:\/\/i0.wp.com\/www.jojoenherbe.com\/wp-content\/uploads\/2006\/12\/Sentier-forestier-2.jpg?fit=1200%2C900&resize=1050%2C600 3x"},"classes":[]},{"id":1766,"url":"http:\/\/www.jojoenherbe.com\/index.php\/2006\/10\/05\/le-baou-de-saint-jeannet\/","url_meta":{"origin":1732,"position":4},"title":"Le Baou de Saint-Jeannet","author":"Jojo","date":"5 octobre 2006","format":false,"excerpt":"Ce 1er octobre 2006, nous partons entre amis, en tout d\u00e9but d'apr\u00e8s-midi, \u00e0 Saint-Jeannet visiter le village et monter au sommet du Baou. Une fois la voiture gar\u00e9e sur le parking \u00e0 l'entr\u00e9e du village, nous commen\u00e7ons par d\u00e9ambuler dans les ruelles du village jusqu'\u00e0 la rue du Baou. Nous\u2026","rel":"","context":"Dans &quot;Mini randonneur&quot;","block_context":{"text":"Mini randonneur","link":"http:\/\/www.jojoenherbe.com\/index.php\/category\/mini-crapahuteur\/mini-randonneur\/"},"img":{"alt_text":"","src":"https:\/\/i0.wp.com\/www.jojoenherbe.com\/wp-content\/uploads\/2006\/10\/Baou-de-Saint-Jeannet-2.jpg?fit=1200%2C900&resize=350%2C200","width":350,"height":200,"srcset":"https:\/\/i0.wp.com\/www.jojoenherbe.com\/wp-content\/uploads\/2006\/10\/Baou-de-Saint-Jeannet-2.jpg?fit=1200%2C900&resize=350%2C200 1x, https:\/\/i0.wp.com\/www.jojoenherbe.com\/wp-content\/uploads\/2006\/10\/Baou-de-Saint-Jeannet-2.jpg?fit=1200%2C900&resize=525%2C300 1.5x, https:\/\/i0.wp.com\/www.jojoenherbe.com\/wp-content\/uploads\/2006\/10\/Baou-de-Saint-Jeannet-2.jpg?fit=1200%2C900&resize=700%2C400 2x, https:\/\/i0.wp.com\/www.jojoenherbe.com\/wp-content\/uploads\/2006\/10\/Baou-de-Saint-Jeannet-2.jpg?fit=1200%2C900&resize=1050%2C600 3x"},"classes":[]},{"id":2391,"url":"http:\/\/www.jojoenherbe.com\/index.php\/2007\/05\/23\/balade-autour-du-lac-de-castillon-a-saint-julien-du-verdon\/","url_meta":{"origin":1732,"position":5},"title":"Balade autour du lac de Castillon \u00e0 Saint-Julien-du-Verdon","author":"Jojo","date":"23 mai 2007","format":false,"excerpt":"Ce 20 mai 2007, nous nous rendons \u00e0 Saint-Julien-du-Verdon et plus exactement \u00e0 sa base nautique et ses plages qui sont situ\u00e9es sur la rive gauche du lac de Castillon. Ce lac est un des lacs artificiels du Verdon, en amont du lac de Sainte-Croix. Il existe depuis la cr\u00e9ation\u2026","rel":"","context":"Dans &quot;Mini baladeur&quot;","block_context":{"text":"Mini baladeur","link":"http:\/\/www.jojoenherbe.com\/index.php\/category\/mini-crapahuteur\/mini-baladeur\/"},"img":{"alt_text":"","src":"https:\/\/i0.wp.com\/www.jojoenherbe.com\/wp-content\/uploads\/2018\/04\/Lac-de-Castillon-Saint-Julien-du-Verdon.jpg?fit=1200%2C900&resize=350%2C200","width":350,"height":200,"srcset":"https:\/\/i0.wp.com\/www.jojoenherbe.com\/wp-content\/uploads\/2018\/04\/Lac-de-Castillon-Saint-Julien-du-Verdon.jpg?fit=1200%2C900&resize=350%2C200 1x, https:\/\/i0.wp.com\/www.jojoenherbe.com\/wp-content\/uploads\/2018\/04\/Lac-de-Castillon-Saint-Julien-du-Verdon.jpg?fit=1200%2C900&resize=525%2C300 1.5x, https:\/\/i0.wp.com\/www.jojoenherbe.com\/wp-content\/uploads\/2018\/04\/Lac-de-Castillon-Saint-Julien-du-Verdon.jpg?fit=1200%2C900&resize=700%2C400 2x, https:\/\/i0.wp.com\/www.jojoenherbe.com\/wp-content\/uploads\/2018\/04\/Lac-de-Castillon-Saint-Julien-du-Verdon.jpg?fit=1200%2C900&resize=1050%2C600 3x"},"classes":[]}],"_links":{"self":[{"href":"http:\/\/www.jojoenherbe.com\/index.php\/wp-json\/wp\/v2\/posts\/1732","targetHints":{"allow":["GET"]}}],"collection":[{"href":"http:\/\/www.jojoenherbe.com\/index.php\/wp-json\/wp\/v2\/posts"}],"about":[{"href":"http:\/\/www.jojoenherbe.com\/index.php\/wp-json\/wp\/v2\/types\/post"}],"author":[{"embeddable":true,"href":"http:\/\/www.jojoenherbe.com\/index.php\/wp-json\/wp\/v2\/users\/1"}],"replies":[{"embeddable":true,"href":"http:\/\/www.jojoenherbe.com\/index.php\/wp-json\/wp\/v2\/comments?post=1732"}],"version-history":[{"count":0,"href":"http:\/\/www.jojoenherbe.com\/index.php\/wp-json\/wp\/v2\/posts\/1732\/revisions"}],"wp:featuredmedia":[{"embeddable":true,"href":"http:\/\/www.jojoenherbe.com\/index.php\/wp-json\/wp\/v2\/media\/1753"}],"wp:attachment":[{"href":"http:\/\/www.jojoenherbe.com\/index.php\/wp-json\/wp\/v2\/media?parent=1732"}],"wp:term":[{"taxonomy":"category","embeddable":true,"href":"http:\/\/www.jojoenherbe.com\/index.php\/wp-json\/wp\/v2\/categories?post=1732"},{"taxonomy":"post_tag","embeddable":true,"href":"http:\/\/www.jojoenherbe.com\/index.php\/wp-json\/wp\/v2\/tags?post=1732"}],"curies":[{"name":"wp","href":"https:\/\/api.w.org\/{rel}","templated":true}]}}