{"id":16983,"date":"2021-04-04T07:00:00","date_gmt":"2021-04-04T05:00:00","guid":{"rendered":"http:\/\/www.jojoenherbe.com\/?p=16983"},"modified":"2021-04-03T21:07:29","modified_gmt":"2021-04-03T19:07:29","slug":"au-fil-des-pages-avec-tu-rentres-quand","status":"publish","type":"post","link":"http:\/\/www.jojoenherbe.com\/index.php\/2021\/04\/04\/au-fil-des-pages-avec-tu-rentres-quand\/","title":{"rendered":"Au fil des pages avec Tu rentres quand?"},"content":{"rendered":"<p style=\"text-align: justify;\"><em><a href=\"https:\/\/i0.wp.com\/www.jojoenherbe.com\/wp-content\/uploads\/2021\/04\/Tu-rentres-quand-5-scaled.jpg\"><img data-recalc-dims=\"1\" loading=\"lazy\" decoding=\"async\" data-attachment-id=\"17032\" data-permalink=\"http:\/\/www.jojoenherbe.com\/index.php\/2021\/04\/04\/au-fil-des-pages-avec-tu-rentres-quand\/tu-rentres-quand-5\/\" data-orig-file=\"https:\/\/i0.wp.com\/www.jojoenherbe.com\/wp-content\/uploads\/2021\/04\/Tu-rentres-quand-5-scaled.jpg?fit=2560%2C1981\" data-orig-size=\"2560,1981\" data-comments-opened=\"1\" data-image-meta=\"{&quot;aperture&quot;:&quot;1.8&quot;,&quot;credit&quot;:&quot;&quot;,&quot;camera&quot;:&quot;iPhone 7&quot;,&quot;caption&quot;:&quot;&quot;,&quot;created_timestamp&quot;:&quot;1617473279&quot;,&quot;copyright&quot;:&quot;&quot;,&quot;focal_length&quot;:&quot;3.99&quot;,&quot;iso&quot;:&quot;80&quot;,&quot;shutter_speed&quot;:&quot;0.2&quot;,&quot;title&quot;:&quot;&quot;,&quot;orientation&quot;:&quot;1&quot;}\" data-image-title=\"Tu rentres quand 5\" data-image-description=\"\" data-image-caption=\"\" data-large-file=\"https:\/\/i0.wp.com\/www.jojoenherbe.com\/wp-content\/uploads\/2021\/04\/Tu-rentres-quand-5-scaled.jpg?fit=676%2C524\" class=\"alignleft wp-image-17032 size-thumbnail\" src=\"https:\/\/i0.wp.com\/www.jojoenherbe.com\/wp-content\/uploads\/2021\/04\/Tu-rentres-quand-5.jpg?resize=150%2C150\" alt=\"\" width=\"150\" height=\"150\" srcset=\"https:\/\/i0.wp.com\/www.jojoenherbe.com\/wp-content\/uploads\/2021\/04\/Tu-rentres-quand-5-scaled.jpg?resize=150%2C150 150w, https:\/\/i0.wp.com\/www.jojoenherbe.com\/wp-content\/uploads\/2021\/04\/Tu-rentres-quand-5-scaled.jpg?zoom=2&amp;resize=150%2C150 300w, https:\/\/i0.wp.com\/www.jojoenherbe.com\/wp-content\/uploads\/2021\/04\/Tu-rentres-quand-5-scaled.jpg?zoom=3&amp;resize=150%2C150 450w\" sizes=\"auto, (max-width: 150px) 100vw, 150px\" \/><\/a> <a href=\"https:\/\/i0.wp.com\/www.jojoenherbe.com\/wp-content\/uploads\/2021\/04\/Tu-rentres-quand-4-scaled.jpg\"><img data-recalc-dims=\"1\" loading=\"lazy\" decoding=\"async\" data-attachment-id=\"17031\" data-permalink=\"http:\/\/www.jojoenherbe.com\/index.php\/2021\/04\/04\/au-fil-des-pages-avec-tu-rentres-quand\/tu-rentres-quand-4\/\" data-orig-file=\"https:\/\/i0.wp.com\/www.jojoenherbe.com\/wp-content\/uploads\/2021\/04\/Tu-rentres-quand-4-scaled.jpg?fit=1920%2C2560\" data-orig-size=\"1920,2560\" data-comments-opened=\"1\" data-image-meta=\"{&quot;aperture&quot;:&quot;1.8&quot;,&quot;credit&quot;:&quot;&quot;,&quot;camera&quot;:&quot;iPhone 7&quot;,&quot;caption&quot;:&quot;&quot;,&quot;created_timestamp&quot;:&quot;1617473355&quot;,&quot;copyright&quot;:&quot;&quot;,&quot;focal_length&quot;:&quot;3.99&quot;,&quot;iso&quot;:&quot;100&quot;,&quot;shutter_speed&quot;:&quot;0.090909090909091&quot;,&quot;title&quot;:&quot;&quot;,&quot;orientation&quot;:&quot;1&quot;}\" data-image-title=\"Tu rentres quand 4\" data-image-description=\"\" data-image-caption=\"\" data-large-file=\"https:\/\/i0.wp.com\/www.jojoenherbe.com\/wp-content\/uploads\/2021\/04\/Tu-rentres-quand-4-scaled.jpg?fit=676%2C901\" class=\"alignleft size-thumbnail wp-image-17031\" src=\"https:\/\/i0.wp.com\/www.jojoenherbe.com\/wp-content\/uploads\/2021\/04\/Tu-rentres-quand-4.jpg?resize=150%2C150\" alt=\"\" width=\"150\" height=\"150\" srcset=\"https:\/\/i0.wp.com\/www.jojoenherbe.com\/wp-content\/uploads\/2021\/04\/Tu-rentres-quand-4-scaled.jpg?resize=150%2C150 150w, https:\/\/i0.wp.com\/www.jojoenherbe.com\/wp-content\/uploads\/2021\/04\/Tu-rentres-quand-4-scaled.jpg?zoom=2&amp;resize=150%2C150 300w, https:\/\/i0.wp.com\/www.jojoenherbe.com\/wp-content\/uploads\/2021\/04\/Tu-rentres-quand-4-scaled.jpg?zoom=3&amp;resize=150%2C150 450w\" sizes=\"auto, (max-width: 150px) 100vw, 150px\" \/><\/a>En ce 4 avril 2021, journ\u00e9e \u00ab\u00a0Gourmandises\/livre gourmand\u00a0\u00bb d&rsquo;Un Mois au Japon, j&rsquo;ai choisi une de nos derni\u00e8res lectures: <span style=\"text-decoration: underline;\">Tu rentres quand?<\/span> de Nagako Suzuki(\u00e9d. Nobi Nobi!, 2018), un album jeunesse \u00e0 partir de 3 ans. Apr\u00e8s avoir pr\u00e9par\u00e9 un g\u00e2teau d\u2019anniversaire pour son p\u00e8re, No\u00e9mie, une petite fille attend avec impatience son retour. Mais l&rsquo;attente est longue pour la petite fille. Guettant le moindre bruit qui pourrait annoncer le retour de son p\u00e8re, elle ne peut toutefois pas r\u00e9sister \u00e0 la tentation de go\u00fbter le g\u00e2teau au potiron. Trouvera-t-elle des subterfuges pour cacher les petits bouts manquants du g\u00e2teau?<\/em><\/p>\n<p style=\"text-align: justify;\"><em><a href=\"https:\/\/i0.wp.com\/www.jojoenherbe.com\/wp-content\/uploads\/2021\/04\/Tu-rentres-quand-3-scaled.jpg\"><img data-recalc-dims=\"1\" loading=\"lazy\" decoding=\"async\" data-attachment-id=\"17030\" data-permalink=\"http:\/\/www.jojoenherbe.com\/index.php\/2021\/04\/04\/au-fil-des-pages-avec-tu-rentres-quand\/tu-rentres-quand-3\/\" data-orig-file=\"https:\/\/i0.wp.com\/www.jojoenherbe.com\/wp-content\/uploads\/2021\/04\/Tu-rentres-quand-3-scaled.jpg?fit=1920%2C2560\" data-orig-size=\"1920,2560\" data-comments-opened=\"1\" data-image-meta=\"{&quot;aperture&quot;:&quot;1.8&quot;,&quot;credit&quot;:&quot;&quot;,&quot;camera&quot;:&quot;iPhone 7&quot;,&quot;caption&quot;:&quot;&quot;,&quot;created_timestamp&quot;:&quot;1617473338&quot;,&quot;copyright&quot;:&quot;&quot;,&quot;focal_length&quot;:&quot;3.99&quot;,&quot;iso&quot;:&quot;100&quot;,&quot;shutter_speed&quot;:&quot;0.058823529411765&quot;,&quot;title&quot;:&quot;&quot;,&quot;orientation&quot;:&quot;1&quot;}\" data-image-title=\"Tu rentres quand 3\" data-image-description=\"\" data-image-caption=\"\" data-large-file=\"https:\/\/i0.wp.com\/www.jojoenherbe.com\/wp-content\/uploads\/2021\/04\/Tu-rentres-quand-3-scaled.jpg?fit=676%2C901\" class=\"size-thumbnail wp-image-17030 alignright\" src=\"https:\/\/i0.wp.com\/www.jojoenherbe.com\/wp-content\/uploads\/2021\/04\/Tu-rentres-quand-3.jpg?resize=150%2C150\" alt=\"\" width=\"150\" height=\"150\" srcset=\"https:\/\/i0.wp.com\/www.jojoenherbe.com\/wp-content\/uploads\/2021\/04\/Tu-rentres-quand-3-scaled.jpg?resize=150%2C150 150w, https:\/\/i0.wp.com\/www.jojoenherbe.com\/wp-content\/uploads\/2021\/04\/Tu-rentres-quand-3-scaled.jpg?zoom=2&amp;resize=150%2C150 300w, https:\/\/i0.wp.com\/www.jojoenherbe.com\/wp-content\/uploads\/2021\/04\/Tu-rentres-quand-3-scaled.jpg?zoom=3&amp;resize=150%2C150 450w\" sizes=\"auto, (max-width: 150px) 100vw, 150px\" \/><\/a> <a href=\"https:\/\/i0.wp.com\/www.jojoenherbe.com\/wp-content\/uploads\/2021\/04\/Tu-rentres-quand-2-scaled.jpg\"><img data-recalc-dims=\"1\" loading=\"lazy\" decoding=\"async\" data-attachment-id=\"17029\" data-permalink=\"http:\/\/www.jojoenherbe.com\/index.php\/2021\/04\/04\/au-fil-des-pages-avec-tu-rentres-quand\/tu-rentres-quand-2\/\" data-orig-file=\"https:\/\/i0.wp.com\/www.jojoenherbe.com\/wp-content\/uploads\/2021\/04\/Tu-rentres-quand-2-scaled.jpg?fit=2560%2C1920\" data-orig-size=\"2560,1920\" data-comments-opened=\"1\" data-image-meta=\"{&quot;aperture&quot;:&quot;1.8&quot;,&quot;credit&quot;:&quot;&quot;,&quot;camera&quot;:&quot;iPhone 7&quot;,&quot;caption&quot;:&quot;&quot;,&quot;created_timestamp&quot;:&quot;1617473315&quot;,&quot;copyright&quot;:&quot;&quot;,&quot;focal_length&quot;:&quot;3.99&quot;,&quot;iso&quot;:&quot;80&quot;,&quot;shutter_speed&quot;:&quot;0.2&quot;,&quot;title&quot;:&quot;&quot;,&quot;orientation&quot;:&quot;1&quot;}\" data-image-title=\"Tu rentres quand 2\" data-image-description=\"\" data-image-caption=\"\" data-large-file=\"https:\/\/i0.wp.com\/www.jojoenherbe.com\/wp-content\/uploads\/2021\/04\/Tu-rentres-quand-2-scaled.jpg?fit=676%2C507\" class=\"size-thumbnail wp-image-17029 alignright\" src=\"https:\/\/i0.wp.com\/www.jojoenherbe.com\/wp-content\/uploads\/2021\/04\/Tu-rentres-quand-2.jpg?resize=150%2C150\" alt=\"\" width=\"150\" height=\"150\" srcset=\"https:\/\/i0.wp.com\/www.jojoenherbe.com\/wp-content\/uploads\/2021\/04\/Tu-rentres-quand-2-scaled.jpg?resize=150%2C150 150w, https:\/\/i0.wp.com\/www.jojoenherbe.com\/wp-content\/uploads\/2021\/04\/Tu-rentres-quand-2-scaled.jpg?zoom=2&amp;resize=150%2C150 300w, https:\/\/i0.wp.com\/www.jojoenherbe.com\/wp-content\/uploads\/2021\/04\/Tu-rentres-quand-2-scaled.jpg?zoom=3&amp;resize=150%2C150 450w\" sizes=\"auto, (max-width: 150px) 100vw, 150px\" \/><\/a>L\u2019histoire est toute mignonne et se d\u00e9roule lors d&rsquo;une journ\u00e9e de fin d&rsquo;automne. Il y est question du difficile apprentissage de la patience chez le tout-petit ainsi que d&rsquo;amour filial. Les illustrations aux jolies couleurs automnales sont douces et retranscrivent les \u00e9motions ressenties par le petite fille au visage tr\u00e8s expressif. Nous ressentons l&rsquo;envie de la petite fille de retrouver son p\u00e8re tout comme son plaisir \u00e0 prendre quelques bouch\u00e9es du g\u00e2teau. <\/em><em>Coup de c\u0153ur pour cet album jeunesse que nous emprunterons \u00e0 nouveau \u00e0 l&rsquo;automne prochain!<\/em><\/p>\n<p style=\"text-align: justify;\"><em>Apr\u00e8s la premi\u00e8re lecture de cet album, mon mini lutin a eu envie de faire un g\u00e2teau aux yaourts \u00e0 son p\u00e8re, ce que nous avons fait le lendemain, apr\u00e8s l&rsquo;\u00e9cole, apr\u00e8s avoir achet\u00e9 les yaourts nature. Une bien jolie surprise pour son p\u00e8re au retour de son travail comme dans l&rsquo;histoire! Mais contrairement \u00e0 la petite fille, nous avons r\u00e9sist\u00e9 \u00e0 la tentation de le grignoter. Mais pas suffisamment pour prendre une photo du g\u00e2teau entier&#8230;<\/em><\/p>\n<div style=\"width: 146px\" class=\"wp-caption alignleft\"><img loading=\"lazy\" decoding=\"async\" class=\"attachment-post-image  wp-post-image\" src=\"https:\/\/i2.wp.com\/www.jojoenherbe.com\/wp-content\/uploads\/2021\/03\/logo-Un-mois-au-Japon-2021.jpeg?fit=676%2C676\" sizes=\"auto, (max-width: 676px) 100vw, 676px\" srcset=\"https:\/\/i2.wp.com\/www.jojoenherbe.com\/wp-content\/uploads\/2021\/03\/logo-Un-mois-au-Japon-2021.jpeg?w=1108 1108w, https:\/\/i2.wp.com\/www.jojoenherbe.com\/wp-content\/uploads\/2021\/03\/logo-Un-mois-au-Japon-2021.jpeg?resize=300%2C300 300w, https:\/\/i2.wp.com\/www.jojoenherbe.com\/wp-content\/uploads\/2021\/03\/logo-Un-mois-au-Japon-2021.jpeg?resize=1024%2C1024 1024w, https:\/\/i2.wp.com\/www.jojoenherbe.com\/wp-content\/uploads\/2021\/03\/logo-Un-mois-au-Japon-2021.jpeg?resize=150%2C150 150w, https:\/\/i2.wp.com\/www.jojoenherbe.com\/wp-content\/uploads\/2021\/03\/logo-Un-mois-au-Japon-2021.jpeg?resize=768%2C768 768w, https:\/\/i2.wp.com\/www.jojoenherbe.com\/wp-content\/uploads\/2021\/03\/logo-Un-mois-au-Japon-2021.jpeg?resize=676%2C676 676w\" alt=\"\" width=\"136\" height=\"136\" data-attachment-id=\"16886\" data-permalink=\"http:\/\/www.jojoenherbe.com\/?attachment_id=16886\" data-orig-file=\"https:\/\/i2.wp.com\/www.jojoenherbe.com\/wp-content\/uploads\/2021\/03\/logo-Un-mois-au-Japon-2021.jpeg?fit=1108%2C1108\" data-orig-size=\"1108,1108\" data-comments-opened=\"1\" data-image-meta=\"{&quot;aperture&quot;:&quot;0&quot;,&quot;credit&quot;:&quot;&quot;,&quot;camera&quot;:&quot;&quot;,&quot;caption&quot;:&quot;&quot;,&quot;created_timestamp&quot;:&quot;0&quot;,&quot;copyright&quot;:&quot;&quot;,&quot;focal_length&quot;:&quot;0&quot;,&quot;iso&quot;:&quot;0&quot;,&quot;shutter_speed&quot;:&quot;0&quot;,&quot;title&quot;:&quot;&quot;,&quot;orientation&quot;:&quot;0&quot;}\" data-image-title=\"logo Un mois au Japon 2021\" data-image-description=\"\" data-medium-file=\"https:\/\/i2.wp.com\/www.jojoenherbe.com\/wp-content\/uploads\/2021\/03\/logo-Un-mois-au-Japon-2021.jpeg?fit=300%2C300\" data-large-file=\"https:\/\/i2.wp.com\/www.jojoenherbe.com\/wp-content\/uploads\/2021\/03\/logo-Un-mois-au-Japon-2021.jpeg?fit=676%2C676\" \/><p class=\"wp-caption-text\">Participation #4 Un mois au Japon 2021 de <a href=\"https:\/\/lelivroblog.wordpress.com\/2021\/03\/30\/challenge-un-mois-au-japon-2021\/\">Hilde<\/a> et <a href=\"http:\/\/www.myloubook.com\/2021\/03\/30\/un-mois-au-japon-2021-4e-edition\/\">Lou<\/a> #Gourmandises\/Livre gourmand<\/p><\/div>\n<div style=\"width: 156px\" class=\"wp-caption alignleft\"><img data-recalc-dims=\"1\" loading=\"lazy\" decoding=\"async\" class=\"nonealign widthoriginal\" src=\"https:\/\/i0.wp.com\/p4.storage.canalblog.com\/40\/68\/1394281\/128273873.png?resize=146%2C105&#038;ssl=1\" alt=\"\" width=\"146\" height=\"105\" border=\"0\" \/><p class=\"wp-caption-text\">Participation #38 Challenge Des livres (et des \u00e9crans) en cuisine de <a href=\"https:\/\/mapetitemediatheque.fr\/2020\/12\/des-livres-et-des-ecrans-en-cuisine-2021\/\">Bidib<\/a> et <a href=\"http:\/\/croquerlespages.canalblog.com\/archives\/2020\/12\/20\/38715076.html\">Fondant<\/a> #G\u00e2teau au potiron<\/p><\/div>\n<div style=\"width: 160px\" class=\"wp-caption alignleft\"><img loading=\"lazy\" decoding=\"async\" class=\"attachment-boston-list-medium  wp-post-image\" src=\"https:\/\/i0.wp.com\/avenuereinemathilde.com\/wp-content\/uploads\/2020\/12\/Challenge-femmes-auteures_paysage-720x380.jpg?resize=203%2C107&amp;ssl=1\" alt=\"challenge 2021 lire au f\u00e9minin\" width=\"150\" height=\"79\" data-recalc-dims=\"1\" \/><p class=\"wp-caption-text\">Participation #17 au Challenge Lire au f\u00e9minin de <a href=\"https:\/\/avenuereinemathilde.com\/challenge-lire-au-feminin-2021\/\">Tiphanya<\/a> #Autrice japonaise<\/p><\/div>\n","protected":false},"excerpt":{"rendered":"<p>En ce 4 avril 2021, journ\u00e9e \u00ab\u00a0Gourmandises\/livre gourmand\u00a0\u00bb d&rsquo;Un Mois au Japon, j&rsquo;ai choisi une de nos derni\u00e8res lectures: Tu rentres quand? de Nagako Suzuki(\u00e9d. Nobi Nobi!, 2018), un album jeunesse \u00e0 partir de 3 ans. Apr\u00e8s avoir pr\u00e9par\u00e9 un g\u00e2teau d\u2019anniversaire pour son p\u00e8re, No\u00e9mie, une petite fille attend avec impatience son retour. Mais [&hellip;]<\/p>\n","protected":false},"author":1,"featured_media":16934,"comment_status":"open","ping_status":"open","sticky":false,"template":"","format":"standard","meta":{"jetpack_post_was_ever_published":false,"_jetpack_newsletter_access":"","_jetpack_dont_email_post_to_subs":false,"_jetpack_newsletter_tier_id":0,"_jetpack_memberships_contains_paywalled_content":false,"_jetpack_memberships_contains_paid_content":false,"footnotes":""},"categories":[363],"tags":[785,409,812,1097,1262,321,2019,576,954,2336,946,1014,2111,2335,764,956,876,1409,2235,2035],"class_list":["post-16983","post","type-post","status-publish","format-standard","has-post-thumbnail","hentry","category-mini-lecteur","tag-3-6-ans","tag-albums-jeunesse","tag-amour-filial","tag-anniversaire","tag-attente","tag-automne","tag-des-livres-et-des-ecrans-en-cuisine-2021","tag-emotions","tag-gateau","tag-gateau-au-potiron","tag-gourmandise","tag-lectures-dautomne","tag-lire-au-feminin-2021","tag-nagako-suzuki","tag-patience","tag-petite-fille","tag-potiron","tag-relation-parent-enfant","tag-relation-pere-fille","tag-un-mois-au-japon-2021","post-preview"],"jetpack_featured_media_url":"https:\/\/i0.wp.com\/www.jojoenherbe.com\/wp-content\/uploads\/2021\/04\/Tu-rentres-quand-scaled.jpg?fit=2560%2C1920","jetpack_sharing_enabled":true,"jetpack_shortlink":"https:\/\/wp.me\/p9zhGx-4pV","jetpack_likes_enabled":true,"jetpack-related-posts":[{"id":16885,"url":"http:\/\/www.jojoenherbe.com\/index.php\/2021\/04\/01\/billet-de-suivi-un-mois-au-japon-2021\/","url_meta":{"origin":16983,"position":0},"title":"Billet de suivi: Un mois au Japon 2021","author":"Jojo","date":"1 avril 2021","format":false,"excerpt":"Apr\u00e8s un British Mysteries Month le mois dernier, Hilde et Lou organisent au mois d'avril 2021 Un mois au Japon. Nos deux coorganisatrices ont pr\u00e9vu un programme facultatif que je vais essayer de suivre le plus possible. Pour plus d\u2019infos, n\u2019h\u00e9sitez pas \u00e0 aller sur leurs blogs. Ce billet sera\u2026","rel":"","context":"Dans &quot;Mini challenger&quot;","block_context":{"text":"Mini challenger","link":"http:\/\/www.jojoenherbe.com\/index.php\/category\/mini-challenger\/"},"img":{"alt_text":"","src":"https:\/\/i0.wp.com\/www.jojoenherbe.com\/wp-content\/uploads\/2021\/03\/logo-Un-mois-au-Japon-2021.jpeg?fit=1108%2C1108&resize=350%2C200","width":350,"height":200,"srcset":"https:\/\/i0.wp.com\/www.jojoenherbe.com\/wp-content\/uploads\/2021\/03\/logo-Un-mois-au-Japon-2021.jpeg?fit=1108%2C1108&resize=350%2C200 1x, https:\/\/i0.wp.com\/www.jojoenherbe.com\/wp-content\/uploads\/2021\/03\/logo-Un-mois-au-Japon-2021.jpeg?fit=1108%2C1108&resize=525%2C300 1.5x, https:\/\/i0.wp.com\/www.jojoenherbe.com\/wp-content\/uploads\/2021\/03\/logo-Un-mois-au-Japon-2021.jpeg?fit=1108%2C1108&resize=700%2C400 2x, https:\/\/i0.wp.com\/www.jojoenherbe.com\/wp-content\/uploads\/2021\/03\/logo-Un-mois-au-Japon-2021.jpeg?fit=1108%2C1108&resize=1050%2C600 3x"},"classes":[]},{"id":16893,"url":"http:\/\/www.jojoenherbe.com\/index.php\/2021\/04\/01\/notre-pal-pour-un-mois-au-japon-2021\/","url_meta":{"origin":16983,"position":1},"title":"Notre PAL pour Un Mois au Japon 2021","author":"Jojo","date":"1 avril 2021","format":false,"excerpt":"Pour ce premier jour d'Un Mois au Japon 2021, Hilde et Lou nous proposent de pr\u00e9senter notre PAL (pile \u00e0 lire) pour le mois d'avril.\u00a0 C'est le moment id\u00e9al de pouvoir lire quelques mangas que je n'ai pas encore pu aller emprunter \u00e0 la m\u00e9diath\u00e8que. Heureusement, contrairement \u00e0 l'ann\u00e9e derni\u00e8re,\u2026","rel":"","context":"Dans &quot;Mini challenger&quot;","block_context":{"text":"Mini challenger","link":"http:\/\/www.jojoenherbe.com\/index.php\/category\/mini-challenger\/"},"img":{"alt_text":"","src":"https:\/\/i0.wp.com\/www.jojoenherbe.com\/wp-content\/uploads\/2021\/04\/PAL-Un-mois-au-Japon-2021-scaled.jpg?fit=1200%2C905&resize=350%2C200","width":350,"height":200,"srcset":"https:\/\/i0.wp.com\/www.jojoenherbe.com\/wp-content\/uploads\/2021\/04\/PAL-Un-mois-au-Japon-2021-scaled.jpg?fit=1200%2C905&resize=350%2C200 1x, https:\/\/i0.wp.com\/www.jojoenherbe.com\/wp-content\/uploads\/2021\/04\/PAL-Un-mois-au-Japon-2021-scaled.jpg?fit=1200%2C905&resize=525%2C300 1.5x, https:\/\/i0.wp.com\/www.jojoenherbe.com\/wp-content\/uploads\/2021\/04\/PAL-Un-mois-au-Japon-2021-scaled.jpg?fit=1200%2C905&resize=700%2C400 2x, https:\/\/i0.wp.com\/www.jojoenherbe.com\/wp-content\/uploads\/2021\/04\/PAL-Un-mois-au-Japon-2021-scaled.jpg?fit=1200%2C905&resize=1050%2C600 3x"},"classes":[]},{"id":20845,"url":"http:\/\/www.jojoenherbe.com\/index.php\/2021\/09\/22\/nos-lectures-automnales-2021\/","url_meta":{"origin":16983,"position":2},"title":"Nos lectures automnales 2021","author":"Jojo","date":"22 septembre 2021","format":false,"excerpt":"En ce premier jour d'automne 2021, je fais comme l'ann\u00e9e derni\u00e8re un billet th\u00e9matique sur nos lectures automnales pass\u00e9es, pr\u00e9sentes et \u00e0 venir. Voici donc notre s\u00e9lection qui \u00e9voluera au-fur-et-\u00e0-mesure de nos lectures, sans mentionner lorsqu'il s'agit de relectures des ann\u00e9es pr\u00e9c\u00e9dentes sauf lorsque je ne l'avais pas encore chroniqu\u00e9es\u2026","rel":"","context":"Dans &quot;Mini lecteur&quot;","block_context":{"text":"Mini lecteur","link":"http:\/\/www.jojoenherbe.com\/index.php\/category\/mini-lecteur\/"},"img":{"alt_text":"","src":"https:\/\/i0.wp.com\/www.jojoenherbe.com\/wp-content\/uploads\/2021\/09\/Nos-lectures-automnales-2021-scaled.jpg?fit=1200%2C862&resize=350%2C200","width":350,"height":200,"srcset":"https:\/\/i0.wp.com\/www.jojoenherbe.com\/wp-content\/uploads\/2021\/09\/Nos-lectures-automnales-2021-scaled.jpg?fit=1200%2C862&resize=350%2C200 1x, https:\/\/i0.wp.com\/www.jojoenherbe.com\/wp-content\/uploads\/2021\/09\/Nos-lectures-automnales-2021-scaled.jpg?fit=1200%2C862&resize=525%2C300 1.5x, https:\/\/i0.wp.com\/www.jojoenherbe.com\/wp-content\/uploads\/2021\/09\/Nos-lectures-automnales-2021-scaled.jpg?fit=1200%2C862&resize=700%2C400 2x, https:\/\/i0.wp.com\/www.jojoenherbe.com\/wp-content\/uploads\/2021\/09\/Nos-lectures-automnales-2021-scaled.jpg?fit=1200%2C862&resize=1050%2C600 3x"},"classes":[]},{"id":17493,"url":"http:\/\/www.jojoenherbe.com\/index.php\/2021\/04\/17\/au-fil-des-pages-avec-ou-est-mon-etoile\/","url_meta":{"origin":16983,"position":3},"title":"Au fil des pages avec O\u00f9 est mon \u00e9toile?","author":"Jojo","date":"17 avril 2021","format":false,"excerpt":"Pour cette journ\u00e9e d\u00e9di\u00e9e aux \u00e9ditions Nobi Nobi, j'ai choisi une de nos derni\u00e8res lectures avec O\u00f9 est mon \u00e9toile? de Satoe Tone (\u00e9d. Nobi Nobi!, 2015), un album jeunesse grand format partir de 3 ans. Petite Souris est triste d'avoir perdu un ami cher. Ses amis la r\u00e9conforte en\u2026","rel":"","context":"Dans &quot;Mini lecteur&quot;","block_context":{"text":"Mini lecteur","link":"http:\/\/www.jojoenherbe.com\/index.php\/category\/mini-lecteur\/"},"img":{"alt_text":"","src":"https:\/\/i0.wp.com\/www.jojoenherbe.com\/wp-content\/uploads\/2021\/04\/Ou-est-mon-etoile-scaled.jpg?fit=1200%2C900&resize=350%2C200","width":350,"height":200,"srcset":"https:\/\/i0.wp.com\/www.jojoenherbe.com\/wp-content\/uploads\/2021\/04\/Ou-est-mon-etoile-scaled.jpg?fit=1200%2C900&resize=350%2C200 1x, https:\/\/i0.wp.com\/www.jojoenherbe.com\/wp-content\/uploads\/2021\/04\/Ou-est-mon-etoile-scaled.jpg?fit=1200%2C900&resize=525%2C300 1.5x, https:\/\/i0.wp.com\/www.jojoenherbe.com\/wp-content\/uploads\/2021\/04\/Ou-est-mon-etoile-scaled.jpg?fit=1200%2C900&resize=700%2C400 2x, https:\/\/i0.wp.com\/www.jojoenherbe.com\/wp-content\/uploads\/2021\/04\/Ou-est-mon-etoile-scaled.jpg?fit=1200%2C900&resize=1050%2C600 3x"},"classes":[]},{"id":38908,"url":"http:\/\/www.jojoenherbe.com\/index.php\/2025\/04\/06\/au-fil-des-pages-avec-au-lit-miyuki\/","url_meta":{"origin":16983,"position":4},"title":"Au fil des pages avec Au lit Miyuki","author":"Jojo","date":"6 avril 2025","format":false,"excerpt":"Nous avions lu Au lit Miyuki de Roxane Marie Galliez et Seng Soun Ratanavanh (\u00e9d. de La Martini\u00e8re, f\u00e9vrier 2017, 32 pages), un album jeunesse grand format \u00e0 partir de 4\/5 ans. Alors qu'il est temps pour la petite fille d'aller dormir, Miyuki s'emploie par tous les moyens \u00e0 retarder\u2026","rel":"","context":"Dans &quot;Mini lecteur&quot;","block_context":{"text":"Mini lecteur","link":"http:\/\/www.jojoenherbe.com\/index.php\/category\/mini-lecteur\/"},"img":{"alt_text":"","src":"https:\/\/i0.wp.com\/www.jojoenherbe.com\/wp-content\/uploads\/2025\/04\/Au-lit-Miyuki-scaled.jpg?fit=1200%2C1079&resize=350%2C200","width":350,"height":200,"srcset":"https:\/\/i0.wp.com\/www.jojoenherbe.com\/wp-content\/uploads\/2025\/04\/Au-lit-Miyuki-scaled.jpg?fit=1200%2C1079&resize=350%2C200 1x, https:\/\/i0.wp.com\/www.jojoenherbe.com\/wp-content\/uploads\/2025\/04\/Au-lit-Miyuki-scaled.jpg?fit=1200%2C1079&resize=525%2C300 1.5x, https:\/\/i0.wp.com\/www.jojoenherbe.com\/wp-content\/uploads\/2025\/04\/Au-lit-Miyuki-scaled.jpg?fit=1200%2C1079&resize=700%2C400 2x, https:\/\/i0.wp.com\/www.jojoenherbe.com\/wp-content\/uploads\/2025\/04\/Au-lit-Miyuki-scaled.jpg?fit=1200%2C1079&resize=1050%2C600 3x"},"classes":[]},{"id":14995,"url":"http:\/\/www.jojoenherbe.com\/index.php\/2021\/01\/12\/au-fil-des-pages-avec-encore-petite\/","url_meta":{"origin":16983,"position":5},"title":"Au fil des pages avec Encore petite","author":"Jojo","date":"12 janvier 2021","format":false,"excerpt":"Nous avons emprunt\u00e9 \u00e0 la m\u00e9diath\u00e8que Encore petite de Mari Kasai et Chiaki Okada (\u00e9d. Nobi Nobi, 2019), un album jeunesse \u00e0 partir de 3 ans. Nous suivons le quotidien d'une petite fille qui se sent encore trop petite pour par exemple sortir seule le chien ou dormir sans lumi\u00e8re.\u2026","rel":"","context":"Dans &quot;Mini lecteur&quot;","block_context":{"text":"Mini lecteur","link":"http:\/\/www.jojoenherbe.com\/index.php\/category\/mini-lecteur\/"},"img":{"alt_text":"","src":"https:\/\/i0.wp.com\/www.jojoenherbe.com\/wp-content\/uploads\/2021\/01\/Encore-un-peu-petite-scaled.jpg?fit=1200%2C969&resize=350%2C200","width":350,"height":200,"srcset":"https:\/\/i0.wp.com\/www.jojoenherbe.com\/wp-content\/uploads\/2021\/01\/Encore-un-peu-petite-scaled.jpg?fit=1200%2C969&resize=350%2C200 1x, https:\/\/i0.wp.com\/www.jojoenherbe.com\/wp-content\/uploads\/2021\/01\/Encore-un-peu-petite-scaled.jpg?fit=1200%2C969&resize=525%2C300 1.5x, https:\/\/i0.wp.com\/www.jojoenherbe.com\/wp-content\/uploads\/2021\/01\/Encore-un-peu-petite-scaled.jpg?fit=1200%2C969&resize=700%2C400 2x, https:\/\/i0.wp.com\/www.jojoenherbe.com\/wp-content\/uploads\/2021\/01\/Encore-un-peu-petite-scaled.jpg?fit=1200%2C969&resize=1050%2C600 3x"},"classes":[]}],"_links":{"self":[{"href":"http:\/\/www.jojoenherbe.com\/index.php\/wp-json\/wp\/v2\/posts\/16983","targetHints":{"allow":["GET"]}}],"collection":[{"href":"http:\/\/www.jojoenherbe.com\/index.php\/wp-json\/wp\/v2\/posts"}],"about":[{"href":"http:\/\/www.jojoenherbe.com\/index.php\/wp-json\/wp\/v2\/types\/post"}],"author":[{"embeddable":true,"href":"http:\/\/www.jojoenherbe.com\/index.php\/wp-json\/wp\/v2\/users\/1"}],"replies":[{"embeddable":true,"href":"http:\/\/www.jojoenherbe.com\/index.php\/wp-json\/wp\/v2\/comments?post=16983"}],"version-history":[{"count":0,"href":"http:\/\/www.jojoenherbe.com\/index.php\/wp-json\/wp\/v2\/posts\/16983\/revisions"}],"wp:featuredmedia":[{"embeddable":true,"href":"http:\/\/www.jojoenherbe.com\/index.php\/wp-json\/wp\/v2\/media\/16934"}],"wp:attachment":[{"href":"http:\/\/www.jojoenherbe.com\/index.php\/wp-json\/wp\/v2\/media?parent=16983"}],"wp:term":[{"taxonomy":"category","embeddable":true,"href":"http:\/\/www.jojoenherbe.com\/index.php\/wp-json\/wp\/v2\/categories?post=16983"},{"taxonomy":"post_tag","embeddable":true,"href":"http:\/\/www.jojoenherbe.com\/index.php\/wp-json\/wp\/v2\/tags?post=16983"}],"curies":[{"name":"wp","href":"https:\/\/api.w.org\/{rel}","templated":true}]}}