{"id":16945,"date":"2021-04-01T14:59:28","date_gmt":"2021-04-01T12:59:28","guid":{"rendered":"http:\/\/www.jojoenherbe.com\/?p=16945"},"modified":"2022-04-15T10:58:32","modified_gmt":"2022-04-15T08:58:32","slug":"nos-lectures-de-paques-2021","status":"publish","type":"post","link":"http:\/\/www.jojoenherbe.com\/index.php\/2021\/04\/01\/nos-lectures-de-paques-2021\/","title":{"rendered":"Nos lectures de P\u00e2ques 2021"},"content":{"rendered":"<p style=\"text-align: justify;\"><em>Apr\u00e8s le <a href=\"http:\/\/www.jojoenherbe.com\/index.php\/2021\/02\/19\/nos-lectures-sur-le-theme-du-carnaval-2021\/\">carnaval<\/a>, place au lecture de P\u00e2ques en attendant notre chasse aux \u0153ufs ce week-end (miam miam les chocolats). Nous relisons des albums jeunesse des ann\u00e9es pr\u00e9c\u00e9dentes mais aussi deux \u00ab\u00a0nouveaut\u00e9s\u00a0\u00bb que je n&rsquo;avais pas pu encore emprunter \u00e0 la m\u00e9diath\u00e8que. Mais cette ann\u00e9e, je m&rsquo;y suis prise t\u00f4t et les ai gard\u00e9s de c\u00f4t\u00e9 jusqu&rsquo;\u00e0 cette semaine.<\/em><\/p>\n<ul>\n<li style=\"text-align: justify;\"><a href=\"https:\/\/i0.wp.com\/www.jojoenherbe.com\/wp-content\/uploads\/2020\/04\/3-histoires-de-P%C3%A2ques-scaled.jpg\"><img data-recalc-dims=\"1\" loading=\"lazy\" decoding=\"async\" data-attachment-id=\"10789\" data-permalink=\"http:\/\/www.jojoenherbe.com\/index.php\/2020\/04\/20\/au-fil-des-pages-avec-3-histoires-de-paques\/3-histoires-de-paques\/\" data-orig-file=\"https:\/\/i0.wp.com\/www.jojoenherbe.com\/wp-content\/uploads\/2020\/04\/3-histoires-de-P%C3%A2ques-scaled.jpg?fit=2560%2C1871\" data-orig-size=\"2560,1871\" data-comments-opened=\"1\" data-image-meta=\"{&quot;aperture&quot;:&quot;2.4&quot;,&quot;credit&quot;:&quot;&quot;,&quot;camera&quot;:&quot;iPhone 4S&quot;,&quot;caption&quot;:&quot;&quot;,&quot;created_timestamp&quot;:&quot;1587315083&quot;,&quot;copyright&quot;:&quot;&quot;,&quot;focal_length&quot;:&quot;4.28&quot;,&quot;iso&quot;:&quot;500&quot;,&quot;shutter_speed&quot;:&quot;0.066666666666667&quot;,&quot;title&quot;:&quot;&quot;,&quot;orientation&quot;:&quot;1&quot;}\" data-image-title=\"3 histoires de P\u00e2ques\" data-image-description=\"\" data-image-caption=\"\" data-large-file=\"https:\/\/i0.wp.com\/www.jojoenherbe.com\/wp-content\/uploads\/2020\/04\/3-histoires-de-P%C3%A2ques-scaled.jpg?fit=676%2C494\" class=\"alignleft size-thumbnail wp-image-10789\" src=\"https:\/\/i0.wp.com\/www.jojoenherbe.com\/wp-content\/uploads\/2020\/04\/3-histoires-de-P%C3%A2ques.jpg?resize=150%2C150\" alt=\"\" width=\"150\" height=\"150\" srcset=\"https:\/\/i0.wp.com\/www.jojoenherbe.com\/wp-content\/uploads\/2020\/04\/3-histoires-de-P%C3%A2ques-scaled.jpg?resize=150%2C150 150w, https:\/\/i0.wp.com\/www.jojoenherbe.com\/wp-content\/uploads\/2020\/04\/3-histoires-de-P%C3%A2ques-scaled.jpg?zoom=2&amp;resize=150%2C150 300w, https:\/\/i0.wp.com\/www.jojoenherbe.com\/wp-content\/uploads\/2020\/04\/3-histoires-de-P%C3%A2ques-scaled.jpg?zoom=3&amp;resize=150%2C150 450w\" sizes=\"auto, (max-width: 150px) 100vw, 150px\" \/><\/a><em><a href=\"http:\/\/www.jojoenherbe.com\/index.php\/2020\/04\/20\/au-fil-des-pages-avec-3-histoires-de-paques\/\"><span style=\"text-decoration: underline;\">3 histoires de P\u00e2ques<\/span><\/a> (\u00e9d. Flammarion Jeunesse, coll. P\u00e8re Castor, r\u00e9\u00e9d. 2020), un album jeunesse \u00e0 partir de 3 ans: <span style=\"text-decoration: underline;\">Le Premier \u0152uf\u00a0 de P\u00e2ques<\/span> de Zemanel et Am\u00e9lie Dufour, <span style=\"text-decoration: underline;\">Trois Petits Lapins<\/span> des m\u00eames auteurs et <span style=\"text-decoration: underline;\">La Petite Poule rouge<\/span> d\u2019Anne Fronsacq et Madeleine Brunelet<\/em><\/li>\n<li style=\"text-align: justify;\"><em><a href=\"https:\/\/i0.wp.com\/www.jojoenherbe.com\/wp-content\/uploads\/2019\/04\/Joyeuses-P%C3%A2ques-Fenouil.jpg\"><img data-recalc-dims=\"1\" loading=\"lazy\" decoding=\"async\" data-attachment-id=\"5554\" data-permalink=\"http:\/\/www.jojoenherbe.com\/index.php\/2019\/04\/20\/au-fil-des-pages-sur-le-theme-de-paques\/joyeuses-paques-fenouil\/\" data-orig-file=\"https:\/\/i0.wp.com\/www.jojoenherbe.com\/wp-content\/uploads\/2019\/04\/Joyeuses-P%C3%A2ques-Fenouil.jpg?fit=2209%2C2925\" data-orig-size=\"2209,2925\" data-comments-opened=\"1\" data-image-meta=\"{&quot;aperture&quot;:&quot;2.4&quot;,&quot;credit&quot;:&quot;&quot;,&quot;camera&quot;:&quot;iPhone 4S&quot;,&quot;caption&quot;:&quot;&quot;,&quot;created_timestamp&quot;:&quot;1555336107&quot;,&quot;copyright&quot;:&quot;&quot;,&quot;focal_length&quot;:&quot;4.28&quot;,&quot;iso&quot;:&quot;200&quot;,&quot;shutter_speed&quot;:&quot;0.05&quot;,&quot;title&quot;:&quot;&quot;,&quot;orientation&quot;:&quot;1&quot;}\" data-image-title=\"Joyeuses P\u00e2ques, Fenouil\" data-image-description=\"\" data-image-caption=\"\" data-large-file=\"https:\/\/i0.wp.com\/www.jojoenherbe.com\/wp-content\/uploads\/2019\/04\/Joyeuses-P%C3%A2ques-Fenouil.jpg?fit=676%2C896\" class=\"size-thumbnail wp-image-5554 alignright\" src=\"https:\/\/i0.wp.com\/www.jojoenherbe.com\/wp-content\/uploads\/2019\/04\/Joyeuses-P%C3%A2ques-Fenouil.jpg?resize=150%2C150\" alt=\"\" width=\"150\" height=\"150\" srcset=\"https:\/\/i0.wp.com\/www.jojoenherbe.com\/wp-content\/uploads\/2019\/04\/Joyeuses-P%C3%A2ques-Fenouil.jpg?resize=150%2C150 150w, https:\/\/i0.wp.com\/www.jojoenherbe.com\/wp-content\/uploads\/2019\/04\/Joyeuses-P%C3%A2ques-Fenouil.jpg?zoom=2&amp;resize=150%2C150 300w, https:\/\/i0.wp.com\/www.jojoenherbe.com\/wp-content\/uploads\/2019\/04\/Joyeuses-P%C3%A2ques-Fenouil.jpg?zoom=3&amp;resize=150%2C150 450w\" sizes=\"auto, (max-width: 150px) 100vw, 150px\" \/><\/a><a href=\"http:\/\/www.jojoenherbe.com\/index.php\/2019\/04\/20\/au-fil-des-pages-sur-le-theme-de-paques\/\"><span style=\"text-decoration: underline;\">Joyeuses P\u00e2ques Fenouil!<\/span><\/a> de Brigitte Weninger et Eve Tharlet (\u00e9d. Mijade, 2012), un album jeunesse \u00e0 partir de 3 ans. Le lapin de P\u00e2ques \u00e9tant introuvable, Fenouil le lapin prend sa place pour apporter des \u0153ufs et des cadeaux \u00e0 ses fr\u00e8res et s\u0153urs.<\/em><\/li>\n<li style=\"text-align: justify;\"><em><a href=\"https:\/\/i0.wp.com\/www.jojoenherbe.com\/wp-content\/uploads\/2019\/04\/Joyeuses-P%C3%A2ques-Petit-H%C3%A9risson.jpg\"><img data-recalc-dims=\"1\" loading=\"lazy\" decoding=\"async\" data-attachment-id=\"5561\" data-permalink=\"http:\/\/www.jojoenherbe.com\/index.php\/2019\/04\/20\/au-fil-des-pages-sur-le-theme-de-paques\/joyeuses-paques-petit-herisson\/\" data-orig-file=\"https:\/\/i0.wp.com\/www.jojoenherbe.com\/wp-content\/uploads\/2019\/04\/Joyeuses-P%C3%A2ques-Petit-H%C3%A9risson.jpg?fit=2435%2C2471\" data-orig-size=\"2435,2471\" data-comments-opened=\"1\" data-image-meta=\"{&quot;aperture&quot;:&quot;2.4&quot;,&quot;credit&quot;:&quot;&quot;,&quot;camera&quot;:&quot;iPhone 4S&quot;,&quot;caption&quot;:&quot;&quot;,&quot;created_timestamp&quot;:&quot;1555335872&quot;,&quot;copyright&quot;:&quot;&quot;,&quot;focal_length&quot;:&quot;4.28&quot;,&quot;iso&quot;:&quot;250&quot;,&quot;shutter_speed&quot;:&quot;0.05&quot;,&quot;title&quot;:&quot;&quot;,&quot;orientation&quot;:&quot;1&quot;}\" data-image-title=\"Joyeuses P\u00e2ques, Petit H\u00e9risson\" data-image-description=\"\" data-image-caption=\"\" data-large-file=\"https:\/\/i0.wp.com\/www.jojoenherbe.com\/wp-content\/uploads\/2019\/04\/Joyeuses-P%C3%A2ques-Petit-H%C3%A9risson.jpg?fit=676%2C686\" class=\"alignleft size-thumbnail wp-image-5561\" src=\"https:\/\/i0.wp.com\/www.jojoenherbe.com\/wp-content\/uploads\/2019\/04\/Joyeuses-P%C3%A2ques-Petit-H%C3%A9risson.jpg?resize=150%2C150\" alt=\"\" width=\"150\" height=\"150\" srcset=\"https:\/\/i0.wp.com\/www.jojoenherbe.com\/wp-content\/uploads\/2019\/04\/Joyeuses-P%C3%A2ques-Petit-H%C3%A9risson.jpg?resize=150%2C150 150w, https:\/\/i0.wp.com\/www.jojoenherbe.com\/wp-content\/uploads\/2019\/04\/Joyeuses-P%C3%A2ques-Petit-H%C3%A9risson.jpg?zoom=2&amp;resize=150%2C150 300w, https:\/\/i0.wp.com\/www.jojoenherbe.com\/wp-content\/uploads\/2019\/04\/Joyeuses-P%C3%A2ques-Petit-H%C3%A9risson.jpg?zoom=3&amp;resize=150%2C150 450w\" sizes=\"auto, (max-width: 150px) 100vw, 150px\" \/><\/a><a href=\"http:\/\/www.jojoenherbe.com\/index.php\/2019\/04\/20\/au-fil-des-pages-sur-le-theme-de-paques\/\"><span style=\"text-decoration: underline;\">Joyeuses P\u00e2ques, Petit H\u00e9risson!<\/span><\/a> de M. Christina Butler et Tina Macnaughton (\u00e9d. Milan, 2018), un album jeunesse \u00e0 partir de 3 ans et qui raconte une chasse aux \u0153ufs en compagnie de Petit H\u00e9risson et de ses amis et plac\u00e9 sous le signe de l&rsquo;amiti\u00e9.<\/em><\/li>\n<li style=\"text-align: justify;\"><em><span style=\"text-decoration: underline;\"><a href=\"https:\/\/i0.wp.com\/www.jojoenherbe.com\/wp-content\/uploads\/2021\/04\/Joyeuses-Paques-Rita-et-Machin-scaled.jpg\"><img data-recalc-dims=\"1\" loading=\"lazy\" decoding=\"async\" data-attachment-id=\"16950\" data-permalink=\"http:\/\/www.jojoenherbe.com\/index.php\/2021\/04\/01\/nos-lectures-de-paques-2021\/joyeuses-paques-rita-et-machin\/\" data-orig-file=\"https:\/\/i0.wp.com\/www.jojoenherbe.com\/wp-content\/uploads\/2021\/04\/Joyeuses-Paques-Rita-et-Machin-scaled.jpg?fit=2560%2C1920\" data-orig-size=\"2560,1920\" data-comments-opened=\"1\" data-image-meta=\"{&quot;aperture&quot;:&quot;1.8&quot;,&quot;credit&quot;:&quot;&quot;,&quot;camera&quot;:&quot;iPhone 7&quot;,&quot;caption&quot;:&quot;&quot;,&quot;created_timestamp&quot;:&quot;1617288664&quot;,&quot;copyright&quot;:&quot;&quot;,&quot;focal_length&quot;:&quot;3.99&quot;,&quot;iso&quot;:&quot;100&quot;,&quot;shutter_speed&quot;:&quot;0.058823529411765&quot;,&quot;title&quot;:&quot;&quot;,&quot;orientation&quot;:&quot;1&quot;}\" data-image-title=\"Joyeuses P\u00e2ques Rita et Machin\" data-image-description=\"\" data-image-caption=\"\" data-large-file=\"https:\/\/i0.wp.com\/www.jojoenherbe.com\/wp-content\/uploads\/2021\/04\/Joyeuses-Paques-Rita-et-Machin-scaled.jpg?fit=676%2C507\" class=\"size-thumbnail wp-image-16950 alignright\" src=\"https:\/\/i0.wp.com\/www.jojoenherbe.com\/wp-content\/uploads\/2021\/04\/Joyeuses-Paques-Rita-et-Machin.jpg?resize=150%2C150\" alt=\"\" width=\"150\" height=\"150\" srcset=\"https:\/\/i0.wp.com\/www.jojoenherbe.com\/wp-content\/uploads\/2021\/04\/Joyeuses-Paques-Rita-et-Machin-scaled.jpg?resize=150%2C150 150w, https:\/\/i0.wp.com\/www.jojoenherbe.com\/wp-content\/uploads\/2021\/04\/Joyeuses-Paques-Rita-et-Machin-scaled.jpg?zoom=2&amp;resize=150%2C150 300w, https:\/\/i0.wp.com\/www.jojoenherbe.com\/wp-content\/uploads\/2021\/04\/Joyeuses-Paques-Rita-et-Machin-scaled.jpg?zoom=3&amp;resize=150%2C150 450w\" sizes=\"auto, (max-width: 150px) 100vw, 150px\" \/><\/a><\/span> <a href=\"https:\/\/www.jojoenherbe.com\/index.php\/2022\/04\/14\/au-fil-des-pages-avec-le-tome-16-de-rita-et-machin\/\"><span style=\"text-decoration: underline;\">Joyeuses P\u00e2ques Rita et Machin<\/span><\/a> (T16) de Jean-Philippe Arrou-Vignod et Olivier Tallec (\u00e9d. Gallimard Jeunesse, 2013), un album jeunesse \u00e0 partir de 4 ans avec une chasse aux \u0153ufs de P\u00e2ques \u00e0 la campagne, chez les grands-parents de Rita, une petite fille et de son chien Machin. Un bon moment de lecture mignon et rigolo!<br \/>\n<\/em><\/li>\n<li style=\"text-align: justify;\"><em><span style=\"text-decoration: underline;\"><a href=\"https:\/\/i0.wp.com\/www.jojoenherbe.com\/wp-content\/uploads\/2021\/04\/Flocon-et-le-lapin-de-Paques-scaled.jpg\"><img data-recalc-dims=\"1\" loading=\"lazy\" decoding=\"async\" data-attachment-id=\"16949\" data-permalink=\"http:\/\/www.jojoenherbe.com\/index.php\/2021\/04\/01\/nos-lectures-de-paques-2021\/flocon-et-le-lapin-de-paques\/\" data-orig-file=\"https:\/\/i0.wp.com\/www.jojoenherbe.com\/wp-content\/uploads\/2021\/04\/Flocon-et-le-lapin-de-Paques-scaled.jpg?fit=2560%2C1920\" data-orig-size=\"2560,1920\" data-comments-opened=\"1\" data-image-meta=\"{&quot;aperture&quot;:&quot;1.8&quot;,&quot;credit&quot;:&quot;&quot;,&quot;camera&quot;:&quot;iPhone 7&quot;,&quot;caption&quot;:&quot;&quot;,&quot;created_timestamp&quot;:&quot;1617288655&quot;,&quot;copyright&quot;:&quot;&quot;,&quot;focal_length&quot;:&quot;3.99&quot;,&quot;iso&quot;:&quot;100&quot;,&quot;shutter_speed&quot;:&quot;0.058823529411765&quot;,&quot;title&quot;:&quot;&quot;,&quot;orientation&quot;:&quot;1&quot;}\" data-image-title=\"Flocon et le lapin de P\u00e2ques\" data-image-description=\"\" data-image-caption=\"\" data-large-file=\"https:\/\/i0.wp.com\/www.jojoenherbe.com\/wp-content\/uploads\/2021\/04\/Flocon-et-le-lapin-de-Paques-scaled.jpg?fit=676%2C507\" class=\"alignleft size-thumbnail wp-image-16949\" src=\"https:\/\/i0.wp.com\/www.jojoenherbe.com\/wp-content\/uploads\/2021\/04\/Flocon-et-le-lapin-de-Paques.jpg?resize=150%2C150\" alt=\"\" width=\"150\" height=\"150\" srcset=\"https:\/\/i0.wp.com\/www.jojoenherbe.com\/wp-content\/uploads\/2021\/04\/Flocon-et-le-lapin-de-Paques-scaled.jpg?resize=150%2C150 150w, https:\/\/i0.wp.com\/www.jojoenherbe.com\/wp-content\/uploads\/2021\/04\/Flocon-et-le-lapin-de-Paques-scaled.jpg?zoom=2&amp;resize=150%2C150 300w, https:\/\/i0.wp.com\/www.jojoenherbe.com\/wp-content\/uploads\/2021\/04\/Flocon-et-le-lapin-de-Paques-scaled.jpg?zoom=3&amp;resize=150%2C150 450w\" sizes=\"auto, (max-width: 150px) 100vw, 150px\" \/><\/a><\/span><a href=\"http:\/\/www.jojoenherbe.com\/index.php\/2021\/04\/13\/au-fil-des-pages-avec-flocon-et-le-lapin-de-paques\/\"><span style=\"text-decoration: underline;\">Flocon et le lapin de P\u00e2ques<\/span><\/a> de Kathrin Siegenthaler et Marcus Pfister (\u00e9d. NordSud, 1993), un album jeunesse \u00e0 partir de 3 ans, Flocon, un petit lapin des neiges souhaitant devenir le Lapin de P\u00e2ques.<br \/>\n<\/em><\/li>\n<li style=\"text-align: justify;\"><em><span style=\"text-decoration: underline;\"><a href=\"https:\/\/i0.wp.com\/www.jojoenherbe.com\/wp-content\/uploads\/2021\/04\/Une-surprise-pour-Paques-2-scaled.jpg\"><img data-recalc-dims=\"1\" loading=\"lazy\" decoding=\"async\" data-attachment-id=\"17163\" data-permalink=\"http:\/\/www.jojoenherbe.com\/index.php\/2021\/04\/01\/nos-lectures-de-paques-2021\/une-surprise-pour-paques-2\/\" data-orig-file=\"https:\/\/i0.wp.com\/www.jojoenherbe.com\/wp-content\/uploads\/2021\/04\/Une-surprise-pour-Paques-2-scaled.jpg?fit=2560%2C1958\" data-orig-size=\"2560,1958\" data-comments-opened=\"1\" data-image-meta=\"{&quot;aperture&quot;:&quot;1.8&quot;,&quot;credit&quot;:&quot;&quot;,&quot;camera&quot;:&quot;iPhone 7&quot;,&quot;caption&quot;:&quot;&quot;,&quot;created_timestamp&quot;:&quot;1617970097&quot;,&quot;copyright&quot;:&quot;&quot;,&quot;focal_length&quot;:&quot;3.99&quot;,&quot;iso&quot;:&quot;100&quot;,&quot;shutter_speed&quot;:&quot;0.076923076923077&quot;,&quot;title&quot;:&quot;&quot;,&quot;orientation&quot;:&quot;1&quot;}\" data-image-title=\"Une surprise pour P\u00e2ques 2\" data-image-description=\"\" data-image-caption=\"\" data-large-file=\"https:\/\/i0.wp.com\/www.jojoenherbe.com\/wp-content\/uploads\/2021\/04\/Une-surprise-pour-Paques-2-scaled.jpg?fit=676%2C517\" class=\"size-thumbnail wp-image-17163 alignright\" src=\"https:\/\/i0.wp.com\/www.jojoenherbe.com\/wp-content\/uploads\/2021\/04\/Une-surprise-pour-Paques-2.jpg?resize=150%2C150\" alt=\"\" width=\"150\" height=\"150\" srcset=\"https:\/\/i0.wp.com\/www.jojoenherbe.com\/wp-content\/uploads\/2021\/04\/Une-surprise-pour-Paques-2-scaled.jpg?resize=150%2C150 150w, https:\/\/i0.wp.com\/www.jojoenherbe.com\/wp-content\/uploads\/2021\/04\/Une-surprise-pour-Paques-2-scaled.jpg?zoom=2&amp;resize=150%2C150 300w, https:\/\/i0.wp.com\/www.jojoenherbe.com\/wp-content\/uploads\/2021\/04\/Une-surprise-pour-Paques-2-scaled.jpg?zoom=3&amp;resize=150%2C150 450w\" sizes=\"auto, (max-width: 150px) 100vw, 150px\" \/><\/a><\/span><a href=\"http:\/\/www.jojoenherbe.com\/index.php\/2021\/04\/09\/au-fil-des-pages-avec-une-surprise-pour-paques\/\"><span style=\"text-decoration: underline;\">Une surprise pour P\u00e2ques<\/span><\/a> de Nancy E. Walker-Guye et Igor Ole\u00efnikov (\u00e9d. Nord-Sud, 2005), un album jeunesse \u00e0 partir de 3 ans avec le Lapin de P\u00e2ques <\/em><\/li>\n<\/ul>\n","protected":false},"excerpt":{"rendered":"<p>Apr\u00e8s le carnaval, place au lecture de P\u00e2ques en attendant notre chasse aux \u0153ufs ce week-end (miam miam les chocolats). Nous relisons des albums jeunesse des ann\u00e9es pr\u00e9c\u00e9dentes mais aussi deux \u00ab\u00a0nouveaut\u00e9s\u00a0\u00bb que je n&rsquo;avais pas pu encore emprunter \u00e0 la m\u00e9diath\u00e8que. Mais cette ann\u00e9e, je m&rsquo;y suis prise t\u00f4t et les ai gard\u00e9s de [&hellip;]<\/p>\n","protected":false},"author":1,"featured_media":16946,"comment_status":"open","ping_status":"open","sticky":false,"template":"","format":"standard","meta":{"jetpack_post_was_ever_published":false,"_jetpack_newsletter_access":"","_jetpack_dont_email_post_to_subs":false,"_jetpack_newsletter_tier_id":0,"_jetpack_memberships_contains_paywalled_content":false,"_jetpack_memberships_contains_paid_content":false,"footnotes":""},"categories":[363],"tags":[409,2328,386,2232,1008,526,525,1011,1998,326,2357,2330,2331,222,2326,367,1239,2329,2332,2356,1251,1714,188,392,207,1012,2327],"class_list":["post-16945","post","type-post","status-publish","format-standard","has-post-thumbnail","hentry","category-mini-lecteur","tag-albums-jeunesse","tag-amelie-dufour","tag-amitie","tag-anne-fronsacq","tag-brigitte-weninger","tag-chasse-aux-oeufs","tag-chocolat","tag-christina-butler","tag-eve-tharlet","tag-herisson","tag-igor-oleinikov","tag-jean-philippe-arrou-vignod","tag-kathrin-siegenthaler","tag-lapin","tag-lapin-de-paques","tag-lecture-jeunesse","tag-lectures-de-paques","tag-madeleine-brunelet","tag-marcus-pfister","tag-nancy-e-walker-guye","tag-oeufs-de-paques","tag-olivier-tallec","tag-paques","tag-poule","tag-printemps","tag-tina-macnaughton","tag-zemanel","post-preview"],"jetpack_featured_media_url":"https:\/\/i0.wp.com\/www.jojoenherbe.com\/wp-content\/uploads\/2021\/04\/Nos-lectures-de-Paques-2021-scaled.jpg?fit=2560%2C1990","jetpack_sharing_enabled":true,"jetpack_shortlink":"https:\/\/wp.me\/p9zhGx-4pj","jetpack_likes_enabled":true,"jetpack-related-posts":[{"id":5377,"url":"http:\/\/www.jojoenherbe.com\/index.php\/2019\/04\/20\/au-fil-des-pages-sur-le-theme-de-paques\/","url_meta":{"origin":16945,"position":0},"title":"Au fil des pages sur le th\u00e8me de P\u00e2ques","author":"Jojo","date":"20 avril 2019","format":false,"excerpt":"Ce mois-ci, le th\u00e8me du rendez-vous \"Et dans leur biblioth\u00e8que il y a...\" est P\u00e2ques. Nous n'avons pas attendu le 20 avril pour commencer \u00e0 lire ou relire des albums jeunesse sur cette f\u00eate. Voici les n\u00f4tres, sans ordre de pr\u00e9f\u00e9rence et la plupart \u00e0 partir de 3 ans (voire\u2026","rel":"","context":"Dans &quot;Mini lecteur&quot;","block_context":{"text":"Mini lecteur","link":"http:\/\/www.jojoenherbe.com\/index.php\/category\/mini-lecteur\/"},"img":{"alt_text":"","src":"https:\/\/i0.wp.com\/www.jojoenherbe.com\/wp-content\/uploads\/2019\/04\/albums-P%C3%A2ques-1.jpg?fit=1200%2C871&resize=350%2C200","width":350,"height":200,"srcset":"https:\/\/i0.wp.com\/www.jojoenherbe.com\/wp-content\/uploads\/2019\/04\/albums-P%C3%A2ques-1.jpg?fit=1200%2C871&resize=350%2C200 1x, https:\/\/i0.wp.com\/www.jojoenherbe.com\/wp-content\/uploads\/2019\/04\/albums-P%C3%A2ques-1.jpg?fit=1200%2C871&resize=525%2C300 1.5x, https:\/\/i0.wp.com\/www.jojoenherbe.com\/wp-content\/uploads\/2019\/04\/albums-P%C3%A2ques-1.jpg?fit=1200%2C871&resize=700%2C400 2x, https:\/\/i0.wp.com\/www.jojoenherbe.com\/wp-content\/uploads\/2019\/04\/albums-P%C3%A2ques-1.jpg?fit=1200%2C871&resize=1050%2C600 3x"},"classes":[]},{"id":24972,"url":"http:\/\/www.jojoenherbe.com\/index.php\/2022\/04\/15\/nos-lectures-de-paques-2022\/","url_meta":{"origin":16945,"position":1},"title":"Nos lectures de P\u00e2ques 2022","author":"Jojo","date":"15 avril 2022","format":false,"excerpt":"Aux albums jeunesse d\u00e9j\u00e0 lus l'ann\u00e9e derni\u00e8re comme Fenouil ou Petit H\u00e9risson, nous lisons de nouvelles histoires avec le lapin de P\u00e2ques et\/ou la chasse aux \u0153ufs en chocolat en attendant de faire ce week-end, en famille, la n\u00f4tre. (Album jeunesse) Joyeuses P\u00e2ques Rita et Machin de Jean-Philippe Arrou-Vignod et\u2026","rel":"","context":"Dans &quot;Mini lecteur&quot;","block_context":{"text":"Mini lecteur","link":"http:\/\/www.jojoenherbe.com\/index.php\/category\/mini-lecteur\/"},"img":{"alt_text":"","src":"https:\/\/i0.wp.com\/www.jojoenherbe.com\/wp-content\/uploads\/2022\/04\/Nos-lectures-de-Paques-2022-scaled.jpg?fit=1200%2C995&resize=350%2C200","width":350,"height":200,"srcset":"https:\/\/i0.wp.com\/www.jojoenherbe.com\/wp-content\/uploads\/2022\/04\/Nos-lectures-de-Paques-2022-scaled.jpg?fit=1200%2C995&resize=350%2C200 1x, https:\/\/i0.wp.com\/www.jojoenherbe.com\/wp-content\/uploads\/2022\/04\/Nos-lectures-de-Paques-2022-scaled.jpg?fit=1200%2C995&resize=525%2C300 1.5x, https:\/\/i0.wp.com\/www.jojoenherbe.com\/wp-content\/uploads\/2022\/04\/Nos-lectures-de-Paques-2022-scaled.jpg?fit=1200%2C995&resize=700%2C400 2x, https:\/\/i0.wp.com\/www.jojoenherbe.com\/wp-content\/uploads\/2022\/04\/Nos-lectures-de-Paques-2022-scaled.jpg?fit=1200%2C995&resize=1050%2C600 3x"},"classes":[]},{"id":17320,"url":"http:\/\/www.jojoenherbe.com\/index.php\/2021\/04\/13\/au-fil-des-pages-avec-flocon-et-le-lapin-de-paques\/","url_meta":{"origin":16945,"position":2},"title":"Au fil des pages avec Flocon et le lapin de P\u00e2ques","author":"Jojo","date":"13 avril 2021","format":false,"excerpt":"Lors du week-end de P\u00e2ques, nous avons lu Flocon et le lapin de P\u00e2ques de Kathrin Siegenthaler et Marcus Pfister (\u00e9d. NordSud, 1993), un album jeunesse \u00e0 partir de 3 ans. Flocon, un petit lapin des neiges d\u00e9cide de devenir le Lapin de P\u00e2ques pour distribuer les \u0153ufs aux enfants.\u2026","rel":"","context":"Dans &quot;Mini lecteur&quot;","block_context":{"text":"Mini lecteur","link":"http:\/\/www.jojoenherbe.com\/index.php\/category\/mini-lecteur\/"},"img":{"alt_text":"","src":"https:\/\/i0.wp.com\/www.jojoenherbe.com\/wp-content\/uploads\/2021\/04\/Flocon-et-le-lapin-de-Paques-scaled.jpg?fit=1200%2C900&resize=350%2C200","width":350,"height":200,"srcset":"https:\/\/i0.wp.com\/www.jojoenherbe.com\/wp-content\/uploads\/2021\/04\/Flocon-et-le-lapin-de-Paques-scaled.jpg?fit=1200%2C900&resize=350%2C200 1x, https:\/\/i0.wp.com\/www.jojoenherbe.com\/wp-content\/uploads\/2021\/04\/Flocon-et-le-lapin-de-Paques-scaled.jpg?fit=1200%2C900&resize=525%2C300 1.5x, https:\/\/i0.wp.com\/www.jojoenherbe.com\/wp-content\/uploads\/2021\/04\/Flocon-et-le-lapin-de-Paques-scaled.jpg?fit=1200%2C900&resize=700%2C400 2x, https:\/\/i0.wp.com\/www.jojoenherbe.com\/wp-content\/uploads\/2021\/04\/Flocon-et-le-lapin-de-Paques-scaled.jpg?fit=1200%2C900&resize=1050%2C600 3x"},"classes":[]},{"id":10704,"url":"http:\/\/www.jojoenherbe.com\/index.php\/2020\/04\/14\/au-fil-des-pages-avec-penelope-cherche-les-oeufs-de-paques\/","url_meta":{"origin":16945,"position":3},"title":"Au fil des pages avec P\u00e9n\u00e9lope cherche les \u0153ufs de P\u00e2ques","author":"Jojo","date":"14 avril 2020","format":false,"excerpt":"Nous avions emprunt\u00e9 \u00e0 la m\u00e9diath\u00e8que, l'ann\u00e9e derni\u00e8re pour P\u00e2ques, P\u00e9n\u00e9lope cherche les \u0153ufs de P\u00e2ques, d'Anne Gutman et Georg Hallensleben (\u00e9d. Gallimard Jeunesse, coll. P\u00e9n\u00e9lope t\u00eate en l'air, 2011), un album jeunesse \u00e0 partir de\u00a0 2\/3 ans. Dans la ferme de son grand-p\u00e8re, P\u00e9n\u00e9lope s'est lev\u00e9e la premi\u00e8re pour\u2026","rel":"","context":"Dans &quot;Mini lecteur&quot;","block_context":{"text":"Mini lecteur","link":"http:\/\/www.jojoenherbe.com\/index.php\/category\/mini-lecteur\/"},"img":{"alt_text":"","src":"https:\/\/i0.wp.com\/www.jojoenherbe.com\/wp-content\/uploads\/2020\/04\/P%C3%A9n%C3%A9lope-cherche-les-oeufs-de-P%C3%A2ques-scaled.jpg?fit=1020%2C1200&resize=350%2C200","width":350,"height":200,"srcset":"https:\/\/i0.wp.com\/www.jojoenherbe.com\/wp-content\/uploads\/2020\/04\/P%C3%A9n%C3%A9lope-cherche-les-oeufs-de-P%C3%A2ques-scaled.jpg?fit=1020%2C1200&resize=350%2C200 1x, https:\/\/i0.wp.com\/www.jojoenherbe.com\/wp-content\/uploads\/2020\/04\/P%C3%A9n%C3%A9lope-cherche-les-oeufs-de-P%C3%A2ques-scaled.jpg?fit=1020%2C1200&resize=525%2C300 1.5x, https:\/\/i0.wp.com\/www.jojoenherbe.com\/wp-content\/uploads\/2020\/04\/P%C3%A9n%C3%A9lope-cherche-les-oeufs-de-P%C3%A2ques-scaled.jpg?fit=1020%2C1200&resize=700%2C400 2x"},"classes":[]},{"id":5522,"url":"http:\/\/www.jojoenherbe.com\/index.php\/2020\/04\/14\/au-fil-des-pages-avec-penelope-la-poule-de-paques\/","url_meta":{"origin":16945,"position":4},"title":"Au fil des pages avec P\u00e9n\u00e9lope la poule de P\u00e2ques","author":"Jojo","date":"14 avril 2020","format":false,"excerpt":"J'avais emprunt\u00e9 \u00e0 la m\u00e9diath\u00e8que, l'ann\u00e9e derni\u00e8re pour P\u00e2ques, P\u00e9n\u00e9lope la poule de P\u00e2ques d'Hubert Ben Kemoun et St\u00e9phane Girel (\u00e9d. P\u00e8re Castor Flammarion, 1998), un album jeunesse \u00e0 partir de 3 ans. Lors de la chasse aux \u0153ufs, P\u00e9n\u00e9lope, une petite poule en chocolat s'est si bien cach\u00e9e pour\u2026","rel":"","context":"Dans &quot;Mini lecteur&quot;","block_context":{"text":"Mini lecteur","link":"http:\/\/www.jojoenherbe.com\/index.php\/category\/mini-lecteur\/"},"img":{"alt_text":"","src":"https:\/\/i0.wp.com\/www.jojoenherbe.com\/wp-content\/uploads\/2020\/04\/P%C3%A9n%C3%A9lope-la-poule-de-P%C3%A2ques-scaled.jpg?fit=1078%2C1200&resize=350%2C200","width":350,"height":200,"srcset":"https:\/\/i0.wp.com\/www.jojoenherbe.com\/wp-content\/uploads\/2020\/04\/P%C3%A9n%C3%A9lope-la-poule-de-P%C3%A2ques-scaled.jpg?fit=1078%2C1200&resize=350%2C200 1x, https:\/\/i0.wp.com\/www.jojoenherbe.com\/wp-content\/uploads\/2020\/04\/P%C3%A9n%C3%A9lope-la-poule-de-P%C3%A2ques-scaled.jpg?fit=1078%2C1200&resize=525%2C300 1.5x, https:\/\/i0.wp.com\/www.jojoenherbe.com\/wp-content\/uploads\/2020\/04\/P%C3%A9n%C3%A9lope-la-poule-de-P%C3%A2ques-scaled.jpg?fit=1078%2C1200&resize=700%2C400 2x, https:\/\/i0.wp.com\/www.jojoenherbe.com\/wp-content\/uploads\/2020\/04\/P%C3%A9n%C3%A9lope-la-poule-de-P%C3%A2ques-scaled.jpg?fit=1078%2C1200&resize=1050%2C600 3x"},"classes":[]},{"id":17158,"url":"http:\/\/www.jojoenherbe.com\/index.php\/2021\/04\/09\/au-fil-des-pages-avec-une-surprise-pour-paques\/","url_meta":{"origin":16945,"position":5},"title":"Au fil des pages avec Une surprise pour P\u00e2ques","author":"Jojo","date":"9 avril 2021","format":false,"excerpt":"Nous empruntons \u00e0 la m\u00e9diath\u00e8que Une surprise pour P\u00e2ques de Nancy E. Walker-Guye et Igor Ole\u00efnikov (\u00e9d. Nord-Sud, 2005), un album jeunesse \u00e0 partir de 3 ans. C'est le grand jour pour le Lapin de P\u00e2ques qui part cacher tous les \u0153ufs multicolores qu'il a fini de fabriquer la veille\u2026","rel":"","context":"Dans &quot;Mini lecteur&quot;","block_context":{"text":"Mini lecteur","link":"http:\/\/www.jojoenherbe.com\/index.php\/category\/mini-lecteur\/"},"img":{"alt_text":"","src":"https:\/\/i0.wp.com\/www.jojoenherbe.com\/wp-content\/uploads\/2021\/04\/Une-surprise-pour-Paques-scaled.jpg?fit=1200%2C784&resize=350%2C200","width":350,"height":200,"srcset":"https:\/\/i0.wp.com\/www.jojoenherbe.com\/wp-content\/uploads\/2021\/04\/Une-surprise-pour-Paques-scaled.jpg?fit=1200%2C784&resize=350%2C200 1x, https:\/\/i0.wp.com\/www.jojoenherbe.com\/wp-content\/uploads\/2021\/04\/Une-surprise-pour-Paques-scaled.jpg?fit=1200%2C784&resize=525%2C300 1.5x, https:\/\/i0.wp.com\/www.jojoenherbe.com\/wp-content\/uploads\/2021\/04\/Une-surprise-pour-Paques-scaled.jpg?fit=1200%2C784&resize=700%2C400 2x, https:\/\/i0.wp.com\/www.jojoenherbe.com\/wp-content\/uploads\/2021\/04\/Une-surprise-pour-Paques-scaled.jpg?fit=1200%2C784&resize=1050%2C600 3x"},"classes":[]}],"_links":{"self":[{"href":"http:\/\/www.jojoenherbe.com\/index.php\/wp-json\/wp\/v2\/posts\/16945","targetHints":{"allow":["GET"]}}],"collection":[{"href":"http:\/\/www.jojoenherbe.com\/index.php\/wp-json\/wp\/v2\/posts"}],"about":[{"href":"http:\/\/www.jojoenherbe.com\/index.php\/wp-json\/wp\/v2\/types\/post"}],"author":[{"embeddable":true,"href":"http:\/\/www.jojoenherbe.com\/index.php\/wp-json\/wp\/v2\/users\/1"}],"replies":[{"embeddable":true,"href":"http:\/\/www.jojoenherbe.com\/index.php\/wp-json\/wp\/v2\/comments?post=16945"}],"version-history":[{"count":2,"href":"http:\/\/www.jojoenherbe.com\/index.php\/wp-json\/wp\/v2\/posts\/16945\/revisions"}],"predecessor-version":[{"id":24978,"href":"http:\/\/www.jojoenherbe.com\/index.php\/wp-json\/wp\/v2\/posts\/16945\/revisions\/24978"}],"wp:featuredmedia":[{"embeddable":true,"href":"http:\/\/www.jojoenherbe.com\/index.php\/wp-json\/wp\/v2\/media\/16946"}],"wp:attachment":[{"href":"http:\/\/www.jojoenherbe.com\/index.php\/wp-json\/wp\/v2\/media?parent=16945"}],"wp:term":[{"taxonomy":"category","embeddable":true,"href":"http:\/\/www.jojoenherbe.com\/index.php\/wp-json\/wp\/v2\/categories?post=16945"},{"taxonomy":"post_tag","embeddable":true,"href":"http:\/\/www.jojoenherbe.com\/index.php\/wp-json\/wp\/v2\/tags?post=16945"}],"curies":[{"name":"wp","href":"https:\/\/api.w.org\/{rel}","templated":true}]}}