{"id":16885,"date":"2021-04-01T09:00:00","date_gmt":"2021-04-01T07:00:00","guid":{"rendered":"http:\/\/www.jojoenherbe.com\/?p=16885"},"modified":"2021-04-30T15:54:07","modified_gmt":"2021-04-30T13:54:07","slug":"billet-de-suivi-un-mois-au-japon-2021","status":"publish","type":"post","link":"http:\/\/www.jojoenherbe.com\/index.php\/2021\/04\/01\/billet-de-suivi-un-mois-au-japon-2021\/","title":{"rendered":"Billet de suivi: Un mois au Japon 2021"},"content":{"rendered":"<p style=\"text-align: justify;\"><em>Apr\u00e8s un <a href=\"http:\/\/www.jojoenherbe.com\/index.php\/2021\/03\/01\/billet-de-suivi-le-british-mysteries-month-2021\/\">British Mysteries Month<\/a> le mois dernier, <a href=\"https:\/\/lelivroblog.wordpress.com\/2021\/03\/30\/challenge-un-mois-au-japon-2021\/\">Hilde<\/a> et <a href=\"http:\/\/www.myloubook.com\/2021\/03\/30\/un-mois-au-japon-2021-4e-edition\/\">Lou<\/a> organisent au mois d&rsquo;avril 2021 Un mois au Japon. Nos deux coorganisatrices ont pr\u00e9vu un programme facultatif que je vais essayer de suivre le plus possible. Pour plus d\u2019infos, n\u2019h\u00e9sitez pas \u00e0 aller sur leurs blogs.<\/em><\/p>\n<p style=\"text-align: justify;\"><em>Ce billet sera actualis\u00e9 au fil du mois en tenant compte uniquement de nos lectures sur le Japon tout en faisant un billet s\u00e9par\u00e9 pour chaque participation. <\/em><\/p>\n<p><strong><em><span style=\"text-decoration: underline;\">Semaine 1 du Mois au Japon<\/span>:<\/em><\/strong><\/p>\n<p style=\"text-align: justify;\"><a href=\"https:\/\/i0.wp.com\/www.jojoenherbe.com\/wp-content\/uploads\/2021\/04\/Poissons-davril-scaled.jpg\"><img data-recalc-dims=\"1\" loading=\"lazy\" decoding=\"async\" data-attachment-id=\"16959\" data-permalink=\"http:\/\/www.jojoenherbe.com\/index.php\/2021\/04\/01\/billet-de-suivi-un-mois-au-japon-2021\/poissons-davril-5\/\" data-orig-file=\"https:\/\/i0.wp.com\/www.jojoenherbe.com\/wp-content\/uploads\/2021\/04\/Poissons-davril-scaled.jpg?fit=2560%2C2177\" data-orig-size=\"2560,2177\" data-comments-opened=\"1\" data-image-meta=\"{&quot;aperture&quot;:&quot;1.8&quot;,&quot;credit&quot;:&quot;&quot;,&quot;camera&quot;:&quot;iPhone 7&quot;,&quot;caption&quot;:&quot;&quot;,&quot;created_timestamp&quot;:&quot;1617295727&quot;,&quot;copyright&quot;:&quot;&quot;,&quot;focal_length&quot;:&quot;3.99&quot;,&quot;iso&quot;:&quot;100&quot;,&quot;shutter_speed&quot;:&quot;0.090909090909091&quot;,&quot;title&quot;:&quot;&quot;,&quot;orientation&quot;:&quot;1&quot;}\" data-image-title=\"Poissons d&amp;rsquo;avril\" data-image-description=\"\" data-image-caption=\"\" data-large-file=\"https:\/\/i0.wp.com\/www.jojoenherbe.com\/wp-content\/uploads\/2021\/04\/Poissons-davril-scaled.jpg?fit=676%2C575\" class=\"alignleft size-thumbnail wp-image-16959\" src=\"https:\/\/i0.wp.com\/www.jojoenherbe.com\/wp-content\/uploads\/2021\/04\/Poissons-davril.jpg?resize=150%2C150\" alt=\"\" width=\"150\" height=\"150\" srcset=\"https:\/\/i0.wp.com\/www.jojoenherbe.com\/wp-content\/uploads\/2021\/04\/Poissons-davril-scaled.jpg?resize=150%2C150 150w, https:\/\/i0.wp.com\/www.jojoenherbe.com\/wp-content\/uploads\/2021\/04\/Poissons-davril-scaled.jpg?zoom=2&amp;resize=150%2C150 300w, https:\/\/i0.wp.com\/www.jojoenherbe.com\/wp-content\/uploads\/2021\/04\/Poissons-davril-scaled.jpg?zoom=3&amp;resize=150%2C150 450w\" sizes=\"auto, (max-width: 150px) 100vw, 150px\" \/><\/a><em>Ce <strong>1er avril 2021<\/strong>, nous avons fabriqu\u00e9 des poissons d&rsquo;avril avec de rouleaux de papier toilette et des feutres Posca. Nous avons donn\u00e9 \u00e0 certains l&rsquo;aspect de poissons japonais.<\/em><\/p>\n<p style=\"text-align: justify;\"><em>Nous avons \u00e9galement commenc\u00e9 \u00e0 lire quelques-uns des albums jeunesse \u00e0 partir de 3 ans de notre PAL. La veille, apr\u00e8s avoir pass\u00e9 l&rsquo;apr\u00e8s-midi \u00e0 aller r\u00e9cup\u00e9rer les livres dans trois annexes de la m\u00e9diath\u00e8que, nous avons lu pour l&rsquo;une des histoires du soir <span style=\"text-decoration: underline;\">Mercredi, c&rsquo;est raviolis!<\/span> de Makato Tachibana et Setsuko Hasegawa (\u00e9d. L&rsquo;\u00e9cole des loisirs, 2008). Le 1er avril, dans l&rsquo;apr\u00e8s-midi, nous avons lu <span style=\"text-decoration: underline;\">Tu rentres quand?<\/span> de Nagako Suzuki (\u00e9d. Nobi Nobi!, 2018) et <span style=\"text-decoration: underline;\">O\u00f9 est mon \u00e9toile?<\/span> de Satoe Tone (\u00e9d. Nobi Nobi!, 2015) puis pour les histoires du soir : <span style=\"text-decoration: underline;\">Le portrait de Nounours<\/span> de Mari Kasai et Chiaki Okada (\u00e9d. Nobi Nobi!, 2016) et une relecture avec <span style=\"text-decoration: underline;\">Pique-nique sous la pluie<\/span> de Naokata Mase (\u00e9d. Seuil Jeunesse, 2016).<\/em><\/p>\n<p style=\"text-align: justify;\"><em><a href=\"https:\/\/i0.wp.com\/www.jojoenherbe.com\/wp-content\/uploads\/2021\/04\/La-nostalgie-de-la-saison-qui-vient-de-nous-quitter-scaled.jpg\"><img data-recalc-dims=\"1\" loading=\"lazy\" decoding=\"async\" data-attachment-id=\"16964\" data-permalink=\"http:\/\/www.jojoenherbe.com\/index.php\/2021\/04\/01\/notre-pal-pour-un-mois-au-japon-2021\/la-nostalgie-de-la-saison-qui-vient-de-nous-quitter\/\" data-orig-file=\"https:\/\/i0.wp.com\/www.jojoenherbe.com\/wp-content\/uploads\/2021\/04\/La-nostalgie-de-la-saison-qui-vient-de-nous-quitter-scaled.jpg?fit=2560%2C1920\" data-orig-size=\"2560,1920\" data-comments-opened=\"1\" data-image-meta=\"{&quot;aperture&quot;:&quot;1.8&quot;,&quot;credit&quot;:&quot;&quot;,&quot;camera&quot;:&quot;iPhone 7&quot;,&quot;caption&quot;:&quot;&quot;,&quot;created_timestamp&quot;:&quot;1617375728&quot;,&quot;copyright&quot;:&quot;&quot;,&quot;focal_length&quot;:&quot;3.99&quot;,&quot;iso&quot;:&quot;100&quot;,&quot;shutter_speed&quot;:&quot;0.076923076923077&quot;,&quot;title&quot;:&quot;&quot;,&quot;orientation&quot;:&quot;1&quot;}\" data-image-title=\"La nostalgie de la saison qui vient de nous quitter\" data-image-description=\"\" data-image-caption=\"\" data-large-file=\"https:\/\/i0.wp.com\/www.jojoenherbe.com\/wp-content\/uploads\/2021\/04\/La-nostalgie-de-la-saison-qui-vient-de-nous-quitter-scaled.jpg?fit=676%2C507\" class=\"size-thumbnail wp-image-16964 alignright\" src=\"https:\/\/i0.wp.com\/www.jojoenherbe.com\/wp-content\/uploads\/2021\/04\/La-nostalgie-de-la-saison-qui-vient-de-nous-quitter.jpg?resize=150%2C150\" alt=\"\" width=\"150\" height=\"150\" srcset=\"https:\/\/i0.wp.com\/www.jojoenherbe.com\/wp-content\/uploads\/2021\/04\/La-nostalgie-de-la-saison-qui-vient-de-nous-quitter-scaled.jpg?resize=150%2C150 150w, https:\/\/i0.wp.com\/www.jojoenherbe.com\/wp-content\/uploads\/2021\/04\/La-nostalgie-de-la-saison-qui-vient-de-nous-quitter-scaled.jpg?zoom=2&amp;resize=150%2C150 300w, https:\/\/i0.wp.com\/www.jojoenherbe.com\/wp-content\/uploads\/2021\/04\/La-nostalgie-de-la-saison-qui-vient-de-nous-quitter-scaled.jpg?zoom=3&amp;resize=150%2C150 450w\" sizes=\"auto, (max-width: 150px) 100vw, 150px\" \/><\/a>Le <strong>2 avril<\/strong>, charm\u00e9e par le titre po\u00e9tique de ce livre, j&rsquo;ai lu ce que je pensais \u00eatre un roman court mais qui est plus exactement un essai sur le mot japonais \u00ab\u00a0Nagori\u00a0\u00bb et plus largement les saisons et leur temporalit\u00e9 cyclique confront\u00e9 \u00e0 la temporalit\u00e9 lin\u00e9aire des \u00eatres humains, \u00e0 travers les fruits et les l\u00e9gumes notamment:&nbsp;<span style=\"text-decoration: underline;\">Nagori, La nostalgie de la saison qui vient de nous quitter<\/span> de Ryoko Sekiguchi (\u00e9d. P.O.L., 2018, 137 pages). L&rsquo;autrice est \u00e0 la fois po\u00e8te et critique gastronomique. Je ne sais trop quoi en penser si ce n&rsquo;est une immersion dans la culture japonaise \u00e0 travers la richesse de ses mots saupoudr\u00e9e de gourmandises culinaires. <\/em><\/p>\n<p style=\"text-align: justify;\"><em><a href=\"https:\/\/i0.wp.com\/www.jojoenherbe.com\/wp-content\/uploads\/2021\/04\/Tu-rentres-quand-scaled.jpg\"><img data-recalc-dims=\"1\" loading=\"lazy\" decoding=\"async\" data-attachment-id=\"16934\" data-permalink=\"http:\/\/www.jojoenherbe.com\/index.php\/2021\/04\/01\/notre-pal-pour-un-mois-au-japon-2021\/tu-rentres-quand\/\" data-orig-file=\"https:\/\/i0.wp.com\/www.jojoenherbe.com\/wp-content\/uploads\/2021\/04\/Tu-rentres-quand-scaled.jpg?fit=2560%2C1920\" data-orig-size=\"2560,1920\" data-comments-opened=\"1\" data-image-meta=\"{&quot;aperture&quot;:&quot;1.8&quot;,&quot;credit&quot;:&quot;&quot;,&quot;camera&quot;:&quot;iPhone 7&quot;,&quot;caption&quot;:&quot;&quot;,&quot;created_timestamp&quot;:&quot;1617276046&quot;,&quot;copyright&quot;:&quot;&quot;,&quot;focal_length&quot;:&quot;3.99&quot;,&quot;iso&quot;:&quot;100&quot;,&quot;shutter_speed&quot;:&quot;0.071428571428571&quot;,&quot;title&quot;:&quot;&quot;,&quot;orientation&quot;:&quot;1&quot;}\" data-image-title=\"Tu rentres quand\" data-image-description=\"\" data-image-caption=\"\" data-large-file=\"https:\/\/i0.wp.com\/www.jojoenherbe.com\/wp-content\/uploads\/2021\/04\/Tu-rentres-quand-scaled.jpg?fit=676%2C507\" class=\"size-thumbnail wp-image-16934 alignleft\" src=\"https:\/\/i0.wp.com\/www.jojoenherbe.com\/wp-content\/uploads\/2021\/04\/Tu-rentres-quand.jpg?resize=150%2C150\" alt=\"\" width=\"150\" height=\"150\" srcset=\"https:\/\/i0.wp.com\/www.jojoenherbe.com\/wp-content\/uploads\/2021\/04\/Tu-rentres-quand-scaled.jpg?resize=150%2C150 150w, https:\/\/i0.wp.com\/www.jojoenherbe.com\/wp-content\/uploads\/2021\/04\/Tu-rentres-quand-scaled.jpg?zoom=2&amp;resize=150%2C150 300w, https:\/\/i0.wp.com\/www.jojoenherbe.com\/wp-content\/uploads\/2021\/04\/Tu-rentres-quand-scaled.jpg?zoom=3&amp;resize=150%2C150 450w\" sizes=\"auto, (max-width: 150px) 100vw, 150px\" \/><\/a>C\u00f4t\u00e9 lecture jeunesse, nous avons relu pour l&rsquo;une des histoires du soir <a href=\"http:\/\/www.jojoenherbe.com\/index.php\/2021\/04\/04\/au-fil-des-pages-avec-tu-rentres-quand\/\"><span style=\"text-decoration: underline;\">Tu rentres quand?<\/span><\/a> de Nagako Suzuki qui avait donn\u00e9 l&rsquo;id\u00e9e \u00e0 mon mini lutin hier de faire un g\u00e2teau aux yaourts \u00e0 son p\u00e8re, ce que nous avons finalement cet apr\u00e8s-midi apr\u00e8s l&rsquo;\u00e9cole. L&rsquo;histoire est toute mignonne et gourmande avec des illustrations douces et aux couleurs automnales. Apr\u00e8s avoir pr\u00e9par\u00e9 un g\u00e2teau d&rsquo;anniversaire pour son p\u00e8re, une petite fille attend avec impatience son retour.&nbsp;<\/em><\/p>\n<ul>\n<li style=\"text-align: justify;\"><em><a href=\"https:\/\/i0.wp.com\/www.jojoenherbe.com\/wp-content\/uploads\/2021\/04\/PAL-Un-mois-au-Japon-2021-scaled.jpg\"><img data-recalc-dims=\"1\" loading=\"lazy\" decoding=\"async\" data-attachment-id=\"16890\" data-permalink=\"http:\/\/www.jojoenherbe.com\/index.php\/2021\/04\/01\/billet-de-suivi-un-mois-au-japon-2021\/pal-un-mois-au-japon-2021\/\" data-orig-file=\"https:\/\/i0.wp.com\/www.jojoenherbe.com\/wp-content\/uploads\/2021\/04\/PAL-Un-mois-au-Japon-2021-scaled.jpg?fit=2560%2C1930\" data-orig-size=\"2560,1930\" data-comments-opened=\"1\" data-image-meta=\"{&quot;aperture&quot;:&quot;1.8&quot;,&quot;credit&quot;:&quot;&quot;,&quot;camera&quot;:&quot;iPhone 7&quot;,&quot;caption&quot;:&quot;&quot;,&quot;created_timestamp&quot;:&quot;1617212425&quot;,&quot;copyright&quot;:&quot;&quot;,&quot;focal_length&quot;:&quot;3.99&quot;,&quot;iso&quot;:&quot;40&quot;,&quot;shutter_speed&quot;:&quot;0.05&quot;,&quot;title&quot;:&quot;&quot;,&quot;orientation&quot;:&quot;1&quot;}\" data-image-title=\"PAL Un mois au Japon 2021\" data-image-description=\"\" data-image-caption=\"\" data-large-file=\"https:\/\/i0.wp.com\/www.jojoenherbe.com\/wp-content\/uploads\/2021\/04\/PAL-Un-mois-au-Japon-2021-scaled.jpg?fit=676%2C510\" class=\"size-thumbnail wp-image-16890 alignright\" src=\"https:\/\/i0.wp.com\/www.jojoenherbe.com\/wp-content\/uploads\/2021\/04\/PAL-Un-mois-au-Japon-2021.jpg?resize=150%2C150\" alt=\"\" width=\"150\" height=\"150\" srcset=\"https:\/\/i0.wp.com\/www.jojoenherbe.com\/wp-content\/uploads\/2021\/04\/PAL-Un-mois-au-Japon-2021-scaled.jpg?resize=150%2C150 150w, https:\/\/i0.wp.com\/www.jojoenherbe.com\/wp-content\/uploads\/2021\/04\/PAL-Un-mois-au-Japon-2021-scaled.jpg?zoom=2&amp;resize=150%2C150 300w, https:\/\/i0.wp.com\/www.jojoenherbe.com\/wp-content\/uploads\/2021\/04\/PAL-Un-mois-au-Japon-2021-scaled.jpg?zoom=3&amp;resize=150%2C150 450w\" sizes=\"auto, (max-width: 150px) 100vw, 150px\" \/><\/a>1er avril\/pr\u00e9sentation de <a href=\"http:\/\/www.jojoenherbe.com\/index.php\/2021\/04\/01\/notre-pal-pour-un-mois-au-japon-2021\/\">notre PAL<\/a><\/em><\/li>\n<li style=\"text-align: justify;\"><em><a href=\"https:\/\/i0.wp.com\/www.jojoenherbe.com\/wp-content\/uploads\/2020\/07\/Konbini-scaled.jpg\"><img data-recalc-dims=\"1\" loading=\"lazy\" decoding=\"async\" data-attachment-id=\"11458\" data-permalink=\"http:\/\/www.jojoenherbe.com\/index.php\/2020\/07\/03\/un-rat-pour-les-etapes-indiennes\/konbini\/\" data-orig-file=\"https:\/\/i0.wp.com\/www.jojoenherbe.com\/wp-content\/uploads\/2020\/07\/Konbini-scaled.jpg?fit=2560%2C1920\" data-orig-size=\"2560,1920\" data-comments-opened=\"1\" data-image-meta=\"{&quot;aperture&quot;:&quot;1.8&quot;,&quot;credit&quot;:&quot;&quot;,&quot;camera&quot;:&quot;iPhone 7&quot;,&quot;caption&quot;:&quot;&quot;,&quot;created_timestamp&quot;:&quot;1593981645&quot;,&quot;copyright&quot;:&quot;&quot;,&quot;focal_length&quot;:&quot;3.99&quot;,&quot;iso&quot;:&quot;200&quot;,&quot;shutter_speed&quot;:&quot;0.25&quot;,&quot;title&quot;:&quot;&quot;,&quot;orientation&quot;:&quot;1&quot;}\" data-image-title=\"Konbini\" data-image-description=\"\" data-image-caption=\"\" data-large-file=\"https:\/\/i0.wp.com\/www.jojoenherbe.com\/wp-content\/uploads\/2020\/07\/Konbini-scaled.jpg?fit=676%2C507\" class=\"size-thumbnail wp-image-11458 alignleft\" src=\"https:\/\/i0.wp.com\/www.jojoenherbe.com\/wp-content\/uploads\/2020\/07\/Konbini.jpg?resize=150%2C150\" alt=\"\" width=\"150\" height=\"150\" srcset=\"https:\/\/i0.wp.com\/www.jojoenherbe.com\/wp-content\/uploads\/2020\/07\/Konbini-scaled.jpg?resize=150%2C150 150w, https:\/\/i0.wp.com\/www.jojoenherbe.com\/wp-content\/uploads\/2020\/07\/Konbini-scaled.jpg?zoom=2&amp;resize=150%2C150 300w, https:\/\/i0.wp.com\/www.jojoenherbe.com\/wp-content\/uploads\/2020\/07\/Konbini-scaled.jpg?zoom=3&amp;resize=150%2C150 450w\" sizes=\"auto, (max-width: 150px) 100vw, 150px\" \/><\/a>2 avril: un roman court ou une nouvelle: <a href=\"http:\/\/www.jojoenherbe.com\/index.php\/2020\/07\/25\/au-fil-des-pages-avec-konbini\/\"><span style=\"text-decoration: underline;\">Konbini<\/span><\/a> \u00e9galement paru sous le titre <span style=\"text-decoration: underline;\">La fille de la sup\u00e9rette<\/span> de Sayaka Murata (\u00e9d. Deno\u00ebl, 2018), un roman court que j&rsquo;avais lu l&rsquo;\u00e9t\u00e9 dernier<br \/>\n<\/em><\/li>\n<li style=\"text-align: justify;\"><em>3 avril: atelier bricolage\/loisirs cr\u00e9atifs <span lang=\"FR\">(carte, origami, kokeshi\u2026): <a href=\"http:\/\/www.jojoenherbe.com\/index.php\/2021\/04\/03\/des-poissons-davril-japonais-diy\/\">des poissons d&rsquo;avril japonais&nbsp; DIY<\/a><br \/>\n<\/span><\/em><\/li>\n<li style=\"text-align: justify;\"><em><a href=\"https:\/\/i0.wp.com\/www.jojoenherbe.com\/wp-content\/uploads\/2021\/04\/Reveilles-les-premiers-scaled.jpg\"><img data-recalc-dims=\"1\" loading=\"lazy\" decoding=\"async\" data-attachment-id=\"16992\" data-permalink=\"http:\/\/www.jojoenherbe.com\/index.php\/2021\/04\/03\/au-fil-des-pages-avec-reveilles-les-premiers\/reveilles-les-premiers\/\" data-orig-file=\"https:\/\/i0.wp.com\/www.jojoenherbe.com\/wp-content\/uploads\/2021\/04\/Reveilles-les-premiers-scaled.jpg?fit=2560%2C1809\" data-orig-size=\"2560,1809\" data-comments-opened=\"1\" data-image-meta=\"{&quot;aperture&quot;:&quot;1.8&quot;,&quot;credit&quot;:&quot;&quot;,&quot;camera&quot;:&quot;iPhone 7&quot;,&quot;caption&quot;:&quot;&quot;,&quot;created_timestamp&quot;:&quot;1613570891&quot;,&quot;copyright&quot;:&quot;&quot;,&quot;focal_length&quot;:&quot;3.99&quot;,&quot;iso&quot;:&quot;64&quot;,&quot;shutter_speed&quot;:&quot;0.058823529411765&quot;,&quot;title&quot;:&quot;&quot;,&quot;orientation&quot;:&quot;1&quot;}\" data-image-title=\"R\u00e9veill\u00e9s les premiers!\" data-image-description=\"\" data-image-caption=\"\" data-large-file=\"https:\/\/i0.wp.com\/www.jojoenherbe.com\/wp-content\/uploads\/2021\/04\/Reveilles-les-premiers-scaled.jpg?fit=676%2C477\" class=\"alignright wp-image-16992 size-thumbnail\" src=\"https:\/\/i0.wp.com\/www.jojoenherbe.com\/wp-content\/uploads\/2021\/04\/Reveilles-les-premiers.jpg?resize=150%2C150\" alt=\"\" width=\"150\" height=\"150\" srcset=\"https:\/\/i0.wp.com\/www.jojoenherbe.com\/wp-content\/uploads\/2021\/04\/Reveilles-les-premiers-scaled.jpg?resize=150%2C150 150w, https:\/\/i0.wp.com\/www.jojoenherbe.com\/wp-content\/uploads\/2021\/04\/Reveilles-les-premiers-scaled.jpg?zoom=2&amp;resize=150%2C150 300w, https:\/\/i0.wp.com\/www.jojoenherbe.com\/wp-content\/uploads\/2021\/04\/Reveilles-les-premiers-scaled.jpg?zoom=3&amp;resize=150%2C150 450w\" sizes=\"auto, (max-width: 150px) 100vw, 150px\" \/><\/a>Album jeunesse: <a href=\"http:\/\/www.jojoenherbe.com\/index.php\/2021\/04\/03\/au-fil-des-pages-avec-reveilles-les-premiers\/\"><span style=\"text-decoration: underline;\">R\u00e9veill\u00e9s les premiers!<\/span><\/a> de Komako Saka\u00ef (\u00e9d. L&rsquo;\u00e9cole des loisirs, 2013), un album jeunesse \u00e0 partir de 3 ans<\/em><\/li>\n<li style=\"text-align: justify;\"><em>4 avril: gourmandises\/livre gourmand <span lang=\"FR\">(roman, BD, livre de recettes): <a href=\"http:\/\/www.jojoenherbe.com\/index.php\/2021\/04\/04\/au-fil-des-pages-avec-tu-rentres-quand\/\"><span style=\"text-decoration: underline;\">Tu rentres quand?<\/span><\/a> de Nagako Suzuki (\u00e9d. Nobi Nobi!, 2018), un album jeunesse \u00e0 partir de 3 ans<br \/>\n<\/span><\/em><\/li>\n<\/ul>\n<p style=\"text-align: justify;\"><em><a href=\"https:\/\/i0.wp.com\/www.jojoenherbe.com\/wp-content\/uploads\/2021\/04\/Ramen-scaled.jpg\"><img data-recalc-dims=\"1\" loading=\"lazy\" decoding=\"async\" data-attachment-id=\"17036\" data-permalink=\"http:\/\/www.jojoenherbe.com\/index.php\/2021\/04\/01\/billet-de-suivi-un-mois-au-japon-2021\/ramen\/\" data-orig-file=\"https:\/\/i0.wp.com\/www.jojoenherbe.com\/wp-content\/uploads\/2021\/04\/Ramen-scaled.jpg?fit=2560%2C1920\" data-orig-size=\"2560,1920\" data-comments-opened=\"1\" data-image-meta=\"{&quot;aperture&quot;:&quot;1.8&quot;,&quot;credit&quot;:&quot;&quot;,&quot;camera&quot;:&quot;iPhone 7&quot;,&quot;caption&quot;:&quot;&quot;,&quot;created_timestamp&quot;:&quot;1617476409&quot;,&quot;copyright&quot;:&quot;&quot;,&quot;focal_length&quot;:&quot;3.99&quot;,&quot;iso&quot;:&quot;125&quot;,&quot;shutter_speed&quot;:&quot;0.25&quot;,&quot;title&quot;:&quot;&quot;,&quot;orientation&quot;:&quot;1&quot;}\" data-image-title=\"Ramen\" data-image-description=\"\" data-image-caption=\"\" data-large-file=\"https:\/\/i0.wp.com\/www.jojoenherbe.com\/wp-content\/uploads\/2021\/04\/Ramen-scaled.jpg?fit=676%2C507\" class=\"alignleft size-thumbnail wp-image-17036\" src=\"https:\/\/i0.wp.com\/www.jojoenherbe.com\/wp-content\/uploads\/2021\/04\/Ramen.jpg?resize=150%2C150\" alt=\"\" width=\"150\" height=\"150\" srcset=\"https:\/\/i0.wp.com\/www.jojoenherbe.com\/wp-content\/uploads\/2021\/04\/Ramen-scaled.jpg?resize=150%2C150 150w, https:\/\/i0.wp.com\/www.jojoenherbe.com\/wp-content\/uploads\/2021\/04\/Ramen-scaled.jpg?zoom=2&amp;resize=150%2C150 300w, https:\/\/i0.wp.com\/www.jojoenherbe.com\/wp-content\/uploads\/2021\/04\/Ramen-scaled.jpg?zoom=3&amp;resize=150%2C150 450w\" sizes=\"auto, (max-width: 150px) 100vw, 150px\" \/><\/a>En ce <strong>3 avril<\/strong>, pour le repas du soir, nous faisons un ramen, plat typiquement japonais que nous faisons r\u00e9guli\u00e8rement, surtout en hiver et avec des nouilles, des \u0153ufs, de la coriandre fra\u00eeche, de la ciboulette fra\u00eeche, des raviolis frits, de la sauce soja, un bouillon de cube, de l&rsquo;huile de s\u00e9same&#8230;<\/em><\/p>\n<p><strong><em><span style=\"text-decoration: underline;\">Semaine 2 du Mois au Japon<\/span>:<\/em><\/strong><\/p>\n<p style=\"text-align: justify;\"><em><a href=\"https:\/\/i0.wp.com\/www.jojoenherbe.com\/wp-content\/uploads\/2021\/04\/Les-Amants-Papillons-scaled.jpg\"><img data-recalc-dims=\"1\" loading=\"lazy\" decoding=\"async\" data-attachment-id=\"16929\" data-permalink=\"http:\/\/www.jojoenherbe.com\/index.php\/2021\/04\/01\/notre-pal-pour-un-mois-au-japon-2021\/les-amants-papillons\/\" data-orig-file=\"https:\/\/i0.wp.com\/www.jojoenherbe.com\/wp-content\/uploads\/2021\/04\/Les-Amants-Papillons-scaled.jpg?fit=2560%2C1920\" data-orig-size=\"2560,1920\" data-comments-opened=\"1\" data-image-meta=\"{&quot;aperture&quot;:&quot;1.8&quot;,&quot;credit&quot;:&quot;&quot;,&quot;camera&quot;:&quot;iPhone 7&quot;,&quot;caption&quot;:&quot;&quot;,&quot;created_timestamp&quot;:&quot;1617276159&quot;,&quot;copyright&quot;:&quot;&quot;,&quot;focal_length&quot;:&quot;3.99&quot;,&quot;iso&quot;:&quot;80&quot;,&quot;shutter_speed&quot;:&quot;0.14285714285714&quot;,&quot;title&quot;:&quot;&quot;,&quot;orientation&quot;:&quot;1&quot;}\" data-image-title=\"Les Amants Papillons\" data-image-description=\"\" data-image-caption=\"\" data-large-file=\"https:\/\/i0.wp.com\/www.jojoenherbe.com\/wp-content\/uploads\/2021\/04\/Les-Amants-Papillons-scaled.jpg?fit=676%2C507\" class=\"size-thumbnail wp-image-16929 alignright\" src=\"https:\/\/i0.wp.com\/www.jojoenherbe.com\/wp-content\/uploads\/2021\/04\/Les-Amants-Papillons.jpg?resize=150%2C150\" alt=\"\" width=\"150\" height=\"150\" srcset=\"https:\/\/i0.wp.com\/www.jojoenherbe.com\/wp-content\/uploads\/2021\/04\/Les-Amants-Papillons-scaled.jpg?resize=150%2C150 150w, https:\/\/i0.wp.com\/www.jojoenherbe.com\/wp-content\/uploads\/2021\/04\/Les-Amants-Papillons-scaled.jpg?zoom=2&amp;resize=150%2C150 300w, https:\/\/i0.wp.com\/www.jojoenherbe.com\/wp-content\/uploads\/2021\/04\/Les-Amants-Papillons-scaled.jpg?zoom=3&amp;resize=150%2C150 450w\" sizes=\"auto, (max-width: 150px) 100vw, 150px\" \/><\/a>En ce&nbsp; <strong>5 avril<\/strong>, je d\u00e9bute la deuxi\u00e8me semaine d&rsquo;Un Mois au Japon avec un album jeunesse pour un lectorat plut\u00f4t adolescent avec <a href=\"http:\/\/www.jojoenherbe.com\/index.php\/2021\/04\/06\/au-fil-des-pages-avec-les-amants-papillons\/\"><span style=\"text-decoration: underline;\">Les amants papillons<\/span><\/a> de Benjamin Lacombe (\u00e9d. Seuil Jeunesse, 2007), un album jeunesse grand format pour les 6\/9 ans selon l\u2019\u00e9diteur mais class\u00e9 dans la section Ado de notre m\u00e9diath\u00e8que. Il s&rsquo;agit d&rsquo;une histoire d&rsquo;amour tragique magnifiquement illustr\u00e9e et inspir\u00e9e d&rsquo;une ancienne l\u00e9gende chinoise. <\/em><\/p>\n<p style=\"text-align: justify;\"><em><a href=\"https:\/\/i0.wp.com\/www.jojoenherbe.com\/wp-content\/uploads\/2019\/03\/A-table.jpg\"><img data-recalc-dims=\"1\" loading=\"lazy\" decoding=\"async\" data-attachment-id=\"5147\" data-permalink=\"http:\/\/www.jojoenherbe.com\/index.php\/2019\/03\/20\/au-fil-des-pages-sur-le-theme-du-printemps\/a-table\/\" data-orig-file=\"https:\/\/i0.wp.com\/www.jojoenherbe.com\/wp-content\/uploads\/2019\/03\/A-table.jpg?fit=2444%2C2689\" data-orig-size=\"2444,2689\" data-comments-opened=\"1\" data-image-meta=\"{&quot;aperture&quot;:&quot;2.4&quot;,&quot;credit&quot;:&quot;&quot;,&quot;camera&quot;:&quot;iPhone 4S&quot;,&quot;caption&quot;:&quot;&quot;,&quot;created_timestamp&quot;:&quot;1553102842&quot;,&quot;copyright&quot;:&quot;&quot;,&quot;focal_length&quot;:&quot;4.28&quot;,&quot;iso&quot;:&quot;200&quot;,&quot;shutter_speed&quot;:&quot;0.05&quot;,&quot;title&quot;:&quot;&quot;,&quot;orientation&quot;:&quot;1&quot;}\" data-image-title=\"A table\" data-image-description=\"\" data-image-caption=\"\" data-large-file=\"https:\/\/i0.wp.com\/www.jojoenherbe.com\/wp-content\/uploads\/2019\/03\/A-table.jpg?fit=676%2C744\" class=\"alignleft size-thumbnail wp-image-5147\" src=\"https:\/\/i0.wp.com\/www.jojoenherbe.com\/wp-content\/uploads\/2019\/03\/A-table.jpg?resize=150%2C150\" alt=\"\" width=\"150\" height=\"150\" srcset=\"https:\/\/i0.wp.com\/www.jojoenherbe.com\/wp-content\/uploads\/2019\/03\/A-table.jpg?resize=150%2C150 150w, https:\/\/i0.wp.com\/www.jojoenherbe.com\/wp-content\/uploads\/2019\/03\/A-table.jpg?zoom=2&amp;resize=150%2C150 300w, https:\/\/i0.wp.com\/www.jojoenherbe.com\/wp-content\/uploads\/2019\/03\/A-table.jpg?zoom=3&amp;resize=150%2C150 450w\" sizes=\"auto, (max-width: 150px) 100vw, 150px\" \/><\/a>Le <strong>6 avril<\/strong>, pour l&rsquo;une des histoires du soir, nous relisons un douce et tendre histoire d&rsquo;un auteur japonais, <a href=\"http:\/\/www.jojoenherbe.com\/index.php\/2019\/03\/20\/au-fil-des-pages-sur-le-theme-du-printemps\/\"><span style=\"text-decoration: underline;\">\u00c0 table!<\/span><\/a> de Kazuo Iwamura (\u00e9d. Mijade, 2016), un album jeunesse \u00e0 partir de 3 ans. Il s&rsquo;agit de la rencontre printani\u00e8re des trois \u00e9cureuils Nic, Nac et Noc avec un oisillon affam\u00e9 qui attend le retour de sa m\u00e8re.<\/em><\/p>\n<p style=\"text-align: justify;\"><em>Le <strong>9 avril<\/strong>, nous lisons des albums jeunesse: <span style=\"text-decoration: underline;\">Quand<\/span><span style=\"text-decoration: underline;\"> il fait nuit<\/span> d&rsquo;Akiko Miyakoshi (\u00e9d. Syros, 2016), \u00e0 partir de 3 ans et <span style=\"text-decoration: underline;\">Le Japon d&rsquo;Anno<\/span> d&rsquo;Anno Mitsumana (\u00e9d. L&rsquo;\u00e9cole des loisirs, 2014), \u00e0 partir de 8 ans.<br \/>\n<\/em><\/p>\n<ul>\n<li style=\"text-align: justify;\"><em>5 avril: un titre publi\u00e9 aux \u00e9ditions Actes Sud<\/em><\/li>\n<li style=\"text-align: justify;\"><em>6 avril: un roman jeunesse au choix<\/em><\/li>\n<li style=\"text-align: justify;\"><em>Album jeunesse: <a href=\"http:\/\/www.jojoenherbe.com\/index.php\/2021\/04\/06\/au-fil-des-pages-avec-les-amants-papillons\/\"><span style=\"text-decoration: underline;\">Les amants papillons<\/span><\/a> de Benjamin Lacombe (\u00e9d. Seuil Jeunesse, 2007), un album jeunesse grand format <\/em><\/li>\n<li style=\"text-align: justify;\"><em><span lang=\"FR\"><a href=\"https:\/\/i0.wp.com\/www.jojoenherbe.com\/wp-content\/uploads\/2021\/03\/Pique-nique-sous-la-pluie-scaled.jpg\"><img data-recalc-dims=\"1\" loading=\"lazy\" decoding=\"async\" data-attachment-id=\"16613\" data-permalink=\"http:\/\/www.jojoenherbe.com\/index.php\/2021\/03\/19\/rat-british-mysteries-2021\/pique-nique-sous-la-pluie\/\" data-orig-file=\"https:\/\/i0.wp.com\/www.jojoenherbe.com\/wp-content\/uploads\/2021\/03\/Pique-nique-sous-la-pluie-scaled.jpg?fit=2560%2C1920\" data-orig-size=\"2560,1920\" data-comments-opened=\"1\" data-image-meta=\"{&quot;aperture&quot;:&quot;1.8&quot;,&quot;credit&quot;:&quot;&quot;,&quot;camera&quot;:&quot;iPhone 7&quot;,&quot;caption&quot;:&quot;&quot;,&quot;created_timestamp&quot;:&quot;1616158738&quot;,&quot;copyright&quot;:&quot;&quot;,&quot;focal_length&quot;:&quot;3.99&quot;,&quot;iso&quot;:&quot;50&quot;,&quot;shutter_speed&quot;:&quot;0.058823529411765&quot;,&quot;title&quot;:&quot;&quot;,&quot;orientation&quot;:&quot;1&quot;}\" data-image-title=\"Pique-nique sous la pluie\" data-image-description=\"\" data-image-caption=\"\" data-large-file=\"https:\/\/i0.wp.com\/www.jojoenherbe.com\/wp-content\/uploads\/2021\/03\/Pique-nique-sous-la-pluie-scaled.jpg?fit=676%2C507\" class=\"size-thumbnail wp-image-16613 alignright\" src=\"https:\/\/i0.wp.com\/www.jojoenherbe.com\/wp-content\/uploads\/2021\/03\/Pique-nique-sous-la-pluie.jpg?resize=150%2C150\" alt=\"\" width=\"150\" height=\"150\" srcset=\"https:\/\/i0.wp.com\/www.jojoenherbe.com\/wp-content\/uploads\/2021\/03\/Pique-nique-sous-la-pluie-scaled.jpg?resize=150%2C150 150w, https:\/\/i0.wp.com\/www.jojoenherbe.com\/wp-content\/uploads\/2021\/03\/Pique-nique-sous-la-pluie-scaled.jpg?zoom=2&amp;resize=150%2C150 300w, https:\/\/i0.wp.com\/www.jojoenherbe.com\/wp-content\/uploads\/2021\/03\/Pique-nique-sous-la-pluie-scaled.jpg?zoom=3&amp;resize=150%2C150 450w\" sizes=\"auto, (max-width: 150px) 100vw, 150px\" \/><\/a>7 avril : manga\/BD ou album jeunesse au choix: <a href=\"http:\/\/www.jojoenherbe.com\/index.php\/2021\/04\/07\/au-fil-des-pages-avec-pique-nique-sous-la-pluie\/\"><span style=\"text-decoration: underline;\">Pique-nique sous la pluie<\/span><\/a> de Naokata Mase (\u00e9d. Seuil Jeunesse, 2016), un album jeunesse \u00e0 partir de 3 ans et avec des d\u00e9coupes<br \/>\n<\/span><\/em><\/li>\n<li style=\"text-align: justify;\"><em><span lang=\"FR\"><a href=\"https:\/\/i0.wp.com\/www.jojoenherbe.com\/wp-content\/uploads\/2021\/04\/Kokeshi-DIY-2-scaled.jpg\"><img data-recalc-dims=\"1\" loading=\"lazy\" decoding=\"async\" data-attachment-id=\"17141\" data-permalink=\"http:\/\/www.jojoenherbe.com\/index.php\/2021\/04\/08\/des-kokeshi-diy\/kokeshi-diy-2\/\" data-orig-file=\"https:\/\/i0.wp.com\/www.jojoenherbe.com\/wp-content\/uploads\/2021\/04\/Kokeshi-DIY-2-scaled.jpg?fit=2398%2C2560\" data-orig-size=\"2398,2560\" data-comments-opened=\"1\" data-image-meta=\"{&quot;aperture&quot;:&quot;1.8&quot;,&quot;credit&quot;:&quot;&quot;,&quot;camera&quot;:&quot;iPhone 7&quot;,&quot;caption&quot;:&quot;&quot;,&quot;created_timestamp&quot;:&quot;1617880020&quot;,&quot;copyright&quot;:&quot;&quot;,&quot;focal_length&quot;:&quot;3.99&quot;,&quot;iso&quot;:&quot;80&quot;,&quot;shutter_speed&quot;:&quot;0.2&quot;,&quot;title&quot;:&quot;&quot;,&quot;orientation&quot;:&quot;1&quot;}\" data-image-title=\"Kokeshi DIY 2\" data-image-description=\"\" data-image-caption=\"\" data-large-file=\"https:\/\/i0.wp.com\/www.jojoenherbe.com\/wp-content\/uploads\/2021\/04\/Kokeshi-DIY-2-scaled.jpg?fit=676%2C722\" class=\"alignleft size-thumbnail wp-image-17141\" src=\"https:\/\/i0.wp.com\/www.jojoenherbe.com\/wp-content\/uploads\/2021\/04\/Kokeshi-DIY-2.jpg?resize=150%2C150\" alt=\"\" width=\"150\" height=\"150\" srcset=\"https:\/\/i0.wp.com\/www.jojoenherbe.com\/wp-content\/uploads\/2021\/04\/Kokeshi-DIY-2-scaled.jpg?resize=150%2C150 150w, https:\/\/i0.wp.com\/www.jojoenherbe.com\/wp-content\/uploads\/2021\/04\/Kokeshi-DIY-2-scaled.jpg?zoom=2&amp;resize=150%2C150 300w, https:\/\/i0.wp.com\/www.jojoenherbe.com\/wp-content\/uploads\/2021\/04\/Kokeshi-DIY-2-scaled.jpg?zoom=3&amp;resize=150%2C150 450w\" sizes=\"auto, (max-width: 150px) 100vw, 150px\" \/><\/a>8 avril&nbsp;&nbsp;: atelier bricolage\/loisirs cr\u00e9atifs (carte, origami, kokeshi\u2026): <a href=\"http:\/\/www.jojoenherbe.com\/index.php\/2021\/04\/08\/des-kokeshi-diy\/\">des Kokeshi DIY<\/a><br \/>\n<\/span><\/em><\/li>\n<li style=\"text-align: justify;\"><em><span lang=\"FR\">9 avril : livre ou photos sur le Japon (r\u00e9gions, villes, jardins japonais\u2026)<\/span><\/em><\/li>\n<\/ul>\n<p style=\"text-align: justify;\"><em><img data-recalc-dims=\"1\" loading=\"lazy\" decoding=\"async\" data-attachment-id=\"17287\" data-permalink=\"http:\/\/www.jojoenherbe.com\/index.php\/2021\/04\/01\/billet-de-suivi-un-mois-au-japon-2021\/kaguyahime\/\" data-orig-file=\"https:\/\/i0.wp.com\/www.jojoenherbe.com\/wp-content\/uploads\/2021\/04\/kaguyahime.jpg?fit=400%2C566\" data-orig-size=\"400,566\" data-comments-opened=\"1\" data-image-meta=\"{&quot;aperture&quot;:&quot;0&quot;,&quot;credit&quot;:&quot;&quot;,&quot;camera&quot;:&quot;&quot;,&quot;caption&quot;:&quot;&quot;,&quot;created_timestamp&quot;:&quot;0&quot;,&quot;copyright&quot;:&quot;&quot;,&quot;focal_length&quot;:&quot;0&quot;,&quot;iso&quot;:&quot;0&quot;,&quot;shutter_speed&quot;:&quot;0&quot;,&quot;title&quot;:&quot;&quot;,&quot;orientation&quot;:&quot;0&quot;}\" data-image-title=\"kaguyahime\" data-image-description=\"\" data-image-caption=\"\" data-large-file=\"https:\/\/i0.wp.com\/www.jojoenherbe.com\/wp-content\/uploads\/2021\/04\/kaguyahime.jpg?fit=400%2C566\" class=\"size-thumbnail wp-image-17287 alignright\" src=\"https:\/\/i0.wp.com\/www.jojoenherbe.com\/wp-content\/uploads\/2021\/04\/kaguyahime.jpg?resize=150%2C150\" alt=\"\" width=\"150\" height=\"150\" srcset=\"https:\/\/i0.wp.com\/www.jojoenherbe.com\/wp-content\/uploads\/2021\/04\/kaguyahime.jpg?resize=150%2C150 150w, https:\/\/i0.wp.com\/www.jojoenherbe.com\/wp-content\/uploads\/2021\/04\/kaguyahime.jpg?zoom=2&amp;resize=150%2C150 300w\" sizes=\"auto, (max-width: 150px) 100vw, 150px\" \/>Le <strong>10 avril 2021<\/strong>, je commence \u00e0 lire un roman policier japonais, <span style=\"text-decoration: underline;\">Un caf\u00e9 maison<\/span> de Keigo Higashino (\u00e9d. Actes Sud, coll. Actes noirs, 2012) jusqu&rsquo;au chapitre 11. Il s&rsquo;agit d&rsquo;une enqu\u00eate polici\u00e8re diligent\u00e9e apr\u00e8s le d\u00e9c\u00e8s d&rsquo;un homme qui \u00e9t\u00e9 empoisonn\u00e9 \u00e0 l&rsquo;arsenic. Pour les histoires du soir, nous relisons <span style=\"text-decoration: underline;\">Tu rentres quand?<\/span> et <span style=\"text-decoration: underline;\">Le portrait de Nounours<\/span>. <\/em><em>Puis en soir\u00e9e, je regarde pour la Journ\u00e9e d\u00e9di\u00e9e \u00e0 Isao Takahata, le cofondateur des studios Ghibli avec Hayao Miyazaki, <span lang=\"FR\"><span style=\"text-decoration: underline;\">Le conte de la princesse Kaguya<\/span>, film d&rsquo;animation japonais de 2013 et s&rsquo;inspirant d&rsquo;un conte traditionnel japonais, le conte du coupeur de bambou.<\/span><\/em><\/p>\n<ul>\n<li style=\"text-align: justify;\"><em><span lang=\"FR\">10 avril&nbsp;&nbsp;: un film d\u2019Isao Takahata: <span style=\"text-decoration: underline;\">Le conte de la princesse Kaguya<\/span><br \/>\n<\/span><\/em><\/li>\n<li style=\"text-align: justify;\"><em><span lang=\"FR\"><a href=\"https:\/\/i0.wp.com\/www.jojoenherbe.com\/wp-content\/uploads\/2021\/04\/Mercredi-cest-raviolis-scaled.jpg\"><img data-recalc-dims=\"1\" loading=\"lazy\" decoding=\"async\" data-attachment-id=\"16930\" data-permalink=\"http:\/\/www.jojoenherbe.com\/index.php\/2021\/04\/01\/notre-pal-pour-un-mois-au-japon-2021\/mercredi-cest-raviolis\/\" data-orig-file=\"https:\/\/i0.wp.com\/www.jojoenherbe.com\/wp-content\/uploads\/2021\/04\/Mercredi-cest-raviolis-scaled.jpg?fit=2560%2C1920\" data-orig-size=\"2560,1920\" data-comments-opened=\"1\" data-image-meta=\"{&quot;aperture&quot;:&quot;1.8&quot;,&quot;credit&quot;:&quot;&quot;,&quot;camera&quot;:&quot;iPhone 7&quot;,&quot;caption&quot;:&quot;&quot;,&quot;created_timestamp&quot;:&quot;1617276125&quot;,&quot;copyright&quot;:&quot;&quot;,&quot;focal_length&quot;:&quot;3.99&quot;,&quot;iso&quot;:&quot;100&quot;,&quot;shutter_speed&quot;:&quot;0.058823529411765&quot;,&quot;title&quot;:&quot;&quot;,&quot;orientation&quot;:&quot;1&quot;}\" data-image-title=\"Mercredi, c&amp;rsquo;est raviolis\" data-image-description=\"\" data-image-caption=\"\" data-large-file=\"https:\/\/i0.wp.com\/www.jojoenherbe.com\/wp-content\/uploads\/2021\/04\/Mercredi-cest-raviolis-scaled.jpg?fit=676%2C507\" class=\"wp-image-16930 size-thumbnail alignleft\" src=\"https:\/\/i0.wp.com\/www.jojoenherbe.com\/wp-content\/uploads\/2021\/04\/Mercredi-cest-raviolis.jpg?resize=150%2C150\" alt=\"\" width=\"150\" height=\"150\" srcset=\"https:\/\/i0.wp.com\/www.jojoenherbe.com\/wp-content\/uploads\/2021\/04\/Mercredi-cest-raviolis-scaled.jpg?resize=150%2C150 150w, https:\/\/i0.wp.com\/www.jojoenherbe.com\/wp-content\/uploads\/2021\/04\/Mercredi-cest-raviolis-scaled.jpg?zoom=2&amp;resize=150%2C150 300w, https:\/\/i0.wp.com\/www.jojoenherbe.com\/wp-content\/uploads\/2021\/04\/Mercredi-cest-raviolis-scaled.jpg?zoom=3&amp;resize=150%2C150 450w\" sizes=\"auto, (max-width: 150px) 100vw, 150px\" \/><\/a> <a href=\"https:\/\/i0.wp.com\/www.jojoenherbe.com\/wp-content\/uploads\/2021\/04\/Gyozas-Mercredi-cest-raviolis-3-scaled.jpg\"><img data-recalc-dims=\"1\" loading=\"lazy\" decoding=\"async\" data-attachment-id=\"17184\" data-permalink=\"http:\/\/www.jojoenherbe.com\/index.php\/2021\/04\/11\/des-gyozas-avec-mercredi-cest-raviolis\/gyozas-mercredi-cest-raviolis-3\/\" data-orig-file=\"https:\/\/i0.wp.com\/www.jojoenherbe.com\/wp-content\/uploads\/2021\/04\/Gyozas-Mercredi-cest-raviolis-3-scaled.jpg?fit=2560%2C1920\" data-orig-size=\"2560,1920\" data-comments-opened=\"1\" data-image-meta=\"{&quot;aperture&quot;:&quot;1.8&quot;,&quot;credit&quot;:&quot;&quot;,&quot;camera&quot;:&quot;iPhone 7&quot;,&quot;caption&quot;:&quot;&quot;,&quot;created_timestamp&quot;:&quot;1618169458&quot;,&quot;copyright&quot;:&quot;&quot;,&quot;focal_length&quot;:&quot;3.99&quot;,&quot;iso&quot;:&quot;80&quot;,&quot;shutter_speed&quot;:&quot;0.16666666666667&quot;,&quot;title&quot;:&quot;&quot;,&quot;orientation&quot;:&quot;1&quot;}\" data-image-title=\"Gy\u00f4zas &amp;#8211; Mercredi, c&amp;rsquo;est raviolis! 3\" data-image-description=\"\" data-image-caption=\"\" data-large-file=\"https:\/\/i0.wp.com\/www.jojoenherbe.com\/wp-content\/uploads\/2021\/04\/Gyozas-Mercredi-cest-raviolis-3-scaled.jpg?fit=676%2C507\" class=\"size-thumbnail wp-image-17184 alignleft\" src=\"https:\/\/i0.wp.com\/www.jojoenherbe.com\/wp-content\/uploads\/2021\/04\/Gyozas-Mercredi-cest-raviolis-3.jpg?resize=150%2C150\" alt=\"\" width=\"150\" height=\"150\" srcset=\"https:\/\/i0.wp.com\/www.jojoenherbe.com\/wp-content\/uploads\/2021\/04\/Gyozas-Mercredi-cest-raviolis-3-scaled.jpg?resize=150%2C150 150w, https:\/\/i0.wp.com\/www.jojoenherbe.com\/wp-content\/uploads\/2021\/04\/Gyozas-Mercredi-cest-raviolis-3-scaled.jpg?zoom=2&amp;resize=150%2C150 300w, https:\/\/i0.wp.com\/www.jojoenherbe.com\/wp-content\/uploads\/2021\/04\/Gyozas-Mercredi-cest-raviolis-3-scaled.jpg?zoom=3&amp;resize=150%2C150 450w\" sizes=\"auto, (max-width: 150px) 100vw, 150px\" \/><\/a>11 avril&nbsp;&nbsp;: gourmandise\/livre gourmand (roman, BD, livre de recettes) comme par exemple le mochi: <\/span><a href=\"http:\/\/www.jojoenherbe.com\/index.php\/2021\/04\/11\/des-gyozas-avec-mercredi-cest-raviolis\/\">des gy\u00f4zas avec <span style=\"text-decoration: underline;\">Mercredi, c\u2019est raviolis!<\/span><\/a> de Makato Tachibana et Setsuko Hasegawa (\u00e9d. L\u2019\u00e9cole des loisirs, 2008), un album jeunesse \u00e0 partir de 3 ans et qui contient \u00e0 la fin une recette de gy\u00f4zas \u2013 des raviolis japonais<span lang=\"FR\"><br \/>\n<\/span><\/em><\/li>\n<\/ul>\n<p style=\"text-align: justify;\"><em><img data-recalc-dims=\"1\" loading=\"lazy\" decoding=\"async\" data-attachment-id=\"17252\" data-permalink=\"http:\/\/www.jojoenherbe.com\/index.php\/2021\/04\/13\/mon-voisin-totoro\/totoro\/\" data-orig-file=\"https:\/\/i0.wp.com\/www.jojoenherbe.com\/wp-content\/uploads\/2021\/04\/totoro.jpg?fit=400%2C566\" data-orig-size=\"400,566\" data-comments-opened=\"1\" data-image-meta=\"{&quot;aperture&quot;:&quot;0&quot;,&quot;credit&quot;:&quot;&quot;,&quot;camera&quot;:&quot;&quot;,&quot;caption&quot;:&quot;&quot;,&quot;created_timestamp&quot;:&quot;0&quot;,&quot;copyright&quot;:&quot;&quot;,&quot;focal_length&quot;:&quot;0&quot;,&quot;iso&quot;:&quot;0&quot;,&quot;shutter_speed&quot;:&quot;0&quot;,&quot;title&quot;:&quot;&quot;,&quot;orientation&quot;:&quot;0&quot;}\" data-image-title=\"totoro\" data-image-description=\"\" data-image-caption=\"\" data-large-file=\"https:\/\/i0.wp.com\/www.jojoenherbe.com\/wp-content\/uploads\/2021\/04\/totoro.jpg?fit=400%2C566\" class=\"alignright wp-image-17252 size-thumbnail\" src=\"https:\/\/i0.wp.com\/www.jojoenherbe.com\/wp-content\/uploads\/2021\/04\/totoro.jpg?resize=150%2C150\" alt=\"\" width=\"150\" height=\"150\" srcset=\"https:\/\/i0.wp.com\/www.jojoenherbe.com\/wp-content\/uploads\/2021\/04\/totoro.jpg?resize=150%2C150 150w, https:\/\/i0.wp.com\/www.jojoenherbe.com\/wp-content\/uploads\/2021\/04\/totoro.jpg?zoom=2&amp;resize=150%2C150 300w\" sizes=\"auto, (max-width: 150px) 100vw, 150px\" \/>Ce <strong>11 avril 2021<\/strong>, nous finissons cette deuxi\u00e8me semaine du Mois au Japon sur une note gourmande en relisant <span style=\"text-decoration: underline;\">Mercredi, c&rsquo;est raviolis<\/span> et en faisant des gy\u00f4zas bouillis et frits en suivant la recette de l&rsquo;album. <\/em><em>Pendant que nous laissons reposer la p\u00e2te, nous regardons <a href=\"http:\/\/www.jojoenherbe.com\/index.php\/2021\/04\/13\/mon-voisin-totoro\/\"><span style=\"text-decoration: underline;\">Mon voisin Totoro<\/span><\/a> de Hayao Miyazaki, un film d&rsquo;animation japonais conseill\u00e9 \u00e0 partir de 4 ans. <\/em><em>Nous lisons \u00e9galement, lors des histoires du soir, <span style=\"text-decoration: underline;\">Le poisson rouge de Nanami<\/span> de Yuichi Kasano (\u00e9d. L&rsquo;\u00e9cole des loisirs, 2016), un album jeunesse \u00e0 partir de 3 ans dans lequel nous suivons un petit poisson rouge, L\u00e9o de sa naissance dans une ferme piscicole japonaise jusqu&rsquo;\u00e0 son arriv\u00e9e dans la famille d&rsquo;une petite fille, Nanami.<\/em><\/p>\n<p><strong><em><span style=\"text-decoration: underline;\">Semaine 3 du Mois au Japon<\/span>:<\/em><\/strong><\/p>\n<p style=\"text-align: justify;\"><em><a href=\"https:\/\/i0.wp.com\/www.jojoenherbe.com\/wp-content\/uploads\/2021\/04\/Un-cafe-maison-scaled.jpg\"><img data-recalc-dims=\"1\" loading=\"lazy\" decoding=\"async\" data-attachment-id=\"16935\" data-permalink=\"http:\/\/www.jojoenherbe.com\/index.php\/2021\/04\/01\/notre-pal-pour-un-mois-au-japon-2021\/un-cafe-maison\/\" data-orig-file=\"https:\/\/i0.wp.com\/www.jojoenherbe.com\/wp-content\/uploads\/2021\/04\/Un-cafe-maison-scaled.jpg?fit=2560%2C1984\" data-orig-size=\"2560,1984\" data-comments-opened=\"1\" data-image-meta=\"{&quot;aperture&quot;:&quot;1.8&quot;,&quot;credit&quot;:&quot;&quot;,&quot;camera&quot;:&quot;iPhone 7&quot;,&quot;caption&quot;:&quot;&quot;,&quot;created_timestamp&quot;:&quot;1617276210&quot;,&quot;copyright&quot;:&quot;&quot;,&quot;focal_length&quot;:&quot;3.99&quot;,&quot;iso&quot;:&quot;80&quot;,&quot;shutter_speed&quot;:&quot;0.2&quot;,&quot;title&quot;:&quot;&quot;,&quot;orientation&quot;:&quot;1&quot;}\" data-image-title=\"Un caf\u00e9 maison\" data-image-description=\"\" data-image-caption=\"\" data-large-file=\"https:\/\/i0.wp.com\/www.jojoenherbe.com\/wp-content\/uploads\/2021\/04\/Un-cafe-maison-scaled.jpg?fit=676%2C524\" class=\"alignleft size-thumbnail wp-image-16935\" src=\"https:\/\/i0.wp.com\/www.jojoenherbe.com\/wp-content\/uploads\/2021\/04\/Un-cafe-maison.jpg?resize=150%2C150\" alt=\"\" width=\"150\" height=\"150\" srcset=\"https:\/\/i0.wp.com\/www.jojoenherbe.com\/wp-content\/uploads\/2021\/04\/Un-cafe-maison-scaled.jpg?resize=150%2C150 150w, https:\/\/i0.wp.com\/www.jojoenherbe.com\/wp-content\/uploads\/2021\/04\/Un-cafe-maison-scaled.jpg?zoom=2&amp;resize=150%2C150 300w, https:\/\/i0.wp.com\/www.jojoenherbe.com\/wp-content\/uploads\/2021\/04\/Un-cafe-maison-scaled.jpg?zoom=3&amp;resize=150%2C150 450w\" sizes=\"auto, (max-width: 150px) 100vw, 150px\" \/><\/a>Pour d\u00e9buter cette semaine 3 du Mois au Japon, je continue la lecture du roman policier <span style=\"text-decoration: underline;\">Un caf\u00e9 maison<\/span> de Keigo Higashino et je prends le temps de chroniquer mes lectures et visionnages. <\/em><\/p>\n<p style=\"text-align: justify;\"><em>Le <strong>13 avril 2021<\/strong>, en fin d&rsquo;apr\u00e8s-midi, je d\u00e9couvre deux contes japonais avec <span style=\"text-decoration: underline;\">Issunb\u00f4shi, le petit samoura\u00ef<\/span> d\u2019Alice Bri\u00e8re-Haquet et Sanoe (\u00e9d. Nobi Nobi!, 2016), un album jeunesse \u00e0 partir de 6 ans, une version japonaise de Tom Pouce et <span style=\"text-decoration: underline;\">Urashima<\/span> de Margaret Mayo et Jane Ray (\u00e9d. Hatier Jeunesse, coll. Ribambelle, 1993, r\u00e9\u00e9d. 2005), un conte traditionnel japonais \u00e0 partir de 4 ans. Dans le premier conte, c&rsquo;est l&rsquo;occasion de croiser des d\u00e9mons, en la figure des onis, pour le th\u00e8me de ce mois-ci du Challenge Contes et L\u00e9gendes de Bidib. Puis une des histoires du soir est une relecture du <span style=\"text-decoration: underline;\">Portrait de Nounours<\/span>.<\/em><\/p>\n<ul>\n<li style=\"text-align: justify;\"><em><span lang=\"FR\"><a href=\"https:\/\/i0.wp.com\/www.jojoenherbe.com\/wp-content\/uploads\/2021\/04\/Le-Japon-dAnno-2-scaled.jpg\"><img data-recalc-dims=\"1\" loading=\"lazy\" decoding=\"async\" data-attachment-id=\"17231\" data-permalink=\"http:\/\/www.jojoenherbe.com\/index.php\/2021\/04\/12\/au-fil-des-pages-avec-le-japon-danno\/le-japon-danno-2\/\" data-orig-file=\"https:\/\/i0.wp.com\/www.jojoenherbe.com\/wp-content\/uploads\/2021\/04\/Le-Japon-dAnno-2-scaled.jpg?fit=2560%2C1920\" data-orig-size=\"2560,1920\" data-comments-opened=\"1\" data-image-meta=\"{&quot;aperture&quot;:&quot;1.8&quot;,&quot;credit&quot;:&quot;&quot;,&quot;camera&quot;:&quot;iPhone 7&quot;,&quot;caption&quot;:&quot;&quot;,&quot;created_timestamp&quot;:&quot;1618229961&quot;,&quot;copyright&quot;:&quot;&quot;,&quot;focal_length&quot;:&quot;3.99&quot;,&quot;iso&quot;:&quot;100&quot;,&quot;shutter_speed&quot;:&quot;0.14285714285714&quot;,&quot;title&quot;:&quot;&quot;,&quot;orientation&quot;:&quot;1&quot;}\" data-image-title=\"Le Japon d&amp;rsquo;Anno 2\" data-image-description=\"\" data-image-caption=\"\" data-large-file=\"https:\/\/i0.wp.com\/www.jojoenherbe.com\/wp-content\/uploads\/2021\/04\/Le-Japon-dAnno-2-scaled.jpg?fit=676%2C507\" class=\"size-thumbnail wp-image-17231 alignright\" src=\"https:\/\/i0.wp.com\/www.jojoenherbe.com\/wp-content\/uploads\/2021\/04\/Le-Japon-dAnno-2.jpg?resize=150%2C150\" alt=\"\" width=\"150\" height=\"150\" srcset=\"https:\/\/i0.wp.com\/www.jojoenherbe.com\/wp-content\/uploads\/2021\/04\/Le-Japon-dAnno-2-scaled.jpg?resize=150%2C150 150w, https:\/\/i0.wp.com\/www.jojoenherbe.com\/wp-content\/uploads\/2021\/04\/Le-Japon-dAnno-2-scaled.jpg?zoom=2&amp;resize=150%2C150 300w, https:\/\/i0.wp.com\/www.jojoenherbe.com\/wp-content\/uploads\/2021\/04\/Le-Japon-dAnno-2-scaled.jpg?zoom=3&amp;resize=150%2C150 450w\" sizes=\"auto, (max-width: 150px) 100vw, 150px\" \/><\/a>12 avril\/Hommage aux victimes de Fukushima :&nbsp; <a href=\"http:\/\/www.jojoenherbe.com\/index.php\/2021\/04\/12\/au-fil-des-pages-avec-le-japon-danno\/\"><span style=\"text-decoration: underline;\">Le Japon d\u2019Anno<\/span><\/a> d\u2019Anno Mitsumana (\u00e9d. L\u2019\u00e9cole des loisirs, 2014), un album jeunesse \u00e0 partir de 8 ans<\/span><\/em><\/li>\n<li style=\"text-align: justify;\"><em>Film d&rsquo;animation japonais: <a href=\"http:\/\/www.jojoenherbe.com\/index.php\/2021\/04\/13\/mon-voisin-totoro\/\"><span style=\"text-decoration: underline;\">Mon voisin Totoro<\/span><\/a> de Hayao Miyazaki (sorti au Japon en 1988 et en France en 1999), un film d&rsquo;animation japonais du studio Ghibli et conseill\u00e9 \u00e0 partir de 4 ans<\/em><\/li>\n<li style=\"text-align: justify;\"><em><span lang=\"FR\">13 avril&nbsp;&nbsp;: un roman jeunesse au choix<\/span><\/em><\/li>\n<\/ul>\n<p style=\"text-align: justify;\"><em><a href=\"https:\/\/i0.wp.com\/www.jojoenherbe.com\/wp-content\/uploads\/2021\/04\/Les-Pounipounis-scaled.jpg\"><img data-recalc-dims=\"1\" loading=\"lazy\" decoding=\"async\" data-attachment-id=\"17352\" data-permalink=\"http:\/\/www.jojoenherbe.com\/index.php\/2021\/04\/01\/billet-de-suivi-un-mois-au-japon-2021\/les-pounipounis\/\" data-orig-file=\"https:\/\/i0.wp.com\/www.jojoenherbe.com\/wp-content\/uploads\/2021\/04\/Les-Pounipounis-scaled.jpg?fit=2560%2C1911\" data-orig-size=\"2560,1911\" data-comments-opened=\"1\" data-image-meta=\"{&quot;aperture&quot;:&quot;1.8&quot;,&quot;credit&quot;:&quot;&quot;,&quot;camera&quot;:&quot;iPhone 7&quot;,&quot;caption&quot;:&quot;&quot;,&quot;created_timestamp&quot;:&quot;1618420236&quot;,&quot;copyright&quot;:&quot;&quot;,&quot;focal_length&quot;:&quot;3.99&quot;,&quot;iso&quot;:&quot;100&quot;,&quot;shutter_speed&quot;:&quot;0.058823529411765&quot;,&quot;title&quot;:&quot;&quot;,&quot;orientation&quot;:&quot;1&quot;}\" data-image-title=\"Les Pounipounis\" data-image-description=\"\" data-image-caption=\"\" data-large-file=\"https:\/\/i0.wp.com\/www.jojoenherbe.com\/wp-content\/uploads\/2021\/04\/Les-Pounipounis-scaled.jpg?fit=676%2C504\" class=\"alignleft size-thumbnail wp-image-17352\" src=\"https:\/\/i0.wp.com\/www.jojoenherbe.com\/wp-content\/uploads\/2021\/04\/Les-Pounipounis.jpg?resize=150%2C150\" alt=\"\" width=\"150\" height=\"150\" srcset=\"https:\/\/i0.wp.com\/www.jojoenherbe.com\/wp-content\/uploads\/2021\/04\/Les-Pounipounis-scaled.jpg?resize=150%2C150 150w, https:\/\/i0.wp.com\/www.jojoenherbe.com\/wp-content\/uploads\/2021\/04\/Les-Pounipounis-scaled.jpg?zoom=2&amp;resize=150%2C150 300w, https:\/\/i0.wp.com\/www.jojoenherbe.com\/wp-content\/uploads\/2021\/04\/Les-Pounipounis-scaled.jpg?zoom=3&amp;resize=150%2C150 450w\" sizes=\"auto, (max-width: 150px) 100vw, 150px\" \/><\/a>Ce <strong>14&nbsp; avril 2021<\/strong>, nous lisons dans l&rsquo;apr\u00e8s-midi un manga kawa\u00ef en deux tomes, <span style=\"text-decoration: underline;\">Les Pounipounis<\/span> de Mashiro Minamino (\u00e9d. Nobi Nobi!, coll. Kawa\u00ef Kids, 2019) pour les plus jeunes lecteurs, \u00e0 partir de 8 ans selon l&rsquo;\u00e9diteur mais class\u00e9 \u00e0 partir de 3 ans \u00e0 notre m\u00e9diath\u00e8que. Ce manga se lit dans le sens occidental et est enti\u00e8rement en couleurs. Ce sont de courtes histoires qui s&rsquo;encha\u00eenent avec le quotidien d&rsquo;une bande de joyeux animaux amis tout mignons, ronds et rigolos comme leurs pr\u00e9noms. Il y a par exemple Nicolapin, un lapin blanc ail\u00e9, Pinjamin, un manchot jamais loin de ses livres ou encore Gasthon un poisson volant.<\/em><\/p>\n<p style=\"text-align: justify;\"><em>C&rsquo;est aussi l&rsquo;annonce par les deux coorganisatrices, Lou et Hilde, d&rsquo;un read-a-thon (marathon de lectures) ce week-end. Et c&rsquo;est donc avec beaucoup de plaisir et de convivialit\u00e9 que je vais y participer, d&rsquo;autant que de nouvelles r\u00e9servations pour le Mois au Japon nous attendent \u00e0 la m\u00e9diath\u00e8que.<\/em><\/p>\n<ul>\n<li style=\"text-align: justify;\"><em><span lang=\"FR\"><a href=\"https:\/\/i0.wp.com\/www.jojoenherbe.com\/wp-content\/uploads\/2021\/04\/Le-portrait-de-Nounours-scaled.jpg\"><img data-recalc-dims=\"1\" loading=\"lazy\" decoding=\"async\" data-attachment-id=\"17221\" data-permalink=\"http:\/\/www.jojoenherbe.com\/index.php\/2021\/04\/14\/au-fil-des-pages-avec-le-portrait-de-nounours\/le-portrait-de-nounours\/\" data-orig-file=\"https:\/\/i0.wp.com\/www.jojoenherbe.com\/wp-content\/uploads\/2021\/04\/Le-portrait-de-Nounours-scaled.jpg?fit=2560%2C1920\" data-orig-size=\"2560,1920\" data-comments-opened=\"1\" data-image-meta=\"{&quot;aperture&quot;:&quot;1.8&quot;,&quot;credit&quot;:&quot;&quot;,&quot;camera&quot;:&quot;iPhone 7&quot;,&quot;caption&quot;:&quot;&quot;,&quot;created_timestamp&quot;:&quot;1618226732&quot;,&quot;copyright&quot;:&quot;&quot;,&quot;focal_length&quot;:&quot;3.99&quot;,&quot;iso&quot;:&quot;80&quot;,&quot;shutter_speed&quot;:&quot;0.125&quot;,&quot;title&quot;:&quot;&quot;,&quot;orientation&quot;:&quot;1&quot;}\" data-image-title=\"Le portrait de Nounours\" data-image-description=\"\" data-image-caption=\"\" data-large-file=\"https:\/\/i0.wp.com\/www.jojoenherbe.com\/wp-content\/uploads\/2021\/04\/Le-portrait-de-Nounours-scaled.jpg?fit=676%2C507\" class=\"size-thumbnail wp-image-17221 alignright\" src=\"https:\/\/i0.wp.com\/www.jojoenherbe.com\/wp-content\/uploads\/2021\/04\/Le-portrait-de-Nounours.jpg?resize=150%2C150\" alt=\"\" width=\"150\" height=\"150\" srcset=\"https:\/\/i0.wp.com\/www.jojoenherbe.com\/wp-content\/uploads\/2021\/04\/Le-portrait-de-Nounours-scaled.jpg?resize=150%2C150 150w, https:\/\/i0.wp.com\/www.jojoenherbe.com\/wp-content\/uploads\/2021\/04\/Le-portrait-de-Nounours-scaled.jpg?zoom=2&amp;resize=150%2C150 300w, https:\/\/i0.wp.com\/www.jojoenherbe.com\/wp-content\/uploads\/2021\/04\/Le-portrait-de-Nounours-scaled.jpg?zoom=3&amp;resize=150%2C150 450w\" sizes=\"auto, (max-width: 150px) 100vw, 150px\" \/><\/a>14 avril&nbsp; : manga \/ BD ou album jeunesse au choix: <a href=\"http:\/\/www.jojoenherbe.com\/index.php\/2021\/04\/14\/au-fil-des-pages-avec-le-portrait-de-nounours\/\"><span style=\"text-decoration: underline;\">Le portrait de Nounours<\/span><\/a> de Mari Kasai et Chiaki Okada (\u00e9d. Nobi! Nobi!, 2016), un album jeunesse \u00e0 partir de 3 ans.<br \/>\n<\/span><\/em><\/li>\n<li style=\"text-align: justify;\"><em><span lang=\"FR\">16 avril&nbsp;&nbsp;: atelier bricolage\/loisirs cr\u00e9atifs (carte, origami, kokeshi\u2026): <a href=\"http:\/\/www.jojoenherbe.com\/index.php\/2021\/04\/16\/des-lanternes-japonaises-diy\/\">des lanternes japonaises DIY<\/a><br \/>\n<\/span><\/em><\/li>\n<li style=\"text-align: justify;\"><em><a href=\"https:\/\/i0.wp.com\/www.jojoenherbe.com\/wp-content\/uploads\/2021\/04\/Le-maitre-des-estampes-scaled.jpg\"><img data-recalc-dims=\"1\" loading=\"lazy\" decoding=\"async\" data-attachment-id=\"16936\" data-permalink=\"http:\/\/www.jojoenherbe.com\/index.php\/2021\/04\/01\/notre-pal-pour-un-mois-au-japon-2021\/le-maitre-des-estampes\/\" data-orig-file=\"https:\/\/i0.wp.com\/www.jojoenherbe.com\/wp-content\/uploads\/2021\/04\/Le-maitre-des-estampes-scaled.jpg?fit=2560%2C1920\" data-orig-size=\"2560,1920\" data-comments-opened=\"1\" data-image-meta=\"{&quot;aperture&quot;:&quot;1.8&quot;,&quot;credit&quot;:&quot;&quot;,&quot;camera&quot;:&quot;iPhone 7&quot;,&quot;caption&quot;:&quot;&quot;,&quot;created_timestamp&quot;:&quot;1617276094&quot;,&quot;copyright&quot;:&quot;&quot;,&quot;focal_length&quot;:&quot;3.99&quot;,&quot;iso&quot;:&quot;100&quot;,&quot;shutter_speed&quot;:&quot;0.071428571428571&quot;,&quot;title&quot;:&quot;&quot;,&quot;orientation&quot;:&quot;1&quot;}\" data-image-title=\"Le ma\u00eetre des estampes\" data-image-description=\"\" data-image-caption=\"\" data-large-file=\"https:\/\/i0.wp.com\/www.jojoenherbe.com\/wp-content\/uploads\/2021\/04\/Le-maitre-des-estampes-scaled.jpg?fit=676%2C507\" class=\"alignleft size-thumbnail wp-image-16936\" src=\"https:\/\/i0.wp.com\/www.jojoenherbe.com\/wp-content\/uploads\/2021\/04\/Le-maitre-des-estampes-150x150.jpg?resize=150%2C150\" alt=\"\" width=\"150\" height=\"150\" srcset=\"https:\/\/i0.wp.com\/www.jojoenherbe.com\/wp-content\/uploads\/2021\/04\/Le-maitre-des-estampes-scaled.jpg?resize=150%2C150 150w, https:\/\/i0.wp.com\/www.jojoenherbe.com\/wp-content\/uploads\/2021\/04\/Le-maitre-des-estampes-scaled.jpg?zoom=2&amp;resize=150%2C150 300w, https:\/\/i0.wp.com\/www.jojoenherbe.com\/wp-content\/uploads\/2021\/04\/Le-maitre-des-estampes-scaled.jpg?zoom=3&amp;resize=150%2C150 450w\" sizes=\"auto, (max-width: 150px) 100vw, 150px\" \/><\/a>Album jeunesse: <a href=\"http:\/\/www.jojoenherbe.com\/index.php\/2021\/04\/16\/au-fil-des-pages-avec-le-maitre-des-estampes\/\"><span style=\"text-decoration: underline;\">Le ma\u00eetre des estampes<\/span><\/a> de Thierry Dedieu (\u00e9d. Seuil Jeunesse, 2010), un album jeunesse pour les 6\/9 ans selon l\u2019\u00e9diteur<\/em><\/li>\n<li style=\"text-align: justify;\"><em><a href=\"https:\/\/i0.wp.com\/www.jojoenherbe.com\/wp-content\/uploads\/2021\/04\/Ou-est-mon-etoile-scaled.jpg\"><img data-recalc-dims=\"1\" loading=\"lazy\" decoding=\"async\" data-attachment-id=\"16933\" data-permalink=\"http:\/\/www.jojoenherbe.com\/index.php\/2021\/04\/01\/notre-pal-pour-un-mois-au-japon-2021\/ou-est-mon-etoile\/\" data-orig-file=\"https:\/\/i0.wp.com\/www.jojoenherbe.com\/wp-content\/uploads\/2021\/04\/Ou-est-mon-etoile-scaled.jpg?fit=2560%2C1920\" data-orig-size=\"2560,1920\" data-comments-opened=\"1\" data-image-meta=\"{&quot;aperture&quot;:&quot;1.8&quot;,&quot;credit&quot;:&quot;&quot;,&quot;camera&quot;:&quot;iPhone 7&quot;,&quot;caption&quot;:&quot;&quot;,&quot;created_timestamp&quot;:&quot;1617276028&quot;,&quot;copyright&quot;:&quot;&quot;,&quot;focal_length&quot;:&quot;3.99&quot;,&quot;iso&quot;:&quot;100&quot;,&quot;shutter_speed&quot;:&quot;0.14285714285714&quot;,&quot;title&quot;:&quot;&quot;,&quot;orientation&quot;:&quot;1&quot;}\" data-image-title=\"O\u00f9 est mon \u00e9toile\" data-image-description=\"\" data-image-caption=\"\" data-large-file=\"https:\/\/i0.wp.com\/www.jojoenherbe.com\/wp-content\/uploads\/2021\/04\/Ou-est-mon-etoile-scaled.jpg?fit=676%2C507\" class=\"size-thumbnail wp-image-16933 alignright\" src=\"https:\/\/i0.wp.com\/www.jojoenherbe.com\/wp-content\/uploads\/2021\/04\/Ou-est-mon-etoile-150x150.jpg?resize=150%2C150\" alt=\"\" width=\"150\" height=\"150\" srcset=\"https:\/\/i0.wp.com\/www.jojoenherbe.com\/wp-content\/uploads\/2021\/04\/Ou-est-mon-etoile-scaled.jpg?resize=150%2C150 150w, https:\/\/i0.wp.com\/www.jojoenherbe.com\/wp-content\/uploads\/2021\/04\/Ou-est-mon-etoile-scaled.jpg?zoom=2&amp;resize=150%2C150 300w, https:\/\/i0.wp.com\/www.jojoenherbe.com\/wp-content\/uploads\/2021\/04\/Ou-est-mon-etoile-scaled.jpg?zoom=3&amp;resize=150%2C150 450w\" sizes=\"auto, (max-width: 150px) 100vw, 150px\" \/><\/a>17 avril : un titre publi\u00e9 par les \u00e9ditions Nobi Nobi: <a href=\"http:\/\/www.jojoenherbe.com\/index.php\/2021\/04\/17\/au-fil-des-pages-avec-ou-est-mon-etoile\/\"><span style=\"text-decoration: underline;\">O\u00f9 est mon \u00e9toile?<\/span><\/a> de Satoe Tone (\u00e9d. Nobi Nobi!, 2015), un album jeunesse grand format partir de 3 ans et qui aborde avec po\u00e9sie, douceur et d\u00e9licatesse le th\u00e8me du deuil<br \/>\n<\/em><\/li>\n<li style=\"text-align: justify;\"><em><span lang=\"FR\">18 avril&nbsp;&nbsp;: gourmandise\/livre gourmand (roman, BD, livre de recettes) comme par exemple un atelier makis et\/ou sushis<\/span><\/em><\/li>\n<\/ul>\n<p style=\"text-align: justify;\"><em><a href=\"https:\/\/i0.wp.com\/www.jojoenherbe.com\/wp-content\/uploads\/2021\/04\/RAT-Un-mois-au-Japon-2021-scaled.jpg\"><img data-recalc-dims=\"1\" loading=\"lazy\" decoding=\"async\" data-attachment-id=\"17370\" data-permalink=\"http:\/\/www.jojoenherbe.com\/index.php\/2021\/04\/15\/rat-du-mois-au-japon-2021\/rat-un-mois-au-japon-2021\/\" data-orig-file=\"https:\/\/i0.wp.com\/www.jojoenherbe.com\/wp-content\/uploads\/2021\/04\/RAT-Un-mois-au-Japon-2021-scaled.jpg?fit=2560%2C2215\" data-orig-size=\"2560,2215\" data-comments-opened=\"1\" data-image-meta=\"{&quot;aperture&quot;:&quot;1.8&quot;,&quot;credit&quot;:&quot;&quot;,&quot;camera&quot;:&quot;iPhone 7&quot;,&quot;caption&quot;:&quot;&quot;,&quot;created_timestamp&quot;:&quot;1618494934&quot;,&quot;copyright&quot;:&quot;&quot;,&quot;focal_length&quot;:&quot;3.99&quot;,&quot;iso&quot;:&quot;100&quot;,&quot;shutter_speed&quot;:&quot;0.1&quot;,&quot;title&quot;:&quot;&quot;,&quot;orientation&quot;:&quot;1&quot;}\" data-image-title=\"RAT Un mois au Japon 2021\" data-image-description=\"\" data-image-caption=\"\" data-large-file=\"https:\/\/i0.wp.com\/www.jojoenherbe.com\/wp-content\/uploads\/2021\/04\/RAT-Un-mois-au-Japon-2021-scaled.jpg?fit=676%2C585\" class=\"size-thumbnail wp-image-17370 alignleft\" src=\"https:\/\/i0.wp.com\/www.jojoenherbe.com\/wp-content\/uploads\/2021\/04\/RAT-Un-mois-au-Japon-2021.jpg?resize=150%2C150\" alt=\"\" width=\"150\" height=\"150\" srcset=\"https:\/\/i0.wp.com\/www.jojoenherbe.com\/wp-content\/uploads\/2021\/04\/RAT-Un-mois-au-Japon-2021-scaled.jpg?resize=150%2C150 150w, https:\/\/i0.wp.com\/www.jojoenherbe.com\/wp-content\/uploads\/2021\/04\/RAT-Un-mois-au-Japon-2021-scaled.jpg?zoom=2&amp;resize=150%2C150 300w, https:\/\/i0.wp.com\/www.jojoenherbe.com\/wp-content\/uploads\/2021\/04\/RAT-Un-mois-au-Japon-2021-scaled.jpg?zoom=3&amp;resize=150%2C150 450w\" sizes=\"auto, (max-width: 150px) 100vw, 150px\" \/><\/a>Cette troisi\u00e8me semaine du Mois au Japon se finit \u00e0 la crois\u00e9e d&rsquo;un journal de bord et d&rsquo;un marathon de lectures, comme l&rsquo;a \u00e9crit Lou. Sur cette p\u00e9riode, j&rsquo;actualiserai moins ce billet puisqu&rsquo;un autre est d\u00e9di\u00e9 \u00e0 ce <a href=\"http:\/\/www.jojoenherbe.com\/index.php\/2021\/04\/15\/rat-du-mois-au-japon-2021\/\">RAT<\/a>, d\u00e8s le 15 avril 2021. Je ne rajouterai que les liens pour les billets pr\u00e9vus les 16, 17 et 18 avril si j&rsquo;ai le temps de les \u00e9crire.<\/em><\/p>\n<p><strong><em><span style=\"text-decoration: underline;\">Semaine 4 du Mois au Japon<\/span>:<\/em><\/strong><\/p>\n<p style=\"text-align: justify;\"><em>Pour d\u00e9buter cette quatri\u00e8me semaine du Mois au Japon et apr\u00e8s un RAT riche en lectures, je vais essayer de chroniquer mes lectures japonaises des jours pass\u00e9s. Ce <strong>19 avril 2021<\/strong>, je continue \u00e0 lire le roman jeunesse commenc\u00e9 hier, <span style=\"text-decoration: underline;\">L\u2019Amour, le Japon, les sushis et moi<\/span> de N. M. Zimmermann (\u00e9d. Albin Michel Jeunesse, 2016), l&rsquo;histoire suivant les grandes f\u00eates traditionnelles japonaises que je retrouve \u00e9galement, de fa\u00e7on plus d\u00e9taill\u00e9e, dans <span style=\"text-decoration: underline;\">Madame M\u00f4, Les f\u00eates japonaises<\/span> d\u2019Agn\u00e8s Lafaye et Pascale Moteki (\u00e9d. Picquier Jeunesse, 2013). Je lis, ensuite, dans l&rsquo;apr\u00e8s-midi, <span style=\"text-decoration: underline;\">Kaguya, Princesse au clair de lune<\/span> d&rsquo;Alice Bri\u00e8re-Haquet et Shiitake (\u00e9d. Nobi Nobi!, 2011), un album jeunesse \u00e0 partir de 6 ans.<br \/>\n<\/em><\/p>\n<p style=\"text-align: justify;\"><em><a href=\"https:\/\/i0.wp.com\/www.jojoenherbe.com\/wp-content\/uploads\/2021\/04\/Origamis-chat-et-papillon-scaled.jpg\"><img data-recalc-dims=\"1\" loading=\"lazy\" decoding=\"async\" data-attachment-id=\"17679\" data-permalink=\"http:\/\/www.jojoenherbe.com\/index.php\/2021\/04\/01\/billet-de-suivi-un-mois-au-japon-2021\/origamis-chat-et-papillon\/\" data-orig-file=\"https:\/\/i0.wp.com\/www.jojoenherbe.com\/wp-content\/uploads\/2021\/04\/Origamis-chat-et-papillon-scaled.jpg?fit=2560%2C1920\" data-orig-size=\"2560,1920\" data-comments-opened=\"1\" data-image-meta=\"{&quot;aperture&quot;:&quot;1.8&quot;,&quot;credit&quot;:&quot;&quot;,&quot;camera&quot;:&quot;iPhone 7&quot;,&quot;caption&quot;:&quot;&quot;,&quot;created_timestamp&quot;:&quot;1618997872&quot;,&quot;copyright&quot;:&quot;&quot;,&quot;focal_length&quot;:&quot;3.99&quot;,&quot;iso&quot;:&quot;80&quot;,&quot;shutter_speed&quot;:&quot;0.2&quot;,&quot;title&quot;:&quot;&quot;,&quot;orientation&quot;:&quot;1&quot;}\" data-image-title=\"Origamis chat et papillon\" data-image-description=\"\" data-image-caption=\"\" data-large-file=\"https:\/\/i0.wp.com\/www.jojoenherbe.com\/wp-content\/uploads\/2021\/04\/Origamis-chat-et-papillon-scaled.jpg?fit=676%2C507\" class=\"size-thumbnail wp-image-17679 alignright\" src=\"https:\/\/i0.wp.com\/www.jojoenherbe.com\/wp-content\/uploads\/2021\/04\/Origamis-chat-et-papillon.jpg?resize=150%2C150\" alt=\"\" width=\"150\" height=\"150\" srcset=\"https:\/\/i0.wp.com\/www.jojoenherbe.com\/wp-content\/uploads\/2021\/04\/Origamis-chat-et-papillon-scaled.jpg?resize=150%2C150 150w, https:\/\/i0.wp.com\/www.jojoenherbe.com\/wp-content\/uploads\/2021\/04\/Origamis-chat-et-papillon-scaled.jpg?zoom=2&amp;resize=150%2C150 300w, https:\/\/i0.wp.com\/www.jojoenherbe.com\/wp-content\/uploads\/2021\/04\/Origamis-chat-et-papillon-scaled.jpg?zoom=3&amp;resize=150%2C150 450w\" sizes=\"auto, (max-width: 150px) 100vw, 150px\" \/><\/a>Le <strong>20 avril 2021<\/strong>, nous avons essay\u00e9 de faire \u00e0 deux des origamis en forme de chat et de papillon en suivant les tutos mis \u00e0 la fin de l&rsquo;album jeunesse, <span style=\"text-decoration: underline;\">Noa et ses origamis<\/span> de C\u00e9line Lavignette-Ammoun et Baptistine M\u00e9sange (\u00e9d. Akinom\u00e9, 2020), mais ce n&rsquo;\u00e9tait pas si facile \u00e0 r\u00e9aliser les pliages. Mais je retenterai plus tard, seule. En soir\u00e9e, je finis de lire <span style=\"text-decoration: underline;\">L\u2019Amour, le Japon, les sushis et moi<\/span>. en compagnie de Lucr\u00e8ce avec sa nouvelle vie dans un lyc\u00e9e japonais, entre nouvelles habitudes de vie, difficult\u00e9 d&rsquo;int\u00e9gration pour se faire de nouveaux amis, sans oublier ses premiers \u00e9mois amoureux.<br \/>\n<\/em><\/p>\n<ul>\n<li style=\"text-align: justify;\"><em><span lang=\"FR\">19 avril&nbsp;&nbsp;: un polar ou un roman fantastique: <span style=\"text-decoration: underline;\">Un caf\u00e9 maison<\/span> de Keigo Higashino (\u00e9d. Actes Sud, coll. Actes noirs, 2012), un roman policier japonais que j&rsquo;ai fini de lire pendant le RAT.<br \/>\n<\/span><\/em><\/li>\n<li style=\"text-align: justify;\"><em><a href=\"https:\/\/i0.wp.com\/www.jojoenherbe.com\/wp-content\/uploads\/2021\/04\/Issunboshi-scaled.jpg\"><img data-recalc-dims=\"1\" loading=\"lazy\" decoding=\"async\" data-attachment-id=\"16937\" data-permalink=\"http:\/\/www.jojoenherbe.com\/index.php\/2021\/04\/01\/notre-pal-pour-un-mois-au-japon-2021\/issunboshi\/\" data-orig-file=\"https:\/\/i0.wp.com\/www.jojoenherbe.com\/wp-content\/uploads\/2021\/04\/Issunboshi-scaled.jpg?fit=2560%2C1920\" data-orig-size=\"2560,1920\" data-comments-opened=\"1\" data-image-meta=\"{&quot;aperture&quot;:&quot;1.8&quot;,&quot;credit&quot;:&quot;&quot;,&quot;camera&quot;:&quot;iPhone 7&quot;,&quot;caption&quot;:&quot;&quot;,&quot;created_timestamp&quot;:&quot;1617276151&quot;,&quot;copyright&quot;:&quot;&quot;,&quot;focal_length&quot;:&quot;3.99&quot;,&quot;iso&quot;:&quot;100&quot;,&quot;shutter_speed&quot;:&quot;0.076923076923077&quot;,&quot;title&quot;:&quot;&quot;,&quot;orientation&quot;:&quot;1&quot;}\" data-image-title=\"Issunb\u00f4shi\" data-image-description=\"\" data-image-caption=\"\" data-large-file=\"https:\/\/i0.wp.com\/www.jojoenherbe.com\/wp-content\/uploads\/2021\/04\/Issunboshi-scaled.jpg?fit=676%2C507\" class=\"size-thumbnail wp-image-16937 alignleft\" src=\"https:\/\/i0.wp.com\/www.jojoenherbe.com\/wp-content\/uploads\/2021\/04\/Issunboshi.jpg?resize=150%2C150\" alt=\"\" width=\"150\" height=\"150\" srcset=\"https:\/\/i0.wp.com\/www.jojoenherbe.com\/wp-content\/uploads\/2021\/04\/Issunboshi-scaled.jpg?resize=150%2C150 150w, https:\/\/i0.wp.com\/www.jojoenherbe.com\/wp-content\/uploads\/2021\/04\/Issunboshi-scaled.jpg?zoom=2&amp;resize=150%2C150 300w, https:\/\/i0.wp.com\/www.jojoenherbe.com\/wp-content\/uploads\/2021\/04\/Issunboshi-scaled.jpg?zoom=3&amp;resize=150%2C150 450w\" sizes=\"auto, (max-width: 150px) 100vw, 150px\" \/><\/a>Album jeunesse: <a href=\"http:\/\/www.jojoenherbe.com\/index.php\/2021\/04\/19\/au-fil-des-pages-avec-issunboshi-le-petit-samourai\/\"><span style=\"text-decoration: underline;\">Issunb\u00f4shi, le petit samoura\u00ef<\/span><\/a> d\u2019Alice Bri\u00e8re-Haquet et Sanoe (\u00e9d. Nobi Nobi!, 2016), un album jeunesse \u00e0 partir de 6 ans, une version japonaise tr\u00e8s ancienne de <span style=\"text-decoration: underline;\">Tom Pouce<\/span> ou du <span style=\"text-decoration: underline;\">Petit Poucet<\/span> puisque datant du Japon m\u00e9di\u00e9val (XVe\/XVIe si\u00e8cle).<\/em><\/li>\n<li style=\"text-align: justify;\"><em><a href=\"https:\/\/i0.wp.com\/www.jojoenherbe.com\/wp-content\/uploads\/2021\/04\/Le-voyage-de-Pippo-2-scaled.jpg\"><img data-recalc-dims=\"1\" loading=\"lazy\" decoding=\"async\" data-attachment-id=\"17623\" data-permalink=\"http:\/\/www.jojoenherbe.com\/index.php\/2021\/04\/20\/au-fil-des-pages-avec-le-voyage-de-pippo\/le-voyage-de-pippo-2\/\" data-orig-file=\"https:\/\/i0.wp.com\/www.jojoenherbe.com\/wp-content\/uploads\/2021\/04\/Le-voyage-de-Pippo-2-scaled.jpg?fit=2560%2C1799\" data-orig-size=\"2560,1799\" data-comments-opened=\"1\" data-image-meta=\"{&quot;aperture&quot;:&quot;1.8&quot;,&quot;credit&quot;:&quot;&quot;,&quot;camera&quot;:&quot;iPhone 7&quot;,&quot;caption&quot;:&quot;&quot;,&quot;created_timestamp&quot;:&quot;1615563145&quot;,&quot;copyright&quot;:&quot;&quot;,&quot;focal_length&quot;:&quot;3.99&quot;,&quot;iso&quot;:&quot;100&quot;,&quot;shutter_speed&quot;:&quot;0.058823529411765&quot;,&quot;title&quot;:&quot;&quot;,&quot;orientation&quot;:&quot;1&quot;}\" data-image-title=\"Le voyage de Pippo 2\" data-image-description=\"\" data-image-caption=\"\" data-large-file=\"https:\/\/i0.wp.com\/www.jojoenherbe.com\/wp-content\/uploads\/2021\/04\/Le-voyage-de-Pippo-2-scaled.jpg?fit=676%2C475\" class=\"wp-image-17623 size-thumbnail alignright\" src=\"https:\/\/i0.wp.com\/www.jojoenherbe.com\/wp-content\/uploads\/2021\/04\/Le-voyage-de-Pippo-2.jpg?resize=150%2C150\" alt=\"\" width=\"150\" height=\"150\" srcset=\"https:\/\/i0.wp.com\/www.jojoenherbe.com\/wp-content\/uploads\/2021\/04\/Le-voyage-de-Pippo-2-scaled.jpg?resize=150%2C150 150w, https:\/\/i0.wp.com\/www.jojoenherbe.com\/wp-content\/uploads\/2021\/04\/Le-voyage-de-Pippo-2-scaled.jpg?zoom=2&amp;resize=150%2C150 300w, https:\/\/i0.wp.com\/www.jojoenherbe.com\/wp-content\/uploads\/2021\/04\/Le-voyage-de-Pippo-2-scaled.jpg?zoom=3&amp;resize=150%2C150 450w\" sizes=\"auto, (max-width: 150px) 100vw, 150px\" \/><\/a>Album jeunesse: <a href=\"http:\/\/www.jojoenherbe.com\/index.php\/2021\/04\/20\/au-fil-des-pages-avec-le-voyage-de-pippo\/\"><span style=\"text-decoration: underline;\">Le voyage de Pippo de Satoe Tone<\/span><\/a> (\u00e9d. Nobi Nobi!, 2014), un album jeunesse \u00e0 partir de 3 ans<\/em><\/li>\n<li style=\"text-align: justify;\"><em><span lang=\"FR\">20 avril&nbsp;&nbsp;: atelier bricolage\/loisirs cr\u00e9atifs (carte, origami, kokeshi\u2026): des origamis<br \/>\n<\/span><\/em><\/li>\n<li style=\"text-align: justify;\"><em><span lang=\"FR\"><a href=\"https:\/\/i0.wp.com\/www.jojoenherbe.com\/wp-content\/uploads\/2021\/04\/Quand-il-fait-nuit-scaled.jpg\"><img data-recalc-dims=\"1\" loading=\"lazy\" decoding=\"async\" data-attachment-id=\"17708\" data-permalink=\"http:\/\/www.jojoenherbe.com\/index.php\/2021\/04\/21\/au-fil-des-pages-avec-quand-il-fait-nuit\/quand-il-fait-nuit\/\" data-orig-file=\"https:\/\/i0.wp.com\/www.jojoenherbe.com\/wp-content\/uploads\/2021\/04\/Quand-il-fait-nuit-scaled.jpg?fit=2560%2C1828\" data-orig-size=\"2560,1828\" data-comments-opened=\"1\" data-image-meta=\"{&quot;aperture&quot;:&quot;1.8&quot;,&quot;credit&quot;:&quot;&quot;,&quot;camera&quot;:&quot;iPhone 7&quot;,&quot;caption&quot;:&quot;&quot;,&quot;created_timestamp&quot;:&quot;1619009427&quot;,&quot;copyright&quot;:&quot;&quot;,&quot;focal_length&quot;:&quot;3.99&quot;,&quot;iso&quot;:&quot;100&quot;,&quot;shutter_speed&quot;:&quot;0.090909090909091&quot;,&quot;title&quot;:&quot;&quot;,&quot;orientation&quot;:&quot;1&quot;}\" data-image-title=\"Quand il fait nuit\" data-image-description=\"\" data-image-caption=\"\" data-large-file=\"https:\/\/i0.wp.com\/www.jojoenherbe.com\/wp-content\/uploads\/2021\/04\/Quand-il-fait-nuit-scaled.jpg?fit=676%2C483\" class=\"alignleft size-thumbnail wp-image-17708\" src=\"https:\/\/i0.wp.com\/www.jojoenherbe.com\/wp-content\/uploads\/2021\/04\/Quand-il-fait-nuit.jpg?resize=150%2C150\" alt=\"\" width=\"150\" height=\"150\" srcset=\"https:\/\/i0.wp.com\/www.jojoenherbe.com\/wp-content\/uploads\/2021\/04\/Quand-il-fait-nuit-scaled.jpg?resize=150%2C150 150w, https:\/\/i0.wp.com\/www.jojoenherbe.com\/wp-content\/uploads\/2021\/04\/Quand-il-fait-nuit-scaled.jpg?zoom=2&amp;resize=150%2C150 300w, https:\/\/i0.wp.com\/www.jojoenherbe.com\/wp-content\/uploads\/2021\/04\/Quand-il-fait-nuit-scaled.jpg?zoom=3&amp;resize=150%2C150 450w\" sizes=\"auto, (max-width: 150px) 100vw, 150px\" \/><\/a>21 avril&nbsp;&nbsp;: manga \/ BD ou album jeunesse au choix: <a href=\"http:\/\/www.jojoenherbe.com\/index.php\/2021\/04\/21\/au-fil-des-pages-avec-quand-il-fait-nuit\/\"><span style=\"text-decoration: underline;\">Quand il fait nuit<\/span><\/a> d\u2019Akiko Miyakoshi (\u00e9d. Syros, 2016), un album jeunesse \u00e0 partir de 3 ans avec une balade nocturne rassurante, po\u00e9tique et myst\u00e9rieuse en ville.<br \/>\n<\/span><\/em><\/li>\n<\/ul>\n<p style=\"text-align: justify;\"><em>Le <strong>22 avril 2021<\/strong>, c&rsquo;est une journ\u00e9e que je passe avec de la po\u00e9sie japonaise, les ha\u00efkus en relisant <span style=\"text-decoration: underline;\">La balade de Ko\u00efshi<\/span> et <span style=\"text-decoration: underline;\">Entre Neige et Loup<\/span>.<\/em><\/p>\n<ul>\n<li style=\"text-align: justify;\"><em><span lang=\"FR\">22 avril&nbsp; : un titre publi\u00e9 par les \u00e9ditions Picquier: <span style=\"text-decoration: underline;\">J\u2019\u00e9cris des ha\u00efkus<\/span> de V\u00e9ronique Brindeau et Sandrine Thommen (\u00e9d. Picquier Jeunesse, 2016), un livre documentaire jeunesse \u00e0 partir de 9 ans<br \/>\n<\/span><\/em><\/li>\n<li style=\"text-align: justify;\"><em><a href=\"https:\/\/i0.wp.com\/www.jojoenherbe.com\/wp-content\/uploads\/2021\/04\/Nos-lectures-en-haikus-3-scaled.jpg\"><img data-recalc-dims=\"1\" loading=\"lazy\" decoding=\"async\" data-attachment-id=\"17778\" data-permalink=\"http:\/\/www.jojoenherbe.com\/index.php\/2021\/04\/23\/nos-lectures-en-haikus\/nos-lectures-en-haikus-3\/\" data-orig-file=\"https:\/\/i0.wp.com\/www.jojoenherbe.com\/wp-content\/uploads\/2021\/04\/Nos-lectures-en-haikus-3-scaled.jpg?fit=2560%2C2088\" data-orig-size=\"2560,2088\" data-comments-opened=\"1\" data-image-meta=\"{&quot;aperture&quot;:&quot;1.8&quot;,&quot;credit&quot;:&quot;&quot;,&quot;camera&quot;:&quot;iPhone 7&quot;,&quot;caption&quot;:&quot;&quot;,&quot;created_timestamp&quot;:&quot;1619097206&quot;,&quot;copyright&quot;:&quot;&quot;,&quot;focal_length&quot;:&quot;3.99&quot;,&quot;iso&quot;:&quot;100&quot;,&quot;shutter_speed&quot;:&quot;0.058823529411765&quot;,&quot;title&quot;:&quot;&quot;,&quot;orientation&quot;:&quot;1&quot;}\" data-image-title=\"Nos lectures en ha\u00efkus 3\" data-image-description=\"\" data-image-caption=\"\" data-large-file=\"https:\/\/i0.wp.com\/www.jojoenherbe.com\/wp-content\/uploads\/2021\/04\/Nos-lectures-en-haikus-3-scaled.jpg?fit=676%2C551\" class=\"size-thumbnail wp-image-17778 alignright\" src=\"https:\/\/i0.wp.com\/www.jojoenherbe.com\/wp-content\/uploads\/2021\/04\/Nos-lectures-en-haikus-3.jpg?resize=150%2C150\" alt=\"\" width=\"150\" height=\"150\" srcset=\"https:\/\/i0.wp.com\/www.jojoenherbe.com\/wp-content\/uploads\/2021\/04\/Nos-lectures-en-haikus-3-scaled.jpg?resize=150%2C150 150w, https:\/\/i0.wp.com\/www.jojoenherbe.com\/wp-content\/uploads\/2021\/04\/Nos-lectures-en-haikus-3-scaled.jpg?zoom=2&amp;resize=150%2C150 300w, https:\/\/i0.wp.com\/www.jojoenherbe.com\/wp-content\/uploads\/2021\/04\/Nos-lectures-en-haikus-3-scaled.jpg?zoom=3&amp;resize=150%2C150 450w\" sizes=\"auto, (max-width: 150px) 100vw, 150px\" \/><\/a>Lecture jeunesse: <a href=\"http:\/\/www.jojoenherbe.com\/index.php\/2021\/04\/23\/nos-lectures-en-haikus\/\">Nos lectures en ha\u00efkus<\/a><\/em><\/li>\n<li style=\"text-align: justify;\"><em>Album jeunesse: <a href=\"http:\/\/www.jojoenherbe.com\/index.php\/2021\/04\/23\/au-fil-des-pages-avec-la-balade-de-koishi\/\"><span style=\"text-decoration: underline;\">La balade de Ko\u00efshi<\/span><\/a> d\u2019Agn\u00e8s Domergue et C\u00e9cile Hudrisier (\u00e9d. Grasset Jeunesse, 2019), un album jeunesse \u00e0 partir de 3 ans en forme de livre-accord\u00e9on<\/em><\/li>\n<li style=\"text-align: justify;\"><em>BD jeunesse: <a href=\"http:\/\/www.jojoenherbe.com\/index.php\/2021\/04\/22\/__trashed-2\/\"><span style=\"text-decoration: underline;\">Entre Neige et Loup<\/span><\/a> d&rsquo;Agn\u00e8s Domergue et H\u00e9l\u00e8ne Canac (\u00e9d. Jungle, 2019), une BD jeunesse \u00e0 partir de 7 ans<\/em><\/li>\n<li style=\"text-align: justify;\"><em><span lang=\"FR\">24 avril&nbsp;&nbsp;: un film d\u2019animation japonais<\/span><\/em><\/li>\n<li style=\"text-align: justify;\"><em><span lang=\"FR\">25 avril : gourmandise\/livre gourmand (roman, BD, livre de recettes)<\/span><\/em><\/li>\n<\/ul>\n<p style=\"text-align: justify;\"><em><a href=\"https:\/\/i0.wp.com\/www.jojoenherbe.com\/wp-content\/uploads\/2021\/04\/Gyozas-5-scaled.jpg\"><img data-recalc-dims=\"1\" loading=\"lazy\" decoding=\"async\" data-attachment-id=\"17863\" data-permalink=\"http:\/\/www.jojoenherbe.com\/index.php\/2021\/04\/01\/billet-de-suivi-un-mois-au-japon-2021\/gyozas-5\/\" data-orig-file=\"https:\/\/i0.wp.com\/www.jojoenherbe.com\/wp-content\/uploads\/2021\/04\/Gyozas-5-scaled.jpg?fit=2560%2C1862\" data-orig-size=\"2560,1862\" data-comments-opened=\"1\" data-image-meta=\"{&quot;aperture&quot;:&quot;1.8&quot;,&quot;credit&quot;:&quot;&quot;,&quot;camera&quot;:&quot;iPhone 7&quot;,&quot;caption&quot;:&quot;&quot;,&quot;created_timestamp&quot;:&quot;1619375060&quot;,&quot;copyright&quot;:&quot;&quot;,&quot;focal_length&quot;:&quot;3.99&quot;,&quot;iso&quot;:&quot;80&quot;,&quot;shutter_speed&quot;:&quot;0.125&quot;,&quot;title&quot;:&quot;&quot;,&quot;orientation&quot;:&quot;1&quot;}\" data-image-title=\"Gy\u00f4zas 5\" data-image-description=\"\" data-image-caption=\"\" data-large-file=\"https:\/\/i0.wp.com\/www.jojoenherbe.com\/wp-content\/uploads\/2021\/04\/Gyozas-5-scaled.jpg?fit=676%2C492\" class=\"alignleft size-thumbnail wp-image-17863\" src=\"https:\/\/i0.wp.com\/www.jojoenherbe.com\/wp-content\/uploads\/2021\/04\/Gyozas-5.jpg?resize=150%2C150\" alt=\"\" width=\"150\" height=\"150\" srcset=\"https:\/\/i0.wp.com\/www.jojoenherbe.com\/wp-content\/uploads\/2021\/04\/Gyozas-5-scaled.jpg?resize=150%2C150 150w, https:\/\/i0.wp.com\/www.jojoenherbe.com\/wp-content\/uploads\/2021\/04\/Gyozas-5-scaled.jpg?zoom=2&amp;resize=150%2C150 300w, https:\/\/i0.wp.com\/www.jojoenherbe.com\/wp-content\/uploads\/2021\/04\/Gyozas-5-scaled.jpg?zoom=3&amp;resize=150%2C150 450w\" sizes=\"auto, (max-width: 150px) 100vw, 150px\" \/><\/a> <a href=\"https:\/\/i0.wp.com\/www.jojoenherbe.com\/wp-content\/uploads\/2021\/04\/Gyozas-4-scaled.jpg\"><img data-recalc-dims=\"1\" loading=\"lazy\" decoding=\"async\" data-attachment-id=\"17862\" data-permalink=\"http:\/\/www.jojoenherbe.com\/index.php\/2021\/04\/01\/billet-de-suivi-un-mois-au-japon-2021\/gyozas-4\/\" data-orig-file=\"https:\/\/i0.wp.com\/www.jojoenherbe.com\/wp-content\/uploads\/2021\/04\/Gyozas-4-scaled.jpg?fit=2560%2C1920\" data-orig-size=\"2560,1920\" data-comments-opened=\"1\" data-image-meta=\"{&quot;aperture&quot;:&quot;1.8&quot;,&quot;credit&quot;:&quot;&quot;,&quot;camera&quot;:&quot;iPhone 7&quot;,&quot;caption&quot;:&quot;&quot;,&quot;created_timestamp&quot;:&quot;1619376607&quot;,&quot;copyright&quot;:&quot;&quot;,&quot;focal_length&quot;:&quot;3.99&quot;,&quot;iso&quot;:&quot;80&quot;,&quot;shutter_speed&quot;:&quot;0.25&quot;,&quot;title&quot;:&quot;&quot;,&quot;orientation&quot;:&quot;1&quot;}\" data-image-title=\"Gy\u00f4zas 4\" data-image-description=\"\" data-image-caption=\"\" data-large-file=\"https:\/\/i0.wp.com\/www.jojoenherbe.com\/wp-content\/uploads\/2021\/04\/Gyozas-4-scaled.jpg?fit=676%2C507\" class=\"alignleft size-thumbnail wp-image-17862\" src=\"https:\/\/i0.wp.com\/www.jojoenherbe.com\/wp-content\/uploads\/2021\/04\/Gyozas-4.jpg?resize=150%2C150\" alt=\"\" width=\"150\" height=\"150\" srcset=\"https:\/\/i0.wp.com\/www.jojoenherbe.com\/wp-content\/uploads\/2021\/04\/Gyozas-4-scaled.jpg?resize=150%2C150 150w, https:\/\/i0.wp.com\/www.jojoenherbe.com\/wp-content\/uploads\/2021\/04\/Gyozas-4-scaled.jpg?zoom=2&amp;resize=150%2C150 300w, https:\/\/i0.wp.com\/www.jojoenherbe.com\/wp-content\/uploads\/2021\/04\/Gyozas-4-scaled.jpg?zoom=3&amp;resize=150%2C150 450w\" sizes=\"auto, (max-width: 150px) 100vw, 150px\" \/><\/a>Dimanche soir, nous mangeons \u00e0 nouveau des gy\u00f4zas en d\u00e9gelant le reste de la farce de la fois pr\u00e9c\u00e9dente et en faisant une nouvelle p\u00e2te avec la recette de <span style=\"text-decoration: underline;\">Mercredi, c&rsquo;est raviolis<\/span>. C&rsquo;\u00e9tait tout aussi bon que la fois pr\u00e9c\u00e9dente.<\/em><\/p>\n<p><strong><em><span style=\"text-decoration: underline;\">Semaine 5 du Mois au Japon<\/span>:<\/em><\/strong><\/p>\n<p style=\"text-align: justify;\"><em>En ce <strong>26 avril 2021<\/strong> d\u00e9bute la derni\u00e8re semaine de l&rsquo;\u00e9dition 2021 du Mois au Japon. Il me reste encore quelques lectures en attente et surtout de nombreux avis \u00e0 \u00e9crire. Ces derniers jours, j&rsquo;ai laiss\u00e9 un peu de c\u00f4t\u00e9 ma PAL japonaise pour celle anglo-saxonne.<\/em><\/p>\n<ul>\n<li style=\"text-align: justify;\"><em><span lang=\"FR\">26 avril : documentaire (tous formats)<\/span><\/em><\/li>\n<li style=\"text-align: justify;\"><em><a href=\"https:\/\/i0.wp.com\/www.jojoenherbe.com\/wp-content\/uploads\/2021\/04\/Quest-ce-que-vous-faites-Monsieur-larchitecte-scaled.jpg\"><img data-recalc-dims=\"1\" loading=\"lazy\" decoding=\"async\" data-attachment-id=\"17911\" data-permalink=\"http:\/\/www.jojoenherbe.com\/index.php\/2021\/04\/27\/au-fil-des-pages-avec-quest-ce-que-vous-faites-monsieur-larchitecte\/quest-ce-que-vous-faites-monsieur-larchitecte\/\" data-orig-file=\"https:\/\/i0.wp.com\/www.jojoenherbe.com\/wp-content\/uploads\/2021\/04\/Quest-ce-que-vous-faites-Monsieur-larchitecte-scaled.jpg?fit=2560%2C1920\" data-orig-size=\"2560,1920\" data-comments-opened=\"1\" data-image-meta=\"{&quot;aperture&quot;:&quot;1.8&quot;,&quot;credit&quot;:&quot;&quot;,&quot;camera&quot;:&quot;iPhone 7&quot;,&quot;caption&quot;:&quot;&quot;,&quot;created_timestamp&quot;:&quot;1619460058&quot;,&quot;copyright&quot;:&quot;&quot;,&quot;focal_length&quot;:&quot;3.99&quot;,&quot;iso&quot;:&quot;100&quot;,&quot;shutter_speed&quot;:&quot;0.16666666666667&quot;,&quot;title&quot;:&quot;&quot;,&quot;orientation&quot;:&quot;1&quot;}\" data-image-title=\"Qu&amp;rsquo;est-ce que vous faites Monsieur l&amp;rsquo;architecte\" data-image-description=\"\" data-image-caption=\"\" data-large-file=\"https:\/\/i0.wp.com\/www.jojoenherbe.com\/wp-content\/uploads\/2021\/04\/Quest-ce-que-vous-faites-Monsieur-larchitecte-scaled.jpg?fit=676%2C507\" class=\"size-thumbnail wp-image-17911 alignright\" src=\"https:\/\/i0.wp.com\/www.jojoenherbe.com\/wp-content\/uploads\/2021\/04\/Quest-ce-que-vous-faites-Monsieur-larchitecte.jpg?resize=150%2C150\" alt=\"\" width=\"150\" height=\"150\" srcset=\"https:\/\/i0.wp.com\/www.jojoenherbe.com\/wp-content\/uploads\/2021\/04\/Quest-ce-que-vous-faites-Monsieur-larchitecte-scaled.jpg?resize=150%2C150 150w, https:\/\/i0.wp.com\/www.jojoenherbe.com\/wp-content\/uploads\/2021\/04\/Quest-ce-que-vous-faites-Monsieur-larchitecte-scaled.jpg?zoom=2&amp;resize=150%2C150 300w, https:\/\/i0.wp.com\/www.jojoenherbe.com\/wp-content\/uploads\/2021\/04\/Quest-ce-que-vous-faites-Monsieur-larchitecte-scaled.jpg?zoom=3&amp;resize=150%2C150 450w\" sizes=\"auto, (max-width: 150px) 100vw, 150px\" \/><\/a>Album jeunesse: <a href=\"http:\/\/www.jojoenherbe.com\/index.php\/2021\/04\/27\/au-fil-des-pages-avec-quest-ce-que-vous-faites-monsieur-larchitecte\/\"><span style=\"text-decoration: underline;\">Qu\u2019est-ce que vous faites Monsieur l\u2019architecte?<\/span><\/a> de Kunihiko Aoyama (\u00e9d. Nobi! Nobi!, 2016), un album jeunesse \u00e0 partir de&nbsp; 3 ans<\/em><\/li>\n<li style=\"text-align: justify;\"><em><span lang=\"FR\"><a href=\"https:\/\/i0.wp.com\/www.jojoenherbe.com\/wp-content\/uploads\/2021\/04\/Mukashi-Mukashi-Contes-du-Japon-scaled.jpg\"><img data-recalc-dims=\"1\" loading=\"lazy\" decoding=\"async\" data-attachment-id=\"17978\" data-permalink=\"http:\/\/www.jojoenherbe.com\/index.php\/2021\/04\/29\/au-fil-des-pages-avec-mukashi-mukashi-contes-du-japon\/mukashi-mukashi-contes-du-japon\/\" data-orig-file=\"https:\/\/i0.wp.com\/www.jojoenherbe.com\/wp-content\/uploads\/2021\/04\/Mukashi-Mukashi-Contes-du-Japon-scaled.jpg?fit=2560%2C1920\" data-orig-size=\"2560,1920\" data-comments-opened=\"1\" data-image-meta=\"{&quot;aperture&quot;:&quot;1.8&quot;,&quot;credit&quot;:&quot;&quot;,&quot;camera&quot;:&quot;iPhone 7&quot;,&quot;caption&quot;:&quot;&quot;,&quot;created_timestamp&quot;:&quot;1619540082&quot;,&quot;copyright&quot;:&quot;&quot;,&quot;focal_length&quot;:&quot;3.99&quot;,&quot;iso&quot;:&quot;100&quot;,&quot;shutter_speed&quot;:&quot;0.058823529411765&quot;,&quot;title&quot;:&quot;&quot;,&quot;orientation&quot;:&quot;1&quot;}\" data-image-title=\"Mukashi Mukashi, Contes du Japon\" data-image-description=\"\" data-image-caption=\"\" data-large-file=\"https:\/\/i0.wp.com\/www.jojoenherbe.com\/wp-content\/uploads\/2021\/04\/Mukashi-Mukashi-Contes-du-Japon-scaled.jpg?fit=676%2C507\" class=\"alignleft size-thumbnail wp-image-17978\" src=\"https:\/\/i0.wp.com\/www.jojoenherbe.com\/wp-content\/uploads\/2021\/04\/Mukashi-Mukashi-Contes-du-Japon.jpg?resize=150%2C150\" alt=\"\" width=\"150\" height=\"150\" srcset=\"https:\/\/i0.wp.com\/www.jojoenherbe.com\/wp-content\/uploads\/2021\/04\/Mukashi-Mukashi-Contes-du-Japon-scaled.jpg?resize=150%2C150 150w, https:\/\/i0.wp.com\/www.jojoenherbe.com\/wp-content\/uploads\/2021\/04\/Mukashi-Mukashi-Contes-du-Japon-scaled.jpg?zoom=2&amp;resize=150%2C150 300w, https:\/\/i0.wp.com\/www.jojoenherbe.com\/wp-content\/uploads\/2021\/04\/Mukashi-Mukashi-Contes-du-Japon-scaled.jpg?zoom=3&amp;resize=150%2C150 450w\" sizes=\"auto, (max-width: 150px) 100vw, 150px\" \/><\/a>27 avril&nbsp;&nbsp;: un titre publi\u00e9 par les \u00e9ditions Issekinicho: les deux premiers recueils de <a href=\"http:\/\/www.jojoenherbe.com\/index.php\/2021\/04\/29\/au-fil-des-pages-avec-mukashi-mukashi-contes-du-japon\/\"><span style=\"text-decoration: underline;\">Mukashi Mukashi, Contes du Japon<\/span><\/a>, le premier d\u2019Alexandre Bonnefoy et le deuxi\u00e8me de Delphine Vaufrey (\u00e9d. Issekinicho, 2019), \u00e0 partir de 5 ans<br \/>\n<\/span><\/em><\/li>\n<li style=\"text-align: justify;\"><em><span lang=\"FR\">28 avril&nbsp; : manga \/ BD ou album jeunesse au choix: les deux tomes des <span style=\"text-decoration: underline;\">Pounipounis<\/span> de Mashiro Minamino (\u00e9d. Nobi Nobi!, 2019), un manga kawa\u00ef \u00e0 partir de 8 ans<br \/>\n<\/span><\/em><\/li>\n<li style=\"text-align: justify;\"><em>29 avril : un film japonais<\/em><\/li>\n<li style=\"text-align: justify;\"><em><span lang=\"FR\">30 avril&nbsp;&nbsp;: Bilan du mois ou envies de lectures \u00e0 partager<\/span><\/em><\/li>\n<\/ul>\n<p style=\"text-align: justify;\"><em><strong>Petit bilan de cette \u00e9dition du Mois au Japon<\/strong>: ce mois d&rsquo;avril 2021 a \u00e9t\u00e9 une jolie \u00e9vasion livresque au Japon avec beaucoup de lecture jeunesse empreinte de douceur et d&rsquo;onirisme et aussi des romans qui m&rsquo;ont permis de d\u00e9couvrir un peu plus sur la culture japonaise. Et aussi des loisirs cr\u00e9atifs et des films sans oublier, bien s\u00fbr, de nombreux \u00e9changes dans la convivialit\u00e9 avec les autres participants. Encore merci \u00e0 Hilde et Lou pour leur organisation encore une fois au top. Le mois au Japon se poursuivant aussi en mai, je continuerai encore ce voyage bloguesque en lisant et chroniquant mes derni\u00e8res lectures et celles qui nous restent encore dans notre PAL (surtout des romans) comme par exemple <span style=\"text-decoration: underline;\">Les m\u00e9moires d&rsquo;un chat<\/span> d&rsquo;Hiro Arikawa (\u00e9d. Actes Sud, 2019) ou <span style=\"text-decoration: underline;\">Les D\u00e9lices de Toky<\/span>o de Durian Sukegawa (\u00e9d. Albin Michel, 2016). A l&rsquo;ann\u00e9e prochaine!<br \/>\n<\/em><\/p>\n<div id=\"attachment_26047\" style=\"width: 167px\" class=\"wp-caption aligncenter\"><img data-recalc-dims=\"1\" loading=\"lazy\" decoding=\"async\" aria-describedby=\"caption-attachment-26047\" class=\"wp-image-26047\" src=\"https:\/\/i0.wp.com\/www.myloubook.com\/wp-content\/uploads\/2020\/03\/logo-mois-au-japon-03.png?resize=157%2C157\" sizes=\"auto, (max-width: 2160px) 100vw, 2160px\" srcset=\"http:\/\/www.myloubook.com\/wp-content\/uploads\/2020\/03\/logo-mois-au-japon-03.png 2160w, http:\/\/www.myloubook.com\/wp-content\/uploads\/2020\/03\/logo-mois-au-japon-03-150x150.png 150w, http:\/\/www.myloubook.com\/wp-content\/uploads\/2020\/03\/logo-mois-au-japon-03-300x300.png 300w, http:\/\/www.myloubook.com\/wp-content\/uploads\/2020\/03\/logo-mois-au-japon-03-768x768.png 768w, http:\/\/www.myloubook.com\/wp-content\/uploads\/2020\/03\/logo-mois-au-japon-03-1024x1024.png 1024w, http:\/\/www.myloubook.com\/wp-content\/uploads\/2020\/03\/logo-mois-au-japon-03-640x640.png 640w\" alt=\"\" width=\"157\" height=\"157\"><p id=\"caption-attachment-26047\" class=\"wp-caption-text\">Un mois au Japon 2021 de <a href=\"https:\/\/lelivroblog.wordpress.com\/2021\/03\/30\/challenge-un-mois-au-japon-2021\/\">Hilde<\/a> et <a href=\"http:\/\/www.myloubook.com\/2021\/03\/30\/un-mois-au-japon-2021-4e-edition\/\">Lou<\/a><\/p><\/div>\n","protected":false},"excerpt":{"rendered":"<p>Apr\u00e8s un British Mysteries Month le mois dernier, Hilde et Lou organisent au mois d&rsquo;avril 2021 Un mois au Japon. Nos deux coorganisatrices ont pr\u00e9vu un programme facultatif que je vais essayer de suivre le plus possible. Pour plus d\u2019infos, n\u2019h\u00e9sitez pas \u00e0 aller sur leurs blogs. Ce billet sera actualis\u00e9 au fil du mois [&hellip;]<\/p>\n","protected":false},"author":1,"featured_media":16886,"comment_status":"open","ping_status":"open","sticky":false,"template":"","format":"standard","meta":{"jetpack_post_was_ever_published":false,"_jetpack_newsletter_access":"","_jetpack_dont_email_post_to_subs":false,"_jetpack_newsletter_tier_id":0,"_jetpack_memberships_contains_paywalled_content":false,"_jetpack_memberships_contains_paid_content":false,"footnotes":""},"categories":[873,363],"tags":[2325,1085,367,1627,2035],"class_list":["post-16885","post","type-post","status-publish","format-standard","has-post-thumbnail","hentry","category-mini-challenger","category-mini-lecteur","tag-japon","tag-lecture-adulte","tag-lecture-jeunesse","tag-litterature-japonaise","tag-un-mois-au-japon-2021","post-preview"],"jetpack_featured_media_url":"https:\/\/i0.wp.com\/www.jojoenherbe.com\/wp-content\/uploads\/2021\/03\/logo-Un-mois-au-Japon-2021.jpeg?fit=1108%2C1108","jetpack_sharing_enabled":true,"jetpack_shortlink":"https:\/\/wp.me\/p9zhGx-4ol","jetpack_likes_enabled":true,"jetpack-related-posts":[{"id":30384,"url":"http:\/\/www.jojoenherbe.com\/index.php\/2023\/04\/01\/billet-de-suivi-un-mois-au-japon-2023\/","url_meta":{"origin":16885,"position":0},"title":"Billet de suivi: Un Mois au Japon 2023","author":"Jojo","date":"1 avril 2023","format":false,"excerpt":"Pour la sixi\u00e8me ann\u00e9e cons\u00e9cutive, Hilde et Lou coorganisent au mois d'avril Un Mois au Japon 2023. Le challenge se d\u00e9roule donc du 1er au 30 avril avec possibilit\u00e9 de continuer \u00e0 partager au mois de mai sur les blogs selon nos envies (livres, films, photos, loisirs cr\u00e9atifs, recettes japonaises...).\u2026","rel":"","context":"Dans &quot;Mini challenger&quot;","block_context":{"text":"Mini challenger","link":"http:\/\/www.jojoenherbe.com\/index.php\/category\/mini-challenger\/"},"img":{"alt_text":"","src":"https:\/\/i0.wp.com\/www.jojoenherbe.com\/wp-content\/uploads\/2023\/03\/Un-Mois-au-Japon-2023.jpg?fit=768%2C768&resize=350%2C200","width":350,"height":200,"srcset":"https:\/\/i0.wp.com\/www.jojoenherbe.com\/wp-content\/uploads\/2023\/03\/Un-Mois-au-Japon-2023.jpg?fit=768%2C768&resize=350%2C200 1x, https:\/\/i0.wp.com\/www.jojoenherbe.com\/wp-content\/uploads\/2023\/03\/Un-Mois-au-Japon-2023.jpg?fit=768%2C768&resize=525%2C300 1.5x, https:\/\/i0.wp.com\/www.jojoenherbe.com\/wp-content\/uploads\/2023\/03\/Un-Mois-au-Japon-2023.jpg?fit=768%2C768&resize=700%2C400 2x"},"classes":[]},{"id":35475,"url":"http:\/\/www.jojoenherbe.com\/index.php\/2024\/04\/01\/billet-de-suivi-un-mois-au-japon-2024\/","url_meta":{"origin":16885,"position":1},"title":"Billet de suivi: Un Mois au Japon 2024","author":"Jojo","date":"1 avril 2024","format":false,"excerpt":"Hilde et Lou coorganisent encore cette ann\u00e9e Un Mois au Japon 2024. Le challenge se d\u00e9roule donc du 1er au 30 avril avec possibilit\u00e9 de continuer \u00e0 partager au mois de mai sur les blogs ou r\u00e9seaux sociaux selon nos envies (livres, films, photos, loisirs cr\u00e9atifs, recettes japonaises\u2026). Programme libre\u2026","rel":"","context":"Dans &quot;Mini challenger&quot;","block_context":{"text":"Mini challenger","link":"http:\/\/www.jojoenherbe.com\/index.php\/category\/mini-challenger\/"},"img":{"alt_text":"","src":"https:\/\/i0.wp.com\/www.jojoenherbe.com\/wp-content\/uploads\/2024\/04\/Un-Mois-au-Japon-2024-logo.jpg?fit=768%2C768&resize=350%2C200","width":350,"height":200,"srcset":"https:\/\/i0.wp.com\/www.jojoenherbe.com\/wp-content\/uploads\/2024\/04\/Un-Mois-au-Japon-2024-logo.jpg?fit=768%2C768&resize=350%2C200 1x, https:\/\/i0.wp.com\/www.jojoenherbe.com\/wp-content\/uploads\/2024\/04\/Un-Mois-au-Japon-2024-logo.jpg?fit=768%2C768&resize=525%2C300 1.5x, https:\/\/i0.wp.com\/www.jojoenherbe.com\/wp-content\/uploads\/2024\/04\/Un-Mois-au-Japon-2024-logo.jpg?fit=768%2C768&resize=700%2C400 2x"},"classes":[]},{"id":38848,"url":"http:\/\/www.jojoenherbe.com\/index.php\/2025\/04\/02\/un-mois-au-japon-2025\/","url_meta":{"origin":16885,"position":2},"title":"Billet de suivi: Un Mois au Japon 2025","author":"Jojo","date":"2 avril 2025","format":false,"excerpt":"Hilde\u00a0et Lou coorganisent encore cette ann\u00e9e Un Mois au Japon 2025 avec comme l'ann\u00e9e derni\u00e8re un programme libre. Le challenge se d\u00e9roule donc du 1er au 30 avril avec possibilit\u00e9 de continuer \u00e0 partager jusqu'au mois d'ao\u00fbt 2025 sur les blogs ou r\u00e9seaux sociaux selon nos envies (livres, films, photos,\u2026","rel":"","context":"Dans &quot;Mini challenger&quot;","block_context":{"text":"Mini challenger","link":"http:\/\/www.jojoenherbe.com\/index.php\/category\/mini-challenger\/"},"img":{"alt_text":"","src":"https:\/\/i0.wp.com\/www.jojoenherbe.com\/wp-content\/uploads\/2025\/04\/Un-Mois-au-Japon-logo-2025.jpg?fit=768%2C960&resize=350%2C200","width":350,"height":200,"srcset":"https:\/\/i0.wp.com\/www.jojoenherbe.com\/wp-content\/uploads\/2025\/04\/Un-Mois-au-Japon-logo-2025.jpg?fit=768%2C960&resize=350%2C200 1x, https:\/\/i0.wp.com\/www.jojoenherbe.com\/wp-content\/uploads\/2025\/04\/Un-Mois-au-Japon-logo-2025.jpg?fit=768%2C960&resize=525%2C300 1.5x, https:\/\/i0.wp.com\/www.jojoenherbe.com\/wp-content\/uploads\/2025\/04\/Un-Mois-au-Japon-logo-2025.jpg?fit=768%2C960&resize=700%2C400 2x"},"classes":[]},{"id":25755,"url":"http:\/\/www.jojoenherbe.com\/index.php\/2022\/06\/01\/notre-mois-bloguesque-de-mai-2022\/","url_meta":{"origin":16885,"position":3},"title":"Notre mois bloguesque de mai 2022","author":"Jojo","date":"1 juin 2022","format":false,"excerpt":"C'est le premier du mois alors voici un petit retour bloguesque sur mai 2022. Comme en avril, nous avons continu\u00e9 en mai nos lectures pour Un mois au Japon 2022 de Hilde et Lou, le challenge Cottagecore de MissyCornish ainsi que nos lectures printani\u00e8res. J'ai d\u00e9j\u00e0 pioch\u00e9 dans la PAL\u2026","rel":"","context":"Dans &quot;Mini blogueur&quot;","block_context":{"text":"Mini blogueur","link":"http:\/\/www.jojoenherbe.com\/index.php\/category\/mini-blogueur\/"},"img":{"alt_text":"","src":"https:\/\/i0.wp.com\/www.jojoenherbe.com\/wp-content\/uploads\/2022\/05\/Selection-Mai-2022-scaled.jpg?fit=1200%2C750&resize=350%2C200","width":350,"height":200,"srcset":"https:\/\/i0.wp.com\/www.jojoenherbe.com\/wp-content\/uploads\/2022\/05\/Selection-Mai-2022-scaled.jpg?fit=1200%2C750&resize=350%2C200 1x, https:\/\/i0.wp.com\/www.jojoenherbe.com\/wp-content\/uploads\/2022\/05\/Selection-Mai-2022-scaled.jpg?fit=1200%2C750&resize=525%2C300 1.5x, https:\/\/i0.wp.com\/www.jojoenherbe.com\/wp-content\/uploads\/2022\/05\/Selection-Mai-2022-scaled.jpg?fit=1200%2C750&resize=700%2C400 2x, https:\/\/i0.wp.com\/www.jojoenherbe.com\/wp-content\/uploads\/2022\/05\/Selection-Mai-2022-scaled.jpg?fit=1200%2C750&resize=1050%2C600 3x"},"classes":[]},{"id":25303,"url":"http:\/\/www.jojoenherbe.com\/index.php\/2022\/05\/01\/notre-mois-blogesque-davril-2022\/","url_meta":{"origin":16885,"position":4},"title":"Notre mois bloguesque d&rsquo;avril 2022","author":"Jojo","date":"1 mai 2022","format":false,"excerpt":"C'est le premier du mois alors voici un petit retour bloguesque sur avril 2022. Apr\u00e8s la Quinzaine British Mysteries coorganis\u00e9e par Lou et Hilde en mars, c\u2019est le retour de leur challenge Un mois au Japon 2022. Nous poursuivrons \u00e9galement le challenge Cottagecore de MissyCornish et nos lectures printani\u00e8res sans\u2026","rel":"","context":"Dans &quot;Mini blogueur&quot;","block_context":{"text":"Mini blogueur","link":"http:\/\/www.jojoenherbe.com\/index.php\/category\/mini-blogueur\/"},"img":{"alt_text":"","src":"https:\/\/i0.wp.com\/www.jojoenherbe.com\/wp-content\/uploads\/2022\/04\/Selection-Avril-2022-scaled.jpg?fit=1200%2C827&resize=350%2C200","width":350,"height":200,"srcset":"https:\/\/i0.wp.com\/www.jojoenherbe.com\/wp-content\/uploads\/2022\/04\/Selection-Avril-2022-scaled.jpg?fit=1200%2C827&resize=350%2C200 1x, https:\/\/i0.wp.com\/www.jojoenherbe.com\/wp-content\/uploads\/2022\/04\/Selection-Avril-2022-scaled.jpg?fit=1200%2C827&resize=525%2C300 1.5x, https:\/\/i0.wp.com\/www.jojoenherbe.com\/wp-content\/uploads\/2022\/04\/Selection-Avril-2022-scaled.jpg?fit=1200%2C827&resize=700%2C400 2x, https:\/\/i0.wp.com\/www.jojoenherbe.com\/wp-content\/uploads\/2022\/04\/Selection-Avril-2022-scaled.jpg?fit=1200%2C827&resize=1050%2C600 3x"},"classes":[]},{"id":24429,"url":"http:\/\/www.jojoenherbe.com\/index.php\/2022\/04\/01\/billet-de-suivi-un-mois-au-japon-2022\/","url_meta":{"origin":16885,"position":5},"title":"Billet de suivi: Un mois au Japon 2022","author":"Jojo","date":"1 avril 2022","format":false,"excerpt":"Apr\u00e8s une Quinzaine British Mysteries le mois dernier, Hilde et Lou organisent au mois d\u2019avril 2022 Un mois au Japon. Pour plus d\u2019infos, n\u2019h\u00e9sitez pas \u00e0 aller sur leurs blogs. Il est notamment pr\u00e9vu trois lectures communes avec un titre au choix d'Aki Shimazaki pour le 8 avril 2022, d'Yoko\u2026","rel":"","context":"Dans &quot;Mini challenger&quot;","block_context":{"text":"Mini challenger","link":"http:\/\/www.jojoenherbe.com\/index.php\/category\/mini-challenger\/"},"img":{"alt_text":"","src":"https:\/\/i0.wp.com\/www.jojoenherbe.com\/wp-content\/uploads\/2022\/04\/Un-mois-au-Japon-2022-2.jpg?fit=960%2C960&resize=350%2C200","width":350,"height":200,"srcset":"https:\/\/i0.wp.com\/www.jojoenherbe.com\/wp-content\/uploads\/2022\/04\/Un-mois-au-Japon-2022-2.jpg?fit=960%2C960&resize=350%2C200 1x, https:\/\/i0.wp.com\/www.jojoenherbe.com\/wp-content\/uploads\/2022\/04\/Un-mois-au-Japon-2022-2.jpg?fit=960%2C960&resize=525%2C300 1.5x, https:\/\/i0.wp.com\/www.jojoenherbe.com\/wp-content\/uploads\/2022\/04\/Un-mois-au-Japon-2022-2.jpg?fit=960%2C960&resize=700%2C400 2x"},"classes":[]}],"_links":{"self":[{"href":"http:\/\/www.jojoenherbe.com\/index.php\/wp-json\/wp\/v2\/posts\/16885","targetHints":{"allow":["GET"]}}],"collection":[{"href":"http:\/\/www.jojoenherbe.com\/index.php\/wp-json\/wp\/v2\/posts"}],"about":[{"href":"http:\/\/www.jojoenherbe.com\/index.php\/wp-json\/wp\/v2\/types\/post"}],"author":[{"embeddable":true,"href":"http:\/\/www.jojoenherbe.com\/index.php\/wp-json\/wp\/v2\/users\/1"}],"replies":[{"embeddable":true,"href":"http:\/\/www.jojoenherbe.com\/index.php\/wp-json\/wp\/v2\/comments?post=16885"}],"version-history":[{"count":0,"href":"http:\/\/www.jojoenherbe.com\/index.php\/wp-json\/wp\/v2\/posts\/16885\/revisions"}],"wp:featuredmedia":[{"embeddable":true,"href":"http:\/\/www.jojoenherbe.com\/index.php\/wp-json\/wp\/v2\/media\/16886"}],"wp:attachment":[{"href":"http:\/\/www.jojoenherbe.com\/index.php\/wp-json\/wp\/v2\/media?parent=16885"}],"wp:term":[{"taxonomy":"category","embeddable":true,"href":"http:\/\/www.jojoenherbe.com\/index.php\/wp-json\/wp\/v2\/categories?post=16885"},{"taxonomy":"post_tag","embeddable":true,"href":"http:\/\/www.jojoenherbe.com\/index.php\/wp-json\/wp\/v2\/tags?post=16885"}],"curies":[{"name":"wp","href":"https:\/\/api.w.org\/{rel}","templated":true}]}}