{"id":16806,"date":"2021-06-10T14:38:57","date_gmt":"2021-06-10T12:38:57","guid":{"rendered":"http:\/\/www.jojoenherbe.com\/?p=16806"},"modified":"2022-09-06T10:58:01","modified_gmt":"2022-09-06T08:58:01","slug":"au-fil-des-pages-avec-nina-et-le-doudou-magique","status":"publish","type":"post","link":"http:\/\/www.jojoenherbe.com\/index.php\/2021\/06\/10\/au-fil-des-pages-avec-nina-et-le-doudou-magique\/","title":{"rendered":"Au fil des pages avec Nina et le doudou magique"},"content":{"rendered":"<p style=\"text-align: justify;\"><em><a href=\"https:\/\/i0.wp.com\/www.jojoenherbe.com\/wp-content\/uploads\/2021\/06\/Nina-et-le-doudou-magique-2-scaled.jpg\"><img data-recalc-dims=\"1\" loading=\"lazy\" decoding=\"async\" data-attachment-id=\"18991\" data-permalink=\"http:\/\/www.jojoenherbe.com\/index.php\/2021\/06\/10\/au-fil-des-pages-avec-nina-et-le-doudou-magique\/nina-et-le-doudou-magique-2\/\" data-orig-file=\"https:\/\/i0.wp.com\/www.jojoenherbe.com\/wp-content\/uploads\/2021\/06\/Nina-et-le-doudou-magique-2-scaled.jpg?fit=2560%2C1920\" data-orig-size=\"2560,1920\" data-comments-opened=\"1\" data-image-meta=\"{&quot;aperture&quot;:&quot;1.8&quot;,&quot;credit&quot;:&quot;&quot;,&quot;camera&quot;:&quot;iPhone 7&quot;,&quot;caption&quot;:&quot;&quot;,&quot;created_timestamp&quot;:&quot;1623334271&quot;,&quot;copyright&quot;:&quot;&quot;,&quot;focal_length&quot;:&quot;3.99&quot;,&quot;iso&quot;:&quot;80&quot;,&quot;shutter_speed&quot;:&quot;0.058823529411765&quot;,&quot;title&quot;:&quot;&quot;,&quot;orientation&quot;:&quot;1&quot;}\" data-image-title=\"Nina et le doudou magique 2\" data-image-description=\"\" data-image-caption=\"\" data-large-file=\"https:\/\/i0.wp.com\/www.jojoenherbe.com\/wp-content\/uploads\/2021\/06\/Nina-et-le-doudou-magique-2-scaled.jpg?fit=676%2C507\" class=\"alignleft wp-image-18991 size-thumbnail\" src=\"https:\/\/i0.wp.com\/www.jojoenherbe.com\/wp-content\/uploads\/2021\/06\/Nina-et-le-doudou-magique-2.jpg?resize=150%2C150\" alt=\"\" width=\"150\" height=\"150\" srcset=\"https:\/\/i0.wp.com\/www.jojoenherbe.com\/wp-content\/uploads\/2021\/06\/Nina-et-le-doudou-magique-2-scaled.jpg?resize=150%2C150 150w, https:\/\/i0.wp.com\/www.jojoenherbe.com\/wp-content\/uploads\/2021\/06\/Nina-et-le-doudou-magique-2-scaled.jpg?zoom=2&amp;resize=150%2C150 300w, https:\/\/i0.wp.com\/www.jojoenherbe.com\/wp-content\/uploads\/2021\/06\/Nina-et-le-doudou-magique-2-scaled.jpg?zoom=3&amp;resize=150%2C150 450w\" sizes=\"auto, (max-width: 150px) 100vw, 150px\" \/><\/a> <a href=\"https:\/\/i0.wp.com\/www.jojoenherbe.com\/wp-content\/uploads\/2021\/06\/Nina-et-le-doudou-magique-3-scaled.jpg\"><img data-recalc-dims=\"1\" loading=\"lazy\" decoding=\"async\" data-attachment-id=\"18992\" data-permalink=\"http:\/\/www.jojoenherbe.com\/index.php\/2021\/06\/10\/au-fil-des-pages-avec-nina-et-le-doudou-magique\/nina-et-le-doudou-magique-3\/\" data-orig-file=\"https:\/\/i0.wp.com\/www.jojoenherbe.com\/wp-content\/uploads\/2021\/06\/Nina-et-le-doudou-magique-3-scaled.jpg?fit=2560%2C1920\" data-orig-size=\"2560,1920\" data-comments-opened=\"1\" data-image-meta=\"{&quot;aperture&quot;:&quot;1.8&quot;,&quot;credit&quot;:&quot;&quot;,&quot;camera&quot;:&quot;iPhone 7&quot;,&quot;caption&quot;:&quot;&quot;,&quot;created_timestamp&quot;:&quot;1623334201&quot;,&quot;copyright&quot;:&quot;&quot;,&quot;focal_length&quot;:&quot;3.99&quot;,&quot;iso&quot;:&quot;64&quot;,&quot;shutter_speed&quot;:&quot;0.058823529411765&quot;,&quot;title&quot;:&quot;&quot;,&quot;orientation&quot;:&quot;1&quot;}\" data-image-title=\"Nina et le doudou magique 3\" data-image-description=\"\" data-image-caption=\"\" data-large-file=\"https:\/\/i0.wp.com\/www.jojoenherbe.com\/wp-content\/uploads\/2021\/06\/Nina-et-le-doudou-magique-3-scaled.jpg?fit=676%2C507\" class=\"alignleft wp-image-18992 size-thumbnail\" src=\"https:\/\/i0.wp.com\/www.jojoenherbe.com\/wp-content\/uploads\/2021\/06\/Nina-et-le-doudou-magique-3.jpg?resize=150%2C150\" alt=\"\" width=\"150\" height=\"150\" srcset=\"https:\/\/i0.wp.com\/www.jojoenherbe.com\/wp-content\/uploads\/2021\/06\/Nina-et-le-doudou-magique-3-scaled.jpg?resize=150%2C150 150w, https:\/\/i0.wp.com\/www.jojoenherbe.com\/wp-content\/uploads\/2021\/06\/Nina-et-le-doudou-magique-3-scaled.jpg?zoom=2&amp;resize=150%2C150 300w, https:\/\/i0.wp.com\/www.jojoenherbe.com\/wp-content\/uploads\/2021\/06\/Nina-et-le-doudou-magique-3-scaled.jpg?zoom=3&amp;resize=150%2C150 450w\" sizes=\"auto, (max-width: 150px) 100vw, 150px\" \/><\/a>Depuis le d\u00e9but du printemps, nous lisons r\u00e9guli\u00e8rement <span class=\"\"><span style=\"text-decoration: underline;\">Nina et le doudou magique<\/span> de Nicola Killen (\u00e9d. Quatre Fleuves, coll. Livres po\u00e9tiques, 2019), un album jeunesse avec des d\u00e9coupes et \u00e0 partir de 3 ans<\/span>. Lors d&rsquo;un printemps pluvieux, Nina se d\u00e9sesp\u00e8re de pouvoir sortir dehors avec Merlin, son lapin en peluche. La pluie s&rsquo;arr\u00eate enfin. Et lorsqu&rsquo;elle sort sous une brise de p\u00e9tales dor\u00e9s, son doudou prend vie. Mais Merlin s&rsquo;\u00e9chappe en partant derri\u00e8re un groupe de lapins. Nina part \u00e0 sa recherche sans s&rsquo;apercevoir que le temps se couvre \u00e0 nouveau.<br \/>\n<\/em><\/p>\n<p style=\"text-align: justify;\"><em><a href=\"https:\/\/i0.wp.com\/www.jojoenherbe.com\/wp-content\/uploads\/2021\/06\/Nina-et-le-doudou-magique-5-scaled.jpg\"><img data-recalc-dims=\"1\" loading=\"lazy\" decoding=\"async\" data-attachment-id=\"18994\" data-permalink=\"http:\/\/www.jojoenherbe.com\/index.php\/2021\/06\/10\/au-fil-des-pages-avec-nina-et-le-doudou-magique\/nina-et-le-doudou-magique-5\/\" data-orig-file=\"https:\/\/i0.wp.com\/www.jojoenherbe.com\/wp-content\/uploads\/2021\/06\/Nina-et-le-doudou-magique-5-scaled.jpg?fit=2560%2C1920\" data-orig-size=\"2560,1920\" data-comments-opened=\"1\" data-image-meta=\"{&quot;aperture&quot;:&quot;1.8&quot;,&quot;credit&quot;:&quot;&quot;,&quot;camera&quot;:&quot;iPhone 7&quot;,&quot;caption&quot;:&quot;&quot;,&quot;created_timestamp&quot;:&quot;1623334290&quot;,&quot;copyright&quot;:&quot;&quot;,&quot;focal_length&quot;:&quot;3.99&quot;,&quot;iso&quot;:&quot;80&quot;,&quot;shutter_speed&quot;:&quot;0.058823529411765&quot;,&quot;title&quot;:&quot;&quot;,&quot;orientation&quot;:&quot;1&quot;}\" data-image-title=\"Nina et le doudou magique 5\" data-image-description=\"\" data-image-caption=\"\" data-large-file=\"https:\/\/i0.wp.com\/www.jojoenherbe.com\/wp-content\/uploads\/2021\/06\/Nina-et-le-doudou-magique-5-scaled.jpg?fit=676%2C507\" class=\"size-thumbnail wp-image-18994 alignright\" src=\"https:\/\/i0.wp.com\/www.jojoenherbe.com\/wp-content\/uploads\/2021\/06\/Nina-et-le-doudou-magique-5.jpg?resize=150%2C150\" alt=\"\" width=\"150\" height=\"150\" srcset=\"https:\/\/i0.wp.com\/www.jojoenherbe.com\/wp-content\/uploads\/2021\/06\/Nina-et-le-doudou-magique-5-scaled.jpg?resize=150%2C150 150w, https:\/\/i0.wp.com\/www.jojoenherbe.com\/wp-content\/uploads\/2021\/06\/Nina-et-le-doudou-magique-5-scaled.jpg?zoom=2&amp;resize=150%2C150 300w, https:\/\/i0.wp.com\/www.jojoenherbe.com\/wp-content\/uploads\/2021\/06\/Nina-et-le-doudou-magique-5-scaled.jpg?zoom=3&amp;resize=150%2C150 450w\" sizes=\"auto, (max-width: 150px) 100vw, 150px\" \/><\/a> <a href=\"https:\/\/i0.wp.com\/www.jojoenherbe.com\/wp-content\/uploads\/2021\/06\/Nina-et-le-doudou-magique-4-scaled.jpg\"><img data-recalc-dims=\"1\" loading=\"lazy\" decoding=\"async\" data-attachment-id=\"18993\" data-permalink=\"http:\/\/www.jojoenherbe.com\/index.php\/2021\/06\/10\/au-fil-des-pages-avec-nina-et-le-doudou-magique\/nina-et-le-doudou-magique-4\/\" data-orig-file=\"https:\/\/i0.wp.com\/www.jojoenherbe.com\/wp-content\/uploads\/2021\/06\/Nina-et-le-doudou-magique-4-scaled.jpg?fit=2560%2C1920\" data-orig-size=\"2560,1920\" data-comments-opened=\"1\" data-image-meta=\"{&quot;aperture&quot;:&quot;1.8&quot;,&quot;credit&quot;:&quot;&quot;,&quot;camera&quot;:&quot;iPhone 7&quot;,&quot;caption&quot;:&quot;&quot;,&quot;created_timestamp&quot;:&quot;1623334336&quot;,&quot;copyright&quot;:&quot;&quot;,&quot;focal_length&quot;:&quot;3.99&quot;,&quot;iso&quot;:&quot;80&quot;,&quot;shutter_speed&quot;:&quot;0.058823529411765&quot;,&quot;title&quot;:&quot;&quot;,&quot;orientation&quot;:&quot;1&quot;}\" data-image-title=\"Nina et le doudou magique 4\" data-image-description=\"\" data-image-caption=\"\" data-large-file=\"https:\/\/i0.wp.com\/www.jojoenherbe.com\/wp-content\/uploads\/2021\/06\/Nina-et-le-doudou-magique-4-scaled.jpg?fit=676%2C507\" class=\"wp-image-18993 size-thumbnail alignright\" src=\"https:\/\/i0.wp.com\/www.jojoenherbe.com\/wp-content\/uploads\/2021\/06\/Nina-et-le-doudou-magique-4.jpg?resize=150%2C150\" alt=\"\" width=\"150\" height=\"150\" srcset=\"https:\/\/i0.wp.com\/www.jojoenherbe.com\/wp-content\/uploads\/2021\/06\/Nina-et-le-doudou-magique-4-scaled.jpg?resize=150%2C150 150w, https:\/\/i0.wp.com\/www.jojoenherbe.com\/wp-content\/uploads\/2021\/06\/Nina-et-le-doudou-magique-4-scaled.jpg?zoom=2&amp;resize=150%2C150 300w, https:\/\/i0.wp.com\/www.jojoenherbe.com\/wp-content\/uploads\/2021\/06\/Nina-et-le-doudou-magique-4-scaled.jpg?zoom=3&amp;resize=150%2C150 450w\" sizes=\"auto, (max-width: 150px) 100vw, 150px\" \/><\/a>Les illustrations sont magnifiques, tendres, en noir et blanc avec une touche de jaune\/dor\u00e9 et de vert. Les d\u00e9coupes accentuent l&rsquo;aventure onirique et magique de la petite fille qui fait preuve de courage et de fantaisie, m\u00e9lange d&rsquo;Alice avec le lapin et de Mary Poppins avec son parapluie. D&rsquo;ailleurs, lorsque le doudou lapin prend vie et s&rsquo;enfuit \u00e0 travers un trou dans une haie, cela m&rsquo;a fait penser \u00e0 Alice au pays des Merveilles de Lewis Carroll. C&rsquo;est une jolie plong\u00e9e dans le monde imaginaire de l&rsquo;enfance. <\/em><em>Un tr\u00e8s bon moment de lecture avec ce conte printanier tout doux! Il ne nous reste plus qu&rsquo;\u00e0 d\u00e9couvrir Nina dans les deux histoires pr\u00e9c\u00e9dentes, No\u00ebl (<span style=\"text-decoration: underline;\">Nina et le renne de No\u00ebl<\/span>) et Halloween (<span style=\"text-decoration: underline;\">Nina et le petit chat perdu<\/span>).<br \/>\n<\/em><\/p>\n<div style=\"width: 102px\" class=\"wp-caption alignleft\"><img loading=\"lazy\" decoding=\"async\" class=\"attachment-post-image  wp-post-image\" src=\"https:\/\/i1.wp.com\/www.jojoenherbe.com\/wp-content\/uploads\/2021\/05\/Le-Mois-Anglais-2021.png?fit=676%2C676\" sizes=\"auto, (max-width: 676px) 100vw, 676px\" srcset=\"https:\/\/i1.wp.com\/www.jojoenherbe.com\/wp-content\/uploads\/2021\/05\/Le-Mois-Anglais-2021.png?w=1080 1080w, https:\/\/i1.wp.com\/www.jojoenherbe.com\/wp-content\/uploads\/2021\/05\/Le-Mois-Anglais-2021.png?resize=300%2C300 300w, https:\/\/i1.wp.com\/www.jojoenherbe.com\/wp-content\/uploads\/2021\/05\/Le-Mois-Anglais-2021.png?resize=1024%2C1024 1024w, https:\/\/i1.wp.com\/www.jojoenherbe.com\/wp-content\/uploads\/2021\/05\/Le-Mois-Anglais-2021.png?resize=150%2C150 150w, https:\/\/i1.wp.com\/www.jojoenherbe.com\/wp-content\/uploads\/2021\/05\/Le-Mois-Anglais-2021.png?resize=768%2C768 768w, https:\/\/i1.wp.com\/www.jojoenherbe.com\/wp-content\/uploads\/2021\/05\/Le-Mois-Anglais-2021.png?resize=676%2C676 676w\" alt=\"\" width=\"92\" height=\"92\" data-attachment-id=\"18490\" data-permalink=\"http:\/\/www.jojoenherbe.com\/index.php\/2021\/05\/25\/billet-de-suivi-le-mois-anglais-2021\/le-mois-anglais-2021\/\" data-orig-file=\"https:\/\/i1.wp.com\/www.jojoenherbe.com\/wp-content\/uploads\/2021\/05\/Le-Mois-Anglais-2021.png?fit=1080%2C1080\" data-orig-size=\"1080,1080\" data-comments-opened=\"1\" data-image-meta=\"{&quot;aperture&quot;:&quot;0&quot;,&quot;credit&quot;:&quot;&quot;,&quot;camera&quot;:&quot;&quot;,&quot;caption&quot;:&quot;&quot;,&quot;created_timestamp&quot;:&quot;0&quot;,&quot;copyright&quot;:&quot;&quot;,&quot;focal_length&quot;:&quot;0&quot;,&quot;iso&quot;:&quot;0&quot;,&quot;shutter_speed&quot;:&quot;0&quot;,&quot;title&quot;:&quot;&quot;,&quot;orientation&quot;:&quot;0&quot;}\" data-image-title=\"Le Mois Anglais 2021\" data-image-description=\"\" data-medium-file=\"https:\/\/i1.wp.com\/www.jojoenherbe.com\/wp-content\/uploads\/2021\/05\/Le-Mois-Anglais-2021.png?fit=300%2C300\" data-large-file=\"https:\/\/i1.wp.com\/www.jojoenherbe.com\/wp-content\/uploads\/2021\/05\/Le-Mois-Anglais-2021.png?fit=676%2C676\" \/><p class=\"wp-caption-text\">Participation #8 au Mois Anglais de <a href=\"http:\/\/www.myloubook.com\/2021\/05\/22\/le-mois-anglais-10-bougies-en-juin\/\">Lou<\/a>, <a href=\"https:\/\/plaisirsacultiver.com\/2021\/05\/22\/le-mois-anglais-10-bougies-en-juin\/\">Titine<\/a> et <a href=\"http:\/\/cryssilda.canalblog.com\/archives\/2021\/05\/22\/38982922.html\">Cryssilda<\/a> #Album jeunesse<\/p><\/div>\n<div id=\"attachment_27626\" style=\"width: 105px\" class=\"wp-caption alignleft\"><img data-recalc-dims=\"1\" loading=\"lazy\" decoding=\"async\" aria-describedby=\"caption-attachment-27626\" data-attachment-id=\"27626\" data-permalink=\"http:\/\/www.jojoenherbe.com\/index.php\/2022\/09\/15\/au-fil-des-pages-avec-graines-de-sable\/graines-de-sable-4\/\" data-orig-file=\"https:\/\/i0.wp.com\/www.jojoenherbe.com\/wp-content\/uploads\/2022\/09\/Graines-de-sable-4-scaled.jpg?fit=2560%2C1792\" data-orig-size=\"2560,1792\" data-comments-opened=\"1\" data-image-meta=\"{&quot;aperture&quot;:&quot;1.8&quot;,&quot;credit&quot;:&quot;&quot;,&quot;camera&quot;:&quot;iPhone 7&quot;,&quot;caption&quot;:&quot;&quot;,&quot;created_timestamp&quot;:&quot;1663171585&quot;,&quot;copyright&quot;:&quot;&quot;,&quot;focal_length&quot;:&quot;3.99&quot;,&quot;iso&quot;:&quot;100&quot;,&quot;shutter_speed&quot;:&quot;0.071428571428571&quot;,&quot;title&quot;:&quot;&quot;,&quot;orientation&quot;:&quot;1&quot;}\" data-image-title=\"Graines de sable 4\" data-image-description=\"\" data-image-caption=\"\" data-large-file=\"https:\/\/i0.wp.com\/www.jojoenherbe.com\/wp-content\/uploads\/2022\/09\/Graines-de-sable-4-scaled.jpg?fit=676%2C473\" class=\"wp-image-27626\" src=\"https:\/\/i0.wp.com\/www.myloubook.com\/wp-content\/uploads\/2021\/01\/Logo-A-year-in-England-02.png?resize=95%2C95\" sizes=\"auto, (max-width: 2160px) 100vw, 2160px\" srcset=\"http:\/\/www.myloubook.com\/wp-content\/uploads\/2021\/01\/Logo-A-year-in-England-02.png 2160w, http:\/\/www.myloubook.com\/wp-content\/uploads\/2021\/01\/Logo-A-year-in-England-02-150x150.png 150w, http:\/\/www.myloubook.com\/wp-content\/uploads\/2021\/01\/Logo-A-year-in-England-02-300x300.png 300w, http:\/\/www.myloubook.com\/wp-content\/uploads\/2021\/01\/Logo-A-year-in-England-02-768x768.png 768w, http:\/\/www.myloubook.com\/wp-content\/uploads\/2021\/01\/Logo-A-year-in-England-02-1024x1024.png 1024w, http:\/\/www.myloubook.com\/wp-content\/uploads\/2021\/01\/Logo-A-year-in-England-02-640x640.png 640w\" alt=\"\" width=\"95\" height=\"95\" \/><p id=\"caption-attachment-27626\" class=\"wp-caption-text\">Participation #25 Challenge A year in England pour les 10 ans du Mois Anglais de Lou, Titine et Cryssilda #Autrice britannique<\/p><\/div>\n<div style=\"width: 94px\" class=\"wp-caption alignleft\"><img loading=\"lazy\" decoding=\"async\" class=\"attachment-post-image  wp-post-image\" src=\"https:\/\/i1.wp.com\/www.jojoenherbe.com\/wp-content\/uploads\/2021\/05\/challenge-cotagecore-2021-2-1.png?fit=228%2C283\" alt=\"\" width=\"84\" height=\"104\" data-attachment-id=\"18034\" data-permalink=\"http:\/\/www.jojoenherbe.com\/index.php\/2021\/05\/02\/billet-de-suivi-challenge-cottagecore-2021\/challenge-cotagecore-2021-2-1\/\" data-orig-file=\"https:\/\/i1.wp.com\/www.jojoenherbe.com\/wp-content\/uploads\/2021\/05\/challenge-cotagecore-2021-2-1.png?fit=228%2C283\" data-orig-size=\"228,283\" data-comments-opened=\"1\" data-image-meta=\"{&quot;aperture&quot;:&quot;0&quot;,&quot;credit&quot;:&quot;&quot;,&quot;camera&quot;:&quot;&quot;,&quot;caption&quot;:&quot;&quot;,&quot;created_timestamp&quot;:&quot;0&quot;,&quot;copyright&quot;:&quot;&quot;,&quot;focal_length&quot;:&quot;0&quot;,&quot;iso&quot;:&quot;0&quot;,&quot;shutter_speed&quot;:&quot;0&quot;,&quot;title&quot;:&quot;&quot;,&quot;orientation&quot;:&quot;0&quot;}\" data-image-title=\"\" data-image-description=\"\" data-medium-file=\"https:\/\/i1.wp.com\/www.jojoenherbe.com\/wp-content\/uploads\/2021\/05\/challenge-cotagecore-2021-2-1.png?fit=228%2C283\" data-large-file=\"https:\/\/i1.wp.com\/www.jojoenherbe.com\/wp-content\/uploads\/2021\/05\/challenge-cotagecore-2021-2-1.png?fit=228%2C283\" \/><p class=\"wp-caption-text\">Participation #7 au Challenge Cottagecore 2021 de <a href=\"https:\/\/artdelire.org\/challenge-cottagecore-billets-recapitulatifs\/\">MissyCornish<\/a><\/p><\/div>\n<div id=\"attachment_10219\" style=\"width: 101px\" class=\"wp-caption alignleft\"><img loading=\"lazy\" decoding=\"async\" aria-describedby=\"caption-attachment-10219\" data-attachment-id=\"10219\" data-permalink=\"http:\/\/www.jojoenherbe.com\/index.php\/2020\/03\/02\/au-fil-des-pages-avec-lievre-et-ours-sous-la-neige\/lievre-et-ours-sous-la-neige\/\" data-orig-file=\"https:\/\/i0.wp.com\/www.jojoenherbe.com\/wp-content\/uploads\/2020\/03\/Li%C3%A8vre-et-Ours-sous-la-neige-scaled.jpg?fit=2560%2C1892\" data-orig-size=\"2560,1892\" data-comments-opened=\"1\" data-image-meta=\"{&quot;aperture&quot;:&quot;2.4&quot;,&quot;credit&quot;:&quot;&quot;,&quot;camera&quot;:&quot;iPhone 4S&quot;,&quot;caption&quot;:&quot;&quot;,&quot;created_timestamp&quot;:&quot;1583147305&quot;,&quot;copyright&quot;:&quot;&quot;,&quot;focal_length&quot;:&quot;4.28&quot;,&quot;iso&quot;:&quot;640&quot;,&quot;shutter_speed&quot;:&quot;0.066666666666667&quot;,&quot;title&quot;:&quot;&quot;,&quot;orientation&quot;:&quot;1&quot;}\" data-image-title=\"Li\u00e8vre et Ours, sous la neige\" data-image-description=\"\" data-image-caption=\"\" data-large-file=\"https:\/\/i0.wp.com\/www.jojoenherbe.com\/wp-content\/uploads\/2020\/03\/Li%C3%A8vre-et-Ours-sous-la-neige-scaled.jpg?fit=676%2C500\" class=\"wp-image-10219\" src=\"https:\/\/i2.wp.com\/mapetitemediatheque.fr\/wp-content\/uploads\/2018\/11\/challenge-contes-et-l\u00e9gendes.jpg?resize=131%2C164\" sizes=\"auto, (max-width: 343px) 100vw, 343px\" srcset=\"https:\/\/i2.wp.com\/mapetitemediatheque.fr\/wp-content\/uploads\/2018\/11\/challenge-contes-et-l\u00e9gendes.jpg?resize=131%2C164 343w, http:\/\/mapetitemediatheque.fr\/wp-content\/uploads\/2018\/11\/challenge-contes-et-l\u00e9gendes-239x300.jpg 239w\" alt=\"\" width=\"91\" height=\"114\" aria-describedby=\"caption-attachment-10219\" data-attachment-id=\"10219\" data-permalink=\"http:\/\/www.jojoenherbe.com\/index.php\/2020\/03\/02\/au-fil-des-pages-avec-lievre-et-ours-sous-la-neige\/lievre-et-ours-sous-la-neige\/\" data-orig-file=\"https:\/\/i1.wp.com\/www.jojoenherbe.com\/wp-content\/uploads\/2020\/03\/Li\u00e8vre-et-Ours-sous-la-neige-scaled.jpg?fit=2560%2C1892\" data-orig-size=\"2560,1892\" data-comments-opened=\"1\" data-image-meta=\"{&quot;aperture&quot;:&quot;2.4&quot;,&quot;credit&quot;:&quot;&quot;,&quot;camera&quot;:&quot;iPhone 4S&quot;,&quot;caption&quot;:&quot;&quot;,&quot;created_timestamp&quot;:&quot;1583147305&quot;,&quot;copyright&quot;:&quot;&quot;,&quot;focal_length&quot;:&quot;4.28&quot;,&quot;iso&quot;:&quot;640&quot;,&quot;shutter_speed&quot;:&quot;0.066666666666667&quot;,&quot;title&quot;:&quot;&quot;,&quot;orientation&quot;:&quot;1&quot;}\" data-image-title=\"Li\u00e8vre et Ours, sous la neige\" data-image-description=\"\" data-medium-file=\"https:\/\/i1.wp.com\/www.jojoenherbe.com\/wp-content\/uploads\/2020\/03\/Li\u00e8vre-et-Ours-sous-la-neige-scaled.jpg?fit=300%2C222\" data-large-file=\"https:\/\/i1.wp.com\/www.jojoenherbe.com\/wp-content\/uploads\/2020\/03\/Li\u00e8vre-et-Ours-sous-la-neige-scaled.jpg?fit=676%2C500\" data-recalc-dims=\"1\" \/><p id=\"caption-attachment-10219\" class=\"wp-caption-text\">Participation #47 au Challenge Contes &amp; L\u00e9gendes 2021 de <a href=\"https:\/\/mapetitemediatheque.fr\/2020\/12\/challenge-contes-legendes-2021\/\">Bidib<\/a><\/p><\/div>\n<div style=\"width: 124px\" class=\"wp-caption alignleft\"><img loading=\"lazy\" decoding=\"async\" class=\"\" src=\"https:\/\/lh3.googleusercontent.com\/pw\/ACtC-3eIuIHfDCWnQjrbP_Gttnq9qrZJ0sCLWnTR3GjIOIiC54aYp8f1rKz8fy3EJIYJcUrzUv3KnF-YnYTE-vhMmRU8myeq_V_5OYKPelcJ6I4-bD-P1SjmJYevXt0TGhPCpROfcXeg5SJ_4KvwWeBQfvsOWw=w285-h217-no?authuser=1\" alt=\"\" width=\"114\" height=\"87\" \/><p class=\"wp-caption-text\">Challenge Petit Bac d\u2019<a href=\"https:\/\/ennalit.wordpress.com\/2020\/12\/01\/challenge-petit-bac-2021-qui-veut-jouer\/\">Enna<\/a> #10 Cat\u00e9gorie Objet: \u00ab\u00a0Doudou\u00a0\u00bb<\/p><\/div>\n<div style=\"width: 132px\" class=\"wp-caption alignleft\"><img loading=\"lazy\" decoding=\"async\" class=\"attachment-boston-list-medium  wp-post-image\" src=\"https:\/\/i0.wp.com\/avenuereinemathilde.com\/wp-content\/uploads\/2020\/12\/Challenge-femmes-auteures_paysage-720x380.jpg?resize=203%2C107&amp;ssl=1\" alt=\"challenge 2021 lire au f\u00e9minin\" width=\"122\" height=\"64\" data-recalc-dims=\"1\" \/><p class=\"wp-caption-text\">Participation #42 au Challenge Lire au f\u00e9minin de <a href=\"https:\/\/avenuereinemathilde.com\/challenge-lire-au-feminin-2021\/\">Tiphanya<\/a> #Autrice britannique<\/p><\/div>\n","protected":false},"excerpt":{"rendered":"<p>Depuis le d\u00e9but du printemps, nous lisons r\u00e9guli\u00e8rement Nina et le doudou magique de Nicola Killen (\u00e9d. Quatre Fleuves, coll. Livres po\u00e9tiques, 2019), un album jeunesse avec des d\u00e9coupes et \u00e0 partir de 3 ans. Lors d&rsquo;un printemps pluvieux, Nina se d\u00e9sesp\u00e8re de pouvoir sortir dehors avec Merlin, son lapin en peluche. La pluie s&rsquo;arr\u00eate [&hellip;]<\/p>\n","protected":false},"author":1,"featured_media":18995,"comment_status":"open","ping_status":"open","sticky":false,"template":"","format":"standard","meta":{"jetpack_post_was_ever_published":false,"_jetpack_newsletter_access":"","_jetpack_dont_email_post_to_subs":false,"_jetpack_newsletter_tier_id":0,"_jetpack_memberships_contains_paywalled_content":false,"_jetpack_memberships_contains_paid_content":false,"footnotes":""},"categories":[363],"tags":[785,2226,409,2020,2483,2018,987,901,408,602,452,599,222,2022,367,1022,2111,727,2321,956,457,207],"class_list":["post-16806","post","type-post","status-publish","format-standard","has-post-thumbnail","hentry","category-mini-lecteur","tag-3-6-ans","tag-a-year-in-england-2021","tag-albums-jeunesse","tag-challenge-contes-et-legendes-2021","tag-challenge-cottagecore-2021","tag-challenge-petit-bac-2021","tag-contes-modernes","tag-courage","tag-doudou","tag-imaginaire","tag-jeux-denfants","tag-jeux-dexterieur","tag-lapin","tag-le-mois-anglais-2021","tag-lecture-jeunesse","tag-lectures-de-printemps","tag-lire-au-feminin-2021","tag-magie","tag-nicola-killen","tag-petite-fille","tag-pluie","tag-printemps","post-preview"],"jetpack_featured_media_url":"https:\/\/i0.wp.com\/www.jojoenherbe.com\/wp-content\/uploads\/2021\/06\/Nina-et-le-doudou-magique-scaled.jpg?fit=2560%2C1920","jetpack_sharing_enabled":true,"jetpack_shortlink":"https:\/\/wp.me\/p9zhGx-4n4","jetpack_likes_enabled":true,"jetpack-related-posts":[{"id":16691,"url":"http:\/\/www.jojoenherbe.com\/index.php\/2021\/03\/22\/nos-lectures-printanieres-2021\/","url_meta":{"origin":16806,"position":0},"title":"Nos lectures printani\u00e8res 2021","author":"Jojo","date":"22 mars 2021","format":false,"excerpt":"Avec l'arriv\u00e9e du printemps ce 20 mars 2021, nous changeons \u00e9galement nos lectures pour nous plonger dans un th\u00e8me printanier, l\u00e9ger et color\u00e9. Ce billet sera ainsi actualis\u00e9 tout au long de ce printemps au gr\u00e9 de nos lectures sur ce th\u00e8me. Des albums jeunesse: l'arriv\u00e9e du printemps avec les\u2026","rel":"","context":"Dans &quot;Mini lecteur&quot;","block_context":{"text":"Mini lecteur","link":"http:\/\/www.jojoenherbe.com\/index.php\/category\/mini-lecteur\/"},"img":{"alt_text":"","src":"https:\/\/i0.wp.com\/www.jojoenherbe.com\/wp-content\/uploads\/2021\/03\/Nos-lectures-Printemps-scaled.jpg?fit=1200%2C900&resize=350%2C200","width":350,"height":200,"srcset":"https:\/\/i0.wp.com\/www.jojoenherbe.com\/wp-content\/uploads\/2021\/03\/Nos-lectures-Printemps-scaled.jpg?fit=1200%2C900&resize=350%2C200 1x, https:\/\/i0.wp.com\/www.jojoenherbe.com\/wp-content\/uploads\/2021\/03\/Nos-lectures-Printemps-scaled.jpg?fit=1200%2C900&resize=525%2C300 1.5x, https:\/\/i0.wp.com\/www.jojoenherbe.com\/wp-content\/uploads\/2021\/03\/Nos-lectures-Printemps-scaled.jpg?fit=1200%2C900&resize=700%2C400 2x, https:\/\/i0.wp.com\/www.jojoenherbe.com\/wp-content\/uploads\/2021\/03\/Nos-lectures-Printemps-scaled.jpg?fit=1200%2C900&resize=1050%2C600 3x"},"classes":[]},{"id":21784,"url":"http:\/\/www.jojoenherbe.com\/index.php\/2021\/10\/24\/au-fil-des-pages-avec-nina-et-le-petit-chat-perdu\/","url_meta":{"origin":16806,"position":1},"title":"Au fil des pages avec Nina et le petit chat perdu","author":"Jojo","date":"24 octobre 2021","format":false,"excerpt":"Nous lisons et relisons Nina et le petit chat perdu de Nicola Killen\u00a0 (\u00e9d. Quatre Fleuves, 2020), un album jeunesse \u00e0 partir de 3 ans et avec des d\u00e9coupes et des dorures orang\u00e9es \u00e0 chaud. Un matin d'automne, Nina part se promener avec son chat Citrouille et d\u00e9couvre dans les\u2026","rel":"","context":"Dans &quot;Mini lecteur&quot;","block_context":{"text":"Mini lecteur","link":"http:\/\/www.jojoenherbe.com\/index.php\/category\/mini-lecteur\/"},"img":{"alt_text":"","src":"https:\/\/i0.wp.com\/www.jojoenherbe.com\/wp-content\/uploads\/2021\/10\/Nina-et-le-petit-chat-perdu-2-scaled.jpg?fit=1200%2C818&resize=350%2C200","width":350,"height":200,"srcset":"https:\/\/i0.wp.com\/www.jojoenherbe.com\/wp-content\/uploads\/2021\/10\/Nina-et-le-petit-chat-perdu-2-scaled.jpg?fit=1200%2C818&resize=350%2C200 1x, https:\/\/i0.wp.com\/www.jojoenherbe.com\/wp-content\/uploads\/2021\/10\/Nina-et-le-petit-chat-perdu-2-scaled.jpg?fit=1200%2C818&resize=525%2C300 1.5x, https:\/\/i0.wp.com\/www.jojoenherbe.com\/wp-content\/uploads\/2021\/10\/Nina-et-le-petit-chat-perdu-2-scaled.jpg?fit=1200%2C818&resize=700%2C400 2x, https:\/\/i0.wp.com\/www.jojoenherbe.com\/wp-content\/uploads\/2021\/10\/Nina-et-le-petit-chat-perdu-2-scaled.jpg?fit=1200%2C818&resize=1050%2C600 3x"},"classes":[]},{"id":22696,"url":"http:\/\/www.jojoenherbe.com\/index.php\/2023\/12\/12\/au-fil-des-pages-avec-nina-et-le-renne-de-noel\/","url_meta":{"origin":16806,"position":2},"title":"Au fil des pages avec Nina et le renne de No\u00ebl","author":"Jojo","date":"12 d\u00e9cembre 2023","format":false,"excerpt":"Apr\u00e8s l'avoir d\u00e9couvert dans la case 2 de notre calendrier de No\u00ebl 2021, nous avons encore relu hier, pendant le RAT de No\u00ebl, Nina et le renne de No\u00ebl de Nicola Killen (\u00e9d. Quatre Fleuves, octobre 2017, 20 pages), un album jeunesse \u00e0 partir de 3 ans et avec des\u2026","rel":"","context":"Dans &quot;Mini lecteur&quot;","block_context":{"text":"Mini lecteur","link":"http:\/\/www.jojoenherbe.com\/index.php\/category\/mini-lecteur\/"},"img":{"alt_text":"","src":"https:\/\/i0.wp.com\/www.jojoenherbe.com\/wp-content\/uploads\/2021\/12\/Nina-et-le-renne-de-Noel-scaled.jpg?fit=1200%2C944&resize=350%2C200","width":350,"height":200,"srcset":"https:\/\/i0.wp.com\/www.jojoenherbe.com\/wp-content\/uploads\/2021\/12\/Nina-et-le-renne-de-Noel-scaled.jpg?fit=1200%2C944&resize=350%2C200 1x, https:\/\/i0.wp.com\/www.jojoenherbe.com\/wp-content\/uploads\/2021\/12\/Nina-et-le-renne-de-Noel-scaled.jpg?fit=1200%2C944&resize=525%2C300 1.5x, https:\/\/i0.wp.com\/www.jojoenherbe.com\/wp-content\/uploads\/2021\/12\/Nina-et-le-renne-de-Noel-scaled.jpg?fit=1200%2C944&resize=700%2C400 2x, https:\/\/i0.wp.com\/www.jojoenherbe.com\/wp-content\/uploads\/2021\/12\/Nina-et-le-renne-de-Noel-scaled.jpg?fit=1200%2C944&resize=1050%2C600 3x"},"classes":[]},{"id":33761,"url":"http:\/\/www.jojoenherbe.com\/index.php\/2024\/01\/02\/au-fil-des-pages-avec-le-lapin-de-velours\/","url_meta":{"origin":16806,"position":3},"title":"Au fil des pages avec Le lapin de velours","author":"Jojo","date":"2 janvier 2024","format":false,"excerpt":"Nous avons lu Le lapin de velours de Margery Williams et Sarah Massini (\u00e9d. Flammarion Jeunesse, coll. P\u00e8re Castor, octobre 2017, 64 pages), un album jeunesse \u00e0 partir de 4\/5 ans selon l'\u00e9diteur mais plus proche d\u2019un roman illustr\u00e9 puisqu\u2019il comprend le texte int\u00e9gral de Margery Williams paru pour la\u2026","rel":"","context":"Dans &quot;Mini lecteur&quot;","block_context":{"text":"Mini lecteur","link":"http:\/\/www.jojoenherbe.com\/index.php\/category\/mini-lecteur\/"},"img":{"alt_text":"","src":"https:\/\/i0.wp.com\/www.jojoenherbe.com\/wp-content\/uploads\/2021\/11\/Le-lapin-de-velours-scaled.jpg?fit=1200%2C900&resize=350%2C200","width":350,"height":200,"srcset":"https:\/\/i0.wp.com\/www.jojoenherbe.com\/wp-content\/uploads\/2021\/11\/Le-lapin-de-velours-scaled.jpg?fit=1200%2C900&resize=350%2C200 1x, https:\/\/i0.wp.com\/www.jojoenherbe.com\/wp-content\/uploads\/2021\/11\/Le-lapin-de-velours-scaled.jpg?fit=1200%2C900&resize=525%2C300 1.5x, https:\/\/i0.wp.com\/www.jojoenherbe.com\/wp-content\/uploads\/2021\/11\/Le-lapin-de-velours-scaled.jpg?fit=1200%2C900&resize=700%2C400 2x, https:\/\/i0.wp.com\/www.jojoenherbe.com\/wp-content\/uploads\/2021\/11\/Le-lapin-de-velours-scaled.jpg?fit=1200%2C900&resize=1050%2C600 3x"},"classes":[]},{"id":27056,"url":"http:\/\/www.jojoenherbe.com\/index.php\/2022\/08\/17\/au-fil-des-pages-avec-nina-et-le-petit-ours-a-lecole\/","url_meta":{"origin":16806,"position":4},"title":"Au fil des pages avec Nina et le petit ours \u00e0 l&rsquo;\u00e9cole","author":"Jojo","date":"17 ao\u00fbt 2022","format":false,"excerpt":"La rentr\u00e9e des classes approchant, c'est l'occasion cette semaine de d\u00e9couvrir un album jeunesse que j'avais achet\u00e9 \u00e0 sa parution en juin 2022 et qui est la quatri\u00e8me histoire de Nina (apr\u00e8s P\u00e2ques, Halloween et No\u00ebl): Nina et le petit ours \u00e0 l'\u00e9cole de Nicola Killen (\u00e9d. Gl\u00e9nat, 2022), un\u2026","rel":"","context":"Dans &quot;Mini lecteur&quot;","block_context":{"text":"Mini lecteur","link":"http:\/\/www.jojoenherbe.com\/index.php\/category\/mini-lecteur\/"},"img":{"alt_text":"","src":"https:\/\/i0.wp.com\/www.jojoenherbe.com\/wp-content\/uploads\/2022\/08\/Nina-et-le-petit-ours-a-lecole-scaled.jpg?fit=1200%2C883&resize=350%2C200","width":350,"height":200,"srcset":"https:\/\/i0.wp.com\/www.jojoenherbe.com\/wp-content\/uploads\/2022\/08\/Nina-et-le-petit-ours-a-lecole-scaled.jpg?fit=1200%2C883&resize=350%2C200 1x, https:\/\/i0.wp.com\/www.jojoenherbe.com\/wp-content\/uploads\/2022\/08\/Nina-et-le-petit-ours-a-lecole-scaled.jpg?fit=1200%2C883&resize=525%2C300 1.5x, https:\/\/i0.wp.com\/www.jojoenherbe.com\/wp-content\/uploads\/2022\/08\/Nina-et-le-petit-ours-a-lecole-scaled.jpg?fit=1200%2C883&resize=700%2C400 2x, https:\/\/i0.wp.com\/www.jojoenherbe.com\/wp-content\/uploads\/2022\/08\/Nina-et-le-petit-ours-a-lecole-scaled.jpg?fit=1200%2C883&resize=1050%2C600 3x"},"classes":[]},{"id":15423,"url":"http:\/\/www.jojoenherbe.com\/index.php\/2021\/01\/29\/au-fil-des-pages-avec-le-doudou-de-la-directrice\/","url_meta":{"origin":16806,"position":5},"title":"Au fil des pages avec Le doudou de la directrice","author":"Jojo","date":"29 janvier 2021","format":false,"excerpt":"Nous empruntons \u00e0 la m\u00e9diath\u00e8que Le doudou de la directrice de Christophe Nicolas et Maur\u00e8en Poignonec (\u00e9d. Didier Jeunesse, 2016), un album jeunesse \u00e0 partir de 3 ans. La directrice de l'\u00e9cole est toujours souriante calme et semble imperturbable malgr\u00e9 le brouhaha ambiant des \u00e9l\u00e8ves, chaque enfant recherchant son attention\u2026","rel":"","context":"Dans &quot;Mini lecteur&quot;","block_context":{"text":"Mini lecteur","link":"http:\/\/www.jojoenherbe.com\/index.php\/category\/mini-lecteur\/"},"img":{"alt_text":"","src":"https:\/\/i0.wp.com\/www.jojoenherbe.com\/wp-content\/uploads\/2021\/01\/Le-doudou-de-la-directrice-scaled.jpg?fit=1200%2C900&resize=350%2C200","width":350,"height":200,"srcset":"https:\/\/i0.wp.com\/www.jojoenherbe.com\/wp-content\/uploads\/2021\/01\/Le-doudou-de-la-directrice-scaled.jpg?fit=1200%2C900&resize=350%2C200 1x, https:\/\/i0.wp.com\/www.jojoenherbe.com\/wp-content\/uploads\/2021\/01\/Le-doudou-de-la-directrice-scaled.jpg?fit=1200%2C900&resize=525%2C300 1.5x, https:\/\/i0.wp.com\/www.jojoenherbe.com\/wp-content\/uploads\/2021\/01\/Le-doudou-de-la-directrice-scaled.jpg?fit=1200%2C900&resize=700%2C400 2x, https:\/\/i0.wp.com\/www.jojoenherbe.com\/wp-content\/uploads\/2021\/01\/Le-doudou-de-la-directrice-scaled.jpg?fit=1200%2C900&resize=1050%2C600 3x"},"classes":[]}],"_links":{"self":[{"href":"http:\/\/www.jojoenherbe.com\/index.php\/wp-json\/wp\/v2\/posts\/16806","targetHints":{"allow":["GET"]}}],"collection":[{"href":"http:\/\/www.jojoenherbe.com\/index.php\/wp-json\/wp\/v2\/posts"}],"about":[{"href":"http:\/\/www.jojoenherbe.com\/index.php\/wp-json\/wp\/v2\/types\/post"}],"author":[{"embeddable":true,"href":"http:\/\/www.jojoenherbe.com\/index.php\/wp-json\/wp\/v2\/users\/1"}],"replies":[{"embeddable":true,"href":"http:\/\/www.jojoenherbe.com\/index.php\/wp-json\/wp\/v2\/comments?post=16806"}],"version-history":[{"count":1,"href":"http:\/\/www.jojoenherbe.com\/index.php\/wp-json\/wp\/v2\/posts\/16806\/revisions"}],"predecessor-version":[{"id":27330,"href":"http:\/\/www.jojoenherbe.com\/index.php\/wp-json\/wp\/v2\/posts\/16806\/revisions\/27330"}],"wp:featuredmedia":[{"embeddable":true,"href":"http:\/\/www.jojoenherbe.com\/index.php\/wp-json\/wp\/v2\/media\/18995"}],"wp:attachment":[{"href":"http:\/\/www.jojoenherbe.com\/index.php\/wp-json\/wp\/v2\/media?parent=16806"}],"wp:term":[{"taxonomy":"category","embeddable":true,"href":"http:\/\/www.jojoenherbe.com\/index.php\/wp-json\/wp\/v2\/categories?post=16806"},{"taxonomy":"post_tag","embeddable":true,"href":"http:\/\/www.jojoenherbe.com\/index.php\/wp-json\/wp\/v2\/tags?post=16806"}],"curies":[{"name":"wp","href":"https:\/\/api.w.org\/{rel}","templated":true}]}}