{"id":16749,"date":"2021-03-23T10:27:49","date_gmt":"2021-03-23T09:27:49","guid":{"rendered":"http:\/\/www.jojoenherbe.com\/?p=16749"},"modified":"2025-02-10T14:43:07","modified_gmt":"2025-02-10T13:43:07","slug":"au-fil-des-pages-avec-les-trois-ours-chez-boucle-dor","status":"publish","type":"post","link":"http:\/\/www.jojoenherbe.com\/index.php\/2021\/03\/23\/au-fil-des-pages-avec-les-trois-ours-chez-boucle-dor\/","title":{"rendered":"Au fil des pages avec Les Trois Ours chez Boucle d&rsquo;Or"},"content":{"rendered":"<p style=\"text-align: justify;\"><em><a href=\"https:\/\/i0.wp.com\/www.jojoenherbe.com\/wp-content\/uploads\/2021\/03\/Les-Trois-Ours-chez-Boucle-dOr-3-scaled.jpg\"><img data-recalc-dims=\"1\" loading=\"lazy\" decoding=\"async\" data-attachment-id=\"16758\" data-permalink=\"http:\/\/www.jojoenherbe.com\/index.php\/2021\/03\/23\/au-fil-des-pages-avec-les-trois-ours-chez-boucle-dor\/les-trois-ours-chez-boucle-dor-3\/\" data-orig-file=\"https:\/\/i0.wp.com\/www.jojoenherbe.com\/wp-content\/uploads\/2021\/03\/Les-Trois-Ours-chez-Boucle-dOr-3-scaled.jpg?fit=2560%2C1920\" data-orig-size=\"2560,1920\" data-comments-opened=\"1\" data-image-meta=\"{&quot;aperture&quot;:&quot;1.8&quot;,&quot;credit&quot;:&quot;&quot;,&quot;camera&quot;:&quot;iPhone 7&quot;,&quot;caption&quot;:&quot;&quot;,&quot;created_timestamp&quot;:&quot;1616494545&quot;,&quot;copyright&quot;:&quot;&quot;,&quot;focal_length&quot;:&quot;3.99&quot;,&quot;iso&quot;:&quot;100&quot;,&quot;shutter_speed&quot;:&quot;0.058823529411765&quot;,&quot;title&quot;:&quot;&quot;,&quot;orientation&quot;:&quot;1&quot;}\" data-image-title=\"Les Trois Ours chez Boucle d&amp;rsquo;Or 3\" data-image-description=\"\" data-image-caption=\"\" data-large-file=\"https:\/\/i0.wp.com\/www.jojoenherbe.com\/wp-content\/uploads\/2021\/03\/Les-Trois-Ours-chez-Boucle-dOr-3-scaled.jpg?fit=676%2C507\" class=\"alignleft size-thumbnail wp-image-16758\" src=\"https:\/\/i0.wp.com\/www.jojoenherbe.com\/wp-content\/uploads\/2021\/03\/Les-Trois-Ours-chez-Boucle-dOr-3.jpg?resize=150%2C150\" alt=\"\" width=\"150\" height=\"150\" srcset=\"https:\/\/i0.wp.com\/www.jojoenherbe.com\/wp-content\/uploads\/2021\/03\/Les-Trois-Ours-chez-Boucle-dOr-3-scaled.jpg?resize=150%2C150 150w, https:\/\/i0.wp.com\/www.jojoenherbe.com\/wp-content\/uploads\/2021\/03\/Les-Trois-Ours-chez-Boucle-dOr-3-scaled.jpg?zoom=2&amp;resize=150%2C150 300w, https:\/\/i0.wp.com\/www.jojoenherbe.com\/wp-content\/uploads\/2021\/03\/Les-Trois-Ours-chez-Boucle-dOr-3-scaled.jpg?zoom=3&amp;resize=150%2C150 450w\" sizes=\"auto, (max-width: 150px) 100vw, 150px\" \/><\/a> <a href=\"https:\/\/i0.wp.com\/www.jojoenherbe.com\/wp-content\/uploads\/2021\/03\/Les-Trois-Ours-chez-Boucle-dOr-4-scaled.jpg\"><img data-recalc-dims=\"1\" loading=\"lazy\" decoding=\"async\" data-attachment-id=\"16759\" data-permalink=\"http:\/\/www.jojoenherbe.com\/index.php\/2021\/03\/23\/au-fil-des-pages-avec-les-trois-ours-chez-boucle-dor\/les-trois-ours-chez-boucle-dor-4\/\" data-orig-file=\"https:\/\/i0.wp.com\/www.jojoenherbe.com\/wp-content\/uploads\/2021\/03\/Les-Trois-Ours-chez-Boucle-dOr-4-scaled.jpg?fit=2560%2C1920\" data-orig-size=\"2560,1920\" data-comments-opened=\"1\" data-image-meta=\"{&quot;aperture&quot;:&quot;1.8&quot;,&quot;credit&quot;:&quot;&quot;,&quot;camera&quot;:&quot;iPhone 7&quot;,&quot;caption&quot;:&quot;&quot;,&quot;created_timestamp&quot;:&quot;1616494561&quot;,&quot;copyright&quot;:&quot;&quot;,&quot;focal_length&quot;:&quot;3.99&quot;,&quot;iso&quot;:&quot;80&quot;,&quot;shutter_speed&quot;:&quot;0.058823529411765&quot;,&quot;title&quot;:&quot;&quot;,&quot;orientation&quot;:&quot;1&quot;}\" data-image-title=\"Les Trois Ours chez Boucle d&amp;rsquo;Or 4\" data-image-description=\"\" data-image-caption=\"\" data-large-file=\"https:\/\/i0.wp.com\/www.jojoenherbe.com\/wp-content\/uploads\/2021\/03\/Les-Trois-Ours-chez-Boucle-dOr-4-scaled.jpg?fit=676%2C507\" class=\"alignleft size-thumbnail wp-image-16759\" src=\"https:\/\/i0.wp.com\/www.jojoenherbe.com\/wp-content\/uploads\/2021\/03\/Les-Trois-Ours-chez-Boucle-dOr-4.jpg?resize=150%2C150\" alt=\"\" width=\"150\" height=\"150\" srcset=\"https:\/\/i0.wp.com\/www.jojoenherbe.com\/wp-content\/uploads\/2021\/03\/Les-Trois-Ours-chez-Boucle-dOr-4-scaled.jpg?resize=150%2C150 150w, https:\/\/i0.wp.com\/www.jojoenherbe.com\/wp-content\/uploads\/2021\/03\/Les-Trois-Ours-chez-Boucle-dOr-4-scaled.jpg?zoom=2&amp;resize=150%2C150 300w, https:\/\/i0.wp.com\/www.jojoenherbe.com\/wp-content\/uploads\/2021\/03\/Les-Trois-Ours-chez-Boucle-dOr-4-scaled.jpg?zoom=3&amp;resize=150%2C150 450w\" sizes=\"auto, (max-width: 150px) 100vw, 150px\" \/><\/a> Nous lisons <span style=\"text-decoration: underline;\">Les Trois Ours chez Boucle d\u2019Or<\/span> de Sibylle Delacroix (\u00e9d. Bayard Jeunesse, 2020), un album jeunesse grand format \u00e0 partir de 4 ans et d\u00e9tournant le conte traditionnel. Dans cette version, ce sont les trois ours qui s&rsquo;invitent chez Boucle d&rsquo;Or. Rest\u00e9e<\/em><em> seule dans la maison pendant que ses parents sont partis faire des courses, la petite fille a bien du mal \u00e0 ne pas se laisser envahir par ces trois ours sans g\u00eane.<br \/>\n<\/em><\/p>\n<p style=\"text-align: justify;\"><em><a href=\"https:\/\/i0.wp.com\/www.jojoenherbe.com\/wp-content\/uploads\/2021\/03\/Les-Trois-Ours-chez-Boucle-dOr-5-scaled.jpg\"><img data-recalc-dims=\"1\" loading=\"lazy\" decoding=\"async\" data-attachment-id=\"16760\" data-permalink=\"http:\/\/www.jojoenherbe.com\/index.php\/2021\/03\/23\/au-fil-des-pages-avec-les-trois-ours-chez-boucle-dor\/les-trois-ours-chez-boucle-dor-5\/\" data-orig-file=\"https:\/\/i0.wp.com\/www.jojoenherbe.com\/wp-content\/uploads\/2021\/03\/Les-Trois-Ours-chez-Boucle-dOr-5-scaled.jpg?fit=2560%2C1920\" data-orig-size=\"2560,1920\" data-comments-opened=\"1\" data-image-meta=\"{&quot;aperture&quot;:&quot;1.8&quot;,&quot;credit&quot;:&quot;&quot;,&quot;camera&quot;:&quot;iPhone 7&quot;,&quot;caption&quot;:&quot;&quot;,&quot;created_timestamp&quot;:&quot;1616494582&quot;,&quot;copyright&quot;:&quot;&quot;,&quot;focal_length&quot;:&quot;3.99&quot;,&quot;iso&quot;:&quot;80&quot;,&quot;shutter_speed&quot;:&quot;0.058823529411765&quot;,&quot;title&quot;:&quot;&quot;,&quot;orientation&quot;:&quot;1&quot;}\" data-image-title=\"Les Trois Ours chez Boucle d&amp;rsquo;Or 5\" data-image-description=\"\" data-image-caption=\"\" data-large-file=\"https:\/\/i0.wp.com\/www.jojoenherbe.com\/wp-content\/uploads\/2021\/03\/Les-Trois-Ours-chez-Boucle-dOr-5-scaled.jpg?fit=676%2C507\" class=\"size-thumbnail wp-image-16760 alignright\" src=\"https:\/\/i0.wp.com\/www.jojoenherbe.com\/wp-content\/uploads\/2021\/03\/Les-Trois-Ours-chez-Boucle-dOr-5.jpg?resize=150%2C150\" alt=\"\" width=\"150\" height=\"150\" srcset=\"https:\/\/i0.wp.com\/www.jojoenherbe.com\/wp-content\/uploads\/2021\/03\/Les-Trois-Ours-chez-Boucle-dOr-5-scaled.jpg?resize=150%2C150 150w, https:\/\/i0.wp.com\/www.jojoenherbe.com\/wp-content\/uploads\/2021\/03\/Les-Trois-Ours-chez-Boucle-dOr-5-scaled.jpg?zoom=2&amp;resize=150%2C150 300w, https:\/\/i0.wp.com\/www.jojoenherbe.com\/wp-content\/uploads\/2021\/03\/Les-Trois-Ours-chez-Boucle-dOr-5-scaled.jpg?zoom=3&amp;resize=150%2C150 450w\" sizes=\"auto, (max-width: 150px) 100vw, 150px\" \/><\/a>Racont\u00e9e du point de vue d&rsquo;un petit ours espi\u00e8gle, l&rsquo;histoire est tr\u00e8s dr\u00f4le. Boucle d&rsquo;Or est compl\u00e8tement d\u00e9pass\u00e9e par ses trois ours tr\u00e8s envahissants qui mettent sa maison sans dessous dessus avant de s&rsquo;en retourner tranquillement chez eux boire un chocolat chaud. Les illustrations ne sont pas en reste. De par leur grand format, elles sont fourmillent de d\u00e9tails. Les trois ours s\u00e8ment la pagaille pour notre plus grand plaisir, devant un visage d\u00e9confit de la petite fille. La mise en page est dynamique avec l&rsquo;avanc\u00e9e des ours dans les diff\u00e9rentes pi\u00e8ces de la maison et les personnages sont tr\u00e8s expressifs.<\/em><em>\u00a0Je ne suis pas s\u00fbre que les parents de Boucle d&rsquo;Or croient \u00e0 leur retour \u00e0 l&rsquo;origine de tout ce bazar. Coup de c\u0153ur pour cet album jeunesse!<\/em><\/p>\n<div id=\"attachment_10219\" style=\"width: 88px\" class=\"wp-caption alignleft\"><img loading=\"lazy\" decoding=\"async\" aria-describedby=\"caption-attachment-10219\" data-attachment-id=\"10219\" data-permalink=\"http:\/\/www.jojoenherbe.com\/index.php\/2020\/03\/02\/au-fil-des-pages-avec-lievre-et-ours-sous-la-neige\/lievre-et-ours-sous-la-neige\/\" data-orig-file=\"https:\/\/i0.wp.com\/www.jojoenherbe.com\/wp-content\/uploads\/2020\/03\/Li%C3%A8vre-et-Ours-sous-la-neige-scaled.jpg?fit=2560%2C1892\" data-orig-size=\"2560,1892\" data-comments-opened=\"1\" data-image-meta=\"{&quot;aperture&quot;:&quot;2.4&quot;,&quot;credit&quot;:&quot;&quot;,&quot;camera&quot;:&quot;iPhone 4S&quot;,&quot;caption&quot;:&quot;&quot;,&quot;created_timestamp&quot;:&quot;1583147305&quot;,&quot;copyright&quot;:&quot;&quot;,&quot;focal_length&quot;:&quot;4.28&quot;,&quot;iso&quot;:&quot;640&quot;,&quot;shutter_speed&quot;:&quot;0.066666666666667&quot;,&quot;title&quot;:&quot;&quot;,&quot;orientation&quot;:&quot;1&quot;}\" data-image-title=\"Li\u00e8vre et Ours, sous la neige\" data-image-description=\"\" data-image-caption=\"\" data-large-file=\"https:\/\/i0.wp.com\/www.jojoenherbe.com\/wp-content\/uploads\/2020\/03\/Li%C3%A8vre-et-Ours-sous-la-neige-scaled.jpg?fit=676%2C500\" class=\"wp-image-10219\" src=\"https:\/\/i2.wp.com\/mapetitemediatheque.fr\/wp-content\/uploads\/2018\/11\/challenge-contes-et-l\u00e9gendes.jpg?resize=131%2C164\" sizes=\"auto, (max-width: 343px) 100vw, 343px\" srcset=\"https:\/\/i2.wp.com\/mapetitemediatheque.fr\/wp-content\/uploads\/2018\/11\/challenge-contes-et-l\u00e9gendes.jpg?resize=131%2C164 343w, http:\/\/mapetitemediatheque.fr\/wp-content\/uploads\/2018\/11\/challenge-contes-et-l\u00e9gendes-239x300.jpg 239w\" alt=\"\" width=\"78\" height=\"98\" aria-describedby=\"caption-attachment-10219\" data-attachment-id=\"10219\" data-permalink=\"http:\/\/www.jojoenherbe.com\/index.php\/2020\/03\/02\/au-fil-des-pages-avec-lievre-et-ours-sous-la-neige\/lievre-et-ours-sous-la-neige\/\" data-orig-file=\"https:\/\/i1.wp.com\/www.jojoenherbe.com\/wp-content\/uploads\/2020\/03\/Li\u00e8vre-et-Ours-sous-la-neige-scaled.jpg?fit=2560%2C1892\" data-orig-size=\"2560,1892\" data-comments-opened=\"1\" data-image-meta=\"{&quot;aperture&quot;:&quot;2.4&quot;,&quot;credit&quot;:&quot;&quot;,&quot;camera&quot;:&quot;iPhone 4S&quot;,&quot;caption&quot;:&quot;&quot;,&quot;created_timestamp&quot;:&quot;1583147305&quot;,&quot;copyright&quot;:&quot;&quot;,&quot;focal_length&quot;:&quot;4.28&quot;,&quot;iso&quot;:&quot;640&quot;,&quot;shutter_speed&quot;:&quot;0.066666666666667&quot;,&quot;title&quot;:&quot;&quot;,&quot;orientation&quot;:&quot;1&quot;}\" data-image-title=\"Li\u00e8vre et Ours, sous la neige\" data-image-description=\"\" data-medium-file=\"https:\/\/i1.wp.com\/www.jojoenherbe.com\/wp-content\/uploads\/2020\/03\/Li\u00e8vre-et-Ours-sous-la-neige-scaled.jpg?fit=300%2C222\" data-large-file=\"https:\/\/i1.wp.com\/www.jojoenherbe.com\/wp-content\/uploads\/2020\/03\/Li\u00e8vre-et-Ours-sous-la-neige-scaled.jpg?fit=676%2C500\" data-recalc-dims=\"1\" \/><p id=\"caption-attachment-10219\" class=\"wp-caption-text\">Participation #31 au Challenge Contes &amp; L\u00e9gendes 2021 de <a href=\"https:\/\/mapetitemediatheque.fr\/2020\/12\/challenge-contes-legendes-2021\/\">Bidib<\/a> #Conte d\u00e9tourn\u00e9<\/p><\/div>\n<div style=\"width: 103px\" class=\"wp-caption alignleft\"><img loading=\"lazy\" decoding=\"async\" class=\"\" src=\"https:\/\/lh3.googleusercontent.com\/pw\/ACtC-3eIuIHfDCWnQjrbP_Gttnq9qrZJ0sCLWnTR3GjIOIiC54aYp8f1rKz8fy3EJIYJcUrzUv3KnF-YnYTE-vhMmRU8myeq_V_5OYKPelcJ6I4-bD-P1SjmJYevXt0TGhPCpROfcXeg5SJ_4KvwWeBQfvsOWw=w285-h217-no?authuser=1\" alt=\"\" width=\"93\" height=\"71\" \/><p class=\"wp-caption-text\">Challenge Petit Bac d&rsquo;<a href=\"https:\/\/ennalit.wordpress.com\/2020\/12\/01\/challenge-petit-bac-2021-qui-veut-jouer\/\">Enna<\/a> #6 Cat\u00e9gorie Couleur: \u00ab\u00a0Or\u00a0\u00bb<\/p><\/div>\n<div style=\"width: 113px\" class=\"wp-caption alignleft\"><img data-recalc-dims=\"1\" loading=\"lazy\" decoding=\"async\" class=\"nonealign widthoriginal\" src=\"https:\/\/i0.wp.com\/p4.storage.canalblog.com\/40\/68\/1394281\/128273873.png?resize=103%2C74&#038;ssl=1\" alt=\"\" width=\"103\" height=\"74\" border=\"0\" \/><p class=\"wp-caption-text\">Participation #34 Challenge Des livres (et des \u00e9crans) en cuisine de <a href=\"https:\/\/mapetitemediatheque.fr\/2020\/12\/des-livres-et-des-ecrans-en-cuisine-2021\/\">Bidib<\/a> et <a href=\"http:\/\/croquerlespages.canalblog.com\/archives\/2020\/12\/20\/38715076.html\">Fondant<\/a><\/p><\/div>\n<div style=\"width: 110px\" class=\"wp-caption alignleft\"><img loading=\"lazy\" decoding=\"async\" class=\"\" src=\"https:\/\/i2.wp.com\/image.over-blog.com\/yI-7TM1HYsdq5TL9vZNWyIGfkew=\/filters:no_upscale()\/image%2F0776537%2F20210113%2Fob_cc2cb1_137210396-194275619064729-744701331835.png?resize=200%2C150&amp;ssl=1\" alt=\"\" width=\"100\" height=\"75\" data-amp-height=\"150\" data-amp-width=\"200\" data-recalc-dims=\"1\" \/><p class=\"wp-caption-text\">Participation #10 au challenge 2021, cette ann\u00e9e sera classique de <a href=\"http:\/\/vivrelivre19.over-blog.com\/2021\/01\/2021-cette-annee-sera-classique.html\">Blandine<\/a> et <a href=\"https:\/\/delivrer-des-livres.fr\/2021-cette-annee-sera-classique\/\">Nathalie<\/a> #Conte d\u00e9tourn\u00e9<\/p><\/div>\n<div style=\"width: 126px\" class=\"wp-caption alignleft\"><img loading=\"lazy\" decoding=\"async\" class=\"attachment-boston-list-medium  wp-post-image\" src=\"https:\/\/i0.wp.com\/avenuereinemathilde.com\/wp-content\/uploads\/2020\/12\/Challenge-femmes-auteures_paysage-720x380.jpg?resize=203%2C107&amp;ssl=1\" alt=\"challenge 2021 lire au f\u00e9minin\" width=\"116\" height=\"61\" data-recalc-dims=\"1\" \/><p class=\"wp-caption-text\">Participation #13 au Challenge Lire au f\u00e9minin de <a href=\"https:\/\/avenuereinemathilde.com\/challenge-lire-au-feminin-2021\/\">Tiphanya<\/a> #Autrice fran\u00e7aise<\/p><\/div>\n","protected":false},"excerpt":{"rendered":"<p>Nous lisons Les Trois Ours chez Boucle d\u2019Or de Sibylle Delacroix (\u00e9d. Bayard Jeunesse, 2020), un album jeunesse grand format \u00e0 partir de 4 ans et d\u00e9tournant le conte traditionnel. Dans cette version, ce sont les trois ours qui s&rsquo;invitent chez Boucle d&rsquo;Or. Rest\u00e9e seule dans la maison pendant que ses parents sont partis faire [&hellip;]<\/p>\n","protected":false},"author":1,"featured_media":16348,"comment_status":"open","ping_status":"open","sticky":false,"template":"","format":"standard","meta":{"jetpack_post_was_ever_published":false,"_jetpack_newsletter_access":"","_jetpack_dont_email_post_to_subs":false,"_jetpack_newsletter_tier_id":0,"_jetpack_memberships_contains_paywalled_content":false,"_jetpack_memberships_contains_paid_content":false,"footnotes":""},"categories":[363],"tags":[2068,1031,409,824,2020,2018,245,1205,2019,538,367,2111,366,956,2280],"class_list":["post-16749","post","type-post","status-publish","format-standard","has-post-thumbnail","hentry","category-mini-lecteur","tag-2021-cette-annee-sera-classique","tag-4-7-ans","tag-albums-jeunesse","tag-boucle-dor","tag-challenge-contes-et-legendes-2021","tag-challenge-petit-bac-2021","tag-contes","tag-contes-traditionnels","tag-des-livres-et-des-ecrans-en-cuisine-2021","tag-humour","tag-lecture-jeunesse","tag-lire-au-feminin-2021","tag-ours","tag-petite-fille","tag-sibylle-delacroix","post-preview"],"jetpack_featured_media_url":"https:\/\/i0.wp.com\/www.jojoenherbe.com\/wp-content\/uploads\/2021\/03\/Les-Trois-Ours-chez-Boucle-dOr-scaled.jpg?fit=2560%2C1920","jetpack_sharing_enabled":true,"jetpack_shortlink":"https:\/\/wp.me\/p9zhGx-4m9","jetpack_likes_enabled":true,"jetpack-related-posts":[{"id":16340,"url":"http:\/\/www.jojoenherbe.com\/index.php\/2021\/03\/08\/nos-lectures-boucle-dor-et-les-trois-ours\/","url_meta":{"origin":16749,"position":0},"title":"Nos lectures \u00ab\u00a0Boucle d&rsquo;Or et les trois ours\u00a0\u00bb","author":"Jojo","date":"8 mars 2021","format":false,"excerpt":"Apr\u00e8s avoir regroup\u00e9 sous un m\u00eame billet th\u00e9matique divers contes, j'avais envie de parler d'un autre conte que nous lisons r\u00e9guli\u00e8rement et que nous appr\u00e9cions beaucoup, celui de Boucle d'Or et les trois ours. Alors voici nos lectures, plus ou moins r\u00e9centes, autour de ce conte traditionnel qui aurait \u00e9t\u00e9\u2026","rel":"","context":"Dans &quot;Mini lecteur&quot;","block_context":{"text":"Mini lecteur","link":"http:\/\/www.jojoenherbe.com\/index.php\/category\/mini-lecteur\/"},"img":{"alt_text":"","src":"https:\/\/i0.wp.com\/www.jojoenherbe.com\/wp-content\/uploads\/2021\/03\/Nos-lectures-Boucle-dOr-scaled.jpg?fit=1200%2C900&resize=350%2C200","width":350,"height":200,"srcset":"https:\/\/i0.wp.com\/www.jojoenherbe.com\/wp-content\/uploads\/2021\/03\/Nos-lectures-Boucle-dOr-scaled.jpg?fit=1200%2C900&resize=350%2C200 1x, https:\/\/i0.wp.com\/www.jojoenherbe.com\/wp-content\/uploads\/2021\/03\/Nos-lectures-Boucle-dOr-scaled.jpg?fit=1200%2C900&resize=525%2C300 1.5x, https:\/\/i0.wp.com\/www.jojoenherbe.com\/wp-content\/uploads\/2021\/03\/Nos-lectures-Boucle-dOr-scaled.jpg?fit=1200%2C900&resize=700%2C400 2x, https:\/\/i0.wp.com\/www.jojoenherbe.com\/wp-content\/uploads\/2021\/03\/Nos-lectures-Boucle-dOr-scaled.jpg?fit=1200%2C900&resize=1050%2C600 3x"},"classes":[]},{"id":11571,"url":"http:\/\/www.jojoenherbe.com\/index.php\/2020\/07\/21\/au-fil-des-pages-avec-boucle-dor-et-les-trois-ours-2\/","url_meta":{"origin":16749,"position":1},"title":"Au fil des pages avec Boucle d&rsquo;Or et les trois ours","author":"Jojo","date":"21 juillet 2020","format":false,"excerpt":"Nous empruntons \u00e0 la m\u00e9diath\u00e8que un conte que nous appr\u00e9cions beaucoup: Boucle d'Or et les trois ours illustr\u00e9 par Marianne Barcilon et racont\u00e9 par Anne Royer, d'apr\u00e8s les Fr\u00e8res Grimm (\u00e9d. Lito, 2011), un album jeunesse \u00e0 partir de 3 ans. Vivant \u00e0 la lisi\u00e8re d'un grand bois, la petite\u2026","rel":"","context":"Dans &quot;Mini lecteur&quot;","block_context":{"text":"Mini lecteur","link":"http:\/\/www.jojoenherbe.com\/index.php\/category\/mini-lecteur\/"},"img":{"alt_text":"","src":"https:\/\/i0.wp.com\/www.jojoenherbe.com\/wp-content\/uploads\/2020\/07\/Boucle-dOr-et-les-trois-ours-scaled.jpg?fit=1200%2C900&resize=350%2C200","width":350,"height":200,"srcset":"https:\/\/i0.wp.com\/www.jojoenherbe.com\/wp-content\/uploads\/2020\/07\/Boucle-dOr-et-les-trois-ours-scaled.jpg?fit=1200%2C900&resize=350%2C200 1x, https:\/\/i0.wp.com\/www.jojoenherbe.com\/wp-content\/uploads\/2020\/07\/Boucle-dOr-et-les-trois-ours-scaled.jpg?fit=1200%2C900&resize=525%2C300 1.5x, https:\/\/i0.wp.com\/www.jojoenherbe.com\/wp-content\/uploads\/2020\/07\/Boucle-dOr-et-les-trois-ours-scaled.jpg?fit=1200%2C900&resize=700%2C400 2x, https:\/\/i0.wp.com\/www.jojoenherbe.com\/wp-content\/uploads\/2020\/07\/Boucle-dOr-et-les-trois-ours-scaled.jpg?fit=1200%2C900&resize=1050%2C600 3x"},"classes":[]},{"id":7811,"url":"http:\/\/www.jojoenherbe.com\/index.php\/2019\/10\/04\/au-fil-des-pages-avec-boucle-dor-et-les-trois-ours\/","url_meta":{"origin":16749,"position":2},"title":"Au fil des pages avec Boucle d&rsquo;Or et les trois ours","author":"Jojo","date":"4 octobre 2019","format":false,"excerpt":"Nous empruntons \u00e0 la biblioth\u00e8que deux nouvelles versions de Boucle d'Or. Nous commen\u00e7ons par Les trois ours de Byron Barton (\u00e9d. L'\u00e9cole des loisirs, 2014), un album cartonn\u00e9 pour les tout-petits, \u00e0 partir de 2 ans qui pr\u00e9sente une version tr\u00e8s classique et color\u00e9e du conte. Mais pas de soupe\u2026","rel":"","context":"Dans &quot;Mini lecteur&quot;","block_context":{"text":"Mini lecteur","link":"http:\/\/www.jojoenherbe.com\/index.php\/category\/mini-lecteur\/"},"img":{"alt_text":"","src":"https:\/\/i0.wp.com\/www.jojoenherbe.com\/wp-content\/uploads\/2019\/10\/Boucle-dOr-et-les-trois-ours.jpg?fit=1200%2C900&resize=350%2C200","width":350,"height":200,"srcset":"https:\/\/i0.wp.com\/www.jojoenherbe.com\/wp-content\/uploads\/2019\/10\/Boucle-dOr-et-les-trois-ours.jpg?fit=1200%2C900&resize=350%2C200 1x, https:\/\/i0.wp.com\/www.jojoenherbe.com\/wp-content\/uploads\/2019\/10\/Boucle-dOr-et-les-trois-ours.jpg?fit=1200%2C900&resize=525%2C300 1.5x, https:\/\/i0.wp.com\/www.jojoenherbe.com\/wp-content\/uploads\/2019\/10\/Boucle-dOr-et-les-trois-ours.jpg?fit=1200%2C900&resize=700%2C400 2x, https:\/\/i0.wp.com\/www.jojoenherbe.com\/wp-content\/uploads\/2019\/10\/Boucle-dOr-et-les-trois-ours.jpg?fit=1200%2C900&resize=1050%2C600 3x"},"classes":[]},{"id":6874,"url":"http:\/\/www.jojoenherbe.com\/index.php\/2019\/07\/26\/au-fil-des-pages-avec-boucles-dor-et-les-trois-ours\/","url_meta":{"origin":16749,"position":3},"title":"Au fil des pages avec Boucles d&rsquo;Or et les trois ours","author":"Jojo","date":"26 juillet 2019","format":false,"excerpt":"Nous empruntons \u00e0 la biblioth\u00e8que une nouvelle version de Boucle d'Or, conte que nous avions d\u00e9j\u00e0 lu de nombreuses fois. Cette fois-ci, il s'agit de Boucles d'Or et les trois ours de Gerda Muller (\u00e9d. L'\u00e9cole des loisirs, 2006), un album jeunesse \u00e0 partir de 3 ans. Boucles d'Or vit\u2026","rel":"","context":"Dans &quot;Mini lecteur&quot;","block_context":{"text":"Mini lecteur","link":"http:\/\/www.jojoenherbe.com\/index.php\/category\/mini-lecteur\/"},"img":{"alt_text":"","src":"https:\/\/i0.wp.com\/www.jojoenherbe.com\/wp-content\/uploads\/2019\/07\/Boucles-dOr-et-les-trois-ours.jpg?fit=1200%2C743&resize=350%2C200","width":350,"height":200,"srcset":"https:\/\/i0.wp.com\/www.jojoenherbe.com\/wp-content\/uploads\/2019\/07\/Boucles-dOr-et-les-trois-ours.jpg?fit=1200%2C743&resize=350%2C200 1x, https:\/\/i0.wp.com\/www.jojoenherbe.com\/wp-content\/uploads\/2019\/07\/Boucles-dOr-et-les-trois-ours.jpg?fit=1200%2C743&resize=525%2C300 1.5x, https:\/\/i0.wp.com\/www.jojoenherbe.com\/wp-content\/uploads\/2019\/07\/Boucles-dOr-et-les-trois-ours.jpg?fit=1200%2C743&resize=700%2C400 2x, https:\/\/i0.wp.com\/www.jojoenherbe.com\/wp-content\/uploads\/2019\/07\/Boucles-dOr-et-les-trois-ours.jpg?fit=1200%2C743&resize=1050%2C600 3x"},"classes":[]},{"id":16061,"url":"http:\/\/www.jojoenherbe.com\/index.php\/2021\/02\/25\/au-fil-des-pages-avec-le-lit-des-parents\/","url_meta":{"origin":16749,"position":4},"title":"Au fil des pages avec Le lit des parents","author":"Jojo","date":"25 f\u00e9vrier 2021","format":false,"excerpt":"Nous empruntons \u00e0 la m\u00e9diath\u00e8que Le lit des parents de Christine Naumann-Villemin et Marianne Barcilon (\u00e9d. Kal\u00e9idoscope, 2007), un album jeunesse \u00e0 partir de 3 ans. L\u00e9o est un petit ourson qui a bien du mal \u00e0 rester dans son lit pendant la nuit. Tout un tas de raisons le\u2026","rel":"","context":"Dans &quot;Mini lecteur&quot;","block_context":{"text":"Mini lecteur","link":"http:\/\/www.jojoenherbe.com\/index.php\/category\/mini-lecteur\/"},"img":{"alt_text":"","src":"https:\/\/i0.wp.com\/www.jojoenherbe.com\/wp-content\/uploads\/2021\/02\/Le-lit-des-parents-scaled.jpg?fit=1200%2C912&resize=350%2C200","width":350,"height":200,"srcset":"https:\/\/i0.wp.com\/www.jojoenherbe.com\/wp-content\/uploads\/2021\/02\/Le-lit-des-parents-scaled.jpg?fit=1200%2C912&resize=350%2C200 1x, https:\/\/i0.wp.com\/www.jojoenherbe.com\/wp-content\/uploads\/2021\/02\/Le-lit-des-parents-scaled.jpg?fit=1200%2C912&resize=525%2C300 1.5x, https:\/\/i0.wp.com\/www.jojoenherbe.com\/wp-content\/uploads\/2021\/02\/Le-lit-des-parents-scaled.jpg?fit=1200%2C912&resize=700%2C400 2x, https:\/\/i0.wp.com\/www.jojoenherbe.com\/wp-content\/uploads\/2021\/02\/Le-lit-des-parents-scaled.jpg?fit=1200%2C912&resize=1050%2C600 3x"},"classes":[]},{"id":16424,"url":"http:\/\/www.jojoenherbe.com\/index.php\/2021\/03\/12\/au-fil-des-pages-avec-le-livre-de-charlie\/","url_meta":{"origin":16749,"position":5},"title":"Au fil des pages avec Le livre de Charlie","author":"Jojo","date":"12 mars 2021","format":false,"excerpt":"Nous empruntons \u00e0 la m\u00e9diath\u00e8que Le livre de Charlie de Julia Donaldson et Axel Scheffler (\u00e9d. Autrement Jeunesse, 2006), un album jeunesse \u00e0 partir de 3 ans. Charlie, un jeune gar\u00e7on est en train de lire une histoire de pirate naufrag\u00e9 qui d\u00e9couvre dans un coffre un tr\u00e9sor un livre\u2026","rel":"","context":"Dans &quot;Mini lecteur&quot;","block_context":{"text":"Mini lecteur","link":"http:\/\/www.jojoenherbe.com\/index.php\/category\/mini-lecteur\/"},"img":{"alt_text":"","src":"https:\/\/i0.wp.com\/www.jojoenherbe.com\/wp-content\/uploads\/2021\/03\/Le-livre-de-Charlie-3-scaled.jpg?fit=1200%2C900&resize=350%2C200","width":350,"height":200,"srcset":"https:\/\/i0.wp.com\/www.jojoenherbe.com\/wp-content\/uploads\/2021\/03\/Le-livre-de-Charlie-3-scaled.jpg?fit=1200%2C900&resize=350%2C200 1x, https:\/\/i0.wp.com\/www.jojoenherbe.com\/wp-content\/uploads\/2021\/03\/Le-livre-de-Charlie-3-scaled.jpg?fit=1200%2C900&resize=525%2C300 1.5x, https:\/\/i0.wp.com\/www.jojoenherbe.com\/wp-content\/uploads\/2021\/03\/Le-livre-de-Charlie-3-scaled.jpg?fit=1200%2C900&resize=700%2C400 2x, https:\/\/i0.wp.com\/www.jojoenherbe.com\/wp-content\/uploads\/2021\/03\/Le-livre-de-Charlie-3-scaled.jpg?fit=1200%2C900&resize=1050%2C600 3x"},"classes":[]}],"_links":{"self":[{"href":"http:\/\/www.jojoenherbe.com\/index.php\/wp-json\/wp\/v2\/posts\/16749","targetHints":{"allow":["GET"]}}],"collection":[{"href":"http:\/\/www.jojoenherbe.com\/index.php\/wp-json\/wp\/v2\/posts"}],"about":[{"href":"http:\/\/www.jojoenherbe.com\/index.php\/wp-json\/wp\/v2\/types\/post"}],"author":[{"embeddable":true,"href":"http:\/\/www.jojoenherbe.com\/index.php\/wp-json\/wp\/v2\/users\/1"}],"replies":[{"embeddable":true,"href":"http:\/\/www.jojoenherbe.com\/index.php\/wp-json\/wp\/v2\/comments?post=16749"}],"version-history":[{"count":1,"href":"http:\/\/www.jojoenherbe.com\/index.php\/wp-json\/wp\/v2\/posts\/16749\/revisions"}],"predecessor-version":[{"id":38346,"href":"http:\/\/www.jojoenherbe.com\/index.php\/wp-json\/wp\/v2\/posts\/16749\/revisions\/38346"}],"wp:featuredmedia":[{"embeddable":true,"href":"http:\/\/www.jojoenherbe.com\/index.php\/wp-json\/wp\/v2\/media\/16348"}],"wp:attachment":[{"href":"http:\/\/www.jojoenherbe.com\/index.php\/wp-json\/wp\/v2\/media?parent=16749"}],"wp:term":[{"taxonomy":"category","embeddable":true,"href":"http:\/\/www.jojoenherbe.com\/index.php\/wp-json\/wp\/v2\/categories?post=16749"},{"taxonomy":"post_tag","embeddable":true,"href":"http:\/\/www.jojoenherbe.com\/index.php\/wp-json\/wp\/v2\/tags?post=16749"}],"curies":[{"name":"wp","href":"https:\/\/api.w.org\/{rel}","templated":true}]}}