{"id":16691,"date":"2021-03-22T10:06:51","date_gmt":"2021-03-22T09:06:51","guid":{"rendered":"http:\/\/www.jojoenherbe.com\/?p=16691"},"modified":"2021-06-10T14:46:25","modified_gmt":"2021-06-10T12:46:25","slug":"nos-lectures-printanieres-2021","status":"publish","type":"post","link":"http:\/\/www.jojoenherbe.com\/index.php\/2021\/03\/22\/nos-lectures-printanieres-2021\/","title":{"rendered":"Nos lectures printani\u00e8res 2021"},"content":{"rendered":"<p style=\"text-align: justify;\"><em>Avec l&rsquo;arriv\u00e9e du printemps ce 20 mars 2021, nous changeons \u00e9galement nos lectures pour nous plonger dans un th\u00e8me printanier, l\u00e9ger et color\u00e9. Ce billet sera ainsi actualis\u00e9 tout au long de ce printemps au gr\u00e9 de nos lectures sur ce th\u00e8me.<\/em><\/p>\n<p><strong><em>Des albums jeunesse:<\/em><\/strong><\/p>\n<ul>\n<li style=\"text-align: justify;\"><em><a href=\"https:\/\/i0.wp.com\/www.jojoenherbe.com\/wp-content\/uploads\/2019\/03\/Cest-d%C3%A9j%C3%A0-le-printemps.jpg\"><img data-recalc-dims=\"1\" loading=\"lazy\" decoding=\"async\" data-attachment-id=\"5149\" data-permalink=\"http:\/\/www.jojoenherbe.com\/index.php\/2019\/03\/20\/au-fil-des-pages-sur-le-theme-du-printemps\/cest-deja-le-printemps\/\" data-orig-file=\"https:\/\/i0.wp.com\/www.jojoenherbe.com\/wp-content\/uploads\/2019\/03\/Cest-d%C3%A9j%C3%A0-le-printemps.jpg?fit=2448%2C2432\" data-orig-size=\"2448,2432\" data-comments-opened=\"1\" data-image-meta=\"{&quot;aperture&quot;:&quot;2.4&quot;,&quot;credit&quot;:&quot;&quot;,&quot;camera&quot;:&quot;iPhone 4S&quot;,&quot;caption&quot;:&quot;&quot;,&quot;created_timestamp&quot;:&quot;1553102905&quot;,&quot;copyright&quot;:&quot;&quot;,&quot;focal_length&quot;:&quot;4.28&quot;,&quot;iso&quot;:&quot;160&quot;,&quot;shutter_speed&quot;:&quot;0.05&quot;,&quot;title&quot;:&quot;&quot;,&quot;orientation&quot;:&quot;1&quot;}\" data-image-title=\"C&amp;rsquo;est d\u00e9j\u00e0 le printemps\" data-image-description=\"\" data-image-caption=\"\" data-large-file=\"https:\/\/i0.wp.com\/www.jojoenherbe.com\/wp-content\/uploads\/2019\/03\/Cest-d%C3%A9j%C3%A0-le-printemps.jpg?fit=676%2C671\" class=\"alignleft wp-image-5149 size-thumbnail\" src=\"https:\/\/i0.wp.com\/www.jojoenherbe.com\/wp-content\/uploads\/2019\/03\/Cest-d%C3%A9j%C3%A0-le-printemps.jpg?resize=150%2C150\" alt=\"\" width=\"150\" height=\"150\" srcset=\"https:\/\/i0.wp.com\/www.jojoenherbe.com\/wp-content\/uploads\/2019\/03\/Cest-d%C3%A9j%C3%A0-le-printemps.jpg?resize=150%2C150 150w, https:\/\/i0.wp.com\/www.jojoenherbe.com\/wp-content\/uploads\/2019\/03\/Cest-d%C3%A9j%C3%A0-le-printemps.jpg?resize=300%2C298 300w, https:\/\/i0.wp.com\/www.jojoenherbe.com\/wp-content\/uploads\/2019\/03\/Cest-d%C3%A9j%C3%A0-le-printemps.jpg?resize=768%2C763 768w, https:\/\/i0.wp.com\/www.jojoenherbe.com\/wp-content\/uploads\/2019\/03\/Cest-d%C3%A9j%C3%A0-le-printemps.jpg?resize=1024%2C1017 1024w, https:\/\/i0.wp.com\/www.jojoenherbe.com\/wp-content\/uploads\/2019\/03\/Cest-d%C3%A9j%C3%A0-le-printemps.jpg?resize=676%2C672 676w, https:\/\/i0.wp.com\/www.jojoenherbe.com\/wp-content\/uploads\/2019\/03\/Cest-d%C3%A9j%C3%A0-le-printemps.jpg?w=1352 1352w, https:\/\/i0.wp.com\/www.jojoenherbe.com\/wp-content\/uploads\/2019\/03\/Cest-d%C3%A9j%C3%A0-le-printemps.jpg?w=2028 2028w\" sizes=\"auto, (max-width: 150px) 100vw, 150px\" \/><\/a>l&rsquo;arriv\u00e9e du printemps avec les trois \u00e9cureuils Nic, Nac et Noc dans <a href=\"http:\/\/www.jojoenherbe.com\/index.php\/2019\/03\/20\/au-fil-des-pages-sur-le-theme-du-printemps\/\"><span style=\"text-decoration: underline;\">C\u2019est d\u00e9j\u00e0 le printemps<\/span><\/a> de Kazuo Iwamura (\u00e9d. Mijade, 2016), un album jeunesse \u00e0 partir de 3 ans<\/em><\/li>\n<li style=\"text-align: justify;\"><em><a href=\"https:\/\/i0.wp.com\/www.jojoenherbe.com\/wp-content\/uploads\/2019\/03\/A-table.jpg\"><img data-recalc-dims=\"1\" loading=\"lazy\" decoding=\"async\" data-attachment-id=\"5147\" data-permalink=\"http:\/\/www.jojoenherbe.com\/index.php\/2019\/03\/20\/au-fil-des-pages-sur-le-theme-du-printemps\/a-table\/\" data-orig-file=\"https:\/\/i0.wp.com\/www.jojoenherbe.com\/wp-content\/uploads\/2019\/03\/A-table.jpg?fit=2444%2C2689\" data-orig-size=\"2444,2689\" data-comments-opened=\"1\" data-image-meta=\"{&quot;aperture&quot;:&quot;2.4&quot;,&quot;credit&quot;:&quot;&quot;,&quot;camera&quot;:&quot;iPhone 4S&quot;,&quot;caption&quot;:&quot;&quot;,&quot;created_timestamp&quot;:&quot;1553102842&quot;,&quot;copyright&quot;:&quot;&quot;,&quot;focal_length&quot;:&quot;4.28&quot;,&quot;iso&quot;:&quot;200&quot;,&quot;shutter_speed&quot;:&quot;0.05&quot;,&quot;title&quot;:&quot;&quot;,&quot;orientation&quot;:&quot;1&quot;}\" data-image-title=\"A table\" data-image-description=\"\" data-image-caption=\"\" data-large-file=\"https:\/\/i0.wp.com\/www.jojoenherbe.com\/wp-content\/uploads\/2019\/03\/A-table.jpg?fit=676%2C744\" class=\"size-thumbnail wp-image-5147 alignright\" src=\"https:\/\/i0.wp.com\/www.jojoenherbe.com\/wp-content\/uploads\/2019\/03\/A-table.jpg?resize=150%2C150\" alt=\"\" width=\"150\" height=\"150\" srcset=\"https:\/\/i0.wp.com\/www.jojoenherbe.com\/wp-content\/uploads\/2019\/03\/A-table.jpg?resize=150%2C150 150w, https:\/\/i0.wp.com\/www.jojoenherbe.com\/wp-content\/uploads\/2019\/03\/A-table.jpg?zoom=2&amp;resize=150%2C150 300w, https:\/\/i0.wp.com\/www.jojoenherbe.com\/wp-content\/uploads\/2019\/03\/A-table.jpg?zoom=3&amp;resize=150%2C150 450w\" sizes=\"auto, (max-width: 150px) 100vw, 150px\" \/><\/a>la rencontre printani\u00e8re des trois \u00e9cureuils Nic, Nac et Noc avec un oisillon affam\u00e9 qui attend le retour de sa m\u00e8re dans <a href=\"http:\/\/www.jojoenherbe.com\/index.php\/2019\/03\/20\/au-fil-des-pages-sur-le-theme-du-printemps\/\"><span style=\"text-decoration: underline;\">A table!<\/span><\/a> de Kazuo Iwamura (\u00e9d. Mijade, 2016), un album jeunesse \u00e0 partir de 3 ans<\/em><\/li>\n<li><em><a href=\"https:\/\/i0.wp.com\/www.jojoenherbe.com\/wp-content\/uploads\/2020\/04\/Allons-chercher-le-printemps-scaled.jpg\"><img data-recalc-dims=\"1\" loading=\"lazy\" decoding=\"async\" data-attachment-id=\"10857\" data-permalink=\"http:\/\/www.jojoenherbe.com\/index.php\/2020\/04\/25\/au-fil-des-pages-avec-allons-chercher-le-printemps\/allons-chercher-le-printemps\/\" data-orig-file=\"https:\/\/i0.wp.com\/www.jojoenherbe.com\/wp-content\/uploads\/2020\/04\/Allons-chercher-le-printemps-scaled.jpg?fit=2560%2C1638\" data-orig-size=\"2560,1638\" data-comments-opened=\"1\" data-image-meta=\"{&quot;aperture&quot;:&quot;2.4&quot;,&quot;credit&quot;:&quot;&quot;,&quot;camera&quot;:&quot;iPhone 4S&quot;,&quot;caption&quot;:&quot;&quot;,&quot;created_timestamp&quot;:&quot;1587814758&quot;,&quot;copyright&quot;:&quot;&quot;,&quot;focal_length&quot;:&quot;4.28&quot;,&quot;iso&quot;:&quot;400&quot;,&quot;shutter_speed&quot;:&quot;0.05&quot;,&quot;title&quot;:&quot;&quot;,&quot;orientation&quot;:&quot;1&quot;}\" data-image-title=\"Allons chercher le printemps\" data-image-description=\"\" data-image-caption=\"\" data-large-file=\"https:\/\/i0.wp.com\/www.jojoenherbe.com\/wp-content\/uploads\/2020\/04\/Allons-chercher-le-printemps-scaled.jpg?fit=676%2C432\" class=\"alignleft size-thumbnail wp-image-10857\" src=\"https:\/\/i0.wp.com\/www.jojoenherbe.com\/wp-content\/uploads\/2020\/04\/Allons-chercher-le-printemps.jpg?resize=150%2C150\" alt=\"\" width=\"150\" height=\"150\" srcset=\"https:\/\/i0.wp.com\/www.jojoenherbe.com\/wp-content\/uploads\/2020\/04\/Allons-chercher-le-printemps-scaled.jpg?resize=150%2C150 150w, https:\/\/i0.wp.com\/www.jojoenherbe.com\/wp-content\/uploads\/2020\/04\/Allons-chercher-le-printemps-scaled.jpg?zoom=2&amp;resize=150%2C150 300w, https:\/\/i0.wp.com\/www.jojoenherbe.com\/wp-content\/uploads\/2020\/04\/Allons-chercher-le-printemps-scaled.jpg?zoom=3&amp;resize=150%2C150 450w\" sizes=\"auto, (max-width: 150px) 100vw, 150px\" \/><\/a><span class=\"\">un printemps qui tarde \u00e0 venir <\/span>dans <a href=\"http:\/\/www.jojoenherbe.com\/index.php\/2020\/04\/25\/au-fil-des-pages-avec-allons-chercher-le-printemps\/\"><span style=\"text-decoration: underline;\">Allons chercher le printemps<\/span><\/a> de Laura Hedon (\u00e9d. \u00a0Circonflexe, 2020), un album jeunesse \u00e0 partir de 3 ans<\/em><\/li>\n<li style=\"text-align: justify;\"><em><span class=\"\"><a href=\"https:\/\/i0.wp.com\/www.jojoenherbe.com\/wp-content\/uploads\/2021\/03\/Nina-et-le-doudou-magique-scaled.jpg\"><img data-recalc-dims=\"1\" loading=\"lazy\" decoding=\"async\" data-attachment-id=\"16696\" data-permalink=\"http:\/\/www.jojoenherbe.com\/index.php\/2021\/03\/22\/nos-lectures-printanieres-2021\/nina-et-le-doudou-magique\/\" data-orig-file=\"https:\/\/i0.wp.com\/www.jojoenherbe.com\/wp-content\/uploads\/2021\/03\/Nina-et-le-doudou-magique-scaled.jpg?fit=2560%2C1920\" data-orig-size=\"2560,1920\" data-comments-opened=\"1\" data-image-meta=\"{&quot;aperture&quot;:&quot;1.8&quot;,&quot;credit&quot;:&quot;&quot;,&quot;camera&quot;:&quot;iPhone 7&quot;,&quot;caption&quot;:&quot;&quot;,&quot;created_timestamp&quot;:&quot;1616407288&quot;,&quot;copyright&quot;:&quot;&quot;,&quot;focal_length&quot;:&quot;3.99&quot;,&quot;iso&quot;:&quot;100&quot;,&quot;shutter_speed&quot;:&quot;0.058823529411765&quot;,&quot;title&quot;:&quot;&quot;,&quot;orientation&quot;:&quot;1&quot;}\" data-image-title=\"Nina et le doudou magique\" data-image-description=\"\" data-image-caption=\"\" data-large-file=\"https:\/\/i0.wp.com\/www.jojoenherbe.com\/wp-content\/uploads\/2021\/03\/Nina-et-le-doudou-magique-scaled.jpg?fit=676%2C507\" class=\"size-thumbnail wp-image-16696 alignright\" src=\"https:\/\/i0.wp.com\/www.jojoenherbe.com\/wp-content\/uploads\/2021\/03\/Nina-et-le-doudou-magique.jpg?resize=150%2C150\" alt=\"\" width=\"150\" height=\"150\" srcset=\"https:\/\/i0.wp.com\/www.jojoenherbe.com\/wp-content\/uploads\/2021\/03\/Nina-et-le-doudou-magique-scaled.jpg?resize=150%2C150 150w, https:\/\/i0.wp.com\/www.jojoenherbe.com\/wp-content\/uploads\/2021\/03\/Nina-et-le-doudou-magique-scaled.jpg?zoom=2&amp;resize=150%2C150 300w, https:\/\/i0.wp.com\/www.jojoenherbe.com\/wp-content\/uploads\/2021\/03\/Nina-et-le-doudou-magique-scaled.jpg?zoom=3&amp;resize=150%2C150 450w\" sizes=\"auto, (max-width: 150px) 100vw, 150px\" \/><\/a>un printemps pluvieux et humide avec <a href=\"http:\/\/www.jojoenherbe.com\/index.php\/2021\/06\/10\/au-fil-des-pages-avec-nina-et-le-doudou-magique\/\"><span style=\"text-decoration: underline;\">Nina et le doudou magique<\/span><\/a> de Nicola Killen (\u00e9d. Quatre Fleuves, 2019), un album jeunesse \u00e0 partir de 3 ans. Un bien joli conte printanier tout doux avec Nina et son lapin doudou Merlin! il y est question d&rsquo;aventure, du courage et l&rsquo;imagination d\u00e9bordante de l&rsquo;enfance saupoudr\u00e9e de magie.<br \/>\n<\/span><\/em><\/li>\n<li style=\"text-align: justify;\"><span class=\"\"><em><a href=\"https:\/\/i0.wp.com\/www.jojoenherbe.com\/wp-content\/uploads\/2019\/03\/Cest-toi-le-printemps-scaled.jpg\"><img data-recalc-dims=\"1\" loading=\"lazy\" decoding=\"async\" data-attachment-id=\"16693\" data-permalink=\"http:\/\/www.jojoenherbe.com\/index.php\/2019\/03\/10\/au-fil-des-pages-avec-cest-toi-le-printemps\/cest-toi-le-printemps-4\/\" data-orig-file=\"https:\/\/i0.wp.com\/www.jojoenherbe.com\/wp-content\/uploads\/2019\/03\/Cest-toi-le-printemps-scaled.jpg?fit=2560%2C1920\" data-orig-size=\"2560,1920\" data-comments-opened=\"1\" data-image-meta=\"{&quot;aperture&quot;:&quot;1.8&quot;,&quot;credit&quot;:&quot;&quot;,&quot;camera&quot;:&quot;iPhone 7&quot;,&quot;caption&quot;:&quot;&quot;,&quot;created_timestamp&quot;:&quot;1616407300&quot;,&quot;copyright&quot;:&quot;&quot;,&quot;focal_length&quot;:&quot;3.99&quot;,&quot;iso&quot;:&quot;100&quot;,&quot;shutter_speed&quot;:&quot;0.058823529411765&quot;,&quot;title&quot;:&quot;&quot;,&quot;orientation&quot;:&quot;1&quot;}\" data-image-title=\"C&amp;rsquo;est toi le printemps\" data-image-description=\"\" data-image-caption=\"\" data-large-file=\"https:\/\/i0.wp.com\/www.jojoenherbe.com\/wp-content\/uploads\/2019\/03\/Cest-toi-le-printemps-scaled.jpg?fit=676%2C507\" class=\"alignleft size-thumbnail wp-image-16693\" src=\"https:\/\/i0.wp.com\/www.jojoenherbe.com\/wp-content\/uploads\/2019\/03\/Cest-toi-le-printemps.jpg?resize=150%2C150\" alt=\"\" width=\"150\" height=\"150\" srcset=\"https:\/\/i0.wp.com\/www.jojoenherbe.com\/wp-content\/uploads\/2019\/03\/Cest-toi-le-printemps-scaled.jpg?resize=150%2C150 150w, https:\/\/i0.wp.com\/www.jojoenherbe.com\/wp-content\/uploads\/2019\/03\/Cest-toi-le-printemps-scaled.jpg?zoom=2&amp;resize=150%2C150 300w, https:\/\/i0.wp.com\/www.jojoenherbe.com\/wp-content\/uploads\/2019\/03\/Cest-toi-le-printemps-scaled.jpg?zoom=3&amp;resize=150%2C150 450w\" sizes=\"auto, (max-width: 150px) 100vw, 150px\" \/><\/a>le premier printemps d\u2019un petit lapin dans <a href=\"http:\/\/www.jojoenherbe.com\/index.php\/2019\/03\/10\/au-fil-des-pages-avec-cest-toi-le-printemps\/\"><span style=\"text-decoration: underline;\">C\u2019est toi le printemps?<\/span><\/a> de Chiaki et Ko Okada (\u00e9d. Seuil Jeunesse, 2014), un album jeunesse \u00e0 partir de 3 ans<\/em><br \/>\n<\/span><\/li>\n<\/ul>\n","protected":false},"excerpt":{"rendered":"<p>Avec l&rsquo;arriv\u00e9e du printemps ce 20 mars 2021, nous changeons \u00e9galement nos lectures pour nous plonger dans un th\u00e8me printanier, l\u00e9ger et color\u00e9. Ce billet sera ainsi actualis\u00e9 tout au long de ce printemps au gr\u00e9 de nos lectures sur ce th\u00e8me. Des albums jeunesse: l&rsquo;arriv\u00e9e du printemps avec les trois \u00e9cureuils Nic, Nac et [&hellip;]<\/p>\n","protected":false},"author":1,"featured_media":16692,"comment_status":"open","ping_status":"open","sticky":false,"template":"","format":"standard","meta":{"jetpack_post_was_ever_published":false,"_jetpack_newsletter_access":"","_jetpack_dont_email_post_to_subs":false,"_jetpack_newsletter_tier_id":0,"_jetpack_memberships_contains_paywalled_content":false,"_jetpack_memberships_contains_paid_content":false,"footnotes":""},"categories":[363],"tags":[785,409,1596,1002,1598,1483,367,1022,2321,207],"class_list":["post-16691","post","type-post","status-publish","format-standard","has-post-thumbnail","hentry","category-mini-lecteur","tag-3-6-ans","tag-albums-jeunesse","tag-chiaki-okada","tag-kazuo-iwamura","tag-ko-okada","tag-laura-hedon","tag-lecture-jeunesse","tag-lectures-de-printemps","tag-nicola-killen","tag-printemps","post-preview"],"jetpack_featured_media_url":"https:\/\/i0.wp.com\/www.jojoenherbe.com\/wp-content\/uploads\/2021\/03\/Nos-lectures-Printemps-scaled.jpg?fit=2560%2C1920","jetpack_sharing_enabled":true,"jetpack_shortlink":"https:\/\/wp.me\/p9zhGx-4ld","jetpack_likes_enabled":true,"jetpack-related-posts":[{"id":5137,"url":"http:\/\/www.jojoenherbe.com\/index.php\/2019\/03\/20\/au-fil-des-pages-sur-le-theme-du-printemps\/","url_meta":{"origin":16691,"position":0},"title":"Au fil des pages sur le th\u00e8me du printemps","author":"Jojo","date":"20 mars 2019","format":false,"excerpt":"Nous avons d\u00e9couvert la famille \u00e9cureuil de Kazuo Iwamura (\u00e9d. Mijade, 2016) en suivant les aventures automnales de Nic, Nac et Noc dans Tout est rouge puis hivernales avec Vive la neige. Nous les retrouvons, avec beaucoup de plaisir, dans deux histoires printani\u00e8res. Les illustrations sont toujours aussi splendides, le\u2026","rel":"","context":"Dans &quot;Mini lecteur&quot;","block_context":{"text":"Mini lecteur","link":"http:\/\/www.jojoenherbe.com\/index.php\/category\/mini-lecteur\/"},"img":{"alt_text":"","src":"https:\/\/i0.wp.com\/www.jojoenherbe.com\/wp-content\/uploads\/2019\/03\/%C3%A9cureuils-Kazuo-Iwamura.jpg?fit=1200%2C867&resize=350%2C200","width":350,"height":200,"srcset":"https:\/\/i0.wp.com\/www.jojoenherbe.com\/wp-content\/uploads\/2019\/03\/%C3%A9cureuils-Kazuo-Iwamura.jpg?fit=1200%2C867&resize=350%2C200 1x, https:\/\/i0.wp.com\/www.jojoenherbe.com\/wp-content\/uploads\/2019\/03\/%C3%A9cureuils-Kazuo-Iwamura.jpg?fit=1200%2C867&resize=525%2C300 1.5x, https:\/\/i0.wp.com\/www.jojoenherbe.com\/wp-content\/uploads\/2019\/03\/%C3%A9cureuils-Kazuo-Iwamura.jpg?fit=1200%2C867&resize=700%2C400 2x, https:\/\/i0.wp.com\/www.jojoenherbe.com\/wp-content\/uploads\/2019\/03\/%C3%A9cureuils-Kazuo-Iwamura.jpg?fit=1200%2C867&resize=1050%2C600 3x"},"classes":[]},{"id":25173,"url":"http:\/\/www.jojoenherbe.com\/index.php\/2022\/04\/21\/nos-lectures-printanieres-2022\/","url_meta":{"origin":16691,"position":1},"title":"Nos lectures printani\u00e8res 2022","author":"Jojo","date":"21 avril 2022","format":false,"excerpt":"Le mois dernier, avec l'arriv\u00e9e du printemps, nous avons recommenc\u00e9 \u00e0 lire des histoires sur cette saison. Ce billet sera ainsi actualis\u00e9 tout au long de ce printemps au gr\u00e9 de nos lectures sur ce th\u00e8me. Je parlerai \u00e9galement de relectures de livres que je n'avais pas encore chroniqu\u00e9s sur\u2026","rel":"","context":"Dans &quot;Mini lecteur&quot;","block_context":{"text":"Mini lecteur","link":"http:\/\/www.jojoenherbe.com\/index.php\/category\/mini-lecteur\/"},"img":{"alt_text":"","src":"https:\/\/i0.wp.com\/www.jojoenherbe.com\/wp-content\/uploads\/2022\/04\/Nos-lectures-de-printemps-2022-scaled.jpg?fit=1200%2C689&resize=350%2C200","width":350,"height":200,"srcset":"https:\/\/i0.wp.com\/www.jojoenherbe.com\/wp-content\/uploads\/2022\/04\/Nos-lectures-de-printemps-2022-scaled.jpg?fit=1200%2C689&resize=350%2C200 1x, https:\/\/i0.wp.com\/www.jojoenherbe.com\/wp-content\/uploads\/2022\/04\/Nos-lectures-de-printemps-2022-scaled.jpg?fit=1200%2C689&resize=525%2C300 1.5x, https:\/\/i0.wp.com\/www.jojoenherbe.com\/wp-content\/uploads\/2022\/04\/Nos-lectures-de-printemps-2022-scaled.jpg?fit=1200%2C689&resize=700%2C400 2x, https:\/\/i0.wp.com\/www.jojoenherbe.com\/wp-content\/uploads\/2022\/04\/Nos-lectures-de-printemps-2022-scaled.jpg?fit=1200%2C689&resize=1050%2C600 3x"},"classes":[]},{"id":6725,"url":"http:\/\/www.jojoenherbe.com\/index.php\/2019\/03\/10\/au-fil-des-pages-avec-cest-toi-le-printemps\/","url_meta":{"origin":16691,"position":2},"title":"Au fil des pages avec C&rsquo;est toi le printemps?","author":"Jojo","date":"10 mars 2019","format":false,"excerpt":"Nous empruntons \u00e0 la m\u00e9diath\u00e8que C'est toi le printemps? de Chiaki et Ko Okada (\u00e9d. Seuil Jeunesse, 2014), un album jeunesse \u00e0 partir de 3 ans. Nous suivons Petit Lapin, un lapereau qui d\u00e9couvre son premier printemps \u00e0 la sortie de l'hiver. Aussi impatient que curieux, il se d\u00e9sesp\u00e8re de\u2026","rel":"","context":"Dans &quot;Mini lecteur&quot;","block_context":{"text":"Mini lecteur","link":"http:\/\/www.jojoenherbe.com\/index.php\/category\/mini-lecteur\/"},"img":{"alt_text":"","src":"https:\/\/i0.wp.com\/www.jojoenherbe.com\/wp-content\/uploads\/2019\/03\/Cest-toi-le-printemps-scaled.jpg?fit=1200%2C900&resize=350%2C200","width":350,"height":200,"srcset":"https:\/\/i0.wp.com\/www.jojoenherbe.com\/wp-content\/uploads\/2019\/03\/Cest-toi-le-printemps-scaled.jpg?fit=1200%2C900&resize=350%2C200 1x, https:\/\/i0.wp.com\/www.jojoenherbe.com\/wp-content\/uploads\/2019\/03\/Cest-toi-le-printemps-scaled.jpg?fit=1200%2C900&resize=525%2C300 1.5x, https:\/\/i0.wp.com\/www.jojoenherbe.com\/wp-content\/uploads\/2019\/03\/Cest-toi-le-printemps-scaled.jpg?fit=1200%2C900&resize=700%2C400 2x, https:\/\/i0.wp.com\/www.jojoenherbe.com\/wp-content\/uploads\/2019\/03\/Cest-toi-le-printemps-scaled.jpg?fit=1200%2C900&resize=1050%2C600 3x"},"classes":[]},{"id":5283,"url":"http:\/\/www.jojoenherbe.com\/index.php\/2019\/03\/27\/au-fil-des-pages-avec-la-pomme-rouge\/","url_meta":{"origin":16691,"position":3},"title":"Au fil des pages avec La pomme rouge et F\u00fb, Hana et les pissenlits","author":"Jojo","date":"27 mars 2019","format":false,"excerpt":"Nous continuons notre exploration de l'univers litt\u00e9raire de Kazuo Iwamura avec deux nouveaux emprunts \u00e0 la biblioth\u00e8que cette semaine, apr\u00e8s la famille \u00c9cureuil et la famille Souris. La pomme rouge de Kazuo Iwamura Tout d'abord, un coup de c\u0153ur pour La pomme rouge (\u00e9d. L'\u00e9cole des Loisirs, 2010), un album\u2026","rel":"","context":"Dans &quot;Mini lecteur&quot;","block_context":{"text":"Mini lecteur","link":"http:\/\/www.jojoenherbe.com\/index.php\/category\/mini-lecteur\/"},"img":{"alt_text":"","src":"https:\/\/i0.wp.com\/www.jojoenherbe.com\/wp-content\/uploads\/2019\/03\/Fu-Hana-et-les-pissenlits-La-pomme-rouge-scaled.jpg?fit=1200%2C782&resize=350%2C200","width":350,"height":200,"srcset":"https:\/\/i0.wp.com\/www.jojoenherbe.com\/wp-content\/uploads\/2019\/03\/Fu-Hana-et-les-pissenlits-La-pomme-rouge-scaled.jpg?fit=1200%2C782&resize=350%2C200 1x, https:\/\/i0.wp.com\/www.jojoenherbe.com\/wp-content\/uploads\/2019\/03\/Fu-Hana-et-les-pissenlits-La-pomme-rouge-scaled.jpg?fit=1200%2C782&resize=525%2C300 1.5x, https:\/\/i0.wp.com\/www.jojoenherbe.com\/wp-content\/uploads\/2019\/03\/Fu-Hana-et-les-pissenlits-La-pomme-rouge-scaled.jpg?fit=1200%2C782&resize=700%2C400 2x, https:\/\/i0.wp.com\/www.jojoenherbe.com\/wp-content\/uploads\/2019\/03\/Fu-Hana-et-les-pissenlits-La-pomme-rouge-scaled.jpg?fit=1200%2C782&resize=1050%2C600 3x"},"classes":[]},{"id":11484,"url":"http:\/\/www.jojoenherbe.com\/index.php\/2020\/07\/08\/au-fil-des-pages-avec-viens-rejoins-nous\/","url_meta":{"origin":16691,"position":4},"title":"Au fil des pages avec Viens, rejoins-nous!","author":"Jojo","date":"8 juillet 2020","format":false,"excerpt":"Nous empruntons \u00e0 la m\u00e9diath\u00e8que Viens, rejoins-nous! de Chiaki Okada et Kimiko Aman (\u00e9d. Seuil Jeunesse, 2018), un album jeunesse \u00e0 partir de 3 ans. Un jour de printemps, Petit Ours d\u00e9couvre une corde \u00e0 sauter. Il tente de l'utiliser, sous les encouragements discrets de Marie cach\u00e9e derri\u00e8re un arbre.\u2026","rel":"","context":"Dans &quot;Mini lecteur&quot;","block_context":{"text":"Mini lecteur","link":"http:\/\/www.jojoenherbe.com\/index.php\/category\/mini-lecteur\/"},"img":{"alt_text":"","src":"https:\/\/i0.wp.com\/www.jojoenherbe.com\/wp-content\/uploads\/2020\/07\/Viens-rejoins-nous-scaled.jpg?fit=1200%2C900&resize=350%2C200","width":350,"height":200,"srcset":"https:\/\/i0.wp.com\/www.jojoenherbe.com\/wp-content\/uploads\/2020\/07\/Viens-rejoins-nous-scaled.jpg?fit=1200%2C900&resize=350%2C200 1x, https:\/\/i0.wp.com\/www.jojoenherbe.com\/wp-content\/uploads\/2020\/07\/Viens-rejoins-nous-scaled.jpg?fit=1200%2C900&resize=525%2C300 1.5x, https:\/\/i0.wp.com\/www.jojoenherbe.com\/wp-content\/uploads\/2020\/07\/Viens-rejoins-nous-scaled.jpg?fit=1200%2C900&resize=700%2C400 2x, https:\/\/i0.wp.com\/www.jojoenherbe.com\/wp-content\/uploads\/2020\/07\/Viens-rejoins-nous-scaled.jpg?fit=1200%2C900&resize=1050%2C600 3x"},"classes":[]},{"id":30336,"url":"http:\/\/www.jojoenherbe.com\/index.php\/2023\/03\/20\/au-fil-des-pages-avec-lecureuil-et-le-printemps\/","url_meta":{"origin":16691,"position":5},"title":"Au fil des pages avec L&rsquo;\u00e9cureuil et le printemps","author":"Jojo","date":"20 mars 2023","format":false,"excerpt":"En ce 20 mars 2023, nous avons lu L'\u00e9cureuil et le printemps de Sebastian Meschenmoser (\u00e9d. Minedition, 2009, 64 pages), un album jeunesse \u00e0 partir de 3\/4 ans et joliment illustr\u00e9. Nous avions laiss\u00e9 l'\u00e9cureuil, le h\u00e9risson et l'ours en pleine hibernation apr\u00e8s leur d\u00e9couverte de la neige et nous\u2026","rel":"","context":"Dans &quot;Mini lecteur&quot;","block_context":{"text":"Mini lecteur","link":"http:\/\/www.jojoenherbe.com\/index.php\/category\/mini-lecteur\/"},"img":{"alt_text":"","src":"https:\/\/i0.wp.com\/www.jojoenherbe.com\/wp-content\/uploads\/2023\/03\/Lecureuil-et-le-printemps-scaled.jpg?fit=1200%2C1020&resize=350%2C200","width":350,"height":200,"srcset":"https:\/\/i0.wp.com\/www.jojoenherbe.com\/wp-content\/uploads\/2023\/03\/Lecureuil-et-le-printemps-scaled.jpg?fit=1200%2C1020&resize=350%2C200 1x, https:\/\/i0.wp.com\/www.jojoenherbe.com\/wp-content\/uploads\/2023\/03\/Lecureuil-et-le-printemps-scaled.jpg?fit=1200%2C1020&resize=525%2C300 1.5x, https:\/\/i0.wp.com\/www.jojoenherbe.com\/wp-content\/uploads\/2023\/03\/Lecureuil-et-le-printemps-scaled.jpg?fit=1200%2C1020&resize=700%2C400 2x, https:\/\/i0.wp.com\/www.jojoenherbe.com\/wp-content\/uploads\/2023\/03\/Lecureuil-et-le-printemps-scaled.jpg?fit=1200%2C1020&resize=1050%2C600 3x"},"classes":[]}],"_links":{"self":[{"href":"http:\/\/www.jojoenherbe.com\/index.php\/wp-json\/wp\/v2\/posts\/16691","targetHints":{"allow":["GET"]}}],"collection":[{"href":"http:\/\/www.jojoenherbe.com\/index.php\/wp-json\/wp\/v2\/posts"}],"about":[{"href":"http:\/\/www.jojoenherbe.com\/index.php\/wp-json\/wp\/v2\/types\/post"}],"author":[{"embeddable":true,"href":"http:\/\/www.jojoenherbe.com\/index.php\/wp-json\/wp\/v2\/users\/1"}],"replies":[{"embeddable":true,"href":"http:\/\/www.jojoenherbe.com\/index.php\/wp-json\/wp\/v2\/comments?post=16691"}],"version-history":[{"count":0,"href":"http:\/\/www.jojoenherbe.com\/index.php\/wp-json\/wp\/v2\/posts\/16691\/revisions"}],"wp:featuredmedia":[{"embeddable":true,"href":"http:\/\/www.jojoenherbe.com\/index.php\/wp-json\/wp\/v2\/media\/16692"}],"wp:attachment":[{"href":"http:\/\/www.jojoenherbe.com\/index.php\/wp-json\/wp\/v2\/media?parent=16691"}],"wp:term":[{"taxonomy":"category","embeddable":true,"href":"http:\/\/www.jojoenherbe.com\/index.php\/wp-json\/wp\/v2\/categories?post=16691"},{"taxonomy":"post_tag","embeddable":true,"href":"http:\/\/www.jojoenherbe.com\/index.php\/wp-json\/wp\/v2\/tags?post=16691"}],"curies":[{"name":"wp","href":"https:\/\/api.w.org\/{rel}","templated":true}]}}