{"id":16385,"date":"2021-03-09T11:23:40","date_gmt":"2021-03-09T10:23:40","guid":{"rendered":"http:\/\/www.jojoenherbe.com\/?p=16385"},"modified":"2022-03-03T10:17:30","modified_gmt":"2022-03-03T09:17:30","slug":"au-fil-des-pages-avec-la-grande-glissade-de-lours","status":"publish","type":"post","link":"http:\/\/www.jojoenherbe.com\/index.php\/2021\/03\/09\/au-fil-des-pages-avec-la-grande-glissade-de-lours\/","title":{"rendered":"Au fil des pages avec La grande glissade de l&rsquo;ours"},"content":{"rendered":"<p style=\"text-align: justify;\"><em><a href=\"https:\/\/i0.wp.com\/www.jojoenherbe.com\/wp-content\/uploads\/2021\/03\/La-grande-glissade-de-lours-3-scaled.jpg\"><img data-recalc-dims=\"1\" loading=\"lazy\" decoding=\"async\" data-attachment-id=\"16388\" data-permalink=\"http:\/\/www.jojoenherbe.com\/index.php\/2021\/03\/09\/au-fil-des-pages-avec-la-grande-glissade-de-lours\/la-grande-glissade-de-lours-3\/\" data-orig-file=\"https:\/\/i0.wp.com\/www.jojoenherbe.com\/wp-content\/uploads\/2021\/03\/La-grande-glissade-de-lours-3-scaled.jpg?fit=2560%2C1920\" data-orig-size=\"2560,1920\" data-comments-opened=\"1\" data-image-meta=\"{&quot;aperture&quot;:&quot;1.8&quot;,&quot;credit&quot;:&quot;&quot;,&quot;camera&quot;:&quot;iPhone 7&quot;,&quot;caption&quot;:&quot;&quot;,&quot;created_timestamp&quot;:&quot;1615286751&quot;,&quot;copyright&quot;:&quot;&quot;,&quot;focal_length&quot;:&quot;3.99&quot;,&quot;iso&quot;:&quot;80&quot;,&quot;shutter_speed&quot;:&quot;0.058823529411765&quot;,&quot;title&quot;:&quot;&quot;,&quot;orientation&quot;:&quot;1&quot;}\" data-image-title=\"La grande glissade de l&amp;rsquo;ours 3\" data-image-description=\"\" data-image-caption=\"\" data-large-file=\"https:\/\/i0.wp.com\/www.jojoenherbe.com\/wp-content\/uploads\/2021\/03\/La-grande-glissade-de-lours-3-scaled.jpg?fit=676%2C507\" class=\"alignleft size-thumbnail wp-image-16388\" src=\"https:\/\/i0.wp.com\/www.jojoenherbe.com\/wp-content\/uploads\/2021\/03\/La-grande-glissade-de-lours-3.jpg?resize=150%2C150\" alt=\"\" width=\"150\" height=\"150\" srcset=\"https:\/\/i0.wp.com\/www.jojoenherbe.com\/wp-content\/uploads\/2021\/03\/La-grande-glissade-de-lours-3-scaled.jpg?resize=150%2C150 150w, https:\/\/i0.wp.com\/www.jojoenherbe.com\/wp-content\/uploads\/2021\/03\/La-grande-glissade-de-lours-3-scaled.jpg?zoom=2&amp;resize=150%2C150 300w, https:\/\/i0.wp.com\/www.jojoenherbe.com\/wp-content\/uploads\/2021\/03\/La-grande-glissade-de-lours-3-scaled.jpg?zoom=3&amp;resize=150%2C150 450w\" sizes=\"auto, (max-width: 150px) 100vw, 150px\" \/><\/a> <a href=\"https:\/\/i0.wp.com\/www.jojoenherbe.com\/wp-content\/uploads\/2021\/03\/La-grande-glissade-de-lours-4-scaled.jpg\"><img data-recalc-dims=\"1\" loading=\"lazy\" decoding=\"async\" data-attachment-id=\"16389\" data-permalink=\"http:\/\/www.jojoenherbe.com\/index.php\/2021\/03\/09\/au-fil-des-pages-avec-la-grande-glissade-de-lours\/la-grande-glissade-de-lours-4\/\" data-orig-file=\"https:\/\/i0.wp.com\/www.jojoenherbe.com\/wp-content\/uploads\/2021\/03\/La-grande-glissade-de-lours-4-scaled.jpg?fit=2560%2C1920\" data-orig-size=\"2560,1920\" data-comments-opened=\"1\" data-image-meta=\"{&quot;aperture&quot;:&quot;1.8&quot;,&quot;credit&quot;:&quot;&quot;,&quot;camera&quot;:&quot;iPhone 7&quot;,&quot;caption&quot;:&quot;&quot;,&quot;created_timestamp&quot;:&quot;1615286763&quot;,&quot;copyright&quot;:&quot;&quot;,&quot;focal_length&quot;:&quot;3.99&quot;,&quot;iso&quot;:&quot;80&quot;,&quot;shutter_speed&quot;:&quot;0.058823529411765&quot;,&quot;title&quot;:&quot;&quot;,&quot;orientation&quot;:&quot;1&quot;}\" data-image-title=\"La grande glissade de l&amp;rsquo;ours 4\" data-image-description=\"\" data-image-caption=\"\" data-large-file=\"https:\/\/i0.wp.com\/www.jojoenherbe.com\/wp-content\/uploads\/2021\/03\/La-grande-glissade-de-lours-4-scaled.jpg?fit=676%2C507\" class=\"alignleft size-thumbnail wp-image-16389\" src=\"https:\/\/i0.wp.com\/www.jojoenherbe.com\/wp-content\/uploads\/2021\/03\/La-grande-glissade-de-lours-4.jpg?resize=150%2C150\" alt=\"\" width=\"150\" height=\"150\" srcset=\"https:\/\/i0.wp.com\/www.jojoenherbe.com\/wp-content\/uploads\/2021\/03\/La-grande-glissade-de-lours-4-scaled.jpg?resize=150%2C150 150w, https:\/\/i0.wp.com\/www.jojoenherbe.com\/wp-content\/uploads\/2021\/03\/La-grande-glissade-de-lours-4-scaled.jpg?zoom=2&amp;resize=150%2C150 300w, https:\/\/i0.wp.com\/www.jojoenherbe.com\/wp-content\/uploads\/2021\/03\/La-grande-glissade-de-lours-4-scaled.jpg?zoom=3&amp;resize=150%2C150 450w\" sizes=\"auto, (max-width: 150px) 100vw, 150px\" \/><\/a>Nous lisons r\u00e9guli\u00e8rement ces derni\u00e8res semaines <span style=\"text-decoration: underline;\">La grande glissade de l&rsquo;ours<\/span> de Richard T. Morris et LeUyen Pham (\u00e9d. Albin Michel Jeunesse, 2020), un album jeunesse \u00e0 partir de 3 ans et qui fera partie de la s\u00e9lection Maternelle du 33e Prix des Incos en 2022. Il \u00e9tait une fois un ours curieux qui s&rsquo;approche trop pr\u00e8s d&rsquo;une rivi\u00e8re et qui tombe \u00e0 l&rsquo;eau. Il s&rsquo;accroche \u00e0 un tronc d&rsquo;arbre qui flotte sur l&rsquo;eau. Commence alors une dr\u00f4le d&rsquo;aventure, l&rsquo;ours \u00e9tant rejoint par d&rsquo;autres animaux. Mais o\u00f9 la rivi\u00e8re les m\u00e8nera-t-elle ainsi?<\/em><\/p>\n<p style=\"text-align: justify;\"><em>Commen\u00e7ant par \u00ab\u00a0il \u00e9tait une fois\u00a0\u00bb et jouant sur la r\u00e9p\u00e9tition du texte \u00ab\u00a0jusqu&rsquo;\u00e0 ce que&#8230;\u00a0\u00bb, l&rsquo;histoire est construite comme un conte moderne. Les illustrations\u00a0 dynamiques qui se colorent de plus en plus au fil des pages annoncent \u00e0 bien y regarder un bout de personnage que va rencontrer l&rsquo;ours sur la page suivante. La rivi\u00e8re est ainsi un chouette terrain de jeux aquatiques et rassemble finalement des animaux bien diff\u00e9rents mais qui prennent beaucoup de plaisir \u00e0 jouer ensemble. Aventure, amiti\u00e9 et rigolade sont au rendez-vous. Un bon moment de lecture rigolo avec ses jolies pages de garde qui permettent de revenir sur le parcours de l&rsquo;ours!<\/em><\/p>\n<div id=\"attachment_10219\" style=\"width: 112px\" class=\"wp-caption alignleft\"><img loading=\"lazy\" decoding=\"async\" aria-describedby=\"caption-attachment-10219\" data-attachment-id=\"10219\" data-permalink=\"http:\/\/www.jojoenherbe.com\/index.php\/2020\/03\/02\/au-fil-des-pages-avec-lievre-et-ours-sous-la-neige\/lievre-et-ours-sous-la-neige\/\" data-orig-file=\"https:\/\/i0.wp.com\/www.jojoenherbe.com\/wp-content\/uploads\/2020\/03\/Li%C3%A8vre-et-Ours-sous-la-neige-scaled.jpg?fit=2560%2C1892\" data-orig-size=\"2560,1892\" data-comments-opened=\"1\" data-image-meta=\"{&quot;aperture&quot;:&quot;2.4&quot;,&quot;credit&quot;:&quot;&quot;,&quot;camera&quot;:&quot;iPhone 4S&quot;,&quot;caption&quot;:&quot;&quot;,&quot;created_timestamp&quot;:&quot;1583147305&quot;,&quot;copyright&quot;:&quot;&quot;,&quot;focal_length&quot;:&quot;4.28&quot;,&quot;iso&quot;:&quot;640&quot;,&quot;shutter_speed&quot;:&quot;0.066666666666667&quot;,&quot;title&quot;:&quot;&quot;,&quot;orientation&quot;:&quot;1&quot;}\" data-image-title=\"Li\u00e8vre et Ours, sous la neige\" data-image-description=\"\" data-image-caption=\"\" data-large-file=\"https:\/\/i0.wp.com\/www.jojoenherbe.com\/wp-content\/uploads\/2020\/03\/Li%C3%A8vre-et-Ours-sous-la-neige-scaled.jpg?fit=676%2C500\" class=\"wp-image-10219\" src=\"https:\/\/i2.wp.com\/mapetitemediatheque.fr\/wp-content\/uploads\/2018\/11\/challenge-contes-et-l\u00e9gendes.jpg?resize=131%2C164\" sizes=\"auto, (max-width: 343px) 100vw, 343px\" srcset=\"https:\/\/i2.wp.com\/mapetitemediatheque.fr\/wp-content\/uploads\/2018\/11\/challenge-contes-et-l\u00e9gendes.jpg?resize=131%2C164 343w, http:\/\/mapetitemediatheque.fr\/wp-content\/uploads\/2018\/11\/challenge-contes-et-l\u00e9gendes-239x300.jpg 239w\" alt=\"\" width=\"102\" height=\"128\" aria-describedby=\"caption-attachment-10219\" data-attachment-id=\"10219\" data-permalink=\"http:\/\/www.jojoenherbe.com\/index.php\/2020\/03\/02\/au-fil-des-pages-avec-lievre-et-ours-sous-la-neige\/lievre-et-ours-sous-la-neige\/\" data-orig-file=\"https:\/\/i1.wp.com\/www.jojoenherbe.com\/wp-content\/uploads\/2020\/03\/Li\u00e8vre-et-Ours-sous-la-neige-scaled.jpg?fit=2560%2C1892\" data-orig-size=\"2560,1892\" data-comments-opened=\"1\" data-image-meta=\"{&quot;aperture&quot;:&quot;2.4&quot;,&quot;credit&quot;:&quot;&quot;,&quot;camera&quot;:&quot;iPhone 4S&quot;,&quot;caption&quot;:&quot;&quot;,&quot;created_timestamp&quot;:&quot;1583147305&quot;,&quot;copyright&quot;:&quot;&quot;,&quot;focal_length&quot;:&quot;4.28&quot;,&quot;iso&quot;:&quot;640&quot;,&quot;shutter_speed&quot;:&quot;0.066666666666667&quot;,&quot;title&quot;:&quot;&quot;,&quot;orientation&quot;:&quot;1&quot;}\" data-image-title=\"Li\u00e8vre et Ours, sous la neige\" data-image-description=\"\" data-medium-file=\"https:\/\/i1.wp.com\/www.jojoenherbe.com\/wp-content\/uploads\/2020\/03\/Li\u00e8vre-et-Ours-sous-la-neige-scaled.jpg?fit=300%2C222\" data-large-file=\"https:\/\/i1.wp.com\/www.jojoenherbe.com\/wp-content\/uploads\/2020\/03\/Li\u00e8vre-et-Ours-sous-la-neige-scaled.jpg?fit=676%2C500\" data-recalc-dims=\"1\" \/><p id=\"caption-attachment-10219\" class=\"wp-caption-text\">Participation #27 au Challenge Contes &amp; L\u00e9gendes 2021 de <a href=\"https:\/\/mapetitemediatheque.fr\/2020\/12\/challenge-contes-legendes-2021\/\">Bidib<\/a><\/p><\/div>\n<div style=\"width: 143px\" class=\"wp-caption alignleft\"><img loading=\"lazy\" decoding=\"async\" class=\"\" src=\"https:\/\/lh3.googleusercontent.com\/pw\/ACtC-3eIuIHfDCWnQjrbP_Gttnq9qrZJ0sCLWnTR3GjIOIiC54aYp8f1rKz8fy3EJIYJcUrzUv3KnF-YnYTE-vhMmRU8myeq_V_5OYKPelcJ6I4-bD-P1SjmJYevXt0TGhPCpROfcXeg5SJ_4KvwWeBQfvsOWw=w285-h217-no?authuser=1\" alt=\"\" width=\"133\" height=\"101\" \/><p class=\"wp-caption-text\">Challenge Petit Bac d&rsquo;<a href=\"https:\/\/ennalit.wordpress.com\/2020\/12\/01\/challenge-petit-bac-2021-qui-veut-jouer\/\">Enna<\/a> #5 Cat\u00e9gorie Animal: \u00ab\u00a0Ours\u00a0\u00bb<\/p><\/div>\n","protected":false},"excerpt":{"rendered":"<p>Nous lisons r\u00e9guli\u00e8rement ces derni\u00e8res semaines La grande glissade de l&rsquo;ours de Richard T. Morris et LeUyen Pham (\u00e9d. Albin Michel Jeunesse, 2020), un album jeunesse \u00e0 partir de 3 ans et qui fera partie de la s\u00e9lection Maternelle du 33e Prix des Incos en 2022. Il \u00e9tait une fois un ours curieux qui s&rsquo;approche [&hellip;]<\/p>\n","protected":false},"author":1,"featured_media":24182,"comment_status":"open","ping_status":"open","sticky":false,"template":"","format":"standard","meta":{"jetpack_post_was_ever_published":false,"_jetpack_newsletter_access":"","_jetpack_dont_email_post_to_subs":false,"_jetpack_newsletter_tier_id":0,"_jetpack_memberships_contains_paywalled_content":false,"_jetpack_memberships_contains_paid_content":false,"footnotes":""},"categories":[363],"tags":[785,386,808,601,472,2283,879,2020,2018,245,987,963,2286,2285,366,1673,2392,851,2284,864,388,759,448],"class_list":["post-16385","post","type-post","status-publish","format-standard","has-post-thumbnail","hentry","category-mini-lecteur","tag-3-6-ans","tag-amitie","tag-animaux-de-la-foret","tag-aventure","tag-canard","tag-cascade","tag-castor","tag-challenge-contes-et-legendes-2021","tag-challenge-petit-bac-2021","tag-contes","tag-contes-modernes","tag-grenouille","tag-jeux-aquatiques","tag-leuyen-pham","tag-ours","tag-prix-des-incos","tag-prix-des-incos-2022","tag-raton-laveur","tag-richard-t-morris","tag-riviere","tag-solidarite","tag-tortue","tag-vivre-ensemble","post-preview"],"jetpack_featured_media_url":"https:\/\/i0.wp.com\/www.jojoenherbe.com\/wp-content\/uploads\/2021\/03\/La-grande-glissade-de-lours-1-scaled.jpg?fit=2560%2C1831","jetpack_sharing_enabled":true,"jetpack_shortlink":"https:\/\/wp.me\/p9zhGx-4gh","jetpack_likes_enabled":true,"jetpack-related-posts":[{"id":25607,"url":"http:\/\/www.jojoenherbe.com\/index.php\/2022\/05\/25\/nos-lectures-de-la-selection-maternelle-du-prix-des-incos-2022\/","url_meta":{"origin":16385,"position":0},"title":"Nos lectures de la s\u00e9lection Maternelle du Prix des Incos 2022","author":"Jojo","date":"25 mai 2022","format":false,"excerpt":"Lorsque la s\u00e9lection Maternelle du 33\u00e8me Prix des Incos 2021\/2022 est parue, nous avons d\u00e9couvert avec plaisir que nous connaissions d\u00e9j\u00e0 4 albums jeunesse sur les 6 s\u00e9lectionn\u00e9s. La grande glissade de l\u2019ours de Richard T. Morris et LeUyen Pham (\u00e9d. Albin Michel Jeunesse, 2020), un album jeunesse \u00e0 partir\u2026","rel":"","context":"Dans &quot;Mini lecteur&quot;","block_context":{"text":"Mini lecteur","link":"http:\/\/www.jojoenherbe.com\/index.php\/category\/mini-lecteur\/"},"img":{"alt_text":"","src":"https:\/\/i0.wp.com\/www.jojoenherbe.com\/wp-content\/uploads\/2022\/05\/Selection-Maternelle-Prix-des-Incos-2022-scaled.jpg?fit=1200%2C951&resize=350%2C200","width":350,"height":200,"srcset":"https:\/\/i0.wp.com\/www.jojoenherbe.com\/wp-content\/uploads\/2022\/05\/Selection-Maternelle-Prix-des-Incos-2022-scaled.jpg?fit=1200%2C951&resize=350%2C200 1x, https:\/\/i0.wp.com\/www.jojoenherbe.com\/wp-content\/uploads\/2022\/05\/Selection-Maternelle-Prix-des-Incos-2022-scaled.jpg?fit=1200%2C951&resize=525%2C300 1.5x, https:\/\/i0.wp.com\/www.jojoenherbe.com\/wp-content\/uploads\/2022\/05\/Selection-Maternelle-Prix-des-Incos-2022-scaled.jpg?fit=1200%2C951&resize=700%2C400 2x, https:\/\/i0.wp.com\/www.jojoenherbe.com\/wp-content\/uploads\/2022\/05\/Selection-Maternelle-Prix-des-Incos-2022-scaled.jpg?fit=1200%2C951&resize=1050%2C600 3x"},"classes":[]},{"id":29903,"url":"http:\/\/www.jojoenherbe.com\/index.php\/2023\/02\/18\/au-fil-des-pages-avec-il-neige\/","url_meta":{"origin":16385,"position":1},"title":"Au fil des pages avec Il neige!","author":"Jojo","date":"18 f\u00e9vrier 2023","format":false,"excerpt":"Nous avons lu Il neige! de Hyejin Go (\u00e9d. Picquier Jeunesse, 2018), un album jeunesse \u00e0 partir de 3 ans et qui a fait partie de la s\u00e9lection Maternelle du 32\u00e8me Prix des Incos 2021. M\u00e9content d'avoir \u00e9t\u00e9 r\u00e9veill\u00e9 alors qu\u2019il est en train d\u2019hiberner, un ours d\u00e9couvre avec ravissement\u2026","rel":"","context":"Dans &quot;Mini lecteur&quot;","block_context":{"text":"Mini lecteur","link":"http:\/\/www.jojoenherbe.com\/index.php\/category\/mini-lecteur\/"},"img":{"alt_text":"","src":"https:\/\/i0.wp.com\/www.jojoenherbe.com\/wp-content\/uploads\/2021\/04\/Il-neige-scaled.jpg?fit=1200%2C900&resize=350%2C200","width":350,"height":200,"srcset":"https:\/\/i0.wp.com\/www.jojoenherbe.com\/wp-content\/uploads\/2021\/04\/Il-neige-scaled.jpg?fit=1200%2C900&resize=350%2C200 1x, https:\/\/i0.wp.com\/www.jojoenherbe.com\/wp-content\/uploads\/2021\/04\/Il-neige-scaled.jpg?fit=1200%2C900&resize=525%2C300 1.5x, https:\/\/i0.wp.com\/www.jojoenherbe.com\/wp-content\/uploads\/2021\/04\/Il-neige-scaled.jpg?fit=1200%2C900&resize=700%2C400 2x, https:\/\/i0.wp.com\/www.jojoenherbe.com\/wp-content\/uploads\/2021\/04\/Il-neige-scaled.jpg?fit=1200%2C900&resize=1050%2C600 3x"},"classes":[]},{"id":6689,"url":"http:\/\/www.jojoenherbe.com\/index.php\/2019\/07\/09\/au-fil-des-pages-avec-le-loup-qui-criait-au-garcon\/","url_meta":{"origin":16385,"position":2},"title":"Au fil des pages avec Le loup qui criait au gar\u00e7on!","author":"Jojo","date":"9 juillet 2019","format":false,"excerpt":"Nous empruntons \u00e0 la biblioth\u00e8que un album jeunesse reprenant de fa\u00e7on d\u00e9cal\u00e9e l'expression \"\u00e0 force de crier au loup\". Il s'agit de l'album Le loup qui criait au gar\u00e7on! de James O'Neill et Russel Ayto (\u00e9d. Circonflexe, 2017),un album jeunesse \u00e0 partir de 4 ans et qui a fait partie\u2026","rel":"","context":"Dans &quot;Mini lecteur&quot;","block_context":{"text":"Mini lecteur","link":"http:\/\/www.jojoenherbe.com\/index.php\/category\/mini-lecteur\/"},"img":{"alt_text":"","src":"https:\/\/i0.wp.com\/www.jojoenherbe.com\/wp-content\/uploads\/2019\/07\/Le-loup-qui-criait-au-garcon-4-scaled.jpg?fit=1200%2C900&resize=350%2C200","width":350,"height":200,"srcset":"https:\/\/i0.wp.com\/www.jojoenherbe.com\/wp-content\/uploads\/2019\/07\/Le-loup-qui-criait-au-garcon-4-scaled.jpg?fit=1200%2C900&resize=350%2C200 1x, https:\/\/i0.wp.com\/www.jojoenherbe.com\/wp-content\/uploads\/2019\/07\/Le-loup-qui-criait-au-garcon-4-scaled.jpg?fit=1200%2C900&resize=525%2C300 1.5x, https:\/\/i0.wp.com\/www.jojoenherbe.com\/wp-content\/uploads\/2019\/07\/Le-loup-qui-criait-au-garcon-4-scaled.jpg?fit=1200%2C900&resize=700%2C400 2x, https:\/\/i0.wp.com\/www.jojoenherbe.com\/wp-content\/uploads\/2019\/07\/Le-loup-qui-criait-au-garcon-4-scaled.jpg?fit=1200%2C900&resize=1050%2C600 3x"},"classes":[]},{"id":19959,"url":"http:\/\/www.jojoenherbe.com\/index.php\/2021\/08\/02\/au-fil-des-pages-avec-le-grand-papa-et-sa-toute-petite-fille\/","url_meta":{"origin":16385,"position":3},"title":"Au fil des pages avec Le grand papa et sa toute petite fille","author":"Jojo","date":"2 ao\u00fbt 2021","format":false,"excerpt":"Apr\u00e8s l'avoir d\u00e9couvert lors du week-end de la F\u00eate des P\u00e8res, nous relisons Le grand papa et sa toute petite fille de Cathy Hors et Samuel Ribeyron (\u00e9d. Milan, 2011), un album jeunesse grand format \u00e0 partir de 5 ans et qui a fait partie de la s\u00e9lection Maternelle du\u2026","rel":"","context":"Dans &quot;Mini lecteur&quot;","block_context":{"text":"Mini lecteur","link":"http:\/\/www.jojoenherbe.com\/index.php\/category\/mini-lecteur\/"},"img":{"alt_text":"","src":"https:\/\/i0.wp.com\/www.jojoenherbe.com\/wp-content\/uploads\/2021\/08\/Le-grand-papa-et-sa-toute-petite-fille-scaled.jpg?fit=1200%2C900&resize=350%2C200","width":350,"height":200,"srcset":"https:\/\/i0.wp.com\/www.jojoenherbe.com\/wp-content\/uploads\/2021\/08\/Le-grand-papa-et-sa-toute-petite-fille-scaled.jpg?fit=1200%2C900&resize=350%2C200 1x, https:\/\/i0.wp.com\/www.jojoenherbe.com\/wp-content\/uploads\/2021\/08\/Le-grand-papa-et-sa-toute-petite-fille-scaled.jpg?fit=1200%2C900&resize=525%2C300 1.5x, https:\/\/i0.wp.com\/www.jojoenherbe.com\/wp-content\/uploads\/2021\/08\/Le-grand-papa-et-sa-toute-petite-fille-scaled.jpg?fit=1200%2C900&resize=700%2C400 2x, https:\/\/i0.wp.com\/www.jojoenherbe.com\/wp-content\/uploads\/2021\/08\/Le-grand-papa-et-sa-toute-petite-fille-scaled.jpg?fit=1200%2C900&resize=1050%2C600 3x"},"classes":[]},{"id":16340,"url":"http:\/\/www.jojoenherbe.com\/index.php\/2021\/03\/08\/nos-lectures-boucle-dor-et-les-trois-ours\/","url_meta":{"origin":16385,"position":4},"title":"Nos lectures \u00ab\u00a0Boucle d&rsquo;Or et les trois ours\u00a0\u00bb","author":"Jojo","date":"8 mars 2021","format":false,"excerpt":"Apr\u00e8s avoir regroup\u00e9 sous un m\u00eame billet th\u00e9matique divers contes, j'avais envie de parler d'un autre conte que nous lisons r\u00e9guli\u00e8rement et que nous appr\u00e9cions beaucoup, celui de Boucle d'Or et les trois ours. Alors voici nos lectures, plus ou moins r\u00e9centes, autour de ce conte traditionnel qui aurait \u00e9t\u00e9\u2026","rel":"","context":"Dans &quot;Mini lecteur&quot;","block_context":{"text":"Mini lecteur","link":"http:\/\/www.jojoenherbe.com\/index.php\/category\/mini-lecteur\/"},"img":{"alt_text":"","src":"https:\/\/i0.wp.com\/www.jojoenherbe.com\/wp-content\/uploads\/2021\/03\/Nos-lectures-Boucle-dOr-scaled.jpg?fit=1200%2C900&resize=350%2C200","width":350,"height":200,"srcset":"https:\/\/i0.wp.com\/www.jojoenherbe.com\/wp-content\/uploads\/2021\/03\/Nos-lectures-Boucle-dOr-scaled.jpg?fit=1200%2C900&resize=350%2C200 1x, https:\/\/i0.wp.com\/www.jojoenherbe.com\/wp-content\/uploads\/2021\/03\/Nos-lectures-Boucle-dOr-scaled.jpg?fit=1200%2C900&resize=525%2C300 1.5x, https:\/\/i0.wp.com\/www.jojoenherbe.com\/wp-content\/uploads\/2021\/03\/Nos-lectures-Boucle-dOr-scaled.jpg?fit=1200%2C900&resize=700%2C400 2x, https:\/\/i0.wp.com\/www.jojoenherbe.com\/wp-content\/uploads\/2021\/03\/Nos-lectures-Boucle-dOr-scaled.jpg?fit=1200%2C900&resize=1050%2C600 3x"},"classes":[]},{"id":12350,"url":"http:\/\/www.jojoenherbe.com\/index.php\/2020\/09\/27\/au-fil-des-pages-avec-les-trois-grains-de-riz\/","url_meta":{"origin":16385,"position":5},"title":"Au fil des pages avec Les trois grains de riz","author":"Jojo","date":"27 septembre 2020","format":false,"excerpt":"Nous lisons et relisons Les trois grains de riz d'Agn\u00e8s Bertron-Martin et Virginie Sanchez (\u00e9d. Flammarion, coll. P\u00e8re Castor, 2002), un album jeunesse \u00e0 partir de 3 ans et qui a \u00e9t\u00e9 laur\u00e9at de la s\u00e9lection CE1 du 15\u00e8me Prix des Incos en 2004. Petite S\u0153ur Li se rend au\u2026","rel":"","context":"Dans &quot;Mini lecteur&quot;","block_context":{"text":"Mini lecteur","link":"http:\/\/www.jojoenherbe.com\/index.php\/category\/mini-lecteur\/"},"img":{"alt_text":"","src":"https:\/\/i0.wp.com\/www.jojoenherbe.com\/wp-content\/uploads\/2020\/09\/Les-trois-grains-de-riz-scaled.jpg?fit=1200%2C900&resize=350%2C200","width":350,"height":200,"srcset":"https:\/\/i0.wp.com\/www.jojoenherbe.com\/wp-content\/uploads\/2020\/09\/Les-trois-grains-de-riz-scaled.jpg?fit=1200%2C900&resize=350%2C200 1x, https:\/\/i0.wp.com\/www.jojoenherbe.com\/wp-content\/uploads\/2020\/09\/Les-trois-grains-de-riz-scaled.jpg?fit=1200%2C900&resize=525%2C300 1.5x, https:\/\/i0.wp.com\/www.jojoenherbe.com\/wp-content\/uploads\/2020\/09\/Les-trois-grains-de-riz-scaled.jpg?fit=1200%2C900&resize=700%2C400 2x, https:\/\/i0.wp.com\/www.jojoenherbe.com\/wp-content\/uploads\/2020\/09\/Les-trois-grains-de-riz-scaled.jpg?fit=1200%2C900&resize=1050%2C600 3x"},"classes":[]}],"_links":{"self":[{"href":"http:\/\/www.jojoenherbe.com\/index.php\/wp-json\/wp\/v2\/posts\/16385","targetHints":{"allow":["GET"]}}],"collection":[{"href":"http:\/\/www.jojoenherbe.com\/index.php\/wp-json\/wp\/v2\/posts"}],"about":[{"href":"http:\/\/www.jojoenherbe.com\/index.php\/wp-json\/wp\/v2\/types\/post"}],"author":[{"embeddable":true,"href":"http:\/\/www.jojoenherbe.com\/index.php\/wp-json\/wp\/v2\/users\/1"}],"replies":[{"embeddable":true,"href":"http:\/\/www.jojoenherbe.com\/index.php\/wp-json\/wp\/v2\/comments?post=16385"}],"version-history":[{"count":0,"href":"http:\/\/www.jojoenherbe.com\/index.php\/wp-json\/wp\/v2\/posts\/16385\/revisions"}],"wp:featuredmedia":[{"embeddable":true,"href":"http:\/\/www.jojoenherbe.com\/index.php\/wp-json\/wp\/v2\/media\/24182"}],"wp:attachment":[{"href":"http:\/\/www.jojoenherbe.com\/index.php\/wp-json\/wp\/v2\/media?parent=16385"}],"wp:term":[{"taxonomy":"category","embeddable":true,"href":"http:\/\/www.jojoenherbe.com\/index.php\/wp-json\/wp\/v2\/categories?post=16385"},{"taxonomy":"post_tag","embeddable":true,"href":"http:\/\/www.jojoenherbe.com\/index.php\/wp-json\/wp\/v2\/tags?post=16385"}],"curies":[{"name":"wp","href":"https:\/\/api.w.org\/{rel}","templated":true}]}}