{"id":16190,"date":"2021-03-02T14:04:12","date_gmt":"2021-03-02T13:04:12","guid":{"rendered":"http:\/\/www.jojoenherbe.com\/?p=16190"},"modified":"2021-03-02T20:59:21","modified_gmt":"2021-03-02T19:59:21","slug":"au-fil-des-pages-avec-dans-les-yeux","status":"publish","type":"post","link":"http:\/\/www.jojoenherbe.com\/index.php\/2021\/03\/02\/au-fil-des-pages-avec-dans-les-yeux\/","title":{"rendered":"Au fil des pages avec Dans les yeux"},"content":{"rendered":"<p style=\"text-align: justify;\"><em><a href=\"https:\/\/i0.wp.com\/www.jojoenherbe.com\/wp-content\/uploads\/2020\/10\/Dans-les-yeux-2-scaled.jpg\"><img data-recalc-dims=\"1\" loading=\"lazy\" decoding=\"async\" data-attachment-id=\"16186\" data-permalink=\"http:\/\/www.jojoenherbe.com\/index.php\/2020\/10\/25\/nos-lectures-le-petit-chaperon-rouge\/dans-les-yeux-2\/\" data-orig-file=\"https:\/\/i0.wp.com\/www.jojoenherbe.com\/wp-content\/uploads\/2020\/10\/Dans-les-yeux-2-scaled.jpg?fit=2560%2C1903\" data-orig-size=\"2560,1903\" data-comments-opened=\"1\" data-image-meta=\"{&quot;aperture&quot;:&quot;1.8&quot;,&quot;credit&quot;:&quot;&quot;,&quot;camera&quot;:&quot;iPhone 7&quot;,&quot;caption&quot;:&quot;&quot;,&quot;created_timestamp&quot;:&quot;1614692073&quot;,&quot;copyright&quot;:&quot;&quot;,&quot;focal_length&quot;:&quot;3.99&quot;,&quot;iso&quot;:&quot;64&quot;,&quot;shutter_speed&quot;:&quot;0.058823529411765&quot;,&quot;title&quot;:&quot;&quot;,&quot;orientation&quot;:&quot;1&quot;}\" data-image-title=\"Dans les yeux 2\" data-image-description=\"\" data-image-caption=\"\" data-large-file=\"https:\/\/i0.wp.com\/www.jojoenherbe.com\/wp-content\/uploads\/2020\/10\/Dans-les-yeux-2-scaled.jpg?fit=676%2C502\" class=\"alignleft size-thumbnail wp-image-16186\" src=\"https:\/\/i0.wp.com\/www.jojoenherbe.com\/wp-content\/uploads\/2020\/10\/Dans-les-yeux-2.jpg?resize=150%2C150\" alt=\"\" width=\"150\" height=\"150\" srcset=\"https:\/\/i0.wp.com\/www.jojoenherbe.com\/wp-content\/uploads\/2020\/10\/Dans-les-yeux-2-scaled.jpg?resize=150%2C150 150w, https:\/\/i0.wp.com\/www.jojoenherbe.com\/wp-content\/uploads\/2020\/10\/Dans-les-yeux-2-scaled.jpg?zoom=2&amp;resize=150%2C150 300w, https:\/\/i0.wp.com\/www.jojoenherbe.com\/wp-content\/uploads\/2020\/10\/Dans-les-yeux-2-scaled.jpg?zoom=3&amp;resize=150%2C150 450w\" sizes=\"auto, (max-width: 150px) 100vw, 150px\" \/><\/a> <a href=\"https:\/\/i0.wp.com\/www.jojoenherbe.com\/wp-content\/uploads\/2021\/03\/Dans-les-yeux-5-scaled.jpg\"><img data-recalc-dims=\"1\" loading=\"lazy\" decoding=\"async\" data-attachment-id=\"16192\" data-permalink=\"http:\/\/www.jojoenherbe.com\/index.php\/2021\/03\/02\/au-fil-des-pages-avec-dans-les-yeux\/dans-les-yeux-5\/\" data-orig-file=\"https:\/\/i0.wp.com\/www.jojoenherbe.com\/wp-content\/uploads\/2021\/03\/Dans-les-yeux-5-scaled.jpg?fit=2560%2C1920\" data-orig-size=\"2560,1920\" data-comments-opened=\"1\" data-image-meta=\"{&quot;aperture&quot;:&quot;1.8&quot;,&quot;credit&quot;:&quot;&quot;,&quot;camera&quot;:&quot;iPhone 7&quot;,&quot;caption&quot;:&quot;&quot;,&quot;created_timestamp&quot;:&quot;1614692110&quot;,&quot;copyright&quot;:&quot;&quot;,&quot;focal_length&quot;:&quot;3.99&quot;,&quot;iso&quot;:&quot;64&quot;,&quot;shutter_speed&quot;:&quot;0.058823529411765&quot;,&quot;title&quot;:&quot;&quot;,&quot;orientation&quot;:&quot;1&quot;}\" data-image-title=\"Dans les yeux 5\" data-image-description=\"\" data-image-caption=\"\" data-large-file=\"https:\/\/i0.wp.com\/www.jojoenherbe.com\/wp-content\/uploads\/2021\/03\/Dans-les-yeux-5-scaled.jpg?fit=676%2C507\" class=\"alignleft size-thumbnail wp-image-16192\" src=\"https:\/\/i0.wp.com\/www.jojoenherbe.com\/wp-content\/uploads\/2021\/03\/Dans-les-yeux-5.jpg?resize=150%2C150\" alt=\"\" width=\"150\" height=\"150\" srcset=\"https:\/\/i0.wp.com\/www.jojoenherbe.com\/wp-content\/uploads\/2021\/03\/Dans-les-yeux-5-scaled.jpg?resize=150%2C150 150w, https:\/\/i0.wp.com\/www.jojoenherbe.com\/wp-content\/uploads\/2021\/03\/Dans-les-yeux-5-scaled.jpg?zoom=2&amp;resize=150%2C150 300w, https:\/\/i0.wp.com\/www.jojoenherbe.com\/wp-content\/uploads\/2021\/03\/Dans-les-yeux-5-scaled.jpg?zoom=3&amp;resize=150%2C150 450w\" sizes=\"auto, (max-width: 150px) 100vw, 150px\" \/><\/a>J&#8217;emprunte \u00e0 la m\u00e9diath\u00e8que <span style=\"text-decoration: underline;\">Dans les yeux<\/span> de Philippe Jalbert (\u00e9d. Gautier-Languereau, 2017), un album jeunesse \u00e0 partir de 6 ans et qui revisite le conte du Petit Chaperon rouge. La petite fille par chez sa grand-m\u00e8re \u00e0 travers la for\u00eat et croise un loup. Contrairement au loup qui se pr\u00e9cipite chez la grand-m\u00e8re, le Petit Chaperon rouge prend son temps, allant m\u00eame \u00e0 mettre en garde les autres animaux de la for\u00eat de la pr\u00e9sence inqui\u00e9tante du loup.<br \/>\n<\/em><\/p>\n<p style=\"text-align: justify;\"><em><a href=\"https:\/\/i0.wp.com\/www.jojoenherbe.com\/wp-content\/uploads\/2020\/10\/Dans-les-yeux-3-scaled.jpg\"><img data-recalc-dims=\"1\" loading=\"lazy\" decoding=\"async\" data-attachment-id=\"16187\" data-permalink=\"http:\/\/www.jojoenherbe.com\/index.php\/2020\/10\/25\/nos-lectures-le-petit-chaperon-rouge\/dans-les-yeux-3\/\" data-orig-file=\"https:\/\/i0.wp.com\/www.jojoenherbe.com\/wp-content\/uploads\/2020\/10\/Dans-les-yeux-3-scaled.jpg?fit=2560%2C1984\" data-orig-size=\"2560,1984\" data-comments-opened=\"1\" data-image-meta=\"{&quot;aperture&quot;:&quot;1.8&quot;,&quot;credit&quot;:&quot;&quot;,&quot;camera&quot;:&quot;iPhone 7&quot;,&quot;caption&quot;:&quot;&quot;,&quot;created_timestamp&quot;:&quot;1614692195&quot;,&quot;copyright&quot;:&quot;&quot;,&quot;focal_length&quot;:&quot;3.99&quot;,&quot;iso&quot;:&quot;50&quot;,&quot;shutter_speed&quot;:&quot;0.058823529411765&quot;,&quot;title&quot;:&quot;&quot;,&quot;orientation&quot;:&quot;1&quot;}\" data-image-title=\"Dans les yeux 3\" data-image-description=\"\" data-image-caption=\"\" data-large-file=\"https:\/\/i0.wp.com\/www.jojoenherbe.com\/wp-content\/uploads\/2020\/10\/Dans-les-yeux-3-scaled.jpg?fit=676%2C524\" class=\"size-thumbnail wp-image-16187 alignright\" src=\"https:\/\/i0.wp.com\/www.jojoenherbe.com\/wp-content\/uploads\/2020\/10\/Dans-les-yeux-3.jpg?resize=150%2C150\" alt=\"\" width=\"150\" height=\"150\" srcset=\"https:\/\/i0.wp.com\/www.jojoenherbe.com\/wp-content\/uploads\/2020\/10\/Dans-les-yeux-3-scaled.jpg?resize=150%2C150 150w, https:\/\/i0.wp.com\/www.jojoenherbe.com\/wp-content\/uploads\/2020\/10\/Dans-les-yeux-3-scaled.jpg?zoom=2&amp;resize=150%2C150 300w, https:\/\/i0.wp.com\/www.jojoenherbe.com\/wp-content\/uploads\/2020\/10\/Dans-les-yeux-3-scaled.jpg?zoom=3&amp;resize=150%2C150 450w\" sizes=\"auto, (max-width: 150px) 100vw, 150px\" \/><\/a>C&rsquo;est une tr\u00e8s jolie revisite angoissante du conte traditionnel en alternant les points de vue du petit chaperon rouge et du loup, \u00e0 travers leurs yeux. Accompagn\u00e9 d&rsquo;un texte tr\u00e8s court, les illustrations en noir et blanc et une touche de rouge montrent au lecteur ce que voit chacun des deux protagonistes jusqu&rsquo;\u00e0 l&rsquo;issue fatale. La tension monte au fil des pages avec cette traque implacable du loup, malgr\u00e9 les mises en garde faites au Petit Chaperon rouge. Un tr\u00e8s bon moment de lecture!<\/em><\/p>\n<div id=\"attachment_10219\" style=\"width: 126px\" class=\"wp-caption alignleft\"><img loading=\"lazy\" decoding=\"async\" aria-describedby=\"caption-attachment-10219\" data-attachment-id=\"10219\" data-permalink=\"http:\/\/www.jojoenherbe.com\/index.php\/2020\/03\/02\/au-fil-des-pages-avec-lievre-et-ours-sous-la-neige\/lievre-et-ours-sous-la-neige\/\" data-orig-file=\"https:\/\/i0.wp.com\/www.jojoenherbe.com\/wp-content\/uploads\/2020\/03\/Li%C3%A8vre-et-Ours-sous-la-neige-scaled.jpg?fit=2560%2C1892\" data-orig-size=\"2560,1892\" data-comments-opened=\"1\" data-image-meta=\"{&quot;aperture&quot;:&quot;2.4&quot;,&quot;credit&quot;:&quot;&quot;,&quot;camera&quot;:&quot;iPhone 4S&quot;,&quot;caption&quot;:&quot;&quot;,&quot;created_timestamp&quot;:&quot;1583147305&quot;,&quot;copyright&quot;:&quot;&quot;,&quot;focal_length&quot;:&quot;4.28&quot;,&quot;iso&quot;:&quot;640&quot;,&quot;shutter_speed&quot;:&quot;0.066666666666667&quot;,&quot;title&quot;:&quot;&quot;,&quot;orientation&quot;:&quot;1&quot;}\" data-image-title=\"Li\u00e8vre et Ours, sous la neige\" data-image-description=\"\" data-image-caption=\"\" data-large-file=\"https:\/\/i0.wp.com\/www.jojoenherbe.com\/wp-content\/uploads\/2020\/03\/Li%C3%A8vre-et-Ours-sous-la-neige-scaled.jpg?fit=676%2C500\" class=\"wp-image-10219\" src=\"https:\/\/i2.wp.com\/mapetitemediatheque.fr\/wp-content\/uploads\/2018\/11\/challenge-contes-et-l\u00e9gendes.jpg?resize=131%2C164\" sizes=\"auto, (max-width: 343px) 100vw, 343px\" srcset=\"https:\/\/i2.wp.com\/mapetitemediatheque.fr\/wp-content\/uploads\/2018\/11\/challenge-contes-et-l\u00e9gendes.jpg?resize=131%2C164 343w, http:\/\/mapetitemediatheque.fr\/wp-content\/uploads\/2018\/11\/challenge-contes-et-l\u00e9gendes-239x300.jpg 239w\" alt=\"\" width=\"116\" height=\"146\" aria-describedby=\"caption-attachment-10219\" data-attachment-id=\"10219\" data-permalink=\"http:\/\/www.jojoenherbe.com\/index.php\/2020\/03\/02\/au-fil-des-pages-avec-lievre-et-ours-sous-la-neige\/lievre-et-ours-sous-la-neige\/\" data-orig-file=\"https:\/\/i1.wp.com\/www.jojoenherbe.com\/wp-content\/uploads\/2020\/03\/Li\u00e8vre-et-Ours-sous-la-neige-scaled.jpg?fit=2560%2C1892\" data-orig-size=\"2560,1892\" data-comments-opened=\"1\" data-image-meta=\"{&quot;aperture&quot;:&quot;2.4&quot;,&quot;credit&quot;:&quot;&quot;,&quot;camera&quot;:&quot;iPhone 4S&quot;,&quot;caption&quot;:&quot;&quot;,&quot;created_timestamp&quot;:&quot;1583147305&quot;,&quot;copyright&quot;:&quot;&quot;,&quot;focal_length&quot;:&quot;4.28&quot;,&quot;iso&quot;:&quot;640&quot;,&quot;shutter_speed&quot;:&quot;0.066666666666667&quot;,&quot;title&quot;:&quot;&quot;,&quot;orientation&quot;:&quot;1&quot;}\" data-image-title=\"Li\u00e8vre et Ours, sous la neige\" data-image-description=\"\" data-medium-file=\"https:\/\/i1.wp.com\/www.jojoenherbe.com\/wp-content\/uploads\/2020\/03\/Li\u00e8vre-et-Ours-sous-la-neige-scaled.jpg?fit=300%2C222\" data-large-file=\"https:\/\/i1.wp.com\/www.jojoenherbe.com\/wp-content\/uploads\/2020\/03\/Li\u00e8vre-et-Ours-sous-la-neige-scaled.jpg?fit=676%2C500\" data-recalc-dims=\"1\" \/><p id=\"caption-attachment-10219\" class=\"wp-caption-text\">Participation #24 au Challenge Contes &amp; L\u00e9gendes 2021 de <a href=\"https:\/\/mapetitemediatheque.fr\/2020\/12\/challenge-contes-legendes-2021\/\">Bidib<\/a><\/p><\/div>\n<div style=\"width: 156px\" class=\"wp-caption alignleft\"><img loading=\"lazy\" decoding=\"async\" src=\"https:\/\/i2.wp.com\/image.over-blog.com\/yI-7TM1HYsdq5TL9vZNWyIGfkew=\/filters:no_upscale()\/image%2F0776537%2F20210113%2Fob_cc2cb1_137210396-194275619064729-744701331835.png?resize=200%2C150&amp;ssl=1\" alt=\"\" width=\"146\" height=\"110\" data-amp-height=\"150\" data-amp-width=\"200\" data-recalc-dims=\"1\" \/><p class=\"wp-caption-text\">Participation #8 au challenge 2021, cette ann\u00e9e sera classique de <a href=\"http:\/\/vivrelivre19.over-blog.com\/2021\/01\/2021-cette-annee-sera-classique.html\">Blandine<\/a> et <a href=\"https:\/\/delivrer-des-livres.fr\/2021-cette-annee-sera-classique\/\">Nathalie<\/a><\/p><\/div>\n","protected":false},"excerpt":{"rendered":"<p>J&#8217;emprunte \u00e0 la m\u00e9diath\u00e8que Dans les yeux de Philippe Jalbert (\u00e9d. Gautier-Languereau, 2017), un album jeunesse \u00e0 partir de 6 ans et qui revisite le conte du Petit Chaperon rouge. La petite fille par chez sa grand-m\u00e8re \u00e0 travers la for\u00eat et croise un loup. Contrairement au loup qui se pr\u00e9cipite chez la grand-m\u00e8re, le [&hellip;]<\/p>\n","protected":false},"author":1,"featured_media":16189,"comment_status":"open","ping_status":"open","sticky":false,"template":"","format":"standard","meta":{"jetpack_post_was_ever_published":false,"_jetpack_newsletter_access":"","_jetpack_dont_email_post_to_subs":false,"_jetpack_newsletter_tier_id":0,"_jetpack_memberships_contains_paywalled_content":false,"_jetpack_memberships_contains_paid_content":false,"footnotes":""},"categories":[363],"tags":[2068,788,409,2020,245,1530,748,367,541,2258],"class_list":["post-16190","post","type-post","status-publish","format-standard","has-post-thumbnail","hentry","category-mini-lecteur","tag-2021-cette-annee-sera-classique","tag-6-9-ans","tag-albums-jeunesse","tag-challenge-contes-et-legendes-2021","tag-contes","tag-contes-revisites","tag-le-petit-chaperon-rouge","tag-lecture-jeunesse","tag-loup","tag-philippe-jalbert","post-preview"],"jetpack_featured_media_url":"https:\/\/i0.wp.com\/www.jojoenherbe.com\/wp-content\/uploads\/2020\/10\/Dans-les-yeux-scaled.jpg?fit=2560%2C2193","jetpack_sharing_enabled":true,"jetpack_shortlink":"https:\/\/wp.me\/p9zhGx-4d8","jetpack_likes_enabled":true,"jetpack-related-posts":[{"id":13283,"url":"http:\/\/www.jojoenherbe.com\/index.php\/2020\/10\/25\/nos-lectures-le-petit-chaperon-rouge\/","url_meta":{"origin":16190,"position":0},"title":"Nos lectures \u00ab\u00a0Le Petit Chaperon rouge\u00a0\u00bb","author":"Jojo","date":"25 octobre 2020","format":false,"excerpt":"Apr\u00e8s nos lectures de Blanche-Neige, voici celles du Petit Chaperon rouge pour continuer sur le th\u00e8me Contes et L\u00e9gendes du Challenge Halloween 2020. Comme pour le billet pr\u00e9c\u00e9dent, il sera mis \u00e0 jour r\u00e9guli\u00e8rement, au fur-et-\u00e0-mesure de nos lectures du Petit Chaperon rouge. Des versions classiques: Le Petit Chaperon rouge\u2026","rel":"","context":"Dans &quot;Mini lecteur&quot;","block_context":{"text":"Mini lecteur","link":"http:\/\/www.jojoenherbe.com\/index.php\/category\/mini-lecteur\/"},"img":{"alt_text":"","src":"https:\/\/i0.wp.com\/www.jojoenherbe.com\/wp-content\/uploads\/2020\/10\/Nos-lectures-Petit-Chaperon-rouge-2-scaled.jpg?fit=1200%2C852&resize=350%2C200","width":350,"height":200,"srcset":"https:\/\/i0.wp.com\/www.jojoenherbe.com\/wp-content\/uploads\/2020\/10\/Nos-lectures-Petit-Chaperon-rouge-2-scaled.jpg?fit=1200%2C852&resize=350%2C200 1x, https:\/\/i0.wp.com\/www.jojoenherbe.com\/wp-content\/uploads\/2020\/10\/Nos-lectures-Petit-Chaperon-rouge-2-scaled.jpg?fit=1200%2C852&resize=525%2C300 1.5x, https:\/\/i0.wp.com\/www.jojoenherbe.com\/wp-content\/uploads\/2020\/10\/Nos-lectures-Petit-Chaperon-rouge-2-scaled.jpg?fit=1200%2C852&resize=700%2C400 2x, https:\/\/i0.wp.com\/www.jojoenherbe.com\/wp-content\/uploads\/2020\/10\/Nos-lectures-Petit-Chaperon-rouge-2-scaled.jpg?fit=1200%2C852&resize=1050%2C600 3x"},"classes":[]},{"id":8665,"url":"http:\/\/www.jojoenherbe.com\/index.php\/2019\/11\/28\/au-fil-des-pages-avec-histoires-de-loups\/","url_meta":{"origin":16190,"position":1},"title":"Au fil des pages avec Histoires de loups","author":"Jojo","date":"28 novembre 2019","format":false,"excerpt":"Nous empruntons \u00e0 la biblioth\u00e8que Histoires de loups de Mario Ramos (\u00e9d. L'\u00e9cole des loisirs, coll. Pastel, 2018), un album jeunesse \u00e0 partir de 3 ans. Ce recueil\u00a0 regroupe quatre histoires de l'auteur mettant en sc\u00e8ne le loup et d'autres personnages des contes traditionnels dans des situations loufoques, dr\u00f4les et\u2026","rel":"","context":"Dans &quot;Mini lecteur&quot;","block_context":{"text":"Mini lecteur","link":"http:\/\/www.jojoenherbe.com\/index.php\/category\/mini-lecteur\/"},"img":{"alt_text":"","src":"https:\/\/i0.wp.com\/www.jojoenherbe.com\/wp-content\/uploads\/2019\/11\/Histoires-de-loups-scaled.jpg?fit=1200%2C985&resize=350%2C200","width":350,"height":200,"srcset":"https:\/\/i0.wp.com\/www.jojoenherbe.com\/wp-content\/uploads\/2019\/11\/Histoires-de-loups-scaled.jpg?fit=1200%2C985&resize=350%2C200 1x, https:\/\/i0.wp.com\/www.jojoenherbe.com\/wp-content\/uploads\/2019\/11\/Histoires-de-loups-scaled.jpg?fit=1200%2C985&resize=525%2C300 1.5x, https:\/\/i0.wp.com\/www.jojoenherbe.com\/wp-content\/uploads\/2019\/11\/Histoires-de-loups-scaled.jpg?fit=1200%2C985&resize=700%2C400 2x, https:\/\/i0.wp.com\/www.jojoenherbe.com\/wp-content\/uploads\/2019\/11\/Histoires-de-loups-scaled.jpg?fit=1200%2C985&resize=1050%2C600 3x"},"classes":[]},{"id":15835,"url":"http:\/\/www.jojoenherbe.com\/index.php\/2021\/02\/17\/au-fil-des-pages-avec-le-petit-chaperon-rouge-2\/","url_meta":{"origin":16190,"position":2},"title":"Au fil des pages avec Le petit chaperon rouge","author":"Jojo","date":"17 f\u00e9vrier 2021","format":false,"excerpt":"Nous empruntons \u00e0 la m\u00e9diath\u00e8que Le petit chaperon rouge illustr\u00e9 par Thomas Baas, d'apr\u00e8s les Fr\u00e8res Grimm (\u00e9d. Play Bac, 2017), un album jeunesse \u00e0 partir de 4 ans voire un peu plus grand. Une petite fille se rend chez sa grand-m\u00e8re malade pour lui apporter un bon g\u00e2teau et\u2026","rel":"","context":"Dans &quot;Mini lecteur&quot;","block_context":{"text":"Mini lecteur","link":"http:\/\/www.jojoenherbe.com\/index.php\/category\/mini-lecteur\/"},"img":{"alt_text":"","src":"https:\/\/i0.wp.com\/www.jojoenherbe.com\/wp-content\/uploads\/2021\/02\/Le-petit-chaperon-rouge-Thomas-Baas-scaled.jpg?fit=1200%2C916&resize=350%2C200","width":350,"height":200,"srcset":"https:\/\/i0.wp.com\/www.jojoenherbe.com\/wp-content\/uploads\/2021\/02\/Le-petit-chaperon-rouge-Thomas-Baas-scaled.jpg?fit=1200%2C916&resize=350%2C200 1x, https:\/\/i0.wp.com\/www.jojoenherbe.com\/wp-content\/uploads\/2021\/02\/Le-petit-chaperon-rouge-Thomas-Baas-scaled.jpg?fit=1200%2C916&resize=525%2C300 1.5x, https:\/\/i0.wp.com\/www.jojoenherbe.com\/wp-content\/uploads\/2021\/02\/Le-petit-chaperon-rouge-Thomas-Baas-scaled.jpg?fit=1200%2C916&resize=700%2C400 2x, https:\/\/i0.wp.com\/www.jojoenherbe.com\/wp-content\/uploads\/2021\/02\/Le-petit-chaperon-rouge-Thomas-Baas-scaled.jpg?fit=1200%2C916&resize=1050%2C600 3x"},"classes":[]},{"id":10971,"url":"http:\/\/www.jojoenherbe.com\/index.php\/2020\/05\/29\/au-fil-des-pages-avec-le-petit-chaperon-rouge\/","url_meta":{"origin":16190,"position":3},"title":"Au fil des pages avec Le Petit Chaperon rouge","author":"Jojo","date":"29 mai 2020","format":false,"excerpt":"Nous lisons Le Petit Chaperon rouge de Beatrix Potter et Helen Oxenbury, d'apr\u00e8s Charles Perrault (\u00e9d. Kal\u00e9idoscope, 2019), un album jeunesse \u00e0 partir de 3 ans. Le Petit Chaperon rouge va rendre visite \u00e0 sa grand-m\u00e8re avec un briochon et une petite motte de beurre. En chemin, elle croise la\u2026","rel":"","context":"Dans &quot;Mini lecteur&quot;","block_context":{"text":"Mini lecteur","link":"http:\/\/www.jojoenherbe.com\/index.php\/category\/mini-lecteur\/"},"img":{"alt_text":"","src":"https:\/\/i0.wp.com\/www.jojoenherbe.com\/wp-content\/uploads\/2020\/05\/Le-petit-chaperon-rouge.jpg?fit=1193%2C1200&resize=350%2C200","width":350,"height":200,"srcset":"https:\/\/i0.wp.com\/www.jojoenherbe.com\/wp-content\/uploads\/2020\/05\/Le-petit-chaperon-rouge.jpg?fit=1193%2C1200&resize=350%2C200 1x, https:\/\/i0.wp.com\/www.jojoenherbe.com\/wp-content\/uploads\/2020\/05\/Le-petit-chaperon-rouge.jpg?fit=1193%2C1200&resize=525%2C300 1.5x, https:\/\/i0.wp.com\/www.jojoenherbe.com\/wp-content\/uploads\/2020\/05\/Le-petit-chaperon-rouge.jpg?fit=1193%2C1200&resize=700%2C400 2x, https:\/\/i0.wp.com\/www.jojoenherbe.com\/wp-content\/uploads\/2020\/05\/Le-petit-chaperon-rouge.jpg?fit=1193%2C1200&resize=1050%2C600 3x"},"classes":[]},{"id":20019,"url":"http:\/\/www.jojoenherbe.com\/index.php\/2021\/08\/03\/au-fil-des-pages-avec-la-petite-soeur-du-chaperon-rouge\/","url_meta":{"origin":16190,"position":4},"title":"Au fil des pages avec La petite s\u0153ur du Chaperon rouge","author":"Jojo","date":"3 ao\u00fbt 2021","format":false,"excerpt":"Nous lisons La petite s\u0153ur du Chaperon rouge de Didier L\u00e9vy et Clotilde Perrin (\u00e9d. Milan, 2015), un album jeunesse \u00e0 partir de 4 ans. Devenue c\u00e9l\u00e8bre, le Petit Chaperon rouge voudrait \u00e9galement \u00eatre riche et projette, avec sa grand-m\u00e8re tout aussi c\u00e9l\u00e8bre qu'elle, de transformer la for\u00eat enchant\u00e9e en\u2026","rel":"","context":"Dans &quot;Mini lecteur&quot;","block_context":{"text":"Mini lecteur","link":"http:\/\/www.jojoenherbe.com\/index.php\/category\/mini-lecteur\/"},"img":{"alt_text":"","src":"https:\/\/i0.wp.com\/www.jojoenherbe.com\/wp-content\/uploads\/2021\/08\/La-petite-soeur-du-Petit-Chaperon-rouge-scaled.jpg?fit=1200%2C900&resize=350%2C200","width":350,"height":200,"srcset":"https:\/\/i0.wp.com\/www.jojoenherbe.com\/wp-content\/uploads\/2021\/08\/La-petite-soeur-du-Petit-Chaperon-rouge-scaled.jpg?fit=1200%2C900&resize=350%2C200 1x, https:\/\/i0.wp.com\/www.jojoenherbe.com\/wp-content\/uploads\/2021\/08\/La-petite-soeur-du-Petit-Chaperon-rouge-scaled.jpg?fit=1200%2C900&resize=525%2C300 1.5x, https:\/\/i0.wp.com\/www.jojoenherbe.com\/wp-content\/uploads\/2021\/08\/La-petite-soeur-du-Petit-Chaperon-rouge-scaled.jpg?fit=1200%2C900&resize=700%2C400 2x, https:\/\/i0.wp.com\/www.jojoenherbe.com\/wp-content\/uploads\/2021\/08\/La-petite-soeur-du-Petit-Chaperon-rouge-scaled.jpg?fit=1200%2C900&resize=1050%2C600 3x"},"classes":[]},{"id":16201,"url":"http:\/\/www.jojoenherbe.com\/index.php\/2021\/03\/04\/au-fil-des-pages-avec-devine-ou-jsuis\/","url_meta":{"origin":16190,"position":5},"title":"Au fil des pages avec Devine o\u00f9 j&rsquo;suis!","author":"Jojo","date":"4 mars 2021","format":false,"excerpt":"Nous empruntons \u00e0 la m\u00e9diath\u00e8que Devine o\u00f9 j\u2019suis! de Richard Marnier et Aude Maurel (\u00e9d. Frimousse, 2016), un album jeunesse \u00e0 partir de 3 ans. Alors qu'elle s'appr\u00eate \u00e0 prendre le th\u00e9 avec des amies, la m\u00e8re du Petit Chaperon rouge re\u00e7oit un appel de sa fille contrari\u00e9e. La petite\u2026","rel":"","context":"Dans &quot;Mini lecteur&quot;","block_context":{"text":"Mini lecteur","link":"http:\/\/www.jojoenherbe.com\/index.php\/category\/mini-lecteur\/"},"img":{"alt_text":"","src":"https:\/\/i0.wp.com\/www.jojoenherbe.com\/wp-content\/uploads\/2020\/10\/Devine-ou-jsuis-scaled.jpg?fit=1200%2C1025&resize=350%2C200","width":350,"height":200,"srcset":"https:\/\/i0.wp.com\/www.jojoenherbe.com\/wp-content\/uploads\/2020\/10\/Devine-ou-jsuis-scaled.jpg?fit=1200%2C1025&resize=350%2C200 1x, https:\/\/i0.wp.com\/www.jojoenherbe.com\/wp-content\/uploads\/2020\/10\/Devine-ou-jsuis-scaled.jpg?fit=1200%2C1025&resize=525%2C300 1.5x, https:\/\/i0.wp.com\/www.jojoenherbe.com\/wp-content\/uploads\/2020\/10\/Devine-ou-jsuis-scaled.jpg?fit=1200%2C1025&resize=700%2C400 2x, https:\/\/i0.wp.com\/www.jojoenherbe.com\/wp-content\/uploads\/2020\/10\/Devine-ou-jsuis-scaled.jpg?fit=1200%2C1025&resize=1050%2C600 3x"},"classes":[]}],"_links":{"self":[{"href":"http:\/\/www.jojoenherbe.com\/index.php\/wp-json\/wp\/v2\/posts\/16190","targetHints":{"allow":["GET"]}}],"collection":[{"href":"http:\/\/www.jojoenherbe.com\/index.php\/wp-json\/wp\/v2\/posts"}],"about":[{"href":"http:\/\/www.jojoenherbe.com\/index.php\/wp-json\/wp\/v2\/types\/post"}],"author":[{"embeddable":true,"href":"http:\/\/www.jojoenherbe.com\/index.php\/wp-json\/wp\/v2\/users\/1"}],"replies":[{"embeddable":true,"href":"http:\/\/www.jojoenherbe.com\/index.php\/wp-json\/wp\/v2\/comments?post=16190"}],"version-history":[{"count":0,"href":"http:\/\/www.jojoenherbe.com\/index.php\/wp-json\/wp\/v2\/posts\/16190\/revisions"}],"wp:featuredmedia":[{"embeddable":true,"href":"http:\/\/www.jojoenherbe.com\/index.php\/wp-json\/wp\/v2\/media\/16189"}],"wp:attachment":[{"href":"http:\/\/www.jojoenherbe.com\/index.php\/wp-json\/wp\/v2\/media?parent=16190"}],"wp:term":[{"taxonomy":"category","embeddable":true,"href":"http:\/\/www.jojoenherbe.com\/index.php\/wp-json\/wp\/v2\/categories?post=16190"},{"taxonomy":"post_tag","embeddable":true,"href":"http:\/\/www.jojoenherbe.com\/index.php\/wp-json\/wp\/v2\/tags?post=16190"}],"curies":[{"name":"wp","href":"https:\/\/api.w.org\/{rel}","templated":true}]}}