{"id":16157,"date":"2021-03-02T11:31:09","date_gmt":"2021-03-02T10:31:09","guid":{"rendered":"http:\/\/www.jojoenherbe.com\/?p=16157"},"modified":"2025-03-06T16:53:11","modified_gmt":"2025-03-06T15:53:11","slug":"au-fil-des-pages-avec-le-voleur-dhistoires","status":"publish","type":"post","link":"http:\/\/www.jojoenherbe.com\/index.php\/2021\/03\/02\/au-fil-des-pages-avec-le-voleur-dhistoires\/","title":{"rendered":"Au fil des pages avec Le voleur d&rsquo;histoires"},"content":{"rendered":"<p style=\"text-align: justify;\"><em><a href=\"https:\/\/i0.wp.com\/www.jojoenherbe.com\/wp-content\/uploads\/2021\/03\/Le-voleur-dhistoires-5-scaled.jpg\"><img data-recalc-dims=\"1\" loading=\"lazy\" decoding=\"async\" data-attachment-id=\"16165\" data-permalink=\"http:\/\/www.jojoenherbe.com\/index.php\/2021\/03\/02\/au-fil-des-pages-avec-le-voleur-dhistoires\/le-voleur-dhistoires-5\/\" data-orig-file=\"https:\/\/i0.wp.com\/www.jojoenherbe.com\/wp-content\/uploads\/2021\/03\/Le-voleur-dhistoires-5-scaled.jpg?fit=2560%2C1768\" data-orig-size=\"2560,1768\" data-comments-opened=\"1\" data-image-meta=\"{&quot;aperture&quot;:&quot;1.8&quot;,&quot;credit&quot;:&quot;&quot;,&quot;camera&quot;:&quot;iPhone 7&quot;,&quot;caption&quot;:&quot;&quot;,&quot;created_timestamp&quot;:&quot;1614679149&quot;,&quot;copyright&quot;:&quot;&quot;,&quot;focal_length&quot;:&quot;3.99&quot;,&quot;iso&quot;:&quot;100&quot;,&quot;shutter_speed&quot;:&quot;0.090909090909091&quot;,&quot;title&quot;:&quot;&quot;,&quot;orientation&quot;:&quot;1&quot;}\" data-image-title=\"Le voleur d&amp;rsquo;histoires 5\" data-image-description=\"\" data-image-caption=\"\" data-large-file=\"https:\/\/i0.wp.com\/www.jojoenherbe.com\/wp-content\/uploads\/2021\/03\/Le-voleur-dhistoires-5-scaled.jpg?fit=676%2C467\" class=\"alignleft size-thumbnail wp-image-16165\" src=\"https:\/\/i0.wp.com\/www.jojoenherbe.com\/wp-content\/uploads\/2021\/03\/Le-voleur-dhistoires-5.jpg?resize=150%2C150\" alt=\"\" width=\"150\" height=\"150\" srcset=\"https:\/\/i0.wp.com\/www.jojoenherbe.com\/wp-content\/uploads\/2021\/03\/Le-voleur-dhistoires-5-scaled.jpg?resize=150%2C150 150w, https:\/\/i0.wp.com\/www.jojoenherbe.com\/wp-content\/uploads\/2021\/03\/Le-voleur-dhistoires-5-scaled.jpg?zoom=2&amp;resize=150%2C150 300w, https:\/\/i0.wp.com\/www.jojoenherbe.com\/wp-content\/uploads\/2021\/03\/Le-voleur-dhistoires-5-scaled.jpg?zoom=3&amp;resize=150%2C150 450w\" sizes=\"auto, (max-width: 150px) 100vw, 150px\" \/><\/a> <a href=\"https:\/\/i0.wp.com\/www.jojoenherbe.com\/wp-content\/uploads\/2021\/03\/Le-voleur-dhistoires-4-scaled.jpg\"><img data-recalc-dims=\"1\" loading=\"lazy\" decoding=\"async\" data-attachment-id=\"16164\" data-permalink=\"http:\/\/www.jojoenherbe.com\/index.php\/2021\/03\/02\/au-fil-des-pages-avec-le-voleur-dhistoires\/le-voleur-dhistoires-4\/\" data-orig-file=\"https:\/\/i0.wp.com\/www.jojoenherbe.com\/wp-content\/uploads\/2021\/03\/Le-voleur-dhistoires-4-scaled.jpg?fit=2560%2C1762\" data-orig-size=\"2560,1762\" data-comments-opened=\"1\" data-image-meta=\"{&quot;aperture&quot;:&quot;1.8&quot;,&quot;credit&quot;:&quot;&quot;,&quot;camera&quot;:&quot;iPhone 7&quot;,&quot;caption&quot;:&quot;&quot;,&quot;created_timestamp&quot;:&quot;1614679180&quot;,&quot;copyright&quot;:&quot;&quot;,&quot;focal_length&quot;:&quot;3.99&quot;,&quot;iso&quot;:&quot;100&quot;,&quot;shutter_speed&quot;:&quot;0.071428571428571&quot;,&quot;title&quot;:&quot;&quot;,&quot;orientation&quot;:&quot;1&quot;}\" data-image-title=\"Le voleur d&amp;rsquo;histoires 4\" data-image-description=\"\" data-image-caption=\"\" data-large-file=\"https:\/\/i0.wp.com\/www.jojoenherbe.com\/wp-content\/uploads\/2021\/03\/Le-voleur-dhistoires-4-scaled.jpg?fit=676%2C465\" class=\"alignleft size-thumbnail wp-image-16164\" src=\"https:\/\/i0.wp.com\/www.jojoenherbe.com\/wp-content\/uploads\/2021\/03\/Le-voleur-dhistoires-4.jpg?resize=150%2C150\" alt=\"\" width=\"150\" height=\"150\" srcset=\"https:\/\/i0.wp.com\/www.jojoenherbe.com\/wp-content\/uploads\/2021\/03\/Le-voleur-dhistoires-4-scaled.jpg?resize=150%2C150 150w, https:\/\/i0.wp.com\/www.jojoenherbe.com\/wp-content\/uploads\/2021\/03\/Le-voleur-dhistoires-4-scaled.jpg?zoom=2&amp;resize=150%2C150 300w, https:\/\/i0.wp.com\/www.jojoenherbe.com\/wp-content\/uploads\/2021\/03\/Le-voleur-dhistoires-4-scaled.jpg?zoom=3&amp;resize=150%2C150 450w\" sizes=\"auto, (max-width: 150px) 100vw, 150px\" \/><\/a>Nous lisons <span style=\"text-decoration: underline;\">Le voleur d&rsquo;histoires<\/span> de Graham Carter (\u00e9d. Kimane, f\u00e9vrier 2021, 36 pages), un album jeunesse \u00e0 partir de 3 ans. Alors qu&rsquo;elle se rend par bateau avec son p\u00e8re \u00e0 la biblioth\u00e8que, Olivia, une petite fille perd un de ses livres dans l&rsquo;eau. Ce livre r\u00e9veille un poulpe g\u00e9ant qui n&rsquo;a de cesse alors de vouloir comprendre ce qu&rsquo;est un livre. Sur l&rsquo;\u00eele, les livres commencent tous \u00e0 \u00eatre vol\u00e9s, tant ceux des humains que ceux des animaux (m\u00eame ceux des macareux po\u00e8tes!). S&rsquo;inspirant des histoires qu&rsquo;elle a lues, Olivia part \u00e0 la recherche du voleur d&rsquo;histoires. <\/em><\/p>\n<p style=\"text-align: justify;\"><em><a href=\"https:\/\/i0.wp.com\/www.jojoenherbe.com\/wp-content\/uploads\/2021\/03\/Le-voleur-dhistoires-7-scaled.jpg\"><img data-recalc-dims=\"1\" loading=\"lazy\" decoding=\"async\" data-attachment-id=\"16167\" data-permalink=\"http:\/\/www.jojoenherbe.com\/index.php\/2021\/03\/02\/au-fil-des-pages-avec-le-voleur-dhistoires\/le-voleur-dhistoires-7\/\" data-orig-file=\"https:\/\/i0.wp.com\/www.jojoenherbe.com\/wp-content\/uploads\/2021\/03\/Le-voleur-dhistoires-7-scaled.jpg?fit=2560%2C1920\" data-orig-size=\"2560,1920\" data-comments-opened=\"1\" data-image-meta=\"{&quot;aperture&quot;:&quot;1.8&quot;,&quot;credit&quot;:&quot;&quot;,&quot;camera&quot;:&quot;iPhone 7&quot;,&quot;caption&quot;:&quot;&quot;,&quot;created_timestamp&quot;:&quot;1614682103&quot;,&quot;copyright&quot;:&quot;&quot;,&quot;focal_length&quot;:&quot;3.99&quot;,&quot;iso&quot;:&quot;100&quot;,&quot;shutter_speed&quot;:&quot;0.071428571428571&quot;,&quot;title&quot;:&quot;&quot;,&quot;orientation&quot;:&quot;1&quot;}\" data-image-title=\"Le voleur d&amp;rsquo;histoires 7\" data-image-description=\"\" data-image-caption=\"\" data-large-file=\"https:\/\/i0.wp.com\/www.jojoenherbe.com\/wp-content\/uploads\/2021\/03\/Le-voleur-dhistoires-7-scaled.jpg?fit=676%2C507\" class=\"size-thumbnail wp-image-16167 alignright\" src=\"https:\/\/i0.wp.com\/www.jojoenherbe.com\/wp-content\/uploads\/2021\/03\/Le-voleur-dhistoires-7.jpg?resize=150%2C150\" alt=\"\" width=\"150\" height=\"150\" srcset=\"https:\/\/i0.wp.com\/www.jojoenherbe.com\/wp-content\/uploads\/2021\/03\/Le-voleur-dhistoires-7-scaled.jpg?resize=150%2C150 150w, https:\/\/i0.wp.com\/www.jojoenherbe.com\/wp-content\/uploads\/2021\/03\/Le-voleur-dhistoires-7-scaled.jpg?zoom=2&amp;resize=150%2C150 300w, https:\/\/i0.wp.com\/www.jojoenherbe.com\/wp-content\/uploads\/2021\/03\/Le-voleur-dhistoires-7-scaled.jpg?zoom=3&amp;resize=150%2C150 450w\" sizes=\"auto, (max-width: 150px) 100vw, 150px\" \/><\/a> <a href=\"https:\/\/i0.wp.com\/www.jojoenherbe.com\/wp-content\/uploads\/2021\/03\/Le-voleur-dhistoires-8-scaled.jpg\"><img data-recalc-dims=\"1\" loading=\"lazy\" decoding=\"async\" data-attachment-id=\"16168\" data-permalink=\"http:\/\/www.jojoenherbe.com\/index.php\/2021\/03\/02\/au-fil-des-pages-avec-le-voleur-dhistoires\/le-voleur-dhistoires-8\/\" data-orig-file=\"https:\/\/i0.wp.com\/www.jojoenherbe.com\/wp-content\/uploads\/2021\/03\/Le-voleur-dhistoires-8-scaled.jpg?fit=1920%2C2560\" data-orig-size=\"1920,2560\" data-comments-opened=\"1\" data-image-meta=\"{&quot;aperture&quot;:&quot;1.8&quot;,&quot;credit&quot;:&quot;&quot;,&quot;camera&quot;:&quot;iPhone 7&quot;,&quot;caption&quot;:&quot;&quot;,&quot;created_timestamp&quot;:&quot;1614682182&quot;,&quot;copyright&quot;:&quot;&quot;,&quot;focal_length&quot;:&quot;3.99&quot;,&quot;iso&quot;:&quot;100&quot;,&quot;shutter_speed&quot;:&quot;0.11111111111111&quot;,&quot;title&quot;:&quot;&quot;,&quot;orientation&quot;:&quot;1&quot;}\" data-image-title=\"Le voleur d&amp;rsquo;histoires 8\" data-image-description=\"\" data-image-caption=\"\" data-large-file=\"https:\/\/i0.wp.com\/www.jojoenherbe.com\/wp-content\/uploads\/2021\/03\/Le-voleur-dhistoires-8-scaled.jpg?fit=676%2C901\" class=\"size-thumbnail wp-image-16168 alignright\" src=\"https:\/\/i0.wp.com\/www.jojoenherbe.com\/wp-content\/uploads\/2021\/03\/Le-voleur-dhistoires-8.jpg?resize=150%2C150\" alt=\"\" width=\"150\" height=\"150\" srcset=\"https:\/\/i0.wp.com\/www.jojoenherbe.com\/wp-content\/uploads\/2021\/03\/Le-voleur-dhistoires-8-scaled.jpg?resize=150%2C150 150w, https:\/\/i0.wp.com\/www.jojoenherbe.com\/wp-content\/uploads\/2021\/03\/Le-voleur-dhistoires-8-scaled.jpg?zoom=2&amp;resize=150%2C150 300w, https:\/\/i0.wp.com\/www.jojoenherbe.com\/wp-content\/uploads\/2021\/03\/Le-voleur-dhistoires-8-scaled.jpg?zoom=3&amp;resize=150%2C150 450w\" sizes=\"auto, (max-width: 150px) 100vw, 150px\" \/><\/a>En d\u00e9couvrant le livre, le poulpe nous rappelle l&rsquo;\u00e2ne de <a href=\"http:\/\/www.jojoenherbe.com\/index.php\/2019\/01\/24\/au-fil-des-pages-avec-cest-un-petit-livre\/\"><span style=\"text-decoration: underline;\">C\u2019est un petit livre<\/span><\/a> de Lane Smith (\u00e9d. Gallimard Jeunesse, 2017). L&rsquo;histoire est magnifiquement illustr\u00e9e et aborde le plaisir de lire et la transmission du go\u00fbt de la lecture. Une petite dose d&rsquo;enqu\u00eate \u00e0 la Sherlock Holmes, d&rsquo;aventures fa\u00e7on pirate et exploratrice des fonds marins! <\/em><em>Il y a m\u00eame une petite pause gourmande avec un livre \u00e0 la main et aussi des illustrations renvoyant aux contes traditionnels et m\u00eame \u00e0 l&rsquo;album pr\u00e9c\u00e9dent de l&rsquo;auteur, <span style=\"text-decoration: underline;\">Otto Blotter, Ornithologue-explorateur<\/span>. Sans oublier de l&rsquo;amiti\u00e9 et une vocation toute trouv\u00e9e pour le poulpe amateur de livres. <\/em><em>Coup de c\u0153ur pour cet album jeunesse qui plaira \u00e0 tous les passionn\u00e9s (en herbe ou non) des livres!<\/em><\/p>\n<div id=\"attachment_27684\" style=\"width: 128px\" class=\"wp-caption alignleft\"><img data-recalc-dims=\"1\" loading=\"lazy\" decoding=\"async\" aria-describedby=\"caption-attachment-27684\" class=\"wp-image-27684\" src=\"https:\/\/i0.wp.com\/www.myloubook.com\/wp-content\/uploads\/2021\/02\/IMG-20210211-WA0006.jpg?resize=118%2C118\" sizes=\"auto, (max-width: 500px) 100vw, 500px\" srcset=\"http:\/\/www.myloubook.com\/wp-content\/uploads\/2021\/02\/IMG-20210211-WA0006.jpg 500w, http:\/\/www.myloubook.com\/wp-content\/uploads\/2021\/02\/IMG-20210211-WA0006-150x150.jpg 150w, http:\/\/www.myloubook.com\/wp-content\/uploads\/2021\/02\/IMG-20210211-WA0006-300x300.jpg 300w\" alt=\"\" width=\"118\" height=\"118\" \/><p id=\"caption-attachment-27684\" class=\"wp-caption-text\">Participation #3 Challenge British Mysteries de <a href=\"https:\/\/lelivroblog.wordpress.com\/2021\/02\/16\/british-mysteries-month-2021-le-programme\/\">Hilde<\/a> et <a href=\"https:\/\/lelivroblog.wordpress.com\/2021\/02\/16\/british-mysteries-month-2021-le-programme\/\">Lou<\/a> #British Mysteries Month 2021<\/p><\/div>\n<div id=\"attachment_27626\" style=\"width: 128px\" class=\"wp-caption alignleft\"><img data-recalc-dims=\"1\" loading=\"lazy\" decoding=\"async\" aria-describedby=\"caption-attachment-27626\" data-attachment-id=\"27626\" data-permalink=\"http:\/\/www.jojoenherbe.com\/index.php\/2022\/09\/15\/au-fil-des-pages-avec-graines-de-sable\/graines-de-sable-4\/\" data-orig-file=\"https:\/\/i0.wp.com\/www.jojoenherbe.com\/wp-content\/uploads\/2022\/09\/Graines-de-sable-4-scaled.jpg?fit=2560%2C1792\" data-orig-size=\"2560,1792\" data-comments-opened=\"1\" data-image-meta=\"{&quot;aperture&quot;:&quot;1.8&quot;,&quot;credit&quot;:&quot;&quot;,&quot;camera&quot;:&quot;iPhone 7&quot;,&quot;caption&quot;:&quot;&quot;,&quot;created_timestamp&quot;:&quot;1663171585&quot;,&quot;copyright&quot;:&quot;&quot;,&quot;focal_length&quot;:&quot;3.99&quot;,&quot;iso&quot;:&quot;100&quot;,&quot;shutter_speed&quot;:&quot;0.071428571428571&quot;,&quot;title&quot;:&quot;&quot;,&quot;orientation&quot;:&quot;1&quot;}\" data-image-title=\"Graines de sable 4\" data-image-description=\"\" data-image-caption=\"\" data-large-file=\"https:\/\/i0.wp.com\/www.jojoenherbe.com\/wp-content\/uploads\/2022\/09\/Graines-de-sable-4-scaled.jpg?fit=676%2C473\" class=\"wp-image-27626\" src=\"https:\/\/i0.wp.com\/www.myloubook.com\/wp-content\/uploads\/2021\/01\/Logo-A-year-in-England-02.png?resize=118%2C118\" sizes=\"auto, (max-width: 2160px) 100vw, 2160px\" srcset=\"http:\/\/www.myloubook.com\/wp-content\/uploads\/2021\/01\/Logo-A-year-in-England-02.png 2160w, http:\/\/www.myloubook.com\/wp-content\/uploads\/2021\/01\/Logo-A-year-in-England-02-150x150.png 150w, http:\/\/www.myloubook.com\/wp-content\/uploads\/2021\/01\/Logo-A-year-in-England-02-300x300.png 300w, http:\/\/www.myloubook.com\/wp-content\/uploads\/2021\/01\/Logo-A-year-in-England-02-768x768.png 768w, http:\/\/www.myloubook.com\/wp-content\/uploads\/2021\/01\/Logo-A-year-in-England-02-1024x1024.png 1024w, http:\/\/www.myloubook.com\/wp-content\/uploads\/2021\/01\/Logo-A-year-in-England-02-640x640.png 640w\" alt=\"\" width=\"118\" height=\"118\" \/><p id=\"caption-attachment-27626\" class=\"wp-caption-text\">Participation #3 Challenge A year in England pour les 10 ans du Mois Anglais de <a href=\"http:\/\/www.myloubook.com\/2021\/01\/30\/challenge-a-year-in-england-pour-les-10-ans-du-mois-anglais\/\">Lou<\/a>, <a href=\"https:\/\/plaisirsacultiver.com\/2021\/01\/30\/challenge-a-year-in-england-pour-les-10-ans-du-mois-anglais\/\">Titine<\/a> et <a href=\"http:\/\/cryssilda.canalblog.com\/archives\/2021\/01\/30\/38788358.html\">Cryssilda<\/a> #Album jeunesse<\/p><\/div>\n<div style=\"width: 135px\" class=\"wp-caption alignleft\"><img data-recalc-dims=\"1\" loading=\"lazy\" decoding=\"async\" class=\"nonealign widthoriginal\" src=\"https:\/\/i0.wp.com\/p4.storage.canalblog.com\/40\/68\/1394281\/128273873.png?resize=125%2C91&#038;ssl=1\" alt=\"\" width=\"125\" height=\"91\" border=\"0\" \/><p class=\"wp-caption-text\">Participation #23 Challenge Des livres (et des \u00e9crans) en cuisine de <a href=\"https:\/\/mapetitemediatheque.fr\/2020\/12\/des-livres-et-des-ecrans-en-cuisine-2021\/\">Bidib<\/a> et <a href=\"http:\/\/croquerlespages.canalblog.com\/archives\/2020\/12\/20\/38715076.html\">Fondant<\/a><\/p><\/div>\n<div id=\"attachment_10219\" style=\"width: 103px\" class=\"wp-caption alignleft\"><img loading=\"lazy\" decoding=\"async\" aria-describedby=\"caption-attachment-10219\" data-attachment-id=\"10219\" data-permalink=\"http:\/\/www.jojoenherbe.com\/index.php\/2020\/03\/02\/au-fil-des-pages-avec-lievre-et-ours-sous-la-neige\/lievre-et-ours-sous-la-neige\/\" data-orig-file=\"https:\/\/i0.wp.com\/www.jojoenherbe.com\/wp-content\/uploads\/2020\/03\/Li%C3%A8vre-et-Ours-sous-la-neige-scaled.jpg?fit=2560%2C1892\" data-orig-size=\"2560,1892\" data-comments-opened=\"1\" data-image-meta=\"{&quot;aperture&quot;:&quot;2.4&quot;,&quot;credit&quot;:&quot;&quot;,&quot;camera&quot;:&quot;iPhone 4S&quot;,&quot;caption&quot;:&quot;&quot;,&quot;created_timestamp&quot;:&quot;1583147305&quot;,&quot;copyright&quot;:&quot;&quot;,&quot;focal_length&quot;:&quot;4.28&quot;,&quot;iso&quot;:&quot;640&quot;,&quot;shutter_speed&quot;:&quot;0.066666666666667&quot;,&quot;title&quot;:&quot;&quot;,&quot;orientation&quot;:&quot;1&quot;}\" data-image-title=\"Li\u00e8vre et Ours, sous la neige\" data-image-description=\"\" data-image-caption=\"\" data-large-file=\"https:\/\/i0.wp.com\/www.jojoenherbe.com\/wp-content\/uploads\/2020\/03\/Li%C3%A8vre-et-Ours-sous-la-neige-scaled.jpg?fit=676%2C500\" class=\"wp-image-10219\" src=\"https:\/\/i2.wp.com\/mapetitemediatheque.fr\/wp-content\/uploads\/2018\/11\/challenge-contes-et-l\u00e9gendes.jpg?resize=131%2C164\" sizes=\"auto, (max-width: 343px) 100vw, 343px\" srcset=\"https:\/\/i2.wp.com\/mapetitemediatheque.fr\/wp-content\/uploads\/2018\/11\/challenge-contes-et-l\u00e9gendes.jpg?resize=131%2C164 343w, http:\/\/mapetitemediatheque.fr\/wp-content\/uploads\/2018\/11\/challenge-contes-et-l\u00e9gendes-239x300.jpg 239w\" alt=\"\" width=\"93\" height=\"116\" aria-describedby=\"caption-attachment-10219\" data-attachment-id=\"10219\" data-permalink=\"http:\/\/www.jojoenherbe.com\/index.php\/2020\/03\/02\/au-fil-des-pages-avec-lievre-et-ours-sous-la-neige\/lievre-et-ours-sous-la-neige\/\" data-orig-file=\"https:\/\/i1.wp.com\/www.jojoenherbe.com\/wp-content\/uploads\/2020\/03\/Li\u00e8vre-et-Ours-sous-la-neige-scaled.jpg?fit=2560%2C1892\" data-orig-size=\"2560,1892\" data-comments-opened=\"1\" data-image-meta=\"{&quot;aperture&quot;:&quot;2.4&quot;,&quot;credit&quot;:&quot;&quot;,&quot;camera&quot;:&quot;iPhone 4S&quot;,&quot;caption&quot;:&quot;&quot;,&quot;created_timestamp&quot;:&quot;1583147305&quot;,&quot;copyright&quot;:&quot;&quot;,&quot;focal_length&quot;:&quot;4.28&quot;,&quot;iso&quot;:&quot;640&quot;,&quot;shutter_speed&quot;:&quot;0.066666666666667&quot;,&quot;title&quot;:&quot;&quot;,&quot;orientation&quot;:&quot;1&quot;}\" data-image-title=\"Li\u00e8vre et Ours, sous la neige\" data-image-description=\"\" data-medium-file=\"https:\/\/i1.wp.com\/www.jojoenherbe.com\/wp-content\/uploads\/2020\/03\/Li\u00e8vre-et-Ours-sous-la-neige-scaled.jpg?fit=300%2C222\" data-large-file=\"https:\/\/i1.wp.com\/www.jojoenherbe.com\/wp-content\/uploads\/2020\/03\/Li\u00e8vre-et-Ours-sous-la-neige-scaled.jpg?fit=676%2C500\" data-recalc-dims=\"1\" \/><p id=\"caption-attachment-10219\" class=\"wp-caption-text\">Participation #23 au Challenge Contes &amp; L\u00e9gendes 2021 de <a href=\"https:\/\/mapetitemediatheque.fr\/2020\/12\/challenge-contes-legendes-2021\/\">Bidib<\/a><\/p><\/div>\n","protected":false},"excerpt":{"rendered":"<p>Nous lisons Le voleur d&rsquo;histoires de Graham Carter (\u00e9d. Kimane, f\u00e9vrier 2021, 36 pages), un album jeunesse \u00e0 partir de 3 ans. Alors qu&rsquo;elle se rend par bateau avec son p\u00e8re \u00e0 la biblioth\u00e8que, Olivia, une petite fille perd un de ses livres dans l&rsquo;eau. Ce livre r\u00e9veille un poulpe g\u00e9ant qui n&rsquo;a de cesse [&hellip;]<\/p>\n","protected":false},"author":1,"featured_media":16162,"comment_status":"open","ping_status":"open","sticky":false,"template":"","format":"standard","meta":{"jetpack_post_was_ever_published":false,"_jetpack_newsletter_access":"","_jetpack_dont_email_post_to_subs":false,"_jetpack_newsletter_tier_id":0,"_jetpack_memberships_contains_paywalled_content":false,"_jetpack_memberships_contains_paid_content":false,"footnotes":""},"categories":[363],"tags":[785,2226,409,601,1532,2254,2027,2020,245,2019,1555,914,2257,2256,735,1676,367,382,956,2243,738,2255,1236],"class_list":["post-16157","post","type-post","status-publish","format-standard","has-post-thumbnail","hentry","category-mini-lecteur","tag-3-6-ans","tag-a-year-in-england-2021","tag-albums-jeunesse","tag-aventure","tag-bateau","tag-british-mysteries-month-2021","tag-challenge-british-mysteries-2021","tag-challenge-contes-et-legendes-2021","tag-contes","tag-des-livres-et-des-ecrans-en-cuisine-2021","tag-detective","tag-enquete","tag-explorateur","tag-graham-carter","tag-histoires","tag-ile","tag-lecture-jeunesse","tag-livres","tag-petite-fille","tag-pirate","tag-plaisir-de-lire","tag-poulpe","tag-vol","post-preview"],"jetpack_featured_media_url":"https:\/\/i0.wp.com\/www.jojoenherbe.com\/wp-content\/uploads\/2021\/03\/Le-voleur-dhistoires-2-scaled.jpg?fit=2560%2C1920","jetpack_sharing_enabled":true,"jetpack_shortlink":"https:\/\/wp.me\/p9zhGx-4cB","jetpack_likes_enabled":true,"jetpack-related-posts":[{"id":38553,"url":"http:\/\/www.jojoenherbe.com\/index.php\/2025\/03\/06\/throwback-thursday-livresque-un-livre-sur-la-couverture\/","url_meta":{"origin":16157,"position":0},"title":"Throwback Thursday Livresque: Un livre sur la couverture","author":"Jojo","date":"6 mars 2025","format":false,"excerpt":"Ce jeudi 6 mars 2025, je participe au Throwback Thursday Livresque, un rendez-vous livresque initialement chez Bettie Rose Books et repris depuis par Carole, les liens \u00e9tant \u00e0 d\u00e9poser chez My-Bo0ks. Le principe est de partager chaque jeudi un livre en fonction d\u2019un th\u00e8me donn\u00e9. Cette semaine, le th\u00e8me est\u2026","rel":"","context":"Dans &quot;Mini blogueur&quot;","block_context":{"text":"Mini blogueur","link":"http:\/\/www.jojoenherbe.com\/index.php\/category\/mini-blogueur\/"},"img":{"alt_text":"","src":"https:\/\/i0.wp.com\/www.jojoenherbe.com\/wp-content\/uploads\/2023\/10\/TTL-logo.jpg?resize=350%2C200","width":350,"height":200},"classes":[]},{"id":16424,"url":"http:\/\/www.jojoenherbe.com\/index.php\/2021\/03\/12\/au-fil-des-pages-avec-le-livre-de-charlie\/","url_meta":{"origin":16157,"position":1},"title":"Au fil des pages avec Le livre de Charlie","author":"Jojo","date":"12 mars 2021","format":false,"excerpt":"Nous empruntons \u00e0 la m\u00e9diath\u00e8que Le livre de Charlie de Julia Donaldson et Axel Scheffler (\u00e9d. Autrement Jeunesse, 2006), un album jeunesse \u00e0 partir de 3 ans. Charlie, un jeune gar\u00e7on est en train de lire une histoire de pirate naufrag\u00e9 qui d\u00e9couvre dans un coffre un tr\u00e9sor un livre\u2026","rel":"","context":"Dans &quot;Mini lecteur&quot;","block_context":{"text":"Mini lecteur","link":"http:\/\/www.jojoenherbe.com\/index.php\/category\/mini-lecteur\/"},"img":{"alt_text":"","src":"https:\/\/i0.wp.com\/www.jojoenherbe.com\/wp-content\/uploads\/2021\/03\/Le-livre-de-Charlie-3-scaled.jpg?fit=1200%2C900&resize=350%2C200","width":350,"height":200,"srcset":"https:\/\/i0.wp.com\/www.jojoenherbe.com\/wp-content\/uploads\/2021\/03\/Le-livre-de-Charlie-3-scaled.jpg?fit=1200%2C900&resize=350%2C200 1x, https:\/\/i0.wp.com\/www.jojoenherbe.com\/wp-content\/uploads\/2021\/03\/Le-livre-de-Charlie-3-scaled.jpg?fit=1200%2C900&resize=525%2C300 1.5x, https:\/\/i0.wp.com\/www.jojoenherbe.com\/wp-content\/uploads\/2021\/03\/Le-livre-de-Charlie-3-scaled.jpg?fit=1200%2C900&resize=700%2C400 2x, https:\/\/i0.wp.com\/www.jojoenherbe.com\/wp-content\/uploads\/2021\/03\/Le-livre-de-Charlie-3-scaled.jpg?fit=1200%2C900&resize=1050%2C600 3x"},"classes":[]},{"id":16087,"url":"http:\/\/www.jojoenherbe.com\/index.php\/2021\/02\/26\/nos-lectures-pirates-2021\/","url_meta":{"origin":16157,"position":2},"title":"Nos lectures \u00ab\u00a0Pirates\u00a0\u00bb 2021","author":"Jojo","date":"26 f\u00e9vrier 2021","format":false,"excerpt":"Depuis un certain temps, nous lisons et relisons beaucoup d'histoires de pirates. Alors j'ai eu envie de compiler nos lectures dans un m\u00eame billet qui sera actualis\u00e9 au fur-et-\u00e0-mesure de nos lectures. Des albums jeunesse: Z\u00e9phir de Quentin Gr\u00e9ban (\u00e9d. Mijade, 2008, r\u00e9\u00e9d. 2017), un album jeunesse \u00e0 partir de\u2026","rel":"","context":"Dans &quot;Mini lecteur&quot;","block_context":{"text":"Mini lecteur","link":"http:\/\/www.jojoenherbe.com\/index.php\/category\/mini-lecteur\/"},"img":{"alt_text":"","src":"https:\/\/i0.wp.com\/www.jojoenherbe.com\/wp-content\/uploads\/2021\/02\/Nos-lectures-Pirates-2-scaled.jpg?fit=1200%2C900&resize=350%2C200","width":350,"height":200,"srcset":"https:\/\/i0.wp.com\/www.jojoenherbe.com\/wp-content\/uploads\/2021\/02\/Nos-lectures-Pirates-2-scaled.jpg?fit=1200%2C900&resize=350%2C200 1x, https:\/\/i0.wp.com\/www.jojoenherbe.com\/wp-content\/uploads\/2021\/02\/Nos-lectures-Pirates-2-scaled.jpg?fit=1200%2C900&resize=525%2C300 1.5x, https:\/\/i0.wp.com\/www.jojoenherbe.com\/wp-content\/uploads\/2021\/02\/Nos-lectures-Pirates-2-scaled.jpg?fit=1200%2C900&resize=700%2C400 2x, https:\/\/i0.wp.com\/www.jojoenherbe.com\/wp-content\/uploads\/2021\/02\/Nos-lectures-Pirates-2-scaled.jpg?fit=1200%2C900&resize=1050%2C600 3x"},"classes":[]},{"id":15493,"url":"http:\/\/www.jojoenherbe.com\/index.php\/2021\/03\/01\/notre-mois-bloguesque-de-fevrier-2021\/","url_meta":{"origin":16157,"position":3},"title":"Notre mois bloguesque de f\u00e9vrier 2021","author":"Jojo","date":"1 mars 2021","format":false,"excerpt":"Comme le mois dernier, voici un petit retour bloguesque sur f\u00e9vrier 2021 avec encore une fois beaucoup de lectures. Nous avons continu\u00e9 nos lectures hivernales et nous y avons ajout\u00e9 nos lectures autour du carnaval avec un coup de coeur pour Le carnaval de l'ogre de Catherine Tamain et Marjorie\u2026","rel":"","context":"Dans &quot;Mini blogueur&quot;","block_context":{"text":"Mini blogueur","link":"http:\/\/www.jojoenherbe.com\/index.php\/category\/mini-blogueur\/"},"img":{"alt_text":"","src":"https:\/\/i0.wp.com\/www.jojoenherbe.com\/wp-content\/uploads\/2021\/02\/Fevrier-2021-scaled.jpg?fit=1200%2C826&resize=350%2C200","width":350,"height":200,"srcset":"https:\/\/i0.wp.com\/www.jojoenherbe.com\/wp-content\/uploads\/2021\/02\/Fevrier-2021-scaled.jpg?fit=1200%2C826&resize=350%2C200 1x, https:\/\/i0.wp.com\/www.jojoenherbe.com\/wp-content\/uploads\/2021\/02\/Fevrier-2021-scaled.jpg?fit=1200%2C826&resize=525%2C300 1.5x, https:\/\/i0.wp.com\/www.jojoenherbe.com\/wp-content\/uploads\/2021\/02\/Fevrier-2021-scaled.jpg?fit=1200%2C826&resize=700%2C400 2x, https:\/\/i0.wp.com\/www.jojoenherbe.com\/wp-content\/uploads\/2021\/02\/Fevrier-2021-scaled.jpg?fit=1200%2C826&resize=1050%2C600 3x"},"classes":[]},{"id":27216,"url":"http:\/\/www.jojoenherbe.com\/index.php\/2022\/08\/21\/au-fil-des-pages-avec-letrange-mystere-du-lac-perdu\/","url_meta":{"origin":16157,"position":4},"title":"Au fil des pages avec L&rsquo;\u00e9trange myst\u00e8re du lac perdu","author":"Jojo","date":"21 ao\u00fbt 2022","format":false,"excerpt":"Nous lisons et relisons L\u2019\u00e9trange myst\u00e8re du lac perdu de Paddy Donnely (\u00e9d. Kimane, 2022), un album jeunesse \u00e0 partir de 3 ans. En Irlande du Nord, Ella va chez son grand-p\u00e8re qui vit au bord du lac Loughareema avec la loutre Cara. Un \u00e9trange myst\u00e8re entoure ce lac qui\u2026","rel":"","context":"Dans &quot;Mini lecteur&quot;","block_context":{"text":"Mini lecteur","link":"http:\/\/www.jojoenherbe.com\/index.php\/category\/mini-lecteur\/"},"img":{"alt_text":"","src":"https:\/\/i0.wp.com\/www.jojoenherbe.com\/wp-content\/uploads\/2022\/08\/Letrange-mystere-du-lac-perdu-2-scaled.jpg?fit=1200%2C923&resize=350%2C200","width":350,"height":200,"srcset":"https:\/\/i0.wp.com\/www.jojoenherbe.com\/wp-content\/uploads\/2022\/08\/Letrange-mystere-du-lac-perdu-2-scaled.jpg?fit=1200%2C923&resize=350%2C200 1x, https:\/\/i0.wp.com\/www.jojoenherbe.com\/wp-content\/uploads\/2022\/08\/Letrange-mystere-du-lac-perdu-2-scaled.jpg?fit=1200%2C923&resize=525%2C300 1.5x, https:\/\/i0.wp.com\/www.jojoenherbe.com\/wp-content\/uploads\/2022\/08\/Letrange-mystere-du-lac-perdu-2-scaled.jpg?fit=1200%2C923&resize=700%2C400 2x, https:\/\/i0.wp.com\/www.jojoenherbe.com\/wp-content\/uploads\/2022\/08\/Letrange-mystere-du-lac-perdu-2-scaled.jpg?fit=1200%2C923&resize=1050%2C600 3x"},"classes":[]},{"id":22599,"url":"http:\/\/www.jojoenherbe.com\/index.php\/2021\/11\/18\/au-fil-des-pages-avec-le-tome-3-de-la-famille-vieillepierre\/","url_meta":{"origin":16157,"position":5},"title":"Au fil des pages avec le tome 3 de La famille Vieillepierre","author":"Jojo","date":"18 novembre 2021","format":false,"excerpt":"Nous lisons le tome 3 de La famille Vieillepierre, Le voyage de Ka\u00ef de Joe Todd-Stanton (\u00e9d. Sarbacane, 2020), une BD jeunesse \u00e0 partir de 5\/6 ans. Apr\u00e8s les l\u00e9gendes islandaises dans le tome 1, Arthur et la corde magique et \u00e9gyptiennes dans le tome 2, Lucie et l'\u00e9nigme du\u2026","rel":"","context":"Dans &quot;Mini lecteur&quot;","block_context":{"text":"Mini lecteur","link":"http:\/\/www.jojoenherbe.com\/index.php\/category\/mini-lecteur\/"},"img":{"alt_text":"","src":"https:\/\/i0.wp.com\/www.jojoenherbe.com\/wp-content\/uploads\/2021\/10\/La-famille-Vieillepierre-T3-scaled.jpg?fit=1200%2C990&resize=350%2C200","width":350,"height":200,"srcset":"https:\/\/i0.wp.com\/www.jojoenherbe.com\/wp-content\/uploads\/2021\/10\/La-famille-Vieillepierre-T3-scaled.jpg?fit=1200%2C990&resize=350%2C200 1x, https:\/\/i0.wp.com\/www.jojoenherbe.com\/wp-content\/uploads\/2021\/10\/La-famille-Vieillepierre-T3-scaled.jpg?fit=1200%2C990&resize=525%2C300 1.5x, https:\/\/i0.wp.com\/www.jojoenherbe.com\/wp-content\/uploads\/2021\/10\/La-famille-Vieillepierre-T3-scaled.jpg?fit=1200%2C990&resize=700%2C400 2x, https:\/\/i0.wp.com\/www.jojoenherbe.com\/wp-content\/uploads\/2021\/10\/La-famille-Vieillepierre-T3-scaled.jpg?fit=1200%2C990&resize=1050%2C600 3x"},"classes":[]}],"_links":{"self":[{"href":"http:\/\/www.jojoenherbe.com\/index.php\/wp-json\/wp\/v2\/posts\/16157","targetHints":{"allow":["GET"]}}],"collection":[{"href":"http:\/\/www.jojoenherbe.com\/index.php\/wp-json\/wp\/v2\/posts"}],"about":[{"href":"http:\/\/www.jojoenherbe.com\/index.php\/wp-json\/wp\/v2\/types\/post"}],"author":[{"embeddable":true,"href":"http:\/\/www.jojoenherbe.com\/index.php\/wp-json\/wp\/v2\/users\/1"}],"replies":[{"embeddable":true,"href":"http:\/\/www.jojoenherbe.com\/index.php\/wp-json\/wp\/v2\/comments?post=16157"}],"version-history":[{"count":3,"href":"http:\/\/www.jojoenherbe.com\/index.php\/wp-json\/wp\/v2\/posts\/16157\/revisions"}],"predecessor-version":[{"id":38556,"href":"http:\/\/www.jojoenherbe.com\/index.php\/wp-json\/wp\/v2\/posts\/16157\/revisions\/38556"}],"wp:featuredmedia":[{"embeddable":true,"href":"http:\/\/www.jojoenherbe.com\/index.php\/wp-json\/wp\/v2\/media\/16162"}],"wp:attachment":[{"href":"http:\/\/www.jojoenherbe.com\/index.php\/wp-json\/wp\/v2\/media?parent=16157"}],"wp:term":[{"taxonomy":"category","embeddable":true,"href":"http:\/\/www.jojoenherbe.com\/index.php\/wp-json\/wp\/v2\/categories?post=16157"},{"taxonomy":"post_tag","embeddable":true,"href":"http:\/\/www.jojoenherbe.com\/index.php\/wp-json\/wp\/v2\/tags?post=16157"}],"curies":[{"name":"wp","href":"https:\/\/api.w.org\/{rel}","templated":true}]}}