{"id":16016,"date":"2021-04-23T11:17:00","date_gmt":"2021-04-23T09:17:00","guid":{"rendered":"http:\/\/www.jojoenherbe.com\/?p=16016"},"modified":"2022-08-08T16:56:13","modified_gmt":"2022-08-08T14:56:13","slug":"au-fil-des-pages-avec-entre-neige-et-loup","status":"publish","type":"post","link":"http:\/\/www.jojoenherbe.com\/index.php\/2021\/04\/23\/au-fil-des-pages-avec-entre-neige-et-loup\/","title":{"rendered":"Au fil des pages avec Entre neige et loup"},"content":{"rendered":"<p style=\"text-align: justify;\"><em><a href=\"https:\/\/i0.wp.com\/www.jojoenherbe.com\/wp-content\/uploads\/2021\/04\/Entre-Neige-et-Loup-2-scaled.jpg\"><img data-recalc-dims=\"1\" loading=\"lazy\" decoding=\"async\" data-attachment-id=\"17781\" data-permalink=\"http:\/\/www.jojoenherbe.com\/index.php\/2021\/04\/23\/nos-lectures-en-haikus\/entre-neige-et-loup-2-2\/\" data-orig-file=\"https:\/\/i0.wp.com\/www.jojoenherbe.com\/wp-content\/uploads\/2021\/04\/Entre-Neige-et-Loup-2-scaled.jpg?fit=2560%2C1920\" data-orig-size=\"2560,1920\" data-comments-opened=\"1\" data-image-meta=\"{&quot;aperture&quot;:&quot;1.8&quot;,&quot;credit&quot;:&quot;&quot;,&quot;camera&quot;:&quot;iPhone 7&quot;,&quot;caption&quot;:&quot;&quot;,&quot;created_timestamp&quot;:&quot;1619172562&quot;,&quot;copyright&quot;:&quot;&quot;,&quot;focal_length&quot;:&quot;3.99&quot;,&quot;iso&quot;:&quot;100&quot;,&quot;shutter_speed&quot;:&quot;0.076923076923077&quot;,&quot;title&quot;:&quot;&quot;,&quot;orientation&quot;:&quot;1&quot;}\" data-image-title=\"Entre Neige et Loup 2\" data-image-description=\"\" data-image-caption=\"\" data-large-file=\"https:\/\/i0.wp.com\/www.jojoenherbe.com\/wp-content\/uploads\/2021\/04\/Entre-Neige-et-Loup-2-scaled.jpg?fit=676%2C507\" class=\"alignleft size-thumbnail wp-image-17781\" src=\"https:\/\/i0.wp.com\/www.jojoenherbe.com\/wp-content\/uploads\/2021\/04\/Entre-Neige-et-Loup-2.jpg?resize=150%2C150\" alt=\"\" width=\"150\" height=\"150\" srcset=\"https:\/\/i0.wp.com\/www.jojoenherbe.com\/wp-content\/uploads\/2021\/04\/Entre-Neige-et-Loup-2-scaled.jpg?resize=150%2C150 150w, https:\/\/i0.wp.com\/www.jojoenherbe.com\/wp-content\/uploads\/2021\/04\/Entre-Neige-et-Loup-2-scaled.jpg?zoom=2&amp;resize=150%2C150 300w, https:\/\/i0.wp.com\/www.jojoenherbe.com\/wp-content\/uploads\/2021\/04\/Entre-Neige-et-Loup-2-scaled.jpg?zoom=3&amp;resize=150%2C150 450w\" sizes=\"auto, (max-width: 150px) 100vw, 150px\" \/><\/a> <a href=\"https:\/\/i0.wp.com\/www.jojoenherbe.com\/wp-content\/uploads\/2021\/04\/Entre-Neige-et-Loup-6-scaled.jpg\"><img data-recalc-dims=\"1\" loading=\"lazy\" decoding=\"async\" data-attachment-id=\"17790\" data-permalink=\"http:\/\/www.jojoenherbe.com\/index.php\/2021\/04\/23\/au-fil-des-pages-avec-entre-neige-et-loup\/entre-neige-et-loup-6\/\" data-orig-file=\"https:\/\/i0.wp.com\/www.jojoenherbe.com\/wp-content\/uploads\/2021\/04\/Entre-Neige-et-Loup-6-scaled.jpg?fit=2560%2C1920\" data-orig-size=\"2560,1920\" data-comments-opened=\"1\" data-image-meta=\"{&quot;aperture&quot;:&quot;1.8&quot;,&quot;credit&quot;:&quot;&quot;,&quot;camera&quot;:&quot;iPhone 7&quot;,&quot;caption&quot;:&quot;&quot;,&quot;created_timestamp&quot;:&quot;1619174360&quot;,&quot;copyright&quot;:&quot;&quot;,&quot;focal_length&quot;:&quot;3.99&quot;,&quot;iso&quot;:&quot;100&quot;,&quot;shutter_speed&quot;:&quot;0.076923076923077&quot;,&quot;title&quot;:&quot;&quot;,&quot;orientation&quot;:&quot;1&quot;}\" data-image-title=\"Entre Neige et Loup 6\" data-image-description=\"\" data-image-caption=\"\" data-large-file=\"https:\/\/i0.wp.com\/www.jojoenherbe.com\/wp-content\/uploads\/2021\/04\/Entre-Neige-et-Loup-6-scaled.jpg?fit=676%2C507\" class=\"alignleft size-thumbnail wp-image-17790\" src=\"https:\/\/i0.wp.com\/www.jojoenherbe.com\/wp-content\/uploads\/2021\/04\/Entre-Neige-et-Loup-6.jpg?resize=150%2C150\" alt=\"\" width=\"150\" height=\"150\" srcset=\"https:\/\/i0.wp.com\/www.jojoenherbe.com\/wp-content\/uploads\/2021\/04\/Entre-Neige-et-Loup-6-scaled.jpg?resize=150%2C150 150w, https:\/\/i0.wp.com\/www.jojoenherbe.com\/wp-content\/uploads\/2021\/04\/Entre-Neige-et-Loup-6-scaled.jpg?zoom=2&amp;resize=150%2C150 300w, https:\/\/i0.wp.com\/www.jojoenherbe.com\/wp-content\/uploads\/2021\/04\/Entre-Neige-et-Loup-6-scaled.jpg?zoom=3&amp;resize=150%2C150 450w\" sizes=\"auto, (max-width: 150px) 100vw, 150px\" \/><\/a>D\u00e9j\u00e0 en janvier 2020 puis encore cette ann\u00e9e, en f\u00e9vrier, j&rsquo;ai lu <span style=\"text-decoration: underline;\">Entre Neige et Loup<\/span> d&rsquo;Agn\u00e8s Domergue et H\u00e9l\u00e8ne Canac (\u00e9d. Jungle, 2019), une BD jeunesse \u00e0 partir de 7 ans. Je ne prends qu&rsquo;aujourd&rsquo;hui le temps d&rsquo;en parler dans un billet, tout en ayant pris plaisir \u00e0 le relire une nouvelle fois &#8211; une lecture un peu diff\u00e9rente car empreinte de tout ce que j&rsquo;ai pu lire ces derni\u00e8res semaines sur le folklore japonais et faisant ainsi r\u00e9sonner plus distinctement l&rsquo;\u00e9pigraphe de la BD, un c\u00e9l\u00e8bre ha\u00efku de Matsuo Bash\u00f4.<\/em><\/p>\n<p style=\"text-align: justify;\"><em><a href=\"https:\/\/i0.wp.com\/www.jojoenherbe.com\/wp-content\/uploads\/2021\/04\/Entre-Neige-et-Loup-7-scaled.jpg\"><img data-recalc-dims=\"1\" loading=\"lazy\" decoding=\"async\" data-attachment-id=\"17791\" data-permalink=\"http:\/\/www.jojoenherbe.com\/index.php\/2021\/04\/23\/au-fil-des-pages-avec-entre-neige-et-loup\/entre-neige-et-loup-7\/\" data-orig-file=\"https:\/\/i0.wp.com\/www.jojoenherbe.com\/wp-content\/uploads\/2021\/04\/Entre-Neige-et-Loup-7-scaled.jpg?fit=2560%2C1920\" data-orig-size=\"2560,1920\" data-comments-opened=\"1\" data-image-meta=\"{&quot;aperture&quot;:&quot;1.8&quot;,&quot;credit&quot;:&quot;&quot;,&quot;camera&quot;:&quot;iPhone 7&quot;,&quot;caption&quot;:&quot;&quot;,&quot;created_timestamp&quot;:&quot;1619174423&quot;,&quot;copyright&quot;:&quot;&quot;,&quot;focal_length&quot;:&quot;3.99&quot;,&quot;iso&quot;:&quot;100&quot;,&quot;shutter_speed&quot;:&quot;0.071428571428571&quot;,&quot;title&quot;:&quot;&quot;,&quot;orientation&quot;:&quot;1&quot;}\" data-image-title=\"Entre Neige et Loup 7\" data-image-description=\"\" data-image-caption=\"\" data-large-file=\"https:\/\/i0.wp.com\/www.jojoenherbe.com\/wp-content\/uploads\/2021\/04\/Entre-Neige-et-Loup-7-scaled.jpg?fit=676%2C507\" class=\"size-thumbnail wp-image-17791 alignright\" src=\"https:\/\/i0.wp.com\/www.jojoenherbe.com\/wp-content\/uploads\/2021\/04\/Entre-Neige-et-Loup-7.jpg?resize=150%2C150\" alt=\"\" width=\"150\" height=\"150\" srcset=\"https:\/\/i0.wp.com\/www.jojoenherbe.com\/wp-content\/uploads\/2021\/04\/Entre-Neige-et-Loup-7-scaled.jpg?resize=150%2C150 150w, https:\/\/i0.wp.com\/www.jojoenherbe.com\/wp-content\/uploads\/2021\/04\/Entre-Neige-et-Loup-7-scaled.jpg?zoom=2&amp;resize=150%2C150 300w, https:\/\/i0.wp.com\/www.jojoenherbe.com\/wp-content\/uploads\/2021\/04\/Entre-Neige-et-Loup-7-scaled.jpg?zoom=3&amp;resize=150%2C150 450w\" sizes=\"auto, (max-width: 150px) 100vw, 150px\" \/><\/a> <a href=\"https:\/\/i0.wp.com\/www.jojoenherbe.com\/wp-content\/uploads\/2021\/04\/Entre-Neige-et-Loup-4-scaled.jpg\"><img data-recalc-dims=\"1\" loading=\"lazy\" decoding=\"async\" data-attachment-id=\"17783\" data-permalink=\"http:\/\/www.jojoenherbe.com\/index.php\/2021\/04\/23\/nos-lectures-en-haikus\/entre-neige-et-loup-4\/\" data-orig-file=\"https:\/\/i0.wp.com\/www.jojoenherbe.com\/wp-content\/uploads\/2021\/04\/Entre-Neige-et-Loup-4-scaled.jpg?fit=2560%2C1920\" data-orig-size=\"2560,1920\" data-comments-opened=\"1\" data-image-meta=\"{&quot;aperture&quot;:&quot;1.8&quot;,&quot;credit&quot;:&quot;&quot;,&quot;camera&quot;:&quot;iPhone 7&quot;,&quot;caption&quot;:&quot;&quot;,&quot;created_timestamp&quot;:&quot;1619172614&quot;,&quot;copyright&quot;:&quot;&quot;,&quot;focal_length&quot;:&quot;3.99&quot;,&quot;iso&quot;:&quot;100&quot;,&quot;shutter_speed&quot;:&quot;0.071428571428571&quot;,&quot;title&quot;:&quot;&quot;,&quot;orientation&quot;:&quot;1&quot;}\" data-image-title=\"Entre Neige et Loup 4\" data-image-description=\"\" data-image-caption=\"\" data-large-file=\"https:\/\/i0.wp.com\/www.jojoenherbe.com\/wp-content\/uploads\/2021\/04\/Entre-Neige-et-Loup-4-scaled.jpg?fit=676%2C507\" class=\"size-thumbnail wp-image-17783 alignright\" src=\"https:\/\/i0.wp.com\/www.jojoenherbe.com\/wp-content\/uploads\/2021\/04\/Entre-Neige-et-Loup-4.jpg?resize=150%2C150\" alt=\"\" width=\"150\" height=\"150\" srcset=\"https:\/\/i0.wp.com\/www.jojoenherbe.com\/wp-content\/uploads\/2021\/04\/Entre-Neige-et-Loup-4-scaled.jpg?resize=150%2C150 150w, https:\/\/i0.wp.com\/www.jojoenherbe.com\/wp-content\/uploads\/2021\/04\/Entre-Neige-et-Loup-4-scaled.jpg?zoom=2&amp;resize=150%2C150 300w, https:\/\/i0.wp.com\/www.jojoenherbe.com\/wp-content\/uploads\/2021\/04\/Entre-Neige-et-Loup-4-scaled.jpg?zoom=3&amp;resize=150%2C150 450w\" sizes=\"auto, (max-width: 150px) 100vw, 150px\" \/><\/a>\u00c9lev\u00e9e par son p\u00e8re, Lila vit cloitr\u00e9e dans sa maison, sur une \u00eele enneig\u00e9e. Depuis son plus jeune \u00e2ge, son p\u00e8re la prot\u00e8ge d\u2019une mal\u00e9diction et d\u2019un d\u00e9mon. Un jour qu\u2019il s\u2019absente plus longuement, Lila l\u2019imagine d\u00e9j\u00e0 prisonnier du d\u00e9mon et d\u00e9cide de partir \u00e0 sa recherche. Accompagn\u00e9e de son chat Bambou et de ses deux grenouilles, Mochi et Moshi, la jeune fille d\u00e9couvre alors une for\u00eat endormie sous la neige, peupl\u00e9e de jizos \u00e9nigmatiques et d\u2019un loup blanc. Et si en retrouvant son p\u00e8re elle en apprenait plus sur sa m\u00e8re?<\/em><\/p>\n<p style=\"text-align: justify;\"><em><a href=\"https:\/\/i0.wp.com\/www.jojoenherbe.com\/wp-content\/uploads\/2021\/04\/Entre-Neige-et-Loup-3-scaled.jpg\"><img data-recalc-dims=\"1\" loading=\"lazy\" decoding=\"async\" data-attachment-id=\"17782\" data-permalink=\"http:\/\/www.jojoenherbe.com\/index.php\/2021\/04\/23\/nos-lectures-en-haikus\/entre-neige-et-loup-3\/\" data-orig-file=\"https:\/\/i0.wp.com\/www.jojoenherbe.com\/wp-content\/uploads\/2021\/04\/Entre-Neige-et-Loup-3-scaled.jpg?fit=1920%2C2560\" data-orig-size=\"1920,2560\" data-comments-opened=\"1\" data-image-meta=\"{&quot;aperture&quot;:&quot;1.8&quot;,&quot;credit&quot;:&quot;&quot;,&quot;camera&quot;:&quot;iPhone 7&quot;,&quot;caption&quot;:&quot;&quot;,&quot;created_timestamp&quot;:&quot;1619172586&quot;,&quot;copyright&quot;:&quot;&quot;,&quot;focal_length&quot;:&quot;3.99&quot;,&quot;iso&quot;:&quot;100&quot;,&quot;shutter_speed&quot;:&quot;0.090909090909091&quot;,&quot;title&quot;:&quot;&quot;,&quot;orientation&quot;:&quot;1&quot;}\" data-image-title=\"Entre Neige et Loup 3\" data-image-description=\"\" data-image-caption=\"\" data-large-file=\"https:\/\/i0.wp.com\/www.jojoenherbe.com\/wp-content\/uploads\/2021\/04\/Entre-Neige-et-Loup-3-scaled.jpg?fit=676%2C901\" class=\"alignleft size-thumbnail wp-image-17782\" src=\"https:\/\/i0.wp.com\/www.jojoenherbe.com\/wp-content\/uploads\/2021\/04\/Entre-Neige-et-Loup-3.jpg?resize=150%2C150\" alt=\"\" width=\"150\" height=\"150\" srcset=\"https:\/\/i0.wp.com\/www.jojoenherbe.com\/wp-content\/uploads\/2021\/04\/Entre-Neige-et-Loup-3-scaled.jpg?resize=150%2C150 150w, https:\/\/i0.wp.com\/www.jojoenherbe.com\/wp-content\/uploads\/2021\/04\/Entre-Neige-et-Loup-3-scaled.jpg?zoom=2&amp;resize=150%2C150 300w, https:\/\/i0.wp.com\/www.jojoenherbe.com\/wp-content\/uploads\/2021\/04\/Entre-Neige-et-Loup-3-scaled.jpg?zoom=3&amp;resize=150%2C150 450w\" sizes=\"auto, (max-width: 150px) 100vw, 150px\" \/><\/a> <a href=\"https:\/\/i0.wp.com\/www.jojoenherbe.com\/wp-content\/uploads\/2021\/04\/Entre-Neige-et-Loup-5-scaled.jpg\"><img data-recalc-dims=\"1\" loading=\"lazy\" decoding=\"async\" data-attachment-id=\"17784\" data-permalink=\"http:\/\/www.jojoenherbe.com\/index.php\/2021\/04\/23\/nos-lectures-en-haikus\/entre-neige-et-loup-5\/\" data-orig-file=\"https:\/\/i0.wp.com\/www.jojoenherbe.com\/wp-content\/uploads\/2021\/04\/Entre-Neige-et-Loup-5-scaled.jpg?fit=2560%2C1920\" data-orig-size=\"2560,1920\" data-comments-opened=\"1\" data-image-meta=\"{&quot;aperture&quot;:&quot;1.8&quot;,&quot;credit&quot;:&quot;&quot;,&quot;camera&quot;:&quot;iPhone 7&quot;,&quot;caption&quot;:&quot;&quot;,&quot;created_timestamp&quot;:&quot;1619172498&quot;,&quot;copyright&quot;:&quot;&quot;,&quot;focal_length&quot;:&quot;3.99&quot;,&quot;iso&quot;:&quot;100&quot;,&quot;shutter_speed&quot;:&quot;0.1&quot;,&quot;title&quot;:&quot;&quot;,&quot;orientation&quot;:&quot;1&quot;}\" data-image-title=\"Entre Neige et Loup 5\" data-image-description=\"\" data-image-caption=\"\" data-large-file=\"https:\/\/i0.wp.com\/www.jojoenherbe.com\/wp-content\/uploads\/2021\/04\/Entre-Neige-et-Loup-5-scaled.jpg?fit=676%2C507\" class=\"alignleft size-thumbnail wp-image-17784\" src=\"https:\/\/i0.wp.com\/www.jojoenherbe.com\/wp-content\/uploads\/2021\/04\/Entre-Neige-et-Loup-5.jpg?resize=150%2C150\" alt=\"\" width=\"150\" height=\"150\" srcset=\"https:\/\/i0.wp.com\/www.jojoenherbe.com\/wp-content\/uploads\/2021\/04\/Entre-Neige-et-Loup-5-scaled.jpg?resize=150%2C150 150w, https:\/\/i0.wp.com\/www.jojoenherbe.com\/wp-content\/uploads\/2021\/04\/Entre-Neige-et-Loup-5-scaled.jpg?zoom=2&amp;resize=150%2C150 300w, https:\/\/i0.wp.com\/www.jojoenherbe.com\/wp-content\/uploads\/2021\/04\/Entre-Neige-et-Loup-5-scaled.jpg?zoom=3&amp;resize=150%2C150 450w\" sizes=\"auto, (max-width: 150px) 100vw, 150px\" \/><\/a>L&rsquo;histoire, certes classique, est po\u00e9tique, douce et d&rsquo;une candeur enfantine, notamment dans la relation de Lila avec ses animaux de compagnie et dans sa d\u00e9couverte du monde. Les magnifiques illustrations d&rsquo;H\u00e9l\u00e8ne Canac accompagnent \u00e0 merveille la qu\u00eate initiatique de la jeune h\u00e9ro\u00efne, intr\u00e9pide et courageuse, qui se d\u00e9couvre des dons magiques. La recherche de son p\u00e8re lui permettra, en effet, de se souvenir de sa petite enfance avec sa m\u00e8re et d&rsquo;en apprendre plus sur l&rsquo;identit\u00e9 du d\u00e9mon. Son parcours n&rsquo;est pas sans emb\u00fbches et est fait de rencontres avec des jizos parlant en ha\u00efkus. <\/em><em>Nous sommes ainsi plong\u00e9s dans le monde de l&rsquo;enfance empreint du folklore japonais et rempli de myst\u00e8res, de magie et de Yoka\u00ef avec m\u00eame un Totoro en arri\u00e8re-plan d&rsquo;une case. <\/em><\/p>\n<p style=\"text-align: justify;\"><em>Sous une intrigue fantastique, il est aussi question, au travers de la relation parent\/enfant, du fait de grandir pour un enfant et pour le parent de l&rsquo;accompagner dans cette autonomie avec son lot d&rsquo;erreurs et de succ\u00e8s tant pour l&rsquo;enfant que pour le parent. <\/em><em>Un tr\u00e8s bon moment de lecture avec cette BD jeunesse fantastique qui ravira les jeunes lecteurs!<br \/>\n<\/em><\/p>\n<p><em>Pour d&rsquo;avis sur cette BD jeunesse: <a href=\"https:\/\/www.laplanquealibellules.fr\/2020\/12\/il-etait-huit-fois-noel-idees-lecture.html\/\">Chicky Poo<\/a> et <a href=\"https:\/\/lelivroblog.wordpress.com\/2021\/02\/03\/entre-neige-et-loup\/\">Hilde<\/a>.<\/em><\/p>\n<div style=\"width: 110px\" class=\"wp-caption alignleft\"><img loading=\"lazy\" decoding=\"async\" class=\"attachment-post-image  wp-post-image\" src=\"https:\/\/i2.wp.com\/www.jojoenherbe.com\/wp-content\/uploads\/2021\/03\/logo-Un-mois-au-Japon-2021.jpeg?fit=676%2C676\" sizes=\"auto, (max-width: 676px) 100vw, 676px\" srcset=\"https:\/\/i2.wp.com\/www.jojoenherbe.com\/wp-content\/uploads\/2021\/03\/logo-Un-mois-au-Japon-2021.jpeg?w=1108 1108w, https:\/\/i2.wp.com\/www.jojoenherbe.com\/wp-content\/uploads\/2021\/03\/logo-Un-mois-au-Japon-2021.jpeg?resize=300%2C300 300w, https:\/\/i2.wp.com\/www.jojoenherbe.com\/wp-content\/uploads\/2021\/03\/logo-Un-mois-au-Japon-2021.jpeg?resize=1024%2C1024 1024w, https:\/\/i2.wp.com\/www.jojoenherbe.com\/wp-content\/uploads\/2021\/03\/logo-Un-mois-au-Japon-2021.jpeg?resize=150%2C150 150w, https:\/\/i2.wp.com\/www.jojoenherbe.com\/wp-content\/uploads\/2021\/03\/logo-Un-mois-au-Japon-2021.jpeg?resize=768%2C768 768w, https:\/\/i2.wp.com\/www.jojoenherbe.com\/wp-content\/uploads\/2021\/03\/logo-Un-mois-au-Japon-2021.jpeg?resize=676%2C676 676w\" alt=\"\" width=\"100\" height=\"100\" data-attachment-id=\"16886\" data-permalink=\"http:\/\/www.jojoenherbe.com\/?attachment_id=16886\" data-orig-file=\"https:\/\/i2.wp.com\/www.jojoenherbe.com\/wp-content\/uploads\/2021\/03\/logo-Un-mois-au-Japon-2021.jpeg?fit=1108%2C1108\" data-orig-size=\"1108,1108\" data-comments-opened=\"1\" data-image-meta=\"{&quot;aperture&quot;:&quot;0&quot;,&quot;credit&quot;:&quot;&quot;,&quot;camera&quot;:&quot;&quot;,&quot;caption&quot;:&quot;&quot;,&quot;created_timestamp&quot;:&quot;0&quot;,&quot;copyright&quot;:&quot;&quot;,&quot;focal_length&quot;:&quot;0&quot;,&quot;iso&quot;:&quot;0&quot;,&quot;shutter_speed&quot;:&quot;0&quot;,&quot;title&quot;:&quot;&quot;,&quot;orientation&quot;:&quot;0&quot;}\" data-image-title=\"logo Un mois au Japon 2021\" data-image-description=\"\" data-medium-file=\"https:\/\/i2.wp.com\/www.jojoenherbe.com\/wp-content\/uploads\/2021\/03\/logo-Un-mois-au-Japon-2021.jpeg?fit=300%2C300\" data-large-file=\"https:\/\/i2.wp.com\/www.jojoenherbe.com\/wp-content\/uploads\/2021\/03\/logo-Un-mois-au-Japon-2021.jpeg?fit=676%2C676\" \/><p class=\"wp-caption-text\">Participation #21 Un mois au Japon 2021 de <a href=\"https:\/\/lelivroblog.wordpress.com\/2021\/03\/30\/challenge-un-mois-au-japon-2021\/\">Hilde<\/a> et <a href=\"http:\/\/www.myloubook.com\/2021\/03\/30\/un-mois-au-japon-2021-4e-edition\/\">Lou<\/a> #BD jeunesse<\/p><\/div>\n<div style=\"width: 134px\" class=\"wp-caption alignleft\"><img data-recalc-dims=\"1\" loading=\"lazy\" decoding=\"async\" class=\"attachment-boston-list-medium  wp-post-image\" src=\"https:\/\/i0.wp.com\/avenuereinemathilde.com\/wp-content\/uploads\/2020\/12\/Challenge-femmes-auteures_paysage-720x380.jpg?resize=124%2C65&#038;ssl=1\" alt=\"challenge 2021 lire au f\u00e9minin\" width=\"124\" height=\"65\" \/><p class=\"wp-caption-text\">Participation #27 au Challenge Lire au f\u00e9minin de <a href=\"https:\/\/avenuereinemathilde.com\/challenge-lire-au-feminin-2021\/\">Tiphanya<\/a> #Autrices\/Illustratrices europ\u00e9ennes<\/p><\/div>\n<div style=\"width: 117px\" class=\"wp-caption alignleft\"><img loading=\"lazy\" decoding=\"async\" class=\"\" src=\"https:\/\/lh3.googleusercontent.com\/pw\/ACtC-3eIuIHfDCWnQjrbP_Gttnq9qrZJ0sCLWnTR3GjIOIiC54aYp8f1rKz8fy3EJIYJcUrzUv3KnF-YnYTE-vhMmRU8myeq_V_5OYKPelcJ6I4-bD-P1SjmJYevXt0TGhPCpROfcXeg5SJ_4KvwWeBQfvsOWw=w285-h217-no?authuser=1\" alt=\"\" width=\"107\" height=\"81\" \/><p class=\"wp-caption-text\">Challenge Petit Bac d&rsquo;<a href=\"https:\/\/ennalit.wordpress.com\/2020\/12\/01\/challenge-petit-bac-2021-qui-veut-jouer\/\">Enna<\/a> #9 Cat\u00e9gorie M\u00e9t\u00e9o: \u00ab\u00a0Neige\u00a0\u00bb<\/p><\/div>\n<div id=\"attachment_10219\" style=\"width: 95px\" class=\"wp-caption alignleft\"><img loading=\"lazy\" decoding=\"async\" aria-describedby=\"caption-attachment-10219\" data-attachment-id=\"10219\" data-permalink=\"http:\/\/www.jojoenherbe.com\/index.php\/2020\/03\/02\/au-fil-des-pages-avec-lievre-et-ours-sous-la-neige\/lievre-et-ours-sous-la-neige\/\" data-orig-file=\"https:\/\/i0.wp.com\/www.jojoenherbe.com\/wp-content\/uploads\/2020\/03\/Li%C3%A8vre-et-Ours-sous-la-neige-scaled.jpg?fit=2560%2C1892\" data-orig-size=\"2560,1892\" data-comments-opened=\"1\" data-image-meta=\"{&quot;aperture&quot;:&quot;2.4&quot;,&quot;credit&quot;:&quot;&quot;,&quot;camera&quot;:&quot;iPhone 4S&quot;,&quot;caption&quot;:&quot;&quot;,&quot;created_timestamp&quot;:&quot;1583147305&quot;,&quot;copyright&quot;:&quot;&quot;,&quot;focal_length&quot;:&quot;4.28&quot;,&quot;iso&quot;:&quot;640&quot;,&quot;shutter_speed&quot;:&quot;0.066666666666667&quot;,&quot;title&quot;:&quot;&quot;,&quot;orientation&quot;:&quot;1&quot;}\" data-image-title=\"Li\u00e8vre et Ours, sous la neige\" data-image-description=\"\" data-image-caption=\"\" data-large-file=\"https:\/\/i0.wp.com\/www.jojoenherbe.com\/wp-content\/uploads\/2020\/03\/Li%C3%A8vre-et-Ours-sous-la-neige-scaled.jpg?fit=676%2C500\" class=\"wp-image-10219\" src=\"https:\/\/i2.wp.com\/mapetitemediatheque.fr\/wp-content\/uploads\/2018\/11\/challenge-contes-et-l\u00e9gendes.jpg?resize=131%2C164\" sizes=\"auto, (max-width: 343px) 100vw, 343px\" srcset=\"https:\/\/i2.wp.com\/mapetitemediatheque.fr\/wp-content\/uploads\/2018\/11\/challenge-contes-et-l\u00e9gendes.jpg?resize=131%2C164 343w, http:\/\/mapetitemediatheque.fr\/wp-content\/uploads\/2018\/11\/challenge-contes-et-l\u00e9gendes-239x300.jpg 239w\" alt=\"\" width=\"85\" height=\"106\" aria-describedby=\"caption-attachment-10219\" data-attachment-id=\"10219\" data-permalink=\"http:\/\/www.jojoenherbe.com\/index.php\/2020\/03\/02\/au-fil-des-pages-avec-lievre-et-ours-sous-la-neige\/lievre-et-ours-sous-la-neige\/\" data-orig-file=\"https:\/\/i1.wp.com\/www.jojoenherbe.com\/wp-content\/uploads\/2020\/03\/Li\u00e8vre-et-Ours-sous-la-neige-scaled.jpg?fit=2560%2C1892\" data-orig-size=\"2560,1892\" data-comments-opened=\"1\" data-image-meta=\"{&quot;aperture&quot;:&quot;2.4&quot;,&quot;credit&quot;:&quot;&quot;,&quot;camera&quot;:&quot;iPhone 4S&quot;,&quot;caption&quot;:&quot;&quot;,&quot;created_timestamp&quot;:&quot;1583147305&quot;,&quot;copyright&quot;:&quot;&quot;,&quot;focal_length&quot;:&quot;4.28&quot;,&quot;iso&quot;:&quot;640&quot;,&quot;shutter_speed&quot;:&quot;0.066666666666667&quot;,&quot;title&quot;:&quot;&quot;,&quot;orientation&quot;:&quot;1&quot;}\" data-image-title=\"Li\u00e8vre et Ours, sous la neige\" data-image-description=\"\" data-medium-file=\"https:\/\/i1.wp.com\/www.jojoenherbe.com\/wp-content\/uploads\/2020\/03\/Li\u00e8vre-et-Ours-sous-la-neige-scaled.jpg?fit=300%2C222\" data-large-file=\"https:\/\/i1.wp.com\/www.jojoenherbe.com\/wp-content\/uploads\/2020\/03\/Li\u00e8vre-et-Ours-sous-la-neige-scaled.jpg?fit=676%2C500\" data-recalc-dims=\"1\" \/><p id=\"caption-attachment-10219\" class=\"wp-caption-text\">Participation #40 au Challenge Contes &amp; L\u00e9gendes 2021 de <a href=\"https:\/\/mapetitemediatheque.fr\/2020\/12\/challenge-contes-legendes-2021\/\">Bidib<\/a><\/p><\/div>\n<div style=\"width: 119px\" class=\"wp-caption alignleft\"><img data-recalc-dims=\"1\" loading=\"lazy\" decoding=\"async\" class=\"nonealign widthoriginal\" src=\"https:\/\/i0.wp.com\/p4.storage.canalblog.com\/40\/68\/1394281\/128273873.png?resize=109%2C79&#038;ssl=1\" alt=\"\" width=\"109\" height=\"79\" border=\"0\" \/><p class=\"wp-caption-text\">Participation #49 Challenge Des livres (et des \u00e9crans) en cuisine de <a href=\"https:\/\/mapetitemediatheque.fr\/2020\/12\/des-livres-et-des-ecrans-en-cuisine-2021\/\">Bidib<\/a> et <a href=\"http:\/\/croquerlespages.canalblog.com\/archives\/2020\/12\/20\/38715076.html\">Fondant<\/a><\/p><\/div>\n","protected":false},"excerpt":{"rendered":"<p>D\u00e9j\u00e0 en janvier 2020 puis encore cette ann\u00e9e, en f\u00e9vrier, j&rsquo;ai lu Entre Neige et Loup d&rsquo;Agn\u00e8s Domergue et H\u00e9l\u00e8ne Canac (\u00e9d. Jungle, 2019), une BD jeunesse \u00e0 partir de 7 ans. Je ne prends qu&rsquo;aujourd&rsquo;hui le temps d&rsquo;en parler dans un billet, tout en ayant pris plaisir \u00e0 le relire une nouvelle fois &#8211; [&hellip;]<\/p>\n","protected":false},"author":1,"featured_media":14763,"comment_status":"open","ping_status":"open","sticky":false,"template":"","format":"standard","meta":{"jetpack_post_was_ever_published":false,"_jetpack_newsletter_access":"","_jetpack_dont_email_post_to_subs":false,"_jetpack_newsletter_tier_id":0,"_jetpack_memberships_contains_paywalled_content":false,"_jetpack_memberships_contains_paid_content":false,"footnotes":""},"categories":[363],"tags":[790,1222,601,1226,2020,2018,2440,2438,2019,843,997,2236,2238,1676,367,1016,2237,775,2111,541,1594,543,641,2439,1275,1543,1409,1330,2035,2413],"class_list":["post-16016","post","type-post","status-publish","format-standard","has-post-thumbnail","hentry","category-mini-lecteur","tag-7-13-ans","tag-agnes-domergue","tag-aventure","tag-bd-jeunesse","tag-challenge-contes-et-legendes-2021","tag-challenge-petit-bac-2021","tag-cyle-des-saisons","tag-demon","tag-des-livres-et-des-ecrans-en-cuisine-2021","tag-fantastique","tag-froid","tag-haiku","tag-helene-canac","tag-ile","tag-lecture-jeunesse","tag-lectures-dhiver","tag-legende-japonaise","tag-legendes","tag-lire-au-feminin-2021","tag-loup","tag-malediction","tag-nature","tag-poesie","tag-promesse","tag-quete","tag-quete-initiatique","tag-relation-parent-enfant","tag-secrets-de-famille","tag-un-mois-au-japon-2021","tag-yokai","post-preview"],"jetpack_featured_media_url":"https:\/\/i0.wp.com\/www.jojoenherbe.com\/wp-content\/uploads\/2021\/01\/Entre-neige-et-loup-scaled.jpg?fit=2560%2C1879","jetpack_sharing_enabled":true,"jetpack_shortlink":"https:\/\/wp.me\/p9zhGx-4ak","jetpack_likes_enabled":true,"jetpack-related-posts":[{"id":32394,"url":"http:\/\/www.jojoenherbe.com\/index.php\/2023\/10\/04\/au-fil-des-pages-avec-dambre-et-de-feu\/","url_meta":{"origin":16016,"position":0},"title":"Au fil des pages avec D&rsquo;Ambre et de Feu","author":"Jojo","date":"4 octobre 2023","format":false,"excerpt":"Achet\u00e9 l'ann\u00e9e derni\u00e8re peu apr\u00e8s sa parution et ayant bien appr\u00e9ci\u00e9 Entre Neige et Loup, j'avais gard\u00e9 pour cet automne la lecture D\u2019Ambre et de Feu d\u2019Agn\u00e8s Domergue et H\u00e9l\u00e8ne Canac (\u00e9d. Jungle, septembre 2022, 93 pages), une BD jeunesse \u00e0 partir de 9 ans et une lecture commune avec\u2026","rel":"","context":"Dans &quot;Mini lecteur&quot;","block_context":{"text":"Mini lecteur","link":"http:\/\/www.jojoenherbe.com\/index.php\/category\/mini-lecteur\/"},"img":{"alt_text":"","src":"https:\/\/i0.wp.com\/www.jojoenherbe.com\/wp-content\/uploads\/2023\/09\/DAmbre-et-de-Feu-scaled.jpg?fit=1200%2C931&resize=350%2C200","width":350,"height":200,"srcset":"https:\/\/i0.wp.com\/www.jojoenherbe.com\/wp-content\/uploads\/2023\/09\/DAmbre-et-de-Feu-scaled.jpg?fit=1200%2C931&resize=350%2C200 1x, https:\/\/i0.wp.com\/www.jojoenherbe.com\/wp-content\/uploads\/2023\/09\/DAmbre-et-de-Feu-scaled.jpg?fit=1200%2C931&resize=525%2C300 1.5x, https:\/\/i0.wp.com\/www.jojoenherbe.com\/wp-content\/uploads\/2023\/09\/DAmbre-et-de-Feu-scaled.jpg?fit=1200%2C931&resize=700%2C400 2x, https:\/\/i0.wp.com\/www.jojoenherbe.com\/wp-content\/uploads\/2023\/09\/DAmbre-et-de-Feu-scaled.jpg?fit=1200%2C931&resize=1050%2C600 3x"},"classes":[]},{"id":17731,"url":"http:\/\/www.jojoenherbe.com\/index.php\/2021\/04\/23\/nos-lectures-en-haikus\/","url_meta":{"origin":16016,"position":1},"title":"Nos lectures en ha\u00efkus","author":"Jojo","date":"23 avril 2021","format":false,"excerpt":"Pour cette nouvelle journ\u00e9e du Mois au Japon 2021, j'avais envie de m'arr\u00eater sur la po\u00e9sie japonaise et les ha\u00efkus. En premi\u00e8re photo d'illustrations, j'en ai choisi sur le th\u00e8me printanier, avec bien s\u00fbr, les cerisiers en fleurs puisque nous sommes au printemps. J\u2019\u00e9cris des ha\u00efkus Pour en savoir plus\u2026","rel":"","context":"Dans &quot;Mini lecteur&quot;","block_context":{"text":"Mini lecteur","link":"http:\/\/www.jojoenherbe.com\/index.php\/category\/mini-lecteur\/"},"img":{"alt_text":"","src":"https:\/\/i0.wp.com\/www.jojoenherbe.com\/wp-content\/uploads\/2021\/04\/Nos-lectures-en-haikus-scaled.jpg?fit=1200%2C900&resize=350%2C200","width":350,"height":200,"srcset":"https:\/\/i0.wp.com\/www.jojoenherbe.com\/wp-content\/uploads\/2021\/04\/Nos-lectures-en-haikus-scaled.jpg?fit=1200%2C900&resize=350%2C200 1x, https:\/\/i0.wp.com\/www.jojoenherbe.com\/wp-content\/uploads\/2021\/04\/Nos-lectures-en-haikus-scaled.jpg?fit=1200%2C900&resize=525%2C300 1.5x, https:\/\/i0.wp.com\/www.jojoenherbe.com\/wp-content\/uploads\/2021\/04\/Nos-lectures-en-haikus-scaled.jpg?fit=1200%2C900&resize=700%2C400 2x, https:\/\/i0.wp.com\/www.jojoenherbe.com\/wp-content\/uploads\/2021\/04\/Nos-lectures-en-haikus-scaled.jpg?fit=1200%2C900&resize=1050%2C600 3x"},"classes":[]},{"id":14709,"url":"http:\/\/www.jojoenherbe.com\/index.php\/2021\/01\/02\/un-second-rat-post-noel-2020\/","url_meta":{"origin":16016,"position":2},"title":"Un second RAT post-No\u00ebl 2020","author":"Jojo","date":"2 janvier 2021","format":false,"excerpt":"Pour ce premier week-end de l'ann\u00e9e 2021, Chicky Poo et Samarian nous propose de cl\u00f4turer leur challenge Il \u00e9tait 8 fois No\u00ebl par un RAT post-No\u00ebl 2020. Dans notre PAL de ce week-end, nous avons encore quelques lectures de No\u00ebl, des relectures sur le th\u00e8me de la galette des rois\u2026","rel":"","context":"Dans &quot;Mini challenger&quot;","block_context":{"text":"Mini challenger","link":"http:\/\/www.jojoenherbe.com\/index.php\/category\/mini-challenger\/"},"img":{"alt_text":"","src":"https:\/\/i0.wp.com\/www.jojoenherbe.com\/wp-content\/uploads\/2021\/01\/PAL-2e-RAT-de-Noel-et-de-lhiver-scaled.jpg?fit=1200%2C851&resize=350%2C200","width":350,"height":200,"srcset":"https:\/\/i0.wp.com\/www.jojoenherbe.com\/wp-content\/uploads\/2021\/01\/PAL-2e-RAT-de-Noel-et-de-lhiver-scaled.jpg?fit=1200%2C851&resize=350%2C200 1x, https:\/\/i0.wp.com\/www.jojoenherbe.com\/wp-content\/uploads\/2021\/01\/PAL-2e-RAT-de-Noel-et-de-lhiver-scaled.jpg?fit=1200%2C851&resize=525%2C300 1.5x, https:\/\/i0.wp.com\/www.jojoenherbe.com\/wp-content\/uploads\/2021\/01\/PAL-2e-RAT-de-Noel-et-de-lhiver-scaled.jpg?fit=1200%2C851&resize=700%2C400 2x, https:\/\/i0.wp.com\/www.jojoenherbe.com\/wp-content\/uploads\/2021\/01\/PAL-2e-RAT-de-Noel-et-de-lhiver-scaled.jpg?fit=1200%2C851&resize=1050%2C600 3x"},"classes":[]},{"id":14897,"url":"http:\/\/www.jojoenherbe.com\/index.php\/2021\/01\/07\/nos-lectures-hivernales-2021\/","url_meta":{"origin":16016,"position":3},"title":"Nos lectures hivernales 2021","author":"Jojo","date":"7 janvier 2021","format":false,"excerpt":"Comme je l'avais fait pour l'automne dernier, je souhaite \u00e9galement regrouper sous un m\u00eame billet nos lectures hivernales commenc\u00e9es en d\u00e9cembre 2020. Ce billet sera ainsi actualis\u00e9 tout au long de cet hiver au gr\u00e9 de nos lectures sur ce th\u00e8me. Je ne reprends toutefois pas nos relectures de livres\u2026","rel":"","context":"Dans &quot;Mini lecteur&quot;","block_context":{"text":"Mini lecteur","link":"http:\/\/www.jojoenherbe.com\/index.php\/category\/mini-lecteur\/"},"img":{"alt_text":"","src":"https:\/\/i0.wp.com\/www.jojoenherbe.com\/wp-content\/uploads\/2021\/01\/Selection-Hiver-scaled.jpg?fit=1200%2C765&resize=350%2C200","width":350,"height":200,"srcset":"https:\/\/i0.wp.com\/www.jojoenherbe.com\/wp-content\/uploads\/2021\/01\/Selection-Hiver-scaled.jpg?fit=1200%2C765&resize=350%2C200 1x, https:\/\/i0.wp.com\/www.jojoenherbe.com\/wp-content\/uploads\/2021\/01\/Selection-Hiver-scaled.jpg?fit=1200%2C765&resize=525%2C300 1.5x, https:\/\/i0.wp.com\/www.jojoenherbe.com\/wp-content\/uploads\/2021\/01\/Selection-Hiver-scaled.jpg?fit=1200%2C765&resize=700%2C400 2x, https:\/\/i0.wp.com\/www.jojoenherbe.com\/wp-content\/uploads\/2021\/01\/Selection-Hiver-scaled.jpg?fit=1200%2C765&resize=1050%2C600 3x"},"classes":[]},{"id":20747,"url":"http:\/\/www.jojoenherbe.com\/index.php\/2021\/09\/17\/au-fil-des-pages-avec-le-loup-en-slip\/","url_meta":{"origin":16016,"position":4},"title":"Au fil des pages avec Le loup en slip","author":"Jojo","date":"17 septembre 2021","format":false,"excerpt":"Nous lisons Le loup en slip de Wilfrid Lupano, Mayanna Ito\u00efz et Paul Cauuet (\u00e9d. Dargaud, 2016, r\u00e9\u00e9d. 2018), une BD jeunesse \u00e0 partir de 5 ans et qui peut \u00eatre lu seul par des jeunes lecteurs sachant lire en \u00e9critures majuscules et qui n'en oublie pas le lecteur adulte\u2026","rel":"","context":"Dans &quot;Mini lecteur&quot;","block_context":{"text":"Mini lecteur","link":"http:\/\/www.jojoenherbe.com\/index.php\/category\/mini-lecteur\/"},"img":{"alt_text":"","src":"https:\/\/i0.wp.com\/www.jojoenherbe.com\/wp-content\/uploads\/2021\/09\/Le-loup-en-slip-1-scaled.jpg?fit=1200%2C796&resize=350%2C200","width":350,"height":200,"srcset":"https:\/\/i0.wp.com\/www.jojoenherbe.com\/wp-content\/uploads\/2021\/09\/Le-loup-en-slip-1-scaled.jpg?fit=1200%2C796&resize=350%2C200 1x, https:\/\/i0.wp.com\/www.jojoenherbe.com\/wp-content\/uploads\/2021\/09\/Le-loup-en-slip-1-scaled.jpg?fit=1200%2C796&resize=525%2C300 1.5x, https:\/\/i0.wp.com\/www.jojoenherbe.com\/wp-content\/uploads\/2021\/09\/Le-loup-en-slip-1-scaled.jpg?fit=1200%2C796&resize=700%2C400 2x, https:\/\/i0.wp.com\/www.jojoenherbe.com\/wp-content\/uploads\/2021\/09\/Le-loup-en-slip-1-scaled.jpg?fit=1200%2C796&resize=1050%2C600 3x"},"classes":[]},{"id":18906,"url":"http:\/\/www.jojoenherbe.com\/index.php\/2021\/06\/10\/au-fil-des-pages-avec-la-legende-de-la-vallee\/","url_meta":{"origin":16016,"position":5},"title":"Au fil des pages avec La l\u00e9gende de la vall\u00e9e","author":"Jojo","date":"10 juin 2021","format":false,"excerpt":"Attir\u00e9e par l'illustration de la couverture, j'ai emprunt\u00e9 \u00e0 la m\u00e9diath\u00e8que et lu La l\u00e9gende de la vall\u00e9e de Sol\u00e8ne Gaynecoetche et \u00c9ric D\u00e9siront (\u00e9d. Bilboquet, 2014), un album jeunesse \u00e0 partir de 5 ans. Une vall\u00e9e verdoyante est habit\u00e9e par de nombreux animaux mais aucun \u00eatre humain jusqu'au jour\u2026","rel":"","context":"Dans &quot;Mini lecteur&quot;","block_context":{"text":"Mini lecteur","link":"http:\/\/www.jojoenherbe.com\/index.php\/category\/mini-lecteur\/"},"img":{"alt_text":"","src":"https:\/\/i0.wp.com\/www.jojoenherbe.com\/wp-content\/uploads\/2021\/06\/La-legende-de-la-vallee-scaled.jpg?fit=1200%2C900&resize=350%2C200","width":350,"height":200,"srcset":"https:\/\/i0.wp.com\/www.jojoenherbe.com\/wp-content\/uploads\/2021\/06\/La-legende-de-la-vallee-scaled.jpg?fit=1200%2C900&resize=350%2C200 1x, https:\/\/i0.wp.com\/www.jojoenherbe.com\/wp-content\/uploads\/2021\/06\/La-legende-de-la-vallee-scaled.jpg?fit=1200%2C900&resize=525%2C300 1.5x, https:\/\/i0.wp.com\/www.jojoenherbe.com\/wp-content\/uploads\/2021\/06\/La-legende-de-la-vallee-scaled.jpg?fit=1200%2C900&resize=700%2C400 2x, https:\/\/i0.wp.com\/www.jojoenherbe.com\/wp-content\/uploads\/2021\/06\/La-legende-de-la-vallee-scaled.jpg?fit=1200%2C900&resize=1050%2C600 3x"},"classes":[]}],"_links":{"self":[{"href":"http:\/\/www.jojoenherbe.com\/index.php\/wp-json\/wp\/v2\/posts\/16016","targetHints":{"allow":["GET"]}}],"collection":[{"href":"http:\/\/www.jojoenherbe.com\/index.php\/wp-json\/wp\/v2\/posts"}],"about":[{"href":"http:\/\/www.jojoenherbe.com\/index.php\/wp-json\/wp\/v2\/types\/post"}],"author":[{"embeddable":true,"href":"http:\/\/www.jojoenherbe.com\/index.php\/wp-json\/wp\/v2\/users\/1"}],"replies":[{"embeddable":true,"href":"http:\/\/www.jojoenherbe.com\/index.php\/wp-json\/wp\/v2\/comments?post=16016"}],"version-history":[{"count":1,"href":"http:\/\/www.jojoenherbe.com\/index.php\/wp-json\/wp\/v2\/posts\/16016\/revisions"}],"predecessor-version":[{"id":26918,"href":"http:\/\/www.jojoenherbe.com\/index.php\/wp-json\/wp\/v2\/posts\/16016\/revisions\/26918"}],"wp:featuredmedia":[{"embeddable":true,"href":"http:\/\/www.jojoenherbe.com\/index.php\/wp-json\/wp\/v2\/media\/14763"}],"wp:attachment":[{"href":"http:\/\/www.jojoenherbe.com\/index.php\/wp-json\/wp\/v2\/media?parent=16016"}],"wp:term":[{"taxonomy":"category","embeddable":true,"href":"http:\/\/www.jojoenherbe.com\/index.php\/wp-json\/wp\/v2\/categories?post=16016"},{"taxonomy":"post_tag","embeddable":true,"href":"http:\/\/www.jojoenherbe.com\/index.php\/wp-json\/wp\/v2\/tags?post=16016"}],"curies":[{"name":"wp","href":"https:\/\/api.w.org\/{rel}","templated":true}]}}