{"id":15883,"date":"2021-02-19T14:35:30","date_gmt":"2021-02-19T13:35:30","guid":{"rendered":"http:\/\/www.jojoenherbe.com\/?p=15883"},"modified":"2021-03-27T11:49:48","modified_gmt":"2021-03-27T10:49:48","slug":"nos-lectures-sur-le-theme-du-carnaval-2021","status":"publish","type":"post","link":"http:\/\/www.jojoenherbe.com\/index.php\/2021\/02\/19\/nos-lectures-sur-le-theme-du-carnaval-2021\/","title":{"rendered":"Nos lectures sur le th\u00e8me du carnaval 2021"},"content":{"rendered":"<p style=\"text-align: justify;\"><em>Mardi-gras ayant eu lieu mardi 16 f\u00e9vrier 2021, nous avons commenc\u00e9 cette semaine nos lectures sur le th\u00e8me du carnaval. Ce billet sera actualis\u00e9 au fur-et-\u00e0-mesure de nos lectures.<\/em><\/p>\n<p><strong><em>Des albums jeunesse:<\/em><\/strong><\/p>\n<ul>\n<li style=\"text-align: justify;\"><em><a href=\"https:\/\/i0.wp.com\/www.jojoenherbe.com\/wp-content\/uploads\/2021\/02\/Loup-gris-se-deguise-scaled.jpg\"><img loading=\"lazy\" decoding=\"async\" data-attachment-id=\"15871\" data-permalink=\"http:\/\/www.jojoenherbe.com\/index.php\/2021\/02\/19\/au-fil-des-pages-avec-loup-gris-se-deguise\/loup-gris-se-deguise\/\" data-orig-file=\"https:\/\/i0.wp.com\/www.jojoenherbe.com\/wp-content\/uploads\/2021\/02\/Loup-gris-se-deguise-scaled.jpg?fit=2560%2C1920\" data-orig-size=\"2560,1920\" data-comments-opened=\"1\" data-image-meta=\"{&quot;aperture&quot;:&quot;1.8&quot;,&quot;credit&quot;:&quot;&quot;,&quot;camera&quot;:&quot;iPhone 7&quot;,&quot;caption&quot;:&quot;&quot;,&quot;created_timestamp&quot;:&quot;1596221181&quot;,&quot;copyright&quot;:&quot;&quot;,&quot;focal_length&quot;:&quot;3.99&quot;,&quot;iso&quot;:&quot;100&quot;,&quot;shutter_speed&quot;:&quot;0.071428571428571&quot;,&quot;title&quot;:&quot;&quot;,&quot;orientation&quot;:&quot;1&quot;}\" data-image-title=\"Loup gris se d\u00e9guise\" data-image-description=\"\" data-image-caption=\"\" data-large-file=\"https:\/\/i0.wp.com\/www.jojoenherbe.com\/wp-content\/uploads\/2021\/02\/Loup-gris-se-deguise-scaled.jpg?fit=676%2C507\" class=\"alignleft size-thumbnail wp-image-15871\" src=\"https:\/\/i2.wp.com\/www.jojoenherbe.com\/wp-content\/uploads\/2021\/02\/Loup-gris-se-deguise.jpg?resize=150%2C150\" sizes=\"auto, (max-width: 150px) 100vw, 150px\" srcset=\"https:\/\/i0.wp.com\/www.jojoenherbe.com\/wp-content\/uploads\/2021\/02\/Loup-gris-se-deguise-scaled.jpg?resize=150%2C150 150w, https:\/\/i0.wp.com\/www.jojoenherbe.com\/wp-content\/uploads\/2021\/02\/Loup-gris-se-deguise-scaled.jpg?zoom=2&amp;resize=150%2C150 300w, https:\/\/i0.wp.com\/www.jojoenherbe.com\/wp-content\/uploads\/2021\/02\/Loup-gris-se-deguise-scaled.jpg?zoom=3&amp;resize=150%2C150 450w\" alt=\"\" width=\"150\" height=\"150\" data-attachment-id=\"15871\" data-permalink=\"http:\/\/www.jojoenherbe.com\/index.php\/2021\/02\/19\/au-fil-des-pages-avec-loup-gris-se-deguise\/loup-gris-se-deguise\/\" data-orig-file=\"https:\/\/i0.wp.com\/www.jojoenherbe.com\/wp-content\/uploads\/2021\/02\/Loup-gris-se-deguise-scaled.jpg?fit=2560%2C1920\" data-orig-size=\"2560,1920\" data-comments-opened=\"1\" data-image-meta=\"{&quot;aperture&quot;:&quot;1.8&quot;,&quot;credit&quot;:&quot;&quot;,&quot;camera&quot;:&quot;iPhone 7&quot;,&quot;caption&quot;:&quot;&quot;,&quot;created_timestamp&quot;:&quot;1596221181&quot;,&quot;copyright&quot;:&quot;&quot;,&quot;focal_length&quot;:&quot;3.99&quot;,&quot;iso&quot;:&quot;100&quot;,&quot;shutter_speed&quot;:&quot;0.071428571428571&quot;,&quot;title&quot;:&quot;&quot;,&quot;orientation&quot;:&quot;1&quot;}\" data-image-title=\"Loup gris se d\u00e9guise\" data-image-description=\"\" data-medium-file=\"https:\/\/i0.wp.com\/www.jojoenherbe.com\/wp-content\/uploads\/2021\/02\/Loup-gris-se-deguise-scaled.jpg?fit=300%2C225\" data-large-file=\"https:\/\/i0.wp.com\/www.jojoenherbe.com\/wp-content\/uploads\/2021\/02\/Loup-gris-se-deguise-scaled.jpg?fit=676%2C507\" data-recalc-dims=\"1\" \/><\/a> <a href=\"https:\/\/i0.wp.com\/www.jojoenherbe.com\/wp-content\/uploads\/2021\/02\/Loup-gris-se-deguise-6.jpg\"><img loading=\"lazy\" decoding=\"async\" data-attachment-id=\"15884\" data-permalink=\"http:\/\/www.jojoenherbe.com\/index.php\/2021\/02\/19\/nos-lectures-sur-le-theme-du-carnaval-2021\/loup-gris-se-deguise-6\/\" data-orig-file=\"https:\/\/i0.wp.com\/www.jojoenherbe.com\/wp-content\/uploads\/2021\/02\/Loup-gris-se-deguise-6.jpg?fit=1468%2C1415\" data-orig-size=\"1468,1415\" data-comments-opened=\"1\" data-image-meta=\"{&quot;aperture&quot;:&quot;1.8&quot;,&quot;credit&quot;:&quot;&quot;,&quot;camera&quot;:&quot;iPhone 7&quot;,&quot;caption&quot;:&quot;&quot;,&quot;created_timestamp&quot;:&quot;1596221256&quot;,&quot;copyright&quot;:&quot;&quot;,&quot;focal_length&quot;:&quot;3.99&quot;,&quot;iso&quot;:&quot;80&quot;,&quot;shutter_speed&quot;:&quot;0.058823529411765&quot;,&quot;title&quot;:&quot;&quot;,&quot;orientation&quot;:&quot;1&quot;}\" data-image-title=\"Loup gris se d\u00e9guise 6\" data-image-description=\"\" data-image-caption=\"\" data-large-file=\"https:\/\/i0.wp.com\/www.jojoenherbe.com\/wp-content\/uploads\/2021\/02\/Loup-gris-se-deguise-6.jpg?fit=676%2C652\" class=\"alignleft size-thumbnail wp-image-15884\" src=\"https:\/\/i0.wp.com\/www.jojoenherbe.com\/wp-content\/uploads\/2021\/02\/Loup-gris-se-deguise-6.jpg?resize=150%2C150\" sizes=\"auto, (max-width: 150px) 100vw, 150px\" srcset=\"https:\/\/i0.wp.com\/www.jojoenherbe.com\/wp-content\/uploads\/2021\/02\/Loup-gris-se-deguise-6.jpg?resize=150%2C150 150w, https:\/\/i0.wp.com\/www.jojoenherbe.com\/wp-content\/uploads\/2021\/02\/Loup-gris-se-deguise-6.jpg?zoom=2&amp;resize=150%2C150 300w, https:\/\/i0.wp.com\/www.jojoenherbe.com\/wp-content\/uploads\/2021\/02\/Loup-gris-se-deguise-6.jpg?zoom=3&amp;resize=150%2C150 450w\" alt=\"\" width=\"150\" height=\"150\" data-attachment-id=\"15884\" data-permalink=\"http:\/\/www.jojoenherbe.com\/index.php\/2021\/02\/19\/nos-lectures-sur-le-theme-du-carnaval-2021\/loup-gris-se-deguise-6\/\" data-orig-file=\"https:\/\/i0.wp.com\/www.jojoenherbe.com\/wp-content\/uploads\/2021\/02\/Loup-gris-se-deguise-6.jpg?fit=1468%2C1415\" data-orig-size=\"1468,1415\" data-comments-opened=\"1\" data-image-meta=\"{&quot;aperture&quot;:&quot;1.8&quot;,&quot;credit&quot;:&quot;&quot;,&quot;camera&quot;:&quot;iPhone 7&quot;,&quot;caption&quot;:&quot;&quot;,&quot;created_timestamp&quot;:&quot;1596221256&quot;,&quot;copyright&quot;:&quot;&quot;,&quot;focal_length&quot;:&quot;3.99&quot;,&quot;iso&quot;:&quot;80&quot;,&quot;shutter_speed&quot;:&quot;0.058823529411765&quot;,&quot;title&quot;:&quot;&quot;,&quot;orientation&quot;:&quot;1&quot;}\" data-image-title=\"Loup gris se d\u00e9guise 6\" data-image-description=\"\" data-medium-file=\"https:\/\/i0.wp.com\/www.jojoenherbe.com\/wp-content\/uploads\/2021\/02\/Loup-gris-se-deguise-6.jpg?fit=300%2C289\" data-large-file=\"https:\/\/i0.wp.com\/www.jojoenherbe.com\/wp-content\/uploads\/2021\/02\/Loup-gris-se-deguise-6.jpg?fit=676%2C652\" data-recalc-dims=\"1\" \/><\/a>une relecture de l\u2019ann\u00e9e derni\u00e8re avec <a href=\"http:\/\/www.jojoenherbe.com\/index.php\/2021\/02\/19\/au-fil-des-pages-avec-loup-gris-se-deguise\/\"><span style=\"text-decoration: underline;\">Loup gris se d\u00e9guise<\/span><\/a> de Gilles Bizouerne et Ronan Badel (\u00e9d. Didier Jeunesse, 2019), un album jeunesse rigolo \u00e0 partir de 5 ans. En prenant exemple sur un crocodile, Loup gris pense avoir une id\u00e9e brillante pour parvenir \u00e0 attraper des proies, se d\u00e9guiser. <\/em><\/li>\n<li style=\"text-align: justify;\"><em><a href=\"https:\/\/i1.wp.com\/www.jojoenherbe.com\/wp-content\/uploads\/2021\/02\/La-Balade-de-Carnaval-2-scaled.jpg\"><img loading=\"lazy\" decoding=\"async\" data-attachment-id=\"15891\" data-permalink=\"http:\/\/www.jojoenherbe.com\/index.php\/2021\/02\/19\/nos-lectures-sur-le-theme-du-carnaval-2021\/la-balade-de-carnaval-2\/\" data-orig-file=\"https:\/\/i0.wp.com\/www.jojoenherbe.com\/wp-content\/uploads\/2021\/02\/La-Balade-de-Carnaval-2-scaled.jpg?fit=2560%2C1786\" data-orig-size=\"2560,1786\" data-comments-opened=\"1\" data-image-meta=\"{&quot;aperture&quot;:&quot;1.8&quot;,&quot;credit&quot;:&quot;&quot;,&quot;camera&quot;:&quot;iPhone 7&quot;,&quot;caption&quot;:&quot;&quot;,&quot;created_timestamp&quot;:&quot;1613401257&quot;,&quot;copyright&quot;:&quot;&quot;,&quot;focal_length&quot;:&quot;3.99&quot;,&quot;iso&quot;:&quot;40&quot;,&quot;shutter_speed&quot;:&quot;0.04&quot;,&quot;title&quot;:&quot;&quot;,&quot;orientation&quot;:&quot;1&quot;}\" data-image-title=\"La Balade de Carnaval 2\" data-image-description=\"\" data-image-caption=\"\" data-large-file=\"https:\/\/i0.wp.com\/www.jojoenherbe.com\/wp-content\/uploads\/2021\/02\/La-Balade-de-Carnaval-2-scaled.jpg?fit=676%2C471\" class=\"size-thumbnail wp-image-15891 alignright\" src=\"https:\/\/i1.wp.com\/www.jojoenherbe.com\/wp-content\/uploads\/2021\/02\/La-Balade-de-Carnaval-2.jpg?resize=150%2C150\" sizes=\"auto, (max-width: 150px) 100vw, 150px\" srcset=\"https:\/\/i1.wp.com\/www.jojoenherbe.com\/wp-content\/uploads\/2021\/02\/La-Balade-de-Carnaval-2-scaled.jpg?resize=150%2C150 150w, https:\/\/i1.wp.com\/www.jojoenherbe.com\/wp-content\/uploads\/2021\/02\/La-Balade-de-Carnaval-2-scaled.jpg?zoom=2&amp;resize=150%2C150 300w, https:\/\/i1.wp.com\/www.jojoenherbe.com\/wp-content\/uploads\/2021\/02\/La-Balade-de-Carnaval-2-scaled.jpg?zoom=3&amp;resize=150%2C150 450w\" alt=\"\" width=\"150\" height=\"150\" data-attachment-id=\"15891\" data-permalink=\"http:\/\/www.jojoenherbe.com\/index.php\/2021\/02\/19\/nos-lectures-sur-le-theme-du-carnaval-2021\/la-balade-de-carnaval-2\/\" data-orig-file=\"https:\/\/i1.wp.com\/www.jojoenherbe.com\/wp-content\/uploads\/2021\/02\/La-Balade-de-Carnaval-2-scaled.jpg?fit=2560%2C1786\" data-orig-size=\"2560,1786\" data-comments-opened=\"1\" data-image-meta=\"{&quot;aperture&quot;:&quot;1.8&quot;,&quot;credit&quot;:&quot;&quot;,&quot;camera&quot;:&quot;iPhone 7&quot;,&quot;caption&quot;:&quot;&quot;,&quot;created_timestamp&quot;:&quot;1613401257&quot;,&quot;copyright&quot;:&quot;&quot;,&quot;focal_length&quot;:&quot;3.99&quot;,&quot;iso&quot;:&quot;40&quot;,&quot;shutter_speed&quot;:&quot;0.04&quot;,&quot;title&quot;:&quot;&quot;,&quot;orientation&quot;:&quot;1&quot;}\" data-image-title=\"La Balade de Carnaval 2\" data-image-description=\"\" data-medium-file=\"https:\/\/i1.wp.com\/www.jojoenherbe.com\/wp-content\/uploads\/2021\/02\/La-Balade-de-Carnaval-2-scaled.jpg?fit=300%2C209\" data-large-file=\"https:\/\/i1.wp.com\/www.jojoenherbe.com\/wp-content\/uploads\/2021\/02\/La-Balade-de-Carnaval-2-scaled.jpg?fit=676%2C471\" data-recalc-dims=\"1\" \/><\/a> <a href=\"https:\/\/i1.wp.com\/www.jojoenherbe.com\/wp-content\/uploads\/2021\/02\/La-Balade-de-Carnaval-scaled.jpg\"><img loading=\"lazy\" decoding=\"async\" data-attachment-id=\"15892\" data-permalink=\"http:\/\/www.jojoenherbe.com\/index.php\/2021\/02\/19\/nos-lectures-sur-le-theme-du-carnaval-2021\/la-balade-de-carnaval\/\" data-orig-file=\"https:\/\/i0.wp.com\/www.jojoenherbe.com\/wp-content\/uploads\/2021\/02\/La-Balade-de-Carnaval-scaled.jpg?fit=2560%2C1911\" data-orig-size=\"2560,1911\" data-comments-opened=\"1\" data-image-meta=\"{&quot;aperture&quot;:&quot;1.8&quot;,&quot;credit&quot;:&quot;&quot;,&quot;camera&quot;:&quot;iPhone 7&quot;,&quot;caption&quot;:&quot;&quot;,&quot;created_timestamp&quot;:&quot;1613401177&quot;,&quot;copyright&quot;:&quot;&quot;,&quot;focal_length&quot;:&quot;3.99&quot;,&quot;iso&quot;:&quot;40&quot;,&quot;shutter_speed&quot;:&quot;0.05&quot;,&quot;title&quot;:&quot;&quot;,&quot;orientation&quot;:&quot;1&quot;}\" data-image-title=\"La Balade de Carnaval\" data-image-description=\"\" data-image-caption=\"\" data-large-file=\"https:\/\/i0.wp.com\/www.jojoenherbe.com\/wp-content\/uploads\/2021\/02\/La-Balade-de-Carnaval-scaled.jpg?fit=676%2C504\" class=\"size-thumbnail wp-image-15892 alignright\" src=\"https:\/\/i1.wp.com\/www.jojoenherbe.com\/wp-content\/uploads\/2021\/02\/La-Balade-de-Carnaval.jpg?resize=150%2C150\" sizes=\"auto, (max-width: 150px) 100vw, 150px\" srcset=\"https:\/\/i1.wp.com\/www.jojoenherbe.com\/wp-content\/uploads\/2021\/02\/La-Balade-de-Carnaval-scaled.jpg?resize=150%2C150 150w, https:\/\/i1.wp.com\/www.jojoenherbe.com\/wp-content\/uploads\/2021\/02\/La-Balade-de-Carnaval-scaled.jpg?zoom=2&amp;resize=150%2C150 300w, https:\/\/i1.wp.com\/www.jojoenherbe.com\/wp-content\/uploads\/2021\/02\/La-Balade-de-Carnaval-scaled.jpg?zoom=3&amp;resize=150%2C150 450w\" alt=\"\" width=\"150\" height=\"150\" data-attachment-id=\"15892\" data-permalink=\"http:\/\/www.jojoenherbe.com\/index.php\/2021\/02\/19\/nos-lectures-sur-le-theme-du-carnaval-2021\/la-balade-de-carnaval\/\" data-orig-file=\"https:\/\/i1.wp.com\/www.jojoenherbe.com\/wp-content\/uploads\/2021\/02\/La-Balade-de-Carnaval-scaled.jpg?fit=2560%2C1911\" data-orig-size=\"2560,1911\" data-comments-opened=\"1\" data-image-meta=\"{&quot;aperture&quot;:&quot;1.8&quot;,&quot;credit&quot;:&quot;&quot;,&quot;camera&quot;:&quot;iPhone 7&quot;,&quot;caption&quot;:&quot;&quot;,&quot;created_timestamp&quot;:&quot;1613401177&quot;,&quot;copyright&quot;:&quot;&quot;,&quot;focal_length&quot;:&quot;3.99&quot;,&quot;iso&quot;:&quot;40&quot;,&quot;shutter_speed&quot;:&quot;0.05&quot;,&quot;title&quot;:&quot;&quot;,&quot;orientation&quot;:&quot;1&quot;}\" data-image-title=\"La Balade de Carnaval\" data-image-description=\"\" data-medium-file=\"https:\/\/i1.wp.com\/www.jojoenherbe.com\/wp-content\/uploads\/2021\/02\/La-Balade-de-Carnaval-scaled.jpg?fit=300%2C224\" data-large-file=\"https:\/\/i1.wp.com\/www.jojoenherbe.com\/wp-content\/uploads\/2021\/02\/La-Balade-de-Carnaval-scaled.jpg?fit=676%2C504\" data-recalc-dims=\"1\" \/><\/a> <span style=\"text-decoration: underline;\">La Balade de Carnaval<\/span> de Claire Nadaud (\u00e9d. \u00c2ne b\u00e2t\u00e9, 2012), un album jeunesse \u00e0 partir de 3 ans. No\u00e9, un petit gar\u00e7on, suit des traces de pas dans la for\u00eat enneig\u00e9e pour rejoindre ses amis qui se sont d\u00e9guis\u00e9s pour le carnaval. No\u00e9 sera-t-il aussi d\u00e9guis\u00e9?<\/em><\/li>\n<li style=\"text-align: justify;\"><em><a href=\"https:\/\/i1.wp.com\/www.jojoenherbe.com\/wp-content\/uploads\/2021\/02\/Le-carnaval-de-logre-scaled.jpg\"><img loading=\"lazy\" decoding=\"async\" data-attachment-id=\"15890\" data-permalink=\"http:\/\/www.jojoenherbe.com\/index.php\/2021\/02\/19\/nos-lectures-sur-le-theme-du-carnaval-2021\/le-carnaval-de-logre\/\" data-orig-file=\"https:\/\/i0.wp.com\/www.jojoenherbe.com\/wp-content\/uploads\/2021\/02\/Le-carnaval-de-logre-scaled.jpg?fit=2560%2C1953\" data-orig-size=\"2560,1953\" data-comments-opened=\"1\" data-image-meta=\"{&quot;aperture&quot;:&quot;1.8&quot;,&quot;credit&quot;:&quot;&quot;,&quot;camera&quot;:&quot;iPhone 7&quot;,&quot;caption&quot;:&quot;&quot;,&quot;created_timestamp&quot;:&quot;1613648300&quot;,&quot;copyright&quot;:&quot;&quot;,&quot;focal_length&quot;:&quot;3.99&quot;,&quot;iso&quot;:&quot;100&quot;,&quot;shutter_speed&quot;:&quot;0.058823529411765&quot;,&quot;title&quot;:&quot;&quot;,&quot;orientation&quot;:&quot;1&quot;}\" data-image-title=\"Le carnaval de l&amp;rsquo;ogre\" data-image-description=\"\" data-image-caption=\"\" data-large-file=\"https:\/\/i0.wp.com\/www.jojoenherbe.com\/wp-content\/uploads\/2021\/02\/Le-carnaval-de-logre-scaled.jpg?fit=676%2C516\" class=\"alignleft size-thumbnail wp-image-15890\" src=\"https:\/\/i2.wp.com\/www.jojoenherbe.com\/wp-content\/uploads\/2021\/02\/Le-carnaval-de-logre.jpg?resize=150%2C150\" sizes=\"auto, (max-width: 150px) 100vw, 150px\" srcset=\"https:\/\/i1.wp.com\/www.jojoenherbe.com\/wp-content\/uploads\/2021\/02\/Le-carnaval-de-logre-scaled.jpg?resize=150%2C150 150w, https:\/\/i1.wp.com\/www.jojoenherbe.com\/wp-content\/uploads\/2021\/02\/Le-carnaval-de-logre-scaled.jpg?zoom=2&amp;resize=150%2C150 300w, https:\/\/i1.wp.com\/www.jojoenherbe.com\/wp-content\/uploads\/2021\/02\/Le-carnaval-de-logre-scaled.jpg?zoom=3&amp;resize=150%2C150 450w\" alt=\"\" width=\"150\" height=\"150\" data-attachment-id=\"15890\" data-permalink=\"http:\/\/www.jojoenherbe.com\/index.php\/2021\/02\/19\/nos-lectures-sur-le-theme-du-carnaval-2021\/le-carnaval-de-logre\/\" data-orig-file=\"https:\/\/i1.wp.com\/www.jojoenherbe.com\/wp-content\/uploads\/2021\/02\/Le-carnaval-de-logre-scaled.jpg?fit=2560%2C1953\" data-orig-size=\"2560,1953\" data-comments-opened=\"1\" data-image-meta=\"{&quot;aperture&quot;:&quot;1.8&quot;,&quot;credit&quot;:&quot;&quot;,&quot;camera&quot;:&quot;iPhone 7&quot;,&quot;caption&quot;:&quot;&quot;,&quot;created_timestamp&quot;:&quot;1613648300&quot;,&quot;copyright&quot;:&quot;&quot;,&quot;focal_length&quot;:&quot;3.99&quot;,&quot;iso&quot;:&quot;100&quot;,&quot;shutter_speed&quot;:&quot;0.058823529411765&quot;,&quot;title&quot;:&quot;&quot;,&quot;orientation&quot;:&quot;1&quot;}\" data-image-title=\"Le carnaval de l&amp;rsquo;ogre\" data-image-description=\"\" data-medium-file=\"https:\/\/i1.wp.com\/www.jojoenherbe.com\/wp-content\/uploads\/2021\/02\/Le-carnaval-de-logre-scaled.jpg?fit=300%2C229\" data-large-file=\"https:\/\/i1.wp.com\/www.jojoenherbe.com\/wp-content\/uploads\/2021\/02\/Le-carnaval-de-logre-scaled.jpg?fit=676%2C516\" data-recalc-dims=\"1\" \/><\/a> <a href=\"https:\/\/i1.wp.com\/www.jojoenherbe.com\/wp-content\/uploads\/2021\/02\/Le-carnaval-de-logre-2-scaled.jpg\"><img loading=\"lazy\" decoding=\"async\" data-attachment-id=\"15887\" data-permalink=\"http:\/\/www.jojoenherbe.com\/index.php\/2021\/02\/19\/nos-lectures-sur-le-theme-du-carnaval-2021\/le-carnaval-de-logre-2\/\" data-orig-file=\"https:\/\/i0.wp.com\/www.jojoenherbe.com\/wp-content\/uploads\/2021\/02\/Le-carnaval-de-logre-2-scaled.jpg?fit=2560%2C1728\" data-orig-size=\"2560,1728\" data-comments-opened=\"1\" data-image-meta=\"{&quot;aperture&quot;:&quot;1.8&quot;,&quot;credit&quot;:&quot;&quot;,&quot;camera&quot;:&quot;iPhone 7&quot;,&quot;caption&quot;:&quot;&quot;,&quot;created_timestamp&quot;:&quot;1613648373&quot;,&quot;copyright&quot;:&quot;&quot;,&quot;focal_length&quot;:&quot;3.99&quot;,&quot;iso&quot;:&quot;80&quot;,&quot;shutter_speed&quot;:&quot;0.058823529411765&quot;,&quot;title&quot;:&quot;&quot;,&quot;orientation&quot;:&quot;1&quot;}\" data-image-title=\"Le carnaval de l&amp;rsquo;ogre 2\" data-image-description=\"\" data-image-caption=\"\" data-large-file=\"https:\/\/i0.wp.com\/www.jojoenherbe.com\/wp-content\/uploads\/2021\/02\/Le-carnaval-de-logre-2-scaled.jpg?fit=676%2C456\" class=\"alignleft size-thumbnail wp-image-15887\" src=\"https:\/\/i2.wp.com\/www.jojoenherbe.com\/wp-content\/uploads\/2021\/02\/Le-carnaval-de-logre-2.jpg?resize=150%2C150\" sizes=\"auto, (max-width: 150px) 100vw, 150px\" srcset=\"https:\/\/i1.wp.com\/www.jojoenherbe.com\/wp-content\/uploads\/2021\/02\/Le-carnaval-de-logre-2-scaled.jpg?resize=150%2C150 150w, https:\/\/i1.wp.com\/www.jojoenherbe.com\/wp-content\/uploads\/2021\/02\/Le-carnaval-de-logre-2-scaled.jpg?zoom=2&amp;resize=150%2C150 300w, https:\/\/i1.wp.com\/www.jojoenherbe.com\/wp-content\/uploads\/2021\/02\/Le-carnaval-de-logre-2-scaled.jpg?zoom=3&amp;resize=150%2C150 450w\" alt=\"\" width=\"150\" height=\"150\" data-attachment-id=\"15887\" data-permalink=\"http:\/\/www.jojoenherbe.com\/index.php\/2021\/02\/19\/nos-lectures-sur-le-theme-du-carnaval-2021\/le-carnaval-de-logre-2\/\" data-orig-file=\"https:\/\/i1.wp.com\/www.jojoenherbe.com\/wp-content\/uploads\/2021\/02\/Le-carnaval-de-logre-2-scaled.jpg?fit=2560%2C1728\" data-orig-size=\"2560,1728\" data-comments-opened=\"1\" data-image-meta=\"{&quot;aperture&quot;:&quot;1.8&quot;,&quot;credit&quot;:&quot;&quot;,&quot;camera&quot;:&quot;iPhone 7&quot;,&quot;caption&quot;:&quot;&quot;,&quot;created_timestamp&quot;:&quot;1613648373&quot;,&quot;copyright&quot;:&quot;&quot;,&quot;focal_length&quot;:&quot;3.99&quot;,&quot;iso&quot;:&quot;80&quot;,&quot;shutter_speed&quot;:&quot;0.058823529411765&quot;,&quot;title&quot;:&quot;&quot;,&quot;orientation&quot;:&quot;1&quot;}\" data-image-title=\"Le carnaval de l&amp;rsquo;ogre 2\" data-image-description=\"\" data-medium-file=\"https:\/\/i1.wp.com\/www.jojoenherbe.com\/wp-content\/uploads\/2021\/02\/Le-carnaval-de-logre-2-scaled.jpg?fit=300%2C203\" data-large-file=\"https:\/\/i1.wp.com\/www.jojoenherbe.com\/wp-content\/uploads\/2021\/02\/Le-carnaval-de-logre-2-scaled.jpg?fit=676%2C456\" data-recalc-dims=\"1\" \/><\/a> <a href=\"http:\/\/www.jojoenherbe.com\/index.php\/2021\/02\/23\/au-fil-des-pages-avec-le-carnaval-de-logre\/\"><span style=\"text-decoration: underline;\">Le carnaval de l\u2019ogre<\/span><\/a> de Catherine Tamain et Marjorie B\u00e9al (\u00e9d. \u00c2ne b\u00e2t\u00e9, 2018), un album jeunesse \u00e0 partir de 3 ans. Un gentil ogre cherche un d\u00e9guisement pour participer au carnaval de l\u2019\u00e9cole maternelle. Il demande conseil aupr\u00e8s de ses amis bien occup\u00e9s mais qui lui font cadeau de morceaux de tissu. Une petite fille, Margotte, l\u2019aide aussi. Quel sera le d\u00e9guisement de l\u2019ogre?<\/em><\/li>\n<li style=\"text-align: justify;\"><em><a href=\"https:\/\/i0.wp.com\/www.jojoenherbe.com\/wp-content\/uploads\/2021\/02\/Boucle-dours-2-scaled.jpg\"><img data-recalc-dims=\"1\" loading=\"lazy\" decoding=\"async\" data-attachment-id=\"16422\" data-permalink=\"http:\/\/www.jojoenherbe.com\/index.php\/2021\/02\/19\/nos-lectures-sur-le-theme-du-carnaval-2021\/boucle-dours-2-2\/\" data-orig-file=\"https:\/\/i0.wp.com\/www.jojoenherbe.com\/wp-content\/uploads\/2021\/02\/Boucle-dours-2-scaled.jpg?fit=2560%2C2127\" data-orig-size=\"2560,2127\" data-comments-opened=\"1\" data-image-meta=\"{&quot;aperture&quot;:&quot;1.8&quot;,&quot;credit&quot;:&quot;&quot;,&quot;camera&quot;:&quot;iPhone 7&quot;,&quot;caption&quot;:&quot;&quot;,&quot;created_timestamp&quot;:&quot;1615400841&quot;,&quot;copyright&quot;:&quot;&quot;,&quot;focal_length&quot;:&quot;3.99&quot;,&quot;iso&quot;:&quot;100&quot;,&quot;shutter_speed&quot;:&quot;0.2&quot;,&quot;title&quot;:&quot;&quot;,&quot;orientation&quot;:&quot;1&quot;}\" data-image-title=\"Boucle d&amp;rsquo;ours 2\" data-image-description=\"\" data-image-caption=\"\" data-large-file=\"https:\/\/i0.wp.com\/www.jojoenherbe.com\/wp-content\/uploads\/2021\/02\/Boucle-dours-2-scaled.jpg?fit=676%2C562\" class=\"size-thumbnail wp-image-16422 alignright\" src=\"https:\/\/i0.wp.com\/www.jojoenherbe.com\/wp-content\/uploads\/2021\/02\/Boucle-dours-2.jpg?resize=150%2C150\" alt=\"\" width=\"150\" height=\"150\" srcset=\"https:\/\/i0.wp.com\/www.jojoenherbe.com\/wp-content\/uploads\/2021\/02\/Boucle-dours-2-scaled.jpg?resize=150%2C150 150w, https:\/\/i0.wp.com\/www.jojoenherbe.com\/wp-content\/uploads\/2021\/02\/Boucle-dours-2-scaled.jpg?zoom=2&amp;resize=150%2C150 300w, https:\/\/i0.wp.com\/www.jojoenherbe.com\/wp-content\/uploads\/2021\/02\/Boucle-dours-2-scaled.jpg?zoom=3&amp;resize=150%2C150 450w\" sizes=\"auto, (max-width: 150px) 100vw, 150px\" \/><\/a><a href=\"https:\/\/i0.wp.com\/www.jojoenherbe.com\/wp-content\/uploads\/2021\/03\/Boucle-dours-scaled.jpg\"><img data-recalc-dims=\"1\" loading=\"lazy\" decoding=\"async\" data-attachment-id=\"16352\" data-permalink=\"http:\/\/www.jojoenherbe.com\/index.php\/2021\/03\/08\/nos-lectures-boucle-dor-et-les-trois-ours\/boucle-dours\/\" data-orig-file=\"https:\/\/i0.wp.com\/www.jojoenherbe.com\/wp-content\/uploads\/2021\/03\/Boucle-dours-scaled.jpg?fit=2560%2C2008\" data-orig-size=\"2560,2008\" data-comments-opened=\"1\" data-image-meta=\"{&quot;aperture&quot;:&quot;1.8&quot;,&quot;credit&quot;:&quot;&quot;,&quot;camera&quot;:&quot;iPhone 7&quot;,&quot;caption&quot;:&quot;&quot;,&quot;created_timestamp&quot;:&quot;1615199941&quot;,&quot;copyright&quot;:&quot;&quot;,&quot;focal_length&quot;:&quot;3.99&quot;,&quot;iso&quot;:&quot;100&quot;,&quot;shutter_speed&quot;:&quot;0.090909090909091&quot;,&quot;title&quot;:&quot;&quot;,&quot;orientation&quot;:&quot;1&quot;}\" data-image-title=\"Boucle d&amp;rsquo;ours\" data-image-description=\"\" data-image-caption=\"\" data-large-file=\"https:\/\/i0.wp.com\/www.jojoenherbe.com\/wp-content\/uploads\/2021\/03\/Boucle-dours-scaled.jpg?fit=676%2C530\" class=\"size-thumbnail wp-image-16352 alignright\" src=\"https:\/\/i0.wp.com\/www.jojoenherbe.com\/wp-content\/uploads\/2021\/03\/Boucle-dours.jpg?resize=150%2C150\" alt=\"\" width=\"150\" height=\"150\" srcset=\"https:\/\/i0.wp.com\/www.jojoenherbe.com\/wp-content\/uploads\/2021\/03\/Boucle-dours-scaled.jpg?resize=150%2C150 150w, https:\/\/i0.wp.com\/www.jojoenherbe.com\/wp-content\/uploads\/2021\/03\/Boucle-dours-scaled.jpg?zoom=2&amp;resize=150%2C150 300w, https:\/\/i0.wp.com\/www.jojoenherbe.com\/wp-content\/uploads\/2021\/03\/Boucle-dours-scaled.jpg?zoom=3&amp;resize=150%2C150 450w\" sizes=\"auto, (max-width: 150px) 100vw, 150px\" \/><\/a><span style=\"text-decoration: underline;\">Boucle d\u2019ours<\/span> de St\u00e9phane Servant et L\u00e6titia Le Saux (\u00e9d. Didier Jeunesse, 2013), un album jeunesse \u00e0 partir de 4 ans. Un petit ours entend bien se d\u00e9guiser en Boucle d\u2019Or pour le carnaval, quoi qu&rsquo;en dise son p\u00e8re qui est tr\u00e8s remont\u00e9 par ce choix. Et pourquoi Petit ours ne pourrait-il pas se d\u00e9guiser ainsi?<br \/><\/em><\/li>\n<li style=\"text-align: justify;\"><em><a href=\"https:\/\/i0.wp.com\/www.jojoenherbe.com\/wp-content\/uploads\/2021\/02\/Le-Roi-Carnaval-et-la-Vieille-Careme-scaled.jpg\"><img data-recalc-dims=\"1\" loading=\"lazy\" decoding=\"async\" data-attachment-id=\"16852\" data-permalink=\"http:\/\/www.jojoenherbe.com\/index.php\/2021\/02\/19\/nos-lectures-sur-le-theme-du-carnaval-2021\/le-roi-carnaval-et-la-vieille-careme\/\" data-orig-file=\"https:\/\/i0.wp.com\/www.jojoenherbe.com\/wp-content\/uploads\/2021\/02\/Le-Roi-Carnaval-et-la-Vieille-Careme-scaled.jpg?fit=2560%2C1999\" data-orig-size=\"2560,1999\" data-comments-opened=\"1\" data-image-meta=\"{&quot;aperture&quot;:&quot;1.8&quot;,&quot;credit&quot;:&quot;&quot;,&quot;camera&quot;:&quot;iPhone 7&quot;,&quot;caption&quot;:&quot;&quot;,&quot;created_timestamp&quot;:&quot;1615893696&quot;,&quot;copyright&quot;:&quot;&quot;,&quot;focal_length&quot;:&quot;3.99&quot;,&quot;iso&quot;:&quot;100&quot;,&quot;shutter_speed&quot;:&quot;0.071428571428571&quot;,&quot;title&quot;:&quot;&quot;,&quot;orientation&quot;:&quot;1&quot;}\" data-image-title=\"Le Roi Carnaval et la Vieille Car\u00eame\" data-image-description=\"\" data-image-caption=\"\" data-large-file=\"https:\/\/i0.wp.com\/www.jojoenherbe.com\/wp-content\/uploads\/2021\/02\/Le-Roi-Carnaval-et-la-Vieille-Careme-scaled.jpg?fit=676%2C528\" class=\"alignleft size-thumbnail wp-image-16852\" src=\"https:\/\/i0.wp.com\/www.jojoenherbe.com\/wp-content\/uploads\/2021\/02\/Le-Roi-Carnaval-et-la-Vieille-Careme.jpg?resize=150%2C150\" alt=\"\" width=\"150\" height=\"150\" srcset=\"https:\/\/i0.wp.com\/www.jojoenherbe.com\/wp-content\/uploads\/2021\/02\/Le-Roi-Carnaval-et-la-Vieille-Careme-scaled.jpg?resize=150%2C150 150w, https:\/\/i0.wp.com\/www.jojoenherbe.com\/wp-content\/uploads\/2021\/02\/Le-Roi-Carnaval-et-la-Vieille-Careme-scaled.jpg?zoom=2&amp;resize=150%2C150 300w, https:\/\/i0.wp.com\/www.jojoenherbe.com\/wp-content\/uploads\/2021\/02\/Le-Roi-Carnaval-et-la-Vieille-Careme-scaled.jpg?zoom=3&amp;resize=150%2C150 450w\" sizes=\"auto, (max-width: 150px) 100vw, 150px\" \/><\/a> <a href=\"https:\/\/i0.wp.com\/www.jojoenherbe.com\/wp-content\/uploads\/2021\/02\/Le-Roi-Carnaval-et-la-Vieille-Careme-2.jpg\"><img data-recalc-dims=\"1\" loading=\"lazy\" decoding=\"async\" data-attachment-id=\"16853\" data-permalink=\"http:\/\/www.jojoenherbe.com\/index.php\/2021\/02\/19\/nos-lectures-sur-le-theme-du-carnaval-2021\/le-roi-carnaval-et-la-vieille-careme-2\/\" data-orig-file=\"https:\/\/i0.wp.com\/www.jojoenherbe.com\/wp-content\/uploads\/2021\/02\/Le-Roi-Carnaval-et-la-Vieille-Careme-2.jpg?fit=1564%2C1527\" data-orig-size=\"1564,1527\" data-comments-opened=\"1\" data-image-meta=\"{&quot;aperture&quot;:&quot;1.8&quot;,&quot;credit&quot;:&quot;&quot;,&quot;camera&quot;:&quot;iPhone 7&quot;,&quot;caption&quot;:&quot;&quot;,&quot;created_timestamp&quot;:&quot;1615897072&quot;,&quot;copyright&quot;:&quot;&quot;,&quot;focal_length&quot;:&quot;3.99&quot;,&quot;iso&quot;:&quot;64&quot;,&quot;shutter_speed&quot;:&quot;0.058823529411765&quot;,&quot;title&quot;:&quot;&quot;,&quot;orientation&quot;:&quot;1&quot;}\" data-image-title=\"Le Roi Carnaval et la Vieille Car\u00eame 2\" data-image-description=\"\" data-image-caption=\"\" data-large-file=\"https:\/\/i0.wp.com\/www.jojoenherbe.com\/wp-content\/uploads\/2021\/02\/Le-Roi-Carnaval-et-la-Vieille-Careme-2.jpg?fit=676%2C660\" class=\"alignleft size-thumbnail wp-image-16853\" src=\"https:\/\/i0.wp.com\/www.jojoenherbe.com\/wp-content\/uploads\/2021\/02\/Le-Roi-Carnaval-et-la-Vieille-Careme-2.jpg?resize=150%2C150\" alt=\"\" width=\"150\" height=\"150\" srcset=\"https:\/\/i0.wp.com\/www.jojoenherbe.com\/wp-content\/uploads\/2021\/02\/Le-Roi-Carnaval-et-la-Vieille-Careme-2.jpg?resize=150%2C150 150w, https:\/\/i0.wp.com\/www.jojoenherbe.com\/wp-content\/uploads\/2021\/02\/Le-Roi-Carnaval-et-la-Vieille-Careme-2.jpg?zoom=2&amp;resize=150%2C150 300w, https:\/\/i0.wp.com\/www.jojoenherbe.com\/wp-content\/uploads\/2021\/02\/Le-Roi-Carnaval-et-la-Vieille-Careme-2.jpg?zoom=3&amp;resize=150%2C150 450w\" sizes=\"auto, (max-width: 150px) 100vw, 150px\" \/><\/a>du folklore espagnol et religieux avec deux personnages embl\u00e9matiques qui pr\u00e9c\u00e8dent l&rsquo;arriv\u00e9e du printemps: <span style=\"text-decoration: underline;\">Le Roi Carnaval et la Vieille Car\u00eame<\/span> de N\u00faria Figueras et Andr\u00e9s Ca\u00f1al (\u00e9d. Calligram, 2005), un album jeunesse \u00e0 partir de 4 ans et d&rsquo;apr\u00e8s un conte populaire espagnol.<\/em><\/li>\n<\/ul>\n<p><strong><em>Des BD jeunesse:<\/em><\/strong><\/p>\n<ul>\n<li style=\"text-align: justify;\"><em><a href=\"https:\/\/i0.wp.com\/www.jojoenherbe.com\/wp-content\/uploads\/2021\/02\/Petit-Poilu-En-piste-les-andouilles-scaled.jpg\"><img data-recalc-dims=\"1\" loading=\"lazy\" decoding=\"async\" data-attachment-id=\"16420\" data-permalink=\"http:\/\/www.jojoenherbe.com\/index.php\/2021\/02\/19\/nos-lectures-sur-le-theme-du-carnaval-2021\/petit-poilu-en-piste-les-andouilles\/\" data-orig-file=\"https:\/\/i0.wp.com\/www.jojoenherbe.com\/wp-content\/uploads\/2021\/02\/Petit-Poilu-En-piste-les-andouilles-scaled.jpg?fit=2560%2C2076\" data-orig-size=\"2560,2076\" data-comments-opened=\"1\" data-image-meta=\"{&quot;aperture&quot;:&quot;1.8&quot;,&quot;credit&quot;:&quot;&quot;,&quot;camera&quot;:&quot;iPhone 7&quot;,&quot;caption&quot;:&quot;&quot;,&quot;created_timestamp&quot;:&quot;1614690234&quot;,&quot;copyright&quot;:&quot;&quot;,&quot;focal_length&quot;:&quot;3.99&quot;,&quot;iso&quot;:&quot;80&quot;,&quot;shutter_speed&quot;:&quot;0.058823529411765&quot;,&quot;title&quot;:&quot;&quot;,&quot;orientation&quot;:&quot;1&quot;}\" data-image-title=\"Petit Poilu, En piste les andouilles!\" data-image-description=\"\" data-image-caption=\"\" data-large-file=\"https:\/\/i0.wp.com\/www.jojoenherbe.com\/wp-content\/uploads\/2021\/02\/Petit-Poilu-En-piste-les-andouilles-scaled.jpg?fit=676%2C548\" class=\"alignleft size-thumbnail wp-image-16420\" src=\"https:\/\/i0.wp.com\/www.jojoenherbe.com\/wp-content\/uploads\/2021\/02\/Petit-Poilu-En-piste-les-andouilles.jpg?resize=150%2C150\" alt=\"\" width=\"150\" height=\"150\" srcset=\"https:\/\/i0.wp.com\/www.jojoenherbe.com\/wp-content\/uploads\/2021\/02\/Petit-Poilu-En-piste-les-andouilles-scaled.jpg?resize=150%2C150 150w, https:\/\/i0.wp.com\/www.jojoenherbe.com\/wp-content\/uploads\/2021\/02\/Petit-Poilu-En-piste-les-andouilles-scaled.jpg?zoom=2&amp;resize=150%2C150 300w, https:\/\/i0.wp.com\/www.jojoenherbe.com\/wp-content\/uploads\/2021\/02\/Petit-Poilu-En-piste-les-andouilles-scaled.jpg?zoom=3&amp;resize=150%2C150 450w\" sizes=\"auto, (max-width: 150px) 100vw, 150px\" \/><\/a> <a href=\"https:\/\/i0.wp.com\/www.jojoenherbe.com\/wp-content\/uploads\/2021\/02\/Petit-Poilu-En-piste-les-andouilles-2-scaled.jpg\"><img data-recalc-dims=\"1\" loading=\"lazy\" decoding=\"async\" data-attachment-id=\"16421\" data-permalink=\"http:\/\/www.jojoenherbe.com\/index.php\/2021\/02\/19\/nos-lectures-sur-le-theme-du-carnaval-2021\/petit-poilu-en-piste-les-andouilles-2\/\" data-orig-file=\"https:\/\/i0.wp.com\/www.jojoenherbe.com\/wp-content\/uploads\/2021\/02\/Petit-Poilu-En-piste-les-andouilles-2-scaled.jpg?fit=2560%2C1943\" data-orig-size=\"2560,1943\" data-comments-opened=\"1\" data-image-meta=\"{&quot;aperture&quot;:&quot;1.8&quot;,&quot;credit&quot;:&quot;&quot;,&quot;camera&quot;:&quot;iPhone 7&quot;,&quot;caption&quot;:&quot;&quot;,&quot;created_timestamp&quot;:&quot;1614690294&quot;,&quot;copyright&quot;:&quot;&quot;,&quot;focal_length&quot;:&quot;3.99&quot;,&quot;iso&quot;:&quot;50&quot;,&quot;shutter_speed&quot;:&quot;0.058823529411765&quot;,&quot;title&quot;:&quot;&quot;,&quot;orientation&quot;:&quot;1&quot;}\" data-image-title=\"Petit Poilu, En piste les andouilles! 2\" data-image-description=\"\" data-image-caption=\"\" data-large-file=\"https:\/\/i0.wp.com\/www.jojoenherbe.com\/wp-content\/uploads\/2021\/02\/Petit-Poilu-En-piste-les-andouilles-2-scaled.jpg?fit=676%2C513\" class=\"alignleft size-thumbnail wp-image-16421\" src=\"https:\/\/i0.wp.com\/www.jojoenherbe.com\/wp-content\/uploads\/2021\/02\/Petit-Poilu-En-piste-les-andouilles-2.jpg?resize=150%2C150\" alt=\"\" width=\"150\" height=\"150\" srcset=\"https:\/\/i0.wp.com\/www.jojoenherbe.com\/wp-content\/uploads\/2021\/02\/Petit-Poilu-En-piste-les-andouilles-2-scaled.jpg?resize=150%2C150 150w, https:\/\/i0.wp.com\/www.jojoenherbe.com\/wp-content\/uploads\/2021\/02\/Petit-Poilu-En-piste-les-andouilles-2-scaled.jpg?zoom=2&amp;resize=150%2C150 300w, https:\/\/i0.wp.com\/www.jojoenherbe.com\/wp-content\/uploads\/2021\/02\/Petit-Poilu-En-piste-les-andouilles-2-scaled.jpg?zoom=3&amp;resize=150%2C150 450w\" sizes=\"auto, (max-width: 150px) 100vw, 150px\" \/><\/a>le tome 14 de <span style=\"text-decoration: underline;\">Petit Poilu, En piste les andouilles!<\/span> de Pierre Bailly et C\u00e9line Fraipont (\u00e9d. Dupuis, 2013), une BD jeunesse sans texte pour les tout-petits, \u00e0 partir de 3 ans. Petit Poilu se retrouve propuls\u00e9 dans un cirque, en plein num\u00e9ro du clown Pignouf. Ce dernier, d&rsquo;abord surpris, le prend sous son aile pour en faire son second dans son num\u00e9ro, ce qui d\u00e9pla\u00eet au directeur du cirque F\u00e9licien. Mais il n&rsquo;est pas simple pour Petit Poilu de jongler ou de faire des acrobaties. A force de pers\u00e9v\u00e9rance, Petit Poilu r\u00e9ussira-t-il \u00e0 devenir un clown?<\/em><\/li>\n<\/ul>\n\n\n<p><\/p>\n\n\n\n<p><\/p>\n","protected":false},"excerpt":{"rendered":"<p>Mardi-gras ayant eu lieu mardi 16 f\u00e9vrier 2021, nous avons commenc\u00e9 cette semaine nos lectures sur le th\u00e8me du carnaval. Ce billet sera actualis\u00e9 au fur-et-\u00e0-mesure de nos lectures. Des albums jeunesse: une relecture de l\u2019ann\u00e9e derni\u00e8re avec Loup gris se d\u00e9guise de Gilles Bizouerne et Ronan Badel (\u00e9d. Didier Jeunesse, 2019), un album jeunesse [&hellip;]<\/p>\n","protected":false},"author":1,"featured_media":15927,"comment_status":"open","ping_status":"open","sticky":false,"template":"","format":"standard","meta":{"jetpack_post_was_ever_published":false,"_jetpack_newsletter_access":"","_jetpack_dont_email_post_to_subs":false,"_jetpack_newsletter_tier_id":0,"_jetpack_memberships_contains_paywalled_content":false,"_jetpack_memberships_contains_paid_content":false,"footnotes":""},"categories":[363],"tags":[409,1226,1234,2218,2288,2217,760,2216,2279,367,2050,2287,1739,2278],"class_list":["post-15883","post","type-post","status-publish","format-standard","has-post-thumbnail","hentry","category-mini-lecteur","tag-albums-jeunesse","tag-bd-jeunesse","tag-carnaval","tag-catherine-tamain","tag-celine-fraipont","tag-claire-nadaud","tag-deguisement","tag-gilles-bizouerne","tag-laetitia-le-saux","tag-lecture-jeunesse","tag-marjorie-beal","tag-pierre-bailly","tag-ronan-badel","tag-stephane-servant","post-preview"],"jetpack_featured_media_url":"https:\/\/i0.wp.com\/www.jojoenherbe.com\/wp-content\/uploads\/2021\/02\/Selection-carnaval-2-scaled.jpg?fit=2560%2C1920","jetpack_sharing_enabled":true,"jetpack_shortlink":"https:\/\/wp.me\/p9zhGx-48b","jetpack_likes_enabled":true,"jetpack-related-posts":[{"id":15493,"url":"http:\/\/www.jojoenherbe.com\/index.php\/2021\/03\/01\/notre-mois-bloguesque-de-fevrier-2021\/","url_meta":{"origin":15883,"position":0},"title":"Notre mois bloguesque de f\u00e9vrier 2021","author":"Jojo","date":"1 mars 2021","format":false,"excerpt":"Comme le mois dernier, voici un petit retour bloguesque sur f\u00e9vrier 2021 avec encore une fois beaucoup de lectures. Nous avons continu\u00e9 nos lectures hivernales et nous y avons ajout\u00e9 nos lectures autour du carnaval avec un coup de coeur pour Le carnaval de l'ogre de Catherine Tamain et Marjorie\u2026","rel":"","context":"Dans &quot;Mini blogueur&quot;","block_context":{"text":"Mini blogueur","link":"http:\/\/www.jojoenherbe.com\/index.php\/category\/mini-blogueur\/"},"img":{"alt_text":"","src":"https:\/\/i0.wp.com\/www.jojoenherbe.com\/wp-content\/uploads\/2021\/02\/Fevrier-2021-scaled.jpg?fit=1200%2C826&resize=350%2C200","width":350,"height":200,"srcset":"https:\/\/i0.wp.com\/www.jojoenherbe.com\/wp-content\/uploads\/2021\/02\/Fevrier-2021-scaled.jpg?fit=1200%2C826&resize=350%2C200 1x, https:\/\/i0.wp.com\/www.jojoenherbe.com\/wp-content\/uploads\/2021\/02\/Fevrier-2021-scaled.jpg?fit=1200%2C826&resize=525%2C300 1.5x, https:\/\/i0.wp.com\/www.jojoenherbe.com\/wp-content\/uploads\/2021\/02\/Fevrier-2021-scaled.jpg?fit=1200%2C826&resize=700%2C400 2x, https:\/\/i0.wp.com\/www.jojoenherbe.com\/wp-content\/uploads\/2021\/02\/Fevrier-2021-scaled.jpg?fit=1200%2C826&resize=1050%2C600 3x"},"classes":[]},{"id":24147,"url":"http:\/\/www.jojoenherbe.com\/index.php\/2022\/03\/01\/au-fil-des-pages-avec-le-carnaval-des-insectes\/","url_meta":{"origin":15883,"position":1},"title":"Au fil des pages avec Le carnaval des insectes","author":"Jojo","date":"1 mars 2022","format":false,"excerpt":"Pour le carnaval et Mardi-Gras, nous lisons cette ann\u00e9e Le carnaval des insectes d'H\u00e9l\u00e8ne Rajcak et Damien Laverdunt (\u00e9d. Actes Sud Junior, 2016), un album jeunesse en accord\u00e9on \u00e0 partir de 2\/3 ans. En d\u00e9pliant le livre, une immense frise appara\u00eet o\u00f9 se c\u00f4toient de nombreux carnavals, parades et d\u00e9fil\u00e9s\u2026","rel":"","context":"Dans &quot;Mini lecteur&quot;","block_context":{"text":"Mini lecteur","link":"http:\/\/www.jojoenherbe.com\/index.php\/category\/mini-lecteur\/"},"img":{"alt_text":"","src":"https:\/\/i0.wp.com\/www.jojoenherbe.com\/wp-content\/uploads\/2022\/03\/Le-carnaval-des-insectes-scaled.jpg?fit=1200%2C900&resize=350%2C200","width":350,"height":200,"srcset":"https:\/\/i0.wp.com\/www.jojoenherbe.com\/wp-content\/uploads\/2022\/03\/Le-carnaval-des-insectes-scaled.jpg?fit=1200%2C900&resize=350%2C200 1x, https:\/\/i0.wp.com\/www.jojoenherbe.com\/wp-content\/uploads\/2022\/03\/Le-carnaval-des-insectes-scaled.jpg?fit=1200%2C900&resize=525%2C300 1.5x, https:\/\/i0.wp.com\/www.jojoenherbe.com\/wp-content\/uploads\/2022\/03\/Le-carnaval-des-insectes-scaled.jpg?fit=1200%2C900&resize=700%2C400 2x, https:\/\/i0.wp.com\/www.jojoenherbe.com\/wp-content\/uploads\/2022\/03\/Le-carnaval-des-insectes-scaled.jpg?fit=1200%2C900&resize=1050%2C600 3x"},"classes":[]},{"id":16691,"url":"http:\/\/www.jojoenherbe.com\/index.php\/2021\/03\/22\/nos-lectures-printanieres-2021\/","url_meta":{"origin":15883,"position":2},"title":"Nos lectures printani\u00e8res 2021","author":"Jojo","date":"22 mars 2021","format":false,"excerpt":"Avec l'arriv\u00e9e du printemps ce 20 mars 2021, nous changeons \u00e9galement nos lectures pour nous plonger dans un th\u00e8me printanier, l\u00e9ger et color\u00e9. Ce billet sera ainsi actualis\u00e9 tout au long de ce printemps au gr\u00e9 de nos lectures sur ce th\u00e8me. Des albums jeunesse: l'arriv\u00e9e du printemps avec les\u2026","rel":"","context":"Dans &quot;Mini lecteur&quot;","block_context":{"text":"Mini lecteur","link":"http:\/\/www.jojoenherbe.com\/index.php\/category\/mini-lecteur\/"},"img":{"alt_text":"","src":"https:\/\/i0.wp.com\/www.jojoenherbe.com\/wp-content\/uploads\/2021\/03\/Nos-lectures-Printemps-scaled.jpg?fit=1200%2C900&resize=350%2C200","width":350,"height":200,"srcset":"https:\/\/i0.wp.com\/www.jojoenherbe.com\/wp-content\/uploads\/2021\/03\/Nos-lectures-Printemps-scaled.jpg?fit=1200%2C900&resize=350%2C200 1x, https:\/\/i0.wp.com\/www.jojoenherbe.com\/wp-content\/uploads\/2021\/03\/Nos-lectures-Printemps-scaled.jpg?fit=1200%2C900&resize=525%2C300 1.5x, https:\/\/i0.wp.com\/www.jojoenherbe.com\/wp-content\/uploads\/2021\/03\/Nos-lectures-Printemps-scaled.jpg?fit=1200%2C900&resize=700%2C400 2x, https:\/\/i0.wp.com\/www.jojoenherbe.com\/wp-content\/uploads\/2021\/03\/Nos-lectures-Printemps-scaled.jpg?fit=1200%2C900&resize=1050%2C600 3x"},"classes":[]},{"id":15631,"url":"http:\/\/www.jojoenherbe.com\/index.php\/2021\/02\/06\/semaine-5-du-projet-52-2021-pliages\/","url_meta":{"origin":15883,"position":3},"title":"Semaine 5 du Projet 52-2021: Pliage(s)","author":"Jojo","date":"6 f\u00e9vrier 2021","format":false,"excerpt":"Pour la semaine 5 du Projet 52-2021 de Du c\u00f4t\u00e9 de chez Ma', le th\u00e8me est \"Pliage(s)\". Voici une photo de nos activit\u00e9s \"cr\u00eapes party\", la Chandeleur ayant eu lieu ce mardi. C'est vrai qu'au d\u00e9part le th\u00e8me de la semaine m'a fait penser aux origamis mais j'en avais d\u00e9j\u00e0\u2026","rel":"","context":"Dans &quot;mini photographe&quot;","block_context":{"text":"mini photographe","link":"http:\/\/www.jojoenherbe.com\/index.php\/category\/mini-photographe\/"},"img":{"alt_text":"","src":"https:\/\/i0.wp.com\/www.jojoenherbe.com\/wp-content\/uploads\/2021\/02\/activites-crepes-scaled.jpg?fit=1200%2C773&resize=350%2C200","width":350,"height":200,"srcset":"https:\/\/i0.wp.com\/www.jojoenherbe.com\/wp-content\/uploads\/2021\/02\/activites-crepes-scaled.jpg?fit=1200%2C773&resize=350%2C200 1x, https:\/\/i0.wp.com\/www.jojoenherbe.com\/wp-content\/uploads\/2021\/02\/activites-crepes-scaled.jpg?fit=1200%2C773&resize=525%2C300 1.5x, https:\/\/i0.wp.com\/www.jojoenherbe.com\/wp-content\/uploads\/2021\/02\/activites-crepes-scaled.jpg?fit=1200%2C773&resize=700%2C400 2x, https:\/\/i0.wp.com\/www.jojoenherbe.com\/wp-content\/uploads\/2021\/02\/activites-crepes-scaled.jpg?fit=1200%2C773&resize=1050%2C600 3x"},"classes":[]},{"id":16583,"url":"http:\/\/www.jojoenherbe.com\/index.php\/2021\/04\/01\/notre-mois-bloguesque-de-mars-2021\/","url_meta":{"origin":15883,"position":4},"title":"Notre mois bloguesque de mars 2021","author":"Jojo","date":"1 avril 2021","format":false,"excerpt":"C'est le premier du mois alors voici un petit retour bloguesque sur mars 2021 avec encore une fois beaucoup de lectures, certaines qui suivent les saisons. Nous finissons au d\u00e9but du mois nos nos (re)lectures\/activit\u00e9s sur le th\u00e8me du carnaval et de l'hiver. Puis comme nous changeons de saison le\u2026","rel":"","context":"Dans &quot;Mini blogueur&quot;","block_context":{"text":"Mini blogueur","link":"http:\/\/www.jojoenherbe.com\/index.php\/category\/mini-blogueur\/"},"img":{"alt_text":"","src":"https:\/\/i0.wp.com\/www.jojoenherbe.com\/wp-content\/uploads\/2021\/04\/Mars-2021-scaled.jpg?fit=1200%2C902&resize=350%2C200","width":350,"height":200,"srcset":"https:\/\/i0.wp.com\/www.jojoenherbe.com\/wp-content\/uploads\/2021\/04\/Mars-2021-scaled.jpg?fit=1200%2C902&resize=350%2C200 1x, https:\/\/i0.wp.com\/www.jojoenherbe.com\/wp-content\/uploads\/2021\/04\/Mars-2021-scaled.jpg?fit=1200%2C902&resize=525%2C300 1.5x, https:\/\/i0.wp.com\/www.jojoenherbe.com\/wp-content\/uploads\/2021\/04\/Mars-2021-scaled.jpg?fit=1200%2C902&resize=700%2C400 2x, https:\/\/i0.wp.com\/www.jojoenherbe.com\/wp-content\/uploads\/2021\/04\/Mars-2021-scaled.jpg?fit=1200%2C902&resize=1050%2C600 3x"},"classes":[]},{"id":16025,"url":"http:\/\/www.jojoenherbe.com\/index.php\/2021\/02\/23\/au-fil-des-pages-avec-le-carnaval-de-logre\/","url_meta":{"origin":15883,"position":5},"title":"Au fil des pages avec Le carnaval de l&rsquo;ogre","author":"Jojo","date":"23 f\u00e9vrier 2021","format":false,"excerpt":"Dans nos derniers emprunts \u00e0 la m\u00e9diath\u00e8que sur le th\u00e8me du carnaval, nous lisons Le carnaval de l\u2019ogre de Catherine Tamain et Marjorie B\u00e9al (\u00e9d. \u00c2ne b\u00e2t\u00e9, 2018), un album jeunesse \u00e0 partir de 3 ans. Pour le carnaval organis\u00e9 \u00e0 l\u2019\u00e9cole maternelle de Margotte, un ogre ne sait pas\u2026","rel":"","context":"Dans &quot;Mini lecteur&quot;","block_context":{"text":"Mini lecteur","link":"http:\/\/www.jojoenherbe.com\/index.php\/category\/mini-lecteur\/"},"img":{"alt_text":"","src":"https:\/\/i0.wp.com\/www.jojoenherbe.com\/wp-content\/uploads\/2021\/02\/Le-carnaval-de-logre-scaled.jpg?fit=1200%2C915&resize=350%2C200","width":350,"height":200,"srcset":"https:\/\/i0.wp.com\/www.jojoenherbe.com\/wp-content\/uploads\/2021\/02\/Le-carnaval-de-logre-scaled.jpg?fit=1200%2C915&resize=350%2C200 1x, https:\/\/i0.wp.com\/www.jojoenherbe.com\/wp-content\/uploads\/2021\/02\/Le-carnaval-de-logre-scaled.jpg?fit=1200%2C915&resize=525%2C300 1.5x, https:\/\/i0.wp.com\/www.jojoenherbe.com\/wp-content\/uploads\/2021\/02\/Le-carnaval-de-logre-scaled.jpg?fit=1200%2C915&resize=700%2C400 2x, https:\/\/i0.wp.com\/www.jojoenherbe.com\/wp-content\/uploads\/2021\/02\/Le-carnaval-de-logre-scaled.jpg?fit=1200%2C915&resize=1050%2C600 3x"},"classes":[]}],"_links":{"self":[{"href":"http:\/\/www.jojoenherbe.com\/index.php\/wp-json\/wp\/v2\/posts\/15883","targetHints":{"allow":["GET"]}}],"collection":[{"href":"http:\/\/www.jojoenherbe.com\/index.php\/wp-json\/wp\/v2\/posts"}],"about":[{"href":"http:\/\/www.jojoenherbe.com\/index.php\/wp-json\/wp\/v2\/types\/post"}],"author":[{"embeddable":true,"href":"http:\/\/www.jojoenherbe.com\/index.php\/wp-json\/wp\/v2\/users\/1"}],"replies":[{"embeddable":true,"href":"http:\/\/www.jojoenherbe.com\/index.php\/wp-json\/wp\/v2\/comments?post=15883"}],"version-history":[{"count":0,"href":"http:\/\/www.jojoenherbe.com\/index.php\/wp-json\/wp\/v2\/posts\/15883\/revisions"}],"wp:featuredmedia":[{"embeddable":true,"href":"http:\/\/www.jojoenherbe.com\/index.php\/wp-json\/wp\/v2\/media\/15927"}],"wp:attachment":[{"href":"http:\/\/www.jojoenherbe.com\/index.php\/wp-json\/wp\/v2\/media?parent=15883"}],"wp:term":[{"taxonomy":"category","embeddable":true,"href":"http:\/\/www.jojoenherbe.com\/index.php\/wp-json\/wp\/v2\/categories?post=15883"},{"taxonomy":"post_tag","embeddable":true,"href":"http:\/\/www.jojoenherbe.com\/index.php\/wp-json\/wp\/v2\/tags?post=15883"}],"curies":[{"name":"wp","href":"https:\/\/api.w.org\/{rel}","templated":true}]}}