{"id":15866,"date":"2021-02-19T13:22:20","date_gmt":"2021-02-19T12:22:20","guid":{"rendered":"http:\/\/www.jojoenherbe.com\/?p=15866"},"modified":"2022-02-14T13:07:06","modified_gmt":"2022-02-14T12:07:06","slug":"au-fil-des-pages-avec-loup-gris-se-deguise","status":"publish","type":"post","link":"http:\/\/www.jojoenherbe.com\/index.php\/2021\/02\/19\/au-fil-des-pages-avec-loup-gris-se-deguise\/","title":{"rendered":"Au fil des pages avec Loup gris se d\u00e9guise"},"content":{"rendered":"<p style=\"text-align: justify;\"><em><img data-recalc-dims=\"1\" loading=\"lazy\" decoding=\"async\" data-attachment-id=\"15868\" data-permalink=\"http:\/\/www.jojoenherbe.com\/index.php\/2021\/02\/19\/au-fil-des-pages-avec-loup-gris-se-deguise\/loup-gris-se-deguise-2\/\" data-orig-file=\"https:\/\/i0.wp.com\/www.jojoenherbe.com\/wp-content\/uploads\/2021\/02\/Loup-gris-se-deguise-2-scaled.jpg?fit=2560%2C1920\" data-orig-size=\"2560,1920\" data-comments-opened=\"1\" data-image-meta=\"{&quot;aperture&quot;:&quot;1.8&quot;,&quot;credit&quot;:&quot;&quot;,&quot;camera&quot;:&quot;iPhone 7&quot;,&quot;caption&quot;:&quot;&quot;,&quot;created_timestamp&quot;:&quot;1596221212&quot;,&quot;copyright&quot;:&quot;&quot;,&quot;focal_length&quot;:&quot;3.99&quot;,&quot;iso&quot;:&quot;80&quot;,&quot;shutter_speed&quot;:&quot;0.058823529411765&quot;,&quot;title&quot;:&quot;&quot;,&quot;orientation&quot;:&quot;1&quot;}\" data-image-title=\"Loup gris se d\u00e9guise 2\" data-image-description=\"\" data-image-caption=\"\" data-large-file=\"https:\/\/i0.wp.com\/www.jojoenherbe.com\/wp-content\/uploads\/2021\/02\/Loup-gris-se-deguise-2-scaled.jpg?fit=676%2C507\" class=\"alignleft size-thumbnail wp-image-15868\" src=\"https:\/\/i0.wp.com\/www.jojoenherbe.com\/wp-content\/uploads\/2021\/02\/Loup-gris-se-deguise-2.jpg?resize=150%2C150\" alt=\"\" width=\"150\" height=\"150\" srcset=\"https:\/\/i0.wp.com\/www.jojoenherbe.com\/wp-content\/uploads\/2021\/02\/Loup-gris-se-deguise-2-scaled.jpg?resize=150%2C150 150w, https:\/\/i0.wp.com\/www.jojoenherbe.com\/wp-content\/uploads\/2021\/02\/Loup-gris-se-deguise-2-scaled.jpg?zoom=2&amp;resize=150%2C150 300w, https:\/\/i0.wp.com\/www.jojoenherbe.com\/wp-content\/uploads\/2021\/02\/Loup-gris-se-deguise-2-scaled.jpg?zoom=3&amp;resize=150%2C150 450w\" sizes=\"auto, (max-width: 150px) 100vw, 150px\" \/><a href=\"https:\/\/i0.wp.com\/www.jojoenherbe.com\/wp-content\/uploads\/2021\/02\/Loup-gris-se-deguise-3-scaled.jpg\"><img data-recalc-dims=\"1\" loading=\"lazy\" decoding=\"async\" data-attachment-id=\"15869\" data-permalink=\"http:\/\/www.jojoenherbe.com\/index.php\/2021\/02\/19\/au-fil-des-pages-avec-loup-gris-se-deguise\/loup-gris-se-deguise-3\/\" data-orig-file=\"https:\/\/i0.wp.com\/www.jojoenherbe.com\/wp-content\/uploads\/2021\/02\/Loup-gris-se-deguise-3-scaled.jpg?fit=2560%2C1920\" data-orig-size=\"2560,1920\" data-comments-opened=\"1\" data-image-meta=\"{&quot;aperture&quot;:&quot;1.8&quot;,&quot;credit&quot;:&quot;&quot;,&quot;camera&quot;:&quot;iPhone 7&quot;,&quot;caption&quot;:&quot;&quot;,&quot;created_timestamp&quot;:&quot;1596221256&quot;,&quot;copyright&quot;:&quot;&quot;,&quot;focal_length&quot;:&quot;3.99&quot;,&quot;iso&quot;:&quot;80&quot;,&quot;shutter_speed&quot;:&quot;0.058823529411765&quot;,&quot;title&quot;:&quot;&quot;,&quot;orientation&quot;:&quot;1&quot;}\" data-image-title=\"Loup gris se d\u00e9guise 3\" data-image-description=\"\" data-image-caption=\"\" data-large-file=\"https:\/\/i0.wp.com\/www.jojoenherbe.com\/wp-content\/uploads\/2021\/02\/Loup-gris-se-deguise-3-scaled.jpg?fit=676%2C507\" class=\"alignleft wp-image-15869 size-thumbnail\" src=\"https:\/\/i0.wp.com\/www.jojoenherbe.com\/wp-content\/uploads\/2021\/02\/Loup-gris-se-deguise-3.jpg?resize=150%2C150\" alt=\"\" width=\"150\" height=\"150\" srcset=\"https:\/\/i0.wp.com\/www.jojoenherbe.com\/wp-content\/uploads\/2021\/02\/Loup-gris-se-deguise-3-scaled.jpg?resize=150%2C150 150w, https:\/\/i0.wp.com\/www.jojoenherbe.com\/wp-content\/uploads\/2021\/02\/Loup-gris-se-deguise-3-scaled.jpg?zoom=2&amp;resize=150%2C150 300w, https:\/\/i0.wp.com\/www.jojoenherbe.com\/wp-content\/uploads\/2021\/02\/Loup-gris-se-deguise-3-scaled.jpg?zoom=3&amp;resize=150%2C150 450w\" sizes=\"auto, (max-width: 150px) 100vw, 150px\" \/><\/a> Nous empruntons \u00e0 nouveau \u00e0 la m\u00e9diath\u00e8que pour le carnaval <span style=\"text-decoration: underline;\">Loup gris se d\u00e9guise<\/span> de Gilles Bizouerne et Ronan Badel (\u00e9d. Didier Jeunesse, 2019), un album jeunesse \u00e0 partir de 5 ans. Loup gris a terriblement faim mais il n&rsquo;arrive pas \u00e0 chasser la moindre proie. En voyant la technique du crocodile, il se dit qu&rsquo;il a trouv\u00e9 le meilleur pi\u00e8ge, se d\u00e9guiser. Mais les animaux seront-ils dupes, d&rsquo;autant que Loup gris ne semble pas ma\u00eetriser l&rsquo;art du camouflage que ce soit en arbre, carotte ou mouton?<br \/>\n<\/em><\/p>\n<p style=\"text-align: justify;\"><em><a href=\"https:\/\/i0.wp.com\/www.jojoenherbe.com\/wp-content\/uploads\/2021\/02\/Loup-gris-se-deguise-5-scaled.jpg\"><img data-recalc-dims=\"1\" loading=\"lazy\" decoding=\"async\" data-attachment-id=\"15880\" data-permalink=\"http:\/\/www.jojoenherbe.com\/index.php\/2021\/02\/19\/au-fil-des-pages-avec-loup-gris-se-deguise\/loup-gris-se-deguise-5\/\" data-orig-file=\"https:\/\/i0.wp.com\/www.jojoenherbe.com\/wp-content\/uploads\/2021\/02\/Loup-gris-se-deguise-5-scaled.jpg?fit=2560%2C1634\" data-orig-size=\"2560,1634\" data-comments-opened=\"1\" data-image-meta=\"{&quot;aperture&quot;:&quot;1.8&quot;,&quot;credit&quot;:&quot;&quot;,&quot;camera&quot;:&quot;iPhone 7&quot;,&quot;caption&quot;:&quot;&quot;,&quot;created_timestamp&quot;:&quot;1596221265&quot;,&quot;copyright&quot;:&quot;&quot;,&quot;focal_length&quot;:&quot;3.99&quot;,&quot;iso&quot;:&quot;80&quot;,&quot;shutter_speed&quot;:&quot;0.058823529411765&quot;,&quot;title&quot;:&quot;&quot;,&quot;orientation&quot;:&quot;1&quot;}\" data-image-title=\"Loup gris se d\u00e9guise 5\" data-image-description=\"\" data-image-caption=\"\" data-large-file=\"https:\/\/i0.wp.com\/www.jojoenherbe.com\/wp-content\/uploads\/2021\/02\/Loup-gris-se-deguise-5-scaled.jpg?fit=676%2C432\" class=\"size-thumbnail wp-image-15880 alignright\" src=\"https:\/\/i0.wp.com\/www.jojoenherbe.com\/wp-content\/uploads\/2021\/02\/Loup-gris-se-deguise-5.jpg?resize=150%2C150\" alt=\"\" width=\"150\" height=\"150\" srcset=\"https:\/\/i0.wp.com\/www.jojoenherbe.com\/wp-content\/uploads\/2021\/02\/Loup-gris-se-deguise-5-scaled.jpg?resize=150%2C150 150w, https:\/\/i0.wp.com\/www.jojoenherbe.com\/wp-content\/uploads\/2021\/02\/Loup-gris-se-deguise-5-scaled.jpg?zoom=2&amp;resize=150%2C150 300w, https:\/\/i0.wp.com\/www.jojoenherbe.com\/wp-content\/uploads\/2021\/02\/Loup-gris-se-deguise-5-scaled.jpg?zoom=3&amp;resize=150%2C150 450w\" sizes=\"auto, (max-width: 150px) 100vw, 150px\" \/><\/a>\u00a0 Il s&rsquo;agit de la quatri\u00e8me aventure (ou plut\u00f4t m\u00e9saventure) de Loup gris mais la deuxi\u00e8me que nous lisons puisque nous n&rsquo;avions lu que la premi\u00e8re, <span style=\"text-decoration: underline;\">Loup gris et la mouche<\/span>. Nous retrouvons Loup gris, un loup bien maladroit. Malgr\u00e9 tous ses efforts, il se ridiculise jusqu&rsquo;\u00e0 se laisser amadouer par une dr\u00f4le de louve. Leurs \u00e9changes rappellent ceux entre le Petit chaperon rouge et le loup d\u00e9guis\u00e9 en M\u00e8re-Grand. L&rsquo;histoire est rigolote, m\u00eame si elle est au d\u00e9pens de Loup gris. Un bon moment de lecture avec une chute tr\u00e8s dr\u00f4le!<\/em><\/p>\n<div id=\"attachment_10219\" style=\"width: 114px\" class=\"wp-caption alignleft\"><img loading=\"lazy\" decoding=\"async\" aria-describedby=\"caption-attachment-10219\" data-attachment-id=\"10219\" data-permalink=\"http:\/\/www.jojoenherbe.com\/index.php\/2020\/03\/02\/au-fil-des-pages-avec-lievre-et-ours-sous-la-neige\/lievre-et-ours-sous-la-neige\/\" data-orig-file=\"https:\/\/i0.wp.com\/www.jojoenherbe.com\/wp-content\/uploads\/2020\/03\/Li%C3%A8vre-et-Ours-sous-la-neige-scaled.jpg?fit=2560%2C1892\" data-orig-size=\"2560,1892\" data-comments-opened=\"1\" data-image-meta=\"{&quot;aperture&quot;:&quot;2.4&quot;,&quot;credit&quot;:&quot;&quot;,&quot;camera&quot;:&quot;iPhone 4S&quot;,&quot;caption&quot;:&quot;&quot;,&quot;created_timestamp&quot;:&quot;1583147305&quot;,&quot;copyright&quot;:&quot;&quot;,&quot;focal_length&quot;:&quot;4.28&quot;,&quot;iso&quot;:&quot;640&quot;,&quot;shutter_speed&quot;:&quot;0.066666666666667&quot;,&quot;title&quot;:&quot;&quot;,&quot;orientation&quot;:&quot;1&quot;}\" data-image-title=\"Li\u00e8vre et Ours, sous la neige\" data-image-description=\"\" data-image-caption=\"\" data-large-file=\"https:\/\/i0.wp.com\/www.jojoenherbe.com\/wp-content\/uploads\/2020\/03\/Li%C3%A8vre-et-Ours-sous-la-neige-scaled.jpg?fit=676%2C500\" class=\"wp-image-10219\" src=\"https:\/\/i2.wp.com\/mapetitemediatheque.fr\/wp-content\/uploads\/2018\/11\/challenge-contes-et-l\u00e9gendes.jpg?resize=131%2C164\" sizes=\"auto, (max-width: 343px) 100vw, 343px\" srcset=\"https:\/\/i2.wp.com\/mapetitemediatheque.fr\/wp-content\/uploads\/2018\/11\/challenge-contes-et-l\u00e9gendes.jpg?resize=131%2C164 343w, http:\/\/mapetitemediatheque.fr\/wp-content\/uploads\/2018\/11\/challenge-contes-et-l\u00e9gendes-239x300.jpg 239w\" alt=\"\" width=\"104\" height=\"130\" aria-describedby=\"caption-attachment-10219\" data-attachment-id=\"10219\" data-permalink=\"http:\/\/www.jojoenherbe.com\/index.php\/2020\/03\/02\/au-fil-des-pages-avec-lievre-et-ours-sous-la-neige\/lievre-et-ours-sous-la-neige\/\" data-orig-file=\"https:\/\/i1.wp.com\/www.jojoenherbe.com\/wp-content\/uploads\/2020\/03\/Li\u00e8vre-et-Ours-sous-la-neige-scaled.jpg?fit=2560%2C1892\" data-orig-size=\"2560,1892\" data-comments-opened=\"1\" data-image-meta=\"{&quot;aperture&quot;:&quot;2.4&quot;,&quot;credit&quot;:&quot;&quot;,&quot;camera&quot;:&quot;iPhone 4S&quot;,&quot;caption&quot;:&quot;&quot;,&quot;created_timestamp&quot;:&quot;1583147305&quot;,&quot;copyright&quot;:&quot;&quot;,&quot;focal_length&quot;:&quot;4.28&quot;,&quot;iso&quot;:&quot;640&quot;,&quot;shutter_speed&quot;:&quot;0.066666666666667&quot;,&quot;title&quot;:&quot;&quot;,&quot;orientation&quot;:&quot;1&quot;}\" data-image-title=\"Li\u00e8vre et Ours, sous la neige\" data-image-description=\"\" data-medium-file=\"https:\/\/i1.wp.com\/www.jojoenherbe.com\/wp-content\/uploads\/2020\/03\/Li\u00e8vre-et-Ours-sous-la-neige-scaled.jpg?fit=300%2C222\" data-large-file=\"https:\/\/i1.wp.com\/www.jojoenherbe.com\/wp-content\/uploads\/2020\/03\/Li\u00e8vre-et-Ours-sous-la-neige-scaled.jpg?fit=676%2C500\" data-recalc-dims=\"1\" \/><p id=\"caption-attachment-10219\" class=\"wp-caption-text\">Participation #18 au Challenge Contes &amp; L\u00e9gendes 2021 de <a href=\"https:\/\/mapetitemediatheque.fr\/2020\/12\/challenge-contes-legendes-2021\/\">Bidib<\/a><\/p><\/div>\n<div style=\"width: 137px\" class=\"wp-caption alignleft\"><img loading=\"lazy\" decoding=\"async\" class=\"\" src=\"https:\/\/lh3.googleusercontent.com\/pw\/ACtC-3eIuIHfDCWnQjrbP_Gttnq9qrZJ0sCLWnTR3GjIOIiC54aYp8f1rKz8fy3EJIYJcUrzUv3KnF-YnYTE-vhMmRU8myeq_V_5OYKPelcJ6I4-bD-P1SjmJYevXt0TGhPCpROfcXeg5SJ_4KvwWeBQfvsOWw=w285-h217-no?authuser=1\" alt=\"\" width=\"127\" height=\"97\" \/><p class=\"wp-caption-text\">Challenge Petit Bac d&rsquo;<a href=\"https:\/\/ennalit.wordpress.com\/2020\/12\/01\/challenge-petit-bac-2021-qui-veut-jouer\/\">Enna<\/a> #4 Cat\u00e9gorie Couleur: \u00ab\u00a0Gris\u00a0\u00bb<\/p><\/div>\n","protected":false},"excerpt":{"rendered":"<p>Nous empruntons \u00e0 nouveau \u00e0 la m\u00e9diath\u00e8que pour le carnaval Loup gris se d\u00e9guise de Gilles Bizouerne et Ronan Badel (\u00e9d. Didier Jeunesse, 2019), un album jeunesse \u00e0 partir de 5 ans. Loup gris a terriblement faim mais il n&rsquo;arrive pas \u00e0 chasser la moindre proie. En voyant la technique du crocodile, il se dit [&hellip;]<\/p>\n","protected":false},"author":1,"featured_media":15871,"comment_status":"open","ping_status":"open","sticky":false,"template":"","format":"standard","meta":{"jetpack_post_was_ever_published":false,"_jetpack_newsletter_access":"","_jetpack_dont_email_post_to_subs":false,"_jetpack_newsletter_tier_id":0,"_jetpack_memberships_contains_paywalled_content":false,"_jetpack_memberships_contains_paid_content":false,"footnotes":""},"categories":[363],"tags":[995,409,1234,2020,2018,1870,650,760,574,1277,2216,538,748,367,541,542,393,1739,728],"class_list":["post-15866","post","type-post","status-publish","format-standard","has-post-thumbnail","hentry","category-mini-lecteur","tag-5-8-ans","tag-albums-jeunesse","tag-carnaval","tag-challenge-contes-et-legendes-2021","tag-challenge-petit-bac-2021","tag-chasseur","tag-crocodile","tag-deguisement","tag-faim","tag-foret","tag-gilles-bizouerne","tag-humour","tag-le-petit-chaperon-rouge","tag-lecture-jeunesse","tag-loup","tag-mouton","tag-oiseau","tag-ronan-badel","tag-ruse","post-preview"],"jetpack_featured_media_url":"https:\/\/i0.wp.com\/www.jojoenherbe.com\/wp-content\/uploads\/2021\/02\/Loup-gris-se-deguise-scaled.jpg?fit=2560%2C1920","jetpack_sharing_enabled":true,"jetpack_shortlink":"https:\/\/wp.me\/p9zhGx-47U","jetpack_likes_enabled":true,"jetpack-related-posts":[{"id":15883,"url":"http:\/\/www.jojoenherbe.com\/index.php\/2021\/02\/19\/nos-lectures-sur-le-theme-du-carnaval-2021\/","url_meta":{"origin":15866,"position":0},"title":"Nos lectures sur le th\u00e8me du carnaval 2021","author":"Jojo","date":"19 f\u00e9vrier 2021","format":false,"excerpt":"Mardi-gras ayant eu lieu mardi 16 f\u00e9vrier 2021, nous avons commenc\u00e9 cette semaine nos lectures sur le th\u00e8me du carnaval. Ce billet sera actualis\u00e9 au fur-et-\u00e0-mesure de nos lectures. Des albums jeunesse: une relecture de l\u2019ann\u00e9e derni\u00e8re avec Loup gris se d\u00e9guise de Gilles Bizouerne et Ronan Badel (\u00e9d. Didier\u2026","rel":"","context":"Dans &quot;Mini lecteur&quot;","block_context":{"text":"Mini lecteur","link":"http:\/\/www.jojoenherbe.com\/index.php\/category\/mini-lecteur\/"},"img":{"alt_text":"","src":"https:\/\/i0.wp.com\/www.jojoenherbe.com\/wp-content\/uploads\/2021\/02\/Selection-carnaval-2-scaled.jpg?fit=1200%2C900&resize=350%2C200","width":350,"height":200,"srcset":"https:\/\/i0.wp.com\/www.jojoenherbe.com\/wp-content\/uploads\/2021\/02\/Selection-carnaval-2-scaled.jpg?fit=1200%2C900&resize=350%2C200 1x, https:\/\/i0.wp.com\/www.jojoenherbe.com\/wp-content\/uploads\/2021\/02\/Selection-carnaval-2-scaled.jpg?fit=1200%2C900&resize=525%2C300 1.5x, https:\/\/i0.wp.com\/www.jojoenherbe.com\/wp-content\/uploads\/2021\/02\/Selection-carnaval-2-scaled.jpg?fit=1200%2C900&resize=700%2C400 2x, https:\/\/i0.wp.com\/www.jojoenherbe.com\/wp-content\/uploads\/2021\/02\/Selection-carnaval-2-scaled.jpg?fit=1200%2C900&resize=1050%2C600 3x"},"classes":[]},{"id":8665,"url":"http:\/\/www.jojoenherbe.com\/index.php\/2019\/11\/28\/au-fil-des-pages-avec-histoires-de-loups\/","url_meta":{"origin":15866,"position":1},"title":"Au fil des pages avec Histoires de loups","author":"Jojo","date":"28 novembre 2019","format":false,"excerpt":"Nous empruntons \u00e0 la biblioth\u00e8que Histoires de loups de Mario Ramos (\u00e9d. L'\u00e9cole des loisirs, coll. Pastel, 2018), un album jeunesse \u00e0 partir de 3 ans. Ce recueil\u00a0 regroupe quatre histoires de l'auteur mettant en sc\u00e8ne le loup et d'autres personnages des contes traditionnels dans des situations loufoques, dr\u00f4les et\u2026","rel":"","context":"Dans &quot;Mini lecteur&quot;","block_context":{"text":"Mini lecteur","link":"http:\/\/www.jojoenherbe.com\/index.php\/category\/mini-lecteur\/"},"img":{"alt_text":"","src":"https:\/\/i0.wp.com\/www.jojoenherbe.com\/wp-content\/uploads\/2019\/11\/Histoires-de-loups-scaled.jpg?fit=1200%2C985&resize=350%2C200","width":350,"height":200,"srcset":"https:\/\/i0.wp.com\/www.jojoenherbe.com\/wp-content\/uploads\/2019\/11\/Histoires-de-loups-scaled.jpg?fit=1200%2C985&resize=350%2C200 1x, https:\/\/i0.wp.com\/www.jojoenherbe.com\/wp-content\/uploads\/2019\/11\/Histoires-de-loups-scaled.jpg?fit=1200%2C985&resize=525%2C300 1.5x, https:\/\/i0.wp.com\/www.jojoenherbe.com\/wp-content\/uploads\/2019\/11\/Histoires-de-loups-scaled.jpg?fit=1200%2C985&resize=700%2C400 2x, https:\/\/i0.wp.com\/www.jojoenherbe.com\/wp-content\/uploads\/2019\/11\/Histoires-de-loups-scaled.jpg?fit=1200%2C985&resize=1050%2C600 3x"},"classes":[]},{"id":15357,"url":"http:\/\/www.jojoenherbe.com\/index.php\/2021\/01\/25\/au-fil-des-pages-avec-la-soupe-aux-pois\/","url_meta":{"origin":15866,"position":2},"title":"Au fil des pages avec La soupe aux pois","author":"Jojo","date":"25 janvier 2021","format":false,"excerpt":"Nous empruntons \u00e0 la m\u00e9diath\u00e8que La soupe aux pois de Fran\u00e7oise Diep et Magali Le Huche (\u00e9d. Didier Jeunesse, 2006), un album jeunesse \u00e0 partir de 3 ans. Lors d'un hiver glacial, Pierre et Toison avec leur b\u00e9b\u00e9 se retrouvent \u00e0 court de bois pour le feu. Pendant que Toison\u2026","rel":"","context":"Dans &quot;Mini lecteur&quot;","block_context":{"text":"Mini lecteur","link":"http:\/\/www.jojoenherbe.com\/index.php\/category\/mini-lecteur\/"},"img":{"alt_text":"","src":"https:\/\/i0.wp.com\/www.jojoenherbe.com\/wp-content\/uploads\/2021\/01\/La-soupe-aux-pois-scaled.jpg?fit=1200%2C900&resize=350%2C200","width":350,"height":200,"srcset":"https:\/\/i0.wp.com\/www.jojoenherbe.com\/wp-content\/uploads\/2021\/01\/La-soupe-aux-pois-scaled.jpg?fit=1200%2C900&resize=350%2C200 1x, https:\/\/i0.wp.com\/www.jojoenherbe.com\/wp-content\/uploads\/2021\/01\/La-soupe-aux-pois-scaled.jpg?fit=1200%2C900&resize=525%2C300 1.5x, https:\/\/i0.wp.com\/www.jojoenherbe.com\/wp-content\/uploads\/2021\/01\/La-soupe-aux-pois-scaled.jpg?fit=1200%2C900&resize=700%2C400 2x, https:\/\/i0.wp.com\/www.jojoenherbe.com\/wp-content\/uploads\/2021\/01\/La-soupe-aux-pois-scaled.jpg?fit=1200%2C900&resize=1050%2C600 3x"},"classes":[]},{"id":11056,"url":"http:\/\/www.jojoenherbe.com\/index.php\/2020\/05\/27\/au-fil-des-pages-avec-elmer\/","url_meta":{"origin":15866,"position":3},"title":"Au fil des pages avec Elmer","author":"Jojo","date":"27 mai 2020","format":false,"excerpt":"Nous empruntons \u00e0 la m\u00e9diath\u00e8que Elmer de David McKee (\u00e9d. Kal\u00e9idoscope, 1989, r\u00e9\u00e9d. 2003), un album jeunesse \u00e0 partir de 3 ans et qui est devenu un classique de la litt\u00e9rature jeunesse. Elmer est un petit \u00e9l\u00e9phant farceur qui aimerait \u00eatre gris comme les autres \u00e9l\u00e9phants. Mais il est tout\u2026","rel":"","context":"Dans &quot;Mini lecteur&quot;","block_context":{"text":"Mini lecteur","link":"http:\/\/www.jojoenherbe.com\/index.php\/category\/mini-lecteur\/"},"img":{"alt_text":"","src":"https:\/\/i0.wp.com\/www.jojoenherbe.com\/wp-content\/uploads\/2020\/05\/Elmer-2-scaled.jpg?fit=1200%2C875&resize=350%2C200","width":350,"height":200,"srcset":"https:\/\/i0.wp.com\/www.jojoenherbe.com\/wp-content\/uploads\/2020\/05\/Elmer-2-scaled.jpg?fit=1200%2C875&resize=350%2C200 1x, https:\/\/i0.wp.com\/www.jojoenherbe.com\/wp-content\/uploads\/2020\/05\/Elmer-2-scaled.jpg?fit=1200%2C875&resize=525%2C300 1.5x, https:\/\/i0.wp.com\/www.jojoenherbe.com\/wp-content\/uploads\/2020\/05\/Elmer-2-scaled.jpg?fit=1200%2C875&resize=700%2C400 2x, https:\/\/i0.wp.com\/www.jojoenherbe.com\/wp-content\/uploads\/2020\/05\/Elmer-2-scaled.jpg?fit=1200%2C875&resize=1050%2C600 3x"},"classes":[]},{"id":18730,"url":"http:\/\/www.jojoenherbe.com\/index.php\/2021\/06\/02\/au-fil-des-pages-avec-gros-loup-et-la-petite-bete\/","url_meta":{"origin":15866,"position":4},"title":"Au fil des pages avec Gros Loup et la petite b\u00eate","author":"Jojo","date":"2 juin 2021","format":false,"excerpt":"Ces derniers jours, nous lisons et relisons Gros Loup et la petite b\u00eate de Rob Hodgson (\u00e9d. Belin Jeunesse, 2017), un album jeunesse \u00e0 partir de 3 ans et qui a fait partie de la s\u00e9lection Maternelle du 30e Prix des Incos en 2019. Dans une ambiance automnale, un loup\u2026","rel":"","context":"Dans &quot;Mini lecteur&quot;","block_context":{"text":"Mini lecteur","link":"http:\/\/www.jojoenherbe.com\/index.php\/category\/mini-lecteur\/"},"img":{"alt_text":"","src":"https:\/\/i0.wp.com\/www.jojoenherbe.com\/wp-content\/uploads\/2021\/06\/Gros-Loup-et-la-petite-bete-scaled.jpg?fit=1200%2C900&resize=350%2C200","width":350,"height":200,"srcset":"https:\/\/i0.wp.com\/www.jojoenherbe.com\/wp-content\/uploads\/2021\/06\/Gros-Loup-et-la-petite-bete-scaled.jpg?fit=1200%2C900&resize=350%2C200 1x, https:\/\/i0.wp.com\/www.jojoenherbe.com\/wp-content\/uploads\/2021\/06\/Gros-Loup-et-la-petite-bete-scaled.jpg?fit=1200%2C900&resize=525%2C300 1.5x, https:\/\/i0.wp.com\/www.jojoenherbe.com\/wp-content\/uploads\/2021\/06\/Gros-Loup-et-la-petite-bete-scaled.jpg?fit=1200%2C900&resize=700%2C400 2x, https:\/\/i0.wp.com\/www.jojoenherbe.com\/wp-content\/uploads\/2021\/06\/Gros-Loup-et-la-petite-bete-scaled.jpg?fit=1200%2C900&resize=1050%2C600 3x"},"classes":[]},{"id":11963,"url":"http:\/\/www.jojoenherbe.com\/index.php\/2020\/08\/24\/au-fil-des-pages-avec-le-diner\/","url_meta":{"origin":15866,"position":5},"title":"Au fil des pages avec Le d\u00eener","author":"Jojo","date":"24 ao\u00fbt 2020","format":false,"excerpt":"Nous empruntons \u00e0 la m\u00e9diath\u00e8que Le d\u00eener de Michel Van Zeveren (\u00e9d. L'\u00e9cole des loisirs, coll. Pastel, 2012), un album jeunesse \u00e0 partir de 2\/3 ans. C'est bient\u00f4t l'heure du d\u00eener. En attendant et alors qu'il devrait patienter chez lui, Petit Lapin va jouer dans les bois et se fait\u2026","rel":"","context":"Dans &quot;Mini lecteur&quot;","block_context":{"text":"Mini lecteur","link":"http:\/\/www.jojoenherbe.com\/index.php\/category\/mini-lecteur\/"},"img":{"alt_text":"","src":"https:\/\/i0.wp.com\/www.jojoenherbe.com\/wp-content\/uploads\/2020\/08\/Le-diner-1-scaled.jpg?fit=1200%2C977&resize=350%2C200","width":350,"height":200,"srcset":"https:\/\/i0.wp.com\/www.jojoenherbe.com\/wp-content\/uploads\/2020\/08\/Le-diner-1-scaled.jpg?fit=1200%2C977&resize=350%2C200 1x, https:\/\/i0.wp.com\/www.jojoenherbe.com\/wp-content\/uploads\/2020\/08\/Le-diner-1-scaled.jpg?fit=1200%2C977&resize=525%2C300 1.5x, https:\/\/i0.wp.com\/www.jojoenherbe.com\/wp-content\/uploads\/2020\/08\/Le-diner-1-scaled.jpg?fit=1200%2C977&resize=700%2C400 2x, https:\/\/i0.wp.com\/www.jojoenherbe.com\/wp-content\/uploads\/2020\/08\/Le-diner-1-scaled.jpg?fit=1200%2C977&resize=1050%2C600 3x"},"classes":[]}],"_links":{"self":[{"href":"http:\/\/www.jojoenherbe.com\/index.php\/wp-json\/wp\/v2\/posts\/15866","targetHints":{"allow":["GET"]}}],"collection":[{"href":"http:\/\/www.jojoenherbe.com\/index.php\/wp-json\/wp\/v2\/posts"}],"about":[{"href":"http:\/\/www.jojoenherbe.com\/index.php\/wp-json\/wp\/v2\/types\/post"}],"author":[{"embeddable":true,"href":"http:\/\/www.jojoenherbe.com\/index.php\/wp-json\/wp\/v2\/users\/1"}],"replies":[{"embeddable":true,"href":"http:\/\/www.jojoenherbe.com\/index.php\/wp-json\/wp\/v2\/comments?post=15866"}],"version-history":[{"count":0,"href":"http:\/\/www.jojoenherbe.com\/index.php\/wp-json\/wp\/v2\/posts\/15866\/revisions"}],"wp:featuredmedia":[{"embeddable":true,"href":"http:\/\/www.jojoenherbe.com\/index.php\/wp-json\/wp\/v2\/media\/15871"}],"wp:attachment":[{"href":"http:\/\/www.jojoenherbe.com\/index.php\/wp-json\/wp\/v2\/media?parent=15866"}],"wp:term":[{"taxonomy":"category","embeddable":true,"href":"http:\/\/www.jojoenherbe.com\/index.php\/wp-json\/wp\/v2\/categories?post=15866"},{"taxonomy":"post_tag","embeddable":true,"href":"http:\/\/www.jojoenherbe.com\/index.php\/wp-json\/wp\/v2\/tags?post=15866"}],"curies":[{"name":"wp","href":"https:\/\/api.w.org\/{rel}","templated":true}]}}