{"id":15648,"date":"2021-11-05T13:13:05","date_gmt":"2021-11-05T12:13:05","guid":{"rendered":"http:\/\/www.jojoenherbe.com\/?p=15648"},"modified":"2021-11-05T17:05:29","modified_gmt":"2021-11-05T16:05:29","slug":"au-fil-des-pages-avec-le-reveil-des-sorcieres","status":"publish","type":"post","link":"http:\/\/www.jojoenherbe.com\/index.php\/2021\/11\/05\/au-fil-des-pages-avec-le-reveil-des-sorcieres\/","title":{"rendered":"Au fil des pages avec Le r\u00e9veil des sorci\u00e8res"},"content":{"rendered":"<p style=\"text-align: justify;\"><em>Au hasard des romans mis en avant \u00e0 la m\u00e9diath\u00e8que, j&rsquo;avais lu d\u00e9but f\u00e9vrier 2021 <span style=\"text-decoration: underline;\">Le r\u00e9veil des sorci\u00e8res<\/span> de St\u00e9phanie Janicot (\u00e9d. Albin Michel, 2020), un roman policier sous fond de sorcellerie sur les terres bretonnes, du c\u00f4t\u00e9 de Broc\u00e9liande.<\/em><\/p>\n<p style=\"text-align: justify;\"><em>Alors qu&rsquo;elle se rendait au petit matin, sur une route verglac\u00e9e, aupr\u00e8s d&rsquo;un vieux couple dont le mari \u00e9tait souffrant, Diane le Goff meurt, victime d&rsquo;un accident de la circulation. Elle laisse derri\u00e8re elle deux filles, Viviane \u00e2g\u00e9e de 19 ans et Anne-Sophie surnomm\u00e9e Soann, une adolescente de 13 ans. Les deux s\u0153urs font appel \u00e0 l&rsquo;amie d&rsquo;enfance de leur m\u00e8re d\u00e9c\u00e9d\u00e9e qui vient habiter avec elles. Cette amie &#8211; la narratrice &#8211; se rem\u00e9more alors son amiti\u00e9 avec la d\u00e9funte qu&rsquo;elle n&rsquo;avait pas revu depuis un certain temps, depuis son d\u00e9part pour Paris pour \u00eatre romanci\u00e8re. Comment faire son deuil?<br \/><\/em><\/p>\n<p style=\"text-align: justify;\"><em>L&rsquo;autrice utilise le m\u00eame proc\u00e9d\u00e9 que Daphn\u00e9 du Maurier dans <a href=\"https:\/\/www.jojoenherbe.com\/index.php\/2021\/06\/24\/au-fil-des-pages-avec-rebecca\/\"><span style=\"text-decoration: underline;\">Rebecca<\/span><\/a>, le pr\u00e9nom de la narratrice \u00e9tant occult\u00e9e contrairement \u00e0 l&rsquo;identit\u00e9 omnipr\u00e9sente de la d\u00e9funte Diane et malgr\u00e9 les ann\u00e9es pass\u00e9es et la distance, celle-ci est encore tr\u00e8s marqu\u00e9e par la personnalit\u00e9 de son amie (pensant m\u00eame \u00eatre \u00e0 l&rsquo;origine de son d\u00e9c\u00e8s apr\u00e8s avoir \u00e9crit un d\u00e9but de roman sur la magie noire s&rsquo;ouvrant sur un drame similaire).<\/em><\/p>\n<p style=\"text-align: justify;\"><em>L&rsquo;ambiance des terres bretonnes apportent une dimension magique \u00e0 une enqu\u00eate plus classique pour d\u00e9terminer si la mort de Diane \u00e9tait accidentelle ou criminelle. On retrouve dans ce roman des l\u00e9gendes celtes et arthuriennes, des secrets de famille et des non-dits qui rappellent des temps anciens o\u00f9 la figure de la gu\u00e9risseuse pouvait \u00eatre mal vue voire m\u00eame condamn\u00e9e pour sorcellerie. Il y est \u00e9galement question de deuil, de maternit\u00e9, de relations parent\/enfant, de transmission interg\u00e9n\u00e9rationnelle et aussi du pouvoir de l&rsquo;\u00e9criture.<br \/><\/em><\/p>\n<p style=\"text-align: justify;\"><em>J&rsquo;ai appr\u00e9ci\u00e9 le personnage de Soann, la fille cadette de la d\u00e9funte en qu\u00eate de sens et d&rsquo;identit\u00e9, qui d\u00e9couvre qu&rsquo;elle pourrait avoir le m\u00eame don que sa m\u00e8re et qui tente de g\u00e9rer comme elle peut le deuil de sa m\u00e8re en menant sa propre enqu\u00eate, d&rsquo;une fa\u00e7on diff\u00e9rente de Viviane qui lui appara\u00eet plus d\u00e9tach\u00e9e, \u00e0 vouloir jouer la grande avec son petit ami. <\/em><em>Un bon moment de lecture qui me donne surtout envie de me replonger dans les l\u00e9gendes et myst\u00e8res de Broc\u00e9liande!<br \/><\/em><\/p>\n<p style=\"text-align: justify;\"><em>Pour un autre avis sur ce roman: <a href=\"http:\/\/croquerlespages.canalblog.com\/archives\/2021\/11\/04\/39189072.html\">Fondant<\/a> qui a bien plus appr\u00e9ci\u00e9 que moi.<\/em><\/p>\n<div style=\"width: 121px\" class=\"wp-caption alignleft\"><img loading=\"lazy\" decoding=\"async\" data-attachment-id=\"2740\" data-permalink=\"http:\/\/www.jojoenherbe.com\/index.php\/2011\/08\/30\/tour-du-mont-bego-bis-repetita-placent\/tour-du-mont-bego-24-2\/\" data-orig-file=\"https:\/\/i0.wp.com\/www.jojoenherbe.com\/wp-content\/uploads\/2011\/08\/Tour-du-Mont-Bego-24.jpg?fit=2048%2C1536\" data-orig-size=\"2048,1536\" data-comments-opened=\"1\" data-image-meta=\"{&quot;aperture&quot;:&quot;7.6&quot;,&quot;credit&quot;:&quot;&quot;,&quot;camera&quot;:&quot;COOLPIX S5100&quot;,&quot;caption&quot;:&quot;&quot;,&quot;created_timestamp&quot;:&quot;1314438064&quot;,&quot;copyright&quot;:&quot;&quot;,&quot;focal_length&quot;:&quot;5&quot;,&quot;iso&quot;:&quot;100&quot;,&quot;shutter_speed&quot;:&quot;0.004&quot;,&quot;title&quot;:&quot;&quot;,&quot;orientation&quot;:&quot;1&quot;}\" data-image-title=\"Tour du Mont Bego 24\" data-image-description=\"\" data-image-caption=\"\" data-large-file=\"https:\/\/i0.wp.com\/www.jojoenherbe.com\/wp-content\/uploads\/2011\/08\/Tour-du-Mont-Bego-24.jpg?fit=676%2C507\" class=\"\" src=\"https:\/\/lelivroblog.files.wordpress.com\/2021\/09\/marko-blazevic-s7mangnwv1a-unsplash-04.jpg?resize=111%2C111\" srcset=\"https:\/\/lelivroblog.files.wordpress.com\/2021\/09\/marko-blazevic-s7mangnwv1a-unsplash-04.jpg?resize=116%2C116?strip=info&amp;w=600 600w,https:\/\/lelivroblog.files.wordpress.com\/2021\/09\/marko-blazevic-s7mangnwv1a-unsplash-04.jpg?resize=116%2C116?strip=info&amp;w=900 900w,https:\/\/lelivroblog.files.wordpress.com\/2021\/09\/marko-blazevic-s7mangnwv1a-unsplash-04.jpg?resize=116%2C116?strip=info&amp;w=1200 1200w,https:\/\/lelivroblog.files.wordpress.com\/2021\/09\/marko-blazevic-s7mangnwv1a-unsplash-04.jpg?resize=116%2C116?strip=info&amp;w=1500 1500w,https:\/\/lelivroblog.files.wordpress.com\/2021\/09\/marko-blazevic-s7mangnwv1a-unsplash-04.jpg?resize=116%2C116?strip=info&amp;w=1800 1800w,https:\/\/lelivroblog.files.wordpress.com\/2021\/09\/marko-blazevic-s7mangnwv1a-unsplash-04.jpg?resize=116%2C116?strip=info&amp;w=2000 2000w\" alt=\"\" width=\"111\" height=\"111\" data-attachment-id=\"2740\" data-permalink=\"http:\/\/www.jojoenherbe.com\/index.php\/2011\/08\/30\/tour-du-mont-bego-bis-repetita-placent\/tour-du-mont-bego-24-2\/\" data-orig-file=\"https:\/\/i0.wp.com\/www.jojoenherbe.com\/wp-content\/uploads\/2011\/08\/Tour-du-Mont-Bego-24.jpg?fit=2048%2C1536\" data-orig-size=\"2048,1536\" data-comments-opened=\"1\" data-image-meta=\"{&quot;aperture&quot;:&quot;7.6&quot;,&quot;credit&quot;:&quot;&quot;,&quot;camera&quot;:&quot;COOLPIX S5100&quot;,&quot;caption&quot;:&quot;&quot;,&quot;created_timestamp&quot;:&quot;1314438064&quot;,&quot;copyright&quot;:&quot;&quot;,&quot;focal_length&quot;:&quot;5&quot;,&quot;iso&quot;:&quot;100&quot;,&quot;shutter_speed&quot;:&quot;0.004&quot;,&quot;title&quot;:&quot;&quot;,&quot;orientation&quot;:&quot;1&quot;}\" data-image-title=\"Tour du Mont Bego 24\" data-image-description=\"\" data-image-caption=\"\" data-medium-file=\"https:\/\/i0.wp.com\/www.jojoenherbe.com\/wp-content\/uploads\/2011\/08\/Tour-du-Mont-Bego-24.jpg?fit=300%2C225\" data-large-file=\"https:\/\/i0.wp.com\/www.jojoenherbe.com\/wp-content\/uploads\/2011\/08\/Tour-du-Mont-Bego-24.jpg?fit=676%2C507\" data-height=\"2995\" data-id=\"2740\" data-link=\"https:\/\/lelivroblog.wordpress.com\/?attachment_id=2740\" data-url=\"https:\/\/lelivroblog.files.wordpress.com\/2021\/09\/marko-blazevic-s7mangnwv1a-unsplash-04.jpg?resize=116%2C116?w=736\" data-width=\"2996\" data-amp-layout=\"responsive\" data-recalc-dims=\"1\" \/><p class=\"wp-caption-text\">Participation #23 au Challenge Halloween 2021 de <a href=\"https:\/\/lelivroblog.wordpress.com\/2021\/09\/07\/le-challenge-halloween-2021\/\">Hilde<\/a> et <a href=\"http:\/\/www.myloubook.com\/2021\/09\/07\/le-challenge-halloween-2021\/\">Lou<\/a> #Sorci\u00e8re gu\u00e9risseuse<\/p><\/div>\n<div style=\"width: 122px\" class=\"wp-caption alignleft\"><img loading=\"lazy\" decoding=\"async\" data-attachment-id=\"3255\" data-permalink=\"http:\/\/www.jojoenherbe.com\/index.php\/2011\/08\/07\/face-a-limmensite-des-icebergs-de-jokulsarlon\/jokulsarlon-2\/\" data-orig-file=\"https:\/\/i0.wp.com\/www.jojoenherbe.com\/wp-content\/uploads\/2011\/08\/J%C3%B6kulsarlon-2.jpg?fit=1536%2C2048\" data-orig-size=\"1536,2048\" data-comments-opened=\"1\" data-image-meta=\"{&quot;aperture&quot;:&quot;9.6&quot;,&quot;credit&quot;:&quot;&quot;,&quot;camera&quot;:&quot;COOLPIX S5100&quot;,&quot;caption&quot;:&quot;&quot;,&quot;created_timestamp&quot;:&quot;1311594913&quot;,&quot;copyright&quot;:&quot;&quot;,&quot;focal_length&quot;:&quot;8.3&quot;,&quot;iso&quot;:&quot;100&quot;,&quot;shutter_speed&quot;:&quot;0.00625&quot;,&quot;title&quot;:&quot;&quot;,&quot;orientation&quot;:&quot;1&quot;}\" data-image-title=\"J\u00f6kulsarlon 2\" data-image-description=\"\" data-image-caption=\"\" data-large-file=\"https:\/\/i0.wp.com\/www.jojoenherbe.com\/wp-content\/uploads\/2011\/08\/J%C3%B6kulsarlon-2.jpg?fit=676%2C901\" src=\"https:\/\/lelivroblog.files.wordpress.com\/2021\/10\/plumes-feminines-dautomne.jpeg?resize=112%2C112\" srcset=\"https:\/\/lelivroblog.files.wordpress.com\/2021\/10\/plumes-feminines-dautomne.jpeg?resize=112%2C112?strip=info&amp;w=600 600w,https:\/\/lelivroblog.files.wordpress.com\/2021\/10\/plumes-feminines-dautomne.jpeg?resize=112%2C112?strip=info&amp;w=900 900w,https:\/\/lelivroblog.files.wordpress.com\/2021\/10\/plumes-feminines-dautomne.jpeg?resize=112%2C112?strip=info&amp;w=1200 1200w,https:\/\/lelivroblog.files.wordpress.com\/2021\/10\/plumes-feminines-dautomne.jpeg?resize=112%2C112?strip=info&amp;w=1500 1500w,https:\/\/lelivroblog.files.wordpress.com\/2021\/10\/plumes-feminines-dautomne.jpeg?resize=112%2C112?strip=info&amp;w=1800 1800w,https:\/\/lelivroblog.files.wordpress.com\/2021\/10\/plumes-feminines-dautomne.jpeg?resize=112%2C112?strip=info&amp;w=2000 2000w\" alt=\"\" width=\"112\" height=\"112\" data-attachment-id=\"3255\" data-permalink=\"http:\/\/www.jojoenherbe.com\/index.php\/2011\/08\/07\/face-a-limmensite-des-icebergs-de-jokulsarlon\/jokulsarlon-2\/\" data-orig-file=\"https:\/\/i0.wp.com\/www.jojoenherbe.com\/wp-content\/uploads\/2011\/08\/J\u00f6kulsarlon-2.jpg?fit=1536%2C2048\" data-orig-size=\"1536,2048\" data-comments-opened=\"1\" data-image-meta=\"{&quot;aperture&quot;:&quot;9.6&quot;,&quot;credit&quot;:&quot;&quot;,&quot;camera&quot;:&quot;COOLPIX S5100&quot;,&quot;caption&quot;:&quot;&quot;,&quot;created_timestamp&quot;:&quot;1311594913&quot;,&quot;copyright&quot;:&quot;&quot;,&quot;focal_length&quot;:&quot;8.3&quot;,&quot;iso&quot;:&quot;100&quot;,&quot;shutter_speed&quot;:&quot;0.00625&quot;,&quot;title&quot;:&quot;&quot;,&quot;orientation&quot;:&quot;1&quot;}\" data-image-title=\"J\u00f6kulsarlon 2\" data-image-description=\"\" data-image-caption=\"\" data-medium-file=\"https:\/\/i0.wp.com\/www.jojoenherbe.com\/wp-content\/uploads\/2011\/08\/J\u00f6kulsarlon-2.jpg?fit=225%2C300\" data-large-file=\"https:\/\/i0.wp.com\/www.jojoenherbe.com\/wp-content\/uploads\/2011\/08\/J\u00f6kulsarlon-2.jpg?fit=676%2C901\" data-height=\"3622\" data-id=\"3255\" data-link=\"https:\/\/lelivroblog.wordpress.com\/plumes-feminines-dautomne-2\/\" data-url=\"https:\/\/lelivroblog.files.wordpress.com\/2021\/10\/plumes-feminines-dautomne.jpeg?resize=112%2C112?w=736\" data-width=\"3621\" data-amp-layout=\"responsive\" data-recalc-dims=\"1\" \/><p class=\"wp-caption-text\">Participation #68 au Challenge Lire au f\u00e9minin de <a href=\"https:\/\/avenuereinemathilde.com\/challenge-lire-au-feminin-2021\/\">Tiphanya<\/a> #Autrice fran\u00e7aise<\/p><\/div>\n<div style=\"width: 133px\" class=\"wp-caption alignleft\"><img loading=\"lazy\" decoding=\"async\" class=\"\" src=\"https:\/\/lh3.googleusercontent.com\/pw\/ACtC-3eIuIHfDCWnQjrbP_Gttnq9qrZJ0sCLWnTR3GjIOIiC54aYp8f1rKz8fy3EJIYJcUrzUv3KnF-YnYTE-vhMmRU8myeq_V_5OYKPelcJ6I4-bD-P1SjmJYevXt0TGhPCpROfcXeg5SJ_4KvwWeBQfvsOWw=w285-h217-no?authuser=1\" alt=\"\" width=\"123\" height=\"94\" \/><p class=\"wp-caption-text\">Challenge Petit Bac d\u2019Enna #13 Cat\u00e9gorie Objet: \u00ab <a href=\"https:\/\/ennalit.wordpress.com\/2020\/12\/01\/challenge-petit-bac-2021-qui-veut-jouer\/\">R\u00e9veil<\/a> \u00bb<\/p><\/div>\n<div id=\"attachment_10219\" style=\"width: 99px\" class=\"wp-caption alignleft\"><img loading=\"lazy\" decoding=\"async\" aria-describedby=\"caption-attachment-10219\" data-attachment-id=\"10219\" data-permalink=\"http:\/\/www.jojoenherbe.com\/index.php\/2020\/03\/02\/au-fil-des-pages-avec-lievre-et-ours-sous-la-neige\/lievre-et-ours-sous-la-neige\/\" data-orig-file=\"https:\/\/i0.wp.com\/www.jojoenherbe.com\/wp-content\/uploads\/2020\/03\/Li%C3%A8vre-et-Ours-sous-la-neige-scaled.jpg?fit=2560%2C1892\" data-orig-size=\"2560,1892\" data-comments-opened=\"1\" data-image-meta=\"{&quot;aperture&quot;:&quot;2.4&quot;,&quot;credit&quot;:&quot;&quot;,&quot;camera&quot;:&quot;iPhone 4S&quot;,&quot;caption&quot;:&quot;&quot;,&quot;created_timestamp&quot;:&quot;1583147305&quot;,&quot;copyright&quot;:&quot;&quot;,&quot;focal_length&quot;:&quot;4.28&quot;,&quot;iso&quot;:&quot;640&quot;,&quot;shutter_speed&quot;:&quot;0.066666666666667&quot;,&quot;title&quot;:&quot;&quot;,&quot;orientation&quot;:&quot;1&quot;}\" data-image-title=\"Li\u00e8vre et Ours, sous la neige\" data-image-description=\"\" data-image-caption=\"\" data-large-file=\"https:\/\/i0.wp.com\/www.jojoenherbe.com\/wp-content\/uploads\/2020\/03\/Li%C3%A8vre-et-Ours-sous-la-neige-scaled.jpg?fit=676%2C500\" class=\"wp-image-10219\" src=\"https:\/\/i2.wp.com\/mapetitemediatheque.fr\/wp-content\/uploads\/2018\/11\/challenge-contes-et-l\u00e9gendes.jpg?resize=131%2C164\" sizes=\"auto, (max-width: 343px) 100vw, 343px\" srcset=\"https:\/\/i2.wp.com\/mapetitemediatheque.fr\/wp-content\/uploads\/2018\/11\/challenge-contes-et-l\u00e9gendes.jpg?resize=131%2C164 343w, http:\/\/mapetitemediatheque.fr\/wp-content\/uploads\/2018\/11\/challenge-contes-et-l\u00e9gendes-239x300.jpg 239w\" alt=\"\" width=\"89\" height=\"111\" aria-describedby=\"caption-attachment-10219\" data-attachment-id=\"10219\" data-permalink=\"https:\/\/www.jojoenherbe.com\/index.php\/2020\/03\/02\/au-fil-des-pages-avec-lievre-et-ours-sous-la-neige\/lievre-et-ours-sous-la-neige\/\" data-orig-file=\"https:\/\/i1.wp.com\/www.jojoenherbe.com\/wp-content\/uploads\/2020\/03\/Li\u00e8vre-et-Ours-sous-la-neige-scaled.jpg?fit=2560%2C1892&amp;ssl=1\" data-orig-size=\"2560,1892\" data-comments-opened=\"1\" data-image-meta=\"{&quot;aperture&quot;:&quot;2.4&quot;,&quot;credit&quot;:&quot;&quot;,&quot;camera&quot;:&quot;iPhone 4S&quot;,&quot;caption&quot;:&quot;&quot;,&quot;created_timestamp&quot;:&quot;1583147305&quot;,&quot;copyright&quot;:&quot;&quot;,&quot;focal_length&quot;:&quot;4.28&quot;,&quot;iso&quot;:&quot;640&quot;,&quot;shutter_speed&quot;:&quot;0.066666666666667&quot;,&quot;title&quot;:&quot;&quot;,&quot;orientation&quot;:&quot;1&quot;}\" data-image-title=\"Li\u00e8vre et Ours, sous la neige\" data-image-description=\"\" data-image-caption=\"\" data-medium-file=\"https:\/\/i1.wp.com\/www.jojoenherbe.com\/wp-content\/uploads\/2020\/03\/Li\u00e8vre-et-Ours-sous-la-neige-scaled.jpg?fit=300%2C222&amp;ssl=1\" data-large-file=\"https:\/\/i1.wp.com\/www.jojoenherbe.com\/wp-content\/uploads\/2020\/03\/Li\u00e8vre-et-Ours-sous-la-neige-scaled.jpg?fit=676%2C500&amp;ssl=1\" data-recalc-dims=\"1\" \/><p id=\"caption-attachment-10219\" class=\"wp-caption-text\">Participation #64 au Challenge Contes &amp; L\u00e9gendes 2021 de <a href=\"https:\/\/mapetitemediatheque.fr\/2020\/12\/challenge-contes-legendes-2021\/\">Bidib<\/a> #L\u00e9gendes celtes et arthuriennes<\/p><\/div>\n\n\n<p><\/p>\n","protected":false},"excerpt":{"rendered":"<p>Au hasard des romans mis en avant \u00e0 la m\u00e9diath\u00e8que, j&rsquo;avais lu d\u00e9but f\u00e9vrier 2021 Le r\u00e9veil des sorci\u00e8res de St\u00e9phanie Janicot (\u00e9d. Albin Michel, 2020), un roman policier sous fond de sorcellerie sur les terres bretonnes, du c\u00f4t\u00e9 de Broc\u00e9liande. Alors qu&rsquo;elle se rendait au petit matin, sur une route verglac\u00e9e, aupr\u00e8s d&rsquo;un vieux [&hellip;]<\/p>\n","protected":false},"author":1,"featured_media":15649,"comment_status":"open","ping_status":"open","sticky":false,"template":"","format":"standard","meta":{"jetpack_post_was_ever_published":false,"_jetpack_newsletter_access":"","_jetpack_dont_email_post_to_subs":false,"_jetpack_newsletter_tier_id":0,"_jetpack_memberships_contains_paywalled_content":false,"_jetpack_memberships_contains_paid_content":false,"footnotes":""},"categories":[363],"tags":[1347,1842,1645,2020,2026,2018,935,936,2167,1490,914,459,1394,1900,1798,1390,2111,1331,1229,711,1288,1329,905,1330,854,340,1294],"class_list":["post-15648","post","type-post","status-publish","format-standard","has-post-thumbnail","hentry","category-mini-lecteur","tag-18-ans-et-plus","tag-adolescence","tag-bretagne","tag-challenge-contes-et-legendes-2021","tag-challenge-halloween-2021","tag-challenge-petit-bac-2021","tag-deces","tag-deuil","tag-druide","tag-ecrivain","tag-enquete","tag-famille","tag-foret-de-broceliande","tag-legende-bretonne","tag-legende-celte","tag-legendes-arthuriennes","tag-lire-au-feminin-2021","tag-meurtre","tag-orphelin","tag-prejuges","tag-rivalite","tag-roman-policier","tag-romans-adulte","tag-secrets-de-famille","tag-sorcellerie","tag-sorciere","tag-trahison","post-preview"],"jetpack_featured_media_url":"https:\/\/i0.wp.com\/www.jojoenherbe.com\/wp-content\/uploads\/2021\/02\/Le-reveil-des-sorcieres-scaled.jpg?fit=2560%2C1609","jetpack_sharing_enabled":true,"jetpack_shortlink":"https:\/\/wp.me\/p9zhGx-44o","jetpack_likes_enabled":true,"jetpack-related-posts":[{"id":15911,"url":"http:\/\/www.jojoenherbe.com\/index.php\/2021\/02\/21\/au-fil-des-pages-avec-lherbier-des-fees\/","url_meta":{"origin":15648,"position":0},"title":"Au fil des pages avec L&rsquo;Herbier des F\u00e9es","author":"Jojo","date":"21 f\u00e9vrier 2021","format":false,"excerpt":"J'emprunte \u00e0 la m\u00e9diath\u00e8que L'Herbier des F\u00e9es de S\u00e9bastien Perez et Benjamin Lacombe (\u00e9d. Albin Michel Jeunesse, 2011), un album jeunesse grand format \u00e0 partir de 8 ans. Il s'agit du carnet intime d'un \u00e9minent botaniste russe, Aleksandr Bogdanovich qui a \u00e9t\u00e9 envoy\u00e9, en mai 1914, dans la for\u00eat de\u2026","rel":"","context":"Dans &quot;Mini lecteur&quot;","block_context":{"text":"Mini lecteur","link":"http:\/\/www.jojoenherbe.com\/index.php\/category\/mini-lecteur\/"},"img":{"alt_text":"","src":"https:\/\/i0.wp.com\/www.jojoenherbe.com\/wp-content\/uploads\/2021\/02\/LHerbier-des-Fees-scaled.jpg?fit=1200%2C858&resize=350%2C200","width":350,"height":200,"srcset":"https:\/\/i0.wp.com\/www.jojoenherbe.com\/wp-content\/uploads\/2021\/02\/LHerbier-des-Fees-scaled.jpg?fit=1200%2C858&resize=350%2C200 1x, https:\/\/i0.wp.com\/www.jojoenherbe.com\/wp-content\/uploads\/2021\/02\/LHerbier-des-Fees-scaled.jpg?fit=1200%2C858&resize=525%2C300 1.5x, https:\/\/i0.wp.com\/www.jojoenherbe.com\/wp-content\/uploads\/2021\/02\/LHerbier-des-Fees-scaled.jpg?fit=1200%2C858&resize=700%2C400 2x, https:\/\/i0.wp.com\/www.jojoenherbe.com\/wp-content\/uploads\/2021\/02\/LHerbier-des-Fees-scaled.jpg?fit=1200%2C858&resize=1050%2C600 3x"},"classes":[]},{"id":10541,"url":"http:\/\/www.jojoenherbe.com\/index.php\/2020\/03\/22\/au-fil-des-pages-avec-merlin-lenfance-dun-enchanteur\/","url_meta":{"origin":15648,"position":1},"title":"Au fil des pages avec Merlin, L&rsquo;enfance d&rsquo;un enchanteur","author":"Jojo","date":"22 mars 2020","format":false,"excerpt":"Nous empruntons \u00e0 la m\u00e9diath\u00e8que Merlin, L'enfance d'un enchanteur d'Anne Ferrier et Christelle Le Guen (\u00e9d. Locus Solus, coll. La Table ronde, 2019), un album jeunesse \u00e0 partir de 5 ans. Lug, un corbeau et fid\u00e8le ami de Merlin, nous raconte sa naissance et son enfance dans la for\u00eat de\u2026","rel":"","context":"Dans &quot;Mini lecteur&quot;","block_context":{"text":"Mini lecteur","link":"http:\/\/www.jojoenherbe.com\/index.php\/category\/mini-lecteur\/"},"img":{"alt_text":"","src":"https:\/\/i0.wp.com\/www.jojoenherbe.com\/wp-content\/uploads\/2021\/01\/Merlin-Lenfance-dun-enchanteur-2-scaled.jpg?fit=1200%2C925&resize=350%2C200","width":350,"height":200,"srcset":"https:\/\/i0.wp.com\/www.jojoenherbe.com\/wp-content\/uploads\/2021\/01\/Merlin-Lenfance-dun-enchanteur-2-scaled.jpg?fit=1200%2C925&resize=350%2C200 1x, https:\/\/i0.wp.com\/www.jojoenherbe.com\/wp-content\/uploads\/2021\/01\/Merlin-Lenfance-dun-enchanteur-2-scaled.jpg?fit=1200%2C925&resize=525%2C300 1.5x, https:\/\/i0.wp.com\/www.jojoenherbe.com\/wp-content\/uploads\/2021\/01\/Merlin-Lenfance-dun-enchanteur-2-scaled.jpg?fit=1200%2C925&resize=700%2C400 2x, https:\/\/i0.wp.com\/www.jojoenherbe.com\/wp-content\/uploads\/2021\/01\/Merlin-Lenfance-dun-enchanteur-2-scaled.jpg?fit=1200%2C925&resize=1050%2C600 3x"},"classes":[]},{"id":20501,"url":"http:\/\/www.jojoenherbe.com\/index.php\/2021\/10\/12\/au-fil-des-pages-avec-les-sorcieres-de-pendle\/","url_meta":{"origin":15648,"position":2},"title":"Au fil des pages avec Les Sorci\u00e8res de Pendle","author":"Jojo","date":"12 octobre 2021","format":false,"excerpt":"D\u00e9but septembre 2021, j'ai lu Les Sorci\u00e8res de Pendle de Stacey Halls (\u00e9d. Michel Lafon, 2020, 399 pages), un roman historique prenant comme toile de fond un proc\u00e8s pour sorcellerie ayant eu lieu en Angleterre, dans le Lancashire en 1612. Il s'agit avant tout de l'histoire initiatique de Fleetwood Shuttleworth,\u2026","rel":"","context":"Dans &quot;Mini lecteur&quot;","block_context":{"text":"Mini lecteur","link":"http:\/\/www.jojoenherbe.com\/index.php\/category\/mini-lecteur\/"},"img":{"alt_text":"","src":"https:\/\/i0.wp.com\/www.jojoenherbe.com\/wp-content\/uploads\/2021\/10\/Les-Sorcieres-de-Pendle-scaled.jpg?fit=1200%2C863&resize=350%2C200","width":350,"height":200,"srcset":"https:\/\/i0.wp.com\/www.jojoenherbe.com\/wp-content\/uploads\/2021\/10\/Les-Sorcieres-de-Pendle-scaled.jpg?fit=1200%2C863&resize=350%2C200 1x, https:\/\/i0.wp.com\/www.jojoenherbe.com\/wp-content\/uploads\/2021\/10\/Les-Sorcieres-de-Pendle-scaled.jpg?fit=1200%2C863&resize=525%2C300 1.5x, https:\/\/i0.wp.com\/www.jojoenherbe.com\/wp-content\/uploads\/2021\/10\/Les-Sorcieres-de-Pendle-scaled.jpg?fit=1200%2C863&resize=700%2C400 2x, https:\/\/i0.wp.com\/www.jojoenherbe.com\/wp-content\/uploads\/2021\/10\/Les-Sorcieres-de-Pendle-scaled.jpg?fit=1200%2C863&resize=1050%2C600 3x"},"classes":[]},{"id":33115,"url":"http:\/\/www.jojoenherbe.com\/index.php\/2023\/11\/22\/au-fil-des-pages-avec-mauve\/","url_meta":{"origin":15648,"position":3},"title":"Au fil des pages avec Mauve","author":"Jojo","date":"22 novembre 2023","format":false,"excerpt":"Pour cette nouvelle lecture commune avec Hilde dans le cadre du challenge Halloween 2023, j'ai lu Mauve de Marie Desplechin et Magali Le Huche (\u00e9d. Rue de S\u00e8vres, avril 2022, 105 pages), une BD jeunesse \u00e0 partir de 9\/10 ans et qui est une adaptation du roman \u00e9ponyme que j'avais\u2026","rel":"","context":"Dans &quot;Mini lecteur&quot;","block_context":{"text":"Mini lecteur","link":"http:\/\/www.jojoenherbe.com\/index.php\/category\/mini-lecteur\/"},"img":{"alt_text":"","src":"https:\/\/i0.wp.com\/www.jojoenherbe.com\/wp-content\/uploads\/2023\/11\/Mauve-scaled.jpg?fit=1200%2C1013&resize=350%2C200","width":350,"height":200,"srcset":"https:\/\/i0.wp.com\/www.jojoenherbe.com\/wp-content\/uploads\/2023\/11\/Mauve-scaled.jpg?fit=1200%2C1013&resize=350%2C200 1x, https:\/\/i0.wp.com\/www.jojoenherbe.com\/wp-content\/uploads\/2023\/11\/Mauve-scaled.jpg?fit=1200%2C1013&resize=525%2C300 1.5x, https:\/\/i0.wp.com\/www.jojoenherbe.com\/wp-content\/uploads\/2023\/11\/Mauve-scaled.jpg?fit=1200%2C1013&resize=700%2C400 2x, https:\/\/i0.wp.com\/www.jojoenherbe.com\/wp-content\/uploads\/2023\/11\/Mauve-scaled.jpg?fit=1200%2C1013&resize=1050%2C600 3x"},"classes":[]},{"id":20696,"url":"http:\/\/www.jojoenherbe.com\/index.php\/2021\/11\/13\/notre-selection-sorcieres-pour-le-challenge-halloween-2021\/","url_meta":{"origin":15648,"position":4},"title":"Notre s\u00e9lection \u00ab\u00a0Sorci\u00e8res\u00a0\u00bb pour le Challenge Halloween 2021","author":"Jojo","date":"13 novembre 2021","format":false,"excerpt":"J'avais pr\u00e9vu de nombreuses lectures sur la th\u00e9matique \"Sorci\u00e8res\" et j'ai eu envie de les regrouper, comme l'ann\u00e9e derni\u00e8re, sous un billet commun. Alors voici notre s\u00e9lection \"Sorci\u00e8res\" qui a \u00e9volu\u00e9 au-fur-et-\u00e0-mesure de nos lectures de cette nouvelle \u00e9dition du Challenge Halloween organis\u00e9 par Hilde et Lou. Au passage, je\u2026","rel":"","context":"Dans &quot;Mini lecteur&quot;","block_context":{"text":"Mini lecteur","link":"http:\/\/www.jojoenherbe.com\/index.php\/category\/mini-lecteur\/"},"img":{"alt_text":"","src":"https:\/\/i0.wp.com\/www.jojoenherbe.com\/wp-content\/uploads\/2021\/09\/Selection-Sorcieres-2-scaled.jpg?fit=1200%2C633&resize=350%2C200","width":350,"height":200,"srcset":"https:\/\/i0.wp.com\/www.jojoenherbe.com\/wp-content\/uploads\/2021\/09\/Selection-Sorcieres-2-scaled.jpg?fit=1200%2C633&resize=350%2C200 1x, https:\/\/i0.wp.com\/www.jojoenherbe.com\/wp-content\/uploads\/2021\/09\/Selection-Sorcieres-2-scaled.jpg?fit=1200%2C633&resize=525%2C300 1.5x, https:\/\/i0.wp.com\/www.jojoenherbe.com\/wp-content\/uploads\/2021\/09\/Selection-Sorcieres-2-scaled.jpg?fit=1200%2C633&resize=700%2C400 2x, https:\/\/i0.wp.com\/www.jojoenherbe.com\/wp-content\/uploads\/2021\/09\/Selection-Sorcieres-2-scaled.jpg?fit=1200%2C633&resize=1050%2C600 3x"},"classes":[]},{"id":23590,"url":"http:\/\/www.jojoenherbe.com\/index.php\/2022\/01\/11\/au-fil-des-pages-avec-la-legende-du-chien-noir\/","url_meta":{"origin":15648,"position":5},"title":"Au fil des pages avec La l\u00e9gende du chien noir","author":"Jojo","date":"11 janvier 2022","format":false,"excerpt":"Nous lisons La l\u00e9gende du chien noir de Levi Pinfold (\u00e9d. Little Urban, 2015), un album jeunesse \u00e0 partir de 3 ans selon l'\u00e9diteur voire plut\u00f4t de 4\/5 ans. Un matin d'hiver, un immense chien noir se dresse devant la porte de la famille Hope, effrayant les uns apr\u00e8s les\u2026","rel":"","context":"Dans &quot;Mini lecteur&quot;","block_context":{"text":"Mini lecteur","link":"http:\/\/www.jojoenherbe.com\/index.php\/category\/mini-lecteur\/"},"img":{"alt_text":"","src":"https:\/\/i0.wp.com\/www.jojoenherbe.com\/wp-content\/uploads\/2022\/01\/La-legende-du-chien-noir-scaled.jpg?fit=1200%2C1005&resize=350%2C200","width":350,"height":200,"srcset":"https:\/\/i0.wp.com\/www.jojoenherbe.com\/wp-content\/uploads\/2022\/01\/La-legende-du-chien-noir-scaled.jpg?fit=1200%2C1005&resize=350%2C200 1x, https:\/\/i0.wp.com\/www.jojoenherbe.com\/wp-content\/uploads\/2022\/01\/La-legende-du-chien-noir-scaled.jpg?fit=1200%2C1005&resize=525%2C300 1.5x, https:\/\/i0.wp.com\/www.jojoenherbe.com\/wp-content\/uploads\/2022\/01\/La-legende-du-chien-noir-scaled.jpg?fit=1200%2C1005&resize=700%2C400 2x, https:\/\/i0.wp.com\/www.jojoenherbe.com\/wp-content\/uploads\/2022\/01\/La-legende-du-chien-noir-scaled.jpg?fit=1200%2C1005&resize=1050%2C600 3x"},"classes":[]}],"_links":{"self":[{"href":"http:\/\/www.jojoenherbe.com\/index.php\/wp-json\/wp\/v2\/posts\/15648","targetHints":{"allow":["GET"]}}],"collection":[{"href":"http:\/\/www.jojoenherbe.com\/index.php\/wp-json\/wp\/v2\/posts"}],"about":[{"href":"http:\/\/www.jojoenherbe.com\/index.php\/wp-json\/wp\/v2\/types\/post"}],"author":[{"embeddable":true,"href":"http:\/\/www.jojoenherbe.com\/index.php\/wp-json\/wp\/v2\/users\/1"}],"replies":[{"embeddable":true,"href":"http:\/\/www.jojoenherbe.com\/index.php\/wp-json\/wp\/v2\/comments?post=15648"}],"version-history":[{"count":0,"href":"http:\/\/www.jojoenherbe.com\/index.php\/wp-json\/wp\/v2\/posts\/15648\/revisions"}],"wp:featuredmedia":[{"embeddable":true,"href":"http:\/\/www.jojoenherbe.com\/index.php\/wp-json\/wp\/v2\/media\/15649"}],"wp:attachment":[{"href":"http:\/\/www.jojoenherbe.com\/index.php\/wp-json\/wp\/v2\/media?parent=15648"}],"wp:term":[{"taxonomy":"category","embeddable":true,"href":"http:\/\/www.jojoenherbe.com\/index.php\/wp-json\/wp\/v2\/categories?post=15648"},{"taxonomy":"post_tag","embeddable":true,"href":"http:\/\/www.jojoenherbe.com\/index.php\/wp-json\/wp\/v2\/tags?post=15648"}],"curies":[{"name":"wp","href":"https:\/\/api.w.org\/{rel}","templated":true}]}}