{"id":15423,"date":"2021-01-29T15:16:22","date_gmt":"2021-01-29T14:16:22","guid":{"rendered":"http:\/\/www.jojoenherbe.com\/?p=15423"},"modified":"2021-01-29T15:16:22","modified_gmt":"2021-01-29T14:16:22","slug":"au-fil-des-pages-avec-le-doudou-de-la-directrice","status":"publish","type":"post","link":"http:\/\/www.jojoenherbe.com\/index.php\/2021\/01\/29\/au-fil-des-pages-avec-le-doudou-de-la-directrice\/","title":{"rendered":"Au fil des pages avec Le doudou de la directrice"},"content":{"rendered":"<p style=\"text-align: justify;\"><em><a href=\"https:\/\/i0.wp.com\/www.jojoenherbe.com\/wp-content\/uploads\/2021\/01\/Le-doudou-de-la-directrice-2-scaled.jpg\"><img data-recalc-dims=\"1\" loading=\"lazy\" decoding=\"async\" data-attachment-id=\"15427\" data-permalink=\"http:\/\/www.jojoenherbe.com\/index.php\/2021\/01\/29\/au-fil-des-pages-avec-le-doudou-de-la-directrice\/le-doudou-de-la-directrice-2\/\" data-orig-file=\"https:\/\/i0.wp.com\/www.jojoenherbe.com\/wp-content\/uploads\/2021\/01\/Le-doudou-de-la-directrice-2-scaled.jpg?fit=2560%2C1920\" data-orig-size=\"2560,1920\" data-comments-opened=\"1\" data-image-meta=\"{&quot;aperture&quot;:&quot;1.8&quot;,&quot;credit&quot;:&quot;&quot;,&quot;camera&quot;:&quot;iPhone 7&quot;,&quot;caption&quot;:&quot;&quot;,&quot;created_timestamp&quot;:&quot;1611916101&quot;,&quot;copyright&quot;:&quot;&quot;,&quot;focal_length&quot;:&quot;3.99&quot;,&quot;iso&quot;:&quot;100&quot;,&quot;shutter_speed&quot;:&quot;0.076923076923077&quot;,&quot;title&quot;:&quot;&quot;,&quot;orientation&quot;:&quot;1&quot;}\" data-image-title=\"Le doudou de la directrice 2\" data-image-description=\"\" data-image-caption=\"\" data-large-file=\"https:\/\/i0.wp.com\/www.jojoenherbe.com\/wp-content\/uploads\/2021\/01\/Le-doudou-de-la-directrice-2-scaled.jpg?fit=676%2C507\" class=\"alignleft size-thumbnail wp-image-15427\" src=\"https:\/\/i0.wp.com\/www.jojoenherbe.com\/wp-content\/uploads\/2021\/01\/Le-doudou-de-la-directrice-2.jpg?resize=150%2C150\" alt=\"\" width=\"150\" height=\"150\" srcset=\"https:\/\/i0.wp.com\/www.jojoenherbe.com\/wp-content\/uploads\/2021\/01\/Le-doudou-de-la-directrice-2-scaled.jpg?resize=150%2C150 150w, https:\/\/i0.wp.com\/www.jojoenherbe.com\/wp-content\/uploads\/2021\/01\/Le-doudou-de-la-directrice-2-scaled.jpg?zoom=2&amp;resize=150%2C150 300w, https:\/\/i0.wp.com\/www.jojoenherbe.com\/wp-content\/uploads\/2021\/01\/Le-doudou-de-la-directrice-2-scaled.jpg?zoom=3&amp;resize=150%2C150 450w\" sizes=\"auto, (max-width: 150px) 100vw, 150px\" \/><\/a> <a href=\"https:\/\/i0.wp.com\/www.jojoenherbe.com\/wp-content\/uploads\/2021\/01\/Le-doudou-de-la-directrice-4-scaled.jpg\"><img data-recalc-dims=\"1\" loading=\"lazy\" decoding=\"async\" data-attachment-id=\"15429\" data-permalink=\"http:\/\/www.jojoenherbe.com\/index.php\/2021\/01\/29\/au-fil-des-pages-avec-le-doudou-de-la-directrice\/le-doudou-de-la-directrice-4\/\" data-orig-file=\"https:\/\/i0.wp.com\/www.jojoenherbe.com\/wp-content\/uploads\/2021\/01\/Le-doudou-de-la-directrice-4-scaled.jpg?fit=2560%2C1920\" data-orig-size=\"2560,1920\" data-comments-opened=\"1\" data-image-meta=\"{&quot;aperture&quot;:&quot;1.8&quot;,&quot;credit&quot;:&quot;&quot;,&quot;camera&quot;:&quot;iPhone 7&quot;,&quot;caption&quot;:&quot;&quot;,&quot;created_timestamp&quot;:&quot;1611916137&quot;,&quot;copyright&quot;:&quot;&quot;,&quot;focal_length&quot;:&quot;3.99&quot;,&quot;iso&quot;:&quot;100&quot;,&quot;shutter_speed&quot;:&quot;0.076923076923077&quot;,&quot;title&quot;:&quot;&quot;,&quot;orientation&quot;:&quot;1&quot;}\" data-image-title=\"Le doudou de la directrice 4\" data-image-description=\"\" data-image-caption=\"\" data-large-file=\"https:\/\/i0.wp.com\/www.jojoenherbe.com\/wp-content\/uploads\/2021\/01\/Le-doudou-de-la-directrice-4-scaled.jpg?fit=676%2C507\" class=\"alignleft size-thumbnail wp-image-15429\" src=\"https:\/\/i0.wp.com\/www.jojoenherbe.com\/wp-content\/uploads\/2021\/01\/Le-doudou-de-la-directrice-4.jpg?resize=150%2C150\" alt=\"\" width=\"150\" height=\"150\" srcset=\"https:\/\/i0.wp.com\/www.jojoenherbe.com\/wp-content\/uploads\/2021\/01\/Le-doudou-de-la-directrice-4-scaled.jpg?resize=150%2C150 150w, https:\/\/i0.wp.com\/www.jojoenherbe.com\/wp-content\/uploads\/2021\/01\/Le-doudou-de-la-directrice-4-scaled.jpg?zoom=2&amp;resize=150%2C150 300w, https:\/\/i0.wp.com\/www.jojoenherbe.com\/wp-content\/uploads\/2021\/01\/Le-doudou-de-la-directrice-4-scaled.jpg?zoom=3&amp;resize=150%2C150 450w\" sizes=\"auto, (max-width: 150px) 100vw, 150px\" \/><\/a>Nous empruntons \u00e0 la m\u00e9diath\u00e8que <span style=\"text-decoration: underline;\">Le doudou de la directrice<\/span> de Christophe Nicolas et Maur\u00e8en Poignonec (\u00e9d. Didier Jeunesse, 2016), un album jeunesse \u00e0 partir de 3 ans. La directrice de l&rsquo;\u00e9cole est toujours souriante calme et semble imperturbable malgr\u00e9 le brouhaha ambiant des \u00e9l\u00e8ves, chaque enfant recherchant son attention ou m\u00eame lorsqu&rsquo;elle re\u00e7oit par accident un ballon sur la t\u00eate. Mais quel est donc son secret? Arrivera-t-elle \u00e0 le pr\u00e9server?<\/em><\/p>\n<p style=\"text-align: justify;\"><em><a href=\"https:\/\/i0.wp.com\/www.jojoenherbe.com\/wp-content\/uploads\/2021\/01\/Le-doudou-de-la-directrice-3-scaled.jpg\"><img data-recalc-dims=\"1\" loading=\"lazy\" decoding=\"async\" data-attachment-id=\"15428\" data-permalink=\"http:\/\/www.jojoenherbe.com\/index.php\/2021\/01\/29\/au-fil-des-pages-avec-le-doudou-de-la-directrice\/le-doudou-de-la-directrice-3\/\" data-orig-file=\"https:\/\/i0.wp.com\/www.jojoenherbe.com\/wp-content\/uploads\/2021\/01\/Le-doudou-de-la-directrice-3-scaled.jpg?fit=1920%2C2560\" data-orig-size=\"1920,2560\" data-comments-opened=\"1\" data-image-meta=\"{&quot;aperture&quot;:&quot;1.8&quot;,&quot;credit&quot;:&quot;&quot;,&quot;camera&quot;:&quot;iPhone 7&quot;,&quot;caption&quot;:&quot;&quot;,&quot;created_timestamp&quot;:&quot;1611916113&quot;,&quot;copyright&quot;:&quot;&quot;,&quot;focal_length&quot;:&quot;3.99&quot;,&quot;iso&quot;:&quot;100&quot;,&quot;shutter_speed&quot;:&quot;0.058823529411765&quot;,&quot;title&quot;:&quot;&quot;,&quot;orientation&quot;:&quot;1&quot;}\" data-image-title=\"Le doudou de la directrice 3\" data-image-description=\"\" data-image-caption=\"\" data-large-file=\"https:\/\/i0.wp.com\/www.jojoenherbe.com\/wp-content\/uploads\/2021\/01\/Le-doudou-de-la-directrice-3-scaled.jpg?fit=676%2C901\" class=\"size-thumbnail wp-image-15428 alignright\" src=\"https:\/\/i0.wp.com\/www.jojoenherbe.com\/wp-content\/uploads\/2021\/01\/Le-doudou-de-la-directrice-3.jpg?resize=150%2C150\" alt=\"\" width=\"150\" height=\"150\" srcset=\"https:\/\/i0.wp.com\/www.jojoenherbe.com\/wp-content\/uploads\/2021\/01\/Le-doudou-de-la-directrice-3-scaled.jpg?resize=150%2C150 150w, https:\/\/i0.wp.com\/www.jojoenherbe.com\/wp-content\/uploads\/2021\/01\/Le-doudou-de-la-directrice-3-scaled.jpg?zoom=2&amp;resize=150%2C150 300w, https:\/\/i0.wp.com\/www.jojoenherbe.com\/wp-content\/uploads\/2021\/01\/Le-doudou-de-la-directrice-3-scaled.jpg?zoom=3&amp;resize=150%2C150 450w\" sizes=\"auto, (max-width: 150px) 100vw, 150px\" \/><\/a>Les illustrations de Maur\u00e8en Poignonec sont tendres et p\u00e9tillantes d&rsquo;humour. Il est amusant pour rechercher la pr\u00e9sence du doudou \u00e0 chaque double page. Le tout-petit lecteur qui pourrait appr\u00e9hender son premier jour \u00e0 l&rsquo;\u00e9cole pourra s&rsquo;identifier facilement avec cette ma\u00eetresse rassur\u00e9e par son doudou. Un bon moment de lecture avec cette histoire rigolote!<\/em><\/p>\n<div style=\"width: 168px\" class=\"wp-caption aligncenter\"><img loading=\"lazy\" decoding=\"async\" src=\"https:\/\/lh3.googleusercontent.com\/pw\/ACtC-3eIuIHfDCWnQjrbP_Gttnq9qrZJ0sCLWnTR3GjIOIiC54aYp8f1rKz8fy3EJIYJcUrzUv3KnF-YnYTE-vhMmRU8myeq_V_5OYKPelcJ6I4-bD-P1SjmJYevXt0TGhPCpROfcXeg5SJ_4KvwWeBQfvsOWw=w285-h217-no?authuser=1\" alt=\"\" width=\"158\" height=\"121\" \/><p class=\"wp-caption-text\">Challenge Petit Bac d&rsquo;<a href=\"https:\/\/ennalit.wordpress.com\/2020\/12\/01\/challenge-petit-bac-2021-qui-veut-jouer\/\">Enna<\/a> #2 Cat\u00e9gorie Objet: \u00ab\u00a0Doudou\u00a0\u00bb<\/p><\/div>\n","protected":false},"excerpt":{"rendered":"<p>Nous empruntons \u00e0 la m\u00e9diath\u00e8que Le doudou de la directrice de Christophe Nicolas et Maur\u00e8en Poignonec (\u00e9d. Didier Jeunesse, 2016), un album jeunesse \u00e0 partir de 3 ans. La directrice de l&rsquo;\u00e9cole est toujours souriante calme et semble imperturbable malgr\u00e9 le brouhaha ambiant des \u00e9l\u00e8ves, chaque enfant recherchant son attention ou m\u00eame lorsqu&rsquo;elle re\u00e7oit par [&hellip;]<\/p>\n","protected":false},"author":1,"featured_media":15430,"comment_status":"open","ping_status":"open","sticky":false,"template":"","format":"standard","meta":{"jetpack_post_was_ever_published":false,"_jetpack_newsletter_access":"","_jetpack_dont_email_post_to_subs":false,"_jetpack_newsletter_tier_id":0,"_jetpack_memberships_contains_paywalled_content":false,"_jetpack_memberships_contains_paid_content":false,"footnotes":""},"categories":[363],"tags":[785,409,2018,2138,408,740,538,367,2139,1100],"class_list":["post-15423","post","type-post","status-publish","format-standard","has-post-thumbnail","hentry","category-mini-lecteur","tag-3-6-ans","tag-albums-jeunesse","tag-challenge-petit-bac-2021","tag-christophe-nicolas","tag-doudou","tag-ecole","tag-humour","tag-lecture-jeunesse","tag-maureen-poignonec","tag-secret","post-preview"],"jetpack_featured_media_url":"https:\/\/i0.wp.com\/www.jojoenherbe.com\/wp-content\/uploads\/2021\/01\/Le-doudou-de-la-directrice-scaled.jpg?fit=2560%2C1920","jetpack_sharing_enabled":true,"jetpack_shortlink":"https:\/\/wp.me\/p9zhGx-40L","jetpack_likes_enabled":true,"jetpack-related-posts":[{"id":10224,"url":"http:\/\/www.jojoenherbe.com\/index.php\/2020\/03\/02\/au-fil-des-pages-avec-mon-pingouin-de-patagonie\/","url_meta":{"origin":15423,"position":0},"title":"Au fil des pages avec Mon Pingouin de Patagonie","author":"Jojo","date":"2 mars 2020","format":false,"excerpt":"Nous empruntons \u00e0 la m\u00e9diath\u00e8que Mon Pingouin de Patagonie de Sylvie Rouch et M\u00e9lanie Allag (\u00e9d. L'\u00e9lan vert, 2012), un album jeunesse \u00e0 partir de 3 ans. Comme chaque matin, une petite fille, Frida part pour l'\u00e9cole, laissant seul dans son lit, son doudou, un pingouin de laine. Celui-ci s'ennuie\u2026","rel":"","context":"Dans &quot;Mini lecteur&quot;","block_context":{"text":"Mini lecteur","link":"http:\/\/www.jojoenherbe.com\/index.php\/category\/mini-lecteur\/"},"img":{"alt_text":"","src":"https:\/\/i0.wp.com\/www.jojoenherbe.com\/wp-content\/uploads\/2020\/03\/Mon-Pingouin-de-Patagonie-scaled.jpg?fit=1200%2C848&resize=350%2C200","width":350,"height":200,"srcset":"https:\/\/i0.wp.com\/www.jojoenherbe.com\/wp-content\/uploads\/2020\/03\/Mon-Pingouin-de-Patagonie-scaled.jpg?fit=1200%2C848&resize=350%2C200 1x, https:\/\/i0.wp.com\/www.jojoenherbe.com\/wp-content\/uploads\/2020\/03\/Mon-Pingouin-de-Patagonie-scaled.jpg?fit=1200%2C848&resize=525%2C300 1.5x, https:\/\/i0.wp.com\/www.jojoenherbe.com\/wp-content\/uploads\/2020\/03\/Mon-Pingouin-de-Patagonie-scaled.jpg?fit=1200%2C848&resize=700%2C400 2x, https:\/\/i0.wp.com\/www.jojoenherbe.com\/wp-content\/uploads\/2020\/03\/Mon-Pingouin-de-Patagonie-scaled.jpg?fit=1200%2C848&resize=1050%2C600 3x"},"classes":[]},{"id":33761,"url":"http:\/\/www.jojoenherbe.com\/index.php\/2024\/01\/02\/au-fil-des-pages-avec-le-lapin-de-velours\/","url_meta":{"origin":15423,"position":1},"title":"Au fil des pages avec Le lapin de velours","author":"Jojo","date":"2 janvier 2024","format":false,"excerpt":"Nous avons lu Le lapin de velours de Margery Williams et Sarah Massini (\u00e9d. Flammarion Jeunesse, coll. P\u00e8re Castor, octobre 2017, 64 pages), un album jeunesse \u00e0 partir de 4\/5 ans selon l'\u00e9diteur mais plus proche d\u2019un roman illustr\u00e9 puisqu\u2019il comprend le texte int\u00e9gral de Margery Williams paru pour la\u2026","rel":"","context":"Dans &quot;Mini lecteur&quot;","block_context":{"text":"Mini lecteur","link":"http:\/\/www.jojoenherbe.com\/index.php\/category\/mini-lecteur\/"},"img":{"alt_text":"","src":"https:\/\/i0.wp.com\/www.jojoenherbe.com\/wp-content\/uploads\/2021\/11\/Le-lapin-de-velours-scaled.jpg?fit=1200%2C900&resize=350%2C200","width":350,"height":200,"srcset":"https:\/\/i0.wp.com\/www.jojoenherbe.com\/wp-content\/uploads\/2021\/11\/Le-lapin-de-velours-scaled.jpg?fit=1200%2C900&resize=350%2C200 1x, https:\/\/i0.wp.com\/www.jojoenherbe.com\/wp-content\/uploads\/2021\/11\/Le-lapin-de-velours-scaled.jpg?fit=1200%2C900&resize=525%2C300 1.5x, https:\/\/i0.wp.com\/www.jojoenherbe.com\/wp-content\/uploads\/2021\/11\/Le-lapin-de-velours-scaled.jpg?fit=1200%2C900&resize=700%2C400 2x, https:\/\/i0.wp.com\/www.jojoenherbe.com\/wp-content\/uploads\/2021\/11\/Le-lapin-de-velours-scaled.jpg?fit=1200%2C900&resize=1050%2C600 3x"},"classes":[]},{"id":14123,"url":"http:\/\/www.jojoenherbe.com\/index.php\/2020\/11\/30\/deuxieme-alphabet-des-animaux-g-comme-girafe\/","url_meta":{"origin":15423,"position":2},"title":"Deuxi\u00e8me alphabet des animaux: G comme Girafe","author":"Jojo","date":"30 novembre 2020","format":false,"excerpt":"Pour la semaine 33 de mon challenge sur Instagram #jojoenherbeetcieillustre qui associe la premi\u00e8re lettre d'un animal avec une illustration tir\u00e9e de la litt\u00e9rature jeunesse en suivant l'ordre de l'alphabet, il s'agit du G comme Girafe. Alors voici notre s\u00e9lection de girafes qui sera mise \u00e0 jour au fur-et-\u00e0-mesure de\u2026","rel":"","context":"Dans &quot;Mini lecteur&quot;","block_context":{"text":"Mini lecteur","link":"http:\/\/www.jojoenherbe.com\/index.php\/category\/mini-lecteur\/"},"img":{"alt_text":"","src":"https:\/\/i0.wp.com\/www.jojoenherbe.com\/wp-content\/uploads\/2020\/11\/Selection-Girafes-scaled.jpg?fit=1200%2C808&resize=350%2C200","width":350,"height":200,"srcset":"https:\/\/i0.wp.com\/www.jojoenherbe.com\/wp-content\/uploads\/2020\/11\/Selection-Girafes-scaled.jpg?fit=1200%2C808&resize=350%2C200 1x, https:\/\/i0.wp.com\/www.jojoenherbe.com\/wp-content\/uploads\/2020\/11\/Selection-Girafes-scaled.jpg?fit=1200%2C808&resize=525%2C300 1.5x, https:\/\/i0.wp.com\/www.jojoenherbe.com\/wp-content\/uploads\/2020\/11\/Selection-Girafes-scaled.jpg?fit=1200%2C808&resize=700%2C400 2x, https:\/\/i0.wp.com\/www.jojoenherbe.com\/wp-content\/uploads\/2020\/11\/Selection-Girafes-scaled.jpg?fit=1200%2C808&resize=1050%2C600 3x"},"classes":[]},{"id":13959,"url":"http:\/\/www.jojoenherbe.com\/index.php\/2020\/11\/20\/au-fil-des-pages-avec-balthazar-na-pas-peur-du-noir\/","url_meta":{"origin":15423,"position":3},"title":"Au fil des pages avec Balthazar n&rsquo;a pas peur du noir","author":"Jojo","date":"20 novembre 2020","format":false,"excerpt":"Nous lisons, dans nos derniers emprunts \u00e0 la m\u00e9diath\u00e8que, Balthazar n'a pas peur du noir et P\u00e9pin presque pas non plus de Marie-H\u00e9l\u00e8ne Place et Caroline Fontaine-Riquier (\u00e9d. Hatier Jeunesse, 2013), un album jeunesse \u00e0 partir de 3 ans. La nuit est tomb\u00e9e. Balthazar et son doudou, P\u00e9pin vont se\u2026","rel":"","context":"Dans &quot;Mini lecteur&quot;","block_context":{"text":"Mini lecteur","link":"http:\/\/www.jojoenherbe.com\/index.php\/category\/mini-lecteur\/"},"img":{"alt_text":"","src":"https:\/\/i0.wp.com\/www.jojoenherbe.com\/wp-content\/uploads\/2020\/11\/Balthazar-na-pas-peur-du-noir-4-scaled.jpg?fit=1200%2C900&resize=350%2C200","width":350,"height":200,"srcset":"https:\/\/i0.wp.com\/www.jojoenherbe.com\/wp-content\/uploads\/2020\/11\/Balthazar-na-pas-peur-du-noir-4-scaled.jpg?fit=1200%2C900&resize=350%2C200 1x, https:\/\/i0.wp.com\/www.jojoenherbe.com\/wp-content\/uploads\/2020\/11\/Balthazar-na-pas-peur-du-noir-4-scaled.jpg?fit=1200%2C900&resize=525%2C300 1.5x, https:\/\/i0.wp.com\/www.jojoenherbe.com\/wp-content\/uploads\/2020\/11\/Balthazar-na-pas-peur-du-noir-4-scaled.jpg?fit=1200%2C900&resize=700%2C400 2x, https:\/\/i0.wp.com\/www.jojoenherbe.com\/wp-content\/uploads\/2020\/11\/Balthazar-na-pas-peur-du-noir-4-scaled.jpg?fit=1200%2C900&resize=1050%2C600 3x"},"classes":[]},{"id":24465,"url":"http:\/\/www.jojoenherbe.com\/index.php\/2022\/04\/04\/point-lecture-hebdomadaire-35\/","url_meta":{"origin":15423,"position":4},"title":"Point lecture hebdomadaire #35","author":"Jojo","date":"4 avril 2022","format":false,"excerpt":"En ce d\u00e9but de semaine, voici notre point lecture hebdomadaire avec un retour sur nos lectures de la semaine derni\u00e8re (mais pas nos relectures) et ma lecture en cours, apr\u00e8s un passage \u00e0 la m\u00e9diath\u00e8que. Nos lectures du\u00a0 28 mars au 3 avril 2022: Des lectures jeunesse: (Album jeunesse) Pendant\u2026","rel":"","context":"Dans &quot;Mini blogueur&quot;","block_context":{"text":"Mini blogueur","link":"http:\/\/www.jojoenherbe.com\/index.php\/category\/mini-blogueur\/"},"img":{"alt_text":"","src":"https:\/\/i0.wp.com\/www.jojoenherbe.com\/wp-content\/uploads\/2022\/04\/Point-lecture-hebdo-35-scaled.jpg?fit=1200%2C862&resize=350%2C200","width":350,"height":200,"srcset":"https:\/\/i0.wp.com\/www.jojoenherbe.com\/wp-content\/uploads\/2022\/04\/Point-lecture-hebdo-35-scaled.jpg?fit=1200%2C862&resize=350%2C200 1x, https:\/\/i0.wp.com\/www.jojoenherbe.com\/wp-content\/uploads\/2022\/04\/Point-lecture-hebdo-35-scaled.jpg?fit=1200%2C862&resize=525%2C300 1.5x, https:\/\/i0.wp.com\/www.jojoenherbe.com\/wp-content\/uploads\/2022\/04\/Point-lecture-hebdo-35-scaled.jpg?fit=1200%2C862&resize=700%2C400 2x, https:\/\/i0.wp.com\/www.jojoenherbe.com\/wp-content\/uploads\/2022\/04\/Point-lecture-hebdo-35-scaled.jpg?fit=1200%2C862&resize=1050%2C600 3x"},"classes":[]},{"id":16806,"url":"http:\/\/www.jojoenherbe.com\/index.php\/2021\/06\/10\/au-fil-des-pages-avec-nina-et-le-doudou-magique\/","url_meta":{"origin":15423,"position":5},"title":"Au fil des pages avec Nina et le doudou magique","author":"Jojo","date":"10 juin 2021","format":false,"excerpt":"Depuis le d\u00e9but du printemps, nous lisons r\u00e9guli\u00e8rement Nina et le doudou magique de Nicola Killen (\u00e9d. Quatre Fleuves, coll. Livres po\u00e9tiques, 2019), un album jeunesse avec des d\u00e9coupes et \u00e0 partir de 3 ans. Lors d'un printemps pluvieux, Nina se d\u00e9sesp\u00e8re de pouvoir sortir dehors avec Merlin, son lapin\u2026","rel":"","context":"Dans &quot;Mini lecteur&quot;","block_context":{"text":"Mini lecteur","link":"http:\/\/www.jojoenherbe.com\/index.php\/category\/mini-lecteur\/"},"img":{"alt_text":"","src":"https:\/\/i0.wp.com\/www.jojoenherbe.com\/wp-content\/uploads\/2021\/06\/Nina-et-le-doudou-magique-scaled.jpg?fit=1200%2C900&resize=350%2C200","width":350,"height":200,"srcset":"https:\/\/i0.wp.com\/www.jojoenherbe.com\/wp-content\/uploads\/2021\/06\/Nina-et-le-doudou-magique-scaled.jpg?fit=1200%2C900&resize=350%2C200 1x, https:\/\/i0.wp.com\/www.jojoenherbe.com\/wp-content\/uploads\/2021\/06\/Nina-et-le-doudou-magique-scaled.jpg?fit=1200%2C900&resize=525%2C300 1.5x, https:\/\/i0.wp.com\/www.jojoenherbe.com\/wp-content\/uploads\/2021\/06\/Nina-et-le-doudou-magique-scaled.jpg?fit=1200%2C900&resize=700%2C400 2x, https:\/\/i0.wp.com\/www.jojoenherbe.com\/wp-content\/uploads\/2021\/06\/Nina-et-le-doudou-magique-scaled.jpg?fit=1200%2C900&resize=1050%2C600 3x"},"classes":[]}],"_links":{"self":[{"href":"http:\/\/www.jojoenherbe.com\/index.php\/wp-json\/wp\/v2\/posts\/15423","targetHints":{"allow":["GET"]}}],"collection":[{"href":"http:\/\/www.jojoenherbe.com\/index.php\/wp-json\/wp\/v2\/posts"}],"about":[{"href":"http:\/\/www.jojoenherbe.com\/index.php\/wp-json\/wp\/v2\/types\/post"}],"author":[{"embeddable":true,"href":"http:\/\/www.jojoenherbe.com\/index.php\/wp-json\/wp\/v2\/users\/1"}],"replies":[{"embeddable":true,"href":"http:\/\/www.jojoenherbe.com\/index.php\/wp-json\/wp\/v2\/comments?post=15423"}],"version-history":[{"count":0,"href":"http:\/\/www.jojoenherbe.com\/index.php\/wp-json\/wp\/v2\/posts\/15423\/revisions"}],"wp:featuredmedia":[{"embeddable":true,"href":"http:\/\/www.jojoenherbe.com\/index.php\/wp-json\/wp\/v2\/media\/15430"}],"wp:attachment":[{"href":"http:\/\/www.jojoenherbe.com\/index.php\/wp-json\/wp\/v2\/media?parent=15423"}],"wp:term":[{"taxonomy":"category","embeddable":true,"href":"http:\/\/www.jojoenherbe.com\/index.php\/wp-json\/wp\/v2\/categories?post=15423"},{"taxonomy":"post_tag","embeddable":true,"href":"http:\/\/www.jojoenherbe.com\/index.php\/wp-json\/wp\/v2\/tags?post=15423"}],"curies":[{"name":"wp","href":"https:\/\/api.w.org\/{rel}","templated":true}]}}