{"id":15400,"date":"2021-01-27T22:28:52","date_gmt":"2021-01-27T21:28:52","guid":{"rendered":"http:\/\/www.jojoenherbe.com\/?p=15400"},"modified":"2022-04-07T10:56:35","modified_gmt":"2022-04-07T08:56:35","slug":"au-fil-des-pages-avec-dors-bien-ours-brun","status":"publish","type":"post","link":"http:\/\/www.jojoenherbe.com\/index.php\/2021\/01\/27\/au-fil-des-pages-avec-dors-bien-ours-brun\/","title":{"rendered":"Au fil des pages avec Dors bien, Ours brun!"},"content":{"rendered":"<p style=\"text-align: justify;\"><em><a href=\"https:\/\/i0.wp.com\/www.jojoenherbe.com\/wp-content\/uploads\/2021\/01\/Dors-bien-Ours-brun-4-scaled.jpg\"><img data-recalc-dims=\"1\" loading=\"lazy\" decoding=\"async\" data-attachment-id=\"15405\" data-permalink=\"http:\/\/www.jojoenherbe.com\/index.php\/2021\/01\/27\/au-fil-des-pages-avec-dors-bien-ours-brun\/dors-bien-ours-brun-4\/\" data-orig-file=\"https:\/\/i0.wp.com\/www.jojoenherbe.com\/wp-content\/uploads\/2021\/01\/Dors-bien-Ours-brun-4-scaled.jpg?fit=2560%2C1710\" data-orig-size=\"2560,1710\" data-comments-opened=\"1\" data-image-meta=\"{&quot;aperture&quot;:&quot;1.8&quot;,&quot;credit&quot;:&quot;&quot;,&quot;camera&quot;:&quot;iPhone 7&quot;,&quot;caption&quot;:&quot;&quot;,&quot;created_timestamp&quot;:&quot;1597749902&quot;,&quot;copyright&quot;:&quot;&quot;,&quot;focal_length&quot;:&quot;3.99&quot;,&quot;iso&quot;:&quot;100&quot;,&quot;shutter_speed&quot;:&quot;0.125&quot;,&quot;title&quot;:&quot;&quot;,&quot;orientation&quot;:&quot;1&quot;}\" data-image-title=\"Dors bien, Ours brun 4\" data-image-description=\"\" data-image-caption=\"\" data-large-file=\"https:\/\/i0.wp.com\/www.jojoenherbe.com\/wp-content\/uploads\/2021\/01\/Dors-bien-Ours-brun-4-scaled.jpg?fit=676%2C452\" class=\"alignleft size-thumbnail wp-image-15405\" src=\"https:\/\/i0.wp.com\/www.jojoenherbe.com\/wp-content\/uploads\/2021\/01\/Dors-bien-Ours-brun-4.jpg?resize=150%2C150\" alt=\"\" width=\"150\" height=\"150\" srcset=\"https:\/\/i0.wp.com\/www.jojoenherbe.com\/wp-content\/uploads\/2021\/01\/Dors-bien-Ours-brun-4-scaled.jpg?resize=150%2C150 150w, https:\/\/i0.wp.com\/www.jojoenherbe.com\/wp-content\/uploads\/2021\/01\/Dors-bien-Ours-brun-4-scaled.jpg?zoom=2&amp;resize=150%2C150 300w, https:\/\/i0.wp.com\/www.jojoenherbe.com\/wp-content\/uploads\/2021\/01\/Dors-bien-Ours-brun-4-scaled.jpg?zoom=3&amp;resize=150%2C150 450w\" sizes=\"auto, (max-width: 150px) 100vw, 150px\" \/><\/a> <a href=\"https:\/\/i0.wp.com\/www.jojoenherbe.com\/wp-content\/uploads\/2021\/01\/Dors-bien-Ours-brun-10-scaled.jpg\"><img data-recalc-dims=\"1\" loading=\"lazy\" decoding=\"async\" data-attachment-id=\"15411\" data-permalink=\"http:\/\/www.jojoenherbe.com\/index.php\/2021\/01\/27\/au-fil-des-pages-avec-dors-bien-ours-brun\/dors-bien-ours-brun-10\/\" data-orig-file=\"https:\/\/i0.wp.com\/www.jojoenherbe.com\/wp-content\/uploads\/2021\/01\/Dors-bien-Ours-brun-10-scaled.jpg?fit=2560%2C1920\" data-orig-size=\"2560,1920\" data-comments-opened=\"1\" data-image-meta=\"{&quot;aperture&quot;:&quot;1.8&quot;,&quot;credit&quot;:&quot;&quot;,&quot;camera&quot;:&quot;iPhone 7&quot;,&quot;caption&quot;:&quot;&quot;,&quot;created_timestamp&quot;:&quot;1597751755&quot;,&quot;copyright&quot;:&quot;&quot;,&quot;focal_length&quot;:&quot;3.99&quot;,&quot;iso&quot;:&quot;40&quot;,&quot;shutter_speed&quot;:&quot;0.04&quot;,&quot;title&quot;:&quot;&quot;,&quot;orientation&quot;:&quot;1&quot;}\" data-image-title=\"Dors bien, Ours brun 10\" data-image-description=\"\" data-image-caption=\"\" data-large-file=\"https:\/\/i0.wp.com\/www.jojoenherbe.com\/wp-content\/uploads\/2021\/01\/Dors-bien-Ours-brun-10-scaled.jpg?fit=676%2C507\" class=\"alignleft size-thumbnail wp-image-15411\" src=\"https:\/\/i0.wp.com\/www.jojoenherbe.com\/wp-content\/uploads\/2021\/01\/Dors-bien-Ours-brun-10.jpg?resize=150%2C150\" alt=\"\" width=\"150\" height=\"150\" srcset=\"https:\/\/i0.wp.com\/www.jojoenherbe.com\/wp-content\/uploads\/2021\/01\/Dors-bien-Ours-brun-10-scaled.jpg?resize=150%2C150 150w, https:\/\/i0.wp.com\/www.jojoenherbe.com\/wp-content\/uploads\/2021\/01\/Dors-bien-Ours-brun-10-scaled.jpg?zoom=2&amp;resize=150%2C150 300w, https:\/\/i0.wp.com\/www.jojoenherbe.com\/wp-content\/uploads\/2021\/01\/Dors-bien-Ours-brun-10-scaled.jpg?zoom=3&amp;resize=150%2C150 450w\" sizes=\"auto, (max-width: 150px) 100vw, 150px\" \/><\/a>L&rsquo;\u00e9t\u00e9 dernier, nous avions emprunt\u00e9 \u00e0 la m\u00e9diath\u00e8que une lecture hivernale avec <span style=\"text-decoration: underline;\">Dors bien, Ours brun!<\/span> de Karma Wilson et Jane Chapman (\u00e9d. Milan, 2002), un album jeunesse \u00e0 partir de 3 ans. En plein hiver, bien \u00e0 l&rsquo;abri, l&rsquo;ours brun hiverne. Mais une petite souris puis d&rsquo;autres animaux de la for\u00eat viennent \u00e0 leur tour, un \u00e0 un, se r\u00e9fugier dans sa caverne, mangeant et chantant sans que cela ne semble r\u00e9veiller Ours brun. Ce dernier dort-il vraiment si profond\u00e9ment?<\/em><\/p>\n<p style=\"text-align: justify;\"><em><a href=\"https:\/\/i0.wp.com\/www.jojoenherbe.com\/wp-content\/uploads\/2021\/01\/Dors-bien-Ours-brun-7-scaled.jpg\"><img data-recalc-dims=\"1\" loading=\"lazy\" decoding=\"async\" data-attachment-id=\"15408\" data-permalink=\"http:\/\/www.jojoenherbe.com\/index.php\/2021\/01\/27\/au-fil-des-pages-avec-dors-bien-ours-brun\/dors-bien-ours-brun-7\/\" data-orig-file=\"https:\/\/i0.wp.com\/www.jojoenherbe.com\/wp-content\/uploads\/2021\/01\/Dors-bien-Ours-brun-7-scaled.jpg?fit=1920%2C2560\" data-orig-size=\"1920,2560\" data-comments-opened=\"1\" data-image-meta=\"{&quot;aperture&quot;:&quot;1.8&quot;,&quot;credit&quot;:&quot;&quot;,&quot;camera&quot;:&quot;iPhone 7&quot;,&quot;caption&quot;:&quot;&quot;,&quot;created_timestamp&quot;:&quot;1597750191&quot;,&quot;copyright&quot;:&quot;&quot;,&quot;focal_length&quot;:&quot;3.99&quot;,&quot;iso&quot;:&quot;100&quot;,&quot;shutter_speed&quot;:&quot;0.2&quot;,&quot;title&quot;:&quot;&quot;,&quot;orientation&quot;:&quot;1&quot;}\" data-image-title=\"Dors bien, Ours brun 7\" data-image-description=\"\" data-image-caption=\"\" data-large-file=\"https:\/\/i0.wp.com\/www.jojoenherbe.com\/wp-content\/uploads\/2021\/01\/Dors-bien-Ours-brun-7-scaled.jpg?fit=676%2C901\" class=\"size-thumbnail wp-image-15408 alignright\" src=\"https:\/\/i0.wp.com\/www.jojoenherbe.com\/wp-content\/uploads\/2021\/01\/Dors-bien-Ours-brun-7.jpg?resize=150%2C150\" alt=\"\" width=\"150\" height=\"150\" srcset=\"https:\/\/i0.wp.com\/www.jojoenherbe.com\/wp-content\/uploads\/2021\/01\/Dors-bien-Ours-brun-7-scaled.jpg?resize=150%2C150 150w, https:\/\/i0.wp.com\/www.jojoenherbe.com\/wp-content\/uploads\/2021\/01\/Dors-bien-Ours-brun-7-scaled.jpg?zoom=2&amp;resize=150%2C150 300w, https:\/\/i0.wp.com\/www.jojoenherbe.com\/wp-content\/uploads\/2021\/01\/Dors-bien-Ours-brun-7-scaled.jpg?zoom=3&amp;resize=150%2C150 450w\" sizes=\"auto, (max-width: 150px) 100vw, 150px\" \/><\/a> <a href=\"https:\/\/i0.wp.com\/www.jojoenherbe.com\/wp-content\/uploads\/2021\/01\/Dors-bien-Ours-brun-9-scaled.jpg\"><img data-recalc-dims=\"1\" loading=\"lazy\" decoding=\"async\" data-attachment-id=\"15410\" data-permalink=\"http:\/\/www.jojoenherbe.com\/index.php\/2021\/01\/27\/au-fil-des-pages-avec-dors-bien-ours-brun\/dors-bien-ours-brun-9\/\" data-orig-file=\"https:\/\/i0.wp.com\/www.jojoenherbe.com\/wp-content\/uploads\/2021\/01\/Dors-bien-Ours-brun-9-scaled.jpg?fit=2560%2C1804\" data-orig-size=\"2560,1804\" data-comments-opened=\"1\" data-image-meta=\"{&quot;aperture&quot;:&quot;1.8&quot;,&quot;credit&quot;:&quot;&quot;,&quot;camera&quot;:&quot;iPhone 7&quot;,&quot;caption&quot;:&quot;&quot;,&quot;created_timestamp&quot;:&quot;1597751751&quot;,&quot;copyright&quot;:&quot;&quot;,&quot;focal_length&quot;:&quot;3.99&quot;,&quot;iso&quot;:&quot;32&quot;,&quot;shutter_speed&quot;:&quot;0.04&quot;,&quot;title&quot;:&quot;&quot;,&quot;orientation&quot;:&quot;1&quot;}\" data-image-title=\"Dors bien, Ours brun 9\" data-image-description=\"\" data-image-caption=\"\" data-large-file=\"https:\/\/i0.wp.com\/www.jojoenherbe.com\/wp-content\/uploads\/2021\/01\/Dors-bien-Ours-brun-9-scaled.jpg?fit=676%2C477\" class=\"size-thumbnail wp-image-15410 alignright\" src=\"https:\/\/i0.wp.com\/www.jojoenherbe.com\/wp-content\/uploads\/2021\/01\/Dors-bien-Ours-brun-9.jpg?resize=150%2C150\" alt=\"\" width=\"150\" height=\"150\" srcset=\"https:\/\/i0.wp.com\/www.jojoenherbe.com\/wp-content\/uploads\/2021\/01\/Dors-bien-Ours-brun-9-scaled.jpg?resize=150%2C150 150w, https:\/\/i0.wp.com\/www.jojoenherbe.com\/wp-content\/uploads\/2021\/01\/Dors-bien-Ours-brun-9-scaled.jpg?zoom=2&amp;resize=150%2C150 300w, https:\/\/i0.wp.com\/www.jojoenherbe.com\/wp-content\/uploads\/2021\/01\/Dors-bien-Ours-brun-9-scaled.jpg?zoom=3&amp;resize=150%2C150 450w\" sizes=\"auto, (max-width: 150px) 100vw, 150px\" \/><\/a>Les illustrations de Jane Chapman sont tr\u00e8s jolies, les diff\u00e9rents animaux \u00e9tant tout mignons, entre la petite souris, le li\u00e8vre variable ou encore la taupe par exemple. La chute de l&rsquo;histoire est tout aussi adorable. Un tr\u00e8s bon moment de lecture avec cette jolie histoire d&rsquo;amiti\u00e9 dr\u00f4le et gourmande (miam le pop-corn)! Il en existe d&rsquo;autres avec ces personnages, comme <span style=\"text-decoration: underline;\">Joyeux No\u00ebl, Ours brun!<\/span> que nous n&rsquo;avons pas pu encore lire mais que j&rsquo;ai d\u00e9j\u00e0 rep\u00e9r\u00e9 \u00e0 la m\u00e9diath\u00e8que.<\/em><\/p>\n<div style=\"width: 147px\" class=\"wp-caption alignleft\"><img data-recalc-dims=\"1\" loading=\"lazy\" decoding=\"async\" class=\"nonealign widthoriginal\" src=\"https:\/\/i0.wp.com\/p4.storage.canalblog.com\/40\/68\/1394281\/128273873.png?resize=137%2C99&#038;ssl=1\" alt=\"\" width=\"137\" height=\"99\" border=\"0\" \/><p class=\"wp-caption-text\">Participation #12 Challenge Des livres (et des \u00e9crans) en cuisine de <a href=\"https:\/\/mapetitemediatheque.fr\/2020\/12\/des-livres-et-des-ecrans-en-cuisine-2021\/\">Bidib<\/a> et <a href=\"http:\/\/croquerlespages.canalblog.com\/archives\/2020\/12\/20\/38715076.html\">Fondant<\/a> #Pop-corn<\/p><\/div>\n<div style=\"width: 140px\" class=\"wp-caption alignleft\"><img loading=\"lazy\" decoding=\"async\" class=\"\" src=\"https:\/\/lh3.googleusercontent.com\/pw\/ACtC-3eIuIHfDCWnQjrbP_Gttnq9qrZJ0sCLWnTR3GjIOIiC54aYp8f1rKz8fy3EJIYJcUrzUv3KnF-YnYTE-vhMmRU8myeq_V_5OYKPelcJ6I4-bD-P1SjmJYevXt0TGhPCpROfcXeg5SJ_4KvwWeBQfvsOWw=w285-h217-no?authuser=1\" alt=\"\" width=\"130\" height=\"99\" \/><p class=\"wp-caption-text\">Challenge Petit Bac d&rsquo;<a href=\"https:\/\/ennalit.wordpress.com\/2020\/12\/01\/challenge-petit-bac-2021-qui-veut-jouer\/\">Enna<\/a> #2 Cat\u00e9gorie Couleur: \u00ab\u00a0Brun\u00a0\u00bb<\/p><\/div>\n\n\n<p><\/p>\n","protected":false},"excerpt":{"rendered":"<p>L&rsquo;\u00e9t\u00e9 dernier, nous avions emprunt\u00e9 \u00e0 la m\u00e9diath\u00e8que une lecture hivernale avec Dors bien, Ours brun! de Karma Wilson et Jane Chapman (\u00e9d. Milan, 2002), un album jeunesse \u00e0 partir de 3 ans. En plein hiver, bien \u00e0 l&rsquo;abri, l&rsquo;ours brun hiverne. Mais une petite souris puis d&rsquo;autres animaux de la for\u00eat viennent \u00e0 leur [&hellip;]<\/p>\n","protected":false},"author":1,"featured_media":15412,"comment_status":"open","ping_status":"open","sticky":false,"template":"","format":"standard","meta":{"jetpack_post_was_ever_published":false,"_jetpack_newsletter_access":"","_jetpack_dont_email_post_to_subs":false,"_jetpack_newsletter_tier_id":0,"_jetpack_memberships_contains_paywalled_content":false,"_jetpack_memberships_contains_paid_content":false,"footnotes":""},"categories":[363],"tags":[785,998,409,386,808,458,2018,2019,365,2137,1991,2136,367,1016,828,366,797,495,1336],"class_list":["post-15400","post","type-post","status-publish","format-standard","has-post-thumbnail","hentry","category-mini-lecteur","tag-3-6-ans","tag-abri","tag-albums-jeunesse","tag-amitie","tag-animaux-de-la-foret","tag-blaireau","tag-challenge-petit-bac-2021","tag-des-livres-et-des-ecrans-en-cuisine-2021","tag-hiver","tag-hivernation","tag-jane-chapman","tag-karma-wilson","tag-lecture-jeunesse","tag-lectures-dhiver","tag-lievre","tag-ours","tag-sommeil","tag-souris","tag-taupe","post-preview"],"jetpack_featured_media_url":"https:\/\/i0.wp.com\/www.jojoenherbe.com\/wp-content\/uploads\/2021\/01\/Dors-bien-Ours-brun-scaled.jpg?fit=2560%2C1920","jetpack_sharing_enabled":true,"jetpack_shortlink":"https:\/\/wp.me\/p9zhGx-40o","jetpack_likes_enabled":true,"jetpack-related-posts":[{"id":15470,"url":"http:\/\/www.jojoenherbe.com\/index.php\/2021\/01\/31\/deuxieme-alphabet-des-animaux-t-comme-taupe\/","url_meta":{"origin":15400,"position":0},"title":"Deuxi\u00e8me alphabet des animaux: T comme Taupe","author":"Jojo","date":"31 janvier 2021","format":false,"excerpt":"Pour la semaine 42 de mon challenge de l'alphabet des animaux illustr\u00e9s sur Instagram #jojoenherbeetcieillustre qui associe la premi\u00e8re lettre d'un animal avec une illustration tir\u00e9e de la litt\u00e9rature jeunesse en suivant l'ordre de l'alphabet, il s'agit du T comme Taupe. Alors voici notre s\u00e9lection de taupes qui sera mise\u2026","rel":"","context":"Dans &quot;Mini challenger&quot;","block_context":{"text":"Mini challenger","link":"http:\/\/www.jojoenherbe.com\/index.php\/category\/mini-challenger\/"},"img":{"alt_text":"","src":"https:\/\/i0.wp.com\/www.jojoenherbe.com\/wp-content\/uploads\/2021\/02\/Selection-Taupe-scaled.jpg?fit=1200%2C864&resize=350%2C200","width":350,"height":200,"srcset":"https:\/\/i0.wp.com\/www.jojoenherbe.com\/wp-content\/uploads\/2021\/02\/Selection-Taupe-scaled.jpg?fit=1200%2C864&resize=350%2C200 1x, https:\/\/i0.wp.com\/www.jojoenherbe.com\/wp-content\/uploads\/2021\/02\/Selection-Taupe-scaled.jpg?fit=1200%2C864&resize=525%2C300 1.5x, https:\/\/i0.wp.com\/www.jojoenherbe.com\/wp-content\/uploads\/2021\/02\/Selection-Taupe-scaled.jpg?fit=1200%2C864&resize=700%2C400 2x, https:\/\/i0.wp.com\/www.jojoenherbe.com\/wp-content\/uploads\/2021\/02\/Selection-Taupe-scaled.jpg?fit=1200%2C864&resize=1050%2C600 3x"},"classes":[]},{"id":11124,"url":"http:\/\/www.jojoenherbe.com\/index.php\/2020\/06\/03\/au-fil-des-pages-avec-dis-ours-tu-dors\/","url_meta":{"origin":15400,"position":1},"title":"Au fil des pages avec Dis Ours, tu dors?","author":"Jojo","date":"3 juin 2020","format":false,"excerpt":"Nous relisons ce soir Dis Ours, tu dors? de Jory John et Benji Davies (\u00e9d. Little Urban, 2017, r\u00e9\u00e9d. 2019), un album jeunesse \u00e0 partir de 3 ans. Il s'agit d'une histoire hilarante et dynamique avec un de nos duos pr\u00e9f\u00e9r\u00e9s: Canard - surexcit\u00e9 voire un brin \u00e9nervant\/\u00e9puisant et Ours\u2026","rel":"","context":"Dans &quot;Mini lecteur&quot;","block_context":{"text":"Mini lecteur","link":"http:\/\/www.jojoenherbe.com\/index.php\/category\/mini-lecteur\/"},"img":{"alt_text":"","src":"https:\/\/i0.wp.com\/www.jojoenherbe.com\/wp-content\/uploads\/2020\/06\/Dis-Ours-tu-dors-scaled.jpg?fit=1048%2C1200&resize=350%2C200","width":350,"height":200,"srcset":"https:\/\/i0.wp.com\/www.jojoenherbe.com\/wp-content\/uploads\/2020\/06\/Dis-Ours-tu-dors-scaled.jpg?fit=1048%2C1200&resize=350%2C200 1x, https:\/\/i0.wp.com\/www.jojoenherbe.com\/wp-content\/uploads\/2020\/06\/Dis-Ours-tu-dors-scaled.jpg?fit=1048%2C1200&resize=525%2C300 1.5x, https:\/\/i0.wp.com\/www.jojoenherbe.com\/wp-content\/uploads\/2020\/06\/Dis-Ours-tu-dors-scaled.jpg?fit=1048%2C1200&resize=700%2C400 2x"},"classes":[]},{"id":29647,"url":"http:\/\/www.jojoenherbe.com\/index.php\/2023\/02\/07\/au-fil-des-pages-avec-lecureuil-et-la-premiere-neige\/","url_meta":{"origin":15400,"position":2},"title":"Au fil des pages avec L&rsquo;\u00e9cureuil et la premi\u00e8re neige","author":"Jojo","date":"7 f\u00e9vrier 2023","format":false,"excerpt":"Apr\u00e8s avoir lu l'ann\u00e9e derni\u00e8re L\u2019\u00e9cureuil et la lune, nous avons lu en janvier L'\u00e9cureuil et la premi\u00e8re neige de Sebastian Meschenmoser (\u00e9d. Minedition, 2009), un album jeunesse \u00e0 partir de 3\/4 ans et joliment illustr\u00e9. Dans cette histoire, l'\u00e9cureuil est bien d\u00e9cid\u00e9 \u00e0 retarder l'heure d'hiberner et a h\u00e2te\u2026","rel":"","context":"Dans &quot;Mini lecteur&quot;","block_context":{"text":"Mini lecteur","link":"http:\/\/www.jojoenherbe.com\/index.php\/category\/mini-lecteur\/"},"img":{"alt_text":"","src":"https:\/\/i0.wp.com\/www.jojoenherbe.com\/wp-content\/uploads\/2023\/01\/Lecureuil-et-la-premiere-neige-scaled.jpg?fit=1200%2C1047&resize=350%2C200","width":350,"height":200,"srcset":"https:\/\/i0.wp.com\/www.jojoenherbe.com\/wp-content\/uploads\/2023\/01\/Lecureuil-et-la-premiere-neige-scaled.jpg?fit=1200%2C1047&resize=350%2C200 1x, https:\/\/i0.wp.com\/www.jojoenherbe.com\/wp-content\/uploads\/2023\/01\/Lecureuil-et-la-premiere-neige-scaled.jpg?fit=1200%2C1047&resize=525%2C300 1.5x, https:\/\/i0.wp.com\/www.jojoenherbe.com\/wp-content\/uploads\/2023\/01\/Lecureuil-et-la-premiere-neige-scaled.jpg?fit=1200%2C1047&resize=700%2C400 2x, https:\/\/i0.wp.com\/www.jojoenherbe.com\/wp-content\/uploads\/2023\/01\/Lecureuil-et-la-premiere-neige-scaled.jpg?fit=1200%2C1047&resize=1050%2C600 3x"},"classes":[]},{"id":23126,"url":"http:\/\/www.jojoenherbe.com\/index.php\/2022\/01\/02\/au-fil-des-pages-avec-fais-un-voeu-petit-ours\/","url_meta":{"origin":15400,"position":3},"title":"Au fil des pages avec Fais un v\u0153u Petit Ours","author":"Jojo","date":"2 janvier 2022","format":false,"excerpt":"En ce d\u00e9but d'ann\u00e9e 2022, voici une histoire que nous avions lue l'hiver dernier: Fais un v\u0153u Petit Ours de Greg Foley (\u00e9d. Circonflexe, 2013), un album jeunesse \u00e0 partir de 2 ans. Un soir d'hiver enneig\u00e9, Petit Ours fait un v\u0153u apr\u00e8s avoir vu une belle \u00e9toile \u00e9tincelante dans\u2026","rel":"","context":"Dans &quot;Mini lecteur&quot;","block_context":{"text":"Mini lecteur","link":"http:\/\/www.jojoenherbe.com\/index.php\/category\/mini-lecteur\/"},"img":{"alt_text":"","src":"https:\/\/i0.wp.com\/www.jojoenherbe.com\/wp-content\/uploads\/2022\/01\/Fais-un-voeu-Petit-Ours-scaled.jpg?fit=1200%2C881&resize=350%2C200","width":350,"height":200,"srcset":"https:\/\/i0.wp.com\/www.jojoenherbe.com\/wp-content\/uploads\/2022\/01\/Fais-un-voeu-Petit-Ours-scaled.jpg?fit=1200%2C881&resize=350%2C200 1x, https:\/\/i0.wp.com\/www.jojoenherbe.com\/wp-content\/uploads\/2022\/01\/Fais-un-voeu-Petit-Ours-scaled.jpg?fit=1200%2C881&resize=525%2C300 1.5x, https:\/\/i0.wp.com\/www.jojoenherbe.com\/wp-content\/uploads\/2022\/01\/Fais-un-voeu-Petit-Ours-scaled.jpg?fit=1200%2C881&resize=700%2C400 2x, https:\/\/i0.wp.com\/www.jojoenherbe.com\/wp-content\/uploads\/2022\/01\/Fais-un-voeu-Petit-Ours-scaled.jpg?fit=1200%2C881&resize=1050%2C600 3x"},"classes":[]},{"id":13894,"url":"http:\/\/www.jojoenherbe.com\/index.php\/2020\/11\/15\/au-fil-des-pages-avec-maman-ours-noel\/","url_meta":{"origin":15400,"position":4},"title":"Au fil des pages avec Maman Ours No\u00ebl","author":"Jojo","date":"15 novembre 2020","format":false,"excerpt":"En ce 15 novembre 2020, premi\u00e8re journ\u00e9e consacr\u00e9e \u00e0 un album\/livre pour enfants sur le th\u00e8me de No\u00ebl du Challenge Christmas Time, j'ai choisi le premier que nous avons emprunt\u00e9 \u00e0 la m\u00e9diath\u00e8que fin septembre: Maman Ours No\u00ebl de Ryan T. Higgins (\u00e9d. Albin Michel Jeunesse, 2019), un album jeunesse\u2026","rel":"","context":"Dans &quot;Mini lecteur&quot;","block_context":{"text":"Mini lecteur","link":"http:\/\/www.jojoenherbe.com\/index.php\/category\/mini-lecteur\/"},"img":{"alt_text":"","src":"https:\/\/i0.wp.com\/www.jojoenherbe.com\/wp-content\/uploads\/2020\/11\/Maman-Ours-Noel-scaled.jpg?fit=1200%2C805&resize=350%2C200","width":350,"height":200,"srcset":"https:\/\/i0.wp.com\/www.jojoenherbe.com\/wp-content\/uploads\/2020\/11\/Maman-Ours-Noel-scaled.jpg?fit=1200%2C805&resize=350%2C200 1x, https:\/\/i0.wp.com\/www.jojoenherbe.com\/wp-content\/uploads\/2020\/11\/Maman-Ours-Noel-scaled.jpg?fit=1200%2C805&resize=525%2C300 1.5x, https:\/\/i0.wp.com\/www.jojoenherbe.com\/wp-content\/uploads\/2020\/11\/Maman-Ours-Noel-scaled.jpg?fit=1200%2C805&resize=700%2C400 2x, https:\/\/i0.wp.com\/www.jojoenherbe.com\/wp-content\/uploads\/2020\/11\/Maman-Ours-Noel-scaled.jpg?fit=1200%2C805&resize=1050%2C600 3x"},"classes":[]},{"id":9604,"url":"http:\/\/www.jojoenherbe.com\/index.php\/2020\/01\/15\/au-fil-des-pages-avec-la-maison-des-amis\/","url_meta":{"origin":15400,"position":5},"title":"Au fil des pages avec La maison des amis","author":"Jojo","date":"15 janvier 2020","format":false,"excerpt":"Nous lisons depuis plusieurs semaines r\u00e9guli\u00e8rement un album emprunt\u00e9 \u00e0 la m\u00e9diath\u00e8que et que nous avons fini par acheter, La maison des amis de Patricia Hegarty et Greg Abbott (\u00e9d. Larousse, 2017), un album jeunesse \u00e0 partir de 3 ans. Une petite souris d\u00e9cide de construire une maison pour accueillir\u2026","rel":"","context":"Dans &quot;Mini lecteur&quot;","block_context":{"text":"Mini lecteur","link":"http:\/\/www.jojoenherbe.com\/index.php\/category\/mini-lecteur\/"},"img":{"alt_text":"","src":"https:\/\/i0.wp.com\/www.jojoenherbe.com\/wp-content\/uploads\/2020\/01\/La-maison-des-amis-4-scaled.jpg?fit=1200%2C900&resize=350%2C200","width":350,"height":200,"srcset":"https:\/\/i0.wp.com\/www.jojoenherbe.com\/wp-content\/uploads\/2020\/01\/La-maison-des-amis-4-scaled.jpg?fit=1200%2C900&resize=350%2C200 1x, https:\/\/i0.wp.com\/www.jojoenherbe.com\/wp-content\/uploads\/2020\/01\/La-maison-des-amis-4-scaled.jpg?fit=1200%2C900&resize=525%2C300 1.5x, https:\/\/i0.wp.com\/www.jojoenherbe.com\/wp-content\/uploads\/2020\/01\/La-maison-des-amis-4-scaled.jpg?fit=1200%2C900&resize=700%2C400 2x, https:\/\/i0.wp.com\/www.jojoenherbe.com\/wp-content\/uploads\/2020\/01\/La-maison-des-amis-4-scaled.jpg?fit=1200%2C900&resize=1050%2C600 3x"},"classes":[]}],"_links":{"self":[{"href":"http:\/\/www.jojoenherbe.com\/index.php\/wp-json\/wp\/v2\/posts\/15400","targetHints":{"allow":["GET"]}}],"collection":[{"href":"http:\/\/www.jojoenherbe.com\/index.php\/wp-json\/wp\/v2\/posts"}],"about":[{"href":"http:\/\/www.jojoenherbe.com\/index.php\/wp-json\/wp\/v2\/types\/post"}],"author":[{"embeddable":true,"href":"http:\/\/www.jojoenherbe.com\/index.php\/wp-json\/wp\/v2\/users\/1"}],"replies":[{"embeddable":true,"href":"http:\/\/www.jojoenherbe.com\/index.php\/wp-json\/wp\/v2\/comments?post=15400"}],"version-history":[{"count":1,"href":"http:\/\/www.jojoenherbe.com\/index.php\/wp-json\/wp\/v2\/posts\/15400\/revisions"}],"predecessor-version":[{"id":24539,"href":"http:\/\/www.jojoenherbe.com\/index.php\/wp-json\/wp\/v2\/posts\/15400\/revisions\/24539"}],"wp:featuredmedia":[{"embeddable":true,"href":"http:\/\/www.jojoenherbe.com\/index.php\/wp-json\/wp\/v2\/media\/15412"}],"wp:attachment":[{"href":"http:\/\/www.jojoenherbe.com\/index.php\/wp-json\/wp\/v2\/media?parent=15400"}],"wp:term":[{"taxonomy":"category","embeddable":true,"href":"http:\/\/www.jojoenherbe.com\/index.php\/wp-json\/wp\/v2\/categories?post=15400"},{"taxonomy":"post_tag","embeddable":true,"href":"http:\/\/www.jojoenherbe.com\/index.php\/wp-json\/wp\/v2\/tags?post=15400"}],"curies":[{"name":"wp","href":"https:\/\/api.w.org\/{rel}","templated":true}]}}