{"id":15236,"date":"2021-01-20T11:31:45","date_gmt":"2021-01-20T10:31:45","guid":{"rendered":"http:\/\/www.jojoenherbe.com\/?p=15236"},"modified":"2021-01-24T11:42:07","modified_gmt":"2021-01-24T10:42:07","slug":"au-fil-des-pages-avec-foxs-garden","status":"publish","type":"post","link":"http:\/\/www.jojoenherbe.com\/index.php\/2021\/01\/20\/au-fil-des-pages-avec-foxs-garden\/","title":{"rendered":"Au fil des pages avec Fox&rsquo;s garden"},"content":{"rendered":"<p style=\"text-align: justify;\"><em><a href=\"https:\/\/i0.wp.com\/www.jojoenherbe.com\/wp-content\/uploads\/2021\/01\/Foxs-Garden-2-scaled.jpg\"><img data-recalc-dims=\"1\" loading=\"lazy\" decoding=\"async\" data-attachment-id=\"15237\" data-permalink=\"http:\/\/www.jojoenherbe.com\/index.php\/2021\/01\/20\/au-fil-des-pages-avec-foxs-garden\/foxs-garden-2\/\" data-orig-file=\"https:\/\/i0.wp.com\/www.jojoenherbe.com\/wp-content\/uploads\/2021\/01\/Foxs-Garden-2-scaled.jpg?fit=2560%2C1351\" data-orig-size=\"2560,1351\" data-comments-opened=\"1\" data-image-meta=\"{&quot;aperture&quot;:&quot;1.8&quot;,&quot;credit&quot;:&quot;&quot;,&quot;camera&quot;:&quot;iPhone 7&quot;,&quot;caption&quot;:&quot;&quot;,&quot;created_timestamp&quot;:&quot;1602687692&quot;,&quot;copyright&quot;:&quot;&quot;,&quot;focal_length&quot;:&quot;3.99&quot;,&quot;iso&quot;:&quot;100&quot;,&quot;shutter_speed&quot;:&quot;0.090909090909091&quot;,&quot;title&quot;:&quot;&quot;,&quot;orientation&quot;:&quot;1&quot;}\" data-image-title=\"Fox&amp;rsquo;s Garden 2\" data-image-description=\"\" data-image-caption=\"\" data-large-file=\"https:\/\/i0.wp.com\/www.jojoenherbe.com\/wp-content\/uploads\/2021\/01\/Foxs-Garden-2-scaled.jpg?fit=676%2C356\" class=\"alignleft size-thumbnail wp-image-15237\" src=\"https:\/\/i0.wp.com\/www.jojoenherbe.com\/wp-content\/uploads\/2021\/01\/Foxs-Garden-2.jpg?resize=150%2C150\" alt=\"\" width=\"150\" height=\"150\" srcset=\"https:\/\/i0.wp.com\/www.jojoenherbe.com\/wp-content\/uploads\/2021\/01\/Foxs-Garden-2-scaled.jpg?resize=150%2C150 150w, https:\/\/i0.wp.com\/www.jojoenherbe.com\/wp-content\/uploads\/2021\/01\/Foxs-Garden-2-scaled.jpg?zoom=2&amp;resize=150%2C150 300w, https:\/\/i0.wp.com\/www.jojoenherbe.com\/wp-content\/uploads\/2021\/01\/Foxs-Garden-2-scaled.jpg?zoom=3&amp;resize=150%2C150 450w\" sizes=\"auto, (max-width: 150px) 100vw, 150px\" \/><\/a> <a href=\"https:\/\/i0.wp.com\/www.jojoenherbe.com\/wp-content\/uploads\/2021\/01\/Foxs-Garden-3-scaled.jpg\"><img data-recalc-dims=\"1\" loading=\"lazy\" decoding=\"async\" data-attachment-id=\"15238\" data-permalink=\"http:\/\/www.jojoenherbe.com\/index.php\/2021\/01\/20\/au-fil-des-pages-avec-foxs-garden\/foxs-garden-3\/\" data-orig-file=\"https:\/\/i0.wp.com\/www.jojoenherbe.com\/wp-content\/uploads\/2021\/01\/Foxs-Garden-3-scaled.jpg?fit=2560%2C1314\" data-orig-size=\"2560,1314\" data-comments-opened=\"1\" data-image-meta=\"{&quot;aperture&quot;:&quot;1.8&quot;,&quot;credit&quot;:&quot;&quot;,&quot;camera&quot;:&quot;iPhone 7&quot;,&quot;caption&quot;:&quot;&quot;,&quot;created_timestamp&quot;:&quot;1602687705&quot;,&quot;copyright&quot;:&quot;&quot;,&quot;focal_length&quot;:&quot;3.99&quot;,&quot;iso&quot;:&quot;100&quot;,&quot;shutter_speed&quot;:&quot;0.076923076923077&quot;,&quot;title&quot;:&quot;&quot;,&quot;orientation&quot;:&quot;1&quot;}\" data-image-title=\"Fox&amp;rsquo;s Garden 3\" data-image-description=\"\" data-image-caption=\"\" data-large-file=\"https:\/\/i0.wp.com\/www.jojoenherbe.com\/wp-content\/uploads\/2021\/01\/Foxs-Garden-3-scaled.jpg?fit=676%2C347\" class=\"alignleft size-thumbnail wp-image-15238\" src=\"https:\/\/i0.wp.com\/www.jojoenherbe.com\/wp-content\/uploads\/2021\/01\/Foxs-Garden-3.jpg?resize=150%2C150\" alt=\"\" width=\"150\" height=\"150\" srcset=\"https:\/\/i0.wp.com\/www.jojoenherbe.com\/wp-content\/uploads\/2021\/01\/Foxs-Garden-3-scaled.jpg?resize=150%2C150 150w, https:\/\/i0.wp.com\/www.jojoenherbe.com\/wp-content\/uploads\/2021\/01\/Foxs-Garden-3-scaled.jpg?zoom=2&amp;resize=150%2C150 300w, https:\/\/i0.wp.com\/www.jojoenherbe.com\/wp-content\/uploads\/2021\/01\/Foxs-Garden-3-scaled.jpg?zoom=3&amp;resize=150%2C150 450w\" sizes=\"auto, (max-width: 150px) 100vw, 150px\" \/><\/a>Pour continuer nos lectures hivernales, nous empruntons \u00e0 la m\u00e9diath\u00e8que <span style=\"text-decoration: underline;\">Fox&rsquo;s garden<\/span> de Camille Garoche (\u00e9d. Soleil, coll. M\u00e9tamorphose, 2015), un album sans texte au format \u00e0 l&rsquo;italienne \u00e0 partir de 3 ans. Une nuit d&rsquo;hiver, une renarde cherche un lieu s\u00fbr pour mettre bas. Apr\u00e8s avoir \u00e9t\u00e9 chass\u00e9 par les habitants du village, elle trouve finalement refuge dans une serre, au fond d&rsquo;un jardin. Un petit gar\u00e7on l&rsquo;aper\u00e7oit de sa fen\u00eatre. Va-t-il r\u00e9agir de la m\u00eame fa\u00e7on que les autres habitants ou va-t-il venir l&rsquo;aider?<br \/>\n<\/em><\/p>\n<p style=\"text-align: justify;\"><em><a href=\"https:\/\/i0.wp.com\/www.jojoenherbe.com\/wp-content\/uploads\/2021\/01\/Foxs-Garden-5-scaled.jpg\"><img data-recalc-dims=\"1\" loading=\"lazy\" decoding=\"async\" data-attachment-id=\"15240\" data-permalink=\"http:\/\/www.jojoenherbe.com\/index.php\/2021\/01\/20\/au-fil-des-pages-avec-foxs-garden\/foxs-garden-5\/\" data-orig-file=\"https:\/\/i0.wp.com\/www.jojoenherbe.com\/wp-content\/uploads\/2021\/01\/Foxs-Garden-5-scaled.jpg?fit=2560%2C1585\" data-orig-size=\"2560,1585\" data-comments-opened=\"1\" data-image-meta=\"{&quot;aperture&quot;:&quot;1.8&quot;,&quot;credit&quot;:&quot;&quot;,&quot;camera&quot;:&quot;iPhone 7&quot;,&quot;caption&quot;:&quot;&quot;,&quot;created_timestamp&quot;:&quot;1602687720&quot;,&quot;copyright&quot;:&quot;&quot;,&quot;focal_length&quot;:&quot;3.99&quot;,&quot;iso&quot;:&quot;40&quot;,&quot;shutter_speed&quot;:&quot;0.058823529411765&quot;,&quot;title&quot;:&quot;&quot;,&quot;orientation&quot;:&quot;1&quot;}\" data-image-title=\"Fox&amp;rsquo;s Garden 5\" data-image-description=\"\" data-image-caption=\"\" data-large-file=\"https:\/\/i0.wp.com\/www.jojoenherbe.com\/wp-content\/uploads\/2021\/01\/Foxs-Garden-5-scaled.jpg?fit=676%2C419\" class=\"size-thumbnail wp-image-15240 alignright\" src=\"https:\/\/i0.wp.com\/www.jojoenherbe.com\/wp-content\/uploads\/2021\/01\/Foxs-Garden-5.jpg?resize=150%2C150\" alt=\"\" width=\"150\" height=\"150\" srcset=\"https:\/\/i0.wp.com\/www.jojoenherbe.com\/wp-content\/uploads\/2021\/01\/Foxs-Garden-5-scaled.jpg?resize=150%2C150 150w, https:\/\/i0.wp.com\/www.jojoenherbe.com\/wp-content\/uploads\/2021\/01\/Foxs-Garden-5-scaled.jpg?zoom=2&amp;resize=150%2C150 300w, https:\/\/i0.wp.com\/www.jojoenherbe.com\/wp-content\/uploads\/2021\/01\/Foxs-Garden-5-scaled.jpg?zoom=3&amp;resize=150%2C150 450w\" sizes=\"auto, (max-width: 150px) 100vw, 150px\" \/><\/a>Il est question d&rsquo;entraide et de g\u00e9n\u00e9rosit\u00e9, avec une touche onirique, la renarde remerciant le petit gar\u00e7on de son accueil chaleureux. Les illustrations en papier d\u00e9coup\u00e9 sont magnifiques et participent \u00e0 la po\u00e9sie de l&rsquo;histoire. Coup de c\u0153ur pour cet album jeunesse avec \u00e0 la fin, une visite de l&rsquo;atelier de l&rsquo;autrice que nous avions d\u00e9couvert avec <a href=\"http:\/\/www.jojoenherbe.com\/index.php\/2020\/01\/30\/au-fil-des-pages-avec-le-lapin-de-neige\/\"><span style=\"text-decoration: underline;\">Le lapin de neige<\/span><\/a>!<\/em><\/p>\n<div style=\"width: 168px\" class=\"wp-caption aligncenter\"><img loading=\"lazy\" decoding=\"async\" src=\"https:\/\/lh3.googleusercontent.com\/pw\/ACtC-3eIuIHfDCWnQjrbP_Gttnq9qrZJ0sCLWnTR3GjIOIiC54aYp8f1rKz8fy3EJIYJcUrzUv3KnF-YnYTE-vhMmRU8myeq_V_5OYKPelcJ6I4-bD-P1SjmJYevXt0TGhPCpROfcXeg5SJ_4KvwWeBQfvsOWw=w285-h217-no?authuser=1\" alt=\"\" width=\"158\" height=\"121\"><p class=\"wp-caption-text\">Challenge Petit Bac d&rsquo;<a href=\"https:\/\/ennalit.wordpress.com\/2020\/12\/01\/challenge-petit-bac-2021-qui-veut-jouer\/\">Enna<\/a> #2 Cat\u00e9gorie Lieu: \u00ab\u00a0Garden\u00a0\u00bb (Jardin)<\/p><\/div>\n","protected":false},"excerpt":{"rendered":"<p>Pour continuer nos lectures hivernales, nous empruntons \u00e0 la m\u00e9diath\u00e8que Fox&rsquo;s garden de Camille Garoche (\u00e9d. Soleil, coll. M\u00e9tamorphose, 2015), un album sans texte au format \u00e0 l&rsquo;italienne \u00e0 partir de 3 ans. Une nuit d&rsquo;hiver, une renarde cherche un lieu s\u00fbr pour mettre bas. Apr\u00e8s avoir \u00e9t\u00e9 chass\u00e9 par les habitants du village, elle [&hellip;]<\/p>\n","protected":false},"author":1,"featured_media":15241,"comment_status":"open","ping_status":"open","sticky":false,"template":"","format":"standard","meta":{"jetpack_post_was_ever_published":false,"_jetpack_newsletter_access":"","_jetpack_dont_email_post_to_subs":false,"_jetpack_newsletter_tier_id":0,"_jetpack_memberships_contains_paywalled_content":false,"_jetpack_memberships_contains_paid_content":false,"footnotes":""},"categories":[363],"tags":[785,409,1372,2018,390,703,365,367,1016,489,429,394],"class_list":["post-15236","post","type-post","status-publish","format-standard","has-post-thumbnail","hentry","category-mini-lecteur","tag-3-6-ans","tag-albums-jeunesse","tag-camille-garoche","tag-challenge-petit-bac-2021","tag-entraide","tag-garcon","tag-hiver","tag-lecture-jeunesse","tag-lectures-dhiver","tag-livres-sans-texte","tag-nuit","tag-renard","post-preview"],"jetpack_featured_media_url":"https:\/\/i0.wp.com\/www.jojoenherbe.com\/wp-content\/uploads\/2021\/01\/Foxs-Garden-scaled.jpg?fit=2560%2C1837","jetpack_sharing_enabled":true,"jetpack_shortlink":"https:\/\/wp.me\/p9zhGx-3XK","jetpack_likes_enabled":true,"jetpack-related-posts":[{"id":14897,"url":"http:\/\/www.jojoenherbe.com\/index.php\/2021\/01\/07\/nos-lectures-hivernales-2021\/","url_meta":{"origin":15236,"position":0},"title":"Nos lectures hivernales 2021","author":"Jojo","date":"7 janvier 2021","format":false,"excerpt":"Comme je l'avais fait pour l'automne dernier, je souhaite \u00e9galement regrouper sous un m\u00eame billet nos lectures hivernales commenc\u00e9es en d\u00e9cembre 2020. Ce billet sera ainsi actualis\u00e9 tout au long de cet hiver au gr\u00e9 de nos lectures sur ce th\u00e8me. Je ne reprends toutefois pas nos relectures de livres\u2026","rel":"","context":"Dans &quot;Mini lecteur&quot;","block_context":{"text":"Mini lecteur","link":"http:\/\/www.jojoenherbe.com\/index.php\/category\/mini-lecteur\/"},"img":{"alt_text":"","src":"https:\/\/i0.wp.com\/www.jojoenherbe.com\/wp-content\/uploads\/2021\/01\/Selection-Hiver-scaled.jpg?fit=1200%2C765&resize=350%2C200","width":350,"height":200,"srcset":"https:\/\/i0.wp.com\/www.jojoenherbe.com\/wp-content\/uploads\/2021\/01\/Selection-Hiver-scaled.jpg?fit=1200%2C765&resize=350%2C200 1x, https:\/\/i0.wp.com\/www.jojoenherbe.com\/wp-content\/uploads\/2021\/01\/Selection-Hiver-scaled.jpg?fit=1200%2C765&resize=525%2C300 1.5x, https:\/\/i0.wp.com\/www.jojoenherbe.com\/wp-content\/uploads\/2021\/01\/Selection-Hiver-scaled.jpg?fit=1200%2C765&resize=700%2C400 2x, https:\/\/i0.wp.com\/www.jojoenherbe.com\/wp-content\/uploads\/2021\/01\/Selection-Hiver-scaled.jpg?fit=1200%2C765&resize=1050%2C600 3x"},"classes":[]},{"id":9867,"url":"http:\/\/www.jojoenherbe.com\/index.php\/2020\/01\/30\/au-fil-des-pages-avec-le-lapin-de-neige\/","url_meta":{"origin":15236,"position":1},"title":"Au fil des pages avec Le lapin de neige","author":"Jojo","date":"30 janvier 2020","format":false,"excerpt":"Nous empruntons \u00e0 la biblioth\u00e8que Le lapin de neige de Camille Garoche (\u00e9d. Casterman, coll. Les Albums, 2016), un album jeunesse sans textes \u00e0 partir de 4 ans. Un jour de neige, une petite fille sort dehors pour fa\u00e7onner avec de la neige un lapin pendant que sa s\u0153ur reste\u2026","rel":"","context":"Dans &quot;Mini lecteur&quot;","block_context":{"text":"Mini lecteur","link":"http:\/\/www.jojoenherbe.com\/index.php\/category\/mini-lecteur\/"},"img":{"alt_text":"","src":"https:\/\/i0.wp.com\/www.jojoenherbe.com\/wp-content\/uploads\/2020\/01\/Le-lapin-de-neige-scaled.jpg?fit=1200%2C963&resize=350%2C200","width":350,"height":200,"srcset":"https:\/\/i0.wp.com\/www.jojoenherbe.com\/wp-content\/uploads\/2020\/01\/Le-lapin-de-neige-scaled.jpg?fit=1200%2C963&resize=350%2C200 1x, https:\/\/i0.wp.com\/www.jojoenherbe.com\/wp-content\/uploads\/2020\/01\/Le-lapin-de-neige-scaled.jpg?fit=1200%2C963&resize=525%2C300 1.5x, https:\/\/i0.wp.com\/www.jojoenherbe.com\/wp-content\/uploads\/2020\/01\/Le-lapin-de-neige-scaled.jpg?fit=1200%2C963&resize=700%2C400 2x, https:\/\/i0.wp.com\/www.jojoenherbe.com\/wp-content\/uploads\/2020\/01\/Le-lapin-de-neige-scaled.jpg?fit=1200%2C963&resize=1050%2C600 3x"},"classes":[]},{"id":15594,"url":"http:\/\/www.jojoenherbe.com\/index.php\/2021\/02\/22\/au-fil-des-pages-avec-papy-il-neige\/","url_meta":{"origin":15236,"position":2},"title":"Au fil des pages avec Papy, il neige!","author":"Jojo","date":"22 f\u00e9vrier 2021","format":false,"excerpt":"Nous empruntons \u00e0 la m\u00e9diath\u00e8que Papy, il neige! de Sam Usher (\u00e9d. Little Urban, 2015), un album jeunesse \u00e0 partir de 3 ans. Tout heureux de d\u00e9couvrir en se levant un la matin qu'il neige, un petit gar\u00e7on est impatient de pouvoir en profiter. Mais c'est sans compter sur son\u2026","rel":"","context":"Dans &quot;Mini lecteur&quot;","block_context":{"text":"Mini lecteur","link":"http:\/\/www.jojoenherbe.com\/index.php\/category\/mini-lecteur\/"},"img":{"alt_text":"","src":"https:\/\/i0.wp.com\/www.jojoenherbe.com\/wp-content\/uploads\/2021\/02\/Papy-il-neige-scaled.jpg?fit=1200%2C900&resize=350%2C200","width":350,"height":200,"srcset":"https:\/\/i0.wp.com\/www.jojoenherbe.com\/wp-content\/uploads\/2021\/02\/Papy-il-neige-scaled.jpg?fit=1200%2C900&resize=350%2C200 1x, https:\/\/i0.wp.com\/www.jojoenherbe.com\/wp-content\/uploads\/2021\/02\/Papy-il-neige-scaled.jpg?fit=1200%2C900&resize=525%2C300 1.5x, https:\/\/i0.wp.com\/www.jojoenherbe.com\/wp-content\/uploads\/2021\/02\/Papy-il-neige-scaled.jpg?fit=1200%2C900&resize=700%2C400 2x, https:\/\/i0.wp.com\/www.jojoenherbe.com\/wp-content\/uploads\/2021\/02\/Papy-il-neige-scaled.jpg?fit=1200%2C900&resize=1050%2C600 3x"},"classes":[]},{"id":4880,"url":"http:\/\/www.jojoenherbe.com\/index.php\/2019\/03\/05\/au-fil-des-pages-avec-la-moufle\/","url_meta":{"origin":15236,"position":3},"title":"Au fil des pages avec La moufle","author":"Jojo","date":"5 mars 2019","format":false,"excerpt":"Un joli conte traditionnel russe \u00e0 lire ou relire lors de ces derniers jours d'hiver: La Moufle. Nous en lisons deux versions parmi toutes celles existantes. Ce conte-randonn\u00e9e nous fait beaucoup rire, surtout quand la moufle \u00e9clate. La moufle de Florence Desnouveaux et C\u00e9cile Hudrisier (\u00e9d. Didier Jeunesse, coll. A\u2026","rel":"","context":"Dans &quot;Mini lecteur&quot;","block_context":{"text":"Mini lecteur","link":"http:\/\/www.jojoenherbe.com\/index.php\/category\/mini-lecteur\/"},"img":{"alt_text":"","src":"https:\/\/i0.wp.com\/www.jojoenherbe.com\/wp-content\/uploads\/2019\/03\/La-moufle.jpg?fit=1200%2C741&resize=350%2C200","width":350,"height":200,"srcset":"https:\/\/i0.wp.com\/www.jojoenherbe.com\/wp-content\/uploads\/2019\/03\/La-moufle.jpg?fit=1200%2C741&resize=350%2C200 1x, https:\/\/i0.wp.com\/www.jojoenherbe.com\/wp-content\/uploads\/2019\/03\/La-moufle.jpg?fit=1200%2C741&resize=525%2C300 1.5x, https:\/\/i0.wp.com\/www.jojoenherbe.com\/wp-content\/uploads\/2019\/03\/La-moufle.jpg?fit=1200%2C741&resize=700%2C400 2x, https:\/\/i0.wp.com\/www.jojoenherbe.com\/wp-content\/uploads\/2019\/03\/La-moufle.jpg?fit=1200%2C741&resize=1050%2C600 3x"},"classes":[]},{"id":10973,"url":"http:\/\/www.jojoenherbe.com\/index.php\/2020\/05\/15\/au-fil-des-pages-avec-ouvre-moi\/","url_meta":{"origin":15236,"position":4},"title":"Au fil des pages avec Ouvre-moi","author":"Jojo","date":"15 mai 2020","format":false,"excerpt":"Nous lisons Ouvre-moi de Muka (\u00e9d. Alice Jeunesse, 2016, r\u00e9\u00e9d. 2019), un album jeunesse \u00e0 partir de 4 ans et qui a \u00e9t\u00e9 Laur\u00e9at du 30\u00e8me Prix des Incos 2018\/2019 dans la s\u00e9lection CP. Un jeune gar\u00e7on vit seul dans une maison en bois \u00e0 la lisi\u00e8re de la for\u00eat.\u2026","rel":"","context":"Dans &quot;Mini lecteur&quot;","block_context":{"text":"Mini lecteur","link":"http:\/\/www.jojoenherbe.com\/index.php\/category\/mini-lecteur\/"},"img":{"alt_text":"","src":"https:\/\/i0.wp.com\/www.jojoenherbe.com\/wp-content\/uploads\/2020\/05\/Ouvre-moi-scaled.jpg?fit=1200%2C867&resize=350%2C200","width":350,"height":200,"srcset":"https:\/\/i0.wp.com\/www.jojoenherbe.com\/wp-content\/uploads\/2020\/05\/Ouvre-moi-scaled.jpg?fit=1200%2C867&resize=350%2C200 1x, https:\/\/i0.wp.com\/www.jojoenherbe.com\/wp-content\/uploads\/2020\/05\/Ouvre-moi-scaled.jpg?fit=1200%2C867&resize=525%2C300 1.5x, https:\/\/i0.wp.com\/www.jojoenherbe.com\/wp-content\/uploads\/2020\/05\/Ouvre-moi-scaled.jpg?fit=1200%2C867&resize=700%2C400 2x, https:\/\/i0.wp.com\/www.jojoenherbe.com\/wp-content\/uploads\/2020\/05\/Ouvre-moi-scaled.jpg?fit=1200%2C867&resize=1050%2C600 3x"},"classes":[]},{"id":14929,"url":"http:\/\/www.jojoenherbe.com\/index.php\/2021\/01\/08\/au-fil-des-pages-avec-le-secret-du-loup\/","url_meta":{"origin":15236,"position":5},"title":"Au fil des pages avec Le secret du loup","author":"Jojo","date":"8 janvier 2021","format":false,"excerpt":"Nous empruntons \u00e0 la m\u00e9diath\u00e8que Le secret du loup de Morgane de Cadier et Florian Pig\u00e9 (\u00e9d. Hongfei, 2017), un album jeunesse \u00e0 partir de 7 ans selon l'\u00e9diteur voire m\u00eame avant. Se sentant seul et s'ennuyant, un loup quitte la meute pour chercher un ami. Mais dans la for\u00eat,\u2026","rel":"","context":"Dans &quot;Mini lecteur&quot;","block_context":{"text":"Mini lecteur","link":"http:\/\/www.jojoenherbe.com\/index.php\/category\/mini-lecteur\/"},"img":{"alt_text":"","src":"https:\/\/i0.wp.com\/www.jojoenherbe.com\/wp-content\/uploads\/2021\/01\/Le-secret-du-loup-scaled.jpg?fit=1200%2C1028&resize=350%2C200","width":350,"height":200,"srcset":"https:\/\/i0.wp.com\/www.jojoenherbe.com\/wp-content\/uploads\/2021\/01\/Le-secret-du-loup-scaled.jpg?fit=1200%2C1028&resize=350%2C200 1x, https:\/\/i0.wp.com\/www.jojoenherbe.com\/wp-content\/uploads\/2021\/01\/Le-secret-du-loup-scaled.jpg?fit=1200%2C1028&resize=525%2C300 1.5x, https:\/\/i0.wp.com\/www.jojoenherbe.com\/wp-content\/uploads\/2021\/01\/Le-secret-du-loup-scaled.jpg?fit=1200%2C1028&resize=700%2C400 2x, https:\/\/i0.wp.com\/www.jojoenherbe.com\/wp-content\/uploads\/2021\/01\/Le-secret-du-loup-scaled.jpg?fit=1200%2C1028&resize=1050%2C600 3x"},"classes":[]}],"_links":{"self":[{"href":"http:\/\/www.jojoenherbe.com\/index.php\/wp-json\/wp\/v2\/posts\/15236","targetHints":{"allow":["GET"]}}],"collection":[{"href":"http:\/\/www.jojoenherbe.com\/index.php\/wp-json\/wp\/v2\/posts"}],"about":[{"href":"http:\/\/www.jojoenherbe.com\/index.php\/wp-json\/wp\/v2\/types\/post"}],"author":[{"embeddable":true,"href":"http:\/\/www.jojoenherbe.com\/index.php\/wp-json\/wp\/v2\/users\/1"}],"replies":[{"embeddable":true,"href":"http:\/\/www.jojoenherbe.com\/index.php\/wp-json\/wp\/v2\/comments?post=15236"}],"version-history":[{"count":0,"href":"http:\/\/www.jojoenherbe.com\/index.php\/wp-json\/wp\/v2\/posts\/15236\/revisions"}],"wp:featuredmedia":[{"embeddable":true,"href":"http:\/\/www.jojoenherbe.com\/index.php\/wp-json\/wp\/v2\/media\/15241"}],"wp:attachment":[{"href":"http:\/\/www.jojoenherbe.com\/index.php\/wp-json\/wp\/v2\/media?parent=15236"}],"wp:term":[{"taxonomy":"category","embeddable":true,"href":"http:\/\/www.jojoenherbe.com\/index.php\/wp-json\/wp\/v2\/categories?post=15236"},{"taxonomy":"post_tag","embeddable":true,"href":"http:\/\/www.jojoenherbe.com\/index.php\/wp-json\/wp\/v2\/tags?post=15236"}],"curies":[{"name":"wp","href":"https:\/\/api.w.org\/{rel}","templated":true}]}}