{"id":15151,"date":"2021-01-18T14:47:53","date_gmt":"2021-01-18T13:47:53","guid":{"rendered":"http:\/\/www.jojoenherbe.com\/?p=15151"},"modified":"2021-04-15T15:20:50","modified_gmt":"2021-04-15T13:20:50","slug":"au-fil-des-pages-avec-un-gouter-en-foret","status":"publish","type":"post","link":"http:\/\/www.jojoenherbe.com\/index.php\/2021\/01\/18\/au-fil-des-pages-avec-un-gouter-en-foret\/","title":{"rendered":"Au fil des pages avec Un go\u00fbter en for\u00eat"},"content":{"rendered":"<p style=\"text-align: justify;\"><em><a href=\"https:\/\/i0.wp.com\/www.jojoenherbe.com\/wp-content\/uploads\/2021\/01\/Un-gouter-en-foret-3-scaled.jpg\"><img data-recalc-dims=\"1\" loading=\"lazy\" decoding=\"async\" data-attachment-id=\"15158\" data-permalink=\"http:\/\/www.jojoenherbe.com\/index.php\/2021\/01\/18\/au-fil-des-pages-avec-un-gouter-en-foret\/un-gouter-en-foret-3\/\" data-orig-file=\"https:\/\/i0.wp.com\/www.jojoenherbe.com\/wp-content\/uploads\/2021\/01\/Un-gouter-en-foret-3-scaled.jpg?fit=2560%2C1920\" data-orig-size=\"2560,1920\" data-comments-opened=\"1\" data-image-meta=\"{&quot;aperture&quot;:&quot;1.8&quot;,&quot;credit&quot;:&quot;&quot;,&quot;camera&quot;:&quot;iPhone 7&quot;,&quot;caption&quot;:&quot;&quot;,&quot;created_timestamp&quot;:&quot;1610962709&quot;,&quot;copyright&quot;:&quot;&quot;,&quot;focal_length&quot;:&quot;3.99&quot;,&quot;iso&quot;:&quot;80&quot;,&quot;shutter_speed&quot;:&quot;0.16666666666667&quot;,&quot;title&quot;:&quot;&quot;,&quot;orientation&quot;:&quot;1&quot;}\" data-image-title=\"Un go\u00fbter en for\u00eat 3\" data-image-description=\"\" data-image-caption=\"\" data-large-file=\"https:\/\/i0.wp.com\/www.jojoenherbe.com\/wp-content\/uploads\/2021\/01\/Un-gouter-en-foret-3-scaled.jpg?fit=676%2C507\" class=\"alignleft size-thumbnail wp-image-15158\" src=\"https:\/\/i0.wp.com\/www.jojoenherbe.com\/wp-content\/uploads\/2021\/01\/Un-gouter-en-foret-3.jpg?resize=150%2C150\" alt=\"\" width=\"150\" height=\"150\" srcset=\"https:\/\/i0.wp.com\/www.jojoenherbe.com\/wp-content\/uploads\/2021\/01\/Un-gouter-en-foret-3-scaled.jpg?resize=150%2C150 150w, https:\/\/i0.wp.com\/www.jojoenherbe.com\/wp-content\/uploads\/2021\/01\/Un-gouter-en-foret-3-scaled.jpg?zoom=2&amp;resize=150%2C150 300w, https:\/\/i0.wp.com\/www.jojoenherbe.com\/wp-content\/uploads\/2021\/01\/Un-gouter-en-foret-3-scaled.jpg?zoom=3&amp;resize=150%2C150 450w\" sizes=\"auto, (max-width: 150px) 100vw, 150px\" \/><\/a> <a href=\"https:\/\/i0.wp.com\/www.jojoenherbe.com\/wp-content\/uploads\/2021\/01\/Un-gouter-en-foret-5-scaled.jpg\"><img data-recalc-dims=\"1\" loading=\"lazy\" decoding=\"async\" data-attachment-id=\"15160\" data-permalink=\"http:\/\/www.jojoenherbe.com\/index.php\/2021\/01\/18\/au-fil-des-pages-avec-un-gouter-en-foret\/un-gouter-en-foret-5\/\" data-orig-file=\"https:\/\/i0.wp.com\/www.jojoenherbe.com\/wp-content\/uploads\/2021\/01\/Un-gouter-en-foret-5-scaled.jpg?fit=2560%2C1920\" data-orig-size=\"2560,1920\" data-comments-opened=\"1\" data-image-meta=\"{&quot;aperture&quot;:&quot;1.8&quot;,&quot;credit&quot;:&quot;&quot;,&quot;camera&quot;:&quot;iPhone 7&quot;,&quot;caption&quot;:&quot;&quot;,&quot;created_timestamp&quot;:&quot;1610962795&quot;,&quot;copyright&quot;:&quot;&quot;,&quot;focal_length&quot;:&quot;3.99&quot;,&quot;iso&quot;:&quot;100&quot;,&quot;shutter_speed&quot;:&quot;0.16666666666667&quot;,&quot;title&quot;:&quot;&quot;,&quot;orientation&quot;:&quot;1&quot;}\" data-image-title=\"Un go\u00fbter en for\u00eat 5\" data-image-description=\"\" data-image-caption=\"\" data-large-file=\"https:\/\/i0.wp.com\/www.jojoenherbe.com\/wp-content\/uploads\/2021\/01\/Un-gouter-en-foret-5-scaled.jpg?fit=676%2C507\" class=\"alignleft size-thumbnail wp-image-15160\" src=\"https:\/\/i0.wp.com\/www.jojoenherbe.com\/wp-content\/uploads\/2021\/01\/Un-gouter-en-foret-5.jpg?resize=150%2C150\" alt=\"\" width=\"150\" height=\"150\" srcset=\"https:\/\/i0.wp.com\/www.jojoenherbe.com\/wp-content\/uploads\/2021\/01\/Un-gouter-en-foret-5-scaled.jpg?resize=150%2C150 150w, https:\/\/i0.wp.com\/www.jojoenherbe.com\/wp-content\/uploads\/2021\/01\/Un-gouter-en-foret-5-scaled.jpg?zoom=2&amp;resize=150%2C150 300w, https:\/\/i0.wp.com\/www.jojoenherbe.com\/wp-content\/uploads\/2021\/01\/Un-gouter-en-foret-5-scaled.jpg?zoom=3&amp;resize=150%2C150 450w\" sizes=\"auto, (max-width: 150px) 100vw, 150px\" \/><\/a>Nous empruntons \u00e0 la m\u00e9diath\u00e8que <span style=\"text-decoration: underline;\">Un go\u00fbter en for\u00eat<\/span> d&rsquo;Akiko Miyakoshi (\u00e9d. Syros, 2011), un album jeunesse \u00e0 partir 4 ans et qui a fait partie de la s\u00e9lection CP du 25\u00e8me Prix des Incos en 2014. Son p\u00e8re ayant oubli\u00e9 le g\u00e2teau pr\u00e9vu pour sa grand-m\u00e8re, Akiko d\u00e9cide de le lui apporter. Elle traverse une for\u00eat enneig\u00e9e pensant suivre au loin son p\u00e8re. Mais en chemin, elle se perd, fait tomber le g\u00e2teau par terre et arrive devant une maison remplie d&rsquo;animaux \u00e9tranges qui pr\u00e9parent un go\u00fbter. Ces derniers sont aussi surpris qu&rsquo;elle et l&rsquo;invitent \u00e0 se joindre \u00e0 eux.<br \/>\n<\/em><\/p>\n<p style=\"text-align: justify;\"><em><a href=\"https:\/\/i0.wp.com\/www.jojoenherbe.com\/wp-content\/uploads\/2021\/01\/Un-gouter-en-foret-8-scaled.jpg\"><img data-recalc-dims=\"1\" loading=\"lazy\" decoding=\"async\" data-attachment-id=\"15196\" data-permalink=\"http:\/\/www.jojoenherbe.com\/index.php\/2021\/01\/18\/au-fil-des-pages-avec-un-gouter-en-foret\/un-gouter-en-foret-8\/\" data-orig-file=\"https:\/\/i0.wp.com\/www.jojoenherbe.com\/wp-content\/uploads\/2021\/01\/Un-gouter-en-foret-8-scaled.jpg?fit=2560%2C1920\" data-orig-size=\"2560,1920\" data-comments-opened=\"1\" data-image-meta=\"{&quot;aperture&quot;:&quot;1.8&quot;,&quot;credit&quot;:&quot;&quot;,&quot;camera&quot;:&quot;iPhone 7&quot;,&quot;caption&quot;:&quot;&quot;,&quot;created_timestamp&quot;:&quot;1610973384&quot;,&quot;copyright&quot;:&quot;&quot;,&quot;focal_length&quot;:&quot;3.99&quot;,&quot;iso&quot;:&quot;50&quot;,&quot;shutter_speed&quot;:&quot;0.058823529411765&quot;,&quot;title&quot;:&quot;&quot;,&quot;orientation&quot;:&quot;1&quot;}\" data-image-title=\"Un go\u00fbter en for\u00eat 8\" data-image-description=\"\" data-image-caption=\"\" data-large-file=\"https:\/\/i0.wp.com\/www.jojoenherbe.com\/wp-content\/uploads\/2021\/01\/Un-gouter-en-foret-8-scaled.jpg?fit=676%2C507\" class=\"size-thumbnail wp-image-15196 alignright\" src=\"https:\/\/i0.wp.com\/www.jojoenherbe.com\/wp-content\/uploads\/2021\/01\/Un-gouter-en-foret-8.jpg?resize=150%2C150\" alt=\"\" width=\"150\" height=\"150\" srcset=\"https:\/\/i0.wp.com\/www.jojoenherbe.com\/wp-content\/uploads\/2021\/01\/Un-gouter-en-foret-8-scaled.jpg?resize=150%2C150 150w, https:\/\/i0.wp.com\/www.jojoenherbe.com\/wp-content\/uploads\/2021\/01\/Un-gouter-en-foret-8-scaled.jpg?zoom=2&amp;resize=150%2C150 300w, https:\/\/i0.wp.com\/www.jojoenherbe.com\/wp-content\/uploads\/2021\/01\/Un-gouter-en-foret-8-scaled.jpg?zoom=3&amp;resize=150%2C150 450w\" sizes=\"auto, (max-width: 150px) 100vw, 150px\" \/><\/a><a href=\"https:\/\/i0.wp.com\/www.jojoenherbe.com\/wp-content\/uploads\/2021\/01\/Un-gouter-en-foret-7-scaled.jpg\"><img data-recalc-dims=\"1\" loading=\"lazy\" decoding=\"async\" data-attachment-id=\"15162\" data-permalink=\"http:\/\/www.jojoenherbe.com\/index.php\/2021\/01\/18\/au-fil-des-pages-avec-un-gouter-en-foret\/un-gouter-en-foret-7\/\" data-orig-file=\"https:\/\/i0.wp.com\/www.jojoenherbe.com\/wp-content\/uploads\/2021\/01\/Un-gouter-en-foret-7-scaled.jpg?fit=2560%2C1920\" data-orig-size=\"2560,1920\" data-comments-opened=\"1\" data-image-meta=\"{&quot;aperture&quot;:&quot;1.8&quot;,&quot;credit&quot;:&quot;&quot;,&quot;camera&quot;:&quot;iPhone 7&quot;,&quot;caption&quot;:&quot;&quot;,&quot;created_timestamp&quot;:&quot;1610962810&quot;,&quot;copyright&quot;:&quot;&quot;,&quot;focal_length&quot;:&quot;3.99&quot;,&quot;iso&quot;:&quot;80&quot;,&quot;shutter_speed&quot;:&quot;0.16666666666667&quot;,&quot;title&quot;:&quot;&quot;,&quot;orientation&quot;:&quot;1&quot;}\" data-image-title=\"Un go\u00fbter en for\u00eat 7\" data-image-description=\"\" data-image-caption=\"\" data-large-file=\"https:\/\/i0.wp.com\/www.jojoenherbe.com\/wp-content\/uploads\/2021\/01\/Un-gouter-en-foret-7-scaled.jpg?fit=676%2C507\" class=\"size-thumbnail wp-image-15162 alignright\" src=\"https:\/\/i0.wp.com\/www.jojoenherbe.com\/wp-content\/uploads\/2021\/01\/Un-gouter-en-foret-7.jpg?resize=150%2C150\" alt=\"\" width=\"150\" height=\"150\" srcset=\"https:\/\/i0.wp.com\/www.jojoenherbe.com\/wp-content\/uploads\/2021\/01\/Un-gouter-en-foret-7-scaled.jpg?resize=150%2C150 150w, https:\/\/i0.wp.com\/www.jojoenherbe.com\/wp-content\/uploads\/2021\/01\/Un-gouter-en-foret-7-scaled.jpg?zoom=2&amp;resize=150%2C150 300w, https:\/\/i0.wp.com\/www.jojoenherbe.com\/wp-content\/uploads\/2021\/01\/Un-gouter-en-foret-7-scaled.jpg?zoom=3&amp;resize=150%2C150 450w\" sizes=\"auto, (max-width: 150px) 100vw, 150px\" \/><\/a>L&rsquo;histoire rappelle au d\u00e9but le conte du <span style=\"text-decoration: underline;\">Petit Chaperon<\/span>, Akiko portant des v\u00eatements rouges et se rendant chez sa grand-m\u00e8re avec un g\u00e2teau en traversant une for\u00eat. Mais point de loup rencontr\u00e9. L&rsquo;histoire se rapproche alors d&rsquo;un autre classique de la litt\u00e9rature jeunesse, <span style=\"text-decoration: underline;\">Alice au Pays des Merveilles<\/span> de Lewis Carroll. Il est alors question d&rsquo;entraide et de g\u00e9n\u00e9rosit\u00e9 pour accompagner en musique et avec un nouveau g\u00e2teau la petite fille chez sa grand-m\u00e8re. Les illustrations au fusain en noir et blanc avec quelques touches color\u00e9es sont tr\u00e8s jolies. Un tr\u00e8s bon moment de lecture onirique, musical et gourmand avec cet album jeunesse!<\/em><\/p>\n<div id=\"attachment_10219\" style=\"width: 137px\" class=\"wp-caption alignleft\"><img loading=\"lazy\" decoding=\"async\" aria-describedby=\"caption-attachment-10219\" data-attachment-id=\"10219\" data-permalink=\"http:\/\/www.jojoenherbe.com\/index.php\/2020\/03\/02\/au-fil-des-pages-avec-lievre-et-ours-sous-la-neige\/lievre-et-ours-sous-la-neige\/\" data-orig-file=\"https:\/\/i0.wp.com\/www.jojoenherbe.com\/wp-content\/uploads\/2020\/03\/Li%C3%A8vre-et-Ours-sous-la-neige-scaled.jpg?fit=2560%2C1892\" data-orig-size=\"2560,1892\" data-comments-opened=\"1\" data-image-meta=\"{&quot;aperture&quot;:&quot;2.4&quot;,&quot;credit&quot;:&quot;&quot;,&quot;camera&quot;:&quot;iPhone 4S&quot;,&quot;caption&quot;:&quot;&quot;,&quot;created_timestamp&quot;:&quot;1583147305&quot;,&quot;copyright&quot;:&quot;&quot;,&quot;focal_length&quot;:&quot;4.28&quot;,&quot;iso&quot;:&quot;640&quot;,&quot;shutter_speed&quot;:&quot;0.066666666666667&quot;,&quot;title&quot;:&quot;&quot;,&quot;orientation&quot;:&quot;1&quot;}\" data-image-title=\"Li\u00e8vre et Ours, sous la neige\" data-image-description=\"\" data-image-caption=\"\" data-large-file=\"https:\/\/i0.wp.com\/www.jojoenherbe.com\/wp-content\/uploads\/2020\/03\/Li%C3%A8vre-et-Ours-sous-la-neige-scaled.jpg?fit=676%2C500\" class=\"wp-image-10219\" src=\"https:\/\/i2.wp.com\/mapetitemediatheque.fr\/wp-content\/uploads\/2018\/11\/challenge-contes-et-l\u00e9gendes.jpg?resize=131%2C164\" sizes=\"auto, (max-width: 343px) 100vw, 343px\" srcset=\"https:\/\/i2.wp.com\/mapetitemediatheque.fr\/wp-content\/uploads\/2018\/11\/challenge-contes-et-l\u00e9gendes.jpg?resize=131%2C164 343w, http:\/\/mapetitemediatheque.fr\/wp-content\/uploads\/2018\/11\/challenge-contes-et-l\u00e9gendes-239x300.jpg 239w\" alt=\"\" aria-describedby=\"caption-attachment-10219\" data-attachment-id=\"10219\" data-permalink=\"http:\/\/www.jojoenherbe.com\/index.php\/2020\/03\/02\/au-fil-des-pages-avec-lievre-et-ours-sous-la-neige\/lievre-et-ours-sous-la-neige\/\" data-orig-file=\"https:\/\/i1.wp.com\/www.jojoenherbe.com\/wp-content\/uploads\/2020\/03\/Li\u00e8vre-et-Ours-sous-la-neige-scaled.jpg?fit=2560%2C1892\" data-orig-size=\"2560,1892\" data-comments-opened=\"1\" data-image-meta=\"{&quot;aperture&quot;:&quot;2.4&quot;,&quot;credit&quot;:&quot;&quot;,&quot;camera&quot;:&quot;iPhone 4S&quot;,&quot;caption&quot;:&quot;&quot;,&quot;created_timestamp&quot;:&quot;1583147305&quot;,&quot;copyright&quot;:&quot;&quot;,&quot;focal_length&quot;:&quot;4.28&quot;,&quot;iso&quot;:&quot;640&quot;,&quot;shutter_speed&quot;:&quot;0.066666666666667&quot;,&quot;title&quot;:&quot;&quot;,&quot;orientation&quot;:&quot;1&quot;}\" data-image-title=\"Li\u00e8vre et Ours, sous la neige\" data-image-description=\"\" data-medium-file=\"https:\/\/i1.wp.com\/www.jojoenherbe.com\/wp-content\/uploads\/2020\/03\/Li\u00e8vre-et-Ours-sous-la-neige-scaled.jpg?fit=300%2C222\" data-large-file=\"https:\/\/i1.wp.com\/www.jojoenherbe.com\/wp-content\/uploads\/2020\/03\/Li\u00e8vre-et-Ours-sous-la-neige-scaled.jpg?fit=676%2C500\" data-recalc-dims=\"1\" width=\"127\" height=\"159\"><p id=\"caption-attachment-10219\" class=\"wp-caption-text\">Participation #8 au Challenge Contes &amp; L\u00e9gendes 2021 de <a href=\"https:\/\/mapetitemediatheque.fr\/2020\/12\/challenge-contes-legendes-2021\/\">Bidib<\/a><\/p><\/div>\n<div style=\"width: 175px\" class=\"wp-caption alignleft\"><img data-recalc-dims=\"1\" loading=\"lazy\" decoding=\"async\" class=\"nonealign widthoriginal\" src=\"https:\/\/i0.wp.com\/p4.storage.canalblog.com\/40\/68\/1394281\/128273873.png?resize=165%2C119&#038;ssl=1\" alt=\"\" width=\"165\" height=\"119\" border=\"0\"><p class=\"wp-caption-text\">Participation #7 Challenge Des livres (et des \u00e9crans) en cuisine de <a href=\"https:\/\/mapetitemediatheque.fr\/2020\/12\/des-livres-et-des-ecrans-en-cuisine-2021\/\">Bidib<\/a> et <a href=\"http:\/\/croquerlespages.canalblog.com\/archives\/2020\/12\/20\/38715076.html\">Fondant<\/a> #G\u00e2teau<\/p><\/div>\n<div style=\"width: 168px\" class=\"wp-caption alignleft\"><img loading=\"lazy\" decoding=\"async\" class=\"\" src=\"https:\/\/lh3.googleusercontent.com\/pw\/ACtC-3eIuIHfDCWnQjrbP_Gttnq9qrZJ0sCLWnTR3GjIOIiC54aYp8f1rKz8fy3EJIYJcUrzUv3KnF-YnYTE-vhMmRU8myeq_V_5OYKPelcJ6I4-bD-P1SjmJYevXt0TGhPCpROfcXeg5SJ_4KvwWeBQfvsOWw=w285-h217-no?authuser=1\" alt=\"\" width=\"158\" height=\"121\"><p class=\"wp-caption-text\">Challenge Petit Bac d&rsquo;<a href=\"https:\/\/ennalit.wordpress.com\/2020\/12\/01\/challenge-petit-bac-2021-qui-veut-jouer\/\">Enna<\/a> #1 Cat\u00e9gorie Lieu: \u00ab\u00a0For\u00eat\u00a0\u00bb<\/p><\/div>\n","protected":false},"excerpt":{"rendered":"<p>Nous empruntons \u00e0 la m\u00e9diath\u00e8que Un go\u00fbter en for\u00eat d&rsquo;Akiko Miyakoshi (\u00e9d. Syros, 2011), un album jeunesse \u00e0 partir 4 ans et qui a fait partie de la s\u00e9lection CP du 25\u00e8me Prix des Incos en 2014. Son p\u00e8re ayant oubli\u00e9 le g\u00e2teau pr\u00e9vu pour sa grand-m\u00e8re, Akiko d\u00e9cide de le lui apporter. Elle traverse [&hellip;]<\/p>\n","protected":false},"author":1,"featured_media":15157,"comment_status":"open","ping_status":"open","sticky":false,"template":"","format":"standard","meta":{"jetpack_post_was_ever_published":false,"_jetpack_newsletter_access":"","_jetpack_dont_email_post_to_subs":false,"_jetpack_newsletter_tier_id":0,"_jetpack_memberships_contains_paywalled_content":false,"_jetpack_memberships_contains_paid_content":false,"footnotes":""},"categories":[363],"tags":[1031,2101,409,808,2020,2018,245,485,2019,390,459,1277,979,990,365,602,748,367,632,369,555,1673,2394],"class_list":["post-15151","post","type-post","status-publish","format-standard","has-post-thumbnail","hentry","category-mini-lecteur","tag-4-7-ans","tag-akiko-miyakoshi","tag-albums-jeunesse","tag-animaux-de-la-foret","tag-challenge-contes-et-legendes-2021","tag-challenge-petit-bac-2021","tag-contes","tag-contes-detournes","tag-des-livres-et-des-ecrans-en-cuisine-2021","tag-entraide","tag-famille","tag-foret","tag-generosite","tag-gouter","tag-hiver","tag-imaginaire","tag-le-petit-chaperon-rouge","tag-lecture-jeunesse","tag-musique","tag-neige","tag-peur","tag-prix-des-incos","tag-prix-des-incos-2014","post-preview"],"jetpack_featured_media_url":"https:\/\/i0.wp.com\/www.jojoenherbe.com\/wp-content\/uploads\/2021\/01\/Un-gouter-en-foret-2-scaled.jpg?fit=2560%2C1920","jetpack_sharing_enabled":true,"jetpack_shortlink":"https:\/\/wp.me\/p9zhGx-3Wn","jetpack_likes_enabled":true,"jetpack-related-posts":[{"id":19730,"url":"http:\/\/www.jojoenherbe.com\/index.php\/2021\/07\/20\/au-fil-des-pages-avec-sauvage\/","url_meta":{"origin":15151,"position":0},"title":"Au fil des pages avec Sauvage","author":"Jojo","date":"20 juillet 2021","format":false,"excerpt":"Nous lisons Sauvage d'Emily Hugues (\u00e9d. Autrement, 2014), un album jeunesse \u00e0 partir de 5 ans et qui a fait partie de la s\u00e9lection CP du du 28\u00e8me Prix des Incos en 2017. Une petite fille grandit en pleine nature, \u00e9lev\u00e9e par les animaux de la for\u00eat qui la prot\u00e8gent.\u2026","rel":"","context":"Dans &quot;Mini lecteur&quot;","block_context":{"text":"Mini lecteur","link":"http:\/\/www.jojoenherbe.com\/index.php\/category\/mini-lecteur\/"},"img":{"alt_text":"","src":"https:\/\/i0.wp.com\/www.jojoenherbe.com\/wp-content\/uploads\/2021\/07\/Sauvage-scaled.jpg?fit=1200%2C900&resize=350%2C200","width":350,"height":200,"srcset":"https:\/\/i0.wp.com\/www.jojoenherbe.com\/wp-content\/uploads\/2021\/07\/Sauvage-scaled.jpg?fit=1200%2C900&resize=350%2C200 1x, https:\/\/i0.wp.com\/www.jojoenherbe.com\/wp-content\/uploads\/2021\/07\/Sauvage-scaled.jpg?fit=1200%2C900&resize=525%2C300 1.5x, https:\/\/i0.wp.com\/www.jojoenherbe.com\/wp-content\/uploads\/2021\/07\/Sauvage-scaled.jpg?fit=1200%2C900&resize=700%2C400 2x, https:\/\/i0.wp.com\/www.jojoenherbe.com\/wp-content\/uploads\/2021\/07\/Sauvage-scaled.jpg?fit=1200%2C900&resize=1050%2C600 3x"},"classes":[]},{"id":29903,"url":"http:\/\/www.jojoenherbe.com\/index.php\/2023\/02\/18\/au-fil-des-pages-avec-il-neige\/","url_meta":{"origin":15151,"position":1},"title":"Au fil des pages avec Il neige!","author":"Jojo","date":"18 f\u00e9vrier 2023","format":false,"excerpt":"Nous avons lu Il neige! de Hyejin Go (\u00e9d. Picquier Jeunesse, 2018), un album jeunesse \u00e0 partir de 3 ans et qui a fait partie de la s\u00e9lection Maternelle du 32\u00e8me Prix des Incos 2021. M\u00e9content d'avoir \u00e9t\u00e9 r\u00e9veill\u00e9 alors qu\u2019il est en train d\u2019hiberner, un ours d\u00e9couvre avec ravissement\u2026","rel":"","context":"Dans &quot;Mini lecteur&quot;","block_context":{"text":"Mini lecteur","link":"http:\/\/www.jojoenherbe.com\/index.php\/category\/mini-lecteur\/"},"img":{"alt_text":"","src":"https:\/\/i0.wp.com\/www.jojoenherbe.com\/wp-content\/uploads\/2021\/04\/Il-neige-scaled.jpg?fit=1200%2C900&resize=350%2C200","width":350,"height":200,"srcset":"https:\/\/i0.wp.com\/www.jojoenherbe.com\/wp-content\/uploads\/2021\/04\/Il-neige-scaled.jpg?fit=1200%2C900&resize=350%2C200 1x, https:\/\/i0.wp.com\/www.jojoenherbe.com\/wp-content\/uploads\/2021\/04\/Il-neige-scaled.jpg?fit=1200%2C900&resize=525%2C300 1.5x, https:\/\/i0.wp.com\/www.jojoenherbe.com\/wp-content\/uploads\/2021\/04\/Il-neige-scaled.jpg?fit=1200%2C900&resize=700%2C400 2x, https:\/\/i0.wp.com\/www.jojoenherbe.com\/wp-content\/uploads\/2021\/04\/Il-neige-scaled.jpg?fit=1200%2C900&resize=1050%2C600 3x"},"classes":[]},{"id":13283,"url":"http:\/\/www.jojoenherbe.com\/index.php\/2020\/10\/25\/nos-lectures-le-petit-chaperon-rouge\/","url_meta":{"origin":15151,"position":2},"title":"Nos lectures \u00ab\u00a0Le Petit Chaperon rouge\u00a0\u00bb","author":"Jojo","date":"25 octobre 2020","format":false,"excerpt":"Apr\u00e8s nos lectures de Blanche-Neige, voici celles du Petit Chaperon rouge pour continuer sur le th\u00e8me Contes et L\u00e9gendes du Challenge Halloween 2020. Comme pour le billet pr\u00e9c\u00e9dent, il sera mis \u00e0 jour r\u00e9guli\u00e8rement, au fur-et-\u00e0-mesure de nos lectures du Petit Chaperon rouge. Des versions classiques: Le Petit Chaperon rouge\u2026","rel":"","context":"Dans &quot;Mini lecteur&quot;","block_context":{"text":"Mini lecteur","link":"http:\/\/www.jojoenherbe.com\/index.php\/category\/mini-lecteur\/"},"img":{"alt_text":"","src":"https:\/\/i0.wp.com\/www.jojoenherbe.com\/wp-content\/uploads\/2020\/10\/Nos-lectures-Petit-Chaperon-rouge-2-scaled.jpg?fit=1200%2C852&resize=350%2C200","width":350,"height":200,"srcset":"https:\/\/i0.wp.com\/www.jojoenherbe.com\/wp-content\/uploads\/2020\/10\/Nos-lectures-Petit-Chaperon-rouge-2-scaled.jpg?fit=1200%2C852&resize=350%2C200 1x, https:\/\/i0.wp.com\/www.jojoenherbe.com\/wp-content\/uploads\/2020\/10\/Nos-lectures-Petit-Chaperon-rouge-2-scaled.jpg?fit=1200%2C852&resize=525%2C300 1.5x, https:\/\/i0.wp.com\/www.jojoenherbe.com\/wp-content\/uploads\/2020\/10\/Nos-lectures-Petit-Chaperon-rouge-2-scaled.jpg?fit=1200%2C852&resize=700%2C400 2x, https:\/\/i0.wp.com\/www.jojoenherbe.com\/wp-content\/uploads\/2020\/10\/Nos-lectures-Petit-Chaperon-rouge-2-scaled.jpg?fit=1200%2C852&resize=1050%2C600 3x"},"classes":[]},{"id":20710,"url":"http:\/\/www.jojoenherbe.com\/index.php\/2021\/09\/15\/au-fil-des-pages-avec-deux-droles-de-betes-dans-la-foret\/","url_meta":{"origin":15151,"position":3},"title":"Au fil des pages avec Deux dr\u00f4les de b\u00eates dans la for\u00eat","author":"Jojo","date":"15 septembre 2021","format":false,"excerpt":"Nous lisons Deux dr\u00f4les de b\u00eates dans la for\u00eat, Mais qui dit vrai dans cette histoire? de Fiona Roberton (\u00e9d. Circonflexe, 2015), un album jeunesse \u00e0 partir de 4 ans et qui a \u00e9t\u00e9 laur\u00e9at du 28\u00e8me Prix des Incos en 2017 dans la s\u00e9lection CE1. Une petite fille recueille\u2026","rel":"","context":"Dans &quot;Mini lecteur&quot;","block_context":{"text":"Mini lecteur","link":"http:\/\/www.jojoenherbe.com\/index.php\/category\/mini-lecteur\/"},"img":{"alt_text":"","src":"https:\/\/i0.wp.com\/www.jojoenherbe.com\/wp-content\/uploads\/2021\/09\/Deux-droles-de-betes-dans-la-foret-scaled.jpg?fit=1200%2C936&resize=350%2C200","width":350,"height":200,"srcset":"https:\/\/i0.wp.com\/www.jojoenherbe.com\/wp-content\/uploads\/2021\/09\/Deux-droles-de-betes-dans-la-foret-scaled.jpg?fit=1200%2C936&resize=350%2C200 1x, https:\/\/i0.wp.com\/www.jojoenherbe.com\/wp-content\/uploads\/2021\/09\/Deux-droles-de-betes-dans-la-foret-scaled.jpg?fit=1200%2C936&resize=525%2C300 1.5x, https:\/\/i0.wp.com\/www.jojoenherbe.com\/wp-content\/uploads\/2021\/09\/Deux-droles-de-betes-dans-la-foret-scaled.jpg?fit=1200%2C936&resize=700%2C400 2x, https:\/\/i0.wp.com\/www.jojoenherbe.com\/wp-content\/uploads\/2021\/09\/Deux-droles-de-betes-dans-la-foret-scaled.jpg?fit=1200%2C936&resize=1050%2C600 3x"},"classes":[]},{"id":19959,"url":"http:\/\/www.jojoenherbe.com\/index.php\/2021\/08\/02\/au-fil-des-pages-avec-le-grand-papa-et-sa-toute-petite-fille\/","url_meta":{"origin":15151,"position":4},"title":"Au fil des pages avec Le grand papa et sa toute petite fille","author":"Jojo","date":"2 ao\u00fbt 2021","format":false,"excerpt":"Apr\u00e8s l'avoir d\u00e9couvert lors du week-end de la F\u00eate des P\u00e8res, nous relisons Le grand papa et sa toute petite fille de Cathy Hors et Samuel Ribeyron (\u00e9d. Milan, 2011), un album jeunesse grand format \u00e0 partir de 5 ans et qui a fait partie de la s\u00e9lection Maternelle du\u2026","rel":"","context":"Dans &quot;Mini lecteur&quot;","block_context":{"text":"Mini lecteur","link":"http:\/\/www.jojoenherbe.com\/index.php\/category\/mini-lecteur\/"},"img":{"alt_text":"","src":"https:\/\/i0.wp.com\/www.jojoenherbe.com\/wp-content\/uploads\/2021\/08\/Le-grand-papa-et-sa-toute-petite-fille-scaled.jpg?fit=1200%2C900&resize=350%2C200","width":350,"height":200,"srcset":"https:\/\/i0.wp.com\/www.jojoenherbe.com\/wp-content\/uploads\/2021\/08\/Le-grand-papa-et-sa-toute-petite-fille-scaled.jpg?fit=1200%2C900&resize=350%2C200 1x, https:\/\/i0.wp.com\/www.jojoenherbe.com\/wp-content\/uploads\/2021\/08\/Le-grand-papa-et-sa-toute-petite-fille-scaled.jpg?fit=1200%2C900&resize=525%2C300 1.5x, https:\/\/i0.wp.com\/www.jojoenherbe.com\/wp-content\/uploads\/2021\/08\/Le-grand-papa-et-sa-toute-petite-fille-scaled.jpg?fit=1200%2C900&resize=700%2C400 2x, https:\/\/i0.wp.com\/www.jojoenherbe.com\/wp-content\/uploads\/2021\/08\/Le-grand-papa-et-sa-toute-petite-fille-scaled.jpg?fit=1200%2C900&resize=1050%2C600 3x"},"classes":[]},{"id":12184,"url":"http:\/\/www.jojoenherbe.com\/index.php\/2020\/09\/09\/au-fil-des-pages-avec-le-loup-qui-decouvrait-le-pays-des-contes\/","url_meta":{"origin":15151,"position":5},"title":"Au fil des pages avec Le loup qui d\u00e9couvrait le pays des contes","author":"Jojo","date":"9 septembre 2020","format":false,"excerpt":"Nous empruntons \u00e0 la m\u00e9diath\u00e8que Le loup qui d\u00e9couvrait le pays des contes d'Orianne Lallemand et \u00c9l\u00e9onore Thuillier (\u00e9d. Auzou, 2014), un album jeunesse \u00e0 partir de 3 ans. Pour le go\u00fbter du Printemps, Loup voudrait pr\u00e9parer un g\u00e2teau aux pommes pour ses amis mais il ne sait pas cuisiner.\u2026","rel":"","context":"Dans &quot;Mini lecteur&quot;","block_context":{"text":"Mini lecteur","link":"http:\/\/www.jojoenherbe.com\/index.php\/category\/mini-lecteur\/"},"img":{"alt_text":"","src":"https:\/\/i0.wp.com\/www.jojoenherbe.com\/wp-content\/uploads\/2020\/09\/Le-loup-qui-decouvrait-le-pays-des-contes-scaled.jpg?fit=1200%2C900&resize=350%2C200","width":350,"height":200,"srcset":"https:\/\/i0.wp.com\/www.jojoenherbe.com\/wp-content\/uploads\/2020\/09\/Le-loup-qui-decouvrait-le-pays-des-contes-scaled.jpg?fit=1200%2C900&resize=350%2C200 1x, https:\/\/i0.wp.com\/www.jojoenherbe.com\/wp-content\/uploads\/2020\/09\/Le-loup-qui-decouvrait-le-pays-des-contes-scaled.jpg?fit=1200%2C900&resize=525%2C300 1.5x, https:\/\/i0.wp.com\/www.jojoenherbe.com\/wp-content\/uploads\/2020\/09\/Le-loup-qui-decouvrait-le-pays-des-contes-scaled.jpg?fit=1200%2C900&resize=700%2C400 2x, https:\/\/i0.wp.com\/www.jojoenherbe.com\/wp-content\/uploads\/2020\/09\/Le-loup-qui-decouvrait-le-pays-des-contes-scaled.jpg?fit=1200%2C900&resize=1050%2C600 3x"},"classes":[]}],"_links":{"self":[{"href":"http:\/\/www.jojoenherbe.com\/index.php\/wp-json\/wp\/v2\/posts\/15151","targetHints":{"allow":["GET"]}}],"collection":[{"href":"http:\/\/www.jojoenherbe.com\/index.php\/wp-json\/wp\/v2\/posts"}],"about":[{"href":"http:\/\/www.jojoenherbe.com\/index.php\/wp-json\/wp\/v2\/types\/post"}],"author":[{"embeddable":true,"href":"http:\/\/www.jojoenherbe.com\/index.php\/wp-json\/wp\/v2\/users\/1"}],"replies":[{"embeddable":true,"href":"http:\/\/www.jojoenherbe.com\/index.php\/wp-json\/wp\/v2\/comments?post=15151"}],"version-history":[{"count":0,"href":"http:\/\/www.jojoenherbe.com\/index.php\/wp-json\/wp\/v2\/posts\/15151\/revisions"}],"wp:featuredmedia":[{"embeddable":true,"href":"http:\/\/www.jojoenherbe.com\/index.php\/wp-json\/wp\/v2\/media\/15157"}],"wp:attachment":[{"href":"http:\/\/www.jojoenherbe.com\/index.php\/wp-json\/wp\/v2\/media?parent=15151"}],"wp:term":[{"taxonomy":"category","embeddable":true,"href":"http:\/\/www.jojoenherbe.com\/index.php\/wp-json\/wp\/v2\/categories?post=15151"},{"taxonomy":"post_tag","embeddable":true,"href":"http:\/\/www.jojoenherbe.com\/index.php\/wp-json\/wp\/v2\/tags?post=15151"}],"curies":[{"name":"wp","href":"https:\/\/api.w.org\/{rel}","templated":true}]}}