{"id":15124,"date":"2021-01-15T15:55:26","date_gmt":"2021-01-15T14:55:26","guid":{"rendered":"http:\/\/www.jojoenherbe.com\/?p=15124"},"modified":"2022-02-09T10:48:42","modified_gmt":"2022-02-09T09:48:42","slug":"au-fil-des-pages-avec-la-malediction-de-lanneau-dor","status":"publish","type":"post","link":"http:\/\/www.jojoenherbe.com\/index.php\/2021\/01\/15\/au-fil-des-pages-avec-la-malediction-de-lanneau-dor\/","title":{"rendered":"Au fil des pages avec La mal\u00e9diction de l&rsquo;anneau d&rsquo;or"},"content":{"rendered":"<p style=\"text-align: justify;\"><em><a href=\"https:\/\/i0.wp.com\/www.jojoenherbe.com\/wp-content\/uploads\/2021\/01\/La-malediction-de-lanneau-dor-2-scaled.jpg\"><img data-recalc-dims=\"1\" loading=\"lazy\" decoding=\"async\" data-attachment-id=\"15130\" data-permalink=\"http:\/\/www.jojoenherbe.com\/index.php\/2021\/01\/15\/au-fil-des-pages-avec-la-malediction-de-lanneau-dor\/la-malediction-de-lanneau-dor-2\/\" data-orig-file=\"https:\/\/i0.wp.com\/www.jojoenherbe.com\/wp-content\/uploads\/2021\/01\/La-malediction-de-lanneau-dor-2-scaled.jpg?fit=2560%2C1810\" data-orig-size=\"2560,1810\" data-comments-opened=\"1\" data-image-meta=\"{&quot;aperture&quot;:&quot;1.8&quot;,&quot;credit&quot;:&quot;&quot;,&quot;camera&quot;:&quot;iPhone 7&quot;,&quot;caption&quot;:&quot;&quot;,&quot;created_timestamp&quot;:&quot;1610620514&quot;,&quot;copyright&quot;:&quot;&quot;,&quot;focal_length&quot;:&quot;3.99&quot;,&quot;iso&quot;:&quot;80&quot;,&quot;shutter_speed&quot;:&quot;0.058823529411765&quot;,&quot;title&quot;:&quot;&quot;,&quot;orientation&quot;:&quot;1&quot;}\" data-image-title=\"La mal\u00e9diction de l&amp;rsquo;anneau d&amp;rsquo;or 2\" data-image-description=\"\" data-image-caption=\"\" data-large-file=\"https:\/\/i0.wp.com\/www.jojoenherbe.com\/wp-content\/uploads\/2021\/01\/La-malediction-de-lanneau-dor-2-scaled.jpg?fit=676%2C478\" class=\"alignleft size-thumbnail wp-image-15130\" src=\"https:\/\/i0.wp.com\/www.jojoenherbe.com\/wp-content\/uploads\/2021\/01\/La-malediction-de-lanneau-dor-2.jpg?resize=150%2C150\" alt=\"\" width=\"150\" height=\"150\" srcset=\"https:\/\/i0.wp.com\/www.jojoenherbe.com\/wp-content\/uploads\/2021\/01\/La-malediction-de-lanneau-dor-2-scaled.jpg?resize=150%2C150 150w, https:\/\/i0.wp.com\/www.jojoenherbe.com\/wp-content\/uploads\/2021\/01\/La-malediction-de-lanneau-dor-2-scaled.jpg?zoom=2&amp;resize=150%2C150 300w, https:\/\/i0.wp.com\/www.jojoenherbe.com\/wp-content\/uploads\/2021\/01\/La-malediction-de-lanneau-dor-2-scaled.jpg?zoom=3&amp;resize=150%2C150 450w\" sizes=\"auto, (max-width: 150px) 100vw, 150px\" \/><\/a> <a href=\"https:\/\/i0.wp.com\/www.jojoenherbe.com\/wp-content\/uploads\/2021\/01\/La-malediction-de-lanneau-dor-3-scaled.jpg\"><img data-recalc-dims=\"1\" loading=\"lazy\" decoding=\"async\" data-attachment-id=\"15135\" data-permalink=\"http:\/\/www.jojoenherbe.com\/index.php\/2021\/01\/15\/au-fil-des-pages-avec-la-malediction-de-lanneau-dor\/la-malediction-de-lanneau-dor-3\/\" data-orig-file=\"https:\/\/i0.wp.com\/www.jojoenherbe.com\/wp-content\/uploads\/2021\/01\/La-malediction-de-lanneau-dor-3-scaled.jpg?fit=1920%2C2560\" data-orig-size=\"1920,2560\" data-comments-opened=\"1\" data-image-meta=\"{&quot;aperture&quot;:&quot;1.8&quot;,&quot;credit&quot;:&quot;&quot;,&quot;camera&quot;:&quot;iPhone 7&quot;,&quot;caption&quot;:&quot;&quot;,&quot;created_timestamp&quot;:&quot;1610620568&quot;,&quot;copyright&quot;:&quot;&quot;,&quot;focal_length&quot;:&quot;3.99&quot;,&quot;iso&quot;:&quot;100&quot;,&quot;shutter_speed&quot;:&quot;0.090909090909091&quot;,&quot;title&quot;:&quot;&quot;,&quot;orientation&quot;:&quot;1&quot;}\" data-image-title=\"La mal\u00e9diction de l&amp;rsquo;anneau d&amp;rsquo;or 3\" data-image-description=\"\" data-image-caption=\"\" data-large-file=\"https:\/\/i0.wp.com\/www.jojoenherbe.com\/wp-content\/uploads\/2021\/01\/La-malediction-de-lanneau-dor-3-scaled.jpg?fit=676%2C901\" class=\"alignleft size-thumbnail wp-image-15135\" src=\"https:\/\/i0.wp.com\/www.jojoenherbe.com\/wp-content\/uploads\/2021\/01\/La-malediction-de-lanneau-dor-3.jpg?resize=150%2C150\" alt=\"\" width=\"150\" height=\"150\" srcset=\"https:\/\/i0.wp.com\/www.jojoenherbe.com\/wp-content\/uploads\/2021\/01\/La-malediction-de-lanneau-dor-3-scaled.jpg?resize=150%2C150 150w, https:\/\/i0.wp.com\/www.jojoenherbe.com\/wp-content\/uploads\/2021\/01\/La-malediction-de-lanneau-dor-3-scaled.jpg?zoom=2&amp;resize=150%2C150 300w, https:\/\/i0.wp.com\/www.jojoenherbe.com\/wp-content\/uploads\/2021\/01\/La-malediction-de-lanneau-dor-3-scaled.jpg?zoom=3&amp;resize=150%2C150 450w\" sizes=\"auto, (max-width: 150px) 100vw, 150px\" \/><\/a>Apr\u00e8s avoir lu <a href=\"http:\/\/www.jojoenherbe.com\/index.php\/2021\/01\/15\/au-fil-des-pages-avec-anya-et-tigre-blanc\/\"><span style=\"text-decoration: underline;\">Anya et Tigre blanc<\/span><\/a>, je lis <span style=\"text-decoration: underline;\">La mal\u00e9diction de l&rsquo;anneau d&rsquo;or<\/span> de Fred Bernard et Fran\u00e7ois Roca (\u00e9d. Albin Michel Jeunesse, 2017), un album jeunesse tr\u00e8s grand format \u00e0 partir de 8 ans et pr\u00e9quel du premier. L&rsquo;histoire revient sur la vie de la sorci\u00e8re maudite, Corn\u00e9lia qui avait r\u00e9ussi \u00e0 duper le couple royal du pays du Grand Blanc en propageant une fausse mal\u00e9diction pour enlever les enfants du royaume. <\/em><\/p>\n<p style=\"text-align: justify;\"><em>Corn\u00e9lia est une jeune orpheline aveugle qui grandit dans un orphelinat avec son amie et confidente, Virginia, sous le regard de Jack, un corbeau sauv\u00e9 par Corn\u00e9lia petite. Toutes les deux sont fascin\u00e9es par la l\u00e9gende de l&rsquo;Anneau d&rsquo;or selon laquelle quiconque r\u00e9ussira \u00e0 passer cet anneau \u00e0 son doigt deviendra riche et c\u00e9l\u00e8bre. Ann\u00e9e apr\u00e8s ann\u00e9e, elles se rendent r\u00e9guli\u00e8rement, la nuit, dans le Temple perdu de la for\u00eat du Mont Battois esp\u00e9rant \u00e0 chaque fois \u00eatre l&rsquo;\u00e9lue de l&rsquo;anneau d&rsquo;or. Elles admirent \u00e9galement l&rsquo;un de leurs enseignants, G\u00e9nius la main froide au point que leur amiti\u00e9 est mise en mal lorsque ce dernier jette son d\u00e9volu sur Corn\u00e9lia. <\/em><em>Virginia arrivera-t-elle \u00e0 sauver son amie d&rsquo;un destin funeste lorsque Corn\u00e9lia r\u00e9ussit \u00e0 porter l&rsquo;anneau d&rsquo;or, l&rsquo;ombre de G\u00e9nius n&rsquo;\u00e9tant pas loin?<\/em><\/p>\n<p style=\"text-align: justify;\"><em><a href=\"https:\/\/i0.wp.com\/www.jojoenherbe.com\/wp-content\/uploads\/2021\/01\/La-malediction-de-lanneau-dor-5-scaled.jpg\"><img data-recalc-dims=\"1\" loading=\"lazy\" decoding=\"async\" data-attachment-id=\"15132\" data-permalink=\"http:\/\/www.jojoenherbe.com\/index.php\/2021\/01\/15\/au-fil-des-pages-avec-la-malediction-de-lanneau-dor\/la-malediction-de-lanneau-dor-5\/\" data-orig-file=\"https:\/\/i0.wp.com\/www.jojoenherbe.com\/wp-content\/uploads\/2021\/01\/La-malediction-de-lanneau-dor-5-scaled.jpg?fit=1920%2C2560\" data-orig-size=\"1920,2560\" data-comments-opened=\"1\" data-image-meta=\"{&quot;aperture&quot;:&quot;1.8&quot;,&quot;credit&quot;:&quot;&quot;,&quot;camera&quot;:&quot;iPhone 7&quot;,&quot;caption&quot;:&quot;&quot;,&quot;created_timestamp&quot;:&quot;1610620616&quot;,&quot;copyright&quot;:&quot;&quot;,&quot;focal_length&quot;:&quot;3.99&quot;,&quot;iso&quot;:&quot;100&quot;,&quot;shutter_speed&quot;:&quot;0.058823529411765&quot;,&quot;title&quot;:&quot;&quot;,&quot;orientation&quot;:&quot;1&quot;}\" data-image-title=\"La mal\u00e9diction de l&amp;rsquo;anneau d&amp;rsquo;or 5\" data-image-description=\"\" data-image-caption=\"\" data-large-file=\"https:\/\/i0.wp.com\/www.jojoenherbe.com\/wp-content\/uploads\/2021\/01\/La-malediction-de-lanneau-dor-5-scaled.jpg?fit=676%2C901\" class=\"size-thumbnail wp-image-15132 alignright\" src=\"https:\/\/i0.wp.com\/www.jojoenherbe.com\/wp-content\/uploads\/2021\/01\/La-malediction-de-lanneau-dor-5.jpg?resize=150%2C150\" alt=\"\" width=\"150\" height=\"150\" srcset=\"https:\/\/i0.wp.com\/www.jojoenherbe.com\/wp-content\/uploads\/2021\/01\/La-malediction-de-lanneau-dor-5-scaled.jpg?resize=150%2C150 150w, https:\/\/i0.wp.com\/www.jojoenherbe.com\/wp-content\/uploads\/2021\/01\/La-malediction-de-lanneau-dor-5-scaled.jpg?zoom=2&amp;resize=150%2C150 300w, https:\/\/i0.wp.com\/www.jojoenherbe.com\/wp-content\/uploads\/2021\/01\/La-malediction-de-lanneau-dor-5-scaled.jpg?zoom=3&amp;resize=150%2C150 450w\" sizes=\"auto, (max-width: 150px) 100vw, 150px\" \/><\/a> <a href=\"https:\/\/i0.wp.com\/www.jojoenherbe.com\/wp-content\/uploads\/2021\/01\/La-malediction-de-lanneau-dor-4-scaled.jpg\"><img data-recalc-dims=\"1\" loading=\"lazy\" decoding=\"async\" data-attachment-id=\"15131\" data-permalink=\"http:\/\/www.jojoenherbe.com\/index.php\/2021\/01\/15\/au-fil-des-pages-avec-la-malediction-de-lanneau-dor\/la-malediction-de-lanneau-dor-4\/\" data-orig-file=\"https:\/\/i0.wp.com\/www.jojoenherbe.com\/wp-content\/uploads\/2021\/01\/La-malediction-de-lanneau-dor-4-scaled.jpg?fit=1920%2C2560\" data-orig-size=\"1920,2560\" data-comments-opened=\"1\" data-image-meta=\"{&quot;aperture&quot;:&quot;1.8&quot;,&quot;credit&quot;:&quot;&quot;,&quot;camera&quot;:&quot;iPhone 7&quot;,&quot;caption&quot;:&quot;&quot;,&quot;created_timestamp&quot;:&quot;1610620580&quot;,&quot;copyright&quot;:&quot;&quot;,&quot;focal_length&quot;:&quot;3.99&quot;,&quot;iso&quot;:&quot;100&quot;,&quot;shutter_speed&quot;:&quot;0.14285714285714&quot;,&quot;title&quot;:&quot;&quot;,&quot;orientation&quot;:&quot;1&quot;}\" data-image-title=\"La mal\u00e9diction de l&amp;rsquo;anneau d&amp;rsquo;or 4\" data-image-description=\"\" data-image-caption=\"\" data-large-file=\"https:\/\/i0.wp.com\/www.jojoenherbe.com\/wp-content\/uploads\/2021\/01\/La-malediction-de-lanneau-dor-4-scaled.jpg?fit=676%2C901\" class=\"size-thumbnail wp-image-15131 alignright\" src=\"https:\/\/i0.wp.com\/www.jojoenherbe.com\/wp-content\/uploads\/2021\/01\/La-malediction-de-lanneau-dor-4.jpg?resize=150%2C150\" alt=\"\" width=\"150\" height=\"150\" srcset=\"https:\/\/i0.wp.com\/www.jojoenherbe.com\/wp-content\/uploads\/2021\/01\/La-malediction-de-lanneau-dor-4-scaled.jpg?resize=150%2C150 150w, https:\/\/i0.wp.com\/www.jojoenherbe.com\/wp-content\/uploads\/2021\/01\/La-malediction-de-lanneau-dor-4-scaled.jpg?zoom=2&amp;resize=150%2C150 300w, https:\/\/i0.wp.com\/www.jojoenherbe.com\/wp-content\/uploads\/2021\/01\/La-malediction-de-lanneau-dor-4-scaled.jpg?zoom=3&amp;resize=150%2C150 450w\" sizes=\"auto, (max-width: 150px) 100vw, 150px\" \/><\/a>Les illustrations de Fran\u00e7ois Roca sont tout aussi magnifiques que dans l&rsquo;album pr\u00e9c\u00e9dent, dans un d\u00e9cor cette fois-ci m\u00e9di\u00e9val. Le narrateur n&rsquo;est plus le temps mais un corbeau recueilli par Corn\u00e9lia. L&rsquo;histoire renvoie \u00e0 celle d&rsquo;<span style=\"text-decoration: underline;\">Anya et Tigre blanc<\/span> et permet de r\u00e9pondre \u00e0 certaines questions laiss\u00e9es en suspens et d&rsquo;apprendre que Corn\u00e9lia n&rsquo;a pas agi seule mais sous l&#8217;emprise de G\u00e9nius la main froide. <\/em><\/p>\n<p style=\"text-align: justify;\"><em>Toutefois,\u00a0 il<\/em><em> existe des diff\u00e9rences\/incoh\u00e9rences entre la sorci\u00e8re d\u00e9crite dans le premier tome et Corn\u00e9lia <\/em><em>devenue aveugle enfant apr\u00e8s avoir \u00e9t\u00e9 touch\u00e9e par la foudre qui a emport\u00e9 ses parents et non du fait de d\u00e9tenir l&rsquo;anneau d&rsquo;or. D&rsquo;ailleurs, si on observe d&rsquo;un peu plus pr\u00e8s les illustrations de la sorci\u00e8re dans <span style=\"text-decoration: underline;\">Anya et Tigre blanc<\/span>, elle ne porte pas d&rsquo;anneau. Les traits de son visage, et plus g\u00e9n\u00e9ralement sa silhouette, sont plus soign\u00e9s et plus gracieux dans <span style=\"text-decoration: underline;\">La mal\u00e9diction de l&rsquo;anneau d&rsquo;or<\/span>. D&rsquo;autre part, l&rsquo;histoire interroge sur ce qu&rsquo;une personne peut faire par amour ou par amiti\u00e9, sur comment aider un proche qui se perd et in fine s&rsquo;il est possible de tout pardonner, m\u00eame quand l&rsquo;impardonnable est commis. <\/em><em>Un tr\u00e8s bon moment de lecture!<br \/><\/em><\/p>\n<p><em>Pour un autre avis sur cet album: <a href=\"http:\/\/mapetitemediatheque.fr\/2019\/02\/la-malediction-de-lanneau-dor-album-jeunesse\/\">Bidib<\/a>.<\/em><\/p>\n<div id=\"attachment_10219\" style=\"width: 110px\" class=\"wp-caption alignleft\"><img loading=\"lazy\" decoding=\"async\" aria-describedby=\"caption-attachment-10219\" data-attachment-id=\"10219\" data-permalink=\"http:\/\/www.jojoenherbe.com\/index.php\/2020\/03\/02\/au-fil-des-pages-avec-lievre-et-ours-sous-la-neige\/lievre-et-ours-sous-la-neige\/\" data-orig-file=\"https:\/\/i0.wp.com\/www.jojoenherbe.com\/wp-content\/uploads\/2020\/03\/Li%C3%A8vre-et-Ours-sous-la-neige-scaled.jpg?fit=2560%2C1892\" data-orig-size=\"2560,1892\" data-comments-opened=\"1\" data-image-meta=\"{&quot;aperture&quot;:&quot;2.4&quot;,&quot;credit&quot;:&quot;&quot;,&quot;camera&quot;:&quot;iPhone 4S&quot;,&quot;caption&quot;:&quot;&quot;,&quot;created_timestamp&quot;:&quot;1583147305&quot;,&quot;copyright&quot;:&quot;&quot;,&quot;focal_length&quot;:&quot;4.28&quot;,&quot;iso&quot;:&quot;640&quot;,&quot;shutter_speed&quot;:&quot;0.066666666666667&quot;,&quot;title&quot;:&quot;&quot;,&quot;orientation&quot;:&quot;1&quot;}\" data-image-title=\"Li\u00e8vre et Ours, sous la neige\" data-image-description=\"\" data-image-caption=\"\" data-large-file=\"https:\/\/i0.wp.com\/www.jojoenherbe.com\/wp-content\/uploads\/2020\/03\/Li%C3%A8vre-et-Ours-sous-la-neige-scaled.jpg?fit=676%2C500\" class=\"wp-image-10219\" src=\"https:\/\/i2.wp.com\/mapetitemediatheque.fr\/wp-content\/uploads\/2018\/11\/challenge-contes-et-l\u00e9gendes.jpg?resize=131%2C164\" sizes=\"auto, (max-width: 343px) 100vw, 343px\" srcset=\"https:\/\/i2.wp.com\/mapetitemediatheque.fr\/wp-content\/uploads\/2018\/11\/challenge-contes-et-l\u00e9gendes.jpg?resize=131%2C164 343w, http:\/\/mapetitemediatheque.fr\/wp-content\/uploads\/2018\/11\/challenge-contes-et-l\u00e9gendes-239x300.jpg 239w\" alt=\"\" width=\"100\" height=\"125\" aria-describedby=\"caption-attachment-10219\" data-attachment-id=\"10219\" data-permalink=\"http:\/\/www.jojoenherbe.com\/index.php\/2020\/03\/02\/au-fil-des-pages-avec-lievre-et-ours-sous-la-neige\/lievre-et-ours-sous-la-neige\/\" data-orig-file=\"https:\/\/i1.wp.com\/www.jojoenherbe.com\/wp-content\/uploads\/2020\/03\/Li\u00e8vre-et-Ours-sous-la-neige-scaled.jpg?fit=2560%2C1892\" data-orig-size=\"2560,1892\" data-comments-opened=\"1\" data-image-meta=\"{&quot;aperture&quot;:&quot;2.4&quot;,&quot;credit&quot;:&quot;&quot;,&quot;camera&quot;:&quot;iPhone 4S&quot;,&quot;caption&quot;:&quot;&quot;,&quot;created_timestamp&quot;:&quot;1583147305&quot;,&quot;copyright&quot;:&quot;&quot;,&quot;focal_length&quot;:&quot;4.28&quot;,&quot;iso&quot;:&quot;640&quot;,&quot;shutter_speed&quot;:&quot;0.066666666666667&quot;,&quot;title&quot;:&quot;&quot;,&quot;orientation&quot;:&quot;1&quot;}\" data-image-title=\"Li\u00e8vre et Ours, sous la neige\" data-image-description=\"\" data-medium-file=\"https:\/\/i1.wp.com\/www.jojoenherbe.com\/wp-content\/uploads\/2020\/03\/Li\u00e8vre-et-Ours-sous-la-neige-scaled.jpg?fit=300%2C222\" data-large-file=\"https:\/\/i1.wp.com\/www.jojoenherbe.com\/wp-content\/uploads\/2020\/03\/Li\u00e8vre-et-Ours-sous-la-neige-scaled.jpg?fit=676%2C500\" data-recalc-dims=\"1\" \/><p id=\"caption-attachment-10219\" class=\"wp-caption-text\">Participation #6 au Challenge Contes &amp; L\u00e9gendes 2021 de <a href=\"https:\/\/mapetitemediatheque.fr\/2020\/12\/challenge-contes-legendes-2021\/\">Bidib<\/a><\/p><\/div>\n<div style=\"width: 142px\" class=\"wp-caption alignleft\"><img loading=\"lazy\" decoding=\"async\" class=\"\" src=\"https:\/\/lh3.googleusercontent.com\/pw\/ACtC-3eIuIHfDCWnQjrbP_Gttnq9qrZJ0sCLWnTR3GjIOIiC54aYp8f1rKz8fy3EJIYJcUrzUv3KnF-YnYTE-vhMmRU8myeq_V_5OYKPelcJ6I4-bD-P1SjmJYevXt0TGhPCpROfcXeg5SJ_4KvwWeBQfvsOWw=w285-h217-no?authuser=1\" alt=\"\" width=\"132\" height=\"101\" \/><p class=\"wp-caption-text\">Challenge Petit Bac d&rsquo;<a href=\"https:\/\/ennalit.wordpress.com\/2020\/12\/01\/challenge-petit-bac-2021-qui-veut-jouer\/\">Enna<\/a> #1 Cat\u00e9gorie Objet: \u00ab\u00a0Anneau d&rsquo;or\u00a0\u00bb<\/p><\/div>\n\n\n<p><\/p>\n","protected":false},"excerpt":{"rendered":"<p>Apr\u00e8s avoir lu Anya et Tigre blanc, je lis La mal\u00e9diction de l&rsquo;anneau d&rsquo;or de Fred Bernard et Fran\u00e7ois Roca (\u00e9d. Albin Michel Jeunesse, 2017), un album jeunesse tr\u00e8s grand format \u00e0 partir de 8 ans et pr\u00e9quel du premier. L&rsquo;histoire revient sur la vie de la sorci\u00e8re maudite, Corn\u00e9lia qui avait r\u00e9ussi \u00e0 duper [&hellip;]<\/p>\n","protected":false},"author":1,"featured_media":15134,"comment_status":"open","ping_status":"open","sticky":false,"template":"","format":"standard","meta":{"jetpack_post_was_ever_published":false,"_jetpack_newsletter_access":"","_jetpack_dont_email_post_to_subs":false,"_jetpack_newsletter_tier_id":0,"_jetpack_memberships_contains_paywalled_content":false,"_jetpack_memberships_contains_paid_content":false,"footnotes":""},"categories":[363],"tags":[1167,409,386,2020,2018,245,1104,843,870,2094,2093,367,775,727,1594,1229,2100,340],"class_list":["post-15124","post","type-post","status-publish","format-standard","has-post-thumbnail","hentry","category-mini-lecteur","tag-8-11-ans","tag-albums-jeunesse","tag-amitie","tag-challenge-contes-et-legendes-2021","tag-challenge-petit-bac-2021","tag-contes","tag-corbeau","tag-fantastique","tag-fantasy","tag-francois-roca","tag-fred-bernard","tag-lecture-jeunesse","tag-legendes","tag-magie","tag-malediction","tag-orphelin","tag-orphelinat","tag-sorciere","post-preview"],"jetpack_featured_media_url":"https:\/\/i0.wp.com\/www.jojoenherbe.com\/wp-content\/uploads\/2021\/01\/La-malediction-de-lanneau-dor-scaled.jpg?fit=2474%2C2560","jetpack_sharing_enabled":true,"jetpack_shortlink":"https:\/\/wp.me\/p9zhGx-3VW","jetpack_likes_enabled":true,"jetpack-related-posts":[{"id":15082,"url":"http:\/\/www.jojoenherbe.com\/index.php\/2021\/01\/15\/au-fil-des-pages-avec-anya-et-tigre-blanc\/","url_meta":{"origin":15124,"position":0},"title":"Au fil des pages avec Anya et Tigre blanc","author":"Jojo","date":"15 janvier 2021","format":false,"excerpt":"J'emprunte \u00e0 la m\u00e9diath\u00e8que Anya et Tigre Blanc de Fred Bernard et Fran\u00e7ois Roca (\u00e9d. Albin Michel Jeunesse, 2015), un album jeunesse tr\u00e8s grand format \u00e0 partir de 8 ans. Au pays du Grand Blanc, dans des temps anciens, apr\u00e8s la naissance du prince h\u00e9ritier du royaume gouvern\u00e9 par un\u2026","rel":"","context":"Dans &quot;Mini lecteur&quot;","block_context":{"text":"Mini lecteur","link":"http:\/\/www.jojoenherbe.com\/index.php\/category\/mini-lecteur\/"},"img":{"alt_text":"","src":"https:\/\/i0.wp.com\/www.jojoenherbe.com\/wp-content\/uploads\/2021\/01\/Anya-et-Tigre-blanc-scaled.jpg?fit=1200%2C900&resize=350%2C200","width":350,"height":200,"srcset":"https:\/\/i0.wp.com\/www.jojoenherbe.com\/wp-content\/uploads\/2021\/01\/Anya-et-Tigre-blanc-scaled.jpg?fit=1200%2C900&resize=350%2C200 1x, https:\/\/i0.wp.com\/www.jojoenherbe.com\/wp-content\/uploads\/2021\/01\/Anya-et-Tigre-blanc-scaled.jpg?fit=1200%2C900&resize=525%2C300 1.5x, https:\/\/i0.wp.com\/www.jojoenherbe.com\/wp-content\/uploads\/2021\/01\/Anya-et-Tigre-blanc-scaled.jpg?fit=1200%2C900&resize=700%2C400 2x, https:\/\/i0.wp.com\/www.jojoenherbe.com\/wp-content\/uploads\/2021\/01\/Anya-et-Tigre-blanc-scaled.jpg?fit=1200%2C900&resize=1050%2C600 3x"},"classes":[]},{"id":38474,"url":"http:\/\/www.jojoenherbe.com\/index.php\/2025\/02\/27\/throwback-thursday-livresque-malediction\/","url_meta":{"origin":15124,"position":1},"title":"Throwback Thursday Livresque: Mal\u00e9diction","author":"Jojo","date":"27 f\u00e9vrier 2025","format":false,"excerpt":"Ce jeudi 27 f\u00e9vrier 2025, je participe au Throwback Thursday Livresque, un rendez-vous livresque initialement chez Bettie Rose Books et repris depuis par Carole, les liens \u00e9tant \u00e0 d\u00e9poser chez My-Bo0ks. Le principe est de partager chaque jeudi un livre en fonction d\u2019un th\u00e8me donn\u00e9. Cette semaine, le th\u00e8me est\u2026","rel":"","context":"Dans &quot;Mini blogueur&quot;","block_context":{"text":"Mini blogueur","link":"http:\/\/www.jojoenherbe.com\/index.php\/category\/mini-blogueur\/"},"img":{"alt_text":"","src":"https:\/\/i0.wp.com\/www.jojoenherbe.com\/wp-content\/uploads\/2023\/10\/TTL-logo.jpg?resize=350%2C200","width":350,"height":200},"classes":[]},{"id":13276,"url":"http:\/\/www.jojoenherbe.com\/index.php\/2020\/10\/25\/nos-lectures-blanche-neige\/","url_meta":{"origin":15124,"position":2},"title":"Nos lectures \u00ab\u00a0Blanche-Neige\u00a0\u00bb","author":"Jojo","date":"25 octobre 2020","format":false,"excerpt":"Apr\u00e8s avoir lu une nouvelle fois Blanche-Neige, j'ai eu envie de regrouper dans un billet unique nos diff\u00e9rentes lectures de ce conte, que ce soit le conte traditionnel ou son d\u00e9tournement. Ce billet sera ainsi mis \u00e0 jour chaque fois qu'une nouvelle version ou adaptation sera lue de Blanche-Neige. Des\u2026","rel":"","context":"Dans &quot;Mini lecteur&quot;","block_context":{"text":"Mini lecteur","link":"http:\/\/www.jojoenherbe.com\/index.php\/category\/mini-lecteur\/"},"img":{"alt_text":"","src":"https:\/\/i0.wp.com\/www.jojoenherbe.com\/wp-content\/uploads\/2020\/10\/Nos-lectures-Blanche-Neige-2-scaled.jpg?fit=1200%2C874&resize=350%2C200","width":350,"height":200,"srcset":"https:\/\/i0.wp.com\/www.jojoenherbe.com\/wp-content\/uploads\/2020\/10\/Nos-lectures-Blanche-Neige-2-scaled.jpg?fit=1200%2C874&resize=350%2C200 1x, https:\/\/i0.wp.com\/www.jojoenherbe.com\/wp-content\/uploads\/2020\/10\/Nos-lectures-Blanche-Neige-2-scaled.jpg?fit=1200%2C874&resize=525%2C300 1.5x, https:\/\/i0.wp.com\/www.jojoenherbe.com\/wp-content\/uploads\/2020\/10\/Nos-lectures-Blanche-Neige-2-scaled.jpg?fit=1200%2C874&resize=700%2C400 2x, https:\/\/i0.wp.com\/www.jojoenherbe.com\/wp-content\/uploads\/2020\/10\/Nos-lectures-Blanche-Neige-2-scaled.jpg?fit=1200%2C874&resize=1050%2C600 3x"},"classes":[]},{"id":20100,"url":"http:\/\/www.jojoenherbe.com\/index.php\/2021\/08\/05\/au-fil-des-pages-avec-savitri-la-vaillante\/","url_meta":{"origin":15124,"position":3},"title":"Au fil des pages avec Savitri la Vaillante","author":"Jojo","date":"5 ao\u00fbt 2021","format":false,"excerpt":"Le mois dernier, Bidib, Hilde et Blandine associaient leurs challenges respectifs pour un mois d\u00e9di\u00e9 aux contes et l\u00e9gendes d'Inde. J'avais ainsi emprunt\u00e9 \u00e0 la m\u00e9diath\u00e8que Savitri la Vaillante, conte de l'Inde de B\u00e9atrice Tanaka (\u00e9d. Messidor\/La Farandole, coll. Parolimages,1985), un album jeunesse \u00e0 partir de 5 ans que je\u2026","rel":"","context":"Dans &quot;Mini lecteur&quot;","block_context":{"text":"Mini lecteur","link":"http:\/\/www.jojoenherbe.com\/index.php\/category\/mini-lecteur\/"},"img":{"alt_text":"","src":"https:\/\/i0.wp.com\/www.jojoenherbe.com\/wp-content\/uploads\/2021\/08\/Savitri-la-Vaillante-scaled.jpg?fit=1200%2C900&resize=350%2C200","width":350,"height":200,"srcset":"https:\/\/i0.wp.com\/www.jojoenherbe.com\/wp-content\/uploads\/2021\/08\/Savitri-la-Vaillante-scaled.jpg?fit=1200%2C900&resize=350%2C200 1x, https:\/\/i0.wp.com\/www.jojoenherbe.com\/wp-content\/uploads\/2021\/08\/Savitri-la-Vaillante-scaled.jpg?fit=1200%2C900&resize=525%2C300 1.5x, https:\/\/i0.wp.com\/www.jojoenherbe.com\/wp-content\/uploads\/2021\/08\/Savitri-la-Vaillante-scaled.jpg?fit=1200%2C900&resize=700%2C400 2x, https:\/\/i0.wp.com\/www.jojoenherbe.com\/wp-content\/uploads\/2021\/08\/Savitri-la-Vaillante-scaled.jpg?fit=1200%2C900&resize=1050%2C600 3x"},"classes":[]},{"id":16424,"url":"http:\/\/www.jojoenherbe.com\/index.php\/2021\/03\/12\/au-fil-des-pages-avec-le-livre-de-charlie\/","url_meta":{"origin":15124,"position":4},"title":"Au fil des pages avec Le livre de Charlie","author":"Jojo","date":"12 mars 2021","format":false,"excerpt":"Nous empruntons \u00e0 la m\u00e9diath\u00e8que Le livre de Charlie de Julia Donaldson et Axel Scheffler (\u00e9d. Autrement Jeunesse, 2006), un album jeunesse \u00e0 partir de 3 ans. Charlie, un jeune gar\u00e7on est en train de lire une histoire de pirate naufrag\u00e9 qui d\u00e9couvre dans un coffre un tr\u00e9sor un livre\u2026","rel":"","context":"Dans &quot;Mini lecteur&quot;","block_context":{"text":"Mini lecteur","link":"http:\/\/www.jojoenherbe.com\/index.php\/category\/mini-lecteur\/"},"img":{"alt_text":"","src":"https:\/\/i0.wp.com\/www.jojoenherbe.com\/wp-content\/uploads\/2021\/03\/Le-livre-de-Charlie-3-scaled.jpg?fit=1200%2C900&resize=350%2C200","width":350,"height":200,"srcset":"https:\/\/i0.wp.com\/www.jojoenherbe.com\/wp-content\/uploads\/2021\/03\/Le-livre-de-Charlie-3-scaled.jpg?fit=1200%2C900&resize=350%2C200 1x, https:\/\/i0.wp.com\/www.jojoenherbe.com\/wp-content\/uploads\/2021\/03\/Le-livre-de-Charlie-3-scaled.jpg?fit=1200%2C900&resize=525%2C300 1.5x, https:\/\/i0.wp.com\/www.jojoenherbe.com\/wp-content\/uploads\/2021\/03\/Le-livre-de-Charlie-3-scaled.jpg?fit=1200%2C900&resize=700%2C400 2x, https:\/\/i0.wp.com\/www.jojoenherbe.com\/wp-content\/uploads\/2021\/03\/Le-livre-de-Charlie-3-scaled.jpg?fit=1200%2C900&resize=1050%2C600 3x"},"classes":[]},{"id":16340,"url":"http:\/\/www.jojoenherbe.com\/index.php\/2021\/03\/08\/nos-lectures-boucle-dor-et-les-trois-ours\/","url_meta":{"origin":15124,"position":5},"title":"Nos lectures \u00ab\u00a0Boucle d&rsquo;Or et les trois ours\u00a0\u00bb","author":"Jojo","date":"8 mars 2021","format":false,"excerpt":"Apr\u00e8s avoir regroup\u00e9 sous un m\u00eame billet th\u00e9matique divers contes, j'avais envie de parler d'un autre conte que nous lisons r\u00e9guli\u00e8rement et que nous appr\u00e9cions beaucoup, celui de Boucle d'Or et les trois ours. Alors voici nos lectures, plus ou moins r\u00e9centes, autour de ce conte traditionnel qui aurait \u00e9t\u00e9\u2026","rel":"","context":"Dans &quot;Mini lecteur&quot;","block_context":{"text":"Mini lecteur","link":"http:\/\/www.jojoenherbe.com\/index.php\/category\/mini-lecteur\/"},"img":{"alt_text":"","src":"https:\/\/i0.wp.com\/www.jojoenherbe.com\/wp-content\/uploads\/2021\/03\/Nos-lectures-Boucle-dOr-scaled.jpg?fit=1200%2C900&resize=350%2C200","width":350,"height":200,"srcset":"https:\/\/i0.wp.com\/www.jojoenherbe.com\/wp-content\/uploads\/2021\/03\/Nos-lectures-Boucle-dOr-scaled.jpg?fit=1200%2C900&resize=350%2C200 1x, https:\/\/i0.wp.com\/www.jojoenherbe.com\/wp-content\/uploads\/2021\/03\/Nos-lectures-Boucle-dOr-scaled.jpg?fit=1200%2C900&resize=525%2C300 1.5x, https:\/\/i0.wp.com\/www.jojoenherbe.com\/wp-content\/uploads\/2021\/03\/Nos-lectures-Boucle-dOr-scaled.jpg?fit=1200%2C900&resize=700%2C400 2x, https:\/\/i0.wp.com\/www.jojoenherbe.com\/wp-content\/uploads\/2021\/03\/Nos-lectures-Boucle-dOr-scaled.jpg?fit=1200%2C900&resize=1050%2C600 3x"},"classes":[]}],"_links":{"self":[{"href":"http:\/\/www.jojoenherbe.com\/index.php\/wp-json\/wp\/v2\/posts\/15124","targetHints":{"allow":["GET"]}}],"collection":[{"href":"http:\/\/www.jojoenherbe.com\/index.php\/wp-json\/wp\/v2\/posts"}],"about":[{"href":"http:\/\/www.jojoenherbe.com\/index.php\/wp-json\/wp\/v2\/types\/post"}],"author":[{"embeddable":true,"href":"http:\/\/www.jojoenherbe.com\/index.php\/wp-json\/wp\/v2\/users\/1"}],"replies":[{"embeddable":true,"href":"http:\/\/www.jojoenherbe.com\/index.php\/wp-json\/wp\/v2\/comments?post=15124"}],"version-history":[{"count":0,"href":"http:\/\/www.jojoenherbe.com\/index.php\/wp-json\/wp\/v2\/posts\/15124\/revisions"}],"wp:featuredmedia":[{"embeddable":true,"href":"http:\/\/www.jojoenherbe.com\/index.php\/wp-json\/wp\/v2\/media\/15134"}],"wp:attachment":[{"href":"http:\/\/www.jojoenherbe.com\/index.php\/wp-json\/wp\/v2\/media?parent=15124"}],"wp:term":[{"taxonomy":"category","embeddable":true,"href":"http:\/\/www.jojoenherbe.com\/index.php\/wp-json\/wp\/v2\/categories?post=15124"},{"taxonomy":"post_tag","embeddable":true,"href":"http:\/\/www.jojoenherbe.com\/index.php\/wp-json\/wp\/v2\/tags?post=15124"}],"curies":[{"name":"wp","href":"https:\/\/api.w.org\/{rel}","templated":true}]}}