{"id":15082,"date":"2021-01-15T10:34:28","date_gmt":"2021-01-15T09:34:28","guid":{"rendered":"http:\/\/www.jojoenherbe.com\/?p=15082"},"modified":"2022-02-09T10:48:11","modified_gmt":"2022-02-09T09:48:11","slug":"au-fil-des-pages-avec-anya-et-tigre-blanc","status":"publish","type":"post","link":"http:\/\/www.jojoenherbe.com\/index.php\/2021\/01\/15\/au-fil-des-pages-avec-anya-et-tigre-blanc\/","title":{"rendered":"Au fil des pages avec Anya et Tigre blanc"},"content":{"rendered":"<p style=\"text-align: justify;\"><em><a href=\"https:\/\/i0.wp.com\/www.jojoenherbe.com\/wp-content\/uploads\/2021\/01\/Anya-et-Tigre-blanc-6-scaled.jpg\"><img data-recalc-dims=\"1\" loading=\"lazy\" decoding=\"async\" data-attachment-id=\"15095\" data-permalink=\"http:\/\/www.jojoenherbe.com\/index.php\/2021\/01\/15\/au-fil-des-pages-avec-anya-et-tigre-blanc\/anya-et-tigre-blanc-6\/\" data-orig-file=\"https:\/\/i0.wp.com\/www.jojoenherbe.com\/wp-content\/uploads\/2021\/01\/Anya-et-Tigre-blanc-6-scaled.jpg?fit=2560%2C1830\" data-orig-size=\"2560,1830\" data-comments-opened=\"1\" data-image-meta=\"{&quot;aperture&quot;:&quot;1.8&quot;,&quot;credit&quot;:&quot;&quot;,&quot;camera&quot;:&quot;iPhone 7&quot;,&quot;caption&quot;:&quot;&quot;,&quot;created_timestamp&quot;:&quot;1610620307&quot;,&quot;copyright&quot;:&quot;&quot;,&quot;focal_length&quot;:&quot;3.99&quot;,&quot;iso&quot;:&quot;80&quot;,&quot;shutter_speed&quot;:&quot;0.058823529411765&quot;,&quot;title&quot;:&quot;&quot;,&quot;orientation&quot;:&quot;1&quot;}\" data-image-title=\"Anya et Tigre blanc 6\" data-image-description=\"\" data-image-caption=\"\" data-large-file=\"https:\/\/i0.wp.com\/www.jojoenherbe.com\/wp-content\/uploads\/2021\/01\/Anya-et-Tigre-blanc-6-scaled.jpg?fit=676%2C483\" class=\"alignleft size-thumbnail wp-image-15095\" src=\"https:\/\/i0.wp.com\/www.jojoenherbe.com\/wp-content\/uploads\/2021\/01\/Anya-et-Tigre-blanc-6.jpg?resize=150%2C150\" alt=\"\" width=\"150\" height=\"150\" srcset=\"https:\/\/i0.wp.com\/www.jojoenherbe.com\/wp-content\/uploads\/2021\/01\/Anya-et-Tigre-blanc-6-scaled.jpg?resize=150%2C150 150w, https:\/\/i0.wp.com\/www.jojoenherbe.com\/wp-content\/uploads\/2021\/01\/Anya-et-Tigre-blanc-6-scaled.jpg?zoom=2&amp;resize=150%2C150 300w, https:\/\/i0.wp.com\/www.jojoenherbe.com\/wp-content\/uploads\/2021\/01\/Anya-et-Tigre-blanc-6-scaled.jpg?zoom=3&amp;resize=150%2C150 450w\" sizes=\"auto, (max-width: 150px) 100vw, 150px\" \/><\/a> <a href=\"https:\/\/i0.wp.com\/www.jojoenherbe.com\/wp-content\/uploads\/2021\/01\/Anya-et-Tigre-blanc-4-scaled.jpg\"><img data-recalc-dims=\"1\" loading=\"lazy\" decoding=\"async\" data-attachment-id=\"15086\" data-permalink=\"http:\/\/www.jojoenherbe.com\/index.php\/2021\/01\/15\/au-fil-des-pages-avec-anya-et-tigre-blanc\/anya-et-tigre-blanc-4\/\" data-orig-file=\"https:\/\/i0.wp.com\/www.jojoenherbe.com\/wp-content\/uploads\/2021\/01\/Anya-et-Tigre-blanc-4-scaled.jpg?fit=2560%2C1882\" data-orig-size=\"2560,1882\" data-comments-opened=\"1\" data-image-meta=\"{&quot;aperture&quot;:&quot;1.8&quot;,&quot;credit&quot;:&quot;&quot;,&quot;camera&quot;:&quot;iPhone 7&quot;,&quot;caption&quot;:&quot;&quot;,&quot;created_timestamp&quot;:&quot;1610620371&quot;,&quot;copyright&quot;:&quot;&quot;,&quot;focal_length&quot;:&quot;3.99&quot;,&quot;iso&quot;:&quot;64&quot;,&quot;shutter_speed&quot;:&quot;0.058823529411765&quot;,&quot;title&quot;:&quot;&quot;,&quot;orientation&quot;:&quot;1&quot;}\" data-image-title=\"Anya et Tigre blanc 4\" data-image-description=\"\" data-image-caption=\"\" data-large-file=\"https:\/\/i0.wp.com\/www.jojoenherbe.com\/wp-content\/uploads\/2021\/01\/Anya-et-Tigre-blanc-4-scaled.jpg?fit=676%2C497\" class=\"alignleft size-thumbnail wp-image-15086\" src=\"https:\/\/i0.wp.com\/www.jojoenherbe.com\/wp-content\/uploads\/2021\/01\/Anya-et-Tigre-blanc-4.jpg?resize=150%2C150\" alt=\"\" width=\"150\" height=\"150\" srcset=\"https:\/\/i0.wp.com\/www.jojoenherbe.com\/wp-content\/uploads\/2021\/01\/Anya-et-Tigre-blanc-4-scaled.jpg?resize=150%2C150 150w, https:\/\/i0.wp.com\/www.jojoenherbe.com\/wp-content\/uploads\/2021\/01\/Anya-et-Tigre-blanc-4-scaled.jpg?zoom=2&amp;resize=150%2C150 300w, https:\/\/i0.wp.com\/www.jojoenherbe.com\/wp-content\/uploads\/2021\/01\/Anya-et-Tigre-blanc-4-scaled.jpg?zoom=3&amp;resize=150%2C150 450w\" sizes=\"auto, (max-width: 150px) 100vw, 150px\" \/><\/a>J&#8217;emprunte \u00e0 la m\u00e9diath\u00e8que <span style=\"text-decoration: underline;\">Anya et Tigre Blanc<\/span> de Fred Bernard et Fran\u00e7ois Roca (\u00e9d. Albin Michel Jeunesse, 2015), un album jeunesse tr\u00e8s grand format \u00e0 partir de 8 ans. Au pays du Grand Blanc, dans des temps anciens, apr\u00e8s la naissance du prince h\u00e9ritier du royaume gouvern\u00e9 par un Roi cruel et injuste, de nombreux enfants de la m\u00eame g\u00e9n\u00e9ration que le prince disparaissent un \u00e0 un. C&rsquo;est le cas du fr\u00e8re jumeau d&rsquo;Anya, enlev\u00e9 b\u00e9b\u00e9. Des animaux les remplacent. C&rsquo;est ainsi qu&rsquo;Anya grandit au c\u00f4t\u00e9 d&rsquo;un tigre blanc, les animaux et les hommes pouvant communiquer ensemble. Mais, \u00e0 12 ans, Anya est \u00e0 son tour enlev\u00e9e par une sorci\u00e8re aveugle et maudite. Sera-t-elle \u00e0 l&rsquo;origine de la r\u00e9volte qui gronde pour retrouver tous ces enfants?<br \/>\n<\/em><\/p>\n<p style=\"text-align: justify;\"><em><a href=\"https:\/\/i0.wp.com\/www.jojoenherbe.com\/wp-content\/uploads\/2021\/01\/Anya-et-Tigre-blanc-7-scaled.jpg\"><img data-recalc-dims=\"1\" loading=\"lazy\" decoding=\"async\" data-attachment-id=\"15127\" data-permalink=\"http:\/\/www.jojoenherbe.com\/index.php\/2021\/01\/15\/au-fil-des-pages-avec-anya-et-tigre-blanc\/anya-et-tigre-blanc-7\/\" data-orig-file=\"https:\/\/i0.wp.com\/www.jojoenherbe.com\/wp-content\/uploads\/2021\/01\/Anya-et-Tigre-blanc-7-scaled.jpg?fit=1920%2C2560\" data-orig-size=\"1920,2560\" data-comments-opened=\"1\" data-image-meta=\"{&quot;aperture&quot;:&quot;1.8&quot;,&quot;credit&quot;:&quot;&quot;,&quot;camera&quot;:&quot;iPhone 7&quot;,&quot;caption&quot;:&quot;&quot;,&quot;created_timestamp&quot;:&quot;1610706563&quot;,&quot;copyright&quot;:&quot;&quot;,&quot;focal_length&quot;:&quot;3.99&quot;,&quot;iso&quot;:&quot;100&quot;,&quot;shutter_speed&quot;:&quot;0.14285714285714&quot;,&quot;title&quot;:&quot;&quot;,&quot;orientation&quot;:&quot;1&quot;}\" data-image-title=\"Anya et Tigre blanc 7\" data-image-description=\"\" data-image-caption=\"\" data-large-file=\"https:\/\/i0.wp.com\/www.jojoenherbe.com\/wp-content\/uploads\/2021\/01\/Anya-et-Tigre-blanc-7-scaled.jpg?fit=676%2C901\" class=\"size-thumbnail wp-image-15127 alignright\" src=\"https:\/\/i0.wp.com\/www.jojoenherbe.com\/wp-content\/uploads\/2021\/01\/Anya-et-Tigre-blanc-7.jpg?resize=150%2C150\" alt=\"\" width=\"150\" height=\"150\" srcset=\"https:\/\/i0.wp.com\/www.jojoenherbe.com\/wp-content\/uploads\/2021\/01\/Anya-et-Tigre-blanc-7-scaled.jpg?resize=150%2C150 150w, https:\/\/i0.wp.com\/www.jojoenherbe.com\/wp-content\/uploads\/2021\/01\/Anya-et-Tigre-blanc-7-scaled.jpg?zoom=2&amp;resize=150%2C150 300w, https:\/\/i0.wp.com\/www.jojoenherbe.com\/wp-content\/uploads\/2021\/01\/Anya-et-Tigre-blanc-7-scaled.jpg?zoom=3&amp;resize=150%2C150 450w\" sizes=\"auto, (max-width: 150px) 100vw, 150px\" \/><\/a> <a href=\"https:\/\/i0.wp.com\/www.jojoenherbe.com\/wp-content\/uploads\/2021\/01\/Anya-et-Tigre-blanc-2-scaled.jpg\"><img data-recalc-dims=\"1\" loading=\"lazy\" decoding=\"async\" data-attachment-id=\"15084\" data-permalink=\"http:\/\/www.jojoenherbe.com\/index.php\/2021\/01\/15\/au-fil-des-pages-avec-anya-et-tigre-blanc\/anya-et-tigre-blanc-2\/\" data-orig-file=\"https:\/\/i0.wp.com\/www.jojoenherbe.com\/wp-content\/uploads\/2021\/01\/Anya-et-Tigre-blanc-2-scaled.jpg?fit=1920%2C2560\" data-orig-size=\"1920,2560\" data-comments-opened=\"1\" data-image-meta=\"{&quot;aperture&quot;:&quot;1.8&quot;,&quot;credit&quot;:&quot;&quot;,&quot;camera&quot;:&quot;iPhone 7&quot;,&quot;caption&quot;:&quot;&quot;,&quot;created_timestamp&quot;:&quot;1610620445&quot;,&quot;copyright&quot;:&quot;&quot;,&quot;focal_length&quot;:&quot;3.99&quot;,&quot;iso&quot;:&quot;80&quot;,&quot;shutter_speed&quot;:&quot;0.16666666666667&quot;,&quot;title&quot;:&quot;&quot;,&quot;orientation&quot;:&quot;1&quot;}\" data-image-title=\"Anya et Tigre blanc 2\" data-image-description=\"\" data-image-caption=\"\" data-large-file=\"https:\/\/i0.wp.com\/www.jojoenherbe.com\/wp-content\/uploads\/2021\/01\/Anya-et-Tigre-blanc-2-scaled.jpg?fit=676%2C901\" class=\"size-thumbnail wp-image-15084 alignright\" src=\"https:\/\/i0.wp.com\/www.jojoenherbe.com\/wp-content\/uploads\/2021\/01\/Anya-et-Tigre-blanc-2.jpg?resize=150%2C150\" alt=\"\" width=\"150\" height=\"150\" srcset=\"https:\/\/i0.wp.com\/www.jojoenherbe.com\/wp-content\/uploads\/2021\/01\/Anya-et-Tigre-blanc-2-scaled.jpg?resize=150%2C150 150w, https:\/\/i0.wp.com\/www.jojoenherbe.com\/wp-content\/uploads\/2021\/01\/Anya-et-Tigre-blanc-2-scaled.jpg?zoom=2&amp;resize=150%2C150 300w, https:\/\/i0.wp.com\/www.jojoenherbe.com\/wp-content\/uploads\/2021\/01\/Anya-et-Tigre-blanc-2-scaled.jpg?zoom=3&amp;resize=150%2C150 450w\" sizes=\"auto, (max-width: 150px) 100vw, 150px\" \/><\/a>L&rsquo;histoire est cont\u00e9e par le temps, un narrateur qui se veut le plus neutre possible sur ce qu&rsquo;il nous r\u00e9v\u00e8le, \u00ab\u00a0blanc comme neige\u00a0\u00bb. Les illustrations sont magnifiques et tr\u00e8s r\u00e9alistes, surtout les animaux et me plongent dans le froid de cette contr\u00e9e lointaine, avant la Grande Fonte. Il y est question de mal\u00e9diction royale, de travail forc\u00e9 des enfants et de r\u00e9volte avec une jeune h\u00e9ro\u00efne forte et courageuse face \u00e0 la tyrannie du couple royal second\u00e9 ou plus exactement dup\u00e9 par une sorci\u00e8re mal\u00e9fique. Un tr\u00e8s bon moment de lecture que je poursuis avec la suite, <a href=\"http:\/\/www.jojoenherbe.com\/index.php\/2021\/01\/15\/au-fil-des-pages-avec-la-malediction-de-lanneau-dor\/\"><span style=\"text-decoration: underline;\">La mal\u00e9diction de l&rsquo;anneau d&rsquo;or<\/span><\/a> qui revient sur la vie de la sorci\u00e8re maudite!<\/em><\/p>\n<div id=\"attachment_10219\" style=\"width: 116px\" class=\"wp-caption alignleft\"><img loading=\"lazy\" decoding=\"async\" aria-describedby=\"caption-attachment-10219\" data-attachment-id=\"10219\" data-permalink=\"http:\/\/www.jojoenherbe.com\/index.php\/2020\/03\/02\/au-fil-des-pages-avec-lievre-et-ours-sous-la-neige\/lievre-et-ours-sous-la-neige\/\" data-orig-file=\"https:\/\/i0.wp.com\/www.jojoenherbe.com\/wp-content\/uploads\/2020\/03\/Li%C3%A8vre-et-Ours-sous-la-neige-scaled.jpg?fit=2560%2C1892\" data-orig-size=\"2560,1892\" data-comments-opened=\"1\" data-image-meta=\"{&quot;aperture&quot;:&quot;2.4&quot;,&quot;credit&quot;:&quot;&quot;,&quot;camera&quot;:&quot;iPhone 4S&quot;,&quot;caption&quot;:&quot;&quot;,&quot;created_timestamp&quot;:&quot;1583147305&quot;,&quot;copyright&quot;:&quot;&quot;,&quot;focal_length&quot;:&quot;4.28&quot;,&quot;iso&quot;:&quot;640&quot;,&quot;shutter_speed&quot;:&quot;0.066666666666667&quot;,&quot;title&quot;:&quot;&quot;,&quot;orientation&quot;:&quot;1&quot;}\" data-image-title=\"Li\u00e8vre et Ours, sous la neige\" data-image-description=\"\" data-image-caption=\"\" data-large-file=\"https:\/\/i0.wp.com\/www.jojoenherbe.com\/wp-content\/uploads\/2020\/03\/Li%C3%A8vre-et-Ours-sous-la-neige-scaled.jpg?fit=676%2C500\" class=\"wp-image-10219\" src=\"https:\/\/i2.wp.com\/mapetitemediatheque.fr\/wp-content\/uploads\/2018\/11\/challenge-contes-et-l\u00e9gendes.jpg?resize=131%2C164\" sizes=\"auto, (max-width: 343px) 100vw, 343px\" srcset=\"https:\/\/i2.wp.com\/mapetitemediatheque.fr\/wp-content\/uploads\/2018\/11\/challenge-contes-et-l\u00e9gendes.jpg?resize=131%2C164 343w, http:\/\/mapetitemediatheque.fr\/wp-content\/uploads\/2018\/11\/challenge-contes-et-l\u00e9gendes-239x300.jpg 239w\" alt=\"\" width=\"106\" height=\"133\" aria-describedby=\"caption-attachment-10219\" data-attachment-id=\"10219\" data-permalink=\"http:\/\/www.jojoenherbe.com\/index.php\/2020\/03\/02\/au-fil-des-pages-avec-lievre-et-ours-sous-la-neige\/lievre-et-ours-sous-la-neige\/\" data-orig-file=\"https:\/\/i1.wp.com\/www.jojoenherbe.com\/wp-content\/uploads\/2020\/03\/Li\u00e8vre-et-Ours-sous-la-neige-scaled.jpg?fit=2560%2C1892\" data-orig-size=\"2560,1892\" data-comments-opened=\"1\" data-image-meta=\"{&quot;aperture&quot;:&quot;2.4&quot;,&quot;credit&quot;:&quot;&quot;,&quot;camera&quot;:&quot;iPhone 4S&quot;,&quot;caption&quot;:&quot;&quot;,&quot;created_timestamp&quot;:&quot;1583147305&quot;,&quot;copyright&quot;:&quot;&quot;,&quot;focal_length&quot;:&quot;4.28&quot;,&quot;iso&quot;:&quot;640&quot;,&quot;shutter_speed&quot;:&quot;0.066666666666667&quot;,&quot;title&quot;:&quot;&quot;,&quot;orientation&quot;:&quot;1&quot;}\" data-image-title=\"Li\u00e8vre et Ours, sous la neige\" data-image-description=\"\" data-medium-file=\"https:\/\/i1.wp.com\/www.jojoenherbe.com\/wp-content\/uploads\/2020\/03\/Li\u00e8vre-et-Ours-sous-la-neige-scaled.jpg?fit=300%2C222\" data-large-file=\"https:\/\/i1.wp.com\/www.jojoenherbe.com\/wp-content\/uploads\/2020\/03\/Li\u00e8vre-et-Ours-sous-la-neige-scaled.jpg?fit=676%2C500\" data-recalc-dims=\"1\" \/><p id=\"caption-attachment-10219\" class=\"wp-caption-text\">Participation #5 au Challenge Contes &amp; L\u00e9gendes 2021 de <a href=\"https:\/\/mapetitemediatheque.fr\/2020\/12\/challenge-contes-legendes-2021\/\">Bidib<\/a><\/p><\/div>\n<div style=\"width: 147px\" class=\"wp-caption alignleft\"><img loading=\"lazy\" decoding=\"async\" class=\"\" src=\"https:\/\/lh3.googleusercontent.com\/pw\/ACtC-3eIuIHfDCWnQjrbP_Gttnq9qrZJ0sCLWnTR3GjIOIiC54aYp8f1rKz8fy3EJIYJcUrzUv3KnF-YnYTE-vhMmRU8myeq_V_5OYKPelcJ6I4-bD-P1SjmJYevXt0TGhPCpROfcXeg5SJ_4KvwWeBQfvsOWw=w285-h217-no?authuser=1\" alt=\"\" width=\"137\" height=\"104\" \/><p class=\"wp-caption-text\">Challenge Petit Bac d&rsquo;<a href=\"https:\/\/ennalit.wordpress.com\/2020\/12\/01\/challenge-petit-bac-2021-qui-veut-jouer\/\">Enna<\/a> #1 Cat\u00e9gorie Couleur: \u00ab\u00a0Blanc\u00a0\u00bb<\/p><\/div>\n","protected":false},"excerpt":{"rendered":"<p>J&#8217;emprunte \u00e0 la m\u00e9diath\u00e8que Anya et Tigre Blanc de Fred Bernard et Fran\u00e7ois Roca (\u00e9d. Albin Michel Jeunesse, 2015), un album jeunesse tr\u00e8s grand format \u00e0 partir de 8 ans. Au pays du Grand Blanc, dans des temps anciens, apr\u00e8s la naissance du prince h\u00e9ritier du royaume gouvern\u00e9 par un Roi cruel et injuste, de [&hellip;]<\/p>\n","protected":false},"author":1,"featured_media":15087,"comment_status":"open","ping_status":"open","sticky":false,"template":"","format":"standard","meta":{"jetpack_post_was_ever_published":false,"_jetpack_newsletter_access":"","_jetpack_dont_email_post_to_subs":false,"_jetpack_newsletter_tier_id":0,"_jetpack_memberships_contains_paywalled_content":false,"_jetpack_memberships_contains_paid_content":false,"footnotes":""},"categories":[363],"tags":[1167,409,2020,2018,245,1081,1080,1083,843,870,2094,2093,997,367,775,727,2095,2096,340,1639],"class_list":["post-15082","post","type-post","status-publish","format-standard","has-post-thumbnail","hentry","category-mini-lecteur","tag-8-11-ans","tag-albums-jeunesse","tag-challenge-contes-et-legendes-2021","tag-challenge-petit-bac-2021","tag-contes","tag-disparition","tag-enfant","tag-enlevement","tag-fantastique","tag-fantasy","tag-francois-roca","tag-fred-bernard","tag-froid","tag-lecture-jeunesse","tag-legendes","tag-magie","tag-revolte","tag-royaume","tag-sorciere","tag-tigre","post-preview"],"jetpack_featured_media_url":"https:\/\/i0.wp.com\/www.jojoenherbe.com\/wp-content\/uploads\/2021\/01\/Anya-et-Tigre-blanc-scaled.jpg?fit=2560%2C1921","jetpack_sharing_enabled":true,"jetpack_shortlink":"https:\/\/wp.me\/p9zhGx-3Vg","jetpack_likes_enabled":true,"jetpack-related-posts":[{"id":15124,"url":"http:\/\/www.jojoenherbe.com\/index.php\/2021\/01\/15\/au-fil-des-pages-avec-la-malediction-de-lanneau-dor\/","url_meta":{"origin":15082,"position":0},"title":"Au fil des pages avec La mal\u00e9diction de l&rsquo;anneau d&rsquo;or","author":"Jojo","date":"15 janvier 2021","format":false,"excerpt":"Apr\u00e8s avoir lu Anya et Tigre blanc, je lis La mal\u00e9diction de l'anneau d'or de Fred Bernard et Fran\u00e7ois Roca (\u00e9d. Albin Michel Jeunesse, 2017), un album jeunesse tr\u00e8s grand format \u00e0 partir de 8 ans et pr\u00e9quel du premier. L'histoire revient sur la vie de la sorci\u00e8re maudite, Corn\u00e9lia\u2026","rel":"","context":"Dans &quot;Mini lecteur&quot;","block_context":{"text":"Mini lecteur","link":"http:\/\/www.jojoenherbe.com\/index.php\/category\/mini-lecteur\/"},"img":{"alt_text":"","src":"https:\/\/i0.wp.com\/www.jojoenherbe.com\/wp-content\/uploads\/2021\/01\/La-malediction-de-lanneau-dor-scaled.jpg?fit=1160%2C1200&resize=350%2C200","width":350,"height":200,"srcset":"https:\/\/i0.wp.com\/www.jojoenherbe.com\/wp-content\/uploads\/2021\/01\/La-malediction-de-lanneau-dor-scaled.jpg?fit=1160%2C1200&resize=350%2C200 1x, https:\/\/i0.wp.com\/www.jojoenherbe.com\/wp-content\/uploads\/2021\/01\/La-malediction-de-lanneau-dor-scaled.jpg?fit=1160%2C1200&resize=525%2C300 1.5x, https:\/\/i0.wp.com\/www.jojoenherbe.com\/wp-content\/uploads\/2021\/01\/La-malediction-de-lanneau-dor-scaled.jpg?fit=1160%2C1200&resize=700%2C400 2x, https:\/\/i0.wp.com\/www.jojoenherbe.com\/wp-content\/uploads\/2021\/01\/La-malediction-de-lanneau-dor-scaled.jpg?fit=1160%2C1200&resize=1050%2C600 3x"},"classes":[]},{"id":38474,"url":"http:\/\/www.jojoenherbe.com\/index.php\/2025\/02\/27\/throwback-thursday-livresque-malediction\/","url_meta":{"origin":15082,"position":1},"title":"Throwback Thursday Livresque: Mal\u00e9diction","author":"Jojo","date":"27 f\u00e9vrier 2025","format":false,"excerpt":"Ce jeudi 27 f\u00e9vrier 2025, je participe au Throwback Thursday Livresque, un rendez-vous livresque initialement chez Bettie Rose Books et repris depuis par Carole, les liens \u00e9tant \u00e0 d\u00e9poser chez My-Bo0ks. Le principe est de partager chaque jeudi un livre en fonction d\u2019un th\u00e8me donn\u00e9. Cette semaine, le th\u00e8me est\u2026","rel":"","context":"Dans &quot;Mini blogueur&quot;","block_context":{"text":"Mini blogueur","link":"http:\/\/www.jojoenherbe.com\/index.php\/category\/mini-blogueur\/"},"img":{"alt_text":"","src":"https:\/\/i0.wp.com\/www.jojoenherbe.com\/wp-content\/uploads\/2023\/10\/TTL-logo.jpg?resize=350%2C200","width":350,"height":200},"classes":[]},{"id":13276,"url":"http:\/\/www.jojoenherbe.com\/index.php\/2020\/10\/25\/nos-lectures-blanche-neige\/","url_meta":{"origin":15082,"position":2},"title":"Nos lectures \u00ab\u00a0Blanche-Neige\u00a0\u00bb","author":"Jojo","date":"25 octobre 2020","format":false,"excerpt":"Apr\u00e8s avoir lu une nouvelle fois Blanche-Neige, j'ai eu envie de regrouper dans un billet unique nos diff\u00e9rentes lectures de ce conte, que ce soit le conte traditionnel ou son d\u00e9tournement. Ce billet sera ainsi mis \u00e0 jour chaque fois qu'une nouvelle version ou adaptation sera lue de Blanche-Neige. Des\u2026","rel":"","context":"Dans &quot;Mini lecteur&quot;","block_context":{"text":"Mini lecteur","link":"http:\/\/www.jojoenherbe.com\/index.php\/category\/mini-lecteur\/"},"img":{"alt_text":"","src":"https:\/\/i0.wp.com\/www.jojoenherbe.com\/wp-content\/uploads\/2020\/10\/Nos-lectures-Blanche-Neige-2-scaled.jpg?fit=1200%2C874&resize=350%2C200","width":350,"height":200,"srcset":"https:\/\/i0.wp.com\/www.jojoenherbe.com\/wp-content\/uploads\/2020\/10\/Nos-lectures-Blanche-Neige-2-scaled.jpg?fit=1200%2C874&resize=350%2C200 1x, https:\/\/i0.wp.com\/www.jojoenherbe.com\/wp-content\/uploads\/2020\/10\/Nos-lectures-Blanche-Neige-2-scaled.jpg?fit=1200%2C874&resize=525%2C300 1.5x, https:\/\/i0.wp.com\/www.jojoenherbe.com\/wp-content\/uploads\/2020\/10\/Nos-lectures-Blanche-Neige-2-scaled.jpg?fit=1200%2C874&resize=700%2C400 2x, https:\/\/i0.wp.com\/www.jojoenherbe.com\/wp-content\/uploads\/2020\/10\/Nos-lectures-Blanche-Neige-2-scaled.jpg?fit=1200%2C874&resize=1050%2C600 3x"},"classes":[]},{"id":23825,"url":"http:\/\/www.jojoenherbe.com\/index.php\/2022\/02\/03\/billet-de-suivi-challenge-contes-et-legendes-2022\/","url_meta":{"origin":15082,"position":3},"title":"Billet de suivi: Challenge Contes et L\u00e9gendes 2022","author":"Jojo","date":"3 f\u00e9vrier 2022","format":false,"excerpt":"Cette ann\u00e9e, je participe \u00e0 nouveau au challenge Contes et L\u00e9gendes de Bidib et qui se d\u00e9roule aussi du 1er janvier au 31 d\u00e9cembre 2022. Pour cette nouvelle \u00e9dition, Bidib propose 10 th\u00e8mes \u00e0 explorer toutes l\u2019ann\u00e9e, suivant nos envies. Pour plus d\u2019infos, n\u2019h\u00e9sitez pas \u00e0 aller sur son blog.\u2026","rel":"","context":"Dans &quot;Mini challenger&quot;","block_context":{"text":"Mini challenger","link":"http:\/\/www.jojoenherbe.com\/index.php\/category\/mini-challenger\/"},"img":{"alt_text":"","src":"https:\/\/i0.wp.com\/www.jojoenherbe.com\/wp-content\/uploads\/2022\/04\/Kamisama-T1-150x150.jpg?resize=350%2C200","width":350,"height":200},"classes":[]},{"id":11300,"url":"http:\/\/www.jojoenherbe.com\/index.php\/2020\/06\/22\/au-fil-des-pages-avec-le-prince-dragon\/","url_meta":{"origin":15082,"position":4},"title":"Au fil des pages avec Le prince dragon","author":"Jojo","date":"22 juin 2020","format":false,"excerpt":"J'emprunte \u00e0 la m\u00e9diath\u00e8que Le prince dragon de Marie Diaz et d'Olivier Desvaux (\u00e9d. Belin Jeunesse, 2014), un album jeunesse grand format \u00e0 partir de 7\/8 ans et d'apr\u00e8s un conte traditionnel scandinave. Dans un royaume du Nord, au temps des dragons, une roi et une reine d\u00e9sesp\u00e8rent de ne\u2026","rel":"","context":"Dans &quot;Mini lecteur&quot;","block_context":{"text":"Mini lecteur","link":"http:\/\/www.jojoenherbe.com\/index.php\/category\/mini-lecteur\/"},"img":{"alt_text":"","src":"https:\/\/i0.wp.com\/www.jojoenherbe.com\/wp-content\/uploads\/2020\/06\/Le-prince-dragon-scaled.jpg?fit=1200%2C1185&resize=350%2C200","width":350,"height":200,"srcset":"https:\/\/i0.wp.com\/www.jojoenherbe.com\/wp-content\/uploads\/2020\/06\/Le-prince-dragon-scaled.jpg?fit=1200%2C1185&resize=350%2C200 1x, https:\/\/i0.wp.com\/www.jojoenherbe.com\/wp-content\/uploads\/2020\/06\/Le-prince-dragon-scaled.jpg?fit=1200%2C1185&resize=525%2C300 1.5x, https:\/\/i0.wp.com\/www.jojoenherbe.com\/wp-content\/uploads\/2020\/06\/Le-prince-dragon-scaled.jpg?fit=1200%2C1185&resize=700%2C400 2x, https:\/\/i0.wp.com\/www.jojoenherbe.com\/wp-content\/uploads\/2020\/06\/Le-prince-dragon-scaled.jpg?fit=1200%2C1185&resize=1050%2C600 3x"},"classes":[]},{"id":16190,"url":"http:\/\/www.jojoenherbe.com\/index.php\/2021\/03\/02\/au-fil-des-pages-avec-dans-les-yeux\/","url_meta":{"origin":15082,"position":5},"title":"Au fil des pages avec Dans les yeux","author":"Jojo","date":"2 mars 2021","format":false,"excerpt":"J'emprunte \u00e0 la m\u00e9diath\u00e8que Dans les yeux de Philippe Jalbert (\u00e9d. Gautier-Languereau, 2017), un album jeunesse \u00e0 partir de 6 ans et qui revisite le conte du Petit Chaperon rouge. La petite fille par chez sa grand-m\u00e8re \u00e0 travers la for\u00eat et croise un loup. Contrairement au loup qui se\u2026","rel":"","context":"Dans &quot;Mini lecteur&quot;","block_context":{"text":"Mini lecteur","link":"http:\/\/www.jojoenherbe.com\/index.php\/category\/mini-lecteur\/"},"img":{"alt_text":"","src":"https:\/\/i0.wp.com\/www.jojoenherbe.com\/wp-content\/uploads\/2020\/10\/Dans-les-yeux-scaled.jpg?fit=1200%2C1028&resize=350%2C200","width":350,"height":200,"srcset":"https:\/\/i0.wp.com\/www.jojoenherbe.com\/wp-content\/uploads\/2020\/10\/Dans-les-yeux-scaled.jpg?fit=1200%2C1028&resize=350%2C200 1x, https:\/\/i0.wp.com\/www.jojoenherbe.com\/wp-content\/uploads\/2020\/10\/Dans-les-yeux-scaled.jpg?fit=1200%2C1028&resize=525%2C300 1.5x, https:\/\/i0.wp.com\/www.jojoenherbe.com\/wp-content\/uploads\/2020\/10\/Dans-les-yeux-scaled.jpg?fit=1200%2C1028&resize=700%2C400 2x, https:\/\/i0.wp.com\/www.jojoenherbe.com\/wp-content\/uploads\/2020\/10\/Dans-les-yeux-scaled.jpg?fit=1200%2C1028&resize=1050%2C600 3x"},"classes":[]}],"_links":{"self":[{"href":"http:\/\/www.jojoenherbe.com\/index.php\/wp-json\/wp\/v2\/posts\/15082","targetHints":{"allow":["GET"]}}],"collection":[{"href":"http:\/\/www.jojoenherbe.com\/index.php\/wp-json\/wp\/v2\/posts"}],"about":[{"href":"http:\/\/www.jojoenherbe.com\/index.php\/wp-json\/wp\/v2\/types\/post"}],"author":[{"embeddable":true,"href":"http:\/\/www.jojoenherbe.com\/index.php\/wp-json\/wp\/v2\/users\/1"}],"replies":[{"embeddable":true,"href":"http:\/\/www.jojoenherbe.com\/index.php\/wp-json\/wp\/v2\/comments?post=15082"}],"version-history":[{"count":0,"href":"http:\/\/www.jojoenherbe.com\/index.php\/wp-json\/wp\/v2\/posts\/15082\/revisions"}],"wp:featuredmedia":[{"embeddable":true,"href":"http:\/\/www.jojoenherbe.com\/index.php\/wp-json\/wp\/v2\/media\/15087"}],"wp:attachment":[{"href":"http:\/\/www.jojoenherbe.com\/index.php\/wp-json\/wp\/v2\/media?parent=15082"}],"wp:term":[{"taxonomy":"category","embeddable":true,"href":"http:\/\/www.jojoenherbe.com\/index.php\/wp-json\/wp\/v2\/categories?post=15082"},{"taxonomy":"post_tag","embeddable":true,"href":"http:\/\/www.jojoenherbe.com\/index.php\/wp-json\/wp\/v2\/tags?post=15082"}],"curies":[{"name":"wp","href":"https:\/\/api.w.org\/{rel}","templated":true}]}}