{"id":14995,"date":"2021-01-12T09:32:30","date_gmt":"2021-01-12T08:32:30","guid":{"rendered":"http:\/\/www.jojoenherbe.com\/?p=14995"},"modified":"2021-09-28T11:52:13","modified_gmt":"2021-09-28T09:52:13","slug":"au-fil-des-pages-avec-encore-petite","status":"publish","type":"post","link":"http:\/\/www.jojoenherbe.com\/index.php\/2021\/01\/12\/au-fil-des-pages-avec-encore-petite\/","title":{"rendered":"Au fil des pages avec Encore petite"},"content":{"rendered":"<p style=\"text-align: justify;\"><em><a href=\"https:\/\/i0.wp.com\/www.jojoenherbe.com\/wp-content\/uploads\/2021\/01\/Encore-un-peu-petite-2-scaled.jpg\"><img data-recalc-dims=\"1\" loading=\"lazy\" decoding=\"async\" data-attachment-id=\"14996\" data-permalink=\"http:\/\/www.jojoenherbe.com\/index.php\/2021\/01\/12\/au-fil-des-pages-avec-encore-petite\/encore-un-peu-petite-2\/\" data-orig-file=\"https:\/\/i0.wp.com\/www.jojoenherbe.com\/wp-content\/uploads\/2021\/01\/Encore-un-peu-petite-2-scaled.jpg?fit=2560%2C1920\" data-orig-size=\"2560,1920\" data-comments-opened=\"1\" data-image-meta=\"{&quot;aperture&quot;:&quot;1.8&quot;,&quot;credit&quot;:&quot;&quot;,&quot;camera&quot;:&quot;iPhone 7&quot;,&quot;caption&quot;:&quot;&quot;,&quot;created_timestamp&quot;:&quot;1599128689&quot;,&quot;copyright&quot;:&quot;&quot;,&quot;focal_length&quot;:&quot;3.99&quot;,&quot;iso&quot;:&quot;80&quot;,&quot;shutter_speed&quot;:&quot;0.058823529411765&quot;,&quot;title&quot;:&quot;&quot;,&quot;orientation&quot;:&quot;1&quot;}\" data-image-title=\"Encore un peu petite 2\" data-image-description=\"\" data-image-caption=\"\" data-large-file=\"https:\/\/i0.wp.com\/www.jojoenherbe.com\/wp-content\/uploads\/2021\/01\/Encore-un-peu-petite-2-scaled.jpg?fit=676%2C507\" class=\"alignleft size-thumbnail wp-image-14996\" src=\"https:\/\/i0.wp.com\/www.jojoenherbe.com\/wp-content\/uploads\/2021\/01\/Encore-un-peu-petite-2.jpg?resize=150%2C150\" alt=\"\" width=\"150\" height=\"150\" srcset=\"https:\/\/i0.wp.com\/www.jojoenherbe.com\/wp-content\/uploads\/2021\/01\/Encore-un-peu-petite-2-scaled.jpg?resize=150%2C150 150w, https:\/\/i0.wp.com\/www.jojoenherbe.com\/wp-content\/uploads\/2021\/01\/Encore-un-peu-petite-2-scaled.jpg?zoom=2&amp;resize=150%2C150 300w, https:\/\/i0.wp.com\/www.jojoenherbe.com\/wp-content\/uploads\/2021\/01\/Encore-un-peu-petite-2-scaled.jpg?zoom=3&amp;resize=150%2C150 450w\" sizes=\"auto, (max-width: 150px) 100vw, 150px\" \/><\/a> <a href=\"https:\/\/i0.wp.com\/www.jojoenherbe.com\/wp-content\/uploads\/2021\/01\/Encore-un-peu-petite-3-scaled.jpg\"><img data-recalc-dims=\"1\" loading=\"lazy\" decoding=\"async\" data-attachment-id=\"14997\" data-permalink=\"http:\/\/www.jojoenherbe.com\/index.php\/2021\/01\/12\/au-fil-des-pages-avec-encore-petite\/encore-un-peu-petite-3\/\" data-orig-file=\"https:\/\/i0.wp.com\/www.jojoenherbe.com\/wp-content\/uploads\/2021\/01\/Encore-un-peu-petite-3-scaled.jpg?fit=2560%2C1920\" data-orig-size=\"2560,1920\" data-comments-opened=\"1\" data-image-meta=\"{&quot;aperture&quot;:&quot;1.8&quot;,&quot;credit&quot;:&quot;&quot;,&quot;camera&quot;:&quot;iPhone 7&quot;,&quot;caption&quot;:&quot;&quot;,&quot;created_timestamp&quot;:&quot;1599128719&quot;,&quot;copyright&quot;:&quot;&quot;,&quot;focal_length&quot;:&quot;3.99&quot;,&quot;iso&quot;:&quot;80&quot;,&quot;shutter_speed&quot;:&quot;0.058823529411765&quot;,&quot;title&quot;:&quot;&quot;,&quot;orientation&quot;:&quot;1&quot;}\" data-image-title=\"Encore un peu petite 3\" data-image-description=\"\" data-image-caption=\"\" data-large-file=\"https:\/\/i0.wp.com\/www.jojoenherbe.com\/wp-content\/uploads\/2021\/01\/Encore-un-peu-petite-3-scaled.jpg?fit=676%2C507\" class=\"alignleft size-thumbnail wp-image-14997\" src=\"https:\/\/i0.wp.com\/www.jojoenherbe.com\/wp-content\/uploads\/2021\/01\/Encore-un-peu-petite-3.jpg?resize=150%2C150\" alt=\"\" width=\"150\" height=\"150\" srcset=\"https:\/\/i0.wp.com\/www.jojoenherbe.com\/wp-content\/uploads\/2021\/01\/Encore-un-peu-petite-3-scaled.jpg?resize=150%2C150 150w, https:\/\/i0.wp.com\/www.jojoenherbe.com\/wp-content\/uploads\/2021\/01\/Encore-un-peu-petite-3-scaled.jpg?zoom=2&amp;resize=150%2C150 300w, https:\/\/i0.wp.com\/www.jojoenherbe.com\/wp-content\/uploads\/2021\/01\/Encore-un-peu-petite-3-scaled.jpg?zoom=3&amp;resize=150%2C150 450w\" sizes=\"auto, (max-width: 150px) 100vw, 150px\" \/><\/a>Nous avons emprunt\u00e9 \u00e0 la m\u00e9diath\u00e8que <span style=\"text-decoration: underline;\">Encore petite<\/span> de Mari Kasai et Chiaki Okada (\u00e9d. Nobi Nobi, 2019), un album jeunesse \u00e0 partir de 3 ans. Nous suivons le quotidien d&rsquo;une petite fille qui se sent encore trop petite pour par exemple sortir seule le chien ou dormir sans lumi\u00e8re.<br \/>\n<\/em><\/p>\n<p style=\"text-align: justify;\"><em>Cette histoire toute mignonne aborde le fait de grandir, entre interrogations, impatience, doutes ou peurs. Les illustrations de Chiaki Okada sont magnifiques, tendres et d\u00e9crivant les petits instants de la vie quotidienne de l&rsquo;enfance, des petits moments qui permettent de grandir. Le jeune lecteur s&rsquo;identifiera facilement \u00e0 cette petite fille. Un tr\u00e8s bon moment de lecture!<br \/>\n<\/em><\/p>\n<div style=\"width: 130px\" class=\"wp-caption aligncenter\"><img loading=\"lazy\" decoding=\"async\" class=\"\" src=\"https:\/\/lh3.googleusercontent.com\/pw\/ACtC-3eIuIHfDCWnQjrbP_Gttnq9qrZJ0sCLWnTR3GjIOIiC54aYp8f1rKz8fy3EJIYJcUrzUv3KnF-YnYTE-vhMmRU8myeq_V_5OYKPelcJ6I4-bD-P1SjmJYevXt0TGhPCpROfcXeg5SJ_4KvwWeBQfvsOWw=w285-h217-no?authuser=1\" alt=\"\" width=\"120\" height=\"91\" \/><p class=\"wp-caption-text\">Challenge Petit Bac d&rsquo;<a href=\"https:\/\/ennalit.wordpress.com\/2020\/12\/01\/challenge-petit-bac-2021-qui-veut-jouer\/\">Enna<\/a> #1 Cat\u00e9gorie Adjectif: \u00ab\u00a0Petite\u00a0\u00bb<\/p><\/div>\n","protected":false},"excerpt":{"rendered":"<p>Nous avons emprunt\u00e9 \u00e0 la m\u00e9diath\u00e8que Encore petite de Mari Kasai et Chiaki Okada (\u00e9d. Nobi Nobi, 2019), un album jeunesse \u00e0 partir de 3 ans. Nous suivons le quotidien d&rsquo;une petite fille qui se sent encore trop petite pour par exemple sortir seule le chien ou dormir sans lumi\u00e8re. Cette histoire toute mignonne aborde [&hellip;]<\/p>\n","protected":false},"author":1,"featured_media":14998,"comment_status":"open","ping_status":"open","sticky":false,"template":"","format":"standard","meta":{"jetpack_post_was_ever_published":false,"_jetpack_newsletter_access":"","_jetpack_dont_email_post_to_subs":false,"_jetpack_newsletter_tier_id":0,"_jetpack_memberships_contains_paywalled_content":false,"_jetpack_memberships_contains_paid_content":false,"footnotes":""},"categories":[363],"tags":[785,409,386,2018,1596,563,620,1656,367,2079,1258],"class_list":["post-14995","post","type-post","status-publish","format-standard","has-post-thumbnail","hentry","category-mini-lecteur","tag-3-6-ans","tag-albums-jeunesse","tag-amitie","tag-challenge-petit-bac-2021","tag-chiaki-okada","tag-chien","tag-fille","tag-grandir","tag-lecture-jeunesse","tag-mari-kasai","tag-petite-enfance","post-preview"],"jetpack_featured_media_url":"https:\/\/i0.wp.com\/www.jojoenherbe.com\/wp-content\/uploads\/2021\/01\/Encore-un-peu-petite-scaled.jpg?fit=2560%2C2067","jetpack_sharing_enabled":true,"jetpack_shortlink":"https:\/\/wp.me\/p9zhGx-3TR","jetpack_likes_enabled":true,"jetpack-related-posts":[{"id":17214,"url":"http:\/\/www.jojoenherbe.com\/index.php\/2021\/04\/14\/au-fil-des-pages-avec-le-portrait-de-nounours\/","url_meta":{"origin":14995,"position":0},"title":"Au fil des pages avec Le portrait de Nounours","author":"Jojo","date":"14 avril 2021","format":false,"excerpt":"Nous lisons et relisons ces derniers jours, surtout au moment du coucher, Le portrait de Nounours de Mari Kasai et Chiaki Okada (\u00e9d. Nobi! Nobi!, 2016), un album jeunesse \u00e0 partir de 3 ans. Yuta, un petit gar\u00e7on est fier du portrait qu'il a dessin\u00e9 de Nounours, son ourson en\u2026","rel":"","context":"Dans &quot;Mini lecteur&quot;","block_context":{"text":"Mini lecteur","link":"http:\/\/www.jojoenherbe.com\/index.php\/category\/mini-lecteur\/"},"img":{"alt_text":"","src":"https:\/\/i0.wp.com\/www.jojoenherbe.com\/wp-content\/uploads\/2021\/04\/Le-portrait-de-Nounours-scaled.jpg?fit=1200%2C900&resize=350%2C200","width":350,"height":200,"srcset":"https:\/\/i0.wp.com\/www.jojoenherbe.com\/wp-content\/uploads\/2021\/04\/Le-portrait-de-Nounours-scaled.jpg?fit=1200%2C900&resize=350%2C200 1x, https:\/\/i0.wp.com\/www.jojoenherbe.com\/wp-content\/uploads\/2021\/04\/Le-portrait-de-Nounours-scaled.jpg?fit=1200%2C900&resize=525%2C300 1.5x, https:\/\/i0.wp.com\/www.jojoenherbe.com\/wp-content\/uploads\/2021\/04\/Le-portrait-de-Nounours-scaled.jpg?fit=1200%2C900&resize=700%2C400 2x, https:\/\/i0.wp.com\/www.jojoenherbe.com\/wp-content\/uploads\/2021\/04\/Le-portrait-de-Nounours-scaled.jpg?fit=1200%2C900&resize=1050%2C600 3x"},"classes":[]},{"id":11484,"url":"http:\/\/www.jojoenherbe.com\/index.php\/2020\/07\/08\/au-fil-des-pages-avec-viens-rejoins-nous\/","url_meta":{"origin":14995,"position":1},"title":"Au fil des pages avec Viens, rejoins-nous!","author":"Jojo","date":"8 juillet 2020","format":false,"excerpt":"Nous empruntons \u00e0 la m\u00e9diath\u00e8que Viens, rejoins-nous! de Chiaki Okada et Kimiko Aman (\u00e9d. Seuil Jeunesse, 2018), un album jeunesse \u00e0 partir de 3 ans. Un jour de printemps, Petit Ours d\u00e9couvre une corde \u00e0 sauter. Il tente de l'utiliser, sous les encouragements discrets de Marie cach\u00e9e derri\u00e8re un arbre.\u2026","rel":"","context":"Dans &quot;Mini lecteur&quot;","block_context":{"text":"Mini lecteur","link":"http:\/\/www.jojoenherbe.com\/index.php\/category\/mini-lecteur\/"},"img":{"alt_text":"","src":"https:\/\/i0.wp.com\/www.jojoenherbe.com\/wp-content\/uploads\/2020\/07\/Viens-rejoins-nous-scaled.jpg?fit=1200%2C900&resize=350%2C200","width":350,"height":200,"srcset":"https:\/\/i0.wp.com\/www.jojoenherbe.com\/wp-content\/uploads\/2020\/07\/Viens-rejoins-nous-scaled.jpg?fit=1200%2C900&resize=350%2C200 1x, https:\/\/i0.wp.com\/www.jojoenherbe.com\/wp-content\/uploads\/2020\/07\/Viens-rejoins-nous-scaled.jpg?fit=1200%2C900&resize=525%2C300 1.5x, https:\/\/i0.wp.com\/www.jojoenherbe.com\/wp-content\/uploads\/2020\/07\/Viens-rejoins-nous-scaled.jpg?fit=1200%2C900&resize=700%2C400 2x, https:\/\/i0.wp.com\/www.jojoenherbe.com\/wp-content\/uploads\/2020\/07\/Viens-rejoins-nous-scaled.jpg?fit=1200%2C900&resize=1050%2C600 3x"},"classes":[]},{"id":21683,"url":"http:\/\/www.jojoenherbe.com\/index.php\/2021\/10\/20\/au-fil-des-pages-avec-la-petite-sorciere-et-la-foret-noire\/","url_meta":{"origin":14995,"position":2},"title":"Au fil des pages avec La petite sorci\u00e8re et la for\u00eat noire","author":"Jojo","date":"20 octobre 2021","format":false,"excerpt":"Lors du Halloween cosy RAT, nous avons lu La petite sorci\u00e8re et la for\u00eat noire de Chiaki Okada et Mutsumi Ishii (\u00e9d. Seuil Jeunesse, 2021), un album jeunesse \u00e0 partir de 3 ans et que j'avais rep\u00e9r\u00e9 bien avant sa parution, appr\u00e9ciant particuli\u00e8rement le travail de cette illustratrice. Par une\u2026","rel":"","context":"Dans &quot;Mini lecteur&quot;","block_context":{"text":"Mini lecteur","link":"http:\/\/www.jojoenherbe.com\/index.php\/category\/mini-lecteur\/"},"img":{"alt_text":"","src":"https:\/\/i0.wp.com\/www.jojoenherbe.com\/wp-content\/uploads\/2021\/10\/La-petite-sorciere-et-la-foret-noire-3-scaled.jpg?fit=1200%2C900&resize=350%2C200","width":350,"height":200,"srcset":"https:\/\/i0.wp.com\/www.jojoenherbe.com\/wp-content\/uploads\/2021\/10\/La-petite-sorciere-et-la-foret-noire-3-scaled.jpg?fit=1200%2C900&resize=350%2C200 1x, https:\/\/i0.wp.com\/www.jojoenherbe.com\/wp-content\/uploads\/2021\/10\/La-petite-sorciere-et-la-foret-noire-3-scaled.jpg?fit=1200%2C900&resize=525%2C300 1.5x, https:\/\/i0.wp.com\/www.jojoenherbe.com\/wp-content\/uploads\/2021\/10\/La-petite-sorciere-et-la-foret-noire-3-scaled.jpg?fit=1200%2C900&resize=700%2C400 2x, https:\/\/i0.wp.com\/www.jojoenherbe.com\/wp-content\/uploads\/2021\/10\/La-petite-sorciere-et-la-foret-noire-3-scaled.jpg?fit=1200%2C900&resize=1050%2C600 3x"},"classes":[]},{"id":16893,"url":"http:\/\/www.jojoenherbe.com\/index.php\/2021\/04\/01\/notre-pal-pour-un-mois-au-japon-2021\/","url_meta":{"origin":14995,"position":3},"title":"Notre PAL pour Un Mois au Japon 2021","author":"Jojo","date":"1 avril 2021","format":false,"excerpt":"Pour ce premier jour d'Un Mois au Japon 2021, Hilde et Lou nous proposent de pr\u00e9senter notre PAL (pile \u00e0 lire) pour le mois d'avril.\u00a0 C'est le moment id\u00e9al de pouvoir lire quelques mangas que je n'ai pas encore pu aller emprunter \u00e0 la m\u00e9diath\u00e8que. Heureusement, contrairement \u00e0 l'ann\u00e9e derni\u00e8re,\u2026","rel":"","context":"Dans &quot;Mini challenger&quot;","block_context":{"text":"Mini challenger","link":"http:\/\/www.jojoenherbe.com\/index.php\/category\/mini-challenger\/"},"img":{"alt_text":"","src":"https:\/\/i0.wp.com\/www.jojoenherbe.com\/wp-content\/uploads\/2021\/04\/PAL-Un-mois-au-Japon-2021-scaled.jpg?fit=1200%2C905&resize=350%2C200","width":350,"height":200,"srcset":"https:\/\/i0.wp.com\/www.jojoenherbe.com\/wp-content\/uploads\/2021\/04\/PAL-Un-mois-au-Japon-2021-scaled.jpg?fit=1200%2C905&resize=350%2C200 1x, https:\/\/i0.wp.com\/www.jojoenherbe.com\/wp-content\/uploads\/2021\/04\/PAL-Un-mois-au-Japon-2021-scaled.jpg?fit=1200%2C905&resize=525%2C300 1.5x, https:\/\/i0.wp.com\/www.jojoenherbe.com\/wp-content\/uploads\/2021\/04\/PAL-Un-mois-au-Japon-2021-scaled.jpg?fit=1200%2C905&resize=700%2C400 2x, https:\/\/i0.wp.com\/www.jojoenherbe.com\/wp-content\/uploads\/2021\/04\/PAL-Un-mois-au-Japon-2021-scaled.jpg?fit=1200%2C905&resize=1050%2C600 3x"},"classes":[]},{"id":16885,"url":"http:\/\/www.jojoenherbe.com\/index.php\/2021\/04\/01\/billet-de-suivi-un-mois-au-japon-2021\/","url_meta":{"origin":14995,"position":4},"title":"Billet de suivi: Un mois au Japon 2021","author":"Jojo","date":"1 avril 2021","format":false,"excerpt":"Apr\u00e8s un British Mysteries Month le mois dernier, Hilde et Lou organisent au mois d'avril 2021 Un mois au Japon. Nos deux coorganisatrices ont pr\u00e9vu un programme facultatif que je vais essayer de suivre le plus possible. Pour plus d\u2019infos, n\u2019h\u00e9sitez pas \u00e0 aller sur leurs blogs. Ce billet sera\u2026","rel":"","context":"Dans &quot;Mini challenger&quot;","block_context":{"text":"Mini challenger","link":"http:\/\/www.jojoenherbe.com\/index.php\/category\/mini-challenger\/"},"img":{"alt_text":"","src":"https:\/\/i0.wp.com\/www.jojoenherbe.com\/wp-content\/uploads\/2021\/03\/logo-Un-mois-au-Japon-2021.jpeg?fit=1108%2C1108&resize=350%2C200","width":350,"height":200,"srcset":"https:\/\/i0.wp.com\/www.jojoenherbe.com\/wp-content\/uploads\/2021\/03\/logo-Un-mois-au-Japon-2021.jpeg?fit=1108%2C1108&resize=350%2C200 1x, https:\/\/i0.wp.com\/www.jojoenherbe.com\/wp-content\/uploads\/2021\/03\/logo-Un-mois-au-Japon-2021.jpeg?fit=1108%2C1108&resize=525%2C300 1.5x, https:\/\/i0.wp.com\/www.jojoenherbe.com\/wp-content\/uploads\/2021\/03\/logo-Un-mois-au-Japon-2021.jpeg?fit=1108%2C1108&resize=700%2C400 2x, https:\/\/i0.wp.com\/www.jojoenherbe.com\/wp-content\/uploads\/2021\/03\/logo-Un-mois-au-Japon-2021.jpeg?fit=1108%2C1108&resize=1050%2C600 3x"},"classes":[]},{"id":23590,"url":"http:\/\/www.jojoenherbe.com\/index.php\/2022\/01\/11\/au-fil-des-pages-avec-la-legende-du-chien-noir\/","url_meta":{"origin":14995,"position":5},"title":"Au fil des pages avec La l\u00e9gende du chien noir","author":"Jojo","date":"11 janvier 2022","format":false,"excerpt":"Nous lisons La l\u00e9gende du chien noir de Levi Pinfold (\u00e9d. Little Urban, 2015), un album jeunesse \u00e0 partir de 3 ans selon l'\u00e9diteur voire plut\u00f4t de 4\/5 ans. Un matin d'hiver, un immense chien noir se dresse devant la porte de la famille Hope, effrayant les uns apr\u00e8s les\u2026","rel":"","context":"Dans &quot;Mini lecteur&quot;","block_context":{"text":"Mini lecteur","link":"http:\/\/www.jojoenherbe.com\/index.php\/category\/mini-lecteur\/"},"img":{"alt_text":"","src":"https:\/\/i0.wp.com\/www.jojoenherbe.com\/wp-content\/uploads\/2022\/01\/La-legende-du-chien-noir-scaled.jpg?fit=1200%2C1005&resize=350%2C200","width":350,"height":200,"srcset":"https:\/\/i0.wp.com\/www.jojoenherbe.com\/wp-content\/uploads\/2022\/01\/La-legende-du-chien-noir-scaled.jpg?fit=1200%2C1005&resize=350%2C200 1x, https:\/\/i0.wp.com\/www.jojoenherbe.com\/wp-content\/uploads\/2022\/01\/La-legende-du-chien-noir-scaled.jpg?fit=1200%2C1005&resize=525%2C300 1.5x, https:\/\/i0.wp.com\/www.jojoenherbe.com\/wp-content\/uploads\/2022\/01\/La-legende-du-chien-noir-scaled.jpg?fit=1200%2C1005&resize=700%2C400 2x, https:\/\/i0.wp.com\/www.jojoenherbe.com\/wp-content\/uploads\/2022\/01\/La-legende-du-chien-noir-scaled.jpg?fit=1200%2C1005&resize=1050%2C600 3x"},"classes":[]}],"_links":{"self":[{"href":"http:\/\/www.jojoenherbe.com\/index.php\/wp-json\/wp\/v2\/posts\/14995","targetHints":{"allow":["GET"]}}],"collection":[{"href":"http:\/\/www.jojoenherbe.com\/index.php\/wp-json\/wp\/v2\/posts"}],"about":[{"href":"http:\/\/www.jojoenherbe.com\/index.php\/wp-json\/wp\/v2\/types\/post"}],"author":[{"embeddable":true,"href":"http:\/\/www.jojoenherbe.com\/index.php\/wp-json\/wp\/v2\/users\/1"}],"replies":[{"embeddable":true,"href":"http:\/\/www.jojoenherbe.com\/index.php\/wp-json\/wp\/v2\/comments?post=14995"}],"version-history":[{"count":0,"href":"http:\/\/www.jojoenherbe.com\/index.php\/wp-json\/wp\/v2\/posts\/14995\/revisions"}],"wp:featuredmedia":[{"embeddable":true,"href":"http:\/\/www.jojoenherbe.com\/index.php\/wp-json\/wp\/v2\/media\/14998"}],"wp:attachment":[{"href":"http:\/\/www.jojoenherbe.com\/index.php\/wp-json\/wp\/v2\/media?parent=14995"}],"wp:term":[{"taxonomy":"category","embeddable":true,"href":"http:\/\/www.jojoenherbe.com\/index.php\/wp-json\/wp\/v2\/categories?post=14995"},{"taxonomy":"post_tag","embeddable":true,"href":"http:\/\/www.jojoenherbe.com\/index.php\/wp-json\/wp\/v2\/tags?post=14995"}],"curies":[{"name":"wp","href":"https:\/\/api.w.org\/{rel}","templated":true}]}}