{"id":14974,"date":"2021-01-10T21:42:43","date_gmt":"2021-01-10T20:42:43","guid":{"rendered":"http:\/\/www.jojoenherbe.com\/?p=14974"},"modified":"2021-01-10T21:42:43","modified_gmt":"2021-01-10T20:42:43","slug":"deuxieme-alphabet-des-animaux-p-comme-panda","status":"publish","type":"post","link":"http:\/\/www.jojoenherbe.com\/index.php\/2021\/01\/10\/deuxieme-alphabet-des-animaux-p-comme-panda\/","title":{"rendered":"Deuxi\u00e8me alphabet des animaux: P comme Panda"},"content":{"rendered":"<p style=\"text-align: justify;\"><em>Pour la semaine 39 de mon challenge de l&rsquo;alphabet des animaux illustr\u00e9s sur Instagram <a href=\"https:\/\/www.instagram.com\/jojoenherbe\/\">#jojoenherbeetcieillustre<\/a> qui associe la premi\u00e8re lettre d&rsquo;un animal avec une illustration tir\u00e9e de la litt\u00e9rature jeunesse en suivant l&rsquo;ordre de l&rsquo;alphabet, il s&rsquo;agit du P comme Panda. Alors voici notre s\u00e9lection de pandas qui sera mise \u00e0 jour au fur-et-\u00e0-mesure de nos lectures.<\/em><\/p>\n<ul>\n<li style=\"text-align: justify;\"><em><a href=\"https:\/\/i0.wp.com\/www.jojoenherbe.com\/wp-content\/uploads\/2020\/10\/Les-fantomes-Zen-scaled.jpg\"><img data-recalc-dims=\"1\" loading=\"lazy\" decoding=\"async\" data-attachment-id=\"13111\" data-permalink=\"http:\/\/www.jojoenherbe.com\/index.php\/2020\/10\/20\/notre-selection-fantomes-pour-le-challenge-halloween\/les-fantomes-zen\/\" data-orig-file=\"https:\/\/i0.wp.com\/www.jojoenherbe.com\/wp-content\/uploads\/2020\/10\/Les-fantomes-Zen-scaled.jpg?fit=2560%2C1920\" data-orig-size=\"2560,1920\" data-comments-opened=\"1\" data-image-meta=\"{&quot;aperture&quot;:&quot;1.8&quot;,&quot;credit&quot;:&quot;&quot;,&quot;camera&quot;:&quot;iPhone 7&quot;,&quot;caption&quot;:&quot;&quot;,&quot;created_timestamp&quot;:&quot;1597241959&quot;,&quot;copyright&quot;:&quot;&quot;,&quot;focal_length&quot;:&quot;3.99&quot;,&quot;iso&quot;:&quot;100&quot;,&quot;shutter_speed&quot;:&quot;0.16666666666667&quot;,&quot;title&quot;:&quot;&quot;,&quot;orientation&quot;:&quot;1&quot;}\" data-image-title=\"Les fant\u00f4mes Zen\" data-image-description=\"\" data-image-caption=\"\" data-large-file=\"https:\/\/i0.wp.com\/www.jojoenherbe.com\/wp-content\/uploads\/2020\/10\/Les-fantomes-Zen-scaled.jpg?fit=676%2C507\" class=\"alignleft size-thumbnail wp-image-13111\" src=\"https:\/\/i0.wp.com\/www.jojoenherbe.com\/wp-content\/uploads\/2020\/10\/Les-fantomes-Zen.jpg?resize=150%2C150\" alt=\"\" width=\"150\" height=\"150\" srcset=\"https:\/\/i0.wp.com\/www.jojoenherbe.com\/wp-content\/uploads\/2020\/10\/Les-fantomes-Zen-scaled.jpg?resize=150%2C150 150w, https:\/\/i0.wp.com\/www.jojoenherbe.com\/wp-content\/uploads\/2020\/10\/Les-fantomes-Zen-scaled.jpg?zoom=2&amp;resize=150%2C150 300w, https:\/\/i0.wp.com\/www.jojoenherbe.com\/wp-content\/uploads\/2020\/10\/Les-fantomes-Zen-scaled.jpg?zoom=3&amp;resize=150%2C150 450w\" sizes=\"auto, (max-width: 150px) 100vw, 150px\" \/><\/a> <a href=\"https:\/\/i0.wp.com\/www.jojoenherbe.com\/wp-content\/uploads\/2021\/01\/Les-fantomes-Zen-7.jpg\"><img data-recalc-dims=\"1\" loading=\"lazy\" decoding=\"async\" data-attachment-id=\"14975\" data-permalink=\"http:\/\/www.jojoenherbe.com\/index.php\/2021\/01\/10\/deuxieme-alphabet-des-animaux-p-comme-panda\/les-fantomes-zen-7\/\" data-orig-file=\"https:\/\/i0.wp.com\/www.jojoenherbe.com\/wp-content\/uploads\/2021\/01\/Les-fantomes-Zen-7.jpg?fit=2549%2C1931\" data-orig-size=\"2549,1931\" data-comments-opened=\"1\" data-image-meta=\"{&quot;aperture&quot;:&quot;1.8&quot;,&quot;credit&quot;:&quot;&quot;,&quot;camera&quot;:&quot;iPhone 7&quot;,&quot;caption&quot;:&quot;&quot;,&quot;created_timestamp&quot;:&quot;1597242007&quot;,&quot;copyright&quot;:&quot;&quot;,&quot;focal_length&quot;:&quot;3.99&quot;,&quot;iso&quot;:&quot;100&quot;,&quot;shutter_speed&quot;:&quot;0.076923076923077&quot;,&quot;title&quot;:&quot;&quot;,&quot;orientation&quot;:&quot;1&quot;}\" data-image-title=\"Les fant\u00f4mes Zen 7\" data-image-description=\"\" data-image-caption=\"\" data-large-file=\"https:\/\/i0.wp.com\/www.jojoenherbe.com\/wp-content\/uploads\/2021\/01\/Les-fantomes-Zen-7.jpg?fit=676%2C512\" class=\"alignleft size-thumbnail wp-image-14975\" src=\"https:\/\/i0.wp.com\/www.jojoenherbe.com\/wp-content\/uploads\/2021\/01\/Les-fantomes-Zen-7.jpg?resize=150%2C150\" alt=\"\" width=\"150\" height=\"150\" srcset=\"https:\/\/i0.wp.com\/www.jojoenherbe.com\/wp-content\/uploads\/2021\/01\/Les-fantomes-Zen-7.jpg?resize=150%2C150 150w, https:\/\/i0.wp.com\/www.jojoenherbe.com\/wp-content\/uploads\/2021\/01\/Les-fantomes-Zen-7.jpg?zoom=2&amp;resize=150%2C150 300w, https:\/\/i0.wp.com\/www.jojoenherbe.com\/wp-content\/uploads\/2021\/01\/Les-fantomes-Zen-7.jpg?zoom=3&amp;resize=150%2C150 450w\" sizes=\"auto, (max-width: 150px) 100vw, 150px\" \/><\/a><span class=\"\">Source-Tranquille dans <a href=\"http:\/\/www.jojoenherbe.com\/index.php\/2020\/11\/14\/au-fil-des-pages-avec-les-fantomes-zen\/\"><span style=\"text-decoration: underline;\">Les fant\u00f4mes zen<\/span><\/a> de John J. Muth (\u00e9d. Fei, 2016), un album jeunesse \u00e0 partir de 6 ans<\/span><\/em><\/li>\n<li style=\"text-align: justify;\"><em><span class=\"\"><a href=\"https:\/\/i0.wp.com\/www.jojoenherbe.com\/wp-content\/uploads\/2021\/01\/Les-trois-grains-de-riz-2-scaled.jpg\"><img data-recalc-dims=\"1\" loading=\"lazy\" decoding=\"async\" data-attachment-id=\"14976\" data-permalink=\"http:\/\/www.jojoenherbe.com\/index.php\/2021\/01\/10\/deuxieme-alphabet-des-animaux-p-comme-panda\/les-trois-grains-de-riz-2-2\/\" data-orig-file=\"https:\/\/i0.wp.com\/www.jojoenherbe.com\/wp-content\/uploads\/2021\/01\/Les-trois-grains-de-riz-2-scaled.jpg?fit=2560%2C1920\" data-orig-size=\"2560,1920\" data-comments-opened=\"1\" data-image-meta=\"{&quot;aperture&quot;:&quot;1.8&quot;,&quot;credit&quot;:&quot;&quot;,&quot;camera&quot;:&quot;iPhone 7&quot;,&quot;caption&quot;:&quot;&quot;,&quot;created_timestamp&quot;:&quot;1597241834&quot;,&quot;copyright&quot;:&quot;&quot;,&quot;focal_length&quot;:&quot;3.99&quot;,&quot;iso&quot;:&quot;100&quot;,&quot;shutter_speed&quot;:&quot;0.090909090909091&quot;,&quot;title&quot;:&quot;&quot;,&quot;orientation&quot;:&quot;1&quot;}\" data-image-title=\"Les trois grains de riz (2)\" data-image-description=\"\" data-image-caption=\"\" data-large-file=\"https:\/\/i0.wp.com\/www.jojoenherbe.com\/wp-content\/uploads\/2021\/01\/Les-trois-grains-de-riz-2-scaled.jpg?fit=676%2C507\" class=\"size-thumbnail wp-image-14976 alignright\" src=\"https:\/\/i0.wp.com\/www.jojoenherbe.com\/wp-content\/uploads\/2021\/01\/Les-trois-grains-de-riz-2.jpg?resize=150%2C150\" alt=\"\" width=\"150\" height=\"150\" srcset=\"https:\/\/i0.wp.com\/www.jojoenherbe.com\/wp-content\/uploads\/2021\/01\/Les-trois-grains-de-riz-2-scaled.jpg?resize=150%2C150 150w, https:\/\/i0.wp.com\/www.jojoenherbe.com\/wp-content\/uploads\/2021\/01\/Les-trois-grains-de-riz-2-scaled.jpg?zoom=2&amp;resize=150%2C150 300w, https:\/\/i0.wp.com\/www.jojoenherbe.com\/wp-content\/uploads\/2021\/01\/Les-trois-grains-de-riz-2-scaled.jpg?zoom=3&amp;resize=150%2C150 450w\" sizes=\"auto, (max-width: 150px) 100vw, 150px\" \/><\/a> <a href=\"https:\/\/i0.wp.com\/www.jojoenherbe.com\/wp-content\/uploads\/2020\/09\/Les-trois-grains-de-riz-scaled.jpg\"><img data-recalc-dims=\"1\" loading=\"lazy\" decoding=\"async\" data-attachment-id=\"12349\" data-permalink=\"http:\/\/www.jojoenherbe.com\/index.php\/2020\/09\/18\/au-fil-des-pages-avec-je-veux-un-pain-au-chocolat\/les-trois-grains-de-riz\/\" data-orig-file=\"https:\/\/i0.wp.com\/www.jojoenherbe.com\/wp-content\/uploads\/2020\/09\/Les-trois-grains-de-riz-scaled.jpg?fit=2560%2C1920\" data-orig-size=\"2560,1920\" data-comments-opened=\"1\" data-image-meta=\"{&quot;aperture&quot;:&quot;1.8&quot;,&quot;credit&quot;:&quot;&quot;,&quot;camera&quot;:&quot;iPhone 7&quot;,&quot;caption&quot;:&quot;&quot;,&quot;created_timestamp&quot;:&quot;1594392063&quot;,&quot;copyright&quot;:&quot;&quot;,&quot;focal_length&quot;:&quot;3.99&quot;,&quot;iso&quot;:&quot;100&quot;,&quot;shutter_speed&quot;:&quot;0.076923076923077&quot;,&quot;title&quot;:&quot;&quot;,&quot;orientation&quot;:&quot;1&quot;}\" data-image-title=\"Les trois grains de riz\" data-image-description=\"\" data-image-caption=\"\" data-large-file=\"https:\/\/i0.wp.com\/www.jojoenherbe.com\/wp-content\/uploads\/2020\/09\/Les-trois-grains-de-riz-scaled.jpg?fit=676%2C507\" class=\"size-thumbnail wp-image-12349 alignright\" src=\"https:\/\/i0.wp.com\/www.jojoenherbe.com\/wp-content\/uploads\/2020\/09\/Les-trois-grains-de-riz.jpg?resize=150%2C150\" alt=\"\" width=\"150\" height=\"150\" srcset=\"https:\/\/i0.wp.com\/www.jojoenherbe.com\/wp-content\/uploads\/2020\/09\/Les-trois-grains-de-riz-scaled.jpg?resize=150%2C150 150w, https:\/\/i0.wp.com\/www.jojoenherbe.com\/wp-content\/uploads\/2020\/09\/Les-trois-grains-de-riz-scaled.jpg?zoom=2&amp;resize=150%2C150 300w, https:\/\/i0.wp.com\/www.jojoenherbe.com\/wp-content\/uploads\/2020\/09\/Les-trois-grains-de-riz-scaled.jpg?zoom=3&amp;resize=150%2C150 450w\" sizes=\"auto, (max-width: 150px) 100vw, 150px\" \/><\/a>le panda dans <a href=\"http:\/\/www.jojoenherbe.com\/index.php\/2020\/09\/27\/au-fil-des-pages-avec-les-trois-grains-de-riz\/\"><span style=\"text-decoration: underline;\">Les trois grains de riz<\/span><\/a> d\u2019Agn\u00e8s Bertron-Martin et Virginie Sanchez (\u00e9d. Flammarion, coll. P\u00e8re Castor, 2002), un album jeunesse \u00e0 partir de 3 ans<br \/>\n<\/span><\/em><\/li>\n<\/ul>\n","protected":false},"excerpt":{"rendered":"<p>Pour la semaine 39 de mon challenge de l&rsquo;alphabet des animaux illustr\u00e9s sur Instagram #jojoenherbeetcieillustre qui associe la premi\u00e8re lettre d&rsquo;un animal avec une illustration tir\u00e9e de la litt\u00e9rature jeunesse en suivant l&rsquo;ordre de l&rsquo;alphabet, il s&rsquo;agit du P comme Panda. Alors voici notre s\u00e9lection de pandas qui sera mise \u00e0 jour au fur-et-\u00e0-mesure de [&hellip;]<\/p>\n","protected":false},"author":1,"featured_media":0,"comment_status":"open","ping_status":"open","sticky":false,"template":"","format":"standard","meta":{"jetpack_post_was_ever_published":false,"_jetpack_newsletter_access":"","_jetpack_dont_email_post_to_subs":false,"_jetpack_newsletter_tier_id":0,"_jetpack_memberships_contains_paywalled_content":false,"_jetpack_memberships_contains_paid_content":false,"footnotes":""},"categories":[873,363],"tags":[1249,409,1892,1939,1430,367,1790,1778],"class_list":["post-14974","post","type-post","status-publish","format-standard","hentry","category-mini-challenger","category-mini-lecteur","tag-agnes-bertron-martin","tag-albums-jeunesse","tag-alphabet-des-animaux","tag-john-j-muth","tag-jojoenherbeetcieillustre","tag-lecture-jeunesse","tag-panda","tag-virginie-sanchez","post-preview"],"jetpack_featured_media_url":"","jetpack_sharing_enabled":true,"jetpack_shortlink":"https:\/\/wp.me\/p9zhGx-3Tw","jetpack_likes_enabled":true,"jetpack-related-posts":[{"id":15959,"url":"http:\/\/www.jojoenherbe.com\/index.php\/2021\/02\/21\/deuxieme-alphabet-des-animaux-w-comme-wapiti\/","url_meta":{"origin":14974,"position":0},"title":"Deuxi\u00e8me alphabet des animaux: W comme Wapiti","author":"Jojo","date":"21 f\u00e9vrier 2021","format":false,"excerpt":"Pour la semaine 45 de mon challenge de l'alphabet des animaux illustr\u00e9s sur Instagram #jojoenherbeetcieillustre qui associe la premi\u00e8re lettre d'un animal avec une illustration tir\u00e9e de la litt\u00e9rature jeunesse en suivant l'ordre de l'alphabet, il s'agit du W comme Wapiti. Alors voici notre s\u00e9lection de wapitis qui sera mise\u2026","rel":"","context":"Dans &quot;Mini challenger&quot;","block_context":{"text":"Mini challenger","link":"http:\/\/www.jojoenherbe.com\/index.php\/category\/mini-challenger\/"},"img":{"alt_text":"","src":"https:\/\/i0.wp.com\/www.jojoenherbe.com\/wp-content\/uploads\/2021\/02\/LABC-150x150.jpg?resize=350%2C200","width":350,"height":200},"classes":[]},{"id":16295,"url":"http:\/\/www.jojoenherbe.com\/index.php\/2021\/03\/07\/troisieme-alphabet-des-animaux-b-comme-belette\/","url_meta":{"origin":14974,"position":1},"title":"Troisi\u00e8me alphabet des animaux: B comme Belette","author":"Jojo","date":"7 mars 2021","format":false,"excerpt":"Pour la semaine 47 de mon challenge de l'alphabet des animaux illustr\u00e9s sur Instagram #jojoenherbeetcieillustre qui associe la premi\u00e8re lettre d'un animal avec une illustration tir\u00e9e de la litt\u00e9rature jeunesse en suivant l'ordre de l'alphabet, il s'agit du B comme Belette. Alors voici notre s\u00e9lection de belettes qui sera mise\u2026","rel":"","context":"Dans &quot;Mini challenger&quot;","block_context":{"text":"Mini challenger","link":"http:\/\/www.jojoenherbe.com\/index.php\/category\/mini-challenger\/"},"img":{"alt_text":"","src":"https:\/\/i0.wp.com\/www.jojoenherbe.com\/wp-content\/uploads\/2021\/03\/Selection-Belette-scaled.jpg?fit=1200%2C900&resize=350%2C200","width":350,"height":200,"srcset":"https:\/\/i0.wp.com\/www.jojoenherbe.com\/wp-content\/uploads\/2021\/03\/Selection-Belette-scaled.jpg?fit=1200%2C900&resize=350%2C200 1x, https:\/\/i0.wp.com\/www.jojoenherbe.com\/wp-content\/uploads\/2021\/03\/Selection-Belette-scaled.jpg?fit=1200%2C900&resize=525%2C300 1.5x, https:\/\/i0.wp.com\/www.jojoenherbe.com\/wp-content\/uploads\/2021\/03\/Selection-Belette-scaled.jpg?fit=1200%2C900&resize=700%2C400 2x, https:\/\/i0.wp.com\/www.jojoenherbe.com\/wp-content\/uploads\/2021\/03\/Selection-Belette-scaled.jpg?fit=1200%2C900&resize=1050%2C600 3x"},"classes":[]},{"id":15643,"url":"http:\/\/www.jojoenherbe.com\/index.php\/2021\/02\/07\/deuxieme-alphabet-des-animaux-u-comme-unau\/","url_meta":{"origin":14974,"position":2},"title":"Deuxi\u00e8me alphabet des animaux: U comme Unau","author":"Jojo","date":"7 f\u00e9vrier 2021","format":false,"excerpt":"Pour la semaine 43 de mon challenge de l'alphabet des animaux illustr\u00e9s sur Instagram #jojoenherbeetcieillustre qui associe la premi\u00e8re lettre d'un animal avec une illustration tir\u00e9e de la litt\u00e9rature jeunesse en suivant l'ordre de l'alphabet, il s'agit du U comme unau. Il n'a pas \u00e9t\u00e9 simple d'en trouver un, cet\u2026","rel":"","context":"Dans &quot;Mini challenger&quot;","block_context":{"text":"Mini challenger","link":"http:\/\/www.jojoenherbe.com\/index.php\/category\/mini-challenger\/"},"img":{"alt_text":"","src":"https:\/\/i0.wp.com\/www.jojoenherbe.com\/wp-content\/uploads\/2021\/02\/A-B-C-bestiaire-2-150x150.jpg?resize=350%2C200","width":350,"height":200},"classes":[]},{"id":16668,"url":"http:\/\/www.jojoenherbe.com\/index.php\/2021\/03\/21\/troisieme-alphabet-des-animaux-d-comme-dromadaire\/","url_meta":{"origin":14974,"position":3},"title":"Troisi\u00e8me alphabet des animaux: D comme Dromadaire","author":"Jojo","date":"21 mars 2021","format":false,"excerpt":"Pour la semaine 49 de mon challenge de l'alphabet des animaux illustr\u00e9s sur Instagram #jojoenherbeetcieillustre qui associe la premi\u00e8re lettre d'un animal avec une illustration tir\u00e9e de la litt\u00e9rature jeunesse en suivant l'ordre de l'alphabet, il s'agit du D comme Dromadaire. Alors voici notre s\u00e9lection de dromadaires qui sera mise\u2026","rel":"","context":"Dans &quot;Mini challenger&quot;","block_context":{"text":"Mini challenger","link":"http:\/\/www.jojoenherbe.com\/index.php\/category\/mini-challenger\/"},"img":{"alt_text":"","src":"https:\/\/i0.wp.com\/www.jojoenherbe.com\/wp-content\/uploads\/2021\/03\/Selection-Dromadaires-scaled.jpg?fit=1200%2C900&resize=350%2C200","width":350,"height":200,"srcset":"https:\/\/i0.wp.com\/www.jojoenherbe.com\/wp-content\/uploads\/2021\/03\/Selection-Dromadaires-scaled.jpg?fit=1200%2C900&resize=350%2C200 1x, https:\/\/i0.wp.com\/www.jojoenherbe.com\/wp-content\/uploads\/2021\/03\/Selection-Dromadaires-scaled.jpg?fit=1200%2C900&resize=525%2C300 1.5x, https:\/\/i0.wp.com\/www.jojoenherbe.com\/wp-content\/uploads\/2021\/03\/Selection-Dromadaires-scaled.jpg?fit=1200%2C900&resize=700%2C400 2x, https:\/\/i0.wp.com\/www.jojoenherbe.com\/wp-content\/uploads\/2021\/03\/Selection-Dromadaires-scaled.jpg?fit=1200%2C900&resize=1050%2C600 3x"},"classes":[]},{"id":15828,"url":"http:\/\/www.jojoenherbe.com\/index.php\/2021\/02\/14\/deuxieme-alphabet-des-animaux-v-comme-ver-de-terre\/","url_meta":{"origin":14974,"position":4},"title":"Deuxi\u00e8me alphabet des animaux: V comme Ver de terre","author":"Jojo","date":"14 f\u00e9vrier 2021","format":false,"excerpt":"Pour la semaine 44 de mon challenge de l'alphabet des animaux illustr\u00e9s sur Instagram #jojoenherbeetcieillustre qui associe la premi\u00e8re lettre d'un animal avec une illustration tir\u00e9e de la litt\u00e9rature jeunesse en suivant l'ordre de l'alphabet, il s'agit du V comme Ver de terre. Alors voici notre s\u00e9lection de vers de\u2026","rel":"","context":"Dans &quot;Mini challenger&quot;","block_context":{"text":"Mini challenger","link":"http:\/\/www.jojoenherbe.com\/index.php\/category\/mini-challenger\/"},"img":{"alt_text":"","src":"https:\/\/i0.wp.com\/www.jojoenherbe.com\/wp-content\/uploads\/2021\/02\/Selection-Ver-de-terre-scaled.jpg?fit=1200%2C900&resize=350%2C200","width":350,"height":200,"srcset":"https:\/\/i0.wp.com\/www.jojoenherbe.com\/wp-content\/uploads\/2021\/02\/Selection-Ver-de-terre-scaled.jpg?fit=1200%2C900&resize=350%2C200 1x, https:\/\/i0.wp.com\/www.jojoenherbe.com\/wp-content\/uploads\/2021\/02\/Selection-Ver-de-terre-scaled.jpg?fit=1200%2C900&resize=525%2C300 1.5x, https:\/\/i0.wp.com\/www.jojoenherbe.com\/wp-content\/uploads\/2021\/02\/Selection-Ver-de-terre-scaled.jpg?fit=1200%2C900&resize=700%2C400 2x, https:\/\/i0.wp.com\/www.jojoenherbe.com\/wp-content\/uploads\/2021\/02\/Selection-Ver-de-terre-scaled.jpg?fit=1200%2C900&resize=1050%2C600 3x"},"classes":[]},{"id":13762,"url":"http:\/\/www.jojoenherbe.com\/index.php\/2020\/11\/09\/deuxieme-alphabet-des-animaux-d-comme-dauphin\/","url_meta":{"origin":14974,"position":5},"title":"Deuxi\u00e8me alphabet des animaux: D comme Dauphin","author":"Jojo","date":"9 novembre 2020","format":false,"excerpt":"Pour la semaine 30 de mon challenge sur Instagram #jojoenherbeetcieillustre qui associe la premi\u00e8re lettre d'un animal avec une illustration tir\u00e9e de la litt\u00e9rature jeunesse en suivant l'ordre de l'alphabet, il s'agit du D comme Dauphin. Alors voici notre s\u00e9lection de dauphins qui sera mise \u00e0 jour au fur-et-\u00e0-mesure de\u2026","rel":"","context":"Dans &quot;Mini challenger&quot;","block_context":{"text":"Mini challenger","link":"http:\/\/www.jojoenherbe.com\/index.php\/category\/mini-challenger\/"},"img":{"alt_text":"","src":"https:\/\/i0.wp.com\/www.jojoenherbe.com\/wp-content\/uploads\/2020\/11\/Selection-Dauphins-scaled.jpg?fit=1200%2C900&resize=350%2C200","width":350,"height":200,"srcset":"https:\/\/i0.wp.com\/www.jojoenherbe.com\/wp-content\/uploads\/2020\/11\/Selection-Dauphins-scaled.jpg?fit=1200%2C900&resize=350%2C200 1x, https:\/\/i0.wp.com\/www.jojoenherbe.com\/wp-content\/uploads\/2020\/11\/Selection-Dauphins-scaled.jpg?fit=1200%2C900&resize=525%2C300 1.5x, https:\/\/i0.wp.com\/www.jojoenherbe.com\/wp-content\/uploads\/2020\/11\/Selection-Dauphins-scaled.jpg?fit=1200%2C900&resize=700%2C400 2x, https:\/\/i0.wp.com\/www.jojoenherbe.com\/wp-content\/uploads\/2020\/11\/Selection-Dauphins-scaled.jpg?fit=1200%2C900&resize=1050%2C600 3x"},"classes":[]}],"_links":{"self":[{"href":"http:\/\/www.jojoenherbe.com\/index.php\/wp-json\/wp\/v2\/posts\/14974","targetHints":{"allow":["GET"]}}],"collection":[{"href":"http:\/\/www.jojoenherbe.com\/index.php\/wp-json\/wp\/v2\/posts"}],"about":[{"href":"http:\/\/www.jojoenherbe.com\/index.php\/wp-json\/wp\/v2\/types\/post"}],"author":[{"embeddable":true,"href":"http:\/\/www.jojoenherbe.com\/index.php\/wp-json\/wp\/v2\/users\/1"}],"replies":[{"embeddable":true,"href":"http:\/\/www.jojoenherbe.com\/index.php\/wp-json\/wp\/v2\/comments?post=14974"}],"version-history":[{"count":0,"href":"http:\/\/www.jojoenherbe.com\/index.php\/wp-json\/wp\/v2\/posts\/14974\/revisions"}],"wp:attachment":[{"href":"http:\/\/www.jojoenherbe.com\/index.php\/wp-json\/wp\/v2\/media?parent=14974"}],"wp:term":[{"taxonomy":"category","embeddable":true,"href":"http:\/\/www.jojoenherbe.com\/index.php\/wp-json\/wp\/v2\/categories?post=14974"},{"taxonomy":"post_tag","embeddable":true,"href":"http:\/\/www.jojoenherbe.com\/index.php\/wp-json\/wp\/v2\/tags?post=14974"}],"curies":[{"name":"wp","href":"https:\/\/api.w.org\/{rel}","templated":true}]}}