{"id":14945,"date":"2021-01-08T21:28:59","date_gmt":"2021-01-08T20:28:59","guid":{"rendered":"http:\/\/www.jojoenherbe.com\/?p=14945"},"modified":"2023-01-18T11:56:11","modified_gmt":"2023-01-18T10:56:11","slug":"au-fil-des-pages-avec-anika-et-la-sorciere-des-neiges","status":"publish","type":"post","link":"http:\/\/www.jojoenherbe.com\/index.php\/2021\/01\/08\/au-fil-des-pages-avec-anika-et-la-sorciere-des-neiges\/","title":{"rendered":"Au fil des pages avec Anika et la sorci\u00e8re des neiges"},"content":{"rendered":"<p style=\"text-align: justify;\"><em><a href=\"https:\/\/i0.wp.com\/www.jojoenherbe.com\/wp-content\/uploads\/2021\/01\/Anika-et-la-sorciere-des-neiges-3-scaled.jpg\"><img data-recalc-dims=\"1\" loading=\"lazy\" decoding=\"async\" data-attachment-id=\"14949\" data-permalink=\"http:\/\/www.jojoenherbe.com\/index.php\/2021\/01\/08\/au-fil-des-pages-avec-anika-et-la-sorciere-des-neiges\/anika-et-la-sorciere-des-neiges-3\/\" data-orig-file=\"https:\/\/i0.wp.com\/www.jojoenherbe.com\/wp-content\/uploads\/2021\/01\/Anika-et-la-sorciere-des-neiges-3-scaled.jpg?fit=2560%2C1920\" data-orig-size=\"2560,1920\" data-comments-opened=\"1\" data-image-meta=\"{&quot;aperture&quot;:&quot;1.8&quot;,&quot;credit&quot;:&quot;&quot;,&quot;camera&quot;:&quot;iPhone 7&quot;,&quot;caption&quot;:&quot;&quot;,&quot;created_timestamp&quot;:&quot;1610122120&quot;,&quot;copyright&quot;:&quot;&quot;,&quot;focal_length&quot;:&quot;3.99&quot;,&quot;iso&quot;:&quot;100&quot;,&quot;shutter_speed&quot;:&quot;0.071428571428571&quot;,&quot;title&quot;:&quot;&quot;,&quot;orientation&quot;:&quot;1&quot;}\" data-image-title=\"Anika et la sorci\u00e8re des neiges 3\" data-image-description=\"\" data-image-caption=\"\" data-large-file=\"https:\/\/i0.wp.com\/www.jojoenherbe.com\/wp-content\/uploads\/2021\/01\/Anika-et-la-sorciere-des-neiges-3-scaled.jpg?fit=676%2C507\" class=\"alignleft size-thumbnail wp-image-14949\" src=\"https:\/\/i0.wp.com\/www.jojoenherbe.com\/wp-content\/uploads\/2021\/01\/Anika-et-la-sorciere-des-neiges-3.jpg?resize=150%2C150\" alt=\"\" width=\"150\" height=\"150\" srcset=\"https:\/\/i0.wp.com\/www.jojoenherbe.com\/wp-content\/uploads\/2021\/01\/Anika-et-la-sorciere-des-neiges-3-scaled.jpg?resize=150%2C150 150w, https:\/\/i0.wp.com\/www.jojoenherbe.com\/wp-content\/uploads\/2021\/01\/Anika-et-la-sorciere-des-neiges-3-scaled.jpg?zoom=2&amp;resize=150%2C150 300w, https:\/\/i0.wp.com\/www.jojoenherbe.com\/wp-content\/uploads\/2021\/01\/Anika-et-la-sorciere-des-neiges-3-scaled.jpg?zoom=3&amp;resize=150%2C150 450w\" sizes=\"auto, (max-width: 150px) 100vw, 150px\" \/><\/a> <a href=\"https:\/\/i0.wp.com\/www.jojoenherbe.com\/wp-content\/uploads\/2021\/01\/Anika-et-la-sorciere-des-neiges-4-scaled.jpg\"><img data-recalc-dims=\"1\" loading=\"lazy\" decoding=\"async\" data-attachment-id=\"14950\" data-permalink=\"http:\/\/www.jojoenherbe.com\/index.php\/2021\/01\/08\/au-fil-des-pages-avec-anika-et-la-sorciere-des-neiges\/anika-et-la-sorciere-des-neiges-4\/\" data-orig-file=\"https:\/\/i0.wp.com\/www.jojoenherbe.com\/wp-content\/uploads\/2021\/01\/Anika-et-la-sorciere-des-neiges-4-scaled.jpg?fit=2560%2C1770\" data-orig-size=\"2560,1770\" data-comments-opened=\"1\" data-image-meta=\"{&quot;aperture&quot;:&quot;1.8&quot;,&quot;credit&quot;:&quot;&quot;,&quot;camera&quot;:&quot;iPhone 7&quot;,&quot;caption&quot;:&quot;&quot;,&quot;created_timestamp&quot;:&quot;1610122130&quot;,&quot;copyright&quot;:&quot;&quot;,&quot;focal_length&quot;:&quot;3.99&quot;,&quot;iso&quot;:&quot;100&quot;,&quot;shutter_speed&quot;:&quot;0.071428571428571&quot;,&quot;title&quot;:&quot;&quot;,&quot;orientation&quot;:&quot;1&quot;}\" data-image-title=\"Anika et la sorci\u00e8re des neiges 4\" data-image-description=\"\" data-image-caption=\"\" data-large-file=\"https:\/\/i0.wp.com\/www.jojoenherbe.com\/wp-content\/uploads\/2021\/01\/Anika-et-la-sorciere-des-neiges-4-scaled.jpg?fit=676%2C467\" class=\"alignleft size-thumbnail wp-image-14950\" src=\"https:\/\/i0.wp.com\/www.jojoenherbe.com\/wp-content\/uploads\/2021\/01\/Anika-et-la-sorciere-des-neiges-4.jpg?resize=150%2C150\" alt=\"\" width=\"150\" height=\"150\" srcset=\"https:\/\/i0.wp.com\/www.jojoenherbe.com\/wp-content\/uploads\/2021\/01\/Anika-et-la-sorciere-des-neiges-4-scaled.jpg?resize=150%2C150 150w, https:\/\/i0.wp.com\/www.jojoenherbe.com\/wp-content\/uploads\/2021\/01\/Anika-et-la-sorciere-des-neiges-4-scaled.jpg?zoom=2&amp;resize=150%2C150 300w, https:\/\/i0.wp.com\/www.jojoenherbe.com\/wp-content\/uploads\/2021\/01\/Anika-et-la-sorciere-des-neiges-4-scaled.jpg?zoom=3&amp;resize=150%2C150 450w\" sizes=\"auto, (max-width: 150px) 100vw, 150px\" \/><\/a>Nous lisons un de nos derniers emprunts \u00e0 la m\u00e9diath\u00e8que, <span style=\"text-decoration: underline;\">Anika et la sorci\u00e8re des neiges<\/span> de Linda Sunderland et Daniel Egn\u00e9us (\u00e9d. Little Urban, 2017), un album jeunesse \u00e0 partir de 3 selon l&rsquo;\u00e9diteur mais plut\u00f4t pour les plus grands, \u00e0 partir de 5 ans. Pendant qu&rsquo;Anika reste au Jardin des neiges avec son p\u00e8re, sa m\u00e8re part cueillir des gentianes bleues, fleurs porte-bonheur de sa fille. Mais elle<\/em><em> est captur\u00e9e par la mal\u00e9fique Sorci\u00e8re des Neiges. Anika part la sauver avec son p\u00e8re. Aid\u00e9e d&rsquo;un corbeau et d&rsquo;un renard polaire, aura-t-elle assez de magie en elle pour faire face \u00e0 la sorci\u00e8re?<br \/>\n<\/em><\/p>\n<p style=\"text-align: justify;\"><a href=\"https:\/\/i0.wp.com\/www.jojoenherbe.com\/wp-content\/uploads\/2021\/01\/Anika-et-la-sorciere-des-neiges-6-scaled.jpg\"><img data-recalc-dims=\"1\" loading=\"lazy\" decoding=\"async\" data-attachment-id=\"14952\" data-permalink=\"http:\/\/www.jojoenherbe.com\/index.php\/2021\/01\/08\/au-fil-des-pages-avec-anika-et-la-sorciere-des-neiges\/anika-et-la-sorciere-des-neiges-6\/\" data-orig-file=\"https:\/\/i0.wp.com\/www.jojoenherbe.com\/wp-content\/uploads\/2021\/01\/Anika-et-la-sorciere-des-neiges-6-scaled.jpg?fit=1920%2C2560\" data-orig-size=\"1920,2560\" data-comments-opened=\"1\" data-image-meta=\"{&quot;aperture&quot;:&quot;1.8&quot;,&quot;credit&quot;:&quot;&quot;,&quot;camera&quot;:&quot;iPhone 7&quot;,&quot;caption&quot;:&quot;&quot;,&quot;created_timestamp&quot;:&quot;1610122045&quot;,&quot;copyright&quot;:&quot;&quot;,&quot;focal_length&quot;:&quot;3.99&quot;,&quot;iso&quot;:&quot;32&quot;,&quot;shutter_speed&quot;:&quot;0.01&quot;,&quot;title&quot;:&quot;&quot;,&quot;orientation&quot;:&quot;1&quot;}\" data-image-title=\"Anika et la sorci\u00e8re des neiges 6\" data-image-description=\"\" data-image-caption=\"\" data-large-file=\"https:\/\/i0.wp.com\/www.jojoenherbe.com\/wp-content\/uploads\/2021\/01\/Anika-et-la-sorciere-des-neiges-6-scaled.jpg?fit=676%2C901\" class=\"size-thumbnail wp-image-14952 alignright\" src=\"https:\/\/i0.wp.com\/www.jojoenherbe.com\/wp-content\/uploads\/2021\/01\/Anika-et-la-sorciere-des-neiges-6.jpg?resize=150%2C150\" alt=\"\" width=\"150\" height=\"150\" srcset=\"https:\/\/i0.wp.com\/www.jojoenherbe.com\/wp-content\/uploads\/2021\/01\/Anika-et-la-sorciere-des-neiges-6-scaled.jpg?resize=150%2C150 150w, https:\/\/i0.wp.com\/www.jojoenherbe.com\/wp-content\/uploads\/2021\/01\/Anika-et-la-sorciere-des-neiges-6-scaled.jpg?zoom=2&amp;resize=150%2C150 300w, https:\/\/i0.wp.com\/www.jojoenherbe.com\/wp-content\/uploads\/2021\/01\/Anika-et-la-sorciere-des-neiges-6-scaled.jpg?zoom=3&amp;resize=150%2C150 450w\" sizes=\"auto, (max-width: 150px) 100vw, 150px\" \/><\/a> <a href=\"https:\/\/i0.wp.com\/www.jojoenherbe.com\/wp-content\/uploads\/2021\/01\/Anika-et-la-sorciere-des-neiges-5-scaled.jpg\"><img data-recalc-dims=\"1\" loading=\"lazy\" decoding=\"async\" data-attachment-id=\"14951\" data-permalink=\"http:\/\/www.jojoenherbe.com\/index.php\/2021\/01\/08\/au-fil-des-pages-avec-anika-et-la-sorciere-des-neiges\/anika-et-la-sorciere-des-neiges-5\/\" data-orig-file=\"https:\/\/i0.wp.com\/www.jojoenherbe.com\/wp-content\/uploads\/2021\/01\/Anika-et-la-sorciere-des-neiges-5-scaled.jpg?fit=1746%2C2560\" data-orig-size=\"1746,2560\" data-comments-opened=\"1\" data-image-meta=\"{&quot;aperture&quot;:&quot;1.8&quot;,&quot;credit&quot;:&quot;&quot;,&quot;camera&quot;:&quot;iPhone 7&quot;,&quot;caption&quot;:&quot;&quot;,&quot;created_timestamp&quot;:&quot;1610121985&quot;,&quot;copyright&quot;:&quot;&quot;,&quot;focal_length&quot;:&quot;3.99&quot;,&quot;iso&quot;:&quot;20&quot;,&quot;shutter_speed&quot;:&quot;0.0032258064516129&quot;,&quot;title&quot;:&quot;&quot;,&quot;orientation&quot;:&quot;0&quot;}\" data-image-title=\"Anika et la sorci\u00e8re des neiges 5\" data-image-description=\"\" data-image-caption=\"\" data-large-file=\"https:\/\/i0.wp.com\/www.jojoenherbe.com\/wp-content\/uploads\/2021\/01\/Anika-et-la-sorciere-des-neiges-5-scaled.jpg?fit=676%2C992\" class=\"size-thumbnail wp-image-14951 alignright\" src=\"https:\/\/i0.wp.com\/www.jojoenherbe.com\/wp-content\/uploads\/2021\/01\/Anika-et-la-sorciere-des-neiges-5.jpg?resize=150%2C150\" alt=\"\" width=\"150\" height=\"150\" srcset=\"https:\/\/i0.wp.com\/www.jojoenherbe.com\/wp-content\/uploads\/2021\/01\/Anika-et-la-sorciere-des-neiges-5-scaled.jpg?resize=150%2C150 150w, https:\/\/i0.wp.com\/www.jojoenherbe.com\/wp-content\/uploads\/2021\/01\/Anika-et-la-sorciere-des-neiges-5-scaled.jpg?zoom=2&amp;resize=150%2C150 300w, https:\/\/i0.wp.com\/www.jojoenherbe.com\/wp-content\/uploads\/2021\/01\/Anika-et-la-sorciere-des-neiges-5-scaled.jpg?zoom=3&amp;resize=150%2C150 450w\" sizes=\"auto, (max-width: 150px) 100vw, 150px\" \/><\/a><em>Anika est une petite fille bien courageuse et amie des corbeaux qui lui ont offert une belle robe de plumes. Elle s&rsquo;\u00e9panouit au sein d&rsquo;une famille unie et en harmonie<\/em><em> avec les animaux sauvages, les soignant au besoin en toute simplicit\u00e9 et gentillesse. Elle n&rsquo;h\u00e9site donc pas une seconde pour aider son p\u00e8re dans le sauvetage de sa m\u00e8re. Il est ainsi question d&rsquo;aventure, d&rsquo;amour filial, de respect des animaux et de magie du c\u0153ur. A l&rsquo;instar de la magnifique couverture pleine page, les illustrations sont jolies dans les tons bleut\u00e9s, m\u00eame si parfois j&rsquo;ai trouv\u00e9 bizarres des animaux avec deux yeux de profil au lieu d&rsquo;un seul. Un tr\u00e8s bon moment de lecture avec ce joli conte initiatique hivernal qui rappelle celui d&rsquo;Hans Christian Andersen, <span style=\"text-decoration: underline;\">La Reine des neiges<\/span>, la jeune Gerda partant sauver son ami Kay prisonnier dans le palais de la reine!<\/em><\/p>\n<div id=\"attachment_10219\" style=\"width: 109px\" class=\"wp-caption alignleft\"><img loading=\"lazy\" decoding=\"async\" aria-describedby=\"caption-attachment-10219\" data-attachment-id=\"10219\" data-permalink=\"http:\/\/www.jojoenherbe.com\/index.php\/2020\/03\/02\/au-fil-des-pages-avec-lievre-et-ours-sous-la-neige\/lievre-et-ours-sous-la-neige\/\" data-orig-file=\"https:\/\/i0.wp.com\/www.jojoenherbe.com\/wp-content\/uploads\/2020\/03\/Li%C3%A8vre-et-Ours-sous-la-neige-scaled.jpg?fit=2560%2C1892\" data-orig-size=\"2560,1892\" data-comments-opened=\"1\" data-image-meta=\"{&quot;aperture&quot;:&quot;2.4&quot;,&quot;credit&quot;:&quot;&quot;,&quot;camera&quot;:&quot;iPhone 4S&quot;,&quot;caption&quot;:&quot;&quot;,&quot;created_timestamp&quot;:&quot;1583147305&quot;,&quot;copyright&quot;:&quot;&quot;,&quot;focal_length&quot;:&quot;4.28&quot;,&quot;iso&quot;:&quot;640&quot;,&quot;shutter_speed&quot;:&quot;0.066666666666667&quot;,&quot;title&quot;:&quot;&quot;,&quot;orientation&quot;:&quot;1&quot;}\" data-image-title=\"Li\u00e8vre et Ours, sous la neige\" data-image-description=\"\" data-image-caption=\"\" data-large-file=\"https:\/\/i0.wp.com\/www.jojoenherbe.com\/wp-content\/uploads\/2020\/03\/Li%C3%A8vre-et-Ours-sous-la-neige-scaled.jpg?fit=676%2C500\" class=\"wp-image-10219\" src=\"https:\/\/i2.wp.com\/mapetitemediatheque.fr\/wp-content\/uploads\/2018\/11\/challenge-contes-et-l\u00e9gendes.jpg?resize=131%2C164\" sizes=\"auto, (max-width: 343px) 100vw, 343px\" srcset=\"https:\/\/i2.wp.com\/mapetitemediatheque.fr\/wp-content\/uploads\/2018\/11\/challenge-contes-et-l\u00e9gendes.jpg?resize=131%2C164 343w, http:\/\/mapetitemediatheque.fr\/wp-content\/uploads\/2018\/11\/challenge-contes-et-l\u00e9gendes-239x300.jpg 239w\" alt=\"\" width=\"99\" height=\"124\" aria-describedby=\"caption-attachment-10219\" data-attachment-id=\"10219\" data-permalink=\"http:\/\/www.jojoenherbe.com\/index.php\/2020\/03\/02\/au-fil-des-pages-avec-lievre-et-ours-sous-la-neige\/lievre-et-ours-sous-la-neige\/\" data-orig-file=\"https:\/\/i1.wp.com\/www.jojoenherbe.com\/wp-content\/uploads\/2020\/03\/Li\u00e8vre-et-Ours-sous-la-neige-scaled.jpg?fit=2560%2C1892\" data-orig-size=\"2560,1892\" data-comments-opened=\"1\" data-image-meta=\"{&quot;aperture&quot;:&quot;2.4&quot;,&quot;credit&quot;:&quot;&quot;,&quot;camera&quot;:&quot;iPhone 4S&quot;,&quot;caption&quot;:&quot;&quot;,&quot;created_timestamp&quot;:&quot;1583147305&quot;,&quot;copyright&quot;:&quot;&quot;,&quot;focal_length&quot;:&quot;4.28&quot;,&quot;iso&quot;:&quot;640&quot;,&quot;shutter_speed&quot;:&quot;0.066666666666667&quot;,&quot;title&quot;:&quot;&quot;,&quot;orientation&quot;:&quot;1&quot;}\" data-image-title=\"Li\u00e8vre et Ours, sous la neige\" data-image-description=\"\" data-medium-file=\"https:\/\/i1.wp.com\/www.jojoenherbe.com\/wp-content\/uploads\/2020\/03\/Li\u00e8vre-et-Ours-sous-la-neige-scaled.jpg?fit=300%2C222\" data-large-file=\"https:\/\/i1.wp.com\/www.jojoenherbe.com\/wp-content\/uploads\/2020\/03\/Li\u00e8vre-et-Ours-sous-la-neige-scaled.jpg?fit=676%2C500\" data-recalc-dims=\"1\" \/><p id=\"caption-attachment-10219\" class=\"wp-caption-text\">Participation #2 au Challenge Contes &amp; L\u00e9gendes 2021 de <a href=\"https:\/\/mapetitemediatheque.fr\/2020\/12\/challenge-contes-legendes-2021\/\">Bidib<\/a><\/p><\/div>\n<div style=\"width: 132px\" class=\"wp-caption alignleft\"><img loading=\"lazy\" decoding=\"async\" class=\"\" src=\"https:\/\/lh3.googleusercontent.com\/pw\/ACtC-3eIuIHfDCWnQjrbP_Gttnq9qrZJ0sCLWnTR3GjIOIiC54aYp8f1rKz8fy3EJIYJcUrzUv3KnF-YnYTE-vhMmRU8myeq_V_5OYKPelcJ6I4-bD-P1SjmJYevXt0TGhPCpROfcXeg5SJ_4KvwWeBQfvsOWw=w285-h217-no?authuser=1\" alt=\"\" width=\"122\" height=\"93\" \/><p class=\"wp-caption-text\">Challenge Petit Bac d&rsquo;<a href=\"https:\/\/ennalit.wordpress.com\/2020\/12\/01\/challenge-petit-bac-2021-qui-veut-jouer\/\">Enna<\/a> #2 Cat\u00e9gorie M\u00e9t\u00e9o: \u00ab\u00a0neiges\u00a0\u00bb<\/p><\/div>\n","protected":false},"excerpt":{"rendered":"<p>Nous lisons un de nos derniers emprunts \u00e0 la m\u00e9diath\u00e8que, Anika et la sorci\u00e8re des neiges de Linda Sunderland et Daniel Egn\u00e9us (\u00e9d. Little Urban, 2017), un album jeunesse \u00e0 partir de 3 selon l&rsquo;\u00e9diteur mais plut\u00f4t pour les plus grands, \u00e0 partir de 5 ans. Pendant qu&rsquo;Anika reste au Jardin des neiges avec son [&hellip;]<\/p>\n","protected":false},"author":1,"featured_media":14953,"comment_status":"open","ping_status":"open","sticky":false,"template":"","format":"standard","meta":{"jetpack_post_was_ever_published":false,"_jetpack_newsletter_access":"","_jetpack_dont_email_post_to_subs":false,"_jetpack_newsletter_tier_id":0,"_jetpack_memberships_contains_paywalled_content":false,"_jetpack_memberships_contains_paid_content":false,"footnotes":""},"categories":[363],"tags":[785,409,812,601,2020,2018,245,1104,556,2060,459,997,2061,2062,2063,365,367,1016,775,2059,727,1155,1233,340],"class_list":["post-14945","post","type-post","status-publish","format-standard","has-post-thumbnail","hentry","category-mini-lecteur","tag-3-6-ans","tag-albums-jeunesse","tag-amour-filial","tag-aventure","tag-challenge-contes-et-legendes-2021","tag-challenge-petit-bac-2021","tag-contes","tag-corbeau","tag-dangers","tag-daniel-egneus","tag-famille","tag-froid","tag-gentiane","tag-gentiane-bleue","tag-glacier","tag-hiver","tag-lecture-jeunesse","tag-lectures-dhiver","tag-legendes","tag-linda-sunderland","tag-magie","tag-montagne","tag-renard-polaire","tag-sorciere","post-preview"],"jetpack_featured_media_url":"https:\/\/i0.wp.com\/www.jojoenherbe.com\/wp-content\/uploads\/2021\/01\/Anika-et-la-sorciere-des-neiges-scaled.jpg?fit=2560%2C1908","jetpack_sharing_enabled":true,"jetpack_shortlink":"https:\/\/wp.me\/p9zhGx-3T3","jetpack_likes_enabled":true,"jetpack-related-posts":[{"id":15181,"url":"http:\/\/www.jojoenherbe.com\/index.php\/2021\/01\/18\/au-fil-des-pages-avec-la-reine-des-neiges\/","url_meta":{"origin":14945,"position":0},"title":"Au fil des pages avec La reine des neiges","author":"Jojo","date":"18 janvier 2021","format":false,"excerpt":"Nous empruntons \u00e0 la m\u00e9diath\u00e8que La reine des neiges de Chlo\u00e9 Chauveau et Carine Hinder, d'apr\u00e8s le conte d'Hans Christian Andersen (\u00e9d. Lito, 2016), un album jeunesse \u00e0 partir de 4 ans. Deux jeunes enfants, Gerda et Kay sont voisins et ins\u00e9parables. Mais un jour, Kay devient de plus en\u2026","rel":"","context":"Dans &quot;Mini lecteur&quot;","block_context":{"text":"Mini lecteur","link":"http:\/\/www.jojoenherbe.com\/index.php\/category\/mini-lecteur\/"},"img":{"alt_text":"","src":"https:\/\/i0.wp.com\/www.jojoenherbe.com\/wp-content\/uploads\/2021\/01\/La-reine-des-neiges-scaled.jpg?fit=1200%2C900&resize=350%2C200","width":350,"height":200,"srcset":"https:\/\/i0.wp.com\/www.jojoenherbe.com\/wp-content\/uploads\/2021\/01\/La-reine-des-neiges-scaled.jpg?fit=1200%2C900&resize=350%2C200 1x, https:\/\/i0.wp.com\/www.jojoenherbe.com\/wp-content\/uploads\/2021\/01\/La-reine-des-neiges-scaled.jpg?fit=1200%2C900&resize=525%2C300 1.5x, https:\/\/i0.wp.com\/www.jojoenherbe.com\/wp-content\/uploads\/2021\/01\/La-reine-des-neiges-scaled.jpg?fit=1200%2C900&resize=700%2C400 2x, https:\/\/i0.wp.com\/www.jojoenherbe.com\/wp-content\/uploads\/2021\/01\/La-reine-des-neiges-scaled.jpg?fit=1200%2C900&resize=1050%2C600 3x"},"classes":[]},{"id":10019,"url":"http:\/\/www.jojoenherbe.com\/index.php\/2020\/02\/14\/au-fil-des-pages-avec-cheval-des-neiges\/","url_meta":{"origin":14945,"position":1},"title":"Au fil des pages avec Cheval des neiges","author":"Jojo","date":"14 f\u00e9vrier 2020","format":false,"excerpt":"Nous empruntons \u00e0 la m\u00e9diath\u00e8que Cheval des neiges de Liang Xiong, Na Li et Hong Duan (\u00e9d. du Centenaire - MilleFleurs, 2013), un album jeunesse \u00e0 partir de 3 ans. Un soir o\u00f9 il a beaucoup neig\u00e9, une petite fille attend chez ses grand-parents le retour de ses parents. Mais\u2026","rel":"","context":"Dans &quot;Mini lecteur&quot;","block_context":{"text":"Mini lecteur","link":"http:\/\/www.jojoenherbe.com\/index.php\/category\/mini-lecteur\/"},"img":{"alt_text":"","src":"https:\/\/i0.wp.com\/www.jojoenherbe.com\/wp-content\/uploads\/2020\/02\/Cheval-des-neiges-scaled.jpg?fit=1200%2C1028&resize=350%2C200","width":350,"height":200,"srcset":"https:\/\/i0.wp.com\/www.jojoenherbe.com\/wp-content\/uploads\/2020\/02\/Cheval-des-neiges-scaled.jpg?fit=1200%2C1028&resize=350%2C200 1x, https:\/\/i0.wp.com\/www.jojoenherbe.com\/wp-content\/uploads\/2020\/02\/Cheval-des-neiges-scaled.jpg?fit=1200%2C1028&resize=525%2C300 1.5x, https:\/\/i0.wp.com\/www.jojoenherbe.com\/wp-content\/uploads\/2020\/02\/Cheval-des-neiges-scaled.jpg?fit=1200%2C1028&resize=700%2C400 2x, https:\/\/i0.wp.com\/www.jojoenherbe.com\/wp-content\/uploads\/2020\/02\/Cheval-des-neiges-scaled.jpg?fit=1200%2C1028&resize=1050%2C600 3x"},"classes":[]},{"id":14066,"url":"http:\/\/www.jojoenherbe.com\/index.php\/2021\/10\/04\/au-fil-des-pages-avec-une-soupe-100-sorciere\/","url_meta":{"origin":14945,"position":2},"title":"Au fil des pages avec Une soupe 100% Sorci\u00e8re","author":"Jojo","date":"4 octobre 2021","format":false,"excerpt":"Dans le cadre du Challenge Halloween 2021, nous relisons Une soupe 100% Sorci\u00e8re de Quitterie Simon et Magali Le Huche (\u00e9d. Gl\u00e9nat Jeunesse, 2007, r\u00e9\u00e9d. 2020), un album jeunesse au format \u00e0 l'italienne et \u00e0 partir de 3 ans que nous avions d\u00e9j\u00e0 lu l'ann\u00e9e derni\u00e8re, en toute fin du\u2026","rel":"","context":"Dans &quot;Mini lecteur&quot;","block_context":{"text":"Mini lecteur","link":"http:\/\/www.jojoenherbe.com\/index.php\/category\/mini-lecteur\/"},"img":{"alt_text":"","src":"https:\/\/i0.wp.com\/www.jojoenherbe.com\/wp-content\/uploads\/2021\/10\/Une-soupe-100-Sorciere-scaled.jpg?fit=1200%2C997&resize=350%2C200","width":350,"height":200,"srcset":"https:\/\/i0.wp.com\/www.jojoenherbe.com\/wp-content\/uploads\/2021\/10\/Une-soupe-100-Sorciere-scaled.jpg?fit=1200%2C997&resize=350%2C200 1x, https:\/\/i0.wp.com\/www.jojoenherbe.com\/wp-content\/uploads\/2021\/10\/Une-soupe-100-Sorciere-scaled.jpg?fit=1200%2C997&resize=525%2C300 1.5x, https:\/\/i0.wp.com\/www.jojoenherbe.com\/wp-content\/uploads\/2021\/10\/Une-soupe-100-Sorciere-scaled.jpg?fit=1200%2C997&resize=700%2C400 2x, https:\/\/i0.wp.com\/www.jojoenherbe.com\/wp-content\/uploads\/2021\/10\/Une-soupe-100-Sorciere-scaled.jpg?fit=1200%2C997&resize=1050%2C600 3x"},"classes":[]},{"id":15082,"url":"http:\/\/www.jojoenherbe.com\/index.php\/2021\/01\/15\/au-fil-des-pages-avec-anya-et-tigre-blanc\/","url_meta":{"origin":14945,"position":3},"title":"Au fil des pages avec Anya et Tigre blanc","author":"Jojo","date":"15 janvier 2021","format":false,"excerpt":"J'emprunte \u00e0 la m\u00e9diath\u00e8que Anya et Tigre Blanc de Fred Bernard et Fran\u00e7ois Roca (\u00e9d. Albin Michel Jeunesse, 2015), un album jeunesse tr\u00e8s grand format \u00e0 partir de 8 ans. Au pays du Grand Blanc, dans des temps anciens, apr\u00e8s la naissance du prince h\u00e9ritier du royaume gouvern\u00e9 par un\u2026","rel":"","context":"Dans &quot;Mini lecteur&quot;","block_context":{"text":"Mini lecteur","link":"http:\/\/www.jojoenherbe.com\/index.php\/category\/mini-lecteur\/"},"img":{"alt_text":"","src":"https:\/\/i0.wp.com\/www.jojoenherbe.com\/wp-content\/uploads\/2021\/01\/Anya-et-Tigre-blanc-scaled.jpg?fit=1200%2C900&resize=350%2C200","width":350,"height":200,"srcset":"https:\/\/i0.wp.com\/www.jojoenherbe.com\/wp-content\/uploads\/2021\/01\/Anya-et-Tigre-blanc-scaled.jpg?fit=1200%2C900&resize=350%2C200 1x, https:\/\/i0.wp.com\/www.jojoenherbe.com\/wp-content\/uploads\/2021\/01\/Anya-et-Tigre-blanc-scaled.jpg?fit=1200%2C900&resize=525%2C300 1.5x, https:\/\/i0.wp.com\/www.jojoenherbe.com\/wp-content\/uploads\/2021\/01\/Anya-et-Tigre-blanc-scaled.jpg?fit=1200%2C900&resize=700%2C400 2x, https:\/\/i0.wp.com\/www.jojoenherbe.com\/wp-content\/uploads\/2021\/01\/Anya-et-Tigre-blanc-scaled.jpg?fit=1200%2C900&resize=1050%2C600 3x"},"classes":[]},{"id":17960,"url":"http:\/\/www.jojoenherbe.com\/index.php\/2021\/04\/28\/nos-lectures-hansel-et-gretel\/","url_meta":{"origin":14945,"position":4},"title":"Nos lectures \u00ab\u00a0H\u00e4nsel et Gretel\u00a0\u00bb","author":"Jojo","date":"28 avril 2021","format":false,"excerpt":"Je continue de compiler les contes traditionnels que nous lisons. Cette fois, il s'agit de diff\u00e9rentes versions de H\u00e4nsel et Gretel. Ce conte traditionnel est paru pour la premi\u00e8re fois dans Les Contes de l'enfance et du foyer des Fr\u00e8res Grimm, en 1812. Les Fr\u00e8res Grimm ont eu m\u00eame modifi\u00e9,\u2026","rel":"","context":"Dans &quot;Mini lecteur&quot;","block_context":{"text":"Mini lecteur","link":"http:\/\/www.jojoenherbe.com\/index.php\/category\/mini-lecteur\/"},"img":{"alt_text":"","src":"https:\/\/i0.wp.com\/www.jojoenherbe.com\/wp-content\/uploads\/2021\/04\/Nos-lectures-Hansel-et-Gretel-scaled.jpg?fit=1200%2C900&resize=350%2C200","width":350,"height":200,"srcset":"https:\/\/i0.wp.com\/www.jojoenherbe.com\/wp-content\/uploads\/2021\/04\/Nos-lectures-Hansel-et-Gretel-scaled.jpg?fit=1200%2C900&resize=350%2C200 1x, https:\/\/i0.wp.com\/www.jojoenherbe.com\/wp-content\/uploads\/2021\/04\/Nos-lectures-Hansel-et-Gretel-scaled.jpg?fit=1200%2C900&resize=525%2C300 1.5x, https:\/\/i0.wp.com\/www.jojoenherbe.com\/wp-content\/uploads\/2021\/04\/Nos-lectures-Hansel-et-Gretel-scaled.jpg?fit=1200%2C900&resize=700%2C400 2x, https:\/\/i0.wp.com\/www.jojoenherbe.com\/wp-content\/uploads\/2021\/04\/Nos-lectures-Hansel-et-Gretel-scaled.jpg?fit=1200%2C900&resize=1050%2C600 3x"},"classes":[]},{"id":13360,"url":"http:\/\/www.jojoenherbe.com\/index.php\/2020\/10\/28\/au-fil-des-pages-avec-les-lettres-de-mortimer-ma-sorciere-mexaspere\/","url_meta":{"origin":14945,"position":5},"title":"Au fil des pages avec Les lettres de Mortimer: Ma sorci\u00e8re m&rsquo;exasp\u00e8re!","author":"Jojo","date":"28 octobre 2020","format":false,"excerpt":"J'emprunte \u00e0 la m\u00e9diath\u00e8que Les lettres de Mortimer: Ma sorci\u00e8re m'exasp\u00e8re! d'Hiawyn Oram et Sarah Warburton (\u00e9d. Gr\u00fcnd, 2009), un album jeunesse \u00e0 rabats \u00e0 partir de 5 ans. D'ailleurs pour la petite histoire, je suis tomb\u00e9e par hasard sur cet album jeunesse dans un rayon de\u00a0 la m\u00e9diath\u00e8que en\u2026","rel":"","context":"Dans &quot;Mini lecteur&quot;","block_context":{"text":"Mini lecteur","link":"http:\/\/www.jojoenherbe.com\/index.php\/category\/mini-lecteur\/"},"img":{"alt_text":"","src":"https:\/\/i0.wp.com\/www.jojoenherbe.com\/wp-content\/uploads\/2020\/10\/Les-lettres-de-Mortimer-scaled.jpg?fit=1200%2C900&resize=350%2C200","width":350,"height":200,"srcset":"https:\/\/i0.wp.com\/www.jojoenherbe.com\/wp-content\/uploads\/2020\/10\/Les-lettres-de-Mortimer-scaled.jpg?fit=1200%2C900&resize=350%2C200 1x, https:\/\/i0.wp.com\/www.jojoenherbe.com\/wp-content\/uploads\/2020\/10\/Les-lettres-de-Mortimer-scaled.jpg?fit=1200%2C900&resize=525%2C300 1.5x, https:\/\/i0.wp.com\/www.jojoenherbe.com\/wp-content\/uploads\/2020\/10\/Les-lettres-de-Mortimer-scaled.jpg?fit=1200%2C900&resize=700%2C400 2x, https:\/\/i0.wp.com\/www.jojoenherbe.com\/wp-content\/uploads\/2020\/10\/Les-lettres-de-Mortimer-scaled.jpg?fit=1200%2C900&resize=1050%2C600 3x"},"classes":[]}],"_links":{"self":[{"href":"http:\/\/www.jojoenherbe.com\/index.php\/wp-json\/wp\/v2\/posts\/14945","targetHints":{"allow":["GET"]}}],"collection":[{"href":"http:\/\/www.jojoenherbe.com\/index.php\/wp-json\/wp\/v2\/posts"}],"about":[{"href":"http:\/\/www.jojoenherbe.com\/index.php\/wp-json\/wp\/v2\/types\/post"}],"author":[{"embeddable":true,"href":"http:\/\/www.jojoenherbe.com\/index.php\/wp-json\/wp\/v2\/users\/1"}],"replies":[{"embeddable":true,"href":"http:\/\/www.jojoenherbe.com\/index.php\/wp-json\/wp\/v2\/comments?post=14945"}],"version-history":[{"count":1,"href":"http:\/\/www.jojoenherbe.com\/index.php\/wp-json\/wp\/v2\/posts\/14945\/revisions"}],"predecessor-version":[{"id":29230,"href":"http:\/\/www.jojoenherbe.com\/index.php\/wp-json\/wp\/v2\/posts\/14945\/revisions\/29230"}],"wp:featuredmedia":[{"embeddable":true,"href":"http:\/\/www.jojoenherbe.com\/index.php\/wp-json\/wp\/v2\/media\/14953"}],"wp:attachment":[{"href":"http:\/\/www.jojoenherbe.com\/index.php\/wp-json\/wp\/v2\/media?parent=14945"}],"wp:term":[{"taxonomy":"category","embeddable":true,"href":"http:\/\/www.jojoenherbe.com\/index.php\/wp-json\/wp\/v2\/categories?post=14945"},{"taxonomy":"post_tag","embeddable":true,"href":"http:\/\/www.jojoenherbe.com\/index.php\/wp-json\/wp\/v2\/tags?post=14945"}],"curies":[{"name":"wp","href":"https:\/\/api.w.org\/{rel}","templated":true}]}}