{"id":14804,"date":"2021-01-04T22:05:45","date_gmt":"2021-01-04T21:05:45","guid":{"rendered":"http:\/\/www.jojoenherbe.com\/?p=14804"},"modified":"2021-01-05T10:35:32","modified_gmt":"2021-01-05T09:35:32","slug":"au-fil-des-pages-avec-premiere-neige","status":"publish","type":"post","link":"http:\/\/www.jojoenherbe.com\/index.php\/2021\/01\/04\/au-fil-des-pages-avec-premiere-neige\/","title":{"rendered":"Au fil des pages avec Premi\u00e8re neige"},"content":{"rendered":"<p style=\"text-align: justify;\"><em><a href=\"https:\/\/i0.wp.com\/www.jojoenherbe.com\/wp-content\/uploads\/2021\/01\/Premiere-neige-3-scaled.jpg\"><img data-recalc-dims=\"1\" loading=\"lazy\" decoding=\"async\" data-attachment-id=\"14823\" data-permalink=\"http:\/\/www.jojoenherbe.com\/index.php\/2021\/01\/04\/au-fil-des-pages-avec-premiere-neige\/premiere-neige-3\/\" data-orig-file=\"https:\/\/i0.wp.com\/www.jojoenherbe.com\/wp-content\/uploads\/2021\/01\/Premiere-neige-3-scaled.jpg?fit=2560%2C1697\" data-orig-size=\"2560,1697\" data-comments-opened=\"1\" data-image-meta=\"{&quot;aperture&quot;:&quot;1.8&quot;,&quot;credit&quot;:&quot;&quot;,&quot;camera&quot;:&quot;iPhone 7&quot;,&quot;caption&quot;:&quot;&quot;,&quot;created_timestamp&quot;:&quot;1609409752&quot;,&quot;copyright&quot;:&quot;&quot;,&quot;focal_length&quot;:&quot;3.99&quot;,&quot;iso&quot;:&quot;100&quot;,&quot;shutter_speed&quot;:&quot;0.11111111111111&quot;,&quot;title&quot;:&quot;&quot;,&quot;orientation&quot;:&quot;1&quot;}\" data-image-title=\"Premi\u00e8re neige 3\" data-image-description=\"\" data-image-caption=\"\" data-large-file=\"https:\/\/i0.wp.com\/www.jojoenherbe.com\/wp-content\/uploads\/2021\/01\/Premiere-neige-3-scaled.jpg?fit=676%2C448\" class=\"alignleft size-thumbnail wp-image-14823\" src=\"https:\/\/i0.wp.com\/www.jojoenherbe.com\/wp-content\/uploads\/2021\/01\/Premiere-neige-3.jpg?resize=150%2C150\" alt=\"\" width=\"150\" height=\"150\" srcset=\"https:\/\/i0.wp.com\/www.jojoenherbe.com\/wp-content\/uploads\/2021\/01\/Premiere-neige-3-scaled.jpg?resize=150%2C150 150w, https:\/\/i0.wp.com\/www.jojoenherbe.com\/wp-content\/uploads\/2021\/01\/Premiere-neige-3-scaled.jpg?zoom=2&amp;resize=150%2C150 300w, https:\/\/i0.wp.com\/www.jojoenherbe.com\/wp-content\/uploads\/2021\/01\/Premiere-neige-3-scaled.jpg?zoom=3&amp;resize=150%2C150 450w\" sizes=\"auto, (max-width: 150px) 100vw, 150px\" \/><\/a><a href=\"https:\/\/i0.wp.com\/www.jojoenherbe.com\/wp-content\/uploads\/2021\/01\/Premiere-neige-2-scaled.jpg\"><img data-recalc-dims=\"1\" loading=\"lazy\" decoding=\"async\" data-attachment-id=\"14746\" data-permalink=\"http:\/\/www.jojoenherbe.com\/index.php\/2021\/01\/02\/un-second-rat-post-noel-2020\/premiere-neige-2\/\" data-orig-file=\"https:\/\/i0.wp.com\/www.jojoenherbe.com\/wp-content\/uploads\/2021\/01\/Premiere-neige-2-scaled.jpg?fit=2560%2C1920\" data-orig-size=\"2560,1920\" data-comments-opened=\"1\" data-image-meta=\"{&quot;aperture&quot;:&quot;1.8&quot;,&quot;credit&quot;:&quot;&quot;,&quot;camera&quot;:&quot;iPhone 7&quot;,&quot;caption&quot;:&quot;&quot;,&quot;created_timestamp&quot;:&quot;1609409761&quot;,&quot;copyright&quot;:&quot;&quot;,&quot;focal_length&quot;:&quot;3.99&quot;,&quot;iso&quot;:&quot;100&quot;,&quot;shutter_speed&quot;:&quot;0.11111111111111&quot;,&quot;title&quot;:&quot;&quot;,&quot;orientation&quot;:&quot;1&quot;}\" data-image-title=\"Premi\u00e8re neige 2\" data-image-description=\"\" data-image-caption=\"\" data-large-file=\"https:\/\/i0.wp.com\/www.jojoenherbe.com\/wp-content\/uploads\/2021\/01\/Premiere-neige-2-scaled.jpg?fit=676%2C507\" class=\"alignleft size-thumbnail wp-image-14746\" src=\"https:\/\/i0.wp.com\/www.jojoenherbe.com\/wp-content\/uploads\/2021\/01\/Premiere-neige-2.jpg?resize=150%2C150\" alt=\"\" width=\"150\" height=\"150\" srcset=\"https:\/\/i0.wp.com\/www.jojoenherbe.com\/wp-content\/uploads\/2021\/01\/Premiere-neige-2-scaled.jpg?resize=150%2C150 150w, https:\/\/i0.wp.com\/www.jojoenherbe.com\/wp-content\/uploads\/2021\/01\/Premiere-neige-2-scaled.jpg?zoom=2&amp;resize=150%2C150 300w, https:\/\/i0.wp.com\/www.jojoenherbe.com\/wp-content\/uploads\/2021\/01\/Premiere-neige-2-scaled.jpg?zoom=3&amp;resize=150%2C150 450w\" sizes=\"auto, (max-width: 150px) 100vw, 150px\" \/><\/a> Nous empruntons \u00e0 la m\u00e9diath\u00e8que <span style=\"text-decoration: underline;\">Premi\u00e8re neige<\/span> de Bomi Park (\u00e9d. Sarbacane, 2017), un album jeunesse \u00e0 partir de 3 ans. En pleine nuit, une petite fille se r\u00e9veille alors qu&rsquo;il neige dehors. \u00c9merveill\u00e9e par ces premiers flocons de neige, elle s&rsquo;habille et sort sous la neige. Elle commence alors \u00e0 rouler une boule de neige, suivie par un jeune chiot. <\/em><em>Elle semble aller bien loin, rencontrant en chemin des animaux de la for\u00eat et m\u00eame d&rsquo;autres enfants tout aussi ravis qu&rsquo;elle.<br \/>\n<\/em><\/p>\n<p style=\"text-align: justify;\"><em><a href=\"https:\/\/i0.wp.com\/www.jojoenherbe.com\/wp-content\/uploads\/2021\/01\/Premiere-neige-5-scaled.jpg\"><img data-recalc-dims=\"1\" loading=\"lazy\" decoding=\"async\" data-attachment-id=\"14825\" data-permalink=\"http:\/\/www.jojoenherbe.com\/index.php\/2021\/01\/04\/au-fil-des-pages-avec-premiere-neige\/premiere-neige-5\/\" data-orig-file=\"https:\/\/i0.wp.com\/www.jojoenherbe.com\/wp-content\/uploads\/2021\/01\/Premiere-neige-5-scaled.jpg?fit=2560%2C1671\" data-orig-size=\"2560,1671\" data-comments-opened=\"1\" data-image-meta=\"{&quot;aperture&quot;:&quot;1.8&quot;,&quot;credit&quot;:&quot;&quot;,&quot;camera&quot;:&quot;iPhone 7&quot;,&quot;caption&quot;:&quot;&quot;,&quot;created_timestamp&quot;:&quot;1609409969&quot;,&quot;copyright&quot;:&quot;&quot;,&quot;focal_length&quot;:&quot;3.99&quot;,&quot;iso&quot;:&quot;100&quot;,&quot;shutter_speed&quot;:&quot;0.076923076923077&quot;,&quot;title&quot;:&quot;&quot;,&quot;orientation&quot;:&quot;1&quot;}\" data-image-title=\"Premi\u00e8re neige 5\" data-image-description=\"\" data-image-caption=\"\" data-large-file=\"https:\/\/i0.wp.com\/www.jojoenherbe.com\/wp-content\/uploads\/2021\/01\/Premiere-neige-5-scaled.jpg?fit=676%2C441\" class=\"size-thumbnail wp-image-14825 alignright\" src=\"https:\/\/i0.wp.com\/www.jojoenherbe.com\/wp-content\/uploads\/2021\/01\/Premiere-neige-5.jpg?resize=150%2C150\" alt=\"\" width=\"150\" height=\"150\" srcset=\"https:\/\/i0.wp.com\/www.jojoenherbe.com\/wp-content\/uploads\/2021\/01\/Premiere-neige-5-scaled.jpg?resize=150%2C150 150w, https:\/\/i0.wp.com\/www.jojoenherbe.com\/wp-content\/uploads\/2021\/01\/Premiere-neige-5-scaled.jpg?zoom=2&amp;resize=150%2C150 300w, https:\/\/i0.wp.com\/www.jojoenherbe.com\/wp-content\/uploads\/2021\/01\/Premiere-neige-5-scaled.jpg?zoom=3&amp;resize=150%2C150 450w\" sizes=\"auto, (max-width: 150px) 100vw, 150px\" \/><\/a> <a href=\"https:\/\/i0.wp.com\/www.jojoenherbe.com\/wp-content\/uploads\/2021\/01\/Premiere-neige-4-scaled.jpg\"><img data-recalc-dims=\"1\" loading=\"lazy\" decoding=\"async\" data-attachment-id=\"14824\" data-permalink=\"http:\/\/www.jojoenherbe.com\/index.php\/2021\/01\/04\/au-fil-des-pages-avec-premiere-neige\/premiere-neige-4\/\" data-orig-file=\"https:\/\/i0.wp.com\/www.jojoenherbe.com\/wp-content\/uploads\/2021\/01\/Premiere-neige-4-scaled.jpg?fit=2560%2C1731\" data-orig-size=\"2560,1731\" data-comments-opened=\"1\" data-image-meta=\"{&quot;aperture&quot;:&quot;1.8&quot;,&quot;credit&quot;:&quot;&quot;,&quot;camera&quot;:&quot;iPhone 7&quot;,&quot;caption&quot;:&quot;&quot;,&quot;created_timestamp&quot;:&quot;1609409991&quot;,&quot;copyright&quot;:&quot;&quot;,&quot;focal_length&quot;:&quot;3.99&quot;,&quot;iso&quot;:&quot;100&quot;,&quot;shutter_speed&quot;:&quot;0.090909090909091&quot;,&quot;title&quot;:&quot;&quot;,&quot;orientation&quot;:&quot;1&quot;}\" data-image-title=\"Premi\u00e8re neige 4\" data-image-description=\"\" data-image-caption=\"\" data-large-file=\"https:\/\/i0.wp.com\/www.jojoenherbe.com\/wp-content\/uploads\/2021\/01\/Premiere-neige-4-scaled.jpg?fit=676%2C457\" class=\"size-thumbnail wp-image-14824 alignright\" src=\"https:\/\/i0.wp.com\/www.jojoenherbe.com\/wp-content\/uploads\/2021\/01\/Premiere-neige-4.jpg?resize=150%2C150\" alt=\"\" width=\"150\" height=\"150\" srcset=\"https:\/\/i0.wp.com\/www.jojoenherbe.com\/wp-content\/uploads\/2021\/01\/Premiere-neige-4-scaled.jpg?resize=150%2C150 150w, https:\/\/i0.wp.com\/www.jojoenherbe.com\/wp-content\/uploads\/2021\/01\/Premiere-neige-4-scaled.jpg?zoom=2&amp;resize=150%2C150 300w, https:\/\/i0.wp.com\/www.jojoenherbe.com\/wp-content\/uploads\/2021\/01\/Premiere-neige-4-scaled.jpg?zoom=3&amp;resize=150%2C150 450w\" sizes=\"auto, (max-width: 150px) 100vw, 150px\" \/><\/a>Les illustrations sont magnifiques, en noir et blanc avec quelques touches de rouge. Au fil des pages, le blanc domine de plus en plus, \u00e0 l&rsquo;instar des pages de garde. Cela m&rsquo;a d&rsquo;ailleurs rappel\u00e9 des albums jeunesse de Komako Saka\u00ef. La chute de l&rsquo;histoire fait la part belle \u00e0 l&rsquo;imagination d\u00e9bordante que les enfants peuvent avoir dans leurs jeux, comme ici cette petite fille qui fabrique un bonhomme de neige, et invite \u00e0 une seconde lecture. Coup de c\u0153ur pour cette <\/em><em>belle histoire douce et po\u00e9tique avec une petite fille qui d\u00e9couvre pour la premi\u00e8re fois la neige!<br \/>\n<\/em><\/p>\n<div style=\"width: 186px\" class=\"wp-caption aligncenter\"><img loading=\"lazy\" decoding=\"async\" src=\"https:\/\/lh3.googleusercontent.com\/pw\/ACtC-3eIuIHfDCWnQjrbP_Gttnq9qrZJ0sCLWnTR3GjIOIiC54aYp8f1rKz8fy3EJIYJcUrzUv3KnF-YnYTE-vhMmRU8myeq_V_5OYKPelcJ6I4-bD-P1SjmJYevXt0TGhPCpROfcXeg5SJ_4KvwWeBQfvsOWw=w285-h217-no?authuser=1\" alt=\"\" width=\"176\" height=\"134\" \/><p class=\"wp-caption-text\">Challenge Petit Bac d&rsquo;<a href=\"https:\/\/ennalit.wordpress.com\/2020\/12\/01\/challenge-petit-bac-2021-qui-veut-jouer\/\">Enna<\/a> #1 Cat\u00e9gorie M\u00e9t\u00e9o: \u00ab\u00a0Neige\u00a0\u00bb<\/p><\/div>\n","protected":false},"excerpt":{"rendered":"<p>Nous empruntons \u00e0 la m\u00e9diath\u00e8que Premi\u00e8re neige de Bomi Park (\u00e9d. Sarbacane, 2017), un album jeunesse \u00e0 partir de 3 ans. En pleine nuit, une petite fille se r\u00e9veille alors qu&rsquo;il neige dehors. \u00c9merveill\u00e9e par ces premiers flocons de neige, elle s&rsquo;habille et sort sous la neige. Elle commence alors \u00e0 rouler une boule de [&hellip;]<\/p>\n","protected":false},"author":1,"featured_media":14747,"comment_status":"open","ping_status":"open","sticky":false,"template":"","format":"standard","meta":{"jetpack_post_was_ever_published":false,"_jetpack_newsletter_access":"","_jetpack_dont_email_post_to_subs":false,"_jetpack_newsletter_tier_id":0,"_jetpack_memberships_contains_paywalled_content":false,"_jetpack_memberships_contains_paid_content":false,"footnotes":""},"categories":[363],"tags":[785,2042,148,2018,563,1174,365,602,452,1016,369,429,1258,956],"class_list":["post-14804","post","type-post","status-publish","format-standard","has-post-thumbnail","hentry","category-mini-lecteur","tag-3-6-ans","tag-bomi-park","tag-bonhomme-de-neige","tag-challenge-petit-bac-2021","tag-chien","tag-flocon-de-neige","tag-hiver","tag-imaginaire","tag-jeux-denfants","tag-lectures-dhiver","tag-neige","tag-nuit","tag-petite-enfance","tag-petite-fille","post-preview"],"jetpack_featured_media_url":"https:\/\/i0.wp.com\/www.jojoenherbe.com\/wp-content\/uploads\/2021\/01\/Premiere-neige-scaled.jpg?fit=2560%2C1822","jetpack_sharing_enabled":true,"jetpack_shortlink":"https:\/\/wp.me\/p9zhGx-3QM","jetpack_likes_enabled":true,"jetpack-related-posts":[{"id":38177,"url":"http:\/\/www.jojoenherbe.com\/index.php\/2025\/01\/24\/au-fil-des-pages-avec-quelque-part-dans-la-neige\/","url_meta":{"origin":14804,"position":0},"title":"Au fil des pages avec Quelque part dans la neige","author":"Jojo","date":"24 janvier 2025","format":false,"excerpt":"Nous avons relu Quelque part dans la neige de Linde Faas (\u00e9d. Kal\u00e9idoscope, diff. L'\u00e9cole des loisirs, d\u00e9cembre 2023, 36 pages), un album jeunesse grand format \u00e0 partir de 3 ans qui se d\u00e9roule pendant No\u00ebl. Alors que la plupart des gens sont en pleins pr\u00e9paratifs de No\u00ebl, ce n'est\u2026","rel":"","context":"Dans &quot;Mini lecteur&quot;","block_context":{"text":"Mini lecteur","link":"http:\/\/www.jojoenherbe.com\/index.php\/category\/mini-lecteur\/"},"img":{"alt_text":"","src":"https:\/\/i0.wp.com\/www.jojoenherbe.com\/wp-content\/uploads\/2025\/01\/Quelque-part-dans-la-neige-2-scaled.jpg?fit=1200%2C1040&resize=350%2C200","width":350,"height":200,"srcset":"https:\/\/i0.wp.com\/www.jojoenherbe.com\/wp-content\/uploads\/2025\/01\/Quelque-part-dans-la-neige-2-scaled.jpg?fit=1200%2C1040&resize=350%2C200 1x, https:\/\/i0.wp.com\/www.jojoenherbe.com\/wp-content\/uploads\/2025\/01\/Quelque-part-dans-la-neige-2-scaled.jpg?fit=1200%2C1040&resize=525%2C300 1.5x, https:\/\/i0.wp.com\/www.jojoenherbe.com\/wp-content\/uploads\/2025\/01\/Quelque-part-dans-la-neige-2-scaled.jpg?fit=1200%2C1040&resize=700%2C400 2x, https:\/\/i0.wp.com\/www.jojoenherbe.com\/wp-content\/uploads\/2025\/01\/Quelque-part-dans-la-neige-2-scaled.jpg?fit=1200%2C1040&resize=1050%2C600 3x"},"classes":[]},{"id":29647,"url":"http:\/\/www.jojoenherbe.com\/index.php\/2023\/02\/07\/au-fil-des-pages-avec-lecureuil-et-la-premiere-neige\/","url_meta":{"origin":14804,"position":1},"title":"Au fil des pages avec L&rsquo;\u00e9cureuil et la premi\u00e8re neige","author":"Jojo","date":"7 f\u00e9vrier 2023","format":false,"excerpt":"Apr\u00e8s avoir lu l'ann\u00e9e derni\u00e8re L\u2019\u00e9cureuil et la lune, nous avons lu en janvier L'\u00e9cureuil et la premi\u00e8re neige de Sebastian Meschenmoser (\u00e9d. Minedition, 2009), un album jeunesse \u00e0 partir de 3\/4 ans et joliment illustr\u00e9. Dans cette histoire, l'\u00e9cureuil est bien d\u00e9cid\u00e9 \u00e0 retarder l'heure d'hiberner et a h\u00e2te\u2026","rel":"","context":"Dans &quot;Mini lecteur&quot;","block_context":{"text":"Mini lecteur","link":"http:\/\/www.jojoenherbe.com\/index.php\/category\/mini-lecteur\/"},"img":{"alt_text":"","src":"https:\/\/i0.wp.com\/www.jojoenherbe.com\/wp-content\/uploads\/2023\/01\/Lecureuil-et-la-premiere-neige-scaled.jpg?fit=1200%2C1047&resize=350%2C200","width":350,"height":200,"srcset":"https:\/\/i0.wp.com\/www.jojoenherbe.com\/wp-content\/uploads\/2023\/01\/Lecureuil-et-la-premiere-neige-scaled.jpg?fit=1200%2C1047&resize=350%2C200 1x, https:\/\/i0.wp.com\/www.jojoenherbe.com\/wp-content\/uploads\/2023\/01\/Lecureuil-et-la-premiere-neige-scaled.jpg?fit=1200%2C1047&resize=525%2C300 1.5x, https:\/\/i0.wp.com\/www.jojoenherbe.com\/wp-content\/uploads\/2023\/01\/Lecureuil-et-la-premiere-neige-scaled.jpg?fit=1200%2C1047&resize=700%2C400 2x, https:\/\/i0.wp.com\/www.jojoenherbe.com\/wp-content\/uploads\/2023\/01\/Lecureuil-et-la-premiere-neige-scaled.jpg?fit=1200%2C1047&resize=1050%2C600 3x"},"classes":[]},{"id":9867,"url":"http:\/\/www.jojoenherbe.com\/index.php\/2020\/01\/30\/au-fil-des-pages-avec-le-lapin-de-neige\/","url_meta":{"origin":14804,"position":2},"title":"Au fil des pages avec Le lapin de neige","author":"Jojo","date":"30 janvier 2020","format":false,"excerpt":"Nous empruntons \u00e0 la biblioth\u00e8que Le lapin de neige de Camille Garoche (\u00e9d. Casterman, coll. Les Albums, 2016), un album jeunesse sans textes \u00e0 partir de 4 ans. Un jour de neige, une petite fille sort dehors pour fa\u00e7onner avec de la neige un lapin pendant que sa s\u0153ur reste\u2026","rel":"","context":"Dans &quot;Mini lecteur&quot;","block_context":{"text":"Mini lecteur","link":"http:\/\/www.jojoenherbe.com\/index.php\/category\/mini-lecteur\/"},"img":{"alt_text":"","src":"https:\/\/i0.wp.com\/www.jojoenherbe.com\/wp-content\/uploads\/2020\/01\/Le-lapin-de-neige-scaled.jpg?fit=1200%2C963&resize=350%2C200","width":350,"height":200,"srcset":"https:\/\/i0.wp.com\/www.jojoenherbe.com\/wp-content\/uploads\/2020\/01\/Le-lapin-de-neige-scaled.jpg?fit=1200%2C963&resize=350%2C200 1x, https:\/\/i0.wp.com\/www.jojoenherbe.com\/wp-content\/uploads\/2020\/01\/Le-lapin-de-neige-scaled.jpg?fit=1200%2C963&resize=525%2C300 1.5x, https:\/\/i0.wp.com\/www.jojoenherbe.com\/wp-content\/uploads\/2020\/01\/Le-lapin-de-neige-scaled.jpg?fit=1200%2C963&resize=700%2C400 2x, https:\/\/i0.wp.com\/www.jojoenherbe.com\/wp-content\/uploads\/2020\/01\/Le-lapin-de-neige-scaled.jpg?fit=1200%2C963&resize=1050%2C600 3x"},"classes":[]},{"id":14897,"url":"http:\/\/www.jojoenherbe.com\/index.php\/2021\/01\/07\/nos-lectures-hivernales-2021\/","url_meta":{"origin":14804,"position":3},"title":"Nos lectures hivernales 2021","author":"Jojo","date":"7 janvier 2021","format":false,"excerpt":"Comme je l'avais fait pour l'automne dernier, je souhaite \u00e9galement regrouper sous un m\u00eame billet nos lectures hivernales commenc\u00e9es en d\u00e9cembre 2020. Ce billet sera ainsi actualis\u00e9 tout au long de cet hiver au gr\u00e9 de nos lectures sur ce th\u00e8me. Je ne reprends toutefois pas nos relectures de livres\u2026","rel":"","context":"Dans &quot;Mini lecteur&quot;","block_context":{"text":"Mini lecteur","link":"http:\/\/www.jojoenherbe.com\/index.php\/category\/mini-lecteur\/"},"img":{"alt_text":"","src":"https:\/\/i0.wp.com\/www.jojoenherbe.com\/wp-content\/uploads\/2021\/01\/Selection-Hiver-scaled.jpg?fit=1200%2C765&resize=350%2C200","width":350,"height":200,"srcset":"https:\/\/i0.wp.com\/www.jojoenherbe.com\/wp-content\/uploads\/2021\/01\/Selection-Hiver-scaled.jpg?fit=1200%2C765&resize=350%2C200 1x, https:\/\/i0.wp.com\/www.jojoenherbe.com\/wp-content\/uploads\/2021\/01\/Selection-Hiver-scaled.jpg?fit=1200%2C765&resize=525%2C300 1.5x, https:\/\/i0.wp.com\/www.jojoenherbe.com\/wp-content\/uploads\/2021\/01\/Selection-Hiver-scaled.jpg?fit=1200%2C765&resize=700%2C400 2x, https:\/\/i0.wp.com\/www.jojoenherbe.com\/wp-content\/uploads\/2021\/01\/Selection-Hiver-scaled.jpg?fit=1200%2C765&resize=1050%2C600 3x"},"classes":[]},{"id":22999,"url":"http:\/\/www.jojoenherbe.com\/index.php\/2021\/12\/20\/au-fil-des-pages-avec-reve-de-neige\/","url_meta":{"origin":14804,"position":4},"title":"Au fil des pages avec R\u00eave de neige","author":"Jojo","date":"20 d\u00e9cembre 2021","format":false,"excerpt":"D\u00e9couvert \u00e0 l\u2019ouverture de la case 8 de notre calendrier de No\u00ebl, nous lisons et relisons depuis R\u00eave de neige de Sibylle Delacroix (\u00e9d. Bayard Jeunesse, 2021), un album \u00e0 partir de 3 ans et dans lequel nous retrouvons avec plaisir les deux enfants de Graines de sable (une histoire\u2026","rel":"","context":"Dans &quot;Mini lecteur&quot;","block_context":{"text":"Mini lecteur","link":"http:\/\/www.jojoenherbe.com\/index.php\/category\/mini-lecteur\/"},"img":{"alt_text":"","src":"https:\/\/i0.wp.com\/www.jojoenherbe.com\/wp-content\/uploads\/2021\/12\/Reve-de-neige-2-2-scaled.jpg?fit=1200%2C862&resize=350%2C200","width":350,"height":200,"srcset":"https:\/\/i0.wp.com\/www.jojoenherbe.com\/wp-content\/uploads\/2021\/12\/Reve-de-neige-2-2-scaled.jpg?fit=1200%2C862&resize=350%2C200 1x, https:\/\/i0.wp.com\/www.jojoenherbe.com\/wp-content\/uploads\/2021\/12\/Reve-de-neige-2-2-scaled.jpg?fit=1200%2C862&resize=525%2C300 1.5x, https:\/\/i0.wp.com\/www.jojoenherbe.com\/wp-content\/uploads\/2021\/12\/Reve-de-neige-2-2-scaled.jpg?fit=1200%2C862&resize=700%2C400 2x, https:\/\/i0.wp.com\/www.jojoenherbe.com\/wp-content\/uploads\/2021\/12\/Reve-de-neige-2-2-scaled.jpg?fit=1200%2C862&resize=1050%2C600 3x"},"classes":[]},{"id":12256,"url":"http:\/\/www.jojoenherbe.com\/index.php\/2020\/09\/14\/au-fil-des-pages-avec-blanche-neige-2\/","url_meta":{"origin":14804,"position":5},"title":"Au fil des pages avec Blanche-Neige","author":"Jojo","date":"14 septembre 2020","format":false,"excerpt":"J'emprunte \u00e0 la m\u00e9diath\u00e8que Blanche-Neige illustr\u00e9 par Mayalen Goust, d'apr\u00e8s les Fr\u00e8res Grimm (\u00e9d. Flammarion Jeunesse, coll. P\u00e8re Castor, 2009), un album jeunesse en petit format souple \u00e0 partir de 3 ans selon l'\u00e9diteur. Le texte reprend celui, parfois cruel, des Fr\u00e8res Grimm avec les diff\u00e9rentes tentatives sous fond de\u2026","rel":"","context":"Dans &quot;Mini lecteur&quot;","block_context":{"text":"Mini lecteur","link":"http:\/\/www.jojoenherbe.com\/index.php\/category\/mini-lecteur\/"},"img":{"alt_text":"","src":"https:\/\/i0.wp.com\/www.jojoenherbe.com\/wp-content\/uploads\/2020\/09\/Blanche-Neige-scaled.jpg?fit=1200%2C900&resize=350%2C200","width":350,"height":200,"srcset":"https:\/\/i0.wp.com\/www.jojoenherbe.com\/wp-content\/uploads\/2020\/09\/Blanche-Neige-scaled.jpg?fit=1200%2C900&resize=350%2C200 1x, https:\/\/i0.wp.com\/www.jojoenherbe.com\/wp-content\/uploads\/2020\/09\/Blanche-Neige-scaled.jpg?fit=1200%2C900&resize=525%2C300 1.5x, https:\/\/i0.wp.com\/www.jojoenherbe.com\/wp-content\/uploads\/2020\/09\/Blanche-Neige-scaled.jpg?fit=1200%2C900&resize=700%2C400 2x, https:\/\/i0.wp.com\/www.jojoenherbe.com\/wp-content\/uploads\/2020\/09\/Blanche-Neige-scaled.jpg?fit=1200%2C900&resize=1050%2C600 3x"},"classes":[]}],"_links":{"self":[{"href":"http:\/\/www.jojoenherbe.com\/index.php\/wp-json\/wp\/v2\/posts\/14804","targetHints":{"allow":["GET"]}}],"collection":[{"href":"http:\/\/www.jojoenherbe.com\/index.php\/wp-json\/wp\/v2\/posts"}],"about":[{"href":"http:\/\/www.jojoenherbe.com\/index.php\/wp-json\/wp\/v2\/types\/post"}],"author":[{"embeddable":true,"href":"http:\/\/www.jojoenherbe.com\/index.php\/wp-json\/wp\/v2\/users\/1"}],"replies":[{"embeddable":true,"href":"http:\/\/www.jojoenherbe.com\/index.php\/wp-json\/wp\/v2\/comments?post=14804"}],"version-history":[{"count":0,"href":"http:\/\/www.jojoenherbe.com\/index.php\/wp-json\/wp\/v2\/posts\/14804\/revisions"}],"wp:featuredmedia":[{"embeddable":true,"href":"http:\/\/www.jojoenherbe.com\/index.php\/wp-json\/wp\/v2\/media\/14747"}],"wp:attachment":[{"href":"http:\/\/www.jojoenherbe.com\/index.php\/wp-json\/wp\/v2\/media?parent=14804"}],"wp:term":[{"taxonomy":"category","embeddable":true,"href":"http:\/\/www.jojoenherbe.com\/index.php\/wp-json\/wp\/v2\/categories?post=14804"},{"taxonomy":"post_tag","embeddable":true,"href":"http:\/\/www.jojoenherbe.com\/index.php\/wp-json\/wp\/v2\/tags?post=14804"}],"curies":[{"name":"wp","href":"https:\/\/api.w.org\/{rel}","templated":true}]}}