{"id":14579,"date":"2020-12-28T13:52:06","date_gmt":"2020-12-28T12:52:06","guid":{"rendered":"http:\/\/www.jojoenherbe.com\/?p=14579"},"modified":"2020-12-28T13:52:06","modified_gmt":"2020-12-28T12:52:06","slug":"au-fil-des-pages-avec-tout-seul","status":"publish","type":"post","link":"http:\/\/www.jojoenherbe.com\/index.php\/2020\/12\/28\/au-fil-des-pages-avec-tout-seul\/","title":{"rendered":"Au fil des pages avec Tout seul?"},"content":{"rendered":"<p style=\"text-align: justify;\"><em><a href=\"https:\/\/i0.wp.com\/www.jojoenherbe.com\/wp-content\/uploads\/2020\/12\/Tout-seul-2-scaled.jpg\"><img data-recalc-dims=\"1\" loading=\"lazy\" decoding=\"async\" data-attachment-id=\"14580\" data-permalink=\"http:\/\/www.jojoenherbe.com\/index.php\/2020\/12\/28\/au-fil-des-pages-avec-tout-seul\/tout-seul-2\/\" data-orig-file=\"https:\/\/i0.wp.com\/www.jojoenherbe.com\/wp-content\/uploads\/2020\/12\/Tout-seul-2-scaled.jpg?fit=2560%2C1920\" data-orig-size=\"2560,1920\" data-comments-opened=\"1\" data-image-title=\"Tout seul 2\" data-image-description=\"\" data-image-caption=\"\" data-large-file=\"https:\/\/i0.wp.com\/www.jojoenherbe.com\/wp-content\/uploads\/2020\/12\/Tout-seul-2-scaled.jpg?fit=676%2C507\" class=\"alignleft size-thumbnail wp-image-14580\" src=\"https:\/\/i0.wp.com\/www.jojoenherbe.com\/wp-content\/uploads\/2020\/12\/Tout-seul-2.jpg?resize=150%2C150\" alt=\"\" width=\"150\" height=\"150\" srcset=\"https:\/\/i0.wp.com\/www.jojoenherbe.com\/wp-content\/uploads\/2020\/12\/Tout-seul-2-scaled.jpg?resize=150%2C150 150w, https:\/\/i0.wp.com\/www.jojoenherbe.com\/wp-content\/uploads\/2020\/12\/Tout-seul-2-scaled.jpg?zoom=2&amp;resize=150%2C150 300w, https:\/\/i0.wp.com\/www.jojoenherbe.com\/wp-content\/uploads\/2020\/12\/Tout-seul-2-scaled.jpg?zoom=3&amp;resize=150%2C150 450w\" sizes=\"auto, (max-width: 150px) 100vw, 150px\" \/><\/a> <a href=\"https:\/\/i0.wp.com\/www.jojoenherbe.com\/wp-content\/uploads\/2020\/12\/Tout-seul-3-scaled.jpg\"><img data-recalc-dims=\"1\" loading=\"lazy\" decoding=\"async\" data-attachment-id=\"14581\" data-permalink=\"http:\/\/www.jojoenherbe.com\/index.php\/2020\/12\/28\/au-fil-des-pages-avec-tout-seul\/tout-seul-3\/\" data-orig-file=\"https:\/\/i0.wp.com\/www.jojoenherbe.com\/wp-content\/uploads\/2020\/12\/Tout-seul-3-scaled.jpg?fit=2560%2C1920\" data-orig-size=\"2560,1920\" data-comments-opened=\"1\" data-image-title=\"Tout seul 3\" data-image-description=\"\" data-image-caption=\"\" data-large-file=\"https:\/\/i0.wp.com\/www.jojoenherbe.com\/wp-content\/uploads\/2020\/12\/Tout-seul-3-scaled.jpg?fit=676%2C507\" class=\"alignleft size-thumbnail wp-image-14581\" src=\"https:\/\/i0.wp.com\/www.jojoenherbe.com\/wp-content\/uploads\/2020\/12\/Tout-seul-3.jpg?resize=150%2C150\" alt=\"\" width=\"150\" height=\"150\" srcset=\"https:\/\/i0.wp.com\/www.jojoenherbe.com\/wp-content\/uploads\/2020\/12\/Tout-seul-3-scaled.jpg?resize=150%2C150 150w, https:\/\/i0.wp.com\/www.jojoenherbe.com\/wp-content\/uploads\/2020\/12\/Tout-seul-3-scaled.jpg?zoom=2&amp;resize=150%2C150 300w, https:\/\/i0.wp.com\/www.jojoenherbe.com\/wp-content\/uploads\/2020\/12\/Tout-seul-3-scaled.jpg?zoom=3&amp;resize=150%2C150 450w\" sizes=\"auto, (max-width: 150px) 100vw, 150px\" \/><\/a>Nous avions lu et relu <span style=\"text-decoration: underline;\">Tout seul?<\/span> de Rosemary Shojaie (\u00e9d. Didier Jeunesse, 2020), un album jeunesse \u00e0 partir de 3 ans, apr\u00e8s l&rsquo;avoir d\u00e9couvert \u00e0 la m\u00e9diath\u00e8que. Il a fini par \u00eatre gliss\u00e9 au pied du sapin \u00e0 No\u00ebl. Nico, un renard roux se retrouve bien seul lorsque d\u00e9bute l&rsquo;hiver et que tous ses amis sont partis hiberner, apr\u00e8s avoir pass\u00e9 de nombreux mois en leur compagnie. Mais est-il vraiment tout seul?<\/em><\/p>\n<p style=\"text-align: justify;\"><em>L&rsquo;histoire est toute mignonne et accompagn\u00e9e de jolies et tendres illustrations aux couleurs pastels dans une ambiance hivernale. Il est amusant de rechercher au fil des pages le renard blanc qui se cache plus ou moins. Il semble timide, n&rsquo;osant pas imm\u00e9diatement se montrer au renard roux. Il est ainsi question d&rsquo;amiti\u00e9 avec son lot d&rsquo;\u00e9motions qui l&rsquo;accompagnent, que cette amiti\u00e9 d\u00e9coule d&rsquo;un groupe d&rsquo;amis d\u00e9j\u00e0 soud\u00e9s ou d&rsquo;une nouvelle rencontre. Est \u00e9galement abord\u00e9 le cycle des saisons. Coup de c\u0153ur pour cet album jeunesse narrant une jolie et douce amiti\u00e9!<\/em><\/p>\n","protected":false},"excerpt":{"rendered":"<p>Nous avions lu et relu Tout seul? de Rosemary Shojaie (\u00e9d. Didier Jeunesse, 2020), un album jeunesse \u00e0 partir de 3 ans, apr\u00e8s l&rsquo;avoir d\u00e9couvert \u00e0 la m\u00e9diath\u00e8que. Il a fini par \u00eatre gliss\u00e9 au pied du sapin \u00e0 No\u00ebl. Nico, un renard roux se retrouve bien seul lorsque d\u00e9bute l&rsquo;hiver et que tous ses [&hellip;]<\/p>\n","protected":false},"author":1,"featured_media":14582,"comment_status":"open","ping_status":"open","sticky":false,"template":"","format":"standard","meta":{"_jetpack_newsletter_access":"","_jetpack_dont_email_post_to_subs":false,"_jetpack_newsletter_tier_id":0,"_jetpack_memberships_contains_paywalled_content":false,"_jetpack_feature_clip_id":0,"_jetpack_memberships_contains_paid_content":false,"footnotes":"","jetpack_post_was_ever_published":false},"categories":[363],"tags":[785,409,386,808,1599,1277,741,365,367,1016,369,394,1233,2009,2010,1399,619],"class_list":["post-14579","post","type-post","status-publish","format-standard","has-post-thumbnail","hentry","category-mini-lecteur","tag-3-6-ans","tag-albums-jeunesse","tag-amitie","tag-animaux-de-la-foret","tag-cycle-des-saisons","tag-foret","tag-hibernation","tag-hiver","tag-lecture-jeunesse","tag-lectures-dhiver","tag-neige","tag-renard","tag-renard-polaire","tag-renard-roux","tag-rosemary-shojaie","tag-saison","tag-solitude","post-preview"],"jetpack_sharing_enabled":true,"jetpack_shortlink":"https:\/\/wp.me\/p9zhGx-3N9","jetpack_likes_enabled":true,"jetpack-related-posts":[{"id":9932,"url":"http:\/\/www.jojoenherbe.com\/index.php\/2020\/02\/15\/au-fil-des-pages-avec-le-renard-blanc\/","url_meta":{"origin":14579,"position":0},"title":"Au fil des pages avec Le renard blanc","author":"Jojo","date":"15 f\u00e9vrier 2020","format":false,"excerpt":"Pour continuer dans nos lectures d'hiver, nous empruntons \u00e0 la m\u00e9diath\u00e8que Le renard blanc de Timoth\u00e9e Le V\u00e9el (\u00e9d. Kal\u00e9idoscope, 2018), un album jeunesse \u00e0 partir de 3 ans aux tr\u00e8s jolies pages de garde crayonn\u00e9es et que nous avons eu ensuite dans un abonnement-livres de l\u2019\u00c9cole des Loisirs. Au\u2026","rel":"","context":"Dans &quot;Mini lecteur&quot;","block_context":{"text":"Mini lecteur","link":"http:\/\/www.jojoenherbe.com\/index.php\/category\/mini-lecteur\/"},"img":{"alt_text":"","src":"https:\/\/i0.wp.com\/www.jojoenherbe.com\/wp-content\/uploads\/2020\/02\/Le-renard-blanc-1-scaled.jpg?fit=1200%2C900&resize=350%2C200","width":350,"height":200,"srcset":"https:\/\/i0.wp.com\/www.jojoenherbe.com\/wp-content\/uploads\/2020\/02\/Le-renard-blanc-1-scaled.jpg?fit=1200%2C900&resize=350%2C200 1x, https:\/\/i0.wp.com\/www.jojoenherbe.com\/wp-content\/uploads\/2020\/02\/Le-renard-blanc-1-scaled.jpg?fit=1200%2C900&resize=525%2C300 1.5x, https:\/\/i0.wp.com\/www.jojoenherbe.com\/wp-content\/uploads\/2020\/02\/Le-renard-blanc-1-scaled.jpg?fit=1200%2C900&resize=700%2C400 2x, https:\/\/i0.wp.com\/www.jojoenherbe.com\/wp-content\/uploads\/2020\/02\/Le-renard-blanc-1-scaled.jpg?fit=1200%2C900&resize=1050%2C600 3x"},"classes":[]},{"id":14053,"url":"http:\/\/www.jojoenherbe.com\/index.php\/2020\/11\/24\/au-fil-des-pages-avec-jules-et-le-renard\/","url_meta":{"origin":14579,"position":1},"title":"Au fil des pages avec Jules et le renard","author":"Jojo","date":"24 novembre 2020","format":false,"excerpt":"Nous lisons Jules et le renard de Joe Todd-Stanton (\u00e9d. L\u2019\u00e9cole des loisirs, avril 2019, r\u00e9\u00e9d. 2020, 44 pages), un album jeunesse \u00e0 partir de 3 ans. Jules est un souriceau introverti qui a appris \u00e0 vivre seul dans la for\u00eat et \u00e0 \u00e9viter les dangers tant des profondeurs de\u2026","rel":"","context":"Dans &quot;Mini lecteur&quot;","block_context":{"text":"Mini lecteur","link":"http:\/\/www.jojoenherbe.com\/index.php\/category\/mini-lecteur\/"},"img":{"alt_text":"","src":"https:\/\/i0.wp.com\/www.jojoenherbe.com\/wp-content\/uploads\/2020\/11\/Jules-et-le-renard-scaled.jpg?fit=1200%2C900&resize=350%2C200","width":350,"height":200,"srcset":"https:\/\/i0.wp.com\/www.jojoenherbe.com\/wp-content\/uploads\/2020\/11\/Jules-et-le-renard-scaled.jpg?fit=1200%2C900&resize=350%2C200 1x, https:\/\/i0.wp.com\/www.jojoenherbe.com\/wp-content\/uploads\/2020\/11\/Jules-et-le-renard-scaled.jpg?fit=1200%2C900&resize=525%2C300 1.5x, https:\/\/i0.wp.com\/www.jojoenherbe.com\/wp-content\/uploads\/2020\/11\/Jules-et-le-renard-scaled.jpg?fit=1200%2C900&resize=700%2C400 2x, https:\/\/i0.wp.com\/www.jojoenherbe.com\/wp-content\/uploads\/2020\/11\/Jules-et-le-renard-scaled.jpg?fit=1200%2C900&resize=1050%2C600 3x"},"classes":[]},{"id":30277,"url":"http:\/\/www.jojoenherbe.com\/index.php\/2023\/03\/05\/au-fil-des-pages-avec-monsieur-walter\/","url_meta":{"origin":14579,"position":2},"title":"Au fil des pages avec Monsieur Walter","author":"Jojo","date":"5 mars 2023","format":false,"excerpt":"Nous avions lu et relu en novembre 2021 Monsieur Walter de Cl\u00e9ment Lef\u00e8vre (\u00e9d. Chocolat! Jeunesse, 2015), un album jeunesse grand format \u00e0 partir de 4 ans. Apr\u00e8s une inondation, Monsieur Walter, un renard se retrouve bien seul sur le toit de sa maison submerg\u00e9e. Les jours passent jusqu\u2019\u00e0 ce\u2026","rel":"","context":"Dans &quot;Mini lecteur&quot;","block_context":{"text":"Mini lecteur","link":"http:\/\/www.jojoenherbe.com\/index.php\/category\/mini-lecteur\/"},"img":{"alt_text":"","src":"https:\/\/i0.wp.com\/www.jojoenherbe.com\/wp-content\/uploads\/2021\/11\/Monsieur-Walter-scaled.jpg?fit=1200%2C991&resize=350%2C200","width":350,"height":200,"srcset":"https:\/\/i0.wp.com\/www.jojoenherbe.com\/wp-content\/uploads\/2021\/11\/Monsieur-Walter-scaled.jpg?fit=1200%2C991&resize=350%2C200 1x, https:\/\/i0.wp.com\/www.jojoenherbe.com\/wp-content\/uploads\/2021\/11\/Monsieur-Walter-scaled.jpg?fit=1200%2C991&resize=525%2C300 1.5x, https:\/\/i0.wp.com\/www.jojoenherbe.com\/wp-content\/uploads\/2021\/11\/Monsieur-Walter-scaled.jpg?fit=1200%2C991&resize=700%2C400 2x, https:\/\/i0.wp.com\/www.jojoenherbe.com\/wp-content\/uploads\/2021\/11\/Monsieur-Walter-scaled.jpg?fit=1200%2C991&resize=1050%2C600 3x"},"classes":[]},{"id":14897,"url":"http:\/\/www.jojoenherbe.com\/index.php\/2021\/01\/07\/nos-lectures-hivernales-2021\/","url_meta":{"origin":14579,"position":3},"title":"Nos lectures hivernales 2021","author":"Jojo","date":"7 janvier 2021","format":false,"excerpt":"Comme je l'avais fait pour l'automne dernier, je souhaite \u00e9galement regrouper sous un m\u00eame billet nos lectures hivernales commenc\u00e9es en d\u00e9cembre 2020. Ce billet sera ainsi actualis\u00e9 tout au long de cet hiver au gr\u00e9 de nos lectures sur ce th\u00e8me. Je ne reprends toutefois pas nos relectures de livres\u2026","rel":"","context":"Dans &quot;Mini lecteur&quot;","block_context":{"text":"Mini lecteur","link":"http:\/\/www.jojoenherbe.com\/index.php\/category\/mini-lecteur\/"},"img":{"alt_text":"","src":"https:\/\/i0.wp.com\/www.jojoenherbe.com\/wp-content\/uploads\/2021\/01\/Selection-Hiver-scaled.jpg?fit=1200%2C765&resize=350%2C200","width":350,"height":200,"srcset":"https:\/\/i0.wp.com\/www.jojoenherbe.com\/wp-content\/uploads\/2021\/01\/Selection-Hiver-scaled.jpg?fit=1200%2C765&resize=350%2C200 1x, https:\/\/i0.wp.com\/www.jojoenherbe.com\/wp-content\/uploads\/2021\/01\/Selection-Hiver-scaled.jpg?fit=1200%2C765&resize=525%2C300 1.5x, https:\/\/i0.wp.com\/www.jojoenherbe.com\/wp-content\/uploads\/2021\/01\/Selection-Hiver-scaled.jpg?fit=1200%2C765&resize=700%2C400 2x, https:\/\/i0.wp.com\/www.jojoenherbe.com\/wp-content\/uploads\/2021\/01\/Selection-Hiver-scaled.jpg?fit=1200%2C765&resize=1050%2C600 3x"},"classes":[]},{"id":14262,"url":"http:\/\/www.jojoenherbe.com\/index.php\/2020\/12\/05\/au-fil-des-pages-avec-le-noel-enchante-de-noisette\/","url_meta":{"origin":14579,"position":4},"title":"Au fil des pages avec Le No\u00ebl Enchant\u00e9 de Noisette","author":"Jojo","date":"5 d\u00e9cembre 2020","format":false,"excerpt":"Nous lisons en ce moment un de nos derniers emprunts \u00e0 la m\u00e9diath\u00e8que, Le No\u00ebl Enchant\u00e9 de Noisette de Timothy Knapman et Rebecca Harry (\u00e9d. Gr\u00fcnd, 2016), un album jeunesse \u00e0 partir de 3 ans. Alors que ses amis se pr\u00e9pare pour l'hiver et l'invitent \u00e0 faire de m\u00eame, Noisette,\u2026","rel":"","context":"Dans &quot;Mini lecteur&quot;","block_context":{"text":"Mini lecteur","link":"http:\/\/www.jojoenherbe.com\/index.php\/category\/mini-lecteur\/"},"img":{"alt_text":"","src":"https:\/\/i0.wp.com\/www.jojoenherbe.com\/wp-content\/uploads\/2020\/12\/Le-Noel-enchante-de-Noisette-scaled.jpg?fit=1200%2C1041&resize=350%2C200","width":350,"height":200,"srcset":"https:\/\/i0.wp.com\/www.jojoenherbe.com\/wp-content\/uploads\/2020\/12\/Le-Noel-enchante-de-Noisette-scaled.jpg?fit=1200%2C1041&resize=350%2C200 1x, https:\/\/i0.wp.com\/www.jojoenherbe.com\/wp-content\/uploads\/2020\/12\/Le-Noel-enchante-de-Noisette-scaled.jpg?fit=1200%2C1041&resize=525%2C300 1.5x, https:\/\/i0.wp.com\/www.jojoenherbe.com\/wp-content\/uploads\/2020\/12\/Le-Noel-enchante-de-Noisette-scaled.jpg?fit=1200%2C1041&resize=700%2C400 2x, https:\/\/i0.wp.com\/www.jojoenherbe.com\/wp-content\/uploads\/2020\/12\/Le-Noel-enchante-de-Noisette-scaled.jpg?fit=1200%2C1041&resize=1050%2C600 3x"},"classes":[]},{"id":32436,"url":"http:\/\/www.jojoenherbe.com\/index.php\/2023\/10\/05\/au-fil-des-pages-avec-le-renard-emprivoise\/","url_meta":{"origin":14579,"position":5},"title":"Au fil des pages avec Le renard emprivois\u00e9","author":"Jojo","date":"5 octobre 2023","format":false,"excerpt":"Nous avions lu l'ann\u00e9e derni\u00e8re Le renard emprivois\u00e9 de Marie Tibi et R\u00e9becca Rom\u00e9o (\u00e9d. Le Grand Jardin, coll. Le jardin int\u00e9rieur, janvier 2020, 32 pages), un album jeunesse joliment illustr\u00e9, \u00e0 partir de 7\/8 ans et qui a fait partie de la s\u00e9lection CE2\/CM1 du 34e Prix des Incos\u2026","rel":"","context":"Dans &quot;Mini lecteur&quot;","block_context":{"text":"Mini lecteur","link":"http:\/\/www.jojoenherbe.com\/index.php\/category\/mini-lecteur\/"},"img":{"alt_text":"","src":"https:\/\/i0.wp.com\/www.jojoenherbe.com\/wp-content\/uploads\/2023\/10\/Le-renard-emprivoise-scaled.jpg?fit=1200%2C1030&resize=350%2C200","width":350,"height":200,"srcset":"https:\/\/i0.wp.com\/www.jojoenherbe.com\/wp-content\/uploads\/2023\/10\/Le-renard-emprivoise-scaled.jpg?fit=1200%2C1030&resize=350%2C200 1x, https:\/\/i0.wp.com\/www.jojoenherbe.com\/wp-content\/uploads\/2023\/10\/Le-renard-emprivoise-scaled.jpg?fit=1200%2C1030&resize=525%2C300 1.5x, https:\/\/i0.wp.com\/www.jojoenherbe.com\/wp-content\/uploads\/2023\/10\/Le-renard-emprivoise-scaled.jpg?fit=1200%2C1030&resize=700%2C400 2x, https:\/\/i0.wp.com\/www.jojoenherbe.com\/wp-content\/uploads\/2023\/10\/Le-renard-emprivoise-scaled.jpg?fit=1200%2C1030&resize=1050%2C600 3x"},"classes":[]}],"jetpack_featured_media_url":"https:\/\/i0.wp.com\/www.jojoenherbe.com\/wp-content\/uploads\/2020\/12\/Tout-seul-scaled.jpg?fit=2560%2C1920","_links":{"self":[{"href":"http:\/\/www.jojoenherbe.com\/index.php\/wp-json\/wp\/v2\/posts\/14579","targetHints":{"allow":["GET"]}}],"collection":[{"href":"http:\/\/www.jojoenherbe.com\/index.php\/wp-json\/wp\/v2\/posts"}],"about":[{"href":"http:\/\/www.jojoenherbe.com\/index.php\/wp-json\/wp\/v2\/types\/post"}],"author":[{"embeddable":true,"href":"http:\/\/www.jojoenherbe.com\/index.php\/wp-json\/wp\/v2\/users\/1"}],"replies":[{"embeddable":true,"href":"http:\/\/www.jojoenherbe.com\/index.php\/wp-json\/wp\/v2\/comments?post=14579"}],"version-history":[{"count":0,"href":"http:\/\/www.jojoenherbe.com\/index.php\/wp-json\/wp\/v2\/posts\/14579\/revisions"}],"wp:featuredmedia":[{"embeddable":true,"href":"http:\/\/www.jojoenherbe.com\/index.php\/wp-json\/wp\/v2\/media\/14582"}],"wp:attachment":[{"href":"http:\/\/www.jojoenherbe.com\/index.php\/wp-json\/wp\/v2\/media?parent=14579"}],"wp:term":[{"taxonomy":"category","embeddable":true,"href":"http:\/\/www.jojoenherbe.com\/index.php\/wp-json\/wp\/v2\/categories?post=14579"},{"taxonomy":"post_tag","embeddable":true,"href":"http:\/\/www.jojoenherbe.com\/index.php\/wp-json\/wp\/v2\/tags?post=14579"}],"curies":[{"name":"wp","href":"https:\/\/api.w.org\/{rel}","templated":true}]}}