{"id":14316,"date":"2020-12-07T15:54:45","date_gmt":"2020-12-07T14:54:45","guid":{"rendered":"http:\/\/www.jojoenherbe.com\/?p=14316"},"modified":"2020-12-27T18:07:02","modified_gmt":"2020-12-27T17:07:02","slug":"au-fil-des-pages-avec-noel-dans-le-grand-arbre","status":"publish","type":"post","link":"http:\/\/www.jojoenherbe.com\/index.php\/2020\/12\/07\/au-fil-des-pages-avec-noel-dans-le-grand-arbre\/","title":{"rendered":"Au fil des pages avec No\u00ebl dans le grand arbre"},"content":{"rendered":"<p style=\"text-align: justify;\"><em><a href=\"https:\/\/i0.wp.com\/www.jojoenherbe.com\/wp-content\/uploads\/2020\/12\/Noel-dans-le-grand-arbre-3-scaled.jpg\"><img data-recalc-dims=\"1\" loading=\"lazy\" decoding=\"async\" data-attachment-id=\"14328\" data-permalink=\"http:\/\/www.jojoenherbe.com\/index.php\/2020\/12\/07\/au-fil-des-pages-avec-noel-dans-le-grand-arbre\/noel-dans-le-grand-arbre-3\/\" data-orig-file=\"https:\/\/i0.wp.com\/www.jojoenherbe.com\/wp-content\/uploads\/2020\/12\/Noel-dans-le-grand-arbre-3-scaled.jpg?fit=2560%2C1920\" data-orig-size=\"2560,1920\" data-comments-opened=\"1\" data-image-meta=\"{&quot;aperture&quot;:&quot;1.8&quot;,&quot;credit&quot;:&quot;&quot;,&quot;camera&quot;:&quot;iPhone 7&quot;,&quot;caption&quot;:&quot;&quot;,&quot;created_timestamp&quot;:&quot;1607338806&quot;,&quot;copyright&quot;:&quot;&quot;,&quot;focal_length&quot;:&quot;3.99&quot;,&quot;iso&quot;:&quot;64&quot;,&quot;shutter_speed&quot;:&quot;0.058823529411765&quot;,&quot;title&quot;:&quot;&quot;,&quot;orientation&quot;:&quot;1&quot;}\" data-image-title=\"No\u00ebl dans le grand arbre 3\" data-image-description=\"\" data-image-caption=\"\" data-large-file=\"https:\/\/i0.wp.com\/www.jojoenherbe.com\/wp-content\/uploads\/2020\/12\/Noel-dans-le-grand-arbre-3-scaled.jpg?fit=676%2C507\" class=\"alignleft size-thumbnail wp-image-14328\" src=\"https:\/\/i0.wp.com\/www.jojoenherbe.com\/wp-content\/uploads\/2020\/12\/Noel-dans-le-grand-arbre-3.jpg?resize=150%2C150\" alt=\"\" width=\"150\" height=\"150\" srcset=\"https:\/\/i0.wp.com\/www.jojoenherbe.com\/wp-content\/uploads\/2020\/12\/Noel-dans-le-grand-arbre-3-scaled.jpg?resize=150%2C150 150w, https:\/\/i0.wp.com\/www.jojoenherbe.com\/wp-content\/uploads\/2020\/12\/Noel-dans-le-grand-arbre-3-scaled.jpg?zoom=2&amp;resize=150%2C150 300w, https:\/\/i0.wp.com\/www.jojoenherbe.com\/wp-content\/uploads\/2020\/12\/Noel-dans-le-grand-arbre-3-scaled.jpg?zoom=3&amp;resize=150%2C150 450w\" sizes=\"auto, (max-width: 150px) 100vw, 150px\" \/><\/a> <a href=\"https:\/\/i0.wp.com\/www.jojoenherbe.com\/wp-content\/uploads\/2020\/12\/Noel-dans-le-grand-arbre-7.jpg\"><img data-recalc-dims=\"1\" loading=\"lazy\" decoding=\"async\" data-attachment-id=\"14332\" data-permalink=\"http:\/\/www.jojoenherbe.com\/index.php\/2020\/12\/07\/au-fil-des-pages-avec-noel-dans-le-grand-arbre\/noel-dans-le-grand-arbre-7\/\" data-orig-file=\"https:\/\/i0.wp.com\/www.jojoenherbe.com\/wp-content\/uploads\/2020\/12\/Noel-dans-le-grand-arbre-7.jpg?fit=2088%2C1512\" data-orig-size=\"2088,1512\" data-comments-opened=\"1\" data-image-meta=\"{&quot;aperture&quot;:&quot;1.8&quot;,&quot;credit&quot;:&quot;&quot;,&quot;camera&quot;:&quot;iPhone 7&quot;,&quot;caption&quot;:&quot;&quot;,&quot;created_timestamp&quot;:&quot;1607338958&quot;,&quot;copyright&quot;:&quot;&quot;,&quot;focal_length&quot;:&quot;3.99&quot;,&quot;iso&quot;:&quot;64&quot;,&quot;shutter_speed&quot;:&quot;0.058823529411765&quot;,&quot;title&quot;:&quot;&quot;,&quot;orientation&quot;:&quot;1&quot;}\" data-image-title=\"No\u00ebl dans le grand arbre 7\" data-image-description=\"\" data-image-caption=\"\" data-large-file=\"https:\/\/i0.wp.com\/www.jojoenherbe.com\/wp-content\/uploads\/2020\/12\/Noel-dans-le-grand-arbre-7.jpg?fit=676%2C490\" class=\"alignleft size-thumbnail wp-image-14332\" src=\"https:\/\/i0.wp.com\/www.jojoenherbe.com\/wp-content\/uploads\/2020\/12\/Noel-dans-le-grand-arbre-7.jpg?resize=150%2C150\" alt=\"\" width=\"150\" height=\"150\" srcset=\"https:\/\/i0.wp.com\/www.jojoenherbe.com\/wp-content\/uploads\/2020\/12\/Noel-dans-le-grand-arbre-7.jpg?resize=150%2C150 150w, https:\/\/i0.wp.com\/www.jojoenherbe.com\/wp-content\/uploads\/2020\/12\/Noel-dans-le-grand-arbre-7.jpg?zoom=2&amp;resize=150%2C150 300w, https:\/\/i0.wp.com\/www.jojoenherbe.com\/wp-content\/uploads\/2020\/12\/Noel-dans-le-grand-arbre-7.jpg?zoom=3&amp;resize=150%2C150 450w\" sizes=\"auto, (max-width: 150px) 100vw, 150px\" \/><\/a>J7 de notre calendrier livresque: il s&rsquo;agit de <span style=\"text-decoration: underline;\">No\u00ebl dans le grand arbre<\/span> de Sylvie Misslin et Fabien \u00d6ckto Lambert (\u00e9d. Fleurus, 2019), un album jeunesse cartonn\u00e9 grand format \u00e0 flaps \u00e0 partir de 3 ans. Chacun des habitants du grand arbre pr\u00e9parent dans la joie et la bonne humeur No\u00ebl. Mais dans la famille \u00c9cureuil, Gaspard, un des enfants, a disparu? Serait-il chez la voisine d&rsquo;en-dessous? Papa \u00c9cureuil part \u00e0 sa recherche.<\/em><\/p>\n<p style=\"text-align: justify;\"><em><a href=\"https:\/\/i0.wp.com\/www.jojoenherbe.com\/wp-content\/uploads\/2020\/12\/Noel-dans-le-grand-arbre-8-scaled.jpg\"><img data-recalc-dims=\"1\" loading=\"lazy\" decoding=\"async\" data-attachment-id=\"14333\" data-permalink=\"http:\/\/www.jojoenherbe.com\/index.php\/2020\/12\/07\/au-fil-des-pages-avec-noel-dans-le-grand-arbre\/noel-dans-le-grand-arbre-8\/\" data-orig-file=\"https:\/\/i0.wp.com\/www.jojoenherbe.com\/wp-content\/uploads\/2020\/12\/Noel-dans-le-grand-arbre-8-scaled.jpg?fit=2560%2C1920\" data-orig-size=\"2560,1920\" data-comments-opened=\"1\" data-image-meta=\"{&quot;aperture&quot;:&quot;1.8&quot;,&quot;credit&quot;:&quot;&quot;,&quot;camera&quot;:&quot;iPhone 7&quot;,&quot;caption&quot;:&quot;&quot;,&quot;created_timestamp&quot;:&quot;1607339018&quot;,&quot;copyright&quot;:&quot;&quot;,&quot;focal_length&quot;:&quot;3.99&quot;,&quot;iso&quot;:&quot;50&quot;,&quot;shutter_speed&quot;:&quot;0.058823529411765&quot;,&quot;title&quot;:&quot;&quot;,&quot;orientation&quot;:&quot;1&quot;}\" data-image-title=\"No\u00ebl dans le grand arbre 8\" data-image-description=\"\" data-image-caption=\"\" data-large-file=\"https:\/\/i0.wp.com\/www.jojoenherbe.com\/wp-content\/uploads\/2020\/12\/Noel-dans-le-grand-arbre-8-scaled.jpg?fit=676%2C507\" class=\"size-thumbnail wp-image-14333 alignright\" src=\"https:\/\/i0.wp.com\/www.jojoenherbe.com\/wp-content\/uploads\/2020\/12\/Noel-dans-le-grand-arbre-8.jpg?resize=150%2C150\" alt=\"\" width=\"150\" height=\"150\" srcset=\"https:\/\/i0.wp.com\/www.jojoenherbe.com\/wp-content\/uploads\/2020\/12\/Noel-dans-le-grand-arbre-8-scaled.jpg?resize=150%2C150 150w, https:\/\/i0.wp.com\/www.jojoenherbe.com\/wp-content\/uploads\/2020\/12\/Noel-dans-le-grand-arbre-8-scaled.jpg?zoom=2&amp;resize=150%2C150 300w, https:\/\/i0.wp.com\/www.jojoenherbe.com\/wp-content\/uploads\/2020\/12\/Noel-dans-le-grand-arbre-8-scaled.jpg?zoom=3&amp;resize=150%2C150 450w\" sizes=\"auto, (max-width: 150px) 100vw, 150px\" \/><\/a> <a href=\"https:\/\/i0.wp.com\/www.jojoenherbe.com\/wp-content\/uploads\/2020\/12\/Noel-dans-le-grand-arbre-9-scaled.jpg\"><img data-recalc-dims=\"1\" loading=\"lazy\" decoding=\"async\" data-attachment-id=\"14335\" data-permalink=\"http:\/\/www.jojoenherbe.com\/index.php\/2020\/12\/07\/au-fil-des-pages-avec-noel-dans-le-grand-arbre\/noel-dans-le-grand-arbre-9\/\" data-orig-file=\"https:\/\/i0.wp.com\/www.jojoenherbe.com\/wp-content\/uploads\/2020\/12\/Noel-dans-le-grand-arbre-9-scaled.jpg?fit=1920%2C2560\" data-orig-size=\"1920,2560\" data-comments-opened=\"1\" data-image-meta=\"{&quot;aperture&quot;:&quot;1.8&quot;,&quot;credit&quot;:&quot;&quot;,&quot;camera&quot;:&quot;iPhone 7&quot;,&quot;caption&quot;:&quot;&quot;,&quot;created_timestamp&quot;:&quot;1607356005&quot;,&quot;copyright&quot;:&quot;&quot;,&quot;focal_length&quot;:&quot;3.99&quot;,&quot;iso&quot;:&quot;40&quot;,&quot;shutter_speed&quot;:&quot;0.01&quot;,&quot;title&quot;:&quot;&quot;,&quot;orientation&quot;:&quot;1&quot;}\" data-image-title=\"No\u00ebl dans le grand arbre 9\" data-image-description=\"\" data-image-caption=\"\" data-large-file=\"https:\/\/i0.wp.com\/www.jojoenherbe.com\/wp-content\/uploads\/2020\/12\/Noel-dans-le-grand-arbre-9-scaled.jpg?fit=676%2C901\" class=\"size-thumbnail wp-image-14335 alignright\" src=\"https:\/\/i0.wp.com\/www.jojoenherbe.com\/wp-content\/uploads\/2020\/12\/Noel-dans-le-grand-arbre-9.jpg?resize=150%2C150\" alt=\"\" width=\"150\" height=\"150\" srcset=\"https:\/\/i0.wp.com\/www.jojoenherbe.com\/wp-content\/uploads\/2020\/12\/Noel-dans-le-grand-arbre-9-scaled.jpg?resize=150%2C150 150w, https:\/\/i0.wp.com\/www.jojoenherbe.com\/wp-content\/uploads\/2020\/12\/Noel-dans-le-grand-arbre-9-scaled.jpg?zoom=2&amp;resize=150%2C150 300w, https:\/\/i0.wp.com\/www.jojoenherbe.com\/wp-content\/uploads\/2020\/12\/Noel-dans-le-grand-arbre-9-scaled.jpg?zoom=3&amp;resize=150%2C150 450w\" sizes=\"auto, (max-width: 150px) 100vw, 150px\" \/><\/a>Les illustrations de Fabien \u00d6ckto Lambert sont color\u00e9es et toutes mignonnes. Nous suivons aussi avec plaisir la recherche de Gaspard puis des autres enfants animaux en soulevant les flaps, \u00e0 chaque \u00e9tage du grand arbre. O\u00f9 sont-ils bien pass\u00e9s? En descendant le grand arbre en compagnie de Papa \u00c9cureuil, nous pouvons observer les diff\u00e9rents pr\u00e9paratifs du r\u00e9veillon de No\u00ebl avec l&rsquo;installation des d\u00e9corations comme les guirlandes ou les boules de No\u00ebl, les r\u00e9p\u00e9titions des chants de No\u00ebl ou encore la pr\u00e9paration du repas avec une b\u00fbche de No\u00ebl ou une soupe de carottes.<\/em><\/p>\n<p style=\"text-align: justify;\"><em><a href=\"https:\/\/i0.wp.com\/www.jojoenherbe.com\/wp-content\/uploads\/2020\/12\/Noel-dans-le-grand-arbre-4-scaled.jpg\"><img data-recalc-dims=\"1\" loading=\"lazy\" decoding=\"async\" data-attachment-id=\"14329\" data-permalink=\"http:\/\/www.jojoenherbe.com\/index.php\/2020\/12\/07\/au-fil-des-pages-avec-noel-dans-le-grand-arbre\/noel-dans-le-grand-arbre-4\/\" data-orig-file=\"https:\/\/i0.wp.com\/www.jojoenherbe.com\/wp-content\/uploads\/2020\/12\/Noel-dans-le-grand-arbre-4-scaled.jpg?fit=2560%2C1920\" data-orig-size=\"2560,1920\" data-comments-opened=\"1\" data-image-meta=\"{&quot;aperture&quot;:&quot;1.8&quot;,&quot;credit&quot;:&quot;&quot;,&quot;camera&quot;:&quot;iPhone 7&quot;,&quot;caption&quot;:&quot;&quot;,&quot;created_timestamp&quot;:&quot;1607338822&quot;,&quot;copyright&quot;:&quot;&quot;,&quot;focal_length&quot;:&quot;3.99&quot;,&quot;iso&quot;:&quot;100&quot;,&quot;shutter_speed&quot;:&quot;0.058823529411765&quot;,&quot;title&quot;:&quot;&quot;,&quot;orientation&quot;:&quot;1&quot;}\" data-image-title=\"No\u00ebl dans le grand arbre 4\" data-image-description=\"\" data-image-caption=\"\" data-large-file=\"https:\/\/i0.wp.com\/www.jojoenherbe.com\/wp-content\/uploads\/2020\/12\/Noel-dans-le-grand-arbre-4-scaled.jpg?fit=676%2C507\" class=\"alignleft size-thumbnail wp-image-14329\" src=\"https:\/\/i0.wp.com\/www.jojoenherbe.com\/wp-content\/uploads\/2020\/12\/Noel-dans-le-grand-arbre-4.jpg?resize=150%2C150\" alt=\"\" width=\"150\" height=\"150\" srcset=\"https:\/\/i0.wp.com\/www.jojoenherbe.com\/wp-content\/uploads\/2020\/12\/Noel-dans-le-grand-arbre-4-scaled.jpg?resize=150%2C150 150w, https:\/\/i0.wp.com\/www.jojoenherbe.com\/wp-content\/uploads\/2020\/12\/Noel-dans-le-grand-arbre-4-scaled.jpg?zoom=2&amp;resize=150%2C150 300w, https:\/\/i0.wp.com\/www.jojoenherbe.com\/wp-content\/uploads\/2020\/12\/Noel-dans-le-grand-arbre-4-scaled.jpg?zoom=3&amp;resize=150%2C150 450w\" sizes=\"auto, (max-width: 150px) 100vw, 150px\" \/><\/a> <a href=\"https:\/\/i0.wp.com\/www.jojoenherbe.com\/wp-content\/uploads\/2020\/12\/Noel-dans-le-grand-arbre-6-scaled.jpg\"><img data-recalc-dims=\"1\" loading=\"lazy\" decoding=\"async\" data-attachment-id=\"14331\" data-permalink=\"http:\/\/www.jojoenherbe.com\/index.php\/2020\/12\/07\/au-fil-des-pages-avec-noel-dans-le-grand-arbre\/noel-dans-le-grand-arbre-6\/\" data-orig-file=\"https:\/\/i0.wp.com\/www.jojoenherbe.com\/wp-content\/uploads\/2020\/12\/Noel-dans-le-grand-arbre-6-scaled.jpg?fit=2560%2C2137\" data-orig-size=\"2560,2137\" data-comments-opened=\"1\" data-image-meta=\"{&quot;aperture&quot;:&quot;1.8&quot;,&quot;credit&quot;:&quot;&quot;,&quot;camera&quot;:&quot;iPhone 7&quot;,&quot;caption&quot;:&quot;&quot;,&quot;created_timestamp&quot;:&quot;1607338901&quot;,&quot;copyright&quot;:&quot;&quot;,&quot;focal_length&quot;:&quot;3.99&quot;,&quot;iso&quot;:&quot;50&quot;,&quot;shutter_speed&quot;:&quot;0.058823529411765&quot;,&quot;title&quot;:&quot;&quot;,&quot;orientation&quot;:&quot;1&quot;}\" data-image-title=\"No\u00ebl dans le grand arbre 6\" data-image-description=\"\" data-image-caption=\"\" data-large-file=\"https:\/\/i0.wp.com\/www.jojoenherbe.com\/wp-content\/uploads\/2020\/12\/Noel-dans-le-grand-arbre-6-scaled.jpg?fit=676%2C564\" class=\"alignleft size-thumbnail wp-image-14331\" src=\"https:\/\/i0.wp.com\/www.jojoenherbe.com\/wp-content\/uploads\/2020\/12\/Noel-dans-le-grand-arbre-6.jpg?resize=150%2C150\" alt=\"\" width=\"150\" height=\"150\" srcset=\"https:\/\/i0.wp.com\/www.jojoenherbe.com\/wp-content\/uploads\/2020\/12\/Noel-dans-le-grand-arbre-6-scaled.jpg?resize=150%2C150 150w, https:\/\/i0.wp.com\/www.jojoenherbe.com\/wp-content\/uploads\/2020\/12\/Noel-dans-le-grand-arbre-6-scaled.jpg?zoom=2&amp;resize=150%2C150 300w, https:\/\/i0.wp.com\/www.jojoenherbe.com\/wp-content\/uploads\/2020\/12\/Noel-dans-le-grand-arbre-6-scaled.jpg?zoom=3&amp;resize=150%2C150 450w\" sizes=\"auto, (max-width: 150px) 100vw, 150px\" \/><\/a>Car qui dit r\u00e9veillon de No\u00ebl dit chants et gourmandises! Cela nous donnerait bien envie de nous joindre \u00e0 eux pour f\u00eater le r\u00e9veillon. Un tr\u00e8s bon moment de lecture pour se plonger dans l&rsquo;esprit de No\u00ebl sans P\u00e8re No\u00ebl! C&rsquo;est aussi l&rsquo;occasion de d\u00e9couvrir la famille l\u00e9rot et d&rsquo;en apprendre plus, en prolongeant la lecture, sur ce petit animal.<\/em><\/p>\n<div style=\"width: 159px\" class=\"wp-caption alignleft\"><img data-recalc-dims=\"1\" loading=\"lazy\" decoding=\"async\" src=\"https:\/\/i0.wp.com\/image.over-blog.com\/QtkiuqWdwqgDD5PoRaYFPXM2rUQ%3D\/filters%3Ano_upscale%28%29\/image%2F1490149%2F20201109%2Fob_3a58b1_christmastime2020logo1.jpg?resize=149%2C150&#038;ssl=1\" alt=\"\" width=\"149\" height=\"150\" data-amp-height=\"352\" data-amp-width=\"350\" \/><p class=\"wp-caption-text\">Challenge Christmas Time de <a href=\"http:\/\/mya.books.over-blog.com\/2020\/11\/challenge-christmas-time-2020.html\">MyaRosa<\/a> #Album jeunesse<\/p><\/div>\n<div style=\"width: 155px\" class=\"wp-caption alignleft\"><img loading=\"lazy\" decoding=\"async\" class=\"attachment-post-image  wp-post-image\" src=\"https:\/\/i1.wp.com\/www.jojoenherbe.com\/wp-content\/uploads\/2020\/11\/Logo_2_2020-1024x992-1.jpg?fit=676%2C655\" sizes=\"auto, (max-width: 676px) 100vw, 676px\" srcset=\"https:\/\/i1.wp.com\/www.jojoenherbe.com\/wp-content\/uploads\/2020\/11\/Logo_2_2020-1024x992-1.jpg?w=1024 1024w, https:\/\/i1.wp.com\/www.jojoenherbe.com\/wp-content\/uploads\/2020\/11\/Logo_2_2020-1024x992-1.jpg?resize=300%2C291 300w, https:\/\/i1.wp.com\/www.jojoenherbe.com\/wp-content\/uploads\/2020\/11\/Logo_2_2020-1024x992-1.jpg?resize=768%2C744 768w, https:\/\/i1.wp.com\/www.jojoenherbe.com\/wp-content\/uploads\/2020\/11\/Logo_2_2020-1024x992-1.jpg?resize=676%2C655 676w\" alt=\"\" width=\"145\" height=\"141\" data-attachment-id=\"13791\" data-permalink=\"http:\/\/www.jojoenherbe.com\/index.php\/2020\/11\/10\/billet-de-suivi-il-etait-8-fois-noel\/logo_2_2020-1024x992\/\" data-orig-file=\"https:\/\/i1.wp.com\/www.jojoenherbe.com\/wp-content\/uploads\/2020\/11\/Logo_2_2020-1024x992-1.jpg?fit=1024%2C992\" data-orig-size=\"1024,992\" data-comments-opened=\"1\" data-image-meta=\"{&quot;aperture&quot;:&quot;0&quot;,&quot;credit&quot;:&quot;&quot;,&quot;camera&quot;:&quot;&quot;,&quot;caption&quot;:&quot;&quot;,&quot;created_timestamp&quot;:&quot;0&quot;,&quot;copyright&quot;:&quot;&quot;,&quot;focal_length&quot;:&quot;0&quot;,&quot;iso&quot;:&quot;0&quot;,&quot;shutter_speed&quot;:&quot;0&quot;,&quot;title&quot;:&quot;&quot;,&quot;orientation&quot;:&quot;0&quot;}\" data-image-title=\"Logo_2_2020-1024\u00d7992\" data-image-description=\"\" data-medium-file=\"https:\/\/i1.wp.com\/www.jojoenherbe.com\/wp-content\/uploads\/2020\/11\/Logo_2_2020-1024x992-1.jpg?fit=300%2C291\" data-large-file=\"https:\/\/i1.wp.com\/www.jojoenherbe.com\/wp-content\/uploads\/2020\/11\/Logo_2_2020-1024x992-1.jpg?fit=676%2C655\" \/><p class=\"wp-caption-text\">Challenge Il \u00e9tait 8 fois No\u00ebl de <a href=\"https:\/\/www.laplanquealibellules.fr\/2020\/11\/il-etait-huit-fois-noel.html\/\">Chicky Poo<\/a> et <a href=\"https:\/\/viedecontedefee.blogspot.com\/2020\/11\/1638-il-etait-huit-fois-noel.html\">Samarian<\/a> #Album Jeunesse<\/p><\/div>\n<div id=\"attachment_13488\" style=\"width: 155px\" class=\"wp-caption alignleft\"><img data-recalc-dims=\"1\" loading=\"lazy\" decoding=\"async\" aria-describedby=\"caption-attachment-13488\" data-attachment-id=\"13488\" data-permalink=\"http:\/\/www.jojoenherbe.com\/index.php\/2020\/09\/15\/ptit-recap-du-challenge-halloween-2020\/chasse-aux-bonbons\/\" data-orig-file=\"https:\/\/i0.wp.com\/www.jojoenherbe.com\/wp-content\/uploads\/2020\/09\/Chasse-aux-bonbons-scaled.jpg?fit=2560%2C1722\" data-orig-size=\"2560,1722\" data-comments-opened=\"1\" data-image-meta=\"{&quot;aperture&quot;:&quot;1.8&quot;,&quot;credit&quot;:&quot;&quot;,&quot;camera&quot;:&quot;iPhone 7&quot;,&quot;caption&quot;:&quot;&quot;,&quot;created_timestamp&quot;:&quot;1604159273&quot;,&quot;copyright&quot;:&quot;&quot;,&quot;focal_length&quot;:&quot;3.99&quot;,&quot;iso&quot;:&quot;100&quot;,&quot;shutter_speed&quot;:&quot;0.16666666666667&quot;,&quot;title&quot;:&quot;&quot;,&quot;orientation&quot;:&quot;0&quot;}\" data-image-title=\"Chasse aux bonbons\" data-image-description=\"\" data-image-caption=\"\" data-large-file=\"https:\/\/i0.wp.com\/www.jojoenherbe.com\/wp-content\/uploads\/2020\/09\/Chasse-aux-bonbons-scaled.jpg?fit=676%2C455\" class=\"wp-image-13488\" src=\"https:\/\/i0.wp.com\/mapetitemediatheque.fr\/wp-content\/uploads\/2020\/01\/des-livres-en-cusine-2020-3.jpg?resize=145%2C132\" alt=\"\" width=\"145\" height=\"132\" \/><p id=\"caption-attachment-13488\" class=\"wp-caption-text\">Participation #26 au challenge Des livres (et des \u00e9crans) en cuisine de <a href=\"http:\/\/mapetitemediatheque.fr\/2020\/01\/des-livres-en-cuisine-le-menu-2020\/\">Bidib<\/a> et <a href=\"http:\/\/croquerlespages.canalblog.com\/archives\/2020\/01\/11\/37925540.html\">Fondant<\/a> #R\u00e9veillon<\/p><\/div>\n","protected":false},"excerpt":{"rendered":"<p>J7 de notre calendrier livresque: il s&rsquo;agit de No\u00ebl dans le grand arbre de Sylvie Misslin et Fabien \u00d6ckto Lambert (\u00e9d. Fleurus, 2019), un album jeunesse cartonn\u00e9 grand format \u00e0 flaps \u00e0 partir de 3 ans. Chacun des habitants du grand arbre pr\u00e9parent dans la joie et la bonne humeur No\u00ebl. Mais dans la famille [&hellip;]<\/p>\n","protected":false},"author":1,"featured_media":14334,"comment_status":"open","ping_status":"open","sticky":false,"template":"","format":"standard","meta":{"jetpack_post_was_ever_published":false,"_jetpack_newsletter_access":"","_jetpack_dont_email_post_to_subs":false,"_jetpack_newsletter_tier_id":0,"_jetpack_memberships_contains_paywalled_content":false,"_jetpack_memberships_contains_paid_content":false,"footnotes":""},"categories":[363],"tags":[785,409,808,1257,1931,1679,1081,391,1856,947,496,1117,222,367,1056,1984,1323,19,1066,394,989,1982,1983],"class_list":["post-14316","post","type-post","status-publish","format-standard","has-post-thumbnail","hentry","category-mini-lecteur","tag-3-6-ans","tag-albums-jeunesse","tag-animaux-de-la-foret","tag-arbre","tag-challenge-christmas-time-2020","tag-des-livres-et-des-ecrans-en-cuisine-2020","tag-disparition","tag-ecureuil","tag-fabien-ockto-lambert","tag-flaps","tag-hibou","tag-il-etait-8-fois-noel","tag-lapin","tag-lecture-jeunesse","tag-lectures-de-noel","tag-lerot","tag-livre-participatif","tag-noel","tag-preparatifs","tag-renard","tag-reveillon","tag-sylvie-misslin","tag-tourterelle","post-preview"],"jetpack_featured_media_url":"https:\/\/i0.wp.com\/www.jojoenherbe.com\/wp-content\/uploads\/2020\/12\/Noel-dans-le-grand-arbre-scaled.jpg?fit=2560%2C1920","jetpack_sharing_enabled":true,"jetpack_shortlink":"https:\/\/wp.me\/p9zhGx-3IU","jetpack_likes_enabled":true,"jetpack-related-posts":[{"id":41789,"url":"http:\/\/www.jojoenherbe.com\/index.php\/2025\/12\/18\/throwback-thursday-livresque-noel-dans-le-titre\/","url_meta":{"origin":14316,"position":0},"title":"Throwback Thursday Livresque: \u00ab\u00a0No\u00ebl\u00a0\u00bb dans le titre","author":"Jojo","date":"18 d\u00e9cembre 2025","format":false,"excerpt":"Ce jeudi 18 d\u00e9cembre 2025, je participe au Throwback Thursday Livresque, un rendez-vous livresque initialement chez Bettie Rose Books et repris depuis par Carole, les liens \u00e9tant \u00e0 d\u00e9poser chez My-Bo0ks. Le principe est de partager chaque jeudi un livre \"ancien\" de notre biblioth\u00e8que en fonction d\u2019un th\u00e8me donn\u00e9. Cette\u2026","rel":"","context":"Dans &quot;Mini blogueur&quot;","block_context":{"text":"Mini blogueur","link":"http:\/\/www.jojoenherbe.com\/index.php\/category\/mini-blogueur\/"},"img":{"alt_text":"","src":"https:\/\/i0.wp.com\/www.jojoenherbe.com\/wp-content\/uploads\/2023\/10\/TTL-logo.jpg?resize=350%2C200","width":350,"height":200},"classes":[]},{"id":13786,"url":"http:\/\/www.jojoenherbe.com\/index.php\/2020\/11\/10\/billet-de-suivi-challenge-christmas-time-2020\/","url_meta":{"origin":14316,"position":1},"title":"Billet de suivi: Challenge Christmas Time 2020","author":"Jojo","date":"10 novembre 2020","format":false,"excerpt":"Le mois de d\u00e9cembre approchant, c'est le retour du Challenge Christmas Time 2020, un challenge de No\u00ebl organis\u00e9 par MyaRosa et qui se d\u00e9roule du 9 novembre 2020 au 12 janvier 2021. Pour plus d\u2019infos, n\u2019h\u00e9sitez pas \u00e0 aller sur son blog. Ce billet sera actualis\u00e9 au fil du mois\u2026","rel":"","context":"Dans &quot;Mini challenger&quot;","block_context":{"text":"Mini challenger","link":"http:\/\/www.jojoenherbe.com\/index.php\/category\/mini-challenger\/"},"img":{"alt_text":"","src":"https:\/\/i0.wp.com\/www.jojoenherbe.com\/wp-content\/uploads\/2020\/11\/image_1490149_20201109_ob_f79ca9_jkhkjkjhh.jpg?fit=564%2C449&resize=350%2C200","width":350,"height":200,"srcset":"https:\/\/i0.wp.com\/www.jojoenherbe.com\/wp-content\/uploads\/2020\/11\/image_1490149_20201109_ob_f79ca9_jkhkjkjhh.jpg?fit=564%2C449&resize=350%2C200 1x, https:\/\/i0.wp.com\/www.jojoenherbe.com\/wp-content\/uploads\/2020\/11\/image_1490149_20201109_ob_f79ca9_jkhkjkjhh.jpg?fit=564%2C449&resize=525%2C300 1.5x"},"classes":[]},{"id":13574,"url":"http:\/\/www.jojoenherbe.com\/index.php\/2020\/11\/10\/billet-de-suivi-il-etait-8-fois-noel\/","url_meta":{"origin":14316,"position":2},"title":"Billet de suivi: Il \u00e9tait 8 fois No\u00ebl","author":"Jojo","date":"10 novembre 2020","format":false,"excerpt":"Le mois de d\u00e9cembre approchant, c'est le retour de Il \u00e9tait 8 fois No\u00ebl, un challenge de No\u00ebl organis\u00e9 par Chicky Poo et Samarian et qui se d\u00e9roule du 30 novembre 2020 au 3 janvier 2021. Pour plus d\u2019infos, n\u2019h\u00e9sitez pas \u00e0 aller sur leurs blogs. Ce billet sera actualis\u00e9\u2026","rel":"","context":"Dans &quot;Mini challenger&quot;","block_context":{"text":"Mini challenger","link":"http:\/\/www.jojoenherbe.com\/index.php\/category\/mini-challenger\/"},"img":{"alt_text":"","src":"https:\/\/i0.wp.com\/www.jojoenherbe.com\/wp-content\/uploads\/2020\/11\/Logo_2_2020-1024x992-1.jpg?fit=1024%2C992&resize=350%2C200","width":350,"height":200,"srcset":"https:\/\/i0.wp.com\/www.jojoenherbe.com\/wp-content\/uploads\/2020\/11\/Logo_2_2020-1024x992-1.jpg?fit=1024%2C992&resize=350%2C200 1x, https:\/\/i0.wp.com\/www.jojoenherbe.com\/wp-content\/uploads\/2020\/11\/Logo_2_2020-1024x992-1.jpg?fit=1024%2C992&resize=525%2C300 1.5x, https:\/\/i0.wp.com\/www.jojoenherbe.com\/wp-content\/uploads\/2020\/11\/Logo_2_2020-1024x992-1.jpg?fit=1024%2C992&resize=700%2C400 2x"},"classes":[]},{"id":22774,"url":"http:\/\/www.jojoenherbe.com\/index.php\/2021\/12\/13\/point-lecture-hebdomadaire-19\/","url_meta":{"origin":14316,"position":3},"title":"Point lecture hebdomadaire #19","author":"Jojo","date":"13 d\u00e9cembre 2021","format":false,"excerpt":"En ce d\u00e9but de semaine, voici notre point lecture hebdomadaire avec un retour sur nos lectures de la semaine derni\u00e8re et celles en cours et sans doute \u00e0 venir, avec un passage \u00e0 la m\u00e9diath\u00e8que et un \u00e0 la librairie. Nos lectures du 6 au 12 d\u00e9cembre 2021: Des lectures\u2026","rel":"","context":"Dans &quot;Mini blogueur&quot;","block_context":{"text":"Mini blogueur","link":"http:\/\/www.jojoenherbe.com\/index.php\/category\/mini-blogueur\/"},"img":{"alt_text":"","src":"https:\/\/i0.wp.com\/www.jojoenherbe.com\/wp-content\/uploads\/2021\/12\/Point-lecture-hebdomadaire-19-scaled.jpg?fit=1200%2C893&resize=350%2C200","width":350,"height":200,"srcset":"https:\/\/i0.wp.com\/www.jojoenherbe.com\/wp-content\/uploads\/2021\/12\/Point-lecture-hebdomadaire-19-scaled.jpg?fit=1200%2C893&resize=350%2C200 1x, https:\/\/i0.wp.com\/www.jojoenherbe.com\/wp-content\/uploads\/2021\/12\/Point-lecture-hebdomadaire-19-scaled.jpg?fit=1200%2C893&resize=525%2C300 1.5x, https:\/\/i0.wp.com\/www.jojoenherbe.com\/wp-content\/uploads\/2021\/12\/Point-lecture-hebdomadaire-19-scaled.jpg?fit=1200%2C893&resize=700%2C400 2x, https:\/\/i0.wp.com\/www.jojoenherbe.com\/wp-content\/uploads\/2021\/12\/Point-lecture-hebdomadaire-19-scaled.jpg?fit=1200%2C893&resize=1050%2C600 3x"},"classes":[]},{"id":13014,"url":"http:\/\/www.jojoenherbe.com\/index.php\/2020\/11\/12\/au-fil-des-pages-avec-logre-et-les-sept-freres-biquet\/","url_meta":{"origin":14316,"position":4},"title":"Au fil des pages avec L&rsquo;ogre et les sept fr\u00e8res Biquet","author":"Jojo","date":"12 novembre 2020","format":false,"excerpt":"Nous empruntons \u00e0 la m\u00e9diath\u00e8que L\u2019ogre et les sept fr\u00e8res Biquet de V\u00e9ronique Cauchy et Fabien \u00d6ckto Lambert (\u00e9d. Circonflexe, 2016), un album jeunesse \u00e0 partir de 5 ans et d\u00e9tournant de fa\u00e7on hilarante le conte du Loup et des sept chevreaux des fr\u00e8res Grimm. A l'approche de No\u00ebl, un\u2026","rel":"","context":"Dans &quot;Mini lecteur&quot;","block_context":{"text":"Mini lecteur","link":"http:\/\/www.jojoenherbe.com\/index.php\/category\/mini-lecteur\/"},"img":{"alt_text":"","src":"https:\/\/i0.wp.com\/www.jojoenherbe.com\/wp-content\/uploads\/2020\/10\/Logre-et-les-sept-freres-Biquet-scaled.jpg?fit=1200%2C900&resize=350%2C200","width":350,"height":200,"srcset":"https:\/\/i0.wp.com\/www.jojoenherbe.com\/wp-content\/uploads\/2020\/10\/Logre-et-les-sept-freres-Biquet-scaled.jpg?fit=1200%2C900&resize=350%2C200 1x, https:\/\/i0.wp.com\/www.jojoenherbe.com\/wp-content\/uploads\/2020\/10\/Logre-et-les-sept-freres-Biquet-scaled.jpg?fit=1200%2C900&resize=525%2C300 1.5x, https:\/\/i0.wp.com\/www.jojoenherbe.com\/wp-content\/uploads\/2020\/10\/Logre-et-les-sept-freres-Biquet-scaled.jpg?fit=1200%2C900&resize=700%2C400 2x, https:\/\/i0.wp.com\/www.jojoenherbe.com\/wp-content\/uploads\/2020\/10\/Logre-et-les-sept-freres-Biquet-scaled.jpg?fit=1200%2C900&resize=1050%2C600 3x"},"classes":[]},{"id":22744,"url":"http:\/\/www.jojoenherbe.com\/index.php\/2021\/12\/11\/un-rat-de-noel-2021\/","url_meta":{"origin":14316,"position":5},"title":"Un RAT de No\u00ebl 2021","author":"Jojo","date":"11 d\u00e9cembre 2021","format":false,"excerpt":"Depuis hier soir, 21h a lieu un read-a-thon no\u00ebllesque propos\u00e9 par Samarian et Chicky Poo dans le cadre de leur challenge Il \u00e9tait 9 fois No\u00ebl. Ce RAT finit demain \u00e0 minuit. Nos deux Santa lutines nous proposent donc un long week-end de lectures au chalet avec des d\u00e9fis facultatifs:\u2026","rel":"","context":"Dans &quot;Mini challenger&quot;","block_context":{"text":"Mini challenger","link":"http:\/\/www.jojoenherbe.com\/index.php\/category\/mini-challenger\/"},"img":{"alt_text":"","src":"https:\/\/i0.wp.com\/www.jojoenherbe.com\/wp-content\/uploads\/2021\/12\/RAT-de-Noel-2021-scaled.jpg?fit=1200%2C838&resize=350%2C200","width":350,"height":200,"srcset":"https:\/\/i0.wp.com\/www.jojoenherbe.com\/wp-content\/uploads\/2021\/12\/RAT-de-Noel-2021-scaled.jpg?fit=1200%2C838&resize=350%2C200 1x, https:\/\/i0.wp.com\/www.jojoenherbe.com\/wp-content\/uploads\/2021\/12\/RAT-de-Noel-2021-scaled.jpg?fit=1200%2C838&resize=525%2C300 1.5x, https:\/\/i0.wp.com\/www.jojoenherbe.com\/wp-content\/uploads\/2021\/12\/RAT-de-Noel-2021-scaled.jpg?fit=1200%2C838&resize=700%2C400 2x, https:\/\/i0.wp.com\/www.jojoenherbe.com\/wp-content\/uploads\/2021\/12\/RAT-de-Noel-2021-scaled.jpg?fit=1200%2C838&resize=1050%2C600 3x"},"classes":[]}],"_links":{"self":[{"href":"http:\/\/www.jojoenherbe.com\/index.php\/wp-json\/wp\/v2\/posts\/14316","targetHints":{"allow":["GET"]}}],"collection":[{"href":"http:\/\/www.jojoenherbe.com\/index.php\/wp-json\/wp\/v2\/posts"}],"about":[{"href":"http:\/\/www.jojoenherbe.com\/index.php\/wp-json\/wp\/v2\/types\/post"}],"author":[{"embeddable":true,"href":"http:\/\/www.jojoenherbe.com\/index.php\/wp-json\/wp\/v2\/users\/1"}],"replies":[{"embeddable":true,"href":"http:\/\/www.jojoenherbe.com\/index.php\/wp-json\/wp\/v2\/comments?post=14316"}],"version-history":[{"count":0,"href":"http:\/\/www.jojoenherbe.com\/index.php\/wp-json\/wp\/v2\/posts\/14316\/revisions"}],"wp:featuredmedia":[{"embeddable":true,"href":"http:\/\/www.jojoenherbe.com\/index.php\/wp-json\/wp\/v2\/media\/14334"}],"wp:attachment":[{"href":"http:\/\/www.jojoenherbe.com\/index.php\/wp-json\/wp\/v2\/media?parent=14316"}],"wp:term":[{"taxonomy":"category","embeddable":true,"href":"http:\/\/www.jojoenherbe.com\/index.php\/wp-json\/wp\/v2\/categories?post=14316"},{"taxonomy":"post_tag","embeddable":true,"href":"http:\/\/www.jojoenherbe.com\/index.php\/wp-json\/wp\/v2\/tags?post=14316"}],"curies":[{"name":"wp","href":"https:\/\/api.w.org\/{rel}","templated":true}]}}