{"id":14166,"date":"2020-12-01T14:45:22","date_gmt":"2020-12-01T13:45:22","guid":{"rendered":"http:\/\/www.jojoenherbe.com\/?p=14166"},"modified":"2021-12-14T16:16:12","modified_gmt":"2021-12-14T15:16:12","slug":"notre-calendrier-de-noel-livresque-2020","status":"publish","type":"post","link":"http:\/\/www.jojoenherbe.com\/index.php\/2020\/12\/01\/notre-calendrier-de-noel-livresque-2020\/","title":{"rendered":"Notre calendrier de No\u00ebl livresque 2020"},"content":{"rendered":"<p style=\"text-align: justify;\"><em><a href=\"https:\/\/i0.wp.com\/www.jojoenherbe.com\/wp-content\/uploads\/2020\/12\/Le-Chalet-des-bisous-Popi-scaled.jpg\"><img data-recalc-dims=\"1\" loading=\"lazy\" decoding=\"async\" data-attachment-id=\"14174\" data-permalink=\"http:\/\/www.jojoenherbe.com\/index.php\/2020\/12\/01\/notre-calendrier-de-noel-livresque-2020\/le-chalet-des-bisous-popi\/\" data-orig-file=\"https:\/\/i0.wp.com\/www.jojoenherbe.com\/wp-content\/uploads\/2020\/12\/Le-Chalet-des-bisous-Popi-scaled.jpg?fit=2560%2C1920\" data-orig-size=\"2560,1920\" data-comments-opened=\"1\" data-image-meta=\"{&quot;aperture&quot;:&quot;1.8&quot;,&quot;credit&quot;:&quot;&quot;,&quot;camera&quot;:&quot;iPhone 7&quot;,&quot;caption&quot;:&quot;&quot;,&quot;created_timestamp&quot;:&quot;1606833541&quot;,&quot;copyright&quot;:&quot;&quot;,&quot;focal_length&quot;:&quot;3.99&quot;,&quot;iso&quot;:&quot;80&quot;,&quot;shutter_speed&quot;:&quot;0.2&quot;,&quot;title&quot;:&quot;&quot;,&quot;orientation&quot;:&quot;1&quot;}\" data-image-title=\"Le Chalet des bisous &amp;#8211; Popi\" data-image-description=\"\" data-image-caption=\"\" data-large-file=\"https:\/\/i0.wp.com\/www.jojoenherbe.com\/wp-content\/uploads\/2020\/12\/Le-Chalet-des-bisous-Popi-scaled.jpg?fit=676%2C507\" class=\"alignleft size-thumbnail wp-image-14174\" src=\"https:\/\/i0.wp.com\/www.jojoenherbe.com\/wp-content\/uploads\/2020\/12\/Le-Chalet-des-bisous-Popi.jpg?resize=150%2C150\" alt=\"\" width=\"150\" height=\"150\" srcset=\"https:\/\/i0.wp.com\/www.jojoenherbe.com\/wp-content\/uploads\/2020\/12\/Le-Chalet-des-bisous-Popi-scaled.jpg?resize=150%2C150 150w, https:\/\/i0.wp.com\/www.jojoenherbe.com\/wp-content\/uploads\/2020\/12\/Le-Chalet-des-bisous-Popi-scaled.jpg?zoom=2&amp;resize=150%2C150 300w, https:\/\/i0.wp.com\/www.jojoenherbe.com\/wp-content\/uploads\/2020\/12\/Le-Chalet-des-bisous-Popi-scaled.jpg?zoom=3&amp;resize=150%2C150 450w\" sizes=\"auto, (max-width: 150px) 100vw, 150px\" \/><\/a><img data-recalc-dims=\"1\" loading=\"lazy\" decoding=\"async\" data-attachment-id=\"14172\" data-permalink=\"http:\/\/www.jojoenherbe.com\/index.php\/2020\/12\/01\/notre-calendrier-de-noel-livresque-2020\/calendrier-livresque\/\" data-orig-file=\"https:\/\/i0.wp.com\/www.jojoenherbe.com\/wp-content\/uploads\/2020\/12\/Calendrier-livresque-scaled.jpg?fit=2560%2C1920\" data-orig-size=\"2560,1920\" data-comments-opened=\"1\" data-image-meta=\"{&quot;aperture&quot;:&quot;1.8&quot;,&quot;credit&quot;:&quot;&quot;,&quot;camera&quot;:&quot;iPhone 7&quot;,&quot;caption&quot;:&quot;&quot;,&quot;created_timestamp&quot;:&quot;1606746593&quot;,&quot;copyright&quot;:&quot;&quot;,&quot;focal_length&quot;:&quot;3.99&quot;,&quot;iso&quot;:&quot;100&quot;,&quot;shutter_speed&quot;:&quot;0.2&quot;,&quot;title&quot;:&quot;&quot;,&quot;orientation&quot;:&quot;1&quot;}\" data-image-title=\"Calendrier livresque\" data-image-description=\"\" data-image-caption=\"\" data-large-file=\"https:\/\/i0.wp.com\/www.jojoenherbe.com\/wp-content\/uploads\/2020\/12\/Calendrier-livresque-scaled.jpg?fit=676%2C507\" class=\"alignleft wp-image-14172 size-thumbnail\" src=\"https:\/\/i0.wp.com\/www.jojoenherbe.com\/wp-content\/uploads\/2020\/12\/Calendrier-livresque.jpg?resize=150%2C150\" alt=\"\" width=\"150\" height=\"150\" srcset=\"https:\/\/i0.wp.com\/www.jojoenherbe.com\/wp-content\/uploads\/2020\/12\/Calendrier-livresque-scaled.jpg?resize=150%2C150 150w, https:\/\/i0.wp.com\/www.jojoenherbe.com\/wp-content\/uploads\/2020\/12\/Calendrier-livresque-scaled.jpg?zoom=2&amp;resize=150%2C150 300w, https:\/\/i0.wp.com\/www.jojoenherbe.com\/wp-content\/uploads\/2020\/12\/Calendrier-livresque-scaled.jpg?zoom=3&amp;resize=150%2C150 450w\" sizes=\"auto, (max-width: 150px) 100vw, 150px\" \/>En ce 1er d\u00e9cembre 2020, nous d\u00e9butons la journ\u00e9e en ouvrant la premi\u00e8re case de nos calendriers de No\u00ebl. Cela tombe bien puisque MyaRosa, Chicky Poo et Samarian nous proposent de pr\u00e9senter les calendriers de l&rsquo;Avent. Outre des calendriers habituels avec des chocolats, j&rsquo;avais pr\u00e9par\u00e9 une surprise: un calendrier livresque, m\u00eame s&rsquo;il ne contiendra pas que des livres mais aussi des cahiers d&rsquo;activit\u00e9s de No\u00ebl et de petits jouets en attendant le P\u00e8re No\u00ebl. J&rsquo;ai \u00e9galement ressorti le calendrier du num\u00e9ro de d\u00e9cembre de Popi de l&rsquo;ann\u00e9e derni\u00e8re, \u00ab\u00a0Le Chalet des Bisous\u00a0\u00bb. Car qui dit No\u00ebl dit chocolat et c\u00e2lins!<\/em><\/p>\n<p style=\"text-align: justify;\"><em><a href=\"https:\/\/i0.wp.com\/www.jojoenherbe.com\/wp-content\/uploads\/2020\/12\/Un-Noel-sous-la-neige-2-scaled.jpg\"><img data-recalc-dims=\"1\" loading=\"lazy\" decoding=\"async\" data-attachment-id=\"14175\" data-permalink=\"http:\/\/www.jojoenherbe.com\/index.php\/2020\/12\/01\/notre-calendrier-de-noel-livresque-2020\/un-noel-sous-la-neige-2-2\/\" data-orig-file=\"https:\/\/i0.wp.com\/www.jojoenherbe.com\/wp-content\/uploads\/2020\/12\/Un-Noel-sous-la-neige-2-scaled.jpg?fit=2560%2C1697\" data-orig-size=\"2560,1697\" data-comments-opened=\"1\" data-image-meta=\"{&quot;aperture&quot;:&quot;1.8&quot;,&quot;credit&quot;:&quot;&quot;,&quot;camera&quot;:&quot;iPhone 7&quot;,&quot;caption&quot;:&quot;&quot;,&quot;created_timestamp&quot;:&quot;1606833623&quot;,&quot;copyright&quot;:&quot;&quot;,&quot;focal_length&quot;:&quot;3.99&quot;,&quot;iso&quot;:&quot;80&quot;,&quot;shutter_speed&quot;:&quot;0.25&quot;,&quot;title&quot;:&quot;&quot;,&quot;orientation&quot;:&quot;1&quot;}\" data-image-title=\"Un No\u00ebl sous la neige 2\" data-image-description=\"\" data-image-caption=\"\" data-large-file=\"https:\/\/i0.wp.com\/www.jojoenherbe.com\/wp-content\/uploads\/2020\/12\/Un-Noel-sous-la-neige-2-scaled.jpg?fit=676%2C448\" class=\"size-thumbnail wp-image-14175 alignright\" src=\"https:\/\/i0.wp.com\/www.jojoenherbe.com\/wp-content\/uploads\/2020\/12\/Un-Noel-sous-la-neige-2.jpg?resize=150%2C150\" alt=\"\" width=\"150\" height=\"150\" srcset=\"https:\/\/i0.wp.com\/www.jojoenherbe.com\/wp-content\/uploads\/2020\/12\/Un-Noel-sous-la-neige-2-scaled.jpg?resize=150%2C150 150w, https:\/\/i0.wp.com\/www.jojoenherbe.com\/wp-content\/uploads\/2020\/12\/Un-Noel-sous-la-neige-2-scaled.jpg?zoom=2&amp;resize=150%2C150 300w, https:\/\/i0.wp.com\/www.jojoenherbe.com\/wp-content\/uploads\/2020\/12\/Un-Noel-sous-la-neige-2-scaled.jpg?zoom=3&amp;resize=150%2C150 450w\" sizes=\"auto, (max-width: 150px) 100vw, 150px\" \/><\/a><a href=\"https:\/\/i0.wp.com\/www.jojoenherbe.com\/wp-content\/uploads\/2020\/12\/Un-Noel-sous-la-neige-scaled.jpg\"><img data-recalc-dims=\"1\" loading=\"lazy\" decoding=\"async\" data-attachment-id=\"14169\" data-permalink=\"http:\/\/www.jojoenherbe.com\/index.php\/2020\/12\/01\/notre-calendrier-de-noel-livresque-2020\/un-noel-sous-la-neige-2\/\" data-orig-file=\"https:\/\/i0.wp.com\/www.jojoenherbe.com\/wp-content\/uploads\/2020\/12\/Un-Noel-sous-la-neige-scaled.jpg?fit=2560%2C1920\" data-orig-size=\"2560,1920\" data-comments-opened=\"1\" data-image-meta=\"{&quot;aperture&quot;:&quot;1.8&quot;,&quot;credit&quot;:&quot;&quot;,&quot;camera&quot;:&quot;iPhone 7&quot;,&quot;caption&quot;:&quot;&quot;,&quot;created_timestamp&quot;:&quot;1606831005&quot;,&quot;copyright&quot;:&quot;&quot;,&quot;focal_length&quot;:&quot;3.99&quot;,&quot;iso&quot;:&quot;100&quot;,&quot;shutter_speed&quot;:&quot;0.2&quot;,&quot;title&quot;:&quot;&quot;,&quot;orientation&quot;:&quot;1&quot;}\" data-image-title=\"Un No\u00ebl sous la neige\" data-image-description=\"\" data-image-caption=\"\" data-large-file=\"https:\/\/i0.wp.com\/www.jojoenherbe.com\/wp-content\/uploads\/2020\/12\/Un-Noel-sous-la-neige-scaled.jpg?fit=676%2C507\" class=\"size-thumbnail wp-image-14169 alignright\" src=\"https:\/\/i0.wp.com\/www.jojoenherbe.com\/wp-content\/uploads\/2020\/12\/Un-Noel-sous-la-neige.jpg?resize=150%2C150\" alt=\"\" width=\"150\" height=\"150\" srcset=\"https:\/\/i0.wp.com\/www.jojoenherbe.com\/wp-content\/uploads\/2020\/12\/Un-Noel-sous-la-neige-scaled.jpg?resize=150%2C150 150w, https:\/\/i0.wp.com\/www.jojoenherbe.com\/wp-content\/uploads\/2020\/12\/Un-Noel-sous-la-neige-scaled.jpg?zoom=2&amp;resize=150%2C150 300w, https:\/\/i0.wp.com\/www.jojoenherbe.com\/wp-content\/uploads\/2020\/12\/Un-Noel-sous-la-neige-scaled.jpg?zoom=3&amp;resize=150%2C150 450w\" sizes=\"auto, (max-width: 150px) 100vw, 150px\" \/><\/a>Alors qu&rsquo;est-ce qui se cachait sous le 1? Un album jeunesse de No\u00ebl avec la Pat&rsquo;Patrouille, la lecture matinale s&rsquo;\u00e9tant accompagn\u00e9e de chocolats: <span style=\"text-decoration: underline;\">Un No\u00ebl sous la neige<\/span> (\u00e9d. Hachette Jeunesse, 2020). Sans oublier le bisou cache-cache de l&rsquo;ours blanc!<\/em><\/p>\n<p style=\"text-align: justify;\"><em>Et chez vous, c&rsquo;est aussi la tradition du calendrier de l&rsquo;Avent? Et si oui, un perp\u00e9tuel, fait maison ou non? Plut\u00f4t chocolat, th\u00e9 ou autres gourmandises ou peut-\u00eatre encore soins beaut\u00e9? Ou tout simplement mais si chaleureusement des petits mots doux pour \u00e9gayer cette fin d&rsquo;ann\u00e9e?<\/em><\/p>\n<div style=\"width: 142px\" class=\"wp-caption alignleft\"><img loading=\"lazy\" decoding=\"async\" class=\"attachment-post-image  wp-post-image\" src=\"https:\/\/i1.wp.com\/www.jojoenherbe.com\/wp-content\/uploads\/2020\/11\/Logo_2_2020-1024x992-1.jpg?fit=676%2C655\" sizes=\"auto, (max-width: 676px) 100vw, 676px\" srcset=\"https:\/\/i1.wp.com\/www.jojoenherbe.com\/wp-content\/uploads\/2020\/11\/Logo_2_2020-1024x992-1.jpg?w=1024 1024w, https:\/\/i1.wp.com\/www.jojoenherbe.com\/wp-content\/uploads\/2020\/11\/Logo_2_2020-1024x992-1.jpg?resize=300%2C291 300w, https:\/\/i1.wp.com\/www.jojoenherbe.com\/wp-content\/uploads\/2020\/11\/Logo_2_2020-1024x992-1.jpg?resize=768%2C744 768w, https:\/\/i1.wp.com\/www.jojoenherbe.com\/wp-content\/uploads\/2020\/11\/Logo_2_2020-1024x992-1.jpg?resize=676%2C655 676w\" alt=\"\" width=\"132\" height=\"128\" data-attachment-id=\"13791\" data-permalink=\"http:\/\/www.jojoenherbe.com\/index.php\/2020\/11\/10\/billet-de-suivi-il-etait-8-fois-noel\/logo_2_2020-1024x992\/\" data-orig-file=\"https:\/\/i1.wp.com\/www.jojoenherbe.com\/wp-content\/uploads\/2020\/11\/Logo_2_2020-1024x992-1.jpg?fit=1024%2C992\" data-orig-size=\"1024,992\" data-comments-opened=\"1\" data-image-meta=\"{&quot;aperture&quot;:&quot;0&quot;,&quot;credit&quot;:&quot;&quot;,&quot;camera&quot;:&quot;&quot;,&quot;caption&quot;:&quot;&quot;,&quot;created_timestamp&quot;:&quot;0&quot;,&quot;copyright&quot;:&quot;&quot;,&quot;focal_length&quot;:&quot;0&quot;,&quot;iso&quot;:&quot;0&quot;,&quot;shutter_speed&quot;:&quot;0&quot;,&quot;title&quot;:&quot;&quot;,&quot;orientation&quot;:&quot;0&quot;}\" data-image-title=\"Logo_2_2020-1024\u00d7992\" data-image-description=\"\" data-medium-file=\"https:\/\/i1.wp.com\/www.jojoenherbe.com\/wp-content\/uploads\/2020\/11\/Logo_2_2020-1024x992-1.jpg?fit=300%2C291\" data-large-file=\"https:\/\/i1.wp.com\/www.jojoenherbe.com\/wp-content\/uploads\/2020\/11\/Logo_2_2020-1024x992-1.jpg?fit=676%2C655\" \/><p class=\"wp-caption-text\">Challenge Il \u00e9tait 8 fois No\u00ebl de <a href=\"https:\/\/www.laplanquealibellules.fr\/2020\/11\/il-etait-huit-fois-noel.html\/\">Chicky Poo<\/a> et <a href=\"https:\/\/viedecontedefee.blogspot.com\/2020\/11\/1638-il-etait-huit-fois-noel.html\">Samarian<\/a> #Calendrier de l&rsquo;Avent<\/p><\/div>\n<div style=\"width: 137px\" class=\"wp-caption alignleft\"><img data-recalc-dims=\"1\" loading=\"lazy\" decoding=\"async\" class=\"\" src=\"https:\/\/i0.wp.com\/image.over-blog.com\/QtkiuqWdwqgDD5PoRaYFPXM2rUQ%3D\/filters%3Ano_upscale%28%29\/image%2F1490149%2F20201109%2Fob_3a58b1_christmastime2020logo1.jpg?resize=127%2C128&#038;ssl=1\" alt=\"\" width=\"127\" height=\"128\" data-amp-height=\"352\" data-amp-width=\"350\" \/><p class=\"wp-caption-text\">Challenge Christmas Time de <a href=\"http:\/\/mya.books.over-blog.com\/2020\/11\/challenge-christmas-time-2020.html\">MyaRosa<\/a> #Calendrier de l&rsquo;Avent<\/p><\/div>\n","protected":false},"excerpt":{"rendered":"<p>En ce 1er d\u00e9cembre 2020, nous d\u00e9butons la journ\u00e9e en ouvrant la premi\u00e8re case de nos calendriers de No\u00ebl. Cela tombe bien puisque MyaRosa, Chicky Poo et Samarian nous proposent de pr\u00e9senter les calendriers de l&rsquo;Avent. Outre des calendriers habituels avec des chocolats, j&rsquo;avais pr\u00e9par\u00e9 une surprise: un calendrier livresque, m\u00eame s&rsquo;il ne contiendra pas [&hellip;]<\/p>\n","protected":false},"author":1,"featured_media":14167,"comment_status":"open","ping_status":"open","sticky":false,"template":"","format":"standard","meta":{"jetpack_post_was_ever_published":false,"_jetpack_newsletter_access":"","_jetpack_dont_email_post_to_subs":false,"_jetpack_newsletter_tier_id":0,"_jetpack_memberships_contains_paywalled_content":false,"_jetpack_memberships_contains_paid_content":false,"footnotes":""},"categories":[873],"tags":[1053,1931,1117,19],"class_list":["post-14166","post","type-post","status-publish","format-standard","has-post-thumbnail","hentry","category-mini-challenger","tag-calendrier-de-lavent","tag-challenge-christmas-time-2020","tag-il-etait-8-fois-noel","tag-noel","post-preview"],"jetpack_featured_media_url":"https:\/\/i0.wp.com\/www.jojoenherbe.com\/wp-content\/uploads\/2020\/12\/Calendriers-de-Noel-scaled.jpg?fit=2560%2C2289","jetpack_sharing_enabled":true,"jetpack_shortlink":"https:\/\/wp.me\/p9zhGx-3Gu","jetpack_likes_enabled":true,"jetpack-related-posts":[{"id":22603,"url":"http:\/\/www.jojoenherbe.com\/index.php\/2021\/12\/01\/notre-calendrier-de-noel-2021\/","url_meta":{"origin":14166,"position":0},"title":"Notre calendrier de No\u00ebl 2021","author":"Jojo","date":"1 d\u00e9cembre 2021","format":false,"excerpt":"En ce 1er d\u00e9cembre 2021, il est temps d'ouvrir la premi\u00e8re case de notre calendrier de No\u00ebl, avant tout livresque comme l'ann\u00e9e derni\u00e8re. Ce sera notre premier rituel de la journ\u00e9e tout au long du mois de d\u00e9cembre. Cela tombe bien puisque MyaRosa, Chicky Poo et Samarian nous proposent de\u2026","rel":"","context":"Dans &quot;Mini challenger&quot;","block_context":{"text":"Mini challenger","link":"http:\/\/www.jojoenherbe.com\/index.php\/category\/mini-challenger\/"},"img":{"alt_text":"","src":"https:\/\/i0.wp.com\/www.jojoenherbe.com\/wp-content\/uploads\/2021\/12\/Calendrier-de-lAvent-2021-scaled.jpg?fit=900%2C1200&resize=350%2C200","width":350,"height":200,"srcset":"https:\/\/i0.wp.com\/www.jojoenherbe.com\/wp-content\/uploads\/2021\/12\/Calendrier-de-lAvent-2021-scaled.jpg?fit=900%2C1200&resize=350%2C200 1x, https:\/\/i0.wp.com\/www.jojoenherbe.com\/wp-content\/uploads\/2021\/12\/Calendrier-de-lAvent-2021-scaled.jpg?fit=900%2C1200&resize=525%2C300 1.5x, https:\/\/i0.wp.com\/www.jojoenherbe.com\/wp-content\/uploads\/2021\/12\/Calendrier-de-lAvent-2021-scaled.jpg?fit=900%2C1200&resize=700%2C400 2x"},"classes":[]},{"id":28763,"url":"http:\/\/www.jojoenherbe.com\/index.php\/2022\/12\/01\/nos-calendriers-de-noel-2022\/","url_meta":{"origin":14166,"position":1},"title":"Nos calendriers de No\u00ebl 2022","author":"Jojo","date":"1 d\u00e9cembre 2022","format":false,"excerpt":"En ce 1er d\u00e9cembre 2022, il est temps d\u2019ouvrir la premi\u00e8re case de nos calendriers de No\u00ebl. Ce sera notre premier rituel de la journ\u00e9e tout au long du mois de d\u00e9cembre. Cela tombe bien puisque MyaRosa, Chicky Poo et Samarian nous proposent de pr\u00e9senter les calendriers de l\u2019Avent. Il\u2026","rel":"","context":"Dans &quot;Mini challenger&quot;","block_context":{"text":"Mini challenger","link":"http:\/\/www.jojoenherbe.com\/index.php\/category\/mini-challenger\/"},"img":{"alt_text":"","src":"https:\/\/i0.wp.com\/www.jojoenherbe.com\/wp-content\/uploads\/2022\/12\/Calendriers-de-Noel-2022-scaled.jpg?fit=1200%2C737&resize=350%2C200","width":350,"height":200,"srcset":"https:\/\/i0.wp.com\/www.jojoenherbe.com\/wp-content\/uploads\/2022\/12\/Calendriers-de-Noel-2022-scaled.jpg?fit=1200%2C737&resize=350%2C200 1x, https:\/\/i0.wp.com\/www.jojoenherbe.com\/wp-content\/uploads\/2022\/12\/Calendriers-de-Noel-2022-scaled.jpg?fit=1200%2C737&resize=525%2C300 1.5x, https:\/\/i0.wp.com\/www.jojoenherbe.com\/wp-content\/uploads\/2022\/12\/Calendriers-de-Noel-2022-scaled.jpg?fit=1200%2C737&resize=700%2C400 2x, https:\/\/i0.wp.com\/www.jojoenherbe.com\/wp-content\/uploads\/2022\/12\/Calendriers-de-Noel-2022-scaled.jpg?fit=1200%2C737&resize=1050%2C600 3x"},"classes":[]},{"id":8700,"url":"http:\/\/www.jojoenherbe.com\/index.php\/2019\/12\/01\/a-la-decouverte-de-nos-calendriers-de-lavent-2019\/","url_meta":{"origin":14166,"position":2},"title":"A la d\u00e9couverte de nos calendriers de l&rsquo;Avent 2019","author":"Jojo","date":"1 d\u00e9cembre 2019","format":false,"excerpt":"En ce 1er d\u00e9cembre 2019 encore bien pluvieux, nous nous r\u00e9chauffons en ouvrant la premi\u00e8re case de nos calendriers de l'Avent: le chalet des bisous du Popi de d\u00e9cembre 2019, le calendrier de Loup et celui de Cars. Ce ne sera pas encore un calendrier perp\u00e9tuel, m\u00eame si comme les\u2026","rel":"","context":"Dans &quot;Mini joueur&quot;","block_context":{"text":"Mini joueur","link":"http:\/\/www.jojoenherbe.com\/index.php\/category\/mini-decouvreur\/mini-joueur\/"},"img":{"alt_text":"","src":"https:\/\/i0.wp.com\/www.jojoenherbe.com\/wp-content\/uploads\/2019\/12\/Calendriers-de-lAvent-2019-scaled.jpg?fit=918%2C1200&resize=350%2C200","width":350,"height":200,"srcset":"https:\/\/i0.wp.com\/www.jojoenherbe.com\/wp-content\/uploads\/2019\/12\/Calendriers-de-lAvent-2019-scaled.jpg?fit=918%2C1200&resize=350%2C200 1x, https:\/\/i0.wp.com\/www.jojoenherbe.com\/wp-content\/uploads\/2019\/12\/Calendriers-de-lAvent-2019-scaled.jpg?fit=918%2C1200&resize=525%2C300 1.5x, https:\/\/i0.wp.com\/www.jojoenherbe.com\/wp-content\/uploads\/2019\/12\/Calendriers-de-lAvent-2019-scaled.jpg?fit=918%2C1200&resize=700%2C400 2x"},"classes":[]},{"id":33268,"url":"http:\/\/www.jojoenherbe.com\/index.php\/2023\/12\/01\/nos-calendriers-de-noel-2023\/","url_meta":{"origin":14166,"position":3},"title":"Nos calendriers de No\u00ebl 2023","author":"Jojo","date":"1 d\u00e9cembre 2023","format":false,"excerpt":"En ce 1er d\u00e9cembre 2023, il est temps d\u2019ouvrir la premi\u00e8re case de nos calendriers de No\u00ebl. Ce sera notre premier rituel de la journ\u00e9e tout au long du mois de d\u00e9cembre. Cela tombe bien puisque MyaRosa, Chicky Poo et Samarian nous proposent de pr\u00e9senter les calendriers de l\u2019Avent. Il\u2026","rel":"","context":"Dans &quot;Mini challenger&quot;","block_context":{"text":"Mini challenger","link":"http:\/\/www.jojoenherbe.com\/index.php\/category\/mini-challenger\/"},"img":{"alt_text":"","src":"https:\/\/i0.wp.com\/www.jojoenherbe.com\/wp-content\/uploads\/2023\/11\/Calendrier-de-Noel-2023-scaled.jpg?fit=1200%2C939&resize=350%2C200","width":350,"height":200,"srcset":"https:\/\/i0.wp.com\/www.jojoenherbe.com\/wp-content\/uploads\/2023\/11\/Calendrier-de-Noel-2023-scaled.jpg?fit=1200%2C939&resize=350%2C200 1x, https:\/\/i0.wp.com\/www.jojoenherbe.com\/wp-content\/uploads\/2023\/11\/Calendrier-de-Noel-2023-scaled.jpg?fit=1200%2C939&resize=525%2C300 1.5x, https:\/\/i0.wp.com\/www.jojoenherbe.com\/wp-content\/uploads\/2023\/11\/Calendrier-de-Noel-2023-scaled.jpg?fit=1200%2C939&resize=700%2C400 2x, https:\/\/i0.wp.com\/www.jojoenherbe.com\/wp-content\/uploads\/2023\/11\/Calendrier-de-Noel-2023-scaled.jpg?fit=1200%2C939&resize=1050%2C600 3x"},"classes":[]},{"id":22648,"url":"http:\/\/www.jojoenherbe.com\/index.php\/2021\/12\/02\/une-couronne-de-noel-en-bois-a-colorier\/","url_meta":{"origin":14166,"position":4},"title":"Une couronne de No\u00ebl en bois \u00e0 colorier","author":"Jojo","date":"2 d\u00e9cembre 2021","format":false,"excerpt":"En ce 1er d\u00e9cembre 2021, j'avais gliss\u00e9 dans la premi\u00e8re case de notre calendrier de No\u00ebl des d\u00e9corations en bois \u00e0 colorier: une couronne de No\u00ebl et un p\u00e8re No\u00ebl. Nous avons donc colorier avec des feutres Posca la couronne de No\u00ebl pour le premier atelier cr\u00e9atif de No\u00ebl de\u2026","rel":"","context":"Dans &quot;Mini joueur&quot;","block_context":{"text":"Mini joueur","link":"http:\/\/www.jojoenherbe.com\/index.php\/category\/mini-decouvreur\/mini-joueur\/"},"img":{"alt_text":"","src":"https:\/\/i0.wp.com\/www.jojoenherbe.com\/wp-content\/uploads\/2021\/12\/Couronne-en-bois-de-Noel-scaled.jpg?fit=1200%2C1031&resize=350%2C200","width":350,"height":200,"srcset":"https:\/\/i0.wp.com\/www.jojoenherbe.com\/wp-content\/uploads\/2021\/12\/Couronne-en-bois-de-Noel-scaled.jpg?fit=1200%2C1031&resize=350%2C200 1x, https:\/\/i0.wp.com\/www.jojoenherbe.com\/wp-content\/uploads\/2021\/12\/Couronne-en-bois-de-Noel-scaled.jpg?fit=1200%2C1031&resize=525%2C300 1.5x, https:\/\/i0.wp.com\/www.jojoenherbe.com\/wp-content\/uploads\/2021\/12\/Couronne-en-bois-de-Noel-scaled.jpg?fit=1200%2C1031&resize=700%2C400 2x, https:\/\/i0.wp.com\/www.jojoenherbe.com\/wp-content\/uploads\/2021\/12\/Couronne-en-bois-de-Noel-scaled.jpg?fit=1200%2C1031&resize=1050%2C600 3x"},"classes":[]},{"id":13786,"url":"http:\/\/www.jojoenherbe.com\/index.php\/2020\/11\/10\/billet-de-suivi-challenge-christmas-time-2020\/","url_meta":{"origin":14166,"position":5},"title":"Billet de suivi: Challenge Christmas Time 2020","author":"Jojo","date":"10 novembre 2020","format":false,"excerpt":"Le mois de d\u00e9cembre approchant, c'est le retour du Challenge Christmas Time 2020, un challenge de No\u00ebl organis\u00e9 par MyaRosa et qui se d\u00e9roule du 9 novembre 2020 au 12 janvier 2021. Pour plus d\u2019infos, n\u2019h\u00e9sitez pas \u00e0 aller sur son blog. Ce billet sera actualis\u00e9 au fil du mois\u2026","rel":"","context":"Dans &quot;Mini challenger&quot;","block_context":{"text":"Mini challenger","link":"http:\/\/www.jojoenherbe.com\/index.php\/category\/mini-challenger\/"},"img":{"alt_text":"","src":"https:\/\/i0.wp.com\/www.jojoenherbe.com\/wp-content\/uploads\/2020\/11\/image_1490149_20201109_ob_f79ca9_jkhkjkjhh.jpg?fit=564%2C449&resize=350%2C200","width":350,"height":200,"srcset":"https:\/\/i0.wp.com\/www.jojoenherbe.com\/wp-content\/uploads\/2020\/11\/image_1490149_20201109_ob_f79ca9_jkhkjkjhh.jpg?fit=564%2C449&resize=350%2C200 1x, https:\/\/i0.wp.com\/www.jojoenherbe.com\/wp-content\/uploads\/2020\/11\/image_1490149_20201109_ob_f79ca9_jkhkjkjhh.jpg?fit=564%2C449&resize=525%2C300 1.5x"},"classes":[]}],"_links":{"self":[{"href":"http:\/\/www.jojoenherbe.com\/index.php\/wp-json\/wp\/v2\/posts\/14166","targetHints":{"allow":["GET"]}}],"collection":[{"href":"http:\/\/www.jojoenherbe.com\/index.php\/wp-json\/wp\/v2\/posts"}],"about":[{"href":"http:\/\/www.jojoenherbe.com\/index.php\/wp-json\/wp\/v2\/types\/post"}],"author":[{"embeddable":true,"href":"http:\/\/www.jojoenherbe.com\/index.php\/wp-json\/wp\/v2\/users\/1"}],"replies":[{"embeddable":true,"href":"http:\/\/www.jojoenherbe.com\/index.php\/wp-json\/wp\/v2\/comments?post=14166"}],"version-history":[{"count":0,"href":"http:\/\/www.jojoenherbe.com\/index.php\/wp-json\/wp\/v2\/posts\/14166\/revisions"}],"wp:featuredmedia":[{"embeddable":true,"href":"http:\/\/www.jojoenherbe.com\/index.php\/wp-json\/wp\/v2\/media\/14167"}],"wp:attachment":[{"href":"http:\/\/www.jojoenherbe.com\/index.php\/wp-json\/wp\/v2\/media?parent=14166"}],"wp:term":[{"taxonomy":"category","embeddable":true,"href":"http:\/\/www.jojoenherbe.com\/index.php\/wp-json\/wp\/v2\/categories?post=14166"},{"taxonomy":"post_tag","embeddable":true,"href":"http:\/\/www.jojoenherbe.com\/index.php\/wp-json\/wp\/v2\/tags?post=14166"}],"curies":[{"name":"wp","href":"https:\/\/api.w.org\/{rel}","templated":true}]}}