{"id":14074,"date":"2020-11-25T13:31:40","date_gmt":"2020-11-25T12:31:40","guid":{"rendered":"http:\/\/www.jojoenherbe.com\/?p=14074"},"modified":"2021-11-10T10:21:03","modified_gmt":"2021-11-10T09:21:03","slug":"au-fil-des-pages-avec-quand-tombe-la-neige","status":"publish","type":"post","link":"http:\/\/www.jojoenherbe.com\/index.php\/2020\/11\/25\/au-fil-des-pages-avec-quand-tombe-la-neige\/","title":{"rendered":"Au fil des pages avec Quand tombe la neige"},"content":{"rendered":"<p style=\"text-align: justify;\"><em> D&rsquo;habitude, nous installons le sapin de No\u00ebl et les d\u00e9corations pour la Sainte-Catherine. Mais cette ann\u00e9e, tout est d\u00e9j\u00e0 install\u00e9 et nous avons d\u00e9j\u00e0 commenc\u00e9 \u00e0 nous plonger dans les histoires de No\u00ebl. Alors en ce 25 novembre 2020, j&rsquo;avais envie de vous pr\u00e9senter un album jeunesse que j&rsquo;avais rep\u00e9r\u00e9 l&rsquo;ann\u00e9e derni\u00e8re chez <a href=\"http:\/\/mapetitemediatheque.fr\/2019\/12\/quand-tombe-la-neige-album-jeunesse\/\">Bidib<\/a> et qui en a reparl\u00e9 hier. C&rsquo;est une de nos lectures de ces derniers jours, ayant r\u00e9ussi \u00e0 l&#8217;emprunter \u00e0 la m\u00e9diath\u00e8que samedi dernier et qui est malheureusement \u00e9puis\u00e9. Il s&rsquo;agit de <span style=\"text-decoration: underline;\">Quand tombe la neige<\/span> de Richard Collingridge (\u00e9d. Albin Michel Jeunesse, 2013), un album jeunesse \u00e0 partir de 4 ans.<\/em><\/p>\n<p style=\"text-align: justify;\"><em><a href=\"https:\/\/i0.wp.com\/www.jojoenherbe.com\/wp-content\/uploads\/2020\/11\/Quand-tombe-la-neige-3-scaled.jpg\"><img data-recalc-dims=\"1\" loading=\"lazy\" decoding=\"async\" data-attachment-id=\"14085\" data-permalink=\"http:\/\/www.jojoenherbe.com\/index.php\/2020\/11\/25\/au-fil-des-pages-avec-quand-tombe-la-neige\/quand-tombe-la-neige-3\/\" data-orig-file=\"https:\/\/i0.wp.com\/www.jojoenherbe.com\/wp-content\/uploads\/2020\/11\/Quand-tombe-la-neige-3-scaled.jpg?fit=2560%2C1712\" data-orig-size=\"2560,1712\" data-comments-opened=\"1\" data-image-meta=\"{&quot;aperture&quot;:&quot;1.8&quot;,&quot;credit&quot;:&quot;&quot;,&quot;camera&quot;:&quot;iPhone 7&quot;,&quot;caption&quot;:&quot;&quot;,&quot;created_timestamp&quot;:&quot;1606310363&quot;,&quot;copyright&quot;:&quot;&quot;,&quot;focal_length&quot;:&quot;3.99&quot;,&quot;iso&quot;:&quot;32&quot;,&quot;shutter_speed&quot;:&quot;0.03030303030303&quot;,&quot;title&quot;:&quot;&quot;,&quot;orientation&quot;:&quot;1&quot;}\" data-image-title=\"Quand tombe la neige 3\" data-image-description=\"\" data-image-caption=\"\" data-large-file=\"https:\/\/i0.wp.com\/www.jojoenherbe.com\/wp-content\/uploads\/2020\/11\/Quand-tombe-la-neige-3-scaled.jpg?fit=676%2C452\" class=\"alignleft size-thumbnail wp-image-14085\" src=\"https:\/\/i0.wp.com\/www.jojoenherbe.com\/wp-content\/uploads\/2020\/11\/Quand-tombe-la-neige-3.jpg?resize=150%2C150\" alt=\"\" width=\"150\" height=\"150\" srcset=\"https:\/\/i0.wp.com\/www.jojoenherbe.com\/wp-content\/uploads\/2020\/11\/Quand-tombe-la-neige-3-scaled.jpg?resize=150%2C150 150w, https:\/\/i0.wp.com\/www.jojoenherbe.com\/wp-content\/uploads\/2020\/11\/Quand-tombe-la-neige-3-scaled.jpg?zoom=2&amp;resize=150%2C150 300w, https:\/\/i0.wp.com\/www.jojoenherbe.com\/wp-content\/uploads\/2020\/11\/Quand-tombe-la-neige-3-scaled.jpg?zoom=3&amp;resize=150%2C150 450w\" sizes=\"auto, (max-width: 150px) 100vw, 150px\" \/><\/a> <a href=\"https:\/\/i0.wp.com\/www.jojoenherbe.com\/wp-content\/uploads\/2020\/11\/Quand-tombe-la-neige-4-scaled.jpg\"><img data-recalc-dims=\"1\" loading=\"lazy\" decoding=\"async\" data-attachment-id=\"14086\" data-permalink=\"http:\/\/www.jojoenherbe.com\/index.php\/2020\/11\/25\/au-fil-des-pages-avec-quand-tombe-la-neige\/quand-tombe-la-neige-4\/\" data-orig-file=\"https:\/\/i0.wp.com\/www.jojoenherbe.com\/wp-content\/uploads\/2020\/11\/Quand-tombe-la-neige-4-scaled.jpg?fit=2560%2C1731\" data-orig-size=\"2560,1731\" data-comments-opened=\"1\" data-image-meta=\"{&quot;aperture&quot;:&quot;1.8&quot;,&quot;credit&quot;:&quot;&quot;,&quot;camera&quot;:&quot;iPhone 7&quot;,&quot;caption&quot;:&quot;&quot;,&quot;created_timestamp&quot;:&quot;1606310374&quot;,&quot;copyright&quot;:&quot;&quot;,&quot;focal_length&quot;:&quot;3.99&quot;,&quot;iso&quot;:&quot;32&quot;,&quot;shutter_speed&quot;:&quot;0.04&quot;,&quot;title&quot;:&quot;&quot;,&quot;orientation&quot;:&quot;1&quot;}\" data-image-title=\"Quand tombe la neige 4\" data-image-description=\"\" data-image-caption=\"\" data-large-file=\"https:\/\/i0.wp.com\/www.jojoenherbe.com\/wp-content\/uploads\/2020\/11\/Quand-tombe-la-neige-4-scaled.jpg?fit=676%2C457\" class=\"alignleft size-thumbnail wp-image-14086\" src=\"https:\/\/i0.wp.com\/www.jojoenherbe.com\/wp-content\/uploads\/2020\/11\/Quand-tombe-la-neige-4.jpg?resize=150%2C150\" alt=\"\" width=\"150\" height=\"150\" srcset=\"https:\/\/i0.wp.com\/www.jojoenherbe.com\/wp-content\/uploads\/2020\/11\/Quand-tombe-la-neige-4-scaled.jpg?resize=150%2C150 150w, https:\/\/i0.wp.com\/www.jojoenherbe.com\/wp-content\/uploads\/2020\/11\/Quand-tombe-la-neige-4-scaled.jpg?zoom=2&amp;resize=150%2C150 300w, https:\/\/i0.wp.com\/www.jojoenherbe.com\/wp-content\/uploads\/2020\/11\/Quand-tombe-la-neige-4-scaled.jpg?zoom=3&amp;resize=150%2C150 450w\" sizes=\"auto, (max-width: 150px) 100vw, 150px\" \/><\/a>Un petit gar\u00e7on et son doudou ourson sortent sous la neige. Commence alors un voyage magnifique et onirique dans des d\u00e9cors enneig\u00e9s, la ville se transformant bient\u00f4t en un lieu f\u00e9\u00e9rique o\u00f9 les attendent des rencontres merveilleuses comme la Reine des P\u00f4les ou le P\u00e8re No\u00ebl. <\/em><\/p>\n<p style=\"text-align: justify;\"><em><a href=\"https:\/\/i0.wp.com\/www.jojoenherbe.com\/wp-content\/uploads\/2020\/11\/Quand-tombe-la-neige-6-scaled.jpg\"><img data-recalc-dims=\"1\" loading=\"lazy\" decoding=\"async\" data-attachment-id=\"14088\" data-permalink=\"http:\/\/www.jojoenherbe.com\/index.php\/2020\/11\/25\/au-fil-des-pages-avec-quand-tombe-la-neige\/quand-tombe-la-neige-6\/\" data-orig-file=\"https:\/\/i0.wp.com\/www.jojoenherbe.com\/wp-content\/uploads\/2020\/11\/Quand-tombe-la-neige-6-scaled.jpg?fit=2560%2C1721\" data-orig-size=\"2560,1721\" data-comments-opened=\"1\" data-image-meta=\"{&quot;aperture&quot;:&quot;1.8&quot;,&quot;credit&quot;:&quot;&quot;,&quot;camera&quot;:&quot;iPhone 7&quot;,&quot;caption&quot;:&quot;&quot;,&quot;created_timestamp&quot;:&quot;1606310398&quot;,&quot;copyright&quot;:&quot;&quot;,&quot;focal_length&quot;:&quot;3.99&quot;,&quot;iso&quot;:&quot;40&quot;,&quot;shutter_speed&quot;:&quot;0.058823529411765&quot;,&quot;title&quot;:&quot;&quot;,&quot;orientation&quot;:&quot;1&quot;}\" data-image-title=\"Quand tombe la neige 6\" data-image-description=\"\" data-image-caption=\"\" data-large-file=\"https:\/\/i0.wp.com\/www.jojoenherbe.com\/wp-content\/uploads\/2020\/11\/Quand-tombe-la-neige-6-scaled.jpg?fit=676%2C454\" class=\"size-thumbnail wp-image-14088 alignright\" src=\"https:\/\/i0.wp.com\/www.jojoenherbe.com\/wp-content\/uploads\/2020\/11\/Quand-tombe-la-neige-6.jpg?resize=150%2C150\" alt=\"\" width=\"150\" height=\"150\" srcset=\"https:\/\/i0.wp.com\/www.jojoenherbe.com\/wp-content\/uploads\/2020\/11\/Quand-tombe-la-neige-6-scaled.jpg?resize=150%2C150 150w, https:\/\/i0.wp.com\/www.jojoenherbe.com\/wp-content\/uploads\/2020\/11\/Quand-tombe-la-neige-6-scaled.jpg?zoom=2&amp;resize=150%2C150 300w, https:\/\/i0.wp.com\/www.jojoenherbe.com\/wp-content\/uploads\/2020\/11\/Quand-tombe-la-neige-6-scaled.jpg?zoom=3&amp;resize=150%2C150 450w\" sizes=\"auto, (max-width: 150px) 100vw, 150px\" \/><\/a> <a href=\"https:\/\/i0.wp.com\/www.jojoenherbe.com\/wp-content\/uploads\/2020\/11\/Quand-tombe-la-neige-5-scaled.jpg\"><img data-recalc-dims=\"1\" loading=\"lazy\" decoding=\"async\" data-attachment-id=\"14087\" data-permalink=\"http:\/\/www.jojoenherbe.com\/index.php\/2020\/11\/25\/au-fil-des-pages-avec-quand-tombe-la-neige\/quand-tombe-la-neige-5\/\" data-orig-file=\"https:\/\/i0.wp.com\/www.jojoenherbe.com\/wp-content\/uploads\/2020\/11\/Quand-tombe-la-neige-5-scaled.jpg?fit=2560%2C1796\" data-orig-size=\"2560,1796\" data-comments-opened=\"1\" data-image-meta=\"{&quot;aperture&quot;:&quot;1.8&quot;,&quot;credit&quot;:&quot;&quot;,&quot;camera&quot;:&quot;iPhone 7&quot;,&quot;caption&quot;:&quot;&quot;,&quot;created_timestamp&quot;:&quot;1606310389&quot;,&quot;copyright&quot;:&quot;&quot;,&quot;focal_length&quot;:&quot;3.99&quot;,&quot;iso&quot;:&quot;40&quot;,&quot;shutter_speed&quot;:&quot;0.05&quot;,&quot;title&quot;:&quot;&quot;,&quot;orientation&quot;:&quot;1&quot;}\" data-image-title=\"Quand tombe la neige 5\" data-image-description=\"\" data-image-caption=\"\" data-large-file=\"https:\/\/i0.wp.com\/www.jojoenherbe.com\/wp-content\/uploads\/2020\/11\/Quand-tombe-la-neige-5-scaled.jpg?fit=676%2C474\" class=\"size-thumbnail wp-image-14087 alignright\" src=\"https:\/\/i0.wp.com\/www.jojoenherbe.com\/wp-content\/uploads\/2020\/11\/Quand-tombe-la-neige-5.jpg?resize=150%2C150\" alt=\"\" width=\"150\" height=\"150\" srcset=\"https:\/\/i0.wp.com\/www.jojoenherbe.com\/wp-content\/uploads\/2020\/11\/Quand-tombe-la-neige-5-scaled.jpg?resize=150%2C150 150w, https:\/\/i0.wp.com\/www.jojoenherbe.com\/wp-content\/uploads\/2020\/11\/Quand-tombe-la-neige-5-scaled.jpg?zoom=2&amp;resize=150%2C150 300w, https:\/\/i0.wp.com\/www.jojoenherbe.com\/wp-content\/uploads\/2020\/11\/Quand-tombe-la-neige-5-scaled.jpg?zoom=3&amp;resize=150%2C150 450w\" sizes=\"auto, (max-width: 150px) 100vw, 150px\" \/><\/a>L&rsquo;histoire est douce et po\u00e9tique. <\/em><em>Les illustrations sont superbes, Richard Collingridge jouant avec les ombres et lumi\u00e8re et rendant le petit gar\u00e7on tellement r\u00e9aliste et expressif. Cela fait d&rsquo;ailleurs penser \u00e0 <span style=\"text-decoration: underline;\">L&rsquo;histoire sans fin<\/span> d&rsquo;autant que la chute de l&rsquo;album se termine en mise en ab\u00eeme. <\/em><em>Un coup de c\u0153ur pour cet album jeunesse, ode \u00e0 la lecture et \u00e0 la magie de No\u00ebl et que j&rsquo;esp\u00e8re pouvoir un jour d\u00e9nicher d&rsquo;occasion!<\/em><\/p>\n<p><em>Pour un autre avis sur cet album jeunesse: <a href=\"http:\/\/mapetitemediatheque.fr\/2019\/12\/quand-tombe-la-neige-album-jeunesse\/\">Bidib<\/a>.<\/em><\/p>\n<div style=\"width: 118px\" class=\"wp-caption alignleft\"><img data-recalc-dims=\"1\" loading=\"lazy\" decoding=\"async\" class=\"\" src=\"https:\/\/i0.wp.com\/image.over-blog.com\/QtkiuqWdwqgDD5PoRaYFPXM2rUQ%3D\/filters%3Ano_upscale%28%29\/image%2F1490149%2F20201109%2Fob_3a58b1_christmastime2020logo1.jpg?resize=108%2C109&#038;ssl=1\" alt=\"\" width=\"108\" height=\"109\" data-amp-height=\"352\" data-amp-width=\"350\" \/><p class=\"wp-caption-text\">Challenge Christmas Time de <a href=\"http:\/\/mya.books.over-blog.com\/2020\/11\/challenge-christmas-time-2020.html\">MyaRosa<\/a> #Album jeunesse<\/p><\/div>\n<div style=\"width: 124px\" class=\"wp-caption alignleft\"><img loading=\"lazy\" decoding=\"async\" class=\"attachment-post-image  wp-post-image\" src=\"https:\/\/i1.wp.com\/www.jojoenherbe.com\/wp-content\/uploads\/2020\/11\/Logo_2_2020-1024x992-1.jpg?fit=676%2C655\" sizes=\"auto, (max-width: 676px) 100vw, 676px\" srcset=\"https:\/\/i1.wp.com\/www.jojoenherbe.com\/wp-content\/uploads\/2020\/11\/Logo_2_2020-1024x992-1.jpg?w=1024 1024w, https:\/\/i1.wp.com\/www.jojoenherbe.com\/wp-content\/uploads\/2020\/11\/Logo_2_2020-1024x992-1.jpg?resize=300%2C291 300w, https:\/\/i1.wp.com\/www.jojoenherbe.com\/wp-content\/uploads\/2020\/11\/Logo_2_2020-1024x992-1.jpg?resize=768%2C744 768w, https:\/\/i1.wp.com\/www.jojoenherbe.com\/wp-content\/uploads\/2020\/11\/Logo_2_2020-1024x992-1.jpg?resize=676%2C655 676w\" alt=\"\" width=\"114\" height=\"111\" data-attachment-id=\"13791\" data-permalink=\"http:\/\/www.jojoenherbe.com\/index.php\/2020\/11\/10\/billet-de-suivi-il-etait-8-fois-noel\/logo_2_2020-1024x992\/\" data-orig-file=\"https:\/\/i1.wp.com\/www.jojoenherbe.com\/wp-content\/uploads\/2020\/11\/Logo_2_2020-1024x992-1.jpg?fit=1024%2C992\" data-orig-size=\"1024,992\" data-comments-opened=\"1\" data-image-meta=\"{&quot;aperture&quot;:&quot;0&quot;,&quot;credit&quot;:&quot;&quot;,&quot;camera&quot;:&quot;&quot;,&quot;caption&quot;:&quot;&quot;,&quot;created_timestamp&quot;:&quot;0&quot;,&quot;copyright&quot;:&quot;&quot;,&quot;focal_length&quot;:&quot;0&quot;,&quot;iso&quot;:&quot;0&quot;,&quot;shutter_speed&quot;:&quot;0&quot;,&quot;title&quot;:&quot;&quot;,&quot;orientation&quot;:&quot;0&quot;}\" data-image-title=\"Logo_2_2020-1024\u00d7992\" data-image-description=\"\" data-medium-file=\"https:\/\/i1.wp.com\/www.jojoenherbe.com\/wp-content\/uploads\/2020\/11\/Logo_2_2020-1024x992-1.jpg?fit=300%2C291\" data-large-file=\"https:\/\/i1.wp.com\/www.jojoenherbe.com\/wp-content\/uploads\/2020\/11\/Logo_2_2020-1024x992-1.jpg?fit=676%2C655\" \/><p class=\"wp-caption-text\">Challenge Il \u00e9tait 8 fois No\u00ebl de <a href=\"https:\/\/www.laplanquealibellules.fr\/2020\/11\/il-etait-huit-fois-noel.html\/\">Chicky Poo<\/a> et <a href=\"https:\/\/viedecontedefee.blogspot.com\/2020\/11\/1638-il-etait-huit-fois-noel.html\">Samarian<\/a> #Album Jeunesse<\/p><\/div>\n<div id=\"attachment_10219\" style=\"width: 108px\" class=\"wp-caption alignleft\"><img loading=\"lazy\" decoding=\"async\" aria-describedby=\"caption-attachment-10219\" data-attachment-id=\"10219\" data-permalink=\"http:\/\/www.jojoenherbe.com\/index.php\/2020\/03\/02\/au-fil-des-pages-avec-lievre-et-ours-sous-la-neige\/lievre-et-ours-sous-la-neige\/\" data-orig-file=\"https:\/\/i0.wp.com\/www.jojoenherbe.com\/wp-content\/uploads\/2020\/03\/Li%C3%A8vre-et-Ours-sous-la-neige-scaled.jpg?fit=2560%2C1892\" data-orig-size=\"2560,1892\" data-comments-opened=\"1\" data-image-meta=\"{&quot;aperture&quot;:&quot;2.4&quot;,&quot;credit&quot;:&quot;&quot;,&quot;camera&quot;:&quot;iPhone 4S&quot;,&quot;caption&quot;:&quot;&quot;,&quot;created_timestamp&quot;:&quot;1583147305&quot;,&quot;copyright&quot;:&quot;&quot;,&quot;focal_length&quot;:&quot;4.28&quot;,&quot;iso&quot;:&quot;640&quot;,&quot;shutter_speed&quot;:&quot;0.066666666666667&quot;,&quot;title&quot;:&quot;&quot;,&quot;orientation&quot;:&quot;1&quot;}\" data-image-title=\"Li\u00e8vre et Ours, sous la neige\" data-image-description=\"\" data-image-caption=\"\" data-large-file=\"https:\/\/i0.wp.com\/www.jojoenherbe.com\/wp-content\/uploads\/2020\/03\/Li%C3%A8vre-et-Ours-sous-la-neige-scaled.jpg?fit=676%2C500\" class=\"wp-image-10219\" src=\"https:\/\/i2.wp.com\/mapetitemediatheque.fr\/wp-content\/uploads\/2018\/11\/challenge-contes-et-l\u00e9gendes.jpg?resize=131%2C164\" sizes=\"auto, (max-width: 343px) 100vw, 343px\" srcset=\"https:\/\/i2.wp.com\/mapetitemediatheque.fr\/wp-content\/uploads\/2018\/11\/challenge-contes-et-l\u00e9gendes.jpg?resize=131%2C164 343w, http:\/\/mapetitemediatheque.fr\/wp-content\/uploads\/2018\/11\/challenge-contes-et-l\u00e9gendes-239x300.jpg 239w\" alt=\"\" width=\"98\" height=\"123\" aria-describedby=\"caption-attachment-10219\" data-attachment-id=\"10219\" data-permalink=\"http:\/\/www.jojoenherbe.com\/index.php\/2020\/03\/02\/au-fil-des-pages-avec-lievre-et-ours-sous-la-neige\/lievre-et-ours-sous-la-neige\/\" data-orig-file=\"https:\/\/i1.wp.com\/www.jojoenherbe.com\/wp-content\/uploads\/2020\/03\/Li\u00e8vre-et-Ours-sous-la-neige-scaled.jpg?fit=2560%2C1892\" data-orig-size=\"2560,1892\" data-comments-opened=\"1\" data-image-meta=\"{&quot;aperture&quot;:&quot;2.4&quot;,&quot;credit&quot;:&quot;&quot;,&quot;camera&quot;:&quot;iPhone 4S&quot;,&quot;caption&quot;:&quot;&quot;,&quot;created_timestamp&quot;:&quot;1583147305&quot;,&quot;copyright&quot;:&quot;&quot;,&quot;focal_length&quot;:&quot;4.28&quot;,&quot;iso&quot;:&quot;640&quot;,&quot;shutter_speed&quot;:&quot;0.066666666666667&quot;,&quot;title&quot;:&quot;&quot;,&quot;orientation&quot;:&quot;1&quot;}\" data-image-title=\"Li\u00e8vre et Ours, sous la neige\" data-image-description=\"\" data-medium-file=\"https:\/\/i1.wp.com\/www.jojoenherbe.com\/wp-content\/uploads\/2020\/03\/Li\u00e8vre-et-Ours-sous-la-neige-scaled.jpg?fit=300%2C222\" data-large-file=\"https:\/\/i1.wp.com\/www.jojoenherbe.com\/wp-content\/uploads\/2020\/03\/Li\u00e8vre-et-Ours-sous-la-neige-scaled.jpg?fit=676%2C500\" data-recalc-dims=\"1\" \/><p id=\"caption-attachment-10219\" class=\"wp-caption-text\">Participation #63 Contes &amp; L\u00e9gendes 2020 de <a href=\"http:\/\/mapetitemediatheque.fr\/2020\/01\/challenge-contes-et-legendes-2020\/\">Bidib<\/a><\/p><\/div>\n","protected":false},"excerpt":{"rendered":"<p>D&rsquo;habitude, nous installons le sapin de No\u00ebl et les d\u00e9corations pour la Sainte-Catherine. Mais cette ann\u00e9e, tout est d\u00e9j\u00e0 install\u00e9 et nous avons d\u00e9j\u00e0 commenc\u00e9 \u00e0 nous plonger dans les histoires de No\u00ebl. Alors en ce 25 novembre 2020, j&rsquo;avais envie de vous pr\u00e9senter un album jeunesse que j&rsquo;avais rep\u00e9r\u00e9 l&rsquo;ann\u00e9e derni\u00e8re chez Bidib et [&hellip;]<\/p>\n","protected":false},"author":1,"featured_media":14089,"comment_status":"open","ping_status":"open","sticky":false,"template":"","format":"standard","meta":{"jetpack_post_was_ever_published":false,"_jetpack_newsletter_access":"","_jetpack_dont_email_post_to_subs":false,"_jetpack_newsletter_tier_id":0,"_jetpack_memberships_contains_paywalled_content":false,"_jetpack_memberships_contains_paid_content":false,"footnotes":""},"categories":[363],"tags":[1031,409,148,1931,1365,917,843,870,912,365,1117,367,1056,775,727,369,19,698,738,1965,1964],"class_list":["post-14074","post","type-post","status-publish","format-standard","has-post-thumbnail","hentry","category-mini-lecteur","tag-4-7-ans","tag-albums-jeunesse","tag-bonhomme-de-neige","tag-challenge-christmas-time-2020","tag-challenge-contes-et-legendes-2020","tag-elfe","tag-fantastique","tag-fantasy","tag-fee","tag-hiver","tag-il-etait-8-fois-noel","tag-lecture-jeunesse","tag-lectures-de-noel","tag-legendes","tag-magie","tag-neige","tag-noel","tag-pere-noel","tag-plaisir-de-lire","tag-renne","tag-richard-collingridge","post-preview"],"jetpack_featured_media_url":"https:\/\/i0.wp.com\/www.jojoenherbe.com\/wp-content\/uploads\/2020\/11\/Quand-tombe-la-neige-scaled.jpg?fit=2560%2C1734","jetpack_sharing_enabled":true,"jetpack_shortlink":"https:\/\/wp.me\/p9zhGx-3F0","jetpack_likes_enabled":true,"jetpack-related-posts":[{"id":13574,"url":"http:\/\/www.jojoenherbe.com\/index.php\/2020\/11\/10\/billet-de-suivi-il-etait-8-fois-noel\/","url_meta":{"origin":14074,"position":0},"title":"Billet de suivi: Il \u00e9tait 8 fois No\u00ebl","author":"Jojo","date":"10 novembre 2020","format":false,"excerpt":"Le mois de d\u00e9cembre approchant, c'est le retour de Il \u00e9tait 8 fois No\u00ebl, un challenge de No\u00ebl organis\u00e9 par Chicky Poo et Samarian et qui se d\u00e9roule du 30 novembre 2020 au 3 janvier 2021. Pour plus d\u2019infos, n\u2019h\u00e9sitez pas \u00e0 aller sur leurs blogs. Ce billet sera actualis\u00e9\u2026","rel":"","context":"Dans &quot;Mini challenger&quot;","block_context":{"text":"Mini challenger","link":"http:\/\/www.jojoenherbe.com\/index.php\/category\/mini-challenger\/"},"img":{"alt_text":"","src":"https:\/\/i0.wp.com\/www.jojoenherbe.com\/wp-content\/uploads\/2020\/11\/Logo_2_2020-1024x992-1.jpg?fit=1024%2C992&resize=350%2C200","width":350,"height":200,"srcset":"https:\/\/i0.wp.com\/www.jojoenherbe.com\/wp-content\/uploads\/2020\/11\/Logo_2_2020-1024x992-1.jpg?fit=1024%2C992&resize=350%2C200 1x, https:\/\/i0.wp.com\/www.jojoenherbe.com\/wp-content\/uploads\/2020\/11\/Logo_2_2020-1024x992-1.jpg?fit=1024%2C992&resize=525%2C300 1.5x, https:\/\/i0.wp.com\/www.jojoenherbe.com\/wp-content\/uploads\/2020\/11\/Logo_2_2020-1024x992-1.jpg?fit=1024%2C992&resize=700%2C400 2x"},"classes":[]},{"id":9038,"url":"http:\/\/www.jojoenherbe.com\/index.php\/2019\/12\/19\/au-fil-des-pages-avec-a-la-recherche-du-pere-noel\/","url_meta":{"origin":14074,"position":1},"title":"Au fil des pages avec \u00c0 la recherche du P\u00e8re No\u00ebl","author":"Jojo","date":"19 d\u00e9cembre 2019","format":false,"excerpt":"Nous empruntons \u00e0 la biblioth\u00e8que \u00c0 la recherche du P\u00e8re No\u00ebl de Thierry Dedieu (\u00e9d. Seuil Jeunesse, 2015), un album jeunesse tr\u00e8s grand format \u00e0 partir de 3 ans. Un bonhomme de neige s'anime sous les yeux m\u00e9dus\u00e9s d'un rouge-gorge. Il souhaite rencontrer le P\u00e8re No\u00ebl pour lui offrir un\u2026","rel":"","context":"Dans &quot;Mini lecteur&quot;","block_context":{"text":"Mini lecteur","link":"http:\/\/www.jojoenherbe.com\/index.php\/category\/mini-lecteur\/"},"img":{"alt_text":"","src":"https:\/\/i0.wp.com\/www.jojoenherbe.com\/wp-content\/uploads\/2019\/12\/A-la-recherche-du-P%C3%A8re-No%C3%ABl.jpg?fit=1200%2C1168&resize=350%2C200","width":350,"height":200,"srcset":"https:\/\/i0.wp.com\/www.jojoenherbe.com\/wp-content\/uploads\/2019\/12\/A-la-recherche-du-P%C3%A8re-No%C3%ABl.jpg?fit=1200%2C1168&resize=350%2C200 1x, https:\/\/i0.wp.com\/www.jojoenherbe.com\/wp-content\/uploads\/2019\/12\/A-la-recherche-du-P%C3%A8re-No%C3%ABl.jpg?fit=1200%2C1168&resize=525%2C300 1.5x, https:\/\/i0.wp.com\/www.jojoenherbe.com\/wp-content\/uploads\/2019\/12\/A-la-recherche-du-P%C3%A8re-No%C3%ABl.jpg?fit=1200%2C1168&resize=700%2C400 2x, https:\/\/i0.wp.com\/www.jojoenherbe.com\/wp-content\/uploads\/2019\/12\/A-la-recherche-du-P%C3%A8re-No%C3%ABl.jpg?fit=1200%2C1168&resize=1050%2C600 3x"},"classes":[]},{"id":14139,"url":"http:\/\/www.jojoenherbe.com\/index.php\/2020\/11\/30\/notre-pal-albums-jeunesse-de-noel-2020-2\/","url_meta":{"origin":14074,"position":2},"title":"Notre PAL Albums jeunesse de No\u00ebl 2020 #2","author":"Jojo","date":"30 novembre 2020","format":false,"excerpt":"Apr\u00e8s avoir pr\u00e9sent\u00e9 le 18 novembre 2020 la premi\u00e8re partie de notre PAL Albums jeunesse de No\u00ebl pour cette ann\u00e9e, voici une deuxi\u00e8me partie avec des albums jeunesse que j'ai pu emprunter \u00e0 la m\u00e9diath\u00e8que la semaine derni\u00e8re en attendant de d\u00e9couvrir ceux gliss\u00e9s dans le calendrier de l'Avent. Il\u2026","rel":"","context":"Dans &quot;Mini lecteur&quot;","block_context":{"text":"Mini lecteur","link":"http:\/\/www.jojoenherbe.com\/index.php\/category\/mini-lecteur\/"},"img":{"alt_text":"","src":"https:\/\/i0.wp.com\/www.jojoenherbe.com\/wp-content\/uploads\/2020\/11\/PAL-Noel-2020-2-1-scaled.jpg?fit=1200%2C900&resize=350%2C200","width":350,"height":200,"srcset":"https:\/\/i0.wp.com\/www.jojoenherbe.com\/wp-content\/uploads\/2020\/11\/PAL-Noel-2020-2-1-scaled.jpg?fit=1200%2C900&resize=350%2C200 1x, https:\/\/i0.wp.com\/www.jojoenherbe.com\/wp-content\/uploads\/2020\/11\/PAL-Noel-2020-2-1-scaled.jpg?fit=1200%2C900&resize=525%2C300 1.5x, https:\/\/i0.wp.com\/www.jojoenherbe.com\/wp-content\/uploads\/2020\/11\/PAL-Noel-2020-2-1-scaled.jpg?fit=1200%2C900&resize=700%2C400 2x, https:\/\/i0.wp.com\/www.jojoenherbe.com\/wp-content\/uploads\/2020\/11\/PAL-Noel-2020-2-1-scaled.jpg?fit=1200%2C900&resize=1050%2C600 3x"},"classes":[]},{"id":14709,"url":"http:\/\/www.jojoenherbe.com\/index.php\/2021\/01\/02\/un-second-rat-post-noel-2020\/","url_meta":{"origin":14074,"position":3},"title":"Un second RAT post-No\u00ebl 2020","author":"Jojo","date":"2 janvier 2021","format":false,"excerpt":"Pour ce premier week-end de l'ann\u00e9e 2021, Chicky Poo et Samarian nous propose de cl\u00f4turer leur challenge Il \u00e9tait 8 fois No\u00ebl par un RAT post-No\u00ebl 2020. Dans notre PAL de ce week-end, nous avons encore quelques lectures de No\u00ebl, des relectures sur le th\u00e8me de la galette des rois\u2026","rel":"","context":"Dans &quot;Mini challenger&quot;","block_context":{"text":"Mini challenger","link":"http:\/\/www.jojoenherbe.com\/index.php\/category\/mini-challenger\/"},"img":{"alt_text":"","src":"https:\/\/i0.wp.com\/www.jojoenherbe.com\/wp-content\/uploads\/2021\/01\/PAL-2e-RAT-de-Noel-et-de-lhiver-scaled.jpg?fit=1200%2C851&resize=350%2C200","width":350,"height":200,"srcset":"https:\/\/i0.wp.com\/www.jojoenherbe.com\/wp-content\/uploads\/2021\/01\/PAL-2e-RAT-de-Noel-et-de-lhiver-scaled.jpg?fit=1200%2C851&resize=350%2C200 1x, https:\/\/i0.wp.com\/www.jojoenherbe.com\/wp-content\/uploads\/2021\/01\/PAL-2e-RAT-de-Noel-et-de-lhiver-scaled.jpg?fit=1200%2C851&resize=525%2C300 1.5x, https:\/\/i0.wp.com\/www.jojoenherbe.com\/wp-content\/uploads\/2021\/01\/PAL-2e-RAT-de-Noel-et-de-lhiver-scaled.jpg?fit=1200%2C851&resize=700%2C400 2x, https:\/\/i0.wp.com\/www.jojoenherbe.com\/wp-content\/uploads\/2021\/01\/PAL-2e-RAT-de-Noel-et-de-lhiver-scaled.jpg?fit=1200%2C851&resize=1050%2C600 3x"},"classes":[]},{"id":14348,"url":"http:\/\/www.jojoenherbe.com\/index.php\/2020\/12\/19\/au-fil-des-pages-avec-un-noel-sous-la-neige\/","url_meta":{"origin":14074,"position":4},"title":"Au fil des pages avec Un No\u00ebl sous la neige","author":"Jojo","date":"19 d\u00e9cembre 2020","format":false,"excerpt":"Nous empruntons \u00e0 la m\u00e9diath\u00e8que Un No\u00ebl sous la neige de Diana Hendry et Jane Chapman (\u00e9d. Mijade, 2005), un album jeunesse \u00e0 partir de 3 ans. Le soir de No\u00ebl, Grand Fr\u00e8re Souris et B\u00e9b\u00e9 Souris finissent les pr\u00e9paratifs du r\u00e9veillon. Mais il manque du houx pour finir la\u2026","rel":"","context":"Dans &quot;Mini lecteur&quot;","block_context":{"text":"Mini lecteur","link":"http:\/\/www.jojoenherbe.com\/index.php\/category\/mini-lecteur\/"},"img":{"alt_text":"","src":"https:\/\/i0.wp.com\/www.jojoenherbe.com\/wp-content\/uploads\/2020\/12\/Un-Noel-sous-la-neige-1-scaled.jpg?fit=1200%2C900&resize=350%2C200","width":350,"height":200,"srcset":"https:\/\/i0.wp.com\/www.jojoenherbe.com\/wp-content\/uploads\/2020\/12\/Un-Noel-sous-la-neige-1-scaled.jpg?fit=1200%2C900&resize=350%2C200 1x, https:\/\/i0.wp.com\/www.jojoenherbe.com\/wp-content\/uploads\/2020\/12\/Un-Noel-sous-la-neige-1-scaled.jpg?fit=1200%2C900&resize=525%2C300 1.5x, https:\/\/i0.wp.com\/www.jojoenherbe.com\/wp-content\/uploads\/2020\/12\/Un-Noel-sous-la-neige-1-scaled.jpg?fit=1200%2C900&resize=700%2C400 2x, https:\/\/i0.wp.com\/www.jojoenherbe.com\/wp-content\/uploads\/2020\/12\/Un-Noel-sous-la-neige-1-scaled.jpg?fit=1200%2C900&resize=1050%2C600 3x"},"classes":[]},{"id":14591,"url":"http:\/\/www.jojoenherbe.com\/index.php\/2020\/12\/10\/au-fil-des-pages-avec-le-flocon-de-noelle\/","url_meta":{"origin":14074,"position":5},"title":"Au fil des pages avec Le flocon de No\u00eblle","author":"Jojo","date":"10 d\u00e9cembre 2020","format":false,"excerpt":"J10 de notre calendrier livresque de No\u00ebl: Le flocon de No\u00eblle de Benji Davies (\u00e9d. Milan, 2020), un album jeunesse \u00e0 partir de 3 ans. A l'approche de No\u00ebl, un flocon de neige vient de se former et cherche un endroit o\u00f9 se poser. Loin de l\u00e0, No\u00eblle, une petite\u2026","rel":"","context":"Dans &quot;Mini lecteur&quot;","block_context":{"text":"Mini lecteur","link":"http:\/\/www.jojoenherbe.com\/index.php\/category\/mini-lecteur\/"},"img":{"alt_text":"","src":"https:\/\/i0.wp.com\/www.jojoenherbe.com\/wp-content\/uploads\/2020\/12\/Le-flocon-de-Noelle-scaled.jpg?fit=1200%2C900&resize=350%2C200","width":350,"height":200,"srcset":"https:\/\/i0.wp.com\/www.jojoenherbe.com\/wp-content\/uploads\/2020\/12\/Le-flocon-de-Noelle-scaled.jpg?fit=1200%2C900&resize=350%2C200 1x, https:\/\/i0.wp.com\/www.jojoenherbe.com\/wp-content\/uploads\/2020\/12\/Le-flocon-de-Noelle-scaled.jpg?fit=1200%2C900&resize=525%2C300 1.5x, https:\/\/i0.wp.com\/www.jojoenherbe.com\/wp-content\/uploads\/2020\/12\/Le-flocon-de-Noelle-scaled.jpg?fit=1200%2C900&resize=700%2C400 2x, https:\/\/i0.wp.com\/www.jojoenherbe.com\/wp-content\/uploads\/2020\/12\/Le-flocon-de-Noelle-scaled.jpg?fit=1200%2C900&resize=1050%2C600 3x"},"classes":[]}],"_links":{"self":[{"href":"http:\/\/www.jojoenherbe.com\/index.php\/wp-json\/wp\/v2\/posts\/14074","targetHints":{"allow":["GET"]}}],"collection":[{"href":"http:\/\/www.jojoenherbe.com\/index.php\/wp-json\/wp\/v2\/posts"}],"about":[{"href":"http:\/\/www.jojoenherbe.com\/index.php\/wp-json\/wp\/v2\/types\/post"}],"author":[{"embeddable":true,"href":"http:\/\/www.jojoenherbe.com\/index.php\/wp-json\/wp\/v2\/users\/1"}],"replies":[{"embeddable":true,"href":"http:\/\/www.jojoenherbe.com\/index.php\/wp-json\/wp\/v2\/comments?post=14074"}],"version-history":[{"count":0,"href":"http:\/\/www.jojoenherbe.com\/index.php\/wp-json\/wp\/v2\/posts\/14074\/revisions"}],"wp:featuredmedia":[{"embeddable":true,"href":"http:\/\/www.jojoenherbe.com\/index.php\/wp-json\/wp\/v2\/media\/14089"}],"wp:attachment":[{"href":"http:\/\/www.jojoenherbe.com\/index.php\/wp-json\/wp\/v2\/media?parent=14074"}],"wp:term":[{"taxonomy":"category","embeddable":true,"href":"http:\/\/www.jojoenherbe.com\/index.php\/wp-json\/wp\/v2\/categories?post=14074"},{"taxonomy":"post_tag","embeddable":true,"href":"http:\/\/www.jojoenherbe.com\/index.php\/wp-json\/wp\/v2\/tags?post=14074"}],"curies":[{"name":"wp","href":"https:\/\/api.w.org\/{rel}","templated":true}]}}