{"id":13964,"date":"2020-11-18T14:09:38","date_gmt":"2020-11-18T13:09:38","guid":{"rendered":"http:\/\/www.jojoenherbe.com\/?p=13964"},"modified":"2021-11-10T10:19:54","modified_gmt":"2021-11-10T09:19:54","slug":"notre-pal-albums-jeunesse-de-noel-2020","status":"publish","type":"post","link":"http:\/\/www.jojoenherbe.com\/index.php\/2020\/11\/18\/notre-pal-albums-jeunesse-de-noel-2020\/","title":{"rendered":"Notre PAL Albums jeunesse de No\u00ebl 2020"},"content":{"rendered":"<p style=\"text-align: justify;\"><em>En ce 18 novembre 2020, MyaRosa nous propose dans le cadre du challenge Christmas Time de pr\u00e9senter notre PAL de No\u00ebl. Alors voici la premi\u00e8re partie de notre PAL avec les albums jeunesse<\/em><em> de nos biblioth\u00e8ques et<\/em><em> ceux que j&rsquo;ai d\u00e9j\u00e0 pu emprunt\u00e9s \u00e0 la m\u00e9diath\u00e8que le mois dernier, juste avant le reconfinement.<br \/>\n<\/em><\/p>\n<p><strong><span style=\"text-decoration: underline;\">Des albums jeunesse avec le P\u00e8re No\u00ebl<\/span>:<\/strong><\/p>\n<ul>\n<li style=\"text-align: justify;\"><em><a href=\"http:\/\/www.jojoenherbe.com\/index.php\/2018\/12\/26\/au-fil-des-pages-avec-le-pere-noel\/\"><span style=\"text-decoration: underline;\">Cherche et trouve, Au pays du P\u00e8re No\u00ebl<\/span><\/a> de Charlie Pop (\u00e9d. Lito, 2017), un album jeunesse cartonn\u00e9 \u00e0 partir d&rsquo;un an<\/em><\/li>\n<li style=\"text-align: justify;\"><em><a href=\"http:\/\/www.jojoenherbe.com\/index.php\/2020\/01\/06\/au-fil-des-pages-avec-petit-lapin-blanc-fete-noel\/\"><span style=\"text-decoration: underline;\">Petit Lapin Blanc f\u00eate No\u00ebl<\/span><\/a> de Marie-France Floury et Fabienne Boisnard (\u00e9d. Gautier-Languereau, 2008, r\u00e9\u00e9d. 2019), un album jeunesse \u00e0 partir de 2 ans<\/em><\/li>\n<li style=\"text-align: justify;\"><em><a href=\"http:\/\/www.jojoenherbe.com\/index.php\/2019\/12\/10\/au-fil-des-pages-avec-la-lettre-du-pere-noel\/\"><span style=\"text-decoration: underline;\">La lettre du P\u00e8re No\u00ebl<\/span><\/a> d&rsquo;Yukiko Tanno et Mako Taruishi (\u00e9d. L&rsquo;\u00e9cole des loisirs, 1990, r\u00e9\u00e9d. 2018), un album jeunesse \u00e0 partir de 3 ans<\/em><\/li>\n<li style=\"text-align: justify;\"><em><a href=\"http:\/\/www.jojoenherbe.com\/index.php\/2019\/04\/20\/au-fil-des-pages-sur-le-theme-de-paques\/\"><span style=\"text-decoration: underline;\">La Petite Souris, le p\u00e8re No\u00ebl et le lapin de P\u00e2ques<\/span><\/a> de Marie Dufeutrel, Gr\u00e9goire Horveno et Claire Le Grand (\u00e9d. Milan, 2018), un album jeunesse \u00e0 partir de 3 ans<\/em><\/li>\n<li style=\"text-align: justify;\"><em><a href=\"http:\/\/www.jojoenherbe.com\/index.php\/2020\/01\/07\/au-fil-des-pages-avec-petit-herisson-a-noel\/\"><span style=\"text-decoration: underline;\">Le No\u00ebl du H\u00e9risson<\/span><\/a> de M. Cristina Butler et Tina Macnaughton (\u00e9d. Milan, 2004, r\u00e9\u00e9d. 2013), un album jeunesse \u00e0 partir de 3 ans<\/em><\/li>\n<li style=\"text-align: justify;\"><em><span style=\"text-decoration: underline;\"><a href=\"https:\/\/i0.wp.com\/www.jojoenherbe.com\/wp-content\/uploads\/2020\/11\/Joyeux-Noel-petite-souris-scaled.jpg\"><img data-recalc-dims=\"1\" loading=\"lazy\" decoding=\"async\" data-attachment-id=\"13968\" data-permalink=\"http:\/\/www.jojoenherbe.com\/index.php\/2020\/11\/18\/notre-pal-albums-jeunesse-de-noel-2020\/joyeux-noel-petite-souris\/\" data-orig-file=\"https:\/\/i0.wp.com\/www.jojoenherbe.com\/wp-content\/uploads\/2020\/11\/Joyeux-Noel-petite-souris-scaled.jpg?fit=2560%2C1920\" data-orig-size=\"2560,1920\" data-comments-opened=\"1\" data-image-meta=\"{&quot;aperture&quot;:&quot;1.8&quot;,&quot;credit&quot;:&quot;&quot;,&quot;camera&quot;:&quot;iPhone 7&quot;,&quot;caption&quot;:&quot;&quot;,&quot;created_timestamp&quot;:&quot;1605706643&quot;,&quot;copyright&quot;:&quot;&quot;,&quot;focal_length&quot;:&quot;3.99&quot;,&quot;iso&quot;:&quot;40&quot;,&quot;shutter_speed&quot;:&quot;0.058823529411765&quot;,&quot;title&quot;:&quot;&quot;,&quot;orientation&quot;:&quot;1&quot;}\" data-image-title=\"Joyeux No\u00ebl petite souris!\" data-image-description=\"\" data-image-caption=\"\" data-large-file=\"https:\/\/i0.wp.com\/www.jojoenherbe.com\/wp-content\/uploads\/2020\/11\/Joyeux-Noel-petite-souris-scaled.jpg?fit=676%2C507\" class=\"alignleft size-thumbnail wp-image-13968\" src=\"https:\/\/i0.wp.com\/www.jojoenherbe.com\/wp-content\/uploads\/2020\/11\/Joyeux-Noel-petite-souris.jpg?resize=150%2C150\" alt=\"\" width=\"150\" height=\"150\" srcset=\"https:\/\/i0.wp.com\/www.jojoenherbe.com\/wp-content\/uploads\/2020\/11\/Joyeux-Noel-petite-souris-scaled.jpg?resize=150%2C150 150w, https:\/\/i0.wp.com\/www.jojoenherbe.com\/wp-content\/uploads\/2020\/11\/Joyeux-Noel-petite-souris-scaled.jpg?zoom=2&amp;resize=150%2C150 300w, https:\/\/i0.wp.com\/www.jojoenherbe.com\/wp-content\/uploads\/2020\/11\/Joyeux-Noel-petite-souris-scaled.jpg?zoom=3&amp;resize=150%2C150 450w\" sizes=\"auto, (max-width: 150px) 100vw, 150px\" \/><\/a><\/span><a href=\"http:\/\/www.jojoenherbe.com\/index.php\/2020\/12\/05\/au-fil-des-pages-avec-la-petite-souris-et-lours-affame\/\"><span style=\"text-decoration: underline;\">Joyeux No\u00ebl petite souris!<\/span><\/a> d&rsquo;Audrey et Don Wood (\u00e9d. Mijade, 2006, r\u00e9\u00e9d. 2017), un album jeunesse \u00e0 partir de 3 ans<\/em><\/li>\n<li style=\"text-align: justify;\"><em><span style=\"text-decoration: underline;\">Les Monsieur Madame et le march\u00e9 de No\u00ebl<\/span> de Roger Hargreaves (\u00e9d. Hachette Jeunesse, 2019), un album jeunesse \u00e0 partir de 3 ans<\/em><\/li>\n<li style=\"text-align: justify;\"><em><span style=\"text-decoration: underline;\">M. Neige<\/span> de Roger Hargreaves (\u00e9d. Hachette Jeunesse, 2019), un album jeunesse \u00e0 partir de 3 ans<\/em><\/li>\n<li style=\"text-align: justify;\"><em><span style=\"text-decoration: underline;\"><a href=\"https:\/\/i0.wp.com\/www.jojoenherbe.com\/wp-content\/uploads\/2020\/11\/Le-Noel-enchante-de-Noistte-scaled.jpg\"><img data-recalc-dims=\"1\" loading=\"lazy\" decoding=\"async\" data-attachment-id=\"13970\" data-permalink=\"http:\/\/www.jojoenherbe.com\/index.php\/2020\/11\/18\/notre-pal-albums-jeunesse-de-noel-2020\/le-noel-enchante-de-noistte\/\" data-orig-file=\"https:\/\/i0.wp.com\/www.jojoenherbe.com\/wp-content\/uploads\/2020\/11\/Le-Noel-enchante-de-Noistte-scaled.jpg?fit=2560%2C1920\" data-orig-size=\"2560,1920\" data-comments-opened=\"1\" data-image-meta=\"{&quot;aperture&quot;:&quot;1.8&quot;,&quot;credit&quot;:&quot;&quot;,&quot;camera&quot;:&quot;iPhone 7&quot;,&quot;caption&quot;:&quot;&quot;,&quot;created_timestamp&quot;:&quot;1605706585&quot;,&quot;copyright&quot;:&quot;&quot;,&quot;focal_length&quot;:&quot;3.99&quot;,&quot;iso&quot;:&quot;40&quot;,&quot;shutter_speed&quot;:&quot;0.05&quot;,&quot;title&quot;:&quot;&quot;,&quot;orientation&quot;:&quot;1&quot;}\" data-image-title=\"Le No\u00ebl enchant\u00e9 de Noistte\" data-image-description=\"\" data-image-caption=\"\" data-large-file=\"https:\/\/i0.wp.com\/www.jojoenherbe.com\/wp-content\/uploads\/2020\/11\/Le-Noel-enchante-de-Noistte-scaled.jpg?fit=676%2C507\" class=\"size-thumbnail wp-image-13970 alignright\" src=\"https:\/\/i0.wp.com\/www.jojoenherbe.com\/wp-content\/uploads\/2020\/11\/Le-Noel-enchante-de-Noistte.jpg?resize=150%2C150\" alt=\"\" width=\"150\" height=\"150\" srcset=\"https:\/\/i0.wp.com\/www.jojoenherbe.com\/wp-content\/uploads\/2020\/11\/Le-Noel-enchante-de-Noistte-scaled.jpg?resize=150%2C150 150w, https:\/\/i0.wp.com\/www.jojoenherbe.com\/wp-content\/uploads\/2020\/11\/Le-Noel-enchante-de-Noistte-scaled.jpg?zoom=2&amp;resize=150%2C150 300w, https:\/\/i0.wp.com\/www.jojoenherbe.com\/wp-content\/uploads\/2020\/11\/Le-Noel-enchante-de-Noistte-scaled.jpg?zoom=3&amp;resize=150%2C150 450w\" sizes=\"auto, (max-width: 150px) 100vw, 150px\" \/><\/a><a href=\"http:\/\/www.jojoenherbe.com\/index.php\/2020\/12\/05\/au-fil-des-pages-avec-le-noel-enchante-de-noisette\/\">Le No\u00ebl enchant\u00e9 de Noisette<\/a><\/span> de Timothy Knapman et Rebecca Harry (\u00e9d. Gr\u00fcnd, 2016), un album jeunesse \u00e0 partir de 3 ans<\/em><\/li>\n<li style=\"text-align: justify;\"><em><span style=\"text-decoration: underline;\"><a href=\"https:\/\/i0.wp.com\/www.jojoenherbe.com\/wp-content\/uploads\/2020\/11\/Le-Piratosaure-et-le-Pere-Noel-scaled.jpg\"><img data-recalc-dims=\"1\" loading=\"lazy\" decoding=\"async\" data-attachment-id=\"13971\" data-permalink=\"http:\/\/www.jojoenherbe.com\/index.php\/2020\/11\/18\/notre-pal-albums-jeunesse-de-noel-2020\/le-piratosaure-et-le-pere-noel\/\" data-orig-file=\"https:\/\/i0.wp.com\/www.jojoenherbe.com\/wp-content\/uploads\/2020\/11\/Le-Piratosaure-et-le-Pere-Noel-scaled.jpg?fit=2560%2C1920\" data-orig-size=\"2560,1920\" data-comments-opened=\"1\" data-image-meta=\"{&quot;aperture&quot;:&quot;1.8&quot;,&quot;credit&quot;:&quot;&quot;,&quot;camera&quot;:&quot;iPhone 7&quot;,&quot;caption&quot;:&quot;&quot;,&quot;created_timestamp&quot;:&quot;1605706668&quot;,&quot;copyright&quot;:&quot;&quot;,&quot;focal_length&quot;:&quot;3.99&quot;,&quot;iso&quot;:&quot;50&quot;,&quot;shutter_speed&quot;:&quot;0.058823529411765&quot;,&quot;title&quot;:&quot;&quot;,&quot;orientation&quot;:&quot;1&quot;}\" data-image-title=\"Le Piratosaure et le P\u00e8re No\u00ebl\" data-image-description=\"\" data-image-caption=\"\" data-large-file=\"https:\/\/i0.wp.com\/www.jojoenherbe.com\/wp-content\/uploads\/2020\/11\/Le-Piratosaure-et-le-Pere-Noel-scaled.jpg?fit=676%2C507\" class=\"size-thumbnail wp-image-13971 alignleft\" src=\"https:\/\/i0.wp.com\/www.jojoenherbe.com\/wp-content\/uploads\/2020\/11\/Le-Piratosaure-et-le-Pere-Noel.jpg?resize=150%2C150\" alt=\"\" width=\"150\" height=\"150\" srcset=\"https:\/\/i0.wp.com\/www.jojoenherbe.com\/wp-content\/uploads\/2020\/11\/Le-Piratosaure-et-le-Pere-Noel-scaled.jpg?resize=150%2C150 150w, https:\/\/i0.wp.com\/www.jojoenherbe.com\/wp-content\/uploads\/2020\/11\/Le-Piratosaure-et-le-Pere-Noel-scaled.jpg?zoom=2&amp;resize=150%2C150 300w, https:\/\/i0.wp.com\/www.jojoenherbe.com\/wp-content\/uploads\/2020\/11\/Le-Piratosaure-et-le-Pere-Noel-scaled.jpg?zoom=3&amp;resize=150%2C150 450w\" sizes=\"auto, (max-width: 150px) 100vw, 150px\" \/><\/a>Le Piratosaure et le P\u00e8re No\u00ebl<\/span> d&rsquo;Alex Sanders (\u00e9d. Gallimard Jeunesse, coll. Giboul\u00e9es, 2017), un album jeunesse \u00e0 partir de 3 ans<\/em><\/li>\n<li style=\"text-align: justify;\"><em><span style=\"text-decoration: underline;\">Stick Man<\/span> de Julia Donaldson et Axel Scheffler \u00e9d. Alison Green Books, 2008), un album jeunesse en anglais \u00e0 partir de 3 ans <\/em><\/li>\n<\/ul>\n<p style=\"text-align: justify;\"><em><strong><span style=\"text-decoration: underline;\">Des albums jeunesse sans le P\u00e8re No\u00ebl<\/span>:<\/strong><\/em><\/p>\n<ul>\n<li style=\"text-align: justify;\"><em><a href=\"http:\/\/www.jojoenherbe.com\/index.php\/2019\/12\/18\/au-fil-des-pages-avec-plume-et-les-cadeaux-de-noel\/\"><span style=\"text-decoration: underline;\">Plume et les cadeaux de No\u00ebl<\/span><\/a> de Rebecca Harry (\u00e9d. Gr\u00fcnd, 2018), un album jeunesse \u00e0 partir de 3 ans<\/em><\/li>\n<li style=\"text-align: justify;\"><em><a href=\"http:\/\/www.jojoenherbe.com\/index.php\/2019\/12\/17\/au-fil-des-pages-avec-joyeux-noel-petite-taupe\/\"><span style=\"text-decoration: underline;\">Joyeux No\u00ebl, Petite taupe!<\/span><\/a> d&rsquo;Orianne Lallemand et Claire Frossard (\u00e9d. Auzou, 2015), un album jeunesse \u00e0 partir de 3 ans<\/em><\/li>\n<li style=\"text-align: justify;\"><em><a href=\"https:\/\/i0.wp.com\/www.jojoenherbe.com\/wp-content\/uploads\/2020\/11\/Le-sapin-scaled.jpg\"><img data-recalc-dims=\"1\" loading=\"lazy\" decoding=\"async\" data-attachment-id=\"13973\" data-permalink=\"http:\/\/www.jojoenherbe.com\/index.php\/2020\/11\/18\/notre-pal-albums-jeunesse-de-noel-2020\/le-sapin\/\" data-orig-file=\"https:\/\/i0.wp.com\/www.jojoenherbe.com\/wp-content\/uploads\/2020\/11\/Le-sapin-scaled.jpg?fit=2560%2C1920\" data-orig-size=\"2560,1920\" data-comments-opened=\"1\" data-image-meta=\"{&quot;aperture&quot;:&quot;1.8&quot;,&quot;credit&quot;:&quot;&quot;,&quot;camera&quot;:&quot;iPhone 7&quot;,&quot;caption&quot;:&quot;&quot;,&quot;created_timestamp&quot;:&quot;1605706701&quot;,&quot;copyright&quot;:&quot;&quot;,&quot;focal_length&quot;:&quot;3.99&quot;,&quot;iso&quot;:&quot;40&quot;,&quot;shutter_speed&quot;:&quot;0.05&quot;,&quot;title&quot;:&quot;&quot;,&quot;orientation&quot;:&quot;1&quot;}\" data-image-title=\"Le sapin\" data-image-description=\"\" data-image-caption=\"\" data-large-file=\"https:\/\/i0.wp.com\/www.jojoenherbe.com\/wp-content\/uploads\/2020\/11\/Le-sapin-scaled.jpg?fit=676%2C507\" class=\"alignleft size-thumbnail wp-image-13973\" src=\"https:\/\/i0.wp.com\/www.jojoenherbe.com\/wp-content\/uploads\/2020\/11\/Le-sapin.jpg?resize=150%2C150\" alt=\"\" width=\"150\" height=\"150\" srcset=\"https:\/\/i0.wp.com\/www.jojoenherbe.com\/wp-content\/uploads\/2020\/11\/Le-sapin-scaled.jpg?resize=150%2C150 150w, https:\/\/i0.wp.com\/www.jojoenherbe.com\/wp-content\/uploads\/2020\/11\/Le-sapin-scaled.jpg?zoom=2&amp;resize=150%2C150 300w, https:\/\/i0.wp.com\/www.jojoenherbe.com\/wp-content\/uploads\/2020\/11\/Le-sapin-scaled.jpg?zoom=3&amp;resize=150%2C150 450w\" sizes=\"auto, (max-width: 150px) 100vw, 150px\" \/><\/a><a href=\"http:\/\/www.jojoenherbe.com\/index.php\/2020\/12\/22\/au-fil-des-pages-avec-le-sapin\/\"><span style=\"text-decoration: underline;\">Le sapin<\/span><\/a> d&rsquo;Hans Christian Andersen et Marc Boutavant (\u00e9d. Nathan, 2005, r\u00e9\u00e9d. 2008), un album jeunesse grand format \u00e0 partir de 6 ans<\/em><\/li>\n<li style=\"text-align: justify;\"><em><a href=\"https:\/\/i0.wp.com\/www.jojoenherbe.com\/wp-content\/uploads\/2020\/11\/LArbre-a-voeux-scaled.jpg\"><img data-recalc-dims=\"1\" loading=\"lazy\" decoding=\"async\" data-attachment-id=\"13969\" data-permalink=\"http:\/\/www.jojoenherbe.com\/index.php\/2020\/11\/18\/notre-pal-albums-jeunesse-de-noel-2020\/larbre-a-voeux\/\" data-orig-file=\"https:\/\/i0.wp.com\/www.jojoenherbe.com\/wp-content\/uploads\/2020\/11\/LArbre-a-voeux-scaled.jpg?fit=2560%2C1920\" data-orig-size=\"2560,1920\" data-comments-opened=\"1\" data-image-meta=\"{&quot;aperture&quot;:&quot;1.8&quot;,&quot;credit&quot;:&quot;&quot;,&quot;camera&quot;:&quot;iPhone 7&quot;,&quot;caption&quot;:&quot;&quot;,&quot;created_timestamp&quot;:&quot;1605706690&quot;,&quot;copyright&quot;:&quot;&quot;,&quot;focal_length&quot;:&quot;3.99&quot;,&quot;iso&quot;:&quot;40&quot;,&quot;shutter_speed&quot;:&quot;0.05&quot;,&quot;title&quot;:&quot;&quot;,&quot;orientation&quot;:&quot;1&quot;}\" data-image-title=\"L&amp;rsquo;Arbre \u00e0 voeux\" data-image-description=\"\" data-image-caption=\"\" data-large-file=\"https:\/\/i0.wp.com\/www.jojoenherbe.com\/wp-content\/uploads\/2020\/11\/LArbre-a-voeux-scaled.jpg?fit=676%2C507\" class=\"size-thumbnail wp-image-13969 alignright\" src=\"https:\/\/i0.wp.com\/www.jojoenherbe.com\/wp-content\/uploads\/2020\/11\/LArbre-a-voeux.jpg?resize=150%2C150\" alt=\"\" width=\"150\" height=\"150\" srcset=\"https:\/\/i0.wp.com\/www.jojoenherbe.com\/wp-content\/uploads\/2020\/11\/LArbre-a-voeux-scaled.jpg?resize=150%2C150 150w, https:\/\/i0.wp.com\/www.jojoenherbe.com\/wp-content\/uploads\/2020\/11\/LArbre-a-voeux-scaled.jpg?zoom=2&amp;resize=150%2C150 300w, https:\/\/i0.wp.com\/www.jojoenherbe.com\/wp-content\/uploads\/2020\/11\/LArbre-a-voeux-scaled.jpg?zoom=3&amp;resize=150%2C150 450w\" sizes=\"auto, (max-width: 150px) 100vw, 150px\" \/><\/a><a href=\"http:\/\/www.jojoenherbe.com\/index.php\/2021\/01\/01\/au-fil-des-pages-avec-larbre-a-voeux\/\"><span style=\"text-decoration: underline;\">L&rsquo;arbre \u00e0 v\u0153ux<\/span><\/a> de Kyo Maclear et Chris Turnham (\u00e9d. Little Urban, 2017), un album jeunesse \u00e0 partir de 3 ans<\/em><\/li>\n<li style=\"text-align: justify;\"><em><a href=\"https:\/\/i0.wp.com\/www.jojoenherbe.com\/wp-content\/uploads\/2020\/11\/Le-Renard-et-le-Lutin-scaled.jpg\"><img data-recalc-dims=\"1\" loading=\"lazy\" decoding=\"async\" data-attachment-id=\"13972\" data-permalink=\"http:\/\/www.jojoenherbe.com\/index.php\/2020\/11\/18\/notre-pal-albums-jeunesse-de-noel-2020\/le-renard-et-le-lutin\/\" data-orig-file=\"https:\/\/i0.wp.com\/www.jojoenherbe.com\/wp-content\/uploads\/2020\/11\/Le-Renard-et-le-Lutin-scaled.jpg?fit=2560%2C1920\" data-orig-size=\"2560,1920\" data-comments-opened=\"1\" data-image-meta=\"{&quot;aperture&quot;:&quot;1.8&quot;,&quot;credit&quot;:&quot;&quot;,&quot;camera&quot;:&quot;iPhone 7&quot;,&quot;caption&quot;:&quot;&quot;,&quot;created_timestamp&quot;:&quot;1605706723&quot;,&quot;copyright&quot;:&quot;&quot;,&quot;focal_length&quot;:&quot;3.99&quot;,&quot;iso&quot;:&quot;64&quot;,&quot;shutter_speed&quot;:&quot;0.058823529411765&quot;,&quot;title&quot;:&quot;&quot;,&quot;orientation&quot;:&quot;1&quot;}\" data-image-title=\"Le Renard et le Lutin\" data-image-description=\"\" data-image-caption=\"\" data-large-file=\"https:\/\/i0.wp.com\/www.jojoenherbe.com\/wp-content\/uploads\/2020\/11\/Le-Renard-et-le-Lutin-scaled.jpg?fit=676%2C507\" class=\"alignleft size-thumbnail wp-image-13972\" src=\"https:\/\/i0.wp.com\/www.jojoenherbe.com\/wp-content\/uploads\/2020\/11\/Le-Renard-et-le-Lutin.jpg?resize=150%2C150\" alt=\"\" width=\"150\" height=\"150\" srcset=\"https:\/\/i0.wp.com\/www.jojoenherbe.com\/wp-content\/uploads\/2020\/11\/Le-Renard-et-le-Lutin-scaled.jpg?resize=150%2C150 150w, https:\/\/i0.wp.com\/www.jojoenherbe.com\/wp-content\/uploads\/2020\/11\/Le-Renard-et-le-Lutin-scaled.jpg?zoom=2&amp;resize=150%2C150 300w, https:\/\/i0.wp.com\/www.jojoenherbe.com\/wp-content\/uploads\/2020\/11\/Le-Renard-et-le-Lutin-scaled.jpg?zoom=3&amp;resize=150%2C150 450w\" sizes=\"auto, (max-width: 150px) 100vw, 150px\" \/><\/a><a href=\"http:\/\/www.jojoenherbe.com\/index.php\/2020\/12\/28\/au-fil-des-pages-avec-le-renard-et-le-lutin\/\"><span style=\"text-decoration: underline;\">Le Renard et le Lutin<\/span><\/a> d&rsquo;Astrid Lindgren et Eva Eriksson (\u00e9d. L&rsquo;\u00e9cole des loisirs, coll. Pastel, 1965, r\u00e9\u00e9d. 2018), un album jeunesse \u00e0 partir de 3 ans<\/em><\/li>\n<li style=\"text-align: justify;\"><em><a href=\"http:\/\/www.jojoenherbe.com\/index.php\/2019\/12\/29\/au-fil-des-pages-avec-cest-noel\/\"><span style=\"text-decoration: underline;\">C&rsquo;est No\u00ebl!<\/span><\/a> de Tracey Corderoy et Tim Warnes (\u00e9d. Mijade, 2017), un album jeunesse \u00e0 partir de 3 ans<\/em><\/li>\n<li style=\"text-align: justify;\"><em><a href=\"http:\/\/www.jojoenherbe.com\/index.php\/2019\/12\/24\/au-fil-des-pages-avec-le-noel-de-fenouil\/\"><span style=\"text-decoration: underline;\">Le No\u00ebl de Fenouil!<\/span><\/a> de Brigitte Weninger et \u00c8ve Tharlet (\u00e9d. Mijade, 1998, r\u00e9\u00e9d. 2017), un album jeunesse \u00e0 partir de 3 ans<\/em><\/li>\n<li style=\"text-align: justify;\"><em><a href=\"http:\/\/www.jojoenherbe.com\/index.php\/2020\/01\/07\/au-fil-des-pages-avec-petit-herisson-a-noel\/\"><span style=\"text-decoration: underline;\">Joyeux No\u00ebl, Petit H\u00e9risson!<\/span><\/a> de M. Cristina Butler et Tina Macnaughton (\u00e9d. Milan, 2011, r\u00e9\u00e9d. 2015), un album jeunesse \u00e0 partir de 3 ans<\/em><\/li>\n<\/ul>\n<p style=\"text-align: justify;\"><em>Les autres albums jeunesse de No\u00ebl de cette ann\u00e9e ont \u00e9t\u00e9 gliss\u00e9s dans le calendrier de l&rsquo;Avent avec aussi selon les jours des chocolats ou des petits jouets pour patienter jusqu&rsquo;\u00e0 No\u00ebl. J&rsquo;esp\u00e8re aussi pouvoir retourner \u00e0 la m\u00e9diath\u00e8que, certains albums que nous appr\u00e9cions n&rsquo;\u00e9tant plus \u00e9dit\u00e9s comme par exemple <a href=\"http:\/\/www.jojoenherbe.com\/index.php\/2019\/12\/06\/au-fil-des-pages-avec-linvite-de-noel\/\"><span style=\"text-decoration: underline;\">L&rsquo;invit\u00e9 de No\u00ebl<\/span><\/a> ou <a href=\"http:\/\/www.jojoenherbe.com\/index.php\/2019\/12\/29\/au-fil-des-pages-avec-le-premier-noel-de-nina\/\"><span style=\"text-decoration: underline;\">Le premier No\u00ebl de Nina<\/span><\/a> et pour pouvoir emprunter pour moi des romances de No\u00ebl.<\/em><\/p>\n<p style=\"text-align: justify;\"><em>Et vous, vous avez d\u00e9j\u00e0 pr\u00e9vu vos lectures de No\u00ebl? Une pr\u00e9f\u00e9rence pour les histoires avec le P\u00e8re No\u00ebl ou non ou c&rsquo;est sans importance? Chez nous, c&rsquo;est l&rsquo;esprit de No\u00ebl qui pr\u00e9domine. Dans tous les cas, bonnes lectures \u00e0 tous!<\/em><\/p>\n<div style=\"width: 137px\" class=\"wp-caption aligncenter\"><img data-recalc-dims=\"1\" loading=\"lazy\" decoding=\"async\" class=\"\" src=\"https:\/\/i0.wp.com\/image.over-blog.com\/QtkiuqWdwqgDD5PoRaYFPXM2rUQ%3D\/filters%3Ano_upscale%28%29\/image%2F1490149%2F20201109%2Fob_3a58b1_christmastime2020logo1.jpg?resize=127%2C128&#038;ssl=1\" alt=\"\" width=\"127\" height=\"128\" data-amp-height=\"352\" data-amp-width=\"350\" \/><p class=\"wp-caption-text\">Challenge Christmas Time de <a href=\"http:\/\/mya.books.over-blog.com\/2020\/11\/challenge-christmas-time-2020.html\">MyaRosa<\/a> #PAL<\/p><\/div>\n<p style=\"text-align: justify;\">\n","protected":false},"excerpt":{"rendered":"<p>En ce 18 novembre 2020, MyaRosa nous propose dans le cadre du challenge Christmas Time de pr\u00e9senter notre PAL de No\u00ebl. Alors voici la premi\u00e8re partie de notre PAL avec les albums jeunesse de nos biblioth\u00e8ques et ceux que j&rsquo;ai d\u00e9j\u00e0 pu emprunt\u00e9s \u00e0 la m\u00e9diath\u00e8que le mois dernier, juste avant le reconfinement. Des albums [&hellip;]<\/p>\n","protected":false},"author":1,"featured_media":13965,"comment_status":"open","ping_status":"open","sticky":false,"template":"","format":"standard","meta":{"jetpack_post_was_ever_published":false,"_jetpack_newsletter_access":"","_jetpack_dont_email_post_to_subs":false,"_jetpack_newsletter_tier_id":0,"_jetpack_memberships_contains_paywalled_content":false,"_jetpack_memberships_contains_paid_content":false,"footnotes":""},"categories":[363],"tags":[409,1931,983,1132,367,1056,19,698],"class_list":["post-13964","post","type-post","status-publish","format-standard","has-post-thumbnail","hentry","category-mini-lecteur","tag-albums-jeunesse","tag-challenge-christmas-time-2020","tag-challenge-de-noel","tag-esprit-de-noel","tag-lecture-jeunesse","tag-lectures-de-noel","tag-noel","tag-pere-noel","post-preview"],"jetpack_featured_media_url":"https:\/\/i0.wp.com\/www.jojoenherbe.com\/wp-content\/uploads\/2020\/11\/PAL-Noel-2020-scaled.jpg?fit=2560%2C2031","jetpack_sharing_enabled":true,"jetpack_shortlink":"https:\/\/wp.me\/p9zhGx-3De","jetpack_likes_enabled":true,"jetpack-related-posts":[{"id":14139,"url":"http:\/\/www.jojoenherbe.com\/index.php\/2020\/11\/30\/notre-pal-albums-jeunesse-de-noel-2020-2\/","url_meta":{"origin":13964,"position":0},"title":"Notre PAL Albums jeunesse de No\u00ebl 2020 #2","author":"Jojo","date":"30 novembre 2020","format":false,"excerpt":"Apr\u00e8s avoir pr\u00e9sent\u00e9 le 18 novembre 2020 la premi\u00e8re partie de notre PAL Albums jeunesse de No\u00ebl pour cette ann\u00e9e, voici une deuxi\u00e8me partie avec des albums jeunesse que j'ai pu emprunter \u00e0 la m\u00e9diath\u00e8que la semaine derni\u00e8re en attendant de d\u00e9couvrir ceux gliss\u00e9s dans le calendrier de l'Avent. Il\u2026","rel":"","context":"Dans &quot;Mini lecteur&quot;","block_context":{"text":"Mini lecteur","link":"http:\/\/www.jojoenherbe.com\/index.php\/category\/mini-lecteur\/"},"img":{"alt_text":"","src":"https:\/\/i0.wp.com\/www.jojoenherbe.com\/wp-content\/uploads\/2020\/11\/PAL-Noel-2020-2-1-scaled.jpg?fit=1200%2C900&resize=350%2C200","width":350,"height":200,"srcset":"https:\/\/i0.wp.com\/www.jojoenherbe.com\/wp-content\/uploads\/2020\/11\/PAL-Noel-2020-2-1-scaled.jpg?fit=1200%2C900&resize=350%2C200 1x, https:\/\/i0.wp.com\/www.jojoenherbe.com\/wp-content\/uploads\/2020\/11\/PAL-Noel-2020-2-1-scaled.jpg?fit=1200%2C900&resize=525%2C300 1.5x, https:\/\/i0.wp.com\/www.jojoenherbe.com\/wp-content\/uploads\/2020\/11\/PAL-Noel-2020-2-1-scaled.jpg?fit=1200%2C900&resize=700%2C400 2x, https:\/\/i0.wp.com\/www.jojoenherbe.com\/wp-content\/uploads\/2020\/11\/PAL-Noel-2020-2-1-scaled.jpg?fit=1200%2C900&resize=1050%2C600 3x"},"classes":[]},{"id":13786,"url":"http:\/\/www.jojoenherbe.com\/index.php\/2020\/11\/10\/billet-de-suivi-challenge-christmas-time-2020\/","url_meta":{"origin":13964,"position":1},"title":"Billet de suivi: Challenge Christmas Time 2020","author":"Jojo","date":"10 novembre 2020","format":false,"excerpt":"Le mois de d\u00e9cembre approchant, c'est le retour du Challenge Christmas Time 2020, un challenge de No\u00ebl organis\u00e9 par MyaRosa et qui se d\u00e9roule du 9 novembre 2020 au 12 janvier 2021. Pour plus d\u2019infos, n\u2019h\u00e9sitez pas \u00e0 aller sur son blog. Ce billet sera actualis\u00e9 au fil du mois\u2026","rel":"","context":"Dans &quot;Mini challenger&quot;","block_context":{"text":"Mini challenger","link":"http:\/\/www.jojoenherbe.com\/index.php\/category\/mini-challenger\/"},"img":{"alt_text":"","src":"https:\/\/i0.wp.com\/www.jojoenherbe.com\/wp-content\/uploads\/2020\/11\/image_1490149_20201109_ob_f79ca9_jkhkjkjhh.jpg?fit=564%2C449&resize=350%2C200","width":350,"height":200,"srcset":"https:\/\/i0.wp.com\/www.jojoenherbe.com\/wp-content\/uploads\/2020\/11\/image_1490149_20201109_ob_f79ca9_jkhkjkjhh.jpg?fit=564%2C449&resize=350%2C200 1x, https:\/\/i0.wp.com\/www.jojoenherbe.com\/wp-content\/uploads\/2020\/11\/image_1490149_20201109_ob_f79ca9_jkhkjkjhh.jpg?fit=564%2C449&resize=525%2C300 1.5x"},"classes":[]},{"id":14313,"url":"http:\/\/www.jojoenherbe.com\/index.php\/2020\/12\/04\/au-fil-des-pages-avec-cher-pere-noel\/","url_meta":{"origin":13964,"position":2},"title":"Au fil des pages avec Cher P\u00e8re No\u00ebl","author":"Jojo","date":"4 d\u00e9cembre 2020","format":false,"excerpt":"J4 de notre calendrier livresque: il s'agit de Cher P\u00e8re No\u00ebl d'Emma Yarlett (\u00e9d. Albin Michel Jeunesse, 2020), un album jeunesse cartonn\u00e9 \u00e0 flaps \u00e0 partir de 4 ans. Une derni\u00e8re lettre arrive, \u00e0 la derni\u00e8re minute, dans la chemin\u00e9e allum\u00e9e du P\u00e8re No\u00ebl. Une petite fille Anna souhaite avoir\u2026","rel":"","context":"Dans &quot;Mini lecteur&quot;","block_context":{"text":"Mini lecteur","link":"http:\/\/www.jojoenherbe.com\/index.php\/category\/mini-lecteur\/"},"img":{"alt_text":"","src":"https:\/\/i0.wp.com\/www.jojoenherbe.com\/wp-content\/uploads\/2020\/12\/Cher-Pere-Noel-scaled.jpg?fit=1200%2C833&resize=350%2C200","width":350,"height":200,"srcset":"https:\/\/i0.wp.com\/www.jojoenherbe.com\/wp-content\/uploads\/2020\/12\/Cher-Pere-Noel-scaled.jpg?fit=1200%2C833&resize=350%2C200 1x, https:\/\/i0.wp.com\/www.jojoenherbe.com\/wp-content\/uploads\/2020\/12\/Cher-Pere-Noel-scaled.jpg?fit=1200%2C833&resize=525%2C300 1.5x, https:\/\/i0.wp.com\/www.jojoenherbe.com\/wp-content\/uploads\/2020\/12\/Cher-Pere-Noel-scaled.jpg?fit=1200%2C833&resize=700%2C400 2x, https:\/\/i0.wp.com\/www.jojoenherbe.com\/wp-content\/uploads\/2020\/12\/Cher-Pere-Noel-scaled.jpg?fit=1200%2C833&resize=1050%2C600 3x"},"classes":[]},{"id":13574,"url":"http:\/\/www.jojoenherbe.com\/index.php\/2020\/11\/10\/billet-de-suivi-il-etait-8-fois-noel\/","url_meta":{"origin":13964,"position":3},"title":"Billet de suivi: Il \u00e9tait 8 fois No\u00ebl","author":"Jojo","date":"10 novembre 2020","format":false,"excerpt":"Le mois de d\u00e9cembre approchant, c'est le retour de Il \u00e9tait 8 fois No\u00ebl, un challenge de No\u00ebl organis\u00e9 par Chicky Poo et Samarian et qui se d\u00e9roule du 30 novembre 2020 au 3 janvier 2021. Pour plus d\u2019infos, n\u2019h\u00e9sitez pas \u00e0 aller sur leurs blogs. Ce billet sera actualis\u00e9\u2026","rel":"","context":"Dans &quot;Mini challenger&quot;","block_context":{"text":"Mini challenger","link":"http:\/\/www.jojoenherbe.com\/index.php\/category\/mini-challenger\/"},"img":{"alt_text":"","src":"https:\/\/i0.wp.com\/www.jojoenherbe.com\/wp-content\/uploads\/2020\/11\/Logo_2_2020-1024x992-1.jpg?fit=1024%2C992&resize=350%2C200","width":350,"height":200,"srcset":"https:\/\/i0.wp.com\/www.jojoenherbe.com\/wp-content\/uploads\/2020\/11\/Logo_2_2020-1024x992-1.jpg?fit=1024%2C992&resize=350%2C200 1x, https:\/\/i0.wp.com\/www.jojoenherbe.com\/wp-content\/uploads\/2020\/11\/Logo_2_2020-1024x992-1.jpg?fit=1024%2C992&resize=525%2C300 1.5x, https:\/\/i0.wp.com\/www.jojoenherbe.com\/wp-content\/uploads\/2020\/11\/Logo_2_2020-1024x992-1.jpg?fit=1024%2C992&resize=700%2C400 2x"},"classes":[]},{"id":14191,"url":"http:\/\/www.jojoenherbe.com\/index.php\/2020\/12\/03\/notre-pal-de-contes-nordiques-2020\/","url_meta":{"origin":13964,"position":4},"title":"Notre PAL de contes nordiques 2020","author":"Jojo","date":"3 d\u00e9cembre 2020","format":false,"excerpt":"En ce mois de d\u00e9cembre 2020, apr\u00e8s une immersion dans le pays des Ogres, direction le grand Nord avec le challenge Contes et L\u00e9gendes de Bidib puisque ce sont les contes nordiques qui sont mis \u00e0 l'honneur ce mois-ci. Des albums jeunesse: Les trois boucs de Jean-Louis Le Craver et\u2026","rel":"","context":"Dans &quot;Mini challenger&quot;","block_context":{"text":"Mini challenger","link":"http:\/\/www.jojoenherbe.com\/index.php\/category\/mini-challenger\/"},"img":{"alt_text":"","src":"https:\/\/i0.wp.com\/www.jojoenherbe.com\/wp-content\/uploads\/2020\/12\/Contes-nordiques-scaled.jpg?fit=1200%2C705&resize=350%2C200","width":350,"height":200,"srcset":"https:\/\/i0.wp.com\/www.jojoenherbe.com\/wp-content\/uploads\/2020\/12\/Contes-nordiques-scaled.jpg?fit=1200%2C705&resize=350%2C200 1x, https:\/\/i0.wp.com\/www.jojoenherbe.com\/wp-content\/uploads\/2020\/12\/Contes-nordiques-scaled.jpg?fit=1200%2C705&resize=525%2C300 1.5x, https:\/\/i0.wp.com\/www.jojoenherbe.com\/wp-content\/uploads\/2020\/12\/Contes-nordiques-scaled.jpg?fit=1200%2C705&resize=700%2C400 2x, https:\/\/i0.wp.com\/www.jojoenherbe.com\/wp-content\/uploads\/2020\/12\/Contes-nordiques-scaled.jpg?fit=1200%2C705&resize=1050%2C600 3x"},"classes":[]},{"id":8706,"url":"http:\/\/www.jojoenherbe.com\/index.php\/2019\/12\/02\/pal-de-decembre-2019\/","url_meta":{"origin":13964,"position":5},"title":"PAL de d\u00e9cembre 2019","author":"Jojo","date":"2 d\u00e9cembre 2019","format":false,"excerpt":"En ce 2 d\u00e9cembre 2019, Chicky Poo et Samarian nous proposent dans le cadre du challenge \"Il \u00e9tait 7 fois No\u00ebl\" de publier une photo de notre PAL de d\u00e9cembre. Voici donc notre PAL avec des livres sur l'hiver et sur No\u00ebl. Cette PAL est non-exhautive puisque nous la compl\u00e9terons\u2026","rel":"","context":"Dans &quot;Mini challenger&quot;","block_context":{"text":"Mini challenger","link":"http:\/\/www.jojoenherbe.com\/index.php\/category\/mini-challenger\/"},"img":{"alt_text":"","src":"https:\/\/i0.wp.com\/www.jojoenherbe.com\/wp-content\/uploads\/2019\/12\/PAL-de-No%C3%ABl-2019-scaled.jpg?fit=1200%2C787&resize=350%2C200","width":350,"height":200,"srcset":"https:\/\/i0.wp.com\/www.jojoenherbe.com\/wp-content\/uploads\/2019\/12\/PAL-de-No%C3%ABl-2019-scaled.jpg?fit=1200%2C787&resize=350%2C200 1x, https:\/\/i0.wp.com\/www.jojoenherbe.com\/wp-content\/uploads\/2019\/12\/PAL-de-No%C3%ABl-2019-scaled.jpg?fit=1200%2C787&resize=525%2C300 1.5x, https:\/\/i0.wp.com\/www.jojoenherbe.com\/wp-content\/uploads\/2019\/12\/PAL-de-No%C3%ABl-2019-scaled.jpg?fit=1200%2C787&resize=700%2C400 2x, https:\/\/i0.wp.com\/www.jojoenherbe.com\/wp-content\/uploads\/2019\/12\/PAL-de-No%C3%ABl-2019-scaled.jpg?fit=1200%2C787&resize=1050%2C600 3x"},"classes":[]}],"_links":{"self":[{"href":"http:\/\/www.jojoenherbe.com\/index.php\/wp-json\/wp\/v2\/posts\/13964","targetHints":{"allow":["GET"]}}],"collection":[{"href":"http:\/\/www.jojoenherbe.com\/index.php\/wp-json\/wp\/v2\/posts"}],"about":[{"href":"http:\/\/www.jojoenherbe.com\/index.php\/wp-json\/wp\/v2\/types\/post"}],"author":[{"embeddable":true,"href":"http:\/\/www.jojoenherbe.com\/index.php\/wp-json\/wp\/v2\/users\/1"}],"replies":[{"embeddable":true,"href":"http:\/\/www.jojoenherbe.com\/index.php\/wp-json\/wp\/v2\/comments?post=13964"}],"version-history":[{"count":0,"href":"http:\/\/www.jojoenherbe.com\/index.php\/wp-json\/wp\/v2\/posts\/13964\/revisions"}],"wp:featuredmedia":[{"embeddable":true,"href":"http:\/\/www.jojoenherbe.com\/index.php\/wp-json\/wp\/v2\/media\/13965"}],"wp:attachment":[{"href":"http:\/\/www.jojoenherbe.com\/index.php\/wp-json\/wp\/v2\/media?parent=13964"}],"wp:term":[{"taxonomy":"category","embeddable":true,"href":"http:\/\/www.jojoenherbe.com\/index.php\/wp-json\/wp\/v2\/categories?post=13964"},{"taxonomy":"post_tag","embeddable":true,"href":"http:\/\/www.jojoenherbe.com\/index.php\/wp-json\/wp\/v2\/tags?post=13964"}],"curies":[{"name":"wp","href":"https:\/\/api.w.org\/{rel}","templated":true}]}}