{"id":13597,"date":"2020-11-04T12:16:36","date_gmt":"2020-11-04T11:16:36","guid":{"rendered":"http:\/\/www.jojoenherbe.com\/?p=13597"},"modified":"2021-12-03T17:54:23","modified_gmt":"2021-12-03T16:54:23","slug":"au-fil-des-pages-avec-le-tome-2-de-spooky-les-contes-de-travers","status":"publish","type":"post","link":"http:\/\/www.jojoenherbe.com\/index.php\/2020\/11\/04\/au-fil-des-pages-avec-le-tome-2-de-spooky-les-contes-de-travers\/","title":{"rendered":"Au fil des pages avec le tome 2 de Spooky, Les contes de travers"},"content":{"rendered":"<p style=\"text-align: justify;\"><em><a href=\"https:\/\/i0.wp.com\/www.jojoenherbe.com\/wp-content\/uploads\/2020\/11\/Spooky-T2-2-scaled.jpg\"><img data-recalc-dims=\"1\" loading=\"lazy\" decoding=\"async\" data-attachment-id=\"13607\" data-permalink=\"http:\/\/www.jojoenherbe.com\/index.php\/2020\/11\/04\/au-fil-des-pages-avec-le-tome-2-de-spooky-les-contes-de-travers\/spooky-t2-2-2\/\" data-orig-file=\"https:\/\/i0.wp.com\/www.jojoenherbe.com\/wp-content\/uploads\/2020\/11\/Spooky-T2-2-scaled.jpg?fit=2560%2C1920\" data-orig-size=\"2560,1920\" data-comments-opened=\"1\" data-image-meta=\"{&quot;aperture&quot;:&quot;1.8&quot;,&quot;credit&quot;:&quot;&quot;,&quot;camera&quot;:&quot;iPhone 7&quot;,&quot;caption&quot;:&quot;&quot;,&quot;created_timestamp&quot;:&quot;1602954663&quot;,&quot;copyright&quot;:&quot;&quot;,&quot;focal_length&quot;:&quot;3.99&quot;,&quot;iso&quot;:&quot;32&quot;,&quot;shutter_speed&quot;:&quot;0.05&quot;,&quot;title&quot;:&quot;&quot;,&quot;orientation&quot;:&quot;1&quot;}\" data-image-title=\"Spooky T2 2\" data-image-description=\"\" data-image-caption=\"\" data-large-file=\"https:\/\/i0.wp.com\/www.jojoenherbe.com\/wp-content\/uploads\/2020\/11\/Spooky-T2-2-scaled.jpg?fit=676%2C507\" class=\"alignleft size-thumbnail wp-image-13607\" src=\"https:\/\/i0.wp.com\/www.jojoenherbe.com\/wp-content\/uploads\/2020\/11\/Spooky-T2-2.jpg?resize=150%2C150\" alt=\"\" width=\"150\" height=\"150\" srcset=\"https:\/\/i0.wp.com\/www.jojoenherbe.com\/wp-content\/uploads\/2020\/11\/Spooky-T2-2-scaled.jpg?resize=150%2C150 150w, https:\/\/i0.wp.com\/www.jojoenherbe.com\/wp-content\/uploads\/2020\/11\/Spooky-T2-2-scaled.jpg?zoom=2&amp;resize=150%2C150 300w, https:\/\/i0.wp.com\/www.jojoenherbe.com\/wp-content\/uploads\/2020\/11\/Spooky-T2-2-scaled.jpg?zoom=3&amp;resize=150%2C150 450w\" sizes=\"auto, (max-width: 150px) 100vw, 150px\" \/><\/a> <a href=\"https:\/\/i0.wp.com\/www.jojoenherbe.com\/wp-content\/uploads\/2020\/11\/Spooky-T2-4-scaled.jpg\"><img data-recalc-dims=\"1\" loading=\"lazy\" decoding=\"async\" data-attachment-id=\"13609\" data-permalink=\"http:\/\/www.jojoenherbe.com\/index.php\/2020\/11\/04\/au-fil-des-pages-avec-le-tome-2-de-spooky-les-contes-de-travers\/spooky-t2-4\/\" data-orig-file=\"https:\/\/i0.wp.com\/www.jojoenherbe.com\/wp-content\/uploads\/2020\/11\/Spooky-T2-4-scaled.jpg?fit=2560%2C1920\" data-orig-size=\"2560,1920\" data-comments-opened=\"1\" data-image-meta=\"{&quot;aperture&quot;:&quot;1.8&quot;,&quot;credit&quot;:&quot;&quot;,&quot;camera&quot;:&quot;iPhone 7&quot;,&quot;caption&quot;:&quot;&quot;,&quot;created_timestamp&quot;:&quot;1602954743&quot;,&quot;copyright&quot;:&quot;&quot;,&quot;focal_length&quot;:&quot;3.99&quot;,&quot;iso&quot;:&quot;32&quot;,&quot;shutter_speed&quot;:&quot;0.03030303030303&quot;,&quot;title&quot;:&quot;&quot;,&quot;orientation&quot;:&quot;1&quot;}\" data-image-title=\"Spooky T2 4\" data-image-description=\"\" data-image-caption=\"\" data-large-file=\"https:\/\/i0.wp.com\/www.jojoenherbe.com\/wp-content\/uploads\/2020\/11\/Spooky-T2-4-scaled.jpg?fit=676%2C507\" class=\"alignleft size-thumbnail wp-image-13609\" src=\"https:\/\/i0.wp.com\/www.jojoenherbe.com\/wp-content\/uploads\/2020\/11\/Spooky-T2-4.jpg?resize=150%2C150\" alt=\"\" width=\"150\" height=\"150\" srcset=\"https:\/\/i0.wp.com\/www.jojoenherbe.com\/wp-content\/uploads\/2020\/11\/Spooky-T2-4-scaled.jpg?resize=150%2C150 150w, https:\/\/i0.wp.com\/www.jojoenherbe.com\/wp-content\/uploads\/2020\/11\/Spooky-T2-4-scaled.jpg?zoom=2&amp;resize=150%2C150 300w, https:\/\/i0.wp.com\/www.jojoenherbe.com\/wp-content\/uploads\/2020\/11\/Spooky-T2-4-scaled.jpg?zoom=3&amp;resize=150%2C150 450w\" sizes=\"auto, (max-width: 150px) 100vw, 150px\" \/><\/a>Apr\u00e8s avoir lu <a href=\"http:\/\/www.jojoenherbe.com\/index.php\/2020\/10\/14\/au-fil-des-pages-avec-le-tome-1-de-spooky-les-contes-de-travers\/\">le premier tome<\/a>, j&rsquo;ai pu emprunter \u00e0 la m\u00e9diath\u00e8que le tome 2 de <span style=\"text-decoration: underline;\">Spooky, Les contes de travers, Charmant vampire<\/span> de Carine-M et \u00c9lian Black\u2019Mor (\u00e9d. Gl\u00e9nat, 2016), une BD jeunesse \u00e0 partir de 9 ans. <\/em><em>Apr\u00e8s avoir accept\u00e9 une invitation du Petit Chaperon rouge, Spooky et ses oncles, les Trois petits cochons, re\u00e7oivent de sa part des cl\u00e9s magiques pour chambres am\u00e9lior\u00e9es et ainsi rebooster les r\u00e9servations \u00e0 la pension pour monstres. Un jeune vampire qui r\u00eave de vivre sous le soleil d&rsquo;Hawa\u00ef et de nombreuses princesses d\u00e9barquent bient\u00f4t \u00e0 la pension. Mais il manque les grenouilles princi\u00e8res et <\/em><em>d&rsquo;\u00e9tranges \u00e9v\u00e9nements ont lieu. Spooky doit \u00e0 nouveau mener l&rsquo;enqu\u00eate pour sauver la r\u00e9putation de la pension. Compl\u00e8tement sous le charme du jeune vampire, Spooky y arrivera-t-elle?\u00a0<\/em><\/p>\n<p style=\"text-align: justify;\"><em><a href=\"https:\/\/i0.wp.com\/www.jojoenherbe.com\/wp-content\/uploads\/2020\/11\/Spooky-T2-6.jpg\"><img data-recalc-dims=\"1\" loading=\"lazy\" decoding=\"async\" data-attachment-id=\"13614\" data-permalink=\"http:\/\/www.jojoenherbe.com\/index.php\/2020\/11\/04\/au-fil-des-pages-avec-le-tome-2-de-spooky-les-contes-de-travers\/spooky-t2-6\/\" data-orig-file=\"https:\/\/i0.wp.com\/www.jojoenherbe.com\/wp-content\/uploads\/2020\/11\/Spooky-T2-6.jpg?fit=1151%2C1234\" data-orig-size=\"1151,1234\" data-comments-opened=\"1\" data-image-meta=\"{&quot;aperture&quot;:&quot;1.8&quot;,&quot;credit&quot;:&quot;&quot;,&quot;camera&quot;:&quot;iPhone 7&quot;,&quot;caption&quot;:&quot;&quot;,&quot;created_timestamp&quot;:&quot;1602954888&quot;,&quot;copyright&quot;:&quot;&quot;,&quot;focal_length&quot;:&quot;3.99&quot;,&quot;iso&quot;:&quot;40&quot;,&quot;shutter_speed&quot;:&quot;0.03030303030303&quot;,&quot;title&quot;:&quot;&quot;,&quot;orientation&quot;:&quot;1&quot;}\" data-image-title=\"Spooky T2 6\" data-image-description=\"\" data-image-caption=\"\" data-large-file=\"https:\/\/i0.wp.com\/www.jojoenherbe.com\/wp-content\/uploads\/2020\/11\/Spooky-T2-6.jpg?fit=676%2C725\" class=\"size-thumbnail wp-image-13614 alignright\" src=\"https:\/\/i0.wp.com\/www.jojoenherbe.com\/wp-content\/uploads\/2020\/11\/Spooky-T2-6.jpg?resize=150%2C150\" alt=\"\" width=\"150\" height=\"150\" srcset=\"https:\/\/i0.wp.com\/www.jojoenherbe.com\/wp-content\/uploads\/2020\/11\/Spooky-T2-6.jpg?resize=150%2C150 150w, https:\/\/i0.wp.com\/www.jojoenherbe.com\/wp-content\/uploads\/2020\/11\/Spooky-T2-6.jpg?zoom=2&amp;resize=150%2C150 300w, https:\/\/i0.wp.com\/www.jojoenherbe.com\/wp-content\/uploads\/2020\/11\/Spooky-T2-6.jpg?zoom=3&amp;resize=150%2C150 450w\" sizes=\"auto, (max-width: 150px) 100vw, 150px\" \/><\/a> <a href=\"https:\/\/i0.wp.com\/www.jojoenherbe.com\/wp-content\/uploads\/2020\/11\/Spooky-T2-5-scaled.jpg\"><img data-recalc-dims=\"1\" loading=\"lazy\" decoding=\"async\" data-attachment-id=\"13613\" data-permalink=\"http:\/\/www.jojoenherbe.com\/index.php\/2020\/11\/04\/au-fil-des-pages-avec-le-tome-2-de-spooky-les-contes-de-travers\/spooky-t2-5\/\" data-orig-file=\"https:\/\/i0.wp.com\/www.jojoenherbe.com\/wp-content\/uploads\/2020\/11\/Spooky-T2-5-scaled.jpg?fit=1871%2C2560\" data-orig-size=\"1871,2560\" data-comments-opened=\"1\" data-image-meta=\"{&quot;aperture&quot;:&quot;1.8&quot;,&quot;credit&quot;:&quot;&quot;,&quot;camera&quot;:&quot;iPhone 7&quot;,&quot;caption&quot;:&quot;&quot;,&quot;created_timestamp&quot;:&quot;1604487519&quot;,&quot;copyright&quot;:&quot;&quot;,&quot;focal_length&quot;:&quot;3.99&quot;,&quot;iso&quot;:&quot;80&quot;,&quot;shutter_speed&quot;:&quot;0.16666666666667&quot;,&quot;title&quot;:&quot;&quot;,&quot;orientation&quot;:&quot;1&quot;}\" data-image-title=\"Spooky T2 5\" data-image-description=\"\" data-image-caption=\"\" data-large-file=\"https:\/\/i0.wp.com\/www.jojoenherbe.com\/wp-content\/uploads\/2020\/11\/Spooky-T2-5-scaled.jpg?fit=676%2C925\" class=\"size-thumbnail wp-image-13613 alignright\" src=\"https:\/\/i0.wp.com\/www.jojoenherbe.com\/wp-content\/uploads\/2020\/11\/Spooky-T2-5.jpg?resize=150%2C150\" alt=\"\" width=\"150\" height=\"150\" srcset=\"https:\/\/i0.wp.com\/www.jojoenherbe.com\/wp-content\/uploads\/2020\/11\/Spooky-T2-5-scaled.jpg?resize=150%2C150 150w, https:\/\/i0.wp.com\/www.jojoenherbe.com\/wp-content\/uploads\/2020\/11\/Spooky-T2-5-scaled.jpg?zoom=2&amp;resize=150%2C150 300w, https:\/\/i0.wp.com\/www.jojoenherbe.com\/wp-content\/uploads\/2020\/11\/Spooky-T2-5-scaled.jpg?zoom=3&amp;resize=150%2C150 450w\" sizes=\"auto, (max-width: 150px) 100vw, 150px\" \/><\/a> Comme dans le pr\u00e9c\u00e9dent tome, le conte de f\u00e9e tourne au conte hant\u00e9 et gothique. Et oui, avec Spooky et son journal intime qui s&rsquo;est auto-nomm\u00e9 Jason, tout d\u00e9rape et va de travers pour notre plus grand plaisir! Les illustrations sont toujours aussi r\u00e9ussies et fourmillent de d\u00e9tails dans tous les sens. L&rsquo;histoire fait r\u00e9f\u00e9rence \u00e0 de nombreux contes (La princesse au petit pois, La petite sir\u00e8ne&#8230;) ou \u00e0 l&rsquo;\u00e9poque contemporaine (Ast\u00e9rix, Les Snorky&#8230;) tout en incluant une critique des r\u00e9seaux sociaux. Les cr\u00e9atures surnaturelles sont surprenantes avec des lapins pirates livreurs ou encore par exemple des zombies ananas&#8230; L&rsquo;humour est aussi d\u00e9jant\u00e9 que dans le premier tome et saupoudr\u00e9 ici de romance. H\u00e2te de pouvoir lire un jour le tome 3!<br \/>\n<\/em><\/p>\n<p style=\"text-align: justify;\"><em>C&rsquo;est ma participation pour le mercredi BD du 4 novembre 2020 du Challenge Halloween et aussi une lecture commune avec Hilde. Et comme Spooky d\u00e9tourne et retourne les contes traditionnels (mention sp\u00e9ciale au Petit Chaperon rouge), c&rsquo;est aussi une nouvelle participation au Challenge Contes et L\u00e9gendes de Bidib.<br \/>\n<\/em><\/p>\n<p style=\"text-align: justify;\"><em>Pour d&rsquo;autres avis sur le tome 2 de cette BD jeunesse: <a href=\"http:\/\/www.lelivroblog.fr\/archive\/2020\/11\/02\/spooky-les-contes-de-travers-charmant-vampire-tome-2-6274055.html\">Hilde<\/a> et <a href=\"https:\/\/mapetitemediatheque.fr\/2021\/11\/petit-panier-dalbums-11\/\">Bidib<\/a>.<br \/>\n<\/em><\/p>\n<div id=\"attachment_12275\" style=\"width: 143px\" class=\"wp-caption alignleft\"><img data-recalc-dims=\"1\" loading=\"lazy\" decoding=\"async\" aria-describedby=\"caption-attachment-12275\" data-attachment-id=\"12275\" data-permalink=\"http:\/\/www.jojoenherbe.com\/index.php\/2020\/09\/15\/ptit-recap-du-challenge-halloween-2020\/img_8586\/\" data-orig-file=\"https:\/\/i0.wp.com\/www.jojoenherbe.com\/wp-content\/uploads\/2020\/09\/IMG_8586.jpg?fit=665%2C555\" data-orig-size=\"665,555\" data-comments-opened=\"1\" data-image-meta=\"{&quot;aperture&quot;:&quot;0&quot;,&quot;credit&quot;:&quot;&quot;,&quot;camera&quot;:&quot;&quot;,&quot;caption&quot;:&quot;&quot;,&quot;created_timestamp&quot;:&quot;1599154588&quot;,&quot;copyright&quot;:&quot;&quot;,&quot;focal_length&quot;:&quot;0&quot;,&quot;iso&quot;:&quot;0&quot;,&quot;shutter_speed&quot;:&quot;0&quot;,&quot;title&quot;:&quot;&quot;,&quot;orientation&quot;:&quot;1&quot;}\" data-image-title=\"IMG_8586\" data-image-description=\"\" data-image-caption=\"\" data-large-file=\"https:\/\/i0.wp.com\/www.jojoenherbe.com\/wp-content\/uploads\/2020\/09\/IMG_8586.jpg?fit=665%2C555\" class=\"wp-image-12275\" src=\"https:\/\/i0.wp.com\/www.jojoenherbe.com\/wp-content\/uploads\/2020\/09\/IMG_8586.jpg?resize=133%2C111\" alt=\"\" width=\"133\" height=\"111\" srcset=\"https:\/\/i0.wp.com\/www.jojoenherbe.com\/wp-content\/uploads\/2020\/09\/IMG_8586.jpg?resize=300%2C250 300w, https:\/\/i0.wp.com\/www.jojoenherbe.com\/wp-content\/uploads\/2020\/09\/IMG_8586.jpg?w=665 665w\" sizes=\"auto, (max-width: 133px) 100vw, 133px\" \/><p id=\"caption-attachment-12275\" class=\"wp-caption-text\">Challenge Halloween de <a href=\"http:\/\/www.lelivroblog.fr\/archive\/2020\/09\/08\/le-challenge-halloween-2020-6262057.html\">Hilde<\/a> et <a href=\"http:\/\/www.myloubook.com\/2020\/09\/08\/challenge-halloween-2020-rendez-vous-pour-nos-11-ans\/\">Lou<\/a> #BD jeunesse<\/p><\/div>\n<div id=\"attachment_10219\" style=\"width: 114px\" class=\"wp-caption alignleft\"><img loading=\"lazy\" decoding=\"async\" aria-describedby=\"caption-attachment-10219\" data-attachment-id=\"10219\" data-permalink=\"http:\/\/www.jojoenherbe.com\/index.php\/2020\/03\/02\/au-fil-des-pages-avec-lievre-et-ours-sous-la-neige\/lievre-et-ours-sous-la-neige\/\" data-orig-file=\"https:\/\/i0.wp.com\/www.jojoenherbe.com\/wp-content\/uploads\/2020\/03\/Li%C3%A8vre-et-Ours-sous-la-neige-scaled.jpg?fit=2560%2C1892\" data-orig-size=\"2560,1892\" data-comments-opened=\"1\" data-image-meta=\"{&quot;aperture&quot;:&quot;2.4&quot;,&quot;credit&quot;:&quot;&quot;,&quot;camera&quot;:&quot;iPhone 4S&quot;,&quot;caption&quot;:&quot;&quot;,&quot;created_timestamp&quot;:&quot;1583147305&quot;,&quot;copyright&quot;:&quot;&quot;,&quot;focal_length&quot;:&quot;4.28&quot;,&quot;iso&quot;:&quot;640&quot;,&quot;shutter_speed&quot;:&quot;0.066666666666667&quot;,&quot;title&quot;:&quot;&quot;,&quot;orientation&quot;:&quot;1&quot;}\" data-image-title=\"Li\u00e8vre et Ours, sous la neige\" data-image-description=\"\" data-image-caption=\"\" data-large-file=\"https:\/\/i0.wp.com\/www.jojoenherbe.com\/wp-content\/uploads\/2020\/03\/Li%C3%A8vre-et-Ours-sous-la-neige-scaled.jpg?fit=676%2C500\" class=\"wp-image-10219\" src=\"https:\/\/i2.wp.com\/mapetitemediatheque.fr\/wp-content\/uploads\/2018\/11\/challenge-contes-et-l\u00e9gendes.jpg?resize=131%2C164\" sizes=\"auto, (max-width: 343px) 100vw, 343px\" srcset=\"https:\/\/i2.wp.com\/mapetitemediatheque.fr\/wp-content\/uploads\/2018\/11\/challenge-contes-et-l\u00e9gendes.jpg?resize=131%2C164 343w, http:\/\/mapetitemediatheque.fr\/wp-content\/uploads\/2018\/11\/challenge-contes-et-l\u00e9gendes-239x300.jpg 239w\" alt=\"\" width=\"104\" height=\"130\" aria-describedby=\"caption-attachment-10219\" data-attachment-id=\"10219\" data-permalink=\"http:\/\/www.jojoenherbe.com\/index.php\/2020\/03\/02\/au-fil-des-pages-avec-lievre-et-ours-sous-la-neige\/lievre-et-ours-sous-la-neige\/\" data-orig-file=\"https:\/\/i1.wp.com\/www.jojoenherbe.com\/wp-content\/uploads\/2020\/03\/Li\u00e8vre-et-Ours-sous-la-neige-scaled.jpg?fit=2560%2C1892\" data-orig-size=\"2560,1892\" data-comments-opened=\"1\" data-image-meta=\"{&quot;aperture&quot;:&quot;2.4&quot;,&quot;credit&quot;:&quot;&quot;,&quot;camera&quot;:&quot;iPhone 4S&quot;,&quot;caption&quot;:&quot;&quot;,&quot;created_timestamp&quot;:&quot;1583147305&quot;,&quot;copyright&quot;:&quot;&quot;,&quot;focal_length&quot;:&quot;4.28&quot;,&quot;iso&quot;:&quot;640&quot;,&quot;shutter_speed&quot;:&quot;0.066666666666667&quot;,&quot;title&quot;:&quot;&quot;,&quot;orientation&quot;:&quot;1&quot;}\" data-image-title=\"Li\u00e8vre et Ours, sous la neige\" data-image-description=\"\" data-medium-file=\"https:\/\/i1.wp.com\/www.jojoenherbe.com\/wp-content\/uploads\/2020\/03\/Li\u00e8vre-et-Ours-sous-la-neige-scaled.jpg?fit=300%2C222\" data-large-file=\"https:\/\/i1.wp.com\/www.jojoenherbe.com\/wp-content\/uploads\/2020\/03\/Li\u00e8vre-et-Ours-sous-la-neige-scaled.jpg?fit=676%2C500\" data-recalc-dims=\"1\" \/><p id=\"caption-attachment-10219\" class=\"wp-caption-text\">Participation #58 Contes &amp; L\u00e9gendes 2020 de <a href=\"http:\/\/mapetitemediatheque.fr\/2020\/01\/challenge-contes-et-legendes-2020\/\">Bidib<\/a> #Contes et L\u00e9gendes<\/p><\/div>\n<div id=\"attachment_13488\" style=\"width: 132px\" class=\"wp-caption alignleft\"><img data-recalc-dims=\"1\" loading=\"lazy\" decoding=\"async\" aria-describedby=\"caption-attachment-13488\" data-attachment-id=\"13488\" data-permalink=\"http:\/\/www.jojoenherbe.com\/index.php\/2020\/09\/15\/ptit-recap-du-challenge-halloween-2020\/chasse-aux-bonbons\/\" data-orig-file=\"https:\/\/i0.wp.com\/www.jojoenherbe.com\/wp-content\/uploads\/2020\/09\/Chasse-aux-bonbons-scaled.jpg?fit=2560%2C1722\" data-orig-size=\"2560,1722\" data-comments-opened=\"1\" data-image-meta=\"{&quot;aperture&quot;:&quot;1.8&quot;,&quot;credit&quot;:&quot;&quot;,&quot;camera&quot;:&quot;iPhone 7&quot;,&quot;caption&quot;:&quot;&quot;,&quot;created_timestamp&quot;:&quot;1604159273&quot;,&quot;copyright&quot;:&quot;&quot;,&quot;focal_length&quot;:&quot;3.99&quot;,&quot;iso&quot;:&quot;100&quot;,&quot;shutter_speed&quot;:&quot;0.16666666666667&quot;,&quot;title&quot;:&quot;&quot;,&quot;orientation&quot;:&quot;0&quot;}\" data-image-title=\"Chasse aux bonbons\" data-image-description=\"\" data-image-caption=\"\" data-large-file=\"https:\/\/i0.wp.com\/www.jojoenherbe.com\/wp-content\/uploads\/2020\/09\/Chasse-aux-bonbons-scaled.jpg?fit=676%2C455\" class=\"wp-image-13488\" src=\"https:\/\/i0.wp.com\/mapetitemediatheque.fr\/wp-content\/uploads\/2020\/01\/des-livres-en-cusine-2020-3.jpg?resize=122%2C111\" alt=\"\" width=\"122\" height=\"111\" \/><p id=\"caption-attachment-13488\" class=\"wp-caption-text\">Participation #17 au challenge Des livres (et des \u00e9crans) en cuisine de <a href=\"http:\/\/mapetitemediatheque.fr\/2020\/01\/des-livres-en-cuisine-le-menu-2020\/\">Bidib<\/a> et <a href=\"http:\/\/croquerlespages.canalblog.com\/archives\/2020\/01\/11\/37925540.html\">Fondant<\/a><\/p><\/div>\n","protected":false},"excerpt":{"rendered":"<p>Apr\u00e8s avoir lu le premier tome, j&rsquo;ai pu emprunter \u00e0 la m\u00e9diath\u00e8que le tome 2 de Spooky, Les contes de travers, Charmant vampire de Carine-M et \u00c9lian Black\u2019Mor (\u00e9d. Gl\u00e9nat, 2016), une BD jeunesse \u00e0 partir de 9 ans. Apr\u00e8s avoir accept\u00e9 une invitation du Petit Chaperon rouge, Spooky et ses oncles, les Trois petits [&hellip;]<\/p>\n","protected":false},"author":1,"featured_media":13606,"comment_status":"open","ping_status":"open","sticky":false,"template":"","format":"standard","meta":{"jetpack_post_was_ever_published":false,"_jetpack_newsletter_access":"","_jetpack_dont_email_post_to_subs":false,"_jetpack_newsletter_tier_id":0,"_jetpack_memberships_contains_paywalled_content":false,"_jetpack_memberships_contains_paid_content":false,"footnotes":""},"categories":[363],"tags":[852,1226,1851,1365,1749,245,889,485,1852,914,843,870,1076,222,748,367,1797,770,1179,885,844,911],"class_list":["post-13597","post","type-post","status-publish","format-standard","has-post-thumbnail","hentry","category-mini-lecteur","tag-9-12-ans","tag-bd-jeunesse","tag-carine-m","tag-challenge-contes-et-legendes-2020","tag-challenge-halloween-2020","tag-contes","tag-contes-de-fees","tag-contes-detournes","tag-elian-blackmor","tag-enquete","tag-fantastique","tag-fantasy","tag-journal-intime","tag-lapin","tag-le-petit-chaperon-rouge","tag-lecture-jeunesse","tag-lectures-dhalloween","tag-monstre","tag-mystere","tag-princesse","tag-romance","tag-vampire","post-preview"],"jetpack_featured_media_url":"https:\/\/i0.wp.com\/www.jojoenherbe.com\/wp-content\/uploads\/2020\/11\/Spooky-T2-scaled.jpg?fit=2560%2C1920","jetpack_sharing_enabled":true,"jetpack_shortlink":"https:\/\/wp.me\/p9zhGx-3xj","jetpack_likes_enabled":true,"jetpack-related-posts":[{"id":21455,"url":"http:\/\/www.jojoenherbe.com\/index.php\/2021\/10\/13\/au-fil-des-pages-avec-le-tome-3-de-spooky-les-contes-de-travers\/","url_meta":{"origin":13597,"position":0},"title":"Au fil des pages avec le tome 3 de Spooky, Les contes de travers","author":"Jojo","date":"13 octobre 2021","format":false,"excerpt":"Comme l'ann\u00e9e derni\u00e8re avec le tome 2, nous faisons \u00e0 nouveau une lecture commune avec Hilde du tome 3 de Spooky, Les contes de travers, Malices de princesse de Carine-M et \u00c9lian Black\u2019mor (\u00e9d. Gl\u00e9nat Jeunesse, 2017), une BD jeunesse \u00e0 partir de 9 ans. C\u2019est avec plaisir que je\u2026","rel":"","context":"Dans &quot;Mini lecteur&quot;","block_context":{"text":"Mini lecteur","link":"http:\/\/www.jojoenherbe.com\/index.php\/category\/mini-lecteur\/"},"img":{"alt_text":"","src":"https:\/\/i0.wp.com\/www.jojoenherbe.com\/wp-content\/uploads\/2021\/09\/Spooky-T3-scaled.jpg?fit=1200%2C900&resize=350%2C200","width":350,"height":200,"srcset":"https:\/\/i0.wp.com\/www.jojoenherbe.com\/wp-content\/uploads\/2021\/09\/Spooky-T3-scaled.jpg?fit=1200%2C900&resize=350%2C200 1x, https:\/\/i0.wp.com\/www.jojoenherbe.com\/wp-content\/uploads\/2021\/09\/Spooky-T3-scaled.jpg?fit=1200%2C900&resize=525%2C300 1.5x, https:\/\/i0.wp.com\/www.jojoenherbe.com\/wp-content\/uploads\/2021\/09\/Spooky-T3-scaled.jpg?fit=1200%2C900&resize=700%2C400 2x, https:\/\/i0.wp.com\/www.jojoenherbe.com\/wp-content\/uploads\/2021\/09\/Spooky-T3-scaled.jpg?fit=1200%2C900&resize=1050%2C600 3x"},"classes":[]},{"id":12947,"url":"http:\/\/www.jojoenherbe.com\/index.php\/2020\/10\/14\/au-fil-des-pages-avec-le-tome-1-de-spooky-les-contes-de-travers\/","url_meta":{"origin":13597,"position":1},"title":"Au fil des pages avec le tome 1 de Spooky, Les contes de travers","author":"Jojo","date":"14 octobre 2020","format":false,"excerpt":"Attir\u00e9e par la couverture, j'emprunte \u00e0 la m\u00e9diath\u00e8que le tome 1 de Spooky, Les contes de travers, Pension pour monstres de Carine-M et \u00c9lian Black\u2019Mor (\u00e9d. Gl\u00e9nat, 2015), une BD jeunesse \u00e0 partir de 9 ans. Il s'agit du journal intime de Spooky, une princesse du royaume des Contes au\u2026","rel":"","context":"Dans &quot;Mini lecteur&quot;","block_context":{"text":"Mini lecteur","link":"http:\/\/www.jojoenherbe.com\/index.php\/category\/mini-lecteur\/"},"img":{"alt_text":"","src":"https:\/\/i0.wp.com\/www.jojoenherbe.com\/wp-content\/uploads\/2020\/10\/Spooky-T1-scaled.jpg?fit=1200%2C900&resize=350%2C200","width":350,"height":200,"srcset":"https:\/\/i0.wp.com\/www.jojoenherbe.com\/wp-content\/uploads\/2020\/10\/Spooky-T1-scaled.jpg?fit=1200%2C900&resize=350%2C200 1x, https:\/\/i0.wp.com\/www.jojoenherbe.com\/wp-content\/uploads\/2020\/10\/Spooky-T1-scaled.jpg?fit=1200%2C900&resize=525%2C300 1.5x, https:\/\/i0.wp.com\/www.jojoenherbe.com\/wp-content\/uploads\/2020\/10\/Spooky-T1-scaled.jpg?fit=1200%2C900&resize=700%2C400 2x, https:\/\/i0.wp.com\/www.jojoenherbe.com\/wp-content\/uploads\/2020\/10\/Spooky-T1-scaled.jpg?fit=1200%2C900&resize=1050%2C600 3x"},"classes":[]},{"id":13283,"url":"http:\/\/www.jojoenherbe.com\/index.php\/2020\/10\/25\/nos-lectures-le-petit-chaperon-rouge\/","url_meta":{"origin":13597,"position":2},"title":"Nos lectures \u00ab\u00a0Le Petit Chaperon rouge\u00a0\u00bb","author":"Jojo","date":"25 octobre 2020","format":false,"excerpt":"Apr\u00e8s nos lectures de Blanche-Neige, voici celles du Petit Chaperon rouge pour continuer sur le th\u00e8me Contes et L\u00e9gendes du Challenge Halloween 2020. Comme pour le billet pr\u00e9c\u00e9dent, il sera mis \u00e0 jour r\u00e9guli\u00e8rement, au fur-et-\u00e0-mesure de nos lectures du Petit Chaperon rouge. Des versions classiques: Le Petit Chaperon rouge\u2026","rel":"","context":"Dans &quot;Mini lecteur&quot;","block_context":{"text":"Mini lecteur","link":"http:\/\/www.jojoenherbe.com\/index.php\/category\/mini-lecteur\/"},"img":{"alt_text":"","src":"https:\/\/i0.wp.com\/www.jojoenherbe.com\/wp-content\/uploads\/2020\/10\/Nos-lectures-Petit-Chaperon-rouge-2-scaled.jpg?fit=1200%2C852&resize=350%2C200","width":350,"height":200,"srcset":"https:\/\/i0.wp.com\/www.jojoenherbe.com\/wp-content\/uploads\/2020\/10\/Nos-lectures-Petit-Chaperon-rouge-2-scaled.jpg?fit=1200%2C852&resize=350%2C200 1x, https:\/\/i0.wp.com\/www.jojoenherbe.com\/wp-content\/uploads\/2020\/10\/Nos-lectures-Petit-Chaperon-rouge-2-scaled.jpg?fit=1200%2C852&resize=525%2C300 1.5x, https:\/\/i0.wp.com\/www.jojoenherbe.com\/wp-content\/uploads\/2020\/10\/Nos-lectures-Petit-Chaperon-rouge-2-scaled.jpg?fit=1200%2C852&resize=700%2C400 2x, https:\/\/i0.wp.com\/www.jojoenherbe.com\/wp-content\/uploads\/2020\/10\/Nos-lectures-Petit-Chaperon-rouge-2-scaled.jpg?fit=1200%2C852&resize=1050%2C600 3x"},"classes":[]},{"id":13427,"url":"http:\/\/www.jojoenherbe.com\/index.php\/2020\/11\/13\/notre-selection-monstres-pour-le-challenge-halloween\/","url_meta":{"origin":13597,"position":3},"title":"Notre s\u00e9lection \u00ab\u00a0Monstres\u00a0\u00bb pour le Challenge Halloween","author":"Jojo","date":"13 novembre 2020","format":false,"excerpt":"Pour cette \u00e9dition 2020 du Challenge Halloween, je continue dans mes s\u00e9lections sp\u00e9ciales Halloween avec cette fois les Monstres et cr\u00e9atures fantastiques d'autant qu'hier nous avons relu Max le terrible. Des albums jeunesse: Cher monstre d'Emma Yarlett (\u00e9d. Albin Michel Jeunesse, 2019), un album jeunesse \u00e0 partir de 3 ans,\u2026","rel":"","context":"Dans &quot;Mini lecteur&quot;","block_context":{"text":"Mini lecteur","link":"http:\/\/www.jojoenherbe.com\/index.php\/category\/mini-lecteur\/"},"img":{"alt_text":"","src":"https:\/\/i0.wp.com\/www.jojoenherbe.com\/wp-content\/uploads\/2020\/11\/Selection-Monstre-scaled.jpg?fit=1200%2C796&resize=350%2C200","width":350,"height":200,"srcset":"https:\/\/i0.wp.com\/www.jojoenherbe.com\/wp-content\/uploads\/2020\/11\/Selection-Monstre-scaled.jpg?fit=1200%2C796&resize=350%2C200 1x, https:\/\/i0.wp.com\/www.jojoenherbe.com\/wp-content\/uploads\/2020\/11\/Selection-Monstre-scaled.jpg?fit=1200%2C796&resize=525%2C300 1.5x, https:\/\/i0.wp.com\/www.jojoenherbe.com\/wp-content\/uploads\/2020\/11\/Selection-Monstre-scaled.jpg?fit=1200%2C796&resize=700%2C400 2x, https:\/\/i0.wp.com\/www.jojoenherbe.com\/wp-content\/uploads\/2020\/11\/Selection-Monstre-scaled.jpg?fit=1200%2C796&resize=1050%2C600 3x"},"classes":[]},{"id":12274,"url":"http:\/\/www.jojoenherbe.com\/index.php\/2020\/09\/15\/ptit-recap-du-challenge-halloween-2020\/","url_meta":{"origin":13597,"position":4},"title":"Billet de suivi: Challenge Halloween 2020","author":"Jojo","date":"15 septembre 2020","format":false,"excerpt":"Comme l'ann\u00e9e derni\u00e8re, je participe du 15 septembre au 15 d\u00e9cembre 2020 au Challenge Halloween organis\u00e9 par Hilde et Lou. D\u00e8s le 15 septembre, elles ouvrent les portes de leur manoir pour deux mois halloweenesques. le challenge commence en douceur par un d\u00e9poussi\u00e9rage de PAL et premi\u00e8res suggestions et ambiances\u2026","rel":"","context":"Dans &quot;Mini challenger&quot;","block_context":{"text":"Mini challenger","link":"http:\/\/www.jojoenherbe.com\/index.php\/category\/mini-challenger\/"},"img":{"alt_text":"","src":"https:\/\/i0.wp.com\/www.jojoenherbe.com\/wp-content\/uploads\/2020\/09\/Challenge-Halloween-2020-scaled.jpg?fit=1200%2C1187&resize=350%2C200","width":350,"height":200,"srcset":"https:\/\/i0.wp.com\/www.jojoenherbe.com\/wp-content\/uploads\/2020\/09\/Challenge-Halloween-2020-scaled.jpg?fit=1200%2C1187&resize=350%2C200 1x, https:\/\/i0.wp.com\/www.jojoenherbe.com\/wp-content\/uploads\/2020\/09\/Challenge-Halloween-2020-scaled.jpg?fit=1200%2C1187&resize=525%2C300 1.5x, https:\/\/i0.wp.com\/www.jojoenherbe.com\/wp-content\/uploads\/2020\/09\/Challenge-Halloween-2020-scaled.jpg?fit=1200%2C1187&resize=700%2C400 2x, https:\/\/i0.wp.com\/www.jojoenherbe.com\/wp-content\/uploads\/2020\/09\/Challenge-Halloween-2020-scaled.jpg?fit=1200%2C1187&resize=1050%2C600 3x"},"classes":[]},{"id":12976,"url":"http:\/\/www.jojoenherbe.com\/index.php\/2023\/10\/20\/notre-selection-vampires-pour-le-challenge-halloween\/","url_meta":{"origin":13597,"position":5},"title":"Notre s\u00e9lection \u00ab\u00a0Vampires\u00a0\u00bb pour le Challenge Halloween","author":"Jojo","date":"20 octobre 2023","format":false,"excerpt":"Apr\u00e8s les sorci\u00e8res, les ogres et les fant\u00f4mes en 2020, voici notre s\u00e9lection \"Vampires\" avec des livres aussi d\u00e9j\u00e0 lus et\/ou chroniqu\u00e9s les ann\u00e9es pr\u00e9c\u00e9dentes. Lorsqu'il s'agit d'une s\u00e9rie, je n'ai mentionn\u00e9 que le premier tome ou celui o\u00f9 il y a le plus de vampires. Et pour changer de\u2026","rel":"","context":"Dans &quot;Mini challenger&quot;","block_context":{"text":"Mini challenger","link":"http:\/\/www.jojoenherbe.com\/index.php\/category\/mini-challenger\/"},"img":{"alt_text":"","src":"https:\/\/i0.wp.com\/www.jojoenherbe.com\/wp-content\/uploads\/2023\/10\/Selection-Vampires-2023-scaled.jpg?fit=1200%2C857&resize=350%2C200","width":350,"height":200,"srcset":"https:\/\/i0.wp.com\/www.jojoenherbe.com\/wp-content\/uploads\/2023\/10\/Selection-Vampires-2023-scaled.jpg?fit=1200%2C857&resize=350%2C200 1x, https:\/\/i0.wp.com\/www.jojoenherbe.com\/wp-content\/uploads\/2023\/10\/Selection-Vampires-2023-scaled.jpg?fit=1200%2C857&resize=525%2C300 1.5x, https:\/\/i0.wp.com\/www.jojoenherbe.com\/wp-content\/uploads\/2023\/10\/Selection-Vampires-2023-scaled.jpg?fit=1200%2C857&resize=700%2C400 2x, https:\/\/i0.wp.com\/www.jojoenherbe.com\/wp-content\/uploads\/2023\/10\/Selection-Vampires-2023-scaled.jpg?fit=1200%2C857&resize=1050%2C600 3x"},"classes":[]}],"_links":{"self":[{"href":"http:\/\/www.jojoenherbe.com\/index.php\/wp-json\/wp\/v2\/posts\/13597","targetHints":{"allow":["GET"]}}],"collection":[{"href":"http:\/\/www.jojoenherbe.com\/index.php\/wp-json\/wp\/v2\/posts"}],"about":[{"href":"http:\/\/www.jojoenherbe.com\/index.php\/wp-json\/wp\/v2\/types\/post"}],"author":[{"embeddable":true,"href":"http:\/\/www.jojoenherbe.com\/index.php\/wp-json\/wp\/v2\/users\/1"}],"replies":[{"embeddable":true,"href":"http:\/\/www.jojoenherbe.com\/index.php\/wp-json\/wp\/v2\/comments?post=13597"}],"version-history":[{"count":0,"href":"http:\/\/www.jojoenherbe.com\/index.php\/wp-json\/wp\/v2\/posts\/13597\/revisions"}],"wp:featuredmedia":[{"embeddable":true,"href":"http:\/\/www.jojoenherbe.com\/index.php\/wp-json\/wp\/v2\/media\/13606"}],"wp:attachment":[{"href":"http:\/\/www.jojoenherbe.com\/index.php\/wp-json\/wp\/v2\/media?parent=13597"}],"wp:term":[{"taxonomy":"category","embeddable":true,"href":"http:\/\/www.jojoenherbe.com\/index.php\/wp-json\/wp\/v2\/categories?post=13597"},{"taxonomy":"post_tag","embeddable":true,"href":"http:\/\/www.jojoenherbe.com\/index.php\/wp-json\/wp\/v2\/tags?post=13597"}],"curies":[{"name":"wp","href":"https:\/\/api.w.org\/{rel}","templated":true}]}}