{"id":13580,"date":"2020-11-03T15:02:35","date_gmt":"2020-11-03T14:02:35","guid":{"rendered":"http:\/\/www.jojoenherbe.com\/?p=13580"},"modified":"2022-10-20T14:54:56","modified_gmt":"2022-10-20T12:54:56","slug":"nos-lectures-automnales-2020","status":"publish","type":"post","link":"http:\/\/www.jojoenherbe.com\/index.php\/2020\/11\/03\/nos-lectures-automnales-2020\/","title":{"rendered":"Nos lectures automnales 2020"},"content":{"rendered":"<p style=\"text-align: justify;\"><em>En ce d\u00e9but du mois de novembre 2020, nous continuons nos lectures automnales, \u00e0 d\u00e9faut de pouvoir nous promener dans les parcs, jardins ou for\u00eats &#8211; second confinement oblige &#8211; et apr\u00e8s avoir pass\u00e9 un joli mois d&rsquo;octobre halloweenesque. Ce sont pour la plupart des relectures des ann\u00e9es pr\u00e9c\u00e9dentes et que nous appr\u00e9cions beaucoup. Il y a \u00e9galement quelques nouveaut\u00e9s parues cette ann\u00e9e. Voici donc notre s\u00e9lection qui \u00e9voluera au-fur-et-\u00e0-mesure de nos lectures.<\/em><\/p>\n<ul>\n<li style=\"text-align: justify;\"><em>(Album jeunesse) <strong><span style=\"text-decoration: underline;\">Tout est rouge<\/span><\/strong> de Kazuo Iwamura<\/em><\/li>\n<\/ul>\n<p style=\"text-align: justify;\"><em><a href=\"https:\/\/i0.wp.com\/www.jojoenherbe.com\/wp-content\/uploads\/2019\/02\/Tout-est-rouge.jpg\"><img data-recalc-dims=\"1\" loading=\"lazy\" decoding=\"async\" data-attachment-id=\"4491\" data-permalink=\"http:\/\/www.jojoenherbe.com\/index.php\/2019\/02\/05\/des-albums-jeunesse-sur-lhiver\/tout-est-rouge\/\" data-orig-file=\"https:\/\/i0.wp.com\/www.jojoenherbe.com\/wp-content\/uploads\/2019\/02\/Tout-est-rouge.jpg?fit=2448%2C2796\" data-orig-size=\"2448,2796\" data-comments-opened=\"1\" data-image-meta=\"{&quot;aperture&quot;:&quot;2.4&quot;,&quot;credit&quot;:&quot;&quot;,&quot;camera&quot;:&quot;iPhone 4S&quot;,&quot;caption&quot;:&quot;&quot;,&quot;created_timestamp&quot;:&quot;1549374242&quot;,&quot;copyright&quot;:&quot;&quot;,&quot;focal_length&quot;:&quot;4.28&quot;,&quot;iso&quot;:&quot;100&quot;,&quot;shutter_speed&quot;:&quot;0.05&quot;,&quot;title&quot;:&quot;&quot;,&quot;orientation&quot;:&quot;1&quot;}\" data-image-title=\"Tout est rouge\" data-image-description=\"\" data-image-caption=\"\" data-large-file=\"https:\/\/i0.wp.com\/www.jojoenherbe.com\/wp-content\/uploads\/2019\/02\/Tout-est-rouge.jpg?fit=676%2C772\" class=\"alignleft size-thumbnail wp-image-4491\" src=\"https:\/\/i0.wp.com\/www.jojoenherbe.com\/wp-content\/uploads\/2019\/02\/Tout-est-rouge.jpg?resize=150%2C150\" alt=\"\" width=\"150\" height=\"150\" srcset=\"https:\/\/i0.wp.com\/www.jojoenherbe.com\/wp-content\/uploads\/2019\/02\/Tout-est-rouge.jpg?resize=150%2C150 150w, https:\/\/i0.wp.com\/www.jojoenherbe.com\/wp-content\/uploads\/2019\/02\/Tout-est-rouge.jpg?zoom=2&amp;resize=150%2C150 300w, https:\/\/i0.wp.com\/www.jojoenherbe.com\/wp-content\/uploads\/2019\/02\/Tout-est-rouge.jpg?zoom=3&amp;resize=150%2C150 450w\" sizes=\"auto, (max-width: 150px) 100vw, 150px\" \/><\/a><a href=\"https:\/\/www.jojoenherbe.com\/index.php\/2019\/02\/06\/au-fil-des-pages-avec-tout-est-rouge\/\"><span style=\"text-decoration: underline;\">Tout est rouge<\/span><\/a> de Kazuo Iwamura (\u00e9d. Mijade, 2016), un album jeunesse \u00e0 partir de 3 ans. Les trois petits \u00e9cureuils, Nic, Nac et Noc d\u00e9couvrent l&rsquo;automne.<br \/>\n<\/em><\/p>\n<ul>\n<li style=\"text-align: justify;\"><em> (Album jeunesse) <strong><span style=\"text-decoration: underline;\">Edmond et ses amis, La Chose<\/span><\/strong> d\u2019Astrid Desbordes et de Marc Boutavant<\/em><\/li>\n<\/ul>\n<p style=\"text-align: justify;\"><span style=\"text-decoration: underline;\"><em><a href=\"https:\/\/i0.wp.com\/www.jojoenherbe.com\/wp-content\/uploads\/2019\/05\/La-Chose.jpg\"><img data-recalc-dims=\"1\" loading=\"lazy\" decoding=\"async\" data-attachment-id=\"6091\" data-permalink=\"http:\/\/www.jojoenherbe.com\/index.php\/2019\/05\/28\/au-fil-des-pages-avec-la-chose\/la-chose\/\" data-orig-file=\"https:\/\/i0.wp.com\/www.jojoenherbe.com\/wp-content\/uploads\/2019\/05\/La-Chose.jpg?fit=2142%2C2435\" data-orig-size=\"2142,2435\" data-comments-opened=\"1\" data-image-meta=\"{&quot;aperture&quot;:&quot;2.4&quot;,&quot;credit&quot;:&quot;&quot;,&quot;camera&quot;:&quot;iPhone 4S&quot;,&quot;caption&quot;:&quot;&quot;,&quot;created_timestamp&quot;:&quot;1559056848&quot;,&quot;copyright&quot;:&quot;&quot;,&quot;focal_length&quot;:&quot;4.28&quot;,&quot;iso&quot;:&quot;500&quot;,&quot;shutter_speed&quot;:&quot;0.066666666666667&quot;,&quot;title&quot;:&quot;&quot;,&quot;orientation&quot;:&quot;1&quot;}\" data-image-title=\"La Chose\" data-image-description=\"\" data-image-caption=\"\" data-large-file=\"https:\/\/i0.wp.com\/www.jojoenherbe.com\/wp-content\/uploads\/2019\/05\/La-Chose.jpg?fit=676%2C768\" class=\"size-thumbnail wp-image-6091 alignright\" src=\"https:\/\/i0.wp.com\/www.jojoenherbe.com\/wp-content\/uploads\/2019\/05\/La-Chose.jpg?resize=150%2C150\" alt=\"\" width=\"150\" height=\"150\" srcset=\"https:\/\/i0.wp.com\/www.jojoenherbe.com\/wp-content\/uploads\/2019\/05\/La-Chose.jpg?resize=150%2C150 150w, https:\/\/i0.wp.com\/www.jojoenherbe.com\/wp-content\/uploads\/2019\/05\/La-Chose.jpg?zoom=2&amp;resize=150%2C150 300w, https:\/\/i0.wp.com\/www.jojoenherbe.com\/wp-content\/uploads\/2019\/05\/La-Chose.jpg?zoom=3&amp;resize=150%2C150 450w\" sizes=\"auto, (max-width: 150px) 100vw, 150px\" \/><\/a><\/em><\/span><em><a href=\"https:\/\/www.jojoenherbe.com\/index.php\/2019\/05\/28\/au-fil-des-pages-avec-la-chose\/\"><span style=\"text-decoration: underline;\">La Chose<\/span><\/a> d\u2019Astrid Desbordes et de Marc Boutavant (\u00e9d. Nathan, 2016),\u00a0 un album jeunesse \u00e0 partir de 3 ans dans la s\u00e9rie <span style=\"text-decoration: underline;\">Edmond et ses amis<\/span>., Par un apr\u00e8s-midi d&rsquo;automne, Edmond l&rsquo;\u00e9cureuil et son ami George-Hibou font la connaissance de la Chose. Il y est question d&rsquo;amiti\u00e9.<br \/>\n<\/em><\/p>\n<ul>\n<li><em>(Album jeunesse) <strong><span style=\"text-decoration: underline;\">Le piano des bois<\/span><\/strong> de Kazuo Iwamura<\/em><\/li>\n<\/ul>\n<p style=\"text-align: justify;\"><em><a href=\"https:\/\/i0.wp.com\/www.jojoenherbe.com\/wp-content\/uploads\/2019\/10\/Le-piano-des-bois.jpg\"><img data-recalc-dims=\"1\" loading=\"lazy\" decoding=\"async\" data-attachment-id=\"7796\" data-permalink=\"http:\/\/www.jojoenherbe.com\/index.php\/2019\/10\/03\/au-fil-des-pages-avec-des-instruments-de-musique\/le-piano-des-bois\/\" data-orig-file=\"https:\/\/i0.wp.com\/www.jojoenherbe.com\/wp-content\/uploads\/2019\/10\/Le-piano-des-bois.jpg?fit=2681%2C2117\" data-orig-size=\"2681,2117\" data-comments-opened=\"1\" data-image-meta=\"{&quot;aperture&quot;:&quot;2.4&quot;,&quot;credit&quot;:&quot;&quot;,&quot;camera&quot;:&quot;iPhone 4S&quot;,&quot;caption&quot;:&quot;&quot;,&quot;created_timestamp&quot;:&quot;1570021470&quot;,&quot;copyright&quot;:&quot;&quot;,&quot;focal_length&quot;:&quot;4.28&quot;,&quot;iso&quot;:&quot;250&quot;,&quot;shutter_speed&quot;:&quot;0.05&quot;,&quot;title&quot;:&quot;&quot;,&quot;orientation&quot;:&quot;1&quot;}\" data-image-title=\"Le piano des bois\" data-image-description=\"\" data-image-caption=\"\" data-large-file=\"https:\/\/i0.wp.com\/www.jojoenherbe.com\/wp-content\/uploads\/2019\/10\/Le-piano-des-bois.jpg?fit=676%2C534\" class=\"alignleft size-thumbnail wp-image-7796\" src=\"https:\/\/i0.wp.com\/www.jojoenherbe.com\/wp-content\/uploads\/2019\/10\/Le-piano-des-bois.jpg?resize=150%2C150\" alt=\"\" width=\"150\" height=\"150\" srcset=\"https:\/\/i0.wp.com\/www.jojoenherbe.com\/wp-content\/uploads\/2019\/10\/Le-piano-des-bois.jpg?resize=150%2C150 150w, https:\/\/i0.wp.com\/www.jojoenherbe.com\/wp-content\/uploads\/2019\/10\/Le-piano-des-bois.jpg?zoom=2&amp;resize=150%2C150 300w, https:\/\/i0.wp.com\/www.jojoenherbe.com\/wp-content\/uploads\/2019\/10\/Le-piano-des-bois.jpg?zoom=3&amp;resize=150%2C150 450w\" sizes=\"auto, (max-width: 150px) 100vw, 150px\" \/><\/a><a href=\"https:\/\/www.jojoenherbe.com\/index.php\/2019\/10\/03\/au-fil-des-pages-avec-des-instruments-de-musique\/\"><span style=\"text-decoration: underline;\">Le piano des bois<\/span><\/a> de Kazuo Iwamura (\u00e9d. L\u2019\u00e9cole des loisirs, 2006), un album jeunesse \u00e0 partir de 2\/3 ans. Au c\u0153ur d\u2019une for\u00eat aux teintes automnales, Yuki, une petite fille s\u2019amuse \u00e0 jouer sur une souche d\u2019arbre du piano. Un tr\u00e8s bon moment de lecture o\u00f9 il est question de musique et d&rsquo;amiti\u00e9!<br \/>\n<\/em><\/p>\n<ul>\n<li style=\"text-align: justify;\"><em>(Album jeunesse) <strong><span style=\"text-decoration: underline;\">Le vent m&rsquo;a pris<\/span><\/strong> de Rascal<\/em><\/li>\n<\/ul>\n<p style=\"text-align: justify;\"><em><span style=\"text-decoration: underline;\"><a href=\"https:\/\/i0.wp.com\/www.jojoenherbe.com\/wp-content\/uploads\/2019\/11\/Le-vent-ma-pris.jpg\"><img data-recalc-dims=\"1\" loading=\"lazy\" decoding=\"async\" data-attachment-id=\"8344\" data-permalink=\"http:\/\/www.jojoenherbe.com\/index.php\/2019\/11\/07\/au-fil-des-pages-avec-le-vent-ma-pris\/le-vent-ma-pris\/\" data-orig-file=\"https:\/\/i0.wp.com\/www.jojoenherbe.com\/wp-content\/uploads\/2019\/11\/Le-vent-ma-pris.jpg?fit=3264%2C2448\" data-orig-size=\"3264,2448\" data-comments-opened=\"1\" data-image-meta=\"{&quot;aperture&quot;:&quot;2.4&quot;,&quot;credit&quot;:&quot;&quot;,&quot;camera&quot;:&quot;iPhone 4S&quot;,&quot;caption&quot;:&quot;&quot;,&quot;created_timestamp&quot;:&quot;1573051968&quot;,&quot;copyright&quot;:&quot;&quot;,&quot;focal_length&quot;:&quot;4.28&quot;,&quot;iso&quot;:&quot;125&quot;,&quot;shutter_speed&quot;:&quot;0.05&quot;,&quot;title&quot;:&quot;&quot;,&quot;orientation&quot;:&quot;1&quot;}\" data-image-title=\"Le vent m&amp;rsquo;a pris\" data-image-description=\"\" data-image-caption=\"\" data-large-file=\"https:\/\/i0.wp.com\/www.jojoenherbe.com\/wp-content\/uploads\/2019\/11\/Le-vent-ma-pris.jpg?fit=676%2C507\" class=\"size-thumbnail wp-image-8344 alignright\" src=\"https:\/\/i0.wp.com\/www.jojoenherbe.com\/wp-content\/uploads\/2019\/11\/Le-vent-ma-pris.jpg?resize=150%2C150\" alt=\"\" width=\"150\" height=\"150\" srcset=\"https:\/\/i0.wp.com\/www.jojoenherbe.com\/wp-content\/uploads\/2019\/11\/Le-vent-ma-pris.jpg?resize=150%2C150 150w, https:\/\/i0.wp.com\/www.jojoenherbe.com\/wp-content\/uploads\/2019\/11\/Le-vent-ma-pris.jpg?zoom=2&amp;resize=150%2C150 300w, https:\/\/i0.wp.com\/www.jojoenherbe.com\/wp-content\/uploads\/2019\/11\/Le-vent-ma-pris.jpg?zoom=3&amp;resize=150%2C150 450w\" sizes=\"auto, (max-width: 150px) 100vw, 150px\" \/><\/a><a href=\"https:\/\/www.jojoenherbe.com\/index.php\/2019\/11\/07\/au-fil-des-pages-avec-le-vent-ma-pris\/\">Le vent m\u2019a pris<\/a><\/span> de Rascal (\u00e9d. L\u2019\u00e9cole des loisirs, coll. Pastel, 2011), un album jeunesse pour les tout-petits. un album jeunesse pour les tout-petits. Par une journ\u00e9e automnale, le vent souffle fort et emporte, un \u00e0 un, tous les v\u00eatements d\u2019un \u00e9pouvantail. Une histoire toute simple, aux illustrations \u00e9pur\u00e9es et qui permet une riche exploitation p\u00e9dagogique en maternelle!<\/em><\/p>\n<ul>\n<li><em>(Album jeunesse) <\/em><em><strong><span style=\"text-decoration: underline;\">Splat \u00e0 la chasse aux citrouilles<\/span><\/strong> de Rob Scotton<\/em><\/li>\n<\/ul>\n<p style=\"text-align: justify;\"><em><a href=\"https:\/\/i0.wp.com\/www.jojoenherbe.com\/wp-content\/uploads\/2019\/11\/Splat-a-la-chasse-aux-citrouilles-scaled.jpg\"><img data-recalc-dims=\"1\" loading=\"lazy\" decoding=\"async\" data-attachment-id=\"12423\" data-permalink=\"http:\/\/www.jojoenherbe.com\/index.php\/2019\/11\/16\/au-fil-des-pages-avec-splat-a-la-chasse-aux-citrouilles\/splat-a-la-chasse-aux-citrouilles-4\/\" data-orig-file=\"https:\/\/i0.wp.com\/www.jojoenherbe.com\/wp-content\/uploads\/2019\/11\/Splat-a-la-chasse-aux-citrouilles-scaled.jpg?fit=2560%2C1920\" data-orig-size=\"2560,1920\" data-comments-opened=\"1\" data-image-meta=\"{&quot;aperture&quot;:&quot;1.8&quot;,&quot;credit&quot;:&quot;&quot;,&quot;camera&quot;:&quot;iPhone 7&quot;,&quot;caption&quot;:&quot;&quot;,&quot;created_timestamp&quot;:&quot;1600853005&quot;,&quot;copyright&quot;:&quot;&quot;,&quot;focal_length&quot;:&quot;3.99&quot;,&quot;iso&quot;:&quot;100&quot;,&quot;shutter_speed&quot;:&quot;0.11111111111111&quot;,&quot;title&quot;:&quot;&quot;,&quot;orientation&quot;:&quot;1&quot;}\" data-image-title=\"Splat \u00e0 la chasse aux citrouilles\" data-image-description=\"\" data-image-caption=\"\" data-large-file=\"https:\/\/i0.wp.com\/www.jojoenherbe.com\/wp-content\/uploads\/2019\/11\/Splat-a-la-chasse-aux-citrouilles-scaled.jpg?fit=676%2C507\" class=\"alignleft size-thumbnail wp-image-12423\" src=\"https:\/\/i0.wp.com\/www.jojoenherbe.com\/wp-content\/uploads\/2019\/11\/Splat-a-la-chasse-aux-citrouilles.jpg?resize=150%2C150\" alt=\"\" width=\"150\" height=\"150\" srcset=\"https:\/\/i0.wp.com\/www.jojoenherbe.com\/wp-content\/uploads\/2019\/11\/Splat-a-la-chasse-aux-citrouilles-scaled.jpg?resize=150%2C150 150w, https:\/\/i0.wp.com\/www.jojoenherbe.com\/wp-content\/uploads\/2019\/11\/Splat-a-la-chasse-aux-citrouilles-scaled.jpg?zoom=2&amp;resize=150%2C150 300w, https:\/\/i0.wp.com\/www.jojoenherbe.com\/wp-content\/uploads\/2019\/11\/Splat-a-la-chasse-aux-citrouilles-scaled.jpg?zoom=3&amp;resize=150%2C150 450w\" sizes=\"auto, (max-width: 150px) 100vw, 150px\" \/><\/a><a href=\"https:\/\/www.jojoenherbe.com\/index.php\/2019\/11\/16\/au-fil-des-pages-avec-splat-a-la-chasse-aux-citrouilles\/\"><span style=\"text-decoration: underline;\">Splat \u00e0 la chasse aux citrouilles<\/span><\/a> de Rob Scotton (\u00e9d. Nathan, 2019), un album jeunesse \u00e0 partir de 3 ans. Accompagn\u00e9 de Harry la souris, Splat le chat s\u2019est vu confier une mission d\u2019une grande importance par sa m\u00e8re: aller r\u00e9cup\u00e9rer une citrouille \u00e0 la ferme d\u2019\u00e0-c\u00f4t\u00e9, plut\u00f4t que de jouer dans les feuilles mortes.<\/em><\/p>\n<ul>\n<li style=\"text-align: justify;\"><em>(Album jeunesse) <strong><span style=\"text-decoration: underline;\">La soupe au potiron<\/span><\/strong> et <strong><span style=\"text-decoration: underline;\">Un d\u00e9lice!<\/span><\/strong> d&rsquo;Helen Cooper<\/em><\/li>\n<\/ul>\n<p style=\"text-align: justify;\"><em><span style=\"text-decoration: underline;\"><a href=\"https:\/\/i0.wp.com\/www.jojoenherbe.com\/wp-content\/uploads\/2019\/11\/La-soupe-au-potiron-Un-d%C3%A9lice.jpg\"><img data-recalc-dims=\"1\" loading=\"lazy\" decoding=\"async\" data-attachment-id=\"8360\" data-permalink=\"http:\/\/www.jojoenherbe.com\/index.php\/2019\/11\/07\/au-fil-des-pages-avec-la-soupe-de-potiron-et-un-delice\/la-soupe-au-potiron-un-delice\/\" data-orig-file=\"https:\/\/i0.wp.com\/www.jojoenherbe.com\/wp-content\/uploads\/2019\/11\/La-soupe-au-potiron-Un-d%C3%A9lice.jpg?fit=3264%2C1974\" data-orig-size=\"3264,1974\" data-comments-opened=\"1\" data-image-meta=\"{&quot;aperture&quot;:&quot;2.4&quot;,&quot;credit&quot;:&quot;&quot;,&quot;camera&quot;:&quot;iPhone 4S&quot;,&quot;caption&quot;:&quot;&quot;,&quot;created_timestamp&quot;:&quot;1573119166&quot;,&quot;copyright&quot;:&quot;&quot;,&quot;focal_length&quot;:&quot;4.28&quot;,&quot;iso&quot;:&quot;400&quot;,&quot;shutter_speed&quot;:&quot;0.058823529411765&quot;,&quot;title&quot;:&quot;&quot;,&quot;orientation&quot;:&quot;1&quot;}\" data-image-title=\"La soupe au potiron &amp;#8211; Un d\u00e9lice\" data-image-description=\"\" data-image-caption=\"\" data-large-file=\"https:\/\/i0.wp.com\/www.jojoenherbe.com\/wp-content\/uploads\/2019\/11\/La-soupe-au-potiron-Un-d%C3%A9lice.jpg?fit=676%2C409\" class=\"size-thumbnail wp-image-8360 alignright\" src=\"https:\/\/i0.wp.com\/www.jojoenherbe.com\/wp-content\/uploads\/2019\/11\/La-soupe-au-potiron-Un-d%C3%A9lice.jpg?resize=150%2C150\" alt=\"\" width=\"150\" height=\"150\" srcset=\"https:\/\/i0.wp.com\/www.jojoenherbe.com\/wp-content\/uploads\/2019\/11\/La-soupe-au-potiron-Un-d%C3%A9lice.jpg?resize=150%2C150 150w, https:\/\/i0.wp.com\/www.jojoenherbe.com\/wp-content\/uploads\/2019\/11\/La-soupe-au-potiron-Un-d%C3%A9lice.jpg?zoom=2&amp;resize=150%2C150 300w, https:\/\/i0.wp.com\/www.jojoenherbe.com\/wp-content\/uploads\/2019\/11\/La-soupe-au-potiron-Un-d%C3%A9lice.jpg?zoom=3&amp;resize=150%2C150 450w\" sizes=\"auto, (max-width: 150px) 100vw, 150px\" \/><\/a><a href=\"https:\/\/www.jojoenherbe.com\/index.php\/2019\/11\/07\/au-fil-des-pages-avec-la-soupe-de-potiron-et-un-delice\/\">La soupe au potiron<\/a><\/span> d\u2019Helen Cooper (\u00e9d. Kal\u00e9idoscope, 2001) et sa suite, <span style=\"text-decoration: underline;\">Un d\u00e9lice!<\/span> d\u2019Helen Cooper (\u00e9d. Kal\u00e9idoscope, 2007), des albums jeunesse \u00e0 partir de 3 ans. Un bon moment de lecture rigolo et gourmand!<br \/>\n<\/em><\/p>\n<ul>\n<li style=\"text-align: justify;\"><em>(Album jeunesse) <strong><span style=\"text-decoration: underline;\">L\u2019ours qui aimait les histoires<\/span><\/strong> de Dennis Haseley et Jim LaMarche<\/em><\/li>\n<\/ul>\n<p style=\"text-align: justify;\"><em><a href=\"https:\/\/i0.wp.com\/www.jojoenherbe.com\/wp-content\/uploads\/2019\/08\/Lours-qui-aimait-les-histoires.jpg\"><img data-recalc-dims=\"1\" loading=\"lazy\" decoding=\"async\" data-attachment-id=\"6971\" data-permalink=\"http:\/\/www.jojoenherbe.com\/index.php\/2019\/08\/05\/au-fil-des-pages-avec-lours-qui-aimait-les-histoires\/lours-qui-aimait-les-histoires\/\" data-orig-file=\"https:\/\/i0.wp.com\/www.jojoenherbe.com\/wp-content\/uploads\/2019\/08\/Lours-qui-aimait-les-histoires.jpg?fit=3264%2C2448\" data-orig-size=\"3264,2448\" data-comments-opened=\"1\" data-image-meta=\"{&quot;aperture&quot;:&quot;0&quot;,&quot;credit&quot;:&quot;&quot;,&quot;camera&quot;:&quot;&quot;,&quot;caption&quot;:&quot;&quot;,&quot;created_timestamp&quot;:&quot;0&quot;,&quot;copyright&quot;:&quot;&quot;,&quot;focal_length&quot;:&quot;0&quot;,&quot;iso&quot;:&quot;0&quot;,&quot;shutter_speed&quot;:&quot;0&quot;,&quot;title&quot;:&quot;&quot;,&quot;orientation&quot;:&quot;0&quot;}\" data-image-title=\"L&amp;rsquo;ours qui aimait les histoires\" data-image-description=\"\" data-image-caption=\"\" data-large-file=\"https:\/\/i0.wp.com\/www.jojoenherbe.com\/wp-content\/uploads\/2019\/08\/Lours-qui-aimait-les-histoires.jpg?fit=676%2C507\" class=\"alignleft size-thumbnail wp-image-6971\" src=\"https:\/\/i0.wp.com\/www.jojoenherbe.com\/wp-content\/uploads\/2019\/08\/Lours-qui-aimait-les-histoires.jpg?resize=150%2C150\" alt=\"\" width=\"150\" height=\"150\" srcset=\"https:\/\/i0.wp.com\/www.jojoenherbe.com\/wp-content\/uploads\/2019\/08\/Lours-qui-aimait-les-histoires.jpg?resize=150%2C150 150w, https:\/\/i0.wp.com\/www.jojoenherbe.com\/wp-content\/uploads\/2019\/08\/Lours-qui-aimait-les-histoires.jpg?zoom=2&amp;resize=150%2C150 300w, https:\/\/i0.wp.com\/www.jojoenherbe.com\/wp-content\/uploads\/2019\/08\/Lours-qui-aimait-les-histoires.jpg?zoom=3&amp;resize=150%2C150 450w\" sizes=\"auto, (max-width: 150px) 100vw, 150px\" \/><\/a><a href=\"https:\/\/www.jojoenherbe.com\/index.php\/2019\/08\/05\/au-fil-des-pages-avec-lours-qui-aimait-les-histoires\/\"><span style=\"text-decoration: underline;\">L\u2019ours qui aimait les histoires<\/span><\/a> de Dennis Haseley et Jim LaMarche (\u00e9d. Casterman, 2013), un album jeunesse \u00e0 partir de 6 ans. Nous suivons la naissance d\u2019une amiti\u00e9 entre un ours et une jeune femme \u00e0 travers le plaisir de la lecture. Un \u00a0joli coup de c\u0153ur pour cet album jeunesse plein de tendresse et aux illustrations si douces et d\u00e9clinant les\u00a0couleurs automnales!<br \/>\n<\/em><\/p>\n<ul>\n<li><em>(Album jeunesse) <strong><span style=\"text-decoration: underline;\">Un automne avec Pop<\/span><\/strong> de Pierrick Bisinski et Alex Sanders <\/em><\/li>\n<\/ul>\n<p style=\"text-align: justify;\"><em><span style=\"text-decoration: underline;\"><a href=\"https:\/\/i0.wp.com\/www.jojoenherbe.com\/wp-content\/uploads\/2019\/11\/Un-automne-avec-Pop-scaled.jpg\"><img data-recalc-dims=\"1\" loading=\"lazy\" decoding=\"async\" data-attachment-id=\"8521\" data-permalink=\"http:\/\/www.jojoenherbe.com\/index.php\/2019\/11\/20\/au-fil-des-pages-avec-un-automne-avec-pop\/un-automne-avec-pop\/\" data-orig-file=\"https:\/\/i0.wp.com\/www.jojoenherbe.com\/wp-content\/uploads\/2019\/11\/Un-automne-avec-Pop-scaled.jpg?fit=2560%2C2092\" data-orig-size=\"2560,2092\" data-comments-opened=\"1\" data-image-meta=\"{&quot;aperture&quot;:&quot;2.4&quot;,&quot;credit&quot;:&quot;&quot;,&quot;camera&quot;:&quot;iPhone 4S&quot;,&quot;caption&quot;:&quot;&quot;,&quot;created_timestamp&quot;:&quot;1574157899&quot;,&quot;copyright&quot;:&quot;&quot;,&quot;focal_length&quot;:&quot;4.28&quot;,&quot;iso&quot;:&quot;400&quot;,&quot;shutter_speed&quot;:&quot;0.058823529411765&quot;,&quot;title&quot;:&quot;&quot;,&quot;orientation&quot;:&quot;1&quot;}\" data-image-title=\"Un automne avec Pop\" data-image-description=\"\" data-image-caption=\"\" data-large-file=\"https:\/\/i0.wp.com\/www.jojoenherbe.com\/wp-content\/uploads\/2019\/11\/Un-automne-avec-Pop-scaled.jpg?fit=676%2C553\" class=\"size-thumbnail wp-image-8521 alignright\" src=\"https:\/\/i0.wp.com\/www.jojoenherbe.com\/wp-content\/uploads\/2019\/11\/Un-automne-avec-Pop.jpg?resize=150%2C150\" alt=\"\" width=\"150\" height=\"150\" srcset=\"https:\/\/i0.wp.com\/www.jojoenherbe.com\/wp-content\/uploads\/2019\/11\/Un-automne-avec-Pop-scaled.jpg?resize=150%2C150 150w, https:\/\/i0.wp.com\/www.jojoenherbe.com\/wp-content\/uploads\/2019\/11\/Un-automne-avec-Pop-scaled.jpg?zoom=2&amp;resize=150%2C150 300w, https:\/\/i0.wp.com\/www.jojoenherbe.com\/wp-content\/uploads\/2019\/11\/Un-automne-avec-Pop-scaled.jpg?zoom=3&amp;resize=150%2C150 450w\" sizes=\"auto, (max-width: 150px) 100vw, 150px\" \/><\/a><a href=\"https:\/\/www.jojoenherbe.com\/index.php\/2019\/11\/20\/au-fil-des-pages-avec-un-automne-avec-pop\/\">Un automne avec Pop<\/a><\/span> de Pierrick Bisinski et Alex Sanders (\u00e9d. L\u2019\u00e9cole des loisirs, coll. Loulou &amp; Cie, 2019), un album jeunesse cartonn\u00e9 pour les tout-petits.<\/em><\/p>\n<ul>\n<li><em>(Album jeunesse) <strong><span style=\"text-decoration: underline;\">Le grand m\u00e9nage<\/span><\/strong> d&rsquo;Emily Gravett<br \/>\n<\/em><\/li>\n<\/ul>\n<p style=\"text-align: justify;\"><em><span style=\"text-decoration: underline;\"><a href=\"https:\/\/i0.wp.com\/www.jojoenherbe.com\/wp-content\/uploads\/2020\/03\/Le-grand-menage-scaled.jpg\"><img data-recalc-dims=\"1\" loading=\"lazy\" decoding=\"async\" data-attachment-id=\"20566\" data-permalink=\"http:\/\/www.jojoenherbe.com\/index.php\/2020\/03\/11\/au-fil-des-pages-avec-le-grand-menage\/le-grand-menage-6\/\" data-orig-file=\"https:\/\/i0.wp.com\/www.jojoenherbe.com\/wp-content\/uploads\/2020\/03\/Le-grand-menage-scaled.jpg?fit=2560%2C1920\" data-orig-size=\"2560,1920\" data-comments-opened=\"1\" data-image-meta=\"{&quot;aperture&quot;:&quot;1.8&quot;,&quot;credit&quot;:&quot;&quot;,&quot;camera&quot;:&quot;iPhone 7&quot;,&quot;caption&quot;:&quot;&quot;,&quot;created_timestamp&quot;:&quot;1631011570&quot;,&quot;copyright&quot;:&quot;&quot;,&quot;focal_length&quot;:&quot;3.99&quot;,&quot;iso&quot;:&quot;100&quot;,&quot;shutter_speed&quot;:&quot;0.071428571428571&quot;,&quot;title&quot;:&quot;&quot;,&quot;orientation&quot;:&quot;1&quot;}\" data-image-title=\"Le grand m\u00e9nage\" data-image-description=\"\" data-image-caption=\"\" data-large-file=\"https:\/\/i0.wp.com\/www.jojoenherbe.com\/wp-content\/uploads\/2020\/03\/Le-grand-menage-scaled.jpg?fit=676%2C507\" class=\"alignleft size-thumbnail wp-image-20566\" src=\"https:\/\/i0.wp.com\/www.jojoenherbe.com\/wp-content\/uploads\/2020\/03\/Le-grand-menage.jpg?resize=150%2C150\" alt=\"\" width=\"150\" height=\"150\" srcset=\"https:\/\/i0.wp.com\/www.jojoenherbe.com\/wp-content\/uploads\/2020\/03\/Le-grand-menage-scaled.jpg?resize=150%2C150 150w, https:\/\/i0.wp.com\/www.jojoenherbe.com\/wp-content\/uploads\/2020\/03\/Le-grand-menage-scaled.jpg?zoom=2&amp;resize=150%2C150 300w, https:\/\/i0.wp.com\/www.jojoenherbe.com\/wp-content\/uploads\/2020\/03\/Le-grand-menage-scaled.jpg?zoom=3&amp;resize=150%2C150 450w\" sizes=\"auto, (max-width: 150px) 100vw, 150px\" \/><\/a><a href=\"https:\/\/www.jojoenherbe.com\/index.php\/2020\/03\/11\/au-fil-des-pages-avec-le-grand-menage\/\">Le grand m\u00e9nage<\/a><\/span> d\u2019Emily Gravett (\u00e9d. Kal\u00e9idoscope, 2016), un album jeunesse \u00e0 partir de 3 ans. Beno\u00eet, un blaireau, est tellement obnubil\u00e9 par la propret\u00e9 qu\u2019il en arrive \u00e0 d\u00e9t\u00e9riorer toute la for\u00eat dans laquelle il habite. Coup de c\u0153ur pour cet album jeunesse aux illustrations remplies de petits d\u00e9tails comme dans les pages de garde ou le message d\u00e9tourn\u00e9 de la poubelle!<\/em><\/p>\n<ul>\n<li style=\"text-align: justify;\"><em>(Album jeunesse) <strong><span style=\"text-decoration: underline;\">Ciao dans les bois<\/span><\/strong> de Sarah Khoury<\/em><\/li>\n<\/ul>\n<p style=\"text-align: justify;\"><em><a href=\"https:\/\/i0.wp.com\/www.jojoenherbe.com\/wp-content\/uploads\/2020\/09\/Ciao-dans-les-bois-scaled.jpg\"><img data-recalc-dims=\"1\" loading=\"lazy\" decoding=\"async\" data-attachment-id=\"12523\" data-permalink=\"http:\/\/www.jojoenherbe.com\/index.php\/2020\/09\/28\/au-fil-des-pages-avec-ciao-dans-les-bois\/ciao-dans-les-bois\/\" data-orig-file=\"https:\/\/i0.wp.com\/www.jojoenherbe.com\/wp-content\/uploads\/2020\/09\/Ciao-dans-les-bois-scaled.jpg?fit=2560%2C1920\" data-orig-size=\"2560,1920\" data-comments-opened=\"1\" data-image-meta=\"{&quot;aperture&quot;:&quot;1.8&quot;,&quot;credit&quot;:&quot;&quot;,&quot;camera&quot;:&quot;iPhone 7&quot;,&quot;caption&quot;:&quot;&quot;,&quot;created_timestamp&quot;:&quot;1601291335&quot;,&quot;copyright&quot;:&quot;&quot;,&quot;focal_length&quot;:&quot;3.99&quot;,&quot;iso&quot;:&quot;100&quot;,&quot;shutter_speed&quot;:&quot;0.058823529411765&quot;,&quot;title&quot;:&quot;&quot;,&quot;orientation&quot;:&quot;1&quot;}\" data-image-title=\"Ciao dans les bois\" data-image-description=\"\" data-image-caption=\"\" data-large-file=\"https:\/\/i0.wp.com\/www.jojoenherbe.com\/wp-content\/uploads\/2020\/09\/Ciao-dans-les-bois-scaled.jpg?fit=676%2C507\" class=\"size-thumbnail wp-image-12523 alignright\" src=\"https:\/\/i0.wp.com\/www.jojoenherbe.com\/wp-content\/uploads\/2020\/09\/Ciao-dans-les-bois.jpg?resize=150%2C150\" alt=\"\" width=\"150\" height=\"150\" srcset=\"https:\/\/i0.wp.com\/www.jojoenherbe.com\/wp-content\/uploads\/2020\/09\/Ciao-dans-les-bois-scaled.jpg?resize=150%2C150 150w, https:\/\/i0.wp.com\/www.jojoenherbe.com\/wp-content\/uploads\/2020\/09\/Ciao-dans-les-bois-scaled.jpg?zoom=2&amp;resize=150%2C150 300w, https:\/\/i0.wp.com\/www.jojoenherbe.com\/wp-content\/uploads\/2020\/09\/Ciao-dans-les-bois-scaled.jpg?zoom=3&amp;resize=150%2C150 450w\" sizes=\"auto, (max-width: 150px) 100vw, 150px\" \/><\/a><a href=\"https:\/\/www.jojoenherbe.com\/index.php\/2020\/09\/28\/au-fil-des-pages-avec-ciao-dans-les-bois\/\"><span style=\"text-decoration: underline;\">Ciao dans les bois<\/span><\/a> de Sarah Khoury (\u00e9d. P\u00e8re Fouettard, 2020), un album jeunesse pour les tout-petits \u00e0 partir de 2 ans avec l&rsquo;histoire de Ciao, le lapin doudou dans les bois aux couleurs automnales. Coup de c\u0153ur pour cet album jeunesse aux magnifiques illustrations!<br \/>\n<\/em><\/p>\n<ul>\n<li style=\"text-align: justify;\"><em>(Album jeunesse) <strong><span style=\"text-decoration: underline;\">G\u00e2teau aux pommes<\/span><\/strong> de Dawn Casey et Genevi\u00e8ve Godbout <\/em><\/li>\n<\/ul>\n<p style=\"text-align: justify;\"><em><span style=\"text-decoration: underline;\"><a href=\"https:\/\/i0.wp.com\/www.jojoenherbe.com\/wp-content\/uploads\/2020\/09\/Gateau-aux-pommes-1-scaled.jpg\"><img data-recalc-dims=\"1\" loading=\"lazy\" decoding=\"async\" data-attachment-id=\"21437\" data-permalink=\"http:\/\/www.jojoenherbe.com\/index.php\/2020\/09\/25\/au-fil-des-pages-avec-gateau-aux-pommes\/gateau-aux-pommes-4\/\" data-orig-file=\"https:\/\/i0.wp.com\/www.jojoenherbe.com\/wp-content\/uploads\/2020\/09\/Gateau-aux-pommes-1-scaled.jpg?fit=2560%2C1920\" data-orig-size=\"2560,1920\" data-comments-opened=\"1\" data-image-meta=\"{&quot;aperture&quot;:&quot;1.8&quot;,&quot;credit&quot;:&quot;&quot;,&quot;camera&quot;:&quot;iPhone 7&quot;,&quot;caption&quot;:&quot;&quot;,&quot;created_timestamp&quot;:&quot;1634052781&quot;,&quot;copyright&quot;:&quot;&quot;,&quot;focal_length&quot;:&quot;3.99&quot;,&quot;iso&quot;:&quot;100&quot;,&quot;shutter_speed&quot;:&quot;0.071428571428571&quot;,&quot;title&quot;:&quot;&quot;,&quot;orientation&quot;:&quot;1&quot;}\" data-image-title=\"G\u00e2teau aux pommes\" data-image-description=\"\" data-image-caption=\"\" data-large-file=\"https:\/\/i0.wp.com\/www.jojoenherbe.com\/wp-content\/uploads\/2020\/09\/Gateau-aux-pommes-1-scaled.jpg?fit=676%2C507\" class=\"alignleft size-thumbnail wp-image-21437\" src=\"https:\/\/i0.wp.com\/www.jojoenherbe.com\/wp-content\/uploads\/2020\/09\/Gateau-aux-pommes-1.jpg?resize=150%2C150\" alt=\"\" width=\"150\" height=\"150\" srcset=\"https:\/\/i0.wp.com\/www.jojoenherbe.com\/wp-content\/uploads\/2020\/09\/Gateau-aux-pommes-1-scaled.jpg?resize=150%2C150 150w, https:\/\/i0.wp.com\/www.jojoenherbe.com\/wp-content\/uploads\/2020\/09\/Gateau-aux-pommes-1-scaled.jpg?zoom=2&amp;resize=150%2C150 300w, https:\/\/i0.wp.com\/www.jojoenherbe.com\/wp-content\/uploads\/2020\/09\/Gateau-aux-pommes-1-scaled.jpg?zoom=3&amp;resize=150%2C150 450w\" sizes=\"auto, (max-width: 150px) 100vw, 150px\" \/><\/a><a href=\"http:\/\/www.jojoenherbe.com\/index.php\/2020\/09\/25\/au-fil-des-pages-avec-gateau-aux-pommes\/\">G\u00e2teau aux pommes<\/a><\/span> de Dawn Casey et Genevi\u00e8ve Godbout (\u00e9d. La Past\u00e8que, 2019), un album jeunesse \u00e0 partir de 4 ans. Nous suivons une petite fille lors d\u2019une promenade avec son chien pour r\u00e9unir les ingr\u00e9dients n\u00e9cessaires \u00e0 la confection d\u2019un g\u00e2teau aux pommes. Coup de c\u0153ur pour cet ode \u00e0 la nature et aux merveilles qu\u2019elle nous offre en toute saison et l\u2019en remercier, et plus particuli\u00e8rement en automne! Il y a m\u00eame la recette \u00e0 la fin pour prolonger la lecture.<br \/>\n<\/em><\/p>\n<ul>\n<li style=\"text-align: justify;\"><em>(Album jeunesse) <strong><span style=\"text-decoration: underline;\">Pas de panique, Belette!<\/span><\/strong> de Ciara Gavin et Tim Warnes<\/em><\/li>\n<\/ul>\n<p style=\"text-align: justify;\"><em><span style=\"text-decoration: underline;\"><a href=\"https:\/\/i0.wp.com\/www.jojoenherbe.com\/wp-content\/uploads\/2021\/02\/Pas-de-panique-Belette-scaled.jpg\"><img data-recalc-dims=\"1\" loading=\"lazy\" decoding=\"async\" data-attachment-id=\"15475\" data-permalink=\"http:\/\/www.jojoenherbe.com\/index.php\/2021\/01\/31\/deuxieme-alphabet-des-animaux-t-comme-taupe\/pas-de-panique-belette-5\/\" data-orig-file=\"https:\/\/i0.wp.com\/www.jojoenherbe.com\/wp-content\/uploads\/2021\/02\/Pas-de-panique-Belette-scaled.jpg?fit=2560%2C1920\" data-orig-size=\"2560,1920\" data-comments-opened=\"1\" data-image-meta=\"{&quot;aperture&quot;:&quot;1.8&quot;,&quot;credit&quot;:&quot;&quot;,&quot;camera&quot;:&quot;iPhone 7&quot;,&quot;caption&quot;:&quot;&quot;,&quot;created_timestamp&quot;:&quot;1612192899&quot;,&quot;copyright&quot;:&quot;&quot;,&quot;focal_length&quot;:&quot;3.99&quot;,&quot;iso&quot;:&quot;100&quot;,&quot;shutter_speed&quot;:&quot;0.14285714285714&quot;,&quot;title&quot;:&quot;&quot;,&quot;orientation&quot;:&quot;1&quot;}\" data-image-title=\"Pas de panique, Belette!\" data-image-description=\"\" data-image-caption=\"\" data-large-file=\"https:\/\/i0.wp.com\/www.jojoenherbe.com\/wp-content\/uploads\/2021\/02\/Pas-de-panique-Belette-scaled.jpg?fit=676%2C507\" class=\"size-thumbnail wp-image-15475 alignright\" src=\"https:\/\/i0.wp.com\/www.jojoenherbe.com\/wp-content\/uploads\/2021\/02\/Pas-de-panique-Belette.jpg?resize=150%2C150\" alt=\"\" width=\"150\" height=\"150\" srcset=\"https:\/\/i0.wp.com\/www.jojoenherbe.com\/wp-content\/uploads\/2021\/02\/Pas-de-panique-Belette-scaled.jpg?resize=150%2C150 150w, https:\/\/i0.wp.com\/www.jojoenherbe.com\/wp-content\/uploads\/2021\/02\/Pas-de-panique-Belette-scaled.jpg?zoom=2&amp;resize=150%2C150 300w, https:\/\/i0.wp.com\/www.jojoenherbe.com\/wp-content\/uploads\/2021\/02\/Pas-de-panique-Belette-scaled.jpg?zoom=3&amp;resize=150%2C150 450w\" sizes=\"auto, (max-width: 150px) 100vw, 150px\" \/><\/a><a href=\"http:\/\/www.jojoenherbe.com\/index.php\/2020\/09\/22\/au-fil-des-pages-avec-pas-de-panique-belette\/\">Pas de panique, Belette!<\/a><\/span> de Ciara Gavin et Tim Warnes (\u00e9d. Mijade, 2020), un album jeunesse \u00e0 partir de 4 ans.<\/em><\/p>\n<ul>\n<li style=\"text-align: justify;\"><em>(Album jeunesse) <strong><span style=\"text-decoration: underline;\">Minusculette en automne<\/span><\/strong> de Kimiko et Christine Davenier<\/em><\/li>\n<\/ul>\n<p style=\"text-align: justify;\"><em><span style=\"text-decoration: underline;\"><a href=\"https:\/\/i0.wp.com\/www.jojoenherbe.com\/wp-content\/uploads\/2020\/09\/Minusculette-en-automne-scaled.jpg\"><img data-recalc-dims=\"1\" loading=\"lazy\" decoding=\"async\" data-attachment-id=\"12438\" data-permalink=\"http:\/\/www.jojoenherbe.com\/index.php\/2020\/09\/23\/au-fil-des-pages-avec-minusculette-en-automne\/minusculette-en-automne\/\" data-orig-file=\"https:\/\/i0.wp.com\/www.jojoenherbe.com\/wp-content\/uploads\/2020\/09\/Minusculette-en-automne-scaled.jpg?fit=2560%2C1920\" data-orig-size=\"2560,1920\" data-comments-opened=\"1\" data-image-meta=\"{&quot;aperture&quot;:&quot;1.8&quot;,&quot;credit&quot;:&quot;&quot;,&quot;camera&quot;:&quot;iPhone 7&quot;,&quot;caption&quot;:&quot;&quot;,&quot;created_timestamp&quot;:&quot;1600875439&quot;,&quot;copyright&quot;:&quot;&quot;,&quot;focal_length&quot;:&quot;3.99&quot;,&quot;iso&quot;:&quot;50&quot;,&quot;shutter_speed&quot;:&quot;0.058823529411765&quot;,&quot;title&quot;:&quot;&quot;,&quot;orientation&quot;:&quot;1&quot;}\" data-image-title=\"Minusculette en automne\" data-image-description=\"\" data-image-caption=\"\" data-large-file=\"https:\/\/i0.wp.com\/www.jojoenherbe.com\/wp-content\/uploads\/2020\/09\/Minusculette-en-automne-scaled.jpg?fit=676%2C507\" class=\"alignleft size-thumbnail wp-image-12438\" src=\"https:\/\/i0.wp.com\/www.jojoenherbe.com\/wp-content\/uploads\/2020\/09\/Minusculette-en-automne.jpg?resize=150%2C150\" alt=\"\" width=\"150\" height=\"150\" srcset=\"https:\/\/i0.wp.com\/www.jojoenherbe.com\/wp-content\/uploads\/2020\/09\/Minusculette-en-automne-scaled.jpg?resize=150%2C150 150w, https:\/\/i0.wp.com\/www.jojoenherbe.com\/wp-content\/uploads\/2020\/09\/Minusculette-en-automne-scaled.jpg?zoom=2&amp;resize=150%2C150 300w, https:\/\/i0.wp.com\/www.jojoenherbe.com\/wp-content\/uploads\/2020\/09\/Minusculette-en-automne-scaled.jpg?zoom=3&amp;resize=150%2C150 450w\" sizes=\"auto, (max-width: 150px) 100vw, 150px\" \/><\/a><a href=\"http:\/\/www.jojoenherbe.com\/index.php\/2020\/09\/23\/au-fil-des-pages-avec-minusculette-en-automne\/\">Minusculette en automne<\/a><\/span> de Kimiko et Christine Davenier (\u00e9d. L\u2019\u00e9cole des loisirs, coll. Loulou &amp; Cie, 2018), un album jeunesse cartonn\u00e9 pour les tout-petits, \u00e0 partir de 2 ans.<\/em><\/p>\n<ul>\n<li style=\"text-align: justify;\"><em>(Album jeunesse) <strong><span style=\"text-decoration: underline;\">Jules et le renard<\/span><\/strong> de Joe Todd-Stanton<\/em><\/li>\n<\/ul>\n<p style=\"text-align: justify;\"><em><span style=\"text-decoration: underline;\"><a href=\"https:\/\/i0.wp.com\/www.jojoenherbe.com\/wp-content\/uploads\/2020\/11\/Jules-et-le-renard-scaled.jpg\"><img data-recalc-dims=\"1\" loading=\"lazy\" decoding=\"async\" data-attachment-id=\"13584\" data-permalink=\"http:\/\/www.jojoenherbe.com\/index.php\/2020\/11\/03\/nos-lectures-automnales-2020\/jules-et-le-renard\/\" data-orig-file=\"https:\/\/i0.wp.com\/www.jojoenherbe.com\/wp-content\/uploads\/2020\/11\/Jules-et-le-renard-scaled.jpg?fit=2560%2C1920\" data-orig-size=\"2560,1920\" data-comments-opened=\"1\" data-image-meta=\"{&quot;aperture&quot;:&quot;1.8&quot;,&quot;credit&quot;:&quot;&quot;,&quot;camera&quot;:&quot;iPhone 7&quot;,&quot;caption&quot;:&quot;&quot;,&quot;created_timestamp&quot;:&quot;1604317862&quot;,&quot;copyright&quot;:&quot;&quot;,&quot;focal_length&quot;:&quot;3.99&quot;,&quot;iso&quot;:&quot;100&quot;,&quot;shutter_speed&quot;:&quot;0.058823529411765&quot;,&quot;title&quot;:&quot;&quot;,&quot;orientation&quot;:&quot;1&quot;}\" data-image-title=\"Jules et le renard\" data-image-description=\"\" data-image-caption=\"\" data-large-file=\"https:\/\/i0.wp.com\/www.jojoenherbe.com\/wp-content\/uploads\/2020\/11\/Jules-et-le-renard-scaled.jpg?fit=676%2C507\" class=\"size-thumbnail wp-image-13584 alignright\" src=\"https:\/\/i0.wp.com\/www.jojoenherbe.com\/wp-content\/uploads\/2020\/11\/Jules-et-le-renard.jpg?resize=150%2C150\" alt=\"\" width=\"150\" height=\"150\" srcset=\"https:\/\/i0.wp.com\/www.jojoenherbe.com\/wp-content\/uploads\/2020\/11\/Jules-et-le-renard-scaled.jpg?resize=150%2C150 150w, https:\/\/i0.wp.com\/www.jojoenherbe.com\/wp-content\/uploads\/2020\/11\/Jules-et-le-renard-scaled.jpg?zoom=2&amp;resize=150%2C150 300w, https:\/\/i0.wp.com\/www.jojoenherbe.com\/wp-content\/uploads\/2020\/11\/Jules-et-le-renard-scaled.jpg?zoom=3&amp;resize=150%2C150 450w\" sizes=\"auto, (max-width: 150px) 100vw, 150px\" \/><\/a><a href=\"http:\/\/www.jojoenherbe.com\/index.php\/2020\/11\/24\/au-fil-des-pages-avec-jules-et-le-renard\/\">Jules et le renard<\/a><\/span> de Joe Todd-Stanton (\u00e9d. L&rsquo;\u00e9cole des loisirs, 2019, r\u00e9\u00e9d. 2020), un album jeunesse \u00e0 partir de 3 ans avec une jolie amiti\u00e9 improbable entre un souriceau solitaire et un renard affam\u00e9. Coup de c\u0153ur pour cet album jeunesse!<br \/>\n<\/em><\/p>\n<ul>\n<li style=\"text-align: justify;\"><em>(Album jeunesse) <strong><span style=\"text-decoration: underline;\">Au revoir l&rsquo;automne, bonjour l&rsquo;hiver&#8230;<\/span><\/strong> de Kenard Pak<\/em><\/li>\n<\/ul>\n<p style=\"text-align: justify;\"><em><a href=\"https:\/\/i0.wp.com\/www.jojoenherbe.com\/wp-content\/uploads\/2020\/12\/Au-revoir-lautomne-bonjour-lhiver-scaled.jpg\"><img data-recalc-dims=\"1\" loading=\"lazy\" decoding=\"async\" data-attachment-id=\"14245\" data-permalink=\"http:\/\/www.jojoenherbe.com\/index.php\/2020\/12\/03\/au-fil-des-pages-avec-au-revoir-lautomne-bonjour-lhiver\/au-revoir-lautomne-bonjour-lhiver\/\" data-orig-file=\"https:\/\/i0.wp.com\/www.jojoenherbe.com\/wp-content\/uploads\/2020\/12\/Au-revoir-lautomne-bonjour-lhiver-scaled.jpg?fit=2560%2C1655\" data-orig-size=\"2560,1655\" data-comments-opened=\"1\" data-image-meta=\"{&quot;aperture&quot;:&quot;1.8&quot;,&quot;credit&quot;:&quot;&quot;,&quot;camera&quot;:&quot;iPhone 7&quot;,&quot;caption&quot;:&quot;&quot;,&quot;created_timestamp&quot;:&quot;1606989890&quot;,&quot;copyright&quot;:&quot;&quot;,&quot;focal_length&quot;:&quot;3.99&quot;,&quot;iso&quot;:&quot;100&quot;,&quot;shutter_speed&quot;:&quot;0.058823529411765&quot;,&quot;title&quot;:&quot;&quot;,&quot;orientation&quot;:&quot;1&quot;}\" data-image-title=\"Au revoir l&amp;rsquo;automne, bonjour l&amp;rsquo;hiver\" data-image-description=\"\" data-image-caption=\"\" data-large-file=\"https:\/\/i0.wp.com\/www.jojoenherbe.com\/wp-content\/uploads\/2020\/12\/Au-revoir-lautomne-bonjour-lhiver-scaled.jpg?fit=676%2C437\" class=\"alignleft wp-image-14245 size-thumbnail\" src=\"https:\/\/i0.wp.com\/www.jojoenherbe.com\/wp-content\/uploads\/2020\/12\/Au-revoir-lautomne-bonjour-lhiver.jpg?resize=150%2C150\" alt=\"\" width=\"150\" height=\"150\" srcset=\"https:\/\/i0.wp.com\/www.jojoenherbe.com\/wp-content\/uploads\/2020\/12\/Au-revoir-lautomne-bonjour-lhiver-scaled.jpg?resize=150%2C150 150w, https:\/\/i0.wp.com\/www.jojoenherbe.com\/wp-content\/uploads\/2020\/12\/Au-revoir-lautomne-bonjour-lhiver-scaled.jpg?zoom=2&amp;resize=150%2C150 300w, https:\/\/i0.wp.com\/www.jojoenherbe.com\/wp-content\/uploads\/2020\/12\/Au-revoir-lautomne-bonjour-lhiver-scaled.jpg?zoom=3&amp;resize=150%2C150 450w\" sizes=\"auto, (max-width: 150px) 100vw, 150px\" \/><\/a><a href=\"https:\/\/www.jojoenherbe.com\/index.php\/2020\/12\/03\/au-fil-des-pages-avec-au-revoir-lautomne-bonjour-lhiver\/\"><span style=\"text-decoration: underline;\">Au revoir l&rsquo;automne, bonjour l&rsquo;hiver&#8230;<\/span><\/a> de Kenard Pak (\u00e9d. Kimane, 2018), un album jeunesse \u00e0 partir de 3 ans et faisant le passage de fa\u00e7on po\u00e9tique entre ces deux saison. <\/em><\/p>\n<ul>\n<li style=\"text-align: justify;\"><em>(BD jeunesse) <strong><span style=\"text-decoration: underline;\">Eli &amp; Gaston, L\u2019esprit de l\u2019automne<\/span><\/strong> de Ludovic Villain et C\u00e9line Deregnaucourt <strong>(T1)<\/strong> <\/em><\/li>\n<\/ul>\n<p style=\"text-align: justify;\"><em><a href=\"https:\/\/i0.wp.com\/www.jojoenherbe.com\/wp-content\/uploads\/2020\/10\/Eli-Gaston-scaled.jpg\"><img data-recalc-dims=\"1\" loading=\"lazy\" decoding=\"async\" data-attachment-id=\"12714\" data-permalink=\"http:\/\/www.jojoenherbe.com\/index.php\/2020\/10\/08\/au-fil-des-pages-avec-le-tome-1-deli-gaston\/eli-gaston\/\" data-orig-file=\"https:\/\/i0.wp.com\/www.jojoenherbe.com\/wp-content\/uploads\/2020\/10\/Eli-Gaston-scaled.jpg?fit=2560%2C1920\" data-orig-size=\"2560,1920\" data-comments-opened=\"1\" data-image-meta=\"{&quot;aperture&quot;:&quot;1.8&quot;,&quot;credit&quot;:&quot;&quot;,&quot;camera&quot;:&quot;iPhone 7&quot;,&quot;caption&quot;:&quot;&quot;,&quot;created_timestamp&quot;:&quot;1601894196&quot;,&quot;copyright&quot;:&quot;&quot;,&quot;focal_length&quot;:&quot;3.99&quot;,&quot;iso&quot;:&quot;100&quot;,&quot;shutter_speed&quot;:&quot;0.090909090909091&quot;,&quot;title&quot;:&quot;&quot;,&quot;orientation&quot;:&quot;1&quot;}\" data-image-title=\"Eli &amp;#038; Gaston\" data-image-description=\"\" data-image-caption=\"\" data-large-file=\"https:\/\/i0.wp.com\/www.jojoenherbe.com\/wp-content\/uploads\/2020\/10\/Eli-Gaston-scaled.jpg?fit=676%2C507\" class=\"size-thumbnail wp-image-12714 alignright\" src=\"https:\/\/i0.wp.com\/www.jojoenherbe.com\/wp-content\/uploads\/2020\/10\/Eli-Gaston.jpg?resize=150%2C150\" alt=\"\" width=\"150\" height=\"150\" srcset=\"https:\/\/i0.wp.com\/www.jojoenherbe.com\/wp-content\/uploads\/2020\/10\/Eli-Gaston-scaled.jpg?resize=150%2C150 150w, https:\/\/i0.wp.com\/www.jojoenherbe.com\/wp-content\/uploads\/2020\/10\/Eli-Gaston-scaled.jpg?zoom=2&amp;resize=150%2C150 300w, https:\/\/i0.wp.com\/www.jojoenherbe.com\/wp-content\/uploads\/2020\/10\/Eli-Gaston-scaled.jpg?zoom=3&amp;resize=150%2C150 450w\" sizes=\"auto, (max-width: 150px) 100vw, 150px\" \/><\/a>le tome 1 d\u2019<a href=\"http:\/\/www.jojoenherbe.com\/index.php\/2020\/10\/08\/au-fil-des-pages-avec-le-tome-1-deli-gaston\/\"><span style=\"text-decoration: underline;\">Eli &amp; Gaston, L\u2019esprit de l\u2019automne<\/span><\/a> de Ludovic Villain et C\u00e9line Deregnaucourt (\u00e9d. Ankama, 2019), une BD jeunesse \u00e0 partir de 7 ans avec l&rsquo;histoire d&rsquo;Eli, une petite fille qui va passer ses vacances avec son chat Gaston chez sa grand-m\u00e8re Jo. Un tr\u00e8s bon moment de lecture cosy et qui permet \u00e9galement de sensibiliser les jeunes lecteurs \u00e0 l\u2019\u00e9cologie et \u00e0 l\u2019importance du cycle des saisons!<br \/>\n<\/em><\/p>\n","protected":false},"excerpt":{"rendered":"<p>En ce d\u00e9but du mois de novembre 2020, nous continuons nos lectures automnales, \u00e0 d\u00e9faut de pouvoir nous promener dans les parcs, jardins ou for\u00eats &#8211; second confinement oblige &#8211; et apr\u00e8s avoir pass\u00e9 un joli mois d&rsquo;octobre halloweenesque. Ce sont pour la plupart des relectures des ann\u00e9es pr\u00e9c\u00e9dentes et que nous appr\u00e9cions beaucoup. Il [&hellip;]<\/p>\n","protected":false},"author":1,"featured_media":13581,"comment_status":"open","ping_status":"open","sticky":false,"template":"","format":"standard","meta":{"jetpack_post_was_ever_published":false,"_jetpack_newsletter_access":"","_jetpack_dont_email_post_to_subs":false,"_jetpack_newsletter_tier_id":0,"_jetpack_memberships_contains_paywalled_content":false,"_jetpack_memberships_contains_paid_content":false,"footnotes":""},"categories":[363],"tags":[409,321,1226,367,1014],"class_list":["post-13580","post","type-post","status-publish","format-standard","has-post-thumbnail","hentry","category-mini-lecteur","tag-albums-jeunesse","tag-automne","tag-bd-jeunesse","tag-lecture-jeunesse","tag-lectures-dautomne","post-preview"],"jetpack_featured_media_url":"https:\/\/i0.wp.com\/www.jojoenherbe.com\/wp-content\/uploads\/2020\/11\/Lectures-automnales-scaled.jpg?fit=2560%2C1879","jetpack_sharing_enabled":true,"jetpack_shortlink":"https:\/\/wp.me\/p9zhGx-3x2","jetpack_likes_enabled":true,"jetpack-related-posts":[{"id":27285,"url":"http:\/\/www.jojoenherbe.com\/index.php\/2022\/09\/01\/notre-mois-bloguesque-daout-2022\/","url_meta":{"origin":13580,"position":0},"title":"Notre mois bloguesque d&rsquo;ao\u00fbt 2022","author":"Jojo","date":"1 septembre 2022","format":false,"excerpt":"C\u2019est le premier du mois alors voici un petit retour bloguesque sur ao\u00fbt 2022. Apr\u00e8s un mois de juillet qui est pass\u00e9 bien vite, nous \u00e9tions d\u00e9j\u00e0 en ao\u00fbt, un mois qui a r\u00e9serv\u00e9 encore de nombreuses lectures et quelques balades estivales et malgr\u00e9 la chaleur caniculaire et les (trop)\u2026","rel":"","context":"Dans &quot;Mini blogueur&quot;","block_context":{"text":"Mini blogueur","link":"http:\/\/www.jojoenherbe.com\/index.php\/category\/mini-blogueur\/"},"img":{"alt_text":"","src":"https:\/\/i0.wp.com\/www.jojoenherbe.com\/wp-content\/uploads\/2022\/08\/Selection-Aout-2022-scaled.jpg?fit=1200%2C804&resize=350%2C200","width":350,"height":200,"srcset":"https:\/\/i0.wp.com\/www.jojoenherbe.com\/wp-content\/uploads\/2022\/08\/Selection-Aout-2022-scaled.jpg?fit=1200%2C804&resize=350%2C200 1x, https:\/\/i0.wp.com\/www.jojoenherbe.com\/wp-content\/uploads\/2022\/08\/Selection-Aout-2022-scaled.jpg?fit=1200%2C804&resize=525%2C300 1.5x, https:\/\/i0.wp.com\/www.jojoenherbe.com\/wp-content\/uploads\/2022\/08\/Selection-Aout-2022-scaled.jpg?fit=1200%2C804&resize=700%2C400 2x, https:\/\/i0.wp.com\/www.jojoenherbe.com\/wp-content\/uploads\/2022\/08\/Selection-Aout-2022-scaled.jpg?fit=1200%2C804&resize=1050%2C600 3x"},"classes":[]},{"id":27914,"url":"http:\/\/www.jojoenherbe.com\/index.php\/2022\/10\/01\/notre-mois-bloguesque-de-septembre-2022\/","url_meta":{"origin":13580,"position":1},"title":"Notre mois bloguesque de septembre 2022","author":"Jojo","date":"1 octobre 2022","format":false,"excerpt":"C\u2019est le premier du mois alors voici un petit retour bloguesque sur septembre 2022, un mois marquant la fin de l'\u00e9t\u00e9 et la rentr\u00e9e des classes. Laissant derri\u00e8re nous nos lectures estivales, nous nous sommes tourn\u00e9s vers celles automnales. J'ai \u00e9galement pr\u00e9par\u00e9 doucement mais s\u00fbrement nos\u00a0 lectures pour le challenge\u2026","rel":"","context":"Dans &quot;Mini blogueur&quot;","block_context":{"text":"Mini blogueur","link":"http:\/\/www.jojoenherbe.com\/index.php\/category\/mini-blogueur\/"},"img":{"alt_text":"","src":"https:\/\/i0.wp.com\/www.jojoenherbe.com\/wp-content\/uploads\/2022\/09\/Selection-Septembre-2022-scaled.jpg?fit=1200%2C906&resize=350%2C200","width":350,"height":200,"srcset":"https:\/\/i0.wp.com\/www.jojoenherbe.com\/wp-content\/uploads\/2022\/09\/Selection-Septembre-2022-scaled.jpg?fit=1200%2C906&resize=350%2C200 1x, https:\/\/i0.wp.com\/www.jojoenherbe.com\/wp-content\/uploads\/2022\/09\/Selection-Septembre-2022-scaled.jpg?fit=1200%2C906&resize=525%2C300 1.5x, https:\/\/i0.wp.com\/www.jojoenherbe.com\/wp-content\/uploads\/2022\/09\/Selection-Septembre-2022-scaled.jpg?fit=1200%2C906&resize=700%2C400 2x, https:\/\/i0.wp.com\/www.jojoenherbe.com\/wp-content\/uploads\/2022\/09\/Selection-Septembre-2022-scaled.jpg?fit=1200%2C906&resize=1050%2C600 3x"},"classes":[]},{"id":22073,"url":"http:\/\/www.jojoenherbe.com\/index.php\/2021\/11\/03\/notre-mois-bloguesque-doctobre-2021\/","url_meta":{"origin":13580,"position":2},"title":"Notre mois bloguesque d&rsquo;octobre 2021","author":"Jojo","date":"3 novembre 2021","format":false,"excerpt":"C\u2019est le d\u00e9but du mois de novembre alors voici un petit retour bloguesque sur octobre 2021. Tout en continuant nos (re)lectures automnales, nous avons surtout plong\u00e9 dans des (re)lectures halloweenesques puisque depuis je participe pour la troisi\u00e8me ann\u00e9e cons\u00e9cutive au challenge Halloween de Hilde et Lou avec cette ann\u00e9e une\u2026","rel":"","context":"Dans &quot;Mini blogueur&quot;","block_context":{"text":"Mini blogueur","link":"http:\/\/www.jojoenherbe.com\/index.php\/category\/mini-blogueur\/"},"img":{"alt_text":"","src":"https:\/\/i0.wp.com\/www.jojoenherbe.com\/wp-content\/uploads\/2021\/10\/Selection-octobre-2021-scaled.jpg?fit=1200%2C706&resize=350%2C200","width":350,"height":200,"srcset":"https:\/\/i0.wp.com\/www.jojoenherbe.com\/wp-content\/uploads\/2021\/10\/Selection-octobre-2021-scaled.jpg?fit=1200%2C706&resize=350%2C200 1x, https:\/\/i0.wp.com\/www.jojoenherbe.com\/wp-content\/uploads\/2021\/10\/Selection-octobre-2021-scaled.jpg?fit=1200%2C706&resize=525%2C300 1.5x, https:\/\/i0.wp.com\/www.jojoenherbe.com\/wp-content\/uploads\/2021\/10\/Selection-octobre-2021-scaled.jpg?fit=1200%2C706&resize=700%2C400 2x, https:\/\/i0.wp.com\/www.jojoenherbe.com\/wp-content\/uploads\/2021\/10\/Selection-octobre-2021-scaled.jpg?fit=1200%2C706&resize=1050%2C600 3x"},"classes":[]},{"id":19948,"url":"http:\/\/www.jojoenherbe.com\/index.php\/2021\/08\/01\/notre-mois-bloguesque-de-juillet-2021\/","url_meta":{"origin":13580,"position":3},"title":"Notre mois bloguesque de juillet 2021","author":"Jojo","date":"1 ao\u00fbt 2021","format":false,"excerpt":"C'est le premier du mois alors voici un petit retour bloguesque sur juillet 2021. Et hasard du blog, il s'agit (d\u00e9j\u00e0) de mon milli\u00e8me billet. J'ai \u00e9t\u00e9 un peu moins pr\u00e9sente ce mois-ci sur le blog mais nous avons continu\u00e9 nos lectures et surtout nous avons recommenc\u00e9 \u00e0 balader. Juillet\u2026","rel":"","context":"Dans &quot;Mini blogueur&quot;","block_context":{"text":"Mini blogueur","link":"http:\/\/www.jojoenherbe.com\/index.php\/category\/mini-blogueur\/"},"img":{"alt_text":"","src":"https:\/\/i0.wp.com\/www.jojoenherbe.com\/wp-content\/uploads\/2021\/07\/Selection-juillet-2021-scaled.jpg?fit=1200%2C769&resize=350%2C200","width":350,"height":200,"srcset":"https:\/\/i0.wp.com\/www.jojoenherbe.com\/wp-content\/uploads\/2021\/07\/Selection-juillet-2021-scaled.jpg?fit=1200%2C769&resize=350%2C200 1x, https:\/\/i0.wp.com\/www.jojoenherbe.com\/wp-content\/uploads\/2021\/07\/Selection-juillet-2021-scaled.jpg?fit=1200%2C769&resize=525%2C300 1.5x, https:\/\/i0.wp.com\/www.jojoenherbe.com\/wp-content\/uploads\/2021\/07\/Selection-juillet-2021-scaled.jpg?fit=1200%2C769&resize=700%2C400 2x, https:\/\/i0.wp.com\/www.jojoenherbe.com\/wp-content\/uploads\/2021\/07\/Selection-juillet-2021-scaled.jpg?fit=1200%2C769&resize=1050%2C600 3x"},"classes":[]},{"id":13574,"url":"http:\/\/www.jojoenherbe.com\/index.php\/2020\/11\/10\/billet-de-suivi-il-etait-8-fois-noel\/","url_meta":{"origin":13580,"position":4},"title":"Billet de suivi: Il \u00e9tait 8 fois No\u00ebl","author":"Jojo","date":"10 novembre 2020","format":false,"excerpt":"Le mois de d\u00e9cembre approchant, c'est le retour de Il \u00e9tait 8 fois No\u00ebl, un challenge de No\u00ebl organis\u00e9 par Chicky Poo et Samarian et qui se d\u00e9roule du 30 novembre 2020 au 3 janvier 2021. Pour plus d\u2019infos, n\u2019h\u00e9sitez pas \u00e0 aller sur leurs blogs. Ce billet sera actualis\u00e9\u2026","rel":"","context":"Dans &quot;Mini challenger&quot;","block_context":{"text":"Mini challenger","link":"http:\/\/www.jojoenherbe.com\/index.php\/category\/mini-challenger\/"},"img":{"alt_text":"","src":"https:\/\/i0.wp.com\/www.jojoenherbe.com\/wp-content\/uploads\/2020\/11\/Logo_2_2020-1024x992-1.jpg?fit=1024%2C992&resize=350%2C200","width":350,"height":200,"srcset":"https:\/\/i0.wp.com\/www.jojoenherbe.com\/wp-content\/uploads\/2020\/11\/Logo_2_2020-1024x992-1.jpg?fit=1024%2C992&resize=350%2C200 1x, https:\/\/i0.wp.com\/www.jojoenherbe.com\/wp-content\/uploads\/2020\/11\/Logo_2_2020-1024x992-1.jpg?fit=1024%2C992&resize=525%2C300 1.5x, https:\/\/i0.wp.com\/www.jojoenherbe.com\/wp-content\/uploads\/2020\/11\/Logo_2_2020-1024x992-1.jpg?fit=1024%2C992&resize=700%2C400 2x"},"classes":[]},{"id":12274,"url":"http:\/\/www.jojoenherbe.com\/index.php\/2020\/09\/15\/ptit-recap-du-challenge-halloween-2020\/","url_meta":{"origin":13580,"position":5},"title":"Billet de suivi: Challenge Halloween 2020","author":"Jojo","date":"15 septembre 2020","format":false,"excerpt":"Comme l'ann\u00e9e derni\u00e8re, je participe du 15 septembre au 15 d\u00e9cembre 2020 au Challenge Halloween organis\u00e9 par Hilde et Lou. D\u00e8s le 15 septembre, elles ouvrent les portes de leur manoir pour deux mois halloweenesques. le challenge commence en douceur par un d\u00e9poussi\u00e9rage de PAL et premi\u00e8res suggestions et ambiances\u2026","rel":"","context":"Dans &quot;Mini challenger&quot;","block_context":{"text":"Mini challenger","link":"http:\/\/www.jojoenherbe.com\/index.php\/category\/mini-challenger\/"},"img":{"alt_text":"","src":"https:\/\/i0.wp.com\/www.jojoenherbe.com\/wp-content\/uploads\/2020\/09\/Challenge-Halloween-2020-scaled.jpg?fit=1200%2C1187&resize=350%2C200","width":350,"height":200,"srcset":"https:\/\/i0.wp.com\/www.jojoenherbe.com\/wp-content\/uploads\/2020\/09\/Challenge-Halloween-2020-scaled.jpg?fit=1200%2C1187&resize=350%2C200 1x, https:\/\/i0.wp.com\/www.jojoenherbe.com\/wp-content\/uploads\/2020\/09\/Challenge-Halloween-2020-scaled.jpg?fit=1200%2C1187&resize=525%2C300 1.5x, https:\/\/i0.wp.com\/www.jojoenherbe.com\/wp-content\/uploads\/2020\/09\/Challenge-Halloween-2020-scaled.jpg?fit=1200%2C1187&resize=700%2C400 2x, https:\/\/i0.wp.com\/www.jojoenherbe.com\/wp-content\/uploads\/2020\/09\/Challenge-Halloween-2020-scaled.jpg?fit=1200%2C1187&resize=1050%2C600 3x"},"classes":[]}],"_links":{"self":[{"href":"http:\/\/www.jojoenherbe.com\/index.php\/wp-json\/wp\/v2\/posts\/13580","targetHints":{"allow":["GET"]}}],"collection":[{"href":"http:\/\/www.jojoenherbe.com\/index.php\/wp-json\/wp\/v2\/posts"}],"about":[{"href":"http:\/\/www.jojoenherbe.com\/index.php\/wp-json\/wp\/v2\/types\/post"}],"author":[{"embeddable":true,"href":"http:\/\/www.jojoenherbe.com\/index.php\/wp-json\/wp\/v2\/users\/1"}],"replies":[{"embeddable":true,"href":"http:\/\/www.jojoenherbe.com\/index.php\/wp-json\/wp\/v2\/comments?post=13580"}],"version-history":[{"count":3,"href":"http:\/\/www.jojoenherbe.com\/index.php\/wp-json\/wp\/v2\/posts\/13580\/revisions"}],"predecessor-version":[{"id":28421,"href":"http:\/\/www.jojoenherbe.com\/index.php\/wp-json\/wp\/v2\/posts\/13580\/revisions\/28421"}],"wp:featuredmedia":[{"embeddable":true,"href":"http:\/\/www.jojoenherbe.com\/index.php\/wp-json\/wp\/v2\/media\/13581"}],"wp:attachment":[{"href":"http:\/\/www.jojoenherbe.com\/index.php\/wp-json\/wp\/v2\/media?parent=13580"}],"wp:term":[{"taxonomy":"category","embeddable":true,"href":"http:\/\/www.jojoenherbe.com\/index.php\/wp-json\/wp\/v2\/categories?post=13580"},{"taxonomy":"post_tag","embeddable":true,"href":"http:\/\/www.jojoenherbe.com\/index.php\/wp-json\/wp\/v2\/tags?post=13580"}],"curies":[{"name":"wp","href":"https:\/\/api.w.org\/{rel}","templated":true}]}}