{"id":13574,"date":"2020-11-10T17:49:49","date_gmt":"2020-11-10T16:49:49","guid":{"rendered":"http:\/\/www.jojoenherbe.com\/?p=13574"},"modified":"2021-11-17T11:19:49","modified_gmt":"2021-11-17T10:19:49","slug":"billet-de-suivi-il-etait-8-fois-noel","status":"publish","type":"post","link":"http:\/\/www.jojoenherbe.com\/index.php\/2020\/11\/10\/billet-de-suivi-il-etait-8-fois-noel\/","title":{"rendered":"Billet de suivi: Il \u00e9tait 8 fois No\u00ebl"},"content":{"rendered":"<p style=\"text-align: justify;\"><em>Le mois de d\u00e9cembre approchant, c&rsquo;est le retour de Il \u00e9tait 8 fois No\u00ebl, un challenge de No\u00ebl organis\u00e9 par <a href=\"https:\/\/www.laplanquealibellules.fr\/2020\/11\/il-etait-huit-fois-noel.html\/\">Chicky Poo<\/a> et <a href=\"https:\/\/viedecontedefee.blogspot.com\/2020\/11\/1638-il-etait-huit-fois-noel.html\">Samarian<\/a> et qui se d\u00e9roule du 30 novembre 2020 au 3 janvier 2021. Pour plus d\u2019infos, n\u2019h\u00e9sitez pas \u00e0 aller sur leurs blogs.<\/em><\/p>\n<p style=\"text-align: justify;\"><em>Ce billet sera actualis\u00e9 au fil du mois tout en faisant un billet s\u00e9par\u00e9 pour chaque participation. <\/em><\/p>\n<p style=\"text-align: justify;\"><em>Il y aura bien s\u00fbr deux RAT, en d\u00e9but du mois: du 11 d\u00e9cembre 21h au 13 d\u00e9cembre minuit avec au minimum une lecture sur le th\u00e8me de l\u2019hiver et\/ou de No\u00ebl et piment\u00e9 cette ann\u00e9e par de petits d\u00e9fis \u00e0 relever tout le long de ce marathon. Puis un second RAT pour cl\u00f4turer le challenge: les 2 et 3 janvier 2021.\u00a0 <\/em><\/p>\n<div id=\"attachment_6254\" style=\"width: 144px\" class=\"wp-caption alignleft\"><img data-recalc-dims=\"1\" loading=\"lazy\" decoding=\"async\" aria-describedby=\"caption-attachment-6254\" data-attachment-id=\"6254\" data-permalink=\"http:\/\/www.jojoenherbe.com\/index.php\/2019\/06\/07\/des-papillons-en-peinture\/papillons-couleurs-primaires-et-secondaires\/\" data-orig-file=\"https:\/\/i0.wp.com\/www.jojoenherbe.com\/wp-content\/uploads\/2019\/06\/Papillons-couleurs-primaires-et-secondaires.jpg?fit=2848%2C2157\" data-orig-size=\"2848,2157\" data-comments-opened=\"1\" data-image-meta=\"{&quot;aperture&quot;:&quot;2.4&quot;,&quot;credit&quot;:&quot;&quot;,&quot;camera&quot;:&quot;iPhone 4S&quot;,&quot;caption&quot;:&quot;&quot;,&quot;created_timestamp&quot;:&quot;1559834848&quot;,&quot;copyright&quot;:&quot;&quot;,&quot;focal_length&quot;:&quot;4.28&quot;,&quot;iso&quot;:&quot;250&quot;,&quot;shutter_speed&quot;:&quot;0.05&quot;,&quot;title&quot;:&quot;&quot;,&quot;orientation&quot;:&quot;1&quot;}\" data-image-title=\"Papillons &amp;#8211; couleurs primaires et secondaires\" data-image-description=\"\" data-image-caption=\"\" data-large-file=\"https:\/\/i0.wp.com\/www.jojoenherbe.com\/wp-content\/uploads\/2019\/06\/Papillons-couleurs-primaires-et-secondaires.jpg?fit=676%2C512\" class=\"lazyloaded wp-image-6254\" src=\"https:\/\/i0.wp.com\/www.laplanquealibellules.fr\/wp-content\/uploads\/sites\/3\/2020\/10\/Screenshot_2020-10-31-8-Nos-Gourmandises-2020.png?resize=134%2C198&#038;ssl=1\" sizes=\"auto, (max-width: 229px) 100vw, 229px\" srcset=\"https:\/\/www.laplanquealibellules.fr\/wp-content\/uploads\/sites\/3\/2020\/10\/Screenshot_2020-10-31-8-Nos-Gourmandises-2020.png 305w, https:\/\/www.laplanquealibellules.fr\/wp-content\/uploads\/sites\/3\/2020\/10\/Screenshot_2020-10-31-8-Nos-Gourmandises-2020-203x300.png 203w\" alt=\"\" width=\"134\" height=\"198\" data-src=\"https:\/\/www.laplanquealibellules.fr\/wp-content\/uploads\/sites\/3\/2020\/10\/Screenshot_2020-10-31-8-Nos-Gourmandises-2020.png\" data-srcset=\"https:\/\/www.laplanquealibellules.fr\/wp-content\/uploads\/sites\/3\/2020\/10\/Screenshot_2020-10-31-8-Nos-Gourmandises-2020.png 305w, https:\/\/www.laplanquealibellules.fr\/wp-content\/uploads\/sites\/3\/2020\/10\/Screenshot_2020-10-31-8-Nos-Gourmandises-2020-203x300.png 203w\" data-sizes=\"(max-width: 229px) 100vw, 229px\" \/><p id=\"caption-attachment-6254\" class=\"wp-caption-text\">Les Gourmandises de No\u00ebl de Syl<\/p><\/div>\n<p style=\"text-align: justify;\"><em>Il faudra aussi compter avec <a href=\"https:\/\/sylectures.wordpress.com\/\">Syl<\/a> avec du bricolage et des d\u00e9corations tous les mardis et avec des gourmandises de No\u00ebl tous les dimanches. J&rsquo;ai d\u00e9j\u00e0 plusieurs id\u00e9es de loisirs cr\u00e9atifs qui viendront compl\u00e9ter nos d\u00e9corations des ann\u00e9es pr\u00e9c\u00e9dentes et ai h\u00e2te de voir les cr\u00e9ations de Syl et d&rsquo;Isabelle. J&rsquo;ai \u00e9galement bien envie de tenter une recette simple de b\u00fbche de No\u00ebl \u00e0 quatre mains.<br \/>\n<\/em><\/p>\n<div style=\"width: 245px\" class=\"wp-caption alignright\"><img data-recalc-dims=\"1\" loading=\"lazy\" decoding=\"async\" src=\"https:\/\/i0.wp.com\/mapetitemediatheque.fr\/wp-content\/uploads\/2018\/11\/contes-de-No%C3%ABl-2-300x166.jpg?resize=235%2C130\" alt=\"\" width=\"235\" height=\"130\" \/><p class=\"wp-caption-text\">Challenge Contes &amp; L\u00e9gendes 2020 de <a href=\"http:\/\/mapetitemediatheque.fr\/2020\/01\/challenge-contes-et-legendes-2020\/\">Bidib<\/a> #Contes nordiques<\/p><\/div>\n<p style=\"text-align: justify;\"><em>Et aussi un inter-challenge avec Bidib qui consacre son challenge Contes et l\u00e9gendes aux \u00ab\u00a0Contes nordiques\u00a0\u00bb pour d\u00e9cembre 2020. L\u00e0 encore, j&rsquo;ai d\u00e9j\u00e0 fait quelques rep\u00e9rages et esp\u00e8re que le confinement finira vite pour aller les r\u00e9cup\u00e9rer \u00e0 la m\u00e9diath\u00e8que.<br \/>\n<\/em><\/p>\n<div style=\"width: 178px\" class=\"wp-caption alignleft\"><img data-recalc-dims=\"1\" loading=\"lazy\" decoding=\"async\" src=\"https:\/\/i0.wp.com\/www.laplanquealibellules.fr\/wp-content\/uploads\/sites\/3\/2020\/11\/1British-mysteries-1024x1024.jpg?resize=168%2C168&#038;ssl=1\" alt=\"\" width=\"168\" height=\"168\" border=\"0\" data-original-height=\"800\" data-original-width=\"800\" \/><p class=\"wp-caption-text\">Challenge British Mysteries for Christmas de Hilde et Lou<\/p><\/div>\n<p style=\"text-align: justify;\"><em>Il y a \u00e9galement des lectures communes qui allient No\u00ebl et myst\u00e8res so british avec un autre inter-challenge les 14 et 21 d\u00e9cembre avec Hilde et Lou et leur Challenge British Mysteries.<\/em><\/p>\n<p style=\"text-align: justify;\"><em>Il est \u00e9galement pr\u00e9vu un programme facultatif que nous allons essayer de suivre le plus possible, m\u00eame si nos lectures seront majoritairement pioch\u00e9es dans la litt\u00e9rature jeunesse.<br \/>\n<\/em><\/p>\n<p><img data-recalc-dims=\"1\" loading=\"lazy\" decoding=\"async\" class=\"wp-image-6260 lazyloaded aligncenter\" src=\"https:\/\/i0.wp.com\/www.laplanquealibellules.fr\/wp-content\/uploads\/sites\/3\/2020\/10\/Calendrier-2020-1024x576.jpg?resize=594%2C334&#038;ssl=1\" sizes=\"auto, (max-width: 1024px) 100vw, 1024px\" srcset=\"https:\/\/www.laplanquealibellules.fr\/wp-content\/uploads\/sites\/3\/2020\/10\/Calendrier-2020-1024x576.jpg 1024w, https:\/\/www.laplanquealibellules.fr\/wp-content\/uploads\/sites\/3\/2020\/10\/Calendrier-2020-300x169.jpg 300w, https:\/\/www.laplanquealibellules.fr\/wp-content\/uploads\/sites\/3\/2020\/10\/Calendrier-2020-768x432.jpg 768w, https:\/\/www.laplanquealibellules.fr\/wp-content\/uploads\/sites\/3\/2020\/10\/Calendrier-2020.jpg 1366w\" alt=\"\" width=\"594\" height=\"334\" data-src=\"https:\/\/www.laplanquealibellules.fr\/wp-content\/uploads\/sites\/3\/2020\/10\/Calendrier-2020-1024x576.jpg\" data-srcset=\"https:\/\/www.laplanquealibellules.fr\/wp-content\/uploads\/sites\/3\/2020\/10\/Calendrier-2020-1024x576.jpg 1024w, https:\/\/www.laplanquealibellules.fr\/wp-content\/uploads\/sites\/3\/2020\/10\/Calendrier-2020-300x169.jpg 300w, https:\/\/www.laplanquealibellules.fr\/wp-content\/uploads\/sites\/3\/2020\/10\/Calendrier-2020-768x432.jpg 768w, https:\/\/www.laplanquealibellules.fr\/wp-content\/uploads\/sites\/3\/2020\/10\/Calendrier-2020.jpg 1366w\" data-sizes=\"(max-width: 1024px) 100vw, 1024px\" \/><\/p>\n<p style=\"text-align: justify;\"><em>D\u00e8s la mi-novembre, nous avons install\u00e9 notre sapin de No\u00ebl et nos d\u00e9corations. Nous nous sommes aussi replong\u00e9s dans nos lectures de No\u00ebl. Alors bien que nous ne soyons pas encore au d\u00e9but de ce challenge, je commence quand m\u00eame \u00e0 pr\u00e9senter des albums jeunesse.<\/em><\/p>\n<ul>\n<li style=\"text-align: justify;\"><em><a href=\"https:\/\/i0.wp.com\/www.jojoenherbe.com\/wp-content\/uploads\/2020\/11\/Quand-tombe-la-neige-2-scaled.jpg\"><img data-recalc-dims=\"1\" loading=\"lazy\" decoding=\"async\" data-attachment-id=\"14084\" data-permalink=\"http:\/\/www.jojoenherbe.com\/index.php\/2020\/11\/25\/au-fil-des-pages-avec-quand-tombe-la-neige\/quand-tombe-la-neige-2\/\" data-orig-file=\"https:\/\/i0.wp.com\/www.jojoenherbe.com\/wp-content\/uploads\/2020\/11\/Quand-tombe-la-neige-2-scaled.jpg?fit=2560%2C2164\" data-orig-size=\"2560,2164\" data-comments-opened=\"1\" data-image-meta=\"{&quot;aperture&quot;:&quot;1.8&quot;,&quot;credit&quot;:&quot;&quot;,&quot;camera&quot;:&quot;iPhone 7&quot;,&quot;caption&quot;:&quot;&quot;,&quot;created_timestamp&quot;:&quot;1606310321&quot;,&quot;copyright&quot;:&quot;&quot;,&quot;focal_length&quot;:&quot;3.99&quot;,&quot;iso&quot;:&quot;32&quot;,&quot;shutter_speed&quot;:&quot;0.03030303030303&quot;,&quot;title&quot;:&quot;&quot;,&quot;orientation&quot;:&quot;1&quot;}\" data-image-title=\"Quand tombe la neige 2\" data-image-description=\"\" data-image-caption=\"\" data-large-file=\"https:\/\/i0.wp.com\/www.jojoenherbe.com\/wp-content\/uploads\/2020\/11\/Quand-tombe-la-neige-2-scaled.jpg?fit=676%2C572\" class=\"alignleft size-thumbnail wp-image-14084\" src=\"https:\/\/i0.wp.com\/www.jojoenherbe.com\/wp-content\/uploads\/2020\/11\/Quand-tombe-la-neige-2.jpg?resize=150%2C150\" alt=\"\" width=\"150\" height=\"150\" srcset=\"https:\/\/i0.wp.com\/www.jojoenherbe.com\/wp-content\/uploads\/2020\/11\/Quand-tombe-la-neige-2-scaled.jpg?resize=150%2C150 150w, https:\/\/i0.wp.com\/www.jojoenherbe.com\/wp-content\/uploads\/2020\/11\/Quand-tombe-la-neige-2-scaled.jpg?zoom=2&amp;resize=150%2C150 300w, https:\/\/i0.wp.com\/www.jojoenherbe.com\/wp-content\/uploads\/2020\/11\/Quand-tombe-la-neige-2-scaled.jpg?zoom=3&amp;resize=150%2C150 450w\" sizes=\"auto, (max-width: 150px) 100vw, 150px\" \/><\/a>Album jeunesse: <a href=\"http:\/\/www.jojoenherbe.com\/index.php\/2020\/11\/25\/au-fil-des-pages-avec-quand-tombe-la-neige\/\"><span style=\"text-decoration: underline;\">Quand tombe la neige<\/span><\/a> de Richard Collingridge (\u00e9d. Albin Michel Jeunesse, 2013), un album jeunesse \u00e0 partir de 4 ans<\/em><\/li>\n<li style=\"text-align: justify;\"><em><a href=\"https:\/\/i0.wp.com\/www.jojoenherbe.com\/wp-content\/uploads\/2020\/11\/La-longue-marche-des-doudous-scaled.jpg\"><img data-recalc-dims=\"1\" loading=\"lazy\" decoding=\"async\" data-attachment-id=\"14122\" data-permalink=\"http:\/\/www.jojoenherbe.com\/index.php\/2020\/11\/30\/au-fil-des-pages-avec-la-longue-marche-des-doudous\/la-longue-marche-des-doudous\/\" data-orig-file=\"https:\/\/i0.wp.com\/www.jojoenherbe.com\/wp-content\/uploads\/2020\/11\/La-longue-marche-des-doudous-scaled.jpg?fit=2560%2C1920\" data-orig-size=\"2560,1920\" data-comments-opened=\"1\" data-image-meta=\"{&quot;aperture&quot;:&quot;1.8&quot;,&quot;credit&quot;:&quot;&quot;,&quot;camera&quot;:&quot;iPhone 7&quot;,&quot;caption&quot;:&quot;&quot;,&quot;created_timestamp&quot;:&quot;1606488182&quot;,&quot;copyright&quot;:&quot;&quot;,&quot;focal_length&quot;:&quot;3.99&quot;,&quot;iso&quot;:&quot;40&quot;,&quot;shutter_speed&quot;:&quot;0.058823529411765&quot;,&quot;title&quot;:&quot;&quot;,&quot;orientation&quot;:&quot;1&quot;}\" data-image-title=\"La longue marche des doudous\" data-image-description=\"\" data-image-caption=\"\" data-large-file=\"https:\/\/i0.wp.com\/www.jojoenherbe.com\/wp-content\/uploads\/2020\/11\/La-longue-marche-des-doudous-scaled.jpg?fit=676%2C507\" class=\"alignright wp-image-14122 size-thumbnail\" src=\"https:\/\/i0.wp.com\/www.jojoenherbe.com\/wp-content\/uploads\/2020\/11\/La-longue-marche-des-doudous.jpg?resize=150%2C150\" alt=\"\" width=\"150\" height=\"150\" srcset=\"https:\/\/i0.wp.com\/www.jojoenherbe.com\/wp-content\/uploads\/2020\/11\/La-longue-marche-des-doudous-scaled.jpg?resize=150%2C150 150w, https:\/\/i0.wp.com\/www.jojoenherbe.com\/wp-content\/uploads\/2020\/11\/La-longue-marche-des-doudous-scaled.jpg?zoom=2&amp;resize=150%2C150 300w, https:\/\/i0.wp.com\/www.jojoenherbe.com\/wp-content\/uploads\/2020\/11\/La-longue-marche-des-doudous-scaled.jpg?zoom=3&amp;resize=150%2C150 450w\" sizes=\"auto, (max-width: 150px) 100vw, 150px\" \/><\/a>Album jeunesse:<\/em> <em><span class=\"\" title=\"Modifi\u00e9\"><a href=\"http:\/\/www.jojoenherbe.com\/index.php\/2020\/11\/30\/au-fil-des-pages-avec-la-longue-marche-des-doudous\/\"><span style=\"text-decoration: underline;\">La longue marche des doudous<\/span><\/a> de Claire Cle\u0301ment et Genevie\u0300ve Godbout (\u00e9d. Milan Jeunesse, 2012), un album jeunesse a\u0300 partir de 3 ans<\/span><\/em><\/li>\n<\/ul>\n<p style=\"text-align: justify;\"><em>Ce lundi 30 novembre 2020 d\u00e9bute v\u00e9ritablement le challenge \u00ab\u00a0Il \u00e9tait 8 fois No\u00ebl\u00a0\u00bb avec une pr\u00e9sentation de notre PAL qui sera en fait une deuxi\u00e8me s\u00e9lection d&rsquo;albums jeunesse que j&rsquo;ai pu emprunter \u00e0 la m\u00e9diath\u00e8que la semaine derni\u00e8re en attendant de d\u00e9couvrir ceux gliss\u00e9s dans le calendrier de l&rsquo;Avent.<\/em><\/p>\n<ul>\n<li style=\"text-align: justify;\"><em><a href=\"https:\/\/i0.wp.com\/www.jojoenherbe.com\/wp-content\/uploads\/2020\/11\/PAL-Noel-2020-2-1-scaled.jpg\"><img data-recalc-dims=\"1\" loading=\"lazy\" decoding=\"async\" data-attachment-id=\"14141\" data-permalink=\"http:\/\/www.jojoenherbe.com\/index.php\/2020\/11\/30\/notre-pal-albums-jeunesse-de-noel-2020-2\/pal-noel-2020-2-2\/\" data-orig-file=\"https:\/\/i0.wp.com\/www.jojoenherbe.com\/wp-content\/uploads\/2020\/11\/PAL-Noel-2020-2-1-scaled.jpg?fit=2560%2C1920\" data-orig-size=\"2560,1920\" data-comments-opened=\"1\" data-image-meta=\"{&quot;aperture&quot;:&quot;1.8&quot;,&quot;credit&quot;:&quot;&quot;,&quot;camera&quot;:&quot;iPhone 7&quot;,&quot;caption&quot;:&quot;&quot;,&quot;created_timestamp&quot;:&quot;1606486411&quot;,&quot;copyright&quot;:&quot;&quot;,&quot;focal_length&quot;:&quot;3.99&quot;,&quot;iso&quot;:&quot;32&quot;,&quot;shutter_speed&quot;:&quot;0.03030303030303&quot;,&quot;title&quot;:&quot;&quot;,&quot;orientation&quot;:&quot;1&quot;}\" data-image-title=\"PAL No\u00ebl 2020 (2)\" data-image-description=\"\" data-image-caption=\"\" data-large-file=\"https:\/\/i0.wp.com\/www.jojoenherbe.com\/wp-content\/uploads\/2020\/11\/PAL-Noel-2020-2-1-scaled.jpg?fit=676%2C507\" class=\"alignleft wp-image-14141 size-thumbnail\" src=\"https:\/\/i0.wp.com\/www.jojoenherbe.com\/wp-content\/uploads\/2020\/11\/PAL-Noel-2020-2-1.jpg?resize=150%2C150\" alt=\"\" width=\"150\" height=\"150\" srcset=\"https:\/\/i0.wp.com\/www.jojoenherbe.com\/wp-content\/uploads\/2020\/11\/PAL-Noel-2020-2-1-scaled.jpg?resize=150%2C150 150w, https:\/\/i0.wp.com\/www.jojoenherbe.com\/wp-content\/uploads\/2020\/11\/PAL-Noel-2020-2-1-scaled.jpg?zoom=2&amp;resize=150%2C150 300w, https:\/\/i0.wp.com\/www.jojoenherbe.com\/wp-content\/uploads\/2020\/11\/PAL-Noel-2020-2-1-scaled.jpg?zoom=3&amp;resize=150%2C150 450w\" sizes=\"auto, (max-width: 150px) 100vw, 150px\" \/><\/a>30 novembre: <a href=\"http:\/\/www.jojoenherbe.com\/index.php\/2020\/11\/30\/notre-pal-albums-jeunesse-de-noel-2020-2\/\">pr\u00e9sentation de notre PAL<\/a><\/em><\/li>\n<li style=\"text-align: justify;\"><em><a href=\"https:\/\/i0.wp.com\/www.jojoenherbe.com\/wp-content\/uploads\/2020\/12\/Calendriers-de-Noel-scaled.jpg\"><img data-recalc-dims=\"1\" loading=\"lazy\" decoding=\"async\" data-attachment-id=\"14167\" data-permalink=\"http:\/\/www.jojoenherbe.com\/index.php\/2020\/12\/01\/notre-calendrier-de-noel-livresque-2020\/calendriers-de-noel\/\" data-orig-file=\"https:\/\/i0.wp.com\/www.jojoenherbe.com\/wp-content\/uploads\/2020\/12\/Calendriers-de-Noel-scaled.jpg?fit=2560%2C2289\" data-orig-size=\"2560,2289\" data-comments-opened=\"1\" data-image-meta=\"{&quot;aperture&quot;:&quot;1.8&quot;,&quot;credit&quot;:&quot;&quot;,&quot;camera&quot;:&quot;iPhone 7&quot;,&quot;caption&quot;:&quot;&quot;,&quot;created_timestamp&quot;:&quot;1606830779&quot;,&quot;copyright&quot;:&quot;&quot;,&quot;focal_length&quot;:&quot;3.99&quot;,&quot;iso&quot;:&quot;40&quot;,&quot;shutter_speed&quot;:&quot;0.04&quot;,&quot;title&quot;:&quot;&quot;,&quot;orientation&quot;:&quot;1&quot;}\" data-image-title=\"Calendriers de No\u00ebl\" data-image-description=\"\" data-image-caption=\"\" data-large-file=\"https:\/\/i0.wp.com\/www.jojoenherbe.com\/wp-content\/uploads\/2020\/12\/Calendriers-de-Noel-scaled.jpg?fit=676%2C604\" class=\"size-thumbnail wp-image-14167 alignright\" src=\"https:\/\/i0.wp.com\/www.jojoenherbe.com\/wp-content\/uploads\/2020\/12\/Calendriers-de-Noel.jpg?resize=150%2C150\" alt=\"\" width=\"150\" height=\"150\" srcset=\"https:\/\/i0.wp.com\/www.jojoenherbe.com\/wp-content\/uploads\/2020\/12\/Calendriers-de-Noel-scaled.jpg?resize=150%2C150 150w, https:\/\/i0.wp.com\/www.jojoenherbe.com\/wp-content\/uploads\/2020\/12\/Calendriers-de-Noel-scaled.jpg?zoom=2&amp;resize=150%2C150 300w, https:\/\/i0.wp.com\/www.jojoenherbe.com\/wp-content\/uploads\/2020\/12\/Calendriers-de-Noel-scaled.jpg?zoom=3&amp;resize=150%2C150 450w\" sizes=\"auto, (max-width: 150px) 100vw, 150px\" \/><\/a>1er d\u00e9cembre: ouverture de la premi\u00e8re case du calendrier de l&rsquo;Avent: <a href=\"http:\/\/www.jojoenherbe.com\/index.php\/2020\/12\/01\/notre-calendrier-de-noel-livresque-2020\/\">notre calendrier de No\u00ebl livresque<\/a><br \/>\n<\/em><\/li>\n<li style=\"text-align: justify;\"><em><a href=\"https:\/\/i0.wp.com\/www.jojoenherbe.com\/wp-content\/uploads\/2020\/12\/23-decembre-scaled.jpg\"><img data-recalc-dims=\"1\" loading=\"lazy\" decoding=\"async\" data-attachment-id=\"14182\" data-permalink=\"http:\/\/www.jojoenherbe.com\/index.php\/2020\/12\/01\/au-fil-des-pages-avec-23-decembre\/23-decembre-4\/\" data-orig-file=\"https:\/\/i0.wp.com\/www.jojoenherbe.com\/wp-content\/uploads\/2020\/12\/23-decembre-scaled.jpg?fit=2560%2C1920\" data-orig-size=\"2560,1920\" data-comments-opened=\"1\" data-image-meta=\"{&quot;aperture&quot;:&quot;1.8&quot;,&quot;credit&quot;:&quot;&quot;,&quot;camera&quot;:&quot;iPhone 7&quot;,&quot;caption&quot;:&quot;&quot;,&quot;created_timestamp&quot;:&quot;1606836156&quot;,&quot;copyright&quot;:&quot;&quot;,&quot;focal_length&quot;:&quot;3.99&quot;,&quot;iso&quot;:&quot;100&quot;,&quot;shutter_speed&quot;:&quot;0.25&quot;,&quot;title&quot;:&quot;&quot;,&quot;orientation&quot;:&quot;1&quot;}\" data-image-title=\"23 d\u00e9cembre\" data-image-description=\"\" data-image-caption=\"\" data-large-file=\"https:\/\/i0.wp.com\/www.jojoenherbe.com\/wp-content\/uploads\/2020\/12\/23-decembre-scaled.jpg?fit=676%2C507\" class=\"alignleft size-thumbnail wp-image-14182\" src=\"https:\/\/i0.wp.com\/www.jojoenherbe.com\/wp-content\/uploads\/2020\/12\/23-decembre.jpg?resize=150%2C150\" alt=\"\" width=\"150\" height=\"150\" srcset=\"https:\/\/i0.wp.com\/www.jojoenherbe.com\/wp-content\/uploads\/2020\/12\/23-decembre-scaled.jpg?resize=150%2C150 150w, https:\/\/i0.wp.com\/www.jojoenherbe.com\/wp-content\/uploads\/2020\/12\/23-decembre-scaled.jpg?zoom=2&amp;resize=150%2C150 300w, https:\/\/i0.wp.com\/www.jojoenherbe.com\/wp-content\/uploads\/2020\/12\/23-decembre-scaled.jpg?zoom=3&amp;resize=150%2C150 450w\" sizes=\"auto, (max-width: 150px) 100vw, 150px\" \/><\/a>Album jeunesse: <a href=\"http:\/\/www.jojoenherbe.com\/index.php\/2020\/12\/01\/au-fil-des-pages-avec-23-decembre\/\"><span style=\"text-decoration: underline;\">23 d\u00e9cembre<\/span><\/a> de Michel Gay (\u00e9d. L\u2019\u00e9cole des loisirs, 2000), un album jeunesse \u00e0 partir de 3 ans, une petite fille partant r\u00e9cup\u00e9rer un sapin de No\u00ebl avec trois petits chatons espi\u00e8gles.<\/em><\/li>\n<\/ul>\n<div id=\"attachment_30826\" style=\"width: 146px\" class=\"wp-caption alignright\"><img loading=\"lazy\" decoding=\"async\" aria-describedby=\"caption-attachment-30826\" class=\"wp-image-30826\" src=\"https:\/\/sylectures.files.wordpress.com\/2019\/11\/logo-ateliernoc3abl19.jpg?w=193&#038;h=239&#038;resize=136%2C170&#038;fit=193%2C239\" sizes=\"auto, (max-width: 193px) 100vw, 193px\" srcset=\"https:\/\/sylectures.files.wordpress.com\/2019\/11\/logo-ateliernoc3abl19.jpg?w=193&amp;h=239&amp;resize=158%2C197&amp;resize=136%2C170 193w, https:\/\/sylectures.files.wordpress.com\/2019\/11\/logo-ateliernoc3abl19.jpg?w=120&amp;h=150 120w, https:\/\/sylectures.files.wordpress.com\/2019\/11\/logo-ateliernoc3abl19.jpg?w=241&amp;h=300 241w\" alt=\"\" width=\"136\" height=\"170\" aria-describedby=\"caption-attachment-30826\" data-attachment-id=\"30826\" data-permalink=\"https:\/\/sylectures.wordpress.com\/?attachment_id=30826\" data-orig-file=\"https:\/\/sylectures.files.wordpress.com\/2019\/11\/logo-ateliernoc3abl19.jpg\" data-orig-size=\"481,600\" data-comments-opened=\"1\" data-image-meta=\"{&quot;aperture&quot;:&quot;0&quot;,&quot;credit&quot;:&quot;&quot;,&quot;camera&quot;:&quot;&quot;,&quot;caption&quot;:&quot;&quot;,&quot;created_timestamp&quot;:&quot;0&quot;,&quot;copyright&quot;:&quot;&quot;,&quot;focal_length&quot;:&quot;0&quot;,&quot;iso&quot;:&quot;0&quot;,&quot;shutter_speed&quot;:&quot;0&quot;,&quot;title&quot;:&quot;&quot;,&quot;orientation&quot;:&quot;0&quot;}\" data-image-title=\"Logo atelierNo\u00ebl19\" data-image-description=\"\" data-medium-file=\"https:\/\/sylectures.files.wordpress.com\/2019\/11\/logo-ateliernoc3abl19.jpg?w=241\" data-large-file=\"https:\/\/sylectures.files.wordpress.com\/2019\/11\/logo-ateliernoc3abl19.jpg?w=481\" data-recalc-dims=\"1\" \/><p id=\"caption-attachment-30826\" class=\"wp-caption-text\">L&rsquo;Atelier de No\u00ebl de <a href=\"https:\/\/sylectures.wordpress.com\/2020\/12\/01\/des-sapins-sur-un-coussin\/\">Syl<\/a><\/p><\/div>\n<p style=\"text-align: justify;\"><em><a href=\"https:\/\/i0.wp.com\/www.jojoenherbe.com\/wp-content\/uploads\/2020\/12\/Figurines-lutins-de-Noel-DIY-4-scaled.jpg\"><img data-recalc-dims=\"1\" loading=\"lazy\" decoding=\"async\" data-attachment-id=\"14160\" data-permalink=\"http:\/\/www.jojoenherbe.com\/index.php\/2020\/12\/01\/des-lutins-de-noel-diy\/figurines-lutins-de-noel-diy-4\/\" data-orig-file=\"https:\/\/i0.wp.com\/www.jojoenherbe.com\/wp-content\/uploads\/2020\/12\/Figurines-lutins-de-Noel-DIY-4-scaled.jpg?fit=2560%2C1679\" data-orig-size=\"2560,1679\" data-comments-opened=\"1\" data-image-meta=\"{&quot;aperture&quot;:&quot;1.8&quot;,&quot;credit&quot;:&quot;&quot;,&quot;camera&quot;:&quot;iPhone 7&quot;,&quot;caption&quot;:&quot;&quot;,&quot;created_timestamp&quot;:&quot;1606820757&quot;,&quot;copyright&quot;:&quot;&quot;,&quot;focal_length&quot;:&quot;3.99&quot;,&quot;iso&quot;:&quot;32&quot;,&quot;shutter_speed&quot;:&quot;0.04&quot;,&quot;title&quot;:&quot;&quot;,&quot;orientation&quot;:&quot;1&quot;}\" data-image-title=\"Figurines lutins de No\u00ebl DIY 4\" data-image-description=\"\" data-image-caption=\"\" data-large-file=\"https:\/\/i0.wp.com\/www.jojoenherbe.com\/wp-content\/uploads\/2020\/12\/Figurines-lutins-de-Noel-DIY-4-scaled.jpg?fit=676%2C443\" class=\"size-thumbnail wp-image-14160 alignright\" src=\"https:\/\/i0.wp.com\/www.jojoenherbe.com\/wp-content\/uploads\/2020\/12\/Figurines-lutins-de-Noel-DIY-4.jpg?resize=150%2C150\" alt=\"\" width=\"150\" height=\"150\" srcset=\"https:\/\/i0.wp.com\/www.jojoenherbe.com\/wp-content\/uploads\/2020\/12\/Figurines-lutins-de-Noel-DIY-4-scaled.jpg?resize=150%2C150 150w, https:\/\/i0.wp.com\/www.jojoenherbe.com\/wp-content\/uploads\/2020\/12\/Figurines-lutins-de-Noel-DIY-4-scaled.jpg?zoom=2&amp;resize=150%2C150 300w, https:\/\/i0.wp.com\/www.jojoenherbe.com\/wp-content\/uploads\/2020\/12\/Figurines-lutins-de-Noel-DIY-4-scaled.jpg?zoom=3&amp;resize=150%2C150 450w\" sizes=\"auto, (max-width: 150px) 100vw, 150px\" \/><\/a>Ce 1er d\u00e9cembre 2020, c&rsquo;est aussi le premier Atelier bricolage de Syl avec nos <a href=\"http:\/\/www.jojoenherbe.com\/index.php\/2020\/12\/01\/des-lutins-de-noel-diy\/\">petits lutins de No\u00ebl<\/a> DIY fait sur le m\u00eame principe que nos sorci\u00e8res d&rsquo;Halloween, \u00e0 partir de figurine de bois et avec de la feutrine, de la laine et des sequins mais aussi du fil et de la colle.<\/em><\/p>\n<ul>\n<li style=\"text-align: justify;\"><em><a href=\"https:\/\/i0.wp.com\/www.jojoenherbe.com\/wp-content\/uploads\/2019\/12\/Un-toit-pour-Noel-scaled.jpg\"><img data-recalc-dims=\"1\" loading=\"lazy\" decoding=\"async\" data-attachment-id=\"14210\" data-permalink=\"http:\/\/www.jojoenherbe.com\/index.php\/2019\/12\/18\/au-fil-des-pages-avec-plume-et-les-cadeaux-de-noel\/un-toit-pour-noel\/\" data-orig-file=\"https:\/\/i0.wp.com\/www.jojoenherbe.com\/wp-content\/uploads\/2019\/12\/Un-toit-pour-Noel-scaled.jpg?fit=2560%2C1920\" data-orig-size=\"2560,1920\" data-comments-opened=\"1\" data-image-meta=\"{&quot;aperture&quot;:&quot;1.8&quot;,&quot;credit&quot;:&quot;&quot;,&quot;camera&quot;:&quot;iPhone 7&quot;,&quot;caption&quot;:&quot;&quot;,&quot;created_timestamp&quot;:&quot;1606912510&quot;,&quot;copyright&quot;:&quot;&quot;,&quot;focal_length&quot;:&quot;3.99&quot;,&quot;iso&quot;:&quot;80&quot;,&quot;shutter_speed&quot;:&quot;0.058823529411765&quot;,&quot;title&quot;:&quot;&quot;,&quot;orientation&quot;:&quot;1&quot;}\" data-image-title=\"Un toit pour No\u00ebl\" data-image-description=\"\" data-image-caption=\"\" data-large-file=\"https:\/\/i0.wp.com\/www.jojoenherbe.com\/wp-content\/uploads\/2019\/12\/Un-toit-pour-Noel-scaled.jpg?fit=676%2C507\" class=\"alignleft size-thumbnail wp-image-14210\" src=\"https:\/\/i0.wp.com\/www.jojoenherbe.com\/wp-content\/uploads\/2019\/12\/Un-toit-pour-Noel.jpg?resize=150%2C150\" alt=\"\" width=\"150\" height=\"150\" srcset=\"https:\/\/i0.wp.com\/www.jojoenherbe.com\/wp-content\/uploads\/2019\/12\/Un-toit-pour-Noel-scaled.jpg?resize=150%2C150 150w, https:\/\/i0.wp.com\/www.jojoenherbe.com\/wp-content\/uploads\/2019\/12\/Un-toit-pour-Noel-scaled.jpg?zoom=2&amp;resize=150%2C150 300w, https:\/\/i0.wp.com\/www.jojoenherbe.com\/wp-content\/uploads\/2019\/12\/Un-toit-pour-Noel-scaled.jpg?zoom=3&amp;resize=150%2C150 450w\" sizes=\"auto, (max-width: 150px) 100vw, 150px\" \/><\/a>2 d\u00e9cembre\/Album jeunesse autour de No\u00ebl et de l&rsquo;hiver: <a href=\"http:\/\/www.jojoenherbe.com\/index.php\/2020\/12\/02\/au-fil-des-pages-avec-un-toit-pour-noel\/\"><span style=\"text-decoration: underline;\">Un toit pour No\u00ebl<\/span><\/a> de Rebecca Harry (\u00e9d. Gr\u00fcnd, 2020), un album jeunesse \u00e0 partir de 3 ans<\/em><\/li>\n<li style=\"text-align: justify;\"><em>4 d\u00e9cembre: nos listes de cadeaux pour nos proches ou nous-m\u00eames<\/em><\/li>\n<li style=\"text-align: justify;\"><em><a href=\"https:\/\/i0.wp.com\/www.jojoenherbe.com\/wp-content\/uploads\/2020\/12\/Cher-Pere-Noel-scaled.jpg\"><img data-recalc-dims=\"1\" loading=\"lazy\" decoding=\"async\" data-attachment-id=\"14323\" data-permalink=\"http:\/\/www.jojoenherbe.com\/index.php\/2020\/12\/04\/au-fil-des-pages-avec-cher-pere-noel\/cher-pere-noel\/\" data-orig-file=\"https:\/\/i0.wp.com\/www.jojoenherbe.com\/wp-content\/uploads\/2020\/12\/Cher-Pere-Noel-scaled.jpg?fit=2560%2C1776\" data-orig-size=\"2560,1776\" data-comments-opened=\"1\" data-image-meta=\"{&quot;aperture&quot;:&quot;1.8&quot;,&quot;credit&quot;:&quot;&quot;,&quot;camera&quot;:&quot;iPhone 7&quot;,&quot;caption&quot;:&quot;&quot;,&quot;created_timestamp&quot;:&quot;1607080333&quot;,&quot;copyright&quot;:&quot;&quot;,&quot;focal_length&quot;:&quot;3.99&quot;,&quot;iso&quot;:&quot;100&quot;,&quot;shutter_speed&quot;:&quot;0.25&quot;,&quot;title&quot;:&quot;&quot;,&quot;orientation&quot;:&quot;1&quot;}\" data-image-title=\"Cher P\u00e8re No\u00ebl\" data-image-description=\"\" data-image-caption=\"\" data-large-file=\"https:\/\/i0.wp.com\/www.jojoenherbe.com\/wp-content\/uploads\/2020\/12\/Cher-Pere-Noel-scaled.jpg?fit=676%2C469\" class=\"size-thumbnail wp-image-14323 alignright\" src=\"https:\/\/i0.wp.com\/www.jojoenherbe.com\/wp-content\/uploads\/2020\/12\/Cher-Pere-Noel.jpg?resize=150%2C150\" alt=\"\" width=\"150\" height=\"150\" srcset=\"https:\/\/i0.wp.com\/www.jojoenherbe.com\/wp-content\/uploads\/2020\/12\/Cher-Pere-Noel-scaled.jpg?resize=150%2C150 150w, https:\/\/i0.wp.com\/www.jojoenherbe.com\/wp-content\/uploads\/2020\/12\/Cher-Pere-Noel-scaled.jpg?zoom=2&amp;resize=150%2C150 300w, https:\/\/i0.wp.com\/www.jojoenherbe.com\/wp-content\/uploads\/2020\/12\/Cher-Pere-Noel-scaled.jpg?zoom=3&amp;resize=150%2C150 450w\" sizes=\"auto, (max-width: 150px) 100vw, 150px\" \/><\/a>Album jeunesse: <a href=\"http:\/\/www.jojoenherbe.com\/index.php\/2020\/12\/04\/au-fil-des-pages-avec-cher-pere-noel\/\"><span style=\"text-decoration: underline;\">Cher P\u00e8re No\u00ebl<\/span><\/a> d\u2019Emma Yarlett (\u00e9d. Albin Michel Jeunesse, 2020), un album jeunesse cartonn\u00e9 \u00e0 flaps \u00e0 partir de 4 ans<\/em><\/li>\n<li style=\"text-align: justify;\"><em><a href=\"https:\/\/i0.wp.com\/www.jojoenherbe.com\/wp-content\/uploads\/2020\/12\/Le-Noel-enchante-de-Noisette-scaled.jpg\"><img data-recalc-dims=\"1\" loading=\"lazy\" decoding=\"async\" data-attachment-id=\"14268\" data-permalink=\"http:\/\/www.jojoenherbe.com\/index.php\/2020\/12\/05\/au-fil-des-pages-avec-le-noel-enchante-de-noisette\/le-noel-enchante-de-noisette\/\" data-orig-file=\"https:\/\/i0.wp.com\/www.jojoenherbe.com\/wp-content\/uploads\/2020\/12\/Le-Noel-enchante-de-Noisette-scaled.jpg?fit=2560%2C2221\" data-orig-size=\"2560,2221\" data-comments-opened=\"1\" data-image-meta=\"{&quot;aperture&quot;:&quot;1.8&quot;,&quot;credit&quot;:&quot;&quot;,&quot;camera&quot;:&quot;iPhone 7&quot;,&quot;caption&quot;:&quot;&quot;,&quot;created_timestamp&quot;:&quot;1606487580&quot;,&quot;copyright&quot;:&quot;&quot;,&quot;focal_length&quot;:&quot;3.99&quot;,&quot;iso&quot;:&quot;40&quot;,&quot;shutter_speed&quot;:&quot;0.03030303030303&quot;,&quot;title&quot;:&quot;&quot;,&quot;orientation&quot;:&quot;1&quot;}\" data-image-title=\"Le No\u00ebl enchant\u00e9 de Noisette\" data-image-description=\"\" data-image-caption=\"\" data-large-file=\"https:\/\/i0.wp.com\/www.jojoenherbe.com\/wp-content\/uploads\/2020\/12\/Le-Noel-enchante-de-Noisette-scaled.jpg?fit=676%2C586\" class=\"size-thumbnail wp-image-14268 alignleft\" src=\"https:\/\/i0.wp.com\/www.jojoenherbe.com\/wp-content\/uploads\/2020\/12\/Le-Noel-enchante-de-Noisette.jpg?resize=150%2C150\" alt=\"\" width=\"150\" height=\"150\" srcset=\"https:\/\/i0.wp.com\/www.jojoenherbe.com\/wp-content\/uploads\/2020\/12\/Le-Noel-enchante-de-Noisette-scaled.jpg?resize=150%2C150 150w, https:\/\/i0.wp.com\/www.jojoenherbe.com\/wp-content\/uploads\/2020\/12\/Le-Noel-enchante-de-Noisette-scaled.jpg?zoom=2&amp;resize=150%2C150 300w, https:\/\/i0.wp.com\/www.jojoenherbe.com\/wp-content\/uploads\/2020\/12\/Le-Noel-enchante-de-Noisette-scaled.jpg?zoom=3&amp;resize=150%2C150 450w\" sizes=\"auto, (max-width: 150px) 100vw, 150px\" \/><\/a>Album jeunesse: <a href=\"http:\/\/www.jojoenherbe.com\/index.php\/2020\/12\/05\/au-fil-des-pages-avec-le-noel-enchante-de-noisette\/\"><span style=\"text-decoration: underline;\">Le No\u00ebl enchant\u00e9 de Noisette<\/span><\/a> de Timothy Knapman et Rebecca Harry (\u00e9d. Gr\u00fcnd, 2016), un album jeunesse \u00e0 partir de 3 ans.<\/em><\/li>\n<\/ul>\n<p style=\"text-align: justify;\"><em><a href=\"https:\/\/i0.wp.com\/www.jojoenherbe.com\/wp-content\/uploads\/2020\/12\/Au-revoir-lautomne-bonjour-lhiver-scaled.jpg\"><img data-recalc-dims=\"1\" loading=\"lazy\" decoding=\"async\" data-attachment-id=\"14245\" data-permalink=\"http:\/\/www.jojoenherbe.com\/index.php\/2020\/12\/03\/au-fil-des-pages-avec-au-revoir-lautomne-bonjour-lhiver\/au-revoir-lautomne-bonjour-lhiver\/\" data-orig-file=\"https:\/\/i0.wp.com\/www.jojoenherbe.com\/wp-content\/uploads\/2020\/12\/Au-revoir-lautomne-bonjour-lhiver-scaled.jpg?fit=2560%2C1655\" data-orig-size=\"2560,1655\" data-comments-opened=\"1\" data-image-meta=\"{&quot;aperture&quot;:&quot;1.8&quot;,&quot;credit&quot;:&quot;&quot;,&quot;camera&quot;:&quot;iPhone 7&quot;,&quot;caption&quot;:&quot;&quot;,&quot;created_timestamp&quot;:&quot;1606989890&quot;,&quot;copyright&quot;:&quot;&quot;,&quot;focal_length&quot;:&quot;3.99&quot;,&quot;iso&quot;:&quot;100&quot;,&quot;shutter_speed&quot;:&quot;0.058823529411765&quot;,&quot;title&quot;:&quot;&quot;,&quot;orientation&quot;:&quot;1&quot;}\" data-image-title=\"Au revoir l&amp;rsquo;automne, bonjour l&amp;rsquo;hiver\" data-image-description=\"\" data-image-caption=\"\" data-large-file=\"https:\/\/i0.wp.com\/www.jojoenherbe.com\/wp-content\/uploads\/2020\/12\/Au-revoir-lautomne-bonjour-lhiver-scaled.jpg?fit=676%2C437\" class=\"size-thumbnail wp-image-14245 alignright\" src=\"https:\/\/i0.wp.com\/www.jojoenherbe.com\/wp-content\/uploads\/2020\/12\/Au-revoir-lautomne-bonjour-lhiver.jpg?resize=150%2C150\" alt=\"\" width=\"150\" height=\"150\" srcset=\"https:\/\/i0.wp.com\/www.jojoenherbe.com\/wp-content\/uploads\/2020\/12\/Au-revoir-lautomne-bonjour-lhiver-scaled.jpg?resize=150%2C150 150w, https:\/\/i0.wp.com\/www.jojoenherbe.com\/wp-content\/uploads\/2020\/12\/Au-revoir-lautomne-bonjour-lhiver-scaled.jpg?zoom=2&amp;resize=150%2C150 300w, https:\/\/i0.wp.com\/www.jojoenherbe.com\/wp-content\/uploads\/2020\/12\/Au-revoir-lautomne-bonjour-lhiver-scaled.jpg?zoom=3&amp;resize=150%2C150 450w\" sizes=\"auto, (max-width: 150px) 100vw, 150px\" \/><\/a>En ce 7 d\u00e9cembre 2020, nous continuons de d\u00e9couvrir chaque matin ce qui se cache sous nos cases du jour et nos (re)lectures de No\u00ebl mais aussi de l&rsquo;hiver, notamment avec un album jeunesse emprunt\u00e9 \u00e0 la m\u00e9diath\u00e8que et qui fait la transition entre les deux saisons automnale et hivernale, <a href=\"http:\/\/www.jojoenherbe.com\/index.php\/2020\/12\/03\/au-fil-des-pages-avec-au-revoir-lautomne-bonjour-lhiver\/\"><span style=\"text-decoration: underline;\">Au revoir l\u2019automne, bonjour l\u2019hiver\u2026<\/span><\/a> de Kenard Pak (\u00e9d. Kimane, 2018).<\/em><\/p>\n<ul>\n<li style=\"text-align: justify;\"><em><a href=\"https:\/\/i0.wp.com\/www.jojoenherbe.com\/wp-content\/uploads\/2020\/12\/Noel-dans-le-grand-arbre-2-scaled.jpg\"><img data-recalc-dims=\"1\" loading=\"lazy\" decoding=\"async\" data-attachment-id=\"14327\" data-permalink=\"http:\/\/www.jojoenherbe.com\/index.php\/2020\/12\/07\/au-fil-des-pages-avec-noel-dans-le-grand-arbre\/noel-dans-le-grand-arbre-2\/\" data-orig-file=\"https:\/\/i0.wp.com\/www.jojoenherbe.com\/wp-content\/uploads\/2020\/12\/Noel-dans-le-grand-arbre-2-scaled.jpg?fit=2560%2C1935\" data-orig-size=\"2560,1935\" data-comments-opened=\"1\" data-image-meta=\"{&quot;aperture&quot;:&quot;1.8&quot;,&quot;credit&quot;:&quot;&quot;,&quot;camera&quot;:&quot;iPhone 7&quot;,&quot;caption&quot;:&quot;&quot;,&quot;created_timestamp&quot;:&quot;1607338779&quot;,&quot;copyright&quot;:&quot;&quot;,&quot;focal_length&quot;:&quot;3.99&quot;,&quot;iso&quot;:&quot;100&quot;,&quot;shutter_speed&quot;:&quot;0.071428571428571&quot;,&quot;title&quot;:&quot;&quot;,&quot;orientation&quot;:&quot;1&quot;}\" data-image-title=\"No\u00ebl dans le grand arbre 2\" data-image-description=\"\" data-image-caption=\"\" data-large-file=\"https:\/\/i0.wp.com\/www.jojoenherbe.com\/wp-content\/uploads\/2020\/12\/Noel-dans-le-grand-arbre-2-scaled.jpg?fit=676%2C511\" class=\"size-thumbnail wp-image-14327 alignleft\" src=\"https:\/\/i0.wp.com\/www.jojoenherbe.com\/wp-content\/uploads\/2020\/12\/Noel-dans-le-grand-arbre-2.jpg?resize=150%2C150\" alt=\"\" width=\"150\" height=\"150\" srcset=\"https:\/\/i0.wp.com\/www.jojoenherbe.com\/wp-content\/uploads\/2020\/12\/Noel-dans-le-grand-arbre-2-scaled.jpg?resize=150%2C150 150w, https:\/\/i0.wp.com\/www.jojoenherbe.com\/wp-content\/uploads\/2020\/12\/Noel-dans-le-grand-arbre-2-scaled.jpg?zoom=2&amp;resize=150%2C150 300w, https:\/\/i0.wp.com\/www.jojoenherbe.com\/wp-content\/uploads\/2020\/12\/Noel-dans-le-grand-arbre-2-scaled.jpg?zoom=3&amp;resize=150%2C150 450w\" sizes=\"auto, (max-width: 150px) 100vw, 150px\" \/><\/a>Album jeunesse: <a href=\"http:\/\/www.jojoenherbe.com\/index.php\/2020\/12\/07\/au-fil-des-pages-avec-noel-dans-le-grand-arbre\/\"><span style=\"text-decoration: underline;\">No\u00ebl dans le grand arbre<\/span><\/a> de Sylvie Misslin et Fabien \u00d6ckto Lambert (\u00e9d. Fleurus, 2019), un album jeunesse cartonn\u00e9 grand format \u00e0 flaps \u00e0 partir de 3 ans<\/em><\/li>\n<li style=\"text-align: justify;\"><em>7 d\u00e9cembre\/Jour de la photo sur le th\u00e8me \u00ab\u00a0Lumi\u00e8re(s)\u00a0\u00bb <\/em><\/li>\n<li style=\"text-align: justify;\"><em>9 d\u00e9cembre\/BD de No\u00ebl et\/ou de l\u2019hiver:<\/em><\/li>\n<li style=\"text-align: justify;\"><em><a href=\"https:\/\/i0.wp.com\/www.jojoenherbe.com\/wp-content\/uploads\/2020\/12\/Le-flocon-de-Noelle-scaled.jpg\"><img data-recalc-dims=\"1\" loading=\"lazy\" decoding=\"async\" data-attachment-id=\"14598\" data-permalink=\"http:\/\/www.jojoenherbe.com\/index.php\/2020\/12\/10\/au-fil-des-pages-avec-le-flocon-de-noelle\/le-flocon-de-noelle\/\" data-orig-file=\"https:\/\/i0.wp.com\/www.jojoenherbe.com\/wp-content\/uploads\/2020\/12\/Le-flocon-de-Noelle-scaled.jpg?fit=2560%2C1920\" data-orig-size=\"2560,1920\" data-comments-opened=\"1\" data-image-meta=\"{&quot;aperture&quot;:&quot;1.8&quot;,&quot;credit&quot;:&quot;&quot;,&quot;camera&quot;:&quot;iPhone 7&quot;,&quot;caption&quot;:&quot;&quot;,&quot;created_timestamp&quot;:&quot;1607682798&quot;,&quot;copyright&quot;:&quot;&quot;,&quot;focal_length&quot;:&quot;3.99&quot;,&quot;iso&quot;:&quot;100&quot;,&quot;shutter_speed&quot;:&quot;0.1&quot;,&quot;title&quot;:&quot;&quot;,&quot;orientation&quot;:&quot;1&quot;}\" data-image-title=\"Le flocon de No\u00eblle\" data-image-description=\"\" data-image-caption=\"\" data-large-file=\"https:\/\/i0.wp.com\/www.jojoenherbe.com\/wp-content\/uploads\/2020\/12\/Le-flocon-de-Noelle-scaled.jpg?fit=676%2C507\" class=\"size-thumbnail wp-image-14598 alignright\" src=\"https:\/\/i0.wp.com\/www.jojoenherbe.com\/wp-content\/uploads\/2020\/12\/Le-flocon-de-Noelle.jpg?resize=150%2C150\" alt=\"\" width=\"150\" height=\"150\" srcset=\"https:\/\/i0.wp.com\/www.jojoenherbe.com\/wp-content\/uploads\/2020\/12\/Le-flocon-de-Noelle-scaled.jpg?resize=150%2C150 150w, https:\/\/i0.wp.com\/www.jojoenherbe.com\/wp-content\/uploads\/2020\/12\/Le-flocon-de-Noelle-scaled.jpg?zoom=2&amp;resize=150%2C150 300w, https:\/\/i0.wp.com\/www.jojoenherbe.com\/wp-content\/uploads\/2020\/12\/Le-flocon-de-Noelle-scaled.jpg?zoom=3&amp;resize=150%2C150 450w\" sizes=\"auto, (max-width: 150px) 100vw, 150px\" \/><\/a>Album jeunesse: <a href=\"http:\/\/www.jojoenherbe.com\/index.php\/2020\/12\/10\/au-fil-des-pages-avec-le-flocon-de-noelle\/\"><span style=\"text-decoration: underline;\">Le flocon de No\u00eblle<\/span><\/a>, de Benji Davies (\u00e9d. Milan, 2020), un album jeunesse \u00e0 partir de 3 ans, la jolie rencontre \u00e0 No\u00ebl entre un flocon de neige et une petite fille<\/em><\/li>\n<\/ul>\n<p style=\"text-align: justify;\"><em><a href=\"https:\/\/i0.wp.com\/www.jojoenherbe.com\/wp-content\/uploads\/2020\/12\/PAL-du-1er-RAT-de-Noel-2020-scaled.jpg\"><img data-recalc-dims=\"1\" loading=\"lazy\" decoding=\"async\" data-attachment-id=\"14383\" data-permalink=\"http:\/\/www.jojoenherbe.com\/index.php\/2020\/12\/11\/un-premier-rat-de-noel-2020\/pal-du-1er-rat-de-noel-2020\/\" data-orig-file=\"https:\/\/i0.wp.com\/www.jojoenherbe.com\/wp-content\/uploads\/2020\/12\/PAL-du-1er-RAT-de-Noel-2020-scaled.jpg?fit=2560%2C1651\" data-orig-size=\"2560,1651\" data-comments-opened=\"1\" data-image-meta=\"{&quot;aperture&quot;:&quot;1.8&quot;,&quot;credit&quot;:&quot;&quot;,&quot;camera&quot;:&quot;iPhone 7&quot;,&quot;caption&quot;:&quot;&quot;,&quot;created_timestamp&quot;:&quot;1607684111&quot;,&quot;copyright&quot;:&quot;&quot;,&quot;focal_length&quot;:&quot;3.99&quot;,&quot;iso&quot;:&quot;100&quot;,&quot;shutter_speed&quot;:&quot;0.090909090909091&quot;,&quot;title&quot;:&quot;&quot;,&quot;orientation&quot;:&quot;1&quot;}\" data-image-title=\"PAL du 1er RAT de No\u00ebl 2020\" data-image-description=\"\" data-image-caption=\"\" data-large-file=\"https:\/\/i0.wp.com\/www.jojoenherbe.com\/wp-content\/uploads\/2020\/12\/PAL-du-1er-RAT-de-Noel-2020-scaled.jpg?fit=676%2C436\" class=\"alignleft size-thumbnail wp-image-14383\" src=\"https:\/\/i0.wp.com\/www.jojoenherbe.com\/wp-content\/uploads\/2020\/12\/PAL-du-1er-RAT-de-Noel-2020.jpg?resize=150%2C150\" alt=\"\" width=\"150\" height=\"150\" srcset=\"https:\/\/i0.wp.com\/www.jojoenherbe.com\/wp-content\/uploads\/2020\/12\/PAL-du-1er-RAT-de-Noel-2020-scaled.jpg?resize=150%2C150 150w, https:\/\/i0.wp.com\/www.jojoenherbe.com\/wp-content\/uploads\/2020\/12\/PAL-du-1er-RAT-de-Noel-2020-scaled.jpg?zoom=2&amp;resize=150%2C150 300w, https:\/\/i0.wp.com\/www.jojoenherbe.com\/wp-content\/uploads\/2020\/12\/PAL-du-1er-RAT-de-Noel-2020-scaled.jpg?zoom=3&amp;resize=150%2C150 450w\" sizes=\"auto, (max-width: 150px) 100vw, 150px\" \/><\/a>Puis nous avons particip\u00e9 au <a href=\"http:\/\/www.jojoenherbe.com\/index.php\/2020\/12\/11\/un-premier-rat-de-noel-2020\/\">premier RAT de No\u00ebl<\/a> 2020 du 11 d\u00e9cembre 21h au 13 d\u00e9cembre minuit, en validant pour le fun au passage plusieurs d\u00e9fis\u00a0 propos\u00e9s par les deux coorganisatrices. Forc\u00e9ment, nous avons lu beaucoup d&rsquo;albums jeunesse. Mais j&rsquo;ai aussi d\u00e9but\u00e9 mes lectures de romances de No\u00ebl en poursuivant avec beaucoup de plaisir la trilogie <span style=\"text-decoration: underline;\">Snow Crystal<\/span> de Sarah Morgan.<\/em><\/p>\n<ul>\n<li style=\"text-align: justify;\"><em>14 d\u00e9cembre\/Jour de la photo sur le th\u00e8me \u00ab\u00a0Dans la tasse\u00a0\u00bb<\/em><\/li>\n<li style=\"text-align: justify;\"><em>16 d\u00e9cembre\/Loisirs cr\u00e9atifs<\/em><\/li>\n<li style=\"text-align: justify;\"><em>18 d\u00e9cembre\/Journ\u00e9e mondiale du pull de No\u00ebl<\/em><\/li>\n<li style=\"text-align: justify;\"><em><a href=\"https:\/\/i0.wp.com\/www.jojoenherbe.com\/wp-content\/uploads\/2020\/12\/Mission-Hygge-1-scaled.jpg\"><img data-recalc-dims=\"1\" loading=\"lazy\" decoding=\"async\" data-attachment-id=\"14464\" data-permalink=\"http:\/\/www.jojoenherbe.com\/index.php\/2020\/12\/20\/notre-pal-de-romances-de-noel-2020\/mission-hygge-2\/\" data-orig-file=\"https:\/\/i0.wp.com\/www.jojoenherbe.com\/wp-content\/uploads\/2020\/12\/Mission-Hygge-1-scaled.jpg?fit=2560%2C2072\" data-orig-size=\"2560,2072\" data-comments-opened=\"1\" data-image-meta=\"{&quot;aperture&quot;:&quot;1.8&quot;,&quot;credit&quot;:&quot;&quot;,&quot;camera&quot;:&quot;iPhone 7&quot;,&quot;caption&quot;:&quot;&quot;,&quot;created_timestamp&quot;:&quot;1608468495&quot;,&quot;copyright&quot;:&quot;&quot;,&quot;focal_length&quot;:&quot;3.99&quot;,&quot;iso&quot;:&quot;80&quot;,&quot;shutter_speed&quot;:&quot;0.2&quot;,&quot;title&quot;:&quot;&quot;,&quot;orientation&quot;:&quot;1&quot;}\" data-image-title=\"Mission Hygge\" data-image-description=\"\" data-image-caption=\"\" data-large-file=\"https:\/\/i0.wp.com\/www.jojoenherbe.com\/wp-content\/uploads\/2020\/12\/Mission-Hygge-1-scaled.jpg?fit=676%2C547\" class=\"size-thumbnail wp-image-14464 alignright\" src=\"https:\/\/i0.wp.com\/www.jojoenherbe.com\/wp-content\/uploads\/2020\/12\/Mission-Hygge-1.jpg?resize=150%2C150\" alt=\"\" width=\"150\" height=\"150\" srcset=\"https:\/\/i0.wp.com\/www.jojoenherbe.com\/wp-content\/uploads\/2020\/12\/Mission-Hygge-1-scaled.jpg?resize=150%2C150 150w, https:\/\/i0.wp.com\/www.jojoenherbe.com\/wp-content\/uploads\/2020\/12\/Mission-Hygge-1-scaled.jpg?zoom=2&amp;resize=150%2C150 300w, https:\/\/i0.wp.com\/www.jojoenherbe.com\/wp-content\/uploads\/2020\/12\/Mission-Hygge-1-scaled.jpg?zoom=3&amp;resize=150%2C150 450w\" sizes=\"auto, (max-width: 150px) 100vw, 150px\" \/><\/a>20 d\u00e9cembre\/LC avec <span style=\"text-decoration: underline;\">Mission hygge<\/span> de Caroline Franc: <a href=\"http:\/\/www.jojoenherbe.com\/index.php\/2020\/12\/20\/notre-pal-de-romances-de-noel-2020\/\">notre PAL de romances de No\u00ebl 2020<\/a> dont la lecture commune<br \/>\n<\/em><\/li>\n<li style=\"text-align: justify;\"><em>21 d\u00e9cembre\/ Jour de la photo sur le th\u00e8me \u00ab\u00a0Vos d\u00e9corations\/Votre maison aux couleurs de No\u00ebl\u00a0\u00bb:<\/em><\/li>\n<li style=\"text-align: justify;\"><em><a href=\"https:\/\/i0.wp.com\/www.jojoenherbe.com\/wp-content\/uploads\/2020\/12\/Le-sapin-et-Noel-de-sapin-scaled.jpg\"><img data-recalc-dims=\"1\" loading=\"lazy\" decoding=\"async\" data-attachment-id=\"14490\" data-permalink=\"http:\/\/www.jojoenherbe.com\/index.php\/2020\/12\/22\/au-fil-des-pages-avec-le-sapin\/le-sapin-et-noel-de-sapin\/\" data-orig-file=\"https:\/\/i0.wp.com\/www.jojoenherbe.com\/wp-content\/uploads\/2020\/12\/Le-sapin-et-Noel-de-sapin-scaled.jpg?fit=2560%2C1902\" data-orig-size=\"2560,1902\" data-comments-opened=\"1\" data-image-meta=\"{&quot;aperture&quot;:&quot;1.8&quot;,&quot;credit&quot;:&quot;&quot;,&quot;camera&quot;:&quot;iPhone 7&quot;,&quot;caption&quot;:&quot;&quot;,&quot;created_timestamp&quot;:&quot;1608641869&quot;,&quot;copyright&quot;:&quot;&quot;,&quot;focal_length&quot;:&quot;3.99&quot;,&quot;iso&quot;:&quot;100&quot;,&quot;shutter_speed&quot;:&quot;0.14285714285714&quot;,&quot;title&quot;:&quot;&quot;,&quot;orientation&quot;:&quot;1&quot;}\" data-image-title=\"Le sapin et No\u00ebl de sapin\" data-image-description=\"\" data-image-caption=\"\" data-large-file=\"https:\/\/i0.wp.com\/www.jojoenherbe.com\/wp-content\/uploads\/2020\/12\/Le-sapin-et-Noel-de-sapin-scaled.jpg?fit=676%2C502\" class=\"alignleft size-thumbnail wp-image-14490\" src=\"https:\/\/i0.wp.com\/www.jojoenherbe.com\/wp-content\/uploads\/2020\/12\/Le-sapin-et-Noel-de-sapin.jpg?resize=150%2C150\" alt=\"\" width=\"150\" height=\"150\" srcset=\"https:\/\/i0.wp.com\/www.jojoenherbe.com\/wp-content\/uploads\/2020\/12\/Le-sapin-et-Noel-de-sapin-scaled.jpg?resize=150%2C150 150w, https:\/\/i0.wp.com\/www.jojoenherbe.com\/wp-content\/uploads\/2020\/12\/Le-sapin-et-Noel-de-sapin-scaled.jpg?zoom=2&amp;resize=150%2C150 300w, https:\/\/i0.wp.com\/www.jojoenherbe.com\/wp-content\/uploads\/2020\/12\/Le-sapin-et-Noel-de-sapin-scaled.jpg?zoom=3&amp;resize=150%2C150 450w\" sizes=\"auto, (max-width: 150px) 100vw, 150px\" \/><\/a>Albums jeunesse: <span class=\"\"><span style=\"text-decoration: underline;\">No\u00ebl de sapin<\/span> de Michel Gay (\u00e9d. L\u2019\u00e9cole des loisirs, 1991, r\u00e9\u00e9d. 2019), un album jeunesse \u00e0 partir de 3 ans<\/span> et <a href=\"http:\/\/www.jojoenherbe.com\/index.php\/2020\/12\/22\/au-fil-des-pages-avec-le-sapin\/\"><span style=\"text-decoration: underline;\">Le sapin<\/span><\/a> illustr\u00e9 par Marc Boutavant (\u00e9d. Nathan, 2008), un album jeunesse grand format \u00e0 partir de 6 ans<\/em><\/li>\n<li style=\"text-align: justify;\"><em>23 d\u00e9cembre\/Films de No\u00ebl<\/em><\/li>\n<li><em>27 d\u00e9cembre\/le partage des photos de nos No\u00ebls<\/em><\/li>\n<\/ul>\n<p style=\"text-align: justify;\"><em>Et voici la derni\u00e8re semaine de l&rsquo;ann\u00e9e qui d\u00e9marre pour terminer nos derni\u00e8res lectures de No\u00ebl et commencer celles hivernales.<\/em><\/p>\n<ul>\n<li><em>28 d\u00e9cembre\/Jour de la photo sur le th\u00e8me \u00ab\u00a0Souvenir\u00a0\u00bb<\/em><\/li>\n<li style=\"text-align: justify;\"><em><a href=\"https:\/\/i0.wp.com\/www.jojoenherbe.com\/wp-content\/uploads\/2020\/12\/Le-Renard-et-le-Lutin-scaled.jpg\"><img data-recalc-dims=\"1\" loading=\"lazy\" decoding=\"async\" data-attachment-id=\"14544\" data-permalink=\"http:\/\/www.jojoenherbe.com\/index.php\/2020\/12\/28\/au-fil-des-pages-avec-le-renard-et-le-lutin\/le-renard-et-le-lutin-4\/\" data-orig-file=\"https:\/\/i0.wp.com\/www.jojoenherbe.com\/wp-content\/uploads\/2020\/12\/Le-Renard-et-le-Lutin-scaled.jpg?fit=2560%2C1920\" data-orig-size=\"2560,1920\" data-comments-opened=\"1\" data-image-meta=\"{&quot;aperture&quot;:&quot;1.8&quot;,&quot;credit&quot;:&quot;&quot;,&quot;camera&quot;:&quot;iPhone 7&quot;,&quot;caption&quot;:&quot;&quot;,&quot;created_timestamp&quot;:&quot;1606487865&quot;,&quot;copyright&quot;:&quot;&quot;,&quot;focal_length&quot;:&quot;3.99&quot;,&quot;iso&quot;:&quot;40&quot;,&quot;shutter_speed&quot;:&quot;0.05&quot;,&quot;title&quot;:&quot;&quot;,&quot;orientation&quot;:&quot;1&quot;}\" data-image-title=\"Le Renard et le Lutin\" data-image-description=\"\" data-image-caption=\"\" data-large-file=\"https:\/\/i0.wp.com\/www.jojoenherbe.com\/wp-content\/uploads\/2020\/12\/Le-Renard-et-le-Lutin-scaled.jpg?fit=676%2C507\" class=\"size-thumbnail wp-image-14544 alignright\" src=\"https:\/\/i0.wp.com\/www.jojoenherbe.com\/wp-content\/uploads\/2020\/12\/Le-Renard-et-le-Lutin.jpg?resize=150%2C150\" alt=\"\" width=\"150\" height=\"150\" srcset=\"https:\/\/i0.wp.com\/www.jojoenherbe.com\/wp-content\/uploads\/2020\/12\/Le-Renard-et-le-Lutin-scaled.jpg?resize=150%2C150 150w, https:\/\/i0.wp.com\/www.jojoenherbe.com\/wp-content\/uploads\/2020\/12\/Le-Renard-et-le-Lutin-scaled.jpg?zoom=2&amp;resize=150%2C150 300w, https:\/\/i0.wp.com\/www.jojoenherbe.com\/wp-content\/uploads\/2020\/12\/Le-Renard-et-le-Lutin-scaled.jpg?zoom=3&amp;resize=150%2C150 450w\" sizes=\"auto, (max-width: 150px) 100vw, 150px\" \/><\/a>Album jeunesse: <a href=\"http:\/\/www.jojoenherbe.com\/index.php\/2020\/12\/28\/au-fil-des-pages-avec-le-renard-et-le-lutin\/\"><span style=\"text-decoration: underline;\">Le Renard et le Lutin<\/span><\/a> d\u2019Astrid Lindgren et Eva Eriksson (\u00e9d. L\u2019\u00e9cole des loisirs, 2018), un album jeunesse \u00e0 partir de 3 ans et qui raconte une jolie amiti\u00e9 entre un renard affam\u00e9 et le lutin qui veille sur les animaux d&rsquo;une ferme.<\/em><\/li>\n<li style=\"text-align: justify;\"><em><a href=\"https:\/\/i0.wp.com\/www.jojoenherbe.com\/wp-content\/uploads\/2020\/12\/Le-manteau-rouge-scaled.jpg\"><img data-recalc-dims=\"1\" loading=\"lazy\" decoding=\"async\" data-attachment-id=\"14620\" data-permalink=\"http:\/\/www.jojoenherbe.com\/index.php\/2020\/12\/30\/au-fil-des-pages-avec-le-manteau-rouge\/le-manteau-rouge\/\" data-orig-file=\"https:\/\/i0.wp.com\/www.jojoenherbe.com\/wp-content\/uploads\/2020\/12\/Le-manteau-rouge-scaled.jpg?fit=2560%2C1826\" data-orig-size=\"2560,1826\" data-comments-opened=\"1\" data-image-meta=\"{&quot;aperture&quot;:&quot;1.8&quot;,&quot;credit&quot;:&quot;&quot;,&quot;camera&quot;:&quot;iPhone 7&quot;,&quot;caption&quot;:&quot;&quot;,&quot;created_timestamp&quot;:&quot;1609161427&quot;,&quot;copyright&quot;:&quot;&quot;,&quot;focal_length&quot;:&quot;3.99&quot;,&quot;iso&quot;:&quot;80&quot;,&quot;shutter_speed&quot;:&quot;0.14285714285714&quot;,&quot;title&quot;:&quot;&quot;,&quot;orientation&quot;:&quot;1&quot;}\" data-image-title=\"Le manteau rouge\" data-image-description=\"\" data-image-caption=\"\" data-large-file=\"https:\/\/i0.wp.com\/www.jojoenherbe.com\/wp-content\/uploads\/2020\/12\/Le-manteau-rouge-scaled.jpg?fit=676%2C482\" class=\"alignleft size-thumbnail wp-image-14620\" src=\"https:\/\/i0.wp.com\/www.jojoenherbe.com\/wp-content\/uploads\/2020\/12\/Le-manteau-rouge.jpg?resize=150%2C150\" alt=\"\" width=\"150\" height=\"150\" srcset=\"https:\/\/i0.wp.com\/www.jojoenherbe.com\/wp-content\/uploads\/2020\/12\/Le-manteau-rouge-scaled.jpg?resize=150%2C150 150w, https:\/\/i0.wp.com\/www.jojoenherbe.com\/wp-content\/uploads\/2020\/12\/Le-manteau-rouge-scaled.jpg?zoom=2&amp;resize=150%2C150 300w, https:\/\/i0.wp.com\/www.jojoenherbe.com\/wp-content\/uploads\/2020\/12\/Le-manteau-rouge-scaled.jpg?zoom=3&amp;resize=150%2C150 450w\" sizes=\"auto, (max-width: 150px) 100vw, 150px\" \/><\/a>Album jeunesse: <a href=\"http:\/\/www.jojoenherbe.com\/index.php\/2020\/12\/30\/au-fil-des-pages-avec-le-manteau-rouge\/\"><span style=\"text-decoration: underline;\">Le manteau rouge<\/span><\/a> de Philippe Lechermeier et Herv\u00e9 Le Goff (\u00e9d. Gautier-Languereau, 2017), un album jeunesse \u00e0 partir de 6 ans et qui conte une origine possible du P\u00e8re No\u00ebl<\/em><\/li>\n<li><em>31 d\u00e9cembre\/Bilan 2020 et du challenge de No\u00ebl: notre <a href=\"http:\/\/www.jojoenherbe.com\/index.php\/2020\/12\/31\/notre-bilan-bloguesque-2020\/\">bilan bloguesque 2020<\/a><br \/>\n<\/em><\/li>\n<li style=\"text-align: justify;\"><em><a href=\"https:\/\/i0.wp.com\/www.jojoenherbe.com\/wp-content\/uploads\/2021\/01\/Larbre-a-voeux-2-scaled.jpg\"><img data-recalc-dims=\"1\" loading=\"lazy\" decoding=\"async\" data-attachment-id=\"14693\" data-permalink=\"http:\/\/www.jojoenherbe.com\/index.php\/2021\/01\/01\/au-fil-des-pages-avec-larbre-a-voeux\/larbre-a-voeux-2\/\" data-orig-file=\"https:\/\/i0.wp.com\/www.jojoenherbe.com\/wp-content\/uploads\/2021\/01\/Larbre-a-voeux-2-scaled.jpg?fit=2560%2C2012\" data-orig-size=\"2560,2012\" data-comments-opened=\"1\" data-image-meta=\"{&quot;aperture&quot;:&quot;1.8&quot;,&quot;credit&quot;:&quot;&quot;,&quot;camera&quot;:&quot;iPhone 7&quot;,&quot;caption&quot;:&quot;&quot;,&quot;created_timestamp&quot;:&quot;1606487678&quot;,&quot;copyright&quot;:&quot;&quot;,&quot;focal_length&quot;:&quot;3.99&quot;,&quot;iso&quot;:&quot;40&quot;,&quot;shutter_speed&quot;:&quot;0.03030303030303&quot;,&quot;title&quot;:&quot;&quot;,&quot;orientation&quot;:&quot;1&quot;}\" data-image-title=\"L&amp;rsquo;arbre \u00e0 voeux 2\" data-image-description=\"\" data-image-caption=\"\" data-large-file=\"https:\/\/i0.wp.com\/www.jojoenherbe.com\/wp-content\/uploads\/2021\/01\/Larbre-a-voeux-2-scaled.jpg?fit=676%2C531\" class=\"size-thumbnail wp-image-14693 alignright\" src=\"https:\/\/i0.wp.com\/www.jojoenherbe.com\/wp-content\/uploads\/2021\/01\/Larbre-a-voeux-2.jpg?resize=150%2C150\" alt=\"\" width=\"150\" height=\"150\" srcset=\"https:\/\/i0.wp.com\/www.jojoenherbe.com\/wp-content\/uploads\/2021\/01\/Larbre-a-voeux-2-scaled.jpg?resize=150%2C150 150w, https:\/\/i0.wp.com\/www.jojoenherbe.com\/wp-content\/uploads\/2021\/01\/Larbre-a-voeux-2-scaled.jpg?zoom=2&amp;resize=150%2C150 300w, https:\/\/i0.wp.com\/www.jojoenherbe.com\/wp-content\/uploads\/2021\/01\/Larbre-a-voeux-2-scaled.jpg?zoom=3&amp;resize=150%2C150 450w\" sizes=\"auto, (max-width: 150px) 100vw, 150px\" \/><\/a>Album jeunesse: <a href=\"http:\/\/www.jojoenherbe.com\/index.php\/2021\/01\/01\/au-fil-des-pages-avec-larbre-a-voeux\/\"><span style=\"text-decoration: underline;\">L\u2019arbre \u00e0 v\u0153ux<\/span><\/a> de Kyo Maclear et Chris Turnham (\u00e9d. Little Urban, 2017), un album jeunesse \u00e0 partir de 3 ans<\/em><\/li>\n<\/ul>\n<p style=\"text-align: justify;\"><em><a href=\"https:\/\/i0.wp.com\/www.jojoenherbe.com\/wp-content\/uploads\/2021\/01\/PAL-2e-RAT-de-Noel-et-de-lhiver-scaled.jpg\"><img data-recalc-dims=\"1\" loading=\"lazy\" decoding=\"async\" data-attachment-id=\"14711\" data-permalink=\"http:\/\/www.jojoenherbe.com\/index.php\/2021\/01\/02\/un-second-rat-post-noel-2020\/pal-2e-rat-de-noel-et-de-lhiver\/\" data-orig-file=\"https:\/\/i0.wp.com\/www.jojoenherbe.com\/wp-content\/uploads\/2021\/01\/PAL-2e-RAT-de-Noel-et-de-lhiver-scaled.jpg?fit=2560%2C1816\" data-orig-size=\"2560,1816\" data-comments-opened=\"1\" data-image-meta=\"{&quot;aperture&quot;:&quot;1.8&quot;,&quot;credit&quot;:&quot;&quot;,&quot;camera&quot;:&quot;iPhone 7&quot;,&quot;caption&quot;:&quot;&quot;,&quot;created_timestamp&quot;:&quot;1609324925&quot;,&quot;copyright&quot;:&quot;&quot;,&quot;focal_length&quot;:&quot;3.99&quot;,&quot;iso&quot;:&quot;64&quot;,&quot;shutter_speed&quot;:&quot;0.058823529411765&quot;,&quot;title&quot;:&quot;&quot;,&quot;orientation&quot;:&quot;1&quot;}\" data-image-title=\"PAL 2e RAT de No\u00ebl et de l&amp;rsquo;hiver\" data-image-description=\"\" data-image-caption=\"\" data-large-file=\"https:\/\/i0.wp.com\/www.jojoenherbe.com\/wp-content\/uploads\/2021\/01\/PAL-2e-RAT-de-Noel-et-de-lhiver-scaled.jpg?fit=676%2C479\" class=\"alignleft size-thumbnail wp-image-14711\" src=\"https:\/\/i0.wp.com\/www.jojoenherbe.com\/wp-content\/uploads\/2021\/01\/PAL-2e-RAT-de-Noel-et-de-lhiver.jpg?resize=150%2C150\" alt=\"\" width=\"150\" height=\"150\" srcset=\"https:\/\/i0.wp.com\/www.jojoenherbe.com\/wp-content\/uploads\/2021\/01\/PAL-2e-RAT-de-Noel-et-de-lhiver-scaled.jpg?resize=150%2C150 150w, https:\/\/i0.wp.com\/www.jojoenherbe.com\/wp-content\/uploads\/2021\/01\/PAL-2e-RAT-de-Noel-et-de-lhiver-scaled.jpg?zoom=2&amp;resize=150%2C150 300w, https:\/\/i0.wp.com\/www.jojoenherbe.com\/wp-content\/uploads\/2021\/01\/PAL-2e-RAT-de-Noel-et-de-lhiver-scaled.jpg?zoom=3&amp;resize=150%2C150 450w\" sizes=\"auto, (max-width: 150px) 100vw, 150px\" \/><\/a>Pour clore en beaut\u00e9 cette \u00e9dition 2020 de Il \u00e9tait 8 fois No\u00ebl, un deuxi\u00e8me <a href=\"http:\/\/www.jojoenherbe.com\/index.php\/2021\/01\/02\/un-second-rat-post-noel-2020\/\">RAT post-No\u00ebl<\/a> est organis\u00e9 les 2 et 3 janvier 2021, l&rsquo;occasion de continuer de lire nos derniers emprunts \u00e0 la m\u00e9diath\u00e8que sur le th\u00e8me de No\u00ebl et aussi nos livres d\u00e9couverts le jour de No\u00ebl sous le sapin.Nous y participons et ce 4 janvier 2021 matin, je referme la chambre de notre au chalet dans lequel nous avons \u00e9t\u00e9 si bien accueillis par Samarian et Chicky Poo. A l\u2019ann\u00e9e prochaine! Notre r\u00e9servation est d\u00e9j\u00e0 faite pour l\u2019\u00e9dition 2021, Il \u00e9tait 9 fois No\u00ebl.<br \/>\n<\/em><\/p>\n<div id=\"attachment_6256\" style=\"width: 216px\" class=\"wp-caption aligncenter\"><img data-recalc-dims=\"1\" loading=\"lazy\" decoding=\"async\" aria-describedby=\"caption-attachment-6256\" data-attachment-id=\"6256\" data-permalink=\"http:\/\/www.jojoenherbe.com\/index.php\/2019\/06\/07\/des-papillons-en-peinture\/papillon-en-symetrie\/\" data-orig-file=\"https:\/\/i0.wp.com\/www.jojoenherbe.com\/wp-content\/uploads\/2019\/06\/papillon-en-sym%C3%A9trie.jpg?fit=2448%2C3264\" data-orig-size=\"2448,3264\" data-comments-opened=\"1\" data-image-meta=\"{&quot;aperture&quot;:&quot;2.4&quot;,&quot;credit&quot;:&quot;&quot;,&quot;camera&quot;:&quot;iPhone 4S&quot;,&quot;caption&quot;:&quot;&quot;,&quot;created_timestamp&quot;:&quot;1559815730&quot;,&quot;copyright&quot;:&quot;&quot;,&quot;focal_length&quot;:&quot;4.28&quot;,&quot;iso&quot;:&quot;250&quot;,&quot;shutter_speed&quot;:&quot;0.05&quot;,&quot;title&quot;:&quot;&quot;,&quot;orientation&quot;:&quot;1&quot;}\" data-image-title=\"papillon en sym\u00e9trie\" data-image-description=\"\" data-image-caption=\"\" data-large-file=\"https:\/\/i0.wp.com\/www.jojoenherbe.com\/wp-content\/uploads\/2019\/06\/papillon-en-sym%C3%A9trie.jpg?fit=676%2C901\" class=\"lazyloaded wp-image-6256\" src=\"https:\/\/i0.wp.com\/www.laplanquealibellules.fr\/wp-content\/uploads\/sites\/3\/2020\/10\/Logo-Samarian1-1024x1024.jpg?resize=206%2C206&#038;ssl=1\" sizes=\"auto, (max-width: 1024px) 100vw, 1024px\" srcset=\"https:\/\/www.laplanquealibellules.fr\/wp-content\/uploads\/sites\/3\/2020\/10\/Logo-Samarian1-1024x1024.jpg 1024w, https:\/\/www.laplanquealibellules.fr\/wp-content\/uploads\/sites\/3\/2020\/10\/Logo-Samarian1-300x300.jpg 300w, https:\/\/www.laplanquealibellules.fr\/wp-content\/uploads\/sites\/3\/2020\/10\/Logo-Samarian1-150x150.jpg 150w, https:\/\/www.laplanquealibellules.fr\/wp-content\/uploads\/sites\/3\/2020\/10\/Logo-Samarian1-768x768.jpg 768w, https:\/\/www.laplanquealibellules.fr\/wp-content\/uploads\/sites\/3\/2020\/10\/Logo-Samarian1.jpg 1057w\" alt=\"\" width=\"206\" height=\"206\" data-src=\"https:\/\/www.laplanquealibellules.fr\/wp-content\/uploads\/sites\/3\/2020\/10\/Logo-Samarian1-1024x1024.jpg\" data-id=\"6256\" data-full-url=\"https:\/\/www.laplanquealibellules.fr\/wp-content\/uploads\/sites\/3\/2020\/10\/Logo-Samarian1.jpg\" data-link=\"https:\/\/www.laplanquealibellules.fr\/?attachment_id=6256\" data-srcset=\"https:\/\/www.laplanquealibellules.fr\/wp-content\/uploads\/sites\/3\/2020\/10\/Logo-Samarian1-1024x1024.jpg 1024w, https:\/\/www.laplanquealibellules.fr\/wp-content\/uploads\/sites\/3\/2020\/10\/Logo-Samarian1-300x300.jpg 300w, https:\/\/www.laplanquealibellules.fr\/wp-content\/uploads\/sites\/3\/2020\/10\/Logo-Samarian1-150x150.jpg 150w, https:\/\/www.laplanquealibellules.fr\/wp-content\/uploads\/sites\/3\/2020\/10\/Logo-Samarian1-768x768.jpg 768w, https:\/\/www.laplanquealibellules.fr\/wp-content\/uploads\/sites\/3\/2020\/10\/Logo-Samarian1.jpg 1057w\" data-sizes=\"(max-width: 1024px) 100vw, 1024px\" \/><p id=\"caption-attachment-6256\" class=\"wp-caption-text\">Challenge Il \u00e9tait 8 fois No\u00ebl de <a href=\"https:\/\/www.laplanquealibellules.fr\/2020\/11\/il-etait-huit-fois-noel.html\/\">Chicky Poo<\/a> et <a href=\"https:\/\/viedecontedefee.blogspot.com\/2020\/11\/1638-il-etait-huit-fois-noel.html\">Samarian<\/a><\/p><\/div>\n","protected":false},"excerpt":{"rendered":"<p>Le mois de d\u00e9cembre approchant, c&rsquo;est le retour de Il \u00e9tait 8 fois No\u00ebl, un challenge de No\u00ebl organis\u00e9 par Chicky Poo et Samarian et qui se d\u00e9roule du 30 novembre 2020 au 3 janvier 2021. Pour plus d\u2019infos, n\u2019h\u00e9sitez pas \u00e0 aller sur leurs blogs. Ce billet sera actualis\u00e9 au fil du mois tout [&hellip;]<\/p>\n","protected":false},"author":1,"featured_media":13791,"comment_status":"open","ping_status":"open","sticky":false,"template":"","format":"standard","meta":{"jetpack_post_was_ever_published":false,"_jetpack_newsletter_access":"","_jetpack_dont_email_post_to_subs":false,"_jetpack_newsletter_tier_id":0,"_jetpack_memberships_contains_paywalled_content":false,"_jetpack_memberships_contains_paid_content":false,"footnotes":""},"categories":[873,363],"tags":[1923,983,1117,1085,367,1016,1056,19],"class_list":["post-13574","post","type-post","status-publish","format-standard","has-post-thumbnail","hentry","category-mini-challenger","category-mini-lecteur","tag-activites-de-noel","tag-challenge-de-noel","tag-il-etait-8-fois-noel","tag-lecture-adulte","tag-lecture-jeunesse","tag-lectures-dhiver","tag-lectures-de-noel","tag-noel","post-preview"],"jetpack_featured_media_url":"https:\/\/i0.wp.com\/www.jojoenherbe.com\/wp-content\/uploads\/2020\/11\/Logo_2_2020-1024x992-1.jpg?fit=1024%2C992","jetpack_sharing_enabled":true,"jetpack_shortlink":"https:\/\/wp.me\/p9zhGx-3wW","jetpack_likes_enabled":true,"jetpack-related-posts":[{"id":28631,"url":"http:\/\/www.jojoenherbe.com\/index.php\/2022\/11\/18\/billet-de-suivi-il-etait-10-fois-noel\/","url_meta":{"origin":13574,"position":0},"title":"Billet de suivi: Il \u00e9tait 10 fois No\u00ebl","author":"Jojo","date":"18 novembre 2022","format":false,"excerpt":"Le mois de d\u00e9cembre approchant, c\u2019est le retour de Il \u00e9tait 10 fois No\u00ebl, un challenge de No\u00ebl organis\u00e9 par Chicky Poo et Samarian qui ouvrent les portes de leur Chalet du 28 novembre 2021 au 8 janvier 2022. Pour plus d\u2019infos, n\u2019h\u00e9sitez pas \u00e0 aller sur leurs blogs. Ce\u2026","rel":"","context":"Dans &quot;Mini challenger&quot;","block_context":{"text":"Mini challenger","link":"http:\/\/www.jojoenherbe.com\/index.php\/category\/mini-challenger\/"},"img":{"alt_text":"","src":"https:\/\/i0.wp.com\/www.jojoenherbe.com\/wp-content\/uploads\/2022\/11\/Il-etait-10-fois-Noel.jpg?fit=824%2C824&resize=350%2C200","width":350,"height":200,"srcset":"https:\/\/i0.wp.com\/www.jojoenherbe.com\/wp-content\/uploads\/2022\/11\/Il-etait-10-fois-Noel.jpg?fit=824%2C824&resize=350%2C200 1x, https:\/\/i0.wp.com\/www.jojoenherbe.com\/wp-content\/uploads\/2022\/11\/Il-etait-10-fois-Noel.jpg?fit=824%2C824&resize=525%2C300 1.5x, https:\/\/i0.wp.com\/www.jojoenherbe.com\/wp-content\/uploads\/2022\/11\/Il-etait-10-fois-Noel.jpg?fit=824%2C824&resize=700%2C400 2x"},"classes":[]},{"id":37216,"url":"http:\/\/www.jojoenherbe.com\/index.php\/2024\/11\/12\/billet-de-suivi-il-etait-12-fois-noel\/","url_meta":{"origin":13574,"position":1},"title":"Billet de suivi: Il \u00e9tait 12 fois No\u00ebl","author":"Jojo","date":"12 novembre 2024","format":false,"excerpt":"Le mois de d\u00e9cembre approchant, c\u2019est le retour de Il \u00e9tait 12 fois No\u00ebl, un challenge de No\u00ebl coorganis\u00e9 par Chicky Poo et Samarian qui ouvrent les portes de leur Chalet du 15 novembre 2024 au 5 janvier 2025. Pour plus d\u2019infos, n\u2019h\u00e9sitez pas \u00e0 aller sur leurs blogs et\u2026","rel":"","context":"Dans &quot;Mini blogueur&quot;","block_context":{"text":"Mini blogueur","link":"http:\/\/www.jojoenherbe.com\/index.php\/category\/mini-blogueur\/"},"img":{"alt_text":"","src":"https:\/\/i0.wp.com\/www.jojoenherbe.com\/wp-content\/uploads\/2024\/11\/Il-etait-12-fois-Noel-logo.jpg?fit=768%2C636&resize=350%2C200","width":350,"height":200,"srcset":"https:\/\/i0.wp.com\/www.jojoenherbe.com\/wp-content\/uploads\/2024\/11\/Il-etait-12-fois-Noel-logo.jpg?fit=768%2C636&resize=350%2C200 1x, https:\/\/i0.wp.com\/www.jojoenherbe.com\/wp-content\/uploads\/2024\/11\/Il-etait-12-fois-Noel-logo.jpg?fit=768%2C636&resize=525%2C300 1.5x, https:\/\/i0.wp.com\/www.jojoenherbe.com\/wp-content\/uploads\/2024\/11\/Il-etait-12-fois-Noel-logo.jpg?fit=768%2C636&resize=700%2C400 2x"},"classes":[]},{"id":41357,"url":"http:\/\/www.jojoenherbe.com\/index.php\/2025\/11\/15\/billet-de-suivi-il-etait-13-fois-noel\/","url_meta":{"origin":13574,"position":2},"title":"Billet de suivi: Il \u00e9tait 13 fois No\u00ebl","author":"Jojo","date":"15 novembre 2025","format":false,"excerpt":"Le mois de d\u00e9cembre approchant, c\u2019est le retour de Il \u00e9tait 13 fois No\u00ebl, un challenge de No\u00ebl coorganis\u00e9 par Chicky Poo et Samarian qui ouvrent les portes de leur Chalet du 15 novembre 2025 au 11 janvier 2026. Cette ann\u00e9e, elles ont imagin\u00e9 une nouvelle formule avec des cases\u2026","rel":"","context":"Dans &quot;Mini blogueur&quot;","block_context":{"text":"Mini blogueur","link":"http:\/\/www.jojoenherbe.com\/index.php\/category\/mini-blogueur\/"},"img":{"alt_text":"","src":"https:\/\/i0.wp.com\/www.jojoenherbe.com\/wp-content\/uploads\/2025\/11\/Il-etait-13-fois-Noel-logo.jpg?fit=626%2C589&resize=350%2C200","width":350,"height":200,"srcset":"https:\/\/i0.wp.com\/www.jojoenherbe.com\/wp-content\/uploads\/2025\/11\/Il-etait-13-fois-Noel-logo.jpg?fit=626%2C589&resize=350%2C200 1x, https:\/\/i0.wp.com\/www.jojoenherbe.com\/wp-content\/uploads\/2025\/11\/Il-etait-13-fois-Noel-logo.jpg?fit=626%2C589&resize=525%2C300 1.5x"},"classes":[]},{"id":22494,"url":"http:\/\/www.jojoenherbe.com\/index.php\/2021\/11\/17\/billet-de-suivi-il-etait-9-fois-noel\/","url_meta":{"origin":13574,"position":3},"title":"Billet de suivi: Il \u00e9tait 9 fois No\u00ebl","author":"Jojo","date":"17 novembre 2021","format":false,"excerpt":"Le mois de d\u00e9cembre approchant, c\u2019est le retour de Il \u00e9tait 9 fois No\u00ebl, un challenge de No\u00ebl organis\u00e9 par Chicky Poo et Samarian qui ouvrent les portes de leur Chalet du 29 novembre 2021 au 2 janvier 2022. Pour plus d\u2019infos, n\u2019h\u00e9sitez pas \u00e0 aller sur leurs blogs. Ce\u2026","rel":"","context":"Dans &quot;Mini challenger&quot;","block_context":{"text":"Mini challenger","link":"http:\/\/www.jojoenherbe.com\/index.php\/category\/mini-challenger\/"},"img":{"alt_text":"","src":"https:\/\/i0.wp.com\/www.jojoenherbe.com\/wp-content\/uploads\/2021\/11\/Il-etait-9-fois-Noel-logo.jpg?fit=500%2C500&resize=350%2C200","width":350,"height":200},"classes":[]},{"id":32973,"url":"http:\/\/www.jojoenherbe.com\/index.php\/2023\/11\/10\/billet-de-suivi-il-etait-11-fois-noel\/","url_meta":{"origin":13574,"position":4},"title":"Billet de suivi: Il \u00e9tait 11 fois No\u00ebl","author":"Jojo","date":"10 novembre 2023","format":false,"excerpt":"Le mois de d\u00e9cembre approchant, c\u2019est le retour de Il \u00e9tait 11 fois No\u00ebl, un challenge de No\u00ebl coorganis\u00e9 par Chicky Poo et Samarian qui ouvrent les portes de leur Chalet du 9 novembre 2023 au 7 janvier 2024. Pour plus d\u2019infos, n\u2019h\u00e9sitez pas \u00e0 aller sur leurs blogs. Ce\u2026","rel":"","context":"Dans &quot;Mini challenger&quot;","block_context":{"text":"Mini challenger","link":"http:\/\/www.jojoenherbe.com\/index.php\/category\/mini-challenger\/"},"img":{"alt_text":"","src":"https:\/\/i0.wp.com\/www.jojoenherbe.com\/wp-content\/uploads\/2023\/01\/Il-etait-11-fois-Noel-logo.jpg?fit=622%2C622&resize=350%2C200","width":350,"height":200,"srcset":"https:\/\/i0.wp.com\/www.jojoenherbe.com\/wp-content\/uploads\/2023\/01\/Il-etait-11-fois-Noel-logo.jpg?fit=622%2C622&resize=350%2C200 1x, https:\/\/i0.wp.com\/www.jojoenherbe.com\/wp-content\/uploads\/2023\/01\/Il-etait-11-fois-Noel-logo.jpg?fit=622%2C622&resize=525%2C300 1.5x"},"classes":[]},{"id":37743,"url":"http:\/\/www.jojoenherbe.com\/index.php\/2025\/01\/01\/bilan-de-lecture-decembre-2024\/","url_meta":{"origin":13574,"position":5},"title":"Bilan de lecture: d\u00e9cembre 2024","author":"Jojo","date":"1 janvier 2025","format":false,"excerpt":"En ce premier janvier, voici le bilan de lecture du mois de d\u00e9cembre 2024 et pendant lequel nous nous sommes plong\u00e9s dans l'ambiance de No\u00ebl, le passage \u00e0 l'hiver s'\u00e9tant fait avec quelques lectures pour No\u00eblloween qui s\u2019est d\u00e9roul\u00e9e du 15 au 30 novembre 2024 et avec la fin du\u2026","rel":"","context":"Dans &quot;Mini blogueur&quot;","block_context":{"text":"Mini blogueur","link":"http:\/\/www.jojoenherbe.com\/index.php\/category\/mini-blogueur\/"},"img":{"alt_text":"","src":"https:\/\/i0.wp.com\/www.jojoenherbe.com\/wp-content\/uploads\/2025\/01\/Selection-Decembre-2024-scaled.jpg?fit=1200%2C913&resize=350%2C200","width":350,"height":200,"srcset":"https:\/\/i0.wp.com\/www.jojoenherbe.com\/wp-content\/uploads\/2025\/01\/Selection-Decembre-2024-scaled.jpg?fit=1200%2C913&resize=350%2C200 1x, https:\/\/i0.wp.com\/www.jojoenherbe.com\/wp-content\/uploads\/2025\/01\/Selection-Decembre-2024-scaled.jpg?fit=1200%2C913&resize=525%2C300 1.5x, https:\/\/i0.wp.com\/www.jojoenherbe.com\/wp-content\/uploads\/2025\/01\/Selection-Decembre-2024-scaled.jpg?fit=1200%2C913&resize=700%2C400 2x, https:\/\/i0.wp.com\/www.jojoenherbe.com\/wp-content\/uploads\/2025\/01\/Selection-Decembre-2024-scaled.jpg?fit=1200%2C913&resize=1050%2C600 3x"},"classes":[]}],"_links":{"self":[{"href":"http:\/\/www.jojoenherbe.com\/index.php\/wp-json\/wp\/v2\/posts\/13574","targetHints":{"allow":["GET"]}}],"collection":[{"href":"http:\/\/www.jojoenherbe.com\/index.php\/wp-json\/wp\/v2\/posts"}],"about":[{"href":"http:\/\/www.jojoenherbe.com\/index.php\/wp-json\/wp\/v2\/types\/post"}],"author":[{"embeddable":true,"href":"http:\/\/www.jojoenherbe.com\/index.php\/wp-json\/wp\/v2\/users\/1"}],"replies":[{"embeddable":true,"href":"http:\/\/www.jojoenherbe.com\/index.php\/wp-json\/wp\/v2\/comments?post=13574"}],"version-history":[{"count":0,"href":"http:\/\/www.jojoenherbe.com\/index.php\/wp-json\/wp\/v2\/posts\/13574\/revisions"}],"wp:featuredmedia":[{"embeddable":true,"href":"http:\/\/www.jojoenherbe.com\/index.php\/wp-json\/wp\/v2\/media\/13791"}],"wp:attachment":[{"href":"http:\/\/www.jojoenherbe.com\/index.php\/wp-json\/wp\/v2\/media?parent=13574"}],"wp:term":[{"taxonomy":"category","embeddable":true,"href":"http:\/\/www.jojoenherbe.com\/index.php\/wp-json\/wp\/v2\/categories?post=13574"},{"taxonomy":"post_tag","embeddable":true,"href":"http:\/\/www.jojoenherbe.com\/index.php\/wp-json\/wp\/v2\/tags?post=13574"}],"curies":[{"name":"wp","href":"https:\/\/api.w.org\/{rel}","templated":true}]}}