{"id":13259,"date":"2020-10-24T08:00:00","date_gmt":"2020-10-24T06:00:00","guid":{"rendered":"http:\/\/www.jojoenherbe.com\/?p=13259"},"modified":"2021-04-15T15:22:32","modified_gmt":"2021-04-15T13:22:32","slug":"au-fil-des-pages-avec-il-ny-a-pas-de-dragon-dans-cette-histoire","status":"publish","type":"post","link":"http:\/\/www.jojoenherbe.com\/index.php\/2020\/10\/24\/au-fil-des-pages-avec-il-ny-a-pas-de-dragon-dans-cette-histoire\/","title":{"rendered":"Au fil des pages avec Il n&rsquo;y a pas de dragon dans cette histoire"},"content":{"rendered":"<p style=\"text-align: justify;\"><em><a href=\"https:\/\/i0.wp.com\/www.jojoenherbe.com\/wp-content\/uploads\/2020\/10\/Il-ny-a-pas-de-dragon-dans-cette-histoire-3-scaled.jpg\"><img data-recalc-dims=\"1\" loading=\"lazy\" decoding=\"async\" data-attachment-id=\"13262\" data-permalink=\"http:\/\/www.jojoenherbe.com\/index.php\/2020\/10\/24\/au-fil-des-pages-avec-il-ny-a-pas-de-dragon-dans-cette-histoire\/il-ny-a-pas-de-dragon-dans-cette-histoire-3\/\" data-orig-file=\"https:\/\/i0.wp.com\/www.jojoenherbe.com\/wp-content\/uploads\/2020\/10\/Il-ny-a-pas-de-dragon-dans-cette-histoire-3-scaled.jpg?fit=2560%2C1920\" data-orig-size=\"2560,1920\" data-comments-opened=\"1\" data-image-meta=\"{&quot;aperture&quot;:&quot;1.8&quot;,&quot;credit&quot;:&quot;&quot;,&quot;camera&quot;:&quot;iPhone 7&quot;,&quot;caption&quot;:&quot;&quot;,&quot;created_timestamp&quot;:&quot;1602955052&quot;,&quot;copyright&quot;:&quot;&quot;,&quot;focal_length&quot;:&quot;3.99&quot;,&quot;iso&quot;:&quot;32&quot;,&quot;shutter_speed&quot;:&quot;0.04&quot;,&quot;title&quot;:&quot;&quot;,&quot;orientation&quot;:&quot;1&quot;}\" data-image-title=\"Il n&amp;rsquo;y a pas de dragon dans cette histoire 3\" data-image-description=\"\" data-image-caption=\"\" data-large-file=\"https:\/\/i0.wp.com\/www.jojoenherbe.com\/wp-content\/uploads\/2020\/10\/Il-ny-a-pas-de-dragon-dans-cette-histoire-3-scaled.jpg?fit=676%2C507\" class=\"alignleft size-thumbnail wp-image-13262\" src=\"https:\/\/i0.wp.com\/www.jojoenherbe.com\/wp-content\/uploads\/2020\/10\/Il-ny-a-pas-de-dragon-dans-cette-histoire-3.jpg?resize=150%2C150\" alt=\"\" width=\"150\" height=\"150\" srcset=\"https:\/\/i0.wp.com\/www.jojoenherbe.com\/wp-content\/uploads\/2020\/10\/Il-ny-a-pas-de-dragon-dans-cette-histoire-3-scaled.jpg?resize=150%2C150 150w, https:\/\/i0.wp.com\/www.jojoenherbe.com\/wp-content\/uploads\/2020\/10\/Il-ny-a-pas-de-dragon-dans-cette-histoire-3-scaled.jpg?zoom=2&amp;resize=150%2C150 300w, https:\/\/i0.wp.com\/www.jojoenherbe.com\/wp-content\/uploads\/2020\/10\/Il-ny-a-pas-de-dragon-dans-cette-histoire-3-scaled.jpg?zoom=3&amp;resize=150%2C150 450w\" sizes=\"auto, (max-width: 150px) 100vw, 150px\" \/><\/a> <a href=\"https:\/\/i0.wp.com\/www.jojoenherbe.com\/wp-content\/uploads\/2020\/10\/Il-ny-a-pas-de-dragon-dans-cette-histoire-4-scaled.jpg\"><img data-recalc-dims=\"1\" loading=\"lazy\" decoding=\"async\" data-attachment-id=\"13263\" data-permalink=\"http:\/\/www.jojoenherbe.com\/index.php\/2020\/10\/24\/au-fil-des-pages-avec-il-ny-a-pas-de-dragon-dans-cette-histoire\/il-ny-a-pas-de-dragon-dans-cette-histoire-4\/\" data-orig-file=\"https:\/\/i0.wp.com\/www.jojoenherbe.com\/wp-content\/uploads\/2020\/10\/Il-ny-a-pas-de-dragon-dans-cette-histoire-4-scaled.jpg?fit=2560%2C1920\" data-orig-size=\"2560,1920\" data-comments-opened=\"1\" data-image-meta=\"{&quot;aperture&quot;:&quot;1.8&quot;,&quot;credit&quot;:&quot;&quot;,&quot;camera&quot;:&quot;iPhone 7&quot;,&quot;caption&quot;:&quot;&quot;,&quot;created_timestamp&quot;:&quot;1602955126&quot;,&quot;copyright&quot;:&quot;&quot;,&quot;focal_length&quot;:&quot;3.99&quot;,&quot;iso&quot;:&quot;40&quot;,&quot;shutter_speed&quot;:&quot;0.03030303030303&quot;,&quot;title&quot;:&quot;&quot;,&quot;orientation&quot;:&quot;1&quot;}\" data-image-title=\"Il n&amp;rsquo;y a pas de dragon dans cette histoire 4\" data-image-description=\"\" data-image-caption=\"\" data-large-file=\"https:\/\/i0.wp.com\/www.jojoenherbe.com\/wp-content\/uploads\/2020\/10\/Il-ny-a-pas-de-dragon-dans-cette-histoire-4-scaled.jpg?fit=676%2C507\" class=\"alignleft size-thumbnail wp-image-13263\" src=\"https:\/\/i0.wp.com\/www.jojoenherbe.com\/wp-content\/uploads\/2020\/10\/Il-ny-a-pas-de-dragon-dans-cette-histoire-4.jpg?resize=150%2C150\" alt=\"\" width=\"150\" height=\"150\" srcset=\"https:\/\/i0.wp.com\/www.jojoenherbe.com\/wp-content\/uploads\/2020\/10\/Il-ny-a-pas-de-dragon-dans-cette-histoire-4-scaled.jpg?resize=150%2C150 150w, https:\/\/i0.wp.com\/www.jojoenherbe.com\/wp-content\/uploads\/2020\/10\/Il-ny-a-pas-de-dragon-dans-cette-histoire-4-scaled.jpg?zoom=2&amp;resize=150%2C150 300w, https:\/\/i0.wp.com\/www.jojoenherbe.com\/wp-content\/uploads\/2020\/10\/Il-ny-a-pas-de-dragon-dans-cette-histoire-4-scaled.jpg?zoom=3&amp;resize=150%2C150 450w\" sizes=\"auto, (max-width: 150px) 100vw, 150px\" \/><\/a>Nous empruntons \u00e0 la m\u00e9diath\u00e8que <span style=\"text-decoration: underline;\">Il n&rsquo;y a pas de dragon dans cette histoire<\/span> de Lou Carter et Deborah Allwright (\u00e9d. Circonflexe, 2018), un album jeunesse \u00e0 partir de 4 ans et qui a \u00e9t\u00e9 Laur\u00e9at du 31\u00e8me Prix des Incos en 2020 dans la s\u00e9lection CE1.&nbsp; Un dragon en a assez d&rsquo;\u00eatre le m\u00e9chant de son histoire et voudrait en \u00eatre le h\u00e9ros. Il s&rsquo;en va alors \u00e0 la recherche d&rsquo;un personnage de contes \u00e0 sauver. Mais aucun n&rsquo;accepte son aide au motif qu&rsquo;il n&rsquo;y a pas de dragon dans son histoire, que ce soit Boucle d&rsquo;Or ou les trois petits cochons par exemple. Mais lorsque le dragon tente d&rsquo;aider Jacques <del>(et le haricot magique)<\/del>, il se fait attraper par l&rsquo;ogre et tout d\u00e9rape. Pourra-t-il finalement \u00eatre le h\u00e9ros de son histoire?<\/em><\/p>\n<p style=\"text-align: justify;\"><em>L&rsquo;histoire est originale et tr\u00e8s dr\u00f4le tant dans son texte &#8211; le narrateur interpelant le jeune lecteur &#8211; que dans sa mise en page avec des illustrations tr\u00e8s color\u00e9es, dynamiques et avec des personnages tr\u00e8s expressifs. Jouant avec son titre d&rsquo;album, il y a pourtant bien un dragon dans cette histoire, un dragon qui se r\u00e9v\u00e8le tr\u00e8s attachant dans sa qu\u00eate de faire le bien autour de lui, faisant fi de sa nature de m\u00e9chant et de ses doutes. Voir le dragon passer de conte en conte nous rappelle d&rsquo;ailleurs <a href=\"http:\/\/www.jojoenherbe.com\/index.php\/2019\/10\/19\/au-fil-des-pages-avec-glouton-croqueur-de-livres\/\"><span style=\"text-decoration: underline;\">Glouton, Le croqueur de livres<\/span><\/a> d\u2019Emma Yarlett et la mise en ab\u00eeme &#8211; le dragon lisant tout en la changeant sa propre histoire &#8211; <a href=\"http:\/\/www.jojoenherbe.com\/index.php\/2020\/03\/31\/au-fil-des-pages-avec-une-fois-encore\/\"><span style=\"text-decoration: underline;\">Une fois encore<\/span><\/a> d\u2019Emily Gravett. Il y est question d&rsquo;aventure, de transcender sa condition, de confiance en soi et d&rsquo;entraide.&nbsp; Il est aussi amusant pour le lecteur de rechercher les nombreuses r\u00e9f\u00e9rences aux contes traditionnels dont certaines ne sont pas \u00e9videntes, comme le conte tir\u00e9 de la \u00ab\u00a0vraie fin\u00a0\u00bb de l&rsquo;histoire (et dont je reparlerai tr\u00e8s prochainement). Coup de c\u0153ur pour cet album jeunesse que je choisis pour le samedi \u00ab\u00a0Albums\u00a0\u00bb du 24 octobre 2020 du Challenge Halloween!<\/em><\/p>\n<div style=\"width: 155px\" class=\"wp-caption alignleft\"><img data-recalc-dims=\"1\" loading=\"lazy\" decoding=\"async\" class=\"attachment-full \" src=\"https:\/\/i0.wp.com\/www.myloubook.com\/wp-content\/uploads\/2020\/10\/logo-halloween-2020_11.jpg?resize=145%2C145\" sizes=\"auto, (max-width: 1600px) 100vw, 1600px\" srcset=\"http:\/\/www.myloubook.com\/wp-content\/uploads\/2020\/10\/logo-halloween-2020_11.jpg 1600w, http:\/\/www.myloubook.com\/wp-content\/uploads\/2020\/10\/logo-halloween-2020_11-150x150.jpg 150w, http:\/\/www.myloubook.com\/wp-content\/uploads\/2020\/10\/logo-halloween-2020_11-300x300.jpg 300w, http:\/\/www.myloubook.com\/wp-content\/uploads\/2020\/10\/logo-halloween-2020_11-768x768.jpg 768w, http:\/\/www.myloubook.com\/wp-content\/uploads\/2020\/10\/logo-halloween-2020_11-1024x1024.jpg 1024w, http:\/\/www.myloubook.com\/wp-content\/uploads\/2020\/10\/logo-halloween-2020_11-640x640.jpg 640w\" alt=\"\" width=\"145\" height=\"145\"><p class=\"wp-caption-text\">Challenge Halloween de <a href=\"http:\/\/www.lelivroblog.fr\/archive\/2020\/09\/08\/le-challenge-halloween-2020-6262057.html\">Hilde<\/a> et <a href=\"http:\/\/www.myloubook.com\/2020\/09\/08\/challenge-halloween-2020-rendez-vous-pour-nos-11-ans\/\">Lou<\/a> #Ogre<\/p><\/div>\n<div id=\"attachment_15692\" style=\"width: 187px\" class=\"wp-caption alignleft\"><img data-recalc-dims=\"1\" loading=\"lazy\" decoding=\"async\" aria-describedby=\"caption-attachment-15692\" class=\"wp-image-15692\" src=\"https:\/\/i0.wp.com\/mapetitemediatheque.fr\/wp-content\/uploads\/2020\/09\/Au-pays-des-ogres--300x230.jpg?resize=177%2C136\" alt=\"\" width=\"177\" height=\"136\"><p id=\"caption-attachment-15692\" class=\"wp-caption-text\">Participation #53 Contes &amp; L\u00e9gendes 2020 de <a href=\"http:\/\/mapetitemediatheque.fr\/2020\/01\/challenge-contes-et-legendes-2020\/\">Bidib<\/a> #Au pays des Ogres<\/p><\/div>\n<div style=\"width: 165px\" class=\"wp-caption alignleft\"><img loading=\"lazy\" decoding=\"async\" class=\"\" src=\"https:\/\/lh3.googleusercontent.com\/yeyHsyE8ePB9xQx2t9obPo4nIUGeuGsS-P1wwGiEip3f9lcFED23VkM1Pr5hYoy4puCex2GzVOyZNHjl5qeUnhImyiKFqwfTaONmF_HEc7SEvgxhr1eZXuJ6zzg9JfEY4XADWBPBCxMLePs3HiWfgCjRFVaAIkiQhaX8RGfOMzZhoMNQUFFuWlglQGRva5RIkSFvo7nk3yMWVz4PgUXBK3Uof2Hf073K4C6YvQC1u6gRN2BCr4tNyqitAlYfULcqVlua9UK9L5kLVOZWs2-xrAzDf1K3rxU8pxE6Fdm1EI8_YbPW09CsTNa9CW1z0lvieJ6Ify6BbltA9XBnOC99XwB4E833hDdb9KWRbKTb8bwsVGIAFF1x2JkOCAWTkq3OtXJmlgaccySEr2PvCr9rzIA4GtrzB04GpU7RNPlnkfNDjtPoy6UR5nf5SD-RQvfrkHaKDQocAHpi1MoHr0bWF4h3F08r5y_TM01DqKXAgeInHehhuxNBZ4LGs7Emk2ol6RPfVd4UEj0916JVKRknXSsSbJG_50ptPlCGTOdHDTOUMc6x63Wp68_DnNhG9qn5FPKuDHhZvC008a4nifQFWuKVT6HvqNgW-LcvXb0wnjbSwgS8qwHb3LtHJj3uAe971aQRDPkS146UchPgCLNczeUje4Y3YFpuV4P1KYu67RSdAOITJNzzSRO2Dycc1PCqSdc7IoPwLu0-aT-FJ0m-KvlkUQLXoamPhl2WKbODyZSfc5ZT=w285-h217-no\" alt=\"\" width=\"155\" height=\"118\"><p class=\"wp-caption-text\"><a href=\"https:\/\/ennalit.wordpress.com\/2019\/12\/01\/challenge-petit-bac-2020-qui-veut-jouer\/\">Challenge Petit Bac d&rsquo;Enna<\/a> #12 Cat\u00e9gorie Amour et relations amoureuses: \u00ab\u00a0Histoire\u00a0\u00bb<\/p><\/div>\n","protected":false},"excerpt":{"rendered":"<p>Nous empruntons \u00e0 la m\u00e9diath\u00e8que Il n&rsquo;y a pas de dragon dans cette histoire de Lou Carter et Deborah Allwright (\u00e9d. Circonflexe, 2018), un album jeunesse \u00e0 partir de 4 ans et qui a \u00e9t\u00e9 Laur\u00e9at du 31\u00e8me Prix des Incos en 2020 dans la s\u00e9lection CE1.&nbsp; Un dragon en a assez d&rsquo;\u00eatre le m\u00e9chant [&hellip;]<\/p>\n","protected":false},"author":1,"featured_media":13260,"comment_status":"open","ping_status":"open","sticky":false,"template":"","format":"standard","meta":{"jetpack_post_was_ever_published":false,"_jetpack_newsletter_access":"","_jetpack_dont_email_post_to_subs":false,"_jetpack_newsletter_tier_id":0,"_jetpack_memberships_contains_paywalled_content":false,"_jetpack_memberships_contains_paid_content":false,"footnotes":""},"categories":[363],"tags":[1031,409,601,1365,1749,1352,970,245,485,901,1669,464,390,538,453,367,1797,1893,1673,2396],"class_list":["post-13259","post","type-post","status-publish","format-standard","has-post-thumbnail","hentry","category-mini-lecteur","tag-4-7-ans","tag-albums-jeunesse","tag-aventure","tag-challenge-contes-et-legendes-2020","tag-challenge-halloween-2020","tag-challenge-petit-bac-2020","tag-confiance-en-soi","tag-contes","tag-contes-detournes","tag-courage","tag-deborah-allwright","tag-dragon","tag-entraide","tag-humour","tag-imagination","tag-lecture-jeunesse","tag-lectures-dhalloween","tag-lou-carter","tag-prix-des-incos","tag-prix-des-incos-2020","post-preview"],"jetpack_featured_media_url":"https:\/\/i0.wp.com\/www.jojoenherbe.com\/wp-content\/uploads\/2020\/10\/Il-ny-a-pas-de-dragon-dans-cette-histoire-2-1-scaled.jpg?fit=2560%2C1776","jetpack_sharing_enabled":true,"jetpack_shortlink":"https:\/\/wp.me\/p9zhGx-3rR","jetpack_likes_enabled":true,"jetpack-related-posts":[{"id":14546,"url":"http:\/\/www.jojoenherbe.com\/index.php\/2020\/12\/28\/au-fil-des-pages-avec-les-trois-boucs\/","url_meta":{"origin":13259,"position":0},"title":"Au fil des pages avec Les trois boucs","author":"Jojo","date":"28 d\u00e9cembre 2020","format":false,"excerpt":"Apr\u00e8s avoir lu Il n\u2019y a pas de dragon dans cette histoire de Lou Carter et Deborah Allwright, nous voulions en savoir plus sur un des contes repris dans l'histoire et que nous ne connaissions pas, \u00e0 savoir Les trois boucs bourrus, un conte norv\u00e9gien paru en 1843 dans Contes\u2026","rel":"","context":"Dans &quot;Mini lecteur&quot;","block_context":{"text":"Mini lecteur","link":"http:\/\/www.jojoenherbe.com\/index.php\/category\/mini-lecteur\/"},"img":{"alt_text":"","src":"https:\/\/i0.wp.com\/www.jojoenherbe.com\/wp-content\/uploads\/2020\/12\/Les-trois-boucs-scaled.jpg?fit=1200%2C900&resize=350%2C200","width":350,"height":200,"srcset":"https:\/\/i0.wp.com\/www.jojoenherbe.com\/wp-content\/uploads\/2020\/12\/Les-trois-boucs-scaled.jpg?fit=1200%2C900&resize=350%2C200 1x, https:\/\/i0.wp.com\/www.jojoenherbe.com\/wp-content\/uploads\/2020\/12\/Les-trois-boucs-scaled.jpg?fit=1200%2C900&resize=525%2C300 1.5x, https:\/\/i0.wp.com\/www.jojoenherbe.com\/wp-content\/uploads\/2020\/12\/Les-trois-boucs-scaled.jpg?fit=1200%2C900&resize=700%2C400 2x, https:\/\/i0.wp.com\/www.jojoenherbe.com\/wp-content\/uploads\/2020\/12\/Les-trois-boucs-scaled.jpg?fit=1200%2C900&resize=1050%2C600 3x"},"classes":[]},{"id":14000,"url":"http:\/\/www.jojoenherbe.com\/index.php\/2020\/11\/19\/au-fil-des-pages-avec-le-petit-ogre-veut-aller-a-lecole\/","url_meta":{"origin":13259,"position":1},"title":"Au fil des pages avec Le petit ogre veut aller \u00e0 l&rsquo;\u00e9cole","author":"Jojo","date":"19 novembre 2020","format":false,"excerpt":"Nous lisons, dans nos derniers emprunts \u00e0 la m\u00e9diath\u00e8que, Le petit ogre veut aller \u00e0 l'\u00e9cole de Marie-Agn\u00e8s Gaudrat et David Parkins (\u00e9d. Bayard Jeunesse, coll. Les Belles Histoires, 2007), un album jeunesse \u00e0 partir de 3 ans et qui a \u00e9t\u00e9 laur\u00e9at de la s\u00e9lection CP du 13\u00e8me Prix\u2026","rel":"","context":"Dans &quot;Mini lecteur&quot;","block_context":{"text":"Mini lecteur","link":"http:\/\/www.jojoenherbe.com\/index.php\/category\/mini-lecteur\/"},"img":{"alt_text":"","src":"https:\/\/i0.wp.com\/www.jojoenherbe.com\/wp-content\/uploads\/2020\/10\/Le-petit-ogre-veut-aller-a-lecole-scaled.jpg?fit=1200%2C900&resize=350%2C200","width":350,"height":200,"srcset":"https:\/\/i0.wp.com\/www.jojoenherbe.com\/wp-content\/uploads\/2020\/10\/Le-petit-ogre-veut-aller-a-lecole-scaled.jpg?fit=1200%2C900&resize=350%2C200 1x, https:\/\/i0.wp.com\/www.jojoenherbe.com\/wp-content\/uploads\/2020\/10\/Le-petit-ogre-veut-aller-a-lecole-scaled.jpg?fit=1200%2C900&resize=525%2C300 1.5x, https:\/\/i0.wp.com\/www.jojoenherbe.com\/wp-content\/uploads\/2020\/10\/Le-petit-ogre-veut-aller-a-lecole-scaled.jpg?fit=1200%2C900&resize=700%2C400 2x, https:\/\/i0.wp.com\/www.jojoenherbe.com\/wp-content\/uploads\/2020\/10\/Le-petit-ogre-veut-aller-a-lecole-scaled.jpg?fit=1200%2C900&resize=1050%2C600 3x"},"classes":[]},{"id":12670,"url":"http:\/\/www.jojoenherbe.com\/index.php\/2020\/10\/10\/au-fil-des-pages-avec-comment-etre-aime-quand-on-est-un-grand-mechant-loup\/","url_meta":{"origin":13259,"position":2},"title":"Au fil des pages avec Comment \u00eatre aim\u00e9 quand on est un Grand M\u00e9chant Loup?","author":"Jojo","date":"10 octobre 2020","format":false,"excerpt":"Emprunt\u00e9 \u00e0 la m\u00e9diath\u00e8que le mois dernier, nous lisons et relisons Comment \u00eatre aim\u00e9 quand on est un Grand M\u00e9chant Loup? de Christine Naumann-Villemin et Annick Masson (\u00e9d. Mijade, 2017), un album jeunesse \u00e0 partir de 3 ans et qui a fait partie de la s\u00e9lection CE1 du 31\u00e8me Prix\u2026","rel":"","context":"Dans &quot;Mini lecteur&quot;","block_context":{"text":"Mini lecteur","link":"http:\/\/www.jojoenherbe.com\/index.php\/category\/mini-lecteur\/"},"img":{"alt_text":"","src":"https:\/\/i0.wp.com\/www.jojoenherbe.com\/wp-content\/uploads\/2020\/10\/Comment-etre-aime-quand-on-est-un-Grand-Mechant-Loup-scaled.jpg?fit=1200%2C900&resize=350%2C200","width":350,"height":200,"srcset":"https:\/\/i0.wp.com\/www.jojoenherbe.com\/wp-content\/uploads\/2020\/10\/Comment-etre-aime-quand-on-est-un-Grand-Mechant-Loup-scaled.jpg?fit=1200%2C900&resize=350%2C200 1x, https:\/\/i0.wp.com\/www.jojoenherbe.com\/wp-content\/uploads\/2020\/10\/Comment-etre-aime-quand-on-est-un-Grand-Mechant-Loup-scaled.jpg?fit=1200%2C900&resize=525%2C300 1.5x, https:\/\/i0.wp.com\/www.jojoenherbe.com\/wp-content\/uploads\/2020\/10\/Comment-etre-aime-quand-on-est-un-Grand-Mechant-Loup-scaled.jpg?fit=1200%2C900&resize=700%2C400 2x, https:\/\/i0.wp.com\/www.jojoenherbe.com\/wp-content\/uploads\/2020\/10\/Comment-etre-aime-quand-on-est-un-Grand-Mechant-Loup-scaled.jpg?fit=1200%2C900&resize=1050%2C600 3x"},"classes":[]},{"id":12350,"url":"http:\/\/www.jojoenherbe.com\/index.php\/2020\/09\/27\/au-fil-des-pages-avec-les-trois-grains-de-riz\/","url_meta":{"origin":13259,"position":3},"title":"Au fil des pages avec Les trois grains de riz","author":"Jojo","date":"27 septembre 2020","format":false,"excerpt":"Nous lisons et relisons Les trois grains de riz d'Agn\u00e8s Bertron-Martin et Virginie Sanchez (\u00e9d. Flammarion, coll. P\u00e8re Castor, 2002), un album jeunesse \u00e0 partir de 3 ans et qui a \u00e9t\u00e9 laur\u00e9at de la s\u00e9lection CE1 du 15\u00e8me Prix des Incos en 2004. Petite S\u0153ur Li se rend au\u2026","rel":"","context":"Dans &quot;Mini lecteur&quot;","block_context":{"text":"Mini lecteur","link":"http:\/\/www.jojoenherbe.com\/index.php\/category\/mini-lecteur\/"},"img":{"alt_text":"","src":"https:\/\/i0.wp.com\/www.jojoenherbe.com\/wp-content\/uploads\/2020\/09\/Les-trois-grains-de-riz-scaled.jpg?fit=1200%2C900&resize=350%2C200","width":350,"height":200,"srcset":"https:\/\/i0.wp.com\/www.jojoenherbe.com\/wp-content\/uploads\/2020\/09\/Les-trois-grains-de-riz-scaled.jpg?fit=1200%2C900&resize=350%2C200 1x, https:\/\/i0.wp.com\/www.jojoenherbe.com\/wp-content\/uploads\/2020\/09\/Les-trois-grains-de-riz-scaled.jpg?fit=1200%2C900&resize=525%2C300 1.5x, https:\/\/i0.wp.com\/www.jojoenherbe.com\/wp-content\/uploads\/2020\/09\/Les-trois-grains-de-riz-scaled.jpg?fit=1200%2C900&resize=700%2C400 2x, https:\/\/i0.wp.com\/www.jojoenherbe.com\/wp-content\/uploads\/2020\/09\/Les-trois-grains-de-riz-scaled.jpg?fit=1200%2C900&resize=1050%2C600 3x"},"classes":[]},{"id":12696,"url":"http:\/\/www.jojoenherbe.com\/index.php\/2020\/10\/06\/notre-selection-fuyons-les-ogres-du-challenge-halloween\/","url_meta":{"origin":13259,"position":4},"title":"Notre s\u00e9lection \u00ab\u00a0Ogres\u00a0\u00bb du Challenge Halloween","author":"Jojo","date":"6 octobre 2020","format":false,"excerpt":"Apr\u00e8s notre s\u00e9lection \"Sorci\u00e8res\", voici notre s\u00e9lection \"Fuyons les ogres\" avec des livres aussi d\u00e9j\u00e0 lus et\/ou chroniqu\u00e9s les ann\u00e9es pr\u00e9c\u00e9dentes. En effet, cette ann\u00e9e, le Challenge Halloween de Hilde et Lou s'associe avec le Challenge Contes et L\u00e9gendes de Bidib autour de la th\u00e9matique des Ogres. Dans les contes\u2026","rel":"","context":"Dans &quot;Mini challenger&quot;","block_context":{"text":"Mini challenger","link":"http:\/\/www.jojoenherbe.com\/index.php\/category\/mini-challenger\/"},"img":{"alt_text":"","src":"https:\/\/i0.wp.com\/www.jojoenherbe.com\/wp-content\/uploads\/2020\/10\/Selection-Ogres-scaled.jpg?fit=1200%2C900&resize=350%2C200","width":350,"height":200,"srcset":"https:\/\/i0.wp.com\/www.jojoenherbe.com\/wp-content\/uploads\/2020\/10\/Selection-Ogres-scaled.jpg?fit=1200%2C900&resize=350%2C200 1x, https:\/\/i0.wp.com\/www.jojoenherbe.com\/wp-content\/uploads\/2020\/10\/Selection-Ogres-scaled.jpg?fit=1200%2C900&resize=525%2C300 1.5x, https:\/\/i0.wp.com\/www.jojoenherbe.com\/wp-content\/uploads\/2020\/10\/Selection-Ogres-scaled.jpg?fit=1200%2C900&resize=700%2C400 2x, https:\/\/i0.wp.com\/www.jojoenherbe.com\/wp-content\/uploads\/2020\/10\/Selection-Ogres-scaled.jpg?fit=1200%2C900&resize=1050%2C600 3x"},"classes":[]},{"id":11011,"url":"http:\/\/www.jojoenherbe.com\/index.php\/2020\/05\/23\/au-fil-des-pages-avec-ameline-joueuse-de-flute\/","url_meta":{"origin":13259,"position":5},"title":"Au fil des pages avec Ameline, Joueuse de fl\u00fbte","author":"Jojo","date":"23 mai 2020","format":false,"excerpt":"Je lis Ameline, Joueuse de fl\u00fbte de Cl\u00e9mentine Beauvais et Antoine D\u00e9prez (\u00e9d. Alice Jeunesse, 2018), un album jeunesse \u00e0 partir de 8\/9 ans. Orpheline, Ameline grandit aupr\u00e8s de son grand-p\u00e8re, Popi qui lui raconte tr\u00e8s r\u00e9guli\u00e8rement une histoire sombre et terrifiante, celle du Joueur de fl\u00fbte de Hamelin. Au\u2026","rel":"","context":"Dans &quot;Mini lecteur&quot;","block_context":{"text":"Mini lecteur","link":"http:\/\/www.jojoenherbe.com\/index.php\/category\/mini-lecteur\/"},"img":{"alt_text":"","src":"https:\/\/i0.wp.com\/www.jojoenherbe.com\/wp-content\/uploads\/2020\/05\/Ameline-Joueuse-de-fl%C3%BBte-scaled.jpg?fit=1200%2C937&resize=350%2C200","width":350,"height":200,"srcset":"https:\/\/i0.wp.com\/www.jojoenherbe.com\/wp-content\/uploads\/2020\/05\/Ameline-Joueuse-de-fl%C3%BBte-scaled.jpg?fit=1200%2C937&resize=350%2C200 1x, https:\/\/i0.wp.com\/www.jojoenherbe.com\/wp-content\/uploads\/2020\/05\/Ameline-Joueuse-de-fl%C3%BBte-scaled.jpg?fit=1200%2C937&resize=525%2C300 1.5x, https:\/\/i0.wp.com\/www.jojoenherbe.com\/wp-content\/uploads\/2020\/05\/Ameline-Joueuse-de-fl%C3%BBte-scaled.jpg?fit=1200%2C937&resize=700%2C400 2x, https:\/\/i0.wp.com\/www.jojoenherbe.com\/wp-content\/uploads\/2020\/05\/Ameline-Joueuse-de-fl%C3%BBte-scaled.jpg?fit=1200%2C937&resize=1050%2C600 3x"},"classes":[]}],"_links":{"self":[{"href":"http:\/\/www.jojoenherbe.com\/index.php\/wp-json\/wp\/v2\/posts\/13259","targetHints":{"allow":["GET"]}}],"collection":[{"href":"http:\/\/www.jojoenherbe.com\/index.php\/wp-json\/wp\/v2\/posts"}],"about":[{"href":"http:\/\/www.jojoenherbe.com\/index.php\/wp-json\/wp\/v2\/types\/post"}],"author":[{"embeddable":true,"href":"http:\/\/www.jojoenherbe.com\/index.php\/wp-json\/wp\/v2\/users\/1"}],"replies":[{"embeddable":true,"href":"http:\/\/www.jojoenherbe.com\/index.php\/wp-json\/wp\/v2\/comments?post=13259"}],"version-history":[{"count":0,"href":"http:\/\/www.jojoenherbe.com\/index.php\/wp-json\/wp\/v2\/posts\/13259\/revisions"}],"wp:featuredmedia":[{"embeddable":true,"href":"http:\/\/www.jojoenherbe.com\/index.php\/wp-json\/wp\/v2\/media\/13260"}],"wp:attachment":[{"href":"http:\/\/www.jojoenherbe.com\/index.php\/wp-json\/wp\/v2\/media?parent=13259"}],"wp:term":[{"taxonomy":"category","embeddable":true,"href":"http:\/\/www.jojoenherbe.com\/index.php\/wp-json\/wp\/v2\/categories?post=13259"},{"taxonomy":"post_tag","embeddable":true,"href":"http:\/\/www.jojoenherbe.com\/index.php\/wp-json\/wp\/v2\/tags?post=13259"}],"curies":[{"name":"wp","href":"https:\/\/api.w.org\/{rel}","templated":true}]}}