{"id":13200,"date":"2020-10-23T15:17:54","date_gmt":"2020-10-23T13:17:54","guid":{"rendered":"http:\/\/www.jojoenherbe.com\/?p=13200"},"modified":"2020-10-23T15:17:54","modified_gmt":"2020-10-23T13:17:54","slug":"des-lanternes-dautomne","status":"publish","type":"post","link":"http:\/\/www.jojoenherbe.com\/index.php\/2020\/10\/23\/des-lanternes-dautomne\/","title":{"rendered":"Des lanternes d&rsquo;automne"},"content":{"rendered":"<p style=\"text-align: justify;\"><em> <a href=\"https:\/\/i0.wp.com\/www.jojoenherbe.com\/wp-content\/uploads\/2020\/10\/Lanternes-dautomne-scaled.jpg\"><img data-recalc-dims=\"1\" loading=\"lazy\" decoding=\"async\" data-attachment-id=\"13204\" data-permalink=\"http:\/\/www.jojoenherbe.com\/index.php\/2020\/10\/23\/des-lanternes-dautomne\/lanternes-dautomne\/\" data-orig-file=\"https:\/\/i0.wp.com\/www.jojoenherbe.com\/wp-content\/uploads\/2020\/10\/Lanternes-dautomne-scaled.jpg?fit=2560%2C1731\" data-orig-size=\"2560,1731\" data-comments-opened=\"1\" data-image-meta=\"{&quot;aperture&quot;:&quot;1.8&quot;,&quot;credit&quot;:&quot;&quot;,&quot;camera&quot;:&quot;iPhone 7&quot;,&quot;caption&quot;:&quot;&quot;,&quot;created_timestamp&quot;:&quot;1603306314&quot;,&quot;copyright&quot;:&quot;&quot;,&quot;focal_length&quot;:&quot;3.99&quot;,&quot;iso&quot;:&quot;200&quot;,&quot;shutter_speed&quot;:&quot;0.25&quot;,&quot;title&quot;:&quot;&quot;,&quot;orientation&quot;:&quot;1&quot;}\" data-image-title=\"Lanternes d&amp;rsquo;automne\" data-image-description=\"\" data-image-caption=\"\" data-large-file=\"https:\/\/i0.wp.com\/www.jojoenherbe.com\/wp-content\/uploads\/2020\/10\/Lanternes-dautomne-scaled.jpg?fit=676%2C457\" class=\"alignleft size-thumbnail wp-image-13204\" src=\"https:\/\/i0.wp.com\/www.jojoenherbe.com\/wp-content\/uploads\/2020\/10\/Lanternes-dautomne.jpg?resize=150%2C150\" alt=\"\" width=\"150\" height=\"150\" srcset=\"https:\/\/i0.wp.com\/www.jojoenherbe.com\/wp-content\/uploads\/2020\/10\/Lanternes-dautomne-scaled.jpg?resize=150%2C150 150w, https:\/\/i0.wp.com\/www.jojoenherbe.com\/wp-content\/uploads\/2020\/10\/Lanternes-dautomne-scaled.jpg?zoom=2&amp;resize=150%2C150 300w, https:\/\/i0.wp.com\/www.jojoenherbe.com\/wp-content\/uploads\/2020\/10\/Lanternes-dautomne-scaled.jpg?zoom=3&amp;resize=150%2C150 450w\" sizes=\"auto, (max-width: 150px) 100vw, 150px\" \/><\/a>S\u00e9ance de rattrapage pour l&rsquo;Atelier Bricolage de Syl de cette semaine puisque ce n&rsquo;est pas mardi mais mercredi que nous avons pu faire notre petite activit\u00e9 automnale avec les enfants que j&rsquo;avais rep\u00e9r\u00e9e fin septembre par un post de <a href=\"https:\/\/www.instagram.com\/p\/CFrf2WnKRbq\/\">Sous le feuillage<\/a> sur son compte Instagram. Il s&rsquo;agit de fabriquer des lanternes d&rsquo;automne \u00e0 effet vitrail \u00e0 partir d&rsquo;un kit cl\u00e9 en main Baker Ross avec du papier cartonn\u00e9 et des films color\u00e9s transparents de teintes diff\u00e9rentes. Nous pr\u00e9voyons en plus des ciseaux et de la colle. Nous d\u00e9coupons des morceaux de films transparents sur chaque partie choisie des animaux ou des feuilles de la lanterne puis les collons. Une fois les quatre face de trois lanternes termin\u00e9es, nous les assemblons suivant le sch\u00e9ma fourni.<br \/>\n<\/em><\/p>\n<p style=\"text-align: justify;\"><em><a href=\"https:\/\/i0.wp.com\/www.jojoenherbe.com\/wp-content\/uploads\/2020\/10\/Lanternes-dautomne-2-scaled.jpg\"><img data-recalc-dims=\"1\" loading=\"lazy\" decoding=\"async\" data-attachment-id=\"13202\" data-permalink=\"http:\/\/www.jojoenherbe.com\/index.php\/2020\/10\/23\/des-lanternes-dautomne\/lanternes-dautomne-2\/\" data-orig-file=\"https:\/\/i0.wp.com\/www.jojoenherbe.com\/wp-content\/uploads\/2020\/10\/Lanternes-dautomne-2-scaled.jpg?fit=2560%2C2086\" data-orig-size=\"2560,2086\" data-comments-opened=\"1\" data-image-meta=\"{&quot;aperture&quot;:&quot;1.8&quot;,&quot;credit&quot;:&quot;&quot;,&quot;camera&quot;:&quot;iPhone 7&quot;,&quot;caption&quot;:&quot;&quot;,&quot;created_timestamp&quot;:&quot;1603306333&quot;,&quot;copyright&quot;:&quot;&quot;,&quot;focal_length&quot;:&quot;3.99&quot;,&quot;iso&quot;:&quot;160&quot;,&quot;shutter_speed&quot;:&quot;0.25&quot;,&quot;title&quot;:&quot;&quot;,&quot;orientation&quot;:&quot;1&quot;}\" data-image-title=\"Lanternes d&amp;rsquo;automne 2\" data-image-description=\"\" data-image-caption=\"\" data-large-file=\"https:\/\/i0.wp.com\/www.jojoenherbe.com\/wp-content\/uploads\/2020\/10\/Lanternes-dautomne-2-scaled.jpg?fit=676%2C551\" class=\"size-thumbnail wp-image-13202 alignright\" src=\"https:\/\/i0.wp.com\/www.jojoenherbe.com\/wp-content\/uploads\/2020\/10\/Lanternes-dautomne-2.jpg?resize=150%2C150\" alt=\"\" width=\"150\" height=\"150\" srcset=\"https:\/\/i0.wp.com\/www.jojoenherbe.com\/wp-content\/uploads\/2020\/10\/Lanternes-dautomne-2-scaled.jpg?resize=150%2C150 150w, https:\/\/i0.wp.com\/www.jojoenherbe.com\/wp-content\/uploads\/2020\/10\/Lanternes-dautomne-2-scaled.jpg?zoom=2&amp;resize=150%2C150 300w, https:\/\/i0.wp.com\/www.jojoenherbe.com\/wp-content\/uploads\/2020\/10\/Lanternes-dautomne-2-scaled.jpg?zoom=3&amp;resize=150%2C150 450w\" sizes=\"auto, (max-width: 150px) 100vw, 150px\" \/><\/a> <a href=\"https:\/\/i0.wp.com\/www.jojoenherbe.com\/wp-content\/uploads\/2020\/10\/Lanternes-dautomne-3.jpg\"><img data-recalc-dims=\"1\" loading=\"lazy\" decoding=\"async\" data-attachment-id=\"13203\" data-permalink=\"http:\/\/www.jojoenherbe.com\/index.php\/2020\/10\/23\/des-lanternes-dautomne\/lanternes-dautomne-3\/\" data-orig-file=\"https:\/\/i0.wp.com\/www.jojoenherbe.com\/wp-content\/uploads\/2020\/10\/Lanternes-dautomne-3.jpg?fit=2112%2C2145\" data-orig-size=\"2112,2145\" data-comments-opened=\"1\" data-image-meta=\"{&quot;aperture&quot;:&quot;1.8&quot;,&quot;credit&quot;:&quot;&quot;,&quot;camera&quot;:&quot;iPhone 7&quot;,&quot;caption&quot;:&quot;&quot;,&quot;created_timestamp&quot;:&quot;1603306562&quot;,&quot;copyright&quot;:&quot;&quot;,&quot;focal_length&quot;:&quot;3.99&quot;,&quot;iso&quot;:&quot;125&quot;,&quot;shutter_speed&quot;:&quot;0.25&quot;,&quot;title&quot;:&quot;&quot;,&quot;orientation&quot;:&quot;1&quot;}\" data-image-title=\"Lanternes d&amp;rsquo;automne 3\" data-image-description=\"\" data-image-caption=\"\" data-large-file=\"https:\/\/i0.wp.com\/www.jojoenherbe.com\/wp-content\/uploads\/2020\/10\/Lanternes-dautomne-3.jpg?fit=676%2C687\" class=\"size-thumbnail wp-image-13203 alignright\" src=\"https:\/\/i0.wp.com\/www.jojoenherbe.com\/wp-content\/uploads\/2020\/10\/Lanternes-dautomne-3.jpg?resize=150%2C150\" alt=\"\" width=\"150\" height=\"150\" srcset=\"https:\/\/i0.wp.com\/www.jojoenherbe.com\/wp-content\/uploads\/2020\/10\/Lanternes-dautomne-3.jpg?resize=150%2C150 150w, https:\/\/i0.wp.com\/www.jojoenherbe.com\/wp-content\/uploads\/2020\/10\/Lanternes-dautomne-3.jpg?zoom=2&amp;resize=150%2C150 300w, https:\/\/i0.wp.com\/www.jojoenherbe.com\/wp-content\/uploads\/2020\/10\/Lanternes-dautomne-3.jpg?zoom=3&amp;resize=150%2C150 450w\" sizes=\"auto, (max-width: 150px) 100vw, 150px\" \/><\/a>Et apr\u00e8s patience et minutie, voici nos lanternes termin\u00e9es, la premi\u00e8re avec des \u00e9cureuils, la deuxi\u00e8me avec des renards et la derni\u00e8re avec des chouettes. Nous y mettons des bougies LED. Nous sommes ainsi pr\u00eats \u00e0 veiller tard la nuit d&rsquo;Halloween pour apercevoir quelques cr\u00e9atures halloweenesques voire m\u00eame nous lier d&rsquo;amiti\u00e9 avec elles. <\/em><\/p>\n<p style=\"text-align: justify;\"><em><a href=\"https:\/\/i0.wp.com\/www.jojoenherbe.com\/wp-content\/uploads\/2020\/10\/Lanternes-dautomne-4-scaled.jpg\"><img data-recalc-dims=\"1\" loading=\"lazy\" decoding=\"async\" data-attachment-id=\"13235\" data-permalink=\"http:\/\/www.jojoenherbe.com\/index.php\/2020\/10\/23\/des-lanternes-dautomne\/lanternes-dautomne-4\/\" data-orig-file=\"https:\/\/i0.wp.com\/www.jojoenherbe.com\/wp-content\/uploads\/2020\/10\/Lanternes-dautomne-4-scaled.jpg?fit=2560%2C2099\" data-orig-size=\"2560,2099\" data-comments-opened=\"1\" data-image-meta=\"{&quot;aperture&quot;:&quot;1.8&quot;,&quot;credit&quot;:&quot;&quot;,&quot;camera&quot;:&quot;iPhone 7&quot;,&quot;caption&quot;:&quot;&quot;,&quot;created_timestamp&quot;:&quot;1603454061&quot;,&quot;copyright&quot;:&quot;&quot;,&quot;focal_length&quot;:&quot;3.99&quot;,&quot;iso&quot;:&quot;125&quot;,&quot;shutter_speed&quot;:&quot;0.25&quot;,&quot;title&quot;:&quot;&quot;,&quot;orientation&quot;:&quot;1&quot;}\" data-image-title=\"Lanternes d&amp;rsquo;automne 4\" data-image-description=\"\" data-image-caption=\"\" data-large-file=\"https:\/\/i0.wp.com\/www.jojoenherbe.com\/wp-content\/uploads\/2020\/10\/Lanternes-dautomne-4-scaled.jpg?fit=676%2C555\" class=\"alignleft size-thumbnail wp-image-13235\" src=\"https:\/\/i0.wp.com\/www.jojoenherbe.com\/wp-content\/uploads\/2020\/10\/Lanternes-dautomne-4.jpg?resize=150%2C150\" alt=\"\" width=\"150\" height=\"150\" srcset=\"https:\/\/i0.wp.com\/www.jojoenherbe.com\/wp-content\/uploads\/2020\/10\/Lanternes-dautomne-4-scaled.jpg?resize=150%2C150 150w, https:\/\/i0.wp.com\/www.jojoenherbe.com\/wp-content\/uploads\/2020\/10\/Lanternes-dautomne-4-scaled.jpg?zoom=2&amp;resize=150%2C150 300w, https:\/\/i0.wp.com\/www.jojoenherbe.com\/wp-content\/uploads\/2020\/10\/Lanternes-dautomne-4-scaled.jpg?zoom=3&amp;resize=150%2C150 450w\" sizes=\"auto, (max-width: 150px) 100vw, 150px\" \/><\/a> <a href=\"https:\/\/i0.wp.com\/www.jojoenherbe.com\/wp-content\/uploads\/2020\/10\/Lanternes-dautomne-6-scaled.jpg\"><img data-recalc-dims=\"1\" loading=\"lazy\" decoding=\"async\" data-attachment-id=\"13240\" data-permalink=\"http:\/\/www.jojoenherbe.com\/index.php\/2020\/10\/23\/des-lanternes-dautomne\/lanternes-dautomne-6\/\" data-orig-file=\"https:\/\/i0.wp.com\/www.jojoenherbe.com\/wp-content\/uploads\/2020\/10\/Lanternes-dautomne-6-scaled.jpg?fit=2560%2C1920\" data-orig-size=\"2560,1920\" data-comments-opened=\"1\" data-image-meta=\"{&quot;aperture&quot;:&quot;1.8&quot;,&quot;credit&quot;:&quot;&quot;,&quot;camera&quot;:&quot;iPhone 7&quot;,&quot;caption&quot;:&quot;&quot;,&quot;created_timestamp&quot;:&quot;1603464555&quot;,&quot;copyright&quot;:&quot;&quot;,&quot;focal_length&quot;:&quot;3.99&quot;,&quot;iso&quot;:&quot;100&quot;,&quot;shutter_speed&quot;:&quot;0.2&quot;,&quot;title&quot;:&quot;&quot;,&quot;orientation&quot;:&quot;1&quot;}\" data-image-title=\"Lanternes d&amp;rsquo;automne 6\" data-image-description=\"\" data-image-caption=\"\" data-large-file=\"https:\/\/i0.wp.com\/www.jojoenherbe.com\/wp-content\/uploads\/2020\/10\/Lanternes-dautomne-6-scaled.jpg?fit=676%2C507\" class=\"alignleft size-thumbnail wp-image-13240\" src=\"https:\/\/i0.wp.com\/www.jojoenherbe.com\/wp-content\/uploads\/2020\/10\/Lanternes-dautomne-6.jpg?resize=150%2C150\" alt=\"\" width=\"150\" height=\"150\" srcset=\"https:\/\/i0.wp.com\/www.jojoenherbe.com\/wp-content\/uploads\/2020\/10\/Lanternes-dautomne-6-scaled.jpg?resize=150%2C150 150w, https:\/\/i0.wp.com\/www.jojoenherbe.com\/wp-content\/uploads\/2020\/10\/Lanternes-dautomne-6-scaled.jpg?zoom=2&amp;resize=150%2C150 300w, https:\/\/i0.wp.com\/www.jojoenherbe.com\/wp-content\/uploads\/2020\/10\/Lanternes-dautomne-6-scaled.jpg?zoom=3&amp;resize=150%2C150 450w\" sizes=\"auto, (max-width: 150px) 100vw, 150px\" \/><\/a>Puis le 23 octobre 2020, nous faisons la derni\u00e8re lanterne avec un cerf. Apr\u00e8s avoir fait les premi\u00e8res mercredi, nous avons un peu de dext\u00e9rit\u00e9 et de savoir-faire pour coller la derni\u00e8re et changeons pour chaque motif de couleur de film transparent.<\/em><\/p>\n<p><em>Pour d&rsquo;autres id\u00e9es de bricolage du 20 octobre 2020: une chouette sur le chapeau de <a href=\"https:\/\/sylectures.wordpress.com\/2020\/10\/20\/une-chouette-sur-mon-chapeau\/\">Syl<\/a> et une citrouille-lanterne chez <a href=\"http:\/\/ribambelledhistoires.over-blog.com\/2020\/10\/mardi-bricolage-citrouille-lanterne.html\">Isabelle<\/a>. Apr\u00e8s Isabelle et Syl, j&rsquo;ai bien envie de faire aussi des chouettes en feutrine. R\u00e9ponse mardi prochain!<br \/>\n<\/em><\/p>\n<div id=\"attachment_12275\" style=\"width: 194px\" class=\"wp-caption alignleft\"><img data-recalc-dims=\"1\" loading=\"lazy\" decoding=\"async\" aria-describedby=\"caption-attachment-12275\" data-attachment-id=\"12275\" data-permalink=\"http:\/\/www.jojoenherbe.com\/index.php\/2020\/09\/15\/ptit-recap-du-challenge-halloween-2020\/img_8586\/\" data-orig-file=\"https:\/\/i0.wp.com\/www.jojoenherbe.com\/wp-content\/uploads\/2020\/09\/IMG_8586.jpg?fit=665%2C555\" data-orig-size=\"665,555\" data-comments-opened=\"1\" data-image-meta=\"{&quot;aperture&quot;:&quot;0&quot;,&quot;credit&quot;:&quot;&quot;,&quot;camera&quot;:&quot;&quot;,&quot;caption&quot;:&quot;&quot;,&quot;created_timestamp&quot;:&quot;1599154588&quot;,&quot;copyright&quot;:&quot;&quot;,&quot;focal_length&quot;:&quot;0&quot;,&quot;iso&quot;:&quot;0&quot;,&quot;shutter_speed&quot;:&quot;0&quot;,&quot;title&quot;:&quot;&quot;,&quot;orientation&quot;:&quot;1&quot;}\" data-image-title=\"IMG_8586\" data-image-description=\"\" data-image-caption=\"\" data-large-file=\"https:\/\/i0.wp.com\/www.jojoenherbe.com\/wp-content\/uploads\/2020\/09\/IMG_8586.jpg?fit=665%2C555\" class=\"wp-image-12275\" src=\"https:\/\/i0.wp.com\/www.jojoenherbe.com\/wp-content\/uploads\/2020\/09\/IMG_8586.jpg?resize=184%2C153\" alt=\"\" width=\"184\" height=\"153\" srcset=\"https:\/\/i0.wp.com\/www.jojoenherbe.com\/wp-content\/uploads\/2020\/09\/IMG_8586.jpg?resize=300%2C250 300w, https:\/\/i0.wp.com\/www.jojoenherbe.com\/wp-content\/uploads\/2020\/09\/IMG_8586.jpg?w=665 665w\" sizes=\"auto, (max-width: 184px) 100vw, 184px\" \/><p id=\"caption-attachment-12275\" class=\"wp-caption-text\">Challenge Halloween de <a href=\"http:\/\/www.lelivroblog.fr\/archive\/2020\/09\/08\/le-challenge-halloween-2020-6262057.html\">Hilde<\/a> et <a href=\"http:\/\/www.lelivroblog.fr\/archive\/2020\/09\/08\/le-challenge-halloween-2020-6262057.html\">Lou<\/a> #Loisirs cr\u00e9atifs<\/p><\/div>\n<div id=\"attachment_17830\" style=\"width: 142px\" class=\"wp-caption alignleft\"><img data-recalc-dims=\"1\" loading=\"lazy\" decoding=\"async\" aria-describedby=\"caption-attachment-17830\" class=\"wp-image-17830\" src=\"https:\/\/sylectures.files.wordpress.com\/2015\/09\/logohalloweenbrico.jpg?w=132&#038;h=161&#038;fit=132%2C161&#038;resize=132%2C161\" alt=\"\" width=\"132\" height=\"161\" data-attachment-id=\"17830\" data-permalink=\"https:\/\/sylectures.wordpress.com\/2015\/10\/26\/mauricedoudou-sock-zombie\/logohalloweenbrico\/\" data-orig-file=\"https:\/\/sylectures.files.wordpress.com\/2015\/09\/logohalloweenbrico.jpg\" data-orig-size=\"300,373\" data-comments-opened=\"1\" data-image-meta=\"{&quot;aperture&quot;:&quot;0&quot;,&quot;credit&quot;:&quot;&quot;,&quot;camera&quot;:&quot;&quot;,&quot;caption&quot;:&quot;&quot;,&quot;created_timestamp&quot;:&quot;0&quot;,&quot;copyright&quot;:&quot;&quot;,&quot;focal_length&quot;:&quot;0&quot;,&quot;iso&quot;:&quot;0&quot;,&quot;shutter_speed&quot;:&quot;0&quot;,&quot;title&quot;:&quot;&quot;,&quot;orientation&quot;:&quot;0&quot;}\" data-image-title=\"logohalloweenbrico\" data-image-description=\"\" data-medium-file=\"https:\/\/sylectures.files.wordpress.com\/2015\/09\/logohalloweenbrico.jpg?w=241\" data-large-file=\"https:\/\/sylectures.files.wordpress.com\/2015\/09\/logohalloweenbrico.jpg?w=300\" \/><p id=\"caption-attachment-17830\" class=\"wp-caption-text\">Mardi bricolage et couture chez <a href=\"https:\/\/sylectures.wordpress.com\/2020\/10\/20\/une-chouette-sur-mon-chapeau\/\">Syl<\/a><\/p><\/div>\n","protected":false},"excerpt":{"rendered":"<p>S\u00e9ance de rattrapage pour l&rsquo;Atelier Bricolage de Syl de cette semaine puisque ce n&rsquo;est pas mardi mais mercredi que nous avons pu faire notre petite activit\u00e9 automnale avec les enfants que j&rsquo;avais rep\u00e9r\u00e9e fin septembre par un post de Sous le feuillage sur son compte Instagram. Il s&rsquo;agit de fabriquer des lanternes d&rsquo;automne \u00e0 effet [&hellip;]<\/p>\n","protected":false},"author":1,"featured_media":13236,"comment_status":"open","ping_status":"open","sticky":false,"template":"","format":"standard","meta":{"jetpack_post_was_ever_published":false,"_jetpack_newsletter_access":"","_jetpack_dont_email_post_to_subs":false,"_jetpack_newsletter_tier_id":0,"_jetpack_memberships_contains_paywalled_content":false,"_jetpack_memberships_contains_paid_content":false,"footnotes":""},"categories":[17],"tags":[927,1796,20,808,321,1541,1749,327,548,391,322,1888,240,394],"class_list":["post-13200","post","type-post","status-publish","format-standard","has-post-thumbnail","hentry","category-mini-joueur","tag-activite-manuelle","tag-activites-dhalloween","tag-activites-pour-les-enfants","tag-animaux-de-la-foret","tag-automne","tag-cerf","tag-challenge-halloween-2020","tag-chouette","tag-collage","tag-ecureuil","tag-feuilles-mortes","tag-lanterne","tag-motricite-fine","tag-renard","post-preview"],"jetpack_featured_media_url":"https:\/\/i0.wp.com\/www.jojoenherbe.com\/wp-content\/uploads\/2020\/10\/Lanternes-dautomne-5-scaled.jpg?fit=2560%2C1861","jetpack_sharing_enabled":true,"jetpack_shortlink":"https:\/\/wp.me\/p9zhGx-3qU","jetpack_likes_enabled":true,"jetpack-related-posts":[{"id":17434,"url":"http:\/\/www.jojoenherbe.com\/index.php\/2021\/04\/16\/des-lanternes-japonaises-diy\/","url_meta":{"origin":13200,"position":0},"title":"Des lanternes japonaises DIY","author":"Jojo","date":"16 avril 2021","format":false,"excerpt":"Mercredi matin, nous faisons des lanternes japonaises. Nous commen\u00e7ons d'abord par dessiner sur une feuille blanche des motifs floraux. Nous la collons sur une feuille color\u00e9e (bien mettre de la colle de partout), une rose pour rester dans le ton des fleurs et de l'ambiance printani\u00e8re actuelle et surtout la\u2026","rel":"","context":"Dans &quot;Mini joueur&quot;","block_context":{"text":"Mini joueur","link":"http:\/\/www.jojoenherbe.com\/index.php\/category\/mini-decouvreur\/mini-joueur\/"},"img":{"alt_text":"","src":"https:\/\/i0.wp.com\/www.jojoenherbe.com\/wp-content\/uploads\/2021\/04\/Lanternes-japonaises-DIY-scaled.jpg?fit=1095%2C1200&resize=350%2C200","width":350,"height":200,"srcset":"https:\/\/i0.wp.com\/www.jojoenherbe.com\/wp-content\/uploads\/2021\/04\/Lanternes-japonaises-DIY-scaled.jpg?fit=1095%2C1200&resize=350%2C200 1x, https:\/\/i0.wp.com\/www.jojoenherbe.com\/wp-content\/uploads\/2021\/04\/Lanternes-japonaises-DIY-scaled.jpg?fit=1095%2C1200&resize=525%2C300 1.5x, https:\/\/i0.wp.com\/www.jojoenherbe.com\/wp-content\/uploads\/2021\/04\/Lanternes-japonaises-DIY-scaled.jpg?fit=1095%2C1200&resize=700%2C400 2x, https:\/\/i0.wp.com\/www.jojoenherbe.com\/wp-content\/uploads\/2021\/04\/Lanternes-japonaises-DIY-scaled.jpg?fit=1095%2C1200&resize=1050%2C600 3x"},"classes":[]},{"id":20894,"url":"http:\/\/www.jojoenherbe.com\/index.php\/2021\/09\/22\/une-guirlande-dautomne\/","url_meta":{"origin":13200,"position":1},"title":"Une guirlande d&rsquo;automne","author":"Jojo","date":"22 septembre 2021","format":false,"excerpt":"Pour ce premier Atelier cr\u00e9atif de Syl dans le cadre du Challenge Halloween 2021, je retrouve avec plaisir Syl, Isabelle et Hilde. Nous avons commenc\u00e9 en douceur, avec l'arriv\u00e9e de l'automne, en confectionnant une guirlande d'automne. J'ai repris la plupart des feuilles d'automne que j'avais cousues l'ann\u00e9e derni\u00e8re avec de\u2026","rel":"","context":"Dans &quot;Mini couturier&quot;","block_context":{"text":"Mini couturier","link":"http:\/\/www.jojoenherbe.com\/index.php\/category\/mini-decouvreur\/mini-couturier\/"},"img":{"alt_text":"","src":"https:\/\/i0.wp.com\/www.jojoenherbe.com\/wp-content\/uploads\/2021\/09\/Guirlande-dautomne-5-scaled.jpg?fit=1200%2C643&resize=350%2C200","width":350,"height":200,"srcset":"https:\/\/i0.wp.com\/www.jojoenherbe.com\/wp-content\/uploads\/2021\/09\/Guirlande-dautomne-5-scaled.jpg?fit=1200%2C643&resize=350%2C200 1x, https:\/\/i0.wp.com\/www.jojoenherbe.com\/wp-content\/uploads\/2021\/09\/Guirlande-dautomne-5-scaled.jpg?fit=1200%2C643&resize=525%2C300 1.5x, https:\/\/i0.wp.com\/www.jojoenherbe.com\/wp-content\/uploads\/2021\/09\/Guirlande-dautomne-5-scaled.jpg?fit=1200%2C643&resize=700%2C400 2x, https:\/\/i0.wp.com\/www.jojoenherbe.com\/wp-content\/uploads\/2021\/09\/Guirlande-dautomne-5-scaled.jpg?fit=1200%2C643&resize=1050%2C600 3x"},"classes":[]},{"id":3883,"url":"http:\/\/www.jojoenherbe.com\/index.php\/2018\/10\/24\/un-peu-de-peinture-avec-des-feuilles-dautomne\/","url_meta":{"origin":13200,"position":2},"title":"Un peu de peinture avec des feuilles d&rsquo;automne","author":"Jojo","date":"24 octobre 2018","format":false,"excerpt":"Nous faisons ce matin un peu de peinture avec des feuilles d'automne. Sur le premier dessin, nous faisons un arbre: un tronc avec l'empreinte de notre main et les feuilles de l'arbre avec les pochoirs de feuilles mortes. Nous utilisons des pots de peinture aux teintes automnales: orange, jaune, rouge\u2026","rel":"","context":"Dans &quot;Mini joueur&quot;","block_context":{"text":"Mini joueur","link":"http:\/\/www.jojoenherbe.com\/index.php\/category\/mini-decouvreur\/mini-joueur\/"},"img":{"alt_text":"","src":"https:\/\/i0.wp.com\/www.jojoenherbe.com\/wp-content\/uploads\/2018\/10\/peinture-feuilles-dautomne-4.jpg?fit=890%2C1200&resize=350%2C200","width":350,"height":200,"srcset":"https:\/\/i0.wp.com\/www.jojoenherbe.com\/wp-content\/uploads\/2018\/10\/peinture-feuilles-dautomne-4.jpg?fit=890%2C1200&resize=350%2C200 1x, https:\/\/i0.wp.com\/www.jojoenherbe.com\/wp-content\/uploads\/2018\/10\/peinture-feuilles-dautomne-4.jpg?fit=890%2C1200&resize=525%2C300 1.5x, https:\/\/i0.wp.com\/www.jojoenherbe.com\/wp-content\/uploads\/2018\/10\/peinture-feuilles-dautomne-4.jpg?fit=890%2C1200&resize=700%2C400 2x"},"classes":[]},{"id":7588,"url":"http:\/\/www.jojoenherbe.com\/index.php\/2019\/09\/23\/table-dautomne\/","url_meta":{"origin":13200,"position":3},"title":"Table d&rsquo;automne","author":"Jojo","date":"23 septembre 2019","format":false,"excerpt":"En ce premier jour d'automne, nous jouons autour d'une table des saisons. Pour ce faire, j'ai utilis\u00e9 marrons, pommes de pin et feuilles mortes de pr\u00e9c\u00e9dentes balades et aussi des figurines d'animaux de la for\u00eat et des personnages. J'ai \u00e9galement \u00e9crit le mot \"automne\" et ai d\u00e9pos\u00e9 sur la table\u2026","rel":"","context":"Dans &quot;Mini joueur&quot;","block_context":{"text":"Mini joueur","link":"http:\/\/www.jojoenherbe.com\/index.php\/category\/mini-decouvreur\/mini-joueur\/"},"img":{"alt_text":"","src":"https:\/\/i0.wp.com\/www.jojoenherbe.com\/wp-content\/uploads\/2019\/09\/Table-des-saisons-automne.jpg?fit=1200%2C1120&resize=350%2C200","width":350,"height":200,"srcset":"https:\/\/i0.wp.com\/www.jojoenherbe.com\/wp-content\/uploads\/2019\/09\/Table-des-saisons-automne.jpg?fit=1200%2C1120&resize=350%2C200 1x, https:\/\/i0.wp.com\/www.jojoenherbe.com\/wp-content\/uploads\/2019\/09\/Table-des-saisons-automne.jpg?fit=1200%2C1120&resize=525%2C300 1.5x, https:\/\/i0.wp.com\/www.jojoenherbe.com\/wp-content\/uploads\/2019\/09\/Table-des-saisons-automne.jpg?fit=1200%2C1120&resize=700%2C400 2x, https:\/\/i0.wp.com\/www.jojoenherbe.com\/wp-content\/uploads\/2019\/09\/Table-des-saisons-automne.jpg?fit=1200%2C1120&resize=1050%2C600 3x"},"classes":[]},{"id":33149,"url":"http:\/\/www.jojoenherbe.com\/index.php\/2023\/11\/23\/atelier-creatif-dhalloween-2023\/","url_meta":{"origin":13200,"position":4},"title":"Atelier cr\u00e9atif d&rsquo;Halloween 2023","author":"Jojo","date":"23 novembre 2023","format":false,"excerpt":"Pour Halloween, j'avais pr\u00e9vu plusieurs loisirs cr\u00e9atifs et bricolages avec mes mini vampires mais finalement nous aurons surtout fait de nouvelles pegs dolls qui ont rejointes celles des ann\u00e9es pr\u00e9c\u00e9dentes. Il est d'ailleurs bient\u00f4t l'heure de les ranger avant de sortir des placards d\u00e9corations et sapins de No\u00ebl d'ici ce\u2026","rel":"","context":"Dans &quot;Mini joueur&quot;","block_context":{"text":"Mini joueur","link":"http:\/\/www.jojoenherbe.com\/index.php\/category\/mini-decouvreur\/mini-joueur\/"},"img":{"alt_text":"","src":"https:\/\/i0.wp.com\/www.jojoenherbe.com\/wp-content\/uploads\/2023\/11\/Pegs-dolls-Halloween-2023-scaled.jpg?resize=350%2C200","width":350,"height":200,"srcset":"https:\/\/i0.wp.com\/www.jojoenherbe.com\/wp-content\/uploads\/2023\/11\/Pegs-dolls-Halloween-2023-scaled.jpg?resize=350%2C200 1x, https:\/\/i0.wp.com\/www.jojoenherbe.com\/wp-content\/uploads\/2023\/11\/Pegs-dolls-Halloween-2023-scaled.jpg?resize=525%2C300 1.5x, https:\/\/i0.wp.com\/www.jojoenherbe.com\/wp-content\/uploads\/2023\/11\/Pegs-dolls-Halloween-2023-scaled.jpg?resize=700%2C400 2x, https:\/\/i0.wp.com\/www.jojoenherbe.com\/wp-content\/uploads\/2023\/11\/Pegs-dolls-Halloween-2023-scaled.jpg?resize=1050%2C600 3x, https:\/\/i0.wp.com\/www.jojoenherbe.com\/wp-content\/uploads\/2023\/11\/Pegs-dolls-Halloween-2023-scaled.jpg?resize=1400%2C800 4x"},"classes":[]},{"id":12928,"url":"http:\/\/www.jojoenherbe.com\/index.php\/2020\/10\/14\/une-guirlande-dhalloween\/","url_meta":{"origin":13200,"position":5},"title":"Une guirlande d&rsquo;Halloween","author":"Jojo","date":"14 octobre 2020","format":false,"excerpt":"Hier, pour l'Atelier Bricolage, Syl avait propos\u00e9 apr\u00e8s les sorci\u00e8res de r\u00e9aliser une couronne de porte. J'avais bien de la feutrine et d'autres petits accessoires pour en bidouiller une. Mais vu le temps que j'ai mis pour coudre les feuilles, ce sera finalement une guirlande d'Halloween. En fin d'apr\u00e8s-midi et\u2026","rel":"","context":"Dans &quot;Mini couturier&quot;","block_context":{"text":"Mini couturier","link":"http:\/\/www.jojoenherbe.com\/index.php\/category\/mini-decouvreur\/mini-couturier\/"},"img":{"alt_text":"","src":"https:\/\/i0.wp.com\/www.jojoenherbe.com\/wp-content\/uploads\/2020\/10\/guirlande-dHalloween-DIY-scaled.jpg?fit=1200%2C608&resize=350%2C200","width":350,"height":200,"srcset":"https:\/\/i0.wp.com\/www.jojoenherbe.com\/wp-content\/uploads\/2020\/10\/guirlande-dHalloween-DIY-scaled.jpg?fit=1200%2C608&resize=350%2C200 1x, https:\/\/i0.wp.com\/www.jojoenherbe.com\/wp-content\/uploads\/2020\/10\/guirlande-dHalloween-DIY-scaled.jpg?fit=1200%2C608&resize=525%2C300 1.5x, https:\/\/i0.wp.com\/www.jojoenherbe.com\/wp-content\/uploads\/2020\/10\/guirlande-dHalloween-DIY-scaled.jpg?fit=1200%2C608&resize=700%2C400 2x, https:\/\/i0.wp.com\/www.jojoenherbe.com\/wp-content\/uploads\/2020\/10\/guirlande-dHalloween-DIY-scaled.jpg?fit=1200%2C608&resize=1050%2C600 3x"},"classes":[]}],"_links":{"self":[{"href":"http:\/\/www.jojoenherbe.com\/index.php\/wp-json\/wp\/v2\/posts\/13200","targetHints":{"allow":["GET"]}}],"collection":[{"href":"http:\/\/www.jojoenherbe.com\/index.php\/wp-json\/wp\/v2\/posts"}],"about":[{"href":"http:\/\/www.jojoenherbe.com\/index.php\/wp-json\/wp\/v2\/types\/post"}],"author":[{"embeddable":true,"href":"http:\/\/www.jojoenherbe.com\/index.php\/wp-json\/wp\/v2\/users\/1"}],"replies":[{"embeddable":true,"href":"http:\/\/www.jojoenherbe.com\/index.php\/wp-json\/wp\/v2\/comments?post=13200"}],"version-history":[{"count":0,"href":"http:\/\/www.jojoenherbe.com\/index.php\/wp-json\/wp\/v2\/posts\/13200\/revisions"}],"wp:featuredmedia":[{"embeddable":true,"href":"http:\/\/www.jojoenherbe.com\/index.php\/wp-json\/wp\/v2\/media\/13236"}],"wp:attachment":[{"href":"http:\/\/www.jojoenherbe.com\/index.php\/wp-json\/wp\/v2\/media?parent=13200"}],"wp:term":[{"taxonomy":"category","embeddable":true,"href":"http:\/\/www.jojoenherbe.com\/index.php\/wp-json\/wp\/v2\/categories?post=13200"},{"taxonomy":"post_tag","embeddable":true,"href":"http:\/\/www.jojoenherbe.com\/index.php\/wp-json\/wp\/v2\/tags?post=13200"}],"curies":[{"name":"wp","href":"https:\/\/api.w.org\/{rel}","templated":true}]}}