{"id":13076,"date":"2020-10-19T23:14:26","date_gmt":"2020-10-19T21:14:26","guid":{"rendered":"http:\/\/www.jojoenherbe.com\/?p=13076"},"modified":"2022-03-01T15:49:58","modified_gmt":"2022-03-01T14:49:58","slug":"au-fil-des-pages-avec-ou-locean-rencontre-le-ciel","status":"publish","type":"post","link":"http:\/\/www.jojoenherbe.com\/index.php\/2020\/10\/19\/au-fil-des-pages-avec-ou-locean-rencontre-le-ciel\/","title":{"rendered":"Au fil des pages avec O\u00f9 l&rsquo;oc\u00e9an rencontre le ciel"},"content":{"rendered":"<p style=\"text-align: justify;\"><em><a href=\"https:\/\/i0.wp.com\/www.jojoenherbe.com\/wp-content\/uploads\/2020\/10\/Ou-locean-rencontre-le-ciel-5-scaled.jpg\"><img data-recalc-dims=\"1\" loading=\"lazy\" decoding=\"async\" data-attachment-id=\"13080\" data-permalink=\"http:\/\/www.jojoenherbe.com\/index.php\/2020\/10\/19\/au-fil-des-pages-avec-ou-locean-rencontre-le-ciel\/ou-locean-rencontre-le-ciel-5\/\" data-orig-file=\"https:\/\/i0.wp.com\/www.jojoenherbe.com\/wp-content\/uploads\/2020\/10\/Ou-locean-rencontre-le-ciel-5-scaled.jpg?fit=2560%2C1920\" data-orig-size=\"2560,1920\" data-comments-opened=\"1\" data-image-meta=\"{&quot;aperture&quot;:&quot;1.8&quot;,&quot;credit&quot;:&quot;&quot;,&quot;camera&quot;:&quot;iPhone 7&quot;,&quot;caption&quot;:&quot;&quot;,&quot;created_timestamp&quot;:&quot;1597937036&quot;,&quot;copyright&quot;:&quot;&quot;,&quot;focal_length&quot;:&quot;3.99&quot;,&quot;iso&quot;:&quot;100&quot;,&quot;shutter_speed&quot;:&quot;0.076923076923077&quot;,&quot;title&quot;:&quot;&quot;,&quot;orientation&quot;:&quot;1&quot;}\" data-image-title=\"O\u00f9 l&amp;rsquo;oc\u00e9an rencontre le ciel 5\" data-image-description=\"\" data-image-caption=\"\" data-large-file=\"https:\/\/i0.wp.com\/www.jojoenherbe.com\/wp-content\/uploads\/2020\/10\/Ou-locean-rencontre-le-ciel-5-scaled.jpg?fit=676%2C507\" class=\"alignleft size-thumbnail wp-image-13080\" src=\"https:\/\/i0.wp.com\/www.jojoenherbe.com\/wp-content\/uploads\/2020\/10\/Ou-locean-rencontre-le-ciel-5.jpg?resize=150%2C150\" alt=\"\" width=\"150\" height=\"150\" srcset=\"https:\/\/i0.wp.com\/www.jojoenherbe.com\/wp-content\/uploads\/2020\/10\/Ou-locean-rencontre-le-ciel-5-scaled.jpg?resize=150%2C150 150w, https:\/\/i0.wp.com\/www.jojoenherbe.com\/wp-content\/uploads\/2020\/10\/Ou-locean-rencontre-le-ciel-5-scaled.jpg?zoom=2&amp;resize=150%2C150 300w, https:\/\/i0.wp.com\/www.jojoenherbe.com\/wp-content\/uploads\/2020\/10\/Ou-locean-rencontre-le-ciel-5-scaled.jpg?zoom=3&amp;resize=150%2C150 450w\" sizes=\"auto, (max-width: 150px) 100vw, 150px\" \/><\/a> <a href=\"https:\/\/i0.wp.com\/www.jojoenherbe.com\/wp-content\/uploads\/2020\/10\/Ou-locean-rencontre-le-ciel-6-scaled.jpg\"><img data-recalc-dims=\"1\" loading=\"lazy\" decoding=\"async\" data-attachment-id=\"13081\" data-permalink=\"http:\/\/www.jojoenherbe.com\/index.php\/2020\/10\/19\/au-fil-des-pages-avec-ou-locean-rencontre-le-ciel\/ou-locean-rencontre-le-ciel-6\/\" data-orig-file=\"https:\/\/i0.wp.com\/www.jojoenherbe.com\/wp-content\/uploads\/2020\/10\/Ou-locean-rencontre-le-ciel-6-scaled.jpg?fit=2560%2C1920\" data-orig-size=\"2560,1920\" data-comments-opened=\"1\" data-image-meta=\"{&quot;aperture&quot;:&quot;1.8&quot;,&quot;credit&quot;:&quot;&quot;,&quot;camera&quot;:&quot;iPhone 7&quot;,&quot;caption&quot;:&quot;&quot;,&quot;created_timestamp&quot;:&quot;1597937043&quot;,&quot;copyright&quot;:&quot;&quot;,&quot;focal_length&quot;:&quot;3.99&quot;,&quot;iso&quot;:&quot;100&quot;,&quot;shutter_speed&quot;:&quot;0.076923076923077&quot;,&quot;title&quot;:&quot;&quot;,&quot;orientation&quot;:&quot;1&quot;}\" data-image-title=\"O\u00f9 l&amp;rsquo;oc\u00e9an rencontre le ciel 6\" data-image-description=\"\" data-image-caption=\"\" data-large-file=\"https:\/\/i0.wp.com\/www.jojoenherbe.com\/wp-content\/uploads\/2020\/10\/Ou-locean-rencontre-le-ciel-6-scaled.jpg?fit=676%2C507\" class=\"alignleft size-thumbnail wp-image-13081\" src=\"https:\/\/i0.wp.com\/www.jojoenherbe.com\/wp-content\/uploads\/2020\/10\/Ou-locean-rencontre-le-ciel-6.jpg?resize=150%2C150\" alt=\"\" width=\"150\" height=\"150\" srcset=\"https:\/\/i0.wp.com\/www.jojoenherbe.com\/wp-content\/uploads\/2020\/10\/Ou-locean-rencontre-le-ciel-6-scaled.jpg?resize=150%2C150 150w, https:\/\/i0.wp.com\/www.jojoenherbe.com\/wp-content\/uploads\/2020\/10\/Ou-locean-rencontre-le-ciel-6-scaled.jpg?zoom=2&amp;resize=150%2C150 300w, https:\/\/i0.wp.com\/www.jojoenherbe.com\/wp-content\/uploads\/2020\/10\/Ou-locean-rencontre-le-ciel-6-scaled.jpg?zoom=3&amp;resize=150%2C150 450w\" sizes=\"auto, (max-width: 150px) 100vw, 150px\" \/><\/a>Nous empruntons \u00e0 la m\u00e9diath\u00e8que <span style=\"text-decoration: underline;\">O\u00f9 l&rsquo;oc\u00e9an rencontre le ciel<\/span> des The Fan Brother (\u00e9d. Little Urban, 2019), un album jeunesse \u00e0 partir de 3 ans. Lucas vient de perdre son grand-p\u00e8re. Le jour o\u00f9 ce dernier aurait d\u00fb f\u00eater son anniversaire, le jeune gar\u00e7on repense \u00e0 lui et au projet de voyage qu&rsquo;ils avaient pr\u00e9vu de faire ensemble. <\/em><em> Lucas construit un bateau et s&rsquo;endort. <\/em><em>Commence alors un incroyable voyage pour le jeune gar\u00e7on. Parviendra-t-il \u00e0 l&rsquo;endroit si souvent racont\u00e9 par son grand-p\u00e8re, l\u00e0 o\u00f9 l&rsquo;oc\u00e9an rencontre le ciel?<\/em><\/p>\n<p style=\"text-align: justify;\"><em><a href=\"https:\/\/i0.wp.com\/www.jojoenherbe.com\/wp-content\/uploads\/2020\/10\/Ou-locean-rencontre-le-ciel-2-scaled.jpg\"><img data-recalc-dims=\"1\" loading=\"lazy\" decoding=\"async\" data-attachment-id=\"13077\" data-permalink=\"http:\/\/www.jojoenherbe.com\/index.php\/2020\/10\/19\/au-fil-des-pages-avec-ou-locean-rencontre-le-ciel\/ou-locean-rencontre-le-ciel-2\/\" data-orig-file=\"https:\/\/i0.wp.com\/www.jojoenherbe.com\/wp-content\/uploads\/2020\/10\/Ou-locean-rencontre-le-ciel-2-scaled.jpg?fit=2560%2C1576\" data-orig-size=\"2560,1576\" data-comments-opened=\"1\" data-image-meta=\"{&quot;aperture&quot;:&quot;1.8&quot;,&quot;credit&quot;:&quot;&quot;,&quot;camera&quot;:&quot;iPhone 7&quot;,&quot;caption&quot;:&quot;&quot;,&quot;created_timestamp&quot;:&quot;1597936925&quot;,&quot;copyright&quot;:&quot;&quot;,&quot;focal_length&quot;:&quot;3.99&quot;,&quot;iso&quot;:&quot;100&quot;,&quot;shutter_speed&quot;:&quot;0.058823529411765&quot;,&quot;title&quot;:&quot;&quot;,&quot;orientation&quot;:&quot;1&quot;}\" data-image-title=\"O\u00f9 l&amp;rsquo;oc\u00e9an rencontre le ciel 2\" data-image-description=\"\" data-image-caption=\"\" data-large-file=\"https:\/\/i0.wp.com\/www.jojoenherbe.com\/wp-content\/uploads\/2020\/10\/Ou-locean-rencontre-le-ciel-2-scaled.jpg?fit=676%2C416\" class=\"size-thumbnail wp-image-13077 alignright\" src=\"https:\/\/i0.wp.com\/www.jojoenherbe.com\/wp-content\/uploads\/2020\/10\/Ou-locean-rencontre-le-ciel-2.jpg?resize=150%2C150\" alt=\"\" width=\"150\" height=\"150\" srcset=\"https:\/\/i0.wp.com\/www.jojoenherbe.com\/wp-content\/uploads\/2020\/10\/Ou-locean-rencontre-le-ciel-2-scaled.jpg?resize=150%2C150 150w, https:\/\/i0.wp.com\/www.jojoenherbe.com\/wp-content\/uploads\/2020\/10\/Ou-locean-rencontre-le-ciel-2-scaled.jpg?zoom=2&amp;resize=150%2C150 300w, https:\/\/i0.wp.com\/www.jojoenherbe.com\/wp-content\/uploads\/2020\/10\/Ou-locean-rencontre-le-ciel-2-scaled.jpg?zoom=3&amp;resize=150%2C150 450w\" sizes=\"auto, (max-width: 150px) 100vw, 150px\" \/><\/a> <a href=\"https:\/\/i0.wp.com\/www.jojoenherbe.com\/wp-content\/uploads\/2020\/10\/Ou-locean-rencontre-le-ciel-3-scaled.jpg\"><img data-recalc-dims=\"1\" loading=\"lazy\" decoding=\"async\" data-attachment-id=\"13078\" data-permalink=\"http:\/\/www.jojoenherbe.com\/index.php\/2020\/10\/19\/au-fil-des-pages-avec-ou-locean-rencontre-le-ciel\/ou-locean-rencontre-le-ciel-3\/\" data-orig-file=\"https:\/\/i0.wp.com\/www.jojoenherbe.com\/wp-content\/uploads\/2020\/10\/Ou-locean-rencontre-le-ciel-3-scaled.jpg?fit=2560%2C1543\" data-orig-size=\"2560,1543\" data-comments-opened=\"1\" data-image-meta=\"{&quot;aperture&quot;:&quot;1.8&quot;,&quot;credit&quot;:&quot;&quot;,&quot;camera&quot;:&quot;iPhone 7&quot;,&quot;caption&quot;:&quot;&quot;,&quot;created_timestamp&quot;:&quot;1597936937&quot;,&quot;copyright&quot;:&quot;&quot;,&quot;focal_length&quot;:&quot;3.99&quot;,&quot;iso&quot;:&quot;100&quot;,&quot;shutter_speed&quot;:&quot;0.076923076923077&quot;,&quot;title&quot;:&quot;&quot;,&quot;orientation&quot;:&quot;1&quot;}\" data-image-title=\"O\u00f9 l&amp;rsquo;oc\u00e9an rencontre le ciel 3\" data-image-description=\"\" data-image-caption=\"\" data-large-file=\"https:\/\/i0.wp.com\/www.jojoenherbe.com\/wp-content\/uploads\/2020\/10\/Ou-locean-rencontre-le-ciel-3-scaled.jpg?fit=676%2C407\" class=\"size-thumbnail wp-image-13078 alignright\" src=\"https:\/\/i0.wp.com\/www.jojoenherbe.com\/wp-content\/uploads\/2020\/10\/Ou-locean-rencontre-le-ciel-3.jpg?resize=150%2C150\" alt=\"\" width=\"150\" height=\"150\" srcset=\"https:\/\/i0.wp.com\/www.jojoenherbe.com\/wp-content\/uploads\/2020\/10\/Ou-locean-rencontre-le-ciel-3-scaled.jpg?resize=150%2C150 150w, https:\/\/i0.wp.com\/www.jojoenherbe.com\/wp-content\/uploads\/2020\/10\/Ou-locean-rencontre-le-ciel-3-scaled.jpg?zoom=2&amp;resize=150%2C150 300w, https:\/\/i0.wp.com\/www.jojoenherbe.com\/wp-content\/uploads\/2020\/10\/Ou-locean-rencontre-le-ciel-3-scaled.jpg?zoom=3&amp;resize=150%2C150 450w\" sizes=\"auto, (max-width: 150px) 100vw, 150px\" \/><\/a>Les illustrations sont magnifiques et oniriques refl\u00e9tant les souvenirs, l&rsquo;imagination et les \u00e9motions du petit gar\u00e7on. D\u00e8s la couverture pleine page ou encore les pages de garde,\u00a0 nous sommes plong\u00e9s dans un voyage onirique parmi d&rsquo;immenses animaux spectaculaires ou bateaux fantastiques (et m\u00eame un bateau-pirate). L&rsquo;histoire aborde ainsi le th\u00e8me du deuil et de son acceptation, un th\u00e8me bien difficile pour les jeunes lecteurs qui n&rsquo;en percevront sans doute pas toutes les subtilit\u00e9s mais qui seront \u00e9merveill\u00e9s par le r\u00eave de Lucas. <\/em><em>Coup de c\u0153ur pour cet album jeunesse touchant et \u00e9mouvant!<\/em><\/p>\n<div style=\"width: 132px\" class=\"wp-caption aligncenter\"><img loading=\"lazy\" decoding=\"async\" class=\"\" src=\"https:\/\/lh3.googleusercontent.com\/yeyHsyE8ePB9xQx2t9obPo4nIUGeuGsS-P1wwGiEip3f9lcFED23VkM1Pr5hYoy4puCex2GzVOyZNHjl5qeUnhImyiKFqwfTaONmF_HEc7SEvgxhr1eZXuJ6zzg9JfEY4XADWBPBCxMLePs3HiWfgCjRFVaAIkiQhaX8RGfOMzZhoMNQUFFuWlglQGRva5RIkSFvo7nk3yMWVz4PgUXBK3Uof2Hf073K4C6YvQC1u6gRN2BCr4tNyqitAlYfULcqVlua9UK9L5kLVOZWs2-xrAzDf1K3rxU8pxE6Fdm1EI8_YbPW09CsTNa9CW1z0lvieJ6Ify6BbltA9XBnOC99XwB4E833hDdb9KWRbKTb8bwsVGIAFF1x2JkOCAWTkq3OtXJmlgaccySEr2PvCr9rzIA4GtrzB04GpU7RNPlnkfNDjtPoy6UR5nf5SD-RQvfrkHaKDQocAHpi1MoHr0bWF4h3F08r5y_TM01DqKXAgeInHehhuxNBZ4LGs7Emk2ol6RPfVd4UEj0916JVKRknXSsSbJG_50ptPlCGTOdHDTOUMc6x63Wp68_DnNhG9qn5FPKuDHhZvC008a4nifQFWuKVT6HvqNgW-LcvXb0wnjbSwgS8qwHb3LtHJj3uAe971aQRDPkS146UchPgCLNczeUje4Y3YFpuV4P1KYu67RSdAOITJNzzSRO2Dycc1PCqSdc7IoPwLu0-aT-FJ0m-KvlkUQLXoamPhl2WKbODyZSfc5ZT=w285-h217-no\" alt=\"\" width=\"122\" height=\"93\" \/><p class=\"wp-caption-text\"><a href=\"https:\/\/ennalit.wordpress.com\/2019\/12\/01\/challenge-petit-bac-2020-qui-veut-jouer\/\">Challenge Petit Bac d&rsquo;Enna<\/a> #11 Cat\u00e9gorie Amour et relations amoureuses: \u00ab\u00a0Rencontre\u00a0\u00bb<\/p><\/div>\n","protected":false},"excerpt":{"rendered":"<p>Nous empruntons \u00e0 la m\u00e9diath\u00e8que O\u00f9 l&rsquo;oc\u00e9an rencontre le ciel des The Fan Brother (\u00e9d. Little Urban, 2019), un album jeunesse \u00e0 partir de 3 ans. Lucas vient de perdre son grand-p\u00e8re. Le jour o\u00f9 ce dernier aurait d\u00fb f\u00eater son anniversaire, le jeune gar\u00e7on repense \u00e0 lui et au projet de voyage qu&rsquo;ils avaient [&hellip;]<\/p>\n","protected":false},"author":1,"featured_media":13084,"comment_status":"open","ping_status":"open","sticky":false,"template":"","format":"standard","meta":{"jetpack_post_was_ever_published":false,"_jetpack_newsletter_access":"","_jetpack_dont_email_post_to_subs":false,"_jetpack_newsletter_tier_id":0,"_jetpack_memberships_contains_paywalled_content":false,"_jetpack_memberships_contains_paid_content":false,"footnotes":""},"categories":[363],"tags":[785,409,1532,1352,936,576,1283,367,660,798,1075,1545,1186],"class_list":["post-13076","post","type-post","status-publish","format-standard","has-post-thumbnail","hentry","category-mini-lecteur","tag-3-6-ans","tag-albums-jeunesse","tag-bateau","tag-challenge-petit-bac-2020","tag-deuil","tag-emotions","tag-grand-pere","tag-lecture-jeunesse","tag-ocean","tag-reve","tag-souvenirs","tag-the-fan-brothers","tag-voyage","post-preview"],"jetpack_featured_media_url":"https:\/\/i0.wp.com\/www.jojoenherbe.com\/wp-content\/uploads\/2020\/10\/Ou-locean-rencontre-le-ciel-scaled.jpg?fit=2560%2C1920","jetpack_sharing_enabled":true,"jetpack_shortlink":"https:\/\/wp.me\/p9zhGx-3oU","jetpack_likes_enabled":true,"jetpack-related-posts":[{"id":39856,"url":"http:\/\/www.jojoenherbe.com\/index.php\/2025\/06\/26\/throwback-thursday-livresque-couverture-avec-un-bateau\/","url_meta":{"origin":13076,"position":0},"title":"Throwback Thursday Livresque: Couverture avec un bateau","author":"Jojo","date":"26 juin 2025","format":false,"excerpt":"Ce jeudi 26 juin 2025, je participe au Throwback Thursday Livresque, un rendez-vous livresque initialement chez Bettie Rose Books et repris depuis par Carole, les liens \u00e9tant \u00e0 d\u00e9poser chez My-Bo0ks. Le principe est de partager chaque jeudi un livre en fonction d\u2019un th\u00e8me donn\u00e9. Cette semaine, le th\u00e8me est\u2026","rel":"","context":"Dans &quot;Mini blogueur&quot;","block_context":{"text":"Mini blogueur","link":"http:\/\/www.jojoenherbe.com\/index.php\/category\/mini-blogueur\/"},"img":{"alt_text":"","src":"https:\/\/i0.wp.com\/www.jojoenherbe.com\/wp-content\/uploads\/2023\/10\/TTL-logo.jpg?resize=350%2C200","width":350,"height":200},"classes":[]},{"id":13136,"url":"http:\/\/www.jojoenherbe.com\/index.php\/2020\/10\/25\/deuxieme-alphabet-de-jojoenherbeetcieillustre-b-comme-baleine\/","url_meta":{"origin":13076,"position":1},"title":"Deuxi\u00e8me alphabet des animaux: B comme Baleine","author":"Jojo","date":"25 octobre 2020","format":false,"excerpt":"Pour la semaine 28 de mon challenge sur Instagram #jojoenherbeetcieillustre qui associe la premi\u00e8re lettre d'un animal avec une illustration tir\u00e9e de la litt\u00e9rature jeunesse en suivant l'ordre de l'alphabet, il s'agit du B comme Baleine. Alors voici notre s\u00e9lection des baleines qui sera mise \u00e0 jour au fur-et-\u00e0-mesure de\u2026","rel":"","context":"Dans &quot;Mini challenger&quot;","block_context":{"text":"Mini challenger","link":"http:\/\/www.jojoenherbe.com\/index.php\/category\/mini-challenger\/"},"img":{"alt_text":"","src":"https:\/\/i0.wp.com\/www.jojoenherbe.com\/wp-content\/uploads\/2020\/10\/Selection-Baleines-scaled.jpg?fit=1200%2C900&resize=350%2C200","width":350,"height":200,"srcset":"https:\/\/i0.wp.com\/www.jojoenherbe.com\/wp-content\/uploads\/2020\/10\/Selection-Baleines-scaled.jpg?fit=1200%2C900&resize=350%2C200 1x, https:\/\/i0.wp.com\/www.jojoenherbe.com\/wp-content\/uploads\/2020\/10\/Selection-Baleines-scaled.jpg?fit=1200%2C900&resize=525%2C300 1.5x, https:\/\/i0.wp.com\/www.jojoenherbe.com\/wp-content\/uploads\/2020\/10\/Selection-Baleines-scaled.jpg?fit=1200%2C900&resize=700%2C400 2x, https:\/\/i0.wp.com\/www.jojoenherbe.com\/wp-content\/uploads\/2020\/10\/Selection-Baleines-scaled.jpg?fit=1200%2C900&resize=1050%2C600 3x"},"classes":[]},{"id":11068,"url":"http:\/\/www.jojoenherbe.com\/index.php\/2020\/06\/06\/au-fil-des-pages-avec-le-fabuleux-voyage-du-bateau-cerf\/","url_meta":{"origin":13076,"position":2},"title":"Au fil des pages avec Le fabuleux voyage du bateau-cerf","author":"Jojo","date":"6 juin 2020","format":false,"excerpt":"Nous empruntons \u00e0 la m\u00e9diath\u00e8que Le fabuleux voyage du bateau-cerf de Dashka Slater et The Fan Brothers - Eric et Terry Fan (\u00e9d. Little Urban, 2018), un album jeunesse \u00e0 partir de 3 ans. Marco le renard quitte son pays pour int\u00e9grer l'\u00e9quipage du bateau-cerf dont la biche Sylvia est\u2026","rel":"","context":"Dans &quot;Mini lecteur&quot;","block_context":{"text":"Mini lecteur","link":"http:\/\/www.jojoenherbe.com\/index.php\/category\/mini-lecteur\/"},"img":{"alt_text":"","src":"https:\/\/i0.wp.com\/www.jojoenherbe.com\/wp-content\/uploads\/2020\/05\/Le-fabuleux-voyage-du-bateau-cerf-scaled.jpg?fit=1200%2C683&resize=350%2C200","width":350,"height":200,"srcset":"https:\/\/i0.wp.com\/www.jojoenherbe.com\/wp-content\/uploads\/2020\/05\/Le-fabuleux-voyage-du-bateau-cerf-scaled.jpg?fit=1200%2C683&resize=350%2C200 1x, https:\/\/i0.wp.com\/www.jojoenherbe.com\/wp-content\/uploads\/2020\/05\/Le-fabuleux-voyage-du-bateau-cerf-scaled.jpg?fit=1200%2C683&resize=525%2C300 1.5x, https:\/\/i0.wp.com\/www.jojoenherbe.com\/wp-content\/uploads\/2020\/05\/Le-fabuleux-voyage-du-bateau-cerf-scaled.jpg?fit=1200%2C683&resize=700%2C400 2x, https:\/\/i0.wp.com\/www.jojoenherbe.com\/wp-content\/uploads\/2020\/05\/Le-fabuleux-voyage-du-bateau-cerf-scaled.jpg?fit=1200%2C683&resize=1050%2C600 3x"},"classes":[]},{"id":11512,"url":"http:\/\/www.jojoenherbe.com\/index.php\/2020\/07\/10\/au-fil-des-pages-avec-lhomme-montagne\/","url_meta":{"origin":13076,"position":3},"title":"Au fil des pages avec L&rsquo;homme montagne","author":"Jojo","date":"10 juillet 2020","format":false,"excerpt":"J'emprunte \u00e0 la m\u00e9diath\u00e8que L'homme montagne\u00a0 de S\u00e9verine Gauthier et Am\u00e9lie Fl\u00e9chais (\u00e9d. Delcourt Jeunesse, 2015), une BD jeunesse \u00e0 partir de 6 ans. Grand-p\u00e8re se pr\u00e9pare pour son dernier voyage, ne pouvant plus avancer sous le poids des montagnes qui ont pouss\u00e9 sur son dos sa vie durant. Son\u2026","rel":"","context":"Dans &quot;Mini lecteur&quot;","block_context":{"text":"Mini lecteur","link":"http:\/\/www.jojoenherbe.com\/index.php\/category\/mini-lecteur\/"},"img":{"alt_text":"","src":"https:\/\/i0.wp.com\/www.jojoenherbe.com\/wp-content\/uploads\/2020\/07\/Lhomme-montagne-scaled.jpg?fit=1200%2C900&resize=350%2C200","width":350,"height":200,"srcset":"https:\/\/i0.wp.com\/www.jojoenherbe.com\/wp-content\/uploads\/2020\/07\/Lhomme-montagne-scaled.jpg?fit=1200%2C900&resize=350%2C200 1x, https:\/\/i0.wp.com\/www.jojoenherbe.com\/wp-content\/uploads\/2020\/07\/Lhomme-montagne-scaled.jpg?fit=1200%2C900&resize=525%2C300 1.5x, https:\/\/i0.wp.com\/www.jojoenherbe.com\/wp-content\/uploads\/2020\/07\/Lhomme-montagne-scaled.jpg?fit=1200%2C900&resize=700%2C400 2x, https:\/\/i0.wp.com\/www.jojoenherbe.com\/wp-content\/uploads\/2020\/07\/Lhomme-montagne-scaled.jpg?fit=1200%2C900&resize=1050%2C600 3x"},"classes":[]},{"id":34807,"url":"http:\/\/www.jojoenherbe.com\/index.php\/2024\/02\/16\/au-fil-des-pages-avec-le-pirate-de-coeur\/","url_meta":{"origin":13076,"position":4},"title":"Au fil des pages avec Le Pirate de c\u0153ur","author":"Jojo","date":"16 f\u00e9vrier 2024","format":false,"excerpt":"Nous avons relu Le Pirate de c\u0153ur de S\u00e9bastien Perez et Justine Brax (\u00e9d. Albin Michel Jeunesse, septembre 2019, 32 pages), un album jeunesse grand format \u00e0 partir de 6 ans. Fils et petit-fils de pirate, Louis pense sa vie toute trac\u00e9e. Mais le temps passant \u00e0 naviguer \u00e0 bord\u2026","rel":"","context":"Dans &quot;Mini lecteur&quot;","block_context":{"text":"Mini lecteur","link":"http:\/\/www.jojoenherbe.com\/index.php\/category\/mini-lecteur\/"},"img":{"alt_text":"","src":"https:\/\/i0.wp.com\/www.jojoenherbe.com\/wp-content\/uploads\/2024\/02\/Le-pirate-de-coeur-scaled.jpg?fit=1200%2C900&resize=350%2C200","width":350,"height":200,"srcset":"https:\/\/i0.wp.com\/www.jojoenherbe.com\/wp-content\/uploads\/2024\/02\/Le-pirate-de-coeur-scaled.jpg?fit=1200%2C900&resize=350%2C200 1x, https:\/\/i0.wp.com\/www.jojoenherbe.com\/wp-content\/uploads\/2024\/02\/Le-pirate-de-coeur-scaled.jpg?fit=1200%2C900&resize=525%2C300 1.5x, https:\/\/i0.wp.com\/www.jojoenherbe.com\/wp-content\/uploads\/2024\/02\/Le-pirate-de-coeur-scaled.jpg?fit=1200%2C900&resize=700%2C400 2x, https:\/\/i0.wp.com\/www.jojoenherbe.com\/wp-content\/uploads\/2024\/02\/Le-pirate-de-coeur-scaled.jpg?fit=1200%2C900&resize=1050%2C600 3x"},"classes":[]},{"id":20111,"url":"http:\/\/www.jojoenherbe.com\/index.php\/2021\/08\/06\/au-fil-des-pages-avec-des-vagues\/","url_meta":{"origin":13076,"position":5},"title":"Au fil des pages avec Des vagues","author":"Jojo","date":"6 ao\u00fbt 2021","format":false,"excerpt":"Lors de notre pique-nique sur la plage de Saint-Jean-Cap-Ferrat d'hier soir, nous avons relu Des vagues d'Isabelle Simler (\u00e9d. courtes et longues, 2014), un album jeunesse grand format \u00e0 partir de 2\/3 ans. Un jeune enfant plonge dans les vagues au plus pr\u00e8s des animaux marins, que ce soit un\u2026","rel":"","context":"Dans &quot;Mini lecteur&quot;","block_context":{"text":"Mini lecteur","link":"http:\/\/www.jojoenherbe.com\/index.php\/category\/mini-lecteur\/"},"img":{"alt_text":"","src":"https:\/\/i0.wp.com\/www.jojoenherbe.com\/wp-content\/uploads\/2021\/08\/Des-vagues-scaled.jpg?fit=900%2C1200&resize=350%2C200","width":350,"height":200,"srcset":"https:\/\/i0.wp.com\/www.jojoenherbe.com\/wp-content\/uploads\/2021\/08\/Des-vagues-scaled.jpg?fit=900%2C1200&resize=350%2C200 1x, https:\/\/i0.wp.com\/www.jojoenherbe.com\/wp-content\/uploads\/2021\/08\/Des-vagues-scaled.jpg?fit=900%2C1200&resize=525%2C300 1.5x, https:\/\/i0.wp.com\/www.jojoenherbe.com\/wp-content\/uploads\/2021\/08\/Des-vagues-scaled.jpg?fit=900%2C1200&resize=700%2C400 2x"},"classes":[]}],"_links":{"self":[{"href":"http:\/\/www.jojoenherbe.com\/index.php\/wp-json\/wp\/v2\/posts\/13076","targetHints":{"allow":["GET"]}}],"collection":[{"href":"http:\/\/www.jojoenherbe.com\/index.php\/wp-json\/wp\/v2\/posts"}],"about":[{"href":"http:\/\/www.jojoenherbe.com\/index.php\/wp-json\/wp\/v2\/types\/post"}],"author":[{"embeddable":true,"href":"http:\/\/www.jojoenherbe.com\/index.php\/wp-json\/wp\/v2\/users\/1"}],"replies":[{"embeddable":true,"href":"http:\/\/www.jojoenherbe.com\/index.php\/wp-json\/wp\/v2\/comments?post=13076"}],"version-history":[{"count":0,"href":"http:\/\/www.jojoenherbe.com\/index.php\/wp-json\/wp\/v2\/posts\/13076\/revisions"}],"wp:featuredmedia":[{"embeddable":true,"href":"http:\/\/www.jojoenherbe.com\/index.php\/wp-json\/wp\/v2\/media\/13084"}],"wp:attachment":[{"href":"http:\/\/www.jojoenherbe.com\/index.php\/wp-json\/wp\/v2\/media?parent=13076"}],"wp:term":[{"taxonomy":"category","embeddable":true,"href":"http:\/\/www.jojoenherbe.com\/index.php\/wp-json\/wp\/v2\/categories?post=13076"},{"taxonomy":"post_tag","embeddable":true,"href":"http:\/\/www.jojoenherbe.com\/index.php\/wp-json\/wp\/v2\/tags?post=13076"}],"curies":[{"name":"wp","href":"https:\/\/api.w.org\/{rel}","templated":true}]}}