{"id":12991,"date":"2020-10-15T16:01:07","date_gmt":"2020-10-15T14:01:07","guid":{"rendered":"http:\/\/www.jojoenherbe.com\/?p=12991"},"modified":"2022-02-18T10:12:05","modified_gmt":"2022-02-18T09:12:05","slug":"au-fil-des-pages-avec-amandine-malabul-sorciere-maladroite","status":"publish","type":"post","link":"http:\/\/www.jojoenherbe.com\/index.php\/2020\/10\/15\/au-fil-des-pages-avec-amandine-malabul-sorciere-maladroite\/","title":{"rendered":"Au fil des pages avec Amandine Malabul Sorci\u00e8re maladroite"},"content":{"rendered":"<p style=\"text-align: justify;\"><em><a href=\"https:\/\/i0.wp.com\/www.jojoenherbe.com\/wp-content\/uploads\/2020\/10\/Amandine-Malabul-Sorciere-maladroite-3-scaled.jpg\"><img data-recalc-dims=\"1\" loading=\"lazy\" decoding=\"async\" data-attachment-id=\"12993\" data-permalink=\"http:\/\/www.jojoenherbe.com\/index.php\/2020\/10\/01\/notre-selection-sorcieres-pour-le-challenge-halloween\/amandine-malabul-sorciere-maladroite-3\/\" data-orig-file=\"https:\/\/i0.wp.com\/www.jojoenherbe.com\/wp-content\/uploads\/2020\/10\/Amandine-Malabul-Sorciere-maladroite-3-scaled.jpg?fit=2560%2C1920\" data-orig-size=\"2560,1920\" data-comments-opened=\"1\" data-image-meta=\"{&quot;aperture&quot;:&quot;1.8&quot;,&quot;credit&quot;:&quot;&quot;,&quot;camera&quot;:&quot;iPhone 7&quot;,&quot;caption&quot;:&quot;&quot;,&quot;created_timestamp&quot;:&quot;1602771739&quot;,&quot;copyright&quot;:&quot;&quot;,&quot;focal_length&quot;:&quot;3.99&quot;,&quot;iso&quot;:&quot;64&quot;,&quot;shutter_speed&quot;:&quot;0.058823529411765&quot;,&quot;title&quot;:&quot;&quot;,&quot;orientation&quot;:&quot;1&quot;}\" data-image-title=\"Amandine Malabul Sorci\u00e8re maladroite 3\" data-image-description=\"\" data-image-caption=\"\" data-large-file=\"https:\/\/i0.wp.com\/www.jojoenherbe.com\/wp-content\/uploads\/2020\/10\/Amandine-Malabul-Sorciere-maladroite-3-scaled.jpg?fit=676%2C507\" class=\"alignleft wp-image-12993 size-thumbnail\" src=\"https:\/\/i0.wp.com\/www.jojoenherbe.com\/wp-content\/uploads\/2020\/10\/Amandine-Malabul-Sorciere-maladroite-3.jpg?resize=150%2C150\" alt=\"\" width=\"150\" height=\"150\" srcset=\"https:\/\/i0.wp.com\/www.jojoenherbe.com\/wp-content\/uploads\/2020\/10\/Amandine-Malabul-Sorciere-maladroite-3-scaled.jpg?resize=150%2C150 150w, https:\/\/i0.wp.com\/www.jojoenherbe.com\/wp-content\/uploads\/2020\/10\/Amandine-Malabul-Sorciere-maladroite-3-scaled.jpg?zoom=2&amp;resize=150%2C150 300w, https:\/\/i0.wp.com\/www.jojoenherbe.com\/wp-content\/uploads\/2020\/10\/Amandine-Malabul-Sorciere-maladroite-3-scaled.jpg?zoom=3&amp;resize=150%2C150 450w\" sizes=\"auto, (max-width: 150px) 100vw, 150px\" \/><\/a> <a href=\"https:\/\/i0.wp.com\/www.jojoenherbe.com\/wp-content\/uploads\/2020\/10\/Amandine-Malabul-Sorciere-maladroite-2-scaled.jpg\"><img data-recalc-dims=\"1\" loading=\"lazy\" decoding=\"async\" data-attachment-id=\"12992\" data-permalink=\"http:\/\/www.jojoenherbe.com\/index.php\/2020\/10\/01\/notre-selection-sorcieres-pour-le-challenge-halloween\/amandine-malabul-sorciere-maladroite-2\/\" data-orig-file=\"https:\/\/i0.wp.com\/www.jojoenherbe.com\/wp-content\/uploads\/2020\/10\/Amandine-Malabul-Sorciere-maladroite-2-scaled.jpg?fit=2560%2C1920\" data-orig-size=\"2560,1920\" data-comments-opened=\"1\" data-image-meta=\"{&quot;aperture&quot;:&quot;1.8&quot;,&quot;credit&quot;:&quot;&quot;,&quot;camera&quot;:&quot;iPhone 7&quot;,&quot;caption&quot;:&quot;&quot;,&quot;created_timestamp&quot;:&quot;1602771691&quot;,&quot;copyright&quot;:&quot;&quot;,&quot;focal_length&quot;:&quot;3.99&quot;,&quot;iso&quot;:&quot;80&quot;,&quot;shutter_speed&quot;:&quot;0.058823529411765&quot;,&quot;title&quot;:&quot;&quot;,&quot;orientation&quot;:&quot;1&quot;}\" data-image-title=\"Amandine Malabul Sorci\u00e8re maladroite 2\" data-image-description=\"\" data-image-caption=\"\" data-large-file=\"https:\/\/i0.wp.com\/www.jojoenherbe.com\/wp-content\/uploads\/2020\/10\/Amandine-Malabul-Sorciere-maladroite-2-scaled.jpg?fit=676%2C507\" class=\"alignleft wp-image-12992 size-thumbnail\" src=\"https:\/\/i0.wp.com\/www.jojoenherbe.com\/wp-content\/uploads\/2020\/10\/Amandine-Malabul-Sorciere-maladroite-2.jpg?resize=150%2C150\" alt=\"\" width=\"150\" height=\"150\" srcset=\"https:\/\/i0.wp.com\/www.jojoenherbe.com\/wp-content\/uploads\/2020\/10\/Amandine-Malabul-Sorciere-maladroite-2-scaled.jpg?resize=150%2C150 150w, https:\/\/i0.wp.com\/www.jojoenherbe.com\/wp-content\/uploads\/2020\/10\/Amandine-Malabul-Sorciere-maladroite-2-scaled.jpg?zoom=2&amp;resize=150%2C150 300w, https:\/\/i0.wp.com\/www.jojoenherbe.com\/wp-content\/uploads\/2020\/10\/Amandine-Malabul-Sorciere-maladroite-2-scaled.jpg?zoom=3&amp;resize=150%2C150 450w\" sizes=\"auto, (max-width: 150px) 100vw, 150px\" \/><\/a>J&#8217;emprunte \u00e0 la m\u00e9diath\u00e8que un roman jeunesse que j&rsquo;avais lu pour la premi\u00e8re fois lorsque j&rsquo;\u00e9tais en primaire, <span style=\"text-decoration: underline;\">Amandine Malabul Sorci\u00e8re maladroite<\/span> de Jill Murphy (\u00e9d. Gallimard Jeunesse, coll. Folio Cadet, 1990, r\u00e9\u00e9d. 2004), \u00e0 partir de 8 ans. Amandine Malabul est une jeune sorci\u00e8re en premi\u00e8re ann\u00e9e \u00e0 l&rsquo;Acad\u00e9mie Sup\u00e9rieure de Sorcellerie. Mais l&rsquo;apprentissage de la sorcellerie est bien difficile, notamment pour apprendre \u00e0 voler avec son balai ou fabriquer des potions magiques. De par sa maladresse ou sa malchance, elle est souvent r\u00e9primand\u00e9e par son professeur, Mademoiselle B\u00e2tonsec et convoqu\u00e9e dans le bureau de la directrice, Mademoiselle Jollidodue. Heureusement, la jeune sorci\u00e8re <\/em><em>peut compter sur son amie Pam\u00e9la et son petit chat tigr\u00e9, Petitpas. Mais bient\u00f4t, un complot semble se tramer. Et si Amandine Malabul \u00e9tait capable de l&rsquo;en emp\u00eacher?<\/em><\/p>\n<p style=\"text-align: justify;\"><em>C&rsquo;est avec grand plaisir que je me replonge dans cette lecture d&rsquo;enfance, Jill Murphy ayant \u00e9crit les aventures de cette sorci\u00e8re attachante mais maladroite en 1974, bien avant la d\u00e9ferlante Harry Potter. Le texte plaisant, dr\u00f4le et facile \u00e0 lire est accompagn\u00e9 de jolies illustrations en noir et blanc avec des sorci\u00e8res tout de noir v\u00eatues avec leur balai volant et leur chat noir, \u00e0 l&rsquo;exception de Petitpas. Il y est question de sorcellerie, d&rsquo;amiti\u00e9 et d&rsquo;estime de soi. Un tr\u00e8s bon moment de lecture qui plaira aux jeunes lecteurs amateurs de sorcellerie!<\/em><\/p>\n<div style=\"width: 159px\" class=\"wp-caption alignleft\"><img data-recalc-dims=\"1\" loading=\"lazy\" decoding=\"async\" id=\"media-6174477\" class=\"\" src=\"https:\/\/i0.wp.com\/www.lelivroblog.fr\/media\/00\/01\/1645231641.jpg?resize=149%2C99\" alt=\"Logo, Challenge Halloween 2020, sorci\u00e8res\" width=\"149\" height=\"99\" \/><p class=\"wp-caption-text\">Challenge Halloween de <a href=\"http:\/\/www.lelivroblog.fr\/archive\/2020\/09\/08\/le-challenge-halloween-2020-6262057.html\">Hilde<\/a> et <a href=\"http:\/\/www.myloubook.com\/2020\/09\/08\/challenge-halloween-2020-rendez-vous-pour-nos-11-ans\/\">Lou<\/a><\/p><\/div>\n<div style=\"width: 125px\" class=\"wp-caption alignleft\"><img loading=\"lazy\" decoding=\"async\" class=\"\" src=\"https:\/\/lh3.googleusercontent.com\/yeyHsyE8ePB9xQx2t9obPo4nIUGeuGsS-P1wwGiEip3f9lcFED23VkM1Pr5hYoy4puCex2GzVOyZNHjl5qeUnhImyiKFqwfTaONmF_HEc7SEvgxhr1eZXuJ6zzg9JfEY4XADWBPBCxMLePs3HiWfgCjRFVaAIkiQhaX8RGfOMzZhoMNQUFFuWlglQGRva5RIkSFvo7nk3yMWVz4PgUXBK3Uof2Hf073K4C6YvQC1u6gRN2BCr4tNyqitAlYfULcqVlua9UK9L5kLVOZWs2-xrAzDf1K3rxU8pxE6Fdm1EI8_YbPW09CsTNa9CW1z0lvieJ6Ify6BbltA9XBnOC99XwB4E833hDdb9KWRbKTb8bwsVGIAFF1x2JkOCAWTkq3OtXJmlgaccySEr2PvCr9rzIA4GtrzB04GpU7RNPlnkfNDjtPoy6UR5nf5SD-RQvfrkHaKDQocAHpi1MoHr0bWF4h3F08r5y_TM01DqKXAgeInHehhuxNBZ4LGs7Emk2ol6RPfVd4UEj0916JVKRknXSsSbJG_50ptPlCGTOdHDTOUMc6x63Wp68_DnNhG9qn5FPKuDHhZvC008a4nifQFWuKVT6HvqNgW-LcvXb0wnjbSwgS8qwHb3LtHJj3uAe971aQRDPkS146UchPgCLNczeUje4Y3YFpuV4P1KYu67RSdAOITJNzzSRO2Dycc1PCqSdc7IoPwLu0-aT-FJ0m-KvlkUQLXoamPhl2WKbODyZSfc5ZT=w285-h217-no\" alt=\"\" width=\"115\" height=\"88\" \/><p class=\"wp-caption-text\"><a href=\"https:\/\/ennalit.wordpress.com\/2019\/12\/01\/challenge-petit-bac-2020-qui-veut-jouer\/\">Challenge Petit Bac d&rsquo;Enna<\/a> #10 Cat\u00e9gorie Crimes et Justice: \u00ab\u00a0Sorci\u00e8re\u00a0\u00bb<\/p><\/div>\n","protected":false},"excerpt":{"rendered":"<p>J&#8217;emprunte \u00e0 la m\u00e9diath\u00e8que un roman jeunesse que j&rsquo;avais lu pour la premi\u00e8re fois lorsque j&rsquo;\u00e9tais en primaire, Amandine Malabul Sorci\u00e8re maladroite de Jill Murphy (\u00e9d. Gallimard Jeunesse, coll. Folio Cadet, 1990, r\u00e9\u00e9d. 2004), \u00e0 partir de 8 ans. Amandine Malabul est une jeune sorci\u00e8re en premi\u00e8re ann\u00e9e \u00e0 l&rsquo;Acad\u00e9mie Sup\u00e9rieure de Sorcellerie. Mais l&rsquo;apprentissage [&hellip;]<\/p>\n","protected":false},"author":1,"featured_media":12997,"comment_status":"open","ping_status":"open","sticky":false,"template":"","format":"standard","meta":{"jetpack_post_was_ever_published":false,"_jetpack_newsletter_access":"","_jetpack_dont_email_post_to_subs":false,"_jetpack_newsletter_tier_id":0,"_jetpack_memberships_contains_paywalled_content":false,"_jetpack_memberships_contains_paid_content":false,"footnotes":""},"categories":[363],"tags":[1167,386,1749,1352,705,1854,740,897,1871,367,1797,727,789,854,340],"class_list":["post-12991","post","type-post","status-publish","format-standard","has-post-thumbnail","hentry","category-mini-lecteur","tag-8-11-ans","tag-amitie","tag-challenge-halloween-2020","tag-challenge-petit-bac-2020","tag-chat","tag-complot","tag-ecole","tag-estime-de-soi","tag-jill-murphy","tag-lecture-jeunesse","tag-lectures-dhalloween","tag-magie","tag-romans-jeunesse","tag-sorcellerie","tag-sorciere","post-preview"],"jetpack_featured_media_url":"https:\/\/i0.wp.com\/www.jojoenherbe.com\/wp-content\/uploads\/2020\/10\/Amandine-Malabul-Sorciere-maladroite-scaled.jpg?fit=2560%2C1920","jetpack_sharing_enabled":true,"jetpack_shortlink":"https:\/\/wp.me\/p9zhGx-3nx","jetpack_likes_enabled":true,"jetpack-related-posts":[{"id":12580,"url":"http:\/\/www.jojoenherbe.com\/index.php\/2020\/10\/01\/notre-selection-sorcieres-pour-le-challenge-halloween\/","url_meta":{"origin":12991,"position":0},"title":"Notre s\u00e9lection \u00ab\u00a0Sorci\u00e8res\u00a0\u00bb pour le Challenge Halloween","author":"Jojo","date":"1 octobre 2020","format":false,"excerpt":"Ce 1er octobre 2020, Hilde, Grande Sorci\u00e8re et coorganisatrice du Challenge Halloween pour sa 11\u00e8me \u00e9dition, a propos\u00e9 une superbe actualisation de son billet sp\u00e9cial Sorci\u00e8re et nous propose d'en faire un \u00e0 notre tour. Sit\u00f4t vu sit\u00f4t fait d'autant que cette ann\u00e9e j'ai d\u00e9j\u00e0 mis dans notre PAL de\u2026","rel":"","context":"Dans &quot;Mini challenger&quot;","block_context":{"text":"Mini challenger","link":"http:\/\/www.jojoenherbe.com\/index.php\/category\/mini-challenger\/"},"img":{"alt_text":"","src":"https:\/\/i0.wp.com\/www.jojoenherbe.com\/wp-content\/uploads\/2020\/10\/Billet-Sorciere-scaled.jpg?fit=1200%2C947&resize=350%2C200","width":350,"height":200,"srcset":"https:\/\/i0.wp.com\/www.jojoenherbe.com\/wp-content\/uploads\/2020\/10\/Billet-Sorciere-scaled.jpg?fit=1200%2C947&resize=350%2C200 1x, https:\/\/i0.wp.com\/www.jojoenherbe.com\/wp-content\/uploads\/2020\/10\/Billet-Sorciere-scaled.jpg?fit=1200%2C947&resize=525%2C300 1.5x, https:\/\/i0.wp.com\/www.jojoenherbe.com\/wp-content\/uploads\/2020\/10\/Billet-Sorciere-scaled.jpg?fit=1200%2C947&resize=700%2C400 2x, https:\/\/i0.wp.com\/www.jojoenherbe.com\/wp-content\/uploads\/2020\/10\/Billet-Sorciere-scaled.jpg?fit=1200%2C947&resize=1050%2C600 3x"},"classes":[]},{"id":21683,"url":"http:\/\/www.jojoenherbe.com\/index.php\/2021\/10\/20\/au-fil-des-pages-avec-la-petite-sorciere-et-la-foret-noire\/","url_meta":{"origin":12991,"position":1},"title":"Au fil des pages avec La petite sorci\u00e8re et la for\u00eat noire","author":"Jojo","date":"20 octobre 2021","format":false,"excerpt":"Lors du Halloween cosy RAT, nous avons lu La petite sorci\u00e8re et la for\u00eat noire de Chiaki Okada et Mutsumi Ishii (\u00e9d. Seuil Jeunesse, 2021), un album jeunesse \u00e0 partir de 3 ans et que j'avais rep\u00e9r\u00e9 bien avant sa parution, appr\u00e9ciant particuli\u00e8rement le travail de cette illustratrice. Par une\u2026","rel":"","context":"Dans &quot;Mini lecteur&quot;","block_context":{"text":"Mini lecteur","link":"http:\/\/www.jojoenherbe.com\/index.php\/category\/mini-lecteur\/"},"img":{"alt_text":"","src":"https:\/\/i0.wp.com\/www.jojoenherbe.com\/wp-content\/uploads\/2021\/10\/La-petite-sorciere-et-la-foret-noire-3-scaled.jpg?fit=1200%2C900&resize=350%2C200","width":350,"height":200,"srcset":"https:\/\/i0.wp.com\/www.jojoenherbe.com\/wp-content\/uploads\/2021\/10\/La-petite-sorciere-et-la-foret-noire-3-scaled.jpg?fit=1200%2C900&resize=350%2C200 1x, https:\/\/i0.wp.com\/www.jojoenherbe.com\/wp-content\/uploads\/2021\/10\/La-petite-sorciere-et-la-foret-noire-3-scaled.jpg?fit=1200%2C900&resize=525%2C300 1.5x, https:\/\/i0.wp.com\/www.jojoenherbe.com\/wp-content\/uploads\/2021\/10\/La-petite-sorciere-et-la-foret-noire-3-scaled.jpg?fit=1200%2C900&resize=700%2C400 2x, https:\/\/i0.wp.com\/www.jojoenherbe.com\/wp-content\/uploads\/2021\/10\/La-petite-sorciere-et-la-foret-noire-3-scaled.jpg?fit=1200%2C900&resize=1050%2C600 3x"},"classes":[]},{"id":8263,"url":"http:\/\/www.jojoenherbe.com\/index.php\/2019\/10\/30\/au-fil-des-pages-avec-vicky-la-petite-sorciere\/","url_meta":{"origin":12991,"position":2},"title":"Au fil des pages avec Vicky la petite sorci\u00e8re","author":"Jojo","date":"30 octobre 2019","format":false,"excerpt":"Nous empruntons \u00e0 la biblioth\u00e8que, Vicky la petite sorci\u00e8re de Marion Billet (\u00e9d. Lito, 2019), un album jeunesse cartonn\u00e9 \u00e0 flaps, \u00e0 partir de 10 mois. Vicky est une gentille sorci\u00e8re qui par m\u00e9garde \u00e0 transformer son chat Pelote en limace. Gr\u00e2ce aux flaps, le jeune lecteur doit vite l'aider\u2026","rel":"","context":"Dans &quot;Mini lecteur&quot;","block_context":{"text":"Mini lecteur","link":"http:\/\/www.jojoenherbe.com\/index.php\/category\/mini-lecteur\/"},"img":{"alt_text":"","src":"https:\/\/i0.wp.com\/www.jojoenherbe.com\/wp-content\/uploads\/2019\/10\/Vicky-la-petite-sorci%C3%A8re.jpg?fit=1200%2C1128&resize=350%2C200","width":350,"height":200,"srcset":"https:\/\/i0.wp.com\/www.jojoenherbe.com\/wp-content\/uploads\/2019\/10\/Vicky-la-petite-sorci%C3%A8re.jpg?fit=1200%2C1128&resize=350%2C200 1x, https:\/\/i0.wp.com\/www.jojoenherbe.com\/wp-content\/uploads\/2019\/10\/Vicky-la-petite-sorci%C3%A8re.jpg?fit=1200%2C1128&resize=525%2C300 1.5x, https:\/\/i0.wp.com\/www.jojoenherbe.com\/wp-content\/uploads\/2019\/10\/Vicky-la-petite-sorci%C3%A8re.jpg?fit=1200%2C1128&resize=700%2C400 2x, https:\/\/i0.wp.com\/www.jojoenherbe.com\/wp-content\/uploads\/2019\/10\/Vicky-la-petite-sorci%C3%A8re.jpg?fit=1200%2C1128&resize=1050%2C600 3x"},"classes":[]},{"id":13360,"url":"http:\/\/www.jojoenherbe.com\/index.php\/2020\/10\/28\/au-fil-des-pages-avec-les-lettres-de-mortimer-ma-sorciere-mexaspere\/","url_meta":{"origin":12991,"position":3},"title":"Au fil des pages avec Les lettres de Mortimer: Ma sorci\u00e8re m&rsquo;exasp\u00e8re!","author":"Jojo","date":"28 octobre 2020","format":false,"excerpt":"J'emprunte \u00e0 la m\u00e9diath\u00e8que Les lettres de Mortimer: Ma sorci\u00e8re m'exasp\u00e8re! d'Hiawyn Oram et Sarah Warburton (\u00e9d. Gr\u00fcnd, 2009), un album jeunesse \u00e0 rabats \u00e0 partir de 5 ans. D'ailleurs pour la petite histoire, je suis tomb\u00e9e par hasard sur cet album jeunesse dans un rayon de\u00a0 la m\u00e9diath\u00e8que en\u2026","rel":"","context":"Dans &quot;Mini lecteur&quot;","block_context":{"text":"Mini lecteur","link":"http:\/\/www.jojoenherbe.com\/index.php\/category\/mini-lecteur\/"},"img":{"alt_text":"","src":"https:\/\/i0.wp.com\/www.jojoenherbe.com\/wp-content\/uploads\/2020\/10\/Les-lettres-de-Mortimer-scaled.jpg?fit=1200%2C900&resize=350%2C200","width":350,"height":200,"srcset":"https:\/\/i0.wp.com\/www.jojoenherbe.com\/wp-content\/uploads\/2020\/10\/Les-lettres-de-Mortimer-scaled.jpg?fit=1200%2C900&resize=350%2C200 1x, https:\/\/i0.wp.com\/www.jojoenherbe.com\/wp-content\/uploads\/2020\/10\/Les-lettres-de-Mortimer-scaled.jpg?fit=1200%2C900&resize=525%2C300 1.5x, https:\/\/i0.wp.com\/www.jojoenherbe.com\/wp-content\/uploads\/2020\/10\/Les-lettres-de-Mortimer-scaled.jpg?fit=1200%2C900&resize=700%2C400 2x, https:\/\/i0.wp.com\/www.jojoenherbe.com\/wp-content\/uploads\/2020\/10\/Les-lettres-de-Mortimer-scaled.jpg?fit=1200%2C900&resize=1050%2C600 3x"},"classes":[]},{"id":7764,"url":"http:\/\/www.jojoenherbe.com\/index.php\/2019\/10\/02\/au-fil-des-pages-avec-genealogie-dune-sorciere\/","url_meta":{"origin":12991,"position":4},"title":"Au fil des pages avec G\u00e9n\u00e9alogie d&rsquo;une sorci\u00e8re","author":"Jojo","date":"2 octobre 2019","format":false,"excerpt":"Nous empruntons \u00e0 la biblioth\u00e8que un coffret en deux volumes aux magnifiques illustrations, G\u00e9n\u00e9alogie d'une sorci\u00e8re de Benjamin Lacombe et S\u00e9bastien Perez (\u00e9d. Seuil Jeunesse, 2008), les biblioth\u00e9caires - sans doute un brin sorci\u00e8res - l'ayant mis bien en \u00e9vidence cette semaine. Nous commen\u00e7ons par la lecture de La Petite\u2026","rel":"","context":"Dans &quot;Mini lecteur&quot;","block_context":{"text":"Mini lecteur","link":"http:\/\/www.jojoenherbe.com\/index.php\/category\/mini-lecteur\/"},"img":{"alt_text":"","src":"https:\/\/i0.wp.com\/www.jojoenherbe.com\/wp-content\/uploads\/2019\/10\/G%C3%A9n%C3%A9alogie-dune-sorci%C3%A8re.jpg?fit=1200%2C1175&resize=350%2C200","width":350,"height":200,"srcset":"https:\/\/i0.wp.com\/www.jojoenherbe.com\/wp-content\/uploads\/2019\/10\/G%C3%A9n%C3%A9alogie-dune-sorci%C3%A8re.jpg?fit=1200%2C1175&resize=350%2C200 1x, https:\/\/i0.wp.com\/www.jojoenherbe.com\/wp-content\/uploads\/2019\/10\/G%C3%A9n%C3%A9alogie-dune-sorci%C3%A8re.jpg?fit=1200%2C1175&resize=525%2C300 1.5x, https:\/\/i0.wp.com\/www.jojoenherbe.com\/wp-content\/uploads\/2019\/10\/G%C3%A9n%C3%A9alogie-dune-sorci%C3%A8re.jpg?fit=1200%2C1175&resize=700%2C400 2x, https:\/\/i0.wp.com\/www.jojoenherbe.com\/wp-content\/uploads\/2019\/10\/G%C3%A9n%C3%A9alogie-dune-sorci%C3%A8re.jpg?fit=1200%2C1175&resize=1050%2C600 3x"},"classes":[]},{"id":21671,"url":"http:\/\/www.jojoenherbe.com\/index.php\/2021\/10\/20\/au-fil-des-pages-avec-pome\/","url_meta":{"origin":12991,"position":5},"title":"Au fil des pages avec Pome","author":"Jojo","date":"20 octobre 2021","format":false,"excerpt":"Pour cette nouvelle lecture commune avec Hilde, nous avons lu Pome de Marie Desplechin et Magali Le Huche (\u00e9d. Rue de S\u00e8vres, 2018), une BD jeunesse \u00e0 partir de 8\/9 ans et qui est une adaptation du roman \u00e9ponyme lu l\u2019ann\u00e9e derni\u00e8re et la suite de Verte. Une ann\u00e9e s'est\u2026","rel":"","context":"Dans &quot;Mini lecteur&quot;","block_context":{"text":"Mini lecteur","link":"http:\/\/www.jojoenherbe.com\/index.php\/category\/mini-lecteur\/"},"img":{"alt_text":"","src":"https:\/\/i0.wp.com\/www.jojoenherbe.com\/wp-content\/uploads\/2021\/10\/Pome-2-scaled.jpg?fit=1200%2C900&resize=350%2C200","width":350,"height":200,"srcset":"https:\/\/i0.wp.com\/www.jojoenherbe.com\/wp-content\/uploads\/2021\/10\/Pome-2-scaled.jpg?fit=1200%2C900&resize=350%2C200 1x, https:\/\/i0.wp.com\/www.jojoenherbe.com\/wp-content\/uploads\/2021\/10\/Pome-2-scaled.jpg?fit=1200%2C900&resize=525%2C300 1.5x, https:\/\/i0.wp.com\/www.jojoenherbe.com\/wp-content\/uploads\/2021\/10\/Pome-2-scaled.jpg?fit=1200%2C900&resize=700%2C400 2x, https:\/\/i0.wp.com\/www.jojoenherbe.com\/wp-content\/uploads\/2021\/10\/Pome-2-scaled.jpg?fit=1200%2C900&resize=1050%2C600 3x"},"classes":[]}],"_links":{"self":[{"href":"http:\/\/www.jojoenherbe.com\/index.php\/wp-json\/wp\/v2\/posts\/12991","targetHints":{"allow":["GET"]}}],"collection":[{"href":"http:\/\/www.jojoenherbe.com\/index.php\/wp-json\/wp\/v2\/posts"}],"about":[{"href":"http:\/\/www.jojoenherbe.com\/index.php\/wp-json\/wp\/v2\/types\/post"}],"author":[{"embeddable":true,"href":"http:\/\/www.jojoenherbe.com\/index.php\/wp-json\/wp\/v2\/users\/1"}],"replies":[{"embeddable":true,"href":"http:\/\/www.jojoenherbe.com\/index.php\/wp-json\/wp\/v2\/comments?post=12991"}],"version-history":[{"count":0,"href":"http:\/\/www.jojoenherbe.com\/index.php\/wp-json\/wp\/v2\/posts\/12991\/revisions"}],"wp:featuredmedia":[{"embeddable":true,"href":"http:\/\/www.jojoenherbe.com\/index.php\/wp-json\/wp\/v2\/media\/12997"}],"wp:attachment":[{"href":"http:\/\/www.jojoenherbe.com\/index.php\/wp-json\/wp\/v2\/media?parent=12991"}],"wp:term":[{"taxonomy":"category","embeddable":true,"href":"http:\/\/www.jojoenherbe.com\/index.php\/wp-json\/wp\/v2\/categories?post=12991"},{"taxonomy":"post_tag","embeddable":true,"href":"http:\/\/www.jojoenherbe.com\/index.php\/wp-json\/wp\/v2\/tags?post=12991"}],"curies":[{"name":"wp","href":"https:\/\/api.w.org\/{rel}","templated":true}]}}