{"id":12827,"date":"2020-10-22T22:38:26","date_gmt":"2020-10-22T20:38:26","guid":{"rendered":"http:\/\/www.jojoenherbe.com\/?p=12827"},"modified":"2022-03-03T10:22:21","modified_gmt":"2022-03-03T09:22:21","slug":"au-fil-des-pages-avec-le-petit-poucet","status":"publish","type":"post","link":"http:\/\/www.jojoenherbe.com\/index.php\/2020\/10\/22\/au-fil-des-pages-avec-le-petit-poucet\/","title":{"rendered":"Au fil des pages avec Le Petit Poucet"},"content":{"rendered":"<p style=\"text-align: justify;\"><em><a href=\"https:\/\/i0.wp.com\/www.jojoenherbe.com\/wp-content\/uploads\/2020\/10\/Le-Petit-Poucet-4-scaled.jpg\"><img data-recalc-dims=\"1\" loading=\"lazy\" decoding=\"async\" data-attachment-id=\"13209\" data-permalink=\"http:\/\/www.jojoenherbe.com\/index.php\/2020\/10\/22\/au-fil-des-pages-avec-le-petit-poucet\/le-petit-poucet-4\/\" data-orig-file=\"https:\/\/i0.wp.com\/www.jojoenherbe.com\/wp-content\/uploads\/2020\/10\/Le-Petit-Poucet-4-scaled.jpg?fit=2560%2C1920\" data-orig-size=\"2560,1920\" data-comments-opened=\"1\" data-image-meta=\"{&quot;aperture&quot;:&quot;1.8&quot;,&quot;credit&quot;:&quot;&quot;,&quot;camera&quot;:&quot;iPhone 7&quot;,&quot;caption&quot;:&quot;&quot;,&quot;created_timestamp&quot;:&quot;1602155210&quot;,&quot;copyright&quot;:&quot;&quot;,&quot;focal_length&quot;:&quot;3.99&quot;,&quot;iso&quot;:&quot;80&quot;,&quot;shutter_speed&quot;:&quot;0.058823529411765&quot;,&quot;title&quot;:&quot;&quot;,&quot;orientation&quot;:&quot;1&quot;}\" data-image-title=\"Le Petit Poucet 4\" data-image-description=\"\" data-image-caption=\"\" data-large-file=\"https:\/\/i0.wp.com\/www.jojoenherbe.com\/wp-content\/uploads\/2020\/10\/Le-Petit-Poucet-4-scaled.jpg?fit=676%2C507\" class=\"alignleft size-thumbnail wp-image-13209\" src=\"https:\/\/i0.wp.com\/www.jojoenherbe.com\/wp-content\/uploads\/2020\/10\/Le-Petit-Poucet-4.jpg?resize=150%2C150\" alt=\"\" width=\"150\" height=\"150\" srcset=\"https:\/\/i0.wp.com\/www.jojoenherbe.com\/wp-content\/uploads\/2020\/10\/Le-Petit-Poucet-4-scaled.jpg?resize=150%2C150 150w, https:\/\/i0.wp.com\/www.jojoenherbe.com\/wp-content\/uploads\/2020\/10\/Le-Petit-Poucet-4-scaled.jpg?zoom=2&amp;resize=150%2C150 300w, https:\/\/i0.wp.com\/www.jojoenherbe.com\/wp-content\/uploads\/2020\/10\/Le-Petit-Poucet-4-scaled.jpg?zoom=3&amp;resize=150%2C150 450w\" sizes=\"auto, (max-width: 150px) 100vw, 150px\" \/><\/a> <a href=\"https:\/\/i0.wp.com\/www.jojoenherbe.com\/wp-content\/uploads\/2020\/10\/Le-Petit-Poucet-1-scaled.jpg\"><img data-recalc-dims=\"1\" loading=\"lazy\" decoding=\"async\" data-attachment-id=\"13210\" data-permalink=\"http:\/\/www.jojoenherbe.com\/index.php\/2020\/10\/22\/au-fil-des-pages-avec-le-petit-poucet\/le-petit-poucet-5\/\" data-orig-file=\"https:\/\/i0.wp.com\/www.jojoenherbe.com\/wp-content\/uploads\/2020\/10\/Le-Petit-Poucet-1-scaled.jpg?fit=2560%2C1676\" data-orig-size=\"2560,1676\" data-comments-opened=\"1\" data-image-meta=\"{&quot;aperture&quot;:&quot;1.8&quot;,&quot;credit&quot;:&quot;&quot;,&quot;camera&quot;:&quot;iPhone 7&quot;,&quot;caption&quot;:&quot;&quot;,&quot;created_timestamp&quot;:&quot;1602155174&quot;,&quot;copyright&quot;:&quot;&quot;,&quot;focal_length&quot;:&quot;3.99&quot;,&quot;iso&quot;:&quot;80&quot;,&quot;shutter_speed&quot;:&quot;0.058823529411765&quot;,&quot;title&quot;:&quot;&quot;,&quot;orientation&quot;:&quot;1&quot;}\" data-image-title=\"Le Petit Poucet\" data-image-description=\"\" data-image-caption=\"\" data-large-file=\"https:\/\/i0.wp.com\/www.jojoenherbe.com\/wp-content\/uploads\/2020\/10\/Le-Petit-Poucet-1-scaled.jpg?fit=676%2C442\" class=\"alignleft size-thumbnail wp-image-13210\" src=\"https:\/\/i0.wp.com\/www.jojoenherbe.com\/wp-content\/uploads\/2020\/10\/Le-Petit-Poucet-1.jpg?resize=150%2C150\" alt=\"\" width=\"150\" height=\"150\" srcset=\"https:\/\/i0.wp.com\/www.jojoenherbe.com\/wp-content\/uploads\/2020\/10\/Le-Petit-Poucet-1-scaled.jpg?resize=150%2C150 150w, https:\/\/i0.wp.com\/www.jojoenherbe.com\/wp-content\/uploads\/2020\/10\/Le-Petit-Poucet-1-scaled.jpg?zoom=2&amp;resize=150%2C150 300w, https:\/\/i0.wp.com\/www.jojoenherbe.com\/wp-content\/uploads\/2020\/10\/Le-Petit-Poucet-1-scaled.jpg?zoom=3&amp;resize=150%2C150 450w\" sizes=\"auto, (max-width: 150px) 100vw, 150px\" \/><\/a>J&#8217;emprunte \u00e0 la m\u00e9diath\u00e8que <span style=\"text-decoration: underline;\">Le Petit Poucet<\/span> de Charles Perrault et Jean-Marc Rochette (\u00e9d. Casterman, 2001), un album jeunesse \u00e0 partir de 6 ans. Dernier n\u00e9 d&rsquo;une fratrie de sept enfants d&rsquo;un couple fort pauvre de b\u00fbcherons, le Petit Poucet est certes le plus ch\u00e9tif et souffre-douleurs de ses fr\u00e8res mais il se r\u00e9v\u00e8le aussi et surtout le plus rus\u00e9 et espi\u00e8gle. Arrivera-t-il \u00e0 d\u00e9jouer le plan de leurs parents de les abandonner dans la for\u00eat?<br \/>\n<\/em><\/p>\n<p style=\"text-align: justify;\"><em>Il s&rsquo;agit d&rsquo;une tr\u00e8s jolie version illustr\u00e9e du conte et qui reprend presque int\u00e9gralement le texte original et sombre de Charles Perrault paru dans <span style=\"text-decoration: underline;\">Les Contes de ma m\u00e8re l&rsquo;Oye<\/span> en 1697, avec deux fins possibles et une morale finale. On y retrouve le Petit Poucet, les cailloux blancs, les miettes de pain et sa redoutable rencontre avec l&rsquo;ogre et ses bottes de sept lieues. J&rsquo;ai beaucoup appr\u00e9ci\u00e9 les illustrations \u00e0 la fois sombre et po\u00e9tique, \u00e0 l&rsquo;image du texte. Le Petit Poucet est un petit gar\u00e7on curieux, observateur et malin qui r\u00e9ussit \u00e0 ne pas mourir de faim et \u00e0 ne pas \u00eatre d\u00e9vor\u00e9 par l&rsquo;ogre contre toute attente, malgr\u00e9 sa condition.<br \/>\n<\/em><\/p>\n<div style=\"width: 124px\" class=\"wp-caption alignleft\"><img data-recalc-dims=\"1\" loading=\"lazy\" decoding=\"async\" class=\"attachment-full \" src=\"https:\/\/i0.wp.com\/www.myloubook.com\/wp-content\/uploads\/2020\/10\/logo-halloween-2020_11.jpg?resize=114%2C114\" sizes=\"auto, (max-width: 1600px) 100vw, 1600px\" srcset=\"http:\/\/www.myloubook.com\/wp-content\/uploads\/2020\/10\/logo-halloween-2020_11.jpg 1600w, http:\/\/www.myloubook.com\/wp-content\/uploads\/2020\/10\/logo-halloween-2020_11-150x150.jpg 150w, http:\/\/www.myloubook.com\/wp-content\/uploads\/2020\/10\/logo-halloween-2020_11-300x300.jpg 300w, http:\/\/www.myloubook.com\/wp-content\/uploads\/2020\/10\/logo-halloween-2020_11-768x768.jpg 768w, http:\/\/www.myloubook.com\/wp-content\/uploads\/2020\/10\/logo-halloween-2020_11-1024x1024.jpg 1024w, http:\/\/www.myloubook.com\/wp-content\/uploads\/2020\/10\/logo-halloween-2020_11-640x640.jpg 640w\" alt=\"\" width=\"114\" height=\"114\" \/><p class=\"wp-caption-text\">Challenge Halloween de <a href=\"http:\/\/www.lelivroblog.fr\/archive\/2020\/09\/08\/le-challenge-halloween-2020-6262057.html\">Hilde<\/a> et <a href=\"http:\/\/www.myloubook.com\/2020\/09\/08\/challenge-halloween-2020-rendez-vous-pour-nos-11-ans\/\">Lou<\/a><\/p><\/div>\n<div id=\"attachment_15692\" style=\"width: 150px\" class=\"wp-caption alignleft\"><img data-recalc-dims=\"1\" loading=\"lazy\" decoding=\"async\" aria-describedby=\"caption-attachment-15692\" class=\"wp-image-15692\" src=\"https:\/\/i0.wp.com\/mapetitemediatheque.fr\/wp-content\/uploads\/2020\/09\/Au-pays-des-ogres--300x230.jpg?resize=140%2C107\" alt=\"\" width=\"140\" height=\"107\" \/><p id=\"caption-attachment-15692\" class=\"wp-caption-text\">Participation #52 Contes &amp; L\u00e9gendes 2020 de <a href=\"http:\/\/mapetitemediatheque.fr\/2020\/01\/challenge-contes-et-legendes-2020\/\">Bidib<\/a> #Au pays des Ogres<\/p><\/div>\n<div id=\"attachment_37710\" style=\"width: 142px\" class=\"wp-caption alignleft\"><img data-recalc-dims=\"1\" loading=\"lazy\" decoding=\"async\" aria-describedby=\"caption-attachment-37710\" class=\"wp-image-37710\" src=\"https:\/\/i0.wp.com\/delivrer-des-livres.fr\/wp-content\/uploads\/2020\/01\/Logo-Challenge-Classique-2020bis-300x225.jpg?resize=132%2C99&#038;ssl=1\" sizes=\"auto, (max-width: 300px) 100vw, 300px\" srcset=\"https:\/\/delivrer-des-livres.fr\/wp-content\/uploads\/2020\/01\/Logo-Challenge-Classique-2020bis-300x225.jpg 300w, https:\/\/delivrer-des-livres.fr\/wp-content\/uploads\/2020\/01\/Logo-Challenge-Classique-2020bis-150x113.jpg 150w, https:\/\/delivrer-des-livres.fr\/wp-content\/uploads\/2020\/01\/Logo-Challenge-Classique-2020bis-410x308.jpg 410w, https:\/\/delivrer-des-livres.fr\/wp-content\/uploads\/2020\/01\/Logo-Challenge-Classique-2020bis.jpg 453w\" alt=\"ann\u00e9e\" width=\"132\" height=\"99\" \/><p id=\"caption-attachment-37710\" class=\"wp-caption-text\">Participation #12 au Challenge \u00ab\u00a0Cette ann\u00e9e, je (re)lis des classiques\u00a0\u00bb de <a href=\"https:\/\/delivrer-des-livres.fr\/challenge-classiques-3eme-annee\/\">Nathalie<\/a> et <a href=\"http:\/\/vivrelivre19.over-blog.com\/2020\/01\/challenge-cette-annee-je-re-lis-des-classiques-2020.html\">Blandine<\/a><\/p><\/div>\n","protected":false},"excerpt":{"rendered":"<p>J&#8217;emprunte \u00e0 la m\u00e9diath\u00e8que Le Petit Poucet de Charles Perrault et Jean-Marc Rochette (\u00e9d. Casterman, 2001), un album jeunesse \u00e0 partir de 6 ans. Dernier n\u00e9 d&rsquo;une fratrie de sept enfants d&rsquo;un couple fort pauvre de b\u00fbcherons, le Petit Poucet est certes le plus ch\u00e9tif et souffre-douleurs de ses fr\u00e8res mais il se r\u00e9v\u00e8le aussi [&hellip;]<\/p>\n","protected":false},"author":1,"featured_media":12730,"comment_status":"open","ping_status":"open","sticky":false,"template":"","format":"standard","meta":{"jetpack_post_was_ever_published":false,"_jetpack_newsletter_access":"","_jetpack_dont_email_post_to_subs":false,"_jetpack_newsletter_tier_id":0,"_jetpack_memberships_contains_paywalled_content":false,"_jetpack_memberships_contains_paid_content":false,"footnotes":""},"categories":[363],"tags":[788,940,409,1351,1365,1749,1549,245,1205,574,811,1848,1847,367,1797,908,1073,728],"class_list":["post-12827","post","type-post","status-publish","format-standard","has-post-thumbnail","hentry","category-mini-lecteur","tag-6-9-ans","tag-abandon","tag-albums-jeunesse","tag-cette-annee-je-relis-des-classiques-2020","tag-challenge-contes-et-legendes-2020","tag-challenge-halloween-2020","tag-charles-perrault","tag-contes","tag-contes-traditionnels","tag-faim","tag-fratrie","tag-jean-marc-rochette","tag-le-petit-poucet","tag-lecture-jeunesse","tag-lectures-dhalloween","tag-ogre","tag-pauvrete","tag-ruse","post-preview"],"jetpack_featured_media_url":"https:\/\/i0.wp.com\/www.jojoenherbe.com\/wp-content\/uploads\/2020\/10\/Le-Petit-Poucet-2-scaled.jpg?fit=2560%2C1920","jetpack_sharing_enabled":true,"jetpack_shortlink":"https:\/\/wp.me\/p9zhGx-3kT","jetpack_likes_enabled":true,"jetpack-related-posts":[{"id":12696,"url":"http:\/\/www.jojoenherbe.com\/index.php\/2020\/10\/06\/notre-selection-fuyons-les-ogres-du-challenge-halloween\/","url_meta":{"origin":12827,"position":0},"title":"Notre s\u00e9lection \u00ab\u00a0Ogres\u00a0\u00bb du Challenge Halloween","author":"Jojo","date":"6 octobre 2020","format":false,"excerpt":"Apr\u00e8s notre s\u00e9lection \"Sorci\u00e8res\", voici notre s\u00e9lection \"Fuyons les ogres\" avec des livres aussi d\u00e9j\u00e0 lus et\/ou chroniqu\u00e9s les ann\u00e9es pr\u00e9c\u00e9dentes. En effet, cette ann\u00e9e, le Challenge Halloween de Hilde et Lou s'associe avec le Challenge Contes et L\u00e9gendes de Bidib autour de la th\u00e9matique des Ogres. Dans les contes\u2026","rel":"","context":"Dans &quot;Mini challenger&quot;","block_context":{"text":"Mini challenger","link":"http:\/\/www.jojoenherbe.com\/index.php\/category\/mini-challenger\/"},"img":{"alt_text":"","src":"https:\/\/i0.wp.com\/www.jojoenherbe.com\/wp-content\/uploads\/2020\/10\/Selection-Ogres-scaled.jpg?fit=1200%2C900&resize=350%2C200","width":350,"height":200,"srcset":"https:\/\/i0.wp.com\/www.jojoenherbe.com\/wp-content\/uploads\/2020\/10\/Selection-Ogres-scaled.jpg?fit=1200%2C900&resize=350%2C200 1x, https:\/\/i0.wp.com\/www.jojoenherbe.com\/wp-content\/uploads\/2020\/10\/Selection-Ogres-scaled.jpg?fit=1200%2C900&resize=525%2C300 1.5x, https:\/\/i0.wp.com\/www.jojoenherbe.com\/wp-content\/uploads\/2020\/10\/Selection-Ogres-scaled.jpg?fit=1200%2C900&resize=700%2C400 2x, https:\/\/i0.wp.com\/www.jojoenherbe.com\/wp-content\/uploads\/2020\/10\/Selection-Ogres-scaled.jpg?fit=1200%2C900&resize=1050%2C600 3x"},"classes":[]},{"id":14066,"url":"http:\/\/www.jojoenherbe.com\/index.php\/2021\/10\/04\/au-fil-des-pages-avec-une-soupe-100-sorciere\/","url_meta":{"origin":12827,"position":1},"title":"Au fil des pages avec Une soupe 100% Sorci\u00e8re","author":"Jojo","date":"4 octobre 2021","format":false,"excerpt":"Dans le cadre du Challenge Halloween 2021, nous relisons Une soupe 100% Sorci\u00e8re de Quitterie Simon et Magali Le Huche (\u00e9d. Gl\u00e9nat Jeunesse, 2007, r\u00e9\u00e9d. 2020), un album jeunesse au format \u00e0 l'italienne et \u00e0 partir de 3 ans que nous avions d\u00e9j\u00e0 lu l'ann\u00e9e derni\u00e8re, en toute fin du\u2026","rel":"","context":"Dans &quot;Mini lecteur&quot;","block_context":{"text":"Mini lecteur","link":"http:\/\/www.jojoenherbe.com\/index.php\/category\/mini-lecteur\/"},"img":{"alt_text":"","src":"https:\/\/i0.wp.com\/www.jojoenherbe.com\/wp-content\/uploads\/2021\/10\/Une-soupe-100-Sorciere-scaled.jpg?fit=1200%2C997&resize=350%2C200","width":350,"height":200,"srcset":"https:\/\/i0.wp.com\/www.jojoenherbe.com\/wp-content\/uploads\/2021\/10\/Une-soupe-100-Sorciere-scaled.jpg?fit=1200%2C997&resize=350%2C200 1x, https:\/\/i0.wp.com\/www.jojoenherbe.com\/wp-content\/uploads\/2021\/10\/Une-soupe-100-Sorciere-scaled.jpg?fit=1200%2C997&resize=525%2C300 1.5x, https:\/\/i0.wp.com\/www.jojoenherbe.com\/wp-content\/uploads\/2021\/10\/Une-soupe-100-Sorciere-scaled.jpg?fit=1200%2C997&resize=700%2C400 2x, https:\/\/i0.wp.com\/www.jojoenherbe.com\/wp-content\/uploads\/2021\/10\/Une-soupe-100-Sorciere-scaled.jpg?fit=1200%2C997&resize=1050%2C600 3x"},"classes":[]},{"id":10971,"url":"http:\/\/www.jojoenherbe.com\/index.php\/2020\/05\/29\/au-fil-des-pages-avec-le-petit-chaperon-rouge\/","url_meta":{"origin":12827,"position":2},"title":"Au fil des pages avec Le Petit Chaperon rouge","author":"Jojo","date":"29 mai 2020","format":false,"excerpt":"Nous lisons Le Petit Chaperon rouge de Beatrix Potter et Helen Oxenbury, d'apr\u00e8s Charles Perrault (\u00e9d. Kal\u00e9idoscope, 2019), un album jeunesse \u00e0 partir de 3 ans. Le Petit Chaperon rouge va rendre visite \u00e0 sa grand-m\u00e8re avec un briochon et une petite motte de beurre. En chemin, elle croise la\u2026","rel":"","context":"Dans &quot;Mini lecteur&quot;","block_context":{"text":"Mini lecteur","link":"http:\/\/www.jojoenherbe.com\/index.php\/category\/mini-lecteur\/"},"img":{"alt_text":"","src":"https:\/\/i0.wp.com\/www.jojoenherbe.com\/wp-content\/uploads\/2020\/05\/Le-petit-chaperon-rouge.jpg?fit=1193%2C1200&resize=350%2C200","width":350,"height":200,"srcset":"https:\/\/i0.wp.com\/www.jojoenherbe.com\/wp-content\/uploads\/2020\/05\/Le-petit-chaperon-rouge.jpg?fit=1193%2C1200&resize=350%2C200 1x, https:\/\/i0.wp.com\/www.jojoenherbe.com\/wp-content\/uploads\/2020\/05\/Le-petit-chaperon-rouge.jpg?fit=1193%2C1200&resize=525%2C300 1.5x, https:\/\/i0.wp.com\/www.jojoenherbe.com\/wp-content\/uploads\/2020\/05\/Le-petit-chaperon-rouge.jpg?fit=1193%2C1200&resize=700%2C400 2x, https:\/\/i0.wp.com\/www.jojoenherbe.com\/wp-content\/uploads\/2020\/05\/Le-petit-chaperon-rouge.jpg?fit=1193%2C1200&resize=1050%2C600 3x"},"classes":[]},{"id":12274,"url":"http:\/\/www.jojoenherbe.com\/index.php\/2020\/09\/15\/ptit-recap-du-challenge-halloween-2020\/","url_meta":{"origin":12827,"position":3},"title":"Billet de suivi: Challenge Halloween 2020","author":"Jojo","date":"15 septembre 2020","format":false,"excerpt":"Comme l'ann\u00e9e derni\u00e8re, je participe du 15 septembre au 15 d\u00e9cembre 2020 au Challenge Halloween organis\u00e9 par Hilde et Lou. D\u00e8s le 15 septembre, elles ouvrent les portes de leur manoir pour deux mois halloweenesques. le challenge commence en douceur par un d\u00e9poussi\u00e9rage de PAL et premi\u00e8res suggestions et ambiances\u2026","rel":"","context":"Dans &quot;Mini challenger&quot;","block_context":{"text":"Mini challenger","link":"http:\/\/www.jojoenherbe.com\/index.php\/category\/mini-challenger\/"},"img":{"alt_text":"","src":"https:\/\/i0.wp.com\/www.jojoenherbe.com\/wp-content\/uploads\/2020\/09\/Challenge-Halloween-2020-scaled.jpg?fit=1200%2C1187&resize=350%2C200","width":350,"height":200,"srcset":"https:\/\/i0.wp.com\/www.jojoenherbe.com\/wp-content\/uploads\/2020\/09\/Challenge-Halloween-2020-scaled.jpg?fit=1200%2C1187&resize=350%2C200 1x, https:\/\/i0.wp.com\/www.jojoenherbe.com\/wp-content\/uploads\/2020\/09\/Challenge-Halloween-2020-scaled.jpg?fit=1200%2C1187&resize=525%2C300 1.5x, https:\/\/i0.wp.com\/www.jojoenherbe.com\/wp-content\/uploads\/2020\/09\/Challenge-Halloween-2020-scaled.jpg?fit=1200%2C1187&resize=700%2C400 2x, https:\/\/i0.wp.com\/www.jojoenherbe.com\/wp-content\/uploads\/2020\/09\/Challenge-Halloween-2020-scaled.jpg?fit=1200%2C1187&resize=1050%2C600 3x"},"classes":[]},{"id":13283,"url":"http:\/\/www.jojoenherbe.com\/index.php\/2020\/10\/25\/nos-lectures-le-petit-chaperon-rouge\/","url_meta":{"origin":12827,"position":4},"title":"Nos lectures \u00ab\u00a0Le Petit Chaperon rouge\u00a0\u00bb","author":"Jojo","date":"25 octobre 2020","format":false,"excerpt":"Apr\u00e8s nos lectures de Blanche-Neige, voici celles du Petit Chaperon rouge pour continuer sur le th\u00e8me Contes et L\u00e9gendes du Challenge Halloween 2020. Comme pour le billet pr\u00e9c\u00e9dent, il sera mis \u00e0 jour r\u00e9guli\u00e8rement, au fur-et-\u00e0-mesure de nos lectures du Petit Chaperon rouge. Des versions classiques: Le Petit Chaperon rouge\u2026","rel":"","context":"Dans &quot;Mini lecteur&quot;","block_context":{"text":"Mini lecteur","link":"http:\/\/www.jojoenherbe.com\/index.php\/category\/mini-lecteur\/"},"img":{"alt_text":"","src":"https:\/\/i0.wp.com\/www.jojoenherbe.com\/wp-content\/uploads\/2020\/10\/Nos-lectures-Petit-Chaperon-rouge-2-scaled.jpg?fit=1200%2C852&resize=350%2C200","width":350,"height":200,"srcset":"https:\/\/i0.wp.com\/www.jojoenherbe.com\/wp-content\/uploads\/2020\/10\/Nos-lectures-Petit-Chaperon-rouge-2-scaled.jpg?fit=1200%2C852&resize=350%2C200 1x, https:\/\/i0.wp.com\/www.jojoenherbe.com\/wp-content\/uploads\/2020\/10\/Nos-lectures-Petit-Chaperon-rouge-2-scaled.jpg?fit=1200%2C852&resize=525%2C300 1.5x, https:\/\/i0.wp.com\/www.jojoenherbe.com\/wp-content\/uploads\/2020\/10\/Nos-lectures-Petit-Chaperon-rouge-2-scaled.jpg?fit=1200%2C852&resize=700%2C400 2x, https:\/\/i0.wp.com\/www.jojoenherbe.com\/wp-content\/uploads\/2020\/10\/Nos-lectures-Petit-Chaperon-rouge-2-scaled.jpg?fit=1200%2C852&resize=1050%2C600 3x"},"classes":[]},{"id":28697,"url":"http:\/\/www.jojoenherbe.com\/index.php\/2022\/11\/04\/au-fil-des-pages-avec-pompon-ours-et-pompons-blancs\/","url_meta":{"origin":12827,"position":5},"title":"Au fil des pages avec Pompon Ours et Pompons blancs","author":"Jojo","date":"4 novembre 2022","format":false,"excerpt":"Nous lisons Pompon Ours et Pompons blancs de Benjamin Chaud (\u00e9d. H\u00e9lium, 2021), un album jeunesse grand format \u00e0 partir de 3 ans. Devant s'occuper de son petit fr\u00e8re, Pompon Ours d\u00e9cide d'organiser une f\u00eate avant l'hibernation. Mais alors qu'ils s'att\u00e8lent \u00e0 la t\u00e2che, Tout Petit Ours n'en fait qu'\u00e0\u2026","rel":"","context":"Dans &quot;Mini lecteur&quot;","block_context":{"text":"Mini lecteur","link":"http:\/\/www.jojoenherbe.com\/index.php\/category\/mini-lecteur\/"},"img":{"alt_text":"","src":"https:\/\/i0.wp.com\/www.jojoenherbe.com\/wp-content\/uploads\/2022\/11\/Pompon-Ours-et-Pompons-blancs-scaled.jpg?fit=1200%2C1037&resize=350%2C200","width":350,"height":200,"srcset":"https:\/\/i0.wp.com\/www.jojoenherbe.com\/wp-content\/uploads\/2022\/11\/Pompon-Ours-et-Pompons-blancs-scaled.jpg?fit=1200%2C1037&resize=350%2C200 1x, https:\/\/i0.wp.com\/www.jojoenherbe.com\/wp-content\/uploads\/2022\/11\/Pompon-Ours-et-Pompons-blancs-scaled.jpg?fit=1200%2C1037&resize=525%2C300 1.5x, https:\/\/i0.wp.com\/www.jojoenherbe.com\/wp-content\/uploads\/2022\/11\/Pompon-Ours-et-Pompons-blancs-scaled.jpg?fit=1200%2C1037&resize=700%2C400 2x, https:\/\/i0.wp.com\/www.jojoenherbe.com\/wp-content\/uploads\/2022\/11\/Pompon-Ours-et-Pompons-blancs-scaled.jpg?fit=1200%2C1037&resize=1050%2C600 3x"},"classes":[]}],"_links":{"self":[{"href":"http:\/\/www.jojoenherbe.com\/index.php\/wp-json\/wp\/v2\/posts\/12827","targetHints":{"allow":["GET"]}}],"collection":[{"href":"http:\/\/www.jojoenherbe.com\/index.php\/wp-json\/wp\/v2\/posts"}],"about":[{"href":"http:\/\/www.jojoenherbe.com\/index.php\/wp-json\/wp\/v2\/types\/post"}],"author":[{"embeddable":true,"href":"http:\/\/www.jojoenherbe.com\/index.php\/wp-json\/wp\/v2\/users\/1"}],"replies":[{"embeddable":true,"href":"http:\/\/www.jojoenherbe.com\/index.php\/wp-json\/wp\/v2\/comments?post=12827"}],"version-history":[{"count":0,"href":"http:\/\/www.jojoenherbe.com\/index.php\/wp-json\/wp\/v2\/posts\/12827\/revisions"}],"wp:featuredmedia":[{"embeddable":true,"href":"http:\/\/www.jojoenherbe.com\/index.php\/wp-json\/wp\/v2\/media\/12730"}],"wp:attachment":[{"href":"http:\/\/www.jojoenherbe.com\/index.php\/wp-json\/wp\/v2\/media?parent=12827"}],"wp:term":[{"taxonomy":"category","embeddable":true,"href":"http:\/\/www.jojoenherbe.com\/index.php\/wp-json\/wp\/v2\/categories?post=12827"},{"taxonomy":"post_tag","embeddable":true,"href":"http:\/\/www.jojoenherbe.com\/index.php\/wp-json\/wp\/v2\/tags?post=12827"}],"curies":[{"name":"wp","href":"https:\/\/api.w.org\/{rel}","templated":true}]}}