{"id":12692,"date":"2020-10-09T09:46:10","date_gmt":"2020-10-09T07:46:10","guid":{"rendered":"http:\/\/www.jojoenherbe.com\/?p=12692"},"modified":"2020-10-12T10:01:28","modified_gmt":"2020-10-12T08:01:28","slug":"un-rat-gourmand-dhalloween-2020","status":"publish","type":"post","link":"http:\/\/www.jojoenherbe.com\/index.php\/2020\/10\/09\/un-rat-gourmand-dhalloween-2020\/","title":{"rendered":"Un RAT gourmand d&rsquo;Halloween 2020"},"content":{"rendered":"<p style=\"text-align: justify;\"><em>Du 9 au 11 octobre 2020 a lieu un RAT gourmand d&rsquo;Halloween organis\u00e9 par <a href=\"http:\/\/www.lelivroblog.fr\/archive\/2020\/10\/04\/read-a-thon-d-halloween-du-9-au-11-octobre-2020-6267790.html\">Hilde<\/a>, <a href=\"http:\/\/www.myloubook.com\/2020\/10\/04\/read-a-thon-dhalloween-du-9-au-11-octobre-2020\/\">Lou<\/a>, <a href=\"https:\/\/mapetitemediatheque.fr\/2020\/10\/read-a-thon-dhalloween-du-9-au-11-octobre-2020\/\">Bidib<\/a> et FondantGrignote. Il s&rsquo;agit d&rsquo;un inter-challenges entre le Challenge d&rsquo;Halloween et celui Des livres (et des \u00e9crans) en cuisine. Au menu de ce week-end, des d\u00e9fis facultatifs sont pr\u00e9vus:<\/em><\/p>\n<ul>\n<li style=\"text-align: justify;\"><em>les d\u00e9fis classiques propos\u00e9s par Val\u00e9riane: le classique <span style=\"text-decoration: underline;\">666 pages<\/span>, <span style=\"text-decoration: underline;\">la lecture \u00e0 la bougie pendant 1 heure<\/span> et <span style=\"text-decoration: underline;\">le d\u00e9fi Mr. Jack<\/span> (lire un titre avec une citrouille en couverture)<\/em><\/li>\n<li style=\"text-align: justify;\"><em><span style=\"text-decoration: underline;\">le d\u00e9fi Ratatinons notre PAL<\/span> : terminer au moins deux vestiges de PAL ratatin\u00e9s et acquis en 2019 ou avant<\/em><\/li>\n<li style=\"text-align: justify;\"><em><span style=\"text-decoration: underline;\">le d\u00e9fi Trio mal\u00e9fique<\/span>: croiser 3 sortes de cr\u00e9atures de la nuit diff\u00e9rentes au cours de nos lectures<\/em><\/li>\n<li style=\"text-align: justify;\"><em>et des <span style=\"text-decoration: underline;\">d\u00e9fis gourmands<\/span>: partager une photo d&rsquo;un <span style=\"text-decoration: underline;\">plat \u00e0 base de courge<\/span>, d&rsquo;un <span style=\"text-decoration: underline;\">plat inspir\u00e9 d&rsquo;une lecture<\/span> pendant le week-end et d&rsquo;un <span style=\"text-decoration: underline;\">plat qui rappelle l&rsquo;univers des sorci\u00e8res<\/span>.<\/em><\/li>\n<\/ul>\n<p style=\"text-align: justify;\"><em>Pour d\u2019autres id\u00e9es de lectures, les autres participants du RAT: <a href=\"http:\/\/www.lelivroblog.fr\/archive\/2020\/10\/09\/le-read-a-thon-gourmand-d-halloween-2020-6268800.html\">Hilde<\/a>, <a href=\"http:\/\/www.myloubook.com\/2020\/10\/09\/hallow-r-a-t-2020-here-we-are\/\">Lou<\/a>, <a href=\"https:\/\/mapetitemediatheque.fr\/2020\/10\/read-a-thon-halloween-en-cuisine\/\">Bidib<\/a>, <a href=\"http:\/\/croquerlespages.canalblog.com\/archives\/2020\/10\/08\/38571038.html\">FondantGrignote<\/a>, <a href=\"http:\/\/vivrelivre19.over-blog.com\/2020\/10\/challenge-halloween-2020-le-rat-du-9-au-11-octobre.html\">Blandine<\/a>, <a href=\"https:\/\/sylectures.wordpress.com\/2020\/10\/09\/trois-jours-de-rat\/\">Syl<\/a>, <a href=\"http:\/\/augredemesfantaisies.eklablog.com\/rat-halloween-a202895966\">Marielle<\/a>, <a href=\"https:\/\/avenuereinemathilde.com\/read-a-thon-halloween-2020\/\">Nine et Typhanya<\/a>, <a href=\"http:\/\/blogclarabel.canalblog.com\/archives\/2020\/10\/09\/38579577.html\">Clarabel<\/a>, <a href=\"https:\/\/lorouge.wordpress.com\/2020\/10\/09\/read-a-thon-dhalloween\/\">l&rsquo;Orouge<\/a>, <a href=\"http:\/\/unchocolatdansmonroman.over-blog.com\/2020\/10\/hallow-rat-2020-1.html\">NathChoco<\/a>, <a href=\"http:\/\/northanger.canalblog.com\/archives\/2020\/10\/10\/38581580.html\">Myrtille<\/a> et <a href=\"https:\/\/souriresouslapluie.wordpress.com\/2020\/10\/09\/brrrrr-challenge-et-marathon-halloween-2020\/\">Touloulou<\/a>.<br \/>\n<\/em><\/p>\n<p style=\"text-align: justify;\"><em>Et c&rsquo;est parti ce vendredi 9 octobre 2020 pour le d\u00e9but du RAT par un petit tour chez les autres participants via leurs blogs et\/ou r\u00e9seaux sociaux. Je rejoins celles qui ont d\u00e9j\u00e0 commenc\u00e9, comme Blandine et Bidib. Sans oublier Nine qui a d\u00e9j\u00e0 commenc\u00e9 \u00e0 lire <span style=\"text-decoration: underline;\">Lili Goth et la souris fant\u00f4me<\/span> de Chris Riddell.<br \/>\n<\/em><\/p>\n<p style=\"text-align: justify;\"><em>Ce matin, je vais pouvoir lire un peu et je commence par des emprunts d&rsquo;hier \u00e0 la m\u00e9diath\u00e8que sur la th\u00e9matique des sorci\u00e8res en litt\u00e9rature jeunesse:<\/em><\/p>\n<ul>\n<li style=\"text-align: justify;\"><em><span style=\"text-decoration: underline;\"><a href=\"https:\/\/i0.wp.com\/www.jojoenherbe.com\/wp-content\/uploads\/2020\/10\/Ma-mere-est-une-sorciere-scaled.jpg\"><img data-recalc-dims=\"1\" loading=\"lazy\" decoding=\"async\" data-attachment-id=\"12834\" data-permalink=\"http:\/\/www.jojoenherbe.com\/index.php\/2020\/10\/09\/un-rat-gourmand-dhalloween-2020\/ma-mere-est-une-sorciere\/\" data-orig-file=\"https:\/\/i0.wp.com\/www.jojoenherbe.com\/wp-content\/uploads\/2020\/10\/Ma-mere-est-une-sorciere-scaled.jpg?fit=2560%2C1920\" data-orig-size=\"2560,1920\" data-comments-opened=\"1\" data-image-meta=\"{&quot;aperture&quot;:&quot;1.8&quot;,&quot;credit&quot;:&quot;&quot;,&quot;camera&quot;:&quot;iPhone 7&quot;,&quot;caption&quot;:&quot;&quot;,&quot;created_timestamp&quot;:&quot;1602168973&quot;,&quot;copyright&quot;:&quot;&quot;,&quot;focal_length&quot;:&quot;3.99&quot;,&quot;iso&quot;:&quot;100&quot;,&quot;shutter_speed&quot;:&quot;0.058823529411765&quot;,&quot;title&quot;:&quot;&quot;,&quot;orientation&quot;:&quot;1&quot;}\" data-image-title=\"Ma m\u00e8re est une sorci\u00e8re\" data-image-description=\"\" data-image-caption=\"\" data-large-file=\"https:\/\/i0.wp.com\/www.jojoenherbe.com\/wp-content\/uploads\/2020\/10\/Ma-mere-est-une-sorciere-scaled.jpg?fit=676%2C507\" class=\"alignleft size-thumbnail wp-image-12834\" src=\"https:\/\/i0.wp.com\/www.jojoenherbe.com\/wp-content\/uploads\/2020\/10\/Ma-mere-est-une-sorciere.jpg?resize=150%2C150\" alt=\"\" width=\"150\" height=\"150\" srcset=\"https:\/\/i0.wp.com\/www.jojoenherbe.com\/wp-content\/uploads\/2020\/10\/Ma-mere-est-une-sorciere-scaled.jpg?resize=150%2C150 150w, https:\/\/i0.wp.com\/www.jojoenherbe.com\/wp-content\/uploads\/2020\/10\/Ma-mere-est-une-sorciere-scaled.jpg?zoom=2&amp;resize=150%2C150 300w, https:\/\/i0.wp.com\/www.jojoenherbe.com\/wp-content\/uploads\/2020\/10\/Ma-mere-est-une-sorciere-scaled.jpg?zoom=3&amp;resize=150%2C150 450w\" sizes=\"auto, (max-width: 150px) 100vw, 150px\" \/><\/a>Ma m\u00e8re est une sorci\u00e8re<\/span> d&rsquo;Agn\u00e8s Bertron et Myriam Mollier (\u00e9d. Flammarion, coll. Castor Poche, 1997), un roman jeunesse \u00e0 partir de 5 ans (LU)<br \/>\n<\/em><\/li>\n<li style=\"text-align: justify;\"><em><span style=\"text-decoration: underline;\">Ma m\u00e8re est encore une sorci\u00e8re<\/span> d&rsquo;Agn\u00e8s Bertron et Myriam Mollier (\u00e9d. Flammarion, coll. Castor Poche, 2004), un roman jeunesse \u00e0 partir de 5 ans et troisi\u00e8me aventure de Pirella qui f\u00eate son anniversaire (LU)<br \/>\n<\/em><\/li>\n<li style=\"text-align: justify;\"><em><span style=\"text-decoration: underline;\"><a href=\"https:\/\/i0.wp.com\/www.jojoenherbe.com\/wp-content\/uploads\/2020\/10\/Verte-Pome-et-Mauve-scaled.jpg\"><img data-recalc-dims=\"1\" loading=\"lazy\" decoding=\"async\" data-attachment-id=\"12835\" data-permalink=\"http:\/\/www.jojoenherbe.com\/index.php\/2020\/10\/09\/un-rat-gourmand-dhalloween-2020\/verte-pome-et-mauve\/\" data-orig-file=\"https:\/\/i0.wp.com\/www.jojoenherbe.com\/wp-content\/uploads\/2020\/10\/Verte-Pome-et-Mauve-scaled.jpg?fit=2560%2C1920\" data-orig-size=\"2560,1920\" data-comments-opened=\"1\" data-image-meta=\"{&quot;aperture&quot;:&quot;1.8&quot;,&quot;credit&quot;:&quot;&quot;,&quot;camera&quot;:&quot;iPhone 7&quot;,&quot;caption&quot;:&quot;&quot;,&quot;created_timestamp&quot;:&quot;1602168910&quot;,&quot;copyright&quot;:&quot;&quot;,&quot;focal_length&quot;:&quot;3.99&quot;,&quot;iso&quot;:&quot;40&quot;,&quot;shutter_speed&quot;:&quot;0.058823529411765&quot;,&quot;title&quot;:&quot;&quot;,&quot;orientation&quot;:&quot;1&quot;}\" data-image-title=\"Verte, Pome et Mauve\" data-image-description=\"\" data-image-caption=\"\" data-large-file=\"https:\/\/i0.wp.com\/www.jojoenherbe.com\/wp-content\/uploads\/2020\/10\/Verte-Pome-et-Mauve-scaled.jpg?fit=676%2C507\" class=\"size-thumbnail wp-image-12835 alignright\" src=\"https:\/\/i0.wp.com\/www.jojoenherbe.com\/wp-content\/uploads\/2020\/10\/Verte-Pome-et-Mauve.jpg?resize=150%2C150\" alt=\"\" width=\"150\" height=\"150\" srcset=\"https:\/\/i0.wp.com\/www.jojoenherbe.com\/wp-content\/uploads\/2020\/10\/Verte-Pome-et-Mauve-scaled.jpg?resize=150%2C150 150w, https:\/\/i0.wp.com\/www.jojoenherbe.com\/wp-content\/uploads\/2020\/10\/Verte-Pome-et-Mauve-scaled.jpg?zoom=2&amp;resize=150%2C150 300w, https:\/\/i0.wp.com\/www.jojoenherbe.com\/wp-content\/uploads\/2020\/10\/Verte-Pome-et-Mauve-scaled.jpg?zoom=3&amp;resize=150%2C150 450w\" sizes=\"auto, (max-width: 150px) 100vw, 150px\" \/><\/a>Verte<\/span> de Marie Desplechin (\u00e9d. L&rsquo;\u00e9cole des loisirs, 1996, r\u00e9\u00e9d. 2003), un roman jeunesse \u00e0 partir de 8 ans (LU)<br \/>\n<\/em><\/li>\n<li style=\"text-align: justify;\"><em>et son adaptation en BD jeunesse, <span style=\"text-decoration: underline;\">Verte<\/span> de Marie Desplechin et Magali Le Huche (\u00e9d. Rue du H\u00e8vre, 2018) (LU)<br \/>\n<\/em><\/li>\n<li style=\"text-align: justify;\"><em><span style=\"text-decoration: underline;\">Pome<\/span> de Marie Desplechin (\u00e9d. L&rsquo;\u00e9cole des loisirs, 2008), un roman jeunesse \u00e0 partir de 8 ans (LU)<br \/>\n<\/em><\/li>\n<li style=\"text-align: justify;\"><em><span style=\"text-decoration: underline;\">Mauve<\/span> de Marie Desplechin (\u00e9d. L&rsquo;\u00e9cole des loisirs, 2016), un roman jeunesse \u00e0 partir de 8 ans (EN COURS DE LECTURE)<br \/>\n<\/em><\/li>\n<\/ul>\n<p style=\"text-align: justify;\"><em><a href=\"https:\/\/i0.wp.com\/www.jojoenherbe.com\/wp-content\/uploads\/2020\/10\/Verte-scaled.jpg\"><img data-recalc-dims=\"1\" loading=\"lazy\" decoding=\"async\" data-attachment-id=\"12842\" data-permalink=\"http:\/\/www.jojoenherbe.com\/index.php\/2020\/10\/09\/un-rat-gourmand-dhalloween-2020\/verte\/\" data-orig-file=\"https:\/\/i0.wp.com\/www.jojoenherbe.com\/wp-content\/uploads\/2020\/10\/Verte-scaled.jpg?fit=2560%2C2204\" data-orig-size=\"2560,2204\" data-comments-opened=\"1\" data-image-meta=\"{&quot;aperture&quot;:&quot;1.8&quot;,&quot;credit&quot;:&quot;&quot;,&quot;camera&quot;:&quot;iPhone 7&quot;,&quot;caption&quot;:&quot;&quot;,&quot;created_timestamp&quot;:&quot;1602175902&quot;,&quot;copyright&quot;:&quot;&quot;,&quot;focal_length&quot;:&quot;3.99&quot;,&quot;iso&quot;:&quot;32&quot;,&quot;shutter_speed&quot;:&quot;0.03030303030303&quot;,&quot;title&quot;:&quot;&quot;,&quot;orientation&quot;:&quot;1&quot;}\" data-image-title=\"Verte\" data-image-description=\"\" data-image-caption=\"\" data-large-file=\"https:\/\/i0.wp.com\/www.jojoenherbe.com\/wp-content\/uploads\/2020\/10\/Verte-scaled.jpg?fit=676%2C582\" class=\"alignleft size-thumbnail wp-image-12842\" src=\"https:\/\/i0.wp.com\/www.jojoenherbe.com\/wp-content\/uploads\/2020\/10\/Verte.jpg?resize=150%2C150\" alt=\"\" width=\"150\" height=\"150\" srcset=\"https:\/\/i0.wp.com\/www.jojoenherbe.com\/wp-content\/uploads\/2020\/10\/Verte-scaled.jpg?resize=150%2C150 150w, https:\/\/i0.wp.com\/www.jojoenherbe.com\/wp-content\/uploads\/2020\/10\/Verte-scaled.jpg?zoom=2&amp;resize=150%2C150 300w, https:\/\/i0.wp.com\/www.jojoenherbe.com\/wp-content\/uploads\/2020\/10\/Verte-scaled.jpg?zoom=3&amp;resize=150%2C150 450w\" sizes=\"auto, (max-width: 150px) 100vw, 150px\" \/><\/a>Pour cette premi\u00e8re matin\u00e9e de marathon, j&rsquo;ai pens\u00e9 un bon moment rigolo en compagnie de Verte, jeune fille de 11 ans qui n&rsquo;a pas encore ses pouvoirs de sorci\u00e8re au grand d\u00e9sespoir de sa m\u00e8re (180 pages + 83 pages). Mais je m&rsquo;arr\u00eate l\u00e0 dans mon avis et en reparlerai pour la lecture commune du 21 octobre, ayant lu ce matin le roman jeunesse et aussi son adaptation en BD jeunesse. <\/em><em>Vais-je encha\u00eener cet apr\u00e8s-midi sur la suite <span style=\"text-decoration: underline;\">Pome<\/span>? Oui oui, je tease comme FondantGringote. Entretemps, Clarabel nous a rejoint. Bon app\u00e9tit \u00e0 toutes les participantes! <\/em><\/p>\n<p style=\"text-align: justify;\"><em>Apr\u00e8s notre d\u00e9jeuner, vers 12h30, petite actualisation de mon billet de suivi et passage chez les autres participantes qui ont eu aussi une matin\u00e9e bien remplie. Et d\u00e9j\u00e0 de nouvelles lectures int\u00e9ressantes chez elles que je note comme <span style=\"text-decoration: underline;\">Monstreville, Le livre hant\u00e9<\/span> chez Syl ou <span style=\"text-decoration: underline;\">Warren 13<\/span> chez Bidib. Sans oublier un magnifique grimoire de sorci\u00e8re chez Hilde.<br \/>\n<\/em><\/p>\n<p style=\"text-align: justify;\"><em><a href=\"https:\/\/i0.wp.com\/www.jojoenherbe.com\/wp-content\/uploads\/2020\/10\/Pome-scaled.jpg\"><img data-recalc-dims=\"1\" loading=\"lazy\" decoding=\"async\" data-attachment-id=\"12851\" data-permalink=\"http:\/\/www.jojoenherbe.com\/index.php\/2020\/10\/09\/un-rat-gourmand-dhalloween-2020\/pome\/\" data-orig-file=\"https:\/\/i0.wp.com\/www.jojoenherbe.com\/wp-content\/uploads\/2020\/10\/Pome-scaled.jpg?fit=2560%2C1920\" data-orig-size=\"2560,1920\" data-comments-opened=\"1\" data-image-meta=\"{&quot;aperture&quot;:&quot;1.8&quot;,&quot;credit&quot;:&quot;&quot;,&quot;camera&quot;:&quot;iPhone 7&quot;,&quot;caption&quot;:&quot;&quot;,&quot;created_timestamp&quot;:&quot;1602265682&quot;,&quot;copyright&quot;:&quot;&quot;,&quot;focal_length&quot;:&quot;3.99&quot;,&quot;iso&quot;:&quot;100&quot;,&quot;shutter_speed&quot;:&quot;0.16666666666667&quot;,&quot;title&quot;:&quot;&quot;,&quot;orientation&quot;:&quot;1&quot;}\" data-image-title=\"Pome\" data-image-description=\"\" data-image-caption=\"\" data-large-file=\"https:\/\/i0.wp.com\/www.jojoenherbe.com\/wp-content\/uploads\/2020\/10\/Pome-scaled.jpg?fit=676%2C507\" class=\"size-thumbnail wp-image-12851 alignright\" src=\"https:\/\/i0.wp.com\/www.jojoenherbe.com\/wp-content\/uploads\/2020\/10\/Pome.jpg?resize=150%2C150\" alt=\"\" width=\"150\" height=\"150\" srcset=\"https:\/\/i0.wp.com\/www.jojoenherbe.com\/wp-content\/uploads\/2020\/10\/Pome-scaled.jpg?resize=150%2C150 150w, https:\/\/i0.wp.com\/www.jojoenherbe.com\/wp-content\/uploads\/2020\/10\/Pome-scaled.jpg?zoom=2&amp;resize=150%2C150 300w, https:\/\/i0.wp.com\/www.jojoenherbe.com\/wp-content\/uploads\/2020\/10\/Pome-scaled.jpg?zoom=3&amp;resize=150%2C150 450w\" sizes=\"auto, (max-width: 150px) 100vw, 150px\" \/><\/a><img data-recalc-dims=\"1\" loading=\"lazy\" decoding=\"async\" id=\"media-6177480\" class=\"alignright\" title=\"\" src=\"https:\/\/i0.wp.com\/www.lelivroblog.fr\/media\/00\/01\/4168824394.jpg?resize=153%2C153\" alt=\"logo, cuisine litt\u00e9raire\" width=\"153\" height=\"153\" \/>16h, retour de l&rsquo;\u00e9cole apr\u00e8s avoir particip\u00e9 au d\u00e9pouillement du scrutin pour les \u00e9lections de parents d&rsquo;\u00e9l\u00e8ve (dommage que je ne connaissais pas de sortil\u00e8ge pour rendre instantan\u00e9 le d\u00e9pouillement). J&rsquo;ai donc pu juste un petit peu lire, \u00e0 peine 30 minutes avant l&rsquo;ouverture des portes de l&rsquo;\u00e9cole. J&rsquo;ai ainsi fait la rencontre avec Pome, la meilleure amie sorci\u00e8re de Verte (74 pages). Une petite actualisation de mon billet en prenant connaissance aussi des commentaires. Le temps d&rsquo;y r\u00e9pondre et il sera bient\u00f4t l&rsquo;heure de retourner \u00e0 l&rsquo;\u00e9cole avant une pause go\u00fbter bien m\u00e9rit\u00e9e, surtout qu&rsquo;Anastabotte, la grand-m\u00e8re de Verte m&rsquo;a donn\u00e9 faim avec ses cr\u00eapes et ses gaufres&#8230; Une fois le petit marmiton r\u00e9cup\u00e9r\u00e9, un petit tour en cuisine s&rsquo;impose. Alors ce sera gaufres au go\u00fbter, ce qui fait que nous validons le d\u00e9fi gourmand d&rsquo;un plat inspir\u00e9 d&rsquo;une lecture.<br \/>\n<\/em><\/p>\n<p style=\"text-align: justify;\"><em><a href=\"https:\/\/i0.wp.com\/www.jojoenherbe.com\/wp-content\/uploads\/2020\/10\/PAL-RAT-Gourmand-dHalloween-2-scaled.jpg\"><img data-recalc-dims=\"1\" loading=\"lazy\" decoding=\"async\" data-attachment-id=\"12862\" data-permalink=\"http:\/\/www.jojoenherbe.com\/index.php\/2020\/10\/09\/un-rat-gourmand-dhalloween-2020\/pal-rat-gourmand-dhalloween-2\/\" data-orig-file=\"https:\/\/i0.wp.com\/www.jojoenherbe.com\/wp-content\/uploads\/2020\/10\/PAL-RAT-Gourmand-dHalloween-2-scaled.jpg?fit=2560%2C1795\" data-orig-size=\"2560,1795\" data-comments-opened=\"1\" data-image-meta=\"{&quot;aperture&quot;:&quot;1.8&quot;,&quot;credit&quot;:&quot;&quot;,&quot;camera&quot;:&quot;iPhone 7&quot;,&quot;caption&quot;:&quot;&quot;,&quot;created_timestamp&quot;:&quot;1602267891&quot;,&quot;copyright&quot;:&quot;&quot;,&quot;focal_length&quot;:&quot;3.99&quot;,&quot;iso&quot;:&quot;100&quot;,&quot;shutter_speed&quot;:&quot;0.2&quot;,&quot;title&quot;:&quot;&quot;,&quot;orientation&quot;:&quot;1&quot;}\" data-image-title=\"PAL RAT Gourmand d&amp;rsquo;Halloween 2\" data-image-description=\"\" data-image-caption=\"\" data-large-file=\"https:\/\/i0.wp.com\/www.jojoenherbe.com\/wp-content\/uploads\/2020\/10\/PAL-RAT-Gourmand-dHalloween-2-scaled.jpg?fit=676%2C474\" class=\"alignleft size-thumbnail wp-image-12862\" src=\"https:\/\/i0.wp.com\/www.jojoenherbe.com\/wp-content\/uploads\/2020\/10\/PAL-RAT-Gourmand-dHalloween-2.jpg?resize=150%2C150\" alt=\"\" width=\"150\" height=\"150\" srcset=\"https:\/\/i0.wp.com\/www.jojoenherbe.com\/wp-content\/uploads\/2020\/10\/PAL-RAT-Gourmand-dHalloween-2-scaled.jpg?resize=150%2C150 150w, https:\/\/i0.wp.com\/www.jojoenherbe.com\/wp-content\/uploads\/2020\/10\/PAL-RAT-Gourmand-dHalloween-2-scaled.jpg?zoom=2&amp;resize=150%2C150 300w, https:\/\/i0.wp.com\/www.jojoenherbe.com\/wp-content\/uploads\/2020\/10\/PAL-RAT-Gourmand-dHalloween-2-scaled.jpg?zoom=3&amp;resize=150%2C150 450w\" sizes=\"auto, (max-width: 150px) 100vw, 150px\" \/><\/a> <a href=\"https:\/\/i0.wp.com\/www.jojoenherbe.com\/wp-content\/uploads\/2020\/10\/PAL-RAT-Gourmand-dHalloween-3-scaled.jpg\"><img data-recalc-dims=\"1\" loading=\"lazy\" decoding=\"async\" data-attachment-id=\"12863\" data-permalink=\"http:\/\/www.jojoenherbe.com\/index.php\/2020\/10\/09\/un-rat-gourmand-dhalloween-2020\/pal-rat-gourmand-dhalloween-3\/\" data-orig-file=\"https:\/\/i0.wp.com\/www.jojoenherbe.com\/wp-content\/uploads\/2020\/10\/PAL-RAT-Gourmand-dHalloween-3-scaled.jpg?fit=2560%2C1920\" data-orig-size=\"2560,1920\" data-comments-opened=\"1\" data-image-meta=\"{&quot;aperture&quot;:&quot;1.8&quot;,&quot;credit&quot;:&quot;&quot;,&quot;camera&quot;:&quot;iPhone 7&quot;,&quot;caption&quot;:&quot;&quot;,&quot;created_timestamp&quot;:&quot;1602267915&quot;,&quot;copyright&quot;:&quot;&quot;,&quot;focal_length&quot;:&quot;3.99&quot;,&quot;iso&quot;:&quot;100&quot;,&quot;shutter_speed&quot;:&quot;0.2&quot;,&quot;title&quot;:&quot;&quot;,&quot;orientation&quot;:&quot;1&quot;}\" data-image-title=\"PAL RAT Gourmand d&amp;rsquo;Halloween 3\" data-image-description=\"\" data-image-caption=\"\" data-large-file=\"https:\/\/i0.wp.com\/www.jojoenherbe.com\/wp-content\/uploads\/2020\/10\/PAL-RAT-Gourmand-dHalloween-3-scaled.jpg?fit=676%2C507\" class=\"alignleft size-thumbnail wp-image-12863\" src=\"https:\/\/i0.wp.com\/www.jojoenherbe.com\/wp-content\/uploads\/2020\/10\/PAL-RAT-Gourmand-dHalloween-3.jpg?resize=150%2C150\" alt=\"\" width=\"150\" height=\"150\" srcset=\"https:\/\/i0.wp.com\/www.jojoenherbe.com\/wp-content\/uploads\/2020\/10\/PAL-RAT-Gourmand-dHalloween-3-scaled.jpg?resize=150%2C150 150w, https:\/\/i0.wp.com\/www.jojoenherbe.com\/wp-content\/uploads\/2020\/10\/PAL-RAT-Gourmand-dHalloween-3-scaled.jpg?zoom=2&amp;resize=150%2C150 300w, https:\/\/i0.wp.com\/www.jojoenherbe.com\/wp-content\/uploads\/2020\/10\/PAL-RAT-Gourmand-dHalloween-3-scaled.jpg?zoom=3&amp;resize=150%2C150 450w\" sizes=\"auto, (max-width: 150px) 100vw, 150px\" \/><\/a>En fin d&rsquo;apr\u00e8s-midi puis pour les histoires du soir, ce sont des albums jeunesse \u00e0 partir de 3 ans et mettant en avant l&rsquo;amiti\u00e9:<\/em><\/p>\n<ul>\n<li style=\"text-align: justify;\"><em><span style=\"text-decoration: underline;\">Tout seul?<\/span> de Rosemary Shojaie (\u00e9d. Didier Jeunesse, 2020) (RELU)<br \/>\n<\/em><\/li>\n<li style=\"text-align: justify;\"><em><span style=\"text-decoration: underline;\">Super Potes<\/span> de Smriti Halls et Steve Small (\u00e9d. Sarbacane, 2020) (RELU)<br \/>\n<\/em><\/li>\n<li style=\"text-align: justify;\"><em><span style=\"text-decoration: underline;\">Gare au monstre!<\/span> de Sunghee Shin (\u00e9d. Circonflexe, 2017) (RELU)<br \/>\n<\/em><\/li>\n<li style=\"text-align: justify;\"><em><span style=\"text-decoration: underline;\">Jules et le renard<\/span> de Joe Todd-Stanton (\u00e9d. L&rsquo;\u00e9cole des loisirs, 2019) (RELU).<\/em><\/li>\n<\/ul>\n<p style=\"text-align: justify;\"><em>Peu apr\u00e8s 21h et avant de poursuivre ma soir\u00e9e en lectures, je passe faire un petit tour chez les autres participantes sur les blogs et r\u00e9seaux sociaux, l&rsquo;Orouge nous ayant rejointes. Il est d\u00e9j\u00e0 plus de 22 heures lorsque je me replonge dans la lecture de <span style=\"text-decoration: underline;\">Pome<\/span>. Bonne soir\u00e9e \u00e0 tout le monde et \u00e0 demain!<\/em><\/p>\n<p style=\"text-align: justify;\"><em><a href=\"https:\/\/i0.wp.com\/www.jojoenherbe.com\/wp-content\/uploads\/2020\/10\/Courge-sphagetti-scaled.jpg\"><img data-recalc-dims=\"1\" loading=\"lazy\" decoding=\"async\" data-attachment-id=\"12868\" data-permalink=\"http:\/\/www.jojoenherbe.com\/index.php\/2020\/10\/09\/un-rat-gourmand-dhalloween-2020\/courge-sphagetti\/\" data-orig-file=\"https:\/\/i0.wp.com\/www.jojoenherbe.com\/wp-content\/uploads\/2020\/10\/Courge-sphagetti-scaled.jpg?fit=2560%2C1730\" data-orig-size=\"2560,1730\" data-comments-opened=\"1\" data-image-meta=\"{&quot;aperture&quot;:&quot;1.8&quot;,&quot;credit&quot;:&quot;&quot;,&quot;camera&quot;:&quot;iPhone 7&quot;,&quot;caption&quot;:&quot;&quot;,&quot;created_timestamp&quot;:&quot;1602326987&quot;,&quot;copyright&quot;:&quot;&quot;,&quot;focal_length&quot;:&quot;3.99&quot;,&quot;iso&quot;:&quot;50&quot;,&quot;shutter_speed&quot;:&quot;0.058823529411765&quot;,&quot;title&quot;:&quot;&quot;,&quot;orientation&quot;:&quot;1&quot;}\" data-image-title=\"Courge-sphagetti\" data-image-description=\"\" data-image-caption=\"\" data-large-file=\"https:\/\/i0.wp.com\/www.jojoenherbe.com\/wp-content\/uploads\/2020\/10\/Courge-sphagetti-scaled.jpg?fit=676%2C457\" class=\"size-thumbnail wp-image-12868 alignright\" src=\"https:\/\/i0.wp.com\/www.jojoenherbe.com\/wp-content\/uploads\/2020\/10\/Courge-sphagetti.jpg?resize=150%2C150\" alt=\"\" width=\"150\" height=\"150\" srcset=\"https:\/\/i0.wp.com\/www.jojoenherbe.com\/wp-content\/uploads\/2020\/10\/Courge-sphagetti-scaled.jpg?resize=150%2C150 150w, https:\/\/i0.wp.com\/www.jojoenherbe.com\/wp-content\/uploads\/2020\/10\/Courge-sphagetti-scaled.jpg?zoom=2&amp;resize=150%2C150 300w, https:\/\/i0.wp.com\/www.jojoenherbe.com\/wp-content\/uploads\/2020\/10\/Courge-sphagetti-scaled.jpg?zoom=3&amp;resize=150%2C150 450w\" sizes=\"auto, (max-width: 150px) 100vw, 150px\" \/><\/a>Samedi 10 octobre 2020, je finis de lire le dernier chapitre de <span style=\"text-decoration: underline;\">Pome<\/span> et commence <span style=\"text-decoration: underline;\">Mauve<\/span>. Puis, vers 9h30, un petit tour sur les blogs, certaines s&rsquo;\u00e9tant lev\u00e9es tr\u00e8s t\u00f4t. Je poursuis ma lecture et vers 11h00, il est temps de passer aux fourneaux pour un nouveau d\u00e9fi gourmand, cette fois-ci un plat \u00e0 base de courge mais pas n&rsquo;importe laquelle, une courge-spaghetti.<br \/>\n<\/em><\/p>\n<p style=\"text-align: justify;\"><em><a href=\"https:\/\/i0.wp.com\/www.jojoenherbe.com\/wp-content\/uploads\/2020\/10\/Plat-courge-spaghetti-scaled.jpg\"><img data-recalc-dims=\"1\" loading=\"lazy\" decoding=\"async\" data-attachment-id=\"12878\" data-permalink=\"http:\/\/www.jojoenherbe.com\/index.php\/2020\/10\/09\/un-rat-gourmand-dhalloween-2020\/plat-courge-spaghetti\/\" data-orig-file=\"https:\/\/i0.wp.com\/www.jojoenherbe.com\/wp-content\/uploads\/2020\/10\/Plat-courge-spaghetti-scaled.jpg?fit=2560%2C1773\" data-orig-size=\"2560,1773\" data-comments-opened=\"1\" data-image-meta=\"{&quot;aperture&quot;:&quot;1.8&quot;,&quot;credit&quot;:&quot;&quot;,&quot;camera&quot;:&quot;iPhone 7&quot;,&quot;caption&quot;:&quot;&quot;,&quot;created_timestamp&quot;:&quot;1602331592&quot;,&quot;copyright&quot;:&quot;&quot;,&quot;focal_length&quot;:&quot;3.99&quot;,&quot;iso&quot;:&quot;50&quot;,&quot;shutter_speed&quot;:&quot;0.058823529411765&quot;,&quot;title&quot;:&quot;&quot;,&quot;orientation&quot;:&quot;1&quot;}\" data-image-title=\"Plat courge-spaghetti\" data-image-description=\"\" data-image-caption=\"\" data-large-file=\"https:\/\/i0.wp.com\/www.jojoenherbe.com\/wp-content\/uploads\/2020\/10\/Plat-courge-spaghetti-scaled.jpg?fit=676%2C468\" class=\"alignleft wp-image-12878 size-thumbnail\" src=\"https:\/\/i0.wp.com\/www.jojoenherbe.com\/wp-content\/uploads\/2020\/10\/Plat-courge-spaghetti.jpg?resize=150%2C150\" alt=\"\" width=\"150\" height=\"150\" srcset=\"https:\/\/i0.wp.com\/www.jojoenherbe.com\/wp-content\/uploads\/2020\/10\/Plat-courge-spaghetti-scaled.jpg?resize=150%2C150 150w, https:\/\/i0.wp.com\/www.jojoenherbe.com\/wp-content\/uploads\/2020\/10\/Plat-courge-spaghetti-scaled.jpg?zoom=2&amp;resize=150%2C150 300w, https:\/\/i0.wp.com\/www.jojoenherbe.com\/wp-content\/uploads\/2020\/10\/Plat-courge-spaghetti-scaled.jpg?zoom=3&amp;resize=150%2C150 450w\" sizes=\"auto, (max-width: 150px) 100vw, 150px\" \/><\/a><img data-recalc-dims=\"1\" loading=\"lazy\" decoding=\"async\" id=\"media-6177477\" class=\"alignleft\" title=\"\" src=\"https:\/\/i0.wp.com\/www.lelivroblog.fr\/media\/00\/00\/1744586197.jpg?resize=155%2C155\" alt=\"logo, cuisine de courges, \" width=\"155\" height=\"155\" \/>17h30, nous revoil\u00e0 chez nous pour un petit go\u00fbter tardif, le temps de sortir du frigo le reste de p\u00e2te \u00e0 gaufres d&rsquo;hier. Ce fut un apr\u00e8s-midi pass\u00e9 loin de la lecture puisque notre passage en librairie ne se comptabilise pas. Et me voil\u00e0 de retour sur mon blog pour prendre connaissance des nouveaux commentaires et de voir aussi que Myrtille et Touloulou participent \u00e9galement aujourd&rsquo;hui. Alors qu&rsquo;ai-je concoct\u00e9 avec cette courge-sphagetti? Tadam! C&rsquo;\u00e9tait bon, m\u00eame si la photo ne donne pas vraiment cette impression. Cela faisait tr\u00e8s tr\u00e8s longtemps (ce qui se compte en d\u00e9cennies) que je n&rsquo;en avais pas mang\u00e9. En go\u00fbt, cela me rappelait mon enfance, lorsque ma tante m&rsquo;avait fait d\u00e9couvrir ce fruit-l\u00e9gume, m\u00eame si l\u00e0 j&rsquo;ai fait une sauce bolognaise pour l&rsquo;accompagner, avec quelques pommes de terre au four.<br \/>\n<\/em><\/p>\n<p style=\"text-align: justify;\"><em>Vu comme c&rsquo;est parti, je crois que la suite de mes lectures sera pour ce soir. Mais avant, nouveau <del>petit<\/del> long passage chez les autres participantes (ce qui prend longtemps mais c&rsquo;est toujours tr\u00e8s sympa de voir les activit\u00e9s des uns et des autres, que ce soit de la lecture ou non).<\/em><\/p>\n<p style=\"text-align: justify;\"><em><a href=\"https:\/\/i0.wp.com\/www.jojoenherbe.com\/wp-content\/uploads\/2020\/10\/Comment-etre-aime-quand-on-est-un-Grand-Mechant-Loup-6-1-scaled.jpg\"><img data-recalc-dims=\"1\" loading=\"lazy\" decoding=\"async\" data-attachment-id=\"12896\" data-permalink=\"http:\/\/www.jojoenherbe.com\/index.php\/2020\/10\/09\/un-rat-gourmand-dhalloween-2020\/comment-etre-aime-quand-on-est-un-grand-mechant-loup-6-2\/\" data-orig-file=\"https:\/\/i0.wp.com\/www.jojoenherbe.com\/wp-content\/uploads\/2020\/10\/Comment-etre-aime-quand-on-est-un-Grand-Mechant-Loup-6-1-scaled.jpg?fit=2560%2C1920\" data-orig-size=\"2560,1920\" data-comments-opened=\"1\" data-image-meta=\"{&quot;aperture&quot;:&quot;1.8&quot;,&quot;credit&quot;:&quot;&quot;,&quot;camera&quot;:&quot;iPhone 7&quot;,&quot;caption&quot;:&quot;&quot;,&quot;created_timestamp&quot;:&quot;1600941120&quot;,&quot;copyright&quot;:&quot;&quot;,&quot;focal_length&quot;:&quot;3.99&quot;,&quot;iso&quot;:&quot;80&quot;,&quot;shutter_speed&quot;:&quot;0.058823529411765&quot;,&quot;title&quot;:&quot;&quot;,&quot;orientation&quot;:&quot;1&quot;}\" data-image-title=\"Comment \u00eatre aim\u00e9 quand on est un Grand M\u00e9chant Loup 6\" data-image-description=\"\" data-image-caption=\"\" data-large-file=\"https:\/\/i0.wp.com\/www.jojoenherbe.com\/wp-content\/uploads\/2020\/10\/Comment-etre-aime-quand-on-est-un-Grand-Mechant-Loup-6-1-scaled.jpg?fit=676%2C507\" class=\"alignright wp-image-12896 size-thumbnail\" src=\"https:\/\/i0.wp.com\/www.jojoenherbe.com\/wp-content\/uploads\/2020\/10\/Comment-etre-aime-quand-on-est-un-Grand-Mechant-Loup-6-1.jpg?resize=150%2C150\" alt=\"\" width=\"150\" height=\"150\" srcset=\"https:\/\/i0.wp.com\/www.jojoenherbe.com\/wp-content\/uploads\/2020\/10\/Comment-etre-aime-quand-on-est-un-Grand-Mechant-Loup-6-1-scaled.jpg?resize=150%2C150 150w, https:\/\/i0.wp.com\/www.jojoenherbe.com\/wp-content\/uploads\/2020\/10\/Comment-etre-aime-quand-on-est-un-Grand-Mechant-Loup-6-1-scaled.jpg?zoom=2&amp;resize=150%2C150 300w, https:\/\/i0.wp.com\/www.jojoenherbe.com\/wp-content\/uploads\/2020\/10\/Comment-etre-aime-quand-on-est-un-Grand-Mechant-Loup-6-1-scaled.jpg?zoom=3&amp;resize=150%2C150 450w\" sizes=\"auto, (max-width: 150px) 100vw, 150px\" \/><\/a><a href=\"https:\/\/i0.wp.com\/www.jojoenherbe.com\/wp-content\/uploads\/2020\/10\/Comment-etre-aime-quand-on-est-un-Grand-Mechant-Loup-scaled.jpg\"><img data-recalc-dims=\"1\" loading=\"lazy\" decoding=\"async\" data-attachment-id=\"12681\" data-permalink=\"http:\/\/www.jojoenherbe.com\/index.php\/2020\/10\/10\/au-fil-des-pages-avec-comment-etre-aime-quand-on-est-un-grand-mechant-loup\/comment-etre-aime-quand-on-est-un-grand-mechant-loup\/\" data-orig-file=\"https:\/\/i0.wp.com\/www.jojoenherbe.com\/wp-content\/uploads\/2020\/10\/Comment-etre-aime-quand-on-est-un-Grand-Mechant-Loup-scaled.jpg?fit=2560%2C1920\" data-orig-size=\"2560,1920\" data-comments-opened=\"1\" data-image-meta=\"{&quot;aperture&quot;:&quot;1.8&quot;,&quot;credit&quot;:&quot;&quot;,&quot;camera&quot;:&quot;iPhone 7&quot;,&quot;caption&quot;:&quot;&quot;,&quot;created_timestamp&quot;:&quot;1600941100&quot;,&quot;copyright&quot;:&quot;&quot;,&quot;focal_length&quot;:&quot;3.99&quot;,&quot;iso&quot;:&quot;100&quot;,&quot;shutter_speed&quot;:&quot;0.090909090909091&quot;,&quot;title&quot;:&quot;&quot;,&quot;orientation&quot;:&quot;1&quot;}\" data-image-title=\"Comment \u00eatre aim\u00e9 quand on est un Grand M\u00e9chant Loup\" data-image-description=\"\" data-image-caption=\"\" data-large-file=\"https:\/\/i0.wp.com\/www.jojoenherbe.com\/wp-content\/uploads\/2020\/10\/Comment-etre-aime-quand-on-est-un-Grand-Mechant-Loup-scaled.jpg?fit=676%2C507\" class=\"wp-image-12681 size-thumbnail alignright\" src=\"https:\/\/i0.wp.com\/www.jojoenherbe.com\/wp-content\/uploads\/2020\/10\/Comment-etre-aime-quand-on-est-un-Grand-Mechant-Loup.jpg?resize=150%2C150\" alt=\"\" width=\"150\" height=\"150\" srcset=\"https:\/\/i0.wp.com\/www.jojoenherbe.com\/wp-content\/uploads\/2020\/10\/Comment-etre-aime-quand-on-est-un-Grand-Mechant-Loup-scaled.jpg?resize=150%2C150 150w, https:\/\/i0.wp.com\/www.jojoenherbe.com\/wp-content\/uploads\/2020\/10\/Comment-etre-aime-quand-on-est-un-Grand-Mechant-Loup-scaled.jpg?zoom=2&amp;resize=150%2C150 300w, https:\/\/i0.wp.com\/www.jojoenherbe.com\/wp-content\/uploads\/2020\/10\/Comment-etre-aime-quand-on-est-un-Grand-Mechant-Loup-scaled.jpg?zoom=3&amp;resize=150%2C150 450w\" sizes=\"auto, (max-width: 150px) 100vw, 150px\" \/><\/a>En fin d&rsquo;apr\u00e8s-midi, nous relisons <a href=\"http:\/\/www.jojoenherbe.com\/index.php\/2020\/10\/10\/au-fil-des-pages-avec-comment-etre-aime-quand-on-est-un-grand-mechant-loup\/\"><span style=\"text-decoration: underline;\">Comment \u00eatre aim\u00e9 quand on est un Grand M\u00e9chant Loup?<\/span><\/a> de Christine Naumann-Villemin et Annick Masson (\u00e9d. Mijade, 2017), un album jeunesse tr\u00e8s rigolo \u00e0 partir de 3 ans. Comme les autres membres de son son syndicat\u00a0 (ogre, sorci\u00e8re, cauchemar ou encore fant\u00f4me), le loup en a assez d&rsquo;\u00eatre choisi par les \u00e9crivains comme arch\u00e9type de m\u00e9chant. Il entend que l&rsquo;autrice de son histoire y rem\u00e9dier pour \u00eatre \u00e0 son tour aim\u00e9.<\/em><\/p>\n<p style=\"text-align: justify;\"><em><a href=\"https:\/\/i0.wp.com\/www.jojoenherbe.com\/wp-content\/uploads\/2020\/10\/Cars-et-PatPatrouille-scaled.jpg\"><img data-recalc-dims=\"1\" loading=\"lazy\" decoding=\"async\" data-attachment-id=\"12904\" data-permalink=\"http:\/\/www.jojoenherbe.com\/index.php\/2020\/10\/09\/un-rat-gourmand-dhalloween-2020\/cars-et-patpatrouille\/\" data-orig-file=\"https:\/\/i0.wp.com\/www.jojoenherbe.com\/wp-content\/uploads\/2020\/10\/Cars-et-PatPatrouille-scaled.jpg?fit=2560%2C1920\" data-orig-size=\"2560,1920\" data-comments-opened=\"1\" data-image-meta=\"{&quot;aperture&quot;:&quot;1.8&quot;,&quot;credit&quot;:&quot;&quot;,&quot;camera&quot;:&quot;iPhone 7&quot;,&quot;caption&quot;:&quot;&quot;,&quot;created_timestamp&quot;:&quot;1602414280&quot;,&quot;copyright&quot;:&quot;&quot;,&quot;focal_length&quot;:&quot;3.99&quot;,&quot;iso&quot;:&quot;125&quot;,&quot;shutter_speed&quot;:&quot;0.25&quot;,&quot;title&quot;:&quot;&quot;,&quot;orientation&quot;:&quot;1&quot;}\" data-image-title=\"Cars et Pat&amp;rsquo;Patrouille\" data-image-description=\"\" data-image-caption=\"\" data-large-file=\"https:\/\/i0.wp.com\/www.jojoenherbe.com\/wp-content\/uploads\/2020\/10\/Cars-et-PatPatrouille-scaled.jpg?fit=676%2C507\" class=\"alignleft size-thumbnail wp-image-12904\" src=\"https:\/\/i0.wp.com\/www.jojoenherbe.com\/wp-content\/uploads\/2020\/10\/Cars-et-PatPatrouille.jpg?resize=150%2C150\" alt=\"\" width=\"150\" height=\"150\" srcset=\"https:\/\/i0.wp.com\/www.jojoenherbe.com\/wp-content\/uploads\/2020\/10\/Cars-et-PatPatrouille-scaled.jpg?resize=150%2C150 150w, https:\/\/i0.wp.com\/www.jojoenherbe.com\/wp-content\/uploads\/2020\/10\/Cars-et-PatPatrouille-scaled.jpg?zoom=2&amp;resize=150%2C150 300w, https:\/\/i0.wp.com\/www.jojoenherbe.com\/wp-content\/uploads\/2020\/10\/Cars-et-PatPatrouille-scaled.jpg?zoom=3&amp;resize=150%2C150 450w\" sizes=\"auto, (max-width: 150px) 100vw, 150px\" \/><\/a>Pour les histoires du soir, deux histoires compl\u00e8tement hors th\u00e8me halloweenesque ont \u00e9t\u00e9 choisies: l&rsquo;une avec Cars et l&rsquo;autre avec la Pat-Patrouille. De mon c\u00f4t\u00e9, en fin de soir\u00e9e, j&rsquo;ai lu deux tr\u00e8s courts romans jeunesse \u00ab\u00a0Premi\u00e8re lecture\u00a0\u00bb avec <span style=\"text-decoration: underline;\">Ma m\u00e8re est une sorci\u00e8re<\/span> et <span style=\"text-decoration: underline;\">Ma m\u00e8re est encore une sorci\u00e8re<\/span>. Bonne soir\u00e9e et \u00e0 demain pour la troisi\u00e8me et derni\u00e8re journ\u00e9e de ce marathon!<\/em><\/p>\n<p style=\"text-align: justify;\"><em><a href=\"https:\/\/i0.wp.com\/www.jojoenherbe.com\/wp-content\/uploads\/2020\/10\/Il-ny-a-pas-de-dragon-dans-cette-histoire-2-scaled.jpg\"><img data-recalc-dims=\"1\" loading=\"lazy\" decoding=\"async\" data-attachment-id=\"12902\" data-permalink=\"http:\/\/www.jojoenherbe.com\/index.php\/2020\/10\/09\/un-rat-gourmand-dhalloween-2020\/il-ny-a-pas-de-dragon-dans-cette-histoire-2\/\" data-orig-file=\"https:\/\/i0.wp.com\/www.jojoenherbe.com\/wp-content\/uploads\/2020\/10\/Il-ny-a-pas-de-dragon-dans-cette-histoire-2-scaled.jpg?fit=2560%2C1920\" data-orig-size=\"2560,1920\" data-comments-opened=\"1\" data-image-meta=\"{&quot;aperture&quot;:&quot;1.8&quot;,&quot;credit&quot;:&quot;&quot;,&quot;camera&quot;:&quot;iPhone 7&quot;,&quot;caption&quot;:&quot;&quot;,&quot;created_timestamp&quot;:&quot;1602414153&quot;,&quot;copyright&quot;:&quot;&quot;,&quot;focal_length&quot;:&quot;3.99&quot;,&quot;iso&quot;:&quot;40&quot;,&quot;shutter_speed&quot;:&quot;0.058823529411765&quot;,&quot;title&quot;:&quot;&quot;,&quot;orientation&quot;:&quot;1&quot;}\" data-image-title=\"Il n&amp;rsquo;y a pas de dragon dans cette histoire 2\" data-image-description=\"\" data-image-caption=\"\" data-large-file=\"https:\/\/i0.wp.com\/www.jojoenherbe.com\/wp-content\/uploads\/2020\/10\/Il-ny-a-pas-de-dragon-dans-cette-histoire-2-scaled.jpg?fit=676%2C507\" class=\"size-thumbnail wp-image-12902 alignright\" src=\"https:\/\/i0.wp.com\/www.jojoenherbe.com\/wp-content\/uploads\/2020\/10\/Il-ny-a-pas-de-dragon-dans-cette-histoire-2.jpg?resize=150%2C150\" alt=\"\" width=\"150\" height=\"150\" srcset=\"https:\/\/i0.wp.com\/www.jojoenherbe.com\/wp-content\/uploads\/2020\/10\/Il-ny-a-pas-de-dragon-dans-cette-histoire-2-scaled.jpg?resize=150%2C150 150w, https:\/\/i0.wp.com\/www.jojoenherbe.com\/wp-content\/uploads\/2020\/10\/Il-ny-a-pas-de-dragon-dans-cette-histoire-2-scaled.jpg?zoom=2&amp;resize=150%2C150 300w, https:\/\/i0.wp.com\/www.jojoenherbe.com\/wp-content\/uploads\/2020\/10\/Il-ny-a-pas-de-dragon-dans-cette-histoire-2-scaled.jpg?zoom=3&amp;resize=150%2C150 450w\" sizes=\"auto, (max-width: 150px) 100vw, 150px\" \/><\/a> <a href=\"https:\/\/i0.wp.com\/www.jojoenherbe.com\/wp-content\/uploads\/2020\/10\/Il-ny-a-pas-de-dragon-dans-cette-histoire-scaled.jpg\"><img data-recalc-dims=\"1\" loading=\"lazy\" decoding=\"async\" data-attachment-id=\"12903\" data-permalink=\"http:\/\/www.jojoenherbe.com\/index.php\/2020\/10\/09\/un-rat-gourmand-dhalloween-2020\/il-ny-a-pas-de-dragon-dans-cette-histoire\/\" data-orig-file=\"https:\/\/i0.wp.com\/www.jojoenherbe.com\/wp-content\/uploads\/2020\/10\/Il-ny-a-pas-de-dragon-dans-cette-histoire-scaled.jpg?fit=2560%2C1920\" data-orig-size=\"2560,1920\" data-comments-opened=\"1\" data-image-meta=\"{&quot;aperture&quot;:&quot;1.8&quot;,&quot;credit&quot;:&quot;&quot;,&quot;camera&quot;:&quot;iPhone 7&quot;,&quot;caption&quot;:&quot;&quot;,&quot;created_timestamp&quot;:&quot;1602414122&quot;,&quot;copyright&quot;:&quot;&quot;,&quot;focal_length&quot;:&quot;3.99&quot;,&quot;iso&quot;:&quot;80&quot;,&quot;shutter_speed&quot;:&quot;0.058823529411765&quot;,&quot;title&quot;:&quot;&quot;,&quot;orientation&quot;:&quot;1&quot;}\" data-image-title=\"Il n&amp;rsquo;y a pas de dragon dans cette histoire\" data-image-description=\"\" data-image-caption=\"\" data-large-file=\"https:\/\/i0.wp.com\/www.jojoenherbe.com\/wp-content\/uploads\/2020\/10\/Il-ny-a-pas-de-dragon-dans-cette-histoire-scaled.jpg?fit=676%2C507\" class=\"size-thumbnail wp-image-12903 alignright\" src=\"https:\/\/i0.wp.com\/www.jojoenherbe.com\/wp-content\/uploads\/2020\/10\/Il-ny-a-pas-de-dragon-dans-cette-histoire.jpg?resize=150%2C150\" alt=\"\" width=\"150\" height=\"150\" srcset=\"https:\/\/i0.wp.com\/www.jojoenherbe.com\/wp-content\/uploads\/2020\/10\/Il-ny-a-pas-de-dragon-dans-cette-histoire-scaled.jpg?resize=150%2C150 150w, https:\/\/i0.wp.com\/www.jojoenherbe.com\/wp-content\/uploads\/2020\/10\/Il-ny-a-pas-de-dragon-dans-cette-histoire-scaled.jpg?zoom=2&amp;resize=150%2C150 300w, https:\/\/i0.wp.com\/www.jojoenherbe.com\/wp-content\/uploads\/2020\/10\/Il-ny-a-pas-de-dragon-dans-cette-histoire-scaled.jpg?zoom=3&amp;resize=150%2C150 450w\" sizes=\"auto, (max-width: 150px) 100vw, 150px\" \/><\/a>Dimanche 11 octobre 2020, nous sommes r\u00e9veill\u00e9s vers 7h par un orage tr\u00e8s bruyant. Apr\u00e8s le petit d\u00e9jeuner, assis sur le canap\u00e9, nous nous glissons sous une couverture pour relire des albums jeunesse: <span style=\"text-decoration: underline;\">Tout seul?<\/span>, <span style=\"text-decoration: underline;\">Super Potes<\/span> et <span style=\"text-decoration: underline;\">Il n&rsquo;y a pas de dragon dans cette histoire<\/span> de Lou Carter et Deborah Allwright (\u00e9d. Circonflexe, 2018), un album jeunesse \u00e0 partir de 4 ans. Dans cette derni\u00e8re histoire, nous croisons le G\u00e9ant de <span style=\"text-decoration: underline;\">Jacques et le haricot magique<\/span>. Vers 10h, c&rsquo;est un nouveau passage sur les blogs et r\u00e9seaux sociaux des autres participantes.<br \/>\n<\/em><\/p>\n<p style=\"text-align: justify;\"><em><a href=\"https:\/\/i0.wp.com\/www.jojoenherbe.com\/wp-content\/uploads\/2020\/10\/Photo-scaled.jpg\"><img data-recalc-dims=\"1\" loading=\"lazy\" decoding=\"async\" data-attachment-id=\"12918\" data-permalink=\"http:\/\/www.jojoenherbe.com\/index.php\/2020\/10\/09\/un-rat-gourmand-dhalloween-2020\/photo\/\" data-orig-file=\"https:\/\/i0.wp.com\/www.jojoenherbe.com\/wp-content\/uploads\/2020\/10\/Photo-scaled.jpg?fit=1920%2C2560\" data-orig-size=\"1920,2560\" data-comments-opened=\"1\" data-image-meta=\"{&quot;aperture&quot;:&quot;1.8&quot;,&quot;credit&quot;:&quot;&quot;,&quot;camera&quot;:&quot;iPhone 7&quot;,&quot;caption&quot;:&quot;&quot;,&quot;created_timestamp&quot;:&quot;1602405090&quot;,&quot;copyright&quot;:&quot;&quot;,&quot;focal_length&quot;:&quot;3.99&quot;,&quot;iso&quot;:&quot;100&quot;,&quot;shutter_speed&quot;:&quot;0.071428571428571&quot;,&quot;title&quot;:&quot;&quot;,&quot;orientation&quot;:&quot;1&quot;}\" data-image-title=\"Photo\" data-image-description=\"\" data-image-caption=\"\" data-large-file=\"https:\/\/i0.wp.com\/www.jojoenherbe.com\/wp-content\/uploads\/2020\/10\/Photo-scaled.jpg?fit=676%2C901\" class=\"alignleft size-thumbnail wp-image-12918\" src=\"https:\/\/i0.wp.com\/www.jojoenherbe.com\/wp-content\/uploads\/2020\/10\/Photo.jpg?resize=150%2C150\" alt=\"\" width=\"150\" height=\"150\" srcset=\"https:\/\/i0.wp.com\/www.jojoenherbe.com\/wp-content\/uploads\/2020\/10\/Photo-scaled.jpg?resize=150%2C150 150w, https:\/\/i0.wp.com\/www.jojoenherbe.com\/wp-content\/uploads\/2020\/10\/Photo-scaled.jpg?zoom=2&amp;resize=150%2C150 300w, https:\/\/i0.wp.com\/www.jojoenherbe.com\/wp-content\/uploads\/2020\/10\/Photo-scaled.jpg?zoom=3&amp;resize=150%2C150 450w\" sizes=\"auto, (max-width: 150px) 100vw, 150px\" \/><\/a> <a href=\"https:\/\/i0.wp.com\/www.jojoenherbe.com\/wp-content\/uploads\/2020\/10\/Dessin-de-luciole-scaled.jpg\"><img data-recalc-dims=\"1\" loading=\"lazy\" decoding=\"async\" data-attachment-id=\"12917\" data-permalink=\"http:\/\/www.jojoenherbe.com\/index.php\/2020\/10\/09\/un-rat-gourmand-dhalloween-2020\/dessin-de-luciole\/\" data-orig-file=\"https:\/\/i0.wp.com\/www.jojoenherbe.com\/wp-content\/uploads\/2020\/10\/Dessin-de-luciole-scaled.jpg?fit=2560%2C1920\" data-orig-size=\"2560,1920\" data-comments-opened=\"1\" data-image-meta=\"{&quot;aperture&quot;:&quot;1.8&quot;,&quot;credit&quot;:&quot;&quot;,&quot;camera&quot;:&quot;iPhone 7&quot;,&quot;caption&quot;:&quot;&quot;,&quot;created_timestamp&quot;:&quot;1602419075&quot;,&quot;copyright&quot;:&quot;&quot;,&quot;focal_length&quot;:&quot;3.99&quot;,&quot;iso&quot;:&quot;100&quot;,&quot;shutter_speed&quot;:&quot;0.071428571428571&quot;,&quot;title&quot;:&quot;&quot;,&quot;orientation&quot;:&quot;1&quot;}\" data-image-title=\"Dessin de luciole\" data-image-description=\"\" data-image-caption=\"\" data-large-file=\"https:\/\/i0.wp.com\/www.jojoenherbe.com\/wp-content\/uploads\/2020\/10\/Dessin-de-luciole-scaled.jpg?fit=676%2C507\" class=\"alignleft size-thumbnail wp-image-12917\" src=\"https:\/\/i0.wp.com\/www.jojoenherbe.com\/wp-content\/uploads\/2020\/10\/Dessin-de-luciole.jpg?resize=150%2C150\" alt=\"\" width=\"150\" height=\"150\" srcset=\"https:\/\/i0.wp.com\/www.jojoenherbe.com\/wp-content\/uploads\/2020\/10\/Dessin-de-luciole-scaled.jpg?resize=150%2C150 150w, https:\/\/i0.wp.com\/www.jojoenherbe.com\/wp-content\/uploads\/2020\/10\/Dessin-de-luciole-scaled.jpg?zoom=2&amp;resize=150%2C150 300w, https:\/\/i0.wp.com\/www.jojoenherbe.com\/wp-content\/uploads\/2020\/10\/Dessin-de-luciole-scaled.jpg?zoom=3&amp;resize=150%2C150 450w\" sizes=\"auto, (max-width: 150px) 100vw, 150px\" \/><\/a>Entre l&rsquo;orage de ce matin et toutes les cr\u00e9atures halloweenesques de nos histoires, il est temps de valider le d\u00e9fi Trio mal\u00e9fique. Apr\u00e8s avoir vu les exploits du petit sorcier photographe de FondantGrignote, je ne peux que partager une photo que le mien a prise ce matin (apr\u00e8s avoir sorti son cahier et chip\u00e9 mon bloc de post-it et mon stylo). En tant que sorcier en herbe, il a d\u00e9j\u00e0 cod\u00e9 son message (est-ce celui o\u00f9 il \u00e9crit qu&rsquo;il pleut?! Un sortil\u00e8ge peut-\u00eatre pour faire cesser la pluie&#8230;). Puis comme il fait encore bien gris et nuageux, nous regardons des \u00e9pisodes de Didou pour apprendre \u00e0 dessiner. Peut-\u00eatre que cette luciole nous \u00e9clairera un peu plus pour sortir cet apr\u00e8s-midi? En attendant, bon app\u00e9tit!<\/em><\/p>\n<p style=\"text-align: justify;\"><em>20h30, apr\u00e8s un apr\u00e8s-midi de go\u00fbter d&rsquo;anniversaire, me voici de retour pour actualiser mon billet et faire un tour chez les autres participantes (jusqu&rsquo;\u00e0 22h). Vous l&rsquo;aurez compris, pas vraiment de lecture cet apr\u00e8s-midi m\u00eame si les cadeaux que nous avons offerts \u00e9taient des albums jeunesse. Pour l&rsquo;histoire du soir, c&rsquo;\u00e9tait encore <span style=\"text-decoration: underline;\">Tout seul?<\/span> de Rosemary Shojaie, une lecture hivernale qui est un coup de c\u0153ur chez nous, un renard se retrouve seul lorsque ses amis hibernent. Je ferai rapidement un billet sur cet album jeunesse. Et pour la soir\u00e9e \u00e0 venir, je ne sais pas encore ce que je lirai. Bonne soir\u00e9e \u00e0 tous!<\/em><\/p>\n<p style=\"text-align: justify;\"><em>Ce 12 octobre 2020, 10h, je prends le temps de faire un dernier petit retour sur ma fin de soir\u00e9e d&rsquo;hier soir. J&rsquo;ai continu\u00e9 <span style=\"text-decoration: underline;\">Mauve<\/span> de Marie Desplechin. Alors quel bilan livresque de ce marathon? Ce sera 813 pages lues (sans avoir pris en compte les albums jeunesse relus plusieurs fois le long du RAT). D\u00e9fi valid\u00e9 des 666 pages d\u00e9moniaques! Encore un grand merci aux co-organisatrices, Hilde, Lou, Bidib et FondantGrignote! Et j&rsquo;ai cru qu&rsquo;un second RAT serait peut-\u00eatre pr\u00e9vu&#8230; De quoi saliver d&rsquo;avance!<\/em><\/p>\n<div id=\"attachment_27112\" style=\"width: 191px\" class=\"wp-caption alignleft\"><img data-recalc-dims=\"1\" loading=\"lazy\" decoding=\"async\" aria-describedby=\"caption-attachment-27112\" class=\"wp-image-27112\" src=\"https:\/\/i0.wp.com\/www.myloubook.com\/wp-content\/uploads\/2020\/10\/RAT-Halloween-2020-02.png?resize=181%2C181\" sizes=\"auto, (max-width: 2160px) 100vw, 2160px\" srcset=\"http:\/\/www.myloubook.com\/wp-content\/uploads\/2020\/10\/RAT-Halloween-2020-02.png 2160w, http:\/\/www.myloubook.com\/wp-content\/uploads\/2020\/10\/RAT-Halloween-2020-02-150x150.png 150w, http:\/\/www.myloubook.com\/wp-content\/uploads\/2020\/10\/RAT-Halloween-2020-02-300x300.png 300w, http:\/\/www.myloubook.com\/wp-content\/uploads\/2020\/10\/RAT-Halloween-2020-02-768x768.png 768w, http:\/\/www.myloubook.com\/wp-content\/uploads\/2020\/10\/RAT-Halloween-2020-02-1024x1024.png 1024w, http:\/\/www.myloubook.com\/wp-content\/uploads\/2020\/10\/RAT-Halloween-2020-02-640x640.png 640w\" alt=\"\" width=\"181\" height=\"181\" \/><p id=\"caption-attachment-27112\" class=\"wp-caption-text\">Challenge Halloween 2020 de Hilde, Lou, Bidib et Fondant #RAT gourmand d&rsquo;Halloween<\/p><\/div>\n<p><img data-recalc-dims=\"1\" loading=\"lazy\" decoding=\"async\" id=\"media-6177484\" class=\"alignleft\" title=\"\" src=\"https:\/\/i0.wp.com\/www.lelivroblog.fr\/media\/01\/00\/2925685256.jpg?resize=259%2C125\" alt=\"read-a-thon,rat halloween,rat gourmand\" width=\"259\" height=\"125\" \/><\/p>\n","protected":false},"excerpt":{"rendered":"<p>Du 9 au 11 octobre 2020 a lieu un RAT gourmand d&rsquo;Halloween organis\u00e9 par Hilde, Lou, Bidib et FondantGrignote. Il s&rsquo;agit d&rsquo;un inter-challenges entre le Challenge d&rsquo;Halloween et celui Des livres (et des \u00e9crans) en cuisine. Au menu de ce week-end, des d\u00e9fis facultatifs sont pr\u00e9vus: les d\u00e9fis classiques propos\u00e9s par Val\u00e9riane: le classique 666 [&hellip;]<\/p>\n","protected":false},"author":1,"featured_media":12833,"comment_status":"open","ping_status":"open","sticky":false,"template":"","format":"standard","meta":{"jetpack_post_was_ever_published":false,"_jetpack_newsletter_access":"","_jetpack_dont_email_post_to_subs":false,"_jetpack_newsletter_tier_id":0,"_jetpack_memberships_contains_paywalled_content":false,"_jetpack_memberships_contains_paid_content":false,"footnotes":""},"categories":[873,363],"tags":[1167,409,1365,1749,1679,339,906,367,1797],"class_list":["post-12692","post","type-post","status-publish","format-standard","has-post-thumbnail","hentry","category-mini-challenger","category-mini-lecteur","tag-8-11-ans","tag-albums-jeunesse","tag-challenge-contes-et-legendes-2020","tag-challenge-halloween-2020","tag-des-livres-et-des-ecrans-en-cuisine-2020","tag-halloween","tag-halloween-challenge","tag-lecture-jeunesse","tag-lectures-dhalloween","post-preview"],"jetpack_featured_media_url":"https:\/\/i0.wp.com\/www.jojoenherbe.com\/wp-content\/uploads\/2020\/10\/PAL-RAT-Gourmand-dHalloween-scaled.jpg?fit=2560%2C1641","jetpack_sharing_enabled":true,"jetpack_shortlink":"https:\/\/wp.me\/p9zhGx-3iI","jetpack_likes_enabled":true,"jetpack-related-posts":[{"id":13176,"url":"http:\/\/www.jojoenherbe.com\/index.php\/2020\/10\/21\/au-fil-des-pages-avec-verte\/","url_meta":{"origin":12692,"position":0},"title":"Au fil des pages avec Verte","author":"Jojo","date":"21 octobre 2020","format":false,"excerpt":"Pour le mercredi BD du Challenge Halloween du 21 octobre 2020, c'est une lecture commune avec Hilde et Blandine avec Verte, l'adaptation de son roman \u00e9ponyme. Lors du RAT gourmand d'Halloween, j'ai commenc\u00e9 par Verte de Marie Desplechin (\u00e9d. L'\u00e9cole des loisirs, 1996, r\u00e9\u00e9d. 2003), un roman jeunesse \u00e0 partir\u2026","rel":"","context":"Dans &quot;Mini lecteur&quot;","block_context":{"text":"Mini lecteur","link":"http:\/\/www.jojoenherbe.com\/index.php\/category\/mini-lecteur\/"},"img":{"alt_text":"","src":"https:\/\/i0.wp.com\/www.jojoenherbe.com\/wp-content\/uploads\/2020\/10\/Verte-scaled.jpg?fit=1200%2C1033&resize=350%2C200","width":350,"height":200,"srcset":"https:\/\/i0.wp.com\/www.jojoenherbe.com\/wp-content\/uploads\/2020\/10\/Verte-scaled.jpg?fit=1200%2C1033&resize=350%2C200 1x, https:\/\/i0.wp.com\/www.jojoenherbe.com\/wp-content\/uploads\/2020\/10\/Verte-scaled.jpg?fit=1200%2C1033&resize=525%2C300 1.5x, https:\/\/i0.wp.com\/www.jojoenherbe.com\/wp-content\/uploads\/2020\/10\/Verte-scaled.jpg?fit=1200%2C1033&resize=700%2C400 2x, https:\/\/i0.wp.com\/www.jojoenherbe.com\/wp-content\/uploads\/2020\/10\/Verte-scaled.jpg?fit=1200%2C1033&resize=1050%2C600 3x"},"classes":[]},{"id":12800,"url":"http:\/\/www.jojoenherbe.com\/index.php\/2021\/10\/23\/au-fil-des-pages-avec-cher-monstre\/","url_meta":{"origin":12692,"position":1},"title":"Au fil des pages avec Cher Monstre","author":"Jojo","date":"23 octobre 2021","format":false,"excerpt":"Nous lisons et relisons Cher Monstre d\u2019Emma Yarlett (\u00e9d. Albin Michel Jeunesse, 2019), un album jeunesse \u00e0 partir de 4 ans avec des lettres \u00e0 ouvrir. Rep\u00e9r\u00e9 chez Lou lors du Challenge Halloween 2019, je l'avais emprunt\u00e9 dans la foul\u00e9e sans le chroniquer. De m\u00eame en 2020. Alors je profite\u2026","rel":"","context":"Dans &quot;Mini lecteur&quot;","block_context":{"text":"Mini lecteur","link":"http:\/\/www.jojoenherbe.com\/index.php\/category\/mini-lecteur\/"},"img":{"alt_text":"","src":"https:\/\/i0.wp.com\/www.jojoenherbe.com\/wp-content\/uploads\/2021\/10\/Cher-monstre-3-scaled.jpg?fit=1200%2C900&resize=350%2C200","width":350,"height":200,"srcset":"https:\/\/i0.wp.com\/www.jojoenherbe.com\/wp-content\/uploads\/2021\/10\/Cher-monstre-3-scaled.jpg?fit=1200%2C900&resize=350%2C200 1x, https:\/\/i0.wp.com\/www.jojoenherbe.com\/wp-content\/uploads\/2021\/10\/Cher-monstre-3-scaled.jpg?fit=1200%2C900&resize=525%2C300 1.5x, https:\/\/i0.wp.com\/www.jojoenherbe.com\/wp-content\/uploads\/2021\/10\/Cher-monstre-3-scaled.jpg?fit=1200%2C900&resize=700%2C400 2x, https:\/\/i0.wp.com\/www.jojoenherbe.com\/wp-content\/uploads\/2021\/10\/Cher-monstre-3-scaled.jpg?fit=1200%2C900&resize=1050%2C600 3x"},"classes":[]},{"id":14000,"url":"http:\/\/www.jojoenherbe.com\/index.php\/2020\/11\/19\/au-fil-des-pages-avec-le-petit-ogre-veut-aller-a-lecole\/","url_meta":{"origin":12692,"position":2},"title":"Au fil des pages avec Le petit ogre veut aller \u00e0 l&rsquo;\u00e9cole","author":"Jojo","date":"19 novembre 2020","format":false,"excerpt":"Nous lisons, dans nos derniers emprunts \u00e0 la m\u00e9diath\u00e8que, Le petit ogre veut aller \u00e0 l'\u00e9cole de Marie-Agn\u00e8s Gaudrat et David Parkins (\u00e9d. Bayard Jeunesse, coll. Les Belles Histoires, 2007), un album jeunesse \u00e0 partir de 3 ans et qui a \u00e9t\u00e9 laur\u00e9at de la s\u00e9lection CP du 13\u00e8me Prix\u2026","rel":"","context":"Dans &quot;Mini lecteur&quot;","block_context":{"text":"Mini lecteur","link":"http:\/\/www.jojoenherbe.com\/index.php\/category\/mini-lecteur\/"},"img":{"alt_text":"","src":"https:\/\/i0.wp.com\/www.jojoenherbe.com\/wp-content\/uploads\/2020\/10\/Le-petit-ogre-veut-aller-a-lecole-scaled.jpg?fit=1200%2C900&resize=350%2C200","width":350,"height":200,"srcset":"https:\/\/i0.wp.com\/www.jojoenherbe.com\/wp-content\/uploads\/2020\/10\/Le-petit-ogre-veut-aller-a-lecole-scaled.jpg?fit=1200%2C900&resize=350%2C200 1x, https:\/\/i0.wp.com\/www.jojoenherbe.com\/wp-content\/uploads\/2020\/10\/Le-petit-ogre-veut-aller-a-lecole-scaled.jpg?fit=1200%2C900&resize=525%2C300 1.5x, https:\/\/i0.wp.com\/www.jojoenherbe.com\/wp-content\/uploads\/2020\/10\/Le-petit-ogre-veut-aller-a-lecole-scaled.jpg?fit=1200%2C900&resize=700%2C400 2x, https:\/\/i0.wp.com\/www.jojoenherbe.com\/wp-content\/uploads\/2020\/10\/Le-petit-ogre-veut-aller-a-lecole-scaled.jpg?fit=1200%2C900&resize=1050%2C600 3x"},"classes":[]},{"id":28715,"url":"http:\/\/www.jojoenherbe.com\/index.php\/2023\/09\/27\/au-fil-des-pages-avec-le-tome-8-des-quiquoi\/","url_meta":{"origin":12692,"position":3},"title":"Au fil des pages avec le tome 8 des Quiquoi","author":"Jojo","date":"27 septembre 2023","format":false,"excerpt":"Nous lisons et relisons encore cette ann\u00e9e le tome 8 des Quiquoi, Les Quiquoi et la v\u00e9ritable histoire d\u2019Halloween (\u00e0 peu pr\u00e8s) de Laurent Rivelaygue et Olivier Tallec (\u00e9d. Actes Sud Junior, 2022, 32 pages), une BD jeunesse au format \u00e0 l\u2019italienne et \u00e0 partir de 6 ans. En ce\u2026","rel":"","context":"Dans &quot;Mini lecteur&quot;","block_context":{"text":"Mini lecteur","link":"http:\/\/www.jojoenherbe.com\/index.php\/category\/mini-lecteur\/"},"img":{"alt_text":"","src":"https:\/\/i0.wp.com\/www.jojoenherbe.com\/wp-content\/uploads\/2023\/09\/Les-Quiquoi-T8-scaled.jpg?fit=1200%2C792&resize=350%2C200","width":350,"height":200,"srcset":"https:\/\/i0.wp.com\/www.jojoenherbe.com\/wp-content\/uploads\/2023\/09\/Les-Quiquoi-T8-scaled.jpg?fit=1200%2C792&resize=350%2C200 1x, https:\/\/i0.wp.com\/www.jojoenherbe.com\/wp-content\/uploads\/2023\/09\/Les-Quiquoi-T8-scaled.jpg?fit=1200%2C792&resize=525%2C300 1.5x, https:\/\/i0.wp.com\/www.jojoenherbe.com\/wp-content\/uploads\/2023\/09\/Les-Quiquoi-T8-scaled.jpg?fit=1200%2C792&resize=700%2C400 2x, https:\/\/i0.wp.com\/www.jojoenherbe.com\/wp-content\/uploads\/2023\/09\/Les-Quiquoi-T8-scaled.jpg?fit=1200%2C792&resize=1050%2C600 3x"},"classes":[]},{"id":14833,"url":"http:\/\/www.jojoenherbe.com\/index.php\/2021\/01\/05\/au-fil-des-pages-avec-lucien-le-magicien\/","url_meta":{"origin":12692,"position":4},"title":"Au fil des pages avec Lucien le magicien","author":"Jojo","date":"5 janvier 2021","format":false,"excerpt":"Lors de l'\u00e9dition 2020 du Challenge Halloween, nous avons lu et relu un album jeunesse emprunt\u00e9 pour l'occasion \u00e0 la m\u00e9diath\u00e8que: Lucien le magicien d\u2019Anne Loyer et Marjorie B\u00e9al (\u00e9d. Tourbillon, coll. Premi\u00e8res histoires des petits, 2014), un album jeunesse cartonn\u00e9 pour les tout-petits. Lucien est un petit gar\u00e7on espi\u00e8gle\u2026","rel":"","context":"Dans &quot;Mini lecteur&quot;","block_context":{"text":"Mini lecteur","link":"http:\/\/www.jojoenherbe.com\/index.php\/category\/mini-lecteur\/"},"img":{"alt_text":"","src":"https:\/\/i0.wp.com\/www.jojoenherbe.com\/wp-content\/uploads\/2021\/01\/Lucien-le-magicien-scaled.jpg?fit=1200%2C802&resize=350%2C200","width":350,"height":200,"srcset":"https:\/\/i0.wp.com\/www.jojoenherbe.com\/wp-content\/uploads\/2021\/01\/Lucien-le-magicien-scaled.jpg?fit=1200%2C802&resize=350%2C200 1x, https:\/\/i0.wp.com\/www.jojoenherbe.com\/wp-content\/uploads\/2021\/01\/Lucien-le-magicien-scaled.jpg?fit=1200%2C802&resize=525%2C300 1.5x, https:\/\/i0.wp.com\/www.jojoenherbe.com\/wp-content\/uploads\/2021\/01\/Lucien-le-magicien-scaled.jpg?fit=1200%2C802&resize=700%2C400 2x, https:\/\/i0.wp.com\/www.jojoenherbe.com\/wp-content\/uploads\/2021\/01\/Lucien-le-magicien-scaled.jpg?fit=1200%2C802&resize=1050%2C600 3x"},"classes":[]},{"id":33387,"url":"http:\/\/www.jojoenherbe.com\/index.php\/2023\/12\/05\/au-fil-des-pages-avec-un-monstre-tres-special\/","url_meta":{"origin":12692,"position":5},"title":"Au fil des pages avec Un monstre tr\u00e8s sp\u00e9cial","author":"Jojo","date":"5 d\u00e9cembre 2023","format":false,"excerpt":"Fin novembre 2023, dans nos derni\u00e8res lectures halloweenesques, nous avons lu et relu Un monstre tr\u00e8s sp\u00e9cial de Patrick McDonnell (\u00e9d. Circonflexe, septembre 2023, 32 pages), un album jeunesse joliment illustr\u00e9 et \u00e0 partir de 3 ans. Bougon, Grognon et Ronchon passent leur temps \u00e0 se disputer pour savoir quel\u2026","rel":"","context":"Dans &quot;Mini lecteur&quot;","block_context":{"text":"Mini lecteur","link":"http:\/\/www.jojoenherbe.com\/index.php\/category\/mini-lecteur\/"},"img":{"alt_text":"","src":"https:\/\/i0.wp.com\/www.jojoenherbe.com\/wp-content\/uploads\/2023\/12\/Un-monstre-tres-special-scaled.jpg?fit=1200%2C1149&resize=350%2C200","width":350,"height":200,"srcset":"https:\/\/i0.wp.com\/www.jojoenherbe.com\/wp-content\/uploads\/2023\/12\/Un-monstre-tres-special-scaled.jpg?fit=1200%2C1149&resize=350%2C200 1x, https:\/\/i0.wp.com\/www.jojoenherbe.com\/wp-content\/uploads\/2023\/12\/Un-monstre-tres-special-scaled.jpg?fit=1200%2C1149&resize=525%2C300 1.5x, https:\/\/i0.wp.com\/www.jojoenherbe.com\/wp-content\/uploads\/2023\/12\/Un-monstre-tres-special-scaled.jpg?fit=1200%2C1149&resize=700%2C400 2x, https:\/\/i0.wp.com\/www.jojoenherbe.com\/wp-content\/uploads\/2023\/12\/Un-monstre-tres-special-scaled.jpg?fit=1200%2C1149&resize=1050%2C600 3x"},"classes":[]}],"_links":{"self":[{"href":"http:\/\/www.jojoenherbe.com\/index.php\/wp-json\/wp\/v2\/posts\/12692","targetHints":{"allow":["GET"]}}],"collection":[{"href":"http:\/\/www.jojoenherbe.com\/index.php\/wp-json\/wp\/v2\/posts"}],"about":[{"href":"http:\/\/www.jojoenherbe.com\/index.php\/wp-json\/wp\/v2\/types\/post"}],"author":[{"embeddable":true,"href":"http:\/\/www.jojoenherbe.com\/index.php\/wp-json\/wp\/v2\/users\/1"}],"replies":[{"embeddable":true,"href":"http:\/\/www.jojoenherbe.com\/index.php\/wp-json\/wp\/v2\/comments?post=12692"}],"version-history":[{"count":0,"href":"http:\/\/www.jojoenherbe.com\/index.php\/wp-json\/wp\/v2\/posts\/12692\/revisions"}],"wp:featuredmedia":[{"embeddable":true,"href":"http:\/\/www.jojoenherbe.com\/index.php\/wp-json\/wp\/v2\/media\/12833"}],"wp:attachment":[{"href":"http:\/\/www.jojoenherbe.com\/index.php\/wp-json\/wp\/v2\/media?parent=12692"}],"wp:term":[{"taxonomy":"category","embeddable":true,"href":"http:\/\/www.jojoenherbe.com\/index.php\/wp-json\/wp\/v2\/categories?post=12692"},{"taxonomy":"post_tag","embeddable":true,"href":"http:\/\/www.jojoenherbe.com\/index.php\/wp-json\/wp\/v2\/tags?post=12692"}],"curies":[{"name":"wp","href":"https:\/\/api.w.org\/{rel}","templated":true}]}}