{"id":12690,"date":"2020-10-05T10:55:57","date_gmt":"2020-10-05T08:55:57","guid":{"rendered":"http:\/\/www.jojoenherbe.com\/?p=12690"},"modified":"2020-10-05T11:08:56","modified_gmt":"2020-10-05T09:08:56","slug":"au-fil-des-pages-avec-le-train-fantome","status":"publish","type":"post","link":"http:\/\/www.jojoenherbe.com\/index.php\/2020\/10\/05\/au-fil-des-pages-avec-le-train-fantome\/","title":{"rendered":"Au fil des pages avec Le train fant\u00f4me"},"content":{"rendered":"<p style=\"text-align: justify;\"><em><a href=\"https:\/\/i0.wp.com\/www.jojoenherbe.com\/wp-content\/uploads\/2020\/10\/Le-train-fantome-2-scaled.jpg\"><img data-recalc-dims=\"1\" loading=\"lazy\" decoding=\"async\" data-attachment-id=\"12705\" data-permalink=\"http:\/\/www.jojoenherbe.com\/index.php\/2020\/10\/05\/au-fil-des-pages-avec-le-train-fantome\/le-train-fantome-2\/\" data-orig-file=\"https:\/\/i0.wp.com\/www.jojoenherbe.com\/wp-content\/uploads\/2020\/10\/Le-train-fantome-2-scaled.jpg?fit=2560%2C1920\" data-orig-size=\"2560,1920\" data-comments-opened=\"1\" data-image-meta=\"{&quot;aperture&quot;:&quot;1.8&quot;,&quot;credit&quot;:&quot;&quot;,&quot;camera&quot;:&quot;iPhone 7&quot;,&quot;caption&quot;:&quot;&quot;,&quot;created_timestamp&quot;:&quot;1601893910&quot;,&quot;copyright&quot;:&quot;&quot;,&quot;focal_length&quot;:&quot;3.99&quot;,&quot;iso&quot;:&quot;100&quot;,&quot;shutter_speed&quot;:&quot;0.071428571428571&quot;,&quot;title&quot;:&quot;&quot;,&quot;orientation&quot;:&quot;1&quot;}\" data-image-title=\"Le train fant\u00f4me 2\" data-image-description=\"\" data-image-caption=\"\" data-large-file=\"https:\/\/i0.wp.com\/www.jojoenherbe.com\/wp-content\/uploads\/2020\/10\/Le-train-fantome-2-scaled.jpg?fit=676%2C507\" class=\"alignleft size-thumbnail wp-image-12705\" src=\"https:\/\/i0.wp.com\/www.jojoenherbe.com\/wp-content\/uploads\/2020\/10\/Le-train-fantome-2.jpg?resize=150%2C150\" alt=\"\" width=\"150\" height=\"150\" srcset=\"https:\/\/i0.wp.com\/www.jojoenherbe.com\/wp-content\/uploads\/2020\/10\/Le-train-fantome-2-scaled.jpg?resize=150%2C150 150w, https:\/\/i0.wp.com\/www.jojoenherbe.com\/wp-content\/uploads\/2020\/10\/Le-train-fantome-2-scaled.jpg?zoom=2&amp;resize=150%2C150 300w, https:\/\/i0.wp.com\/www.jojoenherbe.com\/wp-content\/uploads\/2020\/10\/Le-train-fantome-2-scaled.jpg?zoom=3&amp;resize=150%2C150 450w\" sizes=\"auto, (max-width: 150px) 100vw, 150px\" \/><\/a> <a href=\"https:\/\/i0.wp.com\/www.jojoenherbe.com\/wp-content\/uploads\/2020\/10\/Le-train-fantome-3-scaled.jpg\"><img data-recalc-dims=\"1\" loading=\"lazy\" decoding=\"async\" data-attachment-id=\"12706\" data-permalink=\"http:\/\/www.jojoenherbe.com\/index.php\/2020\/10\/05\/au-fil-des-pages-avec-le-train-fantome\/le-train-fantome-3\/\" data-orig-file=\"https:\/\/i0.wp.com\/www.jojoenherbe.com\/wp-content\/uploads\/2020\/10\/Le-train-fantome-3-scaled.jpg?fit=2560%2C1920\" data-orig-size=\"2560,1920\" data-comments-opened=\"1\" data-image-meta=\"{&quot;aperture&quot;:&quot;1.8&quot;,&quot;credit&quot;:&quot;&quot;,&quot;camera&quot;:&quot;iPhone 7&quot;,&quot;caption&quot;:&quot;&quot;,&quot;created_timestamp&quot;:&quot;1601893951&quot;,&quot;copyright&quot;:&quot;&quot;,&quot;focal_length&quot;:&quot;3.99&quot;,&quot;iso&quot;:&quot;100&quot;,&quot;shutter_speed&quot;:&quot;0.071428571428571&quot;,&quot;title&quot;:&quot;&quot;,&quot;orientation&quot;:&quot;1&quot;}\" data-image-title=\"Le train fant\u00f4me 3\" data-image-description=\"\" data-image-caption=\"\" data-large-file=\"https:\/\/i0.wp.com\/www.jojoenherbe.com\/wp-content\/uploads\/2020\/10\/Le-train-fantome-3-scaled.jpg?fit=676%2C507\" class=\"alignleft size-thumbnail wp-image-12706\" src=\"https:\/\/i0.wp.com\/www.jojoenherbe.com\/wp-content\/uploads\/2020\/10\/Le-train-fantome-3.jpg?resize=150%2C150\" alt=\"\" width=\"150\" height=\"150\" srcset=\"https:\/\/i0.wp.com\/www.jojoenherbe.com\/wp-content\/uploads\/2020\/10\/Le-train-fantome-3-scaled.jpg?resize=150%2C150 150w, https:\/\/i0.wp.com\/www.jojoenherbe.com\/wp-content\/uploads\/2020\/10\/Le-train-fantome-3-scaled.jpg?zoom=2&amp;resize=150%2C150 300w, https:\/\/i0.wp.com\/www.jojoenherbe.com\/wp-content\/uploads\/2020\/10\/Le-train-fantome-3-scaled.jpg?zoom=3&amp;resize=150%2C150 450w\" sizes=\"auto, (max-width: 150px) 100vw, 150px\" \/><\/a>J&#8217;emprunte \u00e0 la m\u00e9diath\u00e8que pour le Challenge Halloween 2020 un album jeunesse que j&rsquo;avais rep\u00e9r\u00e9 lors du challenge de l&rsquo;ann\u00e9e derni\u00e8re: <span style=\"text-decoration: underline;\">Le train fant\u00f4me<\/span> de Didier L\u00e9vy et Pierre Vaquez (\u00e9d. Sarbacane, 2019), un album jeunesse \u00e0 partir de 7 ans selon l&rsquo;\u00e9diteur. Lina, une petite fille de 8 ans part \u00e0 la recherche de son grand fr\u00e8re adolescent, Jonas, qui s&rsquo;est enfui de la maison apr\u00e8s une \u00e9ni\u00e8me dispute avec leurs parents. Le trouvera-t-elle dans l&rsquo;ancienne f\u00eate foraine abandonn\u00e9e o\u00f9 il a l&rsquo;habitude d&rsquo;aller? S&rsquo;y rendant, elle monte dans un wagon d&rsquo;un \u00e9trange train fant\u00f4me.<\/em><\/p>\n<p style=\"text-align: justify;\"><em>Les illustrations en noir et blanc de Pierre Vaquez sont magnifiques et sombres, rendant plus dramatique et cauchemardesque le parcours de la petite fille pour retrouver son fr\u00e8re sain et sauf. La petite fille est pleine de vie et tr\u00e8s courageuse, puisant sa force dans l&rsquo;amour qui l&rsquo;unit \u00e0 son fr\u00e8re a\u00een\u00e9. Derri\u00e8re cette recherche, l&rsquo;histoire aborde un th\u00e8me plus difficile et qui ne sera pas forc\u00e9ment compris par les plus jeunes lecteurs, le mal-\u00eatre de Jonas, sa fugue et sa tentative de suicide. Un tr\u00e8s bon moment de lecture malgr\u00e9 son th\u00e8me parfait en ce mois halloweenesque!<\/em><\/p>\n<div id=\"attachment_12275\" style=\"width: 199px\" class=\"wp-caption aligncenter\"><img data-recalc-dims=\"1\" loading=\"lazy\" decoding=\"async\" aria-describedby=\"caption-attachment-12275\" data-attachment-id=\"12275\" data-permalink=\"http:\/\/www.jojoenherbe.com\/index.php\/2020\/09\/15\/ptit-recap-du-challenge-halloween-2020\/img_8586\/\" data-orig-file=\"https:\/\/i0.wp.com\/www.jojoenherbe.com\/wp-content\/uploads\/2020\/09\/IMG_8586.jpg?fit=665%2C555\" data-orig-size=\"665,555\" data-comments-opened=\"1\" data-image-meta=\"{&quot;aperture&quot;:&quot;0&quot;,&quot;credit&quot;:&quot;&quot;,&quot;camera&quot;:&quot;&quot;,&quot;caption&quot;:&quot;&quot;,&quot;created_timestamp&quot;:&quot;1599154588&quot;,&quot;copyright&quot;:&quot;&quot;,&quot;focal_length&quot;:&quot;0&quot;,&quot;iso&quot;:&quot;0&quot;,&quot;shutter_speed&quot;:&quot;0&quot;,&quot;title&quot;:&quot;&quot;,&quot;orientation&quot;:&quot;1&quot;}\" data-image-title=\"IMG_8586\" data-image-description=\"\" data-image-caption=\"\" data-large-file=\"https:\/\/i0.wp.com\/www.jojoenherbe.com\/wp-content\/uploads\/2020\/09\/IMG_8586.jpg?fit=665%2C555\" class=\"wp-image-12275\" src=\"https:\/\/i0.wp.com\/www.jojoenherbe.com\/wp-content\/uploads\/2020\/09\/IMG_8586.jpg?resize=189%2C157\" alt=\"\" width=\"189\" height=\"157\" srcset=\"https:\/\/i0.wp.com\/www.jojoenherbe.com\/wp-content\/uploads\/2020\/09\/IMG_8586.jpg?resize=300%2C250 300w, https:\/\/i0.wp.com\/www.jojoenherbe.com\/wp-content\/uploads\/2020\/09\/IMG_8586.jpg?w=665 665w\" sizes=\"auto, (max-width: 189px) 100vw, 189px\" \/><p id=\"caption-attachment-12275\" class=\"wp-caption-text\">Challenge Halloween de <a href=\"http:\/\/www.lelivroblog.fr\/archive\/2020\/09\/08\/le-challenge-halloween-2020-6262057.html\">Hilde<\/a> et <a href=\"http:\/\/www.myloubook.com\/2020\/09\/08\/challenge-halloween-2020-rendez-vous-pour-nos-11-ans\/\">Lou<\/a> #Monstres et fant\u00f4mes<\/p><\/div>\n","protected":false},"excerpt":{"rendered":"<p>J&#8217;emprunte \u00e0 la m\u00e9diath\u00e8que pour le Challenge Halloween 2020 un album jeunesse que j&rsquo;avais rep\u00e9r\u00e9 lors du challenge de l&rsquo;ann\u00e9e derni\u00e8re: Le train fant\u00f4me de Didier L\u00e9vy et Pierre Vaquez (\u00e9d. Sarbacane, 2019), un album jeunesse \u00e0 partir de 7 ans selon l&rsquo;\u00e9diteur. Lina, une petite fille de 8 ans part \u00e0 la recherche de [&hellip;]<\/p>\n","protected":false},"author":1,"featured_media":12707,"comment_status":"open","ping_status":"open","sticky":false,"template":"","format":"standard","meta":{"jetpack_post_was_ever_published":false,"_jetpack_newsletter_access":"","_jetpack_dont_email_post_to_subs":false,"_jetpack_newsletter_tier_id":0,"_jetpack_memberships_contains_paywalled_content":false,"_jetpack_memberships_contains_paid_content":false,"footnotes":""},"categories":[363],"tags":[790,409,1832,1749,901,1829,843,341,811,1831,1797,770,980,1830,1409,1833,1828],"class_list":["post-12690","post","type-post","status-publish","format-standard","has-post-thumbnail","hentry","category-mini-lecteur","tag-7-13-ans","tag-albums-jeunesse","tag-cauchemars","tag-challenge-halloween-2020","tag-courage","tag-didier-levy","tag-fantastique","tag-fantome","tag-fratrie","tag-fugue","tag-lectures-dhalloween","tag-monstre","tag-mort","tag-pierre-vaquez","tag-relation-parent-enfant","tag-suicide","tag-train-fantome","post-preview"],"jetpack_featured_media_url":"https:\/\/i0.wp.com\/www.jojoenherbe.com\/wp-content\/uploads\/2020\/10\/Le-train-fantome-scaled.jpg?fit=2560%2C1920","jetpack_sharing_enabled":true,"jetpack_shortlink":"https:\/\/wp.me\/p9zhGx-3iG","jetpack_likes_enabled":true,"jetpack-related-posts":[{"id":13089,"url":"http:\/\/www.jojoenherbe.com\/index.php\/2020\/10\/20\/notre-selection-fantomes-pour-le-challenge-halloween\/","url_meta":{"origin":12690,"position":0},"title":"Notre s\u00e9lection \u00ab\u00a0Fant\u00f4mes\u00a0\u00bb pour le Challenge Halloween","author":"Jojo","date":"20 octobre 2020","format":false,"excerpt":"Pour le Challenge Halloween 2020, je continue mes s\u00e9lections suivant les cr\u00e9atures halloweenesques que nous pouvons croiser. Apr\u00e8s les sorci\u00e8res et les ogres, voici notre s\u00e9lection \"Fant\u00f4mes\". Des albums jeunesse: Oscar le fant\u00f4me d'Andr\u00e9 Bouchard (\u00e9d. Saltimbanque, 2018), un album jeunesse \u00e0 partir de 3 ans selon l'\u00e9diteur mais, selon\u2026","rel":"","context":"Dans &quot;Mini challenger&quot;","block_context":{"text":"Mini challenger","link":"http:\/\/www.jojoenherbe.com\/index.php\/category\/mini-challenger\/"},"img":{"alt_text":"","src":"https:\/\/i0.wp.com\/www.jojoenherbe.com\/wp-content\/uploads\/2020\/10\/Selection-Fantomes-scaled.jpg?fit=1200%2C900&resize=350%2C200","width":350,"height":200,"srcset":"https:\/\/i0.wp.com\/www.jojoenherbe.com\/wp-content\/uploads\/2020\/10\/Selection-Fantomes-scaled.jpg?fit=1200%2C900&resize=350%2C200 1x, https:\/\/i0.wp.com\/www.jojoenherbe.com\/wp-content\/uploads\/2020\/10\/Selection-Fantomes-scaled.jpg?fit=1200%2C900&resize=525%2C300 1.5x, https:\/\/i0.wp.com\/www.jojoenherbe.com\/wp-content\/uploads\/2020\/10\/Selection-Fantomes-scaled.jpg?fit=1200%2C900&resize=700%2C400 2x, https:\/\/i0.wp.com\/www.jojoenherbe.com\/wp-content\/uploads\/2020\/10\/Selection-Fantomes-scaled.jpg?fit=1200%2C900&resize=1050%2C600 3x"},"classes":[]},{"id":12274,"url":"http:\/\/www.jojoenherbe.com\/index.php\/2020\/09\/15\/ptit-recap-du-challenge-halloween-2020\/","url_meta":{"origin":12690,"position":1},"title":"Billet de suivi: Challenge Halloween 2020","author":"Jojo","date":"15 septembre 2020","format":false,"excerpt":"Comme l'ann\u00e9e derni\u00e8re, je participe du 15 septembre au 15 d\u00e9cembre 2020 au Challenge Halloween organis\u00e9 par Hilde et Lou. D\u00e8s le 15 septembre, elles ouvrent les portes de leur manoir pour deux mois halloweenesques. le challenge commence en douceur par un d\u00e9poussi\u00e9rage de PAL et premi\u00e8res suggestions et ambiances\u2026","rel":"","context":"Dans &quot;Mini challenger&quot;","block_context":{"text":"Mini challenger","link":"http:\/\/www.jojoenherbe.com\/index.php\/category\/mini-challenger\/"},"img":{"alt_text":"","src":"https:\/\/i0.wp.com\/www.jojoenherbe.com\/wp-content\/uploads\/2020\/09\/Challenge-Halloween-2020-scaled.jpg?fit=1200%2C1187&resize=350%2C200","width":350,"height":200,"srcset":"https:\/\/i0.wp.com\/www.jojoenherbe.com\/wp-content\/uploads\/2020\/09\/Challenge-Halloween-2020-scaled.jpg?fit=1200%2C1187&resize=350%2C200 1x, https:\/\/i0.wp.com\/www.jojoenherbe.com\/wp-content\/uploads\/2020\/09\/Challenge-Halloween-2020-scaled.jpg?fit=1200%2C1187&resize=525%2C300 1.5x, https:\/\/i0.wp.com\/www.jojoenherbe.com\/wp-content\/uploads\/2020\/09\/Challenge-Halloween-2020-scaled.jpg?fit=1200%2C1187&resize=700%2C400 2x, https:\/\/i0.wp.com\/www.jojoenherbe.com\/wp-content\/uploads\/2020\/09\/Challenge-Halloween-2020-scaled.jpg?fit=1200%2C1187&resize=1050%2C600 3x"},"classes":[]},{"id":7801,"url":"http:\/\/www.jojoenherbe.com\/index.php\/2019\/10\/08\/au-fil-des-pages-avec-le-fantome-de-lopera\/","url_meta":{"origin":12690,"position":2},"title":"Au fil des pages avec Le Fant\u00f4me de l&rsquo;Op\u00e9ra","author":"Jojo","date":"8 octobre 2019","format":false,"excerpt":"Dans le cadre du Halloween Challenge de Hilde et Lou et plus particuli\u00e8rement des trois jours consacr\u00e9s aux monstres et cr\u00e9atures (du 7 au 9 octobre 2019), nous empruntons \u00e0 la biblioth\u00e8que Le Fant\u00f4me de l'Op\u00e9ra de Fabrice Boulanger (\u00e9d. de la Bagnole, 2015), un album jeunesse pour les 6-9\u2026","rel":"","context":"Dans &quot;Mini lecteur&quot;","block_context":{"text":"Mini lecteur","link":"http:\/\/www.jojoenherbe.com\/index.php\/category\/mini-lecteur\/"},"img":{"alt_text":"","src":"https:\/\/i0.wp.com\/www.jojoenherbe.com\/wp-content\/uploads\/2019\/10\/Le-Fant%C3%B4me-de-lOp%C3%A9ra-1.jpg?fit=1200%2C990&resize=350%2C200","width":350,"height":200,"srcset":"https:\/\/i0.wp.com\/www.jojoenherbe.com\/wp-content\/uploads\/2019\/10\/Le-Fant%C3%B4me-de-lOp%C3%A9ra-1.jpg?fit=1200%2C990&resize=350%2C200 1x, https:\/\/i0.wp.com\/www.jojoenherbe.com\/wp-content\/uploads\/2019\/10\/Le-Fant%C3%B4me-de-lOp%C3%A9ra-1.jpg?fit=1200%2C990&resize=525%2C300 1.5x, https:\/\/i0.wp.com\/www.jojoenherbe.com\/wp-content\/uploads\/2019\/10\/Le-Fant%C3%B4me-de-lOp%C3%A9ra-1.jpg?fit=1200%2C990&resize=700%2C400 2x, https:\/\/i0.wp.com\/www.jojoenherbe.com\/wp-content\/uploads\/2019\/10\/Le-Fant%C3%B4me-de-lOp%C3%A9ra-1.jpg?fit=1200%2C990&resize=1050%2C600 3x"},"classes":[]},{"id":7656,"url":"http:\/\/www.jojoenherbe.com\/index.php\/2019\/09\/28\/au-fil-des-pages-avec-une-maison-a-hanter\/","url_meta":{"origin":12690,"position":3},"title":"Au fil des pages avec Une maison \u00e0 hanter","author":"Jojo","date":"28 septembre 2019","format":false,"excerpt":"Dans le cadre du Halloween Challenge 2019 organis\u00e9 par Lou et Hilde en duo le samedi matin avec le challenge Je lis aussi des albums de Sophie H\u00e9risson, nous empruntons \u00e0 la biblioth\u00e8que Une maison \u00e0 hanter de Morgane de Cadier et Florian Pig\u00e9 (\u00e9d. Balivernes, 2016), un album jeunesse\u2026","rel":"","context":"Dans &quot;Mini lecteur&quot;","block_context":{"text":"Mini lecteur","link":"http:\/\/www.jojoenherbe.com\/index.php\/category\/mini-lecteur\/"},"img":{"alt_text":"","src":"https:\/\/i0.wp.com\/www.jojoenherbe.com\/wp-content\/uploads\/2019\/09\/Une-maison-%C3%A0-hanter.jpg?fit=1200%2C1162&resize=350%2C200","width":350,"height":200,"srcset":"https:\/\/i0.wp.com\/www.jojoenherbe.com\/wp-content\/uploads\/2019\/09\/Une-maison-%C3%A0-hanter.jpg?fit=1200%2C1162&resize=350%2C200 1x, https:\/\/i0.wp.com\/www.jojoenherbe.com\/wp-content\/uploads\/2019\/09\/Une-maison-%C3%A0-hanter.jpg?fit=1200%2C1162&resize=525%2C300 1.5x, https:\/\/i0.wp.com\/www.jojoenherbe.com\/wp-content\/uploads\/2019\/09\/Une-maison-%C3%A0-hanter.jpg?fit=1200%2C1162&resize=700%2C400 2x, https:\/\/i0.wp.com\/www.jojoenherbe.com\/wp-content\/uploads\/2019\/09\/Une-maison-%C3%A0-hanter.jpg?fit=1200%2C1162&resize=1050%2C600 3x"},"classes":[]},{"id":7733,"url":"http:\/\/www.jojoenherbe.com\/index.php\/2019\/10\/05\/au-fil-des-pages-avec-oscar-le-fantome\/","url_meta":{"origin":12690,"position":4},"title":"Au fil des pages avec Oscar le fant\u00f4me","author":"Jojo","date":"5 octobre 2019","format":false,"excerpt":"Dans le cadre du Halloween Challenge 2019 organis\u00e9 par Lou et Hilde en duo le samedi matin avec le challenge Je lis aussi des albums de Sophie H\u00e9risson, nous empruntons \u00e0 la biblioth\u00e8que Oscar le fant\u00f4me d'Andr\u00e9 Bouchard (\u00e9d. Saltimbanque, 2018), un album jeunesse \u00e0 partir de 3 ans selon\u2026","rel":"","context":"Dans &quot;Mini lecteur&quot;","block_context":{"text":"Mini lecteur","link":"http:\/\/www.jojoenherbe.com\/index.php\/category\/mini-lecteur\/"},"img":{"alt_text":"","src":"https:\/\/i0.wp.com\/www.jojoenherbe.com\/wp-content\/uploads\/2019\/10\/Oscar-le-fant%C3%B4me.jpg?fit=1200%2C1165&resize=350%2C200","width":350,"height":200,"srcset":"https:\/\/i0.wp.com\/www.jojoenherbe.com\/wp-content\/uploads\/2019\/10\/Oscar-le-fant%C3%B4me.jpg?fit=1200%2C1165&resize=350%2C200 1x, https:\/\/i0.wp.com\/www.jojoenherbe.com\/wp-content\/uploads\/2019\/10\/Oscar-le-fant%C3%B4me.jpg?fit=1200%2C1165&resize=525%2C300 1.5x, https:\/\/i0.wp.com\/www.jojoenherbe.com\/wp-content\/uploads\/2019\/10\/Oscar-le-fant%C3%B4me.jpg?fit=1200%2C1165&resize=700%2C400 2x, https:\/\/i0.wp.com\/www.jojoenherbe.com\/wp-content\/uploads\/2019\/10\/Oscar-le-fant%C3%B4me.jpg?fit=1200%2C1165&resize=1050%2C600 3x"},"classes":[]},{"id":7742,"url":"http:\/\/www.jojoenherbe.com\/index.php\/2019\/10\/01\/au-fil-des-pages-avec-la-fiancee-du-fantome\/","url_meta":{"origin":12690,"position":5},"title":"Au fil des pages avec La fianc\u00e9e du fant\u00f4me","author":"Jojo","date":"1 octobre 2019","format":false,"excerpt":"Dans le cadre du Halloween Challenge 2019 organis\u00e9 par Lou et Hilde, nous empruntons \u00e0 la biblioth\u00e8que La fianc\u00e9e du fant\u00f4me de Malika Ferdjoukh (\u00e9d. L'\u00e9cole des loisirs, 2013), un roman jeunesse \u00e0 partir de 6 ou 7 ans. Avec un style interpelant le jeune lecteur, ce roman nous met\u2026","rel":"","context":"Dans &quot;Mini lecteur&quot;","block_context":{"text":"Mini lecteur","link":"http:\/\/www.jojoenherbe.com\/index.php\/category\/mini-lecteur\/"},"img":{"alt_text":"","src":"https:\/\/i0.wp.com\/www.jojoenherbe.com\/wp-content\/uploads\/2019\/10\/La-fianc%C3%A9e-du-fant%C3%B4me-1.jpg?fit=1200%2C1085&resize=350%2C200","width":350,"height":200,"srcset":"https:\/\/i0.wp.com\/www.jojoenherbe.com\/wp-content\/uploads\/2019\/10\/La-fianc%C3%A9e-du-fant%C3%B4me-1.jpg?fit=1200%2C1085&resize=350%2C200 1x, https:\/\/i0.wp.com\/www.jojoenherbe.com\/wp-content\/uploads\/2019\/10\/La-fianc%C3%A9e-du-fant%C3%B4me-1.jpg?fit=1200%2C1085&resize=525%2C300 1.5x, https:\/\/i0.wp.com\/www.jojoenherbe.com\/wp-content\/uploads\/2019\/10\/La-fianc%C3%A9e-du-fant%C3%B4me-1.jpg?fit=1200%2C1085&resize=700%2C400 2x, https:\/\/i0.wp.com\/www.jojoenherbe.com\/wp-content\/uploads\/2019\/10\/La-fianc%C3%A9e-du-fant%C3%B4me-1.jpg?fit=1200%2C1085&resize=1050%2C600 3x"},"classes":[]}],"_links":{"self":[{"href":"http:\/\/www.jojoenherbe.com\/index.php\/wp-json\/wp\/v2\/posts\/12690","targetHints":{"allow":["GET"]}}],"collection":[{"href":"http:\/\/www.jojoenherbe.com\/index.php\/wp-json\/wp\/v2\/posts"}],"about":[{"href":"http:\/\/www.jojoenherbe.com\/index.php\/wp-json\/wp\/v2\/types\/post"}],"author":[{"embeddable":true,"href":"http:\/\/www.jojoenherbe.com\/index.php\/wp-json\/wp\/v2\/users\/1"}],"replies":[{"embeddable":true,"href":"http:\/\/www.jojoenherbe.com\/index.php\/wp-json\/wp\/v2\/comments?post=12690"}],"version-history":[{"count":0,"href":"http:\/\/www.jojoenherbe.com\/index.php\/wp-json\/wp\/v2\/posts\/12690\/revisions"}],"wp:featuredmedia":[{"embeddable":true,"href":"http:\/\/www.jojoenherbe.com\/index.php\/wp-json\/wp\/v2\/media\/12707"}],"wp:attachment":[{"href":"http:\/\/www.jojoenherbe.com\/index.php\/wp-json\/wp\/v2\/media?parent=12690"}],"wp:term":[{"taxonomy":"category","embeddable":true,"href":"http:\/\/www.jojoenherbe.com\/index.php\/wp-json\/wp\/v2\/categories?post=12690"},{"taxonomy":"post_tag","embeddable":true,"href":"http:\/\/www.jojoenherbe.com\/index.php\/wp-json\/wp\/v2\/tags?post=12690"}],"curies":[{"name":"wp","href":"https:\/\/api.w.org\/{rel}","templated":true}]}}